{"id":4752,"date":"2011-11-03T00:00:00","date_gmt":"2011-11-02T23:00:00","guid":{"rendered":""},"modified":"2016-03-04T11:18:26","modified_gmt":"2016-03-04T10:18:26","slug":"assisi-c-chi-ancora-non-capisce","status":"publish","type":"post","link":"https:\/\/www.rassegnastampa-totustuus.it\/cattolica\/assisi-c-chi-ancora-non-capisce\/","title":{"rendered":"Assisi. C\u2019&egrave; chi ancora non capisce"},"content":{"rendered":"<div style=\"text-align: center;\"><strong><img loading=\"lazy\" decoding=\"async\" class=\"alignleft wp-image-31438\" src=\"https:\/\/www.rassegnastampa-totustuus.it\/cattolica\/wp-content\/uploads\/2011\/11\/Assisi_2011.jpg\" alt=\"Assisi_2011\" width=\"250\" height=\"166\" \/>La Bussola quotidiana<\/strong> 31 ottobre 2011<\/div>\n<p style=\"text-align: center;\">di <strong>Massimo Introvigne<\/strong><\/p>\n<p style=\"text-align: justify;\">Ricevendo in Vaticano i partecipanti all&#8217;incontro di Assisi il Papa il 28 ottobre ha avuto ancora l&#8217;occasione di chiarire il senso dell&#8217;evento. A credere ai vaticanisti, Benedetto XVI legge quotidianamente una rassegna stampa, e se lo ha fatto dopo Assisi deve essere rimasto piuttosto depresso.<\/p>\n<p><!--more--><\/p>\n<div style=\"text-align: justify;\">Ci sono molte benemerite eccezioni, ma un certo tipo di stampa &#8211; parte di un circuito dove tutti si conoscono, da \u00abRepubblica\u00bb al \u00abNew York Times\u00bb &#8211; ha dato rilievo quasi solo alla \u00abvergogna\u00bb espressa dal Papa per il contributo che anche i cristiani hanno talora dato nella storia all&#8217;uso della violenza giustificata dalla religione.<\/div>\n<p style=\"text-align: justify;\">\u00c8 normale che i giornali laicisti non conoscano la differenza nella dottrina sociale della Chiesa fra la forza, che in certe condizioni \u00e8 lecito e perfino doveroso per il cristiano utilizzare, e la violenza, che \u00e8 per definizione uso ingiustificato o sproporzionato della forza, come tale peccaminoso.<\/p>\n<p style=\"text-align: justify;\"><strong>Ma non c&#8217;\u00e8 buona fede quando sfugge il contesto del discorso<\/strong>, che appartiene al genere letterario dell&#8217;intervento a Ratisbona del 12 settembre 2006, del recente discorso al Parlamento Federale tedesco e dell&#8217;enciclica del 2007 \u00abSpe salvi\u00bb. C&#8217;\u00e8 un filo rosso che lega questi interventi del Papa. Il mondo \u00e8 minacciato dalla violenza, come sa dagli orrori del secolo XX e dal campanello di allarme dell&#8217;11 settembre 2001. Questa violenza \u00e8 perpetrata in nome di religioni e ideologie tra loro inconciliabili. Cercare un fondo comune tra religioni e filosofie incompatibili pu\u00f2 portare a organizzare eventi e convegni che nel peggiore dei casi alimentano il sincretismo e il relativismo, nel migliore sono puri esercizi intellettuali, perch\u00e9 queste visioni del mondo seguono linee parallele che, anche prolungate all&#8217;infinito, non s&#8217;incontrano mai.<\/p>\n<p style=\"text-align: justify;\"><strong>Riprendendo la grande lezione dell&#8217;enciclica <\/strong><em><strong>Fides et ratio<\/strong><\/em><strong> del beato Giovanni Paolo II (<\/strong>1920-2005), secondo cui la persona e la societ\u00e0 sono come aerei con due ali, fede e ragione, e possono volare solo se le due ali sono in equilibrio &#8211; diversamente si schiantano -, Benedetto XVI ha sempre condannato il fondamentalismo, cio\u00e8 l&#8217;ipertrofia dell&#8217;ala della fede a detrimento dell&#8217;ala della ragione. Insieme, ha condannato il laicismo, cio\u00e8 l&#8217;ipertrofia dell&#8217;ala della ragione &#8211; che corrompe anche la stessa ragione, trasformandola in relativismo &#8211; a detrimento dell&#8217;ala della fede. Non importa quale ala sia ipertrofica. Con un&#8217;ala molto grande e una rachitica l&#8217;aereo si schianta.<\/p>\n<p style=\"text-align: justify;\">Di fatto &#8211; ha ribadito il Papa ad Assisi &#8211; anche se tragici eventi come l&#8217;11 settembre hanno richiamato l&#8217;attenzione sul rischio del fondamentalismo, non possiamo dimenticare che il laicismo e le ideologie antireligiose hanno lasciato nel secolo XX una scia di morti che il Papa ha chiamato \u00absenza misura\u00bb rispetto a qualunque altra fonte di violenza, fondamentalismi compresi? giusto dunque \u00abvergognarsi\u00bb del fondamentalismo, una tentazione che pu\u00f2 aggredire e di fatto aggredisce qualunque religione, cristianesimo compreso, ma senza mai trascurare il dato che il laicismo e le ideologie antireligiose, dal semplice punto di vista della quantit\u00e0 di violenza prodotta, sono \u00absenza misura\u00bb con qualunque altro fenomeno.<\/p>\n<p style=\"text-align: justify;\"><strong>A che cosa serve dunque Assisi? <\/strong>Anche una parte della stampa non anticlericale si \u00e8 limitata a ripetere banalit\u00e0, copiando e incollando da vecchi resoconti dell&#8217;evento organizzato ad Assisi dal beato Giovanni Paolo II venticinque anni fa in un mondo molto diverso da quello di oggi. Benedetto XVI ha voluto ripeterlo ancora una volta nell&#8217;udienza di venerd\u00ec ai partecipanti: si \u00e8 andati ad Assisi per trovare regole comuni sulla \u00abgiustizia e la pace\u00bb, ispirati dalla \u00abverit\u00e0\u00bb, cio\u00e8 dalla ragione, regole il cui scopo \u00e8 \u00abil bene comune della famiglia umana\u00bb.<\/p>\n<p style=\"text-align: justify;\"><strong>Per questo ad Assisi non c&#8217;\u00e8, a rigore, neppure stata una preghiera comune.<\/strong> Benedetto XVI \u00e8 da sempre scettico sulle preghiere comuni universali e i tentativi di fare incontrare parallele che non si possono incontrare, o di promuovere un dialogo interreligioso al ribasso, cercando minimi comuni denominatori fra le religioni. Non solo il Papa non ha promosso nulla di tutto questo, ma sono temi di cui non ha neppure parlato. Ha evocato invece la ragione, il bene comune, la verit\u00e0.<\/p>\n<p style=\"text-align: justify;\">La ragione \u00e8 comune a tutti &#8211; cristiani, musulmani, buddhisti &#8211; ed \u00e8 la sola \u00abgrammatica comune\u00bb &#8211; l&#8217;espressione \u00e8 del Papa &#8211; che pu\u00f2 fissare regole del gioco. Se ciascuno argomenta dalla sua scrittura sacra o dalla sua filosofia non si arriver\u00e0 mai a regole comuni. Se tutti argomentano dalla ragione, pu\u00f2 darsi che si arrivi a qualche risultato. Se invece non si arriva a regole condivise, prevarr\u00e0 inevitabilmente la violenza.<\/p>\n<p style=\"text-align: justify;\"><strong>La ragione, beninteso, \u00e8 comune anche ai non credenti. <\/strong>Da questo punto di vista l&#8217;invito ai non credenti chiude il cerchio e mostra anche a chi non vuole vedere che ad Assisi le regole comuni si sono cercate sulla base della ragione e non della fede o di una \u00absuper-fede\u00bb sincretista, perch\u00e9 la fede i non credenti non ce l&#8217;hanno. Ma nel discorso di venerd\u00ec il Papa ha aggiunto degli aggettivi: sono stati invitati credenti \u00abdi buona volont\u00e0\u00bb e disposti a \u00abimpegnarsi nella ricerca della verit\u00e0\u00bb.<\/p>\n<p style=\"text-align: justify;\">Se il Pontefice usa questi aggettivi, significa che non tutti i non credenti possono veramente sedersi al tavolo della ragione per fissare le comuni regole del gioco. Occorre che siano \u00abdi buona volont\u00e0\u00bb, cio\u00e8 in buona fede e capaci di un uso di ragione non distorto dalle ideologie. E che \u00absi impegnino\u00bb nella \u00abricerca della verit\u00e0\u00bb, il che implica che credano che la verit\u00e0 esista, ed esclude i relativisti.<\/p>\n<p style=\"text-align: justify;\">Naturalmente, questi che sono chiamati talora \u00abnuovi atei\u00bb sono molti ma non sono organizzati, e immagino che identificare chi fare parlare a loro nome non sia stato facile. Su certe scelte si pu\u00f2 discutere, ma non si poteva immaginare di invitare\u00a0 per esempio un Giuliano Ferrara considerandolo un rappresentante tipico dei \u00abnuovi atei\u00bb.<\/p>\n<p style=\"text-align: justify;\"><strong>Purtroppo la maggioranza dei \u00abnuovi atei\u00bb non \u00e8 come Ferrara<\/strong>: non \u00e8 d&#8217;accordo con il Papa sull&#8217;aborto o su altri principi non negoziabili e anche quando non \u00e8 relativista \u00e8 molto confusa sui problemi concreti. Se si fosse invitato solo Ferrara, non come intellettuale ma pretendendo che in qualche modo rappresentasse i \u00abnuovi atei\u00bb, si sarebbe rinnovato l&#8217;errore di chi invitava Magdi Allam prima della sua conversione a confronti con il mondo islamico, non come esperto &#8211; scelta eccellente &#8211; ma pensando che rappresentasse i musulmani, i quali non solo non lo seguivano ma spesso lo inseguivano, e con intenzioni poco amichevoli.<\/p>\n<p style=\"text-align: justify;\">Nell&#8217;udienza di venerd\u00ec Benedetto XVI ha voluto sottolineare anche due altri punti, con un occhio a malintesi insorti prima, durante e dopo Assisi 2011 pi\u00f9 all&#8217;interno del mondo cattolico che all&#8217;esterno. Il primo \u00e8 che l&#8217;impostazione molto diversa di Assisi 2011 rispetto ad Assisi 1986 non comporta nessuna sconfessione del beato Giovanni Paolo II e di un evento che pure, come Benedetto XVI rilevava nella lettera del 2 settembre 2006 che ne ricordava il ventennale, si espose per le sue modalit\u00e0 di svolgimento a \u00abinopportune confusioni\u00bb e a facili interpretazioni sincretiste e relativiste.<\/p>\n<p style=\"text-align: justify;\">Al contrario il Papa ha invitato ad apprezzare \u00abla preveggenza\u00bb del beato Giovanni Paolo II nell&#8217;organizzare Assisi 1986, che avvenne in un contesto di gravi e perfino apocalittiche minacce per la pace &#8211; gli ultimi colpi di coda, sappiamo ora ma non sapevamo allora, del comunismo sovietico prima di cadere &#8211; di fronte alle quali un gesto forte, per quanto aperto a rischi di cattive interpretazioni, assumeva in effetti un carattere \u00abpreveggente\u00bb, cio\u00e8 profetico nel senso etimologico del termine.<\/p>\n<p style=\"text-align: justify;\"><strong>Il secondo commento del Papa riguarda il fatto che questi eventi <\/strong>sono \u00abnecessariamente eccezionali e non frequenti\u00bb. Se diventano routine, l&#8217;ancoraggio alla ragione non pu\u00f2 pi\u00f9\u00a0 emergere e fermare un&#8217;interpretazione relativista diventa impossibile. Si tratta precisamente della posizione del Papa Leone XIII (1810-1903) quando con il Parlamento Mondiale delle Religioni di Chicago del 1893 si cominciarono a organizzare riunioni interreligiose di questo genere. C&#8217;\u00e8 una sorta di \u00abfalsa memoria\u00bb diffusa, riemersa fra i critici di Assisi 2011, secondo cui la Chiesa Cattolica non partecip\u00f2 a Chicago 1893 e condann\u00f2 l&#8217;evento.<\/p>\n<p style=\"text-align: justify;\">Sono in possesso degli atti ufficiali di Chicago 1893 e ho familiarit\u00e0 con la pi\u00f9 autorevole letteratura scientifica in argomento, da cui emerge con assoluta chiarezza che i cattolici, vescovi compresi, furono tra gli organizzatori e gli oratori dell&#8217;evento, tenendo costantemente informata la Santa Sede. Il Parlamento di Chicago non si apr\u00ec neppure con una preghiera comune ma con la recita del Padre Nostro da parte del solo cardinale cattolico James Gibbons (1834-1921). In quanto evento, direbbe Benedetto XVI, \u00abeccezionale e non frequente\u00bb, il Parlamento delle Religioni di Chicago poteva avere la funzione di favorire la coesistenza pacifica negli Stati Uniti e altrove di comunit\u00e0 religiose che il colonialismo e l&#8217;immigrazione portavano a vivere necessariamente insieme.<\/p>\n<p style=\"text-align: justify;\"><strong>Fu invece quando gli eventi simili a quello di Chicago cominciarono <\/strong>a ripetersi, per la verit\u00e0 stancamente, diventando una routine non pi\u00f9 \u00abeccezionale e non frequente\u00bb che Leone XIII intervenne vietando ai cattolici la partecipazione con una lettera apostolica del 18 settembre 1895, in un momento in cui la materia del contendere fra i vescovi americani era se partecipare o meno a un nuovo congresso interreligioso a Buffalo.<\/p>\n<p style=\"text-align: justify;\">Bench\u00e9 ci sia ancora chi considera la lettera di Leone XIII, che parla di \u00abtolleranza\u00bb e \u00abprudente silenzio\u00bb su episodi precedenti, come una sconfessione postuma di Chicago 1893, gi\u00e0 nel 1970 un approfondito lavoro archivistico di James F. Cleary aveva dimostrato che la partecipazione al Parlamento Mondiale da parte della Chiesa Cattolica non fu decisa alla leggera, ma solo dopo aver raccolto il parere favorevole della maggioranza dei vescovi americani e tenendo costantemente informata la Segreteria di Stato, i cui contatti con il Pontefice erano quotidiani, cos\u00ec che sarebbe bastato un cenno di Leone XIII per bloccare l&#8217;iniziativa.<\/p>\n<p style=\"text-align: justify;\">Se si vuole coesistere sulla base della ragione, senza lasciare l&#8217;ultima parola alla violenza, eventi come Chicago o Assisi &#8211; certo in contesti storici molto diversi &#8211; sono almeno potenzialmente utili. Che poi siano utili in concreto dipende da molti fattori, non tutti controllabili dalla Chiesa, tra cui la percezione e l&#8217;eventuale manipolazione dell&#8217;evento da parte dei media, un problema che si manifest\u00f2 gi\u00e0 a Chicago nel 1893.<\/p>\n<p style=\"text-align: justify;\"><strong>Ma non ci sono molti altri tavoli nel mondo dove persone che la pensano in modo diverso <\/strong>e inconciliabile sulle questioni di fede possano essere convocate insieme sulla base della comune ragione. E non ci sono altre autorit\u00e0 oltre alla Chiesa Cattolica e al Papa in grado di garantire la seriet\u00e0 e la vera universalit\u00e0 di questi tavoli. La ricerca di regole comuni fondate sull&#8217;idea che gli uomini hanno una comune\u00a0 natura che la ragione pu\u00f2 conoscere \u00e8 di per s\u00e9 l&#8217;opposto del relativismo. Semmai, il relativismo nasce quando anzich\u00e9 guardare ai risultati possibili si guarda alla ricerca, e certi professionisti del dialogo tentati dal sincretismo s&#8217;innamorano di una ricerca per la ricerca come c&#8217;\u00e8 un&#8217;arte per l&#8217;arte. Ma il Papa insegna precisamente il contrario.<\/p>\n","protected":false},"excerpt":{"rendered":"<p>La Bussola quotidiana 31 ottobre 2011 di Massimo Introvigne Ricevendo in Vaticano i partecipanti all&#8217;incontro di Assisi il Papa il 28 ottobre ha avuto ancora l&#8217;occasione di chiarire il senso dell&#8217;evento. A credere ai vaticanisti, Benedetto XVI legge quotidianamente una rassegna stampa, e se lo ha fatto dopo Assisi deve essere rimasto piuttosto depresso.<\/p><p><a class=\"more-link btn\" href=\"https:\/\/www.rassegnastampa-totustuus.it\/cattolica\/assisi-c-chi-ancora-non-capisce\/\">Continua a leggere<\/a><\/p>\n","protected":false},"author":6,"featured_media":31438,"comment_status":"closed","ping_status":"open","sticky":false,"template":"","format":"standard","meta":{"footnotes":""},"categories":[110,5,41],"tags":[1610],"class_list":["post-4752","post","type-post","status-publish","format-standard","has-post-thumbnail","hentry","category-benedetto-xvi","category-chiesa","category-dialogo-ecumenico","tag-fondamentalismo","item-wrap"],"yoast_head":"<!-- This site is optimized with the Yoast SEO plugin v27.5 - https:\/\/yoast.com\/product\/yoast-seo-wordpress\/ -->\n<title>Assisi. C\u2019&egrave; chi ancora non capisce - Rassegna Stampa Cattolica<\/title>\n<meta name=\"description\" content=\"Rassegna Stampa Cattolica - Per una cultura che nasce dalla Rivelazione cristiana in conformit\u00e0 alla tradizione e al Magistero della Chiesa in opposizione ad ogni relativismo e totalitarismo\" \/>\n<meta name=\"robots\" content=\"index, follow, max-snippet:-1, max-image-preview:large, max-video-preview:-1\" \/>\n<link rel=\"canonical\" href=\"https:\/\/www.rassegnastampa-totustuus.it\/cattolica\/assisi-c-chi-ancora-non-capisce\/\" \/>\n<meta property=\"og:locale\" content=\"it_IT\" \/>\n<meta property=\"og:type\" content=\"article\" \/>\n<meta property=\"og:title\" content=\"Assisi. C\u2019&egrave; chi ancora non capisce - Rassegna Stampa Cattolica\" \/>\n<meta property=\"og:description\" content=\"Rassegna Stampa Cattolica - Per una cultura che nasce dalla Rivelazione cristiana in conformit\u00e0 alla tradizione e al Magistero della Chiesa in opposizione ad ogni relativismo e totalitarismo\" \/>\n<meta property=\"og:url\" content=\"https:\/\/www.rassegnastampa-totustuus.it\/cattolica\/assisi-c-chi-ancora-non-capisce\/\" \/>\n<meta property=\"og:site_name\" content=\"Rassegna Stampa Cattolica\" \/>\n<meta property=\"article:publisher\" content=\"https:\/\/www.facebook.com\/rassegnastampacattolica\" \/>\n<meta property=\"article:published_time\" content=\"2011-11-02T23:00:00+00:00\" \/>\n<meta property=\"article:modified_time\" content=\"2016-03-04T10:18:26+00:00\" \/>\n<meta property=\"og:image\" content=\"https:\/\/www.rassegnastampa-totustuus.it\/cattolica\/wp-content\/uploads\/2011\/11\/Assisi_2011.jpg\" \/>\n\t<meta property=\"og:image:width\" content=\"275\" \/>\n\t<meta property=\"og:image:height\" content=\"183\" \/>\n\t<meta property=\"og:image:type\" content=\"image\/jpeg\" \/>\n<meta name=\"author\" content=\"Redazione\" \/>\n<meta name=\"twitter:card\" content=\"summary_large_image\" \/>\n<meta name=\"twitter:creator\" content=\"@rassegnastampa9\" \/>\n<meta name=\"twitter:site\" content=\"@rassegnastampa9\" \/>\n<meta name=\"twitter:label1\" content=\"Scritto da\" \/>\n\t<meta name=\"twitter:data1\" content=\"Redazione\" \/>\n\t<meta name=\"twitter:label2\" content=\"Tempo di lettura stimato\" \/>\n\t<meta name=\"twitter:data2\" content=\"9 minuti\" \/>\n<script type=\"application\/ld+json\" class=\"yoast-schema-graph\">{\"@context\":\"https:\\\/\\\/schema.org\",\"@graph\":[{\"@type\":\"Article\",\"@id\":\"https:\\\/\\\/www.rassegnastampa-totustuus.it\\\/cattolica\\\/assisi-c-chi-ancora-non-capisce\\\/#article\",\"isPartOf\":{\"@id\":\"https:\\\/\\\/www.rassegnastampa-totustuus.it\\\/cattolica\\\/assisi-c-chi-ancora-non-capisce\\\/\"},\"author\":{\"name\":\"Redazione\",\"@id\":\"https:\\\/\\\/www.rassegnastampa-totustuus.it\\\/cattolica\\\/#\\\/schema\\\/person\\\/08f319d2bd1a0904ad9e2bfb7b15e5c3\"},\"headline\":\"Assisi. C\u2019&egrave; chi ancora non capisce\",\"datePublished\":\"2011-11-02T23:00:00+00:00\",\"dateModified\":\"2016-03-04T10:18:26+00:00\",\"mainEntityOfPage\":{\"@id\":\"https:\\\/\\\/www.rassegnastampa-totustuus.it\\\/cattolica\\\/assisi-c-chi-ancora-non-capisce\\\/\"},\"wordCount\":1796,\"publisher\":{\"@id\":\"https:\\\/\\\/www.rassegnastampa-totustuus.it\\\/cattolica\\\/#organization\"},\"image\":{\"@id\":\"https:\\\/\\\/www.rassegnastampa-totustuus.it\\\/cattolica\\\/assisi-c-chi-ancora-non-capisce\\\/#primaryimage\"},\"thumbnailUrl\":\"https:\\\/\\\/www.rassegnastampa-totustuus.it\\\/cattolica\\\/wp-content\\\/uploads\\\/2011\\\/11\\\/Assisi_2011.jpg\",\"keywords\":[\"fondamentalismo\"],\"articleSection\":[\"Benedetto XVI\",\"Chiesa\",\"Dialogo ecumenico\"],\"inLanguage\":\"it-IT\"},{\"@type\":\"WebPage\",\"@id\":\"https:\\\/\\\/www.rassegnastampa-totustuus.it\\\/cattolica\\\/assisi-c-chi-ancora-non-capisce\\\/\",\"url\":\"https:\\\/\\\/www.rassegnastampa-totustuus.it\\\/cattolica\\\/assisi-c-chi-ancora-non-capisce\\\/\",\"name\":\"Assisi. C\u2019&egrave; chi ancora non capisce - Rassegna Stampa Cattolica\",\"isPartOf\":{\"@id\":\"https:\\\/\\\/www.rassegnastampa-totustuus.it\\\/cattolica\\\/#website\"},\"primaryImageOfPage\":{\"@id\":\"https:\\\/\\\/www.rassegnastampa-totustuus.it\\\/cattolica\\\/assisi-c-chi-ancora-non-capisce\\\/#primaryimage\"},\"image\":{\"@id\":\"https:\\\/\\\/www.rassegnastampa-totustuus.it\\\/cattolica\\\/assisi-c-chi-ancora-non-capisce\\\/#primaryimage\"},\"thumbnailUrl\":\"https:\\\/\\\/www.rassegnastampa-totustuus.it\\\/cattolica\\\/wp-content\\\/uploads\\\/2011\\\/11\\\/Assisi_2011.jpg\",\"datePublished\":\"2011-11-02T23:00:00+00:00\",\"dateModified\":\"2016-03-04T10:18:26+00:00\",\"description\":\"Rassegna Stampa Cattolica - Per una cultura che nasce dalla Rivelazione cristiana in conformit\u00e0 alla tradizione e al Magistero della Chiesa in opposizione ad ogni relativismo e totalitarismo\",\"breadcrumb\":{\"@id\":\"https:\\\/\\\/www.rassegnastampa-totustuus.it\\\/cattolica\\\/assisi-c-chi-ancora-non-capisce\\\/#breadcrumb\"},\"inLanguage\":\"it-IT\",\"potentialAction\":[{\"@type\":\"ReadAction\",\"target\":[\"https:\\\/\\\/www.rassegnastampa-totustuus.it\\\/cattolica\\\/assisi-c-chi-ancora-non-capisce\\\/\"]}]},{\"@type\":\"ImageObject\",\"inLanguage\":\"it-IT\",\"@id\":\"https:\\\/\\\/www.rassegnastampa-totustuus.it\\\/cattolica\\\/assisi-c-chi-ancora-non-capisce\\\/#primaryimage\",\"url\":\"https:\\\/\\\/www.rassegnastampa-totustuus.it\\\/cattolica\\\/wp-content\\\/uploads\\\/2011\\\/11\\\/Assisi_2011.jpg\",\"contentUrl\":\"https:\\\/\\\/www.rassegnastampa-totustuus.it\\\/cattolica\\\/wp-content\\\/uploads\\\/2011\\\/11\\\/Assisi_2011.jpg\",\"width\":275,\"height\":183},{\"@type\":\"BreadcrumbList\",\"@id\":\"https:\\\/\\\/www.rassegnastampa-totustuus.it\\\/cattolica\\\/assisi-c-chi-ancora-non-capisce\\\/#breadcrumb\",\"itemListElement\":[{\"@type\":\"ListItem\",\"position\":1,\"name\":\"Home\",\"item\":\"https:\\\/\\\/www.rassegnastampa-totustuus.it\\\/cattolica\\\/\"},{\"@type\":\"ListItem\",\"position\":2,\"name\":\"Assisi. C\u2019&egrave; chi ancora non capisce\"}]},{\"@type\":\"WebSite\",\"@id\":\"https:\\\/\\\/www.rassegnastampa-totustuus.it\\\/cattolica\\\/#website\",\"url\":\"https:\\\/\\\/www.rassegnastampa-totustuus.it\\\/cattolica\\\/\",\"name\":\"Rassegna Stampa Cattolica\",\"description\":\"Per una cultura che nasce dalla Rivelazione cristiana in conformit\u00e0 alla tradizione e al Magistero della Chiesa in opposizione ad ogni relativismo e totalitarismo\",\"publisher\":{\"@id\":\"https:\\\/\\\/www.rassegnastampa-totustuus.it\\\/cattolica\\\/#organization\"},\"alternateName\":\"Rass. Cattolica\",\"potentialAction\":[{\"@type\":\"SearchAction\",\"target\":{\"@type\":\"EntryPoint\",\"urlTemplate\":\"https:\\\/\\\/www.rassegnastampa-totustuus.it\\\/cattolica\\\/?s={search_term_string}\"},\"query-input\":{\"@type\":\"PropertyValueSpecification\",\"valueRequired\":true,\"valueName\":\"search_term_string\"}}],\"inLanguage\":\"it-IT\"},{\"@type\":\"Organization\",\"@id\":\"https:\\\/\\\/www.rassegnastampa-totustuus.it\\\/cattolica\\\/#organization\",\"name\":\"Rassegna Stampa Cattolica\",\"url\":\"https:\\\/\\\/www.rassegnastampa-totustuus.it\\\/cattolica\\\/\",\"logo\":{\"@type\":\"ImageObject\",\"inLanguage\":\"it-IT\",\"@id\":\"https:\\\/\\\/www.rassegnastampa-totustuus.it\\\/cattolica\\\/#\\\/schema\\\/logo\\\/image\\\/\",\"url\":\"https:\\\/\\\/www.rassegnastampa-totustuus.it\\\/cattolica\\\/wp-content\\\/uploads\\\/2014\\\/04\\\/logo-rassegna1.gif\",\"contentUrl\":\"https:\\\/\\\/www.rassegnastampa-totustuus.it\\\/cattolica\\\/wp-content\\\/uploads\\\/2014\\\/04\\\/logo-rassegna1.gif\",\"width\":600,\"height\":163,\"caption\":\"Rassegna Stampa Cattolica\"},\"image\":{\"@id\":\"https:\\\/\\\/www.rassegnastampa-totustuus.it\\\/cattolica\\\/#\\\/schema\\\/logo\\\/image\\\/\"},\"sameAs\":[\"https:\\\/\\\/www.facebook.com\\\/rassegnastampacattolica\",\"https:\\\/\\\/x.com\\\/rassegnastampa9\"]},{\"@type\":\"Person\",\"@id\":\"https:\\\/\\\/www.rassegnastampa-totustuus.it\\\/cattolica\\\/#\\\/schema\\\/person\\\/08f319d2bd1a0904ad9e2bfb7b15e5c3\",\"name\":\"Redazione\",\"image\":{\"@type\":\"ImageObject\",\"inLanguage\":\"it-IT\",\"@id\":\"https:\\\/\\\/secure.gravatar.com\\\/avatar\\\/2fcdf27c78ea025fbdb44e914cc63c72249ffec9dc8aafd5c82b26240ef3f346?s=96&d=mm&r=g\",\"url\":\"https:\\\/\\\/secure.gravatar.com\\\/avatar\\\/2fcdf27c78ea025fbdb44e914cc63c72249ffec9dc8aafd5c82b26240ef3f346?s=96&d=mm&r=g\",\"contentUrl\":\"https:\\\/\\\/secure.gravatar.com\\\/avatar\\\/2fcdf27c78ea025fbdb44e914cc63c72249ffec9dc8aafd5c82b26240ef3f346?s=96&d=mm&r=g\",\"caption\":\"Redazione\"},\"url\":\"https:\\\/\\\/www.rassegnastampa-totustuus.it\\\/cattolica\\\/author\\\/pietroelle\\\/\"}]}<\/script>\n<!-- \/ Yoast SEO plugin. -->","yoast_head_json":{"title":"Assisi. C\u2019&egrave; chi ancora non capisce - Rassegna Stampa Cattolica","description":"Rassegna Stampa Cattolica - Per una cultura che nasce dalla Rivelazione cristiana in conformit\u00e0 alla tradizione e al Magistero della Chiesa in opposizione ad ogni relativismo e totalitarismo","robots":{"index":"index","follow":"follow","max-snippet":"max-snippet:-1","max-image-preview":"max-image-preview:large","max-video-preview":"max-video-preview:-1"},"canonical":"https:\/\/www.rassegnastampa-totustuus.it\/cattolica\/assisi-c-chi-ancora-non-capisce\/","og_locale":"it_IT","og_type":"article","og_title":"Assisi. C\u2019&egrave; chi ancora non capisce - Rassegna Stampa Cattolica","og_description":"Rassegna Stampa Cattolica - Per una cultura che nasce dalla Rivelazione cristiana in conformit\u00e0 alla tradizione e al Magistero della Chiesa in opposizione ad ogni relativismo e totalitarismo","og_url":"https:\/\/www.rassegnastampa-totustuus.it\/cattolica\/assisi-c-chi-ancora-non-capisce\/","og_site_name":"Rassegna Stampa Cattolica","article_publisher":"https:\/\/www.facebook.com\/rassegnastampacattolica","article_published_time":"2011-11-02T23:00:00+00:00","article_modified_time":"2016-03-04T10:18:26+00:00","og_image":[{"width":275,"height":183,"url":"https:\/\/www.rassegnastampa-totustuus.it\/cattolica\/wp-content\/uploads\/2011\/11\/Assisi_2011.jpg","type":"image\/jpeg"}],"author":"Redazione","twitter_card":"summary_large_image","twitter_creator":"@rassegnastampa9","twitter_site":"@rassegnastampa9","twitter_misc":{"Scritto da":"Redazione","Tempo di lettura stimato":"9 minuti"},"schema":{"@context":"https:\/\/schema.org","@graph":[{"@type":"Article","@id":"https:\/\/www.rassegnastampa-totustuus.it\/cattolica\/assisi-c-chi-ancora-non-capisce\/#article","isPartOf":{"@id":"https:\/\/www.rassegnastampa-totustuus.it\/cattolica\/assisi-c-chi-ancora-non-capisce\/"},"author":{"name":"Redazione","@id":"https:\/\/www.rassegnastampa-totustuus.it\/cattolica\/#\/schema\/person\/08f319d2bd1a0904ad9e2bfb7b15e5c3"},"headline":"Assisi. C\u2019&egrave; chi ancora non capisce","datePublished":"2011-11-02T23:00:00+00:00","dateModified":"2016-03-04T10:18:26+00:00","mainEntityOfPage":{"@id":"https:\/\/www.rassegnastampa-totustuus.it\/cattolica\/assisi-c-chi-ancora-non-capisce\/"},"wordCount":1796,"publisher":{"@id":"https:\/\/www.rassegnastampa-totustuus.it\/cattolica\/#organization"},"image":{"@id":"https:\/\/www.rassegnastampa-totustuus.it\/cattolica\/assisi-c-chi-ancora-non-capisce\/#primaryimage"},"thumbnailUrl":"https:\/\/www.rassegnastampa-totustuus.it\/cattolica\/wp-content\/uploads\/2011\/11\/Assisi_2011.jpg","keywords":["fondamentalismo"],"articleSection":["Benedetto XVI","Chiesa","Dialogo ecumenico"],"inLanguage":"it-IT"},{"@type":"WebPage","@id":"https:\/\/www.rassegnastampa-totustuus.it\/cattolica\/assisi-c-chi-ancora-non-capisce\/","url":"https:\/\/www.rassegnastampa-totustuus.it\/cattolica\/assisi-c-chi-ancora-non-capisce\/","name":"Assisi. C\u2019&egrave; chi ancora non capisce - Rassegna Stampa Cattolica","isPartOf":{"@id":"https:\/\/www.rassegnastampa-totustuus.it\/cattolica\/#website"},"primaryImageOfPage":{"@id":"https:\/\/www.rassegnastampa-totustuus.it\/cattolica\/assisi-c-chi-ancora-non-capisce\/#primaryimage"},"image":{"@id":"https:\/\/www.rassegnastampa-totustuus.it\/cattolica\/assisi-c-chi-ancora-non-capisce\/#primaryimage"},"thumbnailUrl":"https:\/\/www.rassegnastampa-totustuus.it\/cattolica\/wp-content\/uploads\/2011\/11\/Assisi_2011.jpg","datePublished":"2011-11-02T23:00:00+00:00","dateModified":"2016-03-04T10:18:26+00:00","description":"Rassegna Stampa Cattolica - Per una cultura che nasce dalla Rivelazione cristiana in conformit\u00e0 alla tradizione e al Magistero della Chiesa in opposizione ad ogni relativismo e totalitarismo","breadcrumb":{"@id":"https:\/\/www.rassegnastampa-totustuus.it\/cattolica\/assisi-c-chi-ancora-non-capisce\/#breadcrumb"},"inLanguage":"it-IT","potentialAction":[{"@type":"ReadAction","target":["https:\/\/www.rassegnastampa-totustuus.it\/cattolica\/assisi-c-chi-ancora-non-capisce\/"]}]},{"@type":"ImageObject","inLanguage":"it-IT","@id":"https:\/\/www.rassegnastampa-totustuus.it\/cattolica\/assisi-c-chi-ancora-non-capisce\/#primaryimage","url":"https:\/\/www.rassegnastampa-totustuus.it\/cattolica\/wp-content\/uploads\/2011\/11\/Assisi_2011.jpg","contentUrl":"https:\/\/www.rassegnastampa-totustuus.it\/cattolica\/wp-content\/uploads\/2011\/11\/Assisi_2011.jpg","width":275,"height":183},{"@type":"BreadcrumbList","@id":"https:\/\/www.rassegnastampa-totustuus.it\/cattolica\/assisi-c-chi-ancora-non-capisce\/#breadcrumb","itemListElement":[{"@type":"ListItem","position":1,"name":"Home","item":"https:\/\/www.rassegnastampa-totustuus.it\/cattolica\/"},{"@type":"ListItem","position":2,"name":"Assisi. C\u2019&egrave; chi ancora non capisce"}]},{"@type":"WebSite","@id":"https:\/\/www.rassegnastampa-totustuus.it\/cattolica\/#website","url":"https:\/\/www.rassegnastampa-totustuus.it\/cattolica\/","name":"Rassegna Stampa Cattolica","description":"Per una cultura che nasce dalla Rivelazione cristiana in conformit\u00e0 alla tradizione e al Magistero della Chiesa in opposizione ad ogni relativismo e totalitarismo","publisher":{"@id":"https:\/\/www.rassegnastampa-totustuus.it\/cattolica\/#organization"},"alternateName":"Rass. Cattolica","potentialAction":[{"@type":"SearchAction","target":{"@type":"EntryPoint","urlTemplate":"https:\/\/www.rassegnastampa-totustuus.it\/cattolica\/?s={search_term_string}"},"query-input":{"@type":"PropertyValueSpecification","valueRequired":true,"valueName":"search_term_string"}}],"inLanguage":"it-IT"},{"@type":"Organization","@id":"https:\/\/www.rassegnastampa-totustuus.it\/cattolica\/#organization","name":"Rassegna Stampa Cattolica","url":"https:\/\/www.rassegnastampa-totustuus.it\/cattolica\/","logo":{"@type":"ImageObject","inLanguage":"it-IT","@id":"https:\/\/www.rassegnastampa-totustuus.it\/cattolica\/#\/schema\/logo\/image\/","url":"https:\/\/www.rassegnastampa-totustuus.it\/cattolica\/wp-content\/uploads\/2014\/04\/logo-rassegna1.gif","contentUrl":"https:\/\/www.rassegnastampa-totustuus.it\/cattolica\/wp-content\/uploads\/2014\/04\/logo-rassegna1.gif","width":600,"height":163,"caption":"Rassegna Stampa Cattolica"},"image":{"@id":"https:\/\/www.rassegnastampa-totustuus.it\/cattolica\/#\/schema\/logo\/image\/"},"sameAs":["https:\/\/www.facebook.com\/rassegnastampacattolica","https:\/\/x.com\/rassegnastampa9"]},{"@type":"Person","@id":"https:\/\/www.rassegnastampa-totustuus.it\/cattolica\/#\/schema\/person\/08f319d2bd1a0904ad9e2bfb7b15e5c3","name":"Redazione","image":{"@type":"ImageObject","inLanguage":"it-IT","@id":"https:\/\/secure.gravatar.com\/avatar\/2fcdf27c78ea025fbdb44e914cc63c72249ffec9dc8aafd5c82b26240ef3f346?s=96&d=mm&r=g","url":"https:\/\/secure.gravatar.com\/avatar\/2fcdf27c78ea025fbdb44e914cc63c72249ffec9dc8aafd5c82b26240ef3f346?s=96&d=mm&r=g","contentUrl":"https:\/\/secure.gravatar.com\/avatar\/2fcdf27c78ea025fbdb44e914cc63c72249ffec9dc8aafd5c82b26240ef3f346?s=96&d=mm&r=g","caption":"Redazione"},"url":"https:\/\/www.rassegnastampa-totustuus.it\/cattolica\/author\/pietroelle\/"}]}},"_links":{"self":[{"href":"https:\/\/www.rassegnastampa-totustuus.it\/cattolica\/wp-json\/wp\/v2\/posts\/4752","targetHints":{"allow":["GET"]}}],"collection":[{"href":"https:\/\/www.rassegnastampa-totustuus.it\/cattolica\/wp-json\/wp\/v2\/posts"}],"about":[{"href":"https:\/\/www.rassegnastampa-totustuus.it\/cattolica\/wp-json\/wp\/v2\/types\/post"}],"author":[{"embeddable":true,"href":"https:\/\/www.rassegnastampa-totustuus.it\/cattolica\/wp-json\/wp\/v2\/users\/6"}],"replies":[{"embeddable":true,"href":"https:\/\/www.rassegnastampa-totustuus.it\/cattolica\/wp-json\/wp\/v2\/comments?post=4752"}],"version-history":[{"count":4,"href":"https:\/\/www.rassegnastampa-totustuus.it\/cattolica\/wp-json\/wp\/v2\/posts\/4752\/revisions"}],"predecessor-version":[{"id":31439,"href":"https:\/\/www.rassegnastampa-totustuus.it\/cattolica\/wp-json\/wp\/v2\/posts\/4752\/revisions\/31439"}],"wp:featuredmedia":[{"embeddable":true,"href":"https:\/\/www.rassegnastampa-totustuus.it\/cattolica\/wp-json\/wp\/v2\/media\/31438"}],"wp:attachment":[{"href":"https:\/\/www.rassegnastampa-totustuus.it\/cattolica\/wp-json\/wp\/v2\/media?parent=4752"}],"wp:term":[{"taxonomy":"category","embeddable":true,"href":"https:\/\/www.rassegnastampa-totustuus.it\/cattolica\/wp-json\/wp\/v2\/categories?post=4752"},{"taxonomy":"post_tag","embeddable":true,"href":"https:\/\/www.rassegnastampa-totustuus.it\/cattolica\/wp-json\/wp\/v2\/tags?post=4752"}],"curies":[{"name":"wp","href":"https:\/\/api.w.org\/{rel}","templated":true}]}}