{"id":4744,"date":"2011-10-20T00:00:00","date_gmt":"2011-10-19T22:00:00","guid":{"rendered":""},"modified":"2016-04-22T11:11:07","modified_gmt":"2016-04-22T09:11:07","slug":"indignados-la-quarta-rivoluzione","status":"publish","type":"post","link":"https:\/\/www.rassegnastampa-totustuus.it\/cattolica\/indignados-la-quarta-rivoluzione\/","title":{"rendered":"\u201cIndignados\u201d, la Quarta Rivoluzione"},"content":{"rendered":"<div style=\"text-align: center;\"><strong><img loading=\"lazy\" decoding=\"async\" class=\"alignright wp-image-33343\" src=\"https:\/\/www.rassegnastampa-totustuus.it\/cattolica\/wp-content\/uploads\/2011\/10\/indignados.jpg\" alt=\"indignados\" width=\"250\" height=\"159\" \/>La Bussola quotidiana<\/strong> 14 ottobre 2011<\/div>\n<p style=\"text-align: center;\">di <strong>Massimo Introvigne<\/strong><\/p>\n<p style=\"text-align: justify;\">Domani, sabato 15 ottobre, si svolge la giornata internazionale di mobilitazione degli &#8220;indignaods&#8221;, e la manifestazione di Roma sar\u00e0 il suo fulcro in Italia.<\/p>\n<p><!--more--><\/p>\n<div style=\"text-align: justify;\"><strong>Ma chi sono gli &#8220;indignados&#8221; che scendono in piazza<\/strong> in Spagna, in Gran Bretagna, negli Stati Uniti, in Italia e la cui protesta sembra inarrestabile? Il nome viene da un libretto pubblicato nel 2010 in Francia da un piccolo editore (Indig\u00e8ne \u00e9ditions di Montpellier) che si \u00e8 trasformato in successo mondiale,<em> Indignez-vous\u00a0!<\/em> (<em>Pour une insurrection pacifique<\/em>) &#8211; trad. it., <em>Indignatevi!<\/em>, Add editore, Torino 2011 -, del vecchio (novantatr\u00e9 anni) ex militante della Resistenza francese, ambasciatore e uomo politico St\u00e9phane Hessel.<\/div>\n<p style=\"text-align: justify;\">Questo nuovo &#8220;libretto rosso&#8221; di una rivoluzione fai da te \u00e8 ampiamente sopravvalutato. Hessel attacca quella che in Italia siamo abituati a chiamare la &#8220;casta&#8221; &#8211; politici, industriali, Chiesa &#8211; ma i suoi critici fanno notare che ne ha sempre fatto parte. E il suo legame politico con Dominique Strauss-Kahn \u00e8 diventato fonte d&#8217;imbarazzo dopo gli incidenti a sfondo sessuale che hanno coinvolto l&#8217;ex direttore generale del Fondo Monetario Internazionale.<\/p>\n<p style=\"text-align: justify;\"><strong>Il contenuto, poi, \u00e8 di una povert\u00e0 desolante.<\/strong> Un critico davvero insospettabile, il giornalista del quotidiano di sinistra <em>Lib\u00e9ration<\/em> Pierre Marcelle, ha chiamato Hessel \u00abil Babbo Natale delle buone coscienze\u00bb. Le trenta paginette che si vorrebbero anticonformiste di <em>Indignatevi!<\/em> sono in realt\u00e0 un inno al pi\u00f9 vieto conformismo politicamente corretto, e lasciano l&#8217;impressione che per superare la crisi in atto non ci sia bisogno di fare sacrifici. Basterebbe che i cattivi che si sono impadroniti della politica e dell&#8217;economia siano sostituiti da &#8220;buoni&#8221; dalle caratteristiche molto vaghe: leali, generosi, un po&#8217; antiamericani e anti-israeliani, fedeli ai &#8220;valori della Resistenza&#8221; &#8211; ci mancherebbe altro &#8211; e capaci di emozionarsi per i &#8220;nuovi diritti&#8221; rivendicati dalle femministe e dagli omosessuali.<\/p>\n<p style=\"text-align: justify;\"><strong>I primi &#8220;indignados&#8221; &#8211; di qui il nome spagnolo <\/strong>&#8211; si sono manifestati il 15 maggio 2011 a Madrid. Come ha fatto notare il teologo spagnolo don Javier Prades-L\u00f3pez a un convegno organizzato dal cardinale Angelo Scola a Venezia, gli &#8220;indignados&#8221; se la sono presa per prima cosa con la Chiesa e hanno finito pr contestare il Papa e la Giornata Mondiale della Giovent\u00f9. Questa \u00e8 un&#8217;importante differenza sia con i vecchi <em>no global<\/em>, che non erano certo filocattolici ma che non avevano la Chiesa tra gli obiettivi principali, sia con le folle delle &#8220;primavere arabe&#8221;, che anzi in parte, contestando dittature &#8220;laiche&#8221;, chiedevano pi\u00f9 e non meno religione.<\/p>\n<p style=\"text-align: justify;\"><strong>L&#8217;aspetto anticattolico sottolineato da Prades-L\u00f3pez <\/strong>e l&#8217;insistenza sui &#8220;nuovi diritti&#8221; non vanno in alcun modo sottovalutati. Ma ugualmente importante \u00e8 la rivolta contro la politica in genere, contro la &#8220;casta&#8221; e l&#8217;idea che la crisi economica derivi da colpe individuali di singoli esponenti del mondo politico e finanziario, cos\u00ec che gli &#8220;indignados&#8221; non vogliono in nessun modo pagarne il costo. A Roma si \u00e8 sentito rivendicare un \u00abdiritto all&#8217;insolvenza\u00bb, a non pagare i debiti. A Londra si sono visti giovani sfasciare vetrine chiedendo non il pane &#8211; come in Tunisia -, ma il diritto al cellulare ultimo modello o all&#8217;abito di marca. A Parigi gli slogan contro tutti i partiti e gli inviti ad astenersi dal voto elettorale hanno turbato lo stesso Hessel, che ha sempre fatto politica di partito e che forse ora si \u00e8 accorto di avere aperto un vaso di Pandora.<\/p>\n<p style=\"text-align: justify;\"><strong>Ma per capire gli \u00abindignados\u00bb non bastano gli analisti politici.<\/strong> Ci serve una teologia della storia. Papa Benedetto XVI ha parlato questo mese in <a href=\"http:\/\/www.labussolaquotidiana.it\/ita\/articoli-solo-la-santitcambia-il-mondo-3273.htm\" target=\"_blank\">Calabria <\/a>della \u00abmutazione antropologica\u00bb di una generazione che vive nella realt\u00e0 virtuale di Internet e degli <em>smartphone <\/em>e rischia di perdere il contatto con il mondo reale. Il pensatore cattolico brasiliano Plinio Corr\u00eaa de Oliveira (1908-1995), nel suo grande affresco della scristianizzazione dell&#8217;Occidente, <em>Rivoluzione e Contro-Rivoluzione<\/em> (cfr. <em>Rivoluzione e Contro-Rivoluzione. Edizione del cinquantenario<\/em>, a cura di Giovanni Cantoni, Sugarco, Milano 2009), vedeva la Rivoluzione, con la &#8220;R&#8221; maiuscola, come un processo di progressiva distruzione dei legami sociali che avevano fatto dell&#8217;Occidente cristiano quello che era.<\/p>\n<p style=\"text-align: justify;\">Prima i legami religiosi, con la rottura con Roma del protestantesimo; poi i legami politici organici fondati sulla ricchezza dei corpi intermedi, sostituiti da un freddo rapporto fra il cittadino e lo Stato moderno, con la Rivoluzione francese; infine i legami economici, con il comunismo e l&#8217;assorbimento di tutta la vita economica nello Stato. Pi\u00f9 tardi, Corr\u00eaa de Oliveira aggiunse alle prime tre fasi quella che chiamava Quarta Rivoluzione, che aveva il suo momento emblematico nel 1968 e non attaccava pi\u00f9 legami macrosociali, ma microsociali &#8211; la famiglia, il legame fra madre e figlio con l&#8217;aborto &#8211; e perfino i legami dell&#8217;uomo con se stesso con la droga, l&#8217;ideologia di genere, l&#8217;eutanasia.<\/p>\n<p style=\"text-align: justify;\"><strong>Il 1968 era tutto questo, ma la Terza Rivoluzione <\/strong>&#8211; quella comunista &#8211; era ancora cos\u00ec forte da riuscire largamente a recuperarlo. I <em>no global<\/em> &#8211; in parte professionisti del disordine, in parte nostalgici di forme arcaiche di marxismo &#8211; rappresentano la transizione fra un movimentismo di Terza e uno di Quarta Rivoluzione. Gli &#8220;indignados&#8221; sembrano essere insieme la causa e l&#8217;effetto di una Quarta Rivoluzione che ha portato alle estreme conseguenze lo spappolamento del corpo sociale, la solitudine di tutti da tutti, e contro tutti, il rifiuto di ogni responsabilit\u00e0 &#8211; ben simboleggiato dalla rivendicazione del diritto a non pagare i debiti e dagli insulti al Papa, in quanto richiama all&#8217;esistenza di doveri -, la mancanza assoluta di prospettive e, in fondo, anche di speranza. Ci volevano oltre quarant&#8217;anni di Quarta Rivoluzione perch\u00e9 le piazze potessero riempirsi di &#8220;indignados&#8221;.<\/p>\n<p style=\"text-align: justify;\"><strong>Si tratta di movimenti che sono stati sempre manipolati <\/strong>e riassorbiti da qualche demagogo politico. Avverr\u00e0 anche questa volta? Si \u00e8 candidato Beppe Grillo, che si \u00e8 affrettato ad accorrere anche a Madrid ai primi segni di vita degli &#8220;indignados&#8221;. E abbiamo visto emergere partiti paradossali, del nulla, intitolati alla pirateria informatica o, com&#8217;\u00e8 appena avvenuto in <a href=\"http:\/\/www.labussolaquotidiana.it\/ita\/articoli-polonia-ora-lago-della-bilancia-sono-i-radicali-3285.htm\" target=\"_blank\">Polonia<\/a>, a una collezione raffazzonata di \u00abnuovi diritti\u00bb tenuti insieme dall&#8217;anticlericalismo. Questi partiti non vincono le elezioni, ma \u00e8 gi\u00e0 inquietante che ottengano seggi ed entrino nei parlamenti.<\/p>\n<p style=\"text-align: justify;\">Quanto ai politici tradizionali &#8211; compresi quelli di sinistra &#8211; sperano talora di sfruttare gli &#8220;indignados&#8221; ma ne ricavano principalmente uova marce. \u00a0L&#8217;incomprensione, e le uova marce, spiegano perch\u00e9 la politica non solo non sia in grado di rispondere alle poche rivendicazioni sensate degli &#8220;indignados&#8221; &#8211; che sono di carattere economico immediato, ovvero denunciano lo scandalo reale di classi dirigenti che chiedono sacrifici cui non sono disponibili a partecipare di persona -, ma anche perch\u00e9, intimidita, non sia neppure in grado di garantire l&#8217;ordine pubblico come dovrebbe fare quando le proteste degenerano in intollerabili violenze.<\/p>\n<p style=\"text-align: justify;\"><strong>La presenza degli &#8220;indignados&#8221; d\u00e0 ragione a Benedetto XVI<\/strong>: siamo di fronte a un degrado antropologico che spesso inizia con il manifestarsi come ostilit\u00e0 alla Chiesa e al cristianesimo. \u00c8 certo necessaria una risposta di ordine pubblico alle frange violente, che non si lasci intimidire da nessuna retorica buonista. Ma affrontare seriamente il problema degli &#8220;indignados&#8221; significa operare con pazienza per ricostituire i legami sociali e personali spezzati da una lunga Rivoluzione. Per gli uomini e le donne di buona volont\u00e0 &#8211; lo ha detto il Papa al Parlamento Federale tedesco &#8211; questo si chiama ritorno al diritto naturale, all&#8217;idea che esistono doveri e non solo diritti, a una chiara nozione del bene e del male. Per i cattolici, si chiama nuova evangelizzazione.<\/p>\n","protected":false},"excerpt":{"rendered":"<p>La Bussola quotidiana 14 ottobre 2011 di Massimo Introvigne Domani, sabato 15 ottobre, si svolge la giornata internazionale di mobilitazione degli &#8220;indignaods&#8221;, e la manifestazione di Roma sar\u00e0 il suo fulcro in Italia.<\/p><p><a class=\"more-link btn\" href=\"https:\/\/www.rassegnastampa-totustuus.it\/cattolica\/indignados-la-quarta-rivoluzione\/\">Continua a leggere<\/a><\/p>\n","protected":false},"author":6,"featured_media":33343,"comment_status":"closed","ping_status":"open","sticky":false,"template":"","format":"standard","meta":{"footnotes":""},"categories":[54,25],"tags":[1986,386,1231],"class_list":["post-4744","post","type-post","status-publish","format-standard","has-post-thumbnail","hentry","category-rivoluzione-e-controrivoluzione","category-sguardo-sul-nostro-tempo","tag-indignados","tag-rivoluzione","tag-sinistre","item-wrap"],"yoast_head":"<!-- This site is optimized with the Yoast SEO plugin v27.5 - https:\/\/yoast.com\/product\/yoast-seo-wordpress\/ -->\n<title>\u201cIndignados\u201d, la Quarta Rivoluzione - Rassegna Stampa Cattolica<\/title>\n<meta name=\"description\" content=\"Rassegna Stampa Cattolica - Per una cultura che nasce dalla Rivelazione cristiana in conformit\u00e0 alla tradizione e al Magistero della Chiesa in opposizione ad ogni relativismo e totalitarismo\" \/>\n<meta name=\"robots\" content=\"index, follow, max-snippet:-1, max-image-preview:large, max-video-preview:-1\" \/>\n<link rel=\"canonical\" href=\"https:\/\/www.rassegnastampa-totustuus.it\/cattolica\/indignados-la-quarta-rivoluzione\/\" \/>\n<meta property=\"og:locale\" content=\"it_IT\" \/>\n<meta property=\"og:type\" content=\"article\" \/>\n<meta property=\"og:title\" content=\"\u201cIndignados\u201d, la Quarta Rivoluzione - Rassegna Stampa Cattolica\" \/>\n<meta property=\"og:description\" content=\"Rassegna Stampa Cattolica - Per una cultura che nasce dalla Rivelazione cristiana in conformit\u00e0 alla tradizione e al Magistero della Chiesa in opposizione ad ogni relativismo e totalitarismo\" \/>\n<meta property=\"og:url\" content=\"https:\/\/www.rassegnastampa-totustuus.it\/cattolica\/indignados-la-quarta-rivoluzione\/\" \/>\n<meta property=\"og:site_name\" content=\"Rassegna Stampa Cattolica\" \/>\n<meta property=\"article:publisher\" content=\"https:\/\/www.facebook.com\/rassegnastampacattolica\" \/>\n<meta property=\"article:published_time\" content=\"2011-10-19T22:00:00+00:00\" \/>\n<meta property=\"article:modified_time\" content=\"2016-04-22T09:11:07+00:00\" \/>\n<meta property=\"og:image\" content=\"https:\/\/www.rassegnastampa-totustuus.it\/cattolica\/wp-content\/uploads\/2011\/10\/indignados.jpg\" \/>\n\t<meta property=\"og:image:width\" content=\"281\" \/>\n\t<meta property=\"og:image:height\" content=\"179\" \/>\n\t<meta property=\"og:image:type\" content=\"image\/jpeg\" \/>\n<meta name=\"author\" content=\"Redazione\" \/>\n<meta name=\"twitter:card\" content=\"summary_large_image\" \/>\n<meta name=\"twitter:creator\" content=\"@rassegnastampa9\" \/>\n<meta name=\"twitter:site\" content=\"@rassegnastampa9\" \/>\n<meta name=\"twitter:label1\" content=\"Scritto da\" \/>\n\t<meta name=\"twitter:data1\" content=\"Redazione\" \/>\n\t<meta name=\"twitter:label2\" content=\"Tempo di lettura stimato\" \/>\n\t<meta name=\"twitter:data2\" content=\"6 minuti\" \/>\n<script type=\"application\/ld+json\" class=\"yoast-schema-graph\">{\"@context\":\"https:\\\/\\\/schema.org\",\"@graph\":[{\"@type\":\"Article\",\"@id\":\"https:\\\/\\\/www.rassegnastampa-totustuus.it\\\/cattolica\\\/indignados-la-quarta-rivoluzione\\\/#article\",\"isPartOf\":{\"@id\":\"https:\\\/\\\/www.rassegnastampa-totustuus.it\\\/cattolica\\\/indignados-la-quarta-rivoluzione\\\/\"},\"author\":{\"name\":\"Redazione\",\"@id\":\"https:\\\/\\\/www.rassegnastampa-totustuus.it\\\/cattolica\\\/#\\\/schema\\\/person\\\/08f319d2bd1a0904ad9e2bfb7b15e5c3\"},\"headline\":\"\u201cIndignados\u201d, la Quarta Rivoluzione\",\"datePublished\":\"2011-10-19T22:00:00+00:00\",\"dateModified\":\"2016-04-22T09:11:07+00:00\",\"mainEntityOfPage\":{\"@id\":\"https:\\\/\\\/www.rassegnastampa-totustuus.it\\\/cattolica\\\/indignados-la-quarta-rivoluzione\\\/\"},\"wordCount\":1231,\"publisher\":{\"@id\":\"https:\\\/\\\/www.rassegnastampa-totustuus.it\\\/cattolica\\\/#organization\"},\"image\":{\"@id\":\"https:\\\/\\\/www.rassegnastampa-totustuus.it\\\/cattolica\\\/indignados-la-quarta-rivoluzione\\\/#primaryimage\"},\"thumbnailUrl\":\"https:\\\/\\\/www.rassegnastampa-totustuus.it\\\/cattolica\\\/wp-content\\\/uploads\\\/2011\\\/10\\\/indignados.jpg\",\"keywords\":[\"indignados\",\"Rivoluzione\",\"sinistre\"],\"articleSection\":[\"Rivoluzione e controrivoluzione\",\"Sguardo sul nostro tempo\"],\"inLanguage\":\"it-IT\"},{\"@type\":\"WebPage\",\"@id\":\"https:\\\/\\\/www.rassegnastampa-totustuus.it\\\/cattolica\\\/indignados-la-quarta-rivoluzione\\\/\",\"url\":\"https:\\\/\\\/www.rassegnastampa-totustuus.it\\\/cattolica\\\/indignados-la-quarta-rivoluzione\\\/\",\"name\":\"\u201cIndignados\u201d, la Quarta Rivoluzione - Rassegna Stampa Cattolica\",\"isPartOf\":{\"@id\":\"https:\\\/\\\/www.rassegnastampa-totustuus.it\\\/cattolica\\\/#website\"},\"primaryImageOfPage\":{\"@id\":\"https:\\\/\\\/www.rassegnastampa-totustuus.it\\\/cattolica\\\/indignados-la-quarta-rivoluzione\\\/#primaryimage\"},\"image\":{\"@id\":\"https:\\\/\\\/www.rassegnastampa-totustuus.it\\\/cattolica\\\/indignados-la-quarta-rivoluzione\\\/#primaryimage\"},\"thumbnailUrl\":\"https:\\\/\\\/www.rassegnastampa-totustuus.it\\\/cattolica\\\/wp-content\\\/uploads\\\/2011\\\/10\\\/indignados.jpg\",\"datePublished\":\"2011-10-19T22:00:00+00:00\",\"dateModified\":\"2016-04-22T09:11:07+00:00\",\"description\":\"Rassegna Stampa Cattolica - Per una cultura che nasce dalla Rivelazione cristiana in conformit\u00e0 alla tradizione e al Magistero della Chiesa in opposizione ad ogni relativismo e totalitarismo\",\"breadcrumb\":{\"@id\":\"https:\\\/\\\/www.rassegnastampa-totustuus.it\\\/cattolica\\\/indignados-la-quarta-rivoluzione\\\/#breadcrumb\"},\"inLanguage\":\"it-IT\",\"potentialAction\":[{\"@type\":\"ReadAction\",\"target\":[\"https:\\\/\\\/www.rassegnastampa-totustuus.it\\\/cattolica\\\/indignados-la-quarta-rivoluzione\\\/\"]}]},{\"@type\":\"ImageObject\",\"inLanguage\":\"it-IT\",\"@id\":\"https:\\\/\\\/www.rassegnastampa-totustuus.it\\\/cattolica\\\/indignados-la-quarta-rivoluzione\\\/#primaryimage\",\"url\":\"https:\\\/\\\/www.rassegnastampa-totustuus.it\\\/cattolica\\\/wp-content\\\/uploads\\\/2011\\\/10\\\/indignados.jpg\",\"contentUrl\":\"https:\\\/\\\/www.rassegnastampa-totustuus.it\\\/cattolica\\\/wp-content\\\/uploads\\\/2011\\\/10\\\/indignados.jpg\",\"width\":281,\"height\":179},{\"@type\":\"BreadcrumbList\",\"@id\":\"https:\\\/\\\/www.rassegnastampa-totustuus.it\\\/cattolica\\\/indignados-la-quarta-rivoluzione\\\/#breadcrumb\",\"itemListElement\":[{\"@type\":\"ListItem\",\"position\":1,\"name\":\"Home\",\"item\":\"https:\\\/\\\/www.rassegnastampa-totustuus.it\\\/cattolica\\\/\"},{\"@type\":\"ListItem\",\"position\":2,\"name\":\"\u201cIndignados\u201d, la Quarta Rivoluzione\"}]},{\"@type\":\"WebSite\",\"@id\":\"https:\\\/\\\/www.rassegnastampa-totustuus.it\\\/cattolica\\\/#website\",\"url\":\"https:\\\/\\\/www.rassegnastampa-totustuus.it\\\/cattolica\\\/\",\"name\":\"Rassegna Stampa Cattolica\",\"description\":\"Per una cultura che nasce dalla Rivelazione cristiana in conformit\u00e0 alla tradizione e al Magistero della Chiesa in opposizione ad ogni relativismo e totalitarismo\",\"publisher\":{\"@id\":\"https:\\\/\\\/www.rassegnastampa-totustuus.it\\\/cattolica\\\/#organization\"},\"alternateName\":\"Rass. Cattolica\",\"potentialAction\":[{\"@type\":\"SearchAction\",\"target\":{\"@type\":\"EntryPoint\",\"urlTemplate\":\"https:\\\/\\\/www.rassegnastampa-totustuus.it\\\/cattolica\\\/?s={search_term_string}\"},\"query-input\":{\"@type\":\"PropertyValueSpecification\",\"valueRequired\":true,\"valueName\":\"search_term_string\"}}],\"inLanguage\":\"it-IT\"},{\"@type\":\"Organization\",\"@id\":\"https:\\\/\\\/www.rassegnastampa-totustuus.it\\\/cattolica\\\/#organization\",\"name\":\"Rassegna Stampa Cattolica\",\"url\":\"https:\\\/\\\/www.rassegnastampa-totustuus.it\\\/cattolica\\\/\",\"logo\":{\"@type\":\"ImageObject\",\"inLanguage\":\"it-IT\",\"@id\":\"https:\\\/\\\/www.rassegnastampa-totustuus.it\\\/cattolica\\\/#\\\/schema\\\/logo\\\/image\\\/\",\"url\":\"https:\\\/\\\/www.rassegnastampa-totustuus.it\\\/cattolica\\\/wp-content\\\/uploads\\\/2014\\\/04\\\/logo-rassegna1.gif\",\"contentUrl\":\"https:\\\/\\\/www.rassegnastampa-totustuus.it\\\/cattolica\\\/wp-content\\\/uploads\\\/2014\\\/04\\\/logo-rassegna1.gif\",\"width\":600,\"height\":163,\"caption\":\"Rassegna Stampa Cattolica\"},\"image\":{\"@id\":\"https:\\\/\\\/www.rassegnastampa-totustuus.it\\\/cattolica\\\/#\\\/schema\\\/logo\\\/image\\\/\"},\"sameAs\":[\"https:\\\/\\\/www.facebook.com\\\/rassegnastampacattolica\",\"https:\\\/\\\/x.com\\\/rassegnastampa9\"]},{\"@type\":\"Person\",\"@id\":\"https:\\\/\\\/www.rassegnastampa-totustuus.it\\\/cattolica\\\/#\\\/schema\\\/person\\\/08f319d2bd1a0904ad9e2bfb7b15e5c3\",\"name\":\"Redazione\",\"image\":{\"@type\":\"ImageObject\",\"inLanguage\":\"it-IT\",\"@id\":\"https:\\\/\\\/secure.gravatar.com\\\/avatar\\\/2fcdf27c78ea025fbdb44e914cc63c72249ffec9dc8aafd5c82b26240ef3f346?s=96&d=mm&r=g\",\"url\":\"https:\\\/\\\/secure.gravatar.com\\\/avatar\\\/2fcdf27c78ea025fbdb44e914cc63c72249ffec9dc8aafd5c82b26240ef3f346?s=96&d=mm&r=g\",\"contentUrl\":\"https:\\\/\\\/secure.gravatar.com\\\/avatar\\\/2fcdf27c78ea025fbdb44e914cc63c72249ffec9dc8aafd5c82b26240ef3f346?s=96&d=mm&r=g\",\"caption\":\"Redazione\"},\"url\":\"https:\\\/\\\/www.rassegnastampa-totustuus.it\\\/cattolica\\\/author\\\/pietroelle\\\/\"}]}<\/script>\n<!-- \/ Yoast SEO plugin. -->","yoast_head_json":{"title":"\u201cIndignados\u201d, la Quarta Rivoluzione - Rassegna Stampa Cattolica","description":"Rassegna Stampa Cattolica - Per una cultura che nasce dalla Rivelazione cristiana in conformit\u00e0 alla tradizione e al Magistero della Chiesa in opposizione ad ogni relativismo e totalitarismo","robots":{"index":"index","follow":"follow","max-snippet":"max-snippet:-1","max-image-preview":"max-image-preview:large","max-video-preview":"max-video-preview:-1"},"canonical":"https:\/\/www.rassegnastampa-totustuus.it\/cattolica\/indignados-la-quarta-rivoluzione\/","og_locale":"it_IT","og_type":"article","og_title":"\u201cIndignados\u201d, la Quarta Rivoluzione - Rassegna Stampa Cattolica","og_description":"Rassegna Stampa Cattolica - Per una cultura che nasce dalla Rivelazione cristiana in conformit\u00e0 alla tradizione e al Magistero della Chiesa in opposizione ad ogni relativismo e totalitarismo","og_url":"https:\/\/www.rassegnastampa-totustuus.it\/cattolica\/indignados-la-quarta-rivoluzione\/","og_site_name":"Rassegna Stampa Cattolica","article_publisher":"https:\/\/www.facebook.com\/rassegnastampacattolica","article_published_time":"2011-10-19T22:00:00+00:00","article_modified_time":"2016-04-22T09:11:07+00:00","og_image":[{"width":281,"height":179,"url":"https:\/\/www.rassegnastampa-totustuus.it\/cattolica\/wp-content\/uploads\/2011\/10\/indignados.jpg","type":"image\/jpeg"}],"author":"Redazione","twitter_card":"summary_large_image","twitter_creator":"@rassegnastampa9","twitter_site":"@rassegnastampa9","twitter_misc":{"Scritto da":"Redazione","Tempo di lettura stimato":"6 minuti"},"schema":{"@context":"https:\/\/schema.org","@graph":[{"@type":"Article","@id":"https:\/\/www.rassegnastampa-totustuus.it\/cattolica\/indignados-la-quarta-rivoluzione\/#article","isPartOf":{"@id":"https:\/\/www.rassegnastampa-totustuus.it\/cattolica\/indignados-la-quarta-rivoluzione\/"},"author":{"name":"Redazione","@id":"https:\/\/www.rassegnastampa-totustuus.it\/cattolica\/#\/schema\/person\/08f319d2bd1a0904ad9e2bfb7b15e5c3"},"headline":"\u201cIndignados\u201d, la Quarta Rivoluzione","datePublished":"2011-10-19T22:00:00+00:00","dateModified":"2016-04-22T09:11:07+00:00","mainEntityOfPage":{"@id":"https:\/\/www.rassegnastampa-totustuus.it\/cattolica\/indignados-la-quarta-rivoluzione\/"},"wordCount":1231,"publisher":{"@id":"https:\/\/www.rassegnastampa-totustuus.it\/cattolica\/#organization"},"image":{"@id":"https:\/\/www.rassegnastampa-totustuus.it\/cattolica\/indignados-la-quarta-rivoluzione\/#primaryimage"},"thumbnailUrl":"https:\/\/www.rassegnastampa-totustuus.it\/cattolica\/wp-content\/uploads\/2011\/10\/indignados.jpg","keywords":["indignados","Rivoluzione","sinistre"],"articleSection":["Rivoluzione e controrivoluzione","Sguardo sul nostro tempo"],"inLanguage":"it-IT"},{"@type":"WebPage","@id":"https:\/\/www.rassegnastampa-totustuus.it\/cattolica\/indignados-la-quarta-rivoluzione\/","url":"https:\/\/www.rassegnastampa-totustuus.it\/cattolica\/indignados-la-quarta-rivoluzione\/","name":"\u201cIndignados\u201d, la Quarta Rivoluzione - Rassegna Stampa Cattolica","isPartOf":{"@id":"https:\/\/www.rassegnastampa-totustuus.it\/cattolica\/#website"},"primaryImageOfPage":{"@id":"https:\/\/www.rassegnastampa-totustuus.it\/cattolica\/indignados-la-quarta-rivoluzione\/#primaryimage"},"image":{"@id":"https:\/\/www.rassegnastampa-totustuus.it\/cattolica\/indignados-la-quarta-rivoluzione\/#primaryimage"},"thumbnailUrl":"https:\/\/www.rassegnastampa-totustuus.it\/cattolica\/wp-content\/uploads\/2011\/10\/indignados.jpg","datePublished":"2011-10-19T22:00:00+00:00","dateModified":"2016-04-22T09:11:07+00:00","description":"Rassegna Stampa Cattolica - Per una cultura che nasce dalla Rivelazione cristiana in conformit\u00e0 alla tradizione e al Magistero della Chiesa in opposizione ad ogni relativismo e totalitarismo","breadcrumb":{"@id":"https:\/\/www.rassegnastampa-totustuus.it\/cattolica\/indignados-la-quarta-rivoluzione\/#breadcrumb"},"inLanguage":"it-IT","potentialAction":[{"@type":"ReadAction","target":["https:\/\/www.rassegnastampa-totustuus.it\/cattolica\/indignados-la-quarta-rivoluzione\/"]}]},{"@type":"ImageObject","inLanguage":"it-IT","@id":"https:\/\/www.rassegnastampa-totustuus.it\/cattolica\/indignados-la-quarta-rivoluzione\/#primaryimage","url":"https:\/\/www.rassegnastampa-totustuus.it\/cattolica\/wp-content\/uploads\/2011\/10\/indignados.jpg","contentUrl":"https:\/\/www.rassegnastampa-totustuus.it\/cattolica\/wp-content\/uploads\/2011\/10\/indignados.jpg","width":281,"height":179},{"@type":"BreadcrumbList","@id":"https:\/\/www.rassegnastampa-totustuus.it\/cattolica\/indignados-la-quarta-rivoluzione\/#breadcrumb","itemListElement":[{"@type":"ListItem","position":1,"name":"Home","item":"https:\/\/www.rassegnastampa-totustuus.it\/cattolica\/"},{"@type":"ListItem","position":2,"name":"\u201cIndignados\u201d, la Quarta Rivoluzione"}]},{"@type":"WebSite","@id":"https:\/\/www.rassegnastampa-totustuus.it\/cattolica\/#website","url":"https:\/\/www.rassegnastampa-totustuus.it\/cattolica\/","name":"Rassegna Stampa Cattolica","description":"Per una cultura che nasce dalla Rivelazione cristiana in conformit\u00e0 alla tradizione e al Magistero della Chiesa in opposizione ad ogni relativismo e totalitarismo","publisher":{"@id":"https:\/\/www.rassegnastampa-totustuus.it\/cattolica\/#organization"},"alternateName":"Rass. Cattolica","potentialAction":[{"@type":"SearchAction","target":{"@type":"EntryPoint","urlTemplate":"https:\/\/www.rassegnastampa-totustuus.it\/cattolica\/?s={search_term_string}"},"query-input":{"@type":"PropertyValueSpecification","valueRequired":true,"valueName":"search_term_string"}}],"inLanguage":"it-IT"},{"@type":"Organization","@id":"https:\/\/www.rassegnastampa-totustuus.it\/cattolica\/#organization","name":"Rassegna Stampa Cattolica","url":"https:\/\/www.rassegnastampa-totustuus.it\/cattolica\/","logo":{"@type":"ImageObject","inLanguage":"it-IT","@id":"https:\/\/www.rassegnastampa-totustuus.it\/cattolica\/#\/schema\/logo\/image\/","url":"https:\/\/www.rassegnastampa-totustuus.it\/cattolica\/wp-content\/uploads\/2014\/04\/logo-rassegna1.gif","contentUrl":"https:\/\/www.rassegnastampa-totustuus.it\/cattolica\/wp-content\/uploads\/2014\/04\/logo-rassegna1.gif","width":600,"height":163,"caption":"Rassegna Stampa Cattolica"},"image":{"@id":"https:\/\/www.rassegnastampa-totustuus.it\/cattolica\/#\/schema\/logo\/image\/"},"sameAs":["https:\/\/www.facebook.com\/rassegnastampacattolica","https:\/\/x.com\/rassegnastampa9"]},{"@type":"Person","@id":"https:\/\/www.rassegnastampa-totustuus.it\/cattolica\/#\/schema\/person\/08f319d2bd1a0904ad9e2bfb7b15e5c3","name":"Redazione","image":{"@type":"ImageObject","inLanguage":"it-IT","@id":"https:\/\/secure.gravatar.com\/avatar\/2fcdf27c78ea025fbdb44e914cc63c72249ffec9dc8aafd5c82b26240ef3f346?s=96&d=mm&r=g","url":"https:\/\/secure.gravatar.com\/avatar\/2fcdf27c78ea025fbdb44e914cc63c72249ffec9dc8aafd5c82b26240ef3f346?s=96&d=mm&r=g","contentUrl":"https:\/\/secure.gravatar.com\/avatar\/2fcdf27c78ea025fbdb44e914cc63c72249ffec9dc8aafd5c82b26240ef3f346?s=96&d=mm&r=g","caption":"Redazione"},"url":"https:\/\/www.rassegnastampa-totustuus.it\/cattolica\/author\/pietroelle\/"}]}},"_links":{"self":[{"href":"https:\/\/www.rassegnastampa-totustuus.it\/cattolica\/wp-json\/wp\/v2\/posts\/4744","targetHints":{"allow":["GET"]}}],"collection":[{"href":"https:\/\/www.rassegnastampa-totustuus.it\/cattolica\/wp-json\/wp\/v2\/posts"}],"about":[{"href":"https:\/\/www.rassegnastampa-totustuus.it\/cattolica\/wp-json\/wp\/v2\/types\/post"}],"author":[{"embeddable":true,"href":"https:\/\/www.rassegnastampa-totustuus.it\/cattolica\/wp-json\/wp\/v2\/users\/6"}],"replies":[{"embeddable":true,"href":"https:\/\/www.rassegnastampa-totustuus.it\/cattolica\/wp-json\/wp\/v2\/comments?post=4744"}],"version-history":[{"count":4,"href":"https:\/\/www.rassegnastampa-totustuus.it\/cattolica\/wp-json\/wp\/v2\/posts\/4744\/revisions"}],"predecessor-version":[{"id":33344,"href":"https:\/\/www.rassegnastampa-totustuus.it\/cattolica\/wp-json\/wp\/v2\/posts\/4744\/revisions\/33344"}],"wp:featuredmedia":[{"embeddable":true,"href":"https:\/\/www.rassegnastampa-totustuus.it\/cattolica\/wp-json\/wp\/v2\/media\/33343"}],"wp:attachment":[{"href":"https:\/\/www.rassegnastampa-totustuus.it\/cattolica\/wp-json\/wp\/v2\/media?parent=4744"}],"wp:term":[{"taxonomy":"category","embeddable":true,"href":"https:\/\/www.rassegnastampa-totustuus.it\/cattolica\/wp-json\/wp\/v2\/categories?post=4744"},{"taxonomy":"post_tag","embeddable":true,"href":"https:\/\/www.rassegnastampa-totustuus.it\/cattolica\/wp-json\/wp\/v2\/tags?post=4744"}],"curies":[{"name":"wp","href":"https:\/\/api.w.org\/{rel}","templated":true}]}}