{"id":4741,"date":"2011-10-20T00:00:00","date_gmt":"2011-10-19T22:00:00","guid":{"rendered":""},"modified":"2015-04-15T11:57:56","modified_gmt":"2015-04-15T09:57:56","slug":"uomo-trans-umano","status":"publish","type":"post","link":"https:\/\/www.rassegnastampa-totustuus.it\/cattolica\/uomo-trans-umano\/","title":{"rendered":"Uomo &laquo;trans-umano&raquo;?"},"content":{"rendered":"<div style=\"text-align: center;\"><strong><a href=\"https:\/\/www.rassegnastampa-totustuus.it\/cattolica\/wp-content\/uploads\/2011\/10\/transumano.jpg\"><img loading=\"lazy\" decoding=\"async\" class=\"alignleft wp-image-23185\" src=\"https:\/\/www.rassegnastampa-totustuus.it\/cattolica\/wp-content\/uploads\/2011\/10\/transumano.jpg\" alt=\"transumano\" width=\"250\" height=\"200\" \/><\/a>Studi cattolici<\/strong> n.607 Settembre 2011<\/div>\n<p style=\"text-align: center;\">di <strong>Pier Giorgio Liverani<\/strong><\/p>\n<p style=\"text-align: justify;\">I primi circoli del post e del transumanesimo si erano gi\u00e0 costituiti in Italia nel 2004, ma il loro lancio avvenne, un anno dopo, con la pubblicazione sul <em>Corriere della sera<\/em> (10 febbraio 2005) di un articolo che Francis Fukuyama, scienziato nippo-americano e presidente del Comitato di bioetica della Presidenza degli Stati Uniti all&#8217;epoca di Gorge Bush, aveva scritto nel settembre dell&#8217;anno precedente, per la rivista statunitense Foreign Policy.<\/p>\n<p style=\"text-align: justify;\"><!--more--><\/p>\n<p style=\"text-align: justify;\">L&#8217;intento di Fukuyama era di demolire quel nuovo movimento ideologico materialista e antiumanista che, in nome della massimizzazione del \u00abdiritto alla felicit\u00e0\u00bb, dello scientismo, della biotecnologia e dell&#8217;Occidente inteso come ambiente etico, anzi etologico ideale, ha per obiettivo il superamento fisico e mentale di ogni limite naturale dell&#8217;uomo e, nelle sue speranze, di giungere all&#8217;immortalit\u00e0, ovviamente terrena.<\/p>\n<p style=\"text-align: justify;\">Questo progetto ideologico di abolizione di ogni limite venne confermato poco dopo da due interviste: la prima a <em>Il Giornale<\/em> (16 febbraio 2005) dell&#8217;etologo britannico Richard Dawkins, docente a Oxford; la seconda di Riccardo Campa, presidente dell&#8217;Associazione Italiana Transumanisti, a <em>Libero<\/em> (18 febbraio). Bisogna dire che tra le tesi dell&#8217;ipersviluppo dell&#8217;umanit\u00e0 e l&#8217;evoluzionismo esistono e si contraddicono allo stesso tempo una parentela abbastanza evidente e un annullamento reciproco.<\/p>\n<p style=\"text-align: justify;\">Per capire di che cosa si tratta, \u00e8 bene partire da Richard Dawkins, il quale \u00e8 anche un acceso neodarwinista. Secondo lui \u00abtutte le risposte (<em>anche quelle della fede<\/em>) alle domande &#8220;che cosa \u00e8 l&#8217;uomo?&#8221; o &#8220;la vita ha un significato?&#8221;\u00bb datate prima di Darwin \u00absono da rigettare, perch\u00e9 sbagliate e prive di valore. [&#8230;] La teoria dell&#8217;evoluzione darwiniana \u00e8 un meccanismo molto semplice, che spiega molti problemi enormemente complicati. La fede, invece, dice che la vita \u00e8 creata da un&#8217;intelligenza soprannaturale e in questo modo parla di un&#8217;entit\u00e0 che \u00e8 ancora pi\u00f9 complicata da capire e difficile da spiegare\u00bb.<\/p>\n<p style=\"text-align: justify;\"><strong>I nostri cugini scimpanz\u00e9<\/strong><\/p>\n<p style=\"text-align: justify;\">Definizione, come si vede, assai povera e pigra per un razionalista, che sembra arrendersi alla prima difficolt\u00e0. Dawkins, del resto, inciampa anche sull&#8217;etica, perch\u00e9 di s\u00e9 precisa: \u00abSono un darwinista convinto quando parlo della natura, non lo sono pi\u00f9 quando si deve ragionare di morale\u00bb.<\/p>\n<p style=\"text-align: justify;\">Questo forse perch\u00e9 Dio non \u00e8 un prodotto dell&#8217;evoluzione? Ma la morale non \u00e8 stata anch&#8217;essa &#8211; come tutte \u00able cose visibili e invisibili\u00bb \u2014 creata da Dio? E, in ogni caso, se non venisse da Dio dovrebbe essere anch&#8217;essa frutto dell&#8217;evoluzione, almeno nella logica evoluzionista. E inoltre: poich\u00e9 tra le affermazioni di Dawkins c&#8217;\u00e8 anche quella secondo cui \u00abgli uomini e gli scimpanz\u00e8 sono cugini\u00bb, cio\u00e8 avrebbero origini comuni, perch\u00e9 mai la morale, che appartiene soltanto all&#8217;uomo, dovrebbe sfuggire alle darwiniane leggi dell&#8217;evoluzionismo? (1)<\/p>\n<p style=\"text-align: justify;\">Ora, a sei anni di distanza, ecco che i darwinisti, i quali oggi giudicano la potenzialit\u00e0 di sviluppo dell&#8217;uomo priva sostanzialmente di limiti, aggiungono a questi primi interrogativi una grave contraddizione proprio sul tema dell&#8217;evoluzionismo. Si tratta &#8211; alla faccia del supersviluppo \u2014 di una specie di suicidio ideologico, che proviene da due sorgenti assai vicine tra loro e che gettano pi\u00f9 o meno la medesima acqua.<\/p>\n<p style=\"text-align: justify;\">Una delle sorgenti \u00e8 lo studio che un giovane neuroscienziato italiano, Giulio Tononi, che insegna psichiatria all&#8217;Universit\u00e0 del Wisconsin, anche lui apparentemente insensibile al valore del limite, sta compiendo sulla &#8211; come dire? materializzazione della coscienza. Impresa davvero assai difficile e irta di ostacoli prevedibili e imprevedibili anche per chi fa della scienza una sorta di religione. Per esempio quello assai probabile di dover arrivare, con la forza della logica della parentela eammesso che vi si arrivi &#8211; alla conclusione che animali e uomini (almeno i \u00abcugini\u00bb scimpanz\u00e8) abbiano un medesimo \u00abio\u00bb.<\/p>\n<p style=\"text-align: justify;\">Per la verit\u00e0 il ricercatore in parola dichiara di aver trovato il modo di \u00abprendere le misure dell&#8217;io\u00bb, vale a dire di scoprire e stabilire il modo in cui la coscienza possa diventare tangibile: in altri termini (<em>di chi scrive<\/em>), la si possa identificare e delimitare come organismo anatomico, poi collocarla in qualche circonvoluzione cerebrale, identificarne i componenti (<em>e magari anche il Dna<\/em>) e, infine, valutarne le dimensioni, il peso, la qualit\u00e0, l&#8217;efficienza nonch\u00e9 la possibilit\u00e0 di intervenirvi con qualche nuova tecnica neurochirurgica.<\/p>\n<p style=\"text-align: justify;\">Per capire la trasformazione che la coscienza subirebbe secondo la ricerca di Tenoni, si pu\u00f2 leggere l&#8217;articolo con cui <em>La Stampa <\/em>(15 giugno 2011) apre il suo resoconto di questa avventura coscienziale: \u00abSolo 20 anni fa la coscienza era considerata una materia impalpabile ed effimera <em>(perch\u00e9 mai effimera? Non dura<\/em><em>va almeno quanto la vita del suo io possessore?), <\/em>inconcepibile come oggetto della scienza\u00bb, ma il nostro professore \u00abla pensava diversamente gi\u00e0 al liceo\u00bb e ora ha elaborato la sua \u00abtesi dell&#8217;informazione integrata\u00bb.<\/p>\n<p style=\"text-align: justify;\"><strong>Fotodiodi &amp; pixel<\/strong><\/p>\n<p style=\"text-align: justify;\">Per spiegare questa tesi in sintesi si possono usare le parole del suo inventore: \u00abPossiamo spiegarla con l&#8217;esempio della fotocamera digitale. Per quanto la fotocamera, a differenza di un &#8220;fotodiodo&#8221; (2), possa avere miliardi di stati diversi &#8211; uno per ciascuna immagine possibile &#8211; questa manca di integrazione: i suoi elementi, i &#8220;pixel&#8221;, sono milioni di piccoli moduli non connessi e pertanto non integrati.<\/p>\n<p style=\"text-align: justify;\">La coscienza, invece, \u00e8 integrata: ogni esperienza cosciente \u00e8 quello che \u00e8 come un tutto non riducibile alle sue parti. In un&#8217;immagine cosciente non esiste la sinistra senza la destra, la forma senza il colore, e cos\u00ec via. In sintesi, la fotocamera genera molta informazione, ma nessuna integrazione\u00bb. Per realizzare la quale occorre una formula matematica chiamata \u00abPhi\u00bb che, in poche e povere parole, consente di misurare il valore quantitativo della coscienza in <em>\u00abqualia\u00bb, <\/em>unit\u00e0 di misura filosofica &#8211; e non chiedetemi di pi\u00f9, anche perch\u00e9 non serve alla riflessione che tra poco suggerir\u00f2.<\/p>\n<p style=\"text-align: justify;\">A questi studi e a questa teoria dell&#8217;informazione integrata, che trasforma la coscienza in un oggetto forse, domani, manipolabile, si affianca la prospettiva descritta da Stefano Rodot\u00e0, giurista, bioeticista a modo suo e ora anche profeta della tecnoscienza e della biotecnologia, il quale su <em>La Repubblica <\/em>(11 giugno 2011) preconizza quanto segue: \u00abLa specie umana, unica, si avvia a essere sostituita da una molteplicit\u00e0 di specie, con un passaggio dal singolare al plurale reso inevitabile da una tecnoscienza che ci avvicina sempre pi\u00f9 al post-umano\u00bb.<\/p>\n<p style=\"text-align: justify;\">Entrando in questo mondo nuovo, pi\u00f9 che il riferimento abituale all&#8217;utopia negativa di Aldous Huxley (3), vale il ricordo di quel che scriveva G\u00fcnther Anders (4), chiedendosi, gi\u00e0 nel 1956, se l&#8217;uomo fosse antiquato: \u00abCome un pioniere, l&#8217;uomo sposta i propri confini sempre pi\u00f9 in l\u00e0, si allontana sempre pi\u00f9 da s\u00e9 stesso; si &#8220;trascende&#8221; sempre di pi\u00f9 &#8211; e anche se non s&#8217;invola in una regione sovrannaturale, tuttavia, poich\u00e9 varca i limiti congeniti della sua natura, passa in una sfera che non \u00e8 pi\u00f9 naturale, nel regno dell&#8217;ibrido e dell&#8217;artificiale\u00bb.<\/p>\n<p style=\"text-align: justify;\">Come informatore Rodot\u00e0 sembra un po&#8217; ritardatario: le stesse cose aveva preconizzato a <em>Libero, <\/em>nel 2005, il presidente dei transumanisti italiani, Riccardo Campa, il quale definiva i suoi consoci persone che \u00abvivono di tecnologia\u00bb e \u00abrifiutano l&#8217;ipocrisia antiscientifica che si sta diffondendo in Occidente\u00bb. E precisava che loro \u00absposano un&#8217;etica eudemonistica che tende alla massimizzazione della felicit\u00e0\u00bb e si rifanno a Bacone, il quale \u00absosteneva che i due scopi della scienza sono trovare la verit\u00e0 sul mondo e sconfiggere invecchiamento e morte\u00bb. Rodot\u00e0 ha, tuttavia, il merito di rendere pi\u00f9 esplicite, fin troppo per un evoluzionista, queste prospettive.<\/p>\n<p style=\"text-align: justify;\">Ecco, infatti, i loro progetti: \u00abProlungare la vita; ritardare la vecchiaia; guarire le malattie considerate incurabili; lenire il dolore; trasformare il temperamento, la statura, le caratteristiche fisiche; rafforzare ed esaltare le capacit\u00e0 intellettuali; trasformare un corpo in un altro; fabbricare nuove specie; effettuare trapianti da una specie all&#8217;altra; creare nuovi alimenti ricorrendo a sostanze oggi non usate. [&#8230;] Oggi, realisticamente, il destino del genere umano appare affidato a scienza e tecnica, che lo immergono nella storia, lo liberano progressivamente da caso e necessit\u00e0, fino a prendere congedo dalla natura\u00bb.<\/p>\n<p style=\"text-align: justify;\"><strong>Congedo dalla natura?<\/strong><\/p>\n<p style=\"text-align: justify;\">\u00abLiberarsi da caso e necessit\u00e0, fino a prendere congedo dalla natura\u00bb? Non sono forse <em>caso, ne<\/em><em>cessit\u00e0 <\/em>e <em>natura <\/em>i pilastri della teoria evoluzionista? Siamo davvero dinnanzi a un colossale passo indietro del darwinismo? E quel \u00abprendere congedo dalla natura\u00bb che cosa significa: che l&#8217;uomo post-umano non sar\u00e0 pi\u00f9 un uomo, ma una sorta di robot, sia pure di carne e ossa (per\u00f2 immarcescibili), senza bisogni (cio\u00e8 privo di desiderio, di ricerca, di speranza), immortale e pressoch\u00e9 eterno? (Ma ogni cosa in qualche modo si consuma, anche il diamante, anche il titanio e persine la coscienza che cambierebbe poco a poco la sua misura).<\/p>\n<p style=\"text-align: justify;\">C&#8217;\u00e8 da sospettarlo, perch\u00e9 Rodot\u00e0 non si ferma qui: \u00abDi fronte alla radicalit\u00e0 di questo passaggio, alla discontinuit\u00e0 che descrive, l&#8217;etica torna prepotentemente in campo, la politica si divide, il diritto si interroga sul proprio ruolo. Parole nuove ci accompagnano: biopolitica, bioetica, biodiritto. E, con esse, l&#8217;umanit\u00e0 sembra voler &#8220;uscire da s\u00e9 stessa&#8221;, nel senso almeno che si svincola dalla pura logica darwiniana <em>[allora \u00e8 vero <\/em><em>che l&#8217;evoluzionismo \u00e8 in punto di morte], <\/em>affidandosi a una evoluzione tutta legata a una tecnica direttamente governata dalle persone.<\/p>\n<p style=\"text-align: justify;\">Intorno al corpo di ciascuno si addensano le possibilit\u00e0 incessantemente offerte da biologia e genetica, dall&#8217;innovazione informatica, dalle neuroscienze, dalle nanotecnologie. Il corpo sta per trasformarsi appunto in una <em>nano-<\/em><em>bio-infoneuro machine <\/em>[&#8230;], ci appare come l&#8217;oggetto dove si manifesta e si compie una transizione che, da un canto, sembra voler spossessare la persona del suo territorio, appunto la corporeit\u00e0, facendolo &#8220;reclinare&#8221; nel virtule; e, dall&#8217;altro, ne modifica i caratteri in forme che non da oggi fanno parlare di post-umano e di trans-umano\u00bb.<\/p>\n<p style=\"text-align: justify;\"><strong>Riduzionismo &amp; transumanesimo<\/strong><\/p>\n<p style=\"text-align: justify;\">\u00c8 a questo punto che vorrei suggerire la riflessione, cui accennavo pi\u00f9 sopra, per andare oltre le preoccupazioni che i transumanisti vorrebbero infliggerci, ma che gli umani autentici giudicano risibili nella loro irrazionalit\u00e0 e ascientificit\u00e0, e invece ritengono doveroso prenderle in considerazione sotto il profilo morale. Convivono infatti, nella medesima mentalit\u00e0 o filosofia, due opposte visioni dell&#8217;uomo che, tuttavia, finiscono per coincidere: il riduzionismo e il transumanesimo di cui fin qui si \u00e8 scritto.<\/p>\n<p style=\"text-align: justify;\">Il primo riduce anche la realt\u00e0 pi\u00f9 complessa &#8211; l&#8217;uomo, la vita &#8211; a semplici e meri processi chimici e fisici. Il secondo promuove una rischiosa illusione di strapotenza. Fa credere che l&#8217;uomo non abbia limiti alla propria creativit\u00e0 o, meglio, che li possa agevolmente dominare e superare: sia i limiti fisici (la vita, la morte, la sofferenza) sia quelli etici (nessun limite alla scienza) sia quelli filosofici (l&#8217;uomo \u00e8 il creatore di s\u00e9 stesso).<\/p>\n<p style=\"text-align: justify;\">\u00c8 quest&#8217;ultima filosofia che ha posto le basi della nuova antropologia, la quale a sua volta ha prodotto la \u00abnuova questione antropologica\u00bb, come la chiam\u00f2 il cardinale Camillo Ruini alla Settimana Sociale di Bologna (2004). Potremmo definire tale nuova antropologia come quella che propugna l&#8217;\u00abuomo autopoietico\u00bb, ovvero l&#8217;\u00abuomo-che-si-fa-da-s\u00e9\u00bb, cio\u00e8 che rinuncia a essere o a credere di essere stato creato a immagine e somiglianz\u00e0 di Dio (concetto che, per il principio di reciprocit\u00e0 &#8211; in modo eretico, assurdo e utile strumentalmente a soli fini apologetici \u2014 si potrebbe anche rovesciare definendo Dio come immagine e somiglianza dell&#8217;uomo).<\/p>\n<p style=\"text-align: justify;\">In un suo libro <em>(Sulle orme del sacro, <\/em>Feltrinelli, Milano 2000), Umberto Galimberti &#8211; filosofo, psicanalista ed editorialista di <em>Repubblica \u2014 <\/em>\u00abscava profondamente in una societ\u00e0 in cui l&#8217;uomo, dopo aver assunto quelle che egli chiama le prerogative di Dio, ora soccombe all&#8217;egemonia e al potere della tecnica, una tecnica e una scienza che non riconoscono limiti n\u00e9 guardano alla natura n\u00e9 all&#8217;uomo n\u00e9 a Dio\u00bb (S. Acquaviva, <em>Il Messaggero, <\/em>7 marzo 2001).<\/p>\n<p style=\"text-align: justify;\">Insomma, l&#8217;uomo che ormai si autodefinisce \u00abun creatore\u00bb, perch\u00e9 \u00e8 riuscito a mettere le mani sui mattoncini \u00abLego\u00bb del nostro corpo, in realt\u00e0 si illude di esserlo perch\u00e9 demolisce da solo quel p\u00f2 di \u00abcreatore\u00bb che realmente \u00e8 in lui, in virt\u00f9 della sua (anche se non riconosciuta, anzi negata) somiglianza al Creatore autentico.<\/p>\n<p style=\"text-align: justify;\">In realt\u00e0, proprio la capacit\u00e0 di scoperta dell&#8217;uomo del terzo millennio prova la sua condizione di creatura priva dell&#8217;onnipotenza con cui vorrebbe modificare i propri confini, cio\u00e8 i suoi <em>limiti: <\/em>quelli che lo fanno uomo e che gli danno quelle capacit\u00e0 di comprensione e di indagine di cui mena vanto. Ho scritto \u00abcapacit\u00e0 di scoperta\u00bb e non di invenzione per non creare equivoci e perch\u00e9 i contenuti delle sue invenzioni sono sempre qualcosa che gi\u00e0 esiste e di cui non si era accorto. Poniamo l&#8217;elettricit\u00e0, le onde magnetiche, l&#8217;energia nucleare e via dicendo che, per di pi\u00f9, spesso egli usa per il male piuttosto che per il bene.<\/p>\n<p style=\"text-align: justify;\">Lo fa, perch\u00e9, come scriveva il beato Giovanni Paolo II nell\u2019<em>Evangelium Vita;, <\/em>non ha verso il creato uno \u00absguardo contemplativo\u00bb, ma un sguardo possessivo: quello contemplativo essendo \u00ablo sguardo di chi vede la vita nella sua profondit\u00e0 [&#8230;] di chi non pretende d&#8217;impossessarsi della realt\u00e0, ma l&#8217;accoglie come un dono\u00bb (cfr <em>Centesimus Annus, <\/em>37). Afferma il Concilio Vaticano II nella <em>Gau<\/em><em>dium et Spes <\/em>che \u00abchi si sforza con umilt\u00e0 e con perseveranza di scandagliare i segreti della realt\u00e0, anche senza prenderne coscienza, viene come condotto dalla mano di Dio, il quale, mantenendo in esistenza tutte le cose, fa che siano quello che sono\u00bb (n. 36).<\/p>\n<p style=\"text-align: justify;\"><strong>Riconoscersi creatura<\/strong><\/p>\n<p style=\"text-align: justify;\">\u00c8 per questo che l&#8217;uomo pi\u00f9 avanti va e pi\u00f9 s&#8217;illude di essere, per l&#8217;appunto, non solamente autopoietico, ma anche capace di <em>creare <\/em>ambienti e strumenti nuovi. L&#8217;illusione gli serve (anche filosoficamente) per nascondere il proprio limite e l&#8217;angoscia che le sue mani non siano quelle di Re Mida. Il dramma si manifesta se e quando diventa consapevole dei propri limiti, che egli invece di apprezzare disprezza.<\/p>\n<p style=\"text-align: justify;\">Eppure in quel momento scoprirebbe proprio il suo confine principale e, in esso, la sua dote maggiore e migliore, che \u00e8 la consapevolezza del proprio limite, perch\u00e9 questa, se realmente tale, \u00e8 anche ci\u00f2 che lo fa grande e unico. Gli fa riconoscere, infatti, di essere creatura di Qualcuno, che ha pensato a lui dall&#8217;eternit\u00e0. Gli da &#8211; unico nell&#8217;universo &#8211; la sapienza dei figli di Dio, il senso della libert\u00e0 e della responsabilit\u00e0, la conoscenza di essere immagine e somiglianza di Colui-che-\u00e8 (YAHWEH), la relazione di amore reciproco che lo lega al Creatore, la capacit\u00e0 di adorare l&#8217;Onnipotente, vale a dire il Senza limiti, e gli dona &#8211; infine l&#8217;attesa dell&#8217;eternit\u00e0.<\/p>\n<p style=\"text-align: justify;\">Invece, come si \u00e8 visto nella prima parte di queste riflessioni, pi\u00f9 l&#8217;uomo \u00e8 consapevole dei limiti, pi\u00f9 tenta di violarli, in qualche modo facendosi una scimmiottatura di Dio. Lo scimpanz\u00e8, che Dawkins chiama \u00absuo cugino\u00bb solo perch\u00e9 ha moltissimi geni identici ai suoi \u2014 non ha questi limiti: non quelli fisici n\u00e9 quelli etici o, meglio, non li ha soltanto perch\u00e9 non sa di averli e quindi fa tutto quello che vuole e pu\u00f2 tutto quello che fa, senza possibilit\u00e0 di scelta e di responsabilit\u00e0, di colpa e di merito, soprattutto di libert\u00e0.<\/p>\n<p style=\"text-align: justify;\"><strong>Grandezza del limite<\/strong><\/p>\n<p style=\"text-align: justify;\">\u00c8 il limite, dunque, la <em>grandezza <\/em>dell&#8217;uomo ed \u00e8 <em>grazie a <\/em>esso che \u00abegli si manifesta come essere trascendente rispetto al mondo che lo circonda\u00bb (Giovanni Paolo II, Discorso all&#8217;Accademia della vita, 3 <em>marzo <\/em>2001). \u00c8 per questo che non bisogna tentare di violarlo, vale a dire di sprecarlo. \u00c8 il limite che ci fa \u00absimili\u00bb a Dio, suoi collaboratori, perch\u00e9 gestori del creato, ma non \u00abuguali\u00bb a Dio.<\/p>\n<p style=\"text-align: justify;\">Se lo fossimo, infatti, non esisteremmo, perch\u00e9 non possono esistere pi\u00f9 \u00abd\u00e8i\u00bb. Il consiglio \u00e8, dunque, di abbandonare la via del post o del transumanesimo e di imboccare finalmente la grande strada di un umanesimo pieno, quella che ci consente di rispettare il limite nell&#8217;attesa escatologica di superarlo con il passaggio dal tempo all&#8217;eternit\u00e0.<\/p>\n<p style=\"text-align: justify;\"><strong>Note<\/strong><\/p>\n<p style=\"text-align: justify;\"><strong>1)<\/strong> Per questa parte \u00abstorica\u00bb della materia che qui si tratta ini sono rifatto a una puntata della mia rubrica domenicale \u00abControstampa\u00bb su <em>Avvenire <\/em>del 20 febbraio 2005.<\/p>\n<div>\n<p style=\"text-align: justify;\"><strong>2)<\/strong> Si tratta di un sensore che si attiva e si disattiva in presenza di luce o di buio e in modo diverso a seconda della diversit\u00e0 della luce che lo investe<br \/>\n<strong>3)<\/strong> \u00c8 l&#8217;autore di \/\/ <em>nuovo mondo (Brave <\/em><em>New World, <\/em>1932), Mondadori, Milano 2007, pp. 266, euro 14.<br \/>\n<strong>4) <\/strong>Filosofo e scrittore tedesco, nato a Breslavia, in Polonia, nel 1902 e morto nel 1992. Il suo vero cognome \u00e8 Stern<\/p>\n<\/div>\n","protected":false},"excerpt":{"rendered":"<p>Studi cattolici n.607 Settembre 2011 di Pier Giorgio Liverani I primi circoli del post e del transumanesimo si erano gi\u00e0 costituiti in Italia nel 2004, ma il loro lancio avvenne, un anno dopo, con la pubblicazione sul Corriere della sera (10 febbraio 2005) di un articolo che Francis Fukuyama, scienziato nippo-americano e presidente del Comitato &hellip; <\/p>\n<p><a class=\"more-link btn\" href=\"https:\/\/www.rassegnastampa-totustuus.it\/cattolica\/uomo-trans-umano\/\">Continua a leggere<\/a><\/p>\n","protected":false},"author":6,"featured_media":23185,"comment_status":"closed","ping_status":"open","sticky":false,"template":"","format":"standard","meta":{"footnotes":""},"categories":[4],"tags":[1991],"class_list":["post-4741","post","type-post","status-publish","format-standard","has-post-thumbnail","hentry","category-bioetica","tag-transumanesimo","item-wrap"],"yoast_head":"<!-- This site is optimized with the Yoast SEO plugin v27.5 - https:\/\/yoast.com\/product\/yoast-seo-wordpress\/ -->\n<title>Uomo &laquo;trans-umano&raquo;? - Rassegna Stampa Cattolica<\/title>\n<meta name=\"description\" content=\"Rassegna Stampa Cattolica - Per una cultura che nasce dalla Rivelazione cristiana in conformit\u00e0 alla tradizione e al Magistero della Chiesa in opposizione ad ogni relativismo e totalitarismo\" \/>\n<meta name=\"robots\" content=\"index, follow, max-snippet:-1, max-image-preview:large, max-video-preview:-1\" \/>\n<link rel=\"canonical\" href=\"https:\/\/www.rassegnastampa-totustuus.it\/cattolica\/uomo-trans-umano\/\" \/>\n<meta property=\"og:locale\" content=\"it_IT\" \/>\n<meta property=\"og:type\" content=\"article\" \/>\n<meta property=\"og:title\" content=\"Uomo &laquo;trans-umano&raquo;? - Rassegna Stampa Cattolica\" \/>\n<meta property=\"og:description\" content=\"Rassegna Stampa Cattolica - Per una cultura che nasce dalla Rivelazione cristiana in conformit\u00e0 alla tradizione e al Magistero della Chiesa in opposizione ad ogni relativismo e totalitarismo\" \/>\n<meta property=\"og:url\" content=\"https:\/\/www.rassegnastampa-totustuus.it\/cattolica\/uomo-trans-umano\/\" \/>\n<meta property=\"og:site_name\" content=\"Rassegna Stampa Cattolica\" \/>\n<meta property=\"article:publisher\" content=\"https:\/\/www.facebook.com\/rassegnastampacattolica\" \/>\n<meta property=\"article:published_time\" content=\"2011-10-19T22:00:00+00:00\" \/>\n<meta property=\"article:modified_time\" content=\"2015-04-15T09:57:56+00:00\" \/>\n<meta property=\"og:image\" content=\"https:\/\/www.rassegnastampa-totustuus.it\/cattolica\/wp-content\/uploads\/2011\/10\/transumano.jpg\" \/>\n\t<meta property=\"og:image:width\" content=\"251\" \/>\n\t<meta property=\"og:image:height\" content=\"201\" \/>\n\t<meta property=\"og:image:type\" content=\"image\/jpeg\" \/>\n<meta name=\"author\" content=\"Redazione\" \/>\n<meta name=\"twitter:card\" content=\"summary_large_image\" \/>\n<meta name=\"twitter:creator\" content=\"@rassegnastampa9\" \/>\n<meta name=\"twitter:site\" content=\"@rassegnastampa9\" \/>\n<meta name=\"twitter:label1\" content=\"Scritto da\" \/>\n\t<meta name=\"twitter:data1\" content=\"Redazione\" \/>\n\t<meta name=\"twitter:label2\" content=\"Tempo di lettura stimato\" \/>\n\t<meta name=\"twitter:data2\" content=\"13 minuti\" \/>\n<script type=\"application\/ld+json\" class=\"yoast-schema-graph\">{\"@context\":\"https:\\\/\\\/schema.org\",\"@graph\":[{\"@type\":\"Article\",\"@id\":\"https:\\\/\\\/www.rassegnastampa-totustuus.it\\\/cattolica\\\/uomo-trans-umano\\\/#article\",\"isPartOf\":{\"@id\":\"https:\\\/\\\/www.rassegnastampa-totustuus.it\\\/cattolica\\\/uomo-trans-umano\\\/\"},\"author\":{\"name\":\"Redazione\",\"@id\":\"https:\\\/\\\/www.rassegnastampa-totustuus.it\\\/cattolica\\\/#\\\/schema\\\/person\\\/08f319d2bd1a0904ad9e2bfb7b15e5c3\"},\"headline\":\"Uomo &laquo;trans-umano&raquo;?\",\"datePublished\":\"2011-10-19T22:00:00+00:00\",\"dateModified\":\"2015-04-15T09:57:56+00:00\",\"mainEntityOfPage\":{\"@id\":\"https:\\\/\\\/www.rassegnastampa-totustuus.it\\\/cattolica\\\/uomo-trans-umano\\\/\"},\"wordCount\":2662,\"publisher\":{\"@id\":\"https:\\\/\\\/www.rassegnastampa-totustuus.it\\\/cattolica\\\/#organization\"},\"image\":{\"@id\":\"https:\\\/\\\/www.rassegnastampa-totustuus.it\\\/cattolica\\\/uomo-trans-umano\\\/#primaryimage\"},\"thumbnailUrl\":\"https:\\\/\\\/www.rassegnastampa-totustuus.it\\\/cattolica\\\/wp-content\\\/uploads\\\/2011\\\/10\\\/transumano.jpg\",\"keywords\":[\"transumanesimo\"],\"articleSection\":[\"Bioetica\"],\"inLanguage\":\"it-IT\"},{\"@type\":\"WebPage\",\"@id\":\"https:\\\/\\\/www.rassegnastampa-totustuus.it\\\/cattolica\\\/uomo-trans-umano\\\/\",\"url\":\"https:\\\/\\\/www.rassegnastampa-totustuus.it\\\/cattolica\\\/uomo-trans-umano\\\/\",\"name\":\"Uomo &laquo;trans-umano&raquo;? - Rassegna Stampa Cattolica\",\"isPartOf\":{\"@id\":\"https:\\\/\\\/www.rassegnastampa-totustuus.it\\\/cattolica\\\/#website\"},\"primaryImageOfPage\":{\"@id\":\"https:\\\/\\\/www.rassegnastampa-totustuus.it\\\/cattolica\\\/uomo-trans-umano\\\/#primaryimage\"},\"image\":{\"@id\":\"https:\\\/\\\/www.rassegnastampa-totustuus.it\\\/cattolica\\\/uomo-trans-umano\\\/#primaryimage\"},\"thumbnailUrl\":\"https:\\\/\\\/www.rassegnastampa-totustuus.it\\\/cattolica\\\/wp-content\\\/uploads\\\/2011\\\/10\\\/transumano.jpg\",\"datePublished\":\"2011-10-19T22:00:00+00:00\",\"dateModified\":\"2015-04-15T09:57:56+00:00\",\"description\":\"Rassegna Stampa Cattolica - Per una cultura che nasce dalla Rivelazione cristiana in conformit\u00e0 alla tradizione e al Magistero della Chiesa in opposizione ad ogni relativismo e totalitarismo\",\"breadcrumb\":{\"@id\":\"https:\\\/\\\/www.rassegnastampa-totustuus.it\\\/cattolica\\\/uomo-trans-umano\\\/#breadcrumb\"},\"inLanguage\":\"it-IT\",\"potentialAction\":[{\"@type\":\"ReadAction\",\"target\":[\"https:\\\/\\\/www.rassegnastampa-totustuus.it\\\/cattolica\\\/uomo-trans-umano\\\/\"]}]},{\"@type\":\"ImageObject\",\"inLanguage\":\"it-IT\",\"@id\":\"https:\\\/\\\/www.rassegnastampa-totustuus.it\\\/cattolica\\\/uomo-trans-umano\\\/#primaryimage\",\"url\":\"https:\\\/\\\/www.rassegnastampa-totustuus.it\\\/cattolica\\\/wp-content\\\/uploads\\\/2011\\\/10\\\/transumano.jpg\",\"contentUrl\":\"https:\\\/\\\/www.rassegnastampa-totustuus.it\\\/cattolica\\\/wp-content\\\/uploads\\\/2011\\\/10\\\/transumano.jpg\",\"width\":251,\"height\":201},{\"@type\":\"BreadcrumbList\",\"@id\":\"https:\\\/\\\/www.rassegnastampa-totustuus.it\\\/cattolica\\\/uomo-trans-umano\\\/#breadcrumb\",\"itemListElement\":[{\"@type\":\"ListItem\",\"position\":1,\"name\":\"Home\",\"item\":\"https:\\\/\\\/www.rassegnastampa-totustuus.it\\\/cattolica\\\/\"},{\"@type\":\"ListItem\",\"position\":2,\"name\":\"Uomo &laquo;trans-umano&raquo;?\"}]},{\"@type\":\"WebSite\",\"@id\":\"https:\\\/\\\/www.rassegnastampa-totustuus.it\\\/cattolica\\\/#website\",\"url\":\"https:\\\/\\\/www.rassegnastampa-totustuus.it\\\/cattolica\\\/\",\"name\":\"Rassegna Stampa Cattolica\",\"description\":\"Per una cultura che nasce dalla Rivelazione cristiana in conformit\u00e0 alla tradizione e al Magistero della Chiesa in opposizione ad ogni relativismo e totalitarismo\",\"publisher\":{\"@id\":\"https:\\\/\\\/www.rassegnastampa-totustuus.it\\\/cattolica\\\/#organization\"},\"alternateName\":\"Rass. Cattolica\",\"potentialAction\":[{\"@type\":\"SearchAction\",\"target\":{\"@type\":\"EntryPoint\",\"urlTemplate\":\"https:\\\/\\\/www.rassegnastampa-totustuus.it\\\/cattolica\\\/?s={search_term_string}\"},\"query-input\":{\"@type\":\"PropertyValueSpecification\",\"valueRequired\":true,\"valueName\":\"search_term_string\"}}],\"inLanguage\":\"it-IT\"},{\"@type\":\"Organization\",\"@id\":\"https:\\\/\\\/www.rassegnastampa-totustuus.it\\\/cattolica\\\/#organization\",\"name\":\"Rassegna Stampa Cattolica\",\"url\":\"https:\\\/\\\/www.rassegnastampa-totustuus.it\\\/cattolica\\\/\",\"logo\":{\"@type\":\"ImageObject\",\"inLanguage\":\"it-IT\",\"@id\":\"https:\\\/\\\/www.rassegnastampa-totustuus.it\\\/cattolica\\\/#\\\/schema\\\/logo\\\/image\\\/\",\"url\":\"https:\\\/\\\/www.rassegnastampa-totustuus.it\\\/cattolica\\\/wp-content\\\/uploads\\\/2014\\\/04\\\/logo-rassegna1.gif\",\"contentUrl\":\"https:\\\/\\\/www.rassegnastampa-totustuus.it\\\/cattolica\\\/wp-content\\\/uploads\\\/2014\\\/04\\\/logo-rassegna1.gif\",\"width\":600,\"height\":163,\"caption\":\"Rassegna Stampa Cattolica\"},\"image\":{\"@id\":\"https:\\\/\\\/www.rassegnastampa-totustuus.it\\\/cattolica\\\/#\\\/schema\\\/logo\\\/image\\\/\"},\"sameAs\":[\"https:\\\/\\\/www.facebook.com\\\/rassegnastampacattolica\",\"https:\\\/\\\/x.com\\\/rassegnastampa9\"]},{\"@type\":\"Person\",\"@id\":\"https:\\\/\\\/www.rassegnastampa-totustuus.it\\\/cattolica\\\/#\\\/schema\\\/person\\\/08f319d2bd1a0904ad9e2bfb7b15e5c3\",\"name\":\"Redazione\",\"image\":{\"@type\":\"ImageObject\",\"inLanguage\":\"it-IT\",\"@id\":\"https:\\\/\\\/secure.gravatar.com\\\/avatar\\\/2fcdf27c78ea025fbdb44e914cc63c72249ffec9dc8aafd5c82b26240ef3f346?s=96&d=mm&r=g\",\"url\":\"https:\\\/\\\/secure.gravatar.com\\\/avatar\\\/2fcdf27c78ea025fbdb44e914cc63c72249ffec9dc8aafd5c82b26240ef3f346?s=96&d=mm&r=g\",\"contentUrl\":\"https:\\\/\\\/secure.gravatar.com\\\/avatar\\\/2fcdf27c78ea025fbdb44e914cc63c72249ffec9dc8aafd5c82b26240ef3f346?s=96&d=mm&r=g\",\"caption\":\"Redazione\"},\"url\":\"https:\\\/\\\/www.rassegnastampa-totustuus.it\\\/cattolica\\\/author\\\/pietroelle\\\/\"}]}<\/script>\n<!-- \/ Yoast SEO plugin. -->","yoast_head_json":{"title":"Uomo &laquo;trans-umano&raquo;? - Rassegna Stampa Cattolica","description":"Rassegna Stampa Cattolica - Per una cultura che nasce dalla Rivelazione cristiana in conformit\u00e0 alla tradizione e al Magistero della Chiesa in opposizione ad ogni relativismo e totalitarismo","robots":{"index":"index","follow":"follow","max-snippet":"max-snippet:-1","max-image-preview":"max-image-preview:large","max-video-preview":"max-video-preview:-1"},"canonical":"https:\/\/www.rassegnastampa-totustuus.it\/cattolica\/uomo-trans-umano\/","og_locale":"it_IT","og_type":"article","og_title":"Uomo &laquo;trans-umano&raquo;? - Rassegna Stampa Cattolica","og_description":"Rassegna Stampa Cattolica - Per una cultura che nasce dalla Rivelazione cristiana in conformit\u00e0 alla tradizione e al Magistero della Chiesa in opposizione ad ogni relativismo e totalitarismo","og_url":"https:\/\/www.rassegnastampa-totustuus.it\/cattolica\/uomo-trans-umano\/","og_site_name":"Rassegna Stampa Cattolica","article_publisher":"https:\/\/www.facebook.com\/rassegnastampacattolica","article_published_time":"2011-10-19T22:00:00+00:00","article_modified_time":"2015-04-15T09:57:56+00:00","og_image":[{"width":251,"height":201,"url":"https:\/\/www.rassegnastampa-totustuus.it\/cattolica\/wp-content\/uploads\/2011\/10\/transumano.jpg","type":"image\/jpeg"}],"author":"Redazione","twitter_card":"summary_large_image","twitter_creator":"@rassegnastampa9","twitter_site":"@rassegnastampa9","twitter_misc":{"Scritto da":"Redazione","Tempo di lettura stimato":"13 minuti"},"schema":{"@context":"https:\/\/schema.org","@graph":[{"@type":"Article","@id":"https:\/\/www.rassegnastampa-totustuus.it\/cattolica\/uomo-trans-umano\/#article","isPartOf":{"@id":"https:\/\/www.rassegnastampa-totustuus.it\/cattolica\/uomo-trans-umano\/"},"author":{"name":"Redazione","@id":"https:\/\/www.rassegnastampa-totustuus.it\/cattolica\/#\/schema\/person\/08f319d2bd1a0904ad9e2bfb7b15e5c3"},"headline":"Uomo &laquo;trans-umano&raquo;?","datePublished":"2011-10-19T22:00:00+00:00","dateModified":"2015-04-15T09:57:56+00:00","mainEntityOfPage":{"@id":"https:\/\/www.rassegnastampa-totustuus.it\/cattolica\/uomo-trans-umano\/"},"wordCount":2662,"publisher":{"@id":"https:\/\/www.rassegnastampa-totustuus.it\/cattolica\/#organization"},"image":{"@id":"https:\/\/www.rassegnastampa-totustuus.it\/cattolica\/uomo-trans-umano\/#primaryimage"},"thumbnailUrl":"https:\/\/www.rassegnastampa-totustuus.it\/cattolica\/wp-content\/uploads\/2011\/10\/transumano.jpg","keywords":["transumanesimo"],"articleSection":["Bioetica"],"inLanguage":"it-IT"},{"@type":"WebPage","@id":"https:\/\/www.rassegnastampa-totustuus.it\/cattolica\/uomo-trans-umano\/","url":"https:\/\/www.rassegnastampa-totustuus.it\/cattolica\/uomo-trans-umano\/","name":"Uomo &laquo;trans-umano&raquo;? - Rassegna Stampa Cattolica","isPartOf":{"@id":"https:\/\/www.rassegnastampa-totustuus.it\/cattolica\/#website"},"primaryImageOfPage":{"@id":"https:\/\/www.rassegnastampa-totustuus.it\/cattolica\/uomo-trans-umano\/#primaryimage"},"image":{"@id":"https:\/\/www.rassegnastampa-totustuus.it\/cattolica\/uomo-trans-umano\/#primaryimage"},"thumbnailUrl":"https:\/\/www.rassegnastampa-totustuus.it\/cattolica\/wp-content\/uploads\/2011\/10\/transumano.jpg","datePublished":"2011-10-19T22:00:00+00:00","dateModified":"2015-04-15T09:57:56+00:00","description":"Rassegna Stampa Cattolica - Per una cultura che nasce dalla Rivelazione cristiana in conformit\u00e0 alla tradizione e al Magistero della Chiesa in opposizione ad ogni relativismo e totalitarismo","breadcrumb":{"@id":"https:\/\/www.rassegnastampa-totustuus.it\/cattolica\/uomo-trans-umano\/#breadcrumb"},"inLanguage":"it-IT","potentialAction":[{"@type":"ReadAction","target":["https:\/\/www.rassegnastampa-totustuus.it\/cattolica\/uomo-trans-umano\/"]}]},{"@type":"ImageObject","inLanguage":"it-IT","@id":"https:\/\/www.rassegnastampa-totustuus.it\/cattolica\/uomo-trans-umano\/#primaryimage","url":"https:\/\/www.rassegnastampa-totustuus.it\/cattolica\/wp-content\/uploads\/2011\/10\/transumano.jpg","contentUrl":"https:\/\/www.rassegnastampa-totustuus.it\/cattolica\/wp-content\/uploads\/2011\/10\/transumano.jpg","width":251,"height":201},{"@type":"BreadcrumbList","@id":"https:\/\/www.rassegnastampa-totustuus.it\/cattolica\/uomo-trans-umano\/#breadcrumb","itemListElement":[{"@type":"ListItem","position":1,"name":"Home","item":"https:\/\/www.rassegnastampa-totustuus.it\/cattolica\/"},{"@type":"ListItem","position":2,"name":"Uomo &laquo;trans-umano&raquo;?"}]},{"@type":"WebSite","@id":"https:\/\/www.rassegnastampa-totustuus.it\/cattolica\/#website","url":"https:\/\/www.rassegnastampa-totustuus.it\/cattolica\/","name":"Rassegna Stampa Cattolica","description":"Per una cultura che nasce dalla Rivelazione cristiana in conformit\u00e0 alla tradizione e al Magistero della Chiesa in opposizione ad ogni relativismo e totalitarismo","publisher":{"@id":"https:\/\/www.rassegnastampa-totustuus.it\/cattolica\/#organization"},"alternateName":"Rass. Cattolica","potentialAction":[{"@type":"SearchAction","target":{"@type":"EntryPoint","urlTemplate":"https:\/\/www.rassegnastampa-totustuus.it\/cattolica\/?s={search_term_string}"},"query-input":{"@type":"PropertyValueSpecification","valueRequired":true,"valueName":"search_term_string"}}],"inLanguage":"it-IT"},{"@type":"Organization","@id":"https:\/\/www.rassegnastampa-totustuus.it\/cattolica\/#organization","name":"Rassegna Stampa Cattolica","url":"https:\/\/www.rassegnastampa-totustuus.it\/cattolica\/","logo":{"@type":"ImageObject","inLanguage":"it-IT","@id":"https:\/\/www.rassegnastampa-totustuus.it\/cattolica\/#\/schema\/logo\/image\/","url":"https:\/\/www.rassegnastampa-totustuus.it\/cattolica\/wp-content\/uploads\/2014\/04\/logo-rassegna1.gif","contentUrl":"https:\/\/www.rassegnastampa-totustuus.it\/cattolica\/wp-content\/uploads\/2014\/04\/logo-rassegna1.gif","width":600,"height":163,"caption":"Rassegna Stampa Cattolica"},"image":{"@id":"https:\/\/www.rassegnastampa-totustuus.it\/cattolica\/#\/schema\/logo\/image\/"},"sameAs":["https:\/\/www.facebook.com\/rassegnastampacattolica","https:\/\/x.com\/rassegnastampa9"]},{"@type":"Person","@id":"https:\/\/www.rassegnastampa-totustuus.it\/cattolica\/#\/schema\/person\/08f319d2bd1a0904ad9e2bfb7b15e5c3","name":"Redazione","image":{"@type":"ImageObject","inLanguage":"it-IT","@id":"https:\/\/secure.gravatar.com\/avatar\/2fcdf27c78ea025fbdb44e914cc63c72249ffec9dc8aafd5c82b26240ef3f346?s=96&d=mm&r=g","url":"https:\/\/secure.gravatar.com\/avatar\/2fcdf27c78ea025fbdb44e914cc63c72249ffec9dc8aafd5c82b26240ef3f346?s=96&d=mm&r=g","contentUrl":"https:\/\/secure.gravatar.com\/avatar\/2fcdf27c78ea025fbdb44e914cc63c72249ffec9dc8aafd5c82b26240ef3f346?s=96&d=mm&r=g","caption":"Redazione"},"url":"https:\/\/www.rassegnastampa-totustuus.it\/cattolica\/author\/pietroelle\/"}]}},"_links":{"self":[{"href":"https:\/\/www.rassegnastampa-totustuus.it\/cattolica\/wp-json\/wp\/v2\/posts\/4741","targetHints":{"allow":["GET"]}}],"collection":[{"href":"https:\/\/www.rassegnastampa-totustuus.it\/cattolica\/wp-json\/wp\/v2\/posts"}],"about":[{"href":"https:\/\/www.rassegnastampa-totustuus.it\/cattolica\/wp-json\/wp\/v2\/types\/post"}],"author":[{"embeddable":true,"href":"https:\/\/www.rassegnastampa-totustuus.it\/cattolica\/wp-json\/wp\/v2\/users\/6"}],"replies":[{"embeddable":true,"href":"https:\/\/www.rassegnastampa-totustuus.it\/cattolica\/wp-json\/wp\/v2\/comments?post=4741"}],"version-history":[{"count":3,"href":"https:\/\/www.rassegnastampa-totustuus.it\/cattolica\/wp-json\/wp\/v2\/posts\/4741\/revisions"}],"predecessor-version":[{"id":23186,"href":"https:\/\/www.rassegnastampa-totustuus.it\/cattolica\/wp-json\/wp\/v2\/posts\/4741\/revisions\/23186"}],"wp:featuredmedia":[{"embeddable":true,"href":"https:\/\/www.rassegnastampa-totustuus.it\/cattolica\/wp-json\/wp\/v2\/media\/23185"}],"wp:attachment":[{"href":"https:\/\/www.rassegnastampa-totustuus.it\/cattolica\/wp-json\/wp\/v2\/media?parent=4741"}],"wp:term":[{"taxonomy":"category","embeddable":true,"href":"https:\/\/www.rassegnastampa-totustuus.it\/cattolica\/wp-json\/wp\/v2\/categories?post=4741"},{"taxonomy":"post_tag","embeddable":true,"href":"https:\/\/www.rassegnastampa-totustuus.it\/cattolica\/wp-json\/wp\/v2\/tags?post=4741"}],"curies":[{"name":"wp","href":"https:\/\/api.w.org\/{rel}","templated":true}]}}