{"id":4737,"date":"2011-10-17T10:41:05","date_gmt":"2011-10-17T08:41:05","guid":{"rendered":""},"modified":"2015-04-13T17:31:30","modified_gmt":"2015-04-13T15:31:30","slug":"memoria-di-carlo-daustria-1887-1922","status":"publish","type":"post","link":"https:\/\/www.rassegnastampa-totustuus.it\/cattolica\/memoria-di-carlo-daustria-1887-1922\/","title":{"rendered":"Memoria di Carlo d&#8217;Austria (1887-1922)"},"content":{"rendered":"<div>\n<p style=\"text-align: center;\"><a href=\"https:\/\/www.rassegnastampa-totustuus.it\/cattolica\/wp-content\/uploads\/2011\/10\/Carlo-dAustria.jpg\"><img loading=\"lazy\" decoding=\"async\" class=\"alignright wp-image-23027\" src=\"https:\/\/www.rassegnastampa-totustuus.it\/cattolica\/wp-content\/uploads\/2011\/10\/Carlo-dAustria.jpg\" alt=\"Carlo d'Austria\" width=\"189\" height=\"250\" \/><\/a>Dal sito <a href=\"http:\/\/www.identitanazionale.it\/\" target=\"_blank\"><strong>Identit\u00e0 nazionale<\/strong><\/a> 17 settembre 2010<\/p>\n<\/div>\n<p style=\"text-align: center;\">di <strong>Marco Invernizzi<\/strong><\/p>\n<p style=\"text-align: justify;\">Rievocare la figura del beato Carlo d\u2019Austria (17 agosto 1887-1 aprile 1922) significa ricordare un modello di santit\u00e0 laicale che la Chiesa cattolica ci propone \u2014 anche se Carlo non \u00e8 ancora stato canonizzato \u2014, nonch\u00e9 riandare alla storia di una famiglia come la sua che ha legato per settecento anni il suo nome ai destini d\u2019Europa, servendo politicamente molti dei suoi popoli e prodigandosi anche perch\u00e9 rimanesse fedele alle proprie radici cristiane.<\/p>\n<p><!--more--><\/p>\n<div style=\"text-align: justify;\">Ho imparato ad amare Carlo d\u2019Asburgo negli incontri di formazione di Alleanza Cattolica, dove si \u00e8 sempre pregato e si continua a pregare per la sua canonizzazione, e l\u2019ho sempre ricordato, bench\u00e9 senza quella nostalgia che caratterizza spesso la devozione a uomini del passato che, a diverso titolo, hanno incarnato con la loro vita, emblematizzandolo, un ordine sociale e politico diverso e dalle caratteristiche molto lontane da quelle del mondo contemporaneo, un mondo che in qualche modo nasce con la Rivoluzione del 1789 e, in Italia, con il Risorgimento.<\/div>\n<p style=\"text-align: justify;\">La nostalgia \u00e8 un sentimento comprensibile in chi ha fatto l\u2019esperienza concreta di entrambi gli ordini, ma diventa sempre meno efficace quando si cerca di trasmetterla a \u00e8 nato dopo, che non conosce quindi la precedente esperienza politica.<\/p>\n<p style=\"text-align: justify;\">Vorrei portare il mio piccolissimo contributo in tal senso, affinch\u00e9 cio\u00e8 non si ricordi Carlo d&#8217;Asburgo come l\u2019uomo di un passato, magari splendido e affascinante, ma irrimediabilmente trascorso. In altre parole, non solo come un uomo della <em>felix Austria<\/em>, ma anche come un beato cattolico, perch\u00e9 laico consapevole e impegnato in una missione, marito e padre esemplare di una numerosa famiglia, capo di Stato e uomo politico premuroso per la sorte dei popoli affidatigli dalla Provvidenza: qualcuno, cio\u00e8, che ci pu\u00f2 insegnare alcune cose importanti anche oggi e utili per il futuro della nostra Europa.<\/p>\n<p style=\"text-align: justify;\"><strong>1. <em>L\u2019ultimo imperatore<\/em><\/strong><\/p>\n<p style=\"text-align: justify;\">La prima osservazione che propongo riguarda la cultura politica di cui Carlo \u00e8 stato espressione, una cultura che normalmente traspare dal modo pi\u00f9 comune di presentarlo, cio\u00e8 come \u00abl\u2019ultimo imperatore\u00bb.<\/p>\n<p style=\"text-align: justify;\">L\u2019idea d\u2019impero oggi \u00e8 normalmente associata a quella di conquista, di dominio, di oppressione di popoli liberi, che vorrebbero diventare nazioni politicamente indipendenti. Con la sconfitta, al termine della prima guerra mondiale, nel 1918, quella sconfitta che costringer\u00e0 Carlo all\u2019esilio, finiscono in Europa gl\u2019imperi, almeno quegl\u2019imperi che ne avevano contrassegnato la storia dopo la Restaurazione del 1815: l\u2019impero germanico, quello ottomano e appunto quello austro-ungarico, erede in qualche modo del Sacro Romano Impero medievale. Sempre durante la Grande Guerra, in conseguenza della Rivoluzione bolscevica dell\u2019ottobre del 1917, era scomparso anche l\u2019impero degli Czar in Russia.<\/p>\n<p style=\"text-align: justify;\">Nei libri di storia spesso si confonde l\u2019imperialismo degli Stati dei secoli XIX e XX, che a volte ha rappresentato una forma di espansionismo nazionalista che sottometteva o sfruttava altri popoli, con l\u2019idea d\u2019impero cos\u00ec come si \u00e8 sviluppata in Occidente nell\u2019antichit\u00e0, con Roma e soprattutto con la formazione appunto del Sacro Romano Impero.<\/p>\n<p style=\"text-align: justify;\">Una aggregazione, questa, di diversi popoli, ciascuno dei quali manteneva le proprie caratteristiche culturali, ma si univa in un\u2019unica famiglia di nazioni, si impegnava a osservare una legge comune e a riconoscere l\u2019autorit\u00e0 di una famiglia imperiale, la quale appunto ha il compito istituzionale di garantire l\u2019esistenza e i diritti di ciascun popolo che vive nei confini dell\u2019impero medesimo.<\/p>\n<p style=\"text-align: justify;\">Naturalmente nella storia degli imperi non mancano ingiustizie e soprusi e spesso la realt\u00e0 umana, con le sue debolezze e incoerenze, ha offuscato l\u2019ideale che avrebbe dovuto servire, cio\u00e8 la creazione di pi\u00f9 ampi spazi geografici di civilt\u00e0.<\/p>\n<p style=\"text-align: justify;\">Ma mi preme di sottolineare come il \u00abmondo di Carlo\u00bb fosse profondamente diverso da quello creato da quel nazionalismo che si diffonde nel secolo XIX e trionfa con la Grande Guerra. Questa, in particolare con il trattato di Versailles del 1919, dar\u00e0 vita a una Europa di sedicenti Stati-nazione \u2014 ciascuno infatti in realt\u00e0 incorpora porzioni pi\u00f9 o meno ampie di nazionalit\u00e0 allogene \u2014 che si guardano in cagnesco, pieni di rancore e di odio l\u2019uno contro gli altri, pronti a riprendere la via delle armi, come tragicamente avverr\u00e0 vent\u2019anni dopo, con la Seconda guerra mondiale.<\/p>\n<p style=\"text-align: justify;\">Il mondo che Carlo rappresenta aveva tenuto insieme, seppure con tante difficolt\u00e0, popoli di religione, di storia e di cultura diverse, fra cui anche italiani, nel Tirolo meridionale, nel Friuli e nella Venezia Giulia, e prima ancora in Veneto e in Lombardia. Proprio Carlo avrebbe voluto unire i suoi popoli attraverso un patto federale che coinvolgesse nell\u2019impero i cechi e gli slavi, concedendo loro quell\u2019autonomia che avevano gi\u00e0 gli ungheresi, perch\u00e9 si era reso conto che la malattia del nazionalismo, cos\u00ec come in un altro campo quella del giurisdizionalismo ostile alla Chiesa, aveva contagiato anche l\u2019Impero che era stato chiamato a guidare.<\/p>\n<p style=\"text-align: justify;\">Ma non ebbe il tempo di fare quanto si era proposto.<\/p>\n<p style=\"text-align: justify;\">La diversit\u00e0 fra il \u00abmondo di Carlo\u00bb e quello successivo non sta nel fatto che prima gli uomini erano migliori. La differenza sta nell\u2019irruzione delle ideologie, che in pochi decenni travolgono istituzioni umane certamente perfettibili e incapaci di risolvere tutti i problemi, ma che per secoli avevano impedito lo scatenarsi di quell\u2019odio bestiale che caratterizzer\u00e0 le due guerre mondiali e in generale il secolo XX, \u00abil secolo delle idee assassine\u00bb.<\/p>\n<p style=\"text-align: justify;\">In particolare \u00e8 l\u2019\u00abidea di nazione\u00bb, concepita come una religione che avrebbe dovuto sostituire il cristianesimo, a penetrare nel cuore degli uomini europei dopo il 1789 e a caratterizzare tutto il secolo XIX. Lo storico Federico Chabod lo ha spiegato nelle sue lezioni tenute all\u2019universit\u00e0 di Milano alla fine della seconda guerra mondiale, poi raccolte nel libro, ormai diventato un classico, <em>L\u2019idea di nazione<\/em> (Laterza, Bari 1961; n. ed. Laterza, Roma-Bari 2008).<\/p>\n<p style=\"text-align: justify;\">Quello novecentesco \u00e8 un nazionalismo che non ha nulla a che vedere con l\u2019amore per la patria. Quest\u2019ultimo esisteva anche all\u2019interno degli imperi e possedeva una propria dignit\u00e0 culturale. E la dottrina sociale della Chiesa, alla quale Carlo faceva esplicitamente riferimento come modello della sua azione politica, non nega la possibilit\u00e0 e l\u2019opportunit\u00e0 che storicamente alcune nazioni possano acquisire una indipendenza anche politica: ma questo non deve andare a scapito della giustizia.<\/p>\n<p style=\"text-align: justify;\">Su questo punto hanno scritto pagine importanti padre Luigi Taparelli d\u2019Azeglio (1793-1862), anche riferendosi al lungo dibattito che accompagn\u00f2 il Risorgimento italiano, cos\u00ec come il beato Antonio Rosmini (1797-1855).<\/p>\n<p style=\"text-align: justify;\">Quello che per\u00f2 \u00e8 certo e inaccettabile nella vicenda di Carlo d\u2019Asburgo \u00e8 che l\u2019odio profondo che accompagna il nazionalismo volle alla fine della guerra la morte dell\u2019Impero austriaco anche quando quest\u2019ultimo avrebbe potuto sopravvivere in altra forma, come ordine federale e plurinazionale e, soprattutto, senza perdere la sua radice cristiana. In fondo il cristianesimo, nella sua dimensione pubblica, era il vero obbiettivo del nazionalismo ottocentesco, in questo sostenuto da diverse logge massoniche: l\u2019idea moderna di nazione era incompatibile con una concezione dell\u2019uomo e del mondo che metteva la patria al giusto, non all\u2019unico posto nella gerarchia dei valori.<\/p>\n<p style=\"text-align: justify;\"><strong>2. Carlo e la pace<\/strong><\/p>\n<p style=\"text-align: justify;\">Il contrario dell&#8217;odio \u00e8 l\u2019amore, e soltanto l\u2019amore genera la pace, anche nelle e fra le nazioni. Dalla diffusione dell\u2019odio nazionalista non poteva nascere che un mondo segnato dall\u2019odio, un odio sempre pi\u00f9 intenso. Di quest\u2019odio etnico e nazionalista abbiamo potuto vedere ancora gli effetti devastanti nella guerra nei Balcani successiva al crollo del Muro di Berlino, negli anni 1990.<\/p>\n<p style=\"text-align: justify;\">Quanti in questi giorni invocarono un arbitro capace di intervenire e porre fine ai massacri non fecero altro che riconoscere a posteriori l\u2019importante ruolo svolto in quel contesto geografico cos\u00ec affollato di popoli, di culture e di religioni in conflitto dall\u2019impero, che per secoli fu il rifugio, il guscio protettore per tanti popoli, ammortizzandone le diversit\u00e0, come mai gli Stati nazionali riusciranno a fare.<\/p>\n<p style=\"text-align: justify;\">Costretto all\u2019esilio a causa di una guerra che non aveva voluto n\u00e9 potuto evitare e che tenter\u00e0 di concludere non appena salito al trono, Carlo d\u2019Asburgo fu un uomo di pace. Non un pacifista, che usa la pace come arma per fare saltare gli equilibri, cos\u00ec come fanno i nazionalisti con l\u2019amore di patria, ma certamente un uomo che cerc\u00f2 di porre fine a un conflitto immane, di cui aveva colto il volto satanico, appunto perch\u00e9 frutto di un odio che non si sarebbe fermato.<\/p>\n<p style=\"text-align: justify;\">Non \u00e8 un caso, ma un segno della Provvidenza che opera nella storia, il fatto che Carlo esce dalla scena pubblica l\u2019anno successivo alle apparizioni della Madonna a Fatima, dove l\u2019odio che avrebbe potuto distruggere l\u2019umanit\u00e0 viene non soltanto denunciato e descritto, ma del quale vengono anche suggerite le contromisure spirituali per contrastarlo. L\u2019ondata di odio che aveva portato al primo conflitto mondiale non si sarebbe fermato e una nuova e peggiore guerra sarebbe scoppiata solo vent\u2019anni dopo: questo la Madonna predisse a Fatima.<\/p>\n<p style=\"text-align: justify;\">All\u2019ideologia che propugnava l\u2019inimicizia fra le nazioni si sarebbe accostata e contrapposta quella che affermava la necessit\u00e0 della lotta fra le classi sociali, una ideologia che avrebbe diffuso i suoi errori in tutto mondo attraverso la Russia, diventata comunista proprio nell\u2019ottobre del 1917, quando le apparizioni di Fatima avranno fine. Entrambe le ideologie avrebbero perseguitato la Chiesa e conquistato molti popoli, che avrebbero dovuto soffrire moltissimo.<\/p>\n<p style=\"text-align: justify;\">Per decenni i popoli dell\u2019impero di Carlo avrebbero invocato un potere liberatore dal comunismo, capace di porre fine alle loro sofferenze. Cos\u00ec sar\u00e0 in Polonia e a Budapest nel 1956 e, poi, a Praga nel 1968. Quanti, allora, soprattutto gli anziani, avranno fatto il confronto fra i due imperi, quello scomparso con Carlo d\u2019Asburgo e quello sovietico, estesosi a tutta l\u2019Europa orientale dopo il 1945. Quanti avranno riflettuto sulla radicale differenza che esiste fra un impero nato dall\u2019incontro \u2014 e anche dagli scontri \u2014 fra popoli diversi e un altro nato per imporre un\u2019ideologia totale e internazionalista.<\/p>\n<p style=\"text-align: justify;\">\u00c8 singolare, ma non \u00e8 un caso, che don Jozsef Mindszenty (1892-1975), il futuro cardinale primate di Ungheria, campione della <em>libertas Ecclesiae<\/em> contro il dominio sovietico, allora giovane sacerdote, dicesse nel 1921, davanti al tentativo di restaurazione di Carlo in Ungheria: <em>\u00abSe solo avessi un poco di potere, il re non dovrebbe lasciarci come un cane bastonato, ma andrebbe in trionfo a Buda, l\u00ec nel luogo che gli appartiene, a palazzo reale\u00bb<\/em>. Ma come sappiamo, lo trad\u00ec un ammiraglio calvinista e nazionalista, Mikl\u00f3s Horthy (1868-1957), lo stesso che porter\u00e0 l\u2019Ungheria fra le braccia di Hitler.<\/p>\n<p style=\"text-align: justify;\">Carlo ci pu\u00f2 aiutare a riflettere sulla storia di Europa, a meditare sulle radici dei nostri errori e sull\u2019armonia del mondo che con lui scompariva. Senza nostalgia, appunto, perch\u00e9 anche quel mondo era segnato dal peccato e dalle debolezze umane e perch\u00e9 comunque non potr\u00e0 ritornare. Ma a quel mondo si pu\u00f2 e si deve guardare con amore per la verit\u00e0, cercandola e non creandola invece per interessi ideologici.<\/p>\n<p style=\"text-align: justify;\">E allora si trover\u00e0 che con Carlo d\u2019Asburgo muore un mondo storico che non solo continua a stupire per la bellezza dei suoi monumenti, della sua letteratura, delle opere che ha costruito in tanti campi dell\u2019attivit\u00e0 umana, ma un mondo che pu\u00f2 concretamente aiutarci ad affrontare con realismo i tanti problemi contemporanei, a cominciare dall\u2019identit\u00e0 del nostro continente.<\/p>\n<p style=\"text-align: justify;\"><strong>Per approfondire:<\/strong><\/p>\n<p style=\"text-align: justify;\">Suggerisco anzitutto il bel libro di Oscar Sanguinetti e Ivo Musajo Somma, <em>Un cuore per la nuova Europa. Appunti per una biografia del beato Carlo d&#8217;Asburgo<\/em>, invito alla lettura di don Luigi Negri, D\u2019Ettoris, Crotone 2004 (\u00e8 imminente una nuova edizione). Valido anche il libro di Mario Carotenuto, <em>Carlo I d&#8217;Austria e la pace sabotata<\/em>, Fede &amp; Cultura, Verona 2010.<\/p>\n","protected":false},"excerpt":{"rendered":"<p>Dal sito Identit\u00e0 nazionale 17 settembre 2010 di Marco Invernizzi Rievocare la figura del beato Carlo d\u2019Austria (17 agosto 1887-1 aprile 1922) significa ricordare un modello di santit\u00e0 laicale che la Chiesa cattolica ci propone \u2014 anche se Carlo non \u00e8 ancora stato canonizzato \u2014, nonch\u00e9 riandare alla storia di una famiglia come la sua &hellip; <\/p>\n<p><a class=\"more-link btn\" href=\"https:\/\/www.rassegnastampa-totustuus.it\/cattolica\/memoria-di-carlo-daustria-1887-1922\/\">Continua a leggere<\/a><\/p>\n","protected":false},"author":6,"featured_media":23027,"comment_status":"closed","ping_status":"open","sticky":false,"template":"","format":"standard","meta":{"footnotes":""},"categories":[18],"tags":[1981],"class_list":["post-4737","post","type-post","status-publish","format-standard","has-post-thumbnail","hentry","category-personaggi","tag-carlo-daustria","item-wrap"],"yoast_head":"<!-- This site is optimized with the Yoast SEO plugin v27.5 - https:\/\/yoast.com\/product\/yoast-seo-wordpress\/ -->\n<title>Memoria di Carlo d&#039;Austria (1887-1922) - Rassegna Stampa Cattolica<\/title>\n<meta name=\"description\" content=\"Rassegna Stampa Cattolica - Per una cultura che nasce dalla Rivelazione cristiana in conformit\u00e0 alla tradizione e al Magistero della Chiesa in opposizione ad ogni relativismo e totalitarismo\" \/>\n<meta name=\"robots\" content=\"index, follow, max-snippet:-1, max-image-preview:large, max-video-preview:-1\" \/>\n<link rel=\"canonical\" href=\"https:\/\/www.rassegnastampa-totustuus.it\/cattolica\/memoria-di-carlo-daustria-1887-1922\/\" \/>\n<meta property=\"og:locale\" content=\"it_IT\" \/>\n<meta property=\"og:type\" content=\"article\" \/>\n<meta property=\"og:title\" content=\"Memoria di Carlo d&#039;Austria (1887-1922) - Rassegna Stampa Cattolica\" \/>\n<meta property=\"og:description\" content=\"Rassegna Stampa Cattolica - Per una cultura che nasce dalla Rivelazione cristiana in conformit\u00e0 alla tradizione e al Magistero della Chiesa in opposizione ad ogni relativismo e totalitarismo\" \/>\n<meta property=\"og:url\" content=\"https:\/\/www.rassegnastampa-totustuus.it\/cattolica\/memoria-di-carlo-daustria-1887-1922\/\" \/>\n<meta property=\"og:site_name\" content=\"Rassegna Stampa Cattolica\" \/>\n<meta property=\"article:publisher\" content=\"https:\/\/www.facebook.com\/rassegnastampacattolica\" \/>\n<meta property=\"article:published_time\" content=\"2011-10-17T08:41:05+00:00\" \/>\n<meta property=\"article:modified_time\" content=\"2015-04-13T15:31:30+00:00\" \/>\n<meta property=\"og:image\" content=\"https:\/\/www.rassegnastampa-totustuus.it\/cattolica\/wp-content\/uploads\/2011\/10\/Carlo-dAustria.jpg\" \/>\n\t<meta property=\"og:image:width\" content=\"195\" \/>\n\t<meta property=\"og:image:height\" content=\"258\" \/>\n\t<meta property=\"og:image:type\" content=\"image\/jpeg\" \/>\n<meta name=\"author\" content=\"Redazione\" \/>\n<meta name=\"twitter:card\" content=\"summary_large_image\" \/>\n<meta name=\"twitter:creator\" content=\"@rassegnastampa9\" \/>\n<meta name=\"twitter:site\" content=\"@rassegnastampa9\" \/>\n<meta name=\"twitter:label1\" content=\"Scritto da\" \/>\n\t<meta name=\"twitter:data1\" content=\"Redazione\" \/>\n\t<meta name=\"twitter:label2\" content=\"Tempo di lettura stimato\" \/>\n\t<meta name=\"twitter:data2\" content=\"10 minuti\" \/>\n<script type=\"application\/ld+json\" class=\"yoast-schema-graph\">{\"@context\":\"https:\\\/\\\/schema.org\",\"@graph\":[{\"@type\":\"Article\",\"@id\":\"https:\\\/\\\/www.rassegnastampa-totustuus.it\\\/cattolica\\\/memoria-di-carlo-daustria-1887-1922\\\/#article\",\"isPartOf\":{\"@id\":\"https:\\\/\\\/www.rassegnastampa-totustuus.it\\\/cattolica\\\/memoria-di-carlo-daustria-1887-1922\\\/\"},\"author\":{\"name\":\"Redazione\",\"@id\":\"https:\\\/\\\/www.rassegnastampa-totustuus.it\\\/cattolica\\\/#\\\/schema\\\/person\\\/08f319d2bd1a0904ad9e2bfb7b15e5c3\"},\"headline\":\"Memoria di Carlo d&#8217;Austria (1887-1922)\",\"datePublished\":\"2011-10-17T08:41:05+00:00\",\"dateModified\":\"2015-04-13T15:31:30+00:00\",\"mainEntityOfPage\":{\"@id\":\"https:\\\/\\\/www.rassegnastampa-totustuus.it\\\/cattolica\\\/memoria-di-carlo-daustria-1887-1922\\\/\"},\"wordCount\":1923,\"publisher\":{\"@id\":\"https:\\\/\\\/www.rassegnastampa-totustuus.it\\\/cattolica\\\/#organization\"},\"image\":{\"@id\":\"https:\\\/\\\/www.rassegnastampa-totustuus.it\\\/cattolica\\\/memoria-di-carlo-daustria-1887-1922\\\/#primaryimage\"},\"thumbnailUrl\":\"https:\\\/\\\/www.rassegnastampa-totustuus.it\\\/cattolica\\\/wp-content\\\/uploads\\\/2011\\\/10\\\/Carlo-dAustria.jpg\",\"keywords\":[\"Carlo d'Austria\"],\"articleSection\":[\"Personaggi\"],\"inLanguage\":\"it-IT\"},{\"@type\":\"WebPage\",\"@id\":\"https:\\\/\\\/www.rassegnastampa-totustuus.it\\\/cattolica\\\/memoria-di-carlo-daustria-1887-1922\\\/\",\"url\":\"https:\\\/\\\/www.rassegnastampa-totustuus.it\\\/cattolica\\\/memoria-di-carlo-daustria-1887-1922\\\/\",\"name\":\"Memoria di Carlo d'Austria (1887-1922) - Rassegna Stampa Cattolica\",\"isPartOf\":{\"@id\":\"https:\\\/\\\/www.rassegnastampa-totustuus.it\\\/cattolica\\\/#website\"},\"primaryImageOfPage\":{\"@id\":\"https:\\\/\\\/www.rassegnastampa-totustuus.it\\\/cattolica\\\/memoria-di-carlo-daustria-1887-1922\\\/#primaryimage\"},\"image\":{\"@id\":\"https:\\\/\\\/www.rassegnastampa-totustuus.it\\\/cattolica\\\/memoria-di-carlo-daustria-1887-1922\\\/#primaryimage\"},\"thumbnailUrl\":\"https:\\\/\\\/www.rassegnastampa-totustuus.it\\\/cattolica\\\/wp-content\\\/uploads\\\/2011\\\/10\\\/Carlo-dAustria.jpg\",\"datePublished\":\"2011-10-17T08:41:05+00:00\",\"dateModified\":\"2015-04-13T15:31:30+00:00\",\"description\":\"Rassegna Stampa Cattolica - Per una cultura che nasce dalla Rivelazione cristiana in conformit\u00e0 alla tradizione e al Magistero della Chiesa in opposizione ad ogni relativismo e totalitarismo\",\"breadcrumb\":{\"@id\":\"https:\\\/\\\/www.rassegnastampa-totustuus.it\\\/cattolica\\\/memoria-di-carlo-daustria-1887-1922\\\/#breadcrumb\"},\"inLanguage\":\"it-IT\",\"potentialAction\":[{\"@type\":\"ReadAction\",\"target\":[\"https:\\\/\\\/www.rassegnastampa-totustuus.it\\\/cattolica\\\/memoria-di-carlo-daustria-1887-1922\\\/\"]}]},{\"@type\":\"ImageObject\",\"inLanguage\":\"it-IT\",\"@id\":\"https:\\\/\\\/www.rassegnastampa-totustuus.it\\\/cattolica\\\/memoria-di-carlo-daustria-1887-1922\\\/#primaryimage\",\"url\":\"https:\\\/\\\/www.rassegnastampa-totustuus.it\\\/cattolica\\\/wp-content\\\/uploads\\\/2011\\\/10\\\/Carlo-dAustria.jpg\",\"contentUrl\":\"https:\\\/\\\/www.rassegnastampa-totustuus.it\\\/cattolica\\\/wp-content\\\/uploads\\\/2011\\\/10\\\/Carlo-dAustria.jpg\",\"width\":195,\"height\":258},{\"@type\":\"BreadcrumbList\",\"@id\":\"https:\\\/\\\/www.rassegnastampa-totustuus.it\\\/cattolica\\\/memoria-di-carlo-daustria-1887-1922\\\/#breadcrumb\",\"itemListElement\":[{\"@type\":\"ListItem\",\"position\":1,\"name\":\"Home\",\"item\":\"https:\\\/\\\/www.rassegnastampa-totustuus.it\\\/cattolica\\\/\"},{\"@type\":\"ListItem\",\"position\":2,\"name\":\"Memoria di Carlo d&#8217;Austria (1887-1922)\"}]},{\"@type\":\"WebSite\",\"@id\":\"https:\\\/\\\/www.rassegnastampa-totustuus.it\\\/cattolica\\\/#website\",\"url\":\"https:\\\/\\\/www.rassegnastampa-totustuus.it\\\/cattolica\\\/\",\"name\":\"Rassegna Stampa Cattolica\",\"description\":\"Per una cultura che nasce dalla Rivelazione cristiana in conformit\u00e0 alla tradizione e al Magistero della Chiesa in opposizione ad ogni relativismo e totalitarismo\",\"publisher\":{\"@id\":\"https:\\\/\\\/www.rassegnastampa-totustuus.it\\\/cattolica\\\/#organization\"},\"alternateName\":\"Rass. Cattolica\",\"potentialAction\":[{\"@type\":\"SearchAction\",\"target\":{\"@type\":\"EntryPoint\",\"urlTemplate\":\"https:\\\/\\\/www.rassegnastampa-totustuus.it\\\/cattolica\\\/?s={search_term_string}\"},\"query-input\":{\"@type\":\"PropertyValueSpecification\",\"valueRequired\":true,\"valueName\":\"search_term_string\"}}],\"inLanguage\":\"it-IT\"},{\"@type\":\"Organization\",\"@id\":\"https:\\\/\\\/www.rassegnastampa-totustuus.it\\\/cattolica\\\/#organization\",\"name\":\"Rassegna Stampa Cattolica\",\"url\":\"https:\\\/\\\/www.rassegnastampa-totustuus.it\\\/cattolica\\\/\",\"logo\":{\"@type\":\"ImageObject\",\"inLanguage\":\"it-IT\",\"@id\":\"https:\\\/\\\/www.rassegnastampa-totustuus.it\\\/cattolica\\\/#\\\/schema\\\/logo\\\/image\\\/\",\"url\":\"https:\\\/\\\/www.rassegnastampa-totustuus.it\\\/cattolica\\\/wp-content\\\/uploads\\\/2014\\\/04\\\/logo-rassegna1.gif\",\"contentUrl\":\"https:\\\/\\\/www.rassegnastampa-totustuus.it\\\/cattolica\\\/wp-content\\\/uploads\\\/2014\\\/04\\\/logo-rassegna1.gif\",\"width\":600,\"height\":163,\"caption\":\"Rassegna Stampa Cattolica\"},\"image\":{\"@id\":\"https:\\\/\\\/www.rassegnastampa-totustuus.it\\\/cattolica\\\/#\\\/schema\\\/logo\\\/image\\\/\"},\"sameAs\":[\"https:\\\/\\\/www.facebook.com\\\/rassegnastampacattolica\",\"https:\\\/\\\/x.com\\\/rassegnastampa9\"]},{\"@type\":\"Person\",\"@id\":\"https:\\\/\\\/www.rassegnastampa-totustuus.it\\\/cattolica\\\/#\\\/schema\\\/person\\\/08f319d2bd1a0904ad9e2bfb7b15e5c3\",\"name\":\"Redazione\",\"image\":{\"@type\":\"ImageObject\",\"inLanguage\":\"it-IT\",\"@id\":\"https:\\\/\\\/secure.gravatar.com\\\/avatar\\\/2fcdf27c78ea025fbdb44e914cc63c72249ffec9dc8aafd5c82b26240ef3f346?s=96&d=mm&r=g\",\"url\":\"https:\\\/\\\/secure.gravatar.com\\\/avatar\\\/2fcdf27c78ea025fbdb44e914cc63c72249ffec9dc8aafd5c82b26240ef3f346?s=96&d=mm&r=g\",\"contentUrl\":\"https:\\\/\\\/secure.gravatar.com\\\/avatar\\\/2fcdf27c78ea025fbdb44e914cc63c72249ffec9dc8aafd5c82b26240ef3f346?s=96&d=mm&r=g\",\"caption\":\"Redazione\"},\"url\":\"https:\\\/\\\/www.rassegnastampa-totustuus.it\\\/cattolica\\\/author\\\/pietroelle\\\/\"}]}<\/script>\n<!-- \/ Yoast SEO plugin. -->","yoast_head_json":{"title":"Memoria di Carlo d'Austria (1887-1922) - Rassegna Stampa Cattolica","description":"Rassegna Stampa Cattolica - Per una cultura che nasce dalla Rivelazione cristiana in conformit\u00e0 alla tradizione e al Magistero della Chiesa in opposizione ad ogni relativismo e totalitarismo","robots":{"index":"index","follow":"follow","max-snippet":"max-snippet:-1","max-image-preview":"max-image-preview:large","max-video-preview":"max-video-preview:-1"},"canonical":"https:\/\/www.rassegnastampa-totustuus.it\/cattolica\/memoria-di-carlo-daustria-1887-1922\/","og_locale":"it_IT","og_type":"article","og_title":"Memoria di Carlo d'Austria (1887-1922) - Rassegna Stampa Cattolica","og_description":"Rassegna Stampa Cattolica - Per una cultura che nasce dalla Rivelazione cristiana in conformit\u00e0 alla tradizione e al Magistero della Chiesa in opposizione ad ogni relativismo e totalitarismo","og_url":"https:\/\/www.rassegnastampa-totustuus.it\/cattolica\/memoria-di-carlo-daustria-1887-1922\/","og_site_name":"Rassegna Stampa Cattolica","article_publisher":"https:\/\/www.facebook.com\/rassegnastampacattolica","article_published_time":"2011-10-17T08:41:05+00:00","article_modified_time":"2015-04-13T15:31:30+00:00","og_image":[{"width":195,"height":258,"url":"https:\/\/www.rassegnastampa-totustuus.it\/cattolica\/wp-content\/uploads\/2011\/10\/Carlo-dAustria.jpg","type":"image\/jpeg"}],"author":"Redazione","twitter_card":"summary_large_image","twitter_creator":"@rassegnastampa9","twitter_site":"@rassegnastampa9","twitter_misc":{"Scritto da":"Redazione","Tempo di lettura stimato":"10 minuti"},"schema":{"@context":"https:\/\/schema.org","@graph":[{"@type":"Article","@id":"https:\/\/www.rassegnastampa-totustuus.it\/cattolica\/memoria-di-carlo-daustria-1887-1922\/#article","isPartOf":{"@id":"https:\/\/www.rassegnastampa-totustuus.it\/cattolica\/memoria-di-carlo-daustria-1887-1922\/"},"author":{"name":"Redazione","@id":"https:\/\/www.rassegnastampa-totustuus.it\/cattolica\/#\/schema\/person\/08f319d2bd1a0904ad9e2bfb7b15e5c3"},"headline":"Memoria di Carlo d&#8217;Austria (1887-1922)","datePublished":"2011-10-17T08:41:05+00:00","dateModified":"2015-04-13T15:31:30+00:00","mainEntityOfPage":{"@id":"https:\/\/www.rassegnastampa-totustuus.it\/cattolica\/memoria-di-carlo-daustria-1887-1922\/"},"wordCount":1923,"publisher":{"@id":"https:\/\/www.rassegnastampa-totustuus.it\/cattolica\/#organization"},"image":{"@id":"https:\/\/www.rassegnastampa-totustuus.it\/cattolica\/memoria-di-carlo-daustria-1887-1922\/#primaryimage"},"thumbnailUrl":"https:\/\/www.rassegnastampa-totustuus.it\/cattolica\/wp-content\/uploads\/2011\/10\/Carlo-dAustria.jpg","keywords":["Carlo d'Austria"],"articleSection":["Personaggi"],"inLanguage":"it-IT"},{"@type":"WebPage","@id":"https:\/\/www.rassegnastampa-totustuus.it\/cattolica\/memoria-di-carlo-daustria-1887-1922\/","url":"https:\/\/www.rassegnastampa-totustuus.it\/cattolica\/memoria-di-carlo-daustria-1887-1922\/","name":"Memoria di Carlo d'Austria (1887-1922) - Rassegna Stampa Cattolica","isPartOf":{"@id":"https:\/\/www.rassegnastampa-totustuus.it\/cattolica\/#website"},"primaryImageOfPage":{"@id":"https:\/\/www.rassegnastampa-totustuus.it\/cattolica\/memoria-di-carlo-daustria-1887-1922\/#primaryimage"},"image":{"@id":"https:\/\/www.rassegnastampa-totustuus.it\/cattolica\/memoria-di-carlo-daustria-1887-1922\/#primaryimage"},"thumbnailUrl":"https:\/\/www.rassegnastampa-totustuus.it\/cattolica\/wp-content\/uploads\/2011\/10\/Carlo-dAustria.jpg","datePublished":"2011-10-17T08:41:05+00:00","dateModified":"2015-04-13T15:31:30+00:00","description":"Rassegna Stampa Cattolica - Per una cultura che nasce dalla Rivelazione cristiana in conformit\u00e0 alla tradizione e al Magistero della Chiesa in opposizione ad ogni relativismo e totalitarismo","breadcrumb":{"@id":"https:\/\/www.rassegnastampa-totustuus.it\/cattolica\/memoria-di-carlo-daustria-1887-1922\/#breadcrumb"},"inLanguage":"it-IT","potentialAction":[{"@type":"ReadAction","target":["https:\/\/www.rassegnastampa-totustuus.it\/cattolica\/memoria-di-carlo-daustria-1887-1922\/"]}]},{"@type":"ImageObject","inLanguage":"it-IT","@id":"https:\/\/www.rassegnastampa-totustuus.it\/cattolica\/memoria-di-carlo-daustria-1887-1922\/#primaryimage","url":"https:\/\/www.rassegnastampa-totustuus.it\/cattolica\/wp-content\/uploads\/2011\/10\/Carlo-dAustria.jpg","contentUrl":"https:\/\/www.rassegnastampa-totustuus.it\/cattolica\/wp-content\/uploads\/2011\/10\/Carlo-dAustria.jpg","width":195,"height":258},{"@type":"BreadcrumbList","@id":"https:\/\/www.rassegnastampa-totustuus.it\/cattolica\/memoria-di-carlo-daustria-1887-1922\/#breadcrumb","itemListElement":[{"@type":"ListItem","position":1,"name":"Home","item":"https:\/\/www.rassegnastampa-totustuus.it\/cattolica\/"},{"@type":"ListItem","position":2,"name":"Memoria di Carlo d&#8217;Austria (1887-1922)"}]},{"@type":"WebSite","@id":"https:\/\/www.rassegnastampa-totustuus.it\/cattolica\/#website","url":"https:\/\/www.rassegnastampa-totustuus.it\/cattolica\/","name":"Rassegna Stampa Cattolica","description":"Per una cultura che nasce dalla Rivelazione cristiana in conformit\u00e0 alla tradizione e al Magistero della Chiesa in opposizione ad ogni relativismo e totalitarismo","publisher":{"@id":"https:\/\/www.rassegnastampa-totustuus.it\/cattolica\/#organization"},"alternateName":"Rass. Cattolica","potentialAction":[{"@type":"SearchAction","target":{"@type":"EntryPoint","urlTemplate":"https:\/\/www.rassegnastampa-totustuus.it\/cattolica\/?s={search_term_string}"},"query-input":{"@type":"PropertyValueSpecification","valueRequired":true,"valueName":"search_term_string"}}],"inLanguage":"it-IT"},{"@type":"Organization","@id":"https:\/\/www.rassegnastampa-totustuus.it\/cattolica\/#organization","name":"Rassegna Stampa Cattolica","url":"https:\/\/www.rassegnastampa-totustuus.it\/cattolica\/","logo":{"@type":"ImageObject","inLanguage":"it-IT","@id":"https:\/\/www.rassegnastampa-totustuus.it\/cattolica\/#\/schema\/logo\/image\/","url":"https:\/\/www.rassegnastampa-totustuus.it\/cattolica\/wp-content\/uploads\/2014\/04\/logo-rassegna1.gif","contentUrl":"https:\/\/www.rassegnastampa-totustuus.it\/cattolica\/wp-content\/uploads\/2014\/04\/logo-rassegna1.gif","width":600,"height":163,"caption":"Rassegna Stampa Cattolica"},"image":{"@id":"https:\/\/www.rassegnastampa-totustuus.it\/cattolica\/#\/schema\/logo\/image\/"},"sameAs":["https:\/\/www.facebook.com\/rassegnastampacattolica","https:\/\/x.com\/rassegnastampa9"]},{"@type":"Person","@id":"https:\/\/www.rassegnastampa-totustuus.it\/cattolica\/#\/schema\/person\/08f319d2bd1a0904ad9e2bfb7b15e5c3","name":"Redazione","image":{"@type":"ImageObject","inLanguage":"it-IT","@id":"https:\/\/secure.gravatar.com\/avatar\/2fcdf27c78ea025fbdb44e914cc63c72249ffec9dc8aafd5c82b26240ef3f346?s=96&d=mm&r=g","url":"https:\/\/secure.gravatar.com\/avatar\/2fcdf27c78ea025fbdb44e914cc63c72249ffec9dc8aafd5c82b26240ef3f346?s=96&d=mm&r=g","contentUrl":"https:\/\/secure.gravatar.com\/avatar\/2fcdf27c78ea025fbdb44e914cc63c72249ffec9dc8aafd5c82b26240ef3f346?s=96&d=mm&r=g","caption":"Redazione"},"url":"https:\/\/www.rassegnastampa-totustuus.it\/cattolica\/author\/pietroelle\/"}]}},"_links":{"self":[{"href":"https:\/\/www.rassegnastampa-totustuus.it\/cattolica\/wp-json\/wp\/v2\/posts\/4737","targetHints":{"allow":["GET"]}}],"collection":[{"href":"https:\/\/www.rassegnastampa-totustuus.it\/cattolica\/wp-json\/wp\/v2\/posts"}],"about":[{"href":"https:\/\/www.rassegnastampa-totustuus.it\/cattolica\/wp-json\/wp\/v2\/types\/post"}],"author":[{"embeddable":true,"href":"https:\/\/www.rassegnastampa-totustuus.it\/cattolica\/wp-json\/wp\/v2\/users\/6"}],"replies":[{"embeddable":true,"href":"https:\/\/www.rassegnastampa-totustuus.it\/cattolica\/wp-json\/wp\/v2\/comments?post=4737"}],"version-history":[{"count":3,"href":"https:\/\/www.rassegnastampa-totustuus.it\/cattolica\/wp-json\/wp\/v2\/posts\/4737\/revisions"}],"predecessor-version":[{"id":23028,"href":"https:\/\/www.rassegnastampa-totustuus.it\/cattolica\/wp-json\/wp\/v2\/posts\/4737\/revisions\/23028"}],"wp:featuredmedia":[{"embeddable":true,"href":"https:\/\/www.rassegnastampa-totustuus.it\/cattolica\/wp-json\/wp\/v2\/media\/23027"}],"wp:attachment":[{"href":"https:\/\/www.rassegnastampa-totustuus.it\/cattolica\/wp-json\/wp\/v2\/media?parent=4737"}],"wp:term":[{"taxonomy":"category","embeddable":true,"href":"https:\/\/www.rassegnastampa-totustuus.it\/cattolica\/wp-json\/wp\/v2\/categories?post=4737"},{"taxonomy":"post_tag","embeddable":true,"href":"https:\/\/www.rassegnastampa-totustuus.it\/cattolica\/wp-json\/wp\/v2\/tags?post=4737"}],"curies":[{"name":"wp","href":"https:\/\/api.w.org\/{rel}","templated":true}]}}