{"id":47356,"date":"2020-05-28T00:00:11","date_gmt":"2020-05-27T22:00:11","guid":{"rendered":"http:\/\/www.rassegnastampa-totustuus.it\/cattolica\/?p=47356"},"modified":"2020-05-25T18:17:41","modified_gmt":"2020-05-25T16:17:41","slug":"lo-studio-che-da-ragione-a-chi-vuol-fermare-i-migranti","status":"publish","type":"post","link":"https:\/\/www.rassegnastampa-totustuus.it\/cattolica\/lo-studio-che-da-ragione-a-chi-vuol-fermare-i-migranti\/","title":{"rendered":"Lo studio che d\u00e0 ragione a chi vuol fermare i migranti"},"content":{"rendered":"<p style=\"text-align: center;\"><strong><a href=\"https:\/\/www.rassegnastampa-totustuus.it\/cattolica\/wp-content\/uploads\/2019\/12\/immigrazione.jpg\"><img loading=\"lazy\" decoding=\"async\" class=\"size-medium wp-image-45497 alignleft\" src=\"https:\/\/www.rassegnastampa-totustuus.it\/cattolica\/wp-content\/uploads\/2019\/12\/immigrazione-300x200.jpg\" alt=\"\" width=\"300\" height=\"200\" srcset=\"https:\/\/www.rassegnastampa-totustuus.it\/cattolica\/wp-content\/uploads\/2019\/12\/immigrazione-300x200.jpg 300w, https:\/\/www.rassegnastampa-totustuus.it\/cattolica\/wp-content\/uploads\/2019\/12\/immigrazione-768x512.jpg 768w, https:\/\/www.rassegnastampa-totustuus.it\/cattolica\/wp-content\/uploads\/2019\/12\/immigrazione-1024x683.jpg 1024w\" sizes=\"auto, (max-width: 300px) 100vw, 300px\" \/><\/a>La Nuova Bussola quotidiana <\/strong><\/p>\n<p style=\"text-align: center;\">25 Maggio 2020<\/p>\n<p style=\"text-align: justify;\"><em>Quali sono i motivi reali che hanno portato in Europa centinaia di migliaia di emigranti irregolari africani? I risultati dell&#8217;indagine dell\u2019Undp (il Programma delle Nazioni Unite per lo sviluppo) parlano chiaro: centinaia di migliaia di africani hanno raggiunto l\u2019Europa illegalmente, ricorrendo a organizzazioni criminali e per non essere respinti, hanno mentito sostenendo di essere profughi in fuga da guerre e persecuzioni. <\/em><\/p>\n<p style=\"text-align: center;\">di <strong>Anna Bono <\/strong><\/p>\n<p><!--more--><\/p>\n<p style=\"text-align: justify;\">Sbarcano in Europa dopo aver attraversato il Mediterraneo e chiedono asilo, \u201cquindi non sono emigranti economici\u201d. Una delle prime raccomandazioni rivolte ai nuovi arrivati dai dipendenti delle ong e delle cooperative che assistono chi entra illegalmente in Italia sembra sia di dichiararsi profughi, guardarsi dal dire di aver lasciato il paese di origine in cerca di lavoro o comunque di miglior fortuna, affermazione che li farebbe classificare come illegali da rimpatriare.<\/p>\n<p style=\"text-align: justify;\"><strong>Invece le richieste di asilo fanno partire l\u2019iter<\/strong> previsto dalle convenzioni <a href=\"https:\/\/www.rassegnastampa-totustuus.it\/cattolica\/wp-content\/uploads\/2019\/11\/immigrati.jpg\"><img loading=\"lazy\" decoding=\"async\" class=\"size-medium wp-image-45215 alignright\" src=\"https:\/\/www.rassegnastampa-totustuus.it\/cattolica\/wp-content\/uploads\/2019\/11\/immigrati-300x169.jpg\" alt=\"\" width=\"300\" height=\"169\" srcset=\"https:\/\/www.rassegnastampa-totustuus.it\/cattolica\/wp-content\/uploads\/2019\/11\/immigrati-300x169.jpg 300w, https:\/\/www.rassegnastampa-totustuus.it\/cattolica\/wp-content\/uploads\/2019\/11\/immigrati-768x432.jpg 768w, https:\/\/www.rassegnastampa-totustuus.it\/cattolica\/wp-content\/uploads\/2019\/11\/immigrati-1024x576.jpg 1024w, https:\/\/www.rassegnastampa-totustuus.it\/cattolica\/wp-content\/uploads\/2019\/11\/immigrati.jpg 1920w\" sizes=\"auto, (max-width: 300px) 100vw, 300px\" \/><\/a>internazionali per accertare la veridicit\u00e0 di quanto affermato e decidere se attribuire agli emigranti lo status giuridico di rifugiato che li autorizza a risiedere nel paese in cui hanno chiesto asilo: se \u00e8 l\u2019Italia, ospiti di un CAS, un Centro di accoglienza straordinaria.<\/p>\n<p style=\"text-align: justify;\"><strong>Di loro si riparla da qualche giorno: perch\u00e9 gli sbarchi<\/strong> sono quintuplicati rispetto al 2019, perch\u00e9 c\u2019\u00e8 la prova che Malta li respinge e dirotta verso l\u2019Italia, e per via della chat in cui dei magistrati riconoscevano che Matteo Salvini aveva ragione quando da ministro dell\u2019interno si opponeva al loro sbarco, ma andava attaccato lo stesso.<\/p>\n<p style=\"text-align: justify;\"><strong>Che siano profughi o emigranti fa la differenza perch\u00e9<\/strong> solo chi fugge da <a href=\"https:\/\/www.rassegnastampa-totustuus.it\/cattolica\/wp-content\/uploads\/2019\/04\/immigrati.jpg\"><img loading=\"lazy\" decoding=\"async\" class=\"size-medium wp-image-42894 alignleft\" src=\"https:\/\/www.rassegnastampa-totustuus.it\/cattolica\/wp-content\/uploads\/2019\/04\/immigrati-300x150.jpg\" alt=\"\" width=\"300\" height=\"150\" srcset=\"https:\/\/www.rassegnastampa-totustuus.it\/cattolica\/wp-content\/uploads\/2019\/04\/immigrati-300x150.jpg 300w, https:\/\/www.rassegnastampa-totustuus.it\/cattolica\/wp-content\/uploads\/2019\/04\/immigrati-768x384.jpg 768w, https:\/\/www.rassegnastampa-totustuus.it\/cattolica\/wp-content\/uploads\/2019\/04\/immigrati-1024x512.jpg 1024w\" sizes=\"auto, (max-width: 300px) 100vw, 300px\" \/><\/a>minacce alla vita e alla libert\u00e0 si ammette che entri in un paese straniero senza documenti in regola e tuttavia vi debba essere accolto. Perci\u00f2 lo scorso anno l\u2019Undp, il Programma delle Nazioni Unite per lo sviluppo, ha commissionato una indagine per accertare quali siano i motivi reali che hanno portato in Europa centinaia di migliaia di emigranti irregolari africani.<\/p>\n<p style=\"text-align: justify;\">I risultati della ricerca sono stati pubblicati nell\u2019ottobre del 2019 in un rapporto dal titolo \u201cThe Scaling Fences: Voices of Irregular African Migrants to Europe\u201d. La sua lettura \u00e8 utile per le informazioni che contiene. Non si pu\u00f2 dire altrettanto delle conclusioni a cui giunge.<\/p>\n<p style=\"text-align: justify;\"><strong>I ricercatori dell\u2019Undp hanno intervistato 1.970 persone in 13 stati<\/strong> europei, <a href=\"https:\/\/www.rassegnastampa-totustuus.it\/cattolica\/wp-content\/uploads\/2018\/03\/immigrati_disordini.jpg\"><img loading=\"lazy\" decoding=\"async\" class=\"size-full wp-image-39903 alignright\" src=\"https:\/\/www.rassegnastampa-totustuus.it\/cattolica\/wp-content\/uploads\/2018\/03\/immigrati_disordini.jpg\" alt=\"\" width=\"288\" height=\"175\" \/><\/a>originarie di 39 paesi africani. Le risposte \u2013 spiega l\u2019Undp \u2013 smentiscono \u201cquanto comunemente si sostiene a proposito dell\u2019emigrazione irregolare dall\u2019Africa all\u2019Europa\u201d. Tutti gli intervistati infatti dichiarano di aver viaggiato servendosi di canali irregolari, in altre parole affidandosi a organizzazioni di contrabbandieri di uomini, e di averlo fatto non perch\u00e9 spinti dalla necessit\u00e0 di chiedere asilo. Il dato \u00e8 sorprendente anche per chi sa che la maggior parte delle richieste di asilo sono prive di fondamento e vengono respinte.<\/p>\n<p style=\"text-align: justify;\"><strong>Molti emigranti non erano affatto poveri in patria e non<\/strong> hanno un basso livello di istruzione, prosegue il rapporto. Che i poveri non possano sostenere il costo elevato di un viaggio clandestino \u00e8 stato accertato da tempo. Ma lo studio dell\u2019Undp dice di pi\u00f9. 9 intervistati su cento andavano a scuola al momento della partenza. 49 su cento avevano un lavoro. In media hanno frequentato la scuola per almeno tre anni pi\u00f9 dei loro coetanei e, per quanto circa il 50 per cento abbia detto di non guadagnare abbastanza, quasi tutti percepivano una buona retribuzione, superiore alla media.<\/p>\n<p style=\"text-align: justify;\"><strong>Dalle interviste emergono altre informazioni interessanti.<\/strong> Il 41 per cento degli <a href=\"https:\/\/www.rassegnastampa-totustuus.it\/cattolica\/wp-content\/uploads\/2016\/04\/immigrati.jpg\"><img loading=\"lazy\" decoding=\"async\" class=\"size-full wp-image-32465 alignleft\" src=\"https:\/\/www.rassegnastampa-totustuus.it\/cattolica\/wp-content\/uploads\/2016\/04\/immigrati.jpg\" alt=\"\" width=\"275\" height=\"183\" \/><\/a>immigrati dichiarano che niente li avrebbe dissuasi dal partire. 93 su cento raccontano di aver corso dei rischi durante il viaggio, ma solo 2 su cento dicono che se avessero saputo che cosa li aspettava avrebbero rinunciato al progetto di emigrare irregolarmente. Molti oltre alle motivazioni di carattere economico aggiungono il disagio dovuto a governi ingiusti e corrotti, il senso di impotenza a fronte di sistemi politici che non creano sviluppo, che mantengono la gente nella povert\u00e0.<\/p>\n<p style=\"text-align: justify;\"><strong>Anche se non tutti desiderano vivere definitivamente in Europa,<\/strong> due fattori li inducono a restare. Tra quelli che hanno trovato una occupazione, alcuni spediscono a casa del denaro: \u00e8 meno di un terzo di quel che guadagnano, equivalente per\u00f2, dicono, a circa l\u201985 per cento di quel che guadagnavano in patria. Tornare a casa farebbe venire meno questo contributo ai famigliari, considerata la difficolt\u00e0 di reinserimento nella vita economica e sociale soprattutto per chi torna senza risorse.<\/p>\n<p style=\"text-align: justify;\"><a href=\"https:\/\/www.rassegnastampa-totustuus.it\/cattolica\/wp-content\/uploads\/2015\/11\/immigrati_Africa.jpg\"><img loading=\"lazy\" decoding=\"async\" class=\"size-full wp-image-27766 alignright\" src=\"https:\/\/www.rassegnastampa-totustuus.it\/cattolica\/wp-content\/uploads\/2015\/11\/immigrati_Africa.jpg\" alt=\"\" width=\"275\" height=\"183\" \/><\/a>Nel caso di chi non ha un lavoro, la vergogna di aver fallito, di non aver realizzato il progetto di inviare rimesse alle famiglie e alle comunit\u00e0 rappresenta il principale fattore che impedisce di rientrare in patria. Vale soprattutto per il 53 per cento degli intervistati che dicono di aver ricevuto qualche forma di aiuto finanziario da parenti e amici per sostenere le spese del viaggio in Europa.<\/p>\n<p style=\"text-align: justify;\"><strong>I risultati della indagine dell\u2019Undp parlano chiaro.<\/strong> Ha ragione chi vuole fermare gli emigranti irregolari: confermano che centinaia di migliaia di africani hanno raggiunto l\u2019Europa illegalmente, ricorrendo a organizzazioni criminali, per non essere respinti hanno mentito sostenendo di essere profughi in fuga da guerre e persecuzioni. Fatto poco considerato ma altrettanto importante, qualcuno di loro trova un lavoro regolare e sembrerebbe una cosa buona.<\/p>\n<p style=\"text-align: justify;\"><a href=\"https:\/\/www.rassegnastampa-totustuus.it\/cattolica\/wp-content\/uploads\/2019\/04\/vucumpr\u00e0_immigrati.jpg\"><img loading=\"lazy\" decoding=\"async\" class=\"size-full wp-image-42834 alignleft\" src=\"https:\/\/www.rassegnastampa-totustuus.it\/cattolica\/wp-content\/uploads\/2019\/04\/vucumpr\u00e0_immigrati.jpg\" alt=\"\" width=\"274\" height=\"184\" \/><\/a>Ma ogni posto di lavoro cos\u00ec occupato, va a danno di chi invece prova a emigrare seguendo regole e percorsi legali: in Italia, a partire dalle quote di ingresso di lavoratori non comunitari stabilite ogni anno dalla Direzione generale dell\u2019immigrazione e delle politiche di integrazione.<\/p>\n<p style=\"text-align: justify;\"><strong>Di questo dovrebbero trattare le conclusioni dell\u2019Undp. Invece<\/strong> \u201cil messaggio fondamentale che emerge da questo studio \u2013 commenta il rapporto \u2013 e cio\u00e8 che l\u2019emigrazione \u00e8 effetto dello sviluppo ineguale e in particolare di uno sviluppo che esclude i giovani, manda un segnale forte ai responsabili politici\u201d. L\u2019Undp sembra considerare irrilevante ci\u00f2 che invece costituisce la peculiarit\u00e0 del fenomeno <a href=\"https:\/\/www.rassegnastampa-totustuus.it\/cattolica\/wp-content\/uploads\/2019\/08\/pomodori_immigrati.jpg\"><img loading=\"lazy\" decoding=\"async\" class=\"size-full wp-image-44013 alignright\" src=\"https:\/\/www.rassegnastampa-totustuus.it\/cattolica\/wp-content\/uploads\/2019\/08\/pomodori_immigrati.jpg\" alt=\"\" width=\"264\" height=\"191\" \/><\/a>considerato: il fatto che dei giovani africani decidono di lasciare i loro paesi clandestinamente, diretti verso un continente, l\u2019Europa, in cui \u00e8 del tutto improbabile che trovino un lavoro, mentre milioni di africani emigrano invece regolarmente, in maggioranza senza lasciare il loro continente, scegliendo come destinazione paesi in cui c\u2019\u00e8 richiesta di manodopera.<\/p>\n<p style=\"text-align: justify;\"><strong>Vale la pena di evidenziare l\u2019uso dell\u2019espressione \u201csviluppo ineguale\u201d<\/strong> perch\u00e9 rimanda alle teorie marxiste degli anni 60 del secolo scorso che attribuiscono al sistema capitalistico, al suo sfruttamento delle \u201cperiferie\u201d del mondo, al suo \u201cdominio\u201d sul pianeta la causa del sottosviluppo e della persistente povert\u00e0.<\/p>\n","protected":false},"excerpt":{"rendered":"<p>La Nuova Bussola quotidiana 25 Maggio 2020 Quali sono i motivi reali che hanno portato in Europa centinaia di migliaia di emigranti irregolari africani? I risultati dell&#8217;indagine dell\u2019Undp (il Programma delle Nazioni Unite per lo sviluppo) parlano chiaro: centinaia di migliaia di africani hanno raggiunto l\u2019Europa illegalmente, ricorrendo a organizzazioni criminali e per non essere &hellip; <\/p>\n<p><a class=\"more-link btn\" href=\"https:\/\/www.rassegnastampa-totustuus.it\/cattolica\/lo-studio-che-da-ragione-a-chi-vuol-fermare-i-migranti\/\">Continua a leggere<\/a><\/p>\n","protected":false},"author":6,"featured_media":47357,"comment_status":"closed","ping_status":"closed","sticky":false,"template":"","format":"standard","meta":{"footnotes":""},"categories":[39,38],"tags":[2393,1655,2392],"class_list":["post-47356","post","type-post","status-publish","format-standard","has-post-thumbnail","hentry","category-africa","category-immigrazione","tag-africa","tag-clandestini","tag-immigrazione","item-wrap"],"yoast_head":"<!-- This site is optimized with the Yoast SEO plugin v27.4 - https:\/\/yoast.com\/product\/yoast-seo-wordpress\/ -->\n<title>Lo studio che d\u00e0 ragione a chi vuol fermare i migranti - Rassegna Stampa Cattolica<\/title>\n<meta name=\"description\" content=\"Rassegna Stampa Cattolica - Per una cultura che nasce dalla Rivelazione cristiana in conformit\u00e0 alla tradizione e al Magistero della Chiesa in opposizione ad ogni relativismo e totalitarismo\" \/>\n<meta name=\"robots\" content=\"index, follow, max-snippet:-1, max-image-preview:large, max-video-preview:-1\" \/>\n<link rel=\"canonical\" href=\"https:\/\/www.rassegnastampa-totustuus.it\/cattolica\/lo-studio-che-da-ragione-a-chi-vuol-fermare-i-migranti\/\" \/>\n<meta property=\"og:locale\" content=\"it_IT\" \/>\n<meta property=\"og:type\" content=\"article\" \/>\n<meta property=\"og:title\" content=\"Lo studio che d\u00e0 ragione a chi vuol fermare i migranti - Rassegna Stampa Cattolica\" \/>\n<meta property=\"og:description\" content=\"Rassegna Stampa Cattolica - Per una cultura che nasce dalla Rivelazione cristiana in conformit\u00e0 alla tradizione e al Magistero della Chiesa in opposizione ad ogni relativismo e totalitarismo\" \/>\n<meta property=\"og:url\" content=\"https:\/\/www.rassegnastampa-totustuus.it\/cattolica\/lo-studio-che-da-ragione-a-chi-vuol-fermare-i-migranti\/\" \/>\n<meta property=\"og:site_name\" content=\"Rassegna Stampa Cattolica\" \/>\n<meta property=\"article:publisher\" content=\"https:\/\/www.facebook.com\/rassegnastampacattolica\" \/>\n<meta property=\"article:published_time\" content=\"2020-05-27T22:00:11+00:00\" \/>\n<meta property=\"og:image\" content=\"https:\/\/www.rassegnastampa-totustuus.it\/cattolica\/wp-content\/uploads\/2020\/05\/immigrazione-1024x580.jpg\" \/>\n\t<meta property=\"og:image:width\" content=\"1024\" \/>\n\t<meta property=\"og:image:height\" content=\"580\" \/>\n\t<meta property=\"og:image:type\" content=\"image\/jpeg\" \/>\n<meta name=\"author\" content=\"Redazione\" \/>\n<meta name=\"twitter:card\" content=\"summary_large_image\" \/>\n<meta name=\"twitter:creator\" content=\"@rassegnastampa9\" \/>\n<meta name=\"twitter:site\" content=\"@rassegnastampa9\" \/>\n<meta name=\"twitter:label1\" content=\"Scritto da\" \/>\n\t<meta name=\"twitter:data1\" content=\"Redazione\" \/>\n\t<meta name=\"twitter:label2\" content=\"Tempo di lettura stimato\" \/>\n\t<meta name=\"twitter:data2\" content=\"5 minuti\" \/>\n<script type=\"application\/ld+json\" class=\"yoast-schema-graph\">{\"@context\":\"https:\\\/\\\/schema.org\",\"@graph\":[{\"@type\":\"Article\",\"@id\":\"https:\\\/\\\/www.rassegnastampa-totustuus.it\\\/cattolica\\\/lo-studio-che-da-ragione-a-chi-vuol-fermare-i-migranti\\\/#article\",\"isPartOf\":{\"@id\":\"https:\\\/\\\/www.rassegnastampa-totustuus.it\\\/cattolica\\\/lo-studio-che-da-ragione-a-chi-vuol-fermare-i-migranti\\\/\"},\"author\":{\"name\":\"Redazione\",\"@id\":\"https:\\\/\\\/www.rassegnastampa-totustuus.it\\\/cattolica\\\/#\\\/schema\\\/person\\\/08f319d2bd1a0904ad9e2bfb7b15e5c3\"},\"headline\":\"Lo studio che d\u00e0 ragione a chi vuol fermare i migranti\",\"datePublished\":\"2020-05-27T22:00:11+00:00\",\"mainEntityOfPage\":{\"@id\":\"https:\\\/\\\/www.rassegnastampa-totustuus.it\\\/cattolica\\\/lo-studio-che-da-ragione-a-chi-vuol-fermare-i-migranti\\\/\"},\"wordCount\":1066,\"publisher\":{\"@id\":\"https:\\\/\\\/www.rassegnastampa-totustuus.it\\\/cattolica\\\/#organization\"},\"image\":{\"@id\":\"https:\\\/\\\/www.rassegnastampa-totustuus.it\\\/cattolica\\\/lo-studio-che-da-ragione-a-chi-vuol-fermare-i-migranti\\\/#primaryimage\"},\"thumbnailUrl\":\"https:\\\/\\\/www.rassegnastampa-totustuus.it\\\/cattolica\\\/wp-content\\\/uploads\\\/2020\\\/05\\\/immigrazione.jpg\",\"keywords\":[\"Africa\",\"clandestini\",\"immigrazione\"],\"articleSection\":[\"Africa\",\"Immigrazione\"],\"inLanguage\":\"it-IT\"},{\"@type\":\"WebPage\",\"@id\":\"https:\\\/\\\/www.rassegnastampa-totustuus.it\\\/cattolica\\\/lo-studio-che-da-ragione-a-chi-vuol-fermare-i-migranti\\\/\",\"url\":\"https:\\\/\\\/www.rassegnastampa-totustuus.it\\\/cattolica\\\/lo-studio-che-da-ragione-a-chi-vuol-fermare-i-migranti\\\/\",\"name\":\"Lo studio che d\u00e0 ragione a chi vuol fermare i migranti - Rassegna Stampa Cattolica\",\"isPartOf\":{\"@id\":\"https:\\\/\\\/www.rassegnastampa-totustuus.it\\\/cattolica\\\/#website\"},\"primaryImageOfPage\":{\"@id\":\"https:\\\/\\\/www.rassegnastampa-totustuus.it\\\/cattolica\\\/lo-studio-che-da-ragione-a-chi-vuol-fermare-i-migranti\\\/#primaryimage\"},\"image\":{\"@id\":\"https:\\\/\\\/www.rassegnastampa-totustuus.it\\\/cattolica\\\/lo-studio-che-da-ragione-a-chi-vuol-fermare-i-migranti\\\/#primaryimage\"},\"thumbnailUrl\":\"https:\\\/\\\/www.rassegnastampa-totustuus.it\\\/cattolica\\\/wp-content\\\/uploads\\\/2020\\\/05\\\/immigrazione.jpg\",\"datePublished\":\"2020-05-27T22:00:11+00:00\",\"description\":\"Rassegna Stampa Cattolica - Per una cultura che nasce dalla Rivelazione cristiana in conformit\u00e0 alla tradizione e al Magistero della Chiesa in opposizione ad ogni relativismo e totalitarismo\",\"breadcrumb\":{\"@id\":\"https:\\\/\\\/www.rassegnastampa-totustuus.it\\\/cattolica\\\/lo-studio-che-da-ragione-a-chi-vuol-fermare-i-migranti\\\/#breadcrumb\"},\"inLanguage\":\"it-IT\",\"potentialAction\":[{\"@type\":\"ReadAction\",\"target\":[\"https:\\\/\\\/www.rassegnastampa-totustuus.it\\\/cattolica\\\/lo-studio-che-da-ragione-a-chi-vuol-fermare-i-migranti\\\/\"]}]},{\"@type\":\"ImageObject\",\"inLanguage\":\"it-IT\",\"@id\":\"https:\\\/\\\/www.rassegnastampa-totustuus.it\\\/cattolica\\\/lo-studio-che-da-ragione-a-chi-vuol-fermare-i-migranti\\\/#primaryimage\",\"url\":\"https:\\\/\\\/www.rassegnastampa-totustuus.it\\\/cattolica\\\/wp-content\\\/uploads\\\/2020\\\/05\\\/immigrazione.jpg\",\"contentUrl\":\"https:\\\/\\\/www.rassegnastampa-totustuus.it\\\/cattolica\\\/wp-content\\\/uploads\\\/2020\\\/05\\\/immigrazione.jpg\",\"width\":3500,\"height\":1982,\"caption\":\"Sbarco di migranti a Napoli dalla nave di salvataggio Scirocco Pilot dopo essere stati salvati nel Mediterraneo. Immigrants are disembarked in Naples from rescue ship Scirocco Pilot after being saved in Mediterranean sea\"},{\"@type\":\"BreadcrumbList\",\"@id\":\"https:\\\/\\\/www.rassegnastampa-totustuus.it\\\/cattolica\\\/lo-studio-che-da-ragione-a-chi-vuol-fermare-i-migranti\\\/#breadcrumb\",\"itemListElement\":[{\"@type\":\"ListItem\",\"position\":1,\"name\":\"Home\",\"item\":\"https:\\\/\\\/www.rassegnastampa-totustuus.it\\\/cattolica\\\/\"},{\"@type\":\"ListItem\",\"position\":2,\"name\":\"Lo studio che d\u00e0 ragione a chi vuol fermare i migranti\"}]},{\"@type\":\"WebSite\",\"@id\":\"https:\\\/\\\/www.rassegnastampa-totustuus.it\\\/cattolica\\\/#website\",\"url\":\"https:\\\/\\\/www.rassegnastampa-totustuus.it\\\/cattolica\\\/\",\"name\":\"Rassegna Stampa Cattolica\",\"description\":\"Per una cultura che nasce dalla Rivelazione cristiana in conformit\u00e0 alla tradizione e al Magistero della Chiesa in opposizione ad ogni relativismo e totalitarismo\",\"publisher\":{\"@id\":\"https:\\\/\\\/www.rassegnastampa-totustuus.it\\\/cattolica\\\/#organization\"},\"alternateName\":\"Rass. Cattolica\",\"potentialAction\":[{\"@type\":\"SearchAction\",\"target\":{\"@type\":\"EntryPoint\",\"urlTemplate\":\"https:\\\/\\\/www.rassegnastampa-totustuus.it\\\/cattolica\\\/?s={search_term_string}\"},\"query-input\":{\"@type\":\"PropertyValueSpecification\",\"valueRequired\":true,\"valueName\":\"search_term_string\"}}],\"inLanguage\":\"it-IT\"},{\"@type\":\"Organization\",\"@id\":\"https:\\\/\\\/www.rassegnastampa-totustuus.it\\\/cattolica\\\/#organization\",\"name\":\"Rassegna Stampa Cattolica\",\"url\":\"https:\\\/\\\/www.rassegnastampa-totustuus.it\\\/cattolica\\\/\",\"logo\":{\"@type\":\"ImageObject\",\"inLanguage\":\"it-IT\",\"@id\":\"https:\\\/\\\/www.rassegnastampa-totustuus.it\\\/cattolica\\\/#\\\/schema\\\/logo\\\/image\\\/\",\"url\":\"https:\\\/\\\/www.rassegnastampa-totustuus.it\\\/cattolica\\\/wp-content\\\/uploads\\\/2014\\\/04\\\/logo-rassegna1.gif\",\"contentUrl\":\"https:\\\/\\\/www.rassegnastampa-totustuus.it\\\/cattolica\\\/wp-content\\\/uploads\\\/2014\\\/04\\\/logo-rassegna1.gif\",\"width\":600,\"height\":163,\"caption\":\"Rassegna Stampa Cattolica\"},\"image\":{\"@id\":\"https:\\\/\\\/www.rassegnastampa-totustuus.it\\\/cattolica\\\/#\\\/schema\\\/logo\\\/image\\\/\"},\"sameAs\":[\"https:\\\/\\\/www.facebook.com\\\/rassegnastampacattolica\",\"https:\\\/\\\/x.com\\\/rassegnastampa9\"]},{\"@type\":\"Person\",\"@id\":\"https:\\\/\\\/www.rassegnastampa-totustuus.it\\\/cattolica\\\/#\\\/schema\\\/person\\\/08f319d2bd1a0904ad9e2bfb7b15e5c3\",\"name\":\"Redazione\",\"image\":{\"@type\":\"ImageObject\",\"inLanguage\":\"it-IT\",\"@id\":\"https:\\\/\\\/secure.gravatar.com\\\/avatar\\\/2fcdf27c78ea025fbdb44e914cc63c72249ffec9dc8aafd5c82b26240ef3f346?s=96&d=mm&r=g\",\"url\":\"https:\\\/\\\/secure.gravatar.com\\\/avatar\\\/2fcdf27c78ea025fbdb44e914cc63c72249ffec9dc8aafd5c82b26240ef3f346?s=96&d=mm&r=g\",\"contentUrl\":\"https:\\\/\\\/secure.gravatar.com\\\/avatar\\\/2fcdf27c78ea025fbdb44e914cc63c72249ffec9dc8aafd5c82b26240ef3f346?s=96&d=mm&r=g\",\"caption\":\"Redazione\"},\"url\":\"https:\\\/\\\/www.rassegnastampa-totustuus.it\\\/cattolica\\\/author\\\/pietroelle\\\/\"}]}<\/script>\n<!-- \/ Yoast SEO plugin. -->","yoast_head_json":{"title":"Lo studio che d\u00e0 ragione a chi vuol fermare i migranti - Rassegna Stampa Cattolica","description":"Rassegna Stampa Cattolica - Per una cultura che nasce dalla Rivelazione cristiana in conformit\u00e0 alla tradizione e al Magistero della Chiesa in opposizione ad ogni relativismo e totalitarismo","robots":{"index":"index","follow":"follow","max-snippet":"max-snippet:-1","max-image-preview":"max-image-preview:large","max-video-preview":"max-video-preview:-1"},"canonical":"https:\/\/www.rassegnastampa-totustuus.it\/cattolica\/lo-studio-che-da-ragione-a-chi-vuol-fermare-i-migranti\/","og_locale":"it_IT","og_type":"article","og_title":"Lo studio che d\u00e0 ragione a chi vuol fermare i migranti - Rassegna Stampa Cattolica","og_description":"Rassegna Stampa Cattolica - Per una cultura che nasce dalla Rivelazione cristiana in conformit\u00e0 alla tradizione e al Magistero della Chiesa in opposizione ad ogni relativismo e totalitarismo","og_url":"https:\/\/www.rassegnastampa-totustuus.it\/cattolica\/lo-studio-che-da-ragione-a-chi-vuol-fermare-i-migranti\/","og_site_name":"Rassegna Stampa Cattolica","article_publisher":"https:\/\/www.facebook.com\/rassegnastampacattolica","article_published_time":"2020-05-27T22:00:11+00:00","og_image":[{"width":1024,"height":580,"url":"https:\/\/www.rassegnastampa-totustuus.it\/cattolica\/wp-content\/uploads\/2020\/05\/immigrazione-1024x580.jpg","type":"image\/jpeg"}],"author":"Redazione","twitter_card":"summary_large_image","twitter_creator":"@rassegnastampa9","twitter_site":"@rassegnastampa9","twitter_misc":{"Scritto da":"Redazione","Tempo di lettura stimato":"5 minuti"},"schema":{"@context":"https:\/\/schema.org","@graph":[{"@type":"Article","@id":"https:\/\/www.rassegnastampa-totustuus.it\/cattolica\/lo-studio-che-da-ragione-a-chi-vuol-fermare-i-migranti\/#article","isPartOf":{"@id":"https:\/\/www.rassegnastampa-totustuus.it\/cattolica\/lo-studio-che-da-ragione-a-chi-vuol-fermare-i-migranti\/"},"author":{"name":"Redazione","@id":"https:\/\/www.rassegnastampa-totustuus.it\/cattolica\/#\/schema\/person\/08f319d2bd1a0904ad9e2bfb7b15e5c3"},"headline":"Lo studio che d\u00e0 ragione a chi vuol fermare i migranti","datePublished":"2020-05-27T22:00:11+00:00","mainEntityOfPage":{"@id":"https:\/\/www.rassegnastampa-totustuus.it\/cattolica\/lo-studio-che-da-ragione-a-chi-vuol-fermare-i-migranti\/"},"wordCount":1066,"publisher":{"@id":"https:\/\/www.rassegnastampa-totustuus.it\/cattolica\/#organization"},"image":{"@id":"https:\/\/www.rassegnastampa-totustuus.it\/cattolica\/lo-studio-che-da-ragione-a-chi-vuol-fermare-i-migranti\/#primaryimage"},"thumbnailUrl":"https:\/\/www.rassegnastampa-totustuus.it\/cattolica\/wp-content\/uploads\/2020\/05\/immigrazione.jpg","keywords":["Africa","clandestini","immigrazione"],"articleSection":["Africa","Immigrazione"],"inLanguage":"it-IT"},{"@type":"WebPage","@id":"https:\/\/www.rassegnastampa-totustuus.it\/cattolica\/lo-studio-che-da-ragione-a-chi-vuol-fermare-i-migranti\/","url":"https:\/\/www.rassegnastampa-totustuus.it\/cattolica\/lo-studio-che-da-ragione-a-chi-vuol-fermare-i-migranti\/","name":"Lo studio che d\u00e0 ragione a chi vuol fermare i migranti - Rassegna Stampa Cattolica","isPartOf":{"@id":"https:\/\/www.rassegnastampa-totustuus.it\/cattolica\/#website"},"primaryImageOfPage":{"@id":"https:\/\/www.rassegnastampa-totustuus.it\/cattolica\/lo-studio-che-da-ragione-a-chi-vuol-fermare-i-migranti\/#primaryimage"},"image":{"@id":"https:\/\/www.rassegnastampa-totustuus.it\/cattolica\/lo-studio-che-da-ragione-a-chi-vuol-fermare-i-migranti\/#primaryimage"},"thumbnailUrl":"https:\/\/www.rassegnastampa-totustuus.it\/cattolica\/wp-content\/uploads\/2020\/05\/immigrazione.jpg","datePublished":"2020-05-27T22:00:11+00:00","description":"Rassegna Stampa Cattolica - Per una cultura che nasce dalla Rivelazione cristiana in conformit\u00e0 alla tradizione e al Magistero della Chiesa in opposizione ad ogni relativismo e totalitarismo","breadcrumb":{"@id":"https:\/\/www.rassegnastampa-totustuus.it\/cattolica\/lo-studio-che-da-ragione-a-chi-vuol-fermare-i-migranti\/#breadcrumb"},"inLanguage":"it-IT","potentialAction":[{"@type":"ReadAction","target":["https:\/\/www.rassegnastampa-totustuus.it\/cattolica\/lo-studio-che-da-ragione-a-chi-vuol-fermare-i-migranti\/"]}]},{"@type":"ImageObject","inLanguage":"it-IT","@id":"https:\/\/www.rassegnastampa-totustuus.it\/cattolica\/lo-studio-che-da-ragione-a-chi-vuol-fermare-i-migranti\/#primaryimage","url":"https:\/\/www.rassegnastampa-totustuus.it\/cattolica\/wp-content\/uploads\/2020\/05\/immigrazione.jpg","contentUrl":"https:\/\/www.rassegnastampa-totustuus.it\/cattolica\/wp-content\/uploads\/2020\/05\/immigrazione.jpg","width":3500,"height":1982,"caption":"Sbarco di migranti a Napoli dalla nave di salvataggio Scirocco Pilot dopo essere stati salvati nel Mediterraneo. Immigrants are disembarked in Naples from rescue ship Scirocco Pilot after being saved in Mediterranean sea"},{"@type":"BreadcrumbList","@id":"https:\/\/www.rassegnastampa-totustuus.it\/cattolica\/lo-studio-che-da-ragione-a-chi-vuol-fermare-i-migranti\/#breadcrumb","itemListElement":[{"@type":"ListItem","position":1,"name":"Home","item":"https:\/\/www.rassegnastampa-totustuus.it\/cattolica\/"},{"@type":"ListItem","position":2,"name":"Lo studio che d\u00e0 ragione a chi vuol fermare i migranti"}]},{"@type":"WebSite","@id":"https:\/\/www.rassegnastampa-totustuus.it\/cattolica\/#website","url":"https:\/\/www.rassegnastampa-totustuus.it\/cattolica\/","name":"Rassegna Stampa Cattolica","description":"Per una cultura che nasce dalla Rivelazione cristiana in conformit\u00e0 alla tradizione e al Magistero della Chiesa in opposizione ad ogni relativismo e totalitarismo","publisher":{"@id":"https:\/\/www.rassegnastampa-totustuus.it\/cattolica\/#organization"},"alternateName":"Rass. Cattolica","potentialAction":[{"@type":"SearchAction","target":{"@type":"EntryPoint","urlTemplate":"https:\/\/www.rassegnastampa-totustuus.it\/cattolica\/?s={search_term_string}"},"query-input":{"@type":"PropertyValueSpecification","valueRequired":true,"valueName":"search_term_string"}}],"inLanguage":"it-IT"},{"@type":"Organization","@id":"https:\/\/www.rassegnastampa-totustuus.it\/cattolica\/#organization","name":"Rassegna Stampa Cattolica","url":"https:\/\/www.rassegnastampa-totustuus.it\/cattolica\/","logo":{"@type":"ImageObject","inLanguage":"it-IT","@id":"https:\/\/www.rassegnastampa-totustuus.it\/cattolica\/#\/schema\/logo\/image\/","url":"https:\/\/www.rassegnastampa-totustuus.it\/cattolica\/wp-content\/uploads\/2014\/04\/logo-rassegna1.gif","contentUrl":"https:\/\/www.rassegnastampa-totustuus.it\/cattolica\/wp-content\/uploads\/2014\/04\/logo-rassegna1.gif","width":600,"height":163,"caption":"Rassegna Stampa Cattolica"},"image":{"@id":"https:\/\/www.rassegnastampa-totustuus.it\/cattolica\/#\/schema\/logo\/image\/"},"sameAs":["https:\/\/www.facebook.com\/rassegnastampacattolica","https:\/\/x.com\/rassegnastampa9"]},{"@type":"Person","@id":"https:\/\/www.rassegnastampa-totustuus.it\/cattolica\/#\/schema\/person\/08f319d2bd1a0904ad9e2bfb7b15e5c3","name":"Redazione","image":{"@type":"ImageObject","inLanguage":"it-IT","@id":"https:\/\/secure.gravatar.com\/avatar\/2fcdf27c78ea025fbdb44e914cc63c72249ffec9dc8aafd5c82b26240ef3f346?s=96&d=mm&r=g","url":"https:\/\/secure.gravatar.com\/avatar\/2fcdf27c78ea025fbdb44e914cc63c72249ffec9dc8aafd5c82b26240ef3f346?s=96&d=mm&r=g","contentUrl":"https:\/\/secure.gravatar.com\/avatar\/2fcdf27c78ea025fbdb44e914cc63c72249ffec9dc8aafd5c82b26240ef3f346?s=96&d=mm&r=g","caption":"Redazione"},"url":"https:\/\/www.rassegnastampa-totustuus.it\/cattolica\/author\/pietroelle\/"}]}},"_links":{"self":[{"href":"https:\/\/www.rassegnastampa-totustuus.it\/cattolica\/wp-json\/wp\/v2\/posts\/47356","targetHints":{"allow":["GET"]}}],"collection":[{"href":"https:\/\/www.rassegnastampa-totustuus.it\/cattolica\/wp-json\/wp\/v2\/posts"}],"about":[{"href":"https:\/\/www.rassegnastampa-totustuus.it\/cattolica\/wp-json\/wp\/v2\/types\/post"}],"author":[{"embeddable":true,"href":"https:\/\/www.rassegnastampa-totustuus.it\/cattolica\/wp-json\/wp\/v2\/users\/6"}],"replies":[{"embeddable":true,"href":"https:\/\/www.rassegnastampa-totustuus.it\/cattolica\/wp-json\/wp\/v2\/comments?post=47356"}],"version-history":[{"count":1,"href":"https:\/\/www.rassegnastampa-totustuus.it\/cattolica\/wp-json\/wp\/v2\/posts\/47356\/revisions"}],"predecessor-version":[{"id":47358,"href":"https:\/\/www.rassegnastampa-totustuus.it\/cattolica\/wp-json\/wp\/v2\/posts\/47356\/revisions\/47358"}],"wp:featuredmedia":[{"embeddable":true,"href":"https:\/\/www.rassegnastampa-totustuus.it\/cattolica\/wp-json\/wp\/v2\/media\/47357"}],"wp:attachment":[{"href":"https:\/\/www.rassegnastampa-totustuus.it\/cattolica\/wp-json\/wp\/v2\/media?parent=47356"}],"wp:term":[{"taxonomy":"category","embeddable":true,"href":"https:\/\/www.rassegnastampa-totustuus.it\/cattolica\/wp-json\/wp\/v2\/categories?post=47356"},{"taxonomy":"post_tag","embeddable":true,"href":"https:\/\/www.rassegnastampa-totustuus.it\/cattolica\/wp-json\/wp\/v2\/tags?post=47356"}],"curies":[{"name":"wp","href":"https:\/\/api.w.org\/{rel}","templated":true}]}}