{"id":47347,"date":"2020-05-28T00:00:10","date_gmt":"2020-05-27T22:00:10","guid":{"rendered":"http:\/\/www.rassegnastampa-totustuus.it\/cattolica\/?p=47347"},"modified":"2020-05-25T17:51:08","modified_gmt":"2020-05-25T15:51:08","slug":"leuropa-frantumata-davanti-alla-liberta-religiosa","status":"publish","type":"post","link":"https:\/\/www.rassegnastampa-totustuus.it\/cattolica\/leuropa-frantumata-davanti-alla-liberta-religiosa\/","title":{"rendered":"L\u2019Europa frantumata davanti alla libert\u00e0 religiosa"},"content":{"rendered":"<p style=\"text-align: center;\"><strong><a href=\"https:\/\/www.rassegnastampa-totustuus.it\/cattolica\/wp-content\/uploads\/2020\/05\/chiesa_vuota_virus.jpg\"><img loading=\"lazy\" decoding=\"async\" class=\" wp-image-47348 alignleft\" src=\"https:\/\/www.rassegnastampa-totustuus.it\/cattolica\/wp-content\/uploads\/2020\/05\/chiesa_vuota_virus-300x168.jpg\" alt=\"\" width=\"266\" height=\"149\"><\/a>International Family News <\/strong><\/p>\n<p style=\"text-align: center;\">22 Maggio 2020 <strong>&nbsp;<\/strong><\/p>\n<p style=\"text-align: justify;\"><em>Strane cose accadono nel Vecchio Continente ai tempi delle chiese chiuse dal coronavirus <\/em><\/p>\n<p style=\"text-align: center;\">di <strong>Marco Respinti<\/strong><\/p>\n<p><!--more--><\/p>\n<p style=\"text-align: justify;\">L\u2019Irlanda \u2012 dico l\u2019Irlanda \u201ccattolica\u201d \u2012 sar\u00e0 <a href=\"https:\/\/ionainstitute.ie\/ireland-will-be-one-of-the-last-countries-in-europe-to-restore-public-worship\/\" target=\"_blank\" rel=\"noreferrer noopener\">l\u2019ultimo Paese in Europa a riaprire le chiese alle Messe<\/a>. Accadr\u00e0 il 20 luglio, una data che si stenta a scorgere persino con il binocolo. Effetto di un governo sempre pi\u00f9 lontano da quella cultura cattolica che ha per secoli connotato, e orgogliosamente, l\u2019Isola Verde. Basta seguire <a href=\"https:\/\/twitter.com\/DavQuinn\" target=\"_blank\" rel=\"noreferrer noopener\">David Quinn<\/a>, direttore dell\u2019Iona Institute di Dublino, nonch\u00e9 opinionista dei settimanali <em>The Sunday Times<\/em> e <em>The Irish Catholic<\/em>, per esserne edotti e restarne informati.<\/p>\n<p style=\"text-align: justify;\"><a href=\"https:\/\/www.rassegnastampa-totustuus.it\/cattolica\/wp-content\/uploads\/2006\/08\/laicit\u00e8.png\"><img loading=\"lazy\" decoding=\"async\" class=\"size-full wp-image-16239 alignright\" src=\"https:\/\/www.rassegnastampa-totustuus.it\/cattolica\/wp-content\/uploads\/2006\/08\/laicit\u00e8.png\" alt=\"\" width=\"195\" height=\"191\"><\/a>La Francia \u2012 dico la Francia della legge sulla laicit\u00e0 del 1905 che sanc\u00ec la separazione totale fra Chiesa e Stato, rimpiazzando il Concordato del 1801 ritenuto evidentemente troppo permissivo pur essendo stato imposto con le baionette da Napoleone Bonaparte (1769-1821), e della legge 2004 che vieta l\u2019uso di simboli religiosi a scuola (croci, <em>kippah<\/em>, velo islamico e quant\u2019altro), ha invece definito \u00ab[\u2026] l\u2019interdizione generale e assoluta\u00bb dei luoghi religiosi come \u00ab[\u2026] sproporzionata rispetto all\u2019obiettivo della preservazione della salute pubblica\u00bb e, visto il \u00ab[\u2026] carattere essenziale di questa componente della libert\u00e0 di culto\u00bb, \u00ab[\u2026] un attentato grave e manifestamente illegale verso quest\u2019ultima\u00bb. Lo ha fatto il <a href=\"https:\/\/www.conseil-etat.fr\/actualites\/actualites\/rassemblements-dans-les-lieux-de-culte-le-conseil-d-etat-ordonne-au-premier-ministre-de-prendre-des-mesures-moins-contraignantes\" target=\"_blank\" rel=\"noreferrer noopener\">18 maggio il Consiglio di Stato intimando al primo ministro<\/a> di modificare entro otto giorni il decreto liberticida dell\u201911 maggio.<\/p>\n<p style=\"text-align: justify;\"><strong>Tempi interessanti<\/strong><\/p>\n<p style=\"text-align: justify;\"><a href=\"https:\/\/www.rassegnastampa-totustuus.it\/cattolica\/wp-content\/uploads\/2009\/03\/solgenitzin_archive.jpg\"><img loading=\"lazy\" decoding=\"async\" class=\"size-medium wp-image-17964 alignleft\" src=\"https:\/\/www.rassegnastampa-totustuus.it\/cattolica\/wp-content\/uploads\/2009\/03\/solgenitzin_archive-300x207.jpg\" alt=\"\" width=\"300\" height=\"207\" srcset=\"https:\/\/www.rassegnastampa-totustuus.it\/cattolica\/wp-content\/uploads\/2009\/03\/solgenitzin_archive-300x207.jpg 300w, https:\/\/www.rassegnastampa-totustuus.it\/cattolica\/wp-content\/uploads\/2009\/03\/solgenitzin_archive.jpg 400w\" sizes=\"auto, (max-width: 300px) 100vw, 300px\" \/><\/a>Quando, nel 1978, lo scrittore e pensatore russo <a href=\"http:\/\/www.sandrodiremigio.com\/blog\/1978_un_mondo_in_frantumi_solcenicyn.htm\" target=\"_blank\" rel=\"noreferrer noopener\">Aleksandr I. Sol\u017eenicyn (1918-2008) defin\u00ec il nostro \u00abun mondo in frantumi\u00bb<\/a> non immaginava forse a quale punto di inversione dei poli saremmo giunti. Mentre nella cattolica Irlanda il governo tiranneggia una Chiesa che evidentemente si lascia tiranneggiare, la Francia laicista afferma una verit\u00e0 di principio sacrosanta. Per tutti.<\/p>\n<p style=\"text-align: justify;\">Continua infatti a sbagliare di grosso (obiettivo e retorica) chi pensa che la libert\u00e0 religiosa, e quella sua reificazione concreta che \u00e8 la libert\u00e0 di culto nelle sue varie dimensioni ed espressioni, sia una questione da credenti e da beghine, da preti e da perpetue. Ne beneficiano pure loro, ovvio, ma in quanto persone umane.<\/p>\n<p style=\"text-align: justify;\"><a href=\"https:\/\/www.rassegnastampa-totustuus.it\/cattolica\/wp-content\/uploads\/2017\/05\/Gay_Lgbt-1.jpg\"><img loading=\"lazy\" decoding=\"async\" class=\"size-full wp-image-37671 alignright\" src=\"https:\/\/www.rassegnastampa-totustuus.it\/cattolica\/wp-content\/uploads\/2017\/05\/Gay_Lgbt-1.jpg\" alt=\"\" width=\"267\" height=\"189\"><\/a>Noi di \u201ciFamNews\u201d contestiamo in radice i presunti \u00abdiritti LGBT+\u00bb perch\u00e9 affermiamo non esista nulla di tutto ci\u00f2: esistono i diritti delle persone umane, diritti imposti alle ubbie di tutti dalla natura, cio\u00e8 da come la realt\u00e0 (e in essa eminentemente noi persone) siamo fatti, e nient\u2019altro.<\/p>\n<p style=\"text-align: justify;\">Non crediamo cio\u00e8 che esistano i diritti degli aderenti alla bocciofila, o i diritti dei consumatori di cavolfiore, o i diritti dei collezionisti di carte da&nbsp;<em>role-playing game<\/em>&nbsp;se non come diritti limitati, circoscritti e storici, che trovano cio\u00e8&nbsp;<em>ratio<\/em>&nbsp;specifica dentro un ordinamento pi\u00f9 ampio che \u00e8, quello s\u00ec, di ordine naturale e universale.<\/p>\n<p style=\"text-align: justify;\">Per questo affermiamo che anche le comunit\u00e0 di credenti hanno diritti limitati, circoscritti e storici in quanto gruppi umani specifici, ma diritti universali inalienabili dettati dalla loro natura intangibile di persone umane. Ci\u00f2 non significa che i diritti storici non abbiano valore: significa che esiste una gerarchia e che i diritti derivanti dalla natura vengono prima di quelli contingenti, e che laddove i diritti naturali sono intoccabili, quelli storici possono essere soggetti a modificazioni.<\/p>\n<p style=\"text-align: justify;\"><a href=\"https:\/\/www.rassegnastampa-totustuus.it\/cattolica\/wp-content\/uploads\/2014\/04\/catari.jpg\"><img loading=\"lazy\" decoding=\"async\" class=\"size-full wp-image-7277 alignleft\" src=\"https:\/\/www.rassegnastampa-totustuus.it\/cattolica\/wp-content\/uploads\/2014\/04\/catari.jpg\" alt=\"\" width=\"223\" height=\"226\"><\/a>La lotta del potere politico contro i catari nel Medioevo fu condotta (al netto degli abusi che il potere politico sempre compie) nel momento in cui i catari divennero eversivi e quindi pericolosi socio-politicamente. Il loro diritto alla libert\u00e0 religiosa rimase e rimane intatto finch\u00e9 non pretende diritti storici che sono incompatibili con la dignit\u00e0 delle persone, con la pace, con la libert\u00e0 religiosa di tutti e con il diritto naturale.<\/p>\n<p style=\"text-align: justify;\">Nel limitarne le pretese storiche, la loro libert\u00e0 religiosa va comunque garantita. Certo, dare il potere all\u2019ordinamento politico di intervenire in questi casi \u00e8 sempre molto, molto pericoloso, ma la distinzione fra ci\u00f2 che \u00e8 immutabile perch\u00e9 appartenente alla sfera del diritto naturale, e dei diritti naturali che ne conseguono, e ci\u00f2 che invece \u00e8 diritto storico a volte passibile anche di limitazione, deve esser sempre nettissima almeno sul piano concettuale.<\/p>\n<p style=\"text-align: justify;\"><strong>Per tutti<\/strong><\/p>\n<p style=\"text-align: justify;\"><a href=\"https:\/\/www.rassegnastampa-totustuus.it\/cattolica\/wp-content\/uploads\/2020\/03\/chiesa_Messa.jpg\"><img loading=\"lazy\" decoding=\"async\" class=\"size-medium wp-image-46745 alignright\" src=\"https:\/\/www.rassegnastampa-totustuus.it\/cattolica\/wp-content\/uploads\/2020\/03\/chiesa_Messa-300x168.jpg\" alt=\"\" width=\"300\" height=\"168\"><\/a>Ebbene, la libert\u00e0 di culto, nelle sue forme diverse, \u00e8 un diritto storico che reifica un diritto naturale: se ne pu\u00f2 semmai limitare la componente storica, ma mai quella universale. Ma se la limitazione della componente storica della libert\u00e0 di culto chiude completamente al godimento della libert\u00e0 religiosa universale, a risultarne offesa non \u00e8 solo la componente storica, passibile in tesi di limitazioni legittime, ma il principio.<\/p>\n<p style=\"text-align: justify;\">cattolicesimo, per esempio, la ripetizione del sacrificio incruento di Cristo sull\u2019altare della Messa non \u00e8 un <em>optional<\/em> e limitarne storicamente la celebrazione lede il principio stesso della libert\u00e0 religiosa. E il precetto della Messa domenicale non \u00e8 una norma storica di uomini, ma il modo eminente di ottemperare a un comandamento scritturale, cio\u00e8 non \u00e8 un <em>optional<\/em> nemmeno questo. La libert\u00e0 religiosa \u00e8 dunque una difesa della dignit\u00e0 umana in quanto tale.<\/p>\n<p style=\"text-align: justify;\"><a href=\"https:\/\/www.rassegnastampa-totustuus.it\/cattolica\/wp-content\/uploads\/2020\/03\/Chiesa_virus.png\"><img loading=\"lazy\" decoding=\"async\" class=\"size-medium wp-image-46669 alignleft\" src=\"https:\/\/www.rassegnastampa-totustuus.it\/cattolica\/wp-content\/uploads\/2020\/03\/Chiesa_virus-300x203.png\" alt=\"\" width=\"300\" height=\"203\" srcset=\"https:\/\/www.rassegnastampa-totustuus.it\/cattolica\/wp-content\/uploads\/2020\/03\/Chiesa_virus-300x203.png 300w, https:\/\/www.rassegnastampa-totustuus.it\/cattolica\/wp-content\/uploads\/2020\/03\/Chiesa_virus-768x521.png 768w, https:\/\/www.rassegnastampa-totustuus.it\/cattolica\/wp-content\/uploads\/2020\/03\/Chiesa_virus-1024x694.png 1024w, https:\/\/www.rassegnastampa-totustuus.it\/cattolica\/wp-content\/uploads\/2020\/03\/Chiesa_virus-595x400.png 595w, https:\/\/www.rassegnastampa-totustuus.it\/cattolica\/wp-content\/uploads\/2020\/03\/Chiesa_virus.png 1280w\" sizes=\"auto, (max-width: 300px) 100vw, 300px\" \/><\/a>Averla negata nella fattispecie della libert\u00e0 di culto relativamente proprio alla Messa domenicale \u00e8 un abuso nei confronti dei cattolici, e lo sar\u00e0 ancora ogni volta che un divieto simile dovesse venire ripetuto. Gli atei per primi dovrebbero difendere questa concretissima, ma non solo concreta, libert\u00e0 religiosa, quindi la storicissima, ma non solo storica, libert\u00e0 di culto,&nbsp;<em>ergo<\/em>&nbsp;la libert\u00e0 di preghiera, la libert\u00e0 di appendere un crocifisso in un\u2019aula pubblica senza timore per la separazione fra Chiesa e Stato, e tutti i diritti storici conquistati, s\u00ec, tornare indietro rispetto ai quali significherebbe per\u00f2, storicamente, negare il principio universale che essi reificano in maniera non accessoria.<\/p>\n<p style=\"text-align: justify;\">A volte del resto <a href=\"https:\/\/www.ifamnews.com\/it\/io-radicale-protesto-contro-lalt-alle-messe\/\" target=\"_blank\" rel=\"noreferrer noopener\">accade che i non credenti difendano questo patrimonio principale e storico di libert\u00e0 per tutti<\/a>. Sembra che tutto questo la Francia laicista lo abbia guadagnato e la cattolica Irlanda lo abbia smarrito. Davvero viviamo tempi interessanti.<\/p>\n","protected":false},"excerpt":{"rendered":"<p>International Family News 22 Maggio 2020 &nbsp; Strane cose accadono nel Vecchio Continente ai tempi delle chiese chiuse dal coronavirus di Marco Respinti<\/p><p><a class=\"more-link btn\" href=\"https:\/\/www.rassegnastampa-totustuus.it\/cattolica\/leuropa-frantumata-davanti-alla-liberta-religiosa\/\">Continua a leggere<\/a><\/p>\n","protected":false},"author":6,"featured_media":47353,"comment_status":"closed","ping_status":"closed","sticky":false,"template":"","format":"standard","meta":{"footnotes":""},"categories":[5,103,25],"tags":[157,2384,1320,168,1545,558],"class_list":["post-47347","post","type-post","status-publish","format-standard","has-post-thumbnail","hentry","category-chiesa","category-laicismo","category-sguardo-sul-nostro-tempo","tag-chiesa-2","tag-diritti","tag-diritti-umani","tag-laicismo-2","tag-liberta-religiosa","tag-sguardo-sul-nostro-tempo-2","item-wrap"],"yoast_head":"<!-- This site is optimized with the Yoast SEO plugin v27.4 - https:\/\/yoast.com\/product\/yoast-seo-wordpress\/ -->\n<title>L\u2019Europa frantumata davanti alla libert\u00e0 religiosa - Rassegna Stampa Cattolica<\/title>\n<meta name=\"description\" content=\"Rassegna Stampa Cattolica - Per una cultura che nasce dalla Rivelazione cristiana in conformit\u00e0 alla tradizione e al Magistero della Chiesa in opposizione ad ogni relativismo e totalitarismo\" \/>\n<meta name=\"robots\" content=\"index, follow, max-snippet:-1, max-image-preview:large, max-video-preview:-1\" \/>\n<link rel=\"canonical\" href=\"https:\/\/www.rassegnastampa-totustuus.it\/cattolica\/leuropa-frantumata-davanti-alla-liberta-religiosa\/\" \/>\n<meta property=\"og:locale\" content=\"it_IT\" \/>\n<meta property=\"og:type\" content=\"article\" \/>\n<meta property=\"og:title\" content=\"L\u2019Europa frantumata davanti alla libert\u00e0 religiosa - Rassegna Stampa Cattolica\" \/>\n<meta property=\"og:description\" content=\"Rassegna Stampa Cattolica - Per una cultura che nasce dalla Rivelazione cristiana in conformit\u00e0 alla tradizione e al Magistero della Chiesa in opposizione ad ogni relativismo e totalitarismo\" \/>\n<meta property=\"og:url\" content=\"https:\/\/www.rassegnastampa-totustuus.it\/cattolica\/leuropa-frantumata-davanti-alla-liberta-religiosa\/\" \/>\n<meta property=\"og:site_name\" content=\"Rassegna Stampa Cattolica\" \/>\n<meta property=\"article:publisher\" content=\"https:\/\/www.facebook.com\/rassegnastampacattolica\" \/>\n<meta property=\"article:published_time\" content=\"2020-05-27T22:00:10+00:00\" \/>\n<meta property=\"og:image\" content=\"https:\/\/www.rassegnastampa-totustuus.it\/cattolica\/wp-content\/uploads\/2020\/05\/chiesa_vuota_virus-1.jpg\" \/>\n\t<meta property=\"og:image:width\" content=\"2000\" \/>\n\t<meta property=\"og:image:height\" content=\"1333\" \/>\n\t<meta property=\"og:image:type\" content=\"image\/jpeg\" \/>\n<meta name=\"author\" content=\"Redazione\" \/>\n<meta name=\"twitter:card\" content=\"summary_large_image\" \/>\n<meta name=\"twitter:creator\" content=\"@rassegnastampa9\" \/>\n<meta name=\"twitter:site\" content=\"@rassegnastampa9\" \/>\n<meta name=\"twitter:label1\" content=\"Scritto da\" \/>\n\t<meta name=\"twitter:data1\" content=\"Redazione\" \/>\n\t<meta name=\"twitter:label2\" content=\"Tempo di lettura stimato\" \/>\n\t<meta name=\"twitter:data2\" content=\"5 minuti\" \/>\n<script type=\"application\/ld+json\" class=\"yoast-schema-graph\">{\"@context\":\"https:\\\/\\\/schema.org\",\"@graph\":[{\"@type\":\"Article\",\"@id\":\"https:\\\/\\\/www.rassegnastampa-totustuus.it\\\/cattolica\\\/leuropa-frantumata-davanti-alla-liberta-religiosa\\\/#article\",\"isPartOf\":{\"@id\":\"https:\\\/\\\/www.rassegnastampa-totustuus.it\\\/cattolica\\\/leuropa-frantumata-davanti-alla-liberta-religiosa\\\/\"},\"author\":{\"name\":\"Redazione\",\"@id\":\"https:\\\/\\\/www.rassegnastampa-totustuus.it\\\/cattolica\\\/#\\\/schema\\\/person\\\/08f319d2bd1a0904ad9e2bfb7b15e5c3\"},\"headline\":\"L\u2019Europa frantumata davanti alla libert\u00e0 religiosa\",\"datePublished\":\"2020-05-27T22:00:10+00:00\",\"mainEntityOfPage\":{\"@id\":\"https:\\\/\\\/www.rassegnastampa-totustuus.it\\\/cattolica\\\/leuropa-frantumata-davanti-alla-liberta-religiosa\\\/\"},\"wordCount\":946,\"publisher\":{\"@id\":\"https:\\\/\\\/www.rassegnastampa-totustuus.it\\\/cattolica\\\/#organization\"},\"image\":{\"@id\":\"https:\\\/\\\/www.rassegnastampa-totustuus.it\\\/cattolica\\\/leuropa-frantumata-davanti-alla-liberta-religiosa\\\/#primaryimage\"},\"thumbnailUrl\":\"https:\\\/\\\/www.rassegnastampa-totustuus.it\\\/cattolica\\\/wp-content\\\/uploads\\\/2020\\\/05\\\/chiesa_vuota_virus-1.jpg\",\"keywords\":[\"chiesa\",\"diritti\",\"diritti umani\",\"laicismo\",\"libert\u00e0 religiosa\",\"sguardo sul nostro tempo\"],\"articleSection\":[\"Chiesa\",\"Laicismo\",\"Sguardo sul nostro tempo\"],\"inLanguage\":\"it-IT\"},{\"@type\":\"WebPage\",\"@id\":\"https:\\\/\\\/www.rassegnastampa-totustuus.it\\\/cattolica\\\/leuropa-frantumata-davanti-alla-liberta-religiosa\\\/\",\"url\":\"https:\\\/\\\/www.rassegnastampa-totustuus.it\\\/cattolica\\\/leuropa-frantumata-davanti-alla-liberta-religiosa\\\/\",\"name\":\"L\u2019Europa frantumata davanti alla libert\u00e0 religiosa - Rassegna Stampa Cattolica\",\"isPartOf\":{\"@id\":\"https:\\\/\\\/www.rassegnastampa-totustuus.it\\\/cattolica\\\/#website\"},\"primaryImageOfPage\":{\"@id\":\"https:\\\/\\\/www.rassegnastampa-totustuus.it\\\/cattolica\\\/leuropa-frantumata-davanti-alla-liberta-religiosa\\\/#primaryimage\"},\"image\":{\"@id\":\"https:\\\/\\\/www.rassegnastampa-totustuus.it\\\/cattolica\\\/leuropa-frantumata-davanti-alla-liberta-religiosa\\\/#primaryimage\"},\"thumbnailUrl\":\"https:\\\/\\\/www.rassegnastampa-totustuus.it\\\/cattolica\\\/wp-content\\\/uploads\\\/2020\\\/05\\\/chiesa_vuota_virus-1.jpg\",\"datePublished\":\"2020-05-27T22:00:10+00:00\",\"description\":\"Rassegna Stampa Cattolica - Per una cultura che nasce dalla Rivelazione cristiana in conformit\u00e0 alla tradizione e al Magistero della Chiesa in opposizione ad ogni relativismo e totalitarismo\",\"breadcrumb\":{\"@id\":\"https:\\\/\\\/www.rassegnastampa-totustuus.it\\\/cattolica\\\/leuropa-frantumata-davanti-alla-liberta-religiosa\\\/#breadcrumb\"},\"inLanguage\":\"it-IT\",\"potentialAction\":[{\"@type\":\"ReadAction\",\"target\":[\"https:\\\/\\\/www.rassegnastampa-totustuus.it\\\/cattolica\\\/leuropa-frantumata-davanti-alla-liberta-religiosa\\\/\"]}]},{\"@type\":\"ImageObject\",\"inLanguage\":\"it-IT\",\"@id\":\"https:\\\/\\\/www.rassegnastampa-totustuus.it\\\/cattolica\\\/leuropa-frantumata-davanti-alla-liberta-religiosa\\\/#primaryimage\",\"url\":\"https:\\\/\\\/www.rassegnastampa-totustuus.it\\\/cattolica\\\/wp-content\\\/uploads\\\/2020\\\/05\\\/chiesa_vuota_virus-1.jpg\",\"contentUrl\":\"https:\\\/\\\/www.rassegnastampa-totustuus.it\\\/cattolica\\\/wp-content\\\/uploads\\\/2020\\\/05\\\/chiesa_vuota_virus-1.jpg\",\"width\":2000,\"height\":1333},{\"@type\":\"BreadcrumbList\",\"@id\":\"https:\\\/\\\/www.rassegnastampa-totustuus.it\\\/cattolica\\\/leuropa-frantumata-davanti-alla-liberta-religiosa\\\/#breadcrumb\",\"itemListElement\":[{\"@type\":\"ListItem\",\"position\":1,\"name\":\"Home\",\"item\":\"https:\\\/\\\/www.rassegnastampa-totustuus.it\\\/cattolica\\\/\"},{\"@type\":\"ListItem\",\"position\":2,\"name\":\"L\u2019Europa frantumata davanti alla libert\u00e0 religiosa\"}]},{\"@type\":\"WebSite\",\"@id\":\"https:\\\/\\\/www.rassegnastampa-totustuus.it\\\/cattolica\\\/#website\",\"url\":\"https:\\\/\\\/www.rassegnastampa-totustuus.it\\\/cattolica\\\/\",\"name\":\"Rassegna Stampa Cattolica\",\"description\":\"Per una cultura che nasce dalla Rivelazione cristiana in conformit\u00e0 alla tradizione e al Magistero della Chiesa in opposizione ad ogni relativismo e totalitarismo\",\"publisher\":{\"@id\":\"https:\\\/\\\/www.rassegnastampa-totustuus.it\\\/cattolica\\\/#organization\"},\"alternateName\":\"Rass. Cattolica\",\"potentialAction\":[{\"@type\":\"SearchAction\",\"target\":{\"@type\":\"EntryPoint\",\"urlTemplate\":\"https:\\\/\\\/www.rassegnastampa-totustuus.it\\\/cattolica\\\/?s={search_term_string}\"},\"query-input\":{\"@type\":\"PropertyValueSpecification\",\"valueRequired\":true,\"valueName\":\"search_term_string\"}}],\"inLanguage\":\"it-IT\"},{\"@type\":\"Organization\",\"@id\":\"https:\\\/\\\/www.rassegnastampa-totustuus.it\\\/cattolica\\\/#organization\",\"name\":\"Rassegna Stampa Cattolica\",\"url\":\"https:\\\/\\\/www.rassegnastampa-totustuus.it\\\/cattolica\\\/\",\"logo\":{\"@type\":\"ImageObject\",\"inLanguage\":\"it-IT\",\"@id\":\"https:\\\/\\\/www.rassegnastampa-totustuus.it\\\/cattolica\\\/#\\\/schema\\\/logo\\\/image\\\/\",\"url\":\"https:\\\/\\\/www.rassegnastampa-totustuus.it\\\/cattolica\\\/wp-content\\\/uploads\\\/2014\\\/04\\\/logo-rassegna1.gif\",\"contentUrl\":\"https:\\\/\\\/www.rassegnastampa-totustuus.it\\\/cattolica\\\/wp-content\\\/uploads\\\/2014\\\/04\\\/logo-rassegna1.gif\",\"width\":600,\"height\":163,\"caption\":\"Rassegna Stampa Cattolica\"},\"image\":{\"@id\":\"https:\\\/\\\/www.rassegnastampa-totustuus.it\\\/cattolica\\\/#\\\/schema\\\/logo\\\/image\\\/\"},\"sameAs\":[\"https:\\\/\\\/www.facebook.com\\\/rassegnastampacattolica\",\"https:\\\/\\\/x.com\\\/rassegnastampa9\"]},{\"@type\":\"Person\",\"@id\":\"https:\\\/\\\/www.rassegnastampa-totustuus.it\\\/cattolica\\\/#\\\/schema\\\/person\\\/08f319d2bd1a0904ad9e2bfb7b15e5c3\",\"name\":\"Redazione\",\"image\":{\"@type\":\"ImageObject\",\"inLanguage\":\"it-IT\",\"@id\":\"https:\\\/\\\/secure.gravatar.com\\\/avatar\\\/2fcdf27c78ea025fbdb44e914cc63c72249ffec9dc8aafd5c82b26240ef3f346?s=96&d=mm&r=g\",\"url\":\"https:\\\/\\\/secure.gravatar.com\\\/avatar\\\/2fcdf27c78ea025fbdb44e914cc63c72249ffec9dc8aafd5c82b26240ef3f346?s=96&d=mm&r=g\",\"contentUrl\":\"https:\\\/\\\/secure.gravatar.com\\\/avatar\\\/2fcdf27c78ea025fbdb44e914cc63c72249ffec9dc8aafd5c82b26240ef3f346?s=96&d=mm&r=g\",\"caption\":\"Redazione\"},\"url\":\"https:\\\/\\\/www.rassegnastampa-totustuus.it\\\/cattolica\\\/author\\\/pietroelle\\\/\"}]}<\/script>\n<!-- \/ Yoast SEO plugin. -->","yoast_head_json":{"title":"L\u2019Europa frantumata davanti alla libert\u00e0 religiosa - Rassegna Stampa Cattolica","description":"Rassegna Stampa Cattolica - Per una cultura che nasce dalla Rivelazione cristiana in conformit\u00e0 alla tradizione e al Magistero della Chiesa in opposizione ad ogni relativismo e totalitarismo","robots":{"index":"index","follow":"follow","max-snippet":"max-snippet:-1","max-image-preview":"max-image-preview:large","max-video-preview":"max-video-preview:-1"},"canonical":"https:\/\/www.rassegnastampa-totustuus.it\/cattolica\/leuropa-frantumata-davanti-alla-liberta-religiosa\/","og_locale":"it_IT","og_type":"article","og_title":"L\u2019Europa frantumata davanti alla libert\u00e0 religiosa - Rassegna Stampa Cattolica","og_description":"Rassegna Stampa Cattolica - Per una cultura che nasce dalla Rivelazione cristiana in conformit\u00e0 alla tradizione e al Magistero della Chiesa in opposizione ad ogni relativismo e totalitarismo","og_url":"https:\/\/www.rassegnastampa-totustuus.it\/cattolica\/leuropa-frantumata-davanti-alla-liberta-religiosa\/","og_site_name":"Rassegna Stampa Cattolica","article_publisher":"https:\/\/www.facebook.com\/rassegnastampacattolica","article_published_time":"2020-05-27T22:00:10+00:00","og_image":[{"width":2000,"height":1333,"url":"https:\/\/www.rassegnastampa-totustuus.it\/cattolica\/wp-content\/uploads\/2020\/05\/chiesa_vuota_virus-1.jpg","type":"image\/jpeg"}],"author":"Redazione","twitter_card":"summary_large_image","twitter_creator":"@rassegnastampa9","twitter_site":"@rassegnastampa9","twitter_misc":{"Scritto da":"Redazione","Tempo di lettura stimato":"5 minuti"},"schema":{"@context":"https:\/\/schema.org","@graph":[{"@type":"Article","@id":"https:\/\/www.rassegnastampa-totustuus.it\/cattolica\/leuropa-frantumata-davanti-alla-liberta-religiosa\/#article","isPartOf":{"@id":"https:\/\/www.rassegnastampa-totustuus.it\/cattolica\/leuropa-frantumata-davanti-alla-liberta-religiosa\/"},"author":{"name":"Redazione","@id":"https:\/\/www.rassegnastampa-totustuus.it\/cattolica\/#\/schema\/person\/08f319d2bd1a0904ad9e2bfb7b15e5c3"},"headline":"L\u2019Europa frantumata davanti alla libert\u00e0 religiosa","datePublished":"2020-05-27T22:00:10+00:00","mainEntityOfPage":{"@id":"https:\/\/www.rassegnastampa-totustuus.it\/cattolica\/leuropa-frantumata-davanti-alla-liberta-religiosa\/"},"wordCount":946,"publisher":{"@id":"https:\/\/www.rassegnastampa-totustuus.it\/cattolica\/#organization"},"image":{"@id":"https:\/\/www.rassegnastampa-totustuus.it\/cattolica\/leuropa-frantumata-davanti-alla-liberta-religiosa\/#primaryimage"},"thumbnailUrl":"https:\/\/www.rassegnastampa-totustuus.it\/cattolica\/wp-content\/uploads\/2020\/05\/chiesa_vuota_virus-1.jpg","keywords":["chiesa","diritti","diritti umani","laicismo","libert\u00e0 religiosa","sguardo sul nostro tempo"],"articleSection":["Chiesa","Laicismo","Sguardo sul nostro tempo"],"inLanguage":"it-IT"},{"@type":"WebPage","@id":"https:\/\/www.rassegnastampa-totustuus.it\/cattolica\/leuropa-frantumata-davanti-alla-liberta-religiosa\/","url":"https:\/\/www.rassegnastampa-totustuus.it\/cattolica\/leuropa-frantumata-davanti-alla-liberta-religiosa\/","name":"L\u2019Europa frantumata davanti alla libert\u00e0 religiosa - Rassegna Stampa Cattolica","isPartOf":{"@id":"https:\/\/www.rassegnastampa-totustuus.it\/cattolica\/#website"},"primaryImageOfPage":{"@id":"https:\/\/www.rassegnastampa-totustuus.it\/cattolica\/leuropa-frantumata-davanti-alla-liberta-religiosa\/#primaryimage"},"image":{"@id":"https:\/\/www.rassegnastampa-totustuus.it\/cattolica\/leuropa-frantumata-davanti-alla-liberta-religiosa\/#primaryimage"},"thumbnailUrl":"https:\/\/www.rassegnastampa-totustuus.it\/cattolica\/wp-content\/uploads\/2020\/05\/chiesa_vuota_virus-1.jpg","datePublished":"2020-05-27T22:00:10+00:00","description":"Rassegna Stampa Cattolica - Per una cultura che nasce dalla Rivelazione cristiana in conformit\u00e0 alla tradizione e al Magistero della Chiesa in opposizione ad ogni relativismo e totalitarismo","breadcrumb":{"@id":"https:\/\/www.rassegnastampa-totustuus.it\/cattolica\/leuropa-frantumata-davanti-alla-liberta-religiosa\/#breadcrumb"},"inLanguage":"it-IT","potentialAction":[{"@type":"ReadAction","target":["https:\/\/www.rassegnastampa-totustuus.it\/cattolica\/leuropa-frantumata-davanti-alla-liberta-religiosa\/"]}]},{"@type":"ImageObject","inLanguage":"it-IT","@id":"https:\/\/www.rassegnastampa-totustuus.it\/cattolica\/leuropa-frantumata-davanti-alla-liberta-religiosa\/#primaryimage","url":"https:\/\/www.rassegnastampa-totustuus.it\/cattolica\/wp-content\/uploads\/2020\/05\/chiesa_vuota_virus-1.jpg","contentUrl":"https:\/\/www.rassegnastampa-totustuus.it\/cattolica\/wp-content\/uploads\/2020\/05\/chiesa_vuota_virus-1.jpg","width":2000,"height":1333},{"@type":"BreadcrumbList","@id":"https:\/\/www.rassegnastampa-totustuus.it\/cattolica\/leuropa-frantumata-davanti-alla-liberta-religiosa\/#breadcrumb","itemListElement":[{"@type":"ListItem","position":1,"name":"Home","item":"https:\/\/www.rassegnastampa-totustuus.it\/cattolica\/"},{"@type":"ListItem","position":2,"name":"L\u2019Europa frantumata davanti alla libert\u00e0 religiosa"}]},{"@type":"WebSite","@id":"https:\/\/www.rassegnastampa-totustuus.it\/cattolica\/#website","url":"https:\/\/www.rassegnastampa-totustuus.it\/cattolica\/","name":"Rassegna Stampa Cattolica","description":"Per una cultura che nasce dalla Rivelazione cristiana in conformit\u00e0 alla tradizione e al Magistero della Chiesa in opposizione ad ogni relativismo e totalitarismo","publisher":{"@id":"https:\/\/www.rassegnastampa-totustuus.it\/cattolica\/#organization"},"alternateName":"Rass. Cattolica","potentialAction":[{"@type":"SearchAction","target":{"@type":"EntryPoint","urlTemplate":"https:\/\/www.rassegnastampa-totustuus.it\/cattolica\/?s={search_term_string}"},"query-input":{"@type":"PropertyValueSpecification","valueRequired":true,"valueName":"search_term_string"}}],"inLanguage":"it-IT"},{"@type":"Organization","@id":"https:\/\/www.rassegnastampa-totustuus.it\/cattolica\/#organization","name":"Rassegna Stampa Cattolica","url":"https:\/\/www.rassegnastampa-totustuus.it\/cattolica\/","logo":{"@type":"ImageObject","inLanguage":"it-IT","@id":"https:\/\/www.rassegnastampa-totustuus.it\/cattolica\/#\/schema\/logo\/image\/","url":"https:\/\/www.rassegnastampa-totustuus.it\/cattolica\/wp-content\/uploads\/2014\/04\/logo-rassegna1.gif","contentUrl":"https:\/\/www.rassegnastampa-totustuus.it\/cattolica\/wp-content\/uploads\/2014\/04\/logo-rassegna1.gif","width":600,"height":163,"caption":"Rassegna Stampa Cattolica"},"image":{"@id":"https:\/\/www.rassegnastampa-totustuus.it\/cattolica\/#\/schema\/logo\/image\/"},"sameAs":["https:\/\/www.facebook.com\/rassegnastampacattolica","https:\/\/x.com\/rassegnastampa9"]},{"@type":"Person","@id":"https:\/\/www.rassegnastampa-totustuus.it\/cattolica\/#\/schema\/person\/08f319d2bd1a0904ad9e2bfb7b15e5c3","name":"Redazione","image":{"@type":"ImageObject","inLanguage":"it-IT","@id":"https:\/\/secure.gravatar.com\/avatar\/2fcdf27c78ea025fbdb44e914cc63c72249ffec9dc8aafd5c82b26240ef3f346?s=96&d=mm&r=g","url":"https:\/\/secure.gravatar.com\/avatar\/2fcdf27c78ea025fbdb44e914cc63c72249ffec9dc8aafd5c82b26240ef3f346?s=96&d=mm&r=g","contentUrl":"https:\/\/secure.gravatar.com\/avatar\/2fcdf27c78ea025fbdb44e914cc63c72249ffec9dc8aafd5c82b26240ef3f346?s=96&d=mm&r=g","caption":"Redazione"},"url":"https:\/\/www.rassegnastampa-totustuus.it\/cattolica\/author\/pietroelle\/"}]}},"_links":{"self":[{"href":"https:\/\/www.rassegnastampa-totustuus.it\/cattolica\/wp-json\/wp\/v2\/posts\/47347","targetHints":{"allow":["GET"]}}],"collection":[{"href":"https:\/\/www.rassegnastampa-totustuus.it\/cattolica\/wp-json\/wp\/v2\/posts"}],"about":[{"href":"https:\/\/www.rassegnastampa-totustuus.it\/cattolica\/wp-json\/wp\/v2\/types\/post"}],"author":[{"embeddable":true,"href":"https:\/\/www.rassegnastampa-totustuus.it\/cattolica\/wp-json\/wp\/v2\/users\/6"}],"replies":[{"embeddable":true,"href":"https:\/\/www.rassegnastampa-totustuus.it\/cattolica\/wp-json\/wp\/v2\/comments?post=47347"}],"version-history":[{"count":4,"href":"https:\/\/www.rassegnastampa-totustuus.it\/cattolica\/wp-json\/wp\/v2\/posts\/47347\/revisions"}],"predecessor-version":[{"id":47354,"href":"https:\/\/www.rassegnastampa-totustuus.it\/cattolica\/wp-json\/wp\/v2\/posts\/47347\/revisions\/47354"}],"wp:featuredmedia":[{"embeddable":true,"href":"https:\/\/www.rassegnastampa-totustuus.it\/cattolica\/wp-json\/wp\/v2\/media\/47353"}],"wp:attachment":[{"href":"https:\/\/www.rassegnastampa-totustuus.it\/cattolica\/wp-json\/wp\/v2\/media?parent=47347"}],"wp:term":[{"taxonomy":"category","embeddable":true,"href":"https:\/\/www.rassegnastampa-totustuus.it\/cattolica\/wp-json\/wp\/v2\/categories?post=47347"},{"taxonomy":"post_tag","embeddable":true,"href":"https:\/\/www.rassegnastampa-totustuus.it\/cattolica\/wp-json\/wp\/v2\/tags?post=47347"}],"curies":[{"name":"wp","href":"https:\/\/api.w.org\/{rel}","templated":true}]}}