{"id":4727,"date":"2011-10-06T00:00:00","date_gmt":"2011-10-05T22:00:00","guid":{"rendered":""},"modified":"2016-04-28T14:56:13","modified_gmt":"2016-04-28T12:56:13","slug":"cosa-ci-tiene-insieme-un-marito-una-moglie-un-anniversario","status":"publish","type":"post","link":"https:\/\/www.rassegnastampa-totustuus.it\/cattolica\/cosa-ci-tiene-insieme-un-marito-una-moglie-un-anniversario\/","title":{"rendered":"Cosa ci tiene insieme? Un marito, una moglie, un anniversario"},"content":{"rendered":"<div style=\"text-align: center;\"><strong><img loading=\"lazy\" decoding=\"async\" class=\"alignright wp-image-33689\" src=\"https:\/\/www.rassegnastampa-totustuus.it\/cattolica\/wp-content\/uploads\/2011\/10\/coppia.jpg\" alt=\"coppia\" width=\"143\" height=\"200\" \/>Tempi<\/strong> 30 agosto 2011<\/div>\n<p style=\"text-align: center;\">di <strong>Marina Corradi <\/strong><\/p>\n<p style=\"text-align: justify;\">Luned\u00ec sono vent\u2019anni. Vent\u2019anni da quella mattina di pioggia in cui ci siamo sposati. Nell\u2019album delle fotografie mio marito \u00e8 magro e pallido, la faccia spaventata di un ragazzo il giorno dell\u2019esame di maturit\u00e0. Io pi\u00f9 spavalda invece, con addosso un tailleur comprato solo tre giorni prima \u2013 giacch\u00e9 non riuscivo a convincermi che mi avrebbe sposata davvero. Sorrido ancora nel pensare alla mia rapida incursione in un negozio del centro.<\/p>\n<p><!--more--><\/p>\n<div style=\"text-align: justify;\">Sono entrata affannata, la macchina lasciata in sosta vietata: \u00abHo bisogno di un abito per un matrimonio\u00bb, dico. Su che colori vuole stare, mi domanda la commessa. \u00abBeh, sul bianco naturalmente\u00bb, rispondo, pensando: che domanda sciocca. E la commessa: \u00abMa signorina, il bianco a un matrimonio \u00e8 solo per la sposa!\u00bb.<\/div>\n<p style=\"text-align: justify;\">Io di rimando, seccata: \u00abInfatti la sposa sono io, si sbrighi e mi faccia vedere qualcosa in fretta, che mi danno la multa\u00bb.Ho comprato il primo tailleur che mi ha fatto provare, me ne sono uscita con il sacchetto in mano, dubbiosa: ma quello l\u00e0, poi, mi sposer\u00e0 veramente? E mi veniva in mente la sua faccia al momento di spedire le partecipazioni, da una buca delle lettere di piazza Novelli: occhi sbarrati, un preoccupante colorito verde, da epatite \u2013 oppure da panico.<\/p>\n<p style=\"text-align: justify;\">Per\u00f2, poi in chiesa tutto \u00e8 andato bene \u2013 bench\u00e9 fosse un po\u2019 rigido, al momento del s\u00ec. Mi passa come un film, veloce, davanti agli occhi il viaggio di nozze in Irlanda, fra greggi e scogliere. E al ritorno lo strano abituarsi a vivere insieme, a essere in due. Ma forse ci\u00f2 che ci ha unito con pi\u00f9 forza \u00e8 stata la notizia che il primo figlio era in viaggio: che stupore, che meraviglia addosso.<\/p>\n<p style=\"text-align: justify;\">Ci ha unito la sera in cui siamo corsi in ospedale, e ci aspettava una lunghissima notte, insieme; lui pallido come quella mattina in chiesa, per\u00f2 accanto, per\u00f2 vicino a me. Risento la voce forte dell\u2019ostetrica: \u00abMaschio!\u00bb. E il pianto furioso che diceva: sono nato, sono vivo. Noi due chini a guardarlo, senza parole \u2013 insieme.<\/p>\n<p style=\"text-align: justify;\">E poi, poi. Tornare stanchi la sera, perdere il lavoro o perdere un figlio annunciato e gi\u00e0 amato. E un altro bambino che arriva, e un\u2019altra ancora, una nidiata festosa che ti chiama e ti pretende a tutte le ore del giorno e della notte. Essere stanchi morti, pensare di non farcela. Litigare, aspramente, amaramente \u2013 e poi fare la pace.<\/p>\n<p style=\"text-align: justify;\">Assistersi, quando uno si ammala; imparare \u2013 la cosa pi\u00f9 difficile \u2013 a avere pazienza, e non dire ci\u00f2 che ti verrebbe da gridare. Imparare a volere bene: io non sapevo che sposarsi era solo un inizio, e che ci vogliono vent\u2019anni, per volersi bene davvero. Vedo amici partiti con entusiasmo che si lasciano senza voltarsi indietro. Cosa c\u2019\u00e8 fra noi due, di diverso? C\u2019\u00e8 che non siamo soli; c\u2019\u00e8 un terzo, un garante fra noi, che ci accompagna.<\/p>\n<p style=\"text-align: justify;\">\u00c8 la fedelt\u00e0 al Dio in cui crediamo che ci tiene insieme; o forse anzi \u00e8 proprio lui in persona. Noi, che vent\u2019anni fa non sapevamo; noi sorridenti e ignari sotto all\u2019ombrello davanti alla chiesa, in una mattina di pioggia.<\/p>\n","protected":false},"excerpt":{"rendered":"<p>Tempi 30 agosto 2011 di Marina Corradi Luned\u00ec sono vent\u2019anni. Vent\u2019anni da quella mattina di pioggia in cui ci siamo sposati. Nell\u2019album delle fotografie mio marito \u00e8 magro e pallido, la faccia spaventata di un ragazzo il giorno dell\u2019esame di maturit\u00e0. Io pi\u00f9 spavalda invece, con addosso un tailleur comprato solo tre giorni prima \u2013 &hellip; <\/p>\n<p><a class=\"more-link btn\" href=\"https:\/\/www.rassegnastampa-totustuus.it\/cattolica\/cosa-ci-tiene-insieme-un-marito-una-moglie-un-anniversario\/\">Continua a leggere<\/a><\/p>\n","protected":false},"author":6,"featured_media":33689,"comment_status":"closed","ping_status":"open","sticky":false,"template":"","format":"standard","meta":{"footnotes":""},"categories":[15],"tags":[314],"class_list":["post-4727","post","type-post","status-publish","format-standard","has-post-thumbnail","hentry","category-famiglia","tag-matrimonio","item-wrap"],"yoast_head":"<!-- This site is optimized with the Yoast SEO plugin v27.4 - https:\/\/yoast.com\/product\/yoast-seo-wordpress\/ -->\n<title>Cosa ci tiene insieme? Un marito, una moglie, un anniversario - Rassegna Stampa Cattolica<\/title>\n<meta name=\"description\" content=\"Rassegna Stampa Cattolica - Per una cultura che nasce dalla Rivelazione cristiana in conformit\u00e0 alla tradizione e al Magistero della Chiesa in opposizione ad ogni relativismo e totalitarismo\" \/>\n<meta name=\"robots\" content=\"index, follow, max-snippet:-1, max-image-preview:large, max-video-preview:-1\" \/>\n<link rel=\"canonical\" href=\"https:\/\/www.rassegnastampa-totustuus.it\/cattolica\/cosa-ci-tiene-insieme-un-marito-una-moglie-un-anniversario\/\" \/>\n<meta property=\"og:locale\" content=\"it_IT\" \/>\n<meta property=\"og:type\" content=\"article\" \/>\n<meta property=\"og:title\" content=\"Cosa ci tiene insieme? Un marito, una moglie, un anniversario - Rassegna Stampa Cattolica\" \/>\n<meta property=\"og:description\" content=\"Rassegna Stampa Cattolica - Per una cultura che nasce dalla Rivelazione cristiana in conformit\u00e0 alla tradizione e al Magistero della Chiesa in opposizione ad ogni relativismo e totalitarismo\" \/>\n<meta property=\"og:url\" content=\"https:\/\/www.rassegnastampa-totustuus.it\/cattolica\/cosa-ci-tiene-insieme-un-marito-una-moglie-un-anniversario\/\" \/>\n<meta property=\"og:site_name\" content=\"Rassegna Stampa Cattolica\" \/>\n<meta property=\"article:publisher\" content=\"https:\/\/www.facebook.com\/rassegnastampacattolica\" \/>\n<meta property=\"article:published_time\" content=\"2011-10-05T22:00:00+00:00\" \/>\n<meta property=\"article:modified_time\" content=\"2016-04-28T12:56:13+00:00\" \/>\n<meta property=\"og:image\" content=\"https:\/\/www.rassegnastampa-totustuus.it\/cattolica\/wp-content\/uploads\/2011\/10\/coppia.jpg\" \/>\n\t<meta property=\"og:image:width\" content=\"188\" \/>\n\t<meta property=\"og:image:height\" content=\"263\" \/>\n\t<meta property=\"og:image:type\" content=\"image\/jpeg\" \/>\n<meta name=\"author\" content=\"Redazione\" \/>\n<meta name=\"twitter:card\" content=\"summary_large_image\" \/>\n<meta name=\"twitter:creator\" content=\"@rassegnastampa9\" \/>\n<meta name=\"twitter:site\" content=\"@rassegnastampa9\" \/>\n<meta name=\"twitter:label1\" content=\"Scritto da\" \/>\n\t<meta name=\"twitter:data1\" content=\"Redazione\" \/>\n\t<meta name=\"twitter:label2\" content=\"Tempo di lettura stimato\" \/>\n\t<meta name=\"twitter:data2\" content=\"3 minuti\" \/>\n<script type=\"application\/ld+json\" class=\"yoast-schema-graph\">{\"@context\":\"https:\\\/\\\/schema.org\",\"@graph\":[{\"@type\":\"Article\",\"@id\":\"https:\\\/\\\/www.rassegnastampa-totustuus.it\\\/cattolica\\\/cosa-ci-tiene-insieme-un-marito-una-moglie-un-anniversario\\\/#article\",\"isPartOf\":{\"@id\":\"https:\\\/\\\/www.rassegnastampa-totustuus.it\\\/cattolica\\\/cosa-ci-tiene-insieme-un-marito-una-moglie-un-anniversario\\\/\"},\"author\":{\"name\":\"Redazione\",\"@id\":\"https:\\\/\\\/www.rassegnastampa-totustuus.it\\\/cattolica\\\/#\\\/schema\\\/person\\\/08f319d2bd1a0904ad9e2bfb7b15e5c3\"},\"headline\":\"Cosa ci tiene insieme? Un marito, una moglie, un anniversario\",\"datePublished\":\"2011-10-05T22:00:00+00:00\",\"dateModified\":\"2016-04-28T12:56:13+00:00\",\"mainEntityOfPage\":{\"@id\":\"https:\\\/\\\/www.rassegnastampa-totustuus.it\\\/cattolica\\\/cosa-ci-tiene-insieme-un-marito-una-moglie-un-anniversario\\\/\"},\"wordCount\":529,\"publisher\":{\"@id\":\"https:\\\/\\\/www.rassegnastampa-totustuus.it\\\/cattolica\\\/#organization\"},\"image\":{\"@id\":\"https:\\\/\\\/www.rassegnastampa-totustuus.it\\\/cattolica\\\/cosa-ci-tiene-insieme-un-marito-una-moglie-un-anniversario\\\/#primaryimage\"},\"thumbnailUrl\":\"https:\\\/\\\/www.rassegnastampa-totustuus.it\\\/cattolica\\\/wp-content\\\/uploads\\\/2011\\\/10\\\/coppia.jpg\",\"keywords\":[\"matrimonio\"],\"articleSection\":[\"Famiglia\"],\"inLanguage\":\"it-IT\"},{\"@type\":\"WebPage\",\"@id\":\"https:\\\/\\\/www.rassegnastampa-totustuus.it\\\/cattolica\\\/cosa-ci-tiene-insieme-un-marito-una-moglie-un-anniversario\\\/\",\"url\":\"https:\\\/\\\/www.rassegnastampa-totustuus.it\\\/cattolica\\\/cosa-ci-tiene-insieme-un-marito-una-moglie-un-anniversario\\\/\",\"name\":\"Cosa ci tiene insieme? Un marito, una moglie, un anniversario - Rassegna Stampa Cattolica\",\"isPartOf\":{\"@id\":\"https:\\\/\\\/www.rassegnastampa-totustuus.it\\\/cattolica\\\/#website\"},\"primaryImageOfPage\":{\"@id\":\"https:\\\/\\\/www.rassegnastampa-totustuus.it\\\/cattolica\\\/cosa-ci-tiene-insieme-un-marito-una-moglie-un-anniversario\\\/#primaryimage\"},\"image\":{\"@id\":\"https:\\\/\\\/www.rassegnastampa-totustuus.it\\\/cattolica\\\/cosa-ci-tiene-insieme-un-marito-una-moglie-un-anniversario\\\/#primaryimage\"},\"thumbnailUrl\":\"https:\\\/\\\/www.rassegnastampa-totustuus.it\\\/cattolica\\\/wp-content\\\/uploads\\\/2011\\\/10\\\/coppia.jpg\",\"datePublished\":\"2011-10-05T22:00:00+00:00\",\"dateModified\":\"2016-04-28T12:56:13+00:00\",\"description\":\"Rassegna Stampa Cattolica - Per una cultura che nasce dalla Rivelazione cristiana in conformit\u00e0 alla tradizione e al Magistero della Chiesa in opposizione ad ogni relativismo e totalitarismo\",\"breadcrumb\":{\"@id\":\"https:\\\/\\\/www.rassegnastampa-totustuus.it\\\/cattolica\\\/cosa-ci-tiene-insieme-un-marito-una-moglie-un-anniversario\\\/#breadcrumb\"},\"inLanguage\":\"it-IT\",\"potentialAction\":[{\"@type\":\"ReadAction\",\"target\":[\"https:\\\/\\\/www.rassegnastampa-totustuus.it\\\/cattolica\\\/cosa-ci-tiene-insieme-un-marito-una-moglie-un-anniversario\\\/\"]}]},{\"@type\":\"ImageObject\",\"inLanguage\":\"it-IT\",\"@id\":\"https:\\\/\\\/www.rassegnastampa-totustuus.it\\\/cattolica\\\/cosa-ci-tiene-insieme-un-marito-una-moglie-un-anniversario\\\/#primaryimage\",\"url\":\"https:\\\/\\\/www.rassegnastampa-totustuus.it\\\/cattolica\\\/wp-content\\\/uploads\\\/2011\\\/10\\\/coppia.jpg\",\"contentUrl\":\"https:\\\/\\\/www.rassegnastampa-totustuus.it\\\/cattolica\\\/wp-content\\\/uploads\\\/2011\\\/10\\\/coppia.jpg\",\"width\":188,\"height\":263},{\"@type\":\"BreadcrumbList\",\"@id\":\"https:\\\/\\\/www.rassegnastampa-totustuus.it\\\/cattolica\\\/cosa-ci-tiene-insieme-un-marito-una-moglie-un-anniversario\\\/#breadcrumb\",\"itemListElement\":[{\"@type\":\"ListItem\",\"position\":1,\"name\":\"Home\",\"item\":\"https:\\\/\\\/www.rassegnastampa-totustuus.it\\\/cattolica\\\/\"},{\"@type\":\"ListItem\",\"position\":2,\"name\":\"Cosa ci tiene insieme? Un marito, una moglie, un anniversario\"}]},{\"@type\":\"WebSite\",\"@id\":\"https:\\\/\\\/www.rassegnastampa-totustuus.it\\\/cattolica\\\/#website\",\"url\":\"https:\\\/\\\/www.rassegnastampa-totustuus.it\\\/cattolica\\\/\",\"name\":\"Rassegna Stampa Cattolica\",\"description\":\"Per una cultura che nasce dalla Rivelazione cristiana in conformit\u00e0 alla tradizione e al Magistero della Chiesa in opposizione ad ogni relativismo e totalitarismo\",\"publisher\":{\"@id\":\"https:\\\/\\\/www.rassegnastampa-totustuus.it\\\/cattolica\\\/#organization\"},\"alternateName\":\"Rass. Cattolica\",\"potentialAction\":[{\"@type\":\"SearchAction\",\"target\":{\"@type\":\"EntryPoint\",\"urlTemplate\":\"https:\\\/\\\/www.rassegnastampa-totustuus.it\\\/cattolica\\\/?s={search_term_string}\"},\"query-input\":{\"@type\":\"PropertyValueSpecification\",\"valueRequired\":true,\"valueName\":\"search_term_string\"}}],\"inLanguage\":\"it-IT\"},{\"@type\":\"Organization\",\"@id\":\"https:\\\/\\\/www.rassegnastampa-totustuus.it\\\/cattolica\\\/#organization\",\"name\":\"Rassegna Stampa Cattolica\",\"url\":\"https:\\\/\\\/www.rassegnastampa-totustuus.it\\\/cattolica\\\/\",\"logo\":{\"@type\":\"ImageObject\",\"inLanguage\":\"it-IT\",\"@id\":\"https:\\\/\\\/www.rassegnastampa-totustuus.it\\\/cattolica\\\/#\\\/schema\\\/logo\\\/image\\\/\",\"url\":\"https:\\\/\\\/www.rassegnastampa-totustuus.it\\\/cattolica\\\/wp-content\\\/uploads\\\/2014\\\/04\\\/logo-rassegna1.gif\",\"contentUrl\":\"https:\\\/\\\/www.rassegnastampa-totustuus.it\\\/cattolica\\\/wp-content\\\/uploads\\\/2014\\\/04\\\/logo-rassegna1.gif\",\"width\":600,\"height\":163,\"caption\":\"Rassegna Stampa Cattolica\"},\"image\":{\"@id\":\"https:\\\/\\\/www.rassegnastampa-totustuus.it\\\/cattolica\\\/#\\\/schema\\\/logo\\\/image\\\/\"},\"sameAs\":[\"https:\\\/\\\/www.facebook.com\\\/rassegnastampacattolica\",\"https:\\\/\\\/x.com\\\/rassegnastampa9\"]},{\"@type\":\"Person\",\"@id\":\"https:\\\/\\\/www.rassegnastampa-totustuus.it\\\/cattolica\\\/#\\\/schema\\\/person\\\/08f319d2bd1a0904ad9e2bfb7b15e5c3\",\"name\":\"Redazione\",\"image\":{\"@type\":\"ImageObject\",\"inLanguage\":\"it-IT\",\"@id\":\"https:\\\/\\\/secure.gravatar.com\\\/avatar\\\/2fcdf27c78ea025fbdb44e914cc63c72249ffec9dc8aafd5c82b26240ef3f346?s=96&d=mm&r=g\",\"url\":\"https:\\\/\\\/secure.gravatar.com\\\/avatar\\\/2fcdf27c78ea025fbdb44e914cc63c72249ffec9dc8aafd5c82b26240ef3f346?s=96&d=mm&r=g\",\"contentUrl\":\"https:\\\/\\\/secure.gravatar.com\\\/avatar\\\/2fcdf27c78ea025fbdb44e914cc63c72249ffec9dc8aafd5c82b26240ef3f346?s=96&d=mm&r=g\",\"caption\":\"Redazione\"},\"url\":\"https:\\\/\\\/www.rassegnastampa-totustuus.it\\\/cattolica\\\/author\\\/pietroelle\\\/\"}]}<\/script>\n<!-- \/ Yoast SEO plugin. -->","yoast_head_json":{"title":"Cosa ci tiene insieme? Un marito, una moglie, un anniversario - Rassegna Stampa Cattolica","description":"Rassegna Stampa Cattolica - Per una cultura che nasce dalla Rivelazione cristiana in conformit\u00e0 alla tradizione e al Magistero della Chiesa in opposizione ad ogni relativismo e totalitarismo","robots":{"index":"index","follow":"follow","max-snippet":"max-snippet:-1","max-image-preview":"max-image-preview:large","max-video-preview":"max-video-preview:-1"},"canonical":"https:\/\/www.rassegnastampa-totustuus.it\/cattolica\/cosa-ci-tiene-insieme-un-marito-una-moglie-un-anniversario\/","og_locale":"it_IT","og_type":"article","og_title":"Cosa ci tiene insieme? Un marito, una moglie, un anniversario - Rassegna Stampa Cattolica","og_description":"Rassegna Stampa Cattolica - Per una cultura che nasce dalla Rivelazione cristiana in conformit\u00e0 alla tradizione e al Magistero della Chiesa in opposizione ad ogni relativismo e totalitarismo","og_url":"https:\/\/www.rassegnastampa-totustuus.it\/cattolica\/cosa-ci-tiene-insieme-un-marito-una-moglie-un-anniversario\/","og_site_name":"Rassegna Stampa Cattolica","article_publisher":"https:\/\/www.facebook.com\/rassegnastampacattolica","article_published_time":"2011-10-05T22:00:00+00:00","article_modified_time":"2016-04-28T12:56:13+00:00","og_image":[{"width":188,"height":263,"url":"https:\/\/www.rassegnastampa-totustuus.it\/cattolica\/wp-content\/uploads\/2011\/10\/coppia.jpg","type":"image\/jpeg"}],"author":"Redazione","twitter_card":"summary_large_image","twitter_creator":"@rassegnastampa9","twitter_site":"@rassegnastampa9","twitter_misc":{"Scritto da":"Redazione","Tempo di lettura stimato":"3 minuti"},"schema":{"@context":"https:\/\/schema.org","@graph":[{"@type":"Article","@id":"https:\/\/www.rassegnastampa-totustuus.it\/cattolica\/cosa-ci-tiene-insieme-un-marito-una-moglie-un-anniversario\/#article","isPartOf":{"@id":"https:\/\/www.rassegnastampa-totustuus.it\/cattolica\/cosa-ci-tiene-insieme-un-marito-una-moglie-un-anniversario\/"},"author":{"name":"Redazione","@id":"https:\/\/www.rassegnastampa-totustuus.it\/cattolica\/#\/schema\/person\/08f319d2bd1a0904ad9e2bfb7b15e5c3"},"headline":"Cosa ci tiene insieme? Un marito, una moglie, un anniversario","datePublished":"2011-10-05T22:00:00+00:00","dateModified":"2016-04-28T12:56:13+00:00","mainEntityOfPage":{"@id":"https:\/\/www.rassegnastampa-totustuus.it\/cattolica\/cosa-ci-tiene-insieme-un-marito-una-moglie-un-anniversario\/"},"wordCount":529,"publisher":{"@id":"https:\/\/www.rassegnastampa-totustuus.it\/cattolica\/#organization"},"image":{"@id":"https:\/\/www.rassegnastampa-totustuus.it\/cattolica\/cosa-ci-tiene-insieme-un-marito-una-moglie-un-anniversario\/#primaryimage"},"thumbnailUrl":"https:\/\/www.rassegnastampa-totustuus.it\/cattolica\/wp-content\/uploads\/2011\/10\/coppia.jpg","keywords":["matrimonio"],"articleSection":["Famiglia"],"inLanguage":"it-IT"},{"@type":"WebPage","@id":"https:\/\/www.rassegnastampa-totustuus.it\/cattolica\/cosa-ci-tiene-insieme-un-marito-una-moglie-un-anniversario\/","url":"https:\/\/www.rassegnastampa-totustuus.it\/cattolica\/cosa-ci-tiene-insieme-un-marito-una-moglie-un-anniversario\/","name":"Cosa ci tiene insieme? Un marito, una moglie, un anniversario - Rassegna Stampa Cattolica","isPartOf":{"@id":"https:\/\/www.rassegnastampa-totustuus.it\/cattolica\/#website"},"primaryImageOfPage":{"@id":"https:\/\/www.rassegnastampa-totustuus.it\/cattolica\/cosa-ci-tiene-insieme-un-marito-una-moglie-un-anniversario\/#primaryimage"},"image":{"@id":"https:\/\/www.rassegnastampa-totustuus.it\/cattolica\/cosa-ci-tiene-insieme-un-marito-una-moglie-un-anniversario\/#primaryimage"},"thumbnailUrl":"https:\/\/www.rassegnastampa-totustuus.it\/cattolica\/wp-content\/uploads\/2011\/10\/coppia.jpg","datePublished":"2011-10-05T22:00:00+00:00","dateModified":"2016-04-28T12:56:13+00:00","description":"Rassegna Stampa Cattolica - Per una cultura che nasce dalla Rivelazione cristiana in conformit\u00e0 alla tradizione e al Magistero della Chiesa in opposizione ad ogni relativismo e totalitarismo","breadcrumb":{"@id":"https:\/\/www.rassegnastampa-totustuus.it\/cattolica\/cosa-ci-tiene-insieme-un-marito-una-moglie-un-anniversario\/#breadcrumb"},"inLanguage":"it-IT","potentialAction":[{"@type":"ReadAction","target":["https:\/\/www.rassegnastampa-totustuus.it\/cattolica\/cosa-ci-tiene-insieme-un-marito-una-moglie-un-anniversario\/"]}]},{"@type":"ImageObject","inLanguage":"it-IT","@id":"https:\/\/www.rassegnastampa-totustuus.it\/cattolica\/cosa-ci-tiene-insieme-un-marito-una-moglie-un-anniversario\/#primaryimage","url":"https:\/\/www.rassegnastampa-totustuus.it\/cattolica\/wp-content\/uploads\/2011\/10\/coppia.jpg","contentUrl":"https:\/\/www.rassegnastampa-totustuus.it\/cattolica\/wp-content\/uploads\/2011\/10\/coppia.jpg","width":188,"height":263},{"@type":"BreadcrumbList","@id":"https:\/\/www.rassegnastampa-totustuus.it\/cattolica\/cosa-ci-tiene-insieme-un-marito-una-moglie-un-anniversario\/#breadcrumb","itemListElement":[{"@type":"ListItem","position":1,"name":"Home","item":"https:\/\/www.rassegnastampa-totustuus.it\/cattolica\/"},{"@type":"ListItem","position":2,"name":"Cosa ci tiene insieme? Un marito, una moglie, un anniversario"}]},{"@type":"WebSite","@id":"https:\/\/www.rassegnastampa-totustuus.it\/cattolica\/#website","url":"https:\/\/www.rassegnastampa-totustuus.it\/cattolica\/","name":"Rassegna Stampa Cattolica","description":"Per una cultura che nasce dalla Rivelazione cristiana in conformit\u00e0 alla tradizione e al Magistero della Chiesa in opposizione ad ogni relativismo e totalitarismo","publisher":{"@id":"https:\/\/www.rassegnastampa-totustuus.it\/cattolica\/#organization"},"alternateName":"Rass. Cattolica","potentialAction":[{"@type":"SearchAction","target":{"@type":"EntryPoint","urlTemplate":"https:\/\/www.rassegnastampa-totustuus.it\/cattolica\/?s={search_term_string}"},"query-input":{"@type":"PropertyValueSpecification","valueRequired":true,"valueName":"search_term_string"}}],"inLanguage":"it-IT"},{"@type":"Organization","@id":"https:\/\/www.rassegnastampa-totustuus.it\/cattolica\/#organization","name":"Rassegna Stampa Cattolica","url":"https:\/\/www.rassegnastampa-totustuus.it\/cattolica\/","logo":{"@type":"ImageObject","inLanguage":"it-IT","@id":"https:\/\/www.rassegnastampa-totustuus.it\/cattolica\/#\/schema\/logo\/image\/","url":"https:\/\/www.rassegnastampa-totustuus.it\/cattolica\/wp-content\/uploads\/2014\/04\/logo-rassegna1.gif","contentUrl":"https:\/\/www.rassegnastampa-totustuus.it\/cattolica\/wp-content\/uploads\/2014\/04\/logo-rassegna1.gif","width":600,"height":163,"caption":"Rassegna Stampa Cattolica"},"image":{"@id":"https:\/\/www.rassegnastampa-totustuus.it\/cattolica\/#\/schema\/logo\/image\/"},"sameAs":["https:\/\/www.facebook.com\/rassegnastampacattolica","https:\/\/x.com\/rassegnastampa9"]},{"@type":"Person","@id":"https:\/\/www.rassegnastampa-totustuus.it\/cattolica\/#\/schema\/person\/08f319d2bd1a0904ad9e2bfb7b15e5c3","name":"Redazione","image":{"@type":"ImageObject","inLanguage":"it-IT","@id":"https:\/\/secure.gravatar.com\/avatar\/2fcdf27c78ea025fbdb44e914cc63c72249ffec9dc8aafd5c82b26240ef3f346?s=96&d=mm&r=g","url":"https:\/\/secure.gravatar.com\/avatar\/2fcdf27c78ea025fbdb44e914cc63c72249ffec9dc8aafd5c82b26240ef3f346?s=96&d=mm&r=g","contentUrl":"https:\/\/secure.gravatar.com\/avatar\/2fcdf27c78ea025fbdb44e914cc63c72249ffec9dc8aafd5c82b26240ef3f346?s=96&d=mm&r=g","caption":"Redazione"},"url":"https:\/\/www.rassegnastampa-totustuus.it\/cattolica\/author\/pietroelle\/"}]}},"_links":{"self":[{"href":"https:\/\/www.rassegnastampa-totustuus.it\/cattolica\/wp-json\/wp\/v2\/posts\/4727","targetHints":{"allow":["GET"]}}],"collection":[{"href":"https:\/\/www.rassegnastampa-totustuus.it\/cattolica\/wp-json\/wp\/v2\/posts"}],"about":[{"href":"https:\/\/www.rassegnastampa-totustuus.it\/cattolica\/wp-json\/wp\/v2\/types\/post"}],"author":[{"embeddable":true,"href":"https:\/\/www.rassegnastampa-totustuus.it\/cattolica\/wp-json\/wp\/v2\/users\/6"}],"replies":[{"embeddable":true,"href":"https:\/\/www.rassegnastampa-totustuus.it\/cattolica\/wp-json\/wp\/v2\/comments?post=4727"}],"version-history":[{"count":4,"href":"https:\/\/www.rassegnastampa-totustuus.it\/cattolica\/wp-json\/wp\/v2\/posts\/4727\/revisions"}],"predecessor-version":[{"id":33690,"href":"https:\/\/www.rassegnastampa-totustuus.it\/cattolica\/wp-json\/wp\/v2\/posts\/4727\/revisions\/33690"}],"wp:featuredmedia":[{"embeddable":true,"href":"https:\/\/www.rassegnastampa-totustuus.it\/cattolica\/wp-json\/wp\/v2\/media\/33689"}],"wp:attachment":[{"href":"https:\/\/www.rassegnastampa-totustuus.it\/cattolica\/wp-json\/wp\/v2\/media?parent=4727"}],"wp:term":[{"taxonomy":"category","embeddable":true,"href":"https:\/\/www.rassegnastampa-totustuus.it\/cattolica\/wp-json\/wp\/v2\/categories?post=4727"},{"taxonomy":"post_tag","embeddable":true,"href":"https:\/\/www.rassegnastampa-totustuus.it\/cattolica\/wp-json\/wp\/v2\/tags?post=4727"}],"curies":[{"name":"wp","href":"https:\/\/api.w.org\/{rel}","templated":true}]}}