{"id":4721,"date":"2011-09-29T00:00:00","date_gmt":"2011-09-28T22:00:00","guid":{"rendered":""},"modified":"2016-04-19T11:27:22","modified_gmt":"2016-04-19T09:27:22","slug":"il-new-age-nato-a-vienna","status":"publish","type":"post","link":"https:\/\/www.rassegnastampa-totustuus.it\/cattolica\/il-new-age-nato-a-vienna\/","title":{"rendered":"Il New Age? &Egrave; nato a Vienna"},"content":{"rendered":"<div style=\"text-align: center;\"><strong><img loading=\"lazy\" decoding=\"async\" class=\"alignleft wp-image-33064\" src=\"https:\/\/www.rassegnastampa-totustuus.it\/cattolica\/wp-content\/uploads\/2011\/09\/New_age.jpg\" alt=\"New_age\" width=\"203\" height=\"200\" \/>Avvenire<\/strong>, 9 settembre 2011<\/div>\n<p style=\"text-align: center;\">di <strong>Massimo Introvigne<\/strong><\/p>\n<p style=\"text-align: justify;\">Propriamente il New Age in senso stretto \u00e8 nato in Scozia, con la fondazione della comunit\u00e0 di Findhorn, nel 1962. Ma se \u2013 seguendo storici delle religioni come Wouter Hanegraaff \u2013 c\u2019interessiamo alle sue origini remote e le rintracciamo nella diffusione socialmente rilevante dei temi esoterici, per secoli ristretti a cerchie piccole e chiuse, le cose stanno diversamente.<\/p>\n<p><!--more--><\/p>\n<div style=\"text-align: justify;\">Molti cercano queste radici pi\u00f9 lontane del New Age nel mondo di lingua inglese, nell\u2019Inghilterra della societ\u00e0 segreta Golden Dawn o negli Stati Uniti della rinascita, all\u2019inizio del Novecento, di movimenti intitolati ai Rosacroce. Altri pensano alla Francia. Due mostre in corso a Vienna ci invitano a non trascurare l\u2019ipotesi \u2013 che pure non pu\u00f2 essere adottata in via esclusiva \u2013 di un\u2019origine negli ultimi anni dell\u2019Impero Austro-Ungarico in Austria.<\/div>\n<p style=\"text-align: justify;\">Se il New Age ha la sua radice nella ricerca di \u00abalternative\u00bb \u2013 ispirate all\u2019occultismo, al paganesimo antico o alle religioni orientali, ma anche a una lettura esoterica del cristianesimo o della scienza \u2013 alla mentalit\u00e0 religiosa e culturale dominante, la Vienna della fine del secolo XIX emerge come un vero laboratorio percorso da decine di ricerche ed esperimenti di questo genere.<\/p>\n<p style=\"text-align: justify;\">Lo storico svizzero Jean-Fran\u00e7ois Mayer ha sottolineato l\u2019importanza per il successivo New Age della corrente di lingua tedesca della <em>Lebensreform<\/em>, che attraverso la vita comunitaria, le diete vegetariane, il ritorno alla campagna \u2013 qualche volta anche il nudismo e il libero amore \u2013 nella sostanza sostituisce al cristianesimo un culto della natura e della Terra.<\/p>\n<p style=\"text-align: justify;\">Una mostra in corso fino al 26 ottobre alla Hermesvilla di Vienna organizzata dal Wien Museum, ci introduce a questo mondo attraverso il suo esponente pi\u00f9 scandaloso, il \u00abprofeta\u00bb Karl Wilhelm Diefenbach (1851-1913), di cui sono esposte trenta opere per la maggior parte appartenenti a collezioni private e il famoso fregio lungo 68 metri <em>Per aspera ad astra<\/em>.<\/p>\n<p style=\"text-align: justify;\">Diefenbach nasce in Germania, ad Hadamar in Assia, in una famiglia cattolica. Gi\u00e0 convinto dalle teorie vegetariane, nel 1882 lascia la moglie durante la prima notte di nozze e dichiara di rinunciare alla Chiesa Cattolica, che \u00e8 \u00abl\u2019istituto di Satana\u00bb, al matrimonio \u2013 che dovr\u00e0 essere sostituito dal libero amore \u2013, alla carne e anche ai vestiti, perch\u00e9 comincia a girare per le campagne bavaresi nudo mentre quando \u00e8 a Monaco \u00e8 coperto da una rozza tunica. Espulso dalla Germania dove il nudismo \u00e8 fuorilegge si rifugia a Vienna, e la sua fama scandalosa attira curiosi alle mostre dei suoi quadri: una raduna ben 78.000 visitatori.<\/p>\n<p style=\"text-align: justify;\">Nel 1897 fonda presso Vienna la comune naturista Himmelhof, che precorre le comunit\u00e0 hippie e New Age del secolo successivo. L\u2019esperimento fallisce e Diefenbach si rifugia a Capri, dove trascorre gli ultimi anni povero e dimenticato. Ma tra i suoi allievi ci sono artisti di rilievo come Frantisek Kupka (1871-1957) e Hugo H\u00f6ppener, \u00abFidus\u00bb(1868-1948), la cui adesione al nazismo \u2013 che peraltro finisce per vietarne l\u2019attivit\u00e0 artistica, ritenuta \u00abdegenerata\u00bb \u2013 non deve far dimenticare il suo ruolo di anello di collegamento fra l\u2019arte europea ispirata dalle teorie esoteriche della Societ\u00e0 Teosofica e gli artisti psichedelici californiani degli anni 1960, che lo riscopriranno con entusiasmo.<\/p>\n<p style=\"text-align: justify;\">Nella Societ\u00e0 Teosofica muove i primi passi l\u2019altro personaggio cui Vienna dedica ora una ricca mostra in corso al museo MAK fino al 25 settembre, Rudolf Steiner (1861-1925), di cui l\u2019esposizione <em>Alchimia del quotidiano<\/em> intende celebrare il 150\u00b0 anniversario della nascita. Quello di Steiner, che fonda la Societ\u00e0 Antroposofica, \u00e8 nella sostanza uno \u00abscisma d\u2019Occidente\u00bb della Societ\u00e0 Teosofica: mentre quest\u2019ultima privilegia il buddhismo e l\u2019induismo, Steiner riconduce l\u2019esoterismo teosofico nell\u2019ambito del cristianesimo, di cui d\u00e0 peraltro un\u2019interpretazione che le Chiese \u2013 cattolica e protestanti \u2013 non possono non giudicare eterodossa.<\/p>\n<p style=\"text-align: justify;\">La mostra viennese \u00e8 stata realizzata con la collaborazione della Societ\u00e0 Antroposofica, e qualcuno potrebbe obiettare che lo spazio alle critiche ricevute da Steiner si riduce a una sola vetrina. L\u2019interesse dell\u2019esposizione sta per\u00f2 nel mostrare un\u2019influenza di Steiner che va molto al di l\u00e0 degli ambienti antroposofici, sia nell\u2019educazione \u2013 con le scuole Waldorf \u2013 sia nell\u2019arte, dalla danza all\u2019architettura e alla pittura. La mostra presenta opere poco note dello stesso Steiner, e documenta la sua influenza sull\u2019arte moderna, esplicitamente riconosciuta da figure che vanno da Wassily Kandinski (1866-1944) a Joseph Beuys (1921-1986).<\/p>\n<p style=\"text-align: justify;\">Limitare al New Age \u2013 un\u2019etichetta non simpatica ai suoi seguaci \u2013 l\u2019influenza di Steiner sarebbe riduttivo. In modo diverso, la <em>Lebensreform<\/em> di cui fu protagonista Diefenbach e l\u2019opera di Steiner mostrano un profondo disagio nei confronti della civilt\u00e0 moderna e dell\u2019eredit\u00e0 cristiana, che dalla Vienna <em>fin de si\u00e8cle<\/em> esplode in mille rivoli e correnti nel secolo XX. Da questo punto di vista le due mostre sono parallele, e sono nello stesso tempo importanti e inquietanti.<\/p>\n","protected":false},"excerpt":{"rendered":"<p>Avvenire, 9 settembre 2011 di Massimo Introvigne Propriamente il New Age in senso stretto \u00e8 nato in Scozia, con la fondazione della comunit\u00e0 di Findhorn, nel 1962. Ma se \u2013 seguendo storici delle religioni come Wouter Hanegraaff \u2013 c\u2019interessiamo alle sue origini remote e le rintracciamo nella diffusione socialmente rilevante dei temi esoterici, per secoli &hellip; <\/p>\n<p><a class=\"more-link btn\" href=\"https:\/\/www.rassegnastampa-totustuus.it\/cattolica\/il-new-age-nato-a-vienna\/\">Continua a leggere<\/a><\/p>\n","protected":false},"author":6,"featured_media":33064,"comment_status":"closed","ping_status":"open","sticky":false,"template":"","format":"standard","meta":{"footnotes":""},"categories":[63],"tags":[697],"class_list":["post-4721","post","type-post","status-publish","format-standard","has-post-thumbnail","hentry","category-nuove-religioni-sette","tag-new-age","item-wrap"],"yoast_head":"<!-- This site is optimized with the Yoast SEO plugin v27.5 - https:\/\/yoast.com\/product\/yoast-seo-wordpress\/ -->\n<title>Il New Age? &Egrave; nato a Vienna - Rassegna Stampa Cattolica<\/title>\n<meta name=\"description\" content=\"Rassegna Stampa Cattolica - Per una cultura che nasce dalla Rivelazione cristiana in conformit\u00e0 alla tradizione e al Magistero della Chiesa in opposizione ad ogni relativismo e totalitarismo\" \/>\n<meta name=\"robots\" content=\"index, follow, max-snippet:-1, max-image-preview:large, max-video-preview:-1\" \/>\n<link rel=\"canonical\" href=\"https:\/\/www.rassegnastampa-totustuus.it\/cattolica\/il-new-age-nato-a-vienna\/\" \/>\n<meta property=\"og:locale\" content=\"it_IT\" \/>\n<meta property=\"og:type\" content=\"article\" \/>\n<meta property=\"og:title\" content=\"Il New Age? &Egrave; nato a Vienna - Rassegna Stampa Cattolica\" \/>\n<meta property=\"og:description\" content=\"Rassegna Stampa Cattolica - Per una cultura che nasce dalla Rivelazione cristiana in conformit\u00e0 alla tradizione e al Magistero della Chiesa in opposizione ad ogni relativismo e totalitarismo\" \/>\n<meta property=\"og:url\" content=\"https:\/\/www.rassegnastampa-totustuus.it\/cattolica\/il-new-age-nato-a-vienna\/\" \/>\n<meta property=\"og:site_name\" content=\"Rassegna Stampa Cattolica\" \/>\n<meta property=\"article:publisher\" content=\"https:\/\/www.facebook.com\/rassegnastampacattolica\" \/>\n<meta property=\"article:published_time\" content=\"2011-09-28T22:00:00+00:00\" \/>\n<meta property=\"article:modified_time\" content=\"2016-04-19T09:27:22+00:00\" \/>\n<meta property=\"og:image\" content=\"https:\/\/www.rassegnastampa-totustuus.it\/cattolica\/wp-content\/uploads\/2011\/09\/New_age.jpg\" \/>\n\t<meta property=\"og:image:width\" content=\"226\" \/>\n\t<meta property=\"og:image:height\" content=\"223\" \/>\n\t<meta property=\"og:image:type\" content=\"image\/jpeg\" \/>\n<meta name=\"author\" content=\"Redazione\" \/>\n<meta name=\"twitter:card\" content=\"summary_large_image\" \/>\n<meta name=\"twitter:creator\" content=\"@rassegnastampa9\" \/>\n<meta name=\"twitter:site\" content=\"@rassegnastampa9\" \/>\n<meta name=\"twitter:label1\" content=\"Scritto da\" \/>\n\t<meta name=\"twitter:data1\" content=\"Redazione\" \/>\n\t<meta name=\"twitter:label2\" content=\"Tempo di lettura stimato\" \/>\n\t<meta name=\"twitter:data2\" content=\"4 minuti\" \/>\n<script type=\"application\/ld+json\" class=\"yoast-schema-graph\">{\"@context\":\"https:\\\/\\\/schema.org\",\"@graph\":[{\"@type\":\"Article\",\"@id\":\"https:\\\/\\\/www.rassegnastampa-totustuus.it\\\/cattolica\\\/il-new-age-nato-a-vienna\\\/#article\",\"isPartOf\":{\"@id\":\"https:\\\/\\\/www.rassegnastampa-totustuus.it\\\/cattolica\\\/il-new-age-nato-a-vienna\\\/\"},\"author\":{\"name\":\"Redazione\",\"@id\":\"https:\\\/\\\/www.rassegnastampa-totustuus.it\\\/cattolica\\\/#\\\/schema\\\/person\\\/08f319d2bd1a0904ad9e2bfb7b15e5c3\"},\"headline\":\"Il New Age? &Egrave; nato a Vienna\",\"datePublished\":\"2011-09-28T22:00:00+00:00\",\"dateModified\":\"2016-04-19T09:27:22+00:00\",\"mainEntityOfPage\":{\"@id\":\"https:\\\/\\\/www.rassegnastampa-totustuus.it\\\/cattolica\\\/il-new-age-nato-a-vienna\\\/\"},\"wordCount\":786,\"publisher\":{\"@id\":\"https:\\\/\\\/www.rassegnastampa-totustuus.it\\\/cattolica\\\/#organization\"},\"image\":{\"@id\":\"https:\\\/\\\/www.rassegnastampa-totustuus.it\\\/cattolica\\\/il-new-age-nato-a-vienna\\\/#primaryimage\"},\"thumbnailUrl\":\"https:\\\/\\\/www.rassegnastampa-totustuus.it\\\/cattolica\\\/wp-content\\\/uploads\\\/2011\\\/09\\\/New_age.jpg\",\"keywords\":[\"new age\"],\"articleSection\":[\"Nuove religioni\"],\"inLanguage\":\"it-IT\"},{\"@type\":\"WebPage\",\"@id\":\"https:\\\/\\\/www.rassegnastampa-totustuus.it\\\/cattolica\\\/il-new-age-nato-a-vienna\\\/\",\"url\":\"https:\\\/\\\/www.rassegnastampa-totustuus.it\\\/cattolica\\\/il-new-age-nato-a-vienna\\\/\",\"name\":\"Il New Age? &Egrave; nato a Vienna - Rassegna Stampa Cattolica\",\"isPartOf\":{\"@id\":\"https:\\\/\\\/www.rassegnastampa-totustuus.it\\\/cattolica\\\/#website\"},\"primaryImageOfPage\":{\"@id\":\"https:\\\/\\\/www.rassegnastampa-totustuus.it\\\/cattolica\\\/il-new-age-nato-a-vienna\\\/#primaryimage\"},\"image\":{\"@id\":\"https:\\\/\\\/www.rassegnastampa-totustuus.it\\\/cattolica\\\/il-new-age-nato-a-vienna\\\/#primaryimage\"},\"thumbnailUrl\":\"https:\\\/\\\/www.rassegnastampa-totustuus.it\\\/cattolica\\\/wp-content\\\/uploads\\\/2011\\\/09\\\/New_age.jpg\",\"datePublished\":\"2011-09-28T22:00:00+00:00\",\"dateModified\":\"2016-04-19T09:27:22+00:00\",\"description\":\"Rassegna Stampa Cattolica - Per una cultura che nasce dalla Rivelazione cristiana in conformit\u00e0 alla tradizione e al Magistero della Chiesa in opposizione ad ogni relativismo e totalitarismo\",\"breadcrumb\":{\"@id\":\"https:\\\/\\\/www.rassegnastampa-totustuus.it\\\/cattolica\\\/il-new-age-nato-a-vienna\\\/#breadcrumb\"},\"inLanguage\":\"it-IT\",\"potentialAction\":[{\"@type\":\"ReadAction\",\"target\":[\"https:\\\/\\\/www.rassegnastampa-totustuus.it\\\/cattolica\\\/il-new-age-nato-a-vienna\\\/\"]}]},{\"@type\":\"ImageObject\",\"inLanguage\":\"it-IT\",\"@id\":\"https:\\\/\\\/www.rassegnastampa-totustuus.it\\\/cattolica\\\/il-new-age-nato-a-vienna\\\/#primaryimage\",\"url\":\"https:\\\/\\\/www.rassegnastampa-totustuus.it\\\/cattolica\\\/wp-content\\\/uploads\\\/2011\\\/09\\\/New_age.jpg\",\"contentUrl\":\"https:\\\/\\\/www.rassegnastampa-totustuus.it\\\/cattolica\\\/wp-content\\\/uploads\\\/2011\\\/09\\\/New_age.jpg\",\"width\":226,\"height\":223},{\"@type\":\"BreadcrumbList\",\"@id\":\"https:\\\/\\\/www.rassegnastampa-totustuus.it\\\/cattolica\\\/il-new-age-nato-a-vienna\\\/#breadcrumb\",\"itemListElement\":[{\"@type\":\"ListItem\",\"position\":1,\"name\":\"Home\",\"item\":\"https:\\\/\\\/www.rassegnastampa-totustuus.it\\\/cattolica\\\/\"},{\"@type\":\"ListItem\",\"position\":2,\"name\":\"Il New Age? &Egrave; nato a Vienna\"}]},{\"@type\":\"WebSite\",\"@id\":\"https:\\\/\\\/www.rassegnastampa-totustuus.it\\\/cattolica\\\/#website\",\"url\":\"https:\\\/\\\/www.rassegnastampa-totustuus.it\\\/cattolica\\\/\",\"name\":\"Rassegna Stampa Cattolica\",\"description\":\"Per una cultura che nasce dalla Rivelazione cristiana in conformit\u00e0 alla tradizione e al Magistero della Chiesa in opposizione ad ogni relativismo e totalitarismo\",\"publisher\":{\"@id\":\"https:\\\/\\\/www.rassegnastampa-totustuus.it\\\/cattolica\\\/#organization\"},\"alternateName\":\"Rass. Cattolica\",\"potentialAction\":[{\"@type\":\"SearchAction\",\"target\":{\"@type\":\"EntryPoint\",\"urlTemplate\":\"https:\\\/\\\/www.rassegnastampa-totustuus.it\\\/cattolica\\\/?s={search_term_string}\"},\"query-input\":{\"@type\":\"PropertyValueSpecification\",\"valueRequired\":true,\"valueName\":\"search_term_string\"}}],\"inLanguage\":\"it-IT\"},{\"@type\":\"Organization\",\"@id\":\"https:\\\/\\\/www.rassegnastampa-totustuus.it\\\/cattolica\\\/#organization\",\"name\":\"Rassegna Stampa Cattolica\",\"url\":\"https:\\\/\\\/www.rassegnastampa-totustuus.it\\\/cattolica\\\/\",\"logo\":{\"@type\":\"ImageObject\",\"inLanguage\":\"it-IT\",\"@id\":\"https:\\\/\\\/www.rassegnastampa-totustuus.it\\\/cattolica\\\/#\\\/schema\\\/logo\\\/image\\\/\",\"url\":\"https:\\\/\\\/www.rassegnastampa-totustuus.it\\\/cattolica\\\/wp-content\\\/uploads\\\/2014\\\/04\\\/logo-rassegna1.gif\",\"contentUrl\":\"https:\\\/\\\/www.rassegnastampa-totustuus.it\\\/cattolica\\\/wp-content\\\/uploads\\\/2014\\\/04\\\/logo-rassegna1.gif\",\"width\":600,\"height\":163,\"caption\":\"Rassegna Stampa Cattolica\"},\"image\":{\"@id\":\"https:\\\/\\\/www.rassegnastampa-totustuus.it\\\/cattolica\\\/#\\\/schema\\\/logo\\\/image\\\/\"},\"sameAs\":[\"https:\\\/\\\/www.facebook.com\\\/rassegnastampacattolica\",\"https:\\\/\\\/x.com\\\/rassegnastampa9\"]},{\"@type\":\"Person\",\"@id\":\"https:\\\/\\\/www.rassegnastampa-totustuus.it\\\/cattolica\\\/#\\\/schema\\\/person\\\/08f319d2bd1a0904ad9e2bfb7b15e5c3\",\"name\":\"Redazione\",\"image\":{\"@type\":\"ImageObject\",\"inLanguage\":\"it-IT\",\"@id\":\"https:\\\/\\\/secure.gravatar.com\\\/avatar\\\/2fcdf27c78ea025fbdb44e914cc63c72249ffec9dc8aafd5c82b26240ef3f346?s=96&d=mm&r=g\",\"url\":\"https:\\\/\\\/secure.gravatar.com\\\/avatar\\\/2fcdf27c78ea025fbdb44e914cc63c72249ffec9dc8aafd5c82b26240ef3f346?s=96&d=mm&r=g\",\"contentUrl\":\"https:\\\/\\\/secure.gravatar.com\\\/avatar\\\/2fcdf27c78ea025fbdb44e914cc63c72249ffec9dc8aafd5c82b26240ef3f346?s=96&d=mm&r=g\",\"caption\":\"Redazione\"},\"url\":\"https:\\\/\\\/www.rassegnastampa-totustuus.it\\\/cattolica\\\/author\\\/pietroelle\\\/\"}]}<\/script>\n<!-- \/ Yoast SEO plugin. -->","yoast_head_json":{"title":"Il New Age? &Egrave; nato a Vienna - Rassegna Stampa Cattolica","description":"Rassegna Stampa Cattolica - Per una cultura che nasce dalla Rivelazione cristiana in conformit\u00e0 alla tradizione e al Magistero della Chiesa in opposizione ad ogni relativismo e totalitarismo","robots":{"index":"index","follow":"follow","max-snippet":"max-snippet:-1","max-image-preview":"max-image-preview:large","max-video-preview":"max-video-preview:-1"},"canonical":"https:\/\/www.rassegnastampa-totustuus.it\/cattolica\/il-new-age-nato-a-vienna\/","og_locale":"it_IT","og_type":"article","og_title":"Il New Age? &Egrave; nato a Vienna - Rassegna Stampa Cattolica","og_description":"Rassegna Stampa Cattolica - Per una cultura che nasce dalla Rivelazione cristiana in conformit\u00e0 alla tradizione e al Magistero della Chiesa in opposizione ad ogni relativismo e totalitarismo","og_url":"https:\/\/www.rassegnastampa-totustuus.it\/cattolica\/il-new-age-nato-a-vienna\/","og_site_name":"Rassegna Stampa Cattolica","article_publisher":"https:\/\/www.facebook.com\/rassegnastampacattolica","article_published_time":"2011-09-28T22:00:00+00:00","article_modified_time":"2016-04-19T09:27:22+00:00","og_image":[{"width":226,"height":223,"url":"https:\/\/www.rassegnastampa-totustuus.it\/cattolica\/wp-content\/uploads\/2011\/09\/New_age.jpg","type":"image\/jpeg"}],"author":"Redazione","twitter_card":"summary_large_image","twitter_creator":"@rassegnastampa9","twitter_site":"@rassegnastampa9","twitter_misc":{"Scritto da":"Redazione","Tempo di lettura stimato":"4 minuti"},"schema":{"@context":"https:\/\/schema.org","@graph":[{"@type":"Article","@id":"https:\/\/www.rassegnastampa-totustuus.it\/cattolica\/il-new-age-nato-a-vienna\/#article","isPartOf":{"@id":"https:\/\/www.rassegnastampa-totustuus.it\/cattolica\/il-new-age-nato-a-vienna\/"},"author":{"name":"Redazione","@id":"https:\/\/www.rassegnastampa-totustuus.it\/cattolica\/#\/schema\/person\/08f319d2bd1a0904ad9e2bfb7b15e5c3"},"headline":"Il New Age? &Egrave; nato a Vienna","datePublished":"2011-09-28T22:00:00+00:00","dateModified":"2016-04-19T09:27:22+00:00","mainEntityOfPage":{"@id":"https:\/\/www.rassegnastampa-totustuus.it\/cattolica\/il-new-age-nato-a-vienna\/"},"wordCount":786,"publisher":{"@id":"https:\/\/www.rassegnastampa-totustuus.it\/cattolica\/#organization"},"image":{"@id":"https:\/\/www.rassegnastampa-totustuus.it\/cattolica\/il-new-age-nato-a-vienna\/#primaryimage"},"thumbnailUrl":"https:\/\/www.rassegnastampa-totustuus.it\/cattolica\/wp-content\/uploads\/2011\/09\/New_age.jpg","keywords":["new age"],"articleSection":["Nuove religioni"],"inLanguage":"it-IT"},{"@type":"WebPage","@id":"https:\/\/www.rassegnastampa-totustuus.it\/cattolica\/il-new-age-nato-a-vienna\/","url":"https:\/\/www.rassegnastampa-totustuus.it\/cattolica\/il-new-age-nato-a-vienna\/","name":"Il New Age? &Egrave; nato a Vienna - Rassegna Stampa Cattolica","isPartOf":{"@id":"https:\/\/www.rassegnastampa-totustuus.it\/cattolica\/#website"},"primaryImageOfPage":{"@id":"https:\/\/www.rassegnastampa-totustuus.it\/cattolica\/il-new-age-nato-a-vienna\/#primaryimage"},"image":{"@id":"https:\/\/www.rassegnastampa-totustuus.it\/cattolica\/il-new-age-nato-a-vienna\/#primaryimage"},"thumbnailUrl":"https:\/\/www.rassegnastampa-totustuus.it\/cattolica\/wp-content\/uploads\/2011\/09\/New_age.jpg","datePublished":"2011-09-28T22:00:00+00:00","dateModified":"2016-04-19T09:27:22+00:00","description":"Rassegna Stampa Cattolica - Per una cultura che nasce dalla Rivelazione cristiana in conformit\u00e0 alla tradizione e al Magistero della Chiesa in opposizione ad ogni relativismo e totalitarismo","breadcrumb":{"@id":"https:\/\/www.rassegnastampa-totustuus.it\/cattolica\/il-new-age-nato-a-vienna\/#breadcrumb"},"inLanguage":"it-IT","potentialAction":[{"@type":"ReadAction","target":["https:\/\/www.rassegnastampa-totustuus.it\/cattolica\/il-new-age-nato-a-vienna\/"]}]},{"@type":"ImageObject","inLanguage":"it-IT","@id":"https:\/\/www.rassegnastampa-totustuus.it\/cattolica\/il-new-age-nato-a-vienna\/#primaryimage","url":"https:\/\/www.rassegnastampa-totustuus.it\/cattolica\/wp-content\/uploads\/2011\/09\/New_age.jpg","contentUrl":"https:\/\/www.rassegnastampa-totustuus.it\/cattolica\/wp-content\/uploads\/2011\/09\/New_age.jpg","width":226,"height":223},{"@type":"BreadcrumbList","@id":"https:\/\/www.rassegnastampa-totustuus.it\/cattolica\/il-new-age-nato-a-vienna\/#breadcrumb","itemListElement":[{"@type":"ListItem","position":1,"name":"Home","item":"https:\/\/www.rassegnastampa-totustuus.it\/cattolica\/"},{"@type":"ListItem","position":2,"name":"Il New Age? &Egrave; nato a Vienna"}]},{"@type":"WebSite","@id":"https:\/\/www.rassegnastampa-totustuus.it\/cattolica\/#website","url":"https:\/\/www.rassegnastampa-totustuus.it\/cattolica\/","name":"Rassegna Stampa Cattolica","description":"Per una cultura che nasce dalla Rivelazione cristiana in conformit\u00e0 alla tradizione e al Magistero della Chiesa in opposizione ad ogni relativismo e totalitarismo","publisher":{"@id":"https:\/\/www.rassegnastampa-totustuus.it\/cattolica\/#organization"},"alternateName":"Rass. Cattolica","potentialAction":[{"@type":"SearchAction","target":{"@type":"EntryPoint","urlTemplate":"https:\/\/www.rassegnastampa-totustuus.it\/cattolica\/?s={search_term_string}"},"query-input":{"@type":"PropertyValueSpecification","valueRequired":true,"valueName":"search_term_string"}}],"inLanguage":"it-IT"},{"@type":"Organization","@id":"https:\/\/www.rassegnastampa-totustuus.it\/cattolica\/#organization","name":"Rassegna Stampa Cattolica","url":"https:\/\/www.rassegnastampa-totustuus.it\/cattolica\/","logo":{"@type":"ImageObject","inLanguage":"it-IT","@id":"https:\/\/www.rassegnastampa-totustuus.it\/cattolica\/#\/schema\/logo\/image\/","url":"https:\/\/www.rassegnastampa-totustuus.it\/cattolica\/wp-content\/uploads\/2014\/04\/logo-rassegna1.gif","contentUrl":"https:\/\/www.rassegnastampa-totustuus.it\/cattolica\/wp-content\/uploads\/2014\/04\/logo-rassegna1.gif","width":600,"height":163,"caption":"Rassegna Stampa Cattolica"},"image":{"@id":"https:\/\/www.rassegnastampa-totustuus.it\/cattolica\/#\/schema\/logo\/image\/"},"sameAs":["https:\/\/www.facebook.com\/rassegnastampacattolica","https:\/\/x.com\/rassegnastampa9"]},{"@type":"Person","@id":"https:\/\/www.rassegnastampa-totustuus.it\/cattolica\/#\/schema\/person\/08f319d2bd1a0904ad9e2bfb7b15e5c3","name":"Redazione","image":{"@type":"ImageObject","inLanguage":"it-IT","@id":"https:\/\/secure.gravatar.com\/avatar\/2fcdf27c78ea025fbdb44e914cc63c72249ffec9dc8aafd5c82b26240ef3f346?s=96&d=mm&r=g","url":"https:\/\/secure.gravatar.com\/avatar\/2fcdf27c78ea025fbdb44e914cc63c72249ffec9dc8aafd5c82b26240ef3f346?s=96&d=mm&r=g","contentUrl":"https:\/\/secure.gravatar.com\/avatar\/2fcdf27c78ea025fbdb44e914cc63c72249ffec9dc8aafd5c82b26240ef3f346?s=96&d=mm&r=g","caption":"Redazione"},"url":"https:\/\/www.rassegnastampa-totustuus.it\/cattolica\/author\/pietroelle\/"}]}},"_links":{"self":[{"href":"https:\/\/www.rassegnastampa-totustuus.it\/cattolica\/wp-json\/wp\/v2\/posts\/4721","targetHints":{"allow":["GET"]}}],"collection":[{"href":"https:\/\/www.rassegnastampa-totustuus.it\/cattolica\/wp-json\/wp\/v2\/posts"}],"about":[{"href":"https:\/\/www.rassegnastampa-totustuus.it\/cattolica\/wp-json\/wp\/v2\/types\/post"}],"author":[{"embeddable":true,"href":"https:\/\/www.rassegnastampa-totustuus.it\/cattolica\/wp-json\/wp\/v2\/users\/6"}],"replies":[{"embeddable":true,"href":"https:\/\/www.rassegnastampa-totustuus.it\/cattolica\/wp-json\/wp\/v2\/comments?post=4721"}],"version-history":[{"count":4,"href":"https:\/\/www.rassegnastampa-totustuus.it\/cattolica\/wp-json\/wp\/v2\/posts\/4721\/revisions"}],"predecessor-version":[{"id":33065,"href":"https:\/\/www.rassegnastampa-totustuus.it\/cattolica\/wp-json\/wp\/v2\/posts\/4721\/revisions\/33065"}],"wp:featuredmedia":[{"embeddable":true,"href":"https:\/\/www.rassegnastampa-totustuus.it\/cattolica\/wp-json\/wp\/v2\/media\/33064"}],"wp:attachment":[{"href":"https:\/\/www.rassegnastampa-totustuus.it\/cattolica\/wp-json\/wp\/v2\/media?parent=4721"}],"wp:term":[{"taxonomy":"category","embeddable":true,"href":"https:\/\/www.rassegnastampa-totustuus.it\/cattolica\/wp-json\/wp\/v2\/categories?post=4721"},{"taxonomy":"post_tag","embeddable":true,"href":"https:\/\/www.rassegnastampa-totustuus.it\/cattolica\/wp-json\/wp\/v2\/tags?post=4721"}],"curies":[{"name":"wp","href":"https:\/\/api.w.org\/{rel}","templated":true}]}}