{"id":4717,"date":"2011-09-29T00:00:00","date_gmt":"2011-09-28T22:00:00","guid":{"rendered":""},"modified":"2015-12-11T08:31:32","modified_gmt":"2015-12-11T07:31:32","slug":"quellidea-dei-diritti-germogliata-dal-tronco-del-creatore","status":"publish","type":"post","link":"https:\/\/www.rassegnastampa-totustuus.it\/cattolica\/quellidea-dei-diritti-germogliata-dal-tronco-del-creatore\/","title":{"rendered":"Quell\u2019idea dei diritti germogliata dal tronco del Creatore"},"content":{"rendered":"<div style=\"text-align: center;\"><strong><a href=\"https:\/\/www.rassegnastampa-totustuus.it\/cattolica\/wp-content\/uploads\/2011\/09\/diritti-umani.jpg\"><img loading=\"lazy\" decoding=\"async\" class=\"alignleft wp-image-28734 \" src=\"https:\/\/www.rassegnastampa-totustuus.it\/cattolica\/wp-content\/uploads\/2011\/09\/diritti-umani.jpg\" alt=\"diritti umani\" width=\"195\" height=\"140\" \/><\/a>Avvenire,<\/strong> editoriale del 24 settembre 2011<\/div>\n<p style=\"text-align: center;\"><em>Le radici cristiane richiamate da Benedetto XVI<\/em><\/p>\n<p style=\"text-align: center;\">di <strong>Giacomo Samek Lodovici<\/strong><\/p>\n<p><!--more--><\/p>\n<div style=\"text-align: justify;\">In uno dei passaggi del suo discorso al Parlamento Federale Tedesco, Benedetto XVI ha richiamato un nucleo fondamentale del patrimonio culturale dell\u2019Europa: \u00abSulla base della convinzione circa l\u2019esistenza di un Dio creatore sono state sviluppate l\u2019idea dei diritti umani, l\u2019idea dell\u2019uguaglianza di tutti gli uomini davanti alla legge, la conoscenza dell\u2019inviolabilit\u00e0 della dignit\u00e0 umana in ogni singola persona e la consapevolezza della responsabilit\u00e0 degli uomini per il loro agire\u00bb.<\/div>\n<p style=\"text-align: justify;\">Questo elenco, breve (si potrebbe allungare) ma fondamentale, dovrebbe essere tenuto presente da tutti coloro che accusano il cristianesimo di essere stato e di essere tuttora causa di arretramento culturale e sociale, o comunque da coloro che misconoscono le radici cristiane dell\u2019Europa, non rendendosi conto che non possiamo non dirci cristiani, nemmeno nei casi in cui non siamo credenti, dato che il cristianesimo \u00e8 stato il tronco (non l\u2019unico, ma quello pi\u00f9 importante) da cui sono rampollati e da cui sono stati irrorati i valori decisivi per la buona convivenza.<\/p>\n<p style=\"text-align: justify;\">Infatti, la dignit\u00e0 di ogni essere umano, i diritti umani, l\u2019uguaglianza di fronte alla legge e la responsabilit\u00e0 personale sono le pietre angolari per edificare una societ\u00e0 non predatoria bens\u00ec civile, non sottomessa alla legge del pi\u00f9 forte bens\u00ec veramente a misura d\u2019uomo. Alcuni di questi valori sono conoscibili senza presupporre l\u2019esistenza di Dio, altri no (e vengono ricevuti e riaffermati da chi li ha ereditati da secoli di cristianesimo), ma non \u00e8 qui rilevante delucidare quali. Ci\u00f2 che qui preme \u00e8 sottolineare l\u2019importanza cruciale del cristianesimo, che li ha enunciati, proclamati, promossi, ancorch\u00e9 talvolta sia stato tradito anche da alcuni cristiani tralignanti (ma meno di quanto affermino certe leggende nere).<\/p>\n<p style=\"text-align: justify;\">In effetti, la convinzione dell\u2019esistenza di un Dio creatore, iniziata col giudaismo e poi approfondita dal cristianesimo, implica che ogni essere umano, nessuno escluso, sia da Dio voluto, creato e chiamato ad una comunione amorosa con s\u00e9, il che conferisce ad ognuno una dignit\u00e0 incommensurabile ed inviolabile.<\/p>\n<p style=\"text-align: justify;\">Ad ognuno: dunque anche alle donne, che erano disprezzate da quasi tutti i popoli precedenti, e lo sono tuttora quasi in ogni luogo in cui il cristianesimo non sia pervenuto in modo significativo; dunque anche ai bambini, che in moltissimi luoghi <span class=\"abody\">e situazioni venivano uccisi neonati a migliaia e che a tutt\u2019oggi sono ancora uccisi, prima e dopo la nascita, e spesso solo perch\u00e9 di sesso femminile.<\/span><\/p>\n<p style=\"text-align: justify;\">Inoltre, se ognuno \u00e8 creato da un Dio che \u00e8 Padre, allora siamo in un certo senso fratelli. Cos\u00ec, le differenze tra di noi ci sono ed in certi casi sono benefiche (per esempio la differenza sessuale, quella degli interessi, delle capacit\u00e0 innate e perci\u00f2 delle specializzazioni, ecc.), nondimeno siamo pari in dignit\u00e0 e pertanto uguali di fronte alla legge ed il ruolo sociale diverso non dev\u2019essere il criterio di giudizio di un tribunale.<\/p>\n<p style=\"text-align: justify;\">Ancora, se abbiamo tutti una dignit\u00e0 inviolabile e se siamo uguali di fronte alla legge, ci \u00e8 dovuto il riconoscimento di alcuni diritti, quelli che concernono beni come la vita, la libert\u00e0 di agire e di espressione, la propriet\u00e0, ecc. infatti, se questi beni ci vengono negati la nostra dignit\u00e0 viene calpestata.<\/p>\n<p style=\"text-align: justify;\">Infine, proponendo all\u2019uomo la comunione amorosa con s\u00e9, Dio lo crea libero, perch\u00e9 un amore costretto \u00e8 impossibile (sarebbe schiavit\u00f9 o servilismo). Perci\u00f2, l\u2019uomo non \u00e8 un ingranaggio del Fato, non agisce necessariamente sulla base dei suoi istinti, \u00e8 solo in parte condizionato dalla societ\u00e0, pu\u00f2 agire liberamente, dunque \u00e8 responsabile delle sue azioni e delle sue violazioni.<\/p>\n","protected":false},"excerpt":{"rendered":"<p>Avvenire, editoriale del 24 settembre 2011 Le radici cristiane richiamate da Benedetto XVI di Giacomo Samek Lodovici<\/p><p><a class=\"more-link btn\" href=\"https:\/\/www.rassegnastampa-totustuus.it\/cattolica\/quellidea-dei-diritti-germogliata-dal-tronco-del-creatore\/\">Continua a leggere<\/a><\/p>\n","protected":false},"author":6,"featured_media":28734,"comment_status":"closed","ping_status":"open","sticky":false,"template":"","format":"standard","meta":{"footnotes":""},"categories":[110,14],"tags":[1320,467],"class_list":["post-4717","post","type-post","status-publish","format-standard","has-post-thumbnail","hentry","category-benedetto-xvi","category-europa-e-ue","tag-diritti-umani","tag-radici-cristiane-ue-2","item-wrap"],"yoast_head":"<!-- This site is optimized with the Yoast SEO plugin v27.5 - https:\/\/yoast.com\/product\/yoast-seo-wordpress\/ -->\n<title>Quell\u2019idea dei diritti germogliata dal tronco del Creatore - Rassegna Stampa Cattolica<\/title>\n<meta name=\"description\" content=\"Rassegna Stampa Cattolica - Per una cultura che nasce dalla Rivelazione cristiana in conformit\u00e0 alla tradizione e al Magistero della Chiesa in opposizione ad ogni relativismo e totalitarismo\" \/>\n<meta name=\"robots\" content=\"index, follow, max-snippet:-1, max-image-preview:large, max-video-preview:-1\" \/>\n<link rel=\"canonical\" href=\"https:\/\/www.rassegnastampa-totustuus.it\/cattolica\/quellidea-dei-diritti-germogliata-dal-tronco-del-creatore\/\" \/>\n<meta property=\"og:locale\" content=\"it_IT\" \/>\n<meta property=\"og:type\" content=\"article\" \/>\n<meta property=\"og:title\" content=\"Quell\u2019idea dei diritti germogliata dal tronco del Creatore - Rassegna Stampa Cattolica\" \/>\n<meta property=\"og:description\" content=\"Rassegna Stampa Cattolica - Per una cultura che nasce dalla Rivelazione cristiana in conformit\u00e0 alla tradizione e al Magistero della Chiesa in opposizione ad ogni relativismo e totalitarismo\" \/>\n<meta property=\"og:url\" content=\"https:\/\/www.rassegnastampa-totustuus.it\/cattolica\/quellidea-dei-diritti-germogliata-dal-tronco-del-creatore\/\" \/>\n<meta property=\"og:site_name\" content=\"Rassegna Stampa Cattolica\" \/>\n<meta property=\"article:publisher\" content=\"https:\/\/www.facebook.com\/rassegnastampacattolica\" \/>\n<meta property=\"article:published_time\" content=\"2011-09-28T22:00:00+00:00\" \/>\n<meta property=\"article:modified_time\" content=\"2015-12-11T07:31:32+00:00\" \/>\n<meta property=\"og:image\" content=\"https:\/\/www.rassegnastampa-totustuus.it\/cattolica\/wp-content\/uploads\/2011\/09\/diritti-umani.jpg\" \/>\n\t<meta property=\"og:image:width\" content=\"240\" \/>\n\t<meta property=\"og:image:height\" content=\"172\" \/>\n\t<meta property=\"og:image:type\" content=\"image\/jpeg\" \/>\n<meta name=\"author\" content=\"Redazione\" \/>\n<meta name=\"twitter:card\" content=\"summary_large_image\" \/>\n<meta name=\"twitter:creator\" content=\"@rassegnastampa9\" \/>\n<meta name=\"twitter:site\" content=\"@rassegnastampa9\" \/>\n<meta name=\"twitter:label1\" content=\"Scritto da\" \/>\n\t<meta name=\"twitter:data1\" content=\"Redazione\" \/>\n\t<meta name=\"twitter:label2\" content=\"Tempo di lettura stimato\" \/>\n\t<meta name=\"twitter:data2\" content=\"3 minuti\" \/>\n<script type=\"application\/ld+json\" class=\"yoast-schema-graph\">{\"@context\":\"https:\\\/\\\/schema.org\",\"@graph\":[{\"@type\":\"Article\",\"@id\":\"https:\\\/\\\/www.rassegnastampa-totustuus.it\\\/cattolica\\\/quellidea-dei-diritti-germogliata-dal-tronco-del-creatore\\\/#article\",\"isPartOf\":{\"@id\":\"https:\\\/\\\/www.rassegnastampa-totustuus.it\\\/cattolica\\\/quellidea-dei-diritti-germogliata-dal-tronco-del-creatore\\\/\"},\"author\":{\"name\":\"Redazione\",\"@id\":\"https:\\\/\\\/www.rassegnastampa-totustuus.it\\\/cattolica\\\/#\\\/schema\\\/person\\\/08f319d2bd1a0904ad9e2bfb7b15e5c3\"},\"headline\":\"Quell\u2019idea dei diritti germogliata dal tronco del Creatore\",\"datePublished\":\"2011-09-28T22:00:00+00:00\",\"dateModified\":\"2015-12-11T07:31:32+00:00\",\"mainEntityOfPage\":{\"@id\":\"https:\\\/\\\/www.rassegnastampa-totustuus.it\\\/cattolica\\\/quellidea-dei-diritti-germogliata-dal-tronco-del-creatore\\\/\"},\"wordCount\":599,\"publisher\":{\"@id\":\"https:\\\/\\\/www.rassegnastampa-totustuus.it\\\/cattolica\\\/#organization\"},\"image\":{\"@id\":\"https:\\\/\\\/www.rassegnastampa-totustuus.it\\\/cattolica\\\/quellidea-dei-diritti-germogliata-dal-tronco-del-creatore\\\/#primaryimage\"},\"thumbnailUrl\":\"https:\\\/\\\/www.rassegnastampa-totustuus.it\\\/cattolica\\\/wp-content\\\/uploads\\\/2011\\\/09\\\/diritti-umani.jpg\",\"keywords\":[\"diritti umani\",\"radici cristiane Ue\"],\"articleSection\":[\"Benedetto XVI\",\"Europa e UE\"],\"inLanguage\":\"it-IT\"},{\"@type\":\"WebPage\",\"@id\":\"https:\\\/\\\/www.rassegnastampa-totustuus.it\\\/cattolica\\\/quellidea-dei-diritti-germogliata-dal-tronco-del-creatore\\\/\",\"url\":\"https:\\\/\\\/www.rassegnastampa-totustuus.it\\\/cattolica\\\/quellidea-dei-diritti-germogliata-dal-tronco-del-creatore\\\/\",\"name\":\"Quell\u2019idea dei diritti germogliata dal tronco del Creatore - Rassegna Stampa Cattolica\",\"isPartOf\":{\"@id\":\"https:\\\/\\\/www.rassegnastampa-totustuus.it\\\/cattolica\\\/#website\"},\"primaryImageOfPage\":{\"@id\":\"https:\\\/\\\/www.rassegnastampa-totustuus.it\\\/cattolica\\\/quellidea-dei-diritti-germogliata-dal-tronco-del-creatore\\\/#primaryimage\"},\"image\":{\"@id\":\"https:\\\/\\\/www.rassegnastampa-totustuus.it\\\/cattolica\\\/quellidea-dei-diritti-germogliata-dal-tronco-del-creatore\\\/#primaryimage\"},\"thumbnailUrl\":\"https:\\\/\\\/www.rassegnastampa-totustuus.it\\\/cattolica\\\/wp-content\\\/uploads\\\/2011\\\/09\\\/diritti-umani.jpg\",\"datePublished\":\"2011-09-28T22:00:00+00:00\",\"dateModified\":\"2015-12-11T07:31:32+00:00\",\"description\":\"Rassegna Stampa Cattolica - Per una cultura che nasce dalla Rivelazione cristiana in conformit\u00e0 alla tradizione e al Magistero della Chiesa in opposizione ad ogni relativismo e totalitarismo\",\"breadcrumb\":{\"@id\":\"https:\\\/\\\/www.rassegnastampa-totustuus.it\\\/cattolica\\\/quellidea-dei-diritti-germogliata-dal-tronco-del-creatore\\\/#breadcrumb\"},\"inLanguage\":\"it-IT\",\"potentialAction\":[{\"@type\":\"ReadAction\",\"target\":[\"https:\\\/\\\/www.rassegnastampa-totustuus.it\\\/cattolica\\\/quellidea-dei-diritti-germogliata-dal-tronco-del-creatore\\\/\"]}]},{\"@type\":\"ImageObject\",\"inLanguage\":\"it-IT\",\"@id\":\"https:\\\/\\\/www.rassegnastampa-totustuus.it\\\/cattolica\\\/quellidea-dei-diritti-germogliata-dal-tronco-del-creatore\\\/#primaryimage\",\"url\":\"https:\\\/\\\/www.rassegnastampa-totustuus.it\\\/cattolica\\\/wp-content\\\/uploads\\\/2011\\\/09\\\/diritti-umani.jpg\",\"contentUrl\":\"https:\\\/\\\/www.rassegnastampa-totustuus.it\\\/cattolica\\\/wp-content\\\/uploads\\\/2011\\\/09\\\/diritti-umani.jpg\",\"width\":240,\"height\":172,\"caption\":\"Le giornate mondiali sui diritti umani e sulle libert\u00e0 individuali sono di grande importanza\"},{\"@type\":\"BreadcrumbList\",\"@id\":\"https:\\\/\\\/www.rassegnastampa-totustuus.it\\\/cattolica\\\/quellidea-dei-diritti-germogliata-dal-tronco-del-creatore\\\/#breadcrumb\",\"itemListElement\":[{\"@type\":\"ListItem\",\"position\":1,\"name\":\"Home\",\"item\":\"https:\\\/\\\/www.rassegnastampa-totustuus.it\\\/cattolica\\\/\"},{\"@type\":\"ListItem\",\"position\":2,\"name\":\"Quell\u2019idea dei diritti germogliata dal tronco del Creatore\"}]},{\"@type\":\"WebSite\",\"@id\":\"https:\\\/\\\/www.rassegnastampa-totustuus.it\\\/cattolica\\\/#website\",\"url\":\"https:\\\/\\\/www.rassegnastampa-totustuus.it\\\/cattolica\\\/\",\"name\":\"Rassegna Stampa Cattolica\",\"description\":\"Per una cultura che nasce dalla Rivelazione cristiana in conformit\u00e0 alla tradizione e al Magistero della Chiesa in opposizione ad ogni relativismo e totalitarismo\",\"publisher\":{\"@id\":\"https:\\\/\\\/www.rassegnastampa-totustuus.it\\\/cattolica\\\/#organization\"},\"alternateName\":\"Rass. Cattolica\",\"potentialAction\":[{\"@type\":\"SearchAction\",\"target\":{\"@type\":\"EntryPoint\",\"urlTemplate\":\"https:\\\/\\\/www.rassegnastampa-totustuus.it\\\/cattolica\\\/?s={search_term_string}\"},\"query-input\":{\"@type\":\"PropertyValueSpecification\",\"valueRequired\":true,\"valueName\":\"search_term_string\"}}],\"inLanguage\":\"it-IT\"},{\"@type\":\"Organization\",\"@id\":\"https:\\\/\\\/www.rassegnastampa-totustuus.it\\\/cattolica\\\/#organization\",\"name\":\"Rassegna Stampa Cattolica\",\"url\":\"https:\\\/\\\/www.rassegnastampa-totustuus.it\\\/cattolica\\\/\",\"logo\":{\"@type\":\"ImageObject\",\"inLanguage\":\"it-IT\",\"@id\":\"https:\\\/\\\/www.rassegnastampa-totustuus.it\\\/cattolica\\\/#\\\/schema\\\/logo\\\/image\\\/\",\"url\":\"https:\\\/\\\/www.rassegnastampa-totustuus.it\\\/cattolica\\\/wp-content\\\/uploads\\\/2014\\\/04\\\/logo-rassegna1.gif\",\"contentUrl\":\"https:\\\/\\\/www.rassegnastampa-totustuus.it\\\/cattolica\\\/wp-content\\\/uploads\\\/2014\\\/04\\\/logo-rassegna1.gif\",\"width\":600,\"height\":163,\"caption\":\"Rassegna Stampa Cattolica\"},\"image\":{\"@id\":\"https:\\\/\\\/www.rassegnastampa-totustuus.it\\\/cattolica\\\/#\\\/schema\\\/logo\\\/image\\\/\"},\"sameAs\":[\"https:\\\/\\\/www.facebook.com\\\/rassegnastampacattolica\",\"https:\\\/\\\/x.com\\\/rassegnastampa9\"]},{\"@type\":\"Person\",\"@id\":\"https:\\\/\\\/www.rassegnastampa-totustuus.it\\\/cattolica\\\/#\\\/schema\\\/person\\\/08f319d2bd1a0904ad9e2bfb7b15e5c3\",\"name\":\"Redazione\",\"image\":{\"@type\":\"ImageObject\",\"inLanguage\":\"it-IT\",\"@id\":\"https:\\\/\\\/secure.gravatar.com\\\/avatar\\\/2fcdf27c78ea025fbdb44e914cc63c72249ffec9dc8aafd5c82b26240ef3f346?s=96&d=mm&r=g\",\"url\":\"https:\\\/\\\/secure.gravatar.com\\\/avatar\\\/2fcdf27c78ea025fbdb44e914cc63c72249ffec9dc8aafd5c82b26240ef3f346?s=96&d=mm&r=g\",\"contentUrl\":\"https:\\\/\\\/secure.gravatar.com\\\/avatar\\\/2fcdf27c78ea025fbdb44e914cc63c72249ffec9dc8aafd5c82b26240ef3f346?s=96&d=mm&r=g\",\"caption\":\"Redazione\"},\"url\":\"https:\\\/\\\/www.rassegnastampa-totustuus.it\\\/cattolica\\\/author\\\/pietroelle\\\/\"}]}<\/script>\n<!-- \/ Yoast SEO plugin. -->","yoast_head_json":{"title":"Quell\u2019idea dei diritti germogliata dal tronco del Creatore - Rassegna Stampa Cattolica","description":"Rassegna Stampa Cattolica - Per una cultura che nasce dalla Rivelazione cristiana in conformit\u00e0 alla tradizione e al Magistero della Chiesa in opposizione ad ogni relativismo e totalitarismo","robots":{"index":"index","follow":"follow","max-snippet":"max-snippet:-1","max-image-preview":"max-image-preview:large","max-video-preview":"max-video-preview:-1"},"canonical":"https:\/\/www.rassegnastampa-totustuus.it\/cattolica\/quellidea-dei-diritti-germogliata-dal-tronco-del-creatore\/","og_locale":"it_IT","og_type":"article","og_title":"Quell\u2019idea dei diritti germogliata dal tronco del Creatore - Rassegna Stampa Cattolica","og_description":"Rassegna Stampa Cattolica - Per una cultura che nasce dalla Rivelazione cristiana in conformit\u00e0 alla tradizione e al Magistero della Chiesa in opposizione ad ogni relativismo e totalitarismo","og_url":"https:\/\/www.rassegnastampa-totustuus.it\/cattolica\/quellidea-dei-diritti-germogliata-dal-tronco-del-creatore\/","og_site_name":"Rassegna Stampa Cattolica","article_publisher":"https:\/\/www.facebook.com\/rassegnastampacattolica","article_published_time":"2011-09-28T22:00:00+00:00","article_modified_time":"2015-12-11T07:31:32+00:00","og_image":[{"width":240,"height":172,"url":"https:\/\/www.rassegnastampa-totustuus.it\/cattolica\/wp-content\/uploads\/2011\/09\/diritti-umani.jpg","type":"image\/jpeg"}],"author":"Redazione","twitter_card":"summary_large_image","twitter_creator":"@rassegnastampa9","twitter_site":"@rassegnastampa9","twitter_misc":{"Scritto da":"Redazione","Tempo di lettura stimato":"3 minuti"},"schema":{"@context":"https:\/\/schema.org","@graph":[{"@type":"Article","@id":"https:\/\/www.rassegnastampa-totustuus.it\/cattolica\/quellidea-dei-diritti-germogliata-dal-tronco-del-creatore\/#article","isPartOf":{"@id":"https:\/\/www.rassegnastampa-totustuus.it\/cattolica\/quellidea-dei-diritti-germogliata-dal-tronco-del-creatore\/"},"author":{"name":"Redazione","@id":"https:\/\/www.rassegnastampa-totustuus.it\/cattolica\/#\/schema\/person\/08f319d2bd1a0904ad9e2bfb7b15e5c3"},"headline":"Quell\u2019idea dei diritti germogliata dal tronco del Creatore","datePublished":"2011-09-28T22:00:00+00:00","dateModified":"2015-12-11T07:31:32+00:00","mainEntityOfPage":{"@id":"https:\/\/www.rassegnastampa-totustuus.it\/cattolica\/quellidea-dei-diritti-germogliata-dal-tronco-del-creatore\/"},"wordCount":599,"publisher":{"@id":"https:\/\/www.rassegnastampa-totustuus.it\/cattolica\/#organization"},"image":{"@id":"https:\/\/www.rassegnastampa-totustuus.it\/cattolica\/quellidea-dei-diritti-germogliata-dal-tronco-del-creatore\/#primaryimage"},"thumbnailUrl":"https:\/\/www.rassegnastampa-totustuus.it\/cattolica\/wp-content\/uploads\/2011\/09\/diritti-umani.jpg","keywords":["diritti umani","radici cristiane Ue"],"articleSection":["Benedetto XVI","Europa e UE"],"inLanguage":"it-IT"},{"@type":"WebPage","@id":"https:\/\/www.rassegnastampa-totustuus.it\/cattolica\/quellidea-dei-diritti-germogliata-dal-tronco-del-creatore\/","url":"https:\/\/www.rassegnastampa-totustuus.it\/cattolica\/quellidea-dei-diritti-germogliata-dal-tronco-del-creatore\/","name":"Quell\u2019idea dei diritti germogliata dal tronco del Creatore - Rassegna Stampa Cattolica","isPartOf":{"@id":"https:\/\/www.rassegnastampa-totustuus.it\/cattolica\/#website"},"primaryImageOfPage":{"@id":"https:\/\/www.rassegnastampa-totustuus.it\/cattolica\/quellidea-dei-diritti-germogliata-dal-tronco-del-creatore\/#primaryimage"},"image":{"@id":"https:\/\/www.rassegnastampa-totustuus.it\/cattolica\/quellidea-dei-diritti-germogliata-dal-tronco-del-creatore\/#primaryimage"},"thumbnailUrl":"https:\/\/www.rassegnastampa-totustuus.it\/cattolica\/wp-content\/uploads\/2011\/09\/diritti-umani.jpg","datePublished":"2011-09-28T22:00:00+00:00","dateModified":"2015-12-11T07:31:32+00:00","description":"Rassegna Stampa Cattolica - Per una cultura che nasce dalla Rivelazione cristiana in conformit\u00e0 alla tradizione e al Magistero della Chiesa in opposizione ad ogni relativismo e totalitarismo","breadcrumb":{"@id":"https:\/\/www.rassegnastampa-totustuus.it\/cattolica\/quellidea-dei-diritti-germogliata-dal-tronco-del-creatore\/#breadcrumb"},"inLanguage":"it-IT","potentialAction":[{"@type":"ReadAction","target":["https:\/\/www.rassegnastampa-totustuus.it\/cattolica\/quellidea-dei-diritti-germogliata-dal-tronco-del-creatore\/"]}]},{"@type":"ImageObject","inLanguage":"it-IT","@id":"https:\/\/www.rassegnastampa-totustuus.it\/cattolica\/quellidea-dei-diritti-germogliata-dal-tronco-del-creatore\/#primaryimage","url":"https:\/\/www.rassegnastampa-totustuus.it\/cattolica\/wp-content\/uploads\/2011\/09\/diritti-umani.jpg","contentUrl":"https:\/\/www.rassegnastampa-totustuus.it\/cattolica\/wp-content\/uploads\/2011\/09\/diritti-umani.jpg","width":240,"height":172,"caption":"Le giornate mondiali sui diritti umani e sulle libert\u00e0 individuali sono di grande importanza"},{"@type":"BreadcrumbList","@id":"https:\/\/www.rassegnastampa-totustuus.it\/cattolica\/quellidea-dei-diritti-germogliata-dal-tronco-del-creatore\/#breadcrumb","itemListElement":[{"@type":"ListItem","position":1,"name":"Home","item":"https:\/\/www.rassegnastampa-totustuus.it\/cattolica\/"},{"@type":"ListItem","position":2,"name":"Quell\u2019idea dei diritti germogliata dal tronco del Creatore"}]},{"@type":"WebSite","@id":"https:\/\/www.rassegnastampa-totustuus.it\/cattolica\/#website","url":"https:\/\/www.rassegnastampa-totustuus.it\/cattolica\/","name":"Rassegna Stampa Cattolica","description":"Per una cultura che nasce dalla Rivelazione cristiana in conformit\u00e0 alla tradizione e al Magistero della Chiesa in opposizione ad ogni relativismo e totalitarismo","publisher":{"@id":"https:\/\/www.rassegnastampa-totustuus.it\/cattolica\/#organization"},"alternateName":"Rass. Cattolica","potentialAction":[{"@type":"SearchAction","target":{"@type":"EntryPoint","urlTemplate":"https:\/\/www.rassegnastampa-totustuus.it\/cattolica\/?s={search_term_string}"},"query-input":{"@type":"PropertyValueSpecification","valueRequired":true,"valueName":"search_term_string"}}],"inLanguage":"it-IT"},{"@type":"Organization","@id":"https:\/\/www.rassegnastampa-totustuus.it\/cattolica\/#organization","name":"Rassegna Stampa Cattolica","url":"https:\/\/www.rassegnastampa-totustuus.it\/cattolica\/","logo":{"@type":"ImageObject","inLanguage":"it-IT","@id":"https:\/\/www.rassegnastampa-totustuus.it\/cattolica\/#\/schema\/logo\/image\/","url":"https:\/\/www.rassegnastampa-totustuus.it\/cattolica\/wp-content\/uploads\/2014\/04\/logo-rassegna1.gif","contentUrl":"https:\/\/www.rassegnastampa-totustuus.it\/cattolica\/wp-content\/uploads\/2014\/04\/logo-rassegna1.gif","width":600,"height":163,"caption":"Rassegna Stampa Cattolica"},"image":{"@id":"https:\/\/www.rassegnastampa-totustuus.it\/cattolica\/#\/schema\/logo\/image\/"},"sameAs":["https:\/\/www.facebook.com\/rassegnastampacattolica","https:\/\/x.com\/rassegnastampa9"]},{"@type":"Person","@id":"https:\/\/www.rassegnastampa-totustuus.it\/cattolica\/#\/schema\/person\/08f319d2bd1a0904ad9e2bfb7b15e5c3","name":"Redazione","image":{"@type":"ImageObject","inLanguage":"it-IT","@id":"https:\/\/secure.gravatar.com\/avatar\/2fcdf27c78ea025fbdb44e914cc63c72249ffec9dc8aafd5c82b26240ef3f346?s=96&d=mm&r=g","url":"https:\/\/secure.gravatar.com\/avatar\/2fcdf27c78ea025fbdb44e914cc63c72249ffec9dc8aafd5c82b26240ef3f346?s=96&d=mm&r=g","contentUrl":"https:\/\/secure.gravatar.com\/avatar\/2fcdf27c78ea025fbdb44e914cc63c72249ffec9dc8aafd5c82b26240ef3f346?s=96&d=mm&r=g","caption":"Redazione"},"url":"https:\/\/www.rassegnastampa-totustuus.it\/cattolica\/author\/pietroelle\/"}]}},"_links":{"self":[{"href":"https:\/\/www.rassegnastampa-totustuus.it\/cattolica\/wp-json\/wp\/v2\/posts\/4717","targetHints":{"allow":["GET"]}}],"collection":[{"href":"https:\/\/www.rassegnastampa-totustuus.it\/cattolica\/wp-json\/wp\/v2\/posts"}],"about":[{"href":"https:\/\/www.rassegnastampa-totustuus.it\/cattolica\/wp-json\/wp\/v2\/types\/post"}],"author":[{"embeddable":true,"href":"https:\/\/www.rassegnastampa-totustuus.it\/cattolica\/wp-json\/wp\/v2\/users\/6"}],"replies":[{"embeddable":true,"href":"https:\/\/www.rassegnastampa-totustuus.it\/cattolica\/wp-json\/wp\/v2\/comments?post=4717"}],"version-history":[{"count":4,"href":"https:\/\/www.rassegnastampa-totustuus.it\/cattolica\/wp-json\/wp\/v2\/posts\/4717\/revisions"}],"predecessor-version":[{"id":28735,"href":"https:\/\/www.rassegnastampa-totustuus.it\/cattolica\/wp-json\/wp\/v2\/posts\/4717\/revisions\/28735"}],"wp:featuredmedia":[{"embeddable":true,"href":"https:\/\/www.rassegnastampa-totustuus.it\/cattolica\/wp-json\/wp\/v2\/media\/28734"}],"wp:attachment":[{"href":"https:\/\/www.rassegnastampa-totustuus.it\/cattolica\/wp-json\/wp\/v2\/media?parent=4717"}],"wp:term":[{"taxonomy":"category","embeddable":true,"href":"https:\/\/www.rassegnastampa-totustuus.it\/cattolica\/wp-json\/wp\/v2\/categories?post=4717"},{"taxonomy":"post_tag","embeddable":true,"href":"https:\/\/www.rassegnastampa-totustuus.it\/cattolica\/wp-json\/wp\/v2\/tags?post=4717"}],"curies":[{"name":"wp","href":"https:\/\/api.w.org\/{rel}","templated":true}]}}