{"id":4716,"date":"2011-09-29T00:00:00","date_gmt":"2011-09-28T22:00:00","guid":{"rendered":""},"modified":"2015-04-14T16:39:39","modified_gmt":"2015-04-14T14:39:39","slug":"la-dittatura-europea","status":"publish","type":"post","link":"https:\/\/www.rassegnastampa-totustuus.it\/cattolica\/la-dittatura-europea\/","title":{"rendered":"La dittatura europea"},"content":{"rendered":"<div style=\"text-align: center;\"><a href=\"http:\/\/www.bdtorino.net\/index.html\"><strong><a href=\"https:\/\/www.rassegnastampa-totustuus.it\/cattolica\/wp-content\/uploads\/2011\/09\/Euccp.jpg\"><img loading=\"lazy\" decoding=\"async\" class=\"alignleft wp-image-23139\" src=\"https:\/\/www.rassegnastampa-totustuus.it\/cattolica\/wp-content\/uploads\/2011\/09\/Euccp-300x160.jpg\" alt=\"Euccp\" width=\"200\" height=\"107\" srcset=\"https:\/\/www.rassegnastampa-totustuus.it\/cattolica\/wp-content\/uploads\/2011\/09\/Euccp-300x160.jpg 300w, https:\/\/www.rassegnastampa-totustuus.it\/cattolica\/wp-content\/uploads\/2011\/09\/Euccp.jpg 307w\" sizes=\"auto, (max-width: 200px) 100vw, 200px\" \/><\/a>Civico20 news<\/strong><\/a> 2 marzo 2011<\/div>\n<p style=\"text-align: center;\"><em> Intervista alla Dott.ssa Ida Magli<\/em><\/p>\n<p style=\"text-align: center;\">di <strong>Massimo Calleri<\/strong><\/p>\n<p style=\"text-align: center;\">\n<p>&nbsp;<\/p>\n<p><!--more--><\/p>\n<div style=\"text-align: justify;\"><strong>Qual \u00e8 l\u2019origine di quella che Lei ha definito \u201cla dittatura europea\u201d?<\/strong><\/div>\n<p style=\"text-align: justify;\">Le origini vengono da molto lontano. Un progetto di \u201cpace perpetua\u201d fondato sull\u2019omogeneizzazione di tutti i popoli e di tutti gli Stati, in primis di quelli europei, risale al primo Umanesimo ed \u00e8 passato poi ai Filosofi del Settecento fino a Kant che ha scritto appunto un \u201cProgetto di pace perpetua\u201d. Si trattava con tutta evidenza di un discorso filosofico, un\u2019ipotesi teorica priva di qualsiasi aggancio con la realt\u00e0, ma i politici e i finanzieri anglo-americani se ne sono serviti, alla fine della prima guerra mondiale, per lanciare, sotto l\u2019ideale della pace, l\u2019idea di un\u2019unione degli Stati europei.\u00a0 Un\u2019unione federale a guida americana che in realt\u00e0 doveva dare inizio ad una economia e ad un mercato mondiale.<\/p>\n<p style=\"text-align: justify;\"><strong>Qual \u00e8 il rapporto dare\/avere fra l\u2019Unione Europea e l\u2019Italia?<\/strong><\/p>\n<p style=\"text-align: justify;\">Non credo che si possa parlare di un rapporto dare-avere. Qualcuno presenta ogni tanto un bilancio di quanto l\u2019Italia d\u00e0 all\u2019Unione in denaro come la quota obbligatoria dell\u2019Iva annuale, gli stipendi e le spese dell\u2019europarlamento e quanto riceve di contributi all\u2019agricoltura e altre cose del genere, ma si tratta ovviamente di bilanci senza senso. In che modo, infatti, si pu\u00f2 calcolare il danno della perdita della sovranit\u00e0 sulla moneta, con tutto quello che ha comportato e che comporta di pagamento degli interessi (signoraggio) ai banchieri della Banca centrale europea?<\/p>\n<p style=\"text-align: justify;\">In che modo calcolare la perdita del proprio territorio con l\u2019eliminazione dei confini stabilita con il trattato di Schengen? La perdita dell\u2019indipendenza del proprio Stato con la connessa perdita del prestigio del nome di una nazione e di una civilt\u00e0 che ha impresso, dal tempo di Roma in poi, il proprio volto all\u2019Europa? Per non parlare della perdita della libert\u00e0 di produzione dei propri prodotti, con l\u2019imposizione pianificata delle colture agricole, dallo sterminio di magnifiche mucche allo scambio di frutta che viaggia da un capo all\u2019altro del mondo per unificare pomodori cinesi e zucchine brasiliane di perfetta misura bruxelliana. Non esistono bilanci al mondo che possano fare simili calcoli.<\/p>\n<p style=\"text-align: justify;\"><strong>Quali sono i lati oscuri che il progetto Europa nasconde?<\/strong><\/p>\n<p style=\"text-align: justify;\">Quello che non \u00e8 mai stato detto chiaramente da nessuno dei nostri politici: lo scopo finale della globalizzazione, il Governo unico mondiale. La riduzione all\u2019uguaglianza di comportamento per tutti i popoli: una sola lingua, una sola religione, una sola moneta, una sola identit\u00e0, una sola cultura, un solo Stato. La \u201cguida\u201d sottostante a quella dei governanti sembrerebbe massonica, in quanto questi sono fin dall\u2019inizio gli ideali massonici, ma non ne esistono prove. Personalmente per\u00f2 io sono convinta che la globalizzazione non sia, non possa essere la meta finale, ma piuttosto lo strumento per uno scopo ulteriore di cui non so nulla.<\/p>\n<p style=\"text-align: justify;\">Il motivo per il quale ritengo che la globalizzazione non possa essere la meta finale, \u00e8 presto detto: non \u00e8 possibile mantenere miliardi di uomini immobili nella posizione raggiunta. La lingua, per esempio, si trasforma da s\u00e9 senza che nessuno ne sia consapevole e lo voglia (pensiamo, per esempio, a quanto sia diverso l\u2019italiano di oggi dall\u2019italiano di Dante); i legami, gli affetti fra i gruppi territorialmente pi\u00f9 vicini diventano necessariamente pi\u00f9 forti ( nell\u2019affetto o nell\u2019ostilit\u00e0) che con i gruppi lontani, e cos\u00ec via. Insomma l\u2019uguaglianza non perdura neanche per brevissimi periodi se non con la violenza di un potere dittatoriale (come \u00e8 successo nel mondo sovietico) e, dopo il periodo della dittatura, sicuramente il governo mondiale non potrebbe sussistere.<\/p>\n<p style=\"text-align: justify;\"><strong>Quali danni ha prodotto l\u2019euro all\u2019economia nazionale?<\/strong><\/p>\n<p style=\"text-align: justify;\">Talmente grandi che non \u00e8 possibile calcolarli. Il passaggio alla moneta unica \u00e8 stato chiamato \u201cla rapina del secolo\u201d ma in realt\u00e0 soltanto cinque o sei banchieri, quelli che l\u2019hanno progettata e che ne hanno incassato il frutto, sono in grado di fare un calcolo.<\/p>\n<p style=\"text-align: justify;\">E\u2019 proprio su questo fatto, ossia che i popoli non avrebbero mai potuto avere un\u2019idea esatta, matematica, di quello che stava succedendo, che i banchieri hanno contato nel compiere la rapina. Se ci atteniamo, del resto, anche soltanto a quello che abbiamo sotto gli occhi, non possiamo sbagliarci: con uno stipendio mensile di due milioni di lire un qualsiasi cittadino italiano viveva bene, con i corrispondenti mille euro non riesce a vivere.<\/p>\n<p style=\"text-align: justify;\">Ma \u00e8 impossibile anche calcolare il danno prodotto dall\u2019ansia di dover utilizzare una moneta sconosciuta, il timore di sbagliare perdendo quel poco che si possiede; inoltre il raddoppio generalizzato dei prezzi che \u00e8 stato dovuto, non, come si \u00e8 detto, alla disonest\u00e0 dei commercianti ma alla inflazione volutamente inserita, per assorbirla all\u2019insaputa dei cittadini, nel falso valore assegnato all\u2019euro.<\/p>\n<p style=\"text-align: justify;\">Un\u2019inflazione che continuiamo a scontare senza speranza di recupero, mentre la Bce ne dichiara a stento il 2%, e che ha portato sull\u2019orlo del fallimento i Paesi in cui era pi\u00f9 alta, Grecia, Portogallo, Spagna, Italia. Dobbiamo assolutamente uscire dall\u2019euro se vogliamo salvarci.<\/p>\n<p style=\"text-align: justify;\"><strong>Quali danni sta producendo il trattato di Schengen su sicurezza e certezza del diritto?<\/strong><\/p>\n<p style=\"text-align: justify;\">Ogni Stato \u00e8 stato sempre fornito di confini: non \u00e8 uno Stato se non possiede un determinato territorio. Quindi, per prima cosa, l\u2019Italia non \u00e8 pi\u00f9 uno Stato. Cosa che, del resto, \u00e8 lo scopo primario dell\u2019unificazione europea: l\u2019eliminazione degli Stati. In concreto poi succede che non esistono n\u00e9 controlli per le persone n\u00e9 dogane per le merci, che, secondo il Trattato di Maastricht, devono circolare liberamente in tutta l\u2019Unione.<\/p>\n<p style=\"text-align: justify;\">L\u2019immigrazione \u00e8 esplosa ovviamente a causa della mancanza dei confini: se uno non ha la porta non pu\u00f2 accusare nessuno di essere entrato in casa sua, o meglio non pu\u00f2 affermare di avere una casa propria. Chiunque sia cittadino dell\u2019Unione pu\u00f2 stabilirsi in Italia e ha diritto di voto attivo e passivo alle elezioni amministrative.<\/p>\n<p style=\"text-align: justify;\">Ma c\u2019\u00e8 chi propugna il diritto di cittadinanza e di voto anche per gli extracomunitari giunti da ogni parte del mondo quasi da invitati perch\u00e9 la caratteristica che accomuna da sempre tutti i nostri governanti \u00e8 un assoluto disprezzo e odio per l\u2019Italia e la volont\u00e0 di calpestare, di distruggere gli Italiani chiamando gli stranieri. L\u2019hanno fatto per duemila anni e continuano a farlo. Vengono tutti in massa, perci\u00f2, in Italia, terra sognata da secoli \u2026<\/p>\n<p style=\"text-align: justify;\"><strong>Secondo Lei il Progetto Europa \u00e8 fallito prima ancora di cominciare?<\/strong><\/p>\n<p style=\"text-align: justify;\">Che sia fallito credo che sia cosa ormai ben visibile a tutti. In un certo senso \u00e8 fallito anche prima di cominciare perch\u00e9 ovviamente lo scopo era quello dell\u2019unificazione politica e l\u2019unificazione politica di Nazioni come la Francia, l\u2019Inghilterra, la Germania, la Spagna, l\u2019Italia (solo per citare le pi\u00f9 importanti), con una propria lunghissima storia di civilt\u00e0, con una propria lingua, una propria letteratura, un proprio itinerario di indipendenza non era neanche \u201cpensabile\u201d.<\/p>\n<p style=\"text-align: justify;\">I vari Kohl, Mitterand che hanno voluto a tutti i costi l\u2019unione, hanno cominciato dalla moneta proprio perch\u00e9 sapevano di non poter realizzare l\u2019unione politica. Si \u00e8 trattato perci\u00f2 di operazioni \u201ca tavolino\u201d, prive di realt\u00e0, pura finzione.\u00a0 \u201cl\u2019Europa \u00e8 un bluff\u201d come dice il prof. Lucio Caracciolo, profondo esperto di geopolitica ma anche uomo di sinistra amico di Enrico Letta. S\u00ec, \u00e8 un bluff, ma giocato, sotto le vesti della democrazia, con la vita dei popoli, con la loro identit\u00e0, con la loro libert\u00e0, con i loro affetti, con le loro ricchezze. Un crimine che ancora nessun imperatore, nessun dittatore, nessun tiranno aveva mai compiuto.<\/p>\n<p style=\"text-align: justify;\"><strong>A chi attribuisce i \u201cmeriti\u201d della nostra entrata nel sistema euro?<\/strong><\/p>\n<p style=\"text-align: justify;\">Non ci sono dubbi: a Ciampi e a Prodi. Con l\u2019appoggio di tutti gli altri, ma soprattutto della sinistra che infatti ha chiamato, con una mossa a sorpresa, Romano Prodi a proprio leader, sebbene si trattasse di un vecchio democristiano, esclusivamente a questo scopo: portare l\u2019Italia nell\u2019euro ingannando l\u2019elettorato, gli operai, che mai avrebbero potuto supporre che la sinistra fosse schierata dalla parte dei banchieri, dei capitalisti.<\/p>\n<p style=\"text-align: justify;\">A Ciampi, invece, governatore della Banca d\u2019Italia e di conseguenza supposto grande esperto di operazioni valutarie agli occhi degli Italiani, \u00e8 stato affidato il compito di svalutare la lira fino al limite del crollo e svendere quasi tutti i beni dello Stato per portare l\u2019Italia nelle condizioni economiche accettabili da parte dell\u2019Europa. Non so immaginare quale apposito girone dell\u2019Inferno Dante avrebbe creato per questi due uomini se avesse avuto l\u2019orribile disgrazia di conoscerli.<\/p>\n<p style=\"text-align: justify;\"><strong>Cosa si pu\u00f2 fare per ricostruire il sistema sociale ed economico nazionale?<\/strong><\/p>\n<p style=\"text-align: justify;\">Sospendere immediatamente il trattato di Schengen cos\u00ec da potersi difendere con tutti i mezzi possibili dall\u2019immigrazione e dallo stanziamento nel nostro territorio di stranieri di ogni tipo. E\u2019 inutile appellarsi all\u2019UE come fanno i nostri ministri dell\u2019estero e dell\u2019interno. L\u2019Unione europea \u00e8 stata creata appositamente per distruggere le Nazioni, gli Stati, l\u2019identit\u00e0 dei popoli, per cui l\u2019immigrazione \u00e8 provocata e incoraggiata come lo strumento pi\u00f9 adatto per raggiungere questi scopi.<\/p>\n<p style=\"text-align: justify;\">L\u2019Italia deve guardare in faccia questa realt\u00e0 e, anche ammesso che i politici non possano dirlo apertamente, contare soltanto sulle proprie forze e approntare mezzi di difesa molto stringenti e coercitivi. Il nostro piccolissimo territorio non pu\u00f2 ospitare neanche una persona in pi\u00f9 (al momento dell\u2019unit\u00e0 d\u2019Italia la popolazione non arrivava ai 25 milioni, oggi supera i 60.) Esistono continenti e paesi vastissimi e quasi disabitati come il Canada, gli Stati Uniti d\u2019America, l\u2019Australia, l\u2019Africa, la Russia: non ha senso che quelli che vogliono cambiare paese vengano in Italia.<\/p>\n<p style=\"text-align: justify;\">Contemporaneamente alla sospensione di Schengen, l\u2019Italia deve uscire dall\u2019euro, riprendendosi la sovranit\u00e0 monetaria. Si tratta di un\u2019operazione consigliata da molti economisti sia italiani che stranieri a tutti i paesi che hanno economie troppo diverse per poter essere omologate in un\u2019unica linea direttiva. Avrebbe un costo, sicuramente, ma nulla in confronto ai vantaggi di breve e di lunga durata. Inoltre, dato che l\u2019euro e la Banca centrale europea sono le uniche istituzioni concrete dell\u2019UE, abbandonarle avrebbe il significato concreto di un giudizio negativo reale nei confronti dell\u2019unificazione europea.<\/p>\n<p style=\"text-align: justify;\"><strong>Secondo Lei l\u2019Italia ha bisogno di ritrovare gli italiani oppure si \u00e8 rassegnata?<\/strong><\/p>\n<p style=\"text-align: justify;\">Il problema sono i leader, i governanti, i politici di tutti i partiti, \u2026 Sono loro che \u2013 lo ripeto con forza \u2013 vogliono la distruzione dell\u2019Italia e tendono al multiculturalismo e al mondialismo massonico. I popoli non sono in grado di prendere l\u2019iniziativa senza una guida, senza un capo. Spero, tuttavia, che qualcuno, non so bene chi, senta l\u2019amore per l\u2019Italia e per la sua libert\u00e0 e dia inizio alla liberazione. Nella Lega sono presenti molti fermenti contro il predominio della Banca centrale europea e contro la massoneria installata ai piani alti dell\u2019Europa.<\/p>\n<p style=\"text-align: justify;\">So anche per averlo constatato di persona che esistono piccoli movimenti sparsi contro l\u2019euro, a cominciare dall\u2019ormai classico partito \u201cNo euro\u201d. La mia associazione \u201cGli Italiani liberi\u201d \u00e8 piena di persone che vogliono la libert\u00e0 d\u2019Italia da qualsiasi dominazione straniera, compresa quella statunitense. Non abbiamo le forze economiche indispensabili per l\u2019organizzazione di un partito, ma io spero che ci si possa mettere tutti insieme, al di l\u00e0 di ogni ideologia, per liberare l\u2019Italia.<\/p>\n","protected":false},"excerpt":{"rendered":"<p>Civico20 news 2 marzo 2011 Intervista alla Dott.ssa Ida Magli di Massimo Calleri &nbsp;<\/p><p><a class=\"more-link btn\" href=\"https:\/\/www.rassegnastampa-totustuus.it\/cattolica\/la-dittatura-europea\/\">Continua a leggere<\/a><\/p>\n","protected":false},"author":6,"featured_media":23139,"comment_status":"closed","ping_status":"open","sticky":false,"template":"","format":"standard","meta":{"footnotes":""},"categories":[14],"tags":[237],"class_list":["post-4716","post","type-post","status-publish","format-standard","has-post-thumbnail","hentry","category-europa-e-ue","tag-totalitarismo-2","item-wrap"],"yoast_head":"<!-- This site is optimized with the Yoast SEO plugin v27.4 - https:\/\/yoast.com\/product\/yoast-seo-wordpress\/ -->\n<title>La dittatura europea - Rassegna Stampa Cattolica<\/title>\n<meta name=\"description\" content=\"Rassegna Stampa Cattolica - Per una cultura che nasce dalla Rivelazione cristiana in conformit\u00e0 alla tradizione e al Magistero della Chiesa in opposizione ad ogni relativismo e totalitarismo\" \/>\n<meta name=\"robots\" content=\"index, follow, max-snippet:-1, max-image-preview:large, max-video-preview:-1\" \/>\n<link rel=\"canonical\" href=\"https:\/\/www.rassegnastampa-totustuus.it\/cattolica\/la-dittatura-europea\/\" \/>\n<meta property=\"og:locale\" content=\"it_IT\" \/>\n<meta property=\"og:type\" content=\"article\" \/>\n<meta property=\"og:title\" content=\"La dittatura europea - Rassegna Stampa Cattolica\" \/>\n<meta property=\"og:description\" content=\"Rassegna Stampa Cattolica - Per una cultura che nasce dalla Rivelazione cristiana in conformit\u00e0 alla tradizione e al Magistero della Chiesa in opposizione ad ogni relativismo e totalitarismo\" \/>\n<meta property=\"og:url\" content=\"https:\/\/www.rassegnastampa-totustuus.it\/cattolica\/la-dittatura-europea\/\" \/>\n<meta property=\"og:site_name\" content=\"Rassegna Stampa Cattolica\" \/>\n<meta property=\"article:publisher\" content=\"https:\/\/www.facebook.com\/rassegnastampacattolica\" \/>\n<meta property=\"article:published_time\" content=\"2011-09-28T22:00:00+00:00\" \/>\n<meta property=\"article:modified_time\" content=\"2015-04-14T14:39:39+00:00\" \/>\n<meta property=\"og:image\" content=\"https:\/\/www.rassegnastampa-totustuus.it\/cattolica\/wp-content\/uploads\/2011\/09\/Euccp.jpg\" \/>\n\t<meta property=\"og:image:width\" content=\"307\" \/>\n\t<meta property=\"og:image:height\" content=\"164\" \/>\n\t<meta property=\"og:image:type\" content=\"image\/jpeg\" \/>\n<meta name=\"author\" content=\"Redazione\" \/>\n<meta name=\"twitter:card\" content=\"summary_large_image\" \/>\n<meta name=\"twitter:creator\" content=\"@rassegnastampa9\" \/>\n<meta name=\"twitter:site\" content=\"@rassegnastampa9\" \/>\n<meta name=\"twitter:label1\" content=\"Scritto da\" \/>\n\t<meta name=\"twitter:data1\" content=\"Redazione\" \/>\n\t<meta name=\"twitter:label2\" content=\"Tempo di lettura stimato\" \/>\n\t<meta name=\"twitter:data2\" content=\"9 minuti\" \/>\n<script type=\"application\/ld+json\" class=\"yoast-schema-graph\">{\"@context\":\"https:\\\/\\\/schema.org\",\"@graph\":[{\"@type\":\"Article\",\"@id\":\"https:\\\/\\\/www.rassegnastampa-totustuus.it\\\/cattolica\\\/la-dittatura-europea\\\/#article\",\"isPartOf\":{\"@id\":\"https:\\\/\\\/www.rassegnastampa-totustuus.it\\\/cattolica\\\/la-dittatura-europea\\\/\"},\"author\":{\"name\":\"Redazione\",\"@id\":\"https:\\\/\\\/www.rassegnastampa-totustuus.it\\\/cattolica\\\/#\\\/schema\\\/person\\\/08f319d2bd1a0904ad9e2bfb7b15e5c3\"},\"headline\":\"La dittatura europea\",\"datePublished\":\"2011-09-28T22:00:00+00:00\",\"dateModified\":\"2015-04-14T14:39:39+00:00\",\"mainEntityOfPage\":{\"@id\":\"https:\\\/\\\/www.rassegnastampa-totustuus.it\\\/cattolica\\\/la-dittatura-europea\\\/\"},\"wordCount\":1861,\"publisher\":{\"@id\":\"https:\\\/\\\/www.rassegnastampa-totustuus.it\\\/cattolica\\\/#organization\"},\"image\":{\"@id\":\"https:\\\/\\\/www.rassegnastampa-totustuus.it\\\/cattolica\\\/la-dittatura-europea\\\/#primaryimage\"},\"thumbnailUrl\":\"https:\\\/\\\/www.rassegnastampa-totustuus.it\\\/cattolica\\\/wp-content\\\/uploads\\\/2011\\\/09\\\/Euccp.jpg\",\"keywords\":[\"totalitarismo\"],\"articleSection\":[\"Europa e UE\"],\"inLanguage\":\"it-IT\"},{\"@type\":\"WebPage\",\"@id\":\"https:\\\/\\\/www.rassegnastampa-totustuus.it\\\/cattolica\\\/la-dittatura-europea\\\/\",\"url\":\"https:\\\/\\\/www.rassegnastampa-totustuus.it\\\/cattolica\\\/la-dittatura-europea\\\/\",\"name\":\"La dittatura europea - Rassegna Stampa Cattolica\",\"isPartOf\":{\"@id\":\"https:\\\/\\\/www.rassegnastampa-totustuus.it\\\/cattolica\\\/#website\"},\"primaryImageOfPage\":{\"@id\":\"https:\\\/\\\/www.rassegnastampa-totustuus.it\\\/cattolica\\\/la-dittatura-europea\\\/#primaryimage\"},\"image\":{\"@id\":\"https:\\\/\\\/www.rassegnastampa-totustuus.it\\\/cattolica\\\/la-dittatura-europea\\\/#primaryimage\"},\"thumbnailUrl\":\"https:\\\/\\\/www.rassegnastampa-totustuus.it\\\/cattolica\\\/wp-content\\\/uploads\\\/2011\\\/09\\\/Euccp.jpg\",\"datePublished\":\"2011-09-28T22:00:00+00:00\",\"dateModified\":\"2015-04-14T14:39:39+00:00\",\"description\":\"Rassegna Stampa Cattolica - Per una cultura che nasce dalla Rivelazione cristiana in conformit\u00e0 alla tradizione e al Magistero della Chiesa in opposizione ad ogni relativismo e totalitarismo\",\"breadcrumb\":{\"@id\":\"https:\\\/\\\/www.rassegnastampa-totustuus.it\\\/cattolica\\\/la-dittatura-europea\\\/#breadcrumb\"},\"inLanguage\":\"it-IT\",\"potentialAction\":[{\"@type\":\"ReadAction\",\"target\":[\"https:\\\/\\\/www.rassegnastampa-totustuus.it\\\/cattolica\\\/la-dittatura-europea\\\/\"]}]},{\"@type\":\"ImageObject\",\"inLanguage\":\"it-IT\",\"@id\":\"https:\\\/\\\/www.rassegnastampa-totustuus.it\\\/cattolica\\\/la-dittatura-europea\\\/#primaryimage\",\"url\":\"https:\\\/\\\/www.rassegnastampa-totustuus.it\\\/cattolica\\\/wp-content\\\/uploads\\\/2011\\\/09\\\/Euccp.jpg\",\"contentUrl\":\"https:\\\/\\\/www.rassegnastampa-totustuus.it\\\/cattolica\\\/wp-content\\\/uploads\\\/2011\\\/09\\\/Euccp.jpg\",\"width\":307,\"height\":164},{\"@type\":\"BreadcrumbList\",\"@id\":\"https:\\\/\\\/www.rassegnastampa-totustuus.it\\\/cattolica\\\/la-dittatura-europea\\\/#breadcrumb\",\"itemListElement\":[{\"@type\":\"ListItem\",\"position\":1,\"name\":\"Home\",\"item\":\"https:\\\/\\\/www.rassegnastampa-totustuus.it\\\/cattolica\\\/\"},{\"@type\":\"ListItem\",\"position\":2,\"name\":\"La dittatura europea\"}]},{\"@type\":\"WebSite\",\"@id\":\"https:\\\/\\\/www.rassegnastampa-totustuus.it\\\/cattolica\\\/#website\",\"url\":\"https:\\\/\\\/www.rassegnastampa-totustuus.it\\\/cattolica\\\/\",\"name\":\"Rassegna Stampa Cattolica\",\"description\":\"Per una cultura che nasce dalla Rivelazione cristiana in conformit\u00e0 alla tradizione e al Magistero della Chiesa in opposizione ad ogni relativismo e totalitarismo\",\"publisher\":{\"@id\":\"https:\\\/\\\/www.rassegnastampa-totustuus.it\\\/cattolica\\\/#organization\"},\"alternateName\":\"Rass. Cattolica\",\"potentialAction\":[{\"@type\":\"SearchAction\",\"target\":{\"@type\":\"EntryPoint\",\"urlTemplate\":\"https:\\\/\\\/www.rassegnastampa-totustuus.it\\\/cattolica\\\/?s={search_term_string}\"},\"query-input\":{\"@type\":\"PropertyValueSpecification\",\"valueRequired\":true,\"valueName\":\"search_term_string\"}}],\"inLanguage\":\"it-IT\"},{\"@type\":\"Organization\",\"@id\":\"https:\\\/\\\/www.rassegnastampa-totustuus.it\\\/cattolica\\\/#organization\",\"name\":\"Rassegna Stampa Cattolica\",\"url\":\"https:\\\/\\\/www.rassegnastampa-totustuus.it\\\/cattolica\\\/\",\"logo\":{\"@type\":\"ImageObject\",\"inLanguage\":\"it-IT\",\"@id\":\"https:\\\/\\\/www.rassegnastampa-totustuus.it\\\/cattolica\\\/#\\\/schema\\\/logo\\\/image\\\/\",\"url\":\"https:\\\/\\\/www.rassegnastampa-totustuus.it\\\/cattolica\\\/wp-content\\\/uploads\\\/2014\\\/04\\\/logo-rassegna1.gif\",\"contentUrl\":\"https:\\\/\\\/www.rassegnastampa-totustuus.it\\\/cattolica\\\/wp-content\\\/uploads\\\/2014\\\/04\\\/logo-rassegna1.gif\",\"width\":600,\"height\":163,\"caption\":\"Rassegna Stampa Cattolica\"},\"image\":{\"@id\":\"https:\\\/\\\/www.rassegnastampa-totustuus.it\\\/cattolica\\\/#\\\/schema\\\/logo\\\/image\\\/\"},\"sameAs\":[\"https:\\\/\\\/www.facebook.com\\\/rassegnastampacattolica\",\"https:\\\/\\\/x.com\\\/rassegnastampa9\"]},{\"@type\":\"Person\",\"@id\":\"https:\\\/\\\/www.rassegnastampa-totustuus.it\\\/cattolica\\\/#\\\/schema\\\/person\\\/08f319d2bd1a0904ad9e2bfb7b15e5c3\",\"name\":\"Redazione\",\"image\":{\"@type\":\"ImageObject\",\"inLanguage\":\"it-IT\",\"@id\":\"https:\\\/\\\/secure.gravatar.com\\\/avatar\\\/2fcdf27c78ea025fbdb44e914cc63c72249ffec9dc8aafd5c82b26240ef3f346?s=96&d=mm&r=g\",\"url\":\"https:\\\/\\\/secure.gravatar.com\\\/avatar\\\/2fcdf27c78ea025fbdb44e914cc63c72249ffec9dc8aafd5c82b26240ef3f346?s=96&d=mm&r=g\",\"contentUrl\":\"https:\\\/\\\/secure.gravatar.com\\\/avatar\\\/2fcdf27c78ea025fbdb44e914cc63c72249ffec9dc8aafd5c82b26240ef3f346?s=96&d=mm&r=g\",\"caption\":\"Redazione\"},\"url\":\"https:\\\/\\\/www.rassegnastampa-totustuus.it\\\/cattolica\\\/author\\\/pietroelle\\\/\"}]}<\/script>\n<!-- \/ Yoast SEO plugin. -->","yoast_head_json":{"title":"La dittatura europea - Rassegna Stampa Cattolica","description":"Rassegna Stampa Cattolica - Per una cultura che nasce dalla Rivelazione cristiana in conformit\u00e0 alla tradizione e al Magistero della Chiesa in opposizione ad ogni relativismo e totalitarismo","robots":{"index":"index","follow":"follow","max-snippet":"max-snippet:-1","max-image-preview":"max-image-preview:large","max-video-preview":"max-video-preview:-1"},"canonical":"https:\/\/www.rassegnastampa-totustuus.it\/cattolica\/la-dittatura-europea\/","og_locale":"it_IT","og_type":"article","og_title":"La dittatura europea - Rassegna Stampa Cattolica","og_description":"Rassegna Stampa Cattolica - Per una cultura che nasce dalla Rivelazione cristiana in conformit\u00e0 alla tradizione e al Magistero della Chiesa in opposizione ad ogni relativismo e totalitarismo","og_url":"https:\/\/www.rassegnastampa-totustuus.it\/cattolica\/la-dittatura-europea\/","og_site_name":"Rassegna Stampa Cattolica","article_publisher":"https:\/\/www.facebook.com\/rassegnastampacattolica","article_published_time":"2011-09-28T22:00:00+00:00","article_modified_time":"2015-04-14T14:39:39+00:00","og_image":[{"width":307,"height":164,"url":"https:\/\/www.rassegnastampa-totustuus.it\/cattolica\/wp-content\/uploads\/2011\/09\/Euccp.jpg","type":"image\/jpeg"}],"author":"Redazione","twitter_card":"summary_large_image","twitter_creator":"@rassegnastampa9","twitter_site":"@rassegnastampa9","twitter_misc":{"Scritto da":"Redazione","Tempo di lettura stimato":"9 minuti"},"schema":{"@context":"https:\/\/schema.org","@graph":[{"@type":"Article","@id":"https:\/\/www.rassegnastampa-totustuus.it\/cattolica\/la-dittatura-europea\/#article","isPartOf":{"@id":"https:\/\/www.rassegnastampa-totustuus.it\/cattolica\/la-dittatura-europea\/"},"author":{"name":"Redazione","@id":"https:\/\/www.rassegnastampa-totustuus.it\/cattolica\/#\/schema\/person\/08f319d2bd1a0904ad9e2bfb7b15e5c3"},"headline":"La dittatura europea","datePublished":"2011-09-28T22:00:00+00:00","dateModified":"2015-04-14T14:39:39+00:00","mainEntityOfPage":{"@id":"https:\/\/www.rassegnastampa-totustuus.it\/cattolica\/la-dittatura-europea\/"},"wordCount":1861,"publisher":{"@id":"https:\/\/www.rassegnastampa-totustuus.it\/cattolica\/#organization"},"image":{"@id":"https:\/\/www.rassegnastampa-totustuus.it\/cattolica\/la-dittatura-europea\/#primaryimage"},"thumbnailUrl":"https:\/\/www.rassegnastampa-totustuus.it\/cattolica\/wp-content\/uploads\/2011\/09\/Euccp.jpg","keywords":["totalitarismo"],"articleSection":["Europa e UE"],"inLanguage":"it-IT"},{"@type":"WebPage","@id":"https:\/\/www.rassegnastampa-totustuus.it\/cattolica\/la-dittatura-europea\/","url":"https:\/\/www.rassegnastampa-totustuus.it\/cattolica\/la-dittatura-europea\/","name":"La dittatura europea - Rassegna Stampa Cattolica","isPartOf":{"@id":"https:\/\/www.rassegnastampa-totustuus.it\/cattolica\/#website"},"primaryImageOfPage":{"@id":"https:\/\/www.rassegnastampa-totustuus.it\/cattolica\/la-dittatura-europea\/#primaryimage"},"image":{"@id":"https:\/\/www.rassegnastampa-totustuus.it\/cattolica\/la-dittatura-europea\/#primaryimage"},"thumbnailUrl":"https:\/\/www.rassegnastampa-totustuus.it\/cattolica\/wp-content\/uploads\/2011\/09\/Euccp.jpg","datePublished":"2011-09-28T22:00:00+00:00","dateModified":"2015-04-14T14:39:39+00:00","description":"Rassegna Stampa Cattolica - Per una cultura che nasce dalla Rivelazione cristiana in conformit\u00e0 alla tradizione e al Magistero della Chiesa in opposizione ad ogni relativismo e totalitarismo","breadcrumb":{"@id":"https:\/\/www.rassegnastampa-totustuus.it\/cattolica\/la-dittatura-europea\/#breadcrumb"},"inLanguage":"it-IT","potentialAction":[{"@type":"ReadAction","target":["https:\/\/www.rassegnastampa-totustuus.it\/cattolica\/la-dittatura-europea\/"]}]},{"@type":"ImageObject","inLanguage":"it-IT","@id":"https:\/\/www.rassegnastampa-totustuus.it\/cattolica\/la-dittatura-europea\/#primaryimage","url":"https:\/\/www.rassegnastampa-totustuus.it\/cattolica\/wp-content\/uploads\/2011\/09\/Euccp.jpg","contentUrl":"https:\/\/www.rassegnastampa-totustuus.it\/cattolica\/wp-content\/uploads\/2011\/09\/Euccp.jpg","width":307,"height":164},{"@type":"BreadcrumbList","@id":"https:\/\/www.rassegnastampa-totustuus.it\/cattolica\/la-dittatura-europea\/#breadcrumb","itemListElement":[{"@type":"ListItem","position":1,"name":"Home","item":"https:\/\/www.rassegnastampa-totustuus.it\/cattolica\/"},{"@type":"ListItem","position":2,"name":"La dittatura europea"}]},{"@type":"WebSite","@id":"https:\/\/www.rassegnastampa-totustuus.it\/cattolica\/#website","url":"https:\/\/www.rassegnastampa-totustuus.it\/cattolica\/","name":"Rassegna Stampa Cattolica","description":"Per una cultura che nasce dalla Rivelazione cristiana in conformit\u00e0 alla tradizione e al Magistero della Chiesa in opposizione ad ogni relativismo e totalitarismo","publisher":{"@id":"https:\/\/www.rassegnastampa-totustuus.it\/cattolica\/#organization"},"alternateName":"Rass. Cattolica","potentialAction":[{"@type":"SearchAction","target":{"@type":"EntryPoint","urlTemplate":"https:\/\/www.rassegnastampa-totustuus.it\/cattolica\/?s={search_term_string}"},"query-input":{"@type":"PropertyValueSpecification","valueRequired":true,"valueName":"search_term_string"}}],"inLanguage":"it-IT"},{"@type":"Organization","@id":"https:\/\/www.rassegnastampa-totustuus.it\/cattolica\/#organization","name":"Rassegna Stampa Cattolica","url":"https:\/\/www.rassegnastampa-totustuus.it\/cattolica\/","logo":{"@type":"ImageObject","inLanguage":"it-IT","@id":"https:\/\/www.rassegnastampa-totustuus.it\/cattolica\/#\/schema\/logo\/image\/","url":"https:\/\/www.rassegnastampa-totustuus.it\/cattolica\/wp-content\/uploads\/2014\/04\/logo-rassegna1.gif","contentUrl":"https:\/\/www.rassegnastampa-totustuus.it\/cattolica\/wp-content\/uploads\/2014\/04\/logo-rassegna1.gif","width":600,"height":163,"caption":"Rassegna Stampa Cattolica"},"image":{"@id":"https:\/\/www.rassegnastampa-totustuus.it\/cattolica\/#\/schema\/logo\/image\/"},"sameAs":["https:\/\/www.facebook.com\/rassegnastampacattolica","https:\/\/x.com\/rassegnastampa9"]},{"@type":"Person","@id":"https:\/\/www.rassegnastampa-totustuus.it\/cattolica\/#\/schema\/person\/08f319d2bd1a0904ad9e2bfb7b15e5c3","name":"Redazione","image":{"@type":"ImageObject","inLanguage":"it-IT","@id":"https:\/\/secure.gravatar.com\/avatar\/2fcdf27c78ea025fbdb44e914cc63c72249ffec9dc8aafd5c82b26240ef3f346?s=96&d=mm&r=g","url":"https:\/\/secure.gravatar.com\/avatar\/2fcdf27c78ea025fbdb44e914cc63c72249ffec9dc8aafd5c82b26240ef3f346?s=96&d=mm&r=g","contentUrl":"https:\/\/secure.gravatar.com\/avatar\/2fcdf27c78ea025fbdb44e914cc63c72249ffec9dc8aafd5c82b26240ef3f346?s=96&d=mm&r=g","caption":"Redazione"},"url":"https:\/\/www.rassegnastampa-totustuus.it\/cattolica\/author\/pietroelle\/"}]}},"_links":{"self":[{"href":"https:\/\/www.rassegnastampa-totustuus.it\/cattolica\/wp-json\/wp\/v2\/posts\/4716","targetHints":{"allow":["GET"]}}],"collection":[{"href":"https:\/\/www.rassegnastampa-totustuus.it\/cattolica\/wp-json\/wp\/v2\/posts"}],"about":[{"href":"https:\/\/www.rassegnastampa-totustuus.it\/cattolica\/wp-json\/wp\/v2\/types\/post"}],"author":[{"embeddable":true,"href":"https:\/\/www.rassegnastampa-totustuus.it\/cattolica\/wp-json\/wp\/v2\/users\/6"}],"replies":[{"embeddable":true,"href":"https:\/\/www.rassegnastampa-totustuus.it\/cattolica\/wp-json\/wp\/v2\/comments?post=4716"}],"version-history":[{"count":4,"href":"https:\/\/www.rassegnastampa-totustuus.it\/cattolica\/wp-json\/wp\/v2\/posts\/4716\/revisions"}],"predecessor-version":[{"id":23140,"href":"https:\/\/www.rassegnastampa-totustuus.it\/cattolica\/wp-json\/wp\/v2\/posts\/4716\/revisions\/23140"}],"wp:featuredmedia":[{"embeddable":true,"href":"https:\/\/www.rassegnastampa-totustuus.it\/cattolica\/wp-json\/wp\/v2\/media\/23139"}],"wp:attachment":[{"href":"https:\/\/www.rassegnastampa-totustuus.it\/cattolica\/wp-json\/wp\/v2\/media?parent=4716"}],"wp:term":[{"taxonomy":"category","embeddable":true,"href":"https:\/\/www.rassegnastampa-totustuus.it\/cattolica\/wp-json\/wp\/v2\/categories?post=4716"},{"taxonomy":"post_tag","embeddable":true,"href":"https:\/\/www.rassegnastampa-totustuus.it\/cattolica\/wp-json\/wp\/v2\/tags?post=4716"}],"curies":[{"name":"wp","href":"https:\/\/api.w.org\/{rel}","templated":true}]}}