{"id":47133,"date":"2020-05-07T00:00:14","date_gmt":"2020-05-06T22:00:14","guid":{"rendered":"http:\/\/www.rassegnastampa-totustuus.it\/cattolica\/?p=47133"},"modified":"2020-05-07T08:35:34","modified_gmt":"2020-05-07T06:35:34","slug":"una-sfida-per-il-futuro-della-nostra-societa","status":"publish","type":"post","link":"https:\/\/www.rassegnastampa-totustuus.it\/cattolica\/una-sfida-per-il-futuro-della-nostra-societa\/","title":{"rendered":"Una sfida per il futuro della nostra societ\u00e0"},"content":{"rendered":"<div id=\"attachment_47134\" style=\"width: 226px\" class=\"wp-caption alignright\"><a href=\"https:\/\/www.rassegnastampa-totustuus.it\/cattolica\/wp-content\/uploads\/2020\/05\/Vincenzo_Bassi_FAFCE.jpg\"><img loading=\"lazy\" decoding=\"async\" aria-describedby=\"caption-attachment-47134\" class=\"wp-image-47134 \" src=\"https:\/\/www.rassegnastampa-totustuus.it\/cattolica\/wp-content\/uploads\/2020\/05\/Vincenzo_Bassi_FAFCE.jpg\" alt=\"\" width=\"226\" height=\"169\" \/><\/a><p id=\"caption-attachment-47134\" class=\"wp-caption-text\">Vincenzo Bassi<\/p><\/div>\n<p style=\"text-align: center;\">Dalla <strong><a href=\"https:\/\/www.facebook.com\/FAFCEurope\/\" target=\"_blank\" rel=\"noopener noreferrer\">pagina Facebook<\/a><\/strong> del Fafce<\/p>\n<p style=\"text-align: justify;\"><em>Sintesi della puntata di \u201cTemi di Dottrina sociale della Chiesa\u201d, a cura di Giuseppe Brienza, andata in onda marted\u00ec 14 aprile su Radio Mater, con ospite l\u2019avv. Vincenzo Bassi, presidente della Federazione delle associazioni familiari cattoliche in Europa (FAFCE).<\/em><\/p>\n<p style=\"text-align: center;\">di <strong>Alessandra Trigila <\/strong><\/p>\n<p><!--more--><\/p>\n<p style=\"text-align: justify;\">Vincenzo Bassi dall\u2019ottobre 2019 \u00e8 il nuovo presidente della FAFCE, dopo 10 anni di presidenza francese, ed \u00e8 inoltre membro del Consiglio del <em>Forum dell famiglie<\/em> italiano, con delega agli Affari giuridici, oltre che docente alla LUMSA e membro del comitato direttivo dell\u2019<em>Unione giuristi cattolici <\/em>(UGCI).<\/p>\n<p style=\"text-align: justify;\"><a href=\"https:\/\/www.rassegnastampa-totustuus.it\/cattolica\/wp-content\/uploads\/2020\/05\/Fafce_famiglia.jpg\"><img loading=\"lazy\" decoding=\"async\" class=\"size-full wp-image-47135 alignleft\" src=\"https:\/\/www.rassegnastampa-totustuus.it\/cattolica\/wp-content\/uploads\/2020\/05\/Fafce_famiglia.jpg\" alt=\"\" width=\"279\" height=\"181\" \/><\/a>La FAFCE fondata nel 1997, con sede a Bruxelles \u00e8, in Europa, l&#8217;unica organizzazione familiare che fa esplicito riferimento alla Dottrina sociale della Chiesa, ad essa aderiscono 20 associazioni nazionali di altrettanti Paesi europei ed \u00e8 riconosciuta dal Consiglio d&#8217;Europa come organizzazione non governativa con uno status partecipativo L&#8217;Italia vi \u00e8 rappresentata dal <em>Forum delle associazioni familiari<\/em> che, a sua volta, comprende 582 associazioni, per un totale di circa 5 milioni di famiglie. La FAFCE quindi rappresenter\u00e0 il futuro delle politiche familiari nel contesto europeo.<\/p>\n<p style=\"text-align: justify;\">La famiglia, riconosciuta dall\u2019articolo 29 della Costituzione come <em>societ\u00e0 naturale fondata sul matrimonio<\/em>, viene sovente considerata pi\u00f9 come oggetto di attenzione e assistenza recepite passivamente, che come soggetto attivo e responsabile nel contesto sociale. \u00c8 inoltre oggetto da parte della politica italiana di dichiarazioni forti che non trovano attuazione in provvedimenti che consentano alla famiglia di assolvere al meglio il suo ruolo originario e caratteristico di promozione e responsabilit\u00e0 sociale.<\/p>\n<p style=\"text-align: justify;\"><a href=\"https:\/\/www.rassegnastampa-totustuus.it\/cattolica\/wp-content\/uploads\/2019\/06\/famiglia-1.jpg\"><img loading=\"lazy\" decoding=\"async\" class=\"size-medium wp-image-43326 alignright\" src=\"https:\/\/www.rassegnastampa-totustuus.it\/cattolica\/wp-content\/uploads\/2019\/06\/famiglia-1-300x149.jpg\" alt=\"\" width=\"300\" height=\"149\" srcset=\"https:\/\/www.rassegnastampa-totustuus.it\/cattolica\/wp-content\/uploads\/2019\/06\/famiglia-1-300x149.jpg 300w, https:\/\/www.rassegnastampa-totustuus.it\/cattolica\/wp-content\/uploads\/2019\/06\/famiglia-1.jpg 318w\" sizes=\"auto, (max-width: 300px) 100vw, 300px\" \/><\/a>Anche nel recente decreto-legge emesso durante l\u2019emergenza Covid-19, denominato \u201cCura Italia\u201d (DL 17 marzo 2020, n. 18), la famiglia occupa un posto marginale. Ancora, i centri di potere politico rispondono con maggiore sollecitudine alle pressioni di un numero ridotto di persone afferenti a lobby potenti ed organizzate anzich\u00e9 ai milioni di italiani che si sono impegnati e hanno creato una famiglia.<\/p>\n<p style=\"text-align: justify;\">L\u2019impegno della Federazione \u00e8 centrato sul valore sociale della famiglia rivolta al futuro, pi\u00f9 che sulla percezione diffusa della famiglia come realt\u00e0 carente e bisognosa di aiuti e ne rimarca il ruolo nel tessuto economico e produttivo della comunit\u00e0. Essa viene spesso percepita quale sorta di luogo statico di umanit\u00e0, nella quale si coltivano solo affetti e vicinanza.<\/p>\n<p style=\"text-align: justify;\"><span style=\"font-size: inherit;\"><a href=\"https:\/\/www.rassegnastampa-totustuus.it\/cattolica\/wp-content\/uploads\/2013\/08\/famiglia_attacco.jpg\"><img loading=\"lazy\" decoding=\"async\" class=\"size-full wp-image-27705 alignleft\" src=\"https:\/\/www.rassegnastampa-totustuus.it\/cattolica\/wp-content\/uploads\/2013\/08\/famiglia_attacco.jpg\" alt=\"\" width=\"225\" height=\"225\" srcset=\"https:\/\/www.rassegnastampa-totustuus.it\/cattolica\/wp-content\/uploads\/2013\/08\/famiglia_attacco.jpg 225w, https:\/\/www.rassegnastampa-totustuus.it\/cattolica\/wp-content\/uploads\/2013\/08\/famiglia_attacco-150x150.jpg 150w\" sizes=\"auto, (max-width: 225px) 100vw, 225px\" \/><\/a>Questo atteggiamento riduzionista ha portato una significativa parte dell\u2019opinione pubblica a ritenerla sostituibile e a confonderla con altre realt\u00e0 associative, trascurando una serie di funzioni che la famiglia ha sempre svolto e continua a svolgere tuttora.<\/span><\/p>\n<p style=\"text-align: justify;\">La famiglia piuttosto \u00e8 prototipo d\u2019impresa, ragionando in termini di categorie economiche. La Costituzione Italiana, in particolare l\u2019articolo 31, stabilisce il dovere della Repubblica diagevolare con misure economiche e altre provvidenze la formazione della famiglia e l&#8217;adempimento dei compiti relativi con particolare riguardo alle famiglie numerose.<\/p>\n<p style=\"text-align: justify;\">Tale enunciazione \u00e8 poco compatibile con l\u2019attuale sistema scolastico, fiscale e del <em>welfare spesso<\/em> basato su criteri preminentemente individualistici che bypassano la famiglia. Non di rado le associazioni familiari si sono concentrate sulla dimensione delle richieste, focalizzando molte battaglie sotto la categoria propria delle agevolazioni e degli incentivi dovuti alla famiglia come soggetto privilegiato, ma da un punto di vista giuridico l\u2019agevolazione \u00e8 una deroga al principio di uguaglianza, cio\u00e8 le persone agevolate sono preferite rispetto ad altre e su questo si \u00e8 creato lo sappiamo bene un grande dibattito, uno scontro.<\/p>\n<p style=\"text-align: justify;\"><a href=\"https:\/\/www.rassegnastampa-totustuus.it\/cattolica\/wp-content\/uploads\/2015\/01\/famiglia3.jpg\"><img loading=\"lazy\" decoding=\"async\" class=\"size-full wp-image-16313 alignright\" src=\"https:\/\/www.rassegnastampa-totustuus.it\/cattolica\/wp-content\/uploads\/2015\/01\/famiglia3.jpg\" alt=\"\" width=\"275\" height=\"183\" \/><\/a>La FAFCE intende parlare piuttosto di giustizia sociale, dove la famiglia non \u00e8 soggetto di diritto fine a s\u00e9 stesso, ma ha diritti perch\u00e9 si assume delle responsabilit\u00e0 e svolge una funzione, dalla quale derivano diritti e doveri, e questa responsabilit\u00e0 della famiglia \u00e8 essenziale per la vita della nazione e il raggiungimento del bene comune.<\/p>\n<p style=\"text-align: justify;\">Quindi il dovere dei cattolici impegnati \u00e8 di raccontare la famiglia sotto il profilo della responsabilit\u00e0 e dell\u2019impegno come elemento centrale delle politiche di sviluppo economico.\u00a0 Nessuno mai si sognerebbe di contestare ad un imprenditore la detraibilit\u00e0 dei costi per lo svolgimento della sua attivit\u00e0, in quanto la norma riconosce il suo concorso alle spese pubbliche attraverso la sua attivit\u00e0 d\u2019impresa: analogamente la FAFCE intende affermare lo stesso principio di giustizia fiscale applicato alla famiglia.<\/p>\n<p style=\"text-align: justify;\">Ne consegue che se i pannolini sono deducibili per un asilo nido altrettanto dovrebbe essere per un pap\u00e0 e una mamma. Se una famiglia numerosa deve comprare una macchina pi\u00f9 capiente dovrebbe poter ottenere gli stessi tassi d\u2019interesse di un\u2019azienda, poich\u00e9 l\u2019acquisto andrebbe considerato non una spesa voluttuaria per generi di consumo, ma un investimento.<\/p>\n<p style=\"text-align: justify;\"><a href=\"https:\/\/www.rassegnastampa-totustuus.it\/cattolica\/wp-content\/uploads\/2014\/09\/famiglia_italiana.jpg\"><img loading=\"lazy\" decoding=\"async\" class=\"size-full wp-image-9509 alignleft\" src=\"https:\/\/www.rassegnastampa-totustuus.it\/cattolica\/wp-content\/uploads\/2014\/09\/famiglia_italiana.jpg\" alt=\"\" width=\"225\" height=\"224\" srcset=\"https:\/\/www.rassegnastampa-totustuus.it\/cattolica\/wp-content\/uploads\/2014\/09\/famiglia_italiana.jpg 225w, https:\/\/www.rassegnastampa-totustuus.it\/cattolica\/wp-content\/uploads\/2014\/09\/famiglia_italiana-150x150.jpg 150w\" sizes=\"auto, (max-width: 225px) 100vw, 225px\" \/><\/a>La famiglia non ha quindi bisogno di essere difesa, ma di essere individuata nella sua funzione generativa e responsabile e quale elemento centrale della societ\u00e0 civile. Tre sono gli obiettivi dell\u2019associazione: il primo \u00e8 quello di condurre attivit\u00e0 di sensibilizzazione delle politiche familiari presso le istituzioni europee, quali il Parlamento Europeo, la Commissione Europea e il Consiglio Europeo.<\/p>\n<p style=\"text-align: justify;\">Il secondo obiettivo fa riferimento al Consiglio d\u2019Europa, a cui aderiscono anche Stati che non fanno parte dell\u2019UE, come Ucraina, Bielorussia e Albania, ha sede a Strasburgo e monitora gli stati affinch\u00e9 rispettino la convenzione Europea dei diritti dell&#8217;uomo, la cosiddetta CEDU.<\/p>\n<p style=\"text-align: justify;\">Il terzo obiettivo \u00e8 quello di sostenere e incentivare l&#8217;associazionismo cattolico, quale strumento di coesione, di unione e di rafforzamento della famiglia, e anche mezzo di confronto e risoluzione di problematiche condivise, ponendosi dunque quale comune denominatore per le famiglie stesse. Tutto questo si traduce evidentemente in un impegno su diversi fronti.<\/p>\n<p style=\"text-align: justify;\"><a href=\"https:\/\/www.rassegnastampa-totustuus.it\/cattolica\/wp-content\/uploads\/2019\/06\/famiglia.jpg\"><img loading=\"lazy\" decoding=\"async\" class=\"wp-image-43325 alignright\" src=\"https:\/\/www.rassegnastampa-totustuus.it\/cattolica\/wp-content\/uploads\/2019\/06\/famiglia-300x300.jpg\" alt=\"\" width=\"254\" height=\"254\" srcset=\"https:\/\/www.rassegnastampa-totustuus.it\/cattolica\/wp-content\/uploads\/2019\/06\/famiglia-300x300.jpg 300w, https:\/\/www.rassegnastampa-totustuus.it\/cattolica\/wp-content\/uploads\/2019\/06\/famiglia-150x150.jpg 150w, https:\/\/www.rassegnastampa-totustuus.it\/cattolica\/wp-content\/uploads\/2019\/06\/famiglia-768x766.jpg 768w, https:\/\/www.rassegnastampa-totustuus.it\/cattolica\/wp-content\/uploads\/2019\/06\/famiglia.jpg 1023w\" sizes=\"auto, (max-width: 254px) 100vw, 254px\" \/><\/a>La famiglia quindi, come <em>cura della societ\u00e0<\/em>, scuola di vita e luogo di valorizzazione del capitale umano, dove emerge il riconoscimento della complementariet\u00e0 tra uomo e donna, aspetto imprescindibile per la promozione della natalit\u00e0. Occorre ancora sottolineare la necessit\u00e0 di parlare della funzione economica e sociale della famiglia e quindi delle responsabilit\u00e0 assunte da un padre e una madre prima sposandosi e poi mettendo al mondo dei figli. In questa prospettiva nel mese di gennaio, prima dell&#8217;emergenza coronavirus FAFCE ha organizzato un appuntamento al Parlamento Europeo, a cui hanno partecipato delegati di tutte le estrazioni sociali, economiche, politiche e culturali e nessuno ha messo in discussione l&#8217;unicit\u00e0 della famiglia e il servizio teso al bene comune, che solo la famiglia svolge e per il quale non \u00e8 sostituibile.<\/p>\n<p style=\"text-align: justify;\">Quindi una cosa \u00e8 utilizzare la parola famiglia come metafora, altra \u00e8 parlare di famiglia come realt\u00e0 sociale. Anche rispetto alla funzione educativa la famiglia non \u00e8 intercambiabile. Certamente deve esserci alleanza tra scuola e famiglia cos\u00ec come deve esserci continuit\u00e0 tra l&#8217;esperienza vissuta in famiglia e quella vissuta a scuola, che tuttavia sono e devono rimanere due ambiti complementari, ma distinti.<\/p>\n<p style=\"text-align: justify;\"><a href=\"https:\/\/www.rassegnastampa-totustuus.it\/cattolica\/wp-content\/uploads\/2009\/03\/culle-vuote.jpg\"><img loading=\"lazy\" decoding=\"async\" class=\"size-medium wp-image-18062 alignleft\" src=\"https:\/\/www.rassegnastampa-totustuus.it\/cattolica\/wp-content\/uploads\/2009\/03\/culle-vuote-300x200.jpg\" alt=\"\" width=\"300\" height=\"200\" srcset=\"https:\/\/www.rassegnastampa-totustuus.it\/cattolica\/wp-content\/uploads\/2009\/03\/culle-vuote-300x200.jpg 300w, https:\/\/www.rassegnastampa-totustuus.it\/cattolica\/wp-content\/uploads\/2009\/03\/culle-vuote.jpg 350w\" sizes=\"auto, (max-width: 300px) 100vw, 300px\" \/><\/a>Gli esempi legati al comportamento da tenere nella comunit\u00e0 vengono vissuti e assorbiti primariamente all&#8217;interno della famiglia, e ci\u00f2 non pu\u00f2 essere studiato su di un testo scolastico. \u00a0Indicare una soluzione al problema dell\u2019inverno demografico, significa rispondere ad un\u2019emergenza a livello europeo, in questa prospettiva \u00e8 essenziale ritenere ragionevole che la famiglia torni in campo a fare il suo lavoro.<\/p>\n<p style=\"text-align: justify;\">Si parla spesso di economia sostenibile, definendola come green economy, la FACFE condivide questo approccio e precisa che un\u2019economia sostenibile implica uno sviluppo integrale, per il quale \u00e8 essenziale un equilibrio intergenerazionale. Occorrono i giovani che lavorano e con il gettito fiscale sostengano il sistema previdenziale e sanitario poich\u00e9 se questo viene a mancare \u00e8 evidente che le colonne dello Stato sociale sono destinate a crollare.<\/p>\n<p style=\"text-align: justify;\">Quindi non sono i cattolici a volere a tutti i costi un aumento delle nascite, bens\u00ec \u00e8 la societ\u00e0 stessa che ne ha bisogno. Perch\u00e9 nascano pi\u00f9 bambini c\u2019\u00e8 bisogno di uomini e donne che decidono di stare insieme per aiutarsi l\u2019un l\u2019altro ed insieme progettare un futuro per la vita.<\/p>\n<p style=\"text-align: justify;\"><a href=\"https:\/\/www.rassegnastampa-totustuus.it\/cattolica\/wp-content\/uploads\/2014\/11\/famiglia_numerosa.jpg\"><img loading=\"lazy\" decoding=\"async\" class=\"size-full wp-image-13823 alignright\" src=\"https:\/\/www.rassegnastampa-totustuus.it\/cattolica\/wp-content\/uploads\/2014\/11\/famiglia_numerosa.jpg\" alt=\"\" width=\"275\" height=\"183\" \/><\/a>Rispetto al luogo comune che meno nascite corrispondano a meno consumismo \u00e8 vero l\u2019esatto contrario, in quanto sono propri delle famiglie numerose uno stile di vita pi\u00f9 sobrio, il minore asservimento alle mode del momento e l\u2019abitudine al riciclo e al riuso di oggetti e vestiario.<\/p>\n<p style=\"text-align: justify;\">Concludendo \u00e8 quindi fondamentale che i laici cattolici impegnati per il bene comune si facciano avanti e sappiano usare il linguaggio dell\u2019attualit\u00e0 portando in esso il proprio senso.<\/p>\n<p style=\"text-align: justify;\"><strong>Articoli <\/strong><\/p>\n<p style=\"text-align: justify;\">Vincenzo Bassi,<em>Il tempo del coraggio<\/em>, in <em>L\u2019Osservatore Romano<\/em>, 4 marzo 2020, p. 7.<\/p>\n<p style=\"text-align: justify;\"><strong>Libri <\/strong><\/p>\n<p style=\"text-align: justify;\">Giuseppe Brienza, <em>Famiglia e politiche familiari in Italia<\/em>, <em>Carocci editore<\/em>, Roma 2001;<\/p>\n<p style=\"text-align: justify;\"><strong data-rich-text-format-boundary=\"true\">Gi<\/strong>useppe Brienza<strong data-rich-text-format-boundary=\"true\">, <\/strong>\u00a0<em>Famiglia<\/em>,<em>sussidiariet\u00e0 e riforma dei servizi sociali<\/em>, <em>Citt\u00e0 Nuova editrice<\/em>, Roma 2002.<\/p>\n<p style=\"text-align: justify;\"><strong>Siti internet <\/strong><\/p>\n<p style=\"text-align: justify;\"><em>Federazione delle associazioni familiari cattoliche in Europa<\/em>(FAFCE): <a href=\"http:\/\/www.fafce.org\/\" target=\"_blank\" rel=\"noopener noreferrer\">www.fafce.org\/<\/a>;<\/p>\n<p style=\"text-align: justify;\"><em>Forum Nazionale delle Associazioni Familiari<\/em>: <a href=\"http:\/\/www.forumfamiglie.org\/\" target=\"_blank\" rel=\"noopener noreferrer\">www.forumfamiglie.org\/<\/a>.<\/p>\n","protected":false},"excerpt":{"rendered":"<p>Dalla pagina Facebook del Fafce Sintesi della puntata di \u201cTemi di Dottrina sociale della Chiesa\u201d, a cura di Giuseppe Brienza, andata in onda marted\u00ec 14 aprile su Radio Mater, con ospite l\u2019avv. Vincenzo Bassi, presidente della Federazione delle associazioni familiari cattoliche in Europa (FAFCE). di Alessandra Trigila<\/p><p><a class=\"more-link btn\" href=\"https:\/\/www.rassegnastampa-totustuus.it\/cattolica\/una-sfida-per-il-futuro-della-nostra-societa\/\">Continua a leggere<\/a><\/p>\n","protected":false},"author":6,"featured_media":47136,"comment_status":"closed","ping_status":"closed","sticky":false,"template":"","format":"standard","meta":{"footnotes":""},"categories":[15],"tags":[156],"class_list":["post-47133","post","type-post","status-publish","format-standard","has-post-thumbnail","hentry","category-famiglia","tag-famiglia-2","item-wrap"],"yoast_head":"<!-- This site is optimized with the Yoast SEO plugin v27.4 - https:\/\/yoast.com\/product\/yoast-seo-wordpress\/ -->\n<title>Una sfida per il futuro della nostra societ\u00e0 - Rassegna Stampa Cattolica<\/title>\n<meta name=\"description\" content=\"Rassegna Stampa Cattolica - Per una cultura che nasce dalla Rivelazione cristiana in conformit\u00e0 alla tradizione e al Magistero della Chiesa in opposizione ad ogni relativismo e totalitarismo\" \/>\n<meta name=\"robots\" content=\"index, follow, max-snippet:-1, max-image-preview:large, max-video-preview:-1\" \/>\n<link rel=\"canonical\" href=\"https:\/\/www.rassegnastampa-totustuus.it\/cattolica\/una-sfida-per-il-futuro-della-nostra-societa\/\" \/>\n<meta property=\"og:locale\" content=\"it_IT\" \/>\n<meta property=\"og:type\" content=\"article\" \/>\n<meta property=\"og:title\" content=\"Una sfida per il futuro della nostra societ\u00e0 - Rassegna Stampa Cattolica\" \/>\n<meta property=\"og:description\" content=\"Rassegna Stampa Cattolica - Per una cultura che nasce dalla Rivelazione cristiana in conformit\u00e0 alla tradizione e al Magistero della Chiesa in opposizione ad ogni relativismo e totalitarismo\" \/>\n<meta property=\"og:url\" content=\"https:\/\/www.rassegnastampa-totustuus.it\/cattolica\/una-sfida-per-il-futuro-della-nostra-societa\/\" \/>\n<meta property=\"og:site_name\" content=\"Rassegna Stampa Cattolica\" \/>\n<meta property=\"article:publisher\" content=\"https:\/\/www.facebook.com\/rassegnastampacattolica\" \/>\n<meta property=\"article:published_time\" content=\"2020-05-06T22:00:14+00:00\" \/>\n<meta property=\"article:modified_time\" content=\"2020-05-07T06:35:34+00:00\" \/>\n<meta property=\"og:image\" content=\"https:\/\/www.rassegnastampa-totustuus.it\/cattolica\/wp-content\/uploads\/2020\/05\/famiglia.jpg\" \/>\n\t<meta property=\"og:image:width\" content=\"1600\" \/>\n\t<meta property=\"og:image:height\" content=\"500\" \/>\n\t<meta property=\"og:image:type\" content=\"image\/jpeg\" \/>\n<meta name=\"author\" content=\"Redazione\" \/>\n<meta name=\"twitter:card\" content=\"summary_large_image\" \/>\n<meta name=\"twitter:creator\" content=\"@rassegnastampa9\" \/>\n<meta name=\"twitter:site\" content=\"@rassegnastampa9\" \/>\n<meta name=\"twitter:label1\" content=\"Scritto da\" \/>\n\t<meta name=\"twitter:data1\" content=\"Redazione\" \/>\n\t<meta name=\"twitter:label2\" content=\"Tempo di lettura stimato\" \/>\n\t<meta name=\"twitter:data2\" content=\"7 minuti\" \/>\n<script type=\"application\/ld+json\" class=\"yoast-schema-graph\">{\"@context\":\"https:\\\/\\\/schema.org\",\"@graph\":[{\"@type\":\"Article\",\"@id\":\"https:\\\/\\\/www.rassegnastampa-totustuus.it\\\/cattolica\\\/una-sfida-per-il-futuro-della-nostra-societa\\\/#article\",\"isPartOf\":{\"@id\":\"https:\\\/\\\/www.rassegnastampa-totustuus.it\\\/cattolica\\\/una-sfida-per-il-futuro-della-nostra-societa\\\/\"},\"author\":{\"name\":\"Redazione\",\"@id\":\"https:\\\/\\\/www.rassegnastampa-totustuus.it\\\/cattolica\\\/#\\\/schema\\\/person\\\/08f319d2bd1a0904ad9e2bfb7b15e5c3\"},\"headline\":\"Una sfida per il futuro della nostra societ\u00e0\",\"datePublished\":\"2020-05-06T22:00:14+00:00\",\"dateModified\":\"2020-05-07T06:35:34+00:00\",\"mainEntityOfPage\":{\"@id\":\"https:\\\/\\\/www.rassegnastampa-totustuus.it\\\/cattolica\\\/una-sfida-per-il-futuro-della-nostra-societa\\\/\"},\"wordCount\":1395,\"publisher\":{\"@id\":\"https:\\\/\\\/www.rassegnastampa-totustuus.it\\\/cattolica\\\/#organization\"},\"image\":{\"@id\":\"https:\\\/\\\/www.rassegnastampa-totustuus.it\\\/cattolica\\\/una-sfida-per-il-futuro-della-nostra-societa\\\/#primaryimage\"},\"thumbnailUrl\":\"https:\\\/\\\/www.rassegnastampa-totustuus.it\\\/cattolica\\\/wp-content\\\/uploads\\\/2020\\\/05\\\/famiglia.jpg\",\"keywords\":[\"famiglia\"],\"articleSection\":[\"Famiglia\"],\"inLanguage\":\"it-IT\"},{\"@type\":\"WebPage\",\"@id\":\"https:\\\/\\\/www.rassegnastampa-totustuus.it\\\/cattolica\\\/una-sfida-per-il-futuro-della-nostra-societa\\\/\",\"url\":\"https:\\\/\\\/www.rassegnastampa-totustuus.it\\\/cattolica\\\/una-sfida-per-il-futuro-della-nostra-societa\\\/\",\"name\":\"Una sfida per il futuro della nostra societ\u00e0 - Rassegna Stampa Cattolica\",\"isPartOf\":{\"@id\":\"https:\\\/\\\/www.rassegnastampa-totustuus.it\\\/cattolica\\\/#website\"},\"primaryImageOfPage\":{\"@id\":\"https:\\\/\\\/www.rassegnastampa-totustuus.it\\\/cattolica\\\/una-sfida-per-il-futuro-della-nostra-societa\\\/#primaryimage\"},\"image\":{\"@id\":\"https:\\\/\\\/www.rassegnastampa-totustuus.it\\\/cattolica\\\/una-sfida-per-il-futuro-della-nostra-societa\\\/#primaryimage\"},\"thumbnailUrl\":\"https:\\\/\\\/www.rassegnastampa-totustuus.it\\\/cattolica\\\/wp-content\\\/uploads\\\/2020\\\/05\\\/famiglia.jpg\",\"datePublished\":\"2020-05-06T22:00:14+00:00\",\"dateModified\":\"2020-05-07T06:35:34+00:00\",\"description\":\"Rassegna Stampa Cattolica - Per una cultura che nasce dalla Rivelazione cristiana in conformit\u00e0 alla tradizione e al Magistero della Chiesa in opposizione ad ogni relativismo e totalitarismo\",\"breadcrumb\":{\"@id\":\"https:\\\/\\\/www.rassegnastampa-totustuus.it\\\/cattolica\\\/una-sfida-per-il-futuro-della-nostra-societa\\\/#breadcrumb\"},\"inLanguage\":\"it-IT\",\"potentialAction\":[{\"@type\":\"ReadAction\",\"target\":[\"https:\\\/\\\/www.rassegnastampa-totustuus.it\\\/cattolica\\\/una-sfida-per-il-futuro-della-nostra-societa\\\/\"]}]},{\"@type\":\"ImageObject\",\"inLanguage\":\"it-IT\",\"@id\":\"https:\\\/\\\/www.rassegnastampa-totustuus.it\\\/cattolica\\\/una-sfida-per-il-futuro-della-nostra-societa\\\/#primaryimage\",\"url\":\"https:\\\/\\\/www.rassegnastampa-totustuus.it\\\/cattolica\\\/wp-content\\\/uploads\\\/2020\\\/05\\\/famiglia.jpg\",\"contentUrl\":\"https:\\\/\\\/www.rassegnastampa-totustuus.it\\\/cattolica\\\/wp-content\\\/uploads\\\/2020\\\/05\\\/famiglia.jpg\",\"width\":1600,\"height\":500},{\"@type\":\"BreadcrumbList\",\"@id\":\"https:\\\/\\\/www.rassegnastampa-totustuus.it\\\/cattolica\\\/una-sfida-per-il-futuro-della-nostra-societa\\\/#breadcrumb\",\"itemListElement\":[{\"@type\":\"ListItem\",\"position\":1,\"name\":\"Home\",\"item\":\"https:\\\/\\\/www.rassegnastampa-totustuus.it\\\/cattolica\\\/\"},{\"@type\":\"ListItem\",\"position\":2,\"name\":\"Una sfida per il futuro della nostra societ\u00e0\"}]},{\"@type\":\"WebSite\",\"@id\":\"https:\\\/\\\/www.rassegnastampa-totustuus.it\\\/cattolica\\\/#website\",\"url\":\"https:\\\/\\\/www.rassegnastampa-totustuus.it\\\/cattolica\\\/\",\"name\":\"Rassegna Stampa Cattolica\",\"description\":\"Per una cultura che nasce dalla Rivelazione cristiana in conformit\u00e0 alla tradizione e al Magistero della Chiesa in opposizione ad ogni relativismo e totalitarismo\",\"publisher\":{\"@id\":\"https:\\\/\\\/www.rassegnastampa-totustuus.it\\\/cattolica\\\/#organization\"},\"alternateName\":\"Rass. Cattolica\",\"potentialAction\":[{\"@type\":\"SearchAction\",\"target\":{\"@type\":\"EntryPoint\",\"urlTemplate\":\"https:\\\/\\\/www.rassegnastampa-totustuus.it\\\/cattolica\\\/?s={search_term_string}\"},\"query-input\":{\"@type\":\"PropertyValueSpecification\",\"valueRequired\":true,\"valueName\":\"search_term_string\"}}],\"inLanguage\":\"it-IT\"},{\"@type\":\"Organization\",\"@id\":\"https:\\\/\\\/www.rassegnastampa-totustuus.it\\\/cattolica\\\/#organization\",\"name\":\"Rassegna Stampa Cattolica\",\"url\":\"https:\\\/\\\/www.rassegnastampa-totustuus.it\\\/cattolica\\\/\",\"logo\":{\"@type\":\"ImageObject\",\"inLanguage\":\"it-IT\",\"@id\":\"https:\\\/\\\/www.rassegnastampa-totustuus.it\\\/cattolica\\\/#\\\/schema\\\/logo\\\/image\\\/\",\"url\":\"https:\\\/\\\/www.rassegnastampa-totustuus.it\\\/cattolica\\\/wp-content\\\/uploads\\\/2014\\\/04\\\/logo-rassegna1.gif\",\"contentUrl\":\"https:\\\/\\\/www.rassegnastampa-totustuus.it\\\/cattolica\\\/wp-content\\\/uploads\\\/2014\\\/04\\\/logo-rassegna1.gif\",\"width\":600,\"height\":163,\"caption\":\"Rassegna Stampa Cattolica\"},\"image\":{\"@id\":\"https:\\\/\\\/www.rassegnastampa-totustuus.it\\\/cattolica\\\/#\\\/schema\\\/logo\\\/image\\\/\"},\"sameAs\":[\"https:\\\/\\\/www.facebook.com\\\/rassegnastampacattolica\",\"https:\\\/\\\/x.com\\\/rassegnastampa9\"]},{\"@type\":\"Person\",\"@id\":\"https:\\\/\\\/www.rassegnastampa-totustuus.it\\\/cattolica\\\/#\\\/schema\\\/person\\\/08f319d2bd1a0904ad9e2bfb7b15e5c3\",\"name\":\"Redazione\",\"image\":{\"@type\":\"ImageObject\",\"inLanguage\":\"it-IT\",\"@id\":\"https:\\\/\\\/secure.gravatar.com\\\/avatar\\\/2fcdf27c78ea025fbdb44e914cc63c72249ffec9dc8aafd5c82b26240ef3f346?s=96&d=mm&r=g\",\"url\":\"https:\\\/\\\/secure.gravatar.com\\\/avatar\\\/2fcdf27c78ea025fbdb44e914cc63c72249ffec9dc8aafd5c82b26240ef3f346?s=96&d=mm&r=g\",\"contentUrl\":\"https:\\\/\\\/secure.gravatar.com\\\/avatar\\\/2fcdf27c78ea025fbdb44e914cc63c72249ffec9dc8aafd5c82b26240ef3f346?s=96&d=mm&r=g\",\"caption\":\"Redazione\"},\"url\":\"https:\\\/\\\/www.rassegnastampa-totustuus.it\\\/cattolica\\\/author\\\/pietroelle\\\/\"}]}<\/script>\n<!-- \/ Yoast SEO plugin. -->","yoast_head_json":{"title":"Una sfida per il futuro della nostra societ\u00e0 - Rassegna Stampa Cattolica","description":"Rassegna Stampa Cattolica - Per una cultura che nasce dalla Rivelazione cristiana in conformit\u00e0 alla tradizione e al Magistero della Chiesa in opposizione ad ogni relativismo e totalitarismo","robots":{"index":"index","follow":"follow","max-snippet":"max-snippet:-1","max-image-preview":"max-image-preview:large","max-video-preview":"max-video-preview:-1"},"canonical":"https:\/\/www.rassegnastampa-totustuus.it\/cattolica\/una-sfida-per-il-futuro-della-nostra-societa\/","og_locale":"it_IT","og_type":"article","og_title":"Una sfida per il futuro della nostra societ\u00e0 - Rassegna Stampa Cattolica","og_description":"Rassegna Stampa Cattolica - Per una cultura che nasce dalla Rivelazione cristiana in conformit\u00e0 alla tradizione e al Magistero della Chiesa in opposizione ad ogni relativismo e totalitarismo","og_url":"https:\/\/www.rassegnastampa-totustuus.it\/cattolica\/una-sfida-per-il-futuro-della-nostra-societa\/","og_site_name":"Rassegna Stampa Cattolica","article_publisher":"https:\/\/www.facebook.com\/rassegnastampacattolica","article_published_time":"2020-05-06T22:00:14+00:00","article_modified_time":"2020-05-07T06:35:34+00:00","og_image":[{"width":1600,"height":500,"url":"https:\/\/www.rassegnastampa-totustuus.it\/cattolica\/wp-content\/uploads\/2020\/05\/famiglia.jpg","type":"image\/jpeg"}],"author":"Redazione","twitter_card":"summary_large_image","twitter_creator":"@rassegnastampa9","twitter_site":"@rassegnastampa9","twitter_misc":{"Scritto da":"Redazione","Tempo di lettura stimato":"7 minuti"},"schema":{"@context":"https:\/\/schema.org","@graph":[{"@type":"Article","@id":"https:\/\/www.rassegnastampa-totustuus.it\/cattolica\/una-sfida-per-il-futuro-della-nostra-societa\/#article","isPartOf":{"@id":"https:\/\/www.rassegnastampa-totustuus.it\/cattolica\/una-sfida-per-il-futuro-della-nostra-societa\/"},"author":{"name":"Redazione","@id":"https:\/\/www.rassegnastampa-totustuus.it\/cattolica\/#\/schema\/person\/08f319d2bd1a0904ad9e2bfb7b15e5c3"},"headline":"Una sfida per il futuro della nostra societ\u00e0","datePublished":"2020-05-06T22:00:14+00:00","dateModified":"2020-05-07T06:35:34+00:00","mainEntityOfPage":{"@id":"https:\/\/www.rassegnastampa-totustuus.it\/cattolica\/una-sfida-per-il-futuro-della-nostra-societa\/"},"wordCount":1395,"publisher":{"@id":"https:\/\/www.rassegnastampa-totustuus.it\/cattolica\/#organization"},"image":{"@id":"https:\/\/www.rassegnastampa-totustuus.it\/cattolica\/una-sfida-per-il-futuro-della-nostra-societa\/#primaryimage"},"thumbnailUrl":"https:\/\/www.rassegnastampa-totustuus.it\/cattolica\/wp-content\/uploads\/2020\/05\/famiglia.jpg","keywords":["famiglia"],"articleSection":["Famiglia"],"inLanguage":"it-IT"},{"@type":"WebPage","@id":"https:\/\/www.rassegnastampa-totustuus.it\/cattolica\/una-sfida-per-il-futuro-della-nostra-societa\/","url":"https:\/\/www.rassegnastampa-totustuus.it\/cattolica\/una-sfida-per-il-futuro-della-nostra-societa\/","name":"Una sfida per il futuro della nostra societ\u00e0 - Rassegna Stampa Cattolica","isPartOf":{"@id":"https:\/\/www.rassegnastampa-totustuus.it\/cattolica\/#website"},"primaryImageOfPage":{"@id":"https:\/\/www.rassegnastampa-totustuus.it\/cattolica\/una-sfida-per-il-futuro-della-nostra-societa\/#primaryimage"},"image":{"@id":"https:\/\/www.rassegnastampa-totustuus.it\/cattolica\/una-sfida-per-il-futuro-della-nostra-societa\/#primaryimage"},"thumbnailUrl":"https:\/\/www.rassegnastampa-totustuus.it\/cattolica\/wp-content\/uploads\/2020\/05\/famiglia.jpg","datePublished":"2020-05-06T22:00:14+00:00","dateModified":"2020-05-07T06:35:34+00:00","description":"Rassegna Stampa Cattolica - Per una cultura che nasce dalla Rivelazione cristiana in conformit\u00e0 alla tradizione e al Magistero della Chiesa in opposizione ad ogni relativismo e totalitarismo","breadcrumb":{"@id":"https:\/\/www.rassegnastampa-totustuus.it\/cattolica\/una-sfida-per-il-futuro-della-nostra-societa\/#breadcrumb"},"inLanguage":"it-IT","potentialAction":[{"@type":"ReadAction","target":["https:\/\/www.rassegnastampa-totustuus.it\/cattolica\/una-sfida-per-il-futuro-della-nostra-societa\/"]}]},{"@type":"ImageObject","inLanguage":"it-IT","@id":"https:\/\/www.rassegnastampa-totustuus.it\/cattolica\/una-sfida-per-il-futuro-della-nostra-societa\/#primaryimage","url":"https:\/\/www.rassegnastampa-totustuus.it\/cattolica\/wp-content\/uploads\/2020\/05\/famiglia.jpg","contentUrl":"https:\/\/www.rassegnastampa-totustuus.it\/cattolica\/wp-content\/uploads\/2020\/05\/famiglia.jpg","width":1600,"height":500},{"@type":"BreadcrumbList","@id":"https:\/\/www.rassegnastampa-totustuus.it\/cattolica\/una-sfida-per-il-futuro-della-nostra-societa\/#breadcrumb","itemListElement":[{"@type":"ListItem","position":1,"name":"Home","item":"https:\/\/www.rassegnastampa-totustuus.it\/cattolica\/"},{"@type":"ListItem","position":2,"name":"Una sfida per il futuro della nostra societ\u00e0"}]},{"@type":"WebSite","@id":"https:\/\/www.rassegnastampa-totustuus.it\/cattolica\/#website","url":"https:\/\/www.rassegnastampa-totustuus.it\/cattolica\/","name":"Rassegna Stampa Cattolica","description":"Per una cultura che nasce dalla Rivelazione cristiana in conformit\u00e0 alla tradizione e al Magistero della Chiesa in opposizione ad ogni relativismo e totalitarismo","publisher":{"@id":"https:\/\/www.rassegnastampa-totustuus.it\/cattolica\/#organization"},"alternateName":"Rass. Cattolica","potentialAction":[{"@type":"SearchAction","target":{"@type":"EntryPoint","urlTemplate":"https:\/\/www.rassegnastampa-totustuus.it\/cattolica\/?s={search_term_string}"},"query-input":{"@type":"PropertyValueSpecification","valueRequired":true,"valueName":"search_term_string"}}],"inLanguage":"it-IT"},{"@type":"Organization","@id":"https:\/\/www.rassegnastampa-totustuus.it\/cattolica\/#organization","name":"Rassegna Stampa Cattolica","url":"https:\/\/www.rassegnastampa-totustuus.it\/cattolica\/","logo":{"@type":"ImageObject","inLanguage":"it-IT","@id":"https:\/\/www.rassegnastampa-totustuus.it\/cattolica\/#\/schema\/logo\/image\/","url":"https:\/\/www.rassegnastampa-totustuus.it\/cattolica\/wp-content\/uploads\/2014\/04\/logo-rassegna1.gif","contentUrl":"https:\/\/www.rassegnastampa-totustuus.it\/cattolica\/wp-content\/uploads\/2014\/04\/logo-rassegna1.gif","width":600,"height":163,"caption":"Rassegna Stampa Cattolica"},"image":{"@id":"https:\/\/www.rassegnastampa-totustuus.it\/cattolica\/#\/schema\/logo\/image\/"},"sameAs":["https:\/\/www.facebook.com\/rassegnastampacattolica","https:\/\/x.com\/rassegnastampa9"]},{"@type":"Person","@id":"https:\/\/www.rassegnastampa-totustuus.it\/cattolica\/#\/schema\/person\/08f319d2bd1a0904ad9e2bfb7b15e5c3","name":"Redazione","image":{"@type":"ImageObject","inLanguage":"it-IT","@id":"https:\/\/secure.gravatar.com\/avatar\/2fcdf27c78ea025fbdb44e914cc63c72249ffec9dc8aafd5c82b26240ef3f346?s=96&d=mm&r=g","url":"https:\/\/secure.gravatar.com\/avatar\/2fcdf27c78ea025fbdb44e914cc63c72249ffec9dc8aafd5c82b26240ef3f346?s=96&d=mm&r=g","contentUrl":"https:\/\/secure.gravatar.com\/avatar\/2fcdf27c78ea025fbdb44e914cc63c72249ffec9dc8aafd5c82b26240ef3f346?s=96&d=mm&r=g","caption":"Redazione"},"url":"https:\/\/www.rassegnastampa-totustuus.it\/cattolica\/author\/pietroelle\/"}]}},"_links":{"self":[{"href":"https:\/\/www.rassegnastampa-totustuus.it\/cattolica\/wp-json\/wp\/v2\/posts\/47133","targetHints":{"allow":["GET"]}}],"collection":[{"href":"https:\/\/www.rassegnastampa-totustuus.it\/cattolica\/wp-json\/wp\/v2\/posts"}],"about":[{"href":"https:\/\/www.rassegnastampa-totustuus.it\/cattolica\/wp-json\/wp\/v2\/types\/post"}],"author":[{"embeddable":true,"href":"https:\/\/www.rassegnastampa-totustuus.it\/cattolica\/wp-json\/wp\/v2\/users\/6"}],"replies":[{"embeddable":true,"href":"https:\/\/www.rassegnastampa-totustuus.it\/cattolica\/wp-json\/wp\/v2\/comments?post=47133"}],"version-history":[{"count":2,"href":"https:\/\/www.rassegnastampa-totustuus.it\/cattolica\/wp-json\/wp\/v2\/posts\/47133\/revisions"}],"predecessor-version":[{"id":47192,"href":"https:\/\/www.rassegnastampa-totustuus.it\/cattolica\/wp-json\/wp\/v2\/posts\/47133\/revisions\/47192"}],"wp:featuredmedia":[{"embeddable":true,"href":"https:\/\/www.rassegnastampa-totustuus.it\/cattolica\/wp-json\/wp\/v2\/media\/47136"}],"wp:attachment":[{"href":"https:\/\/www.rassegnastampa-totustuus.it\/cattolica\/wp-json\/wp\/v2\/media?parent=47133"}],"wp:term":[{"taxonomy":"category","embeddable":true,"href":"https:\/\/www.rassegnastampa-totustuus.it\/cattolica\/wp-json\/wp\/v2\/categories?post=47133"},{"taxonomy":"post_tag","embeddable":true,"href":"https:\/\/www.rassegnastampa-totustuus.it\/cattolica\/wp-json\/wp\/v2\/tags?post=47133"}],"curies":[{"name":"wp","href":"https:\/\/api.w.org\/{rel}","templated":true}]}}