{"id":47102,"date":"2020-04-30T00:00:35","date_gmt":"2020-04-29T22:00:35","guid":{"rendered":"http:\/\/www.rassegnastampa-totustuus.it\/cattolica\/?p=47102"},"modified":"2020-04-29T10:10:04","modified_gmt":"2020-04-29T08:10:04","slug":"sospensione-delle-messe-non-basta-rifarsi-al-diritto-alla-liberta-di-culto","status":"publish","type":"post","link":"https:\/\/www.rassegnastampa-totustuus.it\/cattolica\/sospensione-delle-messe-non-basta-rifarsi-al-diritto-alla-liberta-di-culto\/","title":{"rendered":"Sospensione delle Messe: non basta rifarsi al diritto alla libert\u00e0 di culto"},"content":{"rendered":"<p style=\"text-align: center;\"><strong>Osservatorio Internazionale Cardinale Van Thu\u00e2n <\/strong><\/p>\n<p style=\"text-align: center;\"><strong>sulla dottrina sociale della Chiesa<\/strong><\/p>\n<p><a href=\"https:\/\/www.rassegnastampa-totustuus.it\/cattolica\/wp-content\/uploads\/2020\/04\/chiesa.jpg\"><img loading=\"lazy\" decoding=\"async\" class=\"size-medium wp-image-47105 aligncenter\" src=\"https:\/\/www.rassegnastampa-totustuus.it\/cattolica\/wp-content\/uploads\/2020\/04\/chiesa-300x165.jpg\" alt=\"\" width=\"300\" height=\"165\" srcset=\"https:\/\/www.rassegnastampa-totustuus.it\/cattolica\/wp-content\/uploads\/2020\/04\/chiesa-300x165.jpg 300w, https:\/\/www.rassegnastampa-totustuus.it\/cattolica\/wp-content\/uploads\/2020\/04\/chiesa-768x422.jpg 768w, https:\/\/www.rassegnastampa-totustuus.it\/cattolica\/wp-content\/uploads\/2020\/04\/chiesa-1024x562.jpg 1024w\" sizes=\"auto, (max-width: 300px) 100vw, 300px\" \/><\/a><\/p>\n<p style=\"text-align: center;\"><strong>Newsletter<\/strong> n.1088 28 Aprile 2020<\/p>\n<p style=\"text-align: center;\">di <strong>Stefano Fontana<\/strong><\/p>\n<p><!--more--><\/p>\n<p style=\"text-align: justify;\">Nel suo comunicato di domenica scorsa 26 aprile, la Conferenza episcopale italiana (CEI) ha reagito stizzita contro l\u2019esclusione governativa della riprese delle messe con popolo dopo il 4 maggio, ossia nella fase 2 delle politiche per il coronavirus. Il motivo principale addotto dai vertici CEI per la necessit\u00e0 di ripristinare la celebrazione delle sante messe \u00e8 il principio della libert\u00e0 di culto, garantita anche dalla Costituzione.<\/p>\n<p style=\"text-align: justify;\">Anche mons. D\u2019Ercole, vescovo di Ascoli Piceno, ha detto che tale libert\u00e0 \u00e8 un diritto inviolabile. Si tratta per\u00f2 di vedere se questo motivo sia sufficiente, se sia il motivo veramente ultimo per una richiesta del genere. La mia idea \u00e8 che non sia sufficiente e che la debolezza che la Chiesa italiana ha dimostrato in tutta questa fase delle limitazioni per il coronavirus, abbia origine proprio da questo punto: non sempre i vertici episcopali sanno su cosa fondare le loro pretese, e quindi vi rinunciano, oppure le indeboliscono al rango di semplici richieste.<\/p>\n<p style=\"text-align: justify;\"><a href=\"https:\/\/www.rassegnastampa-totustuus.it\/cattolica\/wp-content\/uploads\/2020\/03\/Chiesa_virus.png\"><img loading=\"lazy\" decoding=\"async\" class=\"size-medium wp-image-46669 alignright\" src=\"https:\/\/www.rassegnastampa-totustuus.it\/cattolica\/wp-content\/uploads\/2020\/03\/Chiesa_virus-300x203.png\" alt=\"\" width=\"300\" height=\"203\" srcset=\"https:\/\/www.rassegnastampa-totustuus.it\/cattolica\/wp-content\/uploads\/2020\/03\/Chiesa_virus-300x203.png 300w, https:\/\/www.rassegnastampa-totustuus.it\/cattolica\/wp-content\/uploads\/2020\/03\/Chiesa_virus-768x521.png 768w, https:\/\/www.rassegnastampa-totustuus.it\/cattolica\/wp-content\/uploads\/2020\/03\/Chiesa_virus-1024x694.png 1024w, https:\/\/www.rassegnastampa-totustuus.it\/cattolica\/wp-content\/uploads\/2020\/03\/Chiesa_virus-595x400.png 595w, https:\/\/www.rassegnastampa-totustuus.it\/cattolica\/wp-content\/uploads\/2020\/03\/Chiesa_virus.png 1280w\" sizes=\"auto, (max-width: 300px) 100vw, 300px\" \/><\/a>Il problema sta tutto qui: la Chiesa non deve chiedere allo Stato il permesso di celebrare la messa, pu\u00f2 e deve recepire le esigenze di sicurezza sanitaria, ma non chiedere il permesso. Appellarsi al principio della libert\u00e0 di culto \u00e8 giustificazione sufficiente per sostenere questa pretesa? A mio parere questo aspetto della questione non \u00e8 stato bene chiarito.<\/p>\n<p style=\"text-align: justify;\">Secondo la cultura giuridica e politica di oggi la libert\u00e0 di culto \u00e8 un diritto soggettivo, ossia un diritto non fondato su un diritto naturale, ma un diritto del singolo cittadino che lo Stato deve garantire senza chiedersi se \u00e8 giustificato da un diritto oggettivo e naturale. Per questo c\u2019\u00e8 il diritto al culto cattolico, ma anche il diritto a quello musulmano; c\u2019\u00e8 il diritto ad una chiesa new-age o alla chiesa di satana, c\u2019\u00e8 il diritto al culto vegano della Madre Terra e c\u2019\u00e8 quello dell\u2019oroscopo.<\/p>\n<p style=\"text-align: justify;\">Come c\u2019\u00e8 il diritto all\u2019ateismo e all\u2019agnosticismo, oppure il culto del nulla di chi chiede l\u2019eutanasia legale per qualsiasi motivo, ossia senza motivo. Se la Chiesa fonda sui diritti soggettivi la propria pretesa di poter essere se stessa li fonda sulla sabbia mobile.<\/p>\n<p style=\"text-align: justify;\"><a href=\"https:\/\/www.rassegnastampa-totustuus.it\/cattolica\/wp-content\/uploads\/2020\/04\/chiesa_Messa_vuota.jpg\"><img loading=\"lazy\" decoding=\"async\" class=\"size-medium wp-image-46894 alignleft\" src=\"https:\/\/www.rassegnastampa-totustuus.it\/cattolica\/wp-content\/uploads\/2020\/04\/chiesa_Messa_vuota-300x173.jpg\" alt=\"\" width=\"300\" height=\"173\" srcset=\"https:\/\/www.rassegnastampa-totustuus.it\/cattolica\/wp-content\/uploads\/2020\/04\/chiesa_Messa_vuota-300x173.jpg 300w, https:\/\/www.rassegnastampa-totustuus.it\/cattolica\/wp-content\/uploads\/2020\/04\/chiesa_Messa_vuota-768x443.jpg 768w, https:\/\/www.rassegnastampa-totustuus.it\/cattolica\/wp-content\/uploads\/2020\/04\/chiesa_Messa_vuota.jpg 836w\" sizes=\"auto, (max-width: 300px) 100vw, 300px\" \/><\/a>Lo Stato che oggi li riconosce, domani pu\u00f2 riconoscerne altri di contrari, dato che li riconosce non perch\u00e9 doveroso riconoscerli, ma perch\u00e9 essi di fatto sono rivendicati. Anche il diritto delle Femen interrompere le messe profanandole, era ammesso come un diritto al culto e nessuna di esse \u00e8 mai stata punita. Oggi si pu\u00f2 bestemmiare in piazza e nessuno pu\u00f2 dire nulla.<\/p>\n<p style=\"text-align: justify;\">Se la messa si fonda su un diritto soggettivo anche qualsiasi limitazione o impedimento alla messa che si fondasse su un diritto soggettivo avrebbe uguale titolo di riconoscimento del potere politico. Se tutto si fonda sui diritti soggettivi, allora il potere politico potr\u00e0 impedire alla Chiesa di manifestare in pubblico propri insegnamenti non rispettosi di diritti soggettivi riconosciuti dallo Stato a norma di Costituzione.<\/p>\n<p style=\"text-align: justify;\">Quando Ratzinger prevedeva che alla Chiesa sarebbe stato impedito di insegnare la sua dottrina sull\u2019omosessualit\u00e0, intendeva proprio questo: essendo l\u2019omosessualit\u00e0 considerata un diritto soggettivo e come tale contemplata dalla legge e difesa dalla politica, insegnare altre visioni contrarie significa non rispettare un diritto soggettivo. La stessa cosa si deve dire per la famiglia, il matrimonio, la procreazione, la vita e cos\u00ec via.<\/p>\n<p style=\"text-align: justify;\"><a href=\"https:\/\/www.rassegnastampa-totustuus.it\/cattolica\/wp-content\/uploads\/2005\/03\/Chiesa.jpg\"><img loading=\"lazy\" decoding=\"async\" class=\"size-medium wp-image-35314 alignright\" src=\"https:\/\/www.rassegnastampa-totustuus.it\/cattolica\/wp-content\/uploads\/2005\/03\/Chiesa-300x147.jpg\" alt=\"\" width=\"300\" height=\"147\" srcset=\"https:\/\/www.rassegnastampa-totustuus.it\/cattolica\/wp-content\/uploads\/2005\/03\/Chiesa-300x147.jpg 300w, https:\/\/www.rassegnastampa-totustuus.it\/cattolica\/wp-content\/uploads\/2005\/03\/Chiesa.jpg 320w\" sizes=\"auto, (max-width: 300px) 100vw, 300px\" \/><\/a>Anche i cosiddetti \u201cnuovi diritti\u201d sono diritti soggettivi e se la celebrazione della messa \u00e8 motivata sulla base di un diritto soggettivo alla libert\u00e0 di culto finisce che viene equiparata ad essi: tutto fa brodo nel minestrone dei diritti soggettivi. La CEI, a questo punto, potrebbe fare obiezione di coscienza e dire ai fedeli di andare lo stesso a messa, nonostante il divieto, disciplinandone gli accessi e le manifestazioni.<\/p>\n<p style=\"text-align: justify;\">Anche Mons. D\u2019Ercole ha detto \u201cse non ce lo date ce lo prenderemo!\u201d. Ma su cosa fonderebbe questa insubordinazione alle disposizioni governative? Su un semplice diritto soggettivo al culto? Il potere politico avrebbe via breve a dire che per il \u201cbene comune\u201d in casi eccezionali alcuni diritti soggettivi devono essere temporaneamente ridotti o sospesi. Si potrebbe appellarsi alla Costituzione, il cui testo ha per\u00f2 consentito in Italia tutti e il contrario di tutti i diritti soggettivi: addirittura il diritto al figlio per qualsiasi tipo di coppia.<\/p>\n<p style=\"text-align: justify;\"><a href=\"https:\/\/www.rassegnastampa-totustuus.it\/cattolica\/wp-content\/uploads\/2019\/03\/messa_latino.jpg\"><img loading=\"lazy\" decoding=\"async\" class=\"size-medium wp-image-42340 alignleft\" src=\"https:\/\/www.rassegnastampa-totustuus.it\/cattolica\/wp-content\/uploads\/2019\/03\/messa_latino-300x200.jpg\" alt=\"\" width=\"300\" height=\"200\" srcset=\"https:\/\/www.rassegnastampa-totustuus.it\/cattolica\/wp-content\/uploads\/2019\/03\/messa_latino-300x200.jpg 300w, https:\/\/www.rassegnastampa-totustuus.it\/cattolica\/wp-content\/uploads\/2019\/03\/messa_latino-768x512.jpg 768w, https:\/\/www.rassegnastampa-totustuus.it\/cattolica\/wp-content\/uploads\/2019\/03\/messa_latino-1024x682.jpg 1024w, https:\/\/www.rassegnastampa-totustuus.it\/cattolica\/wp-content\/uploads\/2019\/03\/messa_latino.jpg 1600w\" sizes=\"auto, (max-width: 300px) 100vw, 300px\" \/><\/a>La posizione della CEI \u00e8 inguaiata proprio dal suo appello alla libert\u00e0 di culto: creduto sufficiente in realt\u00e0 pu\u00f2 rivelarsi una trappola. La pretesa della Chiesa di celebrare la messa e di avere la giurisdizione suprema in questo campo non si fonda su un diritto del cittadino ma sul diritto della Chiesa. Il diritto della Chiesa \u00e8 autonomo e distinto da quello dello Stato e quest\u2019ultimo non pu\u00f2 interferire in quello, cosa che il governo Conte ha fatto ampiamente.<\/p>\n<p style=\"text-align: justify;\">La Chiesa guarda in faccia lo Stato, non lo vede dal punto di vista del diritto di culto dei cittadini. Anche se tutti i cittadini italiani non fossero pi\u00f9 cattolici, la Chiesa avrebbe lo stesso i propri diritti davanti al potere politico. Se essa accetta che il suo riconoscimento da parte dello Stato passi attraverso il diritto soggettivo alla libert\u00e0 di culto non viene accettata per se stessa, ossia non viene accettata per nulla. Semmai viene tollerata. Ma per la Chiesa essere tollerata \u00e8 troppo poco.<\/p>\n","protected":false},"excerpt":{"rendered":"<p>Osservatorio Internazionale Cardinale Van Thu\u00e2n sulla dottrina sociale della Chiesa Newsletter n.1088 28 Aprile 2020 di Stefano Fontana<\/p><p><a class=\"more-link btn\" href=\"https:\/\/www.rassegnastampa-totustuus.it\/cattolica\/sospensione-delle-messe-non-basta-rifarsi-al-diritto-alla-liberta-di-culto\/\">Continua a leggere<\/a><\/p>\n","protected":false},"author":6,"featured_media":47105,"comment_status":"closed","ping_status":"closed","sticky":false,"template":"","format":"standard","meta":{"footnotes":""},"categories":[5,10,11],"tags":[157,180,146,1545,1285],"class_list":["post-47102","post","type-post","status-publish","format-standard","has-post-thumbnail","hentry","category-chiesa","category-diritto","category-dottrina-sociale","tag-chiesa-2","tag-diritto-2","tag-dottrina-sociale-2","tag-liberta-religiosa","tag-santa-messa","item-wrap"],"yoast_head":"<!-- This site is optimized with the Yoast SEO plugin v27.5 - https:\/\/yoast.com\/product\/yoast-seo-wordpress\/ -->\n<title>Sospensione delle Messe: non basta rifarsi al diritto alla libert\u00e0 di culto - Rassegna Stampa Cattolica<\/title>\n<meta name=\"description\" content=\"Rassegna Stampa Cattolica - Per una cultura che nasce dalla Rivelazione cristiana in conformit\u00e0 alla tradizione e al Magistero della Chiesa in opposizione ad ogni relativismo e totalitarismo\" \/>\n<meta name=\"robots\" content=\"index, follow, max-snippet:-1, max-image-preview:large, max-video-preview:-1\" \/>\n<link rel=\"canonical\" href=\"https:\/\/www.rassegnastampa-totustuus.it\/cattolica\/sospensione-delle-messe-non-basta-rifarsi-al-diritto-alla-liberta-di-culto\/\" \/>\n<meta property=\"og:locale\" content=\"it_IT\" \/>\n<meta property=\"og:type\" content=\"article\" \/>\n<meta property=\"og:title\" content=\"Sospensione delle Messe: non basta rifarsi al diritto alla libert\u00e0 di culto - Rassegna Stampa Cattolica\" \/>\n<meta property=\"og:description\" content=\"Rassegna Stampa Cattolica - Per una cultura che nasce dalla Rivelazione cristiana in conformit\u00e0 alla tradizione e al Magistero della Chiesa in opposizione ad ogni relativismo e totalitarismo\" \/>\n<meta property=\"og:url\" content=\"https:\/\/www.rassegnastampa-totustuus.it\/cattolica\/sospensione-delle-messe-non-basta-rifarsi-al-diritto-alla-liberta-di-culto\/\" \/>\n<meta property=\"og:site_name\" content=\"Rassegna Stampa Cattolica\" \/>\n<meta property=\"article:publisher\" content=\"https:\/\/www.facebook.com\/rassegnastampacattolica\" \/>\n<meta property=\"article:published_time\" content=\"2020-04-29T22:00:35+00:00\" \/>\n<meta property=\"og:image\" content=\"https:\/\/www.rassegnastampa-totustuus.it\/cattolica\/wp-content\/uploads\/2020\/04\/chiesa.jpg\" \/>\n\t<meta property=\"og:image:width\" content=\"2066\" \/>\n\t<meta property=\"og:image:height\" content=\"1134\" \/>\n\t<meta property=\"og:image:type\" content=\"image\/jpeg\" \/>\n<meta name=\"author\" content=\"Redazione\" \/>\n<meta name=\"twitter:card\" content=\"summary_large_image\" \/>\n<meta name=\"twitter:creator\" content=\"@rassegnastampa9\" \/>\n<meta name=\"twitter:site\" content=\"@rassegnastampa9\" \/>\n<meta name=\"twitter:label1\" content=\"Scritto da\" \/>\n\t<meta name=\"twitter:data1\" content=\"Redazione\" \/>\n\t<meta name=\"twitter:label2\" content=\"Tempo di lettura stimato\" \/>\n\t<meta name=\"twitter:data2\" content=\"4 minuti\" \/>\n<script type=\"application\/ld+json\" class=\"yoast-schema-graph\">{\"@context\":\"https:\\\/\\\/schema.org\",\"@graph\":[{\"@type\":\"Article\",\"@id\":\"https:\\\/\\\/www.rassegnastampa-totustuus.it\\\/cattolica\\\/sospensione-delle-messe-non-basta-rifarsi-al-diritto-alla-liberta-di-culto\\\/#article\",\"isPartOf\":{\"@id\":\"https:\\\/\\\/www.rassegnastampa-totustuus.it\\\/cattolica\\\/sospensione-delle-messe-non-basta-rifarsi-al-diritto-alla-liberta-di-culto\\\/\"},\"author\":{\"name\":\"Redazione\",\"@id\":\"https:\\\/\\\/www.rassegnastampa-totustuus.it\\\/cattolica\\\/#\\\/schema\\\/person\\\/08f319d2bd1a0904ad9e2bfb7b15e5c3\"},\"headline\":\"Sospensione delle Messe: non basta rifarsi al diritto alla libert\u00e0 di culto\",\"datePublished\":\"2020-04-29T22:00:35+00:00\",\"mainEntityOfPage\":{\"@id\":\"https:\\\/\\\/www.rassegnastampa-totustuus.it\\\/cattolica\\\/sospensione-delle-messe-non-basta-rifarsi-al-diritto-alla-liberta-di-culto\\\/\"},\"wordCount\":880,\"publisher\":{\"@id\":\"https:\\\/\\\/www.rassegnastampa-totustuus.it\\\/cattolica\\\/#organization\"},\"image\":{\"@id\":\"https:\\\/\\\/www.rassegnastampa-totustuus.it\\\/cattolica\\\/sospensione-delle-messe-non-basta-rifarsi-al-diritto-alla-liberta-di-culto\\\/#primaryimage\"},\"thumbnailUrl\":\"https:\\\/\\\/www.rassegnastampa-totustuus.it\\\/cattolica\\\/wp-content\\\/uploads\\\/2020\\\/04\\\/chiesa.jpg\",\"keywords\":[\"chiesa\",\"diritto\",\"dottrina sociale\",\"libert\u00e0 religiosa\",\"santa Messa\"],\"articleSection\":[\"Chiesa\",\"Diritto\",\"Dottrina sociale\"],\"inLanguage\":\"it-IT\"},{\"@type\":\"WebPage\",\"@id\":\"https:\\\/\\\/www.rassegnastampa-totustuus.it\\\/cattolica\\\/sospensione-delle-messe-non-basta-rifarsi-al-diritto-alla-liberta-di-culto\\\/\",\"url\":\"https:\\\/\\\/www.rassegnastampa-totustuus.it\\\/cattolica\\\/sospensione-delle-messe-non-basta-rifarsi-al-diritto-alla-liberta-di-culto\\\/\",\"name\":\"Sospensione delle Messe: non basta rifarsi al diritto alla libert\u00e0 di culto - Rassegna Stampa Cattolica\",\"isPartOf\":{\"@id\":\"https:\\\/\\\/www.rassegnastampa-totustuus.it\\\/cattolica\\\/#website\"},\"primaryImageOfPage\":{\"@id\":\"https:\\\/\\\/www.rassegnastampa-totustuus.it\\\/cattolica\\\/sospensione-delle-messe-non-basta-rifarsi-al-diritto-alla-liberta-di-culto\\\/#primaryimage\"},\"image\":{\"@id\":\"https:\\\/\\\/www.rassegnastampa-totustuus.it\\\/cattolica\\\/sospensione-delle-messe-non-basta-rifarsi-al-diritto-alla-liberta-di-culto\\\/#primaryimage\"},\"thumbnailUrl\":\"https:\\\/\\\/www.rassegnastampa-totustuus.it\\\/cattolica\\\/wp-content\\\/uploads\\\/2020\\\/04\\\/chiesa.jpg\",\"datePublished\":\"2020-04-29T22:00:35+00:00\",\"description\":\"Rassegna Stampa Cattolica - Per una cultura che nasce dalla Rivelazione cristiana in conformit\u00e0 alla tradizione e al Magistero della Chiesa in opposizione ad ogni relativismo e totalitarismo\",\"breadcrumb\":{\"@id\":\"https:\\\/\\\/www.rassegnastampa-totustuus.it\\\/cattolica\\\/sospensione-delle-messe-non-basta-rifarsi-al-diritto-alla-liberta-di-culto\\\/#breadcrumb\"},\"inLanguage\":\"it-IT\",\"potentialAction\":[{\"@type\":\"ReadAction\",\"target\":[\"https:\\\/\\\/www.rassegnastampa-totustuus.it\\\/cattolica\\\/sospensione-delle-messe-non-basta-rifarsi-al-diritto-alla-liberta-di-culto\\\/\"]}]},{\"@type\":\"ImageObject\",\"inLanguage\":\"it-IT\",\"@id\":\"https:\\\/\\\/www.rassegnastampa-totustuus.it\\\/cattolica\\\/sospensione-delle-messe-non-basta-rifarsi-al-diritto-alla-liberta-di-culto\\\/#primaryimage\",\"url\":\"https:\\\/\\\/www.rassegnastampa-totustuus.it\\\/cattolica\\\/wp-content\\\/uploads\\\/2020\\\/04\\\/chiesa.jpg\",\"contentUrl\":\"https:\\\/\\\/www.rassegnastampa-totustuus.it\\\/cattolica\\\/wp-content\\\/uploads\\\/2020\\\/04\\\/chiesa.jpg\",\"width\":2066,\"height\":1134},{\"@type\":\"BreadcrumbList\",\"@id\":\"https:\\\/\\\/www.rassegnastampa-totustuus.it\\\/cattolica\\\/sospensione-delle-messe-non-basta-rifarsi-al-diritto-alla-liberta-di-culto\\\/#breadcrumb\",\"itemListElement\":[{\"@type\":\"ListItem\",\"position\":1,\"name\":\"Home\",\"item\":\"https:\\\/\\\/www.rassegnastampa-totustuus.it\\\/cattolica\\\/\"},{\"@type\":\"ListItem\",\"position\":2,\"name\":\"Sospensione delle Messe: non basta rifarsi al diritto alla libert\u00e0 di culto\"}]},{\"@type\":\"WebSite\",\"@id\":\"https:\\\/\\\/www.rassegnastampa-totustuus.it\\\/cattolica\\\/#website\",\"url\":\"https:\\\/\\\/www.rassegnastampa-totustuus.it\\\/cattolica\\\/\",\"name\":\"Rassegna Stampa Cattolica\",\"description\":\"Per una cultura che nasce dalla Rivelazione cristiana in conformit\u00e0 alla tradizione e al Magistero della Chiesa in opposizione ad ogni relativismo e totalitarismo\",\"publisher\":{\"@id\":\"https:\\\/\\\/www.rassegnastampa-totustuus.it\\\/cattolica\\\/#organization\"},\"alternateName\":\"Rass. Cattolica\",\"potentialAction\":[{\"@type\":\"SearchAction\",\"target\":{\"@type\":\"EntryPoint\",\"urlTemplate\":\"https:\\\/\\\/www.rassegnastampa-totustuus.it\\\/cattolica\\\/?s={search_term_string}\"},\"query-input\":{\"@type\":\"PropertyValueSpecification\",\"valueRequired\":true,\"valueName\":\"search_term_string\"}}],\"inLanguage\":\"it-IT\"},{\"@type\":\"Organization\",\"@id\":\"https:\\\/\\\/www.rassegnastampa-totustuus.it\\\/cattolica\\\/#organization\",\"name\":\"Rassegna Stampa Cattolica\",\"url\":\"https:\\\/\\\/www.rassegnastampa-totustuus.it\\\/cattolica\\\/\",\"logo\":{\"@type\":\"ImageObject\",\"inLanguage\":\"it-IT\",\"@id\":\"https:\\\/\\\/www.rassegnastampa-totustuus.it\\\/cattolica\\\/#\\\/schema\\\/logo\\\/image\\\/\",\"url\":\"https:\\\/\\\/www.rassegnastampa-totustuus.it\\\/cattolica\\\/wp-content\\\/uploads\\\/2014\\\/04\\\/logo-rassegna1.gif\",\"contentUrl\":\"https:\\\/\\\/www.rassegnastampa-totustuus.it\\\/cattolica\\\/wp-content\\\/uploads\\\/2014\\\/04\\\/logo-rassegna1.gif\",\"width\":600,\"height\":163,\"caption\":\"Rassegna Stampa Cattolica\"},\"image\":{\"@id\":\"https:\\\/\\\/www.rassegnastampa-totustuus.it\\\/cattolica\\\/#\\\/schema\\\/logo\\\/image\\\/\"},\"sameAs\":[\"https:\\\/\\\/www.facebook.com\\\/rassegnastampacattolica\",\"https:\\\/\\\/x.com\\\/rassegnastampa9\"]},{\"@type\":\"Person\",\"@id\":\"https:\\\/\\\/www.rassegnastampa-totustuus.it\\\/cattolica\\\/#\\\/schema\\\/person\\\/08f319d2bd1a0904ad9e2bfb7b15e5c3\",\"name\":\"Redazione\",\"image\":{\"@type\":\"ImageObject\",\"inLanguage\":\"it-IT\",\"@id\":\"https:\\\/\\\/secure.gravatar.com\\\/avatar\\\/2fcdf27c78ea025fbdb44e914cc63c72249ffec9dc8aafd5c82b26240ef3f346?s=96&d=mm&r=g\",\"url\":\"https:\\\/\\\/secure.gravatar.com\\\/avatar\\\/2fcdf27c78ea025fbdb44e914cc63c72249ffec9dc8aafd5c82b26240ef3f346?s=96&d=mm&r=g\",\"contentUrl\":\"https:\\\/\\\/secure.gravatar.com\\\/avatar\\\/2fcdf27c78ea025fbdb44e914cc63c72249ffec9dc8aafd5c82b26240ef3f346?s=96&d=mm&r=g\",\"caption\":\"Redazione\"},\"url\":\"https:\\\/\\\/www.rassegnastampa-totustuus.it\\\/cattolica\\\/author\\\/pietroelle\\\/\"}]}<\/script>\n<!-- \/ Yoast SEO plugin. -->","yoast_head_json":{"title":"Sospensione delle Messe: non basta rifarsi al diritto alla libert\u00e0 di culto - Rassegna Stampa Cattolica","description":"Rassegna Stampa Cattolica - Per una cultura che nasce dalla Rivelazione cristiana in conformit\u00e0 alla tradizione e al Magistero della Chiesa in opposizione ad ogni relativismo e totalitarismo","robots":{"index":"index","follow":"follow","max-snippet":"max-snippet:-1","max-image-preview":"max-image-preview:large","max-video-preview":"max-video-preview:-1"},"canonical":"https:\/\/www.rassegnastampa-totustuus.it\/cattolica\/sospensione-delle-messe-non-basta-rifarsi-al-diritto-alla-liberta-di-culto\/","og_locale":"it_IT","og_type":"article","og_title":"Sospensione delle Messe: non basta rifarsi al diritto alla libert\u00e0 di culto - Rassegna Stampa Cattolica","og_description":"Rassegna Stampa Cattolica - Per una cultura che nasce dalla Rivelazione cristiana in conformit\u00e0 alla tradizione e al Magistero della Chiesa in opposizione ad ogni relativismo e totalitarismo","og_url":"https:\/\/www.rassegnastampa-totustuus.it\/cattolica\/sospensione-delle-messe-non-basta-rifarsi-al-diritto-alla-liberta-di-culto\/","og_site_name":"Rassegna Stampa Cattolica","article_publisher":"https:\/\/www.facebook.com\/rassegnastampacattolica","article_published_time":"2020-04-29T22:00:35+00:00","og_image":[{"width":2066,"height":1134,"url":"https:\/\/www.rassegnastampa-totustuus.it\/cattolica\/wp-content\/uploads\/2020\/04\/chiesa.jpg","type":"image\/jpeg"}],"author":"Redazione","twitter_card":"summary_large_image","twitter_creator":"@rassegnastampa9","twitter_site":"@rassegnastampa9","twitter_misc":{"Scritto da":"Redazione","Tempo di lettura stimato":"4 minuti"},"schema":{"@context":"https:\/\/schema.org","@graph":[{"@type":"Article","@id":"https:\/\/www.rassegnastampa-totustuus.it\/cattolica\/sospensione-delle-messe-non-basta-rifarsi-al-diritto-alla-liberta-di-culto\/#article","isPartOf":{"@id":"https:\/\/www.rassegnastampa-totustuus.it\/cattolica\/sospensione-delle-messe-non-basta-rifarsi-al-diritto-alla-liberta-di-culto\/"},"author":{"name":"Redazione","@id":"https:\/\/www.rassegnastampa-totustuus.it\/cattolica\/#\/schema\/person\/08f319d2bd1a0904ad9e2bfb7b15e5c3"},"headline":"Sospensione delle Messe: non basta rifarsi al diritto alla libert\u00e0 di culto","datePublished":"2020-04-29T22:00:35+00:00","mainEntityOfPage":{"@id":"https:\/\/www.rassegnastampa-totustuus.it\/cattolica\/sospensione-delle-messe-non-basta-rifarsi-al-diritto-alla-liberta-di-culto\/"},"wordCount":880,"publisher":{"@id":"https:\/\/www.rassegnastampa-totustuus.it\/cattolica\/#organization"},"image":{"@id":"https:\/\/www.rassegnastampa-totustuus.it\/cattolica\/sospensione-delle-messe-non-basta-rifarsi-al-diritto-alla-liberta-di-culto\/#primaryimage"},"thumbnailUrl":"https:\/\/www.rassegnastampa-totustuus.it\/cattolica\/wp-content\/uploads\/2020\/04\/chiesa.jpg","keywords":["chiesa","diritto","dottrina sociale","libert\u00e0 religiosa","santa Messa"],"articleSection":["Chiesa","Diritto","Dottrina sociale"],"inLanguage":"it-IT"},{"@type":"WebPage","@id":"https:\/\/www.rassegnastampa-totustuus.it\/cattolica\/sospensione-delle-messe-non-basta-rifarsi-al-diritto-alla-liberta-di-culto\/","url":"https:\/\/www.rassegnastampa-totustuus.it\/cattolica\/sospensione-delle-messe-non-basta-rifarsi-al-diritto-alla-liberta-di-culto\/","name":"Sospensione delle Messe: non basta rifarsi al diritto alla libert\u00e0 di culto - Rassegna Stampa Cattolica","isPartOf":{"@id":"https:\/\/www.rassegnastampa-totustuus.it\/cattolica\/#website"},"primaryImageOfPage":{"@id":"https:\/\/www.rassegnastampa-totustuus.it\/cattolica\/sospensione-delle-messe-non-basta-rifarsi-al-diritto-alla-liberta-di-culto\/#primaryimage"},"image":{"@id":"https:\/\/www.rassegnastampa-totustuus.it\/cattolica\/sospensione-delle-messe-non-basta-rifarsi-al-diritto-alla-liberta-di-culto\/#primaryimage"},"thumbnailUrl":"https:\/\/www.rassegnastampa-totustuus.it\/cattolica\/wp-content\/uploads\/2020\/04\/chiesa.jpg","datePublished":"2020-04-29T22:00:35+00:00","description":"Rassegna Stampa Cattolica - Per una cultura che nasce dalla Rivelazione cristiana in conformit\u00e0 alla tradizione e al Magistero della Chiesa in opposizione ad ogni relativismo e totalitarismo","breadcrumb":{"@id":"https:\/\/www.rassegnastampa-totustuus.it\/cattolica\/sospensione-delle-messe-non-basta-rifarsi-al-diritto-alla-liberta-di-culto\/#breadcrumb"},"inLanguage":"it-IT","potentialAction":[{"@type":"ReadAction","target":["https:\/\/www.rassegnastampa-totustuus.it\/cattolica\/sospensione-delle-messe-non-basta-rifarsi-al-diritto-alla-liberta-di-culto\/"]}]},{"@type":"ImageObject","inLanguage":"it-IT","@id":"https:\/\/www.rassegnastampa-totustuus.it\/cattolica\/sospensione-delle-messe-non-basta-rifarsi-al-diritto-alla-liberta-di-culto\/#primaryimage","url":"https:\/\/www.rassegnastampa-totustuus.it\/cattolica\/wp-content\/uploads\/2020\/04\/chiesa.jpg","contentUrl":"https:\/\/www.rassegnastampa-totustuus.it\/cattolica\/wp-content\/uploads\/2020\/04\/chiesa.jpg","width":2066,"height":1134},{"@type":"BreadcrumbList","@id":"https:\/\/www.rassegnastampa-totustuus.it\/cattolica\/sospensione-delle-messe-non-basta-rifarsi-al-diritto-alla-liberta-di-culto\/#breadcrumb","itemListElement":[{"@type":"ListItem","position":1,"name":"Home","item":"https:\/\/www.rassegnastampa-totustuus.it\/cattolica\/"},{"@type":"ListItem","position":2,"name":"Sospensione delle Messe: non basta rifarsi al diritto alla libert\u00e0 di culto"}]},{"@type":"WebSite","@id":"https:\/\/www.rassegnastampa-totustuus.it\/cattolica\/#website","url":"https:\/\/www.rassegnastampa-totustuus.it\/cattolica\/","name":"Rassegna Stampa Cattolica","description":"Per una cultura che nasce dalla Rivelazione cristiana in conformit\u00e0 alla tradizione e al Magistero della Chiesa in opposizione ad ogni relativismo e totalitarismo","publisher":{"@id":"https:\/\/www.rassegnastampa-totustuus.it\/cattolica\/#organization"},"alternateName":"Rass. Cattolica","potentialAction":[{"@type":"SearchAction","target":{"@type":"EntryPoint","urlTemplate":"https:\/\/www.rassegnastampa-totustuus.it\/cattolica\/?s={search_term_string}"},"query-input":{"@type":"PropertyValueSpecification","valueRequired":true,"valueName":"search_term_string"}}],"inLanguage":"it-IT"},{"@type":"Organization","@id":"https:\/\/www.rassegnastampa-totustuus.it\/cattolica\/#organization","name":"Rassegna Stampa Cattolica","url":"https:\/\/www.rassegnastampa-totustuus.it\/cattolica\/","logo":{"@type":"ImageObject","inLanguage":"it-IT","@id":"https:\/\/www.rassegnastampa-totustuus.it\/cattolica\/#\/schema\/logo\/image\/","url":"https:\/\/www.rassegnastampa-totustuus.it\/cattolica\/wp-content\/uploads\/2014\/04\/logo-rassegna1.gif","contentUrl":"https:\/\/www.rassegnastampa-totustuus.it\/cattolica\/wp-content\/uploads\/2014\/04\/logo-rassegna1.gif","width":600,"height":163,"caption":"Rassegna Stampa Cattolica"},"image":{"@id":"https:\/\/www.rassegnastampa-totustuus.it\/cattolica\/#\/schema\/logo\/image\/"},"sameAs":["https:\/\/www.facebook.com\/rassegnastampacattolica","https:\/\/x.com\/rassegnastampa9"]},{"@type":"Person","@id":"https:\/\/www.rassegnastampa-totustuus.it\/cattolica\/#\/schema\/person\/08f319d2bd1a0904ad9e2bfb7b15e5c3","name":"Redazione","image":{"@type":"ImageObject","inLanguage":"it-IT","@id":"https:\/\/secure.gravatar.com\/avatar\/2fcdf27c78ea025fbdb44e914cc63c72249ffec9dc8aafd5c82b26240ef3f346?s=96&d=mm&r=g","url":"https:\/\/secure.gravatar.com\/avatar\/2fcdf27c78ea025fbdb44e914cc63c72249ffec9dc8aafd5c82b26240ef3f346?s=96&d=mm&r=g","contentUrl":"https:\/\/secure.gravatar.com\/avatar\/2fcdf27c78ea025fbdb44e914cc63c72249ffec9dc8aafd5c82b26240ef3f346?s=96&d=mm&r=g","caption":"Redazione"},"url":"https:\/\/www.rassegnastampa-totustuus.it\/cattolica\/author\/pietroelle\/"}]}},"_links":{"self":[{"href":"https:\/\/www.rassegnastampa-totustuus.it\/cattolica\/wp-json\/wp\/v2\/posts\/47102","targetHints":{"allow":["GET"]}}],"collection":[{"href":"https:\/\/www.rassegnastampa-totustuus.it\/cattolica\/wp-json\/wp\/v2\/posts"}],"about":[{"href":"https:\/\/www.rassegnastampa-totustuus.it\/cattolica\/wp-json\/wp\/v2\/types\/post"}],"author":[{"embeddable":true,"href":"https:\/\/www.rassegnastampa-totustuus.it\/cattolica\/wp-json\/wp\/v2\/users\/6"}],"replies":[{"embeddable":true,"href":"https:\/\/www.rassegnastampa-totustuus.it\/cattolica\/wp-json\/wp\/v2\/comments?post=47102"}],"version-history":[{"count":2,"href":"https:\/\/www.rassegnastampa-totustuus.it\/cattolica\/wp-json\/wp\/v2\/posts\/47102\/revisions"}],"predecessor-version":[{"id":47106,"href":"https:\/\/www.rassegnastampa-totustuus.it\/cattolica\/wp-json\/wp\/v2\/posts\/47102\/revisions\/47106"}],"wp:featuredmedia":[{"embeddable":true,"href":"https:\/\/www.rassegnastampa-totustuus.it\/cattolica\/wp-json\/wp\/v2\/media\/47105"}],"wp:attachment":[{"href":"https:\/\/www.rassegnastampa-totustuus.it\/cattolica\/wp-json\/wp\/v2\/media?parent=47102"}],"wp:term":[{"taxonomy":"category","embeddable":true,"href":"https:\/\/www.rassegnastampa-totustuus.it\/cattolica\/wp-json\/wp\/v2\/categories?post=47102"},{"taxonomy":"post_tag","embeddable":true,"href":"https:\/\/www.rassegnastampa-totustuus.it\/cattolica\/wp-json\/wp\/v2\/tags?post=47102"}],"curies":[{"name":"wp","href":"https:\/\/api.w.org\/{rel}","templated":true}]}}