{"id":47048,"date":"2020-04-30T00:00:39","date_gmt":"2020-04-29T22:00:39","guid":{"rendered":"http:\/\/www.rassegnastampa-totustuus.it\/cattolica\/?p=47048"},"modified":"2020-04-21T13:44:04","modified_gmt":"2020-04-21T11:44:04","slug":"effetti-culturali-del-coronavirus","status":"publish","type":"post","link":"https:\/\/www.rassegnastampa-totustuus.it\/cattolica\/effetti-culturali-del-coronavirus\/","title":{"rendered":"Effetti culturali del coronavirus"},"content":{"rendered":"<p style=\"text-align: center;\"><em><strong>Osservatorio Internazionale Cardinale Van Thu\u00e2n<\/strong><\/em><\/p>\n<p style=\"text-align: center;\"><em>sulla Dottrina sociale della Chiesa <\/em><\/p>\n<p style=\"text-align: center;\"><em>21 Aprile 2020<\/em><\/p>\n<p><a href=\"https:\/\/www.rassegnastampa-totustuus.it\/cattolica\/wp-content\/uploads\/2020\/04\/virus.jpg\"><img loading=\"lazy\" decoding=\"async\" class=\"size-medium wp-image-46968 aligncenter\" src=\"https:\/\/www.rassegnastampa-totustuus.it\/cattolica\/wp-content\/uploads\/2020\/04\/virus-300x169.jpg\" alt=\"\" width=\"300\" height=\"169\" srcset=\"https:\/\/www.rassegnastampa-totustuus.it\/cattolica\/wp-content\/uploads\/2020\/04\/virus-300x169.jpg 300w, https:\/\/www.rassegnastampa-totustuus.it\/cattolica\/wp-content\/uploads\/2020\/04\/virus-768x432.jpg 768w, https:\/\/www.rassegnastampa-totustuus.it\/cattolica\/wp-content\/uploads\/2020\/04\/virus-1024x576.jpg 1024w, https:\/\/www.rassegnastampa-totustuus.it\/cattolica\/wp-content\/uploads\/2020\/04\/virus.jpg 1280w\" sizes=\"auto, (max-width: 300px) 100vw, 300px\" \/><\/a><\/p>\n<p style=\"text-align: center;\"><strong><em>Tavolo di Lavoro sul dopo-coronavirus<\/em><\/strong><\/p>\n<p style=\"text-align: justify;\"><em>Pubblichiamo questo articolo che il prof. Giovanni Turco ha scritto appositamente per il nostro Osservatorio nell\u2019ambito del Tavolo di lavoro sul dopo-coronavirus. Segnaliamo anche l\u2019ampia intervista rilasciata dal Prof. Turco al nostro Direttore e pubblicata su La Nuova Bussola Quotidiana: <\/em><a href=\"https:\/\/www.lanuovabq.it\/it\/rischiamo-il-collasso-sociale-e-un-nuovo-totalitarismo\" target=\"_blank\" rel=\"noopener noreferrer\"><em>https:\/\/www.lanuovabq.it\/it\/rischiamo-il-collasso-sociale-e-un-nuovo-<\/em><\/a><\/p>\n<p style=\"text-align: center;\"><strong>di <\/strong><strong>Giovanni Turco<\/strong><\/p>\n<p><!--more--><\/p>\n<p style=\"text-align: justify;\">Riguardo agli effetti del coronavirus sotto il profilo sanitario molto \u00e8 stato detto. Al punto che certe espressioni cliniche sono diventate ormai di uso comune, dando l\u2019illusione, a che si fermi alla ripetizione delle formule, di avere acquisito (puramente per sentito dire) una certa competenza su un problema, riguardo al quale tanti esperti non di rado hanno confessato di avere pi\u00f9 dubbi che certezze.<\/p>\n<p style=\"text-align: justify;\"><a href=\"https:\/\/www.rassegnastampa-totustuus.it\/cattolica\/wp-content\/uploads\/2020\/03\/corova_virus.jpg\"><img loading=\"lazy\" decoding=\"async\" class=\"size-full wp-image-46569 alignleft\" src=\"https:\/\/www.rassegnastampa-totustuus.it\/cattolica\/wp-content\/uploads\/2020\/03\/corova_virus.jpg\" alt=\"\" width=\"299\" height=\"168\" \/><\/a>Molto meno, anzi pochissimo, per\u00f2, \u00e8 stato detto sugli effetti intellettuali \u2013 ovviamente contestuali e indiretti \u2013 della diffusione del virus.<\/p>\n<p style=\"text-align: justify;\">Viste le dimensioni dell\u2019epidemia, o meglio considerate le ricadute sulla vita di miliardi esseri umani di quanto \u00e8 stato stabilito dagli Stati per l\u2019emergenza-virus, non \u00e8 azzardato opinare che siamo di fronte ad un tornante epocale. Tanto che si potrebbe osservare, parafrasando de Maistre, che quanto sta accadendo non \u00e8 un avvenimento ma apre un\u2019epoca.<\/p>\n<p style=\"text-align: justify;\">In fondo, al di l\u00e0 dell\u2019immediatezza emotiva (che certo non aiuta a riflettere) tutto lascia intravedere che le ultime settimane sono quelle che segnano una sorta di tornante della storia: come l\u2019imbocco di una curva oltre la quale \u00e8 difficile intravedere dove conduca la strada.<\/p>\n<p style=\"text-align: justify;\">Ovviamente fatte le debite proporzioni, per cercare di rappresentare gli aspetti sociali della diffusione del coronavirus \u2013 anzitutto quanto alla sua proiezione globalizzata, alla sua rappresentazione mediatica ed alle misure pressoch\u00e9 uniformi di contrasto assunte dai governi \u2013 si potrebbe adoperare un\u2019espressione usata da un contemporaneo per indicare la Rivoluzione francese: \u201cuno spettacolo non mai pi\u00f9 veduto nel mondo\u201d.<\/p>\n<p style=\"text-align: justify;\"><a href=\"https:\/\/www.rassegnastampa-totustuus.it\/cattolica\/wp-content\/uploads\/2020\/03\/citt\u00e0.jpeg\"><img loading=\"lazy\" decoding=\"async\" class=\"size-medium wp-image-46733 alignright\" src=\"https:\/\/www.rassegnastampa-totustuus.it\/cattolica\/wp-content\/uploads\/2020\/03\/citt\u00e0-300x168.jpeg\" alt=\"\" width=\"300\" height=\"168\" \/><\/a>Indubbiamente, il fenomeno al quale stiamo assistendo ha qualcosa di misterioso, qualcosa di singolarmente inedito. Sia perch\u00e9 dianzi ignoto (nei suoi termini fattuali), sia perch\u00e9 non interamente riconducibile ad una razionalizzazione del tutto orizzontale.<\/p>\n<p style=\"text-align: justify;\">In tal senso appare come qualcosa che vede l\u2019irrompere nella storia di qualcosa di \u201ctutt\u2019altro\u201d, rispetto a determinati assetti apparentemente stabilizzati, presentati come irreversibili e futurogeni, nonch\u00e9 rispetto agli scenari dell\u2019avvenire dati per certi (fino a qualche mese fa).<\/p>\n<p style=\"text-align: justify;\">Questo accadere che sconvolge \u201ci giochi\u201d o le \u201cregole del gioco\u201d (soprattutto quelle giuspubblicistiche) si pu\u00f2 percepire come \u201cmisterioso\u201d \u2013 non fosse altro che per gli effetti dei provvedimenti ufficialmente di contrasto alla diffusione del virus \u2013 in quanto, anche coloro che se sembrano (a vario titolo) dominare gli eventi, decidere in un senso o in un altro, in fondo \u2013 e qui torna un ulteriore riferimento demaistriano \u2013 ne risultano come \u201ctrascinati\u201d.<\/p>\n<p style=\"text-align: justify;\"><a href=\"https:\/\/www.rassegnastampa-totustuus.it\/cattolica\/wp-content\/uploads\/2020\/03\/sanit\u00e0_virus.jpg\"><img loading=\"lazy\" decoding=\"async\" class=\"size-medium wp-image-46586 alignleft\" src=\"https:\/\/www.rassegnastampa-totustuus.it\/cattolica\/wp-content\/uploads\/2020\/03\/sanit\u00e0_virus-300x169.jpg\" alt=\"\" width=\"300\" height=\"169\" srcset=\"https:\/\/www.rassegnastampa-totustuus.it\/cattolica\/wp-content\/uploads\/2020\/03\/sanit\u00e0_virus-300x169.jpg 300w, https:\/\/www.rassegnastampa-totustuus.it\/cattolica\/wp-content\/uploads\/2020\/03\/sanit\u00e0_virus-768x432.jpg 768w, https:\/\/www.rassegnastampa-totustuus.it\/cattolica\/wp-content\/uploads\/2020\/03\/sanit\u00e0_virus-1024x576.jpg 1024w\" sizes=\"auto, (max-width: 300px) 100vw, 300px\" \/><\/a>Insomma, quale che ne siano le cause prossime (biochimiche), almeno quanto agli sconvolgimenti sociali in atto ed all\u2019incertezza dell\u2019avvenire, attraverso l\u2019epidemia si ripropone l\u2019\u201cignoto\u201d, almeno come qualcosa foriero di un ribaltamento, di uno \u201csgomento\u201d, di un \u201csilenzio\u201d.<\/p>\n<p style=\"text-align: justify;\">Ci\u00f2 che non pu\u00f2 essere colto se non ci si libera \u2013 almeno per qualche attimo \u2013 dal turbinio delle emozioni o dall\u2019ansia dell\u2019immediato. Ci\u00f2 che non pu\u00f2 essere in qualche modo capito se non con uno sguardo verticale, capace di levarsi verso l\u2019essenziale, cio\u00e8 verso il trascendente. Pena l\u2019andare a tentoni, come chi al buio non riesce a trovare la via di uscita, perch\u00e9 non ha n\u00e9 punti di riferimento, n\u00e9 ha presenti le reali dimensioni del luogo in cui si trova.<\/p>\n<p style=\"text-align: justify;\">Il primo di quelli che potrebbero chiamarsi effetti \u201cculturali\u201d o meglio di \u201ccarattere intellettuale\u201d \u2013 beninteso circostanziali e indiretti \u2013 della situazione determinatasi come \u201criorganizzazione sociale\u201d decisa per fronteggiare il virus \u00e8 la crisi del razionalismo positivistico.<\/p>\n<p style=\"text-align: justify;\"><a href=\"https:\/\/www.rassegnastampa-totustuus.it\/cattolica\/wp-content\/uploads\/2020\/03\/Chiesa_virus.png\"><img loading=\"lazy\" decoding=\"async\" class=\" wp-image-46669 alignright\" src=\"https:\/\/www.rassegnastampa-totustuus.it\/cattolica\/wp-content\/uploads\/2020\/03\/Chiesa_virus-300x203.png\" alt=\"\" width=\"276\" height=\"187\" srcset=\"https:\/\/www.rassegnastampa-totustuus.it\/cattolica\/wp-content\/uploads\/2020\/03\/Chiesa_virus-300x203.png 300w, https:\/\/www.rassegnastampa-totustuus.it\/cattolica\/wp-content\/uploads\/2020\/03\/Chiesa_virus-768x521.png 768w, https:\/\/www.rassegnastampa-totustuus.it\/cattolica\/wp-content\/uploads\/2020\/03\/Chiesa_virus-1024x694.png 1024w, https:\/\/www.rassegnastampa-totustuus.it\/cattolica\/wp-content\/uploads\/2020\/03\/Chiesa_virus-595x400.png 595w, https:\/\/www.rassegnastampa-totustuus.it\/cattolica\/wp-content\/uploads\/2020\/03\/Chiesa_virus.png 1280w\" sizes=\"auto, (max-width: 276px) 100vw, 276px\" \/><\/a>L\u2019eclissi della nozione di ragione calcolante e dominatrice, capace di ridurre i dinamismi e gli avvenimenti a modelli quantitativi e a nessi meccanici. Perci\u00f2 capace di prevedere l\u2019avvenire soppesando gli effetti, e\/o scommettendo sulla probabilit\u00e0 statistica delle variabili.<\/p>\n<p style=\"text-align: justify;\">Ne esce seriamente indebolita la pretesa di dominare il futuro attraverso la prassi trasformatrice, e di antivederlo applicando schemi, algoritmi, proiezioni. In sostanza, il primato dell\u2019azione, per il quale \u00e8 decisivo il controllo degli effetti (soprattutto nel campo sociale) mettendo tra parentesi ogni riflessione sulle essenze, appare \u2013 nel clima di disorientamento generale \u2013 come una immagine restituita da un mondo ormai lontano.<\/p>\n<p style=\"text-align: justify;\">Sicch\u00e9 potrebbe congetturarsi che la crisi partita dall\u2019emergenza sanitaria suggella il passaggio dalla modernit\u00e0 alla postmodernit\u00e0, o almeno sembra prospettare un complesso di sintomi psicosociali indicativi di una sorta di autocongedo delle promesse della modernit\u00e0.<\/p>\n<p><a href=\"https:\/\/www.rassegnastampa-totustuus.it\/cattolica\/wp-content\/uploads\/2020\/04\/Cina_virus-1.jpg\"><img loading=\"lazy\" decoding=\"async\" class=\"alignleft wp-image-46803 size-medium\" src=\"https:\/\/www.rassegnastampa-totustuus.it\/cattolica\/wp-content\/uploads\/2020\/04\/Cina_virus-1-300x200.jpg\" alt=\"\" width=\"300\" height=\"200\" srcset=\"https:\/\/www.rassegnastampa-totustuus.it\/cattolica\/wp-content\/uploads\/2020\/04\/Cina_virus-1-300x200.jpg 300w, https:\/\/www.rassegnastampa-totustuus.it\/cattolica\/wp-content\/uploads\/2020\/04\/Cina_virus-1-768x512.jpg 768w, https:\/\/www.rassegnastampa-totustuus.it\/cattolica\/wp-content\/uploads\/2020\/04\/Cina_virus-1-1024x683.jpg 1024w\" sizes=\"auto, (max-width: 300px) 100vw, 300px\" \/><\/a><\/p>\n<p style=\"text-align: justify;\">In questo contesto sembra dileguarsi all\u2019orizzonte anche il mito dell\u2019irreversibilit\u00e0 della storia. Con questo va incontro al tramonto anche la fiducia assoluta nel progresso rettilineo e necessario, per cui lo scorrere del tempo segnerebbe un irreversibile incremento qualitativo. Da cui deriva l\u2019espressione arciabusata secondo la quale la storia non pu\u00f2 che \u201candare avanti\u201d, verrebbe da dire: come un convoglio posto su un binario.<\/p>\n<p style=\"text-align: justify;\">Non registrerebbe la possibilit\u00e0 di elevazione o di involuzione, come \u00e8 possibile per tutto ci\u00f2 che \u00e8 effetto della libert\u00e0 umana. Nei frangenti attuali questo ottimismo progressista, come tanti altri elementi, che sembravano acquisiti e posti fuori discussione, sono generalmente messi in questione. Anzi ritenuti con ogni probabilit\u00e0 da modificare (quando non gi\u00e0 mutati, quantunque per certi aspetti).<\/p>\n<p style=\"text-align: justify;\"><a href=\"https:\/\/www.rassegnastampa-totustuus.it\/cattolica\/wp-content\/uploads\/2005\/06\/global-1.jpg\"><img loading=\"lazy\" decoding=\"async\" class=\"size-full wp-image-33056 alignright\" src=\"https:\/\/www.rassegnastampa-totustuus.it\/cattolica\/wp-content\/uploads\/2005\/06\/global-1.jpg\" alt=\"\" width=\"275\" height=\"183\" \/><\/a>Analogamente sta accadendo per l\u2019ideologia del globalismo ed i processi della globalizzazione. Molti commentatori hanno visto all\u2019orizzonte se non la fine, almeno un ridimensionamento delle rosee attese, riposte nelle dinamiche globaliste. La rappresentazione di un mondo sempre pi\u00f9 interconnesso e dagli intrecci sempre pi\u00f9 anonimi (ma non per questo meno stringenti) appare \u2013 ad uno sguardo che cerca di cogliere le linee di tendenza in atto \u2013 quanto meno accantonata (se non eclissata).<\/p>\n<p style=\"text-align: justify;\">E con essa anche la pretesa di pianificare l\u2019organizzazione di aree del pianeta totalmente dedite a certe produzioni ed aree totalmente (o quasi) sprovviste, aree solo industriali ed altre quasi esclusivamente terziarizzate.<\/p>\n<p style=\"text-align: justify;\">Mentre si scopre proprio la grande fragilit\u00e0 di un sistema che quasi sospinge alla delocalizzazione produttiva (e cos\u00ec depriva interi contesti), salvo trovarsi impreparato a reperire prodotti di vitale (aggettivo quanto mai appropriato) importanza, e comunque per nulla difficili da produrre. Come si riscopre l\u2019importanza della disponibilit\u00e0 di risorse agricole interne o addirittura di prossime.<\/p>\n<p style=\"text-align: justify;\"><a href=\"https:\/\/www.rassegnastampa-totustuus.it\/cattolica\/wp-content\/uploads\/2005\/05\/Europa_frantumi.jpg\"><img loading=\"lazy\" decoding=\"async\" class=\"size-full wp-image-32097 alignleft\" src=\"https:\/\/www.rassegnastampa-totustuus.it\/cattolica\/wp-content\/uploads\/2005\/05\/Europa_frantumi.jpg\" alt=\"\" width=\"259\" height=\"194\" \/><\/a>Con il globalismo appare entrato in crisi (anche solo sotto alcuni profili) anche l\u2019europeismo, nel suo significato proprio, ovvero nelle sue radici illuministico-romantiche (ottocentesche) e nelle sue teorizzazioni tecnocratico-dirigistiche (novecentesche), fino ai vaticini che esibivano una laicissima \u201cfede nell\u2019Europa\u201d (ovviamente quella indicata dal modello ideologico ritenuto caparra dell\u2019avvenire).<\/p>\n<p style=\"text-align: justify;\">Molti episodi emblematici e dichiarazioni, persino istituzionali, parlano di rischi di \u201cdecomposizione\u201d o di \u201cdisintegrazione\u201d dell\u2019Unione, di sfide mancate le quali il futuro sarebbe assente. E questo non quali \u201cesterne\u201d critiche oppositive, ma quali espressioni di \u201cinterne\u201d ansiose preoccupazioni.<\/p>\n<p style=\"text-align: justify;\"><a href=\"https:\/\/www.rassegnastampa-totustuus.it\/cattolica\/wp-content\/uploads\/2020\/01\/greta-thunberg_clima_ambiente.jpg\"><img loading=\"lazy\" decoding=\"async\" class=\"size-medium wp-image-46182 alignright\" src=\"https:\/\/www.rassegnastampa-totustuus.it\/cattolica\/wp-content\/uploads\/2020\/01\/greta-thunberg_clima_ambiente-300x150.jpg\" alt=\"\" width=\"300\" height=\"150\" srcset=\"https:\/\/www.rassegnastampa-totustuus.it\/cattolica\/wp-content\/uploads\/2020\/01\/greta-thunberg_clima_ambiente-300x150.jpg 300w, https:\/\/www.rassegnastampa-totustuus.it\/cattolica\/wp-content\/uploads\/2020\/01\/greta-thunberg_clima_ambiente-768x384.jpg 768w, https:\/\/www.rassegnastampa-totustuus.it\/cattolica\/wp-content\/uploads\/2020\/01\/greta-thunberg_clima_ambiente-1024x512.jpg 1024w, https:\/\/www.rassegnastampa-totustuus.it\/cattolica\/wp-content\/uploads\/2020\/01\/greta-thunberg_clima_ambiente.jpg 2000w\" sizes=\"auto, (max-width: 300px) 100vw, 300px\" \/><\/a>Contestualmente sembra caduto nel dimenticatoio l\u2019allarme planetario per il cambiamento climatico. Pur essendo rappresentato come emergenza primaria, fino a qualche mese fa, \u00e8 stato eclissato da un\u2019altra emergenza, di ben altro impatto diretto (almeno quanto alle possibilit\u00e0 di contagio).<\/p>\n<p style=\"text-align: justify;\">Da tema ineludibilmente ricorrente, giudicato tra i prioritari dell\u2019agenda globale, ha finito per rappresentare un ricordo di una cronaca recente, eppure quasi corrispondente ad un\u2019immagine sfuocata di un mondo \u201cdi prima\u201d. Quasi un\u2019immagine di ansie passate o di iniziative rinviate a data da destinarsi.<\/p>\n<p style=\"text-align: justify;\">Cos\u00ec, anche il vaticinio della fine delle frontiere \u00e8 stato smentito dai fatti, molto pi\u00f9 rapidamente di quanto si potesse immaginare. Nel volgere di qualche settimana \u00e8 stato recuperato in gran fretta il vincolo dei controlli alle frontiere, fino alla chiusura per ragioni sanitarie. Con la corrispettiva esigenza (almeno dichiarata) non solo di fermare il contagio, ma anche di difendere una comunit\u00e0 abitante un determinato territorio da qualcosa \u2013 in questo caso, l\u2019agente patogeno \u2013 proveniente da oltre confine.<\/p>\n<p style=\"text-align: justify;\"><a href=\"https:\/\/www.rassegnastampa-totustuus.it\/cattolica\/wp-content\/uploads\/2017\/02\/mura_cittadine.jpg\"><img loading=\"lazy\" decoding=\"async\" class=\"size-full wp-image-37267 alignleft\" src=\"https:\/\/www.rassegnastampa-totustuus.it\/cattolica\/wp-content\/uploads\/2017\/02\/mura_cittadine.jpg\" alt=\"\" width=\"275\" height=\"183\" \/><\/a>Analogamente sembra il ricordo di un passato piuttosto lontano (anche se di certo contiguo nel tempo), l\u2019appello insistentemente ripetuto a costruire ponti e ad abbattere muri.<\/p>\n<p style=\"text-align: justify;\">Chi lo ripeteva ha presto smesso di farlo. Nei giorni della quarantena imposta per norma e della segregazione domestica come antidoto al contagio si riscopre l\u2019importanza dei muri: delle mura di casa (per proteggersi dal virus), delle mura delle citt\u00e0, in certo senso circoscritte dagli snodi della viabilit\u00e0 (per verificare gli spostamenti), delle mura dei varchi di confine (per controllare i transiti). In sostanza,<\/p>\n<p style=\"text-align: justify;\">il virus (senza saperlo) pare avere accelerato la crisi della futurologia delle ideologie e delle utopie. Con effetti che potrebbero essere detti decostruttivi o altrimenti disillusivi. Per segnare il pieno ingresso nella \u201cfluidificazione\u201d della postmodernit\u00e0 o per accennare un\u2019inversione verso la normativit\u00e0 dell\u2019essenziale? \u00c8 presto per dirlo.<\/p>\n<p style=\"text-align: justify;\">Ed in ogni caso tanto dipender\u00e0 dall\u2019intelligenza e dalla responsabilit\u00e0 di ciascuno. Pur in un clima di bulimia del virtuale, ce n\u2019\u00e8 abbastanza per cominciare a riflettere, a mente serena, sugli effetti del coronavirus sotto il profilo del clima culturale.<\/p>\n","protected":false},"excerpt":{"rendered":"<p>Osservatorio Internazionale Cardinale Van Thu\u00e2n sulla Dottrina sociale della Chiesa 21 Aprile 2020 Tavolo di Lavoro sul dopo-coronavirus Pubblichiamo questo articolo che il prof. Giovanni Turco ha scritto appositamente per il nostro Osservatorio nell\u2019ambito del Tavolo di lavoro sul dopo-coronavirus. Segnaliamo anche l\u2019ampia intervista rilasciata dal Prof. Turco al nostro Direttore e pubblicata su La &hellip; <\/p>\n<p><a class=\"more-link btn\" href=\"https:\/\/www.rassegnastampa-totustuus.it\/cattolica\/effetti-culturali-del-coronavirus\/\">Continua a leggere<\/a><\/p>\n","protected":false},"author":6,"featured_media":47052,"comment_status":"closed","ping_status":"closed","sticky":false,"template":"","format":"standard","meta":{"footnotes":""},"categories":[11,25],"tags":[146,2802,2782],"class_list":["post-47048","post","type-post","status-publish","format-standard","has-post-thumbnail","hentry","category-dottrina-sociale","category-sguardo-sul-nostro-tempo","tag-dottrina-sociale-2","tag-epidemie","tag-sguardo","item-wrap"],"yoast_head":"<!-- This site is optimized with the Yoast SEO plugin v27.5 - https:\/\/yoast.com\/product\/yoast-seo-wordpress\/ -->\n<title>Effetti culturali del coronavirus - Rassegna Stampa Cattolica<\/title>\n<meta name=\"description\" content=\"Rassegna Stampa Cattolica - Per una cultura che nasce dalla Rivelazione cristiana in conformit\u00e0 alla tradizione e al Magistero della Chiesa in opposizione ad ogni relativismo e totalitarismo\" \/>\n<meta name=\"robots\" content=\"index, follow, max-snippet:-1, max-image-preview:large, max-video-preview:-1\" \/>\n<link rel=\"canonical\" href=\"https:\/\/www.rassegnastampa-totustuus.it\/cattolica\/effetti-culturali-del-coronavirus\/\" \/>\n<meta property=\"og:locale\" content=\"it_IT\" \/>\n<meta property=\"og:type\" content=\"article\" \/>\n<meta property=\"og:title\" content=\"Effetti culturali del coronavirus - Rassegna Stampa Cattolica\" \/>\n<meta property=\"og:description\" content=\"Rassegna Stampa Cattolica - Per una cultura che nasce dalla Rivelazione cristiana in conformit\u00e0 alla tradizione e al Magistero della Chiesa in opposizione ad ogni relativismo e totalitarismo\" \/>\n<meta property=\"og:url\" content=\"https:\/\/www.rassegnastampa-totustuus.it\/cattolica\/effetti-culturali-del-coronavirus\/\" \/>\n<meta property=\"og:site_name\" content=\"Rassegna Stampa Cattolica\" \/>\n<meta property=\"article:publisher\" content=\"https:\/\/www.facebook.com\/rassegnastampacattolica\" \/>\n<meta property=\"article:published_time\" content=\"2020-04-29T22:00:39+00:00\" \/>\n<meta property=\"og:image\" content=\"https:\/\/www.rassegnastampa-totustuus.it\/cattolica\/wp-content\/uploads\/2020\/04\/virus-1.jpg\" \/>\n\t<meta property=\"og:image:width\" content=\"1280\" \/>\n\t<meta property=\"og:image:height\" content=\"720\" \/>\n\t<meta property=\"og:image:type\" content=\"image\/jpeg\" \/>\n<meta name=\"author\" content=\"Redazione\" \/>\n<meta name=\"twitter:card\" content=\"summary_large_image\" \/>\n<meta name=\"twitter:creator\" content=\"@rassegnastampa9\" \/>\n<meta name=\"twitter:site\" content=\"@rassegnastampa9\" \/>\n<meta name=\"twitter:label1\" content=\"Scritto da\" \/>\n\t<meta name=\"twitter:data1\" content=\"Redazione\" \/>\n\t<meta name=\"twitter:label2\" content=\"Tempo di lettura stimato\" \/>\n\t<meta name=\"twitter:data2\" content=\"7 minuti\" \/>\n<script type=\"application\/ld+json\" class=\"yoast-schema-graph\">{\"@context\":\"https:\\\/\\\/schema.org\",\"@graph\":[{\"@type\":\"Article\",\"@id\":\"https:\\\/\\\/www.rassegnastampa-totustuus.it\\\/cattolica\\\/effetti-culturali-del-coronavirus\\\/#article\",\"isPartOf\":{\"@id\":\"https:\\\/\\\/www.rassegnastampa-totustuus.it\\\/cattolica\\\/effetti-culturali-del-coronavirus\\\/\"},\"author\":{\"name\":\"Redazione\",\"@id\":\"https:\\\/\\\/www.rassegnastampa-totustuus.it\\\/cattolica\\\/#\\\/schema\\\/person\\\/08f319d2bd1a0904ad9e2bfb7b15e5c3\"},\"headline\":\"Effetti culturali del coronavirus\",\"datePublished\":\"2020-04-29T22:00:39+00:00\",\"mainEntityOfPage\":{\"@id\":\"https:\\\/\\\/www.rassegnastampa-totustuus.it\\\/cattolica\\\/effetti-culturali-del-coronavirus\\\/\"},\"wordCount\":1475,\"publisher\":{\"@id\":\"https:\\\/\\\/www.rassegnastampa-totustuus.it\\\/cattolica\\\/#organization\"},\"image\":{\"@id\":\"https:\\\/\\\/www.rassegnastampa-totustuus.it\\\/cattolica\\\/effetti-culturali-del-coronavirus\\\/#primaryimage\"},\"thumbnailUrl\":\"https:\\\/\\\/www.rassegnastampa-totustuus.it\\\/cattolica\\\/wp-content\\\/uploads\\\/2020\\\/04\\\/virus-1.jpg\",\"keywords\":[\"dottrina sociale\",\"epidemie\",\"sguardo\"],\"articleSection\":[\"Dottrina sociale\",\"Sguardo sul nostro tempo\"],\"inLanguage\":\"it-IT\"},{\"@type\":\"WebPage\",\"@id\":\"https:\\\/\\\/www.rassegnastampa-totustuus.it\\\/cattolica\\\/effetti-culturali-del-coronavirus\\\/\",\"url\":\"https:\\\/\\\/www.rassegnastampa-totustuus.it\\\/cattolica\\\/effetti-culturali-del-coronavirus\\\/\",\"name\":\"Effetti culturali del coronavirus - Rassegna Stampa Cattolica\",\"isPartOf\":{\"@id\":\"https:\\\/\\\/www.rassegnastampa-totustuus.it\\\/cattolica\\\/#website\"},\"primaryImageOfPage\":{\"@id\":\"https:\\\/\\\/www.rassegnastampa-totustuus.it\\\/cattolica\\\/effetti-culturali-del-coronavirus\\\/#primaryimage\"},\"image\":{\"@id\":\"https:\\\/\\\/www.rassegnastampa-totustuus.it\\\/cattolica\\\/effetti-culturali-del-coronavirus\\\/#primaryimage\"},\"thumbnailUrl\":\"https:\\\/\\\/www.rassegnastampa-totustuus.it\\\/cattolica\\\/wp-content\\\/uploads\\\/2020\\\/04\\\/virus-1.jpg\",\"datePublished\":\"2020-04-29T22:00:39+00:00\",\"description\":\"Rassegna Stampa Cattolica - Per una cultura che nasce dalla Rivelazione cristiana in conformit\u00e0 alla tradizione e al Magistero della Chiesa in opposizione ad ogni relativismo e totalitarismo\",\"breadcrumb\":{\"@id\":\"https:\\\/\\\/www.rassegnastampa-totustuus.it\\\/cattolica\\\/effetti-culturali-del-coronavirus\\\/#breadcrumb\"},\"inLanguage\":\"it-IT\",\"potentialAction\":[{\"@type\":\"ReadAction\",\"target\":[\"https:\\\/\\\/www.rassegnastampa-totustuus.it\\\/cattolica\\\/effetti-culturali-del-coronavirus\\\/\"]}]},{\"@type\":\"ImageObject\",\"inLanguage\":\"it-IT\",\"@id\":\"https:\\\/\\\/www.rassegnastampa-totustuus.it\\\/cattolica\\\/effetti-culturali-del-coronavirus\\\/#primaryimage\",\"url\":\"https:\\\/\\\/www.rassegnastampa-totustuus.it\\\/cattolica\\\/wp-content\\\/uploads\\\/2020\\\/04\\\/virus-1.jpg\",\"contentUrl\":\"https:\\\/\\\/www.rassegnastampa-totustuus.it\\\/cattolica\\\/wp-content\\\/uploads\\\/2020\\\/04\\\/virus-1.jpg\",\"width\":1280,\"height\":720},{\"@type\":\"BreadcrumbList\",\"@id\":\"https:\\\/\\\/www.rassegnastampa-totustuus.it\\\/cattolica\\\/effetti-culturali-del-coronavirus\\\/#breadcrumb\",\"itemListElement\":[{\"@type\":\"ListItem\",\"position\":1,\"name\":\"Home\",\"item\":\"https:\\\/\\\/www.rassegnastampa-totustuus.it\\\/cattolica\\\/\"},{\"@type\":\"ListItem\",\"position\":2,\"name\":\"Effetti culturali del coronavirus\"}]},{\"@type\":\"WebSite\",\"@id\":\"https:\\\/\\\/www.rassegnastampa-totustuus.it\\\/cattolica\\\/#website\",\"url\":\"https:\\\/\\\/www.rassegnastampa-totustuus.it\\\/cattolica\\\/\",\"name\":\"Rassegna Stampa Cattolica\",\"description\":\"Per una cultura che nasce dalla Rivelazione cristiana in conformit\u00e0 alla tradizione e al Magistero della Chiesa in opposizione ad ogni relativismo e totalitarismo\",\"publisher\":{\"@id\":\"https:\\\/\\\/www.rassegnastampa-totustuus.it\\\/cattolica\\\/#organization\"},\"alternateName\":\"Rass. Cattolica\",\"potentialAction\":[{\"@type\":\"SearchAction\",\"target\":{\"@type\":\"EntryPoint\",\"urlTemplate\":\"https:\\\/\\\/www.rassegnastampa-totustuus.it\\\/cattolica\\\/?s={search_term_string}\"},\"query-input\":{\"@type\":\"PropertyValueSpecification\",\"valueRequired\":true,\"valueName\":\"search_term_string\"}}],\"inLanguage\":\"it-IT\"},{\"@type\":\"Organization\",\"@id\":\"https:\\\/\\\/www.rassegnastampa-totustuus.it\\\/cattolica\\\/#organization\",\"name\":\"Rassegna Stampa Cattolica\",\"url\":\"https:\\\/\\\/www.rassegnastampa-totustuus.it\\\/cattolica\\\/\",\"logo\":{\"@type\":\"ImageObject\",\"inLanguage\":\"it-IT\",\"@id\":\"https:\\\/\\\/www.rassegnastampa-totustuus.it\\\/cattolica\\\/#\\\/schema\\\/logo\\\/image\\\/\",\"url\":\"https:\\\/\\\/www.rassegnastampa-totustuus.it\\\/cattolica\\\/wp-content\\\/uploads\\\/2014\\\/04\\\/logo-rassegna1.gif\",\"contentUrl\":\"https:\\\/\\\/www.rassegnastampa-totustuus.it\\\/cattolica\\\/wp-content\\\/uploads\\\/2014\\\/04\\\/logo-rassegna1.gif\",\"width\":600,\"height\":163,\"caption\":\"Rassegna Stampa Cattolica\"},\"image\":{\"@id\":\"https:\\\/\\\/www.rassegnastampa-totustuus.it\\\/cattolica\\\/#\\\/schema\\\/logo\\\/image\\\/\"},\"sameAs\":[\"https:\\\/\\\/www.facebook.com\\\/rassegnastampacattolica\",\"https:\\\/\\\/x.com\\\/rassegnastampa9\"]},{\"@type\":\"Person\",\"@id\":\"https:\\\/\\\/www.rassegnastampa-totustuus.it\\\/cattolica\\\/#\\\/schema\\\/person\\\/08f319d2bd1a0904ad9e2bfb7b15e5c3\",\"name\":\"Redazione\",\"image\":{\"@type\":\"ImageObject\",\"inLanguage\":\"it-IT\",\"@id\":\"https:\\\/\\\/secure.gravatar.com\\\/avatar\\\/2fcdf27c78ea025fbdb44e914cc63c72249ffec9dc8aafd5c82b26240ef3f346?s=96&d=mm&r=g\",\"url\":\"https:\\\/\\\/secure.gravatar.com\\\/avatar\\\/2fcdf27c78ea025fbdb44e914cc63c72249ffec9dc8aafd5c82b26240ef3f346?s=96&d=mm&r=g\",\"contentUrl\":\"https:\\\/\\\/secure.gravatar.com\\\/avatar\\\/2fcdf27c78ea025fbdb44e914cc63c72249ffec9dc8aafd5c82b26240ef3f346?s=96&d=mm&r=g\",\"caption\":\"Redazione\"},\"url\":\"https:\\\/\\\/www.rassegnastampa-totustuus.it\\\/cattolica\\\/author\\\/pietroelle\\\/\"}]}<\/script>\n<!-- \/ Yoast SEO plugin. -->","yoast_head_json":{"title":"Effetti culturali del coronavirus - Rassegna Stampa Cattolica","description":"Rassegna Stampa Cattolica - Per una cultura che nasce dalla Rivelazione cristiana in conformit\u00e0 alla tradizione e al Magistero della Chiesa in opposizione ad ogni relativismo e totalitarismo","robots":{"index":"index","follow":"follow","max-snippet":"max-snippet:-1","max-image-preview":"max-image-preview:large","max-video-preview":"max-video-preview:-1"},"canonical":"https:\/\/www.rassegnastampa-totustuus.it\/cattolica\/effetti-culturali-del-coronavirus\/","og_locale":"it_IT","og_type":"article","og_title":"Effetti culturali del coronavirus - Rassegna Stampa Cattolica","og_description":"Rassegna Stampa Cattolica - Per una cultura che nasce dalla Rivelazione cristiana in conformit\u00e0 alla tradizione e al Magistero della Chiesa in opposizione ad ogni relativismo e totalitarismo","og_url":"https:\/\/www.rassegnastampa-totustuus.it\/cattolica\/effetti-culturali-del-coronavirus\/","og_site_name":"Rassegna Stampa Cattolica","article_publisher":"https:\/\/www.facebook.com\/rassegnastampacattolica","article_published_time":"2020-04-29T22:00:39+00:00","og_image":[{"width":1280,"height":720,"url":"https:\/\/www.rassegnastampa-totustuus.it\/cattolica\/wp-content\/uploads\/2020\/04\/virus-1.jpg","type":"image\/jpeg"}],"author":"Redazione","twitter_card":"summary_large_image","twitter_creator":"@rassegnastampa9","twitter_site":"@rassegnastampa9","twitter_misc":{"Scritto da":"Redazione","Tempo di lettura stimato":"7 minuti"},"schema":{"@context":"https:\/\/schema.org","@graph":[{"@type":"Article","@id":"https:\/\/www.rassegnastampa-totustuus.it\/cattolica\/effetti-culturali-del-coronavirus\/#article","isPartOf":{"@id":"https:\/\/www.rassegnastampa-totustuus.it\/cattolica\/effetti-culturali-del-coronavirus\/"},"author":{"name":"Redazione","@id":"https:\/\/www.rassegnastampa-totustuus.it\/cattolica\/#\/schema\/person\/08f319d2bd1a0904ad9e2bfb7b15e5c3"},"headline":"Effetti culturali del coronavirus","datePublished":"2020-04-29T22:00:39+00:00","mainEntityOfPage":{"@id":"https:\/\/www.rassegnastampa-totustuus.it\/cattolica\/effetti-culturali-del-coronavirus\/"},"wordCount":1475,"publisher":{"@id":"https:\/\/www.rassegnastampa-totustuus.it\/cattolica\/#organization"},"image":{"@id":"https:\/\/www.rassegnastampa-totustuus.it\/cattolica\/effetti-culturali-del-coronavirus\/#primaryimage"},"thumbnailUrl":"https:\/\/www.rassegnastampa-totustuus.it\/cattolica\/wp-content\/uploads\/2020\/04\/virus-1.jpg","keywords":["dottrina sociale","epidemie","sguardo"],"articleSection":["Dottrina sociale","Sguardo sul nostro tempo"],"inLanguage":"it-IT"},{"@type":"WebPage","@id":"https:\/\/www.rassegnastampa-totustuus.it\/cattolica\/effetti-culturali-del-coronavirus\/","url":"https:\/\/www.rassegnastampa-totustuus.it\/cattolica\/effetti-culturali-del-coronavirus\/","name":"Effetti culturali del coronavirus - Rassegna Stampa Cattolica","isPartOf":{"@id":"https:\/\/www.rassegnastampa-totustuus.it\/cattolica\/#website"},"primaryImageOfPage":{"@id":"https:\/\/www.rassegnastampa-totustuus.it\/cattolica\/effetti-culturali-del-coronavirus\/#primaryimage"},"image":{"@id":"https:\/\/www.rassegnastampa-totustuus.it\/cattolica\/effetti-culturali-del-coronavirus\/#primaryimage"},"thumbnailUrl":"https:\/\/www.rassegnastampa-totustuus.it\/cattolica\/wp-content\/uploads\/2020\/04\/virus-1.jpg","datePublished":"2020-04-29T22:00:39+00:00","description":"Rassegna Stampa Cattolica - Per una cultura che nasce dalla Rivelazione cristiana in conformit\u00e0 alla tradizione e al Magistero della Chiesa in opposizione ad ogni relativismo e totalitarismo","breadcrumb":{"@id":"https:\/\/www.rassegnastampa-totustuus.it\/cattolica\/effetti-culturali-del-coronavirus\/#breadcrumb"},"inLanguage":"it-IT","potentialAction":[{"@type":"ReadAction","target":["https:\/\/www.rassegnastampa-totustuus.it\/cattolica\/effetti-culturali-del-coronavirus\/"]}]},{"@type":"ImageObject","inLanguage":"it-IT","@id":"https:\/\/www.rassegnastampa-totustuus.it\/cattolica\/effetti-culturali-del-coronavirus\/#primaryimage","url":"https:\/\/www.rassegnastampa-totustuus.it\/cattolica\/wp-content\/uploads\/2020\/04\/virus-1.jpg","contentUrl":"https:\/\/www.rassegnastampa-totustuus.it\/cattolica\/wp-content\/uploads\/2020\/04\/virus-1.jpg","width":1280,"height":720},{"@type":"BreadcrumbList","@id":"https:\/\/www.rassegnastampa-totustuus.it\/cattolica\/effetti-culturali-del-coronavirus\/#breadcrumb","itemListElement":[{"@type":"ListItem","position":1,"name":"Home","item":"https:\/\/www.rassegnastampa-totustuus.it\/cattolica\/"},{"@type":"ListItem","position":2,"name":"Effetti culturali del coronavirus"}]},{"@type":"WebSite","@id":"https:\/\/www.rassegnastampa-totustuus.it\/cattolica\/#website","url":"https:\/\/www.rassegnastampa-totustuus.it\/cattolica\/","name":"Rassegna Stampa Cattolica","description":"Per una cultura che nasce dalla Rivelazione cristiana in conformit\u00e0 alla tradizione e al Magistero della Chiesa in opposizione ad ogni relativismo e totalitarismo","publisher":{"@id":"https:\/\/www.rassegnastampa-totustuus.it\/cattolica\/#organization"},"alternateName":"Rass. Cattolica","potentialAction":[{"@type":"SearchAction","target":{"@type":"EntryPoint","urlTemplate":"https:\/\/www.rassegnastampa-totustuus.it\/cattolica\/?s={search_term_string}"},"query-input":{"@type":"PropertyValueSpecification","valueRequired":true,"valueName":"search_term_string"}}],"inLanguage":"it-IT"},{"@type":"Organization","@id":"https:\/\/www.rassegnastampa-totustuus.it\/cattolica\/#organization","name":"Rassegna Stampa Cattolica","url":"https:\/\/www.rassegnastampa-totustuus.it\/cattolica\/","logo":{"@type":"ImageObject","inLanguage":"it-IT","@id":"https:\/\/www.rassegnastampa-totustuus.it\/cattolica\/#\/schema\/logo\/image\/","url":"https:\/\/www.rassegnastampa-totustuus.it\/cattolica\/wp-content\/uploads\/2014\/04\/logo-rassegna1.gif","contentUrl":"https:\/\/www.rassegnastampa-totustuus.it\/cattolica\/wp-content\/uploads\/2014\/04\/logo-rassegna1.gif","width":600,"height":163,"caption":"Rassegna Stampa Cattolica"},"image":{"@id":"https:\/\/www.rassegnastampa-totustuus.it\/cattolica\/#\/schema\/logo\/image\/"},"sameAs":["https:\/\/www.facebook.com\/rassegnastampacattolica","https:\/\/x.com\/rassegnastampa9"]},{"@type":"Person","@id":"https:\/\/www.rassegnastampa-totustuus.it\/cattolica\/#\/schema\/person\/08f319d2bd1a0904ad9e2bfb7b15e5c3","name":"Redazione","image":{"@type":"ImageObject","inLanguage":"it-IT","@id":"https:\/\/secure.gravatar.com\/avatar\/2fcdf27c78ea025fbdb44e914cc63c72249ffec9dc8aafd5c82b26240ef3f346?s=96&d=mm&r=g","url":"https:\/\/secure.gravatar.com\/avatar\/2fcdf27c78ea025fbdb44e914cc63c72249ffec9dc8aafd5c82b26240ef3f346?s=96&d=mm&r=g","contentUrl":"https:\/\/secure.gravatar.com\/avatar\/2fcdf27c78ea025fbdb44e914cc63c72249ffec9dc8aafd5c82b26240ef3f346?s=96&d=mm&r=g","caption":"Redazione"},"url":"https:\/\/www.rassegnastampa-totustuus.it\/cattolica\/author\/pietroelle\/"}]}},"_links":{"self":[{"href":"https:\/\/www.rassegnastampa-totustuus.it\/cattolica\/wp-json\/wp\/v2\/posts\/47048","targetHints":{"allow":["GET"]}}],"collection":[{"href":"https:\/\/www.rassegnastampa-totustuus.it\/cattolica\/wp-json\/wp\/v2\/posts"}],"about":[{"href":"https:\/\/www.rassegnastampa-totustuus.it\/cattolica\/wp-json\/wp\/v2\/types\/post"}],"author":[{"embeddable":true,"href":"https:\/\/www.rassegnastampa-totustuus.it\/cattolica\/wp-json\/wp\/v2\/users\/6"}],"replies":[{"embeddable":true,"href":"https:\/\/www.rassegnastampa-totustuus.it\/cattolica\/wp-json\/wp\/v2\/comments?post=47048"}],"version-history":[{"count":3,"href":"https:\/\/www.rassegnastampa-totustuus.it\/cattolica\/wp-json\/wp\/v2\/posts\/47048\/revisions"}],"predecessor-version":[{"id":47053,"href":"https:\/\/www.rassegnastampa-totustuus.it\/cattolica\/wp-json\/wp\/v2\/posts\/47048\/revisions\/47053"}],"wp:featuredmedia":[{"embeddable":true,"href":"https:\/\/www.rassegnastampa-totustuus.it\/cattolica\/wp-json\/wp\/v2\/media\/47052"}],"wp:attachment":[{"href":"https:\/\/www.rassegnastampa-totustuus.it\/cattolica\/wp-json\/wp\/v2\/media?parent=47048"}],"wp:term":[{"taxonomy":"category","embeddable":true,"href":"https:\/\/www.rassegnastampa-totustuus.it\/cattolica\/wp-json\/wp\/v2\/categories?post=47048"},{"taxonomy":"post_tag","embeddable":true,"href":"https:\/\/www.rassegnastampa-totustuus.it\/cattolica\/wp-json\/wp\/v2\/tags?post=47048"}],"curies":[{"name":"wp","href":"https:\/\/api.w.org\/{rel}","templated":true}]}}