{"id":46978,"date":"2020-04-16T00:00:09","date_gmt":"2020-04-15T22:00:09","guid":{"rendered":"http:\/\/www.rassegnastampa-totustuus.it\/cattolica\/?p=46978"},"modified":"2020-04-15T13:58:58","modified_gmt":"2020-04-15T11:58:58","slug":"modello-don-bosco","status":"publish","type":"post","link":"https:\/\/www.rassegnastampa-totustuus.it\/cattolica\/modello-don-bosco\/","title":{"rendered":"Modello don Bosco"},"content":{"rendered":"<p style=\"text-align: center;\"><strong><a href=\"https:\/\/www.rassegnastampa-totustuus.it\/cattolica\/wp-content\/uploads\/2018\/09\/Giovanni_Bosco.jpg\"><img loading=\"lazy\" decoding=\"async\" class=\"size-full wp-image-41169 alignleft\" src=\"https:\/\/www.rassegnastampa-totustuus.it\/cattolica\/wp-content\/uploads\/2018\/09\/Giovanni_Bosco.jpg\" alt=\"\" width=\"270\" height=\"187\" \/><\/a>Il Borghese <\/strong>n. 4 aprile 2020<\/p>\n<p style=\"text-align: center;\"><strong><em>\u00a0<\/em><\/strong><em>Buoni cristiani, onesti cittadini <\/em><\/p>\n<p style=\"text-align: center;\">di <strong>Giuseppe Brienza<\/strong><\/p>\n<p style=\"text-align: justify;\">Con una lettera indirizzata lo scorso anno a tutti i Salesiani del mondo, il <em>rettor maggiore <\/em>della Congregazione fondata da san Giovanni Bosco (1815-1888) don \u00c1ngel Fern\u00e1ndez Artime, ha convocato il 28\u00b0 Capitolo Generale (CG28), che \u00e8 stato inaugurato il 22 febbraio e si concluder\u00e0 il 4 aprile.<\/p>\n<p><!--more--><\/p>\n<p style=\"text-align: justify;\">Si tratta di una grande assemblea internazionale che, a distanza di 62 anni, segna il ritorno nella \u201cCasa Madre\u201dsalesiana di Valdocco (Torino) e, per la prima volta, \u00e8 chiamata a rispondere a una domanda specifica, non di poco conto: \u201c<em>Quali salesiani per i giovani di oggi?<\/em>\u201d.<\/p>\n<p style=\"text-align: justify;\"><a href=\"https:\/\/www.rassegnastampa-totustuus.it\/cattolica\/wp-content\/uploads\/2015\/04\/don-Bosco.jpg\"><img loading=\"lazy\" decoding=\"async\" class=\"size-full wp-image-23301 alignright\" src=\"https:\/\/www.rassegnastampa-totustuus.it\/cattolica\/wp-content\/uploads\/2015\/04\/don-Bosco.jpg\" alt=\"\" width=\"255\" height=\"198\" \/><\/a>Il modo di affrontare il tema dell\u2019educazione e della formazione delle nuove generazioni da parte di questi religiosi, almeno stando alla relazione introduttiva dello spagnolo Fern\u00e1ndez Artime, il decimo successore di don Bosco, prescinde dalle secche del tecnicismo, dell\u2019aziendalismo e del <em>Politicamente corretto <\/em>che dominano ormai la materia (almeno in Occidente).<\/p>\n<p style=\"text-align: justify;\">In coerenza con l\u2019insegnamento del Fondatore, il Capitolo si colloca in definitiva nella giusta e indispensabile prospettiva etico-pedagogica e spirituale. Non \u00e8 un caso che, in piena ubriacatura sessantottina e marxista, con lucide parole apriva a Roma nel 1971 il Capitolo Generale Speciale Salesiano l\u2019allora <em>rettor maggiore<\/em> don Luigi Ricceri (1901-1989): \u00ab<em>la nostra non \u00e8 un\u2019assemblea di azionisti di una industria, non \u00e8 un\u2019assemblea politica con le fazioni dai contrastanti interessi economici, di prestigio, di ambizioni<\/em>\u00bb.<\/p>\n<p style=\"text-align: justify;\"><a href=\"https:\/\/www.rassegnastampa-totustuus.it\/cattolica\/wp-content\/uploads\/2013\/08\/donBosco_fumetti.jpg\"><img loading=\"lazy\" decoding=\"async\" class=\"size-full wp-image-25706 alignleft\" src=\"https:\/\/www.rassegnastampa-totustuus.it\/cattolica\/wp-content\/uploads\/2013\/08\/donBosco_fumetti.jpg\" alt=\"\" width=\"180\" height=\"180\" srcset=\"https:\/\/www.rassegnastampa-totustuus.it\/cattolica\/wp-content\/uploads\/2013\/08\/donBosco_fumetti.jpg 180w, https:\/\/www.rassegnastampa-totustuus.it\/cattolica\/wp-content\/uploads\/2013\/08\/donBosco_fumetti-150x150.jpg 150w\" sizes=\"auto, (max-width: 180px) 100vw, 180px\" \/><\/a>Tornando all\u2019oggi, non pochi dei temi trattati dai 242 ispettori e delegati (fra cui due vescovi e quattro cardinali), provenienti da 134 Paesi, sono d\u2019interesse generale. Il CG28, in primo luogo, \u00e8 partito dall\u2019illustrazione di un quadro d\u2019insieme del cambiamento della condizione giovanile negli anni, soffermandosi sulle diversit\u00e0 che si presentano nei diversi continenti nei quali la <em>Famiglia salesiana<\/em> opera, a cominciare dall\u2019Africa dove sicuramente la vita di migliaia di giovani non sarebbe la stessa senza l\u2019opera fattiva dei figli di don Bosco.<\/p>\n<p style=\"text-align: justify;\">L\u2019obiettivo, come specificato da Fern\u00e1ndez Artime, \u00e8 quello di evitare analisi stereotipate dando risposte ai problemi e alle esigenze dei giovani che non siano condizionate dai \u00ab<em>miraggi del momento<\/em>\u00bb, dalle mode e tendenze di quella \u201ctarda globalizzazione\u201d, in pratica, di cui parla ad esempio l\u2019antropologo indiano naturalizzato statunitense Arjun Appadurai.<\/p>\n<p style=\"text-align: justify;\">Quella salesiana, non dimentichiamolo, \u00e8 una Congregazione solida, con molta storia alle spalle. I religiosi e le religiose nel mondo sono attualmente 14.600 (circa), presenti in 5 continenti, 136 Nazioni, con 3.643 scuole e istituti educativi all\u2019attivo, frequentati da 940mila allievi e 68mila docenti e formatori. I centri di formazione professionale sono 830, con 200mila allievi e 15mila docenti.<\/p>\n<p style=\"text-align: justify;\"><a href=\"https:\/\/www.rassegnastampa-totustuus.it\/cattolica\/wp-content\/uploads\/2005\/09\/don-Bosco.jpg\"><img loading=\"lazy\" decoding=\"async\" class=\"size-full wp-image-33321 alignright\" src=\"https:\/\/www.rassegnastampa-totustuus.it\/cattolica\/wp-content\/uploads\/2005\/09\/don-Bosco.jpg\" alt=\"\" width=\"246\" height=\"205\" \/><\/a>Nei loro 161 anni di storiai Salesiani hanno attraversato le rivoluzioni e gli sconvolgimenti della modernit\u00e0 senza cedere alle insidie e alle seduzioni ideologiche. Prove del resto sempre necessarie, ha avvertito il cardinale Jo\u00e3o Braz de Aviz nell\u2019omelia alla Messa di apertura del Capitolo.<\/p>\n<p style=\"text-align: justify;\">Quello di ogni comunit\u00e0 di fede, infatti, ha detto il prefetto della Congregazione per gli Istituti di vita consacrata, \u00ab<em>\u00e8 un cammino non privo di turbolenze, come sperimentiamo ora nella vita della Chiesa, ma \u00e8 l\u2019unico cammino possibile, dal momento che le turbolenze sono necessarie, secondo le parole di Papa Francesco, perch\u00e9 la nostra fede sia provata e autentica, poggiata sulla fedelt\u00e0 del Signore crocefisso, per essere con Lui risorti<\/em>\u00bb (22 febbraio 2020).<\/p>\n<p style=\"text-align: justify;\">I Salesiani, nella loro stragrande maggioranza, hanno saputo superarele prove e, anche per questo, se rimarranno ancorati al carisma originario e alle tradizioni migliori, potranno costituire ancora per molto un faro di luce, in primo luogo per far fronte all\u2019epocale crisi morale della societ\u00e0 e, in parte, anche della Chiesa cattolica. \u00ab<em>Solo uno sguardo libero e lucido di fronte a mentalit\u00e0 fortemente secolarizzate ed edoniste permette un cammino sicuro<\/em>\u00bb, ha avvertito in questo senso il rettor maggiore nella relazione di apertura.<\/p>\n<p style=\"text-align: justify;\"><a href=\"https:\/\/www.rassegnastampa-totustuus.it\/cattolica\/wp-content\/uploads\/2020\/04\/salesiani_capitolo_Chiesa.png\"><img loading=\"lazy\" decoding=\"async\" class=\"size-medium wp-image-46979 alignleft\" src=\"https:\/\/www.rassegnastampa-totustuus.it\/cattolica\/wp-content\/uploads\/2020\/04\/salesiani_capitolo_Chiesa-300x169.png\" alt=\"\" width=\"300\" height=\"169\" srcset=\"https:\/\/www.rassegnastampa-totustuus.it\/cattolica\/wp-content\/uploads\/2020\/04\/salesiani_capitolo_Chiesa-300x169.png 300w, https:\/\/www.rassegnastampa-totustuus.it\/cattolica\/wp-content\/uploads\/2020\/04\/salesiani_capitolo_Chiesa-768x432.png 768w, https:\/\/www.rassegnastampa-totustuus.it\/cattolica\/wp-content\/uploads\/2020\/04\/salesiani_capitolo_Chiesa-1024x576.png 1024w, https:\/\/www.rassegnastampa-totustuus.it\/cattolica\/wp-content\/uploads\/2020\/04\/salesiani_capitolo_Chiesa.png 1920w\" sizes=\"auto, (max-width: 300px) 100vw, 300px\" \/><\/a>Con riferimento al tema specifico del Capitolo generale, Fern\u00e1ndez Artime ha invitato a \u00ab<em>sintonizzarsi il meglio possibile con gli adolescenti e i giovani di oggi e con il loro mondo allo scopo di camminare con loro, nell\u2019educazione e formazione alla fede, aiutandoli ad essere buoni credenti &#8211; considerando che molte volte professano altre religioni &#8211; e preparandoli per la vita, accompagnandoli nella ricerca di senso e all\u2019incontro con Dio<\/em>\u00bb (<em>Con don Bosco come modello<\/em>, in <em>L\u2019Osservatore Romano<\/em>, 27 febbraio 2020, p. 6).<\/p>\n<p style=\"text-align: justify;\">Qualcuno ha voluto rivisitare e correggere, a partire da queste parole del rettor maggiore, il celebre invito di don Bosco a formare nei giovani \u00ab<em>buoni cristiani e onesti cittadini<\/em>\u00bb, trasformandolo nei contesti a maggioranza musulmana nell\u2019irenistico: \u00ab<em>Onesti cittadini e buoni <\/em>credenti\u00bb. Una modifica non da poco, come si vede, quella di cambiare la parola\u201ccristiani\u201d con quella di \u201ccredenti\u201d\u2026 Non equivale in sostanza a rinunciare alla missione cattolica?<\/p>\n<p style=\"text-align: justify;\"><a href=\"https:\/\/www.rassegnastampa-totustuus.it\/cattolica\/wp-content\/uploads\/2018\/09\/salesiani_preti.jpg\"><img loading=\"lazy\" decoding=\"async\" class=\"size-full wp-image-41172 alignright\" src=\"https:\/\/www.rassegnastampa-totustuus.it\/cattolica\/wp-content\/uploads\/2018\/09\/salesiani_preti.jpg\" alt=\"\" width=\"269\" height=\"187\" \/><\/a>Il carisma di don Bosco, come sappiamo, \u00e8 stato missionario fin dal primo momento&#8230; E guai allora ad equiparare Cristo con Maometto! Tanto pi\u00f9 che verso quegli adolescenti e giovani che non sono mai passati per gli oratori o per le case salesiane e che frequentano anzi\u00ab<em>altri cortili<\/em>\u00bb, Fern\u00e1ndez Artime assicura: \u00ab<em>siamo salesiani anche per loro<\/em>\u00bb!Nel senso che a tutti i giovani \u201cdi buona volont\u00e0\u201d, anche quelli non cristiani, va proposto il \u00ab<em>cammino della fedelt\u00e0 al Signore e a don Bosco<\/em>\u00bb, senza abbandonarli \u00ab<em>al loro destino, un destino incerto, come naufraghi, per la nostra incapacit\u00e0 di essere educatori, amici, fratelli e padri &#8211; come, invece, fu don Bosco per i giovani del suo tempo<\/em>\u00bb.<\/p>\n<p style=\"text-align: justify;\">Per il rettor maggiore, in definitiva, \u00ab<em>dire oggi salesiano dovrebbe essere lo stesso che dire <\/em>figlio di Dio<em> che sa di essere e si sente padre dei giovani<\/em>\u00bb, senza sconti, e con un profilo \u00ab<em>che non si improvvisa ma che si forma<\/em>\u00bb. Tenendo conto, soprattutto, \u00ab<em>che i giovani salesiani di oggi sono tutti \u201cnativi digitali\u201d, provenendo da contesti culturali forse molto diversi dal nostro<\/em>\u00bb (\u00c1. Fern\u00e1ndez Artime, <em>Con don Bosco come modello<\/em>, cit.).<\/p>\n<p style=\"text-align: justify;\"><a href=\"https:\/\/www.rassegnastampa-totustuus.it\/cattolica\/wp-content\/uploads\/2019\/10\/giovani_internet.jpg\"><img loading=\"lazy\" decoding=\"async\" class=\"size-medium wp-image-44560 alignleft\" src=\"https:\/\/www.rassegnastampa-totustuus.it\/cattolica\/wp-content\/uploads\/2019\/10\/giovani_internet-300x200.jpg\" alt=\"\" width=\"300\" height=\"200\" srcset=\"https:\/\/www.rassegnastampa-totustuus.it\/cattolica\/wp-content\/uploads\/2019\/10\/giovani_internet-300x200.jpg 300w, https:\/\/www.rassegnastampa-totustuus.it\/cattolica\/wp-content\/uploads\/2019\/10\/giovani_internet-768x513.jpg 768w, https:\/\/www.rassegnastampa-totustuus.it\/cattolica\/wp-content\/uploads\/2019\/10\/giovani_internet-1024x683.jpg 1024w, https:\/\/www.rassegnastampa-totustuus.it\/cattolica\/wp-content\/uploads\/2019\/10\/giovani_internet.jpg 1500w\" sizes=\"auto, (max-width: 300px) 100vw, 300px\" \/><\/a>Lo scenario in cui il CG28 si sta muovendo \u00e8 certamente complesso. I <em>Millennials<\/em> sono immersi in un mondo virtuale, sono chiamati a cercare lavoro nel contesto di una crisi economico-finanziaria della quale non si intravede la fine, hanno perduto l\u2019aiuto di un sistema di formazione professionale che, almeno in Italia, fino a diversi decenni fa funzionava bene e, soprattutto, devono subire la dolorosa esperienza della crisi della famiglia e del fenomeno sempre pi\u00f9 incontrollato della migrazione globale.<\/p>\n<p style=\"text-align: justify;\">Queste realt\u00e0, che 30 o 40 anni fa non venivano nemmeno menzionate nei Capitoli Generali, hanno oggi assunto una rilevanza impressionante per i Salesiani, portando completamente fuori dalle sicurezze individuali e dalle \u201cricette di sempre\u201d. Senza dubbio la domanda \u00ab<em>Quali salesiani per i giovani oggi?<\/em>\u00bb nasce da un\u2019esperienza d\u2019amore, quella stessa che spingeva Don Bosco a percorrere le strade e le periferie della Torino ottocentesca.<\/p>\n<p style=\"text-align: justify;\">Solo chi vuole il bene dell\u2019altro \u00e8 alla costante ricerca di nuovi modi per comunicare i veri valori della vita e della Fede, alla ricerca di una felicit\u00e0 che, nella sola dimensione materiale, non potr\u00e0 mai essere raggiunta.<\/p>\n","protected":false},"excerpt":{"rendered":"<p>Il Borghese n. 4 aprile 2020 \u00a0Buoni cristiani, onesti cittadini di Giuseppe Brienza Con una lettera indirizzata lo scorso anno a tutti i Salesiani del mondo, il rettor maggiore della Congregazione fondata da san Giovanni Bosco (1815-1888) don \u00c1ngel Fern\u00e1ndez Artime, ha convocato il 28\u00b0 Capitolo Generale (CG28), che \u00e8 stato inaugurato il 22 febbraio &hellip; <\/p>\n<p><a class=\"more-link btn\" href=\"https:\/\/www.rassegnastampa-totustuus.it\/cattolica\/modello-don-bosco\/\">Continua a leggere<\/a><\/p>\n","protected":false},"author":6,"featured_media":46979,"comment_status":"closed","ping_status":"closed","sticky":false,"template":"","format":"standard","meta":{"footnotes":""},"categories":[5,23],"tags":[157,503,234,2805],"class_list":["post-46978","post","type-post","status-publish","format-standard","has-post-thumbnail","hentry","category-chiesa","category-scuola-ed-educazione","tag-chiesa-2","tag-don-bosco","tag-educazione","tag-salesiani","item-wrap"],"yoast_head":"<!-- This site is optimized with the Yoast SEO plugin v27.4 - https:\/\/yoast.com\/product\/yoast-seo-wordpress\/ -->\n<title>Modello don Bosco - Rassegna Stampa Cattolica<\/title>\n<meta name=\"description\" content=\"Rassegna Stampa Cattolica - Per una cultura che nasce dalla Rivelazione cristiana in conformit\u00e0 alla tradizione e al Magistero della Chiesa in opposizione ad ogni relativismo e totalitarismo\" \/>\n<meta name=\"robots\" content=\"index, follow, max-snippet:-1, max-image-preview:large, max-video-preview:-1\" \/>\n<link rel=\"canonical\" href=\"https:\/\/www.rassegnastampa-totustuus.it\/cattolica\/modello-don-bosco\/\" \/>\n<meta property=\"og:locale\" content=\"it_IT\" \/>\n<meta property=\"og:type\" content=\"article\" \/>\n<meta property=\"og:title\" content=\"Modello don Bosco - Rassegna Stampa Cattolica\" \/>\n<meta property=\"og:description\" content=\"Rassegna Stampa Cattolica - Per una cultura che nasce dalla Rivelazione cristiana in conformit\u00e0 alla tradizione e al Magistero della Chiesa in opposizione ad ogni relativismo e totalitarismo\" \/>\n<meta property=\"og:url\" content=\"https:\/\/www.rassegnastampa-totustuus.it\/cattolica\/modello-don-bosco\/\" \/>\n<meta property=\"og:site_name\" content=\"Rassegna Stampa Cattolica\" \/>\n<meta property=\"article:publisher\" content=\"https:\/\/www.facebook.com\/rassegnastampacattolica\" \/>\n<meta property=\"article:published_time\" content=\"2020-04-15T22:00:09+00:00\" \/>\n<meta property=\"og:image\" content=\"https:\/\/www.rassegnastampa-totustuus.it\/cattolica\/wp-content\/uploads\/2020\/04\/salesiani_capitolo_Chiesa.png\" \/>\n\t<meta property=\"og:image:width\" content=\"1920\" \/>\n\t<meta property=\"og:image:height\" content=\"1080\" \/>\n\t<meta property=\"og:image:type\" content=\"image\/png\" \/>\n<meta name=\"author\" content=\"Redazione\" \/>\n<meta name=\"twitter:card\" content=\"summary_large_image\" \/>\n<meta name=\"twitter:creator\" content=\"@rassegnastampa9\" \/>\n<meta name=\"twitter:site\" content=\"@rassegnastampa9\" \/>\n<meta name=\"twitter:label1\" content=\"Scritto da\" \/>\n\t<meta name=\"twitter:data1\" content=\"Redazione\" \/>\n\t<meta name=\"twitter:label2\" content=\"Tempo di lettura stimato\" \/>\n\t<meta name=\"twitter:data2\" content=\"6 minuti\" \/>\n<script type=\"application\/ld+json\" class=\"yoast-schema-graph\">{\"@context\":\"https:\\\/\\\/schema.org\",\"@graph\":[{\"@type\":\"Article\",\"@id\":\"https:\\\/\\\/www.rassegnastampa-totustuus.it\\\/cattolica\\\/modello-don-bosco\\\/#article\",\"isPartOf\":{\"@id\":\"https:\\\/\\\/www.rassegnastampa-totustuus.it\\\/cattolica\\\/modello-don-bosco\\\/\"},\"author\":{\"name\":\"Redazione\",\"@id\":\"https:\\\/\\\/www.rassegnastampa-totustuus.it\\\/cattolica\\\/#\\\/schema\\\/person\\\/08f319d2bd1a0904ad9e2bfb7b15e5c3\"},\"headline\":\"Modello don Bosco\",\"datePublished\":\"2020-04-15T22:00:09+00:00\",\"mainEntityOfPage\":{\"@id\":\"https:\\\/\\\/www.rassegnastampa-totustuus.it\\\/cattolica\\\/modello-don-bosco\\\/\"},\"wordCount\":1145,\"publisher\":{\"@id\":\"https:\\\/\\\/www.rassegnastampa-totustuus.it\\\/cattolica\\\/#organization\"},\"image\":{\"@id\":\"https:\\\/\\\/www.rassegnastampa-totustuus.it\\\/cattolica\\\/modello-don-bosco\\\/#primaryimage\"},\"thumbnailUrl\":\"https:\\\/\\\/www.rassegnastampa-totustuus.it\\\/cattolica\\\/wp-content\\\/uploads\\\/2020\\\/04\\\/salesiani_capitolo_Chiesa.png\",\"keywords\":[\"chiesa\",\"don Bosco\",\"educazione\",\"salesiani\"],\"articleSection\":[\"Chiesa\",\"Scuola ed educazione\"],\"inLanguage\":\"it-IT\"},{\"@type\":\"WebPage\",\"@id\":\"https:\\\/\\\/www.rassegnastampa-totustuus.it\\\/cattolica\\\/modello-don-bosco\\\/\",\"url\":\"https:\\\/\\\/www.rassegnastampa-totustuus.it\\\/cattolica\\\/modello-don-bosco\\\/\",\"name\":\"Modello don Bosco - Rassegna Stampa Cattolica\",\"isPartOf\":{\"@id\":\"https:\\\/\\\/www.rassegnastampa-totustuus.it\\\/cattolica\\\/#website\"},\"primaryImageOfPage\":{\"@id\":\"https:\\\/\\\/www.rassegnastampa-totustuus.it\\\/cattolica\\\/modello-don-bosco\\\/#primaryimage\"},\"image\":{\"@id\":\"https:\\\/\\\/www.rassegnastampa-totustuus.it\\\/cattolica\\\/modello-don-bosco\\\/#primaryimage\"},\"thumbnailUrl\":\"https:\\\/\\\/www.rassegnastampa-totustuus.it\\\/cattolica\\\/wp-content\\\/uploads\\\/2020\\\/04\\\/salesiani_capitolo_Chiesa.png\",\"datePublished\":\"2020-04-15T22:00:09+00:00\",\"description\":\"Rassegna Stampa Cattolica - Per una cultura che nasce dalla Rivelazione cristiana in conformit\u00e0 alla tradizione e al Magistero della Chiesa in opposizione ad ogni relativismo e totalitarismo\",\"breadcrumb\":{\"@id\":\"https:\\\/\\\/www.rassegnastampa-totustuus.it\\\/cattolica\\\/modello-don-bosco\\\/#breadcrumb\"},\"inLanguage\":\"it-IT\",\"potentialAction\":[{\"@type\":\"ReadAction\",\"target\":[\"https:\\\/\\\/www.rassegnastampa-totustuus.it\\\/cattolica\\\/modello-don-bosco\\\/\"]}]},{\"@type\":\"ImageObject\",\"inLanguage\":\"it-IT\",\"@id\":\"https:\\\/\\\/www.rassegnastampa-totustuus.it\\\/cattolica\\\/modello-don-bosco\\\/#primaryimage\",\"url\":\"https:\\\/\\\/www.rassegnastampa-totustuus.it\\\/cattolica\\\/wp-content\\\/uploads\\\/2020\\\/04\\\/salesiani_capitolo_Chiesa.png\",\"contentUrl\":\"https:\\\/\\\/www.rassegnastampa-totustuus.it\\\/cattolica\\\/wp-content\\\/uploads\\\/2020\\\/04\\\/salesiani_capitolo_Chiesa.png\",\"width\":1920,\"height\":1080},{\"@type\":\"BreadcrumbList\",\"@id\":\"https:\\\/\\\/www.rassegnastampa-totustuus.it\\\/cattolica\\\/modello-don-bosco\\\/#breadcrumb\",\"itemListElement\":[{\"@type\":\"ListItem\",\"position\":1,\"name\":\"Home\",\"item\":\"https:\\\/\\\/www.rassegnastampa-totustuus.it\\\/cattolica\\\/\"},{\"@type\":\"ListItem\",\"position\":2,\"name\":\"Modello don Bosco\"}]},{\"@type\":\"WebSite\",\"@id\":\"https:\\\/\\\/www.rassegnastampa-totustuus.it\\\/cattolica\\\/#website\",\"url\":\"https:\\\/\\\/www.rassegnastampa-totustuus.it\\\/cattolica\\\/\",\"name\":\"Rassegna Stampa Cattolica\",\"description\":\"Per una cultura che nasce dalla Rivelazione cristiana in conformit\u00e0 alla tradizione e al Magistero della Chiesa in opposizione ad ogni relativismo e totalitarismo\",\"publisher\":{\"@id\":\"https:\\\/\\\/www.rassegnastampa-totustuus.it\\\/cattolica\\\/#organization\"},\"alternateName\":\"Rass. Cattolica\",\"potentialAction\":[{\"@type\":\"SearchAction\",\"target\":{\"@type\":\"EntryPoint\",\"urlTemplate\":\"https:\\\/\\\/www.rassegnastampa-totustuus.it\\\/cattolica\\\/?s={search_term_string}\"},\"query-input\":{\"@type\":\"PropertyValueSpecification\",\"valueRequired\":true,\"valueName\":\"search_term_string\"}}],\"inLanguage\":\"it-IT\"},{\"@type\":\"Organization\",\"@id\":\"https:\\\/\\\/www.rassegnastampa-totustuus.it\\\/cattolica\\\/#organization\",\"name\":\"Rassegna Stampa Cattolica\",\"url\":\"https:\\\/\\\/www.rassegnastampa-totustuus.it\\\/cattolica\\\/\",\"logo\":{\"@type\":\"ImageObject\",\"inLanguage\":\"it-IT\",\"@id\":\"https:\\\/\\\/www.rassegnastampa-totustuus.it\\\/cattolica\\\/#\\\/schema\\\/logo\\\/image\\\/\",\"url\":\"https:\\\/\\\/www.rassegnastampa-totustuus.it\\\/cattolica\\\/wp-content\\\/uploads\\\/2014\\\/04\\\/logo-rassegna1.gif\",\"contentUrl\":\"https:\\\/\\\/www.rassegnastampa-totustuus.it\\\/cattolica\\\/wp-content\\\/uploads\\\/2014\\\/04\\\/logo-rassegna1.gif\",\"width\":600,\"height\":163,\"caption\":\"Rassegna Stampa Cattolica\"},\"image\":{\"@id\":\"https:\\\/\\\/www.rassegnastampa-totustuus.it\\\/cattolica\\\/#\\\/schema\\\/logo\\\/image\\\/\"},\"sameAs\":[\"https:\\\/\\\/www.facebook.com\\\/rassegnastampacattolica\",\"https:\\\/\\\/x.com\\\/rassegnastampa9\"]},{\"@type\":\"Person\",\"@id\":\"https:\\\/\\\/www.rassegnastampa-totustuus.it\\\/cattolica\\\/#\\\/schema\\\/person\\\/08f319d2bd1a0904ad9e2bfb7b15e5c3\",\"name\":\"Redazione\",\"image\":{\"@type\":\"ImageObject\",\"inLanguage\":\"it-IT\",\"@id\":\"https:\\\/\\\/secure.gravatar.com\\\/avatar\\\/2fcdf27c78ea025fbdb44e914cc63c72249ffec9dc8aafd5c82b26240ef3f346?s=96&d=mm&r=g\",\"url\":\"https:\\\/\\\/secure.gravatar.com\\\/avatar\\\/2fcdf27c78ea025fbdb44e914cc63c72249ffec9dc8aafd5c82b26240ef3f346?s=96&d=mm&r=g\",\"contentUrl\":\"https:\\\/\\\/secure.gravatar.com\\\/avatar\\\/2fcdf27c78ea025fbdb44e914cc63c72249ffec9dc8aafd5c82b26240ef3f346?s=96&d=mm&r=g\",\"caption\":\"Redazione\"},\"url\":\"https:\\\/\\\/www.rassegnastampa-totustuus.it\\\/cattolica\\\/author\\\/pietroelle\\\/\"}]}<\/script>\n<!-- \/ Yoast SEO plugin. -->","yoast_head_json":{"title":"Modello don Bosco - Rassegna Stampa Cattolica","description":"Rassegna Stampa Cattolica - Per una cultura che nasce dalla Rivelazione cristiana in conformit\u00e0 alla tradizione e al Magistero della Chiesa in opposizione ad ogni relativismo e totalitarismo","robots":{"index":"index","follow":"follow","max-snippet":"max-snippet:-1","max-image-preview":"max-image-preview:large","max-video-preview":"max-video-preview:-1"},"canonical":"https:\/\/www.rassegnastampa-totustuus.it\/cattolica\/modello-don-bosco\/","og_locale":"it_IT","og_type":"article","og_title":"Modello don Bosco - Rassegna Stampa Cattolica","og_description":"Rassegna Stampa Cattolica - Per una cultura che nasce dalla Rivelazione cristiana in conformit\u00e0 alla tradizione e al Magistero della Chiesa in opposizione ad ogni relativismo e totalitarismo","og_url":"https:\/\/www.rassegnastampa-totustuus.it\/cattolica\/modello-don-bosco\/","og_site_name":"Rassegna Stampa Cattolica","article_publisher":"https:\/\/www.facebook.com\/rassegnastampacattolica","article_published_time":"2020-04-15T22:00:09+00:00","og_image":[{"width":1920,"height":1080,"url":"https:\/\/www.rassegnastampa-totustuus.it\/cattolica\/wp-content\/uploads\/2020\/04\/salesiani_capitolo_Chiesa.png","type":"image\/png"}],"author":"Redazione","twitter_card":"summary_large_image","twitter_creator":"@rassegnastampa9","twitter_site":"@rassegnastampa9","twitter_misc":{"Scritto da":"Redazione","Tempo di lettura stimato":"6 minuti"},"schema":{"@context":"https:\/\/schema.org","@graph":[{"@type":"Article","@id":"https:\/\/www.rassegnastampa-totustuus.it\/cattolica\/modello-don-bosco\/#article","isPartOf":{"@id":"https:\/\/www.rassegnastampa-totustuus.it\/cattolica\/modello-don-bosco\/"},"author":{"name":"Redazione","@id":"https:\/\/www.rassegnastampa-totustuus.it\/cattolica\/#\/schema\/person\/08f319d2bd1a0904ad9e2bfb7b15e5c3"},"headline":"Modello don Bosco","datePublished":"2020-04-15T22:00:09+00:00","mainEntityOfPage":{"@id":"https:\/\/www.rassegnastampa-totustuus.it\/cattolica\/modello-don-bosco\/"},"wordCount":1145,"publisher":{"@id":"https:\/\/www.rassegnastampa-totustuus.it\/cattolica\/#organization"},"image":{"@id":"https:\/\/www.rassegnastampa-totustuus.it\/cattolica\/modello-don-bosco\/#primaryimage"},"thumbnailUrl":"https:\/\/www.rassegnastampa-totustuus.it\/cattolica\/wp-content\/uploads\/2020\/04\/salesiani_capitolo_Chiesa.png","keywords":["chiesa","don Bosco","educazione","salesiani"],"articleSection":["Chiesa","Scuola ed educazione"],"inLanguage":"it-IT"},{"@type":"WebPage","@id":"https:\/\/www.rassegnastampa-totustuus.it\/cattolica\/modello-don-bosco\/","url":"https:\/\/www.rassegnastampa-totustuus.it\/cattolica\/modello-don-bosco\/","name":"Modello don Bosco - Rassegna Stampa Cattolica","isPartOf":{"@id":"https:\/\/www.rassegnastampa-totustuus.it\/cattolica\/#website"},"primaryImageOfPage":{"@id":"https:\/\/www.rassegnastampa-totustuus.it\/cattolica\/modello-don-bosco\/#primaryimage"},"image":{"@id":"https:\/\/www.rassegnastampa-totustuus.it\/cattolica\/modello-don-bosco\/#primaryimage"},"thumbnailUrl":"https:\/\/www.rassegnastampa-totustuus.it\/cattolica\/wp-content\/uploads\/2020\/04\/salesiani_capitolo_Chiesa.png","datePublished":"2020-04-15T22:00:09+00:00","description":"Rassegna Stampa Cattolica - Per una cultura che nasce dalla Rivelazione cristiana in conformit\u00e0 alla tradizione e al Magistero della Chiesa in opposizione ad ogni relativismo e totalitarismo","breadcrumb":{"@id":"https:\/\/www.rassegnastampa-totustuus.it\/cattolica\/modello-don-bosco\/#breadcrumb"},"inLanguage":"it-IT","potentialAction":[{"@type":"ReadAction","target":["https:\/\/www.rassegnastampa-totustuus.it\/cattolica\/modello-don-bosco\/"]}]},{"@type":"ImageObject","inLanguage":"it-IT","@id":"https:\/\/www.rassegnastampa-totustuus.it\/cattolica\/modello-don-bosco\/#primaryimage","url":"https:\/\/www.rassegnastampa-totustuus.it\/cattolica\/wp-content\/uploads\/2020\/04\/salesiani_capitolo_Chiesa.png","contentUrl":"https:\/\/www.rassegnastampa-totustuus.it\/cattolica\/wp-content\/uploads\/2020\/04\/salesiani_capitolo_Chiesa.png","width":1920,"height":1080},{"@type":"BreadcrumbList","@id":"https:\/\/www.rassegnastampa-totustuus.it\/cattolica\/modello-don-bosco\/#breadcrumb","itemListElement":[{"@type":"ListItem","position":1,"name":"Home","item":"https:\/\/www.rassegnastampa-totustuus.it\/cattolica\/"},{"@type":"ListItem","position":2,"name":"Modello don Bosco"}]},{"@type":"WebSite","@id":"https:\/\/www.rassegnastampa-totustuus.it\/cattolica\/#website","url":"https:\/\/www.rassegnastampa-totustuus.it\/cattolica\/","name":"Rassegna Stampa Cattolica","description":"Per una cultura che nasce dalla Rivelazione cristiana in conformit\u00e0 alla tradizione e al Magistero della Chiesa in opposizione ad ogni relativismo e totalitarismo","publisher":{"@id":"https:\/\/www.rassegnastampa-totustuus.it\/cattolica\/#organization"},"alternateName":"Rass. Cattolica","potentialAction":[{"@type":"SearchAction","target":{"@type":"EntryPoint","urlTemplate":"https:\/\/www.rassegnastampa-totustuus.it\/cattolica\/?s={search_term_string}"},"query-input":{"@type":"PropertyValueSpecification","valueRequired":true,"valueName":"search_term_string"}}],"inLanguage":"it-IT"},{"@type":"Organization","@id":"https:\/\/www.rassegnastampa-totustuus.it\/cattolica\/#organization","name":"Rassegna Stampa Cattolica","url":"https:\/\/www.rassegnastampa-totustuus.it\/cattolica\/","logo":{"@type":"ImageObject","inLanguage":"it-IT","@id":"https:\/\/www.rassegnastampa-totustuus.it\/cattolica\/#\/schema\/logo\/image\/","url":"https:\/\/www.rassegnastampa-totustuus.it\/cattolica\/wp-content\/uploads\/2014\/04\/logo-rassegna1.gif","contentUrl":"https:\/\/www.rassegnastampa-totustuus.it\/cattolica\/wp-content\/uploads\/2014\/04\/logo-rassegna1.gif","width":600,"height":163,"caption":"Rassegna Stampa Cattolica"},"image":{"@id":"https:\/\/www.rassegnastampa-totustuus.it\/cattolica\/#\/schema\/logo\/image\/"},"sameAs":["https:\/\/www.facebook.com\/rassegnastampacattolica","https:\/\/x.com\/rassegnastampa9"]},{"@type":"Person","@id":"https:\/\/www.rassegnastampa-totustuus.it\/cattolica\/#\/schema\/person\/08f319d2bd1a0904ad9e2bfb7b15e5c3","name":"Redazione","image":{"@type":"ImageObject","inLanguage":"it-IT","@id":"https:\/\/secure.gravatar.com\/avatar\/2fcdf27c78ea025fbdb44e914cc63c72249ffec9dc8aafd5c82b26240ef3f346?s=96&d=mm&r=g","url":"https:\/\/secure.gravatar.com\/avatar\/2fcdf27c78ea025fbdb44e914cc63c72249ffec9dc8aafd5c82b26240ef3f346?s=96&d=mm&r=g","contentUrl":"https:\/\/secure.gravatar.com\/avatar\/2fcdf27c78ea025fbdb44e914cc63c72249ffec9dc8aafd5c82b26240ef3f346?s=96&d=mm&r=g","caption":"Redazione"},"url":"https:\/\/www.rassegnastampa-totustuus.it\/cattolica\/author\/pietroelle\/"}]}},"_links":{"self":[{"href":"https:\/\/www.rassegnastampa-totustuus.it\/cattolica\/wp-json\/wp\/v2\/posts\/46978","targetHints":{"allow":["GET"]}}],"collection":[{"href":"https:\/\/www.rassegnastampa-totustuus.it\/cattolica\/wp-json\/wp\/v2\/posts"}],"about":[{"href":"https:\/\/www.rassegnastampa-totustuus.it\/cattolica\/wp-json\/wp\/v2\/types\/post"}],"author":[{"embeddable":true,"href":"https:\/\/www.rassegnastampa-totustuus.it\/cattolica\/wp-json\/wp\/v2\/users\/6"}],"replies":[{"embeddable":true,"href":"https:\/\/www.rassegnastampa-totustuus.it\/cattolica\/wp-json\/wp\/v2\/comments?post=46978"}],"version-history":[{"count":2,"href":"https:\/\/www.rassegnastampa-totustuus.it\/cattolica\/wp-json\/wp\/v2\/posts\/46978\/revisions"}],"predecessor-version":[{"id":46981,"href":"https:\/\/www.rassegnastampa-totustuus.it\/cattolica\/wp-json\/wp\/v2\/posts\/46978\/revisions\/46981"}],"wp:featuredmedia":[{"embeddable":true,"href":"https:\/\/www.rassegnastampa-totustuus.it\/cattolica\/wp-json\/wp\/v2\/media\/46979"}],"wp:attachment":[{"href":"https:\/\/www.rassegnastampa-totustuus.it\/cattolica\/wp-json\/wp\/v2\/media?parent=46978"}],"wp:term":[{"taxonomy":"category","embeddable":true,"href":"https:\/\/www.rassegnastampa-totustuus.it\/cattolica\/wp-json\/wp\/v2\/categories?post=46978"},{"taxonomy":"post_tag","embeddable":true,"href":"https:\/\/www.rassegnastampa-totustuus.it\/cattolica\/wp-json\/wp\/v2\/tags?post=46978"}],"curies":[{"name":"wp","href":"https:\/\/api.w.org\/{rel}","templated":true}]}}