{"id":46936,"date":"2020-04-16T00:00:48","date_gmt":"2020-04-15T22:00:48","guid":{"rendered":"http:\/\/www.rassegnastampa-totustuus.it\/cattolica\/?p=46936"},"modified":"2020-04-09T18:03:19","modified_gmt":"2020-04-09T16:03:19","slug":"duilio-marchesini-1930-2020","status":"publish","type":"post","link":"https:\/\/www.rassegnastampa-totustuus.it\/cattolica\/duilio-marchesini-1930-2020\/","title":{"rendered":"Duilio Marchesini (1930-2020)"},"content":{"rendered":"<p style=\"text-align: center;\"><strong><a href=\"https:\/\/www.rassegnastampa-totustuus.it\/cattolica\/wp-content\/uploads\/2009\/03\/68.jpg\"><img loading=\"lazy\" decoding=\"async\" class=\"size-full wp-image-18002 alignleft\" src=\"https:\/\/www.rassegnastampa-totustuus.it\/cattolica\/wp-content\/uploads\/2009\/03\/68.jpg\" alt=\"\" width=\"259\" height=\"194\" \/><\/a>Il Borghese<\/strong> n. 3 Roma marzo 2020<\/p>\n<p style=\"text-align: center;\"><em>In memoriam <\/em><\/p>\n<p style=\"text-align: center;\">di <strong>Giuseppe Brienza<\/strong><\/p>\n<p><!--more--><\/p>\n<p style=\"text-align: justify;\">Per comprendere origini e ideologie della stagione, che stiamo per vari aspetti ancora vivendo, del <em>Sessantotto<\/em>, \u00e8 necessario risalire al periodo che segu\u00ec al Concilio Vaticano II (1962-65), nonch\u00e9 alle conseguenze di una crisi epocale che ha l\u00ec la sua genesi, poi esplosa nella <em>Rivoluzione culturale <\/em>e negli <em>Anni di piombo<\/em>. Il 26 gennaio scorso \u00e8 morto a Roma Duilio Marchesini (1930-2020), un pittore e una figura indimenticabile della destra cattolica italiana, che ha contrastato in vari modi, soprattutto negli anni tempestosi della rivolta studentesca, l\u2019ondata nichilista e anarcoide degli anni Settanta, talvolta veicolata anche da sacerdoti o leader cattolici confusi e\/o ideologizzati.<\/p>\n<p style=\"text-align: justify;\"><a href=\"https:\/\/www.rassegnastampa-totustuus.it\/cattolica\/wp-content\/uploads\/2007\/01\/cattocomunisti.jpg\"><img loading=\"lazy\" decoding=\"async\" class=\"size-full wp-image-30921 alignleft\" src=\"https:\/\/www.rassegnastampa-totustuus.it\/cattolica\/wp-content\/uploads\/2007\/01\/cattocomunisti.jpg\" alt=\"\" width=\"221\" height=\"228\" \/><\/a>In appoggio al movimento <em>Civilt\u00e0 Italica<\/em>e ispirato ai gruppi dei <em>Guerilleros de Cristo Rey<\/em> spagnoli, da giovane Marchesini si distinse persino per manifestazioni nelle chiese ed azioni dimostrative nei confronti dei preti marxisteggianti o filocomunisti. Il 5 aprile 1975 tutti i quotidiani di sinistra pubblicarono ad esempio la notizia della sua aggressione a Don Vittorio Fincato, allora viceparroco della chiesa della Nativit\u00e0 nel quartiere Appio-Latino, che gli guadagn\u00f2 il famoso telegramma del Cardinal Vicario Ugo Poletti (1914-1997) che, in piena epoca di martirio nei Paesi comunisti, ricordava a lui \u00ab<em>la scomunica contro chi usa violenza nei confronti di un sacerdote<\/em>\u00bb (<em>Solidariet\u00e0 di Poletti col sacerdote aggredito<\/em>, in <em>L\u2019Unit\u00e0<\/em>, aprile 1975, p. 10).<\/p>\n<p style=\"text-align: justify;\">I funerali di Duilio Marchesini sono stati celebrati il 28 gennaio nella Basilica romana di sant\u2019Eugenio alle Belle Arti, da lui frequentata per oltre quarant\u2019anni in quanto affidata all\u2019<em>Opus Dei<\/em>, la prelatura personale della quale \u00e8 stato membro laico (<em>soprannumerario<\/em>).<\/p>\n<p style=\"text-align: justify;\">Al momento in cui scoppi\u00f2 la Rivoluzione Sessantottina, Marchesini era il leader dell\u2019ORUR, l\u2019organismo rappresentativo degli universitari de \u201cLa Sapienza\u201d di Roma, reagendo naturalmente con decisione alle prevaricazioni delle sinistre e dei gruppettari, che spesso affront\u00f2 anche \u201cfisicamente\u201d, assieme a Giancarlo Scafidi, compagno di tutte le sue battaglie. \u00a0<\/p>\n<p style=\"text-align: justify;\"><a href=\"https:\/\/www.rassegnastampa-totustuus.it\/cattolica\/wp-content\/uploads\/2020\/04\/68.jpg\"><img loading=\"lazy\" decoding=\"async\" class=\" wp-image-46937 alignright\" src=\"https:\/\/www.rassegnastampa-totustuus.it\/cattolica\/wp-content\/uploads\/2020\/04\/68.jpg\" alt=\"\" width=\"253\" height=\"261\" \/><\/a>Come \u00e8 stato giustamente rievocato, per questi motivi Marchesini dovette pagare un prezzo molto alto, in quanto \u00ab<em>fu pi\u00f9 volte ferito e arrestato con l\u2019accusa di rissa, pur essendo la vittima di circa cento aggressioni e, con Scafidi, pass\u00f2 diversi mesi nel carcere romano di Regina Coeli, dove divenne popolare ed amato tra i detenuti e le guardie carcerarie per la sua umanit\u00e0 e carit\u00e0 cristiana<\/em>\u00bb [Emmanuele Barbieri, <em>In memoriam: Duilio Marchesini (1930-2020)<\/em>,in <em>Corrispondenza romana<\/em>, 29 gennaio 2020].<\/p>\n<p style=\"text-align: justify;\">Nonostante tutto riusc\u00ec a laurearsi all\u2019Accademia di Belle Arti di Brera, a Milano, dove insegn\u00f2 disegno e storia dell\u2019arte nei licei e si fece apprezzare come pittore, ricoprendo l\u2019incarico di presidente dell\u2019Ucai-<em>Unione Cattolica Artisti Italiani<\/em>. Cerc\u00f2 cos\u00ec di portare avanti, da artista e docente, l\u2019attualit\u00e0 dell\u2019arte figurativa e, al contempo, l\u2019inconsistenza culturale dell\u2019arte astratta e informale.<\/p>\n<p style=\"text-align: justify;\">Ne troviamo testimonianza nella sua monografia <em>Contro l&#8217;arte astratta e informale<\/em>, curata nel 1998 per la <em>Grande Enciclopedia Epistemologica<\/em>, opera fondata e diretta da Mons. Antonio Livi, che ha in appendice il <em>Primo manifesto della continuit\u00e0 dell&#8217;arte<\/em>, al quale hanno aderito diversi artisti e intellettuali principalmente romani ma non solo (cfr. Duilio Marchesini, <em>Contro l&#8217;arte astratta e informale<\/em>, v. 3- La pittura, <em>Edizioni romane di cultura<\/em>, Roma 1998, pp. 67).<\/p>\n<p style=\"text-align: justify;\"><a href=\"https:\/\/www.rassegnastampa-totustuus.it\/cattolica\/wp-content\/uploads\/2018\/06\/68_internaz.jpg\"><img loading=\"lazy\" decoding=\"async\" class=\"size-full wp-image-40524 alignleft\" src=\"https:\/\/www.rassegnastampa-totustuus.it\/cattolica\/wp-content\/uploads\/2018\/06\/68_internaz.jpg\" alt=\"\" width=\"299\" height=\"169\" \/><\/a>Gli stessi che l\u2019hanno onorato partecipando, assieme a tanti estimatori, all\u2019ultima &#8220;<em>Mostra di arte figurativa personale<\/em>\u201d, organizzata nel centro storico di Roma, nella Galleria S. Maria dei Miracoli di via del Corso 528 (piazza del Popolo), dal 7 al 15 aprile2018.<\/p>\n<p style=\"text-align: justify;\">In una delle sue ultime interviste, rilasciata nel 50\u00b0 anniversario della <em>Rivoluzione culturale<\/em>, Marchesini ha dichiarato: \u00ab<em>Il Sessantotto \u00e8 finito, se non altro perch\u00e9 \u00e8 crollato il mondo comunista internazionale, ma il fenomeno anticristiano esiste sempre. La serie dei disegni di legge riguardanti divorzio, aborto, gay, eutanasia, droga \u00e8 stato ed \u00e8 uno strumento per scalzare dalla societ\u00e0 la morale cristiana, i Comandamenti e i Sacramenti: una forma meno vistosa delle masse di studenti in piazza e delle occupazioni, ma l\u2019intento \u00e8 lo stesso. Bisogna combattere questi tentativi, manifestando anche pubblicamente. Non basta l\u2019azione di formazioni dottrinali e culturali, anche se essenziale, nell\u2019ambito delle parrocchie e delle famiglie: i cattolici non possono non essere militanti<\/em>\u00bb(Mauro Faverzani, <em>Intervista al prof. Duilio Marchesini che disse \u201cNO\u201d al 68&#8230;<\/em>, in <em>Radici cristiane<\/em>, n.131 &#8211; marzo 2018).<\/p>\n<p style=\"text-align: justify;\"><a href=\"https:\/\/www.rassegnastampa-totustuus.it\/cattolica\/wp-content\/uploads\/2006\/05\/Fides-Cath_cover.jpg\"><img loading=\"lazy\" decoding=\"async\" class=\" wp-image-15793 alignright\" src=\"https:\/\/www.rassegnastampa-totustuus.it\/cattolica\/wp-content\/uploads\/2006\/05\/Fides-Cath_cover-193x300.jpg\" alt=\"\" width=\"151\" height=\"235\" srcset=\"https:\/\/www.rassegnastampa-totustuus.it\/cattolica\/wp-content\/uploads\/2006\/05\/Fides-Cath_cover-193x300.jpg 193w, https:\/\/www.rassegnastampa-totustuus.it\/cattolica\/wp-content\/uploads\/2006\/05\/Fides-Cath_cover.jpg 219w\" sizes=\"auto, (max-width: 151px) 100vw, 151px\" \/><\/a>La numerosa folla presente al suo funerale testimonia della stima e dell\u2019affetto che fino all\u2019ultimo hanno circondato questo cattolico militante \u00ab<em>dal cuore puro come quello di un bambino<\/em>\u00bb,come detto da don Michele Diaz, il parroco di Sant\u2019Eugenio che ha officiato le esequie. Insieme a Giancarlo Scafidi, Marchesini aveva appena fatto in tempo a raccogliere i suoi ricordi nel \u201cromanzo-verit\u00e0\u201d <em>La Sapienza e Regina Coeli<\/em>, pubblicato dall\u2019editore Marco Solfanelli. \u00a0<\/p>\n<p style=\"text-align: justify;\">Ho avuto occasione di contattare personalmente Duilio Marchesini in occasione degli studi condotti per il saggio storico <em>Il movimento \u201cCivilt\u00e0 Cristiana\u201d e la rivista cattolica \u201cVigilia Romana\u201d (1969-74)<\/em>, pubblicato sulla rivista dei Francescani dell\u2019Immacolata<em> Fides Catholica. <\/em><\/p>\n<p style=\"text-align: justify;\">Gli scrissi per chiedere \u00abqualche nota\/ricordo su &#8220;Civilt\u00e0 Cristiana&#8221; e darmi una sua consulenza sull\u2019\u201cAppello ai vescovi italiani contro l&#8217;approvanda legge sul divorzio\u201d, diffusa da questa associazione nel 1970 a Roma e altrove\u00bb <em>(<\/em>mail del 21 settembre 2010).<\/p>\n<p style=\"text-align: justify;\">Mi rispose subito cos\u00ec con la cortesia che gli era usale: \u00ab<em>Civilt\u00e0 Cristiana \u00e8 stata un&#8217;associazione di tradizionalisti il cui statuto risaliva a Konrad Adenauer. Franco Antico l&#8217;ha diretta sempre in esclusiva. Alla sua mo<a href=\"https:\/\/www.rassegnastampa-totustuus.it\/cattolica\/wp-content\/uploads\/2013\/10\/abusi_liturgici.jpg\"><img loading=\"lazy\" decoding=\"async\" class=\"size-full wp-image-32875 alignleft\" src=\"https:\/\/www.rassegnastampa-totustuus.it\/cattolica\/wp-content\/uploads\/2013\/10\/abusi_liturgici.jpg\" alt=\"\" width=\"276\" height=\"183\" \/><\/a>rte non c&#8217;\u00e8 stato chi potesse sostituirlo specialmente nella complessa gestione della sede romana di Corso Vittorio. In buona parte i soci sono rimasti amici e anche oggi capita che si incontrino. Sull&#8217;appello dei vescovi va considerato il ruolo militante dell&#8217;Associazione in tutte le tematiche del &#8217;68 (divorzio, aborto, compromesso storico, arco costituzionale, lotte all&#8217;Universit\u00e0&#8230;) e nelle vicende del dopo Concilio Vaticano II (liturgie blasfeme, oltraggio all&#8217;Eucarestia, affossamento del latino, presepi &#8220;attualizzati&#8221;, seminari in crisi, cattocomunismi d&#8217;ogni genere e cos\u00ec via)<\/em>\u00bb.<\/p>\n<p style=\"text-align: justify;\"><em>\u00abCe n&#8217;\u00e8 di roba e robaccia. Conseguenze di questi fronti sostenuti da Franco Antico e dai suoi di Civilt\u00e0 Cristiana per quindici anni sono ferite, rischi, galere e privazioni d&#8217;ogni genere. A tutt&#8217;oggi alcune di quelle ferite, nell&#8217;anima e nel corpo, non sono cicatrizzate. Attendono giustizia da istituzioni politiche e religiose. Se la storia dir\u00e0 che in Italia e a Roma, mentre tutto, proprio tutto, vacillava, qualcuno ha tenuto duro, il nome di Civilt\u00e0 Cristiana verr\u00e0 fuori<\/em>\u00bb (mail di Duilio Marchesini, 21 settembre 2010).<\/p>\n<p style=\"text-align: justify;\"><a href=\"https:\/\/www.rassegnastampa-totustuus.it\/cattolica\/wp-content\/uploads\/2020\/04\/Tosca_cover.jpg\"><img loading=\"lazy\" decoding=\"async\" class=\"size-full wp-image-46938 alignright\" src=\"https:\/\/www.rassegnastampa-totustuus.it\/cattolica\/wp-content\/uploads\/2020\/04\/Tosca_cover.jpg\" alt=\"\" width=\"188\" height=\"269\" \/><\/a>In effetti l\u2019aveva fatto \u201cvenire fuori\u201d, sia pure senza scrivere approfonditamente la storia, lo storico della Destra Pino Tosca (1946-2001), nel libro <em>Il cammino della Tradizione. Il tradizionalismo italiano 1920-1990<\/em>, pubblicato per una piccola casa editrice nel 1992, ma ristampato da Il Cerchio di Rimini nel 1995. \u00abCivilt\u00e0 Cristiana &#8211; ha scritto Tosca -, diretta da Franco Antico, Franco Andreini, e Mario Eichberg era, negli anni Settanta, un\u2019organizzazione ben presente a Roma e che godeva di notevoli appoggi sia in ambienti Vaticani che in ambienti della cosiddetta \u201cnobilt\u00e0 nera\u201d.<\/p>\n<p style=\"text-align: justify;\">Al suo periodico Vigilia Romana collaboravano autorevoli nomi del cattolicesimo come Mons. Francesco Spadafora, Don Giuseppe Pace, Padre Antonio Coccia, Giuseppe Vattuone, Fausto Belfiori, Mons Guerard des Lauriers. Purtroppo, anche questa esperienza che godeva di considerevoli apporti dovette concludersi agli inizi degli anni Ottanta, per due motivi precisi: la prematura morte di Franco Antico e il non essere riusciti ad individuare un nuovo leader o a creare una base giovanile che potesse ereditare il lavoro sino allora svolto\u00bb (pp. 89-90).<\/p>\n<p style=\"text-align: justify;\"><a href=\"https:\/\/www.rassegnastampa-totustuus.it\/cattolica\/wp-content\/uploads\/2007\/03\/commissario_Calabresi.jpg\"><img loading=\"lazy\" decoding=\"async\" class=\"size-full wp-image-33675 alignleft\" src=\"https:\/\/www.rassegnastampa-totustuus.it\/cattolica\/wp-content\/uploads\/2007\/03\/commissario_Calabresi.jpg\" alt=\"\" width=\"259\" height=\"194\" \/><\/a>Duilio Marchesini, ha ricordato il giornalista Pucci Cipriani, \u00abviveva in povert\u00e0 come un frate e veniva chiamato \u201cil cazzotto di Dio\u201d, perch\u00e9 alle messe beat strappava via di mano le chitarre ai ragazzotti e gliele fracassava. Ero presente quando il commissario Luigi Calabresi lo incontr\u00f2 e gli consegn\u00f2 una busta con dentro il suo primo stipendio guadagnato dopo il trasferimento alla questura di Milano.\u201cQuesto \u00e8 per la tua anziana zia\u201d, gli disse\u00bb (Stefano Lorenzetto, Nel paese del capo dei tradizionalisti la foto di Fido al posto del crocifisso, il Giornale, 19febbraio2006, p. 18).<\/p>\n<p style=\"text-align: justify;\">L\u2019ultimo post di Marchesini su Facebook l\u2019ha pubblicato pochi giorni di morire, il 24 gennaio 2020, alle ore 18:40. Condividendo ancora una volta con i suoi contatti la fiducia politica nei valori di sempre, quelli incarnati nella Destra, ha rilanciato la diretta e il seguente messaggio di Giorgia Meloni a sostegno del candidato leghista alle regionali emiliano-romagnole Lucia Borgonzoni:<em> \u00abAscolta il mio intervento a Ravenna per la chiusura della campagna elettorale in Emilia-Romagna! #VotaFratellidItalia\u00bb. <\/em><\/p>\n\n\n<p><\/p>\n","protected":false},"excerpt":{"rendered":"<p>Il Borghese n. 3 Roma marzo 2020 In memoriam di Giuseppe Brienza<\/p><p><a class=\"more-link btn\" href=\"https:\/\/www.rassegnastampa-totustuus.it\/cattolica\/duilio-marchesini-1930-2020\/\">Continua a leggere<\/a><\/p>\n","protected":false},"author":6,"featured_media":0,"comment_status":"closed","ping_status":"closed","sticky":false,"template":"","format":"standard","meta":{"footnotes":""},"categories":[5,18],"tags":[157,2803,283,789,1955],"class_list":["post-46936","post","type-post","status-publish","format-standard","hentry","category-chiesa","category-personaggi","tag-chiesa-2","tag-duilio-marchesini","tag-personaggi-2","tag-progressismo-cattolico-2","tag-tradizionalismo","item-wrap"],"yoast_head":"<!-- This site is optimized with the Yoast SEO plugin v27.5 - https:\/\/yoast.com\/product\/yoast-seo-wordpress\/ -->\n<title>Duilio Marchesini (1930-2020) - Rassegna Stampa Cattolica<\/title>\n<meta name=\"description\" content=\"Rassegna Stampa Cattolica - Per una cultura che nasce dalla Rivelazione cristiana in conformit\u00e0 alla tradizione e al Magistero della Chiesa in opposizione ad ogni relativismo e totalitarismo\" \/>\n<meta name=\"robots\" content=\"index, follow, max-snippet:-1, max-image-preview:large, max-video-preview:-1\" \/>\n<link rel=\"canonical\" href=\"https:\/\/www.rassegnastampa-totustuus.it\/cattolica\/duilio-marchesini-1930-2020\/\" \/>\n<meta property=\"og:locale\" content=\"it_IT\" \/>\n<meta property=\"og:type\" content=\"article\" \/>\n<meta property=\"og:title\" content=\"Duilio Marchesini (1930-2020) - Rassegna Stampa Cattolica\" \/>\n<meta property=\"og:description\" content=\"Rassegna Stampa Cattolica - Per una cultura che nasce dalla Rivelazione cristiana in conformit\u00e0 alla tradizione e al Magistero della Chiesa in opposizione ad ogni relativismo e totalitarismo\" \/>\n<meta property=\"og:url\" content=\"https:\/\/www.rassegnastampa-totustuus.it\/cattolica\/duilio-marchesini-1930-2020\/\" \/>\n<meta property=\"og:site_name\" content=\"Rassegna Stampa Cattolica\" \/>\n<meta property=\"article:publisher\" content=\"https:\/\/www.facebook.com\/rassegnastampacattolica\" \/>\n<meta property=\"article:published_time\" content=\"2020-04-15T22:00:48+00:00\" \/>\n<meta property=\"og:image\" content=\"http:\/\/www.rassegnastampa-totustuus.it\/cattolica\/wp-content\/uploads\/2009\/03\/68.jpg\" \/>\n<meta name=\"author\" content=\"Redazione\" \/>\n<meta name=\"twitter:card\" content=\"summary_large_image\" \/>\n<meta name=\"twitter:creator\" content=\"@rassegnastampa9\" \/>\n<meta name=\"twitter:site\" content=\"@rassegnastampa9\" \/>\n<meta name=\"twitter:label1\" content=\"Scritto da\" \/>\n\t<meta name=\"twitter:data1\" content=\"Redazione\" \/>\n\t<meta name=\"twitter:label2\" content=\"Tempo di lettura stimato\" \/>\n\t<meta name=\"twitter:data2\" content=\"7 minuti\" \/>\n<script type=\"application\/ld+json\" class=\"yoast-schema-graph\">{\"@context\":\"https:\\\/\\\/schema.org\",\"@graph\":[{\"@type\":\"Article\",\"@id\":\"https:\\\/\\\/www.rassegnastampa-totustuus.it\\\/cattolica\\\/duilio-marchesini-1930-2020\\\/#article\",\"isPartOf\":{\"@id\":\"https:\\\/\\\/www.rassegnastampa-totustuus.it\\\/cattolica\\\/duilio-marchesini-1930-2020\\\/\"},\"author\":{\"name\":\"Redazione\",\"@id\":\"https:\\\/\\\/www.rassegnastampa-totustuus.it\\\/cattolica\\\/#\\\/schema\\\/person\\\/08f319d2bd1a0904ad9e2bfb7b15e5c3\"},\"headline\":\"Duilio Marchesini (1930-2020)\",\"datePublished\":\"2020-04-15T22:00:48+00:00\",\"mainEntityOfPage\":{\"@id\":\"https:\\\/\\\/www.rassegnastampa-totustuus.it\\\/cattolica\\\/duilio-marchesini-1930-2020\\\/\"},\"wordCount\":1383,\"publisher\":{\"@id\":\"https:\\\/\\\/www.rassegnastampa-totustuus.it\\\/cattolica\\\/#organization\"},\"image\":{\"@id\":\"https:\\\/\\\/www.rassegnastampa-totustuus.it\\\/cattolica\\\/duilio-marchesini-1930-2020\\\/#primaryimage\"},\"thumbnailUrl\":\"http:\\\/\\\/www.rassegnastampa-totustuus.it\\\/cattolica\\\/wp-content\\\/uploads\\\/2009\\\/03\\\/68.jpg\",\"keywords\":[\"chiesa\",\"Duilio Marchesini\",\"personaggi\",\"progressismo cattolico\",\"tradizionalismo\"],\"articleSection\":[\"Chiesa\",\"Personaggi\"],\"inLanguage\":\"it-IT\"},{\"@type\":\"WebPage\",\"@id\":\"https:\\\/\\\/www.rassegnastampa-totustuus.it\\\/cattolica\\\/duilio-marchesini-1930-2020\\\/\",\"url\":\"https:\\\/\\\/www.rassegnastampa-totustuus.it\\\/cattolica\\\/duilio-marchesini-1930-2020\\\/\",\"name\":\"Duilio Marchesini (1930-2020) - Rassegna Stampa Cattolica\",\"isPartOf\":{\"@id\":\"https:\\\/\\\/www.rassegnastampa-totustuus.it\\\/cattolica\\\/#website\"},\"primaryImageOfPage\":{\"@id\":\"https:\\\/\\\/www.rassegnastampa-totustuus.it\\\/cattolica\\\/duilio-marchesini-1930-2020\\\/#primaryimage\"},\"image\":{\"@id\":\"https:\\\/\\\/www.rassegnastampa-totustuus.it\\\/cattolica\\\/duilio-marchesini-1930-2020\\\/#primaryimage\"},\"thumbnailUrl\":\"http:\\\/\\\/www.rassegnastampa-totustuus.it\\\/cattolica\\\/wp-content\\\/uploads\\\/2009\\\/03\\\/68.jpg\",\"datePublished\":\"2020-04-15T22:00:48+00:00\",\"description\":\"Rassegna Stampa Cattolica - Per una cultura che nasce dalla Rivelazione cristiana in conformit\u00e0 alla tradizione e al Magistero della Chiesa in opposizione ad ogni relativismo e totalitarismo\",\"breadcrumb\":{\"@id\":\"https:\\\/\\\/www.rassegnastampa-totustuus.it\\\/cattolica\\\/duilio-marchesini-1930-2020\\\/#breadcrumb\"},\"inLanguage\":\"it-IT\",\"potentialAction\":[{\"@type\":\"ReadAction\",\"target\":[\"https:\\\/\\\/www.rassegnastampa-totustuus.it\\\/cattolica\\\/duilio-marchesini-1930-2020\\\/\"]}]},{\"@type\":\"ImageObject\",\"inLanguage\":\"it-IT\",\"@id\":\"https:\\\/\\\/www.rassegnastampa-totustuus.it\\\/cattolica\\\/duilio-marchesini-1930-2020\\\/#primaryimage\",\"url\":\"http:\\\/\\\/www.rassegnastampa-totustuus.it\\\/cattolica\\\/wp-content\\\/uploads\\\/2009\\\/03\\\/68.jpg\",\"contentUrl\":\"http:\\\/\\\/www.rassegnastampa-totustuus.it\\\/cattolica\\\/wp-content\\\/uploads\\\/2009\\\/03\\\/68.jpg\"},{\"@type\":\"BreadcrumbList\",\"@id\":\"https:\\\/\\\/www.rassegnastampa-totustuus.it\\\/cattolica\\\/duilio-marchesini-1930-2020\\\/#breadcrumb\",\"itemListElement\":[{\"@type\":\"ListItem\",\"position\":1,\"name\":\"Home\",\"item\":\"https:\\\/\\\/www.rassegnastampa-totustuus.it\\\/cattolica\\\/\"},{\"@type\":\"ListItem\",\"position\":2,\"name\":\"Duilio Marchesini (1930-2020)\"}]},{\"@type\":\"WebSite\",\"@id\":\"https:\\\/\\\/www.rassegnastampa-totustuus.it\\\/cattolica\\\/#website\",\"url\":\"https:\\\/\\\/www.rassegnastampa-totustuus.it\\\/cattolica\\\/\",\"name\":\"Rassegna Stampa Cattolica\",\"description\":\"Per una cultura che nasce dalla Rivelazione cristiana in conformit\u00e0 alla tradizione e al Magistero della Chiesa in opposizione ad ogni relativismo e totalitarismo\",\"publisher\":{\"@id\":\"https:\\\/\\\/www.rassegnastampa-totustuus.it\\\/cattolica\\\/#organization\"},\"alternateName\":\"Rass. Cattolica\",\"potentialAction\":[{\"@type\":\"SearchAction\",\"target\":{\"@type\":\"EntryPoint\",\"urlTemplate\":\"https:\\\/\\\/www.rassegnastampa-totustuus.it\\\/cattolica\\\/?s={search_term_string}\"},\"query-input\":{\"@type\":\"PropertyValueSpecification\",\"valueRequired\":true,\"valueName\":\"search_term_string\"}}],\"inLanguage\":\"it-IT\"},{\"@type\":\"Organization\",\"@id\":\"https:\\\/\\\/www.rassegnastampa-totustuus.it\\\/cattolica\\\/#organization\",\"name\":\"Rassegna Stampa Cattolica\",\"url\":\"https:\\\/\\\/www.rassegnastampa-totustuus.it\\\/cattolica\\\/\",\"logo\":{\"@type\":\"ImageObject\",\"inLanguage\":\"it-IT\",\"@id\":\"https:\\\/\\\/www.rassegnastampa-totustuus.it\\\/cattolica\\\/#\\\/schema\\\/logo\\\/image\\\/\",\"url\":\"https:\\\/\\\/www.rassegnastampa-totustuus.it\\\/cattolica\\\/wp-content\\\/uploads\\\/2014\\\/04\\\/logo-rassegna1.gif\",\"contentUrl\":\"https:\\\/\\\/www.rassegnastampa-totustuus.it\\\/cattolica\\\/wp-content\\\/uploads\\\/2014\\\/04\\\/logo-rassegna1.gif\",\"width\":600,\"height\":163,\"caption\":\"Rassegna Stampa Cattolica\"},\"image\":{\"@id\":\"https:\\\/\\\/www.rassegnastampa-totustuus.it\\\/cattolica\\\/#\\\/schema\\\/logo\\\/image\\\/\"},\"sameAs\":[\"https:\\\/\\\/www.facebook.com\\\/rassegnastampacattolica\",\"https:\\\/\\\/x.com\\\/rassegnastampa9\"]},{\"@type\":\"Person\",\"@id\":\"https:\\\/\\\/www.rassegnastampa-totustuus.it\\\/cattolica\\\/#\\\/schema\\\/person\\\/08f319d2bd1a0904ad9e2bfb7b15e5c3\",\"name\":\"Redazione\",\"image\":{\"@type\":\"ImageObject\",\"inLanguage\":\"it-IT\",\"@id\":\"https:\\\/\\\/secure.gravatar.com\\\/avatar\\\/2fcdf27c78ea025fbdb44e914cc63c72249ffec9dc8aafd5c82b26240ef3f346?s=96&d=mm&r=g\",\"url\":\"https:\\\/\\\/secure.gravatar.com\\\/avatar\\\/2fcdf27c78ea025fbdb44e914cc63c72249ffec9dc8aafd5c82b26240ef3f346?s=96&d=mm&r=g\",\"contentUrl\":\"https:\\\/\\\/secure.gravatar.com\\\/avatar\\\/2fcdf27c78ea025fbdb44e914cc63c72249ffec9dc8aafd5c82b26240ef3f346?s=96&d=mm&r=g\",\"caption\":\"Redazione\"},\"url\":\"https:\\\/\\\/www.rassegnastampa-totustuus.it\\\/cattolica\\\/author\\\/pietroelle\\\/\"}]}<\/script>\n<!-- \/ Yoast SEO plugin. -->","yoast_head_json":{"title":"Duilio Marchesini (1930-2020) - Rassegna Stampa Cattolica","description":"Rassegna Stampa Cattolica - Per una cultura che nasce dalla Rivelazione cristiana in conformit\u00e0 alla tradizione e al Magistero della Chiesa in opposizione ad ogni relativismo e totalitarismo","robots":{"index":"index","follow":"follow","max-snippet":"max-snippet:-1","max-image-preview":"max-image-preview:large","max-video-preview":"max-video-preview:-1"},"canonical":"https:\/\/www.rassegnastampa-totustuus.it\/cattolica\/duilio-marchesini-1930-2020\/","og_locale":"it_IT","og_type":"article","og_title":"Duilio Marchesini (1930-2020) - Rassegna Stampa Cattolica","og_description":"Rassegna Stampa Cattolica - Per una cultura che nasce dalla Rivelazione cristiana in conformit\u00e0 alla tradizione e al Magistero della Chiesa in opposizione ad ogni relativismo e totalitarismo","og_url":"https:\/\/www.rassegnastampa-totustuus.it\/cattolica\/duilio-marchesini-1930-2020\/","og_site_name":"Rassegna Stampa Cattolica","article_publisher":"https:\/\/www.facebook.com\/rassegnastampacattolica","article_published_time":"2020-04-15T22:00:48+00:00","og_image":[{"url":"http:\/\/www.rassegnastampa-totustuus.it\/cattolica\/wp-content\/uploads\/2009\/03\/68.jpg","type":"","width":"","height":""}],"author":"Redazione","twitter_card":"summary_large_image","twitter_creator":"@rassegnastampa9","twitter_site":"@rassegnastampa9","twitter_misc":{"Scritto da":"Redazione","Tempo di lettura stimato":"7 minuti"},"schema":{"@context":"https:\/\/schema.org","@graph":[{"@type":"Article","@id":"https:\/\/www.rassegnastampa-totustuus.it\/cattolica\/duilio-marchesini-1930-2020\/#article","isPartOf":{"@id":"https:\/\/www.rassegnastampa-totustuus.it\/cattolica\/duilio-marchesini-1930-2020\/"},"author":{"name":"Redazione","@id":"https:\/\/www.rassegnastampa-totustuus.it\/cattolica\/#\/schema\/person\/08f319d2bd1a0904ad9e2bfb7b15e5c3"},"headline":"Duilio Marchesini (1930-2020)","datePublished":"2020-04-15T22:00:48+00:00","mainEntityOfPage":{"@id":"https:\/\/www.rassegnastampa-totustuus.it\/cattolica\/duilio-marchesini-1930-2020\/"},"wordCount":1383,"publisher":{"@id":"https:\/\/www.rassegnastampa-totustuus.it\/cattolica\/#organization"},"image":{"@id":"https:\/\/www.rassegnastampa-totustuus.it\/cattolica\/duilio-marchesini-1930-2020\/#primaryimage"},"thumbnailUrl":"http:\/\/www.rassegnastampa-totustuus.it\/cattolica\/wp-content\/uploads\/2009\/03\/68.jpg","keywords":["chiesa","Duilio Marchesini","personaggi","progressismo cattolico","tradizionalismo"],"articleSection":["Chiesa","Personaggi"],"inLanguage":"it-IT"},{"@type":"WebPage","@id":"https:\/\/www.rassegnastampa-totustuus.it\/cattolica\/duilio-marchesini-1930-2020\/","url":"https:\/\/www.rassegnastampa-totustuus.it\/cattolica\/duilio-marchesini-1930-2020\/","name":"Duilio Marchesini (1930-2020) - Rassegna Stampa Cattolica","isPartOf":{"@id":"https:\/\/www.rassegnastampa-totustuus.it\/cattolica\/#website"},"primaryImageOfPage":{"@id":"https:\/\/www.rassegnastampa-totustuus.it\/cattolica\/duilio-marchesini-1930-2020\/#primaryimage"},"image":{"@id":"https:\/\/www.rassegnastampa-totustuus.it\/cattolica\/duilio-marchesini-1930-2020\/#primaryimage"},"thumbnailUrl":"http:\/\/www.rassegnastampa-totustuus.it\/cattolica\/wp-content\/uploads\/2009\/03\/68.jpg","datePublished":"2020-04-15T22:00:48+00:00","description":"Rassegna Stampa Cattolica - Per una cultura che nasce dalla Rivelazione cristiana in conformit\u00e0 alla tradizione e al Magistero della Chiesa in opposizione ad ogni relativismo e totalitarismo","breadcrumb":{"@id":"https:\/\/www.rassegnastampa-totustuus.it\/cattolica\/duilio-marchesini-1930-2020\/#breadcrumb"},"inLanguage":"it-IT","potentialAction":[{"@type":"ReadAction","target":["https:\/\/www.rassegnastampa-totustuus.it\/cattolica\/duilio-marchesini-1930-2020\/"]}]},{"@type":"ImageObject","inLanguage":"it-IT","@id":"https:\/\/www.rassegnastampa-totustuus.it\/cattolica\/duilio-marchesini-1930-2020\/#primaryimage","url":"http:\/\/www.rassegnastampa-totustuus.it\/cattolica\/wp-content\/uploads\/2009\/03\/68.jpg","contentUrl":"http:\/\/www.rassegnastampa-totustuus.it\/cattolica\/wp-content\/uploads\/2009\/03\/68.jpg"},{"@type":"BreadcrumbList","@id":"https:\/\/www.rassegnastampa-totustuus.it\/cattolica\/duilio-marchesini-1930-2020\/#breadcrumb","itemListElement":[{"@type":"ListItem","position":1,"name":"Home","item":"https:\/\/www.rassegnastampa-totustuus.it\/cattolica\/"},{"@type":"ListItem","position":2,"name":"Duilio Marchesini (1930-2020)"}]},{"@type":"WebSite","@id":"https:\/\/www.rassegnastampa-totustuus.it\/cattolica\/#website","url":"https:\/\/www.rassegnastampa-totustuus.it\/cattolica\/","name":"Rassegna Stampa Cattolica","description":"Per una cultura che nasce dalla Rivelazione cristiana in conformit\u00e0 alla tradizione e al Magistero della Chiesa in opposizione ad ogni relativismo e totalitarismo","publisher":{"@id":"https:\/\/www.rassegnastampa-totustuus.it\/cattolica\/#organization"},"alternateName":"Rass. Cattolica","potentialAction":[{"@type":"SearchAction","target":{"@type":"EntryPoint","urlTemplate":"https:\/\/www.rassegnastampa-totustuus.it\/cattolica\/?s={search_term_string}"},"query-input":{"@type":"PropertyValueSpecification","valueRequired":true,"valueName":"search_term_string"}}],"inLanguage":"it-IT"},{"@type":"Organization","@id":"https:\/\/www.rassegnastampa-totustuus.it\/cattolica\/#organization","name":"Rassegna Stampa Cattolica","url":"https:\/\/www.rassegnastampa-totustuus.it\/cattolica\/","logo":{"@type":"ImageObject","inLanguage":"it-IT","@id":"https:\/\/www.rassegnastampa-totustuus.it\/cattolica\/#\/schema\/logo\/image\/","url":"https:\/\/www.rassegnastampa-totustuus.it\/cattolica\/wp-content\/uploads\/2014\/04\/logo-rassegna1.gif","contentUrl":"https:\/\/www.rassegnastampa-totustuus.it\/cattolica\/wp-content\/uploads\/2014\/04\/logo-rassegna1.gif","width":600,"height":163,"caption":"Rassegna Stampa Cattolica"},"image":{"@id":"https:\/\/www.rassegnastampa-totustuus.it\/cattolica\/#\/schema\/logo\/image\/"},"sameAs":["https:\/\/www.facebook.com\/rassegnastampacattolica","https:\/\/x.com\/rassegnastampa9"]},{"@type":"Person","@id":"https:\/\/www.rassegnastampa-totustuus.it\/cattolica\/#\/schema\/person\/08f319d2bd1a0904ad9e2bfb7b15e5c3","name":"Redazione","image":{"@type":"ImageObject","inLanguage":"it-IT","@id":"https:\/\/secure.gravatar.com\/avatar\/2fcdf27c78ea025fbdb44e914cc63c72249ffec9dc8aafd5c82b26240ef3f346?s=96&d=mm&r=g","url":"https:\/\/secure.gravatar.com\/avatar\/2fcdf27c78ea025fbdb44e914cc63c72249ffec9dc8aafd5c82b26240ef3f346?s=96&d=mm&r=g","contentUrl":"https:\/\/secure.gravatar.com\/avatar\/2fcdf27c78ea025fbdb44e914cc63c72249ffec9dc8aafd5c82b26240ef3f346?s=96&d=mm&r=g","caption":"Redazione"},"url":"https:\/\/www.rassegnastampa-totustuus.it\/cattolica\/author\/pietroelle\/"}]}},"_links":{"self":[{"href":"https:\/\/www.rassegnastampa-totustuus.it\/cattolica\/wp-json\/wp\/v2\/posts\/46936","targetHints":{"allow":["GET"]}}],"collection":[{"href":"https:\/\/www.rassegnastampa-totustuus.it\/cattolica\/wp-json\/wp\/v2\/posts"}],"about":[{"href":"https:\/\/www.rassegnastampa-totustuus.it\/cattolica\/wp-json\/wp\/v2\/types\/post"}],"author":[{"embeddable":true,"href":"https:\/\/www.rassegnastampa-totustuus.it\/cattolica\/wp-json\/wp\/v2\/users\/6"}],"replies":[{"embeddable":true,"href":"https:\/\/www.rassegnastampa-totustuus.it\/cattolica\/wp-json\/wp\/v2\/comments?post=46936"}],"version-history":[{"count":1,"href":"https:\/\/www.rassegnastampa-totustuus.it\/cattolica\/wp-json\/wp\/v2\/posts\/46936\/revisions"}],"predecessor-version":[{"id":46939,"href":"https:\/\/www.rassegnastampa-totustuus.it\/cattolica\/wp-json\/wp\/v2\/posts\/46936\/revisions\/46939"}],"wp:attachment":[{"href":"https:\/\/www.rassegnastampa-totustuus.it\/cattolica\/wp-json\/wp\/v2\/media?parent=46936"}],"wp:term":[{"taxonomy":"category","embeddable":true,"href":"https:\/\/www.rassegnastampa-totustuus.it\/cattolica\/wp-json\/wp\/v2\/categories?post=46936"},{"taxonomy":"post_tag","embeddable":true,"href":"https:\/\/www.rassegnastampa-totustuus.it\/cattolica\/wp-json\/wp\/v2\/tags?post=46936"}],"curies":[{"name":"wp","href":"https:\/\/api.w.org\/{rel}","templated":true}]}}