{"id":4692,"date":"2011-09-08T00:00:00","date_gmt":"2011-09-07T22:00:00","guid":{"rendered":""},"modified":"2015-04-09T09:35:14","modified_gmt":"2015-04-09T07:35:14","slug":"in-mostra-gli-orrori-della-rivoluzione-culturale","status":"publish","type":"post","link":"https:\/\/www.rassegnastampa-totustuus.it\/cattolica\/in-mostra-gli-orrori-della-rivoluzione-culturale\/","title":{"rendered":"In mostra gli orrori della rivoluzione culturale"},"content":{"rendered":"<div style=\"text-align: center;\"><strong><a href=\"https:\/\/www.rassegnastampa-totustuus.it\/cattolica\/wp-content\/uploads\/2011\/09\/rivoluz_culturale.jpg\"><img loading=\"lazy\" decoding=\"async\" class=\"alignleft wp-image-22749\" src=\"https:\/\/www.rassegnastampa-totustuus.it\/cattolica\/wp-content\/uploads\/2011\/09\/rivoluz_culturale.jpg\" alt=\"rivoluz_culturale\" width=\"250\" height=\"172\" \/><\/a>La Bussola quotidiana <\/strong>6 agosto 2011<\/div>\n<p style=\"text-align: center;\">di<strong> Massimo Introvigne<\/strong><\/p>\n<p style=\"text-align: justify;\">Trentacinque anni dopo la sua fine, la rivoluzione culturale in Cina (1966-1976) \u00e8 rievocata a Vienna in una grande mostra al Museum f\u00fcr V\u00f6lkerkunde, che resta aperta fino al 19 settembre. La mostra non fa sconti alla sinistra radicale europea, di cui si documenta la lunga complicit\u00e0 con la propaganda di Mao Tse-tung (1893-1976), continuata anche quando era ormai ovvio che il comunismo cinese aveva fatto pi\u00f9 morti di ogni altro regime della storia<\/p>\n<p><!--more--><\/p>\n<div style=\"text-align: justify;\"><strong>\u00c8 nell&#8217;agosto 1966 che comincia in Cina la rivoluzione culturale,<\/strong> cio\u00e8 la distruzione sistematica della cultura cinese. Almeno settecentomila membri di gruppi sociali &#8220;sospetti&#8221; &#8211; ma altri conti parlano di tre milioni -sono uccisi, e cento milioni di cinesi incarcerati o deportati. Basta avere in casa un libro non marxista per rischiare la deportazione o peggio.<\/div>\n<p style=\"text-align: justify;\">Il clima \u00e8 rievocato nella mostra viennese con fotografie e rarissime filmati d&#8217;epoca che documentano la distruzione di opere d&#8217;arte, templi palazzi e &#8211; in modo agghiacciante &#8211; i processi e le esecuzioni, talora veri linciaggi a pugni e bastonate, di &#8220;contro-rivoluzionari&#8221; che sono spesso dignitari comunisti, ma della fazione che sta perdendo quella che \u00e8 in effetti una guerra civile, e tra cui si contano anche monaci buddhisti e inermi suore cattoliche.<\/p>\n<p style=\"text-align: justify;\"><strong>Il terrore \u00e8 documentato come l&#8217;altra faccia di un culto della personalit\u00e0 ossessivo<\/strong>, dove il volto di Mao \u00e8 riprodotto all&#8217;infinito su migliaia di oggetti di uso comune e immagini sacre di una nuova religione perversa, in una versione insieme caricaturale e terribile di quello che era stato il realismo socialista sovietico.<\/p>\n<p style=\"text-align: justify;\">Perch\u00e9 Mao scaten\u00f2 la rivoluzione culturale? Il lettore italiano pu\u00f2 leggere il capitolo sul tema della mirabile biografia <em>Mao la storia sconosciuta<\/em> (Longanesi, Milano 2006) della grande scrittrice cinese Jung Chang, scritta in collaborazione con Jon Halliday &#8211; una lettura obbligatoria nonostante la mole (960 pagine) per chiunque voglia capire il comunismo cinese -, cui chi legge l&#8217;inglese potr\u00e0 affiancare la summa di Roderick MacFarquhar e Michael Schoenhals <em>Mao&#8217;s Last Revolution<\/em> (Harvard University Press, Cambridge [Massachusetts] 2006). Se ne ricaver\u00e0 che Mao scaten\u00f2 la rivoluzione culturale per far tacere le critiche, che rischiavano di travolgerlo, dopo il fallimento del &#8220;Grande balzo in avanti&#8221;, un criminale tentativo di riforma economica che cost\u00f2 alla Cina almeno quarantacinque milioni di morti, come ha documentato il bel libro dello storico inglese Frank Dik\u00f6tter &#8220;Mao\u2019s Great Famine. The History of China\u2019s Most Devastating Catastrophe, 1958-1962&#8221; (Walker, New York 2010). La rivoluzione culturale fu un orrore destinato a coprirne un altro: chi criticava il &#8220;Grande balzo in avanti&#8221; finiva ammazzato a bastonate.<\/p>\n<p style=\"text-align: justify;\"><strong>Dopo la morte di Mao, senza troppa pubblicit\u00e0, alcune commissioni d&#8217;inchiesta indagarono<\/strong> sulle atrocit\u00e0 della rivoluzione culturale. Deng Xiao Ping (1904-1997), che al tempo della rivoluzione culturale era stato estromesso dalla dirigenza del partito, malmenato e mandato a lavorare in una fabbrica di trattori di provincia, dove era sfuggito per miracolo a un tentativo di assassinio, era diventato il padrone della Cina e aveva interesse sia a screditare la &#8220;banda dei quattro&#8221; che aveva promosso gli eventi del 1966, sia a far filtrare qualche cauta critica allo stesso Mao, che non lo aveva certamente protetto.<\/p>\n<p style=\"text-align: justify;\"><strong>Regnante Deng Xiao Ping, s&#8217;indaga cos\u00ec sugli eccessi della rivoluzione culturale,<\/strong> e migliaia di militanti che si sono resi colpevoli di atrocit\u00e0 sono incriminati. Il lavoro dei tribunali sembra serio, e molti vedono una franca indagine su questo orribile passato come il preludio all&#8217;inevitabile democratizzazione. Ma la classe dirigente del Partito Comunista Cinese e lo stesso Deng la pensano diversamente. La repressione del movimento degli studenti in Piazza Tiananmen nel 1989 segna la fine della breve primavera di speranze democratiche in Cina.<\/p>\n<p style=\"text-align: justify;\">Dopo Tiananmen, il regime si chiude su se stesso. Su Mao, responsabile secondo Jung Chang di settanta milioni di morti, si applica la &#8220;regola delle dieci dita&#8221;, che sembra usata ancora oggi anche dai suoi ammiratori europei: nove dita, insegnano i libri di scuola cinesi, lavoravano per il bene del popolo, una sfuggiva al controllo e deviava.<\/p>\n<p style=\"text-align: justify;\"><strong>Anche in Cina &#8211; lo mostra bene la mostra viennese &#8211; \u00e8 in corso un &#8220;revival di Mao&#8221;<\/strong> che porta i nuovi ricchi cinesi a collezionare oggetti dell&#8217;epoca della rivoluzione culturale &#8211; che per molti di loro \u00e8 comunque l&#8217;epoca della giovinezza -, a finanziare musei maoisti e a pranzare in costosi ristoranti a tema che rievocano gli anni 1960, cui le vere Guardie Rosse dell&#8217;epoca non avrebbero mancato di dare fuoco come paradossali esempi di decadentismo borghese.<\/p>\n<p style=\"text-align: justify;\"><strong>La domanda di souvenir della rivoluzione culturale \u00e8 tale che una curiosa sezione <\/strong>della mostra si Vienna documenta come ne siano venduti oggi migliaia che sono falsi, un nuovo filone della fiorente industria della contraffazione cinese. Un orrore come la rivoluzione culturale \u00e8 ridotto a mito romantico, non a caso in coincidenza con rinnovati attacchi alla Chiesa Cattolica, che delle Guardie Rosse fu un obiettivo non secondario. Il capitalismo e i McDonald di Pechino non ingannino. Finch\u00e9 non far\u00e0 i conti con le tragedie del suo passato, la Cina non diventer\u00e0 capace di costruire un futuro senza oppressione.<\/p>\n","protected":false},"excerpt":{"rendered":"<p>La Bussola quotidiana 6 agosto 2011 di Massimo Introvigne Trentacinque anni dopo la sua fine, la rivoluzione culturale in Cina (1966-1976) \u00e8 rievocata a Vienna in una grande mostra al Museum f\u00fcr V\u00f6lkerkunde, che resta aperta fino al 19 settembre. La mostra non fa sconti alla sinistra radicale europea, di cui si documenta la lunga &hellip; <\/p>\n<p><a class=\"more-link btn\" href=\"https:\/\/www.rassegnastampa-totustuus.it\/cattolica\/in-mostra-gli-orrori-della-rivoluzione-culturale\/\">Continua a leggere<\/a><\/p>\n","protected":false},"author":6,"featured_media":22749,"comment_status":"closed","ping_status":"open","sticky":false,"template":"","format":"standard","meta":{"footnotes":""},"categories":[56,32],"tags":[1341],"class_list":["post-4692","post","type-post","status-publish","format-standard","has-post-thumbnail","hentry","category-cina","category-filosofia-del-comunismo","tag-rivoluzione-culturale","item-wrap"],"yoast_head":"<!-- This site is optimized with the Yoast SEO plugin v27.5 - https:\/\/yoast.com\/product\/yoast-seo-wordpress\/ -->\n<title>In mostra gli orrori della rivoluzione culturale - Rassegna Stampa Cattolica<\/title>\n<meta name=\"description\" content=\"Rassegna Stampa Cattolica - Per una cultura che nasce dalla Rivelazione cristiana in conformit\u00e0 alla tradizione e al Magistero della Chiesa in opposizione ad ogni relativismo e totalitarismo\" \/>\n<meta name=\"robots\" content=\"index, follow, max-snippet:-1, max-image-preview:large, max-video-preview:-1\" \/>\n<link rel=\"canonical\" href=\"https:\/\/www.rassegnastampa-totustuus.it\/cattolica\/in-mostra-gli-orrori-della-rivoluzione-culturale\/\" \/>\n<meta property=\"og:locale\" content=\"it_IT\" \/>\n<meta property=\"og:type\" content=\"article\" \/>\n<meta property=\"og:title\" content=\"In mostra gli orrori della rivoluzione culturale - Rassegna Stampa Cattolica\" \/>\n<meta property=\"og:description\" content=\"Rassegna Stampa Cattolica - Per una cultura che nasce dalla Rivelazione cristiana in conformit\u00e0 alla tradizione e al Magistero della Chiesa in opposizione ad ogni relativismo e totalitarismo\" \/>\n<meta property=\"og:url\" content=\"https:\/\/www.rassegnastampa-totustuus.it\/cattolica\/in-mostra-gli-orrori-della-rivoluzione-culturale\/\" \/>\n<meta property=\"og:site_name\" content=\"Rassegna Stampa Cattolica\" \/>\n<meta property=\"article:publisher\" content=\"https:\/\/www.facebook.com\/rassegnastampacattolica\" \/>\n<meta property=\"article:published_time\" content=\"2011-09-07T22:00:00+00:00\" \/>\n<meta property=\"article:modified_time\" content=\"2015-04-09T07:35:14+00:00\" \/>\n<meta property=\"og:image\" content=\"https:\/\/www.rassegnastampa-totustuus.it\/cattolica\/wp-content\/uploads\/2011\/09\/rivoluz_culturale.jpg\" \/>\n\t<meta property=\"og:image:width\" content=\"271\" \/>\n\t<meta property=\"og:image:height\" content=\"186\" \/>\n\t<meta property=\"og:image:type\" content=\"image\/jpeg\" \/>\n<meta name=\"author\" content=\"Redazione\" \/>\n<meta name=\"twitter:card\" content=\"summary_large_image\" \/>\n<meta name=\"twitter:creator\" content=\"@rassegnastampa9\" \/>\n<meta name=\"twitter:site\" content=\"@rassegnastampa9\" \/>\n<meta name=\"twitter:label1\" content=\"Scritto da\" \/>\n\t<meta name=\"twitter:data1\" content=\"Redazione\" \/>\n\t<meta name=\"twitter:label2\" content=\"Tempo di lettura stimato\" \/>\n\t<meta name=\"twitter:data2\" content=\"4 minuti\" \/>\n<script type=\"application\/ld+json\" class=\"yoast-schema-graph\">{\"@context\":\"https:\\\/\\\/schema.org\",\"@graph\":[{\"@type\":\"Article\",\"@id\":\"https:\\\/\\\/www.rassegnastampa-totustuus.it\\\/cattolica\\\/in-mostra-gli-orrori-della-rivoluzione-culturale\\\/#article\",\"isPartOf\":{\"@id\":\"https:\\\/\\\/www.rassegnastampa-totustuus.it\\\/cattolica\\\/in-mostra-gli-orrori-della-rivoluzione-culturale\\\/\"},\"author\":{\"name\":\"Redazione\",\"@id\":\"https:\\\/\\\/www.rassegnastampa-totustuus.it\\\/cattolica\\\/#\\\/schema\\\/person\\\/08f319d2bd1a0904ad9e2bfb7b15e5c3\"},\"headline\":\"In mostra gli orrori della rivoluzione culturale\",\"datePublished\":\"2011-09-07T22:00:00+00:00\",\"dateModified\":\"2015-04-09T07:35:14+00:00\",\"mainEntityOfPage\":{\"@id\":\"https:\\\/\\\/www.rassegnastampa-totustuus.it\\\/cattolica\\\/in-mostra-gli-orrori-della-rivoluzione-culturale\\\/\"},\"wordCount\":844,\"publisher\":{\"@id\":\"https:\\\/\\\/www.rassegnastampa-totustuus.it\\\/cattolica\\\/#organization\"},\"image\":{\"@id\":\"https:\\\/\\\/www.rassegnastampa-totustuus.it\\\/cattolica\\\/in-mostra-gli-orrori-della-rivoluzione-culturale\\\/#primaryimage\"},\"thumbnailUrl\":\"https:\\\/\\\/www.rassegnastampa-totustuus.it\\\/cattolica\\\/wp-content\\\/uploads\\\/2011\\\/09\\\/rivoluz_culturale.jpg\",\"keywords\":[\"rivoluzione culturale\"],\"articleSection\":[\"Cina\",\"Comunismo\"],\"inLanguage\":\"it-IT\"},{\"@type\":\"WebPage\",\"@id\":\"https:\\\/\\\/www.rassegnastampa-totustuus.it\\\/cattolica\\\/in-mostra-gli-orrori-della-rivoluzione-culturale\\\/\",\"url\":\"https:\\\/\\\/www.rassegnastampa-totustuus.it\\\/cattolica\\\/in-mostra-gli-orrori-della-rivoluzione-culturale\\\/\",\"name\":\"In mostra gli orrori della rivoluzione culturale - Rassegna Stampa Cattolica\",\"isPartOf\":{\"@id\":\"https:\\\/\\\/www.rassegnastampa-totustuus.it\\\/cattolica\\\/#website\"},\"primaryImageOfPage\":{\"@id\":\"https:\\\/\\\/www.rassegnastampa-totustuus.it\\\/cattolica\\\/in-mostra-gli-orrori-della-rivoluzione-culturale\\\/#primaryimage\"},\"image\":{\"@id\":\"https:\\\/\\\/www.rassegnastampa-totustuus.it\\\/cattolica\\\/in-mostra-gli-orrori-della-rivoluzione-culturale\\\/#primaryimage\"},\"thumbnailUrl\":\"https:\\\/\\\/www.rassegnastampa-totustuus.it\\\/cattolica\\\/wp-content\\\/uploads\\\/2011\\\/09\\\/rivoluz_culturale.jpg\",\"datePublished\":\"2011-09-07T22:00:00+00:00\",\"dateModified\":\"2015-04-09T07:35:14+00:00\",\"description\":\"Rassegna Stampa Cattolica - Per una cultura che nasce dalla Rivelazione cristiana in conformit\u00e0 alla tradizione e al Magistero della Chiesa in opposizione ad ogni relativismo e totalitarismo\",\"breadcrumb\":{\"@id\":\"https:\\\/\\\/www.rassegnastampa-totustuus.it\\\/cattolica\\\/in-mostra-gli-orrori-della-rivoluzione-culturale\\\/#breadcrumb\"},\"inLanguage\":\"it-IT\",\"potentialAction\":[{\"@type\":\"ReadAction\",\"target\":[\"https:\\\/\\\/www.rassegnastampa-totustuus.it\\\/cattolica\\\/in-mostra-gli-orrori-della-rivoluzione-culturale\\\/\"]}]},{\"@type\":\"ImageObject\",\"inLanguage\":\"it-IT\",\"@id\":\"https:\\\/\\\/www.rassegnastampa-totustuus.it\\\/cattolica\\\/in-mostra-gli-orrori-della-rivoluzione-culturale\\\/#primaryimage\",\"url\":\"https:\\\/\\\/www.rassegnastampa-totustuus.it\\\/cattolica\\\/wp-content\\\/uploads\\\/2011\\\/09\\\/rivoluz_culturale.jpg\",\"contentUrl\":\"https:\\\/\\\/www.rassegnastampa-totustuus.it\\\/cattolica\\\/wp-content\\\/uploads\\\/2011\\\/09\\\/rivoluz_culturale.jpg\",\"width\":271,\"height\":186},{\"@type\":\"BreadcrumbList\",\"@id\":\"https:\\\/\\\/www.rassegnastampa-totustuus.it\\\/cattolica\\\/in-mostra-gli-orrori-della-rivoluzione-culturale\\\/#breadcrumb\",\"itemListElement\":[{\"@type\":\"ListItem\",\"position\":1,\"name\":\"Home\",\"item\":\"https:\\\/\\\/www.rassegnastampa-totustuus.it\\\/cattolica\\\/\"},{\"@type\":\"ListItem\",\"position\":2,\"name\":\"In mostra gli orrori della rivoluzione culturale\"}]},{\"@type\":\"WebSite\",\"@id\":\"https:\\\/\\\/www.rassegnastampa-totustuus.it\\\/cattolica\\\/#website\",\"url\":\"https:\\\/\\\/www.rassegnastampa-totustuus.it\\\/cattolica\\\/\",\"name\":\"Rassegna Stampa Cattolica\",\"description\":\"Per una cultura che nasce dalla Rivelazione cristiana in conformit\u00e0 alla tradizione e al Magistero della Chiesa in opposizione ad ogni relativismo e totalitarismo\",\"publisher\":{\"@id\":\"https:\\\/\\\/www.rassegnastampa-totustuus.it\\\/cattolica\\\/#organization\"},\"alternateName\":\"Rass. Cattolica\",\"potentialAction\":[{\"@type\":\"SearchAction\",\"target\":{\"@type\":\"EntryPoint\",\"urlTemplate\":\"https:\\\/\\\/www.rassegnastampa-totustuus.it\\\/cattolica\\\/?s={search_term_string}\"},\"query-input\":{\"@type\":\"PropertyValueSpecification\",\"valueRequired\":true,\"valueName\":\"search_term_string\"}}],\"inLanguage\":\"it-IT\"},{\"@type\":\"Organization\",\"@id\":\"https:\\\/\\\/www.rassegnastampa-totustuus.it\\\/cattolica\\\/#organization\",\"name\":\"Rassegna Stampa Cattolica\",\"url\":\"https:\\\/\\\/www.rassegnastampa-totustuus.it\\\/cattolica\\\/\",\"logo\":{\"@type\":\"ImageObject\",\"inLanguage\":\"it-IT\",\"@id\":\"https:\\\/\\\/www.rassegnastampa-totustuus.it\\\/cattolica\\\/#\\\/schema\\\/logo\\\/image\\\/\",\"url\":\"https:\\\/\\\/www.rassegnastampa-totustuus.it\\\/cattolica\\\/wp-content\\\/uploads\\\/2014\\\/04\\\/logo-rassegna1.gif\",\"contentUrl\":\"https:\\\/\\\/www.rassegnastampa-totustuus.it\\\/cattolica\\\/wp-content\\\/uploads\\\/2014\\\/04\\\/logo-rassegna1.gif\",\"width\":600,\"height\":163,\"caption\":\"Rassegna Stampa Cattolica\"},\"image\":{\"@id\":\"https:\\\/\\\/www.rassegnastampa-totustuus.it\\\/cattolica\\\/#\\\/schema\\\/logo\\\/image\\\/\"},\"sameAs\":[\"https:\\\/\\\/www.facebook.com\\\/rassegnastampacattolica\",\"https:\\\/\\\/x.com\\\/rassegnastampa9\"]},{\"@type\":\"Person\",\"@id\":\"https:\\\/\\\/www.rassegnastampa-totustuus.it\\\/cattolica\\\/#\\\/schema\\\/person\\\/08f319d2bd1a0904ad9e2bfb7b15e5c3\",\"name\":\"Redazione\",\"image\":{\"@type\":\"ImageObject\",\"inLanguage\":\"it-IT\",\"@id\":\"https:\\\/\\\/secure.gravatar.com\\\/avatar\\\/2fcdf27c78ea025fbdb44e914cc63c72249ffec9dc8aafd5c82b26240ef3f346?s=96&d=mm&r=g\",\"url\":\"https:\\\/\\\/secure.gravatar.com\\\/avatar\\\/2fcdf27c78ea025fbdb44e914cc63c72249ffec9dc8aafd5c82b26240ef3f346?s=96&d=mm&r=g\",\"contentUrl\":\"https:\\\/\\\/secure.gravatar.com\\\/avatar\\\/2fcdf27c78ea025fbdb44e914cc63c72249ffec9dc8aafd5c82b26240ef3f346?s=96&d=mm&r=g\",\"caption\":\"Redazione\"},\"url\":\"https:\\\/\\\/www.rassegnastampa-totustuus.it\\\/cattolica\\\/author\\\/pietroelle\\\/\"}]}<\/script>\n<!-- \/ Yoast SEO plugin. -->","yoast_head_json":{"title":"In mostra gli orrori della rivoluzione culturale - Rassegna Stampa Cattolica","description":"Rassegna Stampa Cattolica - Per una cultura che nasce dalla Rivelazione cristiana in conformit\u00e0 alla tradizione e al Magistero della Chiesa in opposizione ad ogni relativismo e totalitarismo","robots":{"index":"index","follow":"follow","max-snippet":"max-snippet:-1","max-image-preview":"max-image-preview:large","max-video-preview":"max-video-preview:-1"},"canonical":"https:\/\/www.rassegnastampa-totustuus.it\/cattolica\/in-mostra-gli-orrori-della-rivoluzione-culturale\/","og_locale":"it_IT","og_type":"article","og_title":"In mostra gli orrori della rivoluzione culturale - Rassegna Stampa Cattolica","og_description":"Rassegna Stampa Cattolica - Per una cultura che nasce dalla Rivelazione cristiana in conformit\u00e0 alla tradizione e al Magistero della Chiesa in opposizione ad ogni relativismo e totalitarismo","og_url":"https:\/\/www.rassegnastampa-totustuus.it\/cattolica\/in-mostra-gli-orrori-della-rivoluzione-culturale\/","og_site_name":"Rassegna Stampa Cattolica","article_publisher":"https:\/\/www.facebook.com\/rassegnastampacattolica","article_published_time":"2011-09-07T22:00:00+00:00","article_modified_time":"2015-04-09T07:35:14+00:00","og_image":[{"width":271,"height":186,"url":"https:\/\/www.rassegnastampa-totustuus.it\/cattolica\/wp-content\/uploads\/2011\/09\/rivoluz_culturale.jpg","type":"image\/jpeg"}],"author":"Redazione","twitter_card":"summary_large_image","twitter_creator":"@rassegnastampa9","twitter_site":"@rassegnastampa9","twitter_misc":{"Scritto da":"Redazione","Tempo di lettura stimato":"4 minuti"},"schema":{"@context":"https:\/\/schema.org","@graph":[{"@type":"Article","@id":"https:\/\/www.rassegnastampa-totustuus.it\/cattolica\/in-mostra-gli-orrori-della-rivoluzione-culturale\/#article","isPartOf":{"@id":"https:\/\/www.rassegnastampa-totustuus.it\/cattolica\/in-mostra-gli-orrori-della-rivoluzione-culturale\/"},"author":{"name":"Redazione","@id":"https:\/\/www.rassegnastampa-totustuus.it\/cattolica\/#\/schema\/person\/08f319d2bd1a0904ad9e2bfb7b15e5c3"},"headline":"In mostra gli orrori della rivoluzione culturale","datePublished":"2011-09-07T22:00:00+00:00","dateModified":"2015-04-09T07:35:14+00:00","mainEntityOfPage":{"@id":"https:\/\/www.rassegnastampa-totustuus.it\/cattolica\/in-mostra-gli-orrori-della-rivoluzione-culturale\/"},"wordCount":844,"publisher":{"@id":"https:\/\/www.rassegnastampa-totustuus.it\/cattolica\/#organization"},"image":{"@id":"https:\/\/www.rassegnastampa-totustuus.it\/cattolica\/in-mostra-gli-orrori-della-rivoluzione-culturale\/#primaryimage"},"thumbnailUrl":"https:\/\/www.rassegnastampa-totustuus.it\/cattolica\/wp-content\/uploads\/2011\/09\/rivoluz_culturale.jpg","keywords":["rivoluzione culturale"],"articleSection":["Cina","Comunismo"],"inLanguage":"it-IT"},{"@type":"WebPage","@id":"https:\/\/www.rassegnastampa-totustuus.it\/cattolica\/in-mostra-gli-orrori-della-rivoluzione-culturale\/","url":"https:\/\/www.rassegnastampa-totustuus.it\/cattolica\/in-mostra-gli-orrori-della-rivoluzione-culturale\/","name":"In mostra gli orrori della rivoluzione culturale - Rassegna Stampa Cattolica","isPartOf":{"@id":"https:\/\/www.rassegnastampa-totustuus.it\/cattolica\/#website"},"primaryImageOfPage":{"@id":"https:\/\/www.rassegnastampa-totustuus.it\/cattolica\/in-mostra-gli-orrori-della-rivoluzione-culturale\/#primaryimage"},"image":{"@id":"https:\/\/www.rassegnastampa-totustuus.it\/cattolica\/in-mostra-gli-orrori-della-rivoluzione-culturale\/#primaryimage"},"thumbnailUrl":"https:\/\/www.rassegnastampa-totustuus.it\/cattolica\/wp-content\/uploads\/2011\/09\/rivoluz_culturale.jpg","datePublished":"2011-09-07T22:00:00+00:00","dateModified":"2015-04-09T07:35:14+00:00","description":"Rassegna Stampa Cattolica - Per una cultura che nasce dalla Rivelazione cristiana in conformit\u00e0 alla tradizione e al Magistero della Chiesa in opposizione ad ogni relativismo e totalitarismo","breadcrumb":{"@id":"https:\/\/www.rassegnastampa-totustuus.it\/cattolica\/in-mostra-gli-orrori-della-rivoluzione-culturale\/#breadcrumb"},"inLanguage":"it-IT","potentialAction":[{"@type":"ReadAction","target":["https:\/\/www.rassegnastampa-totustuus.it\/cattolica\/in-mostra-gli-orrori-della-rivoluzione-culturale\/"]}]},{"@type":"ImageObject","inLanguage":"it-IT","@id":"https:\/\/www.rassegnastampa-totustuus.it\/cattolica\/in-mostra-gli-orrori-della-rivoluzione-culturale\/#primaryimage","url":"https:\/\/www.rassegnastampa-totustuus.it\/cattolica\/wp-content\/uploads\/2011\/09\/rivoluz_culturale.jpg","contentUrl":"https:\/\/www.rassegnastampa-totustuus.it\/cattolica\/wp-content\/uploads\/2011\/09\/rivoluz_culturale.jpg","width":271,"height":186},{"@type":"BreadcrumbList","@id":"https:\/\/www.rassegnastampa-totustuus.it\/cattolica\/in-mostra-gli-orrori-della-rivoluzione-culturale\/#breadcrumb","itemListElement":[{"@type":"ListItem","position":1,"name":"Home","item":"https:\/\/www.rassegnastampa-totustuus.it\/cattolica\/"},{"@type":"ListItem","position":2,"name":"In mostra gli orrori della rivoluzione culturale"}]},{"@type":"WebSite","@id":"https:\/\/www.rassegnastampa-totustuus.it\/cattolica\/#website","url":"https:\/\/www.rassegnastampa-totustuus.it\/cattolica\/","name":"Rassegna Stampa Cattolica","description":"Per una cultura che nasce dalla Rivelazione cristiana in conformit\u00e0 alla tradizione e al Magistero della Chiesa in opposizione ad ogni relativismo e totalitarismo","publisher":{"@id":"https:\/\/www.rassegnastampa-totustuus.it\/cattolica\/#organization"},"alternateName":"Rass. Cattolica","potentialAction":[{"@type":"SearchAction","target":{"@type":"EntryPoint","urlTemplate":"https:\/\/www.rassegnastampa-totustuus.it\/cattolica\/?s={search_term_string}"},"query-input":{"@type":"PropertyValueSpecification","valueRequired":true,"valueName":"search_term_string"}}],"inLanguage":"it-IT"},{"@type":"Organization","@id":"https:\/\/www.rassegnastampa-totustuus.it\/cattolica\/#organization","name":"Rassegna Stampa Cattolica","url":"https:\/\/www.rassegnastampa-totustuus.it\/cattolica\/","logo":{"@type":"ImageObject","inLanguage":"it-IT","@id":"https:\/\/www.rassegnastampa-totustuus.it\/cattolica\/#\/schema\/logo\/image\/","url":"https:\/\/www.rassegnastampa-totustuus.it\/cattolica\/wp-content\/uploads\/2014\/04\/logo-rassegna1.gif","contentUrl":"https:\/\/www.rassegnastampa-totustuus.it\/cattolica\/wp-content\/uploads\/2014\/04\/logo-rassegna1.gif","width":600,"height":163,"caption":"Rassegna Stampa Cattolica"},"image":{"@id":"https:\/\/www.rassegnastampa-totustuus.it\/cattolica\/#\/schema\/logo\/image\/"},"sameAs":["https:\/\/www.facebook.com\/rassegnastampacattolica","https:\/\/x.com\/rassegnastampa9"]},{"@type":"Person","@id":"https:\/\/www.rassegnastampa-totustuus.it\/cattolica\/#\/schema\/person\/08f319d2bd1a0904ad9e2bfb7b15e5c3","name":"Redazione","image":{"@type":"ImageObject","inLanguage":"it-IT","@id":"https:\/\/secure.gravatar.com\/avatar\/2fcdf27c78ea025fbdb44e914cc63c72249ffec9dc8aafd5c82b26240ef3f346?s=96&d=mm&r=g","url":"https:\/\/secure.gravatar.com\/avatar\/2fcdf27c78ea025fbdb44e914cc63c72249ffec9dc8aafd5c82b26240ef3f346?s=96&d=mm&r=g","contentUrl":"https:\/\/secure.gravatar.com\/avatar\/2fcdf27c78ea025fbdb44e914cc63c72249ffec9dc8aafd5c82b26240ef3f346?s=96&d=mm&r=g","caption":"Redazione"},"url":"https:\/\/www.rassegnastampa-totustuus.it\/cattolica\/author\/pietroelle\/"}]}},"_links":{"self":[{"href":"https:\/\/www.rassegnastampa-totustuus.it\/cattolica\/wp-json\/wp\/v2\/posts\/4692","targetHints":{"allow":["GET"]}}],"collection":[{"href":"https:\/\/www.rassegnastampa-totustuus.it\/cattolica\/wp-json\/wp\/v2\/posts"}],"about":[{"href":"https:\/\/www.rassegnastampa-totustuus.it\/cattolica\/wp-json\/wp\/v2\/types\/post"}],"author":[{"embeddable":true,"href":"https:\/\/www.rassegnastampa-totustuus.it\/cattolica\/wp-json\/wp\/v2\/users\/6"}],"replies":[{"embeddable":true,"href":"https:\/\/www.rassegnastampa-totustuus.it\/cattolica\/wp-json\/wp\/v2\/comments?post=4692"}],"version-history":[{"count":3,"href":"https:\/\/www.rassegnastampa-totustuus.it\/cattolica\/wp-json\/wp\/v2\/posts\/4692\/revisions"}],"predecessor-version":[{"id":22750,"href":"https:\/\/www.rassegnastampa-totustuus.it\/cattolica\/wp-json\/wp\/v2\/posts\/4692\/revisions\/22750"}],"wp:featuredmedia":[{"embeddable":true,"href":"https:\/\/www.rassegnastampa-totustuus.it\/cattolica\/wp-json\/wp\/v2\/media\/22749"}],"wp:attachment":[{"href":"https:\/\/www.rassegnastampa-totustuus.it\/cattolica\/wp-json\/wp\/v2\/media?parent=4692"}],"wp:term":[{"taxonomy":"category","embeddable":true,"href":"https:\/\/www.rassegnastampa-totustuus.it\/cattolica\/wp-json\/wp\/v2\/categories?post=4692"},{"taxonomy":"post_tag","embeddable":true,"href":"https:\/\/www.rassegnastampa-totustuus.it\/cattolica\/wp-json\/wp\/v2\/tags?post=4692"}],"curies":[{"name":"wp","href":"https:\/\/api.w.org\/{rel}","templated":true}]}}