{"id":46915,"date":"2020-04-16T00:00:49","date_gmt":"2020-04-15T22:00:49","guid":{"rendered":"http:\/\/www.rassegnastampa-totustuus.it\/cattolica\/?p=46915"},"modified":"2020-04-16T09:28:56","modified_gmt":"2020-04-16T07:28:56","slug":"ripensare-la-cina","status":"publish","type":"post","link":"https:\/\/www.rassegnastampa-totustuus.it\/cattolica\/ripensare-la-cina\/","title":{"rendered":"Ripensare la Cina"},"content":{"rendered":"<p style=\"text-align: center;\"><a href=\"https:\/\/www.rassegnastampa-totustuus.it\/cattolica\/wp-content\/uploads\/2020\/01\/Cina-3.jpg\"><img loading=\"lazy\" decoding=\"async\" class=\"size-medium wp-image-45938 alignleft\" src=\"https:\/\/www.rassegnastampa-totustuus.it\/cattolica\/wp-content\/uploads\/2020\/01\/Cina-3-300x168.jpg\" alt=\"\" width=\"300\" height=\"168\" \/><\/a>Dal sito <strong><a href=\"https:\/\/www.atfp.it\/\">Tfp<\/a><\/strong> Aprile 2020<\/p>\n<p style=\"text-align: center;\">di <strong>Julio Loredo<\/strong><\/p>\n<p style=\"text-align: justify;\"><em>\u201cSaremo costretti a rivedere i nostri rapporti\u201d<\/em>.<\/p>\n<p style=\"text-align: justify;\">Questa l\u2019intimidazione rivolta dal presidente cinese Xi Jinping a Donald Trump, ostinato nel chiamare \u201cvirus cinese\u201d il COVID-19. E l\u2019esuberante presidente degli Stati Uniti di America, leader della maggiore potenza economica e militare della storia, ha dovuto sottomettersi: via l\u2019aggettivo \u201ccinese\u201d\u2026<\/p>\n<p><!--more--><\/p>\n<p style=\"text-align: justify;\">Poco prima, ad abbassare la testa era stato il presidente brasiliano Jair Bolsonaro, reo di aver detto che il coronavirus proveniva dalla Cina. Non poteva permettersi di perdere il mercato cinese. Prima di lui, e per lo stesso motivo, il presidente argentino Alberto Fern\u00e1ndez aveva dovuto bloccare un\u2019indagine sugli accordi segreti con la Cina sottoscritti dal governo precedente.<\/p>\n<p style=\"text-align: justify;\">L\u2019elenco potrebbe proseguire. E non parliamo poi dei nostri sfibrati governanti europei: non osano nemmeno sollevare la questione&#8230; Brandendo la sua supremazia economica, con una tracotanza che ha del surreale, la Cina si sta permettendo di riscrivere la storia a modo suo. Con ricatti e propaganda \u00e8 riuscita a passare da criminale a eroina in poche settimane.<\/p>\n<p style=\"text-align: justify;\"><a href=\"https:\/\/www.rassegnastampa-totustuus.it\/cattolica\/wp-content\/uploads\/2020\/03\/Cina_virus.jpg\"><img loading=\"lazy\" decoding=\"async\" class=\"size-full wp-image-46567 alignright\" src=\"https:\/\/www.rassegnastampa-totustuus.it\/cattolica\/wp-content\/uploads\/2020\/03\/Cina_virus.jpg\" alt=\"\" width=\"275\" height=\"183\" \/><\/a>L\u2019epidemia da coronavirus \u00e8 cominciata proprio in Cina, e si \u00e8 diffusa grazie all\u2019incuria e prepotenza del governo comunista di Pechino, come hanno denunciato ormai tanti esperti. Malgrado ci\u00f2, oggi la Cina si presenta come modello e perfino samaritana, imponendo la sua linea a un Occidente mesto e soggiogato. Uno dei grandi enigmi della nostra epoca \u2013 un vero mistero d\u2019iniquit\u00e0 \u2013 \u00e8 come l\u2019Occidente, che si vanta del suo carattere democratico e liberale, abbia potuto sottomettersi in modo cos\u00ec servile a un governo dittatoriale dominato da un Partito Comunista.<\/p>\n<p style=\"text-align: justify;\">E come i tycoon dell\u2019industria e della finanza, che si vantavano di aver creato la civilt\u00e0 pi\u00f9 ricca della storia, abbiano poi lasciato che quella ricchezza \u2013 insieme al potere che essa comporta \u2013 passasse nelle mani di una potenza nemica. Pur di far pi\u00f9 soldi l\u2019Occidente ha posto \u2013 coscientemente e volontariamente \u2013 la testa nella ghigliottina. Pu\u00f2 adesso meravigliarsi che il boia tiri la leva?<\/p>\n<p style=\"text-align: justify;\"><strong>Una voce profetica<\/strong><\/p>\n<p style=\"text-align: justify;\"><a href=\"https:\/\/www.rassegnastampa-totustuus.it\/cattolica\/wp-content\/uploads\/2020\/04\/Cina_Mao_comunismo.jpg\"><img loading=\"lazy\" decoding=\"async\" class=\"size-full wp-image-46921 alignleft\" src=\"https:\/\/www.rassegnastampa-totustuus.it\/cattolica\/wp-content\/uploads\/2020\/04\/Cina_Mao_comunismo.jpg\" alt=\"\" width=\"294\" height=\"171\" \/><\/a>Eppure, questa situazione era perfettamente prevedibile e quindi evitabile. Essa \u00e8 conseguenza della politica cieca e suicida dell\u2019Occidente nei confronti del comunismo cinese, contro la quale, gi\u00e0 negli anni Trenta del secolo scorso, si alz\u00f2 la voce di Plinio Corr\u00eaa de Oliveira.<\/p>\n<p style=\"text-align: justify;\">Nel lontano 1937, il leader cattolico denunciava come gli Stati Uniti stessero improvvidamente armando i comunisti cinesi, insieme ai sovietici: <em>\u201cIl Dipartimento di Stato annuncia che le licenze per esportare armi e materiale bellico in Cina nel mese di novembre hanno raggiunto un totale di 1.702.970 dollari. Pure per l\u2019URSS, le licenze di esportazione per materiale bellico hanno raggiunto la somma di 805.612 dollari. (\u2026) Non capiamo come gli Stati Uniti vendano armi ai comunisti, il nemico pi\u00f9 pericoloso e abominevole della civilt\u00e0\u201d<\/em>.<\/p>\n<p style=\"text-align: justify;\">Nel 1943, quando ormai la disfatta del nazismo era solo questione di tempo, egli indicava i nemici futuri: il comunismo e l\u2019islam. Il suo sguardo profetico, per\u00f2, andava oltre: <em>\u201cIl pericolo musulmano \u00e8 immenso e l\u2019Occidente sembra non accorgersene, come d\u2019altronde sembra pure chiudere gli occhi di fronte al pericolo giallo\u201d<\/em>. Nel dopoguerra, l\u2019Occidente continu\u00f2 a ignorare tale pericolo, lasciando che il comunismo prendesse il controllo della Cina. Due fazioni si contendevano quell\u2019immenso territorio: il Kuomintang, di orientamento nazionalista, guidato da Chiang-Kai-Shek, e il Partito Comunista Cinese, guidato da Mao-Tse-Tung. Quest\u2019ultimo era appoggiato dall\u2019Unione Sovietica.<\/p>\n<p style=\"text-align: justify;\"><a href=\"https:\/\/www.rassegnastampa-totustuus.it\/cattolica\/wp-content\/uploads\/2020\/04\/Cina_Mao_comunismo-1.jpg\"><img loading=\"lazy\" decoding=\"async\" class=\"size-full wp-image-46926 alignright\" src=\"https:\/\/www.rassegnastampa-totustuus.it\/cattolica\/wp-content\/uploads\/2020\/04\/Cina_Mao_comunismo-1.jpg\" alt=\"\" width=\"210\" height=\"240\" \/><\/a>Nel 1945, Plinio Corr\u00eaa de Oliveira denunci\u00f2 l\u2019ingerenza dell\u2019URSS in Cina: <em>\u201cSe ci fossero dubbi sull\u2019insincerit\u00e0 dell\u2019Unione Sovietica, basta vedere cosa succede in Cina. A scapito di tutto ci\u00f2 che prometteva, la Russia ha riacceso la guerra civile in Cina, nonostante si fosse impegnata diversamente nel trattato di pace firmato con Chiang-Kai-Shek.<\/em> (\u2026)<em> Dobbiamo sottolineare la gravit\u00e0 internazionale di questa aggressione. <\/em>(\u2026)<em> Questo atteggiamento da parte della Russia comunista costituisce un nuovo shock contro la pacificazione del mondo. Non possiamo non rilevare quanto il Partito Comunista cinese sia un giocattolo dell\u2019imperialismo russo, che lo usa con la pi\u00f9 aperta sfacciataggine per raggiungere i suoi obiettivi internazionali\u201d<\/em>.<\/p>\n<p style=\"text-align: justify;\">Secondo Plinio Corr\u00eaa de Oliveira, l\u2019unica politica coerente sarebbe stata quella di sconfiggere i comunisti, senza se e senza ma. Invece, pur di non infastidire l\u2019Unione Sovietica, gli Stati Uniti adottarono un approccio diverso, che si sarebbe poi dimostrato disastroso: <em>\u201cLa politica americana in Cina mira a forzare l\u2019unificazione attraverso un governo di coalizione democratica tra Kuomintang e comunisti. Ma non potr\u00e0 mai esserci una vera coalizione tra il Kuomintang e i comunisti. L\u2019obiettivo dei comunisti non \u00e8 quello di rendere la Cina una nazione democratica unificata, ma di farne una provincia sotto il giogo del totalitarismo comunista. \u00c8 quindi necessario aiutare Chiang ad estendere la sovranit\u00e0 del governo centrale su tutta la Cina, cosa che si pu\u00f2 fare solo distruggendo la sovranit\u00e0 del governo ribelle comunista e liquidando i suoi attributi di potere indipendente, esercito, polizia, amministrazione politica, sistema finanziario\u201d<\/em>.<\/p>\n<p style=\"text-align: justify;\"><a href=\"https:\/\/www.rassegnastampa-totustuus.it\/cattolica\/wp-content\/uploads\/2005\/07\/nord_Corea_army.jpg\"><img loading=\"lazy\" decoding=\"async\" class=\"size-full wp-image-31022 alignleft\" src=\"https:\/\/www.rassegnastampa-totustuus.it\/cattolica\/wp-content\/uploads\/2005\/07\/nord_Corea_army.jpg\" alt=\"\" width=\"271\" height=\"186\" \/><\/a>Con l\u2019appoggio dei sovietici, che occuparono pure la Manciuria, nel 1949 Mao-Tse-Tung sbaragli\u00f2 definitivamente Chiang-Kai-Shek e stabil\u00ec la Repubblica Popolare Cinese, iniziando quindi l\u2019espansione verso il Tibet e il sudest asiatico. Nel frattempo, mostrando una spaventosa imprevidenza, l\u2019Occidente lasci\u00f2 il nord della Corea in mano ai comunisti, una mossa che ebbe conseguenze catastrofiche.<\/p>\n<p style=\"text-align: justify;\">A met\u00e0 giugno del 1950, appoggiati dalla Cina e dall\u2019URSS, i comunisti invasero il sud, dando inizio alla guerra di Corea. Dopo un momento di sconcerto, il generale Douglas McArthur, comandante delle forze alleate, cap\u00ec che la guerra si giocava non a Pyongyang bens\u00ec a Pechino e a Mosca, e propose un <em>\u201cfull-scale conflict against the communists\u201d<\/em>, una guerra totale contro i comunisti, che comprendeva il bombardamento delle basi comuniste in Cina. Venne sommariamente destituito dal presidente Harry Truman, che scelse invece la via del cedimento e del compromesso.<\/p>\n<p style=\"text-align: justify;\"><a href=\"https:\/\/www.rassegnastampa-totustuus.it\/cattolica\/wp-content\/uploads\/2020\/04\/corea_guerra.jpg\"><img loading=\"lazy\" decoding=\"async\" class=\"size-full wp-image-46928 alignright\" src=\"https:\/\/www.rassegnastampa-totustuus.it\/cattolica\/wp-content\/uploads\/2020\/04\/corea_guerra.jpg\" alt=\"\" width=\"188\" height=\"268\" \/><\/a>In un lungo articolo pubblicato nel gennaio del 1951, Plinio Corr\u00eaa de Oliveira elenc\u00f2 \u201cGli errori di Roosevelt nella seconda Guerra mondiale\u201d, tra cui: <em>\u201cDi fronte all\u2019espansionismo comunista, il Dipartimento di Stato, invece di opporvi una resistenza energica, la favor\u00ec indirettamente col suo atteggiamento remissivo. <\/em>(\u2026)<em> In Asia, le cose andarono peggio. Il presidente Truman decise di continuare la politica di fidarsi del comunismo cinese, come aveva fatto il suo predecessore. <\/em>(\u2026) <em>Con tale cedimento, la sorte dell\u2019Estremo Oriente era ormai segnata\u201d<\/em>.<\/p>\n<p style=\"text-align: justify;\">Negli anni Sessanta, l\u2019URSS e la Cina iniziarono una messinscena, simulando una rottura per depistare l\u2019Occidente. Plinio Corr\u00eaa de Oliveira non credette mai a tale manovra. Egli scrisse nel 1963: <em>\u201cSi tratta appena di una trappola, che finir\u00e0 per inghiottire l\u2019uomo occidentale, scemo e ridente, superficiale, agitato e debole, che vive nel mondo delle apparenze. <\/em>(\u2026)<em> I comunisti saranno molto grati di questa straordinaria avventatezza degli occidentali\u201d<\/em>.<\/p>\n<p style=\"text-align: justify;\">E nel 1967: <em>\u201cLa divisione tra \u2018linea russa\u2019 e \u2018linea cinese\u2019 non \u00e8 altro che un bluff\u201d<\/em>. Sordo a tali ammonizioni, l\u2019Occidente continu\u00f2 la politica, cieca e suicida, di favorire la Cina in chiave anti-sovietica.<\/p>\n<p style=\"text-align: justify;\"><strong>La \u201csettimana che cambi\u00f2 il mondo\u201d<\/strong><\/p>\n<p style=\"text-align: justify;\"><a href=\"https:\/\/www.rassegnastampa-totustuus.it\/cattolica\/wp-content\/uploads\/2020\/04\/Nixon_Cina_Usa.jpg\"><img loading=\"lazy\" decoding=\"async\" class=\"size-full wp-image-46929 alignleft\" src=\"https:\/\/www.rassegnastampa-totustuus.it\/cattolica\/wp-content\/uploads\/2020\/04\/Nixon_Cina_Usa.jpg\" alt=\"\" width=\"267\" height=\"189\" \/><\/a>Di cedimento in cedimento, si arriv\u00f2 al grande colpo di scena: il viaggio del presidente Richard Nixon in Cina nel febbraio del 1972, a cui il pensatore cattolico brasiliano attribu\u00ec un\u2019importanza epocale. Il pretesto fu di acquisire una posizione dominante in Cina, tale da poter contro-bilanciare l\u2019Unione Sovietica. Plinio Corr\u00eaa de Oliveira lo consider\u00f2, invece, l\u2019inizio del cedimento finale. Nixon stesso defin\u00ec il suo viaggio \u201cla settimana che cambi\u00f2 il mondo\u201d.<\/p>\n<p style=\"text-align: justify;\">Saputa la notizia del viaggio, il 17 luglio 1971 il leader cattolico brasiliano tenne una conferenza analizzandone la portata e, con sorprendente lungimiranza, ne predisse le conseguenze:<\/p>\n<p style=\"text-align: justify;\">&#8211; Questo viaggio cambier\u00e0 sostanzialmente la percezione dell\u2019opinione pubblica occidentale nei confronti della Cina comunista, presentandola sotto un profilo pi\u00f9 amichevole: <em>\u201cCadranno le barriere ideologiche nei confronti del comunismo cinese\u201d<\/em>;<\/p>\n<p style=\"text-align: justify;\">&#8211; La Cina sar\u00e0 ammessa nelle Nazioni Unite, spodestando Taiwan, e poi sar\u00e0 nominata membro permanente del Consiglio di Sicurezza, assumendo quindi il ruolo di potenza mondiale;<\/p>\n<p style=\"text-align: justify;\">&#8211; <em>\u201cLa guerra del Vietnam viene liquidata, in uno spirito di cedimento e di tradimento da parte degli Stati Uniti. Col viaggio di Nixon in Cina, gli Stati Uniti hanno accettato un\u2019umiliazione enorme che lascia intravvedere un cedimento anche in Vietnam. Secondo me, la guerra finir\u00e0 con la resa incondizionata degli Stati Uniti\u201d<\/em>;<\/p>\n<p style=\"text-align: justify;\">&#8211; <em>\u201cLe potenze anticomuniste dell\u2019Estremo Oriente saranno abbandonate alla propria sorte (\u2026) Nixon sembra intenzionato a smantellare inesorabilmente il sistema anticomunista in Estremo Oriente. (\u2026) Ci\u00f2 costringer\u00e0 i Paesi della zona ad appoggiarsi su Pechino, anzich\u00e9 su Washington\u201d;<\/em><\/p>\n<p style=\"text-align: justify;\">&#8211; <em>\u201cHong Kong entrer\u00e0 in agonia. Io credo che tra non molto tempo l\u2019Inghilterra riaprir\u00e0 i rapporti con Pechino e consegner\u00e0 Hong Kong ai cinesi\u201d<\/em>. Alla fine, Plinio Corr\u00eaa de Oliveira si domandava: <em>\u201cChi pu\u00f2 dire che l\u2019espansione cinese non continuer\u00e0?\u201d<\/em>.<\/p>\n<p style=\"text-align: justify;\"><a href=\"https:\/\/www.rassegnastampa-totustuus.it\/cattolica\/wp-content\/uploads\/2019\/08\/Vietnam_Laos_Cambogia.jpg\"><img loading=\"lazy\" decoding=\"async\" class=\"size-full wp-image-44082 alignright\" src=\"https:\/\/www.rassegnastampa-totustuus.it\/cattolica\/wp-content\/uploads\/2019\/08\/Vietnam_Laos_Cambogia.jpg\" alt=\"\" width=\"184\" height=\"273\" \/><\/a>Ovviamente, la sua convinzione era che, una volta iniziata, l\u2019espansione gialla non si sarebbe pi\u00f9 fermata. Tanto pi\u00f9 che gli Stati Uniti non avevano messo nessuna condizione politica o militare. Sulla scia del viaggio del presidente Nixon, gli Stati Uniti firmarono con la Cina la Dichiarazione di Shanghai, di cooperazione fra i due Paesi.<\/p>\n<p style=\"text-align: justify;\">Plinio Corr\u00eaa de Oliveira dedic\u00f2 all\u2019Accordo un\u2019intera conferenza, in conclusione della quale comment\u00f2: <em>\u201cVista l\u2019ingenuit\u00e0 liberale degli americani, e l\u2019astuzia comunista dei cinesi, l\u2019Accordo avr\u00e0 un esito molto conveniente per i comunisti. Essi approfitteranno di ogni occasione per avanzare. D\u2019ora in poi i rapporti fra la Cina e l\u2019Occidente si svolgeranno su questa base: i cinesi sapranno approfittarsene, mentre gli occidentali no\u201d<\/em>. Il leader brasiliano riteneva l\u2019Accordo di Shanghai la peggiore catastrofe politica del secolo XX: <em>\u201cYalta fu una calamit\u00e0 maggiore di Monaco [Patto Ribbentrop-Molotov]. Fu Monaco moltiplicato per Monaco. L\u2019Accordo di Shanghai \u00e8 Yalta moltiplicata per Yalta! Dove ci porter\u00e0? Io non lo so. Ma una cosa \u00e8 certa: l\u2019Occidente ha gi\u00e0 perso questa guerra\u201d.<\/em><\/p>\n<div id=\"attachment_46930\" style=\"width: 241px\" class=\"wp-caption alignleft\"><a href=\"https:\/\/www.rassegnastampa-totustuus.it\/cattolica\/wp-content\/uploads\/2020\/04\/Cina_Deng_Xiaoping.jpg\"><img loading=\"lazy\" decoding=\"async\" aria-describedby=\"caption-attachment-46930\" class=\"wp-image-46930 size-full\" src=\"https:\/\/www.rassegnastampa-totustuus.it\/cattolica\/wp-content\/uploads\/2020\/04\/Cina_Deng_Xiaoping.jpg\" alt=\"\" width=\"241\" height=\"209\" \/><\/a><p id=\"caption-attachment-46930\" class=\"wp-caption-text\">Deng Xiao Ping<\/p><\/div>\n<p style=\"text-align: justify;\">Va detto che questa era la linea del Governo americano, e pi\u00f9 concretamente della Segreteria di Stato. Nel pubblico, invece, vi furono consistenti reazioni alle quali Plinio Corr\u00eaa de Oliveira dedic\u00f2 alcune riunioni e articoli di giornale. Dopo la morte di Mao-Tse-Tung nel 1976, prese il potere Teng-Xiao-Ping, che avvi\u00f2 la cosiddetta \u201cprimavera di Pechino\u201d, la prima timida apertura del sistema cinese al capitalismo, senza mai rinnegare l\u2019ideologia comunista. Il tutto nello spirito dell\u2019Accordo di Shanghai.<\/p>\n<p style=\"text-align: justify;\">L\u2019Occidente inizi\u00f2 quindi a investire in Cina. Plinio Corr\u00eaa de Oliveira avvert\u00ec che il flusso di aiuti occidentali avrebbe fornito alla Cina i mezzi necessari per perseguire i suoi scopi espansionistici: <em>\u201cPu\u00f2 la Cina aspirare a controllare la regione, salvo poi espandersi? Non gli mancano l\u2019estensione territoriale, la popolazione sovrabbondante e l\u2019appetito di conquista. Tuttavia, per un cos\u00ec grande impegno, avr\u00e0 bisogno di un notevole potenziale industriale e militare, cosa che il comunismo non gli ha dato. La Cina comunista potr\u00e0 svilupparsi e raggiungere la condizione di superpotenza imperialista solo con l\u2019aiuto delle nazioni capitaliste\u201d<\/em>.<\/p>\n<p style=\"text-align: justify;\"><strong>Un progetto di dominazione imperiale<\/strong><\/p>\n<p style=\"text-align: justify;\"><a href=\"https:\/\/www.rassegnastampa-totustuus.it\/cattolica\/wp-content\/uploads\/2019\/12\/Cina_denaro_yuan.jpg\"><img loading=\"lazy\" decoding=\"async\" class=\"size-full wp-image-45369 alignright\" src=\"https:\/\/www.rassegnastampa-totustuus.it\/cattolica\/wp-content\/uploads\/2019\/12\/Cina_denaro_yuan.jpg\" alt=\"\" width=\"275\" height=\"183\" \/><\/a>Plinio Corr\u00eaa de Oliveira mor\u00ec nel 1995, e non vide dunque il pieno compimento delle sue previsioni. Oggi possiamo dire con rammarico: tutto ci\u00f2 che egli aveva previsto si \u00e8 purtroppo avverato nel peggior modo possibile. Nel 1980, il reddito pro capite cinese era inferiore a quello delle nazioni africane pi\u00f9 povere. Oggi, la Cina produce il 50% di tutti i beni industriali del mondo. Tutto ci\u00f2, va ribadito, con i soldi e il know-how dell\u2019Occidente, improvvidamente trasferiti in Cina seguendo la logica \u2013 o meglio la mancanza di logica \u2013 del capitalismo selvaggio e della globalizzazione. Mentre gli occidentali riempivano la Cina di soldi e di tecnologia, i cinesi seguivano scrupolosamente ci\u00f2 che un analista occidentale defin\u00ec una \u201cpolitica bismarkiana\u201d, cio\u00e8 un progetto ben definito di dominazione imperale.<\/p>\n<p style=\"text-align: justify;\">Tale progetto \u00e8 ben esaminato da Michael Pillary, uno dei maggiori esperti americani sulla Cina, nel suo libro: <em>\u00abThe Hundred-Year Marathon.\u00a0<\/em><em>Chinas\u2019s secret Strategy to Replace the U.S. as the World Superpower<\/em>\u00bb. Egli mostra come la politica americana di riempire la Cina di soldi e di tecnologia, perfino militare, nell\u2019ingenua speranza che essa diventer\u00e0 un partner affidabile, si \u00e8 dimostrata un boomerang: per tutto questo tempo i cinesi hanno giocato la partita con seconde intenzioni, approfittandosi dell\u2019ingenuit\u00e0 occidentale per acquisire una posizione dominante, che oggi cominciano a brandire come arma di dominio globale.<\/p>\n<p style=\"text-align: justify;\"><a href=\"https:\/\/www.rassegnastampa-totustuus.it\/cattolica\/wp-content\/uploads\/2018\/03\/Cina_economia.jpg\"><img loading=\"lazy\" decoding=\"async\" class=\"size-medium wp-image-39970 alignleft\" src=\"https:\/\/www.rassegnastampa-totustuus.it\/cattolica\/wp-content\/uploads\/2018\/03\/Cina_economia-300x160.jpg\" alt=\"\" width=\"300\" height=\"160\" srcset=\"https:\/\/www.rassegnastampa-totustuus.it\/cattolica\/wp-content\/uploads\/2018\/03\/Cina_economia-300x160.jpg 300w, https:\/\/www.rassegnastampa-totustuus.it\/cattolica\/wp-content\/uploads\/2018\/03\/Cina_economia.jpg 307w\" sizes=\"auto, (max-width: 300px) 100vw, 300px\" \/><\/a>Un altro libro interessante \u00e8 quello del giornalista britannico Martin Jacques <em>\u00ab When China Rules the World: The End of the Western World and the Birth of a New Global Order\u00bb<\/em>. Basato su studi di mercato, proiezioni geopolitiche e analisi storica, Jacques mostra come \u2013 se dovesse continuare l\u2019attuale trend \u2013 la Cina sar\u00e0 la potenza egemonica nel secolo XXI, declassando gli Stati Uniti e introducendo una \u201cnuova modernit\u00e0\u201d diversa da quella attuale. La Cina, secondo Jacques, non \u00e8 uno \u201cStato-Nazione\u201d, bens\u00ec uno \u201cStato-Civilt\u00e0\u201d con vocazione imperiale, abituato a esercitare un potere incontrastato.<\/p>\n<p style=\"text-align: justify;\"><strong>Ripensare la Cina<\/strong><\/p>\n<p style=\"text-align: justify;\">La pandemia da Covid-19, per\u00f2, sembra aver cambiato le carte in tavola. Sono sempre pi\u00f9 evidenti le responsabilit\u00e0 della Cina nella pandemia che oggi attanaglia il mondo. Gli unici a negarlo sono proprio i cinesi, che pure minacciano pesantissime sanzioni contro chi osi affermare tale ovviet\u00e0. Mentre la strafottenza di Pechino raggiunge livelli surreali, l\u2019Occidente inizia a domandarsi se non abbia sbagliato strada.<\/p>\n<p style=\"text-align: justify;\"><em><a href=\"https:\/\/www.rassegnastampa-totustuus.it\/cattolica\/wp-content\/uploads\/2020\/03\/Cina_epidemia.jpg\"><img loading=\"lazy\" decoding=\"async\" class=\"size-medium wp-image-46566 alignright\" src=\"https:\/\/www.rassegnastampa-totustuus.it\/cattolica\/wp-content\/uploads\/2020\/03\/Cina_epidemia-300x169.jpg\" alt=\"\" width=\"300\" height=\"169\" srcset=\"https:\/\/www.rassegnastampa-totustuus.it\/cattolica\/wp-content\/uploads\/2020\/03\/Cina_epidemia-300x169.jpg 300w, https:\/\/www.rassegnastampa-totustuus.it\/cattolica\/wp-content\/uploads\/2020\/03\/Cina_epidemia-768x432.jpg 768w, https:\/\/www.rassegnastampa-totustuus.it\/cattolica\/wp-content\/uploads\/2020\/03\/Cina_epidemia-1024x576.jpg 1024w, https:\/\/www.rassegnastampa-totustuus.it\/cattolica\/wp-content\/uploads\/2020\/03\/Cina_epidemia.jpg 1920w\" sizes=\"auto, (max-width: 300px) 100vw, 300px\" \/><\/a>\u201cLa Cina ci infetta, ci compra e noi la ringraziamo\u201d<\/em>, ha sintetizzato la situazione Massimo Cacciari. Cresce pure un movimento internazionale per chiedere un \u201cTribunale di Norimberga\u201d per accertare le responsabilit\u00e0 cinesi ed, eventualmente, esigere un risarcimento.<\/p>\n<p style=\"text-align: justify;\">Molto nette in questo senso le dichiarazioni del cardinale Charles Maung Bo, arcivescovo di Yangon, capitale del Myanmar: <em>\u201cC\u2019\u00e8 un governo che ha la responsabilit\u00e0 primaria <\/em>[per la pandemia],<em> a motivo di ci\u00f2 che ha fatto e di ci\u00f2 che ha mancato di fare, e questo \u00e8 il regime del Partito Comunista Cinese a Pechino. Vorrei essere chiaro: \u00e8 il PCC a essere responsabile, non il popolo della Cina, e nessuno dovrebbe rispondere a questa crisi con odio razziale nei confronti dei cinesi. In effetti, \u00e8 stato il popolo cinese la prima vittima di questo virus, cos\u00ec come \u00e8 da tempo la principale vittima di quel suo regime repressivo. Merita la nostra simpatia, la nostra solidariet\u00e0 e il nostro sostegno. Ma sono la repressione, le bugie e la corruzione del PCC a essere responsabili\u201d<\/em>. Precisamente ci\u00f2 che Plinio Corr\u00eaa de Oliveira asseriva nell\u2019ormai lontano 1937\u2026<\/p>\n<p style=\"text-align: justify;\"><a href=\"https:\/\/www.rassegnastampa-totustuus.it\/cattolica\/wp-content\/uploads\/2020\/04\/Cina_Vaticano.jpg\"><img loading=\"lazy\" decoding=\"async\" class=\"size-full wp-image-46931 alignleft\" src=\"https:\/\/www.rassegnastampa-totustuus.it\/cattolica\/wp-content\/uploads\/2020\/04\/Cina_Vaticano.jpg\" alt=\"\" width=\"275\" height=\"183\" \/><\/a>Tralascio le pesantissime responsabilit\u00e0 dell\u2019Ostpolitik vaticana nei confronti della Cina comunista, che and\u00f2 a braccetto con quella americana e che, proprio sotto il pontificato di Francesco, ha raggiunto eccessi allarmanti. Aprirebbe orizzonti talmente rilevanti che meriterebbero un trattamento a parte.<\/p>\n<p style=\"text-align: justify;\">Forse Dio ci sta dicendo qualcosa con questa pandemia. Forse \u00e8 arrivato il momento di ripensare <em>ab imis fondamentis<\/em> la nostra strategia nei confronti della Cina comunista. Domani sar\u00e0 troppo tardi. Ma per fare ci\u00f2 serve coraggio. Un coraggio che non verr\u00e0 dalle nostre forze naturali, siano esse di natura politica, economica o culturale. Qui ci vuole l\u2019intervento della grazia divina sulle anime. Io mi domando: di fronte all\u2019immane tragedia che oggi vive il nostro mondo, scosso fino alle fondamenta da questa pandemia, non \u00e8 arrivato il momento di gridare al Cielo: Perdono! Perdono! Perdono!<\/p>\n<p style=\"text-align: justify;\">Sono sicuro che il Cielo ci risponder\u00e0: Penitenza! Penitenza! Penitenza! Conversione! Conversione! Conversione! E, in mezzo al frastuono degli elementi celestiali scatenati, si sentir\u00e0 una voce dolce come un favo di miele dire: <em>\u201cFiducia figli miei! Infine il mio Cuore Immacolato trionfer\u00e0!\u201d<\/em>.<\/p>\n<p style=\"text-align: justify;\"><strong>La pandemia e i grandi orizzonti di Fatima <\/strong><\/p>\n<p style=\"text-align: justify;\"><a href=\"https:\/\/www.rassegnastampa-totustuus.it\/cattolica\/wp-content\/uploads\/2016\/11\/Fatima.jpg\"><img loading=\"lazy\" decoding=\"async\" class=\"size-full wp-image-36735 alignright\" src=\"https:\/\/www.rassegnastampa-totustuus.it\/cattolica\/wp-content\/uploads\/2016\/11\/Fatima.jpg\" alt=\"\" width=\"259\" height=\"194\" \/><\/a>Domani, mercoled\u00ec 25 marzo, alle ore 18,30 (19,30 in Italia), il Cardinale Antonio dos Santos Marto, vescovo di Fatima, insieme al Cardinale Manuel Clemente, Patriarca di Lisbona, presieder\u00e0 la recita del Santo Rosario nel Santuario di Fatima, in conclusione della quale consacreranno Portogallo e Spagna al Sacro Cuore di Ges\u00f9 e al Cuore Immacolato di Maria. Si uniranno all\u2019atto i vescovi spagnoli, secondo specifica comunicazione del Cardinale Juan Jos\u00e9 Omella, arcivescovo di Barcellona e presidente della Conferenza Episcopale spagnola. Il motivo \u00e8 implorare l\u2019aiuto divino nell\u2019attuale situazione di pandemia, che colpisce in modo particolarmente forte la penisola iberica.<\/p>\n<p style=\"text-align: justify;\">L\u2019atto si ispira a una precisa richiesta di Nostro Signore Ges\u00f9 Cristo, fatta nel 1943 attraverso la veggente di Fatima Suor Lucia: <em>\u201cHo una richiesta di Nostro Signore per i signori vescovi di Spagna e un\u2019altra per quelli del Portogallo. Sentite la voce del buon Dio! Nostro Signore desidera che i vescovi si riuniscano in ritiro e promuovano una riforma nel popolo, nel clero e negli ordini religiosi. Se i signori vescovi spagnoli non ascolteranno questa richiesta, la Russia sar\u00e0 di nuovo la frusta con cui Dio li castigher\u00e0\u201d<\/em>.<\/p>\n<p style=\"text-align: justify;\"><a href=\"https:\/\/www.rassegnastampa-totustuus.it\/cattolica\/wp-content\/uploads\/2012\/03\/Fatima.jpg\"><img loading=\"lazy\" decoding=\"async\" class=\"size-full wp-image-29960 alignleft\" src=\"https:\/\/www.rassegnastampa-totustuus.it\/cattolica\/wp-content\/uploads\/2012\/03\/Fatima.jpg\" alt=\"\" width=\"194\" height=\"260\" \/><\/a>La richiesta si inseriva appieno nella logica delle apparizioni di Fatima, avvenute nel 1917. La Madonna aveva allora duramente rimproverato la situazione di peccato in cui sprofondava l\u2019umanit\u00e0. Lei, Madre di misericordia, era venuta per offrire agli uomini una via di salvezza: la recita del Santo Rosario, la comunione riparatrice, la penitenza, la conversione del cuore. Era venuta a chiedere la consacrazione della Russia, allora focolaio del peggiore male dell\u2019epoca, il comunismo, al suo Cuore Immacolato.<\/p>\n<p style=\"text-align: justify;\">La Madre di Dio ammon\u00ec a Santa Giacinta di Fatima: <em>\u201cSe gli uomini non si convertono verr\u00e0 un castigo quale non si vide mai\u201d<\/em>. Oggi, la parola \u201ccastigo\u201d sembra intimorire molti spiriti, eppure \u00e8 quella impiegata dalla Madre di Dio in quella che Benedetto XVI defin\u00ec nel 2007 \u201cla pi\u00f9 profetica delle apparizioni moderne\u201d. La Madonna si riferiva alla serie di sciagure che avrebbero funestato il secolo scorso, e che si protraggono fino al nostro: due guerre mondiali, il flagello del comunismo e, poi, del post-comunismo culturale e morale.<\/p>\n<p style=\"text-align: justify;\">Il terzo segreto di Fatima sembra pure accennare a un altro castigo, ancora da venire. Oggi siamo flagellati da un \u201cnemico\u201d che col comunismo ha in comune l\u2019essersi originato in un Paese dominato proprio da questa ideologia. I termini della questione sono alquanto simili. La situazione di peccato denunciata nel 1917 si \u00e8 sostanzialmente mantenuta fino ad oggi. Anzi, \u00e8 peggiorata di parecchio. La conversione richiesta dalla Madonna non \u00e8 avvenuta.<\/p>\n<p style=\"text-align: justify;\"><a href=\"https:\/\/www.rassegnastampa-totustuus.it\/cattolica\/wp-content\/uploads\/2020\/04\/Fatima_terzo_segreto.jpg\"><img loading=\"lazy\" decoding=\"async\" class=\"size-full wp-image-46932 alignright\" src=\"https:\/\/www.rassegnastampa-totustuus.it\/cattolica\/wp-content\/uploads\/2020\/04\/Fatima_terzo_segreto.jpg\" alt=\"\" width=\"262\" height=\"193\" \/><\/a>Molto si \u00e8 discusso se la pandemia di Covid-19 sia da considerarsi un castigo divino. Se lo fosse, sarebbe sulla scia degli ammonimenti di Fatima? Qualcuno nega che questa pandemia possa avere il carattere di castigo divino, poich\u00e9 \u00e8 frutto di circostanze umane contingenti. Non manca chi la attribuisca addirittura a una mera \u201ccospirazione\u201d. Mancherebbe, quindi, l\u2019aspetto soprannaturale. Tale critica misconosce il modo di procedere della Provvidenza divina.<\/p>\n<p style=\"text-align: justify;\">Anche i fatti definiti dalla Madonna di Fatima come \u201ccastighi\u201d \u2013 le due guerre mondiali e il comunismo \u2013 avevano cause perfettamente naturali, di natura politica, ideologica, culturale e via dicendo. Non mancavano loro nemmeno elementi cospiratori. In cosa consisteva, allora, il loro carattere di \u201ccastigo\u201d divino? Le situazioni difficili, tanto in campo individuale (malattie, incidenti, rovesci di fortuna) come in campo sociale (guerre, disastri naturali, crisi economiche) scuotono le nostre coscienze facendoci capire, anzi toccare con mano, la fragilit\u00e0 della nostra natura umana, della nostra societ\u00e0, del nostro mondo.<\/p>\n<p style=\"text-align: justify;\"><a href=\"https:\/\/www.rassegnastampa-totustuus.it\/cattolica\/wp-content\/uploads\/2015\/09\/gender.jpg\"><img loading=\"lazy\" decoding=\"async\" class=\"size-full wp-image-26798 alignleft\" src=\"https:\/\/www.rassegnastampa-totustuus.it\/cattolica\/wp-content\/uploads\/2015\/09\/gender.jpg\" alt=\"\" width=\"276\" height=\"182\" \/><\/a>Tutto pu\u00f2 svanire in un istante. Sono prove misericordiosamente permesse dalla Provvidenza che ci invitano a scrollarci di dosso l\u2019orgoglio e l\u2019autosufficienza, affidandoci invece alla misericordia di Dio. Ed ecco che in queste circostanze \u00e8 pi\u00f9 facile rivolgersi a Dio attraverso la Madonna. Sono occasioni per battersi sul petto chiedendo perdono per i nostri peccati e implorando la grazia divina per risanare le nostre colpe. In altre parole: sono occasioni di purificazione e di conversione.<\/p>\n<p style=\"text-align: justify;\">Quante conversioni di santi sono avvenute dopo un duro colpo! Dalla conversione di S. Ignazio di Loyola durante la convalescenza per una ferita di guerra, a quella di S. Alfonso Maria de Liguori in conseguenza dello shock per aver perso una causa giudiziaria importante. Ecco perch\u00e9 all\u2019indomani di ogni grande sciagura c\u2019\u00e8 stato sempre un movimento di conversione spirituale.<\/p>\n<p style=\"text-align: justify;\"><a href=\"https:\/\/www.rassegnastampa-totustuus.it\/cattolica\/wp-content\/uploads\/2009\/05\/aborto.jpg\"><img loading=\"lazy\" decoding=\"async\" class=\"size-full wp-image-33964 alignright\" src=\"https:\/\/www.rassegnastampa-totustuus.it\/cattolica\/wp-content\/uploads\/2009\/05\/aborto.jpg\" alt=\"\" width=\"275\" height=\"183\" \/><\/a>Fu cos\u00ec dopo la prima Guerra mondiale, quando Pio XI afferm\u00f2 che il mondo era pronto per il Regno sociale di Cristo, lanciando quindi l\u2019enciclica <em>Quas Primas<\/em>. Fu cos\u00ec dopo la seconda Guerra mondiale quando in diversi Paesi soffiarono venti di conversione, come in Francia col movimento del <em>Grand Retour<\/em> e in Spagna con le <em>Santas Misiones<\/em>. Purtroppo, non fu cos\u00ec dopo la caduta del Muro di Berlino. Anzi. Dopo il 1989 il mondo fu divorato da un\u2019ondata di consumismo sfrenato e di voglia di godersi la vita in modo peccaminoso che contagi\u00f2 perfino i paesi che avevano sofferto le durezze del regime comunista.<\/p>\n<p style=\"text-align: justify;\"><a href=\"https:\/\/www.rassegnastampa-totustuus.it\/cattolica\/wp-content\/uploads\/2020\/04\/Chiesa_giubileo_2000.jpg\"><img loading=\"lazy\" decoding=\"async\" class=\"size-full wp-image-46933 alignleft\" src=\"https:\/\/www.rassegnastampa-totustuus.it\/cattolica\/wp-content\/uploads\/2020\/04\/Chiesa_giubileo_2000.jpg\" alt=\"\" width=\"216\" height=\"234\" \/><\/a>Perfino le grazie del Giubileo del 2000, quando fu rivelato il messaggio di Fatima nella sua integrit\u00e0, furono presto dimenticate. La decadenza morale ebbe una fortissima accelerazione col diffondersi dell\u2019aborto, dell\u2019omosessualit\u00e0, dell\u2019ideologia di genere e altre nefandezze. Non sono mancate le occasioni per ravvederci. Possiamo menzionare l\u2019attentato dell\u201911 settembre 2001, con la conseguente logica di guerra non pi\u00f9 placatasi; e la crisi economica del 2008 che scosse l\u2019economia mondiale fino alle fondamenta. Ma la voglia di vivere nel peccato \u00e8 stata pi\u00f9 forte, e il mondo \u00e8 andato avanti imperterrito, inabissandosi sempre di pi\u00f9 nel fango dei vizi.<\/p>\n<p style=\"text-align: justify;\">Sar\u00e0 l\u2019attuale pandemia un nuovo segno della Provvidenza per offrirci l\u2019occasione per riflettere sulla nostra situazione, chiedendo a Dio la grazia della conversione?<\/p>\n<p style=\"text-align: justify;\">Citiamo in merito le parole di mons. Ram\u00f3n Castro, vescovo di Cuernavaca, Messico. Dopo aver denunciato duramente i peccati del mondo moderno, specialmente l\u2019ideologia di genere, il prelato ammonisce: <em>\u201cDio ci sta gridando attraverso questa pandemia di coronavirus. Dio ci sta dicendo: sentite figli, fermativi e pensate dove state andando! Dio ci sta colpendo amorevolmente per svegliarci. Siete miei figli e io vi amo. Io sono misericordioso. Vedete, per\u00f2, come state andando verso l\u2019abisso. Questa pandemia di coronavirus \u00e8 come se Dio ci dicesse: quanto sei fragile mondo moderno! Il tuo potere, i tuoi soldi, la tua spavalderia non possono niente contro di me! Hai voluto atteggiarti a Dio? Ebbene, vedi come cadi in un attimo!\u201d<\/em>.<\/p>\n<p style=\"text-align: justify;\"><a href=\"https:\/\/www.rassegnastampa-totustuus.it\/cattolica\/wp-content\/uploads\/2020\/03\/sanit\u00e0_virus.jpg\"><img loading=\"lazy\" decoding=\"async\" class=\"size-medium wp-image-46586 alignright\" src=\"https:\/\/www.rassegnastampa-totustuus.it\/cattolica\/wp-content\/uploads\/2020\/03\/sanit\u00e0_virus-300x169.jpg\" alt=\"\" width=\"300\" height=\"169\" srcset=\"https:\/\/www.rassegnastampa-totustuus.it\/cattolica\/wp-content\/uploads\/2020\/03\/sanit\u00e0_virus-300x169.jpg 300w, https:\/\/www.rassegnastampa-totustuus.it\/cattolica\/wp-content\/uploads\/2020\/03\/sanit\u00e0_virus-768x432.jpg 768w, https:\/\/www.rassegnastampa-totustuus.it\/cattolica\/wp-content\/uploads\/2020\/03\/sanit\u00e0_virus-1024x576.jpg 1024w\" sizes=\"auto, (max-width: 300px) 100vw, 300px\" \/><\/a>A nostro parere, la pandemia di Covid-19 pu\u00f2 e deve essere vista alla luce delle apparizioni della Madonna di Fatima. Un messaggio di tragedia, ma anche di tanta speranza. Tragedia perch\u00e9 gli uomini si ostinano a non convertirsi. Ma soprattutto di speranza perch\u00e9 nel 1917 la Madonna promise che, alla fine, il suo Cuore Immacolato trionfer\u00e0.<\/p>\n<p style=\"text-align: justify;\">Scrisse Plinio Corr\u00eaa de Oliveira: <em>\u201c\u00c8 bene che, al termine di queste riflessioni, il nostro spirito indugi nella considerazione delle prospettive ultime del messaggio di Fatima. Oltre la tristezza e le punizioni sommamente probabili, verso le quali avanziamo, abbiamo davanti a noi le luci sacrali dell\u2019alba del Regno di Maria: Infine, il mio Cuore Immacolato trionfer\u00e0. \u00c8 una prospettiva grandiosa di universale vittoria del Cuore regale e materno della santissima Vergine. \u00c8 una promessa pacificante, attraente e soprattutto maestosa ed entusiasmante\u201d.<\/em><\/p>\n","protected":false},"excerpt":{"rendered":"<p>Dal sito Tfp Aprile 2020 di Julio Loredo \u201cSaremo costretti a rivedere i nostri rapporti\u201d. Questa l\u2019intimidazione rivolta dal presidente cinese Xi Jinping a Donald Trump, ostinato nel chiamare \u201cvirus cinese\u201d il COVID-19. E l\u2019esuberante presidente degli Stati Uniti di America, leader della maggiore potenza economica e militare della storia, ha dovuto sottomettersi: via l\u2019aggettivo &hellip; <\/p>\n<p><a class=\"more-link btn\" href=\"https:\/\/www.rassegnastampa-totustuus.it\/cattolica\/ripensare-la-cina\/\">Continua a leggere<\/a><\/p>\n","protected":false},"author":6,"featured_media":46918,"comment_status":"closed","ping_status":"closed","sticky":false,"template":"","format":"standard","meta":{"footnotes":""},"categories":[56,32,108],"tags":[2395,139,1043,545],"class_list":["post-46915","post","type-post","status-publish","format-standard","has-post-thumbnail","hentry","category-cina","category-filosofia-del-comunismo","category-paesi-e-continenti","tag-cina","tag-comunismo","tag-occidente","tag-paesi-e-continenti-2","item-wrap"],"yoast_head":"<!-- This site is optimized with the Yoast SEO plugin v27.5 - https:\/\/yoast.com\/product\/yoast-seo-wordpress\/ -->\n<title>Ripensare la Cina - Rassegna Stampa Cattolica<\/title>\n<meta name=\"description\" content=\"Rassegna Stampa Cattolica - Per una cultura che nasce dalla Rivelazione cristiana in conformit\u00e0 alla tradizione e al Magistero della Chiesa in opposizione ad ogni relativismo e totalitarismo\" \/>\n<meta name=\"robots\" content=\"index, follow, max-snippet:-1, max-image-preview:large, max-video-preview:-1\" \/>\n<link rel=\"canonical\" href=\"https:\/\/www.rassegnastampa-totustuus.it\/cattolica\/ripensare-la-cina\/\" \/>\n<meta property=\"og:locale\" content=\"it_IT\" \/>\n<meta property=\"og:type\" content=\"article\" \/>\n<meta property=\"og:title\" content=\"Ripensare la Cina - Rassegna Stampa Cattolica\" \/>\n<meta property=\"og:description\" content=\"Rassegna Stampa Cattolica - Per una cultura che nasce dalla Rivelazione cristiana in conformit\u00e0 alla tradizione e al Magistero della Chiesa in opposizione ad ogni relativismo e totalitarismo\" \/>\n<meta property=\"og:url\" content=\"https:\/\/www.rassegnastampa-totustuus.it\/cattolica\/ripensare-la-cina\/\" \/>\n<meta property=\"og:site_name\" content=\"Rassegna Stampa Cattolica\" \/>\n<meta property=\"article:publisher\" content=\"https:\/\/www.facebook.com\/rassegnastampacattolica\" \/>\n<meta property=\"article:published_time\" content=\"2020-04-15T22:00:49+00:00\" \/>\n<meta property=\"article:modified_time\" content=\"2020-04-16T07:28:56+00:00\" \/>\n<meta property=\"og:image\" content=\"https:\/\/www.rassegnastampa-totustuus.it\/cattolica\/wp-content\/uploads\/2020\/04\/Xi_Mao_Cina.png\" \/>\n\t<meta property=\"og:image:width\" content=\"1280\" \/>\n\t<meta property=\"og:image:height\" content=\"640\" \/>\n\t<meta property=\"og:image:type\" content=\"image\/png\" \/>\n<meta name=\"author\" content=\"Redazione\" \/>\n<meta name=\"twitter:card\" content=\"summary_large_image\" \/>\n<meta name=\"twitter:creator\" content=\"@rassegnastampa9\" \/>\n<meta name=\"twitter:site\" content=\"@rassegnastampa9\" \/>\n<meta name=\"twitter:label1\" content=\"Scritto da\" \/>\n\t<meta name=\"twitter:data1\" content=\"Redazione\" \/>\n\t<meta name=\"twitter:label2\" content=\"Tempo di lettura stimato\" \/>\n\t<meta name=\"twitter:data2\" content=\"19 minuti\" \/>\n<script type=\"application\/ld+json\" class=\"yoast-schema-graph\">{\"@context\":\"https:\\\/\\\/schema.org\",\"@graph\":[{\"@type\":\"Article\",\"@id\":\"https:\\\/\\\/www.rassegnastampa-totustuus.it\\\/cattolica\\\/ripensare-la-cina\\\/#article\",\"isPartOf\":{\"@id\":\"https:\\\/\\\/www.rassegnastampa-totustuus.it\\\/cattolica\\\/ripensare-la-cina\\\/\"},\"author\":{\"name\":\"Redazione\",\"@id\":\"https:\\\/\\\/www.rassegnastampa-totustuus.it\\\/cattolica\\\/#\\\/schema\\\/person\\\/08f319d2bd1a0904ad9e2bfb7b15e5c3\"},\"headline\":\"Ripensare la Cina\",\"datePublished\":\"2020-04-15T22:00:49+00:00\",\"dateModified\":\"2020-04-16T07:28:56+00:00\",\"mainEntityOfPage\":{\"@id\":\"https:\\\/\\\/www.rassegnastampa-totustuus.it\\\/cattolica\\\/ripensare-la-cina\\\/\"},\"wordCount\":3743,\"publisher\":{\"@id\":\"https:\\\/\\\/www.rassegnastampa-totustuus.it\\\/cattolica\\\/#organization\"},\"image\":{\"@id\":\"https:\\\/\\\/www.rassegnastampa-totustuus.it\\\/cattolica\\\/ripensare-la-cina\\\/#primaryimage\"},\"thumbnailUrl\":\"https:\\\/\\\/www.rassegnastampa-totustuus.it\\\/cattolica\\\/wp-content\\\/uploads\\\/2020\\\/04\\\/Xi_Mao_Cina.png\",\"keywords\":[\"Cina\",\"comunismo\",\"occidente\",\"paesi e continenti\"],\"articleSection\":[\"Cina\",\"Comunismo\",\"Paesi e continenti\"],\"inLanguage\":\"it-IT\"},{\"@type\":\"WebPage\",\"@id\":\"https:\\\/\\\/www.rassegnastampa-totustuus.it\\\/cattolica\\\/ripensare-la-cina\\\/\",\"url\":\"https:\\\/\\\/www.rassegnastampa-totustuus.it\\\/cattolica\\\/ripensare-la-cina\\\/\",\"name\":\"Ripensare la Cina - Rassegna Stampa Cattolica\",\"isPartOf\":{\"@id\":\"https:\\\/\\\/www.rassegnastampa-totustuus.it\\\/cattolica\\\/#website\"},\"primaryImageOfPage\":{\"@id\":\"https:\\\/\\\/www.rassegnastampa-totustuus.it\\\/cattolica\\\/ripensare-la-cina\\\/#primaryimage\"},\"image\":{\"@id\":\"https:\\\/\\\/www.rassegnastampa-totustuus.it\\\/cattolica\\\/ripensare-la-cina\\\/#primaryimage\"},\"thumbnailUrl\":\"https:\\\/\\\/www.rassegnastampa-totustuus.it\\\/cattolica\\\/wp-content\\\/uploads\\\/2020\\\/04\\\/Xi_Mao_Cina.png\",\"datePublished\":\"2020-04-15T22:00:49+00:00\",\"dateModified\":\"2020-04-16T07:28:56+00:00\",\"description\":\"Rassegna Stampa Cattolica - Per una cultura che nasce dalla Rivelazione cristiana in conformit\u00e0 alla tradizione e al Magistero della Chiesa in opposizione ad ogni relativismo e totalitarismo\",\"breadcrumb\":{\"@id\":\"https:\\\/\\\/www.rassegnastampa-totustuus.it\\\/cattolica\\\/ripensare-la-cina\\\/#breadcrumb\"},\"inLanguage\":\"it-IT\",\"potentialAction\":[{\"@type\":\"ReadAction\",\"target\":[\"https:\\\/\\\/www.rassegnastampa-totustuus.it\\\/cattolica\\\/ripensare-la-cina\\\/\"]}]},{\"@type\":\"ImageObject\",\"inLanguage\":\"it-IT\",\"@id\":\"https:\\\/\\\/www.rassegnastampa-totustuus.it\\\/cattolica\\\/ripensare-la-cina\\\/#primaryimage\",\"url\":\"https:\\\/\\\/www.rassegnastampa-totustuus.it\\\/cattolica\\\/wp-content\\\/uploads\\\/2020\\\/04\\\/Xi_Mao_Cina.png\",\"contentUrl\":\"https:\\\/\\\/www.rassegnastampa-totustuus.it\\\/cattolica\\\/wp-content\\\/uploads\\\/2020\\\/04\\\/Xi_Mao_Cina.png\",\"width\":1280,\"height\":640},{\"@type\":\"BreadcrumbList\",\"@id\":\"https:\\\/\\\/www.rassegnastampa-totustuus.it\\\/cattolica\\\/ripensare-la-cina\\\/#breadcrumb\",\"itemListElement\":[{\"@type\":\"ListItem\",\"position\":1,\"name\":\"Home\",\"item\":\"https:\\\/\\\/www.rassegnastampa-totustuus.it\\\/cattolica\\\/\"},{\"@type\":\"ListItem\",\"position\":2,\"name\":\"Ripensare la Cina\"}]},{\"@type\":\"WebSite\",\"@id\":\"https:\\\/\\\/www.rassegnastampa-totustuus.it\\\/cattolica\\\/#website\",\"url\":\"https:\\\/\\\/www.rassegnastampa-totustuus.it\\\/cattolica\\\/\",\"name\":\"Rassegna Stampa Cattolica\",\"description\":\"Per una cultura che nasce dalla Rivelazione cristiana in conformit\u00e0 alla tradizione e al Magistero della Chiesa in opposizione ad ogni relativismo e totalitarismo\",\"publisher\":{\"@id\":\"https:\\\/\\\/www.rassegnastampa-totustuus.it\\\/cattolica\\\/#organization\"},\"alternateName\":\"Rass. Cattolica\",\"potentialAction\":[{\"@type\":\"SearchAction\",\"target\":{\"@type\":\"EntryPoint\",\"urlTemplate\":\"https:\\\/\\\/www.rassegnastampa-totustuus.it\\\/cattolica\\\/?s={search_term_string}\"},\"query-input\":{\"@type\":\"PropertyValueSpecification\",\"valueRequired\":true,\"valueName\":\"search_term_string\"}}],\"inLanguage\":\"it-IT\"},{\"@type\":\"Organization\",\"@id\":\"https:\\\/\\\/www.rassegnastampa-totustuus.it\\\/cattolica\\\/#organization\",\"name\":\"Rassegna Stampa Cattolica\",\"url\":\"https:\\\/\\\/www.rassegnastampa-totustuus.it\\\/cattolica\\\/\",\"logo\":{\"@type\":\"ImageObject\",\"inLanguage\":\"it-IT\",\"@id\":\"https:\\\/\\\/www.rassegnastampa-totustuus.it\\\/cattolica\\\/#\\\/schema\\\/logo\\\/image\\\/\",\"url\":\"https:\\\/\\\/www.rassegnastampa-totustuus.it\\\/cattolica\\\/wp-content\\\/uploads\\\/2014\\\/04\\\/logo-rassegna1.gif\",\"contentUrl\":\"https:\\\/\\\/www.rassegnastampa-totustuus.it\\\/cattolica\\\/wp-content\\\/uploads\\\/2014\\\/04\\\/logo-rassegna1.gif\",\"width\":600,\"height\":163,\"caption\":\"Rassegna Stampa Cattolica\"},\"image\":{\"@id\":\"https:\\\/\\\/www.rassegnastampa-totustuus.it\\\/cattolica\\\/#\\\/schema\\\/logo\\\/image\\\/\"},\"sameAs\":[\"https:\\\/\\\/www.facebook.com\\\/rassegnastampacattolica\",\"https:\\\/\\\/x.com\\\/rassegnastampa9\"]},{\"@type\":\"Person\",\"@id\":\"https:\\\/\\\/www.rassegnastampa-totustuus.it\\\/cattolica\\\/#\\\/schema\\\/person\\\/08f319d2bd1a0904ad9e2bfb7b15e5c3\",\"name\":\"Redazione\",\"image\":{\"@type\":\"ImageObject\",\"inLanguage\":\"it-IT\",\"@id\":\"https:\\\/\\\/secure.gravatar.com\\\/avatar\\\/2fcdf27c78ea025fbdb44e914cc63c72249ffec9dc8aafd5c82b26240ef3f346?s=96&d=mm&r=g\",\"url\":\"https:\\\/\\\/secure.gravatar.com\\\/avatar\\\/2fcdf27c78ea025fbdb44e914cc63c72249ffec9dc8aafd5c82b26240ef3f346?s=96&d=mm&r=g\",\"contentUrl\":\"https:\\\/\\\/secure.gravatar.com\\\/avatar\\\/2fcdf27c78ea025fbdb44e914cc63c72249ffec9dc8aafd5c82b26240ef3f346?s=96&d=mm&r=g\",\"caption\":\"Redazione\"},\"url\":\"https:\\\/\\\/www.rassegnastampa-totustuus.it\\\/cattolica\\\/author\\\/pietroelle\\\/\"}]}<\/script>\n<!-- \/ Yoast SEO plugin. -->","yoast_head_json":{"title":"Ripensare la Cina - Rassegna Stampa Cattolica","description":"Rassegna Stampa Cattolica - Per una cultura che nasce dalla Rivelazione cristiana in conformit\u00e0 alla tradizione e al Magistero della Chiesa in opposizione ad ogni relativismo e totalitarismo","robots":{"index":"index","follow":"follow","max-snippet":"max-snippet:-1","max-image-preview":"max-image-preview:large","max-video-preview":"max-video-preview:-1"},"canonical":"https:\/\/www.rassegnastampa-totustuus.it\/cattolica\/ripensare-la-cina\/","og_locale":"it_IT","og_type":"article","og_title":"Ripensare la Cina - Rassegna Stampa Cattolica","og_description":"Rassegna Stampa Cattolica - Per una cultura che nasce dalla Rivelazione cristiana in conformit\u00e0 alla tradizione e al Magistero della Chiesa in opposizione ad ogni relativismo e totalitarismo","og_url":"https:\/\/www.rassegnastampa-totustuus.it\/cattolica\/ripensare-la-cina\/","og_site_name":"Rassegna Stampa Cattolica","article_publisher":"https:\/\/www.facebook.com\/rassegnastampacattolica","article_published_time":"2020-04-15T22:00:49+00:00","article_modified_time":"2020-04-16T07:28:56+00:00","og_image":[{"width":1280,"height":640,"url":"https:\/\/www.rassegnastampa-totustuus.it\/cattolica\/wp-content\/uploads\/2020\/04\/Xi_Mao_Cina.png","type":"image\/png"}],"author":"Redazione","twitter_card":"summary_large_image","twitter_creator":"@rassegnastampa9","twitter_site":"@rassegnastampa9","twitter_misc":{"Scritto da":"Redazione","Tempo di lettura stimato":"19 minuti"},"schema":{"@context":"https:\/\/schema.org","@graph":[{"@type":"Article","@id":"https:\/\/www.rassegnastampa-totustuus.it\/cattolica\/ripensare-la-cina\/#article","isPartOf":{"@id":"https:\/\/www.rassegnastampa-totustuus.it\/cattolica\/ripensare-la-cina\/"},"author":{"name":"Redazione","@id":"https:\/\/www.rassegnastampa-totustuus.it\/cattolica\/#\/schema\/person\/08f319d2bd1a0904ad9e2bfb7b15e5c3"},"headline":"Ripensare la Cina","datePublished":"2020-04-15T22:00:49+00:00","dateModified":"2020-04-16T07:28:56+00:00","mainEntityOfPage":{"@id":"https:\/\/www.rassegnastampa-totustuus.it\/cattolica\/ripensare-la-cina\/"},"wordCount":3743,"publisher":{"@id":"https:\/\/www.rassegnastampa-totustuus.it\/cattolica\/#organization"},"image":{"@id":"https:\/\/www.rassegnastampa-totustuus.it\/cattolica\/ripensare-la-cina\/#primaryimage"},"thumbnailUrl":"https:\/\/www.rassegnastampa-totustuus.it\/cattolica\/wp-content\/uploads\/2020\/04\/Xi_Mao_Cina.png","keywords":["Cina","comunismo","occidente","paesi e continenti"],"articleSection":["Cina","Comunismo","Paesi e continenti"],"inLanguage":"it-IT"},{"@type":"WebPage","@id":"https:\/\/www.rassegnastampa-totustuus.it\/cattolica\/ripensare-la-cina\/","url":"https:\/\/www.rassegnastampa-totustuus.it\/cattolica\/ripensare-la-cina\/","name":"Ripensare la Cina - Rassegna Stampa Cattolica","isPartOf":{"@id":"https:\/\/www.rassegnastampa-totustuus.it\/cattolica\/#website"},"primaryImageOfPage":{"@id":"https:\/\/www.rassegnastampa-totustuus.it\/cattolica\/ripensare-la-cina\/#primaryimage"},"image":{"@id":"https:\/\/www.rassegnastampa-totustuus.it\/cattolica\/ripensare-la-cina\/#primaryimage"},"thumbnailUrl":"https:\/\/www.rassegnastampa-totustuus.it\/cattolica\/wp-content\/uploads\/2020\/04\/Xi_Mao_Cina.png","datePublished":"2020-04-15T22:00:49+00:00","dateModified":"2020-04-16T07:28:56+00:00","description":"Rassegna Stampa Cattolica - Per una cultura che nasce dalla Rivelazione cristiana in conformit\u00e0 alla tradizione e al Magistero della Chiesa in opposizione ad ogni relativismo e totalitarismo","breadcrumb":{"@id":"https:\/\/www.rassegnastampa-totustuus.it\/cattolica\/ripensare-la-cina\/#breadcrumb"},"inLanguage":"it-IT","potentialAction":[{"@type":"ReadAction","target":["https:\/\/www.rassegnastampa-totustuus.it\/cattolica\/ripensare-la-cina\/"]}]},{"@type":"ImageObject","inLanguage":"it-IT","@id":"https:\/\/www.rassegnastampa-totustuus.it\/cattolica\/ripensare-la-cina\/#primaryimage","url":"https:\/\/www.rassegnastampa-totustuus.it\/cattolica\/wp-content\/uploads\/2020\/04\/Xi_Mao_Cina.png","contentUrl":"https:\/\/www.rassegnastampa-totustuus.it\/cattolica\/wp-content\/uploads\/2020\/04\/Xi_Mao_Cina.png","width":1280,"height":640},{"@type":"BreadcrumbList","@id":"https:\/\/www.rassegnastampa-totustuus.it\/cattolica\/ripensare-la-cina\/#breadcrumb","itemListElement":[{"@type":"ListItem","position":1,"name":"Home","item":"https:\/\/www.rassegnastampa-totustuus.it\/cattolica\/"},{"@type":"ListItem","position":2,"name":"Ripensare la Cina"}]},{"@type":"WebSite","@id":"https:\/\/www.rassegnastampa-totustuus.it\/cattolica\/#website","url":"https:\/\/www.rassegnastampa-totustuus.it\/cattolica\/","name":"Rassegna Stampa Cattolica","description":"Per una cultura che nasce dalla Rivelazione cristiana in conformit\u00e0 alla tradizione e al Magistero della Chiesa in opposizione ad ogni relativismo e totalitarismo","publisher":{"@id":"https:\/\/www.rassegnastampa-totustuus.it\/cattolica\/#organization"},"alternateName":"Rass. Cattolica","potentialAction":[{"@type":"SearchAction","target":{"@type":"EntryPoint","urlTemplate":"https:\/\/www.rassegnastampa-totustuus.it\/cattolica\/?s={search_term_string}"},"query-input":{"@type":"PropertyValueSpecification","valueRequired":true,"valueName":"search_term_string"}}],"inLanguage":"it-IT"},{"@type":"Organization","@id":"https:\/\/www.rassegnastampa-totustuus.it\/cattolica\/#organization","name":"Rassegna Stampa Cattolica","url":"https:\/\/www.rassegnastampa-totustuus.it\/cattolica\/","logo":{"@type":"ImageObject","inLanguage":"it-IT","@id":"https:\/\/www.rassegnastampa-totustuus.it\/cattolica\/#\/schema\/logo\/image\/","url":"https:\/\/www.rassegnastampa-totustuus.it\/cattolica\/wp-content\/uploads\/2014\/04\/logo-rassegna1.gif","contentUrl":"https:\/\/www.rassegnastampa-totustuus.it\/cattolica\/wp-content\/uploads\/2014\/04\/logo-rassegna1.gif","width":600,"height":163,"caption":"Rassegna Stampa Cattolica"},"image":{"@id":"https:\/\/www.rassegnastampa-totustuus.it\/cattolica\/#\/schema\/logo\/image\/"},"sameAs":["https:\/\/www.facebook.com\/rassegnastampacattolica","https:\/\/x.com\/rassegnastampa9"]},{"@type":"Person","@id":"https:\/\/www.rassegnastampa-totustuus.it\/cattolica\/#\/schema\/person\/08f319d2bd1a0904ad9e2bfb7b15e5c3","name":"Redazione","image":{"@type":"ImageObject","inLanguage":"it-IT","@id":"https:\/\/secure.gravatar.com\/avatar\/2fcdf27c78ea025fbdb44e914cc63c72249ffec9dc8aafd5c82b26240ef3f346?s=96&d=mm&r=g","url":"https:\/\/secure.gravatar.com\/avatar\/2fcdf27c78ea025fbdb44e914cc63c72249ffec9dc8aafd5c82b26240ef3f346?s=96&d=mm&r=g","contentUrl":"https:\/\/secure.gravatar.com\/avatar\/2fcdf27c78ea025fbdb44e914cc63c72249ffec9dc8aafd5c82b26240ef3f346?s=96&d=mm&r=g","caption":"Redazione"},"url":"https:\/\/www.rassegnastampa-totustuus.it\/cattolica\/author\/pietroelle\/"}]}},"_links":{"self":[{"href":"https:\/\/www.rassegnastampa-totustuus.it\/cattolica\/wp-json\/wp\/v2\/posts\/46915","targetHints":{"allow":["GET"]}}],"collection":[{"href":"https:\/\/www.rassegnastampa-totustuus.it\/cattolica\/wp-json\/wp\/v2\/posts"}],"about":[{"href":"https:\/\/www.rassegnastampa-totustuus.it\/cattolica\/wp-json\/wp\/v2\/types\/post"}],"author":[{"embeddable":true,"href":"https:\/\/www.rassegnastampa-totustuus.it\/cattolica\/wp-json\/wp\/v2\/users\/6"}],"replies":[{"embeddable":true,"href":"https:\/\/www.rassegnastampa-totustuus.it\/cattolica\/wp-json\/wp\/v2\/comments?post=46915"}],"version-history":[{"count":4,"href":"https:\/\/www.rassegnastampa-totustuus.it\/cattolica\/wp-json\/wp\/v2\/posts\/46915\/revisions"}],"predecessor-version":[{"id":46934,"href":"https:\/\/www.rassegnastampa-totustuus.it\/cattolica\/wp-json\/wp\/v2\/posts\/46915\/revisions\/46934"}],"wp:featuredmedia":[{"embeddable":true,"href":"https:\/\/www.rassegnastampa-totustuus.it\/cattolica\/wp-json\/wp\/v2\/media\/46918"}],"wp:attachment":[{"href":"https:\/\/www.rassegnastampa-totustuus.it\/cattolica\/wp-json\/wp\/v2\/media?parent=46915"}],"wp:term":[{"taxonomy":"category","embeddable":true,"href":"https:\/\/www.rassegnastampa-totustuus.it\/cattolica\/wp-json\/wp\/v2\/categories?post=46915"},{"taxonomy":"post_tag","embeddable":true,"href":"https:\/\/www.rassegnastampa-totustuus.it\/cattolica\/wp-json\/wp\/v2\/tags?post=46915"}],"curies":[{"name":"wp","href":"https:\/\/api.w.org\/{rel}","templated":true}]}}