{"id":46872,"date":"2020-04-09T00:00:40","date_gmt":"2020-04-08T22:00:40","guid":{"rendered":"http:\/\/www.rassegnastampa-totustuus.it\/cattolica\/?p=46872"},"modified":"2020-04-05T13:05:45","modified_gmt":"2020-04-05T11:05:45","slug":"e-lecologista-arruola-il-virus-il-fatale-esito-di-unantica-eresia","status":"publish","type":"post","link":"https:\/\/www.rassegnastampa-totustuus.it\/cattolica\/e-lecologista-arruola-il-virus-il-fatale-esito-di-unantica-eresia\/","title":{"rendered":"E l\u2019ecologista arruola il virus. Il fatale esito di un\u2019antica eresia"},"content":{"rendered":"<p style=\"text-align: center;\"><strong><a href=\"https:\/\/www.rassegnastampa-totustuus.it\/cattolica\/wp-content\/uploads\/2010\/07\/Gaia.jpg\"><img loading=\"lazy\" decoding=\"async\" class=\" wp-image-21232 alignright\" src=\"https:\/\/www.rassegnastampa-totustuus.it\/cattolica\/wp-content\/uploads\/2010\/07\/Gaia.jpg\" alt=\"\" width=\"235\" height=\"296\" \/><\/a>Ricognizioni<\/strong> 31 Marzo 2020<\/p>\n<p style=\"text-align: center;\">di <strong>Antonio de Felip <\/strong><\/p>\n<p style=\"text-align: justify;\">Partiamo dall\u2019attualit\u00e0. Tragica. L\u2019Italia e il mondo soffrono, guardano con preoccupazione al futuro e piangono. Ma non tutti: qualcuno, anzi, fa festa. Sapete, ad esempio, chi \u00e8 tale Gunter Pauli? \u00c8 un ecologista, fanatico sostenitore della famigerata \u201cdecrescita felice\u201d, sodale di Beppe Grillo, consulente economico di Giuseppe Conte e, ma guarda un po\u2019, imprenditore della bioplastica.<\/p>\n<p><!--more--><\/p>\n<p style=\"text-align: justify;\">Costui, garrulo e felice come un uccellino all\u2019alba, ha twittato: \u201c<em>La Terra torna a respirare. Decenni di eccessivi consumi e produzioni hanno lasciato un tributo da pagare. E improvvisamente un virus ci ha fermato<\/em>\u201d. E, naturalmente, tutti voi conoscete (come non potete?) Sandro Veronesi, scrittore <em>mainstream<\/em>, ovviamente premio Strega, ovviamente progressista, che ha scritto: \u201c<em>A che cosa serviamo, ormai, noi uomini sul pianeta Terra? Perch\u00e9 dovremmo continuare a vivere, noi, dopo che la Madre Terra si \u00e8 sbarazzata di altre migliaia di specie inutili e dannose?<\/em>\u201d.<\/p>\n<p style=\"text-align: justify;\"><a href=\"https:\/\/www.rassegnastampa-totustuus.it\/cattolica\/wp-content\/uploads\/2015\/07\/Eranos.jpg\"><img loading=\"lazy\" decoding=\"async\" class=\"size-medium wp-image-26542 alignleft\" src=\"https:\/\/www.rassegnastampa-totustuus.it\/cattolica\/wp-content\/uploads\/2015\/07\/Eranos-211x300.jpg\" alt=\"\" width=\"211\" height=\"300\" srcset=\"https:\/\/www.rassegnastampa-totustuus.it\/cattolica\/wp-content\/uploads\/2015\/07\/Eranos-211x300.jpg 211w, https:\/\/www.rassegnastampa-totustuus.it\/cattolica\/wp-content\/uploads\/2015\/07\/Eranos.jpg 401w\" sizes=\"auto, (max-width: 211px) 100vw, 211px\" \/><\/a>Ecco perch\u00e9 il tema della visione \u201canti-umanista\u201d dell\u2019ecologismo \u00e8 di estrema attualit\u00e0. Ma prendiamo questa storia da lontano. Agli inizi del XX secolo un gruppo di ricchi signori di varie provenienze acquist\u00f2 un vasto appezzamento di terreno sul Monte Monescia, poi ridenominato \u201cMonte Verit\u00e0\u201d, sopra la bella localit\u00e0 svizzera di Ascona, sul Lago Maggiore, per costruirvi una \u201ccolonia\u201d di adepti dediti al nudismo, alla pi\u00f9 totale libert\u00e0 sessuale, al vegetarianismo, all\u2019adorazione panteista della natura, a rituali parareligiosi intrisi di teosofia e antroposofia, anarchismo, socialismo utopico, pacifismo, a danze notturne sotto la luna.<\/p>\n<p style=\"text-align: justify;\">Si form\u00f2 un villaggio fatto di spartane casette in legno, orti biologici e ville in stile <em>Bauhaus<\/em>, che attrasse, anche solo per previ periodi, intellettuali europei come <a href=\"https:\/\/it.wikipedia.org\/wiki\/Carl_Gustav_Jung\" target=\"_blank\" rel=\"noopener noreferrer\">Jung<\/a>, <a href=\"https:\/\/it.wikipedia.org\/wiki\/Erich_Maria_Remarque\" target=\"_blank\" rel=\"noopener noreferrer\">Remarque<\/a>, <a href=\"https:\/\/it.wikipedia.org\/wiki\/Hermann_Hesse\" target=\"_blank\" rel=\"noopener noreferrer\">Hesse<\/a>, Kafka, ma anche Bakunin, Lenin, Trotsky.<\/p>\n<p style=\"text-align: justify;\">Nelle confuse ideologie di questi ricchi annoiati possiamo rinvenire tutti i prodromi di quegli sdilinquimenti spiritualistico-ecologisti che infestano il nostro pensiero occidentale, imponendo i pi\u00f9 infantili (o senili) luoghi comuni <em>politically correct<\/em> della nostra decadenza: la Terra (Gaia) sofferente e in pericolo, la decrescita felice, il veganesimo, la liberazione sessuale e via aberrando.<\/p>\n<p style=\"text-align: justify;\"><a href=\"https:\/\/www.rassegnastampa-totustuus.it\/cattolica\/wp-content\/uploads\/2019\/10\/nazismo_ecologia_sesso.jpg\"><img loading=\"lazy\" decoding=\"async\" class=\"size-full wp-image-44640 alignright\" src=\"https:\/\/www.rassegnastampa-totustuus.it\/cattolica\/wp-content\/uploads\/2019\/10\/nazismo_ecologia_sesso.jpg\" alt=\"\" width=\"278\" height=\"181\" \/><\/a>Se si analizza con attenzione l\u2019ecologismo, nelle sue varie forme, sempre di pi\u00f9 si manifesta non solo come ideologia, ma anche come vera e propria \u201cesperienza religiosa\u201d, come setta fanatica e talvolta violenta intrisa di un misticismo malato, pervertito e dedita culti tellurici. E ci\u00f2 non soltanto nella cosiddetta \u201c<em>deep ecology<\/em>\u201d, ma anche in quella \u201cdi superficie\u201d, anche perch\u00e9 tra \u201cecologia profonda\u201d e \u201cecologia di superficie\u201d in realt\u00e0 non c\u2019\u00e8 contrapposizione, ma continuit\u00e0.<\/p>\n<p style=\"text-align: justify;\">Ed \u00e8 ormai diffusa e consolidata la convinzione che l\u2019ecologismo sia diventato una nuova religione, o pi\u00f9 probabilmente sia stato generato come tale fin dall\u2019origine, nei laboratori oscuri della Rivoluzione anti-umana, come forma estrema di decadenza e dissoluzione della modernit\u00e0.<\/p>\n<p style=\"text-align: justify;\">Scrive Antonio Socci: <em>\u201c\u2026l\u2019ideologia ecologista si sta prepotentemente trasformando in una religione che adora la Natura come buona e incorrotta e depreca la presenza umana come minaccia alla stessa innocente Madre Terra<\/em>\u201d. E ricordando l\u2019inquietante episodio dell\u2019idolatria vaticana di Pachamama, sanguinaria dea inca della natura, cita Jos\u00e9 Antonio Ureta, scrittore cileno, che descrive il pensiero ecologista di Bergoglio come \u201c<em>cosmovisione teilhardiana e New Age di un universo in cui tutto \u00e8 collegato<\/em>\u201d.<\/p>\n<p style=\"text-align: justify;\"><a href=\"https:\/\/www.rassegnastampa-totustuus.it\/cattolica\/wp-content\/uploads\/2009\/12\/ecologismo.jpg\"><img loading=\"lazy\" decoding=\"async\" class=\" wp-image-31676 alignleft\" src=\"https:\/\/www.rassegnastampa-totustuus.it\/cattolica\/wp-content\/uploads\/2009\/12\/ecologismo.jpg\" alt=\"\" width=\"214\" height=\"186\" \/><\/a>Ed \u00e8 sempre Ureta, parlando di \u201cecoteologia\u201d, definisce l\u2019ambientalismo: \u201c<em>una corrente spirituale di matrice religiosa<\/em>\u201d che si richiama al panteismo: \u201c<em>L\u2019ecologia \u00e8 l\u2019espressione ambientale di quel panteismo<\/em>\u201d. Il politologo Alessandro Campi rinviene nell\u2019ecologismo un: \u201c<em>millenarismo di marca apocalittica<\/em>\u201d.<\/p>\n<p style=\"text-align: justify;\">Ettore Gotti Tedeschi ed Enzo Pennetta, richiamando l\u2019odio metafisico dello gnosticismo contro l\u2019uomo, vertice della Creazione, a immagine e somiglianza di Dio, dal Creatore stesso destinato a dominare e soggiogare la Natura e la Terra, rilevano che: \u201c<em>L\u2019ambientalismo \u00e8 dottrina gnostica e anticattolica<\/em>\u201d (e infatti \u00e8 contro la vita, pro-aborto e in alcune sue frange estreme inneggia al suicidio come i Catari). Eugenio Capozzi riferisce del \u201c<em>neo-misticismo ecologista<\/em>\u201d.<\/p>\n<p style=\"text-align: justify;\">Acuta la definizione di Adriano Scianca, giornalista e scrittore: \u201c<em>L\u2019ultima epifania religiosa della tarda postmodernit\u00e0<\/em>\u201d e Thomas Pedretti, in un interessante e recente libro\u00a0<em>Con la scusa del clima<\/em>, riferendosi alla aggressiva e irosa ragazzotta biondocrinita che sacrifica i suoi studi per dedicarsi alla nobile missione della Salvezza della Terra racconta che: \u201c<em>Qualcuno, ironicamente, ha gi\u00e0 parlato di \u201c<\/em>Gretology<em>\u201d, ovvero una nuova setta planetaria sul modello della controversa\u00a0<\/em>Scientology.\u201d<\/p>\n<p style=\"text-align: justify;\"><a href=\"https:\/\/www.rassegnastampa-totustuus.it\/cattolica\/wp-content\/uploads\/2005\/09\/creato.jpg\"><img loading=\"lazy\" decoding=\"async\" class=\"size-full wp-image-30505 alignright\" src=\"https:\/\/www.rassegnastampa-totustuus.it\/cattolica\/wp-content\/uploads\/2005\/09\/creato.jpg\" alt=\"\" width=\"300\" height=\"168\" \/><\/a>Ha dichiarato, in una recente intervista su\u00a0<em>La Verit\u00e0<\/em>, Riccardo Cascioli, giornalista cattolico che di ecologismo se ne intende, avendo scritto, con Antonio Gaspari, uno dei migliori libri sull\u2019argomento,\u00a0<em>Le bugie degli ambientalisti<\/em>: \u201c<em>L\u2019ideologia dell\u2019ecologismo \u00e8 una religione di fatto [\u2026] nella concezione cattolica l\u2019uomo \u00e8 al vertice del creato [\u2026]. Secondo la Carta della terra, invece, l\u2019uomo \u00e8 parte di una comunit\u00e0 di vita, assieme alle piante e agli animali. Questa mentalit\u00e0 panteista si ritrova anche nella<\/em>\u00a0Laudato s\u00ec\u201d.<\/p>\n<p style=\"text-align: justify;\">Decisamente interessante la pacata, ma ferma, reazione del cardinal Mueller alla discutibilissima espressione \u201c<em>conversione ecologica<\/em>\u201d usata da Bergoglio: \u201c<em>Dobbiamo rifiutare in modo assoluto espressioni come \u201c<\/em>conversione ecologica<em>\u201d. C\u2019\u00e8 solo una conversione al Signore, e come conseguenza c\u2019\u00e8 anche il bene della natura. Non possiamo fare dell\u2019ecologismo una nuova religione, qui siamo in una concezione panteista, che va rifiutata.<\/em>\u201d<\/p>\n<p style=\"text-align: justify;\"><a href=\"https:\/\/www.rassegnastampa-totustuus.it\/cattolica\/wp-content\/uploads\/2011\/09\/New_age.jpg\"><img loading=\"lazy\" decoding=\"async\" class=\"size-full wp-image-33064 alignleft\" src=\"https:\/\/www.rassegnastampa-totustuus.it\/cattolica\/wp-content\/uploads\/2011\/09\/New_age.jpg\" alt=\"\" width=\"226\" height=\"223\" \/><\/a>Un altro grande incubatore di lungo periodo dell\u2019attuale ecologismo, con tutto il suo carico di settarismo religioso, \u00e8 il \u201cpensiero\u201d <em>New Age<\/em>, anche se \u00e8 assai problematico definirlo \u201cpensiero\u201d: non c\u2019\u00e8 nulla di unitario, di coerente, di logico. Si tratta di una serie di credenze vagamente spiritualiste, mistiche e millenariste come quelle riferite all\u2019Et\u00e0 dell\u2019Acquario, diversificate a seconda delle sette, delle sotto-sette e delle aspirazioni individuali.<\/p>\n<p style=\"text-align: justify;\">Nato nel riflusso delle violente proteste studentesche della <em>New Left<\/em> contro la guerra in Vietnam, nei cascami del disordine psichico e intellettuale degli <em>hippies<\/em>, nella scoperta delle \u201cnuove\u201d droghe come l\u2019LSD e i suoi effetti estranianti e allucinogeni, nel pacifismo proto-ecologista, nell\u2019odio decostruzionista contro l\u2019ordine \u201cborghese\u201d.<\/p>\n<p style=\"text-align: justify;\">In questa allucinata confusione influ\u00ec non poco il pensiero di Fritjof Capra, docente di fisica a Berkeley, in California, il pi\u00f9 importante centro di infezione della <em>New Age<\/em>, con le sue tesi sconfinanti nel misticismo, autore de <em>Il Tao della fisica<\/em>, e i libri dello \u201cstregone\u201d Carlos Castaneda e delle sue esperienze \u201ciniziatiche\u201d di tipo sciamanico con l\u2019uso di allucinogeni.<\/p>\n<p style=\"text-align: justify;\"><a href=\"https:\/\/www.rassegnastampa-totustuus.it\/cattolica\/wp-content\/uploads\/2005\/06\/New_Age.jpg\"><img loading=\"lazy\" decoding=\"async\" class=\"size-full wp-image-33090 alignright\" src=\"https:\/\/www.rassegnastampa-totustuus.it\/cattolica\/wp-content\/uploads\/2005\/06\/New_Age.jpg\" alt=\"\" width=\"267\" height=\"160\" \/><\/a>l fenomeno New Age si frantum\u00f2 in un serie di gruppetti, sette, tra cui <em>The Family<\/em> di Charles Manson, autore del massacro dell\u2019attrice Sharon Tate e di altre sette persone come \u201csacrificio magico\u201d. Cos\u00ec il sociologo delle religioni Massimo Introvigne descrive dalla parabola della <em>New Age<\/em>: \u201c<em>Negli anni 1970 e 1980 l\u2019ala pi\u00f9 radicale del movimento \u2013 dopo aver tentato per qualche anno la strada disperata e senza uscite del terrorismo \u2013 riflu\u00ec nella politica convenzionale per riaggregarsi infine attorno ai partiti \u201c<\/em>verdi<em>\u201d in Europa<\/em>\u201d e alle iniziative politiche di ultra-sinistra del reverendo <em>coloured<\/em> Jesse Jackson in USA.<\/p>\n<p style=\"text-align: justify;\">Altri gruppi, come la <em>Convergenza Armonica<\/em> di Jos\u00e9 Arg\u00fcelles, proseguirono nelle credenze magico-ecologiste, tribaliste e apocalittiche basandosi sull\u2019astrologia maya e sulle profezie di trib\u00f9 indiane come gli Hopi, i Lakota, gli Ute. E\u2019 grazie a questa setta che all\u2019Universit\u00e0 della California si celebr\u00f2, per la prima volta, il 22 aprile 1970, la \u201cGiornata della Terra\u201d.<\/p>\n<p style=\"text-align: justify;\"><a href=\"https:\/\/www.rassegnastampa-totustuus.it\/cattolica\/wp-content\/uploads\/2017\/07\/sacrifici_Atzechi-1.jpg\"><img loading=\"lazy\" decoding=\"async\" class=\"size-full wp-image-38159 alignleft\" src=\"https:\/\/www.rassegnastampa-totustuus.it\/cattolica\/wp-content\/uploads\/2017\/07\/sacrifici_Atzechi-1.jpg\" alt=\"\" width=\"267\" height=\"188\" \/><\/a>Riferisce sempre Introvigne che questa setta il 16 e il 17 agosto 1987 promosse un rito magico di massa in cui 144.000 (numero biblico) persone si misero in contatto \u201ccon le energie planetarie e galattiche\u201d anche per favorire una forma di \u201critorno avatarico\u201d del dio messicano Quetzalcoatl, tra l\u2019altro divinit\u00e0 bramosa di sangue e di sacrifici umani. Ovviamente nulla successe e ci\u00f2 gener\u00f2 una giustificata delusione tra i fedeli della setta ecologista.<\/p>\n<p style=\"text-align: justify;\">Comunque, \u00e8 nel pensiero fortemente anticristiano e antirazionale della <em>New Age<\/em> che riaffiora l\u2019idea di Gaia, la Terra quale entit\u00e0 divina vivente, senziente, intelligente, in una visione panteista in cui l\u2019uomo \u00e8 solo un animale tra altri animali, se non un parassita della Terra, tipica dell\u2019ecologismo che nega cos\u00ec la \u201csignoria\u201d dell\u2019uomo stabilita nella Genesi.<\/p>\n<p style=\"text-align: justify;\">A dire il vero, l\u2019idea oscura di una Terra come organismo vivente, a prescindere da panteismi filosofici anteriori, compare agli inizi del secolo scorso con Papus, al secolo G\u00e9rard Encausse, occultista, stregone e guaritore, fondatore del Martinismo, un sistema \u201ciniziatico\u201d in cui si mischiano elementi di occultismo, spiritismo, stregoneria rituale, evocazione dei morti, massoneria \u201cdi frangia\u201d e pensiero gnostico, autore di pi\u00f9 di duecento pubblicazioni \u201cnecromantiche\u201d.<\/p>\n<p style=\"text-align: justify;\"><a href=\"https:\/\/www.rassegnastampa-totustuus.it\/cattolica\/wp-content\/uploads\/2020\/04\/wicca_magia_satanismo.png\"><img loading=\"lazy\" decoding=\"async\" class=\" wp-image-46879 alignright\" src=\"https:\/\/www.rassegnastampa-totustuus.it\/cattolica\/wp-content\/uploads\/2020\/04\/wicca_magia_satanismo.png\" alt=\"\" width=\"268\" height=\"215\" \/><\/a>Strettamente collegato al mondo dell\u2019ecologia \u00e8 poi l\u2019ambiente della cosiddetta <em>Wicca<\/em>, da <em>witchcraft<\/em>, \u201cstregoneria\u201d un insieme fluido e mutevole di sette e sottosette il cui \u201cpensiero\u201d si basa, oltre che su un \u201cecologismo magico\u201d, sul femminismo e sull\u2019esaltazione della figura della \u201cstrega\u201d.<\/p>\n<p style=\"text-align: justify;\">Collegata, in qualche caso, al satanismo, cos\u00ec Massimo Introvigne descrive la <em>Wicca<\/em>: \u201c<em>diffonde pubblicazioni per spiegare che \u201c<\/em>strega \u00e8 bello<em>\u201d e che si tratta di una gioiosa celebrazione della vita e della natura, di canti, fuochi e danze per celebrare i ritmi delle stagioni, con un uso \u201cmagico\u201d della nudit\u00e0<\/em>\u201d. Insomma, la riproposizione dei Sabba d\u2019evocazione demoniaca.<\/p>\n<p style=\"text-align: justify;\">C\u2019\u00e8 anche un aspetto, apparentemente bizzarro, talvolta persino caricaturale, che accomuna il mondo ecologista a quello di alcune sette religiose eretiche o semieretiche: il profetismo millenaristico. Come gruppi eretici medioevali percorrevano le lande (\u201c<em>penitenziag\u00ecte, penitenziag\u00ecte<\/em>\u201d) minacciando i bravi villici con l\u2019annuncio della prossima fine del mondo, ammesso che questa storiella che sembra tratta dal film <em>Brancaleone da Norcia<\/em> e da qualche \u201cleggenda nera\u201d sul medioevo sia vera, (ma sono certamente vere le previsioni di date della prossima fine del mondo di molte sette para-protestanti degli ultimi due secoli, puntualmente smentite dal sorgere dell\u2019alba del giorno dopo), cos\u00ec l\u2019ecologismo, anche quello \u201cscientifico\u201d, ci ha avvelenato la vita, negli ultimi cinquant\u2019anni, con previsioni di prossima estinzione dell\u2019umanit\u00e0.<\/p>\n<p><a href=\"https:\/\/www.rassegnastampa-totustuus.it\/cattolica\/wp-content\/uploads\/2019\/06\/global_warming_clima.jpg\"><img loading=\"lazy\" decoding=\"async\" class=\"alignleft wp-image-43261 size-medium\" src=\"https:\/\/www.rassegnastampa-totustuus.it\/cattolica\/wp-content\/uploads\/2019\/06\/global_warming_clima-300x200.jpg\" alt=\"\" width=\"300\" height=\"200\" srcset=\"https:\/\/www.rassegnastampa-totustuus.it\/cattolica\/wp-content\/uploads\/2019\/06\/global_warming_clima-300x200.jpg 300w, https:\/\/www.rassegnastampa-totustuus.it\/cattolica\/wp-content\/uploads\/2019\/06\/global_warming_clima-768x512.jpg 768w, https:\/\/www.rassegnastampa-totustuus.it\/cattolica\/wp-content\/uploads\/2019\/06\/global_warming_clima-1024x683.jpg 1024w\" sizes=\"auto, (max-width: 300px) 100vw, 300px\" \/><\/a><\/p>\n<p style=\"text-align: justify;\">Nel 1970, durante la famigerata \u201cGiornata della Terra\u201d, gli scienziati paventarono catastrofici cambiamenti climatici. Preveggente anticipazione del \u201criscaldamento globale\u201d? il contrario: nella sfera di cristallo di questi \u201cscienziati\u201d c\u2019era una nuova era glaciale, dovuta all\u2019inquinamento: \u201c<em>entro il 1985 l\u2019inquinamento avr\u00e0 ridotto la quantit\u00e0 di luce solare sulla Terra<\/em>\u201d.<\/p>\n<p style=\"text-align: justify;\">Nel 1990 avremmo dovuto avere quattro gradi di temperatura media in meno, e undici nel 2000. Una nuova era glaciale, con i poli che avrebbero occupato gran parte della Terra. La previsione venne confermata da un altro gruppo di scienziati nel 1973. Inutile soffermarsi sulle previsioni totalmente sballate del <em>Club di Roma<\/em>, sodalizio dedito al terrorismo antinatalista e neo-maltusiano, fondato da Aurelio Peccei, tra l\u2019altro membro del <em>Bilderberg Club<\/em>: nel 1972, in un testo titolato <em>I limiti dello sviluppo<\/em>, il Club predisse la prossima fine del petrolio e di altre materie prime e un totale tracollo economico legato a problematiche ambientali e per la sovrappopolazione.<\/p>\n<p style=\"text-align: justify;\"><a href=\"https:\/\/www.rassegnastampa-totustuus.it\/cattolica\/wp-content\/uploads\/2009\/03\/Club_Roma.jpg\"><img loading=\"lazy\" decoding=\"async\" class=\" wp-image-17866 alignright\" src=\"https:\/\/www.rassegnastampa-totustuus.it\/cattolica\/wp-content\/uploads\/2009\/03\/Club_Roma.jpg\" alt=\"\" width=\"214\" height=\"198\" \/><\/a>Nessuna delle previsioni si avver\u00f2, tra la commiserazione generale. Ciononostante, il Club esiste ancora, ha sede in Svizzera e continua la sua propaganda antinatalista, ecologista e \u201cantisviluppista\u201d. Nel 1980 i soliti \u201cscienziati\u201d lanciarono l\u2019allarme sulle cosiddette \u201cpiogge acide\u201d che in un decennio, avrebbero dovuto distruggere molti ecosistemi.<\/p>\n<p style=\"text-align: justify;\">Ne avete sentito pi\u00f9 parlare, di queste \u201cpiogge acide\u201d? E poi, ancora, la totale sommersione delle Maldive e di altri arcipelaghi di piccole isole entro il 2018. Le Maldive, per la gioia dei turisti, sono ancora l\u00ec. E la bufala del \u201cbuco nell\u2019ozono\u201d che avrebbe dovuto portare alla distruzione della Terra in pochi anni e che invece, si sta chiudendo da solo?<\/p>\n<p style=\"text-align: justify;\">Pi\u00f9 vicino a noi, parliamo del Premio Nobel Al Gore, ex vicepresidente ultra-<em>liberal<\/em> degli USA, arricchitosi con il suo impegno ecologista (il suo film di propaganda ha vinto un Oscar), diventato il primo<em>\u201cmiliardario del carbonio<\/em>\u201d. In soli 7 anni, tra il 2000 e il 2007, il patrimonio di Gore \u00e8 infatti aumentato di 50 volte, da circa 780.000-1,9 milioni a ben oltre 100 milioni di dollari.<\/p>\n<p style=\"text-align: justify;\"><a href=\"https:\/\/www.rassegnastampa-totustuus.it\/cattolica\/wp-content\/uploads\/2020\/04\/carlo_Inghilterra.jpg\"><img loading=\"lazy\" decoding=\"async\" class=\"size-full wp-image-46880 alignleft\" src=\"https:\/\/www.rassegnastampa-totustuus.it\/cattolica\/wp-content\/uploads\/2020\/04\/carlo_Inghilterra.jpg\" alt=\"\" width=\"231\" height=\"218\" \/><\/a>Costui nel 2007 dichiar\u00f2 che il Polo Nord si sarebbe completamente sciolto entro il 2015. Ci risulta che i ghiacci del Polo siano, pi\u00f9 o meno, ancora l\u00ec. Poi l\u2019ineffabile Principe Carlo d\u2019Inghilterra che, forse per non annoiarsi durante la lunghissima attesa di ascendere al trono, si diletta di catastrofismo ecologista: nel 2009 dichiarava che avremmo avuto solo otto anni per salvare il pianeta e, recentemente, in un ricevimento di Ministri degli Esteri ha precisato che \u201c<em>abbiamo diciotto mesi per fermare il cambiamento climatico<\/em>\u201d<\/p>\n<p style=\"text-align: justify;\">\u00c8 giusto concludere questa rassegna di profeti mancati con la nota ragazzina svedese con le treccine, Greta Thunberg, che prima ha profetizzato che nel 2031: \u201c<em>ci sar\u00e0 una reazione a catena che porter\u00e0 alla fine della civilt\u00e0 umana<\/em>\u201d, poi ha accorciato il tiro, preconizzando un mondo \u201c<em>fatalmente ferito dai nostri comportamenti negligenti gi\u00e0 entro il 2020<\/em>\u201d.<\/p>\n<p style=\"text-align: justify;\"><a href=\"https:\/\/www.rassegnastampa-totustuus.it\/cattolica\/wp-content\/uploads\/2010\/03\/ciminiere.jpg\"><img loading=\"lazy\" decoding=\"async\" class=\"size-full wp-image-30426 alignright\" src=\"https:\/\/www.rassegnastampa-totustuus.it\/cattolica\/wp-content\/uploads\/2010\/03\/ciminiere.jpg\" alt=\"\" width=\"293\" height=\"172\" \/><\/a>Un completo, e anche divertente, elenco delle catastrofiche profezie mancate degli ecologisti lo si pu\u00f2 trovare qui: <a href=\"https:\/\/www.totalitarismo.blog\/cento-anni-di-apocalissi-sbagliate\/\" target=\"_blank\" rel=\"noopener noreferrer\">https:\/\/www.totalitarismo.blog\/cento-anni-di-apocalissi-sbagliate\/<\/a>.<\/p>\n<p style=\"text-align: justify;\">Per chiudere, assai istruttive sono le parole di James Schlesinger, ex Segretario dell\u2019Energia degli USA, riportate da Mario Giaccio nel suo testo <em>Il climatismo, una nuova ideologia<\/em>: \u201c<em style=\"font-weight: inherit;\">Il ricorso ai combustibili fossili [\u2026] rappresenta l\u2019equivalente laico del Peccato Originale. Se solo ci pentissimo e decidessimo di non peccare pi\u00f9, le azioni umane potrebbero sventare la minaccia di un ulteriore surriscaldamento globale.<\/em>\u201d Quindi, <em>penitenziag\u00ecte<\/em>, <em>penitenziag\u00ecte<\/em>\u2026<\/p>\n","protected":false},"excerpt":{"rendered":"<p>Ricognizioni 31 Marzo 2020 di Antonio de Felip Partiamo dall\u2019attualit\u00e0. Tragica. L\u2019Italia e il mondo soffrono, guardano con preoccupazione al futuro e piangono. Ma non tutti: qualcuno, anzi, fa festa. Sapete, ad esempio, chi \u00e8 tale Gunter Pauli? \u00c8 un ecologista, fanatico sostenitore della famigerata \u201cdecrescita felice\u201d, sodale di Beppe Grillo, consulente economico di Giuseppe &hellip; <\/p>\n<p><a class=\"more-link btn\" href=\"https:\/\/www.rassegnastampa-totustuus.it\/cattolica\/e-lecologista-arruola-il-virus-il-fatale-esito-di-unantica-eresia\/\">Continua a leggere<\/a><\/p>\n","protected":false},"author":6,"featured_media":46875,"comment_status":"closed","ping_status":"closed","sticky":false,"template":"","format":"standard","meta":{"footnotes":""},"categories":[3,30],"tags":[2387,512],"class_list":["post-46872","post","type-post","status-publish","format-standard","has-post-thumbnail","hentry","category-ambientalismo","category-ideologia-ambientalista","tag-ambientalismo","tag-ideologia-ambientale","item-wrap"],"yoast_head":"<!-- This site is optimized with the Yoast SEO plugin v27.5 - https:\/\/yoast.com\/product\/yoast-seo-wordpress\/ -->\n<title>E l\u2019ecologista arruola il virus. Il fatale esito di un\u2019antica eresia - Rassegna Stampa Cattolica<\/title>\n<meta name=\"description\" content=\"Rassegna Stampa Cattolica - Per una cultura che nasce dalla Rivelazione cristiana in conformit\u00e0 alla tradizione e al Magistero della Chiesa in opposizione ad ogni relativismo e totalitarismo\" \/>\n<meta name=\"robots\" content=\"index, follow, max-snippet:-1, max-image-preview:large, max-video-preview:-1\" \/>\n<link rel=\"canonical\" href=\"https:\/\/www.rassegnastampa-totustuus.it\/cattolica\/e-lecologista-arruola-il-virus-il-fatale-esito-di-unantica-eresia\/\" \/>\n<meta property=\"og:locale\" content=\"it_IT\" \/>\n<meta property=\"og:type\" content=\"article\" \/>\n<meta property=\"og:title\" content=\"E l\u2019ecologista arruola il virus. Il fatale esito di un\u2019antica eresia - Rassegna Stampa Cattolica\" \/>\n<meta property=\"og:description\" content=\"Rassegna Stampa Cattolica - Per una cultura che nasce dalla Rivelazione cristiana in conformit\u00e0 alla tradizione e al Magistero della Chiesa in opposizione ad ogni relativismo e totalitarismo\" \/>\n<meta property=\"og:url\" content=\"https:\/\/www.rassegnastampa-totustuus.it\/cattolica\/e-lecologista-arruola-il-virus-il-fatale-esito-di-unantica-eresia\/\" \/>\n<meta property=\"og:site_name\" content=\"Rassegna Stampa Cattolica\" \/>\n<meta property=\"article:publisher\" content=\"https:\/\/www.facebook.com\/rassegnastampacattolica\" \/>\n<meta property=\"article:published_time\" content=\"2020-04-08T22:00:40+00:00\" \/>\n<meta property=\"og:image\" content=\"https:\/\/www.rassegnastampa-totustuus.it\/cattolica\/wp-content\/uploads\/2020\/04\/ambiente_ecologia.jpg\" \/>\n\t<meta property=\"og:image:width\" content=\"1280\" \/>\n\t<meta property=\"og:image:height\" content=\"640\" \/>\n\t<meta property=\"og:image:type\" content=\"image\/jpeg\" \/>\n<meta name=\"author\" content=\"Redazione\" \/>\n<meta name=\"twitter:card\" content=\"summary_large_image\" \/>\n<meta name=\"twitter:creator\" content=\"@rassegnastampa9\" \/>\n<meta name=\"twitter:site\" content=\"@rassegnastampa9\" \/>\n<meta name=\"twitter:label1\" content=\"Scritto da\" \/>\n\t<meta name=\"twitter:data1\" content=\"Redazione\" \/>\n\t<meta name=\"twitter:label2\" content=\"Tempo di lettura stimato\" \/>\n\t<meta name=\"twitter:data2\" content=\"11 minuti\" \/>\n<script type=\"application\/ld+json\" class=\"yoast-schema-graph\">{\"@context\":\"https:\\\/\\\/schema.org\",\"@graph\":[{\"@type\":\"Article\",\"@id\":\"https:\\\/\\\/www.rassegnastampa-totustuus.it\\\/cattolica\\\/e-lecologista-arruola-il-virus-il-fatale-esito-di-unantica-eresia\\\/#article\",\"isPartOf\":{\"@id\":\"https:\\\/\\\/www.rassegnastampa-totustuus.it\\\/cattolica\\\/e-lecologista-arruola-il-virus-il-fatale-esito-di-unantica-eresia\\\/\"},\"author\":{\"name\":\"Redazione\",\"@id\":\"https:\\\/\\\/www.rassegnastampa-totustuus.it\\\/cattolica\\\/#\\\/schema\\\/person\\\/08f319d2bd1a0904ad9e2bfb7b15e5c3\"},\"headline\":\"E l\u2019ecologista arruola il virus. Il fatale esito di un\u2019antica eresia\",\"datePublished\":\"2020-04-08T22:00:40+00:00\",\"mainEntityOfPage\":{\"@id\":\"https:\\\/\\\/www.rassegnastampa-totustuus.it\\\/cattolica\\\/e-lecologista-arruola-il-virus-il-fatale-esito-di-unantica-eresia\\\/\"},\"wordCount\":2142,\"publisher\":{\"@id\":\"https:\\\/\\\/www.rassegnastampa-totustuus.it\\\/cattolica\\\/#organization\"},\"image\":{\"@id\":\"https:\\\/\\\/www.rassegnastampa-totustuus.it\\\/cattolica\\\/e-lecologista-arruola-il-virus-il-fatale-esito-di-unantica-eresia\\\/#primaryimage\"},\"thumbnailUrl\":\"https:\\\/\\\/www.rassegnastampa-totustuus.it\\\/cattolica\\\/wp-content\\\/uploads\\\/2020\\\/04\\\/ambiente_ecologia.jpg\",\"keywords\":[\"Ambientalismo\",\"ideologia ambientale\"],\"articleSection\":[\"Ambientalismo\",\"Ideologia ambientale\"],\"inLanguage\":\"it-IT\"},{\"@type\":\"WebPage\",\"@id\":\"https:\\\/\\\/www.rassegnastampa-totustuus.it\\\/cattolica\\\/e-lecologista-arruola-il-virus-il-fatale-esito-di-unantica-eresia\\\/\",\"url\":\"https:\\\/\\\/www.rassegnastampa-totustuus.it\\\/cattolica\\\/e-lecologista-arruola-il-virus-il-fatale-esito-di-unantica-eresia\\\/\",\"name\":\"E l\u2019ecologista arruola il virus. Il fatale esito di un\u2019antica eresia - Rassegna Stampa Cattolica\",\"isPartOf\":{\"@id\":\"https:\\\/\\\/www.rassegnastampa-totustuus.it\\\/cattolica\\\/#website\"},\"primaryImageOfPage\":{\"@id\":\"https:\\\/\\\/www.rassegnastampa-totustuus.it\\\/cattolica\\\/e-lecologista-arruola-il-virus-il-fatale-esito-di-unantica-eresia\\\/#primaryimage\"},\"image\":{\"@id\":\"https:\\\/\\\/www.rassegnastampa-totustuus.it\\\/cattolica\\\/e-lecologista-arruola-il-virus-il-fatale-esito-di-unantica-eresia\\\/#primaryimage\"},\"thumbnailUrl\":\"https:\\\/\\\/www.rassegnastampa-totustuus.it\\\/cattolica\\\/wp-content\\\/uploads\\\/2020\\\/04\\\/ambiente_ecologia.jpg\",\"datePublished\":\"2020-04-08T22:00:40+00:00\",\"description\":\"Rassegna Stampa Cattolica - Per una cultura che nasce dalla Rivelazione cristiana in conformit\u00e0 alla tradizione e al Magistero della Chiesa in opposizione ad ogni relativismo e totalitarismo\",\"breadcrumb\":{\"@id\":\"https:\\\/\\\/www.rassegnastampa-totustuus.it\\\/cattolica\\\/e-lecologista-arruola-il-virus-il-fatale-esito-di-unantica-eresia\\\/#breadcrumb\"},\"inLanguage\":\"it-IT\",\"potentialAction\":[{\"@type\":\"ReadAction\",\"target\":[\"https:\\\/\\\/www.rassegnastampa-totustuus.it\\\/cattolica\\\/e-lecologista-arruola-il-virus-il-fatale-esito-di-unantica-eresia\\\/\"]}]},{\"@type\":\"ImageObject\",\"inLanguage\":\"it-IT\",\"@id\":\"https:\\\/\\\/www.rassegnastampa-totustuus.it\\\/cattolica\\\/e-lecologista-arruola-il-virus-il-fatale-esito-di-unantica-eresia\\\/#primaryimage\",\"url\":\"https:\\\/\\\/www.rassegnastampa-totustuus.it\\\/cattolica\\\/wp-content\\\/uploads\\\/2020\\\/04\\\/ambiente_ecologia.jpg\",\"contentUrl\":\"https:\\\/\\\/www.rassegnastampa-totustuus.it\\\/cattolica\\\/wp-content\\\/uploads\\\/2020\\\/04\\\/ambiente_ecologia.jpg\",\"width\":1280,\"height\":640},{\"@type\":\"BreadcrumbList\",\"@id\":\"https:\\\/\\\/www.rassegnastampa-totustuus.it\\\/cattolica\\\/e-lecologista-arruola-il-virus-il-fatale-esito-di-unantica-eresia\\\/#breadcrumb\",\"itemListElement\":[{\"@type\":\"ListItem\",\"position\":1,\"name\":\"Home\",\"item\":\"https:\\\/\\\/www.rassegnastampa-totustuus.it\\\/cattolica\\\/\"},{\"@type\":\"ListItem\",\"position\":2,\"name\":\"E l\u2019ecologista arruola il virus. Il fatale esito di un\u2019antica eresia\"}]},{\"@type\":\"WebSite\",\"@id\":\"https:\\\/\\\/www.rassegnastampa-totustuus.it\\\/cattolica\\\/#website\",\"url\":\"https:\\\/\\\/www.rassegnastampa-totustuus.it\\\/cattolica\\\/\",\"name\":\"Rassegna Stampa Cattolica\",\"description\":\"Per una cultura che nasce dalla Rivelazione cristiana in conformit\u00e0 alla tradizione e al Magistero della Chiesa in opposizione ad ogni relativismo e totalitarismo\",\"publisher\":{\"@id\":\"https:\\\/\\\/www.rassegnastampa-totustuus.it\\\/cattolica\\\/#organization\"},\"alternateName\":\"Rass. Cattolica\",\"potentialAction\":[{\"@type\":\"SearchAction\",\"target\":{\"@type\":\"EntryPoint\",\"urlTemplate\":\"https:\\\/\\\/www.rassegnastampa-totustuus.it\\\/cattolica\\\/?s={search_term_string}\"},\"query-input\":{\"@type\":\"PropertyValueSpecification\",\"valueRequired\":true,\"valueName\":\"search_term_string\"}}],\"inLanguage\":\"it-IT\"},{\"@type\":\"Organization\",\"@id\":\"https:\\\/\\\/www.rassegnastampa-totustuus.it\\\/cattolica\\\/#organization\",\"name\":\"Rassegna Stampa Cattolica\",\"url\":\"https:\\\/\\\/www.rassegnastampa-totustuus.it\\\/cattolica\\\/\",\"logo\":{\"@type\":\"ImageObject\",\"inLanguage\":\"it-IT\",\"@id\":\"https:\\\/\\\/www.rassegnastampa-totustuus.it\\\/cattolica\\\/#\\\/schema\\\/logo\\\/image\\\/\",\"url\":\"https:\\\/\\\/www.rassegnastampa-totustuus.it\\\/cattolica\\\/wp-content\\\/uploads\\\/2014\\\/04\\\/logo-rassegna1.gif\",\"contentUrl\":\"https:\\\/\\\/www.rassegnastampa-totustuus.it\\\/cattolica\\\/wp-content\\\/uploads\\\/2014\\\/04\\\/logo-rassegna1.gif\",\"width\":600,\"height\":163,\"caption\":\"Rassegna Stampa Cattolica\"},\"image\":{\"@id\":\"https:\\\/\\\/www.rassegnastampa-totustuus.it\\\/cattolica\\\/#\\\/schema\\\/logo\\\/image\\\/\"},\"sameAs\":[\"https:\\\/\\\/www.facebook.com\\\/rassegnastampacattolica\",\"https:\\\/\\\/x.com\\\/rassegnastampa9\"]},{\"@type\":\"Person\",\"@id\":\"https:\\\/\\\/www.rassegnastampa-totustuus.it\\\/cattolica\\\/#\\\/schema\\\/person\\\/08f319d2bd1a0904ad9e2bfb7b15e5c3\",\"name\":\"Redazione\",\"image\":{\"@type\":\"ImageObject\",\"inLanguage\":\"it-IT\",\"@id\":\"https:\\\/\\\/secure.gravatar.com\\\/avatar\\\/2fcdf27c78ea025fbdb44e914cc63c72249ffec9dc8aafd5c82b26240ef3f346?s=96&d=mm&r=g\",\"url\":\"https:\\\/\\\/secure.gravatar.com\\\/avatar\\\/2fcdf27c78ea025fbdb44e914cc63c72249ffec9dc8aafd5c82b26240ef3f346?s=96&d=mm&r=g\",\"contentUrl\":\"https:\\\/\\\/secure.gravatar.com\\\/avatar\\\/2fcdf27c78ea025fbdb44e914cc63c72249ffec9dc8aafd5c82b26240ef3f346?s=96&d=mm&r=g\",\"caption\":\"Redazione\"},\"url\":\"https:\\\/\\\/www.rassegnastampa-totustuus.it\\\/cattolica\\\/author\\\/pietroelle\\\/\"}]}<\/script>\n<!-- \/ Yoast SEO plugin. -->","yoast_head_json":{"title":"E l\u2019ecologista arruola il virus. Il fatale esito di un\u2019antica eresia - Rassegna Stampa Cattolica","description":"Rassegna Stampa Cattolica - Per una cultura che nasce dalla Rivelazione cristiana in conformit\u00e0 alla tradizione e al Magistero della Chiesa in opposizione ad ogni relativismo e totalitarismo","robots":{"index":"index","follow":"follow","max-snippet":"max-snippet:-1","max-image-preview":"max-image-preview:large","max-video-preview":"max-video-preview:-1"},"canonical":"https:\/\/www.rassegnastampa-totustuus.it\/cattolica\/e-lecologista-arruola-il-virus-il-fatale-esito-di-unantica-eresia\/","og_locale":"it_IT","og_type":"article","og_title":"E l\u2019ecologista arruola il virus. Il fatale esito di un\u2019antica eresia - Rassegna Stampa Cattolica","og_description":"Rassegna Stampa Cattolica - Per una cultura che nasce dalla Rivelazione cristiana in conformit\u00e0 alla tradizione e al Magistero della Chiesa in opposizione ad ogni relativismo e totalitarismo","og_url":"https:\/\/www.rassegnastampa-totustuus.it\/cattolica\/e-lecologista-arruola-il-virus-il-fatale-esito-di-unantica-eresia\/","og_site_name":"Rassegna Stampa Cattolica","article_publisher":"https:\/\/www.facebook.com\/rassegnastampacattolica","article_published_time":"2020-04-08T22:00:40+00:00","og_image":[{"width":1280,"height":640,"url":"https:\/\/www.rassegnastampa-totustuus.it\/cattolica\/wp-content\/uploads\/2020\/04\/ambiente_ecologia.jpg","type":"image\/jpeg"}],"author":"Redazione","twitter_card":"summary_large_image","twitter_creator":"@rassegnastampa9","twitter_site":"@rassegnastampa9","twitter_misc":{"Scritto da":"Redazione","Tempo di lettura stimato":"11 minuti"},"schema":{"@context":"https:\/\/schema.org","@graph":[{"@type":"Article","@id":"https:\/\/www.rassegnastampa-totustuus.it\/cattolica\/e-lecologista-arruola-il-virus-il-fatale-esito-di-unantica-eresia\/#article","isPartOf":{"@id":"https:\/\/www.rassegnastampa-totustuus.it\/cattolica\/e-lecologista-arruola-il-virus-il-fatale-esito-di-unantica-eresia\/"},"author":{"name":"Redazione","@id":"https:\/\/www.rassegnastampa-totustuus.it\/cattolica\/#\/schema\/person\/08f319d2bd1a0904ad9e2bfb7b15e5c3"},"headline":"E l\u2019ecologista arruola il virus. Il fatale esito di un\u2019antica eresia","datePublished":"2020-04-08T22:00:40+00:00","mainEntityOfPage":{"@id":"https:\/\/www.rassegnastampa-totustuus.it\/cattolica\/e-lecologista-arruola-il-virus-il-fatale-esito-di-unantica-eresia\/"},"wordCount":2142,"publisher":{"@id":"https:\/\/www.rassegnastampa-totustuus.it\/cattolica\/#organization"},"image":{"@id":"https:\/\/www.rassegnastampa-totustuus.it\/cattolica\/e-lecologista-arruola-il-virus-il-fatale-esito-di-unantica-eresia\/#primaryimage"},"thumbnailUrl":"https:\/\/www.rassegnastampa-totustuus.it\/cattolica\/wp-content\/uploads\/2020\/04\/ambiente_ecologia.jpg","keywords":["Ambientalismo","ideologia ambientale"],"articleSection":["Ambientalismo","Ideologia ambientale"],"inLanguage":"it-IT"},{"@type":"WebPage","@id":"https:\/\/www.rassegnastampa-totustuus.it\/cattolica\/e-lecologista-arruola-il-virus-il-fatale-esito-di-unantica-eresia\/","url":"https:\/\/www.rassegnastampa-totustuus.it\/cattolica\/e-lecologista-arruola-il-virus-il-fatale-esito-di-unantica-eresia\/","name":"E l\u2019ecologista arruola il virus. Il fatale esito di un\u2019antica eresia - Rassegna Stampa Cattolica","isPartOf":{"@id":"https:\/\/www.rassegnastampa-totustuus.it\/cattolica\/#website"},"primaryImageOfPage":{"@id":"https:\/\/www.rassegnastampa-totustuus.it\/cattolica\/e-lecologista-arruola-il-virus-il-fatale-esito-di-unantica-eresia\/#primaryimage"},"image":{"@id":"https:\/\/www.rassegnastampa-totustuus.it\/cattolica\/e-lecologista-arruola-il-virus-il-fatale-esito-di-unantica-eresia\/#primaryimage"},"thumbnailUrl":"https:\/\/www.rassegnastampa-totustuus.it\/cattolica\/wp-content\/uploads\/2020\/04\/ambiente_ecologia.jpg","datePublished":"2020-04-08T22:00:40+00:00","description":"Rassegna Stampa Cattolica - Per una cultura che nasce dalla Rivelazione cristiana in conformit\u00e0 alla tradizione e al Magistero della Chiesa in opposizione ad ogni relativismo e totalitarismo","breadcrumb":{"@id":"https:\/\/www.rassegnastampa-totustuus.it\/cattolica\/e-lecologista-arruola-il-virus-il-fatale-esito-di-unantica-eresia\/#breadcrumb"},"inLanguage":"it-IT","potentialAction":[{"@type":"ReadAction","target":["https:\/\/www.rassegnastampa-totustuus.it\/cattolica\/e-lecologista-arruola-il-virus-il-fatale-esito-di-unantica-eresia\/"]}]},{"@type":"ImageObject","inLanguage":"it-IT","@id":"https:\/\/www.rassegnastampa-totustuus.it\/cattolica\/e-lecologista-arruola-il-virus-il-fatale-esito-di-unantica-eresia\/#primaryimage","url":"https:\/\/www.rassegnastampa-totustuus.it\/cattolica\/wp-content\/uploads\/2020\/04\/ambiente_ecologia.jpg","contentUrl":"https:\/\/www.rassegnastampa-totustuus.it\/cattolica\/wp-content\/uploads\/2020\/04\/ambiente_ecologia.jpg","width":1280,"height":640},{"@type":"BreadcrumbList","@id":"https:\/\/www.rassegnastampa-totustuus.it\/cattolica\/e-lecologista-arruola-il-virus-il-fatale-esito-di-unantica-eresia\/#breadcrumb","itemListElement":[{"@type":"ListItem","position":1,"name":"Home","item":"https:\/\/www.rassegnastampa-totustuus.it\/cattolica\/"},{"@type":"ListItem","position":2,"name":"E l\u2019ecologista arruola il virus. Il fatale esito di un\u2019antica eresia"}]},{"@type":"WebSite","@id":"https:\/\/www.rassegnastampa-totustuus.it\/cattolica\/#website","url":"https:\/\/www.rassegnastampa-totustuus.it\/cattolica\/","name":"Rassegna Stampa Cattolica","description":"Per una cultura che nasce dalla Rivelazione cristiana in conformit\u00e0 alla tradizione e al Magistero della Chiesa in opposizione ad ogni relativismo e totalitarismo","publisher":{"@id":"https:\/\/www.rassegnastampa-totustuus.it\/cattolica\/#organization"},"alternateName":"Rass. Cattolica","potentialAction":[{"@type":"SearchAction","target":{"@type":"EntryPoint","urlTemplate":"https:\/\/www.rassegnastampa-totustuus.it\/cattolica\/?s={search_term_string}"},"query-input":{"@type":"PropertyValueSpecification","valueRequired":true,"valueName":"search_term_string"}}],"inLanguage":"it-IT"},{"@type":"Organization","@id":"https:\/\/www.rassegnastampa-totustuus.it\/cattolica\/#organization","name":"Rassegna Stampa Cattolica","url":"https:\/\/www.rassegnastampa-totustuus.it\/cattolica\/","logo":{"@type":"ImageObject","inLanguage":"it-IT","@id":"https:\/\/www.rassegnastampa-totustuus.it\/cattolica\/#\/schema\/logo\/image\/","url":"https:\/\/www.rassegnastampa-totustuus.it\/cattolica\/wp-content\/uploads\/2014\/04\/logo-rassegna1.gif","contentUrl":"https:\/\/www.rassegnastampa-totustuus.it\/cattolica\/wp-content\/uploads\/2014\/04\/logo-rassegna1.gif","width":600,"height":163,"caption":"Rassegna Stampa Cattolica"},"image":{"@id":"https:\/\/www.rassegnastampa-totustuus.it\/cattolica\/#\/schema\/logo\/image\/"},"sameAs":["https:\/\/www.facebook.com\/rassegnastampacattolica","https:\/\/x.com\/rassegnastampa9"]},{"@type":"Person","@id":"https:\/\/www.rassegnastampa-totustuus.it\/cattolica\/#\/schema\/person\/08f319d2bd1a0904ad9e2bfb7b15e5c3","name":"Redazione","image":{"@type":"ImageObject","inLanguage":"it-IT","@id":"https:\/\/secure.gravatar.com\/avatar\/2fcdf27c78ea025fbdb44e914cc63c72249ffec9dc8aafd5c82b26240ef3f346?s=96&d=mm&r=g","url":"https:\/\/secure.gravatar.com\/avatar\/2fcdf27c78ea025fbdb44e914cc63c72249ffec9dc8aafd5c82b26240ef3f346?s=96&d=mm&r=g","contentUrl":"https:\/\/secure.gravatar.com\/avatar\/2fcdf27c78ea025fbdb44e914cc63c72249ffec9dc8aafd5c82b26240ef3f346?s=96&d=mm&r=g","caption":"Redazione"},"url":"https:\/\/www.rassegnastampa-totustuus.it\/cattolica\/author\/pietroelle\/"}]}},"_links":{"self":[{"href":"https:\/\/www.rassegnastampa-totustuus.it\/cattolica\/wp-json\/wp\/v2\/posts\/46872","targetHints":{"allow":["GET"]}}],"collection":[{"href":"https:\/\/www.rassegnastampa-totustuus.it\/cattolica\/wp-json\/wp\/v2\/posts"}],"about":[{"href":"https:\/\/www.rassegnastampa-totustuus.it\/cattolica\/wp-json\/wp\/v2\/types\/post"}],"author":[{"embeddable":true,"href":"https:\/\/www.rassegnastampa-totustuus.it\/cattolica\/wp-json\/wp\/v2\/users\/6"}],"replies":[{"embeddable":true,"href":"https:\/\/www.rassegnastampa-totustuus.it\/cattolica\/wp-json\/wp\/v2\/comments?post=46872"}],"version-history":[{"count":4,"href":"https:\/\/www.rassegnastampa-totustuus.it\/cattolica\/wp-json\/wp\/v2\/posts\/46872\/revisions"}],"predecessor-version":[{"id":46882,"href":"https:\/\/www.rassegnastampa-totustuus.it\/cattolica\/wp-json\/wp\/v2\/posts\/46872\/revisions\/46882"}],"wp:featuredmedia":[{"embeddable":true,"href":"https:\/\/www.rassegnastampa-totustuus.it\/cattolica\/wp-json\/wp\/v2\/media\/46875"}],"wp:attachment":[{"href":"https:\/\/www.rassegnastampa-totustuus.it\/cattolica\/wp-json\/wp\/v2\/media?parent=46872"}],"wp:term":[{"taxonomy":"category","embeddable":true,"href":"https:\/\/www.rassegnastampa-totustuus.it\/cattolica\/wp-json\/wp\/v2\/categories?post=46872"},{"taxonomy":"post_tag","embeddable":true,"href":"https:\/\/www.rassegnastampa-totustuus.it\/cattolica\/wp-json\/wp\/v2\/tags?post=46872"}],"curies":[{"name":"wp","href":"https:\/\/api.w.org\/{rel}","templated":true}]}}