{"id":46862,"date":"2020-04-09T00:00:05","date_gmt":"2020-04-08T22:00:05","guid":{"rendered":"http:\/\/www.rassegnastampa-totustuus.it\/cattolica\/?p=46862"},"modified":"2020-04-04T13:17:51","modified_gmt":"2020-04-04T11:17:51","slug":"basta-con-la-propaganda-cinese-in-salsa-italiana","status":"publish","type":"post","link":"https:\/\/www.rassegnastampa-totustuus.it\/cattolica\/basta-con-la-propaganda-cinese-in-salsa-italiana\/","title":{"rendered":"Basta con la propaganda cinese in salsa italiana"},"content":{"rendered":"<p style=\"text-align: center;\"><a href=\"https:\/\/www.rassegnastampa-totustuus.it\/cattolica\/wp-content\/uploads\/2020\/04\/Italia_Cina.jpg\"><img loading=\"lazy\" decoding=\"async\" class=\"size-full wp-image-46867 alignleft\" src=\"https:\/\/www.rassegnastampa-totustuus.it\/cattolica\/wp-content\/uploads\/2020\/04\/Italia_Cina.jpg\" alt=\"\" width=\"299\" height=\"168\" \/><\/a>Dal blog<strong> di Nicola Porro <\/strong>21 Marzo 2020 <strong>\u00a0<\/strong><\/p>\n<p style=\"text-align: center;\">di<strong> Lorenza Formicola <\/strong><\/p>\n<p style=\"text-align: justify;\">Eccoci, all\u2019alba del 2020 sappiamo che la dittatura del futuro sar\u00e0 sanitaria. In nome della salute, abbiamo gi\u00e0 imparato, \u00e8 possibile annullare la libert\u00e0, sospendere i diritti pi\u00f9 elementari, violare la democrazia, trasformare i DPCM \u2013\u00a0una forzatura costituzionale \u2013 in un normale strumento di governo, imporre il coprifuoco, decomporre la societ\u00e0 in atomi, far sognare misure pi\u00f9 restrittive, diffondere slogan che tutti ripetono per sentirsi a posto, eliminare il culto: lo stato di paura \u00e8 da sempre l\u2019ingrediente base per l\u2019affermazione di un sistema totalitario.<\/p>\n<p><!--more--><\/p>\n<p style=\"text-align: justify;\">Di fronte al terrore della morte, al rischio di contaminarsi, non esiste n\u00e9 opinione n\u00e9 libert\u00e0 che tenga. E ha ragione <a href=\"https:\/\/www.nicolaporro.it\/perdere-la-liberta-al-tempo-del-coronavirus\/\" target=\"_blank\" rel=\"noopener noreferrer\">Nicola Porro<\/a> quando dice di \u201cprovare orrore nel leggere in prima pagina sul Corriere della Sera: \u201cQuesto non \u00e8 il momento di disquisire di libert\u00e0 personali\u201d \u201cIl mondo nuovo\u201d ci raccont\u00f2 la distopia basata sulla droga, sulla pace perpetua garantita da un mega-stato globale, dove il contatto umano non esiste pi\u00f9 e la realt\u00e0 \u00e8 sterilizzata. Huxley scrisse a chiare lettere che tutte le innovazioni del suo romanzo, se gestite con assennatezza, potevano essere auspicabili, se non proprio necessarie.<\/p>\n<p style=\"text-align: justify;\"><a href=\"https:\/\/www.rassegnastampa-totustuus.it\/cattolica\/wp-content\/uploads\/2014\/08\/mondo-nuovo_cover.jpg\"><img loading=\"lazy\" decoding=\"async\" class=\"size-full wp-image-9458 alignright\" src=\"https:\/\/www.rassegnastampa-totustuus.it\/cattolica\/wp-content\/uploads\/2014\/08\/mondo-nuovo_cover.jpg\" alt=\"\" width=\"209\" height=\"241\" \/><\/a>Il Mondo nuovo \u00e8 l\u2019Italia di queste ore: spacciata come \u201ccivile\u201d, modello di convivenza, \u00e8 la societ\u00e0 vittima dei mezzi di propaganda sottili, invasivi, pervasivi che guarda al comunismo cinese come ad un modello. Quello che fa pi\u00f9 male, oltre i bollettini funerei, \u00e8 la propaganda che questo Paese ha iniziato a montare dal primo giorno, senza scrupoli, senza piet\u00e0, stracciando ogni codice deontologico, mortificando l\u2019amor proprio, nell\u2019incapacit\u00e0 di assumersi le responsabilit\u00e0<\/p>\n<p style=\"text-align: justify;\">Per primi, proprio da queste pagine, vi avevamo denunciato non solo l\u2019analogia di mistificazioni e menzogne che il regime comunista cinese ha costruito come a <a href=\"https:\/\/www.nicolaporro.it\/i-regimi-e-la-menzogna-coronavirus-come-chernobyl\/\" target=\"_blank\" rel=\"noopener noreferrer\">Chernobyl<\/a> per non ammettere di essere fallibile, ma soprattutto l\u2019ideologizzazione perenne di una <a href=\"https:\/\/www.nicolaporro.it\/leuropa-ai-piedi-di-greta-non-ha-tempo-per-il-coronavirus\/\" target=\"_blank\" rel=\"noopener noreferrer\">stampa provinciale<\/a>, che ha dato eco e forza alla classe politica impegnata a denunciare il pericolo di razzismo, con sorrisetti sornioni e meschini invece di raccontare la verit\u00e0.<\/p>\n<p style=\"text-align: justify;\"><a href=\"https:\/\/www.rassegnastampa-totustuus.it\/cattolica\/wp-content\/uploads\/2020\/03\/Cina_virus.jpg\"><img loading=\"lazy\" decoding=\"async\" class=\"size-full wp-image-46567 alignleft\" src=\"https:\/\/www.rassegnastampa-totustuus.it\/cattolica\/wp-content\/uploads\/2020\/03\/Cina_virus.jpg\" alt=\"\" width=\"275\" height=\"183\" \/><\/a>Eppure nessuno s\u2019\u00e8 scusato. Anzi oggi assistiamo alla beatificazione del regime comunista cinese Quante volte al giorno sentiamo ripetere che \u201cdovevamo fare come la generosa Cina comunista\u201d? Quella Cina a cui abbiamo regalato le mascherine e che ce le ha rivendute con eccezionale generosit\u00e0. Mille ventilatori polmonari e centomila mascherine da parte della Cina sono una fornitura con regolare contratto e quindi \u00e8 pagato anche il dovuto.<\/p>\n<p style=\"text-align: justify;\">Siamo in piena emergenza e mancano i pi\u00f9 essenziali dispositivi di tutela personale, dalle mascherine ai guanti ai medici e infermieri \u2013 e non \u00e8 una leggenda, provate ad intervistarne uno! \u2013 e tra le vergognose speculazioni di chi \u00a0rivende a peso d\u2019oro, abbiamo il tempo di ringraziare la Cina dimenticando del tutto con quali standard produce.<\/p>\n<p style=\"text-align: justify;\"><a href=\"https:\/\/www.rassegnastampa-totustuus.it\/cattolica\/wp-content\/uploads\/2020\/03\/Xi_Ping_Cina.jpg\"><img loading=\"lazy\" decoding=\"async\" class=\"size-full wp-image-46589 alignright\" src=\"https:\/\/www.rassegnastampa-totustuus.it\/cattolica\/wp-content\/uploads\/2020\/03\/Xi_Ping_Cina.jpg\" alt=\"\" width=\"225\" height=\"225\" srcset=\"https:\/\/www.rassegnastampa-totustuus.it\/cattolica\/wp-content\/uploads\/2020\/03\/Xi_Ping_Cina.jpg 225w, https:\/\/www.rassegnastampa-totustuus.it\/cattolica\/wp-content\/uploads\/2020\/03\/Xi_Ping_Cina-150x150.jpg 150w\" sizes=\"auto, (max-width: 225px) 100vw, 225px\" \/><\/a>La Cina, infatti, \u00e8 uno dei maggiori produttori al mondo di macchine e prodotti sanitari, come appunto mascherine e respiratori. E forse ha ragione chi con sicumera, ignoranza e mancanza di misericordia punta il dito sulle tasse: con il particolare che la colpa non \u00e8 di chi non le ha pagate, ma di chi ha messo alle calcagna degli italiani un cerbero come esattore, tra i pi\u00f9 esigenti al mondo in termini di cuneo fiscale, che ha costretto la delocalizzazione e la chiusura di chi produceva ci\u00f2 che siamo costretti a pagare elemosinando contratti \u201cInsieme a mascherine e respiratori polmonari\u201d \u2013 che non sono aiuti \u2013 \u201carriveranno dalla Cina anche medici specializzati che hanno affrontato per primi il picco dell\u2019emergenza Coronavirus\u201c.<\/p>\n<p style=\"text-align: justify;\">\u00c8 la seconda vittoria della propaganda di Pechino, a cui l\u2019Italia s\u2019\u00e8 piegata. Tutto gira intorno alla finta benevolenza cinese. E gli italiani si sentono rincuorati: la Cina che sorregge l\u2019Italia, insomma un capolavoro aberrante di comunicazione. \u201cCi ricorderemo di chi ci ha aiutato come ha fatto la Cina. Noi abbiamo dimostrato solidariet\u00e0 verso il governo cinese colpito da pregiudizio e razzismo e ora loro ricambiano\u201d, dice Giggino Di Maio.<\/p>\n<p style=\"text-align: justify;\">Poverino, che ne sa lui sono i cinesi. E non lo sanno gli italiani che plaudono. Non lo sanno i giornalisti servi di partito. Non lo sanno gli italiani che affacciati al balcone intonano l\u2019inno cinese.<\/p>\n<p style=\"text-align: justify;\"><a href=\"https:\/\/www.rassegnastampa-totustuus.it\/cattolica\/wp-content\/uploads\/2018\/08\/Xi-Jinping_Cina.jpg\"><img loading=\"lazy\" decoding=\"async\" class=\"size-full wp-image-40815 alignleft\" src=\"https:\/\/www.rassegnastampa-totustuus.it\/cattolica\/wp-content\/uploads\/2018\/08\/Xi-Jinping_Cina.jpg\" alt=\"\" width=\"257\" height=\"196\" \/><\/a>Non lo sanno che Pechino ha mentito sul primo caso che risale al 17 Novembre, secondo i documenti governativi visionati dal <em>South China Morning Post<\/em>: quanti mesi di menzogne! Il consigliere per la sicurezza nazionale degli Stati Uniti d\u2019America, Robert O\u2019Brien, lo aveva detto: \u201cSe avessimo potuto sequenziare il virus e avere la cooperazione necessaria dalla Cina, se i team dell\u2019Oms e il Cdc Usa fossero stati sul campo, avremmo potuto ridurre drasticamente quello che \u00e8 successo in Cina e accade nel mondo. La Cina non ha gestito nel modo giusto l\u2019epidemia di Coronavirus, mettendo a tacere i medici coinvolti, con una risposta che \u201cprobabilmente \u00e8 costata alla comunit\u00e0 internazionale due mesi preziosi\u201d.<\/p>\n<p style=\"text-align: justify;\">Da quando ha assunto l\u2019incarico supremo nel 2012, Xi Jinping ha continuato a rafforzare il suo potere personale e la supervisione della popolazione da parte del Partito Comunista, in un ritorno all\u2019autoritarismo maoista. E chi elogia la Cina finge di non sapere il martirio del dottor Li Wenliang che ha profondamente scioccato i cinesi: un giovane medico dell\u2019ospedale di Wuhan, epicentro dell\u2019epidemia, molestato dalla polizia per aver debitamente messo in guardia i suoi colleghi sul pericolo del nuovo virus, \u00e8 morto in circostanze che la stampa cinese ha cambiato a pi\u00f9 riprese e che nel frattempo aveva anche contratto il virus. Forse non conoscono la fine misteriosa di Li Zehua per le sue indagini giornalistiche.<\/p>\n<p style=\"text-align: justify;\"><a href=\"https:\/\/www.rassegnastampa-totustuus.it\/cattolica\/wp-content\/uploads\/2020\/03\/Cina_epidemia.jpg\"><img loading=\"lazy\" decoding=\"async\" class=\"size-medium wp-image-46566 alignright\" src=\"https:\/\/www.rassegnastampa-totustuus.it\/cattolica\/wp-content\/uploads\/2020\/03\/Cina_epidemia-300x169.jpg\" alt=\"\" width=\"300\" height=\"169\" srcset=\"https:\/\/www.rassegnastampa-totustuus.it\/cattolica\/wp-content\/uploads\/2020\/03\/Cina_epidemia-300x169.jpg 300w, https:\/\/www.rassegnastampa-totustuus.it\/cattolica\/wp-content\/uploads\/2020\/03\/Cina_epidemia-768x432.jpg 768w, https:\/\/www.rassegnastampa-totustuus.it\/cattolica\/wp-content\/uploads\/2020\/03\/Cina_epidemia-1024x576.jpg 1024w, https:\/\/www.rassegnastampa-totustuus.it\/cattolica\/wp-content\/uploads\/2020\/03\/Cina_epidemia.jpg 1920w\" sizes=\"auto, (max-width: 300px) 100vw, 300px\" \/><\/a>E probabilmente non ricordano che la Cina ha anche chiuso il laboratorio del Centro di salute pubblica dove lavoravano i ricercatori coordinati dal professor Zhang Yongzhen, che per primo ha isolato e messo a punto la sequenza del genoma del nuovo coronavirus, il 12 gennaio Ren Zhiqiang, magnate a Pechino, ha scritto in un saggio pungente che il leader cinese, Xi Jinping, era un \u201cpagliaccio\u201d assetato di potere, e ha sostenuto che i severi limiti del Partito Comunista \u00a0al potere sulla libert\u00e0 di parola hanno esacerbato l\u2019epidemia di Coronavirus: \u00e8 scomparso pochi giorni fa, improvvisamente. Una scomparsa che arriva in una vasta campagna da parte del partito per reprimere le critiche della sua gente.<\/p>\n<p style=\"text-align: justify;\">Se da un lato il governo cinese sta lavorando per rappresentare il signor Xi come un eroe che sta portando il paese alla vittoria in una \u201cguerra popolare\u201d contro il virus con tanto di manuali gi\u00e0 in libreria, dall\u2019altro i suoi funzionari sono impegnati nella caccia a chi osa criticare il regime in una nuova polizia di internet, che entra nei device degli 800 milioni di utenti web cinesi per controllarne pensieri, parole e ricordi.<\/p>\n<p style=\"text-align: justify;\"><a href=\"https:\/\/www.rassegnastampa-totustuus.it\/cattolica\/wp-content\/uploads\/2018\/04\/esecuzioni_Cina.jpg\"><img loading=\"lazy\" decoding=\"async\" class=\"size-full wp-image-40117 alignleft\" src=\"https:\/\/www.rassegnastampa-totustuus.it\/cattolica\/wp-content\/uploads\/2018\/04\/esecuzioni_Cina.jpg\" alt=\"\" width=\"293\" height=\"172\" \/><\/a>Chi \u00e8 trovato colpevole di poca lealt\u00e0 al regime viene trascinato in ore di interrogatorio, e costretto a firmare impegni di devozione alla causa del governo e a ritrattazioni. Nel frattempo Pechino ha da poco annunciato che sta revocando le credenziali di stampa dei giornalisti americani che lavoravano per il <em>New York Times<\/em>, il <em>Washington Post<\/em> e il <em>Wall Street Journal<\/em>, espellendoli dalla Cina. Quindi la narrazione della storia sar\u00e0 solo dalla parte del regime cinese. Non bastavano le intimidazioni e le bugie.<\/p>\n<p style=\"text-align: justify;\">Il 13 marzo 2020, Zhao Lijian, il nuovo portavoce del Ministero degli Affari Esteri cinese, aveva osato addirittura sostenere che \u201cl\u2019esercito americano avrebbe potuto portare l\u2019 epidemia a Wuhan\u201d, figuriamoci da oggi cosa potranno sostenere.<\/p>\n<p style=\"text-align: justify;\">Chi dice che dovevamo e dobbiamo fare come la Cina, forse non sa neanche del bracconaggio in Africa, della sperimentazione su esseri umani del vaccino ripresa dalle telecamere in una perversa forma di propaganda o del commercio di organi umani espiantati ai condannati a morte. E forse gli italiani non sanno neppure degli ingegneri aerospaziali cinesi, per esempio, che chiedono di prorogare la loro permanenza in Italia per lavoro per stare il pi\u00f9 possibile lontani da casa e dal governo di Pechino.<\/p>\n<p style=\"text-align: justify;\"><a href=\"https:\/\/www.rassegnastampa-totustuus.it\/cattolica\/wp-content\/uploads\/2014\/01\/oms.jpg\"><img loading=\"lazy\" decoding=\"async\" class=\" wp-image-6937 alignright\" src=\"https:\/\/www.rassegnastampa-totustuus.it\/cattolica\/wp-content\/uploads\/2014\/01\/oms.jpg\" alt=\"\" width=\"133\" height=\"158\" \/><\/a>Non hanno fermato in tempo il virus, hanno comprato il favore dell\u2019Oms, hanno provato a destabilizzare la campagna elettorale dell\u2019unico presidente Usa che ha saputo tener loro testa economicamente, sono impegnati a ripulirsi l\u2019immagine internazionale con le consuete bugie in stile sovietico, e noi li celebriamo a mezzo stampa.<\/p>\n<p style=\"text-align: justify;\">Ma forse \u00e8 gi\u00e0 troppo tardi, e ci siamo cinesizzati al punto che la stampa nazionale non solo non denuncia tutto ci\u00f2, ma ripropone il naturalismo, cio\u00e8 la filosofia che ignora l\u2019\u201ceccezionalit\u00e0\u201d dell\u2019uomo nel creato. Mentre l\u2019Italia prega nei riti pagani dei balconi e sogna un vaccino che di certo la dea Terra per\u00f2 non produrr\u00e0.<\/p>\n<p style=\"text-align: justify;\">Ci siamo a tal punto scristianizzati e cinesizzati che la sacralit\u00e0 della vita \u00e8 messa in discussione e al corteo di salme portate via dai militari per una cremazione forzata, l\u2019Italia non ha risposto con giorni di lutto nazionale. Nessuno sa come andr\u00e0 a finire, ma di sicuro \u00e8 inquietante come il nostro Paese sta rispondendo con una rapida alleanza ad una dittatura la cui propaganda ci manovra che neanche i burattini<\/p>\n","protected":false},"excerpt":{"rendered":"<p>Dal blog di Nicola Porro 21 Marzo 2020 \u00a0 di Lorenza Formicola Eccoci, all\u2019alba del 2020 sappiamo che la dittatura del futuro sar\u00e0 sanitaria. In nome della salute, abbiamo gi\u00e0 imparato, \u00e8 possibile annullare la libert\u00e0, sospendere i diritti pi\u00f9 elementari, violare la democrazia, trasformare i DPCM \u2013\u00a0una forzatura costituzionale \u2013 in un normale strumento &hellip; <\/p>\n<p><a class=\"more-link btn\" href=\"https:\/\/www.rassegnastampa-totustuus.it\/cattolica\/basta-con-la-propaganda-cinese-in-salsa-italiana\/\">Continua a leggere<\/a><\/p>\n","protected":false},"author":6,"featured_media":46863,"comment_status":"closed","ping_status":"closed","sticky":false,"template":"","format":"standard","meta":{"footnotes":""},"categories":[56,108,20],"tags":[2395,1251,545,297],"class_list":["post-46862","post","type-post","status-publish","format-standard","has-post-thumbnail","hentry","category-cina","category-paesi-e-continenti","category-politica-nazionale","tag-cina","tag-italia","tag-paesi-e-continenti-2","tag-politica-nazionale-2","item-wrap"],"yoast_head":"<!-- This site is optimized with the Yoast SEO plugin v27.5 - https:\/\/yoast.com\/product\/yoast-seo-wordpress\/ -->\n<title>Basta con la propaganda cinese in salsa italiana - Rassegna Stampa Cattolica<\/title>\n<meta name=\"description\" content=\"Rassegna Stampa Cattolica - Per una cultura che nasce dalla Rivelazione cristiana in conformit\u00e0 alla tradizione e al Magistero della Chiesa in opposizione ad ogni relativismo e totalitarismo\" \/>\n<meta name=\"robots\" content=\"index, follow, max-snippet:-1, max-image-preview:large, max-video-preview:-1\" \/>\n<link rel=\"canonical\" href=\"https:\/\/www.rassegnastampa-totustuus.it\/cattolica\/basta-con-la-propaganda-cinese-in-salsa-italiana\/\" \/>\n<meta property=\"og:locale\" content=\"it_IT\" \/>\n<meta property=\"og:type\" content=\"article\" \/>\n<meta property=\"og:title\" content=\"Basta con la propaganda cinese in salsa italiana - Rassegna Stampa Cattolica\" \/>\n<meta property=\"og:description\" content=\"Rassegna Stampa Cattolica - Per una cultura che nasce dalla Rivelazione cristiana in conformit\u00e0 alla tradizione e al Magistero della Chiesa in opposizione ad ogni relativismo e totalitarismo\" \/>\n<meta property=\"og:url\" content=\"https:\/\/www.rassegnastampa-totustuus.it\/cattolica\/basta-con-la-propaganda-cinese-in-salsa-italiana\/\" \/>\n<meta property=\"og:site_name\" content=\"Rassegna Stampa Cattolica\" \/>\n<meta property=\"article:publisher\" content=\"https:\/\/www.facebook.com\/rassegnastampacattolica\" \/>\n<meta property=\"article:published_time\" content=\"2020-04-08T22:00:05+00:00\" \/>\n<meta property=\"og:image\" content=\"https:\/\/www.rassegnastampa-totustuus.it\/cattolica\/wp-content\/uploads\/2020\/04\/Cina_Italia.jpg\" \/>\n\t<meta property=\"og:image:width\" content=\"1280\" \/>\n\t<meta property=\"og:image:height\" content=\"720\" \/>\n\t<meta property=\"og:image:type\" content=\"image\/jpeg\" \/>\n<meta name=\"author\" content=\"Redazione\" \/>\n<meta name=\"twitter:card\" content=\"summary_large_image\" \/>\n<meta name=\"twitter:creator\" content=\"@rassegnastampa9\" \/>\n<meta name=\"twitter:site\" content=\"@rassegnastampa9\" \/>\n<meta name=\"twitter:label1\" content=\"Scritto da\" \/>\n\t<meta name=\"twitter:data1\" content=\"Redazione\" \/>\n\t<meta name=\"twitter:label2\" content=\"Tempo di lettura stimato\" \/>\n\t<meta name=\"twitter:data2\" content=\"7 minuti\" \/>\n<script type=\"application\/ld+json\" class=\"yoast-schema-graph\">{\"@context\":\"https:\\\/\\\/schema.org\",\"@graph\":[{\"@type\":\"Article\",\"@id\":\"https:\\\/\\\/www.rassegnastampa-totustuus.it\\\/cattolica\\\/basta-con-la-propaganda-cinese-in-salsa-italiana\\\/#article\",\"isPartOf\":{\"@id\":\"https:\\\/\\\/www.rassegnastampa-totustuus.it\\\/cattolica\\\/basta-con-la-propaganda-cinese-in-salsa-italiana\\\/\"},\"author\":{\"name\":\"Redazione\",\"@id\":\"https:\\\/\\\/www.rassegnastampa-totustuus.it\\\/cattolica\\\/#\\\/schema\\\/person\\\/08f319d2bd1a0904ad9e2bfb7b15e5c3\"},\"headline\":\"Basta con la propaganda cinese in salsa italiana\",\"datePublished\":\"2020-04-08T22:00:05+00:00\",\"mainEntityOfPage\":{\"@id\":\"https:\\\/\\\/www.rassegnastampa-totustuus.it\\\/cattolica\\\/basta-con-la-propaganda-cinese-in-salsa-italiana\\\/\"},\"wordCount\":1484,\"publisher\":{\"@id\":\"https:\\\/\\\/www.rassegnastampa-totustuus.it\\\/cattolica\\\/#organization\"},\"image\":{\"@id\":\"https:\\\/\\\/www.rassegnastampa-totustuus.it\\\/cattolica\\\/basta-con-la-propaganda-cinese-in-salsa-italiana\\\/#primaryimage\"},\"thumbnailUrl\":\"https:\\\/\\\/www.rassegnastampa-totustuus.it\\\/cattolica\\\/wp-content\\\/uploads\\\/2020\\\/04\\\/Cina_Italia.jpg\",\"keywords\":[\"Cina\",\"Italia\",\"paesi e continenti\",\"politica nazionale\"],\"articleSection\":[\"Cina\",\"Paesi e continenti\",\"Politica nazionale\"],\"inLanguage\":\"it-IT\"},{\"@type\":\"WebPage\",\"@id\":\"https:\\\/\\\/www.rassegnastampa-totustuus.it\\\/cattolica\\\/basta-con-la-propaganda-cinese-in-salsa-italiana\\\/\",\"url\":\"https:\\\/\\\/www.rassegnastampa-totustuus.it\\\/cattolica\\\/basta-con-la-propaganda-cinese-in-salsa-italiana\\\/\",\"name\":\"Basta con la propaganda cinese in salsa italiana - Rassegna Stampa Cattolica\",\"isPartOf\":{\"@id\":\"https:\\\/\\\/www.rassegnastampa-totustuus.it\\\/cattolica\\\/#website\"},\"primaryImageOfPage\":{\"@id\":\"https:\\\/\\\/www.rassegnastampa-totustuus.it\\\/cattolica\\\/basta-con-la-propaganda-cinese-in-salsa-italiana\\\/#primaryimage\"},\"image\":{\"@id\":\"https:\\\/\\\/www.rassegnastampa-totustuus.it\\\/cattolica\\\/basta-con-la-propaganda-cinese-in-salsa-italiana\\\/#primaryimage\"},\"thumbnailUrl\":\"https:\\\/\\\/www.rassegnastampa-totustuus.it\\\/cattolica\\\/wp-content\\\/uploads\\\/2020\\\/04\\\/Cina_Italia.jpg\",\"datePublished\":\"2020-04-08T22:00:05+00:00\",\"description\":\"Rassegna Stampa Cattolica - Per una cultura che nasce dalla Rivelazione cristiana in conformit\u00e0 alla tradizione e al Magistero della Chiesa in opposizione ad ogni relativismo e totalitarismo\",\"breadcrumb\":{\"@id\":\"https:\\\/\\\/www.rassegnastampa-totustuus.it\\\/cattolica\\\/basta-con-la-propaganda-cinese-in-salsa-italiana\\\/#breadcrumb\"},\"inLanguage\":\"it-IT\",\"potentialAction\":[{\"@type\":\"ReadAction\",\"target\":[\"https:\\\/\\\/www.rassegnastampa-totustuus.it\\\/cattolica\\\/basta-con-la-propaganda-cinese-in-salsa-italiana\\\/\"]}]},{\"@type\":\"ImageObject\",\"inLanguage\":\"it-IT\",\"@id\":\"https:\\\/\\\/www.rassegnastampa-totustuus.it\\\/cattolica\\\/basta-con-la-propaganda-cinese-in-salsa-italiana\\\/#primaryimage\",\"url\":\"https:\\\/\\\/www.rassegnastampa-totustuus.it\\\/cattolica\\\/wp-content\\\/uploads\\\/2020\\\/04\\\/Cina_Italia.jpg\",\"contentUrl\":\"https:\\\/\\\/www.rassegnastampa-totustuus.it\\\/cattolica\\\/wp-content\\\/uploads\\\/2020\\\/04\\\/Cina_Italia.jpg\",\"width\":1280,\"height\":720},{\"@type\":\"BreadcrumbList\",\"@id\":\"https:\\\/\\\/www.rassegnastampa-totustuus.it\\\/cattolica\\\/basta-con-la-propaganda-cinese-in-salsa-italiana\\\/#breadcrumb\",\"itemListElement\":[{\"@type\":\"ListItem\",\"position\":1,\"name\":\"Home\",\"item\":\"https:\\\/\\\/www.rassegnastampa-totustuus.it\\\/cattolica\\\/\"},{\"@type\":\"ListItem\",\"position\":2,\"name\":\"Basta con la propaganda cinese in salsa italiana\"}]},{\"@type\":\"WebSite\",\"@id\":\"https:\\\/\\\/www.rassegnastampa-totustuus.it\\\/cattolica\\\/#website\",\"url\":\"https:\\\/\\\/www.rassegnastampa-totustuus.it\\\/cattolica\\\/\",\"name\":\"Rassegna Stampa Cattolica\",\"description\":\"Per una cultura che nasce dalla Rivelazione cristiana in conformit\u00e0 alla tradizione e al Magistero della Chiesa in opposizione ad ogni relativismo e totalitarismo\",\"publisher\":{\"@id\":\"https:\\\/\\\/www.rassegnastampa-totustuus.it\\\/cattolica\\\/#organization\"},\"alternateName\":\"Rass. Cattolica\",\"potentialAction\":[{\"@type\":\"SearchAction\",\"target\":{\"@type\":\"EntryPoint\",\"urlTemplate\":\"https:\\\/\\\/www.rassegnastampa-totustuus.it\\\/cattolica\\\/?s={search_term_string}\"},\"query-input\":{\"@type\":\"PropertyValueSpecification\",\"valueRequired\":true,\"valueName\":\"search_term_string\"}}],\"inLanguage\":\"it-IT\"},{\"@type\":\"Organization\",\"@id\":\"https:\\\/\\\/www.rassegnastampa-totustuus.it\\\/cattolica\\\/#organization\",\"name\":\"Rassegna Stampa Cattolica\",\"url\":\"https:\\\/\\\/www.rassegnastampa-totustuus.it\\\/cattolica\\\/\",\"logo\":{\"@type\":\"ImageObject\",\"inLanguage\":\"it-IT\",\"@id\":\"https:\\\/\\\/www.rassegnastampa-totustuus.it\\\/cattolica\\\/#\\\/schema\\\/logo\\\/image\\\/\",\"url\":\"https:\\\/\\\/www.rassegnastampa-totustuus.it\\\/cattolica\\\/wp-content\\\/uploads\\\/2014\\\/04\\\/logo-rassegna1.gif\",\"contentUrl\":\"https:\\\/\\\/www.rassegnastampa-totustuus.it\\\/cattolica\\\/wp-content\\\/uploads\\\/2014\\\/04\\\/logo-rassegna1.gif\",\"width\":600,\"height\":163,\"caption\":\"Rassegna Stampa Cattolica\"},\"image\":{\"@id\":\"https:\\\/\\\/www.rassegnastampa-totustuus.it\\\/cattolica\\\/#\\\/schema\\\/logo\\\/image\\\/\"},\"sameAs\":[\"https:\\\/\\\/www.facebook.com\\\/rassegnastampacattolica\",\"https:\\\/\\\/x.com\\\/rassegnastampa9\"]},{\"@type\":\"Person\",\"@id\":\"https:\\\/\\\/www.rassegnastampa-totustuus.it\\\/cattolica\\\/#\\\/schema\\\/person\\\/08f319d2bd1a0904ad9e2bfb7b15e5c3\",\"name\":\"Redazione\",\"image\":{\"@type\":\"ImageObject\",\"inLanguage\":\"it-IT\",\"@id\":\"https:\\\/\\\/secure.gravatar.com\\\/avatar\\\/2fcdf27c78ea025fbdb44e914cc63c72249ffec9dc8aafd5c82b26240ef3f346?s=96&d=mm&r=g\",\"url\":\"https:\\\/\\\/secure.gravatar.com\\\/avatar\\\/2fcdf27c78ea025fbdb44e914cc63c72249ffec9dc8aafd5c82b26240ef3f346?s=96&d=mm&r=g\",\"contentUrl\":\"https:\\\/\\\/secure.gravatar.com\\\/avatar\\\/2fcdf27c78ea025fbdb44e914cc63c72249ffec9dc8aafd5c82b26240ef3f346?s=96&d=mm&r=g\",\"caption\":\"Redazione\"},\"url\":\"https:\\\/\\\/www.rassegnastampa-totustuus.it\\\/cattolica\\\/author\\\/pietroelle\\\/\"}]}<\/script>\n<!-- \/ Yoast SEO plugin. -->","yoast_head_json":{"title":"Basta con la propaganda cinese in salsa italiana - Rassegna Stampa Cattolica","description":"Rassegna Stampa Cattolica - Per una cultura che nasce dalla Rivelazione cristiana in conformit\u00e0 alla tradizione e al Magistero della Chiesa in opposizione ad ogni relativismo e totalitarismo","robots":{"index":"index","follow":"follow","max-snippet":"max-snippet:-1","max-image-preview":"max-image-preview:large","max-video-preview":"max-video-preview:-1"},"canonical":"https:\/\/www.rassegnastampa-totustuus.it\/cattolica\/basta-con-la-propaganda-cinese-in-salsa-italiana\/","og_locale":"it_IT","og_type":"article","og_title":"Basta con la propaganda cinese in salsa italiana - Rassegna Stampa Cattolica","og_description":"Rassegna Stampa Cattolica - Per una cultura che nasce dalla Rivelazione cristiana in conformit\u00e0 alla tradizione e al Magistero della Chiesa in opposizione ad ogni relativismo e totalitarismo","og_url":"https:\/\/www.rassegnastampa-totustuus.it\/cattolica\/basta-con-la-propaganda-cinese-in-salsa-italiana\/","og_site_name":"Rassegna Stampa Cattolica","article_publisher":"https:\/\/www.facebook.com\/rassegnastampacattolica","article_published_time":"2020-04-08T22:00:05+00:00","og_image":[{"width":1280,"height":720,"url":"https:\/\/www.rassegnastampa-totustuus.it\/cattolica\/wp-content\/uploads\/2020\/04\/Cina_Italia.jpg","type":"image\/jpeg"}],"author":"Redazione","twitter_card":"summary_large_image","twitter_creator":"@rassegnastampa9","twitter_site":"@rassegnastampa9","twitter_misc":{"Scritto da":"Redazione","Tempo di lettura stimato":"7 minuti"},"schema":{"@context":"https:\/\/schema.org","@graph":[{"@type":"Article","@id":"https:\/\/www.rassegnastampa-totustuus.it\/cattolica\/basta-con-la-propaganda-cinese-in-salsa-italiana\/#article","isPartOf":{"@id":"https:\/\/www.rassegnastampa-totustuus.it\/cattolica\/basta-con-la-propaganda-cinese-in-salsa-italiana\/"},"author":{"name":"Redazione","@id":"https:\/\/www.rassegnastampa-totustuus.it\/cattolica\/#\/schema\/person\/08f319d2bd1a0904ad9e2bfb7b15e5c3"},"headline":"Basta con la propaganda cinese in salsa italiana","datePublished":"2020-04-08T22:00:05+00:00","mainEntityOfPage":{"@id":"https:\/\/www.rassegnastampa-totustuus.it\/cattolica\/basta-con-la-propaganda-cinese-in-salsa-italiana\/"},"wordCount":1484,"publisher":{"@id":"https:\/\/www.rassegnastampa-totustuus.it\/cattolica\/#organization"},"image":{"@id":"https:\/\/www.rassegnastampa-totustuus.it\/cattolica\/basta-con-la-propaganda-cinese-in-salsa-italiana\/#primaryimage"},"thumbnailUrl":"https:\/\/www.rassegnastampa-totustuus.it\/cattolica\/wp-content\/uploads\/2020\/04\/Cina_Italia.jpg","keywords":["Cina","Italia","paesi e continenti","politica nazionale"],"articleSection":["Cina","Paesi e continenti","Politica nazionale"],"inLanguage":"it-IT"},{"@type":"WebPage","@id":"https:\/\/www.rassegnastampa-totustuus.it\/cattolica\/basta-con-la-propaganda-cinese-in-salsa-italiana\/","url":"https:\/\/www.rassegnastampa-totustuus.it\/cattolica\/basta-con-la-propaganda-cinese-in-salsa-italiana\/","name":"Basta con la propaganda cinese in salsa italiana - Rassegna Stampa Cattolica","isPartOf":{"@id":"https:\/\/www.rassegnastampa-totustuus.it\/cattolica\/#website"},"primaryImageOfPage":{"@id":"https:\/\/www.rassegnastampa-totustuus.it\/cattolica\/basta-con-la-propaganda-cinese-in-salsa-italiana\/#primaryimage"},"image":{"@id":"https:\/\/www.rassegnastampa-totustuus.it\/cattolica\/basta-con-la-propaganda-cinese-in-salsa-italiana\/#primaryimage"},"thumbnailUrl":"https:\/\/www.rassegnastampa-totustuus.it\/cattolica\/wp-content\/uploads\/2020\/04\/Cina_Italia.jpg","datePublished":"2020-04-08T22:00:05+00:00","description":"Rassegna Stampa Cattolica - Per una cultura che nasce dalla Rivelazione cristiana in conformit\u00e0 alla tradizione e al Magistero della Chiesa in opposizione ad ogni relativismo e totalitarismo","breadcrumb":{"@id":"https:\/\/www.rassegnastampa-totustuus.it\/cattolica\/basta-con-la-propaganda-cinese-in-salsa-italiana\/#breadcrumb"},"inLanguage":"it-IT","potentialAction":[{"@type":"ReadAction","target":["https:\/\/www.rassegnastampa-totustuus.it\/cattolica\/basta-con-la-propaganda-cinese-in-salsa-italiana\/"]}]},{"@type":"ImageObject","inLanguage":"it-IT","@id":"https:\/\/www.rassegnastampa-totustuus.it\/cattolica\/basta-con-la-propaganda-cinese-in-salsa-italiana\/#primaryimage","url":"https:\/\/www.rassegnastampa-totustuus.it\/cattolica\/wp-content\/uploads\/2020\/04\/Cina_Italia.jpg","contentUrl":"https:\/\/www.rassegnastampa-totustuus.it\/cattolica\/wp-content\/uploads\/2020\/04\/Cina_Italia.jpg","width":1280,"height":720},{"@type":"BreadcrumbList","@id":"https:\/\/www.rassegnastampa-totustuus.it\/cattolica\/basta-con-la-propaganda-cinese-in-salsa-italiana\/#breadcrumb","itemListElement":[{"@type":"ListItem","position":1,"name":"Home","item":"https:\/\/www.rassegnastampa-totustuus.it\/cattolica\/"},{"@type":"ListItem","position":2,"name":"Basta con la propaganda cinese in salsa italiana"}]},{"@type":"WebSite","@id":"https:\/\/www.rassegnastampa-totustuus.it\/cattolica\/#website","url":"https:\/\/www.rassegnastampa-totustuus.it\/cattolica\/","name":"Rassegna Stampa Cattolica","description":"Per una cultura che nasce dalla Rivelazione cristiana in conformit\u00e0 alla tradizione e al Magistero della Chiesa in opposizione ad ogni relativismo e totalitarismo","publisher":{"@id":"https:\/\/www.rassegnastampa-totustuus.it\/cattolica\/#organization"},"alternateName":"Rass. Cattolica","potentialAction":[{"@type":"SearchAction","target":{"@type":"EntryPoint","urlTemplate":"https:\/\/www.rassegnastampa-totustuus.it\/cattolica\/?s={search_term_string}"},"query-input":{"@type":"PropertyValueSpecification","valueRequired":true,"valueName":"search_term_string"}}],"inLanguage":"it-IT"},{"@type":"Organization","@id":"https:\/\/www.rassegnastampa-totustuus.it\/cattolica\/#organization","name":"Rassegna Stampa Cattolica","url":"https:\/\/www.rassegnastampa-totustuus.it\/cattolica\/","logo":{"@type":"ImageObject","inLanguage":"it-IT","@id":"https:\/\/www.rassegnastampa-totustuus.it\/cattolica\/#\/schema\/logo\/image\/","url":"https:\/\/www.rassegnastampa-totustuus.it\/cattolica\/wp-content\/uploads\/2014\/04\/logo-rassegna1.gif","contentUrl":"https:\/\/www.rassegnastampa-totustuus.it\/cattolica\/wp-content\/uploads\/2014\/04\/logo-rassegna1.gif","width":600,"height":163,"caption":"Rassegna Stampa Cattolica"},"image":{"@id":"https:\/\/www.rassegnastampa-totustuus.it\/cattolica\/#\/schema\/logo\/image\/"},"sameAs":["https:\/\/www.facebook.com\/rassegnastampacattolica","https:\/\/x.com\/rassegnastampa9"]},{"@type":"Person","@id":"https:\/\/www.rassegnastampa-totustuus.it\/cattolica\/#\/schema\/person\/08f319d2bd1a0904ad9e2bfb7b15e5c3","name":"Redazione","image":{"@type":"ImageObject","inLanguage":"it-IT","@id":"https:\/\/secure.gravatar.com\/avatar\/2fcdf27c78ea025fbdb44e914cc63c72249ffec9dc8aafd5c82b26240ef3f346?s=96&d=mm&r=g","url":"https:\/\/secure.gravatar.com\/avatar\/2fcdf27c78ea025fbdb44e914cc63c72249ffec9dc8aafd5c82b26240ef3f346?s=96&d=mm&r=g","contentUrl":"https:\/\/secure.gravatar.com\/avatar\/2fcdf27c78ea025fbdb44e914cc63c72249ffec9dc8aafd5c82b26240ef3f346?s=96&d=mm&r=g","caption":"Redazione"},"url":"https:\/\/www.rassegnastampa-totustuus.it\/cattolica\/author\/pietroelle\/"}]}},"_links":{"self":[{"href":"https:\/\/www.rassegnastampa-totustuus.it\/cattolica\/wp-json\/wp\/v2\/posts\/46862","targetHints":{"allow":["GET"]}}],"collection":[{"href":"https:\/\/www.rassegnastampa-totustuus.it\/cattolica\/wp-json\/wp\/v2\/posts"}],"about":[{"href":"https:\/\/www.rassegnastampa-totustuus.it\/cattolica\/wp-json\/wp\/v2\/types\/post"}],"author":[{"embeddable":true,"href":"https:\/\/www.rassegnastampa-totustuus.it\/cattolica\/wp-json\/wp\/v2\/users\/6"}],"replies":[{"embeddable":true,"href":"https:\/\/www.rassegnastampa-totustuus.it\/cattolica\/wp-json\/wp\/v2\/comments?post=46862"}],"version-history":[{"count":2,"href":"https:\/\/www.rassegnastampa-totustuus.it\/cattolica\/wp-json\/wp\/v2\/posts\/46862\/revisions"}],"predecessor-version":[{"id":46869,"href":"https:\/\/www.rassegnastampa-totustuus.it\/cattolica\/wp-json\/wp\/v2\/posts\/46862\/revisions\/46869"}],"wp:featuredmedia":[{"embeddable":true,"href":"https:\/\/www.rassegnastampa-totustuus.it\/cattolica\/wp-json\/wp\/v2\/media\/46863"}],"wp:attachment":[{"href":"https:\/\/www.rassegnastampa-totustuus.it\/cattolica\/wp-json\/wp\/v2\/media?parent=46862"}],"wp:term":[{"taxonomy":"category","embeddable":true,"href":"https:\/\/www.rassegnastampa-totustuus.it\/cattolica\/wp-json\/wp\/v2\/categories?post=46862"},{"taxonomy":"post_tag","embeddable":true,"href":"https:\/\/www.rassegnastampa-totustuus.it\/cattolica\/wp-json\/wp\/v2\/tags?post=46862"}],"curies":[{"name":"wp","href":"https:\/\/api.w.org\/{rel}","templated":true}]}}