{"id":46835,"date":"2020-04-02T00:00:15","date_gmt":"2020-04-01T22:00:15","guid":{"rendered":"http:\/\/www.rassegnastampa-totustuus.it\/cattolica\/?p=46835"},"modified":"2020-04-01T15:55:48","modified_gmt":"2020-04-01T13:55:48","slug":"globalizzazione-un-magistero-da-ripensare","status":"publish","type":"post","link":"https:\/\/www.rassegnastampa-totustuus.it\/cattolica\/globalizzazione-un-magistero-da-ripensare\/","title":{"rendered":"Globalizzazione, un magistero da ripensare"},"content":{"rendered":"<p style=\"text-align: center;\"><strong><a href=\"https:\/\/www.rassegnastampa-totustuus.it\/cattolica\/wp-content\/uploads\/2020\/04\/globalizzazione-1.jpg\"><img loading=\"lazy\" decoding=\"async\" class=\" wp-image-46838 alignright\" src=\"https:\/\/www.rassegnastampa-totustuus.it\/cattolica\/wp-content\/uploads\/2020\/04\/globalizzazione-1.jpg\" alt=\"\" width=\"310\" height=\"175\" \/><\/a>La Nuova Bussola quotidiana <\/strong><\/p>\n<p style=\"text-align: center;\">1 Aprile 2020<\/p>\n<p style=\"text-align: justify;\"><em>Quanto sta accadendo a causa del coronavirus costringe a ripensare il tema della gflobalizzazione, anche per quel che riguarda il magistero. Se Giovanni Paolo II e Benedetto XVi erano prudenti, l&#8217;attuale pontefice si \u00e8 molto lanciato nel globalismo. Ma il prossimo dovr\u00e0 rivedere tutto il dossier. Ecco come. <\/em><\/p>\n<p style=\"text-align: center;\">di <strong>Lorenzo Fontana<\/strong><\/p>\n<p><!--more--><\/p>\n<p style=\"text-align: justify;\">\u00c8 molto probabile che se un domani prossimo venturo il Pontefice allora regnante volesse scrivere una nuova enciclica sociale dovr\u00e0 riconsiderare alcuni aspetti dell\u2019insegnamento finora seguito, primo fra tutti la valutazione della globalizzazione. L\u2019epidemia da coronavirus ha messo a nudo molte illusioni circa questo fenomeno, ne ha mostrato le crepe, le insufficienze ed anche i pericoli. Quando il magistero sociale della Chiesa ne riparler\u00e0 lo far\u00e0 in modo molto diverso dal passato.<\/p>\n<p style=\"text-align: justify;\"><strong><a href=\"https:\/\/www.rassegnastampa-totustuus.it\/cattolica\/wp-content\/uploads\/2020\/04\/papa_pio_XI.jpg\"><img loading=\"lazy\" decoding=\"async\" class=\"size-medium wp-image-46841 alignleft\" src=\"https:\/\/www.rassegnastampa-totustuus.it\/cattolica\/wp-content\/uploads\/2020\/04\/papa_pio_XI.jpg\" alt=\"\" width=\"193\" height=\"261\" \/><\/a>Il tema della globalizzazione era gi\u00e0 presente nella <em>Quadragesimo anno<\/em> di Pio XI,<\/strong> nella <em>Pacem in terris<\/em> di Giovanni XXIII e nella <em>Populorum progressio<\/em> di Paolo VI, ma allora non si chiamava ancora cos\u00ec. C\u2019era la netta percezione che esistevano ormai centri di potere transnazionali molto potenti, che la questione sociale si era fatta mondiale, e che il tema dello sviluppo andava affrontato insieme. La globalizzazione era presente anche nella <em>Sollicitudo rei socialis<\/em> di Giovanni Paolo II, ma qui a farla da padroni erano ancora i due blocchi dell\u2019Est e dell\u2019Ovest.<\/p>\n<p style=\"text-align: justify;\"><strong>La globalizzazione come la conosciamo noi oggi entra solo <\/strong>negli insegnamenti degli ultimi tre pontefici, subendo una decisa accelerazione con papa Francesco. Giovanni Paolo II ne accenna nella <em>Centesimus annus<\/em>, ma si era allora nel 1991 e non c\u2019era ancora il cablaggio planetario di internet. Ne parla invece molto la <em>Caritas in veritate<\/em> di Benedetto XVI del 2009 perch\u00e9 ormai la realt\u00e0 della globalizzazione era entrata nella sua fase matura.<\/p>\n<p style=\"text-align: justify;\"><strong><a href=\"https:\/\/www.rassegnastampa-totustuus.it\/cattolica\/wp-content\/uploads\/2005\/11\/Benedetto-XVI.jpg\"><img loading=\"lazy\" decoding=\"async\" class=\" wp-image-34662 alignright\" src=\"https:\/\/www.rassegnastampa-totustuus.it\/cattolica\/wp-content\/uploads\/2005\/11\/Benedetto-XVI.jpg\" alt=\"\" width=\"167\" height=\"249\" \/><\/a>In ambedue i Pontefici l\u2019atteggiamento \u00e8 di prudenza:<\/strong> il <em>globalismo<\/em> \u00e8 sbagliato, la <em>globalizzazione<\/em> \u00e8 un processo che va gestito, la <em>globalit\u00e0<\/em> intesa come unit\u00e0 del genere umano \u00e8 cosa buona. Questa, in sintesi, la linea tenuta. La globalizzazione come processo \u00e8 vista in modo neutro, pu\u00f2 essere positiva o negativa in dipendenza da come la si conduce. Come disse Giovanni Paolo II nel 2001: \u201cla globalizzazione, a priori, non \u00e8 n\u00e9 buona n\u00e9 cattiva. Sar\u00e0 ci\u00f2 che le persone ne faranno\u201d.<\/p>\n<p style=\"text-align: justify;\">La globalit\u00e0 riguarda l\u2019\u201dunit\u00e0 della famiglia umana e del suo sviluppo nel bene\u201d, che diventa il criterio etico fondamentale per orientare e valutare la globalizzazione, come dice la\u00a0<em>Caritas in veritate<\/em> n. al 42. Il globalismo \u00e8 invece l\u2019esasperazione ideologica della globalizzazione e conclude in una piatta oppressione globale gestita da poteri transnazionali anonimi.<\/p>\n<p style=\"text-align: justify;\"><strong>\u201cOpporvisi ciecamente sarebbe un suicidio\u201d &#8211; afferma Benedetto XVl &#8211;<\/strong> perch\u00e9 la globalizzazione \u00e8 anche \u201cuna grande occasione\u201d, bisogna per\u00f2 \u201ccorreggerne le disfunzioni\u201d, tenendo conto che \u201cpresenta grandi difficolt\u00e0 e pericoli\u201d. Prudenza ed equilibrio, quindi, anche se Benedetto XVI si sbilancia in avanti, proponendo una \u201cvera Autorit\u00e0 politica mondiale\u201d (n. 67): essa dovr\u00e0 \u2013 nientemeno &#8211; \u201cessere da tutti riconosciuta, godere di potere effettivo\u201d e della \u201cfacolt\u00e0 di far rispettare dalle parti le proprie decisioni\u201d. Una affermazione da paura dopo l\u2019esperienza del coronavirus.<\/p>\n<p style=\"text-align: justify;\"><strong><a href=\"https:\/\/www.rassegnastampa-totustuus.it\/cattolica\/wp-content\/uploads\/2020\/02\/Francesco_papa_Onu.jpg\"><img loading=\"lazy\" decoding=\"async\" class=\"size-medium wp-image-46458 alignleft\" src=\"https:\/\/www.rassegnastampa-totustuus.it\/cattolica\/wp-content\/uploads\/2020\/02\/Francesco_papa_Onu-300x169.jpg\" alt=\"\" width=\"300\" height=\"169\" srcset=\"https:\/\/www.rassegnastampa-totustuus.it\/cattolica\/wp-content\/uploads\/2020\/02\/Francesco_papa_Onu-300x169.jpg 300w, https:\/\/www.rassegnastampa-totustuus.it\/cattolica\/wp-content\/uploads\/2020\/02\/Francesco_papa_Onu-768x432.jpg 768w, https:\/\/www.rassegnastampa-totustuus.it\/cattolica\/wp-content\/uploads\/2020\/02\/Francesco_papa_Onu-1024x576.jpg 1024w, https:\/\/www.rassegnastampa-totustuus.it\/cattolica\/wp-content\/uploads\/2020\/02\/Francesco_papa_Onu.jpg 1920w\" sizes=\"auto, (max-width: 300px) 100vw, 300px\" \/><\/a>Con papa Francesco l\u2019adesione della Chiesa alla globalizzazione prende il volo.<\/strong> Si vorrebbe una Schengen universale delle migrazioni, la societ\u00e0 globale multireligiosa e multietica viene proposta come bene comune universale, ogni muro e ogni confine \u00e8 visto come un peccato, si propone una collaborazione mondiale tra tutte le religioni, si stabilisce un progetto di fratellanza universale, si sogna un\u2019unica forma di educazione del cittadino del mondo, si fanno proprie tutte le proposte dell\u2019ONU, si mobilitano i pi\u00f9 eterogenei movimenti popolari in una specie di rinnovamento sociale mondiale.<\/p>\n<p style=\"text-align: justify;\"><strong>Poi \u00e8 arrivato il coronavirus.<\/strong> Proprio la globalizzazione lo ha fatto circolare in fretta e si sono dovuti nuovamente erigere i muri delle quarantene. Anche piazza san Pietro e Casa Santa Marta sono state sigillate. Ogni nazione colpita si \u00e8 dovuta arrangiare da s\u00e9 e fabbricarsi da sola le mascherine e i ventilatori per la terapia intensiva. Abbiamo dovuto pagarci anche i medici cubani. Ci siamo dovuti rivolgere alle vecchie risorse del volontariato locale e non alla classe transnazionale dei manager globali.<\/p>\n<p style=\"text-align: justify;\"><a href=\"https:\/\/www.rassegnastampa-totustuus.it\/cattolica\/wp-content\/uploads\/2005\/05\/Europa_frantumi.jpg\"><img loading=\"lazy\" decoding=\"async\" class=\"size-full wp-image-32097 alignright\" src=\"https:\/\/www.rassegnastampa-totustuus.it\/cattolica\/wp-content\/uploads\/2005\/05\/Europa_frantumi.jpg\" alt=\"\" width=\"259\" height=\"194\" \/><\/a>I Paesi europei si sono voltati le spalle reciprocamente. Il patto di stabilit\u00e0 dell\u2019UE \u00e8 stata abolito senza venire sostituto da nessuna misura comune: ognuno per s\u00e9 e Dio per tutti. Un significativo aiuto economico \u00e8 arrivato da Trump, che per\u00f2 \u00e8 quello dei muri e non dei ponti. Per uscire dalla crisi economica dovremo indebitarci, ma ogni nazione si pagher\u00e0 il proprio debito, se ce la far\u00e0: nessuna compensazione solidale.<\/p>\n<p style=\"text-align: justify;\"><strong>Il quadro \u00e8 cambiato e una futura nuova enciclica dovr\u00e0 rivedere tutto il dossier<\/strong>: la collaborazione internazionale non ha niente a che fare con la globalizzazione, le nazioni hanno ancora una dimensione naturale irrinunciabile, la sovranit\u00e0 (anche monetaria) degli Stati \u00e8 sacrosanta perch\u00e9 anche le nazioni hanno diritto alla libert\u00e0 nel perseguire il proprio bene comune, non esiste una comunit\u00e0 politica mondiale come non esiste un cittadino universale da educare in modo uniforme, la finanza sovranazionale deve essere ricondotta all\u2019economia reale, oltre il consumo va recuperato il risparmio, la famiglia, il popolo, la nazione, le tradizioni, i territori non vanno disarticolati.<\/p>\n","protected":false},"excerpt":{"rendered":"<p>La Nuova Bussola quotidiana 1 Aprile 2020 Quanto sta accadendo a causa del coronavirus costringe a ripensare il tema della gflobalizzazione, anche per quel che riguarda il magistero. Se Giovanni Paolo II e Benedetto XVi erano prudenti, l&#8217;attuale pontefice si \u00e8 molto lanciato nel globalismo. Ma il prossimo dovr\u00e0 rivedere tutto il dossier. Ecco come. &hellip; <\/p>\n<p><a class=\"more-link btn\" href=\"https:\/\/www.rassegnastampa-totustuus.it\/cattolica\/globalizzazione-un-magistero-da-ripensare\/\">Continua a leggere<\/a><\/p>\n","protected":false},"author":6,"featured_media":46836,"comment_status":"closed","ping_status":"closed","sticky":false,"template":"","format":"standard","meta":{"footnotes":""},"categories":[5,11],"tags":[157,146,648],"class_list":["post-46835","post","type-post","status-publish","format-standard","has-post-thumbnail","hentry","category-chiesa","category-dottrina-sociale","tag-chiesa-2","tag-dottrina-sociale-2","tag-globalizzazione","item-wrap"],"yoast_head":"<!-- This site is optimized with the Yoast SEO plugin v27.5 - https:\/\/yoast.com\/product\/yoast-seo-wordpress\/ -->\n<title>Globalizzazione, un magistero da ripensare - Rassegna Stampa Cattolica<\/title>\n<meta name=\"description\" content=\"Rassegna Stampa Cattolica - Per una cultura che nasce dalla Rivelazione cristiana in conformit\u00e0 alla tradizione e al Magistero della Chiesa in opposizione ad ogni relativismo e totalitarismo\" \/>\n<meta name=\"robots\" content=\"index, follow, max-snippet:-1, max-image-preview:large, max-video-preview:-1\" \/>\n<link rel=\"canonical\" href=\"https:\/\/www.rassegnastampa-totustuus.it\/cattolica\/globalizzazione-un-magistero-da-ripensare\/\" \/>\n<meta property=\"og:locale\" content=\"it_IT\" \/>\n<meta property=\"og:type\" content=\"article\" \/>\n<meta property=\"og:title\" content=\"Globalizzazione, un magistero da ripensare - Rassegna Stampa Cattolica\" \/>\n<meta property=\"og:description\" content=\"Rassegna Stampa Cattolica - Per una cultura che nasce dalla Rivelazione cristiana in conformit\u00e0 alla tradizione e al Magistero della Chiesa in opposizione ad ogni relativismo e totalitarismo\" \/>\n<meta property=\"og:url\" content=\"https:\/\/www.rassegnastampa-totustuus.it\/cattolica\/globalizzazione-un-magistero-da-ripensare\/\" \/>\n<meta property=\"og:site_name\" content=\"Rassegna Stampa Cattolica\" \/>\n<meta property=\"article:publisher\" content=\"https:\/\/www.facebook.com\/rassegnastampacattolica\" \/>\n<meta property=\"article:published_time\" content=\"2020-04-01T22:00:15+00:00\" \/>\n<meta property=\"og:image\" content=\"https:\/\/www.rassegnastampa-totustuus.it\/cattolica\/wp-content\/uploads\/2020\/04\/globalizzazione.jpg\" \/>\n\t<meta property=\"og:image:width\" content=\"1300\" \/>\n\t<meta property=\"og:image:height\" content=\"729\" \/>\n\t<meta property=\"og:image:type\" content=\"image\/jpeg\" \/>\n<meta name=\"author\" content=\"Redazione\" \/>\n<meta name=\"twitter:card\" content=\"summary_large_image\" \/>\n<meta name=\"twitter:creator\" content=\"@rassegnastampa9\" \/>\n<meta name=\"twitter:site\" content=\"@rassegnastampa9\" \/>\n<meta name=\"twitter:label1\" content=\"Scritto da\" \/>\n\t<meta name=\"twitter:data1\" content=\"Redazione\" \/>\n\t<meta name=\"twitter:label2\" content=\"Tempo di lettura stimato\" \/>\n\t<meta name=\"twitter:data2\" content=\"4 minuti\" \/>\n<script type=\"application\/ld+json\" class=\"yoast-schema-graph\">{\"@context\":\"https:\\\/\\\/schema.org\",\"@graph\":[{\"@type\":\"Article\",\"@id\":\"https:\\\/\\\/www.rassegnastampa-totustuus.it\\\/cattolica\\\/globalizzazione-un-magistero-da-ripensare\\\/#article\",\"isPartOf\":{\"@id\":\"https:\\\/\\\/www.rassegnastampa-totustuus.it\\\/cattolica\\\/globalizzazione-un-magistero-da-ripensare\\\/\"},\"author\":{\"name\":\"Redazione\",\"@id\":\"https:\\\/\\\/www.rassegnastampa-totustuus.it\\\/cattolica\\\/#\\\/schema\\\/person\\\/08f319d2bd1a0904ad9e2bfb7b15e5c3\"},\"headline\":\"Globalizzazione, un magistero da ripensare\",\"datePublished\":\"2020-04-01T22:00:15+00:00\",\"mainEntityOfPage\":{\"@id\":\"https:\\\/\\\/www.rassegnastampa-totustuus.it\\\/cattolica\\\/globalizzazione-un-magistero-da-ripensare\\\/\"},\"wordCount\":846,\"publisher\":{\"@id\":\"https:\\\/\\\/www.rassegnastampa-totustuus.it\\\/cattolica\\\/#organization\"},\"image\":{\"@id\":\"https:\\\/\\\/www.rassegnastampa-totustuus.it\\\/cattolica\\\/globalizzazione-un-magistero-da-ripensare\\\/#primaryimage\"},\"thumbnailUrl\":\"https:\\\/\\\/www.rassegnastampa-totustuus.it\\\/cattolica\\\/wp-content\\\/uploads\\\/2020\\\/04\\\/globalizzazione.jpg\",\"keywords\":[\"chiesa\",\"dottrina sociale\",\"globalizzazione\"],\"articleSection\":[\"Chiesa\",\"Dottrina sociale\"],\"inLanguage\":\"it-IT\"},{\"@type\":\"WebPage\",\"@id\":\"https:\\\/\\\/www.rassegnastampa-totustuus.it\\\/cattolica\\\/globalizzazione-un-magistero-da-ripensare\\\/\",\"url\":\"https:\\\/\\\/www.rassegnastampa-totustuus.it\\\/cattolica\\\/globalizzazione-un-magistero-da-ripensare\\\/\",\"name\":\"Globalizzazione, un magistero da ripensare - Rassegna Stampa Cattolica\",\"isPartOf\":{\"@id\":\"https:\\\/\\\/www.rassegnastampa-totustuus.it\\\/cattolica\\\/#website\"},\"primaryImageOfPage\":{\"@id\":\"https:\\\/\\\/www.rassegnastampa-totustuus.it\\\/cattolica\\\/globalizzazione-un-magistero-da-ripensare\\\/#primaryimage\"},\"image\":{\"@id\":\"https:\\\/\\\/www.rassegnastampa-totustuus.it\\\/cattolica\\\/globalizzazione-un-magistero-da-ripensare\\\/#primaryimage\"},\"thumbnailUrl\":\"https:\\\/\\\/www.rassegnastampa-totustuus.it\\\/cattolica\\\/wp-content\\\/uploads\\\/2020\\\/04\\\/globalizzazione.jpg\",\"datePublished\":\"2020-04-01T22:00:15+00:00\",\"description\":\"Rassegna Stampa Cattolica - Per una cultura che nasce dalla Rivelazione cristiana in conformit\u00e0 alla tradizione e al Magistero della Chiesa in opposizione ad ogni relativismo e totalitarismo\",\"breadcrumb\":{\"@id\":\"https:\\\/\\\/www.rassegnastampa-totustuus.it\\\/cattolica\\\/globalizzazione-un-magistero-da-ripensare\\\/#breadcrumb\"},\"inLanguage\":\"it-IT\",\"potentialAction\":[{\"@type\":\"ReadAction\",\"target\":[\"https:\\\/\\\/www.rassegnastampa-totustuus.it\\\/cattolica\\\/globalizzazione-un-magistero-da-ripensare\\\/\"]}]},{\"@type\":\"ImageObject\",\"inLanguage\":\"it-IT\",\"@id\":\"https:\\\/\\\/www.rassegnastampa-totustuus.it\\\/cattolica\\\/globalizzazione-un-magistero-da-ripensare\\\/#primaryimage\",\"url\":\"https:\\\/\\\/www.rassegnastampa-totustuus.it\\\/cattolica\\\/wp-content\\\/uploads\\\/2020\\\/04\\\/globalizzazione.jpg\",\"contentUrl\":\"https:\\\/\\\/www.rassegnastampa-totustuus.it\\\/cattolica\\\/wp-content\\\/uploads\\\/2020\\\/04\\\/globalizzazione.jpg\",\"width\":1300,\"height\":729},{\"@type\":\"BreadcrumbList\",\"@id\":\"https:\\\/\\\/www.rassegnastampa-totustuus.it\\\/cattolica\\\/globalizzazione-un-magistero-da-ripensare\\\/#breadcrumb\",\"itemListElement\":[{\"@type\":\"ListItem\",\"position\":1,\"name\":\"Home\",\"item\":\"https:\\\/\\\/www.rassegnastampa-totustuus.it\\\/cattolica\\\/\"},{\"@type\":\"ListItem\",\"position\":2,\"name\":\"Globalizzazione, un magistero da ripensare\"}]},{\"@type\":\"WebSite\",\"@id\":\"https:\\\/\\\/www.rassegnastampa-totustuus.it\\\/cattolica\\\/#website\",\"url\":\"https:\\\/\\\/www.rassegnastampa-totustuus.it\\\/cattolica\\\/\",\"name\":\"Rassegna Stampa Cattolica\",\"description\":\"Per una cultura che nasce dalla Rivelazione cristiana in conformit\u00e0 alla tradizione e al Magistero della Chiesa in opposizione ad ogni relativismo e totalitarismo\",\"publisher\":{\"@id\":\"https:\\\/\\\/www.rassegnastampa-totustuus.it\\\/cattolica\\\/#organization\"},\"alternateName\":\"Rass. Cattolica\",\"potentialAction\":[{\"@type\":\"SearchAction\",\"target\":{\"@type\":\"EntryPoint\",\"urlTemplate\":\"https:\\\/\\\/www.rassegnastampa-totustuus.it\\\/cattolica\\\/?s={search_term_string}\"},\"query-input\":{\"@type\":\"PropertyValueSpecification\",\"valueRequired\":true,\"valueName\":\"search_term_string\"}}],\"inLanguage\":\"it-IT\"},{\"@type\":\"Organization\",\"@id\":\"https:\\\/\\\/www.rassegnastampa-totustuus.it\\\/cattolica\\\/#organization\",\"name\":\"Rassegna Stampa Cattolica\",\"url\":\"https:\\\/\\\/www.rassegnastampa-totustuus.it\\\/cattolica\\\/\",\"logo\":{\"@type\":\"ImageObject\",\"inLanguage\":\"it-IT\",\"@id\":\"https:\\\/\\\/www.rassegnastampa-totustuus.it\\\/cattolica\\\/#\\\/schema\\\/logo\\\/image\\\/\",\"url\":\"https:\\\/\\\/www.rassegnastampa-totustuus.it\\\/cattolica\\\/wp-content\\\/uploads\\\/2014\\\/04\\\/logo-rassegna1.gif\",\"contentUrl\":\"https:\\\/\\\/www.rassegnastampa-totustuus.it\\\/cattolica\\\/wp-content\\\/uploads\\\/2014\\\/04\\\/logo-rassegna1.gif\",\"width\":600,\"height\":163,\"caption\":\"Rassegna Stampa Cattolica\"},\"image\":{\"@id\":\"https:\\\/\\\/www.rassegnastampa-totustuus.it\\\/cattolica\\\/#\\\/schema\\\/logo\\\/image\\\/\"},\"sameAs\":[\"https:\\\/\\\/www.facebook.com\\\/rassegnastampacattolica\",\"https:\\\/\\\/x.com\\\/rassegnastampa9\"]},{\"@type\":\"Person\",\"@id\":\"https:\\\/\\\/www.rassegnastampa-totustuus.it\\\/cattolica\\\/#\\\/schema\\\/person\\\/08f319d2bd1a0904ad9e2bfb7b15e5c3\",\"name\":\"Redazione\",\"image\":{\"@type\":\"ImageObject\",\"inLanguage\":\"it-IT\",\"@id\":\"https:\\\/\\\/secure.gravatar.com\\\/avatar\\\/2fcdf27c78ea025fbdb44e914cc63c72249ffec9dc8aafd5c82b26240ef3f346?s=96&d=mm&r=g\",\"url\":\"https:\\\/\\\/secure.gravatar.com\\\/avatar\\\/2fcdf27c78ea025fbdb44e914cc63c72249ffec9dc8aafd5c82b26240ef3f346?s=96&d=mm&r=g\",\"contentUrl\":\"https:\\\/\\\/secure.gravatar.com\\\/avatar\\\/2fcdf27c78ea025fbdb44e914cc63c72249ffec9dc8aafd5c82b26240ef3f346?s=96&d=mm&r=g\",\"caption\":\"Redazione\"},\"url\":\"https:\\\/\\\/www.rassegnastampa-totustuus.it\\\/cattolica\\\/author\\\/pietroelle\\\/\"}]}<\/script>\n<!-- \/ Yoast SEO plugin. -->","yoast_head_json":{"title":"Globalizzazione, un magistero da ripensare - Rassegna Stampa Cattolica","description":"Rassegna Stampa Cattolica - Per una cultura che nasce dalla Rivelazione cristiana in conformit\u00e0 alla tradizione e al Magistero della Chiesa in opposizione ad ogni relativismo e totalitarismo","robots":{"index":"index","follow":"follow","max-snippet":"max-snippet:-1","max-image-preview":"max-image-preview:large","max-video-preview":"max-video-preview:-1"},"canonical":"https:\/\/www.rassegnastampa-totustuus.it\/cattolica\/globalizzazione-un-magistero-da-ripensare\/","og_locale":"it_IT","og_type":"article","og_title":"Globalizzazione, un magistero da ripensare - Rassegna Stampa Cattolica","og_description":"Rassegna Stampa Cattolica - Per una cultura che nasce dalla Rivelazione cristiana in conformit\u00e0 alla tradizione e al Magistero della Chiesa in opposizione ad ogni relativismo e totalitarismo","og_url":"https:\/\/www.rassegnastampa-totustuus.it\/cattolica\/globalizzazione-un-magistero-da-ripensare\/","og_site_name":"Rassegna Stampa Cattolica","article_publisher":"https:\/\/www.facebook.com\/rassegnastampacattolica","article_published_time":"2020-04-01T22:00:15+00:00","og_image":[{"width":1300,"height":729,"url":"https:\/\/www.rassegnastampa-totustuus.it\/cattolica\/wp-content\/uploads\/2020\/04\/globalizzazione.jpg","type":"image\/jpeg"}],"author":"Redazione","twitter_card":"summary_large_image","twitter_creator":"@rassegnastampa9","twitter_site":"@rassegnastampa9","twitter_misc":{"Scritto da":"Redazione","Tempo di lettura stimato":"4 minuti"},"schema":{"@context":"https:\/\/schema.org","@graph":[{"@type":"Article","@id":"https:\/\/www.rassegnastampa-totustuus.it\/cattolica\/globalizzazione-un-magistero-da-ripensare\/#article","isPartOf":{"@id":"https:\/\/www.rassegnastampa-totustuus.it\/cattolica\/globalizzazione-un-magistero-da-ripensare\/"},"author":{"name":"Redazione","@id":"https:\/\/www.rassegnastampa-totustuus.it\/cattolica\/#\/schema\/person\/08f319d2bd1a0904ad9e2bfb7b15e5c3"},"headline":"Globalizzazione, un magistero da ripensare","datePublished":"2020-04-01T22:00:15+00:00","mainEntityOfPage":{"@id":"https:\/\/www.rassegnastampa-totustuus.it\/cattolica\/globalizzazione-un-magistero-da-ripensare\/"},"wordCount":846,"publisher":{"@id":"https:\/\/www.rassegnastampa-totustuus.it\/cattolica\/#organization"},"image":{"@id":"https:\/\/www.rassegnastampa-totustuus.it\/cattolica\/globalizzazione-un-magistero-da-ripensare\/#primaryimage"},"thumbnailUrl":"https:\/\/www.rassegnastampa-totustuus.it\/cattolica\/wp-content\/uploads\/2020\/04\/globalizzazione.jpg","keywords":["chiesa","dottrina sociale","globalizzazione"],"articleSection":["Chiesa","Dottrina sociale"],"inLanguage":"it-IT"},{"@type":"WebPage","@id":"https:\/\/www.rassegnastampa-totustuus.it\/cattolica\/globalizzazione-un-magistero-da-ripensare\/","url":"https:\/\/www.rassegnastampa-totustuus.it\/cattolica\/globalizzazione-un-magistero-da-ripensare\/","name":"Globalizzazione, un magistero da ripensare - Rassegna Stampa Cattolica","isPartOf":{"@id":"https:\/\/www.rassegnastampa-totustuus.it\/cattolica\/#website"},"primaryImageOfPage":{"@id":"https:\/\/www.rassegnastampa-totustuus.it\/cattolica\/globalizzazione-un-magistero-da-ripensare\/#primaryimage"},"image":{"@id":"https:\/\/www.rassegnastampa-totustuus.it\/cattolica\/globalizzazione-un-magistero-da-ripensare\/#primaryimage"},"thumbnailUrl":"https:\/\/www.rassegnastampa-totustuus.it\/cattolica\/wp-content\/uploads\/2020\/04\/globalizzazione.jpg","datePublished":"2020-04-01T22:00:15+00:00","description":"Rassegna Stampa Cattolica - Per una cultura che nasce dalla Rivelazione cristiana in conformit\u00e0 alla tradizione e al Magistero della Chiesa in opposizione ad ogni relativismo e totalitarismo","breadcrumb":{"@id":"https:\/\/www.rassegnastampa-totustuus.it\/cattolica\/globalizzazione-un-magistero-da-ripensare\/#breadcrumb"},"inLanguage":"it-IT","potentialAction":[{"@type":"ReadAction","target":["https:\/\/www.rassegnastampa-totustuus.it\/cattolica\/globalizzazione-un-magistero-da-ripensare\/"]}]},{"@type":"ImageObject","inLanguage":"it-IT","@id":"https:\/\/www.rassegnastampa-totustuus.it\/cattolica\/globalizzazione-un-magistero-da-ripensare\/#primaryimage","url":"https:\/\/www.rassegnastampa-totustuus.it\/cattolica\/wp-content\/uploads\/2020\/04\/globalizzazione.jpg","contentUrl":"https:\/\/www.rassegnastampa-totustuus.it\/cattolica\/wp-content\/uploads\/2020\/04\/globalizzazione.jpg","width":1300,"height":729},{"@type":"BreadcrumbList","@id":"https:\/\/www.rassegnastampa-totustuus.it\/cattolica\/globalizzazione-un-magistero-da-ripensare\/#breadcrumb","itemListElement":[{"@type":"ListItem","position":1,"name":"Home","item":"https:\/\/www.rassegnastampa-totustuus.it\/cattolica\/"},{"@type":"ListItem","position":2,"name":"Globalizzazione, un magistero da ripensare"}]},{"@type":"WebSite","@id":"https:\/\/www.rassegnastampa-totustuus.it\/cattolica\/#website","url":"https:\/\/www.rassegnastampa-totustuus.it\/cattolica\/","name":"Rassegna Stampa Cattolica","description":"Per una cultura che nasce dalla Rivelazione cristiana in conformit\u00e0 alla tradizione e al Magistero della Chiesa in opposizione ad ogni relativismo e totalitarismo","publisher":{"@id":"https:\/\/www.rassegnastampa-totustuus.it\/cattolica\/#organization"},"alternateName":"Rass. Cattolica","potentialAction":[{"@type":"SearchAction","target":{"@type":"EntryPoint","urlTemplate":"https:\/\/www.rassegnastampa-totustuus.it\/cattolica\/?s={search_term_string}"},"query-input":{"@type":"PropertyValueSpecification","valueRequired":true,"valueName":"search_term_string"}}],"inLanguage":"it-IT"},{"@type":"Organization","@id":"https:\/\/www.rassegnastampa-totustuus.it\/cattolica\/#organization","name":"Rassegna Stampa Cattolica","url":"https:\/\/www.rassegnastampa-totustuus.it\/cattolica\/","logo":{"@type":"ImageObject","inLanguage":"it-IT","@id":"https:\/\/www.rassegnastampa-totustuus.it\/cattolica\/#\/schema\/logo\/image\/","url":"https:\/\/www.rassegnastampa-totustuus.it\/cattolica\/wp-content\/uploads\/2014\/04\/logo-rassegna1.gif","contentUrl":"https:\/\/www.rassegnastampa-totustuus.it\/cattolica\/wp-content\/uploads\/2014\/04\/logo-rassegna1.gif","width":600,"height":163,"caption":"Rassegna Stampa Cattolica"},"image":{"@id":"https:\/\/www.rassegnastampa-totustuus.it\/cattolica\/#\/schema\/logo\/image\/"},"sameAs":["https:\/\/www.facebook.com\/rassegnastampacattolica","https:\/\/x.com\/rassegnastampa9"]},{"@type":"Person","@id":"https:\/\/www.rassegnastampa-totustuus.it\/cattolica\/#\/schema\/person\/08f319d2bd1a0904ad9e2bfb7b15e5c3","name":"Redazione","image":{"@type":"ImageObject","inLanguage":"it-IT","@id":"https:\/\/secure.gravatar.com\/avatar\/2fcdf27c78ea025fbdb44e914cc63c72249ffec9dc8aafd5c82b26240ef3f346?s=96&d=mm&r=g","url":"https:\/\/secure.gravatar.com\/avatar\/2fcdf27c78ea025fbdb44e914cc63c72249ffec9dc8aafd5c82b26240ef3f346?s=96&d=mm&r=g","contentUrl":"https:\/\/secure.gravatar.com\/avatar\/2fcdf27c78ea025fbdb44e914cc63c72249ffec9dc8aafd5c82b26240ef3f346?s=96&d=mm&r=g","caption":"Redazione"},"url":"https:\/\/www.rassegnastampa-totustuus.it\/cattolica\/author\/pietroelle\/"}]}},"_links":{"self":[{"href":"https:\/\/www.rassegnastampa-totustuus.it\/cattolica\/wp-json\/wp\/v2\/posts\/46835","targetHints":{"allow":["GET"]}}],"collection":[{"href":"https:\/\/www.rassegnastampa-totustuus.it\/cattolica\/wp-json\/wp\/v2\/posts"}],"about":[{"href":"https:\/\/www.rassegnastampa-totustuus.it\/cattolica\/wp-json\/wp\/v2\/types\/post"}],"author":[{"embeddable":true,"href":"https:\/\/www.rassegnastampa-totustuus.it\/cattolica\/wp-json\/wp\/v2\/users\/6"}],"replies":[{"embeddable":true,"href":"https:\/\/www.rassegnastampa-totustuus.it\/cattolica\/wp-json\/wp\/v2\/comments?post=46835"}],"version-history":[{"count":2,"href":"https:\/\/www.rassegnastampa-totustuus.it\/cattolica\/wp-json\/wp\/v2\/posts\/46835\/revisions"}],"predecessor-version":[{"id":46842,"href":"https:\/\/www.rassegnastampa-totustuus.it\/cattolica\/wp-json\/wp\/v2\/posts\/46835\/revisions\/46842"}],"wp:featuredmedia":[{"embeddable":true,"href":"https:\/\/www.rassegnastampa-totustuus.it\/cattolica\/wp-json\/wp\/v2\/media\/46836"}],"wp:attachment":[{"href":"https:\/\/www.rassegnastampa-totustuus.it\/cattolica\/wp-json\/wp\/v2\/media?parent=46835"}],"wp:term":[{"taxonomy":"category","embeddable":true,"href":"https:\/\/www.rassegnastampa-totustuus.it\/cattolica\/wp-json\/wp\/v2\/categories?post=46835"},{"taxonomy":"post_tag","embeddable":true,"href":"https:\/\/www.rassegnastampa-totustuus.it\/cattolica\/wp-json\/wp\/v2\/tags?post=46835"}],"curies":[{"name":"wp","href":"https:\/\/api.w.org\/{rel}","templated":true}]}}