{"id":4673,"date":"2011-09-01T00:00:00","date_gmt":"2011-08-31T22:00:00","guid":{"rendered":""},"modified":"2015-04-09T10:28:13","modified_gmt":"2015-04-09T08:28:13","slug":"ecco-perch-difendo-la-civilt-del-lei","status":"publish","type":"post","link":"https:\/\/www.rassegnastampa-totustuus.it\/cattolica\/ecco-perch-difendo-la-civilt-del-lei\/","title":{"rendered":"Ecco perch&egrave; difendo la civilt&agrave; del &quot;lei&quot;"},"content":{"rendered":"<div style=\"text-align: center;\"><strong><a href=\"https:\/\/www.rassegnastampa-totustuus.it\/cattolica\/wp-content\/uploads\/2011\/09\/educazione.jpg\"><img loading=\"lazy\" decoding=\"async\" class=\"alignleft wp-image-22760\" src=\"https:\/\/www.rassegnastampa-totustuus.it\/cattolica\/wp-content\/uploads\/2011\/09\/educazione.jpg\" alt=\"educazione\" width=\"250\" height=\"187\" \/><\/a>Corriere della Sera <\/strong>26 luglio 2011<\/div>\n<p style=\"text-align: center;\">di <strong>Vittorio Messori <\/strong><\/p>\n<p style=\"text-align: justify;\">\u00c8 da condividere, ovviamente, lo sfogo recente di Beppe Severgnini che \u2014 su <em>Sette<\/em>\u2014dice il suo \u00abfastidio per l\u2019insopportabile dilagare del &#8220;tu&#8221; sempre e comunque\u00bb. Per quanto conta, io pure tendo istintivamente a irrigidirmi se qualcuno con cui non ho confidenza mi interpella con il \u00abtu\u00bb; e mai penserei di fare altrettanto con lui.<\/p>\n<p><!--more--><\/p>\n<div style=\"text-align: justify;\">Dunque, mi \u00e8 stata dura essere giovane nel Sessantotto, in cui sembrava tornato il tempo di Achille Starace che aveva abolito il \u00ablei\u00bb. Quel gerarca in camicia nera imponeva il \u00abvoi\u00bb, mentre i figli dei borghesi in eskimo, travestiti da proletari, ti sprangavano se non usavi il \u00abtu\u00bb. Certo, nella mia allergia\u00a0entrano pure i 17 anni di scuola statale della vecchia Torino, dove i professori ti davano del \u00ablei\u00bb dalla quarta ginnasio, cio\u00e8 dai 14 anni, e ti insegnavano che lasciarsi andare a familiarit\u00e0 intempestive era tra le impudicizie da lasciare agli immigrati. Che allora erano quelli che sbarcavano ogni mattina a Porta Nuova dal Treno del Sole.<\/div>\n<p style=\"text-align: justify;\">Credo per\u00f2 che, in questa resistenza, vi siano ragioni che vanno al di l\u00e0 del soggettivo. Sar\u00e0 forse un caso se gli inglesi\u2014 il popolo cio\u00e8 che meglio ha conservato il senso della Tradizione \u2014 hanno un thou ma lo riservano al Padreterno, e interpellano con lo you anche bambini, fratelli, amanti e pure cani, cavalli, gatti? E che dire del fatto che, sino a tempi recenti, anche da noi i figli davano del \u00abvoi\u00bb ai genitori e, spesso, le mogli ai mariti e viceversa?<\/p>\n<p style=\"text-align: justify;\">Mio padre, militare per cinque anni nel Regio Esercito, ricordava che per gli ufficiali superiori, spesso aristocratici, era impensabile dare del \u00abtu\u00bb persino all\u2019ultima delle reclute. Naturalmente, chi \u00e8 ancora impregnato di spirito sessantottardo replicher\u00e0 che questo fa parte del classismo da abbattere per una societ\u00e0 pi\u00f9 giusta. E pi\u00f9 \u00abfraterna\u00bb, aggiungeranno tanti cattolici, convinti che la fede abbia a che fare con l\u2019uso e l\u2019abuso della seconda persona singolare.<\/p>\n<p style=\"text-align: justify;\">Ma a questi credenti\u00a0\u2014 peraltro in buona fede\u2014andrebbe osservato che la fraternit\u00e0 cui pensano \u00e8 solo \u00aborizzontale \u00bb, come quella che si crea in un sindacato, in un partito, magari in una loggia. Nella prospettiva di fede, si \u00e8 davvero \u00abfratelli\u00bb solo guardando a una dimensione verticale: i legami stretti tra noi derivano dal fatto che scopriamo di avere, nei Cieli, lo stesso Padre. Solo riconoscendoci credenti, dunque \u00abfigli di Dio\u00bb, possiamo scoprire la familiarit\u00e0 che ci accomuna e passare alla confidenza anche verbale. La quale \u00e8 una scoperta e una conquista, non cosa scontata.<\/p>\n<p style=\"text-align: justify;\">Mi ha sempre impressionato un particolare, straordinario eppure troppo spesso trascurato, delle 18 apparizioni di Lourdes. La Signora non diede mai del \u00abtu\u00bb, ma sempre del \u00abvoi\u00bb, all\u2019analfabeta quattordicenne, alla miserabile figlia di un padre straccione, che aveva conosciuto anche la prigione. L\u2019Apparsa parlava nel dialetto di quella piccola rachitica per fame e stenti, eppure Bernadette aveva difficolt\u00e0 a capire le frasi, in quel \u00abvoi\u00bb che nessuno ovviamente aveva mai usato con lei. Meno che mai preti e vescovi, che a lungo la interpellarono con un \u00abtu\u00bb sbrigativo.<\/p>\n<p style=\"text-align: justify;\">Che cos\u2019\u00e8 questo sbracarsi dei cattolici, se sembra che si tengano educate distanze persino in Paradiso?<\/p>\n<p style=\"text-align: justify;\">Per contrasto,\u00a0e per restare alla vecchia Francia, vale la pena di ricordare quell\u2019assemblea demoniaca che fu la Convenzione giacobina che gest\u00ec il Grande Terrore. Tra gli innumerevoli decreti pubblicati a ritmo affannoso da quegli invasati per creare, a colpi di ghigliottina di massa, \u00abl\u2019uomo e la societ\u00e0 nuovi\u00bb, ce ne fu uno che abol\u00ec i titoli di Monsieur e Madame e li sostitu\u00ec con quelli di Citoyen e Citoyenne, imponendo al contempo a tutti de se tutoyer, di darsi del \u00abtu\u00bb.<\/p>\n<p style=\"text-align: justify;\">Chi avesse osato restare al vous sarebbe caduto nella rete della \u00ablegge dei sospetti\u00bb, uno dei decreti pi\u00f9 infami della storia, che condannava a morte, senza diritto alla difesa, non solo chi contrastasse la Rivoluzione, ma anche chi non vi si impegnasse attivamente. L\u2019esempio di Robespierre sar\u00e0 poi seguito da Lenin e da Stalin: Siberia o plotone di esecuzione per chi usasse ancora \u00absignore \u00bb e \u00absignora\u00bb e non l\u2019obbligatorio \u00abcompagno\u00bb. Ed era forse ammissibile un Sie tra i Kamaraden del nazionalsocialismo?<\/p>\n<p style=\"text-align: justify;\">Ogni totalitarismo\u00a0impone la \u00abfraternit\u00e0\u00bb a colpi di \u00abtu\u00bb obbligatorio. Dunque, non \u00e8 questione solo di gusti o di galateo: l\u2019impegno per salvare il \u00ablei\u00bb (o, per chi preferisca, come al Sud, il \u00abvoi\u00bb) \u00e8 forse un piccolo ma significativo impegno per la libert\u00e0. Sar\u00e0 anche per questo che, a Lourdes, la voce dal Cielo si rivolse alla misera ragazzina come a una damigella?<\/p>\n<p style=\"text-align: justify;\">_________________________<\/p>\n<p style=\"text-align: justify;\"><strong>leggi anche:<\/strong><\/p>\n<p style=\"text-align: justify;\"><a href=\"https:\/\/www.rassegnastampa-totustuus.it\/cattolica\/?p=500\" target=\"_blank\">Quando il &#8220;tu&#8221; \u00e8 un segno di disprezzo<\/a><\/p>\n","protected":false},"excerpt":{"rendered":"<p>Corriere della Sera 26 luglio 2011 di Vittorio Messori \u00c8 da condividere, ovviamente, lo sfogo recente di Beppe Severgnini che \u2014 su Sette\u2014dice il suo \u00abfastidio per l\u2019insopportabile dilagare del &#8220;tu&#8221; sempre e comunque\u00bb. Per quanto conta, io pure tendo istintivamente a irrigidirmi se qualcuno con cui non ho confidenza mi interpella con il \u00abtu\u00bb; &hellip; <\/p>\n<p><a class=\"more-link btn\" href=\"https:\/\/www.rassegnastampa-totustuus.it\/cattolica\/ecco-perch-difendo-la-civilt-del-lei\/\">Continua a leggere<\/a><\/p>\n","protected":false},"author":6,"featured_media":22760,"comment_status":"closed","ping_status":"open","sticky":false,"template":"","format":"standard","meta":{"footnotes":""},"categories":[7],"tags":[1871],"class_list":["post-4673","post","type-post","status-publish","format-standard","has-post-thumbnail","hentry","category-costume","tag-buone-maniere","item-wrap"],"yoast_head":"<!-- This site is optimized with the Yoast SEO plugin v27.5 - https:\/\/yoast.com\/product\/yoast-seo-wordpress\/ -->\n<title>Ecco perch&egrave; difendo la civilt&agrave; del &quot;lei&quot; - Rassegna Stampa Cattolica<\/title>\n<meta name=\"description\" content=\"Rassegna Stampa Cattolica - Per una cultura che nasce dalla Rivelazione cristiana in conformit\u00e0 alla tradizione e al Magistero della Chiesa in opposizione ad ogni relativismo e totalitarismo\" \/>\n<meta name=\"robots\" content=\"index, follow, max-snippet:-1, max-image-preview:large, max-video-preview:-1\" \/>\n<link rel=\"canonical\" href=\"https:\/\/www.rassegnastampa-totustuus.it\/cattolica\/ecco-perch-difendo-la-civilt-del-lei\/\" \/>\n<meta property=\"og:locale\" content=\"it_IT\" \/>\n<meta property=\"og:type\" content=\"article\" \/>\n<meta property=\"og:title\" content=\"Ecco perch&egrave; difendo la civilt&agrave; del &quot;lei&quot; - Rassegna Stampa Cattolica\" \/>\n<meta property=\"og:description\" content=\"Rassegna Stampa Cattolica - Per una cultura che nasce dalla Rivelazione cristiana in conformit\u00e0 alla tradizione e al Magistero della Chiesa in opposizione ad ogni relativismo e totalitarismo\" \/>\n<meta property=\"og:url\" content=\"https:\/\/www.rassegnastampa-totustuus.it\/cattolica\/ecco-perch-difendo-la-civilt-del-lei\/\" \/>\n<meta property=\"og:site_name\" content=\"Rassegna Stampa Cattolica\" \/>\n<meta property=\"article:publisher\" content=\"https:\/\/www.facebook.com\/rassegnastampacattolica\" \/>\n<meta property=\"article:published_time\" content=\"2011-08-31T22:00:00+00:00\" \/>\n<meta property=\"article:modified_time\" content=\"2015-04-09T08:28:13+00:00\" \/>\n<meta property=\"og:image\" content=\"https:\/\/www.rassegnastampa-totustuus.it\/cattolica\/wp-content\/uploads\/2011\/09\/educazione.jpg\" \/>\n\t<meta property=\"og:image:width\" content=\"259\" \/>\n\t<meta property=\"og:image:height\" content=\"194\" \/>\n\t<meta property=\"og:image:type\" content=\"image\/jpeg\" \/>\n<meta name=\"author\" content=\"Redazione\" \/>\n<meta name=\"twitter:card\" content=\"summary_large_image\" \/>\n<meta name=\"twitter:creator\" content=\"@rassegnastampa9\" \/>\n<meta name=\"twitter:site\" content=\"@rassegnastampa9\" \/>\n<meta name=\"twitter:label1\" content=\"Scritto da\" \/>\n\t<meta name=\"twitter:data1\" content=\"Redazione\" \/>\n\t<meta name=\"twitter:label2\" content=\"Tempo di lettura stimato\" \/>\n\t<meta name=\"twitter:data2\" content=\"4 minuti\" \/>\n<script type=\"application\/ld+json\" class=\"yoast-schema-graph\">{\"@context\":\"https:\\\/\\\/schema.org\",\"@graph\":[{\"@type\":\"Article\",\"@id\":\"https:\\\/\\\/www.rassegnastampa-totustuus.it\\\/cattolica\\\/ecco-perch-difendo-la-civilt-del-lei\\\/#article\",\"isPartOf\":{\"@id\":\"https:\\\/\\\/www.rassegnastampa-totustuus.it\\\/cattolica\\\/ecco-perch-difendo-la-civilt-del-lei\\\/\"},\"author\":{\"name\":\"Redazione\",\"@id\":\"https:\\\/\\\/www.rassegnastampa-totustuus.it\\\/cattolica\\\/#\\\/schema\\\/person\\\/08f319d2bd1a0904ad9e2bfb7b15e5c3\"},\"headline\":\"Ecco perch&egrave; difendo la civilt&agrave; del &quot;lei&quot;\",\"datePublished\":\"2011-08-31T22:00:00+00:00\",\"dateModified\":\"2015-04-09T08:28:13+00:00\",\"mainEntityOfPage\":{\"@id\":\"https:\\\/\\\/www.rassegnastampa-totustuus.it\\\/cattolica\\\/ecco-perch-difendo-la-civilt-del-lei\\\/\"},\"wordCount\":770,\"publisher\":{\"@id\":\"https:\\\/\\\/www.rassegnastampa-totustuus.it\\\/cattolica\\\/#organization\"},\"image\":{\"@id\":\"https:\\\/\\\/www.rassegnastampa-totustuus.it\\\/cattolica\\\/ecco-perch-difendo-la-civilt-del-lei\\\/#primaryimage\"},\"thumbnailUrl\":\"https:\\\/\\\/www.rassegnastampa-totustuus.it\\\/cattolica\\\/wp-content\\\/uploads\\\/2011\\\/09\\\/educazione.jpg\",\"keywords\":[\"buone maniere\"],\"articleSection\":[\"Costume\"],\"inLanguage\":\"it-IT\"},{\"@type\":\"WebPage\",\"@id\":\"https:\\\/\\\/www.rassegnastampa-totustuus.it\\\/cattolica\\\/ecco-perch-difendo-la-civilt-del-lei\\\/\",\"url\":\"https:\\\/\\\/www.rassegnastampa-totustuus.it\\\/cattolica\\\/ecco-perch-difendo-la-civilt-del-lei\\\/\",\"name\":\"Ecco perch&egrave; difendo la civilt&agrave; del &quot;lei&quot; - Rassegna Stampa Cattolica\",\"isPartOf\":{\"@id\":\"https:\\\/\\\/www.rassegnastampa-totustuus.it\\\/cattolica\\\/#website\"},\"primaryImageOfPage\":{\"@id\":\"https:\\\/\\\/www.rassegnastampa-totustuus.it\\\/cattolica\\\/ecco-perch-difendo-la-civilt-del-lei\\\/#primaryimage\"},\"image\":{\"@id\":\"https:\\\/\\\/www.rassegnastampa-totustuus.it\\\/cattolica\\\/ecco-perch-difendo-la-civilt-del-lei\\\/#primaryimage\"},\"thumbnailUrl\":\"https:\\\/\\\/www.rassegnastampa-totustuus.it\\\/cattolica\\\/wp-content\\\/uploads\\\/2011\\\/09\\\/educazione.jpg\",\"datePublished\":\"2011-08-31T22:00:00+00:00\",\"dateModified\":\"2015-04-09T08:28:13+00:00\",\"description\":\"Rassegna Stampa Cattolica - Per una cultura che nasce dalla Rivelazione cristiana in conformit\u00e0 alla tradizione e al Magistero della Chiesa in opposizione ad ogni relativismo e totalitarismo\",\"breadcrumb\":{\"@id\":\"https:\\\/\\\/www.rassegnastampa-totustuus.it\\\/cattolica\\\/ecco-perch-difendo-la-civilt-del-lei\\\/#breadcrumb\"},\"inLanguage\":\"it-IT\",\"potentialAction\":[{\"@type\":\"ReadAction\",\"target\":[\"https:\\\/\\\/www.rassegnastampa-totustuus.it\\\/cattolica\\\/ecco-perch-difendo-la-civilt-del-lei\\\/\"]}]},{\"@type\":\"ImageObject\",\"inLanguage\":\"it-IT\",\"@id\":\"https:\\\/\\\/www.rassegnastampa-totustuus.it\\\/cattolica\\\/ecco-perch-difendo-la-civilt-del-lei\\\/#primaryimage\",\"url\":\"https:\\\/\\\/www.rassegnastampa-totustuus.it\\\/cattolica\\\/wp-content\\\/uploads\\\/2011\\\/09\\\/educazione.jpg\",\"contentUrl\":\"https:\\\/\\\/www.rassegnastampa-totustuus.it\\\/cattolica\\\/wp-content\\\/uploads\\\/2011\\\/09\\\/educazione.jpg\",\"width\":259,\"height\":194},{\"@type\":\"BreadcrumbList\",\"@id\":\"https:\\\/\\\/www.rassegnastampa-totustuus.it\\\/cattolica\\\/ecco-perch-difendo-la-civilt-del-lei\\\/#breadcrumb\",\"itemListElement\":[{\"@type\":\"ListItem\",\"position\":1,\"name\":\"Home\",\"item\":\"https:\\\/\\\/www.rassegnastampa-totustuus.it\\\/cattolica\\\/\"},{\"@type\":\"ListItem\",\"position\":2,\"name\":\"Ecco perch&egrave; difendo la civilt&agrave; del &quot;lei&quot;\"}]},{\"@type\":\"WebSite\",\"@id\":\"https:\\\/\\\/www.rassegnastampa-totustuus.it\\\/cattolica\\\/#website\",\"url\":\"https:\\\/\\\/www.rassegnastampa-totustuus.it\\\/cattolica\\\/\",\"name\":\"Rassegna Stampa Cattolica\",\"description\":\"Per una cultura che nasce dalla Rivelazione cristiana in conformit\u00e0 alla tradizione e al Magistero della Chiesa in opposizione ad ogni relativismo e totalitarismo\",\"publisher\":{\"@id\":\"https:\\\/\\\/www.rassegnastampa-totustuus.it\\\/cattolica\\\/#organization\"},\"alternateName\":\"Rass. Cattolica\",\"potentialAction\":[{\"@type\":\"SearchAction\",\"target\":{\"@type\":\"EntryPoint\",\"urlTemplate\":\"https:\\\/\\\/www.rassegnastampa-totustuus.it\\\/cattolica\\\/?s={search_term_string}\"},\"query-input\":{\"@type\":\"PropertyValueSpecification\",\"valueRequired\":true,\"valueName\":\"search_term_string\"}}],\"inLanguage\":\"it-IT\"},{\"@type\":\"Organization\",\"@id\":\"https:\\\/\\\/www.rassegnastampa-totustuus.it\\\/cattolica\\\/#organization\",\"name\":\"Rassegna Stampa Cattolica\",\"url\":\"https:\\\/\\\/www.rassegnastampa-totustuus.it\\\/cattolica\\\/\",\"logo\":{\"@type\":\"ImageObject\",\"inLanguage\":\"it-IT\",\"@id\":\"https:\\\/\\\/www.rassegnastampa-totustuus.it\\\/cattolica\\\/#\\\/schema\\\/logo\\\/image\\\/\",\"url\":\"https:\\\/\\\/www.rassegnastampa-totustuus.it\\\/cattolica\\\/wp-content\\\/uploads\\\/2014\\\/04\\\/logo-rassegna1.gif\",\"contentUrl\":\"https:\\\/\\\/www.rassegnastampa-totustuus.it\\\/cattolica\\\/wp-content\\\/uploads\\\/2014\\\/04\\\/logo-rassegna1.gif\",\"width\":600,\"height\":163,\"caption\":\"Rassegna Stampa Cattolica\"},\"image\":{\"@id\":\"https:\\\/\\\/www.rassegnastampa-totustuus.it\\\/cattolica\\\/#\\\/schema\\\/logo\\\/image\\\/\"},\"sameAs\":[\"https:\\\/\\\/www.facebook.com\\\/rassegnastampacattolica\",\"https:\\\/\\\/x.com\\\/rassegnastampa9\"]},{\"@type\":\"Person\",\"@id\":\"https:\\\/\\\/www.rassegnastampa-totustuus.it\\\/cattolica\\\/#\\\/schema\\\/person\\\/08f319d2bd1a0904ad9e2bfb7b15e5c3\",\"name\":\"Redazione\",\"image\":{\"@type\":\"ImageObject\",\"inLanguage\":\"it-IT\",\"@id\":\"https:\\\/\\\/secure.gravatar.com\\\/avatar\\\/2fcdf27c78ea025fbdb44e914cc63c72249ffec9dc8aafd5c82b26240ef3f346?s=96&d=mm&r=g\",\"url\":\"https:\\\/\\\/secure.gravatar.com\\\/avatar\\\/2fcdf27c78ea025fbdb44e914cc63c72249ffec9dc8aafd5c82b26240ef3f346?s=96&d=mm&r=g\",\"contentUrl\":\"https:\\\/\\\/secure.gravatar.com\\\/avatar\\\/2fcdf27c78ea025fbdb44e914cc63c72249ffec9dc8aafd5c82b26240ef3f346?s=96&d=mm&r=g\",\"caption\":\"Redazione\"},\"url\":\"https:\\\/\\\/www.rassegnastampa-totustuus.it\\\/cattolica\\\/author\\\/pietroelle\\\/\"}]}<\/script>\n<!-- \/ Yoast SEO plugin. -->","yoast_head_json":{"title":"Ecco perch&egrave; difendo la civilt&agrave; del &quot;lei&quot; - Rassegna Stampa Cattolica","description":"Rassegna Stampa Cattolica - Per una cultura che nasce dalla Rivelazione cristiana in conformit\u00e0 alla tradizione e al Magistero della Chiesa in opposizione ad ogni relativismo e totalitarismo","robots":{"index":"index","follow":"follow","max-snippet":"max-snippet:-1","max-image-preview":"max-image-preview:large","max-video-preview":"max-video-preview:-1"},"canonical":"https:\/\/www.rassegnastampa-totustuus.it\/cattolica\/ecco-perch-difendo-la-civilt-del-lei\/","og_locale":"it_IT","og_type":"article","og_title":"Ecco perch&egrave; difendo la civilt&agrave; del &quot;lei&quot; - Rassegna Stampa Cattolica","og_description":"Rassegna Stampa Cattolica - Per una cultura che nasce dalla Rivelazione cristiana in conformit\u00e0 alla tradizione e al Magistero della Chiesa in opposizione ad ogni relativismo e totalitarismo","og_url":"https:\/\/www.rassegnastampa-totustuus.it\/cattolica\/ecco-perch-difendo-la-civilt-del-lei\/","og_site_name":"Rassegna Stampa Cattolica","article_publisher":"https:\/\/www.facebook.com\/rassegnastampacattolica","article_published_time":"2011-08-31T22:00:00+00:00","article_modified_time":"2015-04-09T08:28:13+00:00","og_image":[{"width":259,"height":194,"url":"https:\/\/www.rassegnastampa-totustuus.it\/cattolica\/wp-content\/uploads\/2011\/09\/educazione.jpg","type":"image\/jpeg"}],"author":"Redazione","twitter_card":"summary_large_image","twitter_creator":"@rassegnastampa9","twitter_site":"@rassegnastampa9","twitter_misc":{"Scritto da":"Redazione","Tempo di lettura stimato":"4 minuti"},"schema":{"@context":"https:\/\/schema.org","@graph":[{"@type":"Article","@id":"https:\/\/www.rassegnastampa-totustuus.it\/cattolica\/ecco-perch-difendo-la-civilt-del-lei\/#article","isPartOf":{"@id":"https:\/\/www.rassegnastampa-totustuus.it\/cattolica\/ecco-perch-difendo-la-civilt-del-lei\/"},"author":{"name":"Redazione","@id":"https:\/\/www.rassegnastampa-totustuus.it\/cattolica\/#\/schema\/person\/08f319d2bd1a0904ad9e2bfb7b15e5c3"},"headline":"Ecco perch&egrave; difendo la civilt&agrave; del &quot;lei&quot;","datePublished":"2011-08-31T22:00:00+00:00","dateModified":"2015-04-09T08:28:13+00:00","mainEntityOfPage":{"@id":"https:\/\/www.rassegnastampa-totustuus.it\/cattolica\/ecco-perch-difendo-la-civilt-del-lei\/"},"wordCount":770,"publisher":{"@id":"https:\/\/www.rassegnastampa-totustuus.it\/cattolica\/#organization"},"image":{"@id":"https:\/\/www.rassegnastampa-totustuus.it\/cattolica\/ecco-perch-difendo-la-civilt-del-lei\/#primaryimage"},"thumbnailUrl":"https:\/\/www.rassegnastampa-totustuus.it\/cattolica\/wp-content\/uploads\/2011\/09\/educazione.jpg","keywords":["buone maniere"],"articleSection":["Costume"],"inLanguage":"it-IT"},{"@type":"WebPage","@id":"https:\/\/www.rassegnastampa-totustuus.it\/cattolica\/ecco-perch-difendo-la-civilt-del-lei\/","url":"https:\/\/www.rassegnastampa-totustuus.it\/cattolica\/ecco-perch-difendo-la-civilt-del-lei\/","name":"Ecco perch&egrave; difendo la civilt&agrave; del &quot;lei&quot; - Rassegna Stampa Cattolica","isPartOf":{"@id":"https:\/\/www.rassegnastampa-totustuus.it\/cattolica\/#website"},"primaryImageOfPage":{"@id":"https:\/\/www.rassegnastampa-totustuus.it\/cattolica\/ecco-perch-difendo-la-civilt-del-lei\/#primaryimage"},"image":{"@id":"https:\/\/www.rassegnastampa-totustuus.it\/cattolica\/ecco-perch-difendo-la-civilt-del-lei\/#primaryimage"},"thumbnailUrl":"https:\/\/www.rassegnastampa-totustuus.it\/cattolica\/wp-content\/uploads\/2011\/09\/educazione.jpg","datePublished":"2011-08-31T22:00:00+00:00","dateModified":"2015-04-09T08:28:13+00:00","description":"Rassegna Stampa Cattolica - Per una cultura che nasce dalla Rivelazione cristiana in conformit\u00e0 alla tradizione e al Magistero della Chiesa in opposizione ad ogni relativismo e totalitarismo","breadcrumb":{"@id":"https:\/\/www.rassegnastampa-totustuus.it\/cattolica\/ecco-perch-difendo-la-civilt-del-lei\/#breadcrumb"},"inLanguage":"it-IT","potentialAction":[{"@type":"ReadAction","target":["https:\/\/www.rassegnastampa-totustuus.it\/cattolica\/ecco-perch-difendo-la-civilt-del-lei\/"]}]},{"@type":"ImageObject","inLanguage":"it-IT","@id":"https:\/\/www.rassegnastampa-totustuus.it\/cattolica\/ecco-perch-difendo-la-civilt-del-lei\/#primaryimage","url":"https:\/\/www.rassegnastampa-totustuus.it\/cattolica\/wp-content\/uploads\/2011\/09\/educazione.jpg","contentUrl":"https:\/\/www.rassegnastampa-totustuus.it\/cattolica\/wp-content\/uploads\/2011\/09\/educazione.jpg","width":259,"height":194},{"@type":"BreadcrumbList","@id":"https:\/\/www.rassegnastampa-totustuus.it\/cattolica\/ecco-perch-difendo-la-civilt-del-lei\/#breadcrumb","itemListElement":[{"@type":"ListItem","position":1,"name":"Home","item":"https:\/\/www.rassegnastampa-totustuus.it\/cattolica\/"},{"@type":"ListItem","position":2,"name":"Ecco perch&egrave; difendo la civilt&agrave; del &quot;lei&quot;"}]},{"@type":"WebSite","@id":"https:\/\/www.rassegnastampa-totustuus.it\/cattolica\/#website","url":"https:\/\/www.rassegnastampa-totustuus.it\/cattolica\/","name":"Rassegna Stampa Cattolica","description":"Per una cultura che nasce dalla Rivelazione cristiana in conformit\u00e0 alla tradizione e al Magistero della Chiesa in opposizione ad ogni relativismo e totalitarismo","publisher":{"@id":"https:\/\/www.rassegnastampa-totustuus.it\/cattolica\/#organization"},"alternateName":"Rass. Cattolica","potentialAction":[{"@type":"SearchAction","target":{"@type":"EntryPoint","urlTemplate":"https:\/\/www.rassegnastampa-totustuus.it\/cattolica\/?s={search_term_string}"},"query-input":{"@type":"PropertyValueSpecification","valueRequired":true,"valueName":"search_term_string"}}],"inLanguage":"it-IT"},{"@type":"Organization","@id":"https:\/\/www.rassegnastampa-totustuus.it\/cattolica\/#organization","name":"Rassegna Stampa Cattolica","url":"https:\/\/www.rassegnastampa-totustuus.it\/cattolica\/","logo":{"@type":"ImageObject","inLanguage":"it-IT","@id":"https:\/\/www.rassegnastampa-totustuus.it\/cattolica\/#\/schema\/logo\/image\/","url":"https:\/\/www.rassegnastampa-totustuus.it\/cattolica\/wp-content\/uploads\/2014\/04\/logo-rassegna1.gif","contentUrl":"https:\/\/www.rassegnastampa-totustuus.it\/cattolica\/wp-content\/uploads\/2014\/04\/logo-rassegna1.gif","width":600,"height":163,"caption":"Rassegna Stampa Cattolica"},"image":{"@id":"https:\/\/www.rassegnastampa-totustuus.it\/cattolica\/#\/schema\/logo\/image\/"},"sameAs":["https:\/\/www.facebook.com\/rassegnastampacattolica","https:\/\/x.com\/rassegnastampa9"]},{"@type":"Person","@id":"https:\/\/www.rassegnastampa-totustuus.it\/cattolica\/#\/schema\/person\/08f319d2bd1a0904ad9e2bfb7b15e5c3","name":"Redazione","image":{"@type":"ImageObject","inLanguage":"it-IT","@id":"https:\/\/secure.gravatar.com\/avatar\/2fcdf27c78ea025fbdb44e914cc63c72249ffec9dc8aafd5c82b26240ef3f346?s=96&d=mm&r=g","url":"https:\/\/secure.gravatar.com\/avatar\/2fcdf27c78ea025fbdb44e914cc63c72249ffec9dc8aafd5c82b26240ef3f346?s=96&d=mm&r=g","contentUrl":"https:\/\/secure.gravatar.com\/avatar\/2fcdf27c78ea025fbdb44e914cc63c72249ffec9dc8aafd5c82b26240ef3f346?s=96&d=mm&r=g","caption":"Redazione"},"url":"https:\/\/www.rassegnastampa-totustuus.it\/cattolica\/author\/pietroelle\/"}]}},"_links":{"self":[{"href":"https:\/\/www.rassegnastampa-totustuus.it\/cattolica\/wp-json\/wp\/v2\/posts\/4673","targetHints":{"allow":["GET"]}}],"collection":[{"href":"https:\/\/www.rassegnastampa-totustuus.it\/cattolica\/wp-json\/wp\/v2\/posts"}],"about":[{"href":"https:\/\/www.rassegnastampa-totustuus.it\/cattolica\/wp-json\/wp\/v2\/types\/post"}],"author":[{"embeddable":true,"href":"https:\/\/www.rassegnastampa-totustuus.it\/cattolica\/wp-json\/wp\/v2\/users\/6"}],"replies":[{"embeddable":true,"href":"https:\/\/www.rassegnastampa-totustuus.it\/cattolica\/wp-json\/wp\/v2\/comments?post=4673"}],"version-history":[{"count":4,"href":"https:\/\/www.rassegnastampa-totustuus.it\/cattolica\/wp-json\/wp\/v2\/posts\/4673\/revisions"}],"predecessor-version":[{"id":22762,"href":"https:\/\/www.rassegnastampa-totustuus.it\/cattolica\/wp-json\/wp\/v2\/posts\/4673\/revisions\/22762"}],"wp:featuredmedia":[{"embeddable":true,"href":"https:\/\/www.rassegnastampa-totustuus.it\/cattolica\/wp-json\/wp\/v2\/media\/22760"}],"wp:attachment":[{"href":"https:\/\/www.rassegnastampa-totustuus.it\/cattolica\/wp-json\/wp\/v2\/media?parent=4673"}],"wp:term":[{"taxonomy":"category","embeddable":true,"href":"https:\/\/www.rassegnastampa-totustuus.it\/cattolica\/wp-json\/wp\/v2\/categories?post=4673"},{"taxonomy":"post_tag","embeddable":true,"href":"https:\/\/www.rassegnastampa-totustuus.it\/cattolica\/wp-json\/wp\/v2\/tags?post=4673"}],"curies":[{"name":"wp","href":"https:\/\/api.w.org\/{rel}","templated":true}]}}