{"id":4665,"date":"2011-08-23T12:11:37","date_gmt":"2011-08-23T10:11:37","guid":{"rendered":""},"modified":"2016-06-22T16:34:30","modified_gmt":"2016-06-22T14:34:30","slug":"i-grandi-della-cultura-moderna","status":"publish","type":"post","link":"https:\/\/www.rassegnastampa-totustuus.it\/cattolica\/i-grandi-della-cultura-moderna\/","title":{"rendered":"I grandi della cultura moderna"},"content":{"rendered":"<div style=\"text-align: center;\">Supplemento a <strong>Litterae Communionis<\/strong><\/div>\n<p style=\"text-align: center;\">I GRANDI DELLA CULTURA MODERNA RIVISITATI<\/p>\n<p style=\"text-align: center;\"><strong>INDICE<\/strong><\/p>\n<p><!--more--><\/p>\n<div>\n<div style=\"text-align: center;\"><span style=\"color: #000000;\"><strong><a style=\"color: #000000;\" href=\"modules.php?name=Content&amp;pa=showpage&amp;pid=108\" target=\"_self\">PAUL CEZANNE<\/a><a href=\"https:\/\/www.rassegnastampa-totustuus.it\/cattolica\/?p=22786\"><img loading=\"lazy\" decoding=\"async\" class=\"aligncenter wp-image-22785\" src=\"https:\/\/www.rassegnastampa-totustuus.it\/cattolica\/wp-content\/uploads\/2011\/08\/Paul-Cezanne.jpg\" alt=\"Paul Cezanne\" width=\"132\" height=\"161\" \/><\/a><\/strong><\/span><\/div>\n<p style=\"text-align: justify;\">\u00ab<em>Sto lavorando senza sosta, intravedo la Terra Promessa. Mi accadr\u00e0 come al capo degli Ebrei, o potr\u00f2 entrarvi?<\/em>\u00bb<\/p>\n<p style=\"text-align: center;\"><strong>ARTHUR RIMBAUD<\/strong><\/p>\n<p style=\"text-align: center;\"><a href=\"https:\/\/www.rassegnastampa-totustuus.it\/cattolica\/?p=22797\"><img loading=\"lazy\" decoding=\"async\" class=\"aligncenter wp-image-22795\" src=\"https:\/\/www.rassegnastampa-totustuus.it\/cattolica\/wp-content\/uploads\/2011\/08\/Arthur_Rimbaud-198x300.jpg\" alt=\"Arthur_Rimbaud\" width=\"132\" height=\"200\" srcset=\"https:\/\/www.rassegnastampa-totustuus.it\/cattolica\/wp-content\/uploads\/2011\/08\/Arthur_Rimbaud-198x300.jpg 198w, https:\/\/www.rassegnastampa-totustuus.it\/cattolica\/wp-content\/uploads\/2011\/08\/Arthur_Rimbaud.jpg 220w\" sizes=\"auto, (max-width: 132px) 100vw, 132px\" \/><\/a><\/p>\n<p style=\"text-align: justify;\">\u00ab<em>Io! io che mi ero detto mago o angelo, dispensato da ogni morale, eccomi riportato al suolo, con un dovere da cercare, e la realt\u00e0 rugosa da stringere!<\/em>\u00bb<\/p>\n<p style=\"text-align: center;\"><strong>IGOR STRAVINSKY<\/strong><\/p>\n<\/div>\n<p style=\"text-align: justify;\"><a href=\"https:\/\/www.rassegnastampa-totustuus.it\/cattolica\/?p=22812\"><img loading=\"lazy\" decoding=\"async\" class=\"aligncenter wp-image-22813\" src=\"https:\/\/www.rassegnastampa-totustuus.it\/cattolica\/wp-content\/uploads\/2015\/04\/Igor-Stravinsky-214x300.jpg\" alt=\"Igor Stravinsky\" width=\"132\" height=\"185\" srcset=\"https:\/\/www.rassegnastampa-totustuus.it\/cattolica\/wp-content\/uploads\/2015\/04\/Igor-Stravinsky-214x300.jpg 214w, https:\/\/www.rassegnastampa-totustuus.it\/cattolica\/wp-content\/uploads\/2015\/04\/Igor-Stravinsky.jpg 454w\" sizes=\"auto, (max-width: 132px) 100vw, 132px\" \/><\/a><\/p>\n<p style=\"text-align: justify;\">\u00ab<em>Il senso profondo della musica &#8211; il suo fine essenziale &#8211; \u00e8 di promuovere una comunione, un&#8217;unione dell&#8217;uomo con il suo prossimo e con l&#8217;Essere<\/em>\u00bb<\/p>\n<p style=\"text-align: center;\"><strong>MARCEL PROUST<\/strong><\/p>\n<p style=\"text-align: justify;\"><a href=\"https:\/\/www.rassegnastampa-totustuus.it\/cattolica\/?p=22856\"><img loading=\"lazy\" decoding=\"async\" class=\"aligncenter wp-image-22857\" src=\"https:\/\/www.rassegnastampa-totustuus.it\/cattolica\/wp-content\/uploads\/2015\/04\/Marcel_Proust-214x300.jpg\" alt=\"Marcel_Proust\" width=\"132\" height=\"185\" srcset=\"https:\/\/www.rassegnastampa-totustuus.it\/cattolica\/wp-content\/uploads\/2015\/04\/Marcel_Proust-214x300.jpg 214w, https:\/\/www.rassegnastampa-totustuus.it\/cattolica\/wp-content\/uploads\/2015\/04\/Marcel_Proust.jpg 330w\" sizes=\"auto, (max-width: 132px) 100vw, 132px\" \/><\/a><\/p>\n<p style=\"text-align: justify;\">\u00ab<em>La configurazione di una cosa nopn \u00e8 solamente l&#8217;immagine della sua natura: \u00e8 il segreto del suo destino e il tracciato della sua storia<\/em>\u00bb<\/p>\n<p style=\"text-align: center;\"><strong>LUIGI PIRANDELLO<\/strong><\/p>\n<p style=\"text-align: justify;\"><a href=\"https:\/\/www.rassegnastampa-totustuus.it\/cattolica\/?p=22879\"><img loading=\"lazy\" decoding=\"async\" class=\"aligncenter wp-image-22880\" src=\"https:\/\/www.rassegnastampa-totustuus.it\/cattolica\/wp-content\/uploads\/2015\/04\/Luigi_Pirandello.jpg\" alt=\"Luigi_Pirandello\" width=\"132\" height=\"132\" srcset=\"https:\/\/www.rassegnastampa-totustuus.it\/cattolica\/wp-content\/uploads\/2015\/04\/Luigi_Pirandello.jpg 230w, https:\/\/www.rassegnastampa-totustuus.it\/cattolica\/wp-content\/uploads\/2015\/04\/Luigi_Pirandello-150x150.jpg 150w\" sizes=\"auto, (max-width: 132px) 100vw, 132px\" \/><\/a><\/p>\n<p style=\"text-align: justify;\"><em>\u00abUn personaggio ha una vita sua, mentre un uomo&#8230; un uomo cos\u00ec, in genere, pu\u00f2 non essere nessuno\u00bb <\/em>Sei personaggi in cerca d&#8217;autore<\/p>\n<p style=\"text-align: center;\"><strong>THOMAS S. ELIOT<\/strong><\/p>\n<p style=\"text-align: justify;\"><a href=\"https:\/\/www.rassegnastampa-totustuus.it\/cattolica\/?p=22907\"><img loading=\"lazy\" decoding=\"async\" class=\"aligncenter wp-image-22910\" src=\"https:\/\/www.rassegnastampa-totustuus.it\/cattolica\/wp-content\/uploads\/2011\/08\/Thomas-Eliot.bmp\" alt=\"Thomas Eliot\" width=\"132\" height=\"185\" \/><\/a><\/p>\n<p style=\"text-align: justify;\"><em><em>\u00abSenza indugio, senza fretta \/ Costruiremo il principio e la fine della strada \/ Ne costruiamo il senso: \/ Una chiesa per tutti \/ E un mestiere per ciascuno \/ Ognuno al suo lavoro\u00bb<\/em><\/em><\/p>\n<p style=\"text-align: center;\"><span style=\"color: #000000;\"><strong><a style=\"color: #000000;\" href=\"modules.php?name=Content&amp;pa=showpage&amp;pid=118\" target=\"_self\">FRANZ KAFKA<\/a><\/strong><\/span><\/p>\n<p style=\"text-align: center;\"><a href=\"https:\/\/www.rassegnastampa-totustuus.it\/cattolica\/?p=22938\"><img loading=\"lazy\" decoding=\"async\" class=\"alignnone wp-image-22939\" src=\"https:\/\/www.rassegnastampa-totustuus.it\/cattolica\/wp-content\/uploads\/2015\/04\/Franz_Kafka.png\" alt=\"Franz_Kafka\" width=\"132\" height=\"190\" \/><\/a><\/p>\n<p style=\"text-align: justify;\"><em><em>\u00abUn tempo non capivo perch\u00e8 non ricevessi risposta alla mia domanda, oggi non capisco come potessi illudermi di fare domande. Ma non \u00e8 che mi illudessi. Interrogavo soltanto\u00bb<\/em><\/em><\/p>\n<p style=\"text-align: center;\"><span style=\"color: #000000;\"><strong><a style=\"color: #000000;\" href=\"modules.php?name=Content&amp;pa=showpage&amp;pid=120\" target=\"_self\">ALBERT\u00a0EINSTEIN<\/a><\/strong><\/span><\/p>\n<p style=\"text-align: center;\"><a href=\"https:\/\/www.rassegnastampa-totustuus.it\/cattolica\/?p=22963\"><img loading=\"lazy\" decoding=\"async\" class=\"aligncenter wp-image-22964\" src=\"https:\/\/www.rassegnastampa-totustuus.it\/cattolica\/wp-content\/uploads\/2015\/04\/Albert_Einstein.jpg\" alt=\"Albert_Einstein\" width=\"132\" height=\"173\" \/><\/a><\/p>\n<p style=\"text-align: justify;\"><em><em>\u00abLa cosa pi\u00f9 bella che possiamo provare \u00e8 il senso del mistero. Esso \u00e8 la sorgente di tutta la vera arte e di tutta la scienza\u00bb<\/em><\/em><\/p>\n<p style=\"text-align: center;\"><span style=\"color: #000000;\"><strong><a style=\"color: #000000;\" href=\"modules.php?name=Content&amp;pa=showpage&amp;pid=121\" target=\"_self\">CHARLES PEGUY<\/a><\/strong><\/span><\/p>\n<p style=\"text-align: center;\"><a href=\"https:\/\/www.rassegnastampa-totustuus.it\/cattolica\/?p=22992\"><img loading=\"lazy\" decoding=\"async\" class=\"aligncenter wp-image-22993\" src=\"https:\/\/www.rassegnastampa-totustuus.it\/cattolica\/wp-content\/uploads\/2015\/04\/Chaeles-_Peguy.jpg\" alt=\"Chaeles _Peguy\" width=\"132\" height=\"163\" \/><\/a><\/p>\n<p style=\"text-align: justify;\"><em>\u00abCon una vita totale quale \u00e8 la cristiana si pu\u00f2 misurare solo una vita nuova. I grandi uomini dell&#8217;azione rivoluzionaria sono uomini di grande vita interiore\u00a0\u00bb<\/em><\/p>\n<p style=\"text-align: center;\"><span style=\"color: #000000;\"><strong><a style=\"color: #000000;\" href=\"modules.php?name=Content&amp;pa=showpage&amp;pid=126\" target=\"_self\">FEDOR MICHAJLOVIC DOSTOEVSKIJ<\/a><\/strong><\/span><\/p>\n<div align=\"center\">\n<div align=\"center\">\n<div align=\"center\">\n<div align=\"center\">\n<div align=\"center\">\n<div align=\"center\">\n<div align=\"center\">\n<div align=\"center\">\n<div align=\"justify\"><a href=\"https:\/\/www.rassegnastampa-totustuus.it\/cattolica\/?p=22773\"><img loading=\"lazy\" decoding=\"async\" class=\"aligncenter wp-image-22774\" src=\"https:\/\/www.rassegnastampa-totustuus.it\/cattolica\/wp-content\/uploads\/2015\/04\/Fedor_Dostoevskij-237x300.jpg\" alt=\"Fedor_Dostoevskij\" width=\"132\" height=\"167\" srcset=\"https:\/\/www.rassegnastampa-totustuus.it\/cattolica\/wp-content\/uploads\/2015\/04\/Fedor_Dostoevskij-237x300.jpg 237w, https:\/\/www.rassegnastampa-totustuus.it\/cattolica\/wp-content\/uploads\/2015\/04\/Fedor_Dostoevskij.jpg 305w\" sizes=\"auto, (max-width: 132px) 100vw, 132px\" \/><\/a><\/div>\n<div style=\"text-align: justify;\" align=\"justify\"><em>\u00abL&#8217;uomo \u00e8 un mistero. Se per tutta la vita tu avrai cercato di risolverlo, non dire: ho perso tempo. Io mi occupo di questo mistero, perch\u00e8 voglio essere uomo\u00bb<\/em><\/div>\n<\/div>\n<p><strong>PAUL CLAUDEL<\/strong><\/p>\n<\/div>\n<div style=\"text-align: center;\" align=\"justify\"><a href=\"https:\/\/www.rassegnastampa-totustuus.it\/cattolica\/?p=23051\"><img loading=\"lazy\" decoding=\"async\" class=\"alignnone wp-image-23052\" src=\"https:\/\/www.rassegnastampa-totustuus.it\/cattolica\/wp-content\/uploads\/2015\/04\/Paul_Claudel.jpg\" alt=\"Paul_Claudel\" width=\"132\" height=\"160\" \/><\/a><\/div>\n<div style=\"text-align: justify;\" align=\"justify\">\n<p><em>\u00abOltre l\u2019apparenza, io sono consapevole del compito affidato al mio personaggio dalla volont\u00e0 totale. Sonio in una prospettiva, ogni minuto della mia vita\u00bb <\/em><\/p>\n<\/div>\n<p><strong>CLEMENTE REBORA<\/strong><\/p>\n<p><a href=\"https:\/\/www.rassegnastampa-totustuus.it\/cattolica\/?p=35266\" target=\"_blank\"><img loading=\"lazy\" decoding=\"async\" class=\"aligncenter wp-image-35267\" src=\"https:\/\/www.rassegnastampa-totustuus.it\/cattolica\/wp-content\/uploads\/2016\/06\/Clemente_Maria_Rebora.jpg\" alt=\"Clemente_Maria_Rebora\" width=\"132\" height=\"156\" \/><\/a><\/p>\n<\/div>\n<div style=\"text-align: center;\" align=\"justify\"><\/div>\n<div style=\"text-align: justify;\" align=\"justify\">\n<p><em>\u00abIl mio canto \u00e8 un sentimento e domandava la vita. Vive la trottola e gira, \/ la sferza Iddio, la sferza \u00e8 il tempo: cos\u00ec la trottola spira \/ dentro l&#8217;amore verso l&#8217;eterno\u00bb <\/em><\/p>\n<\/div>\n<\/div>\n<\/div>\n<\/div>\n<\/div>\n<\/div>\n","protected":false},"excerpt":{"rendered":"<p>Supplemento a Litterae Communionis I GRANDI DELLA CULTURA MODERNA RIVISITATI INDICE<\/p><p><a class=\"more-link btn\" href=\"https:\/\/www.rassegnastampa-totustuus.it\/cattolica\/i-grandi-della-cultura-moderna\/\">Continua a leggere<\/a><\/p>\n","protected":false},"author":6,"featured_media":22875,"comment_status":"closed","ping_status":"open","sticky":false,"template":"","format":"standard","meta":{"footnotes":""},"categories":[18],"tags":[1864,1970,1971,261],"class_list":["post-4665","post","type-post","status-publish","format-standard","has-post-thumbnail","hentry","category-personaggi","tag-letteratura","tag-musica","tag-pittura","tag-scienza-2","item-wrap"],"yoast_head":"<!-- This site is optimized with the Yoast SEO plugin v27.5 - https:\/\/yoast.com\/product\/yoast-seo-wordpress\/ -->\n<title>I grandi della cultura moderna - Rassegna Stampa Cattolica<\/title>\n<meta name=\"description\" content=\"Rassegna Stampa Cattolica - Per una cultura che nasce dalla Rivelazione cristiana in conformit\u00e0 alla tradizione e al Magistero della Chiesa in opposizione ad ogni relativismo e totalitarismo\" \/>\n<meta name=\"robots\" content=\"index, follow, max-snippet:-1, max-image-preview:large, max-video-preview:-1\" \/>\n<link rel=\"canonical\" href=\"https:\/\/www.rassegnastampa-totustuus.it\/cattolica\/i-grandi-della-cultura-moderna\/\" \/>\n<meta property=\"og:locale\" content=\"it_IT\" \/>\n<meta property=\"og:type\" content=\"article\" \/>\n<meta property=\"og:title\" content=\"I grandi della cultura moderna - Rassegna Stampa Cattolica\" \/>\n<meta property=\"og:description\" content=\"Rassegna Stampa Cattolica - Per una cultura che nasce dalla Rivelazione cristiana in conformit\u00e0 alla tradizione e al Magistero della Chiesa in opposizione ad ogni relativismo e totalitarismo\" \/>\n<meta property=\"og:url\" content=\"https:\/\/www.rassegnastampa-totustuus.it\/cattolica\/i-grandi-della-cultura-moderna\/\" \/>\n<meta property=\"og:site_name\" content=\"Rassegna Stampa Cattolica\" \/>\n<meta property=\"article:publisher\" content=\"https:\/\/www.facebook.com\/rassegnastampacattolica\" \/>\n<meta property=\"article:published_time\" content=\"2011-08-23T10:11:37+00:00\" \/>\n<meta property=\"article:modified_time\" content=\"2016-06-22T14:34:30+00:00\" \/>\n<meta property=\"og:image\" content=\"https:\/\/www.rassegnastampa-totustuus.it\/cattolica\/wp-content\/uploads\/2011\/08\/litterae_cover.jpg\" \/>\n\t<meta property=\"og:image:width\" content=\"193\" \/>\n\t<meta property=\"og:image:height\" content=\"261\" \/>\n\t<meta property=\"og:image:type\" content=\"image\/jpeg\" \/>\n<meta name=\"author\" content=\"Redazione\" \/>\n<meta name=\"twitter:card\" content=\"summary_large_image\" \/>\n<meta name=\"twitter:creator\" content=\"@rassegnastampa9\" \/>\n<meta name=\"twitter:site\" content=\"@rassegnastampa9\" \/>\n<meta name=\"twitter:label1\" content=\"Scritto da\" \/>\n\t<meta name=\"twitter:data1\" content=\"Redazione\" \/>\n\t<meta name=\"twitter:label2\" content=\"Tempo di lettura stimato\" \/>\n\t<meta name=\"twitter:data2\" content=\"2 minuti\" \/>\n<script type=\"application\/ld+json\" class=\"yoast-schema-graph\">{\"@context\":\"https:\\\/\\\/schema.org\",\"@graph\":[{\"@type\":\"Article\",\"@id\":\"https:\\\/\\\/www.rassegnastampa-totustuus.it\\\/cattolica\\\/i-grandi-della-cultura-moderna\\\/#article\",\"isPartOf\":{\"@id\":\"https:\\\/\\\/www.rassegnastampa-totustuus.it\\\/cattolica\\\/i-grandi-della-cultura-moderna\\\/\"},\"author\":{\"name\":\"Redazione\",\"@id\":\"https:\\\/\\\/www.rassegnastampa-totustuus.it\\\/cattolica\\\/#\\\/schema\\\/person\\\/08f319d2bd1a0904ad9e2bfb7b15e5c3\"},\"headline\":\"I grandi della cultura moderna\",\"datePublished\":\"2011-08-23T10:11:37+00:00\",\"dateModified\":\"2016-06-22T14:34:30+00:00\",\"mainEntityOfPage\":{\"@id\":\"https:\\\/\\\/www.rassegnastampa-totustuus.it\\\/cattolica\\\/i-grandi-della-cultura-moderna\\\/\"},\"wordCount\":352,\"publisher\":{\"@id\":\"https:\\\/\\\/www.rassegnastampa-totustuus.it\\\/cattolica\\\/#organization\"},\"image\":{\"@id\":\"https:\\\/\\\/www.rassegnastampa-totustuus.it\\\/cattolica\\\/i-grandi-della-cultura-moderna\\\/#primaryimage\"},\"thumbnailUrl\":\"https:\\\/\\\/www.rassegnastampa-totustuus.it\\\/cattolica\\\/wp-content\\\/uploads\\\/2011\\\/08\\\/litterae_cover.jpg\",\"keywords\":[\"letteratura\",\"musica\",\"pittura\",\"scienza\"],\"articleSection\":[\"Personaggi\"],\"inLanguage\":\"it-IT\"},{\"@type\":\"WebPage\",\"@id\":\"https:\\\/\\\/www.rassegnastampa-totustuus.it\\\/cattolica\\\/i-grandi-della-cultura-moderna\\\/\",\"url\":\"https:\\\/\\\/www.rassegnastampa-totustuus.it\\\/cattolica\\\/i-grandi-della-cultura-moderna\\\/\",\"name\":\"I grandi della cultura moderna - Rassegna Stampa Cattolica\",\"isPartOf\":{\"@id\":\"https:\\\/\\\/www.rassegnastampa-totustuus.it\\\/cattolica\\\/#website\"},\"primaryImageOfPage\":{\"@id\":\"https:\\\/\\\/www.rassegnastampa-totustuus.it\\\/cattolica\\\/i-grandi-della-cultura-moderna\\\/#primaryimage\"},\"image\":{\"@id\":\"https:\\\/\\\/www.rassegnastampa-totustuus.it\\\/cattolica\\\/i-grandi-della-cultura-moderna\\\/#primaryimage\"},\"thumbnailUrl\":\"https:\\\/\\\/www.rassegnastampa-totustuus.it\\\/cattolica\\\/wp-content\\\/uploads\\\/2011\\\/08\\\/litterae_cover.jpg\",\"datePublished\":\"2011-08-23T10:11:37+00:00\",\"dateModified\":\"2016-06-22T14:34:30+00:00\",\"description\":\"Rassegna Stampa Cattolica - Per una cultura che nasce dalla Rivelazione cristiana in conformit\u00e0 alla tradizione e al Magistero della Chiesa in opposizione ad ogni relativismo e totalitarismo\",\"breadcrumb\":{\"@id\":\"https:\\\/\\\/www.rassegnastampa-totustuus.it\\\/cattolica\\\/i-grandi-della-cultura-moderna\\\/#breadcrumb\"},\"inLanguage\":\"it-IT\",\"potentialAction\":[{\"@type\":\"ReadAction\",\"target\":[\"https:\\\/\\\/www.rassegnastampa-totustuus.it\\\/cattolica\\\/i-grandi-della-cultura-moderna\\\/\"]}]},{\"@type\":\"ImageObject\",\"inLanguage\":\"it-IT\",\"@id\":\"https:\\\/\\\/www.rassegnastampa-totustuus.it\\\/cattolica\\\/i-grandi-della-cultura-moderna\\\/#primaryimage\",\"url\":\"https:\\\/\\\/www.rassegnastampa-totustuus.it\\\/cattolica\\\/wp-content\\\/uploads\\\/2011\\\/08\\\/litterae_cover.jpg\",\"contentUrl\":\"https:\\\/\\\/www.rassegnastampa-totustuus.it\\\/cattolica\\\/wp-content\\\/uploads\\\/2011\\\/08\\\/litterae_cover.jpg\",\"width\":193,\"height\":261},{\"@type\":\"BreadcrumbList\",\"@id\":\"https:\\\/\\\/www.rassegnastampa-totustuus.it\\\/cattolica\\\/i-grandi-della-cultura-moderna\\\/#breadcrumb\",\"itemListElement\":[{\"@type\":\"ListItem\",\"position\":1,\"name\":\"Home\",\"item\":\"https:\\\/\\\/www.rassegnastampa-totustuus.it\\\/cattolica\\\/\"},{\"@type\":\"ListItem\",\"position\":2,\"name\":\"I grandi della cultura moderna\"}]},{\"@type\":\"WebSite\",\"@id\":\"https:\\\/\\\/www.rassegnastampa-totustuus.it\\\/cattolica\\\/#website\",\"url\":\"https:\\\/\\\/www.rassegnastampa-totustuus.it\\\/cattolica\\\/\",\"name\":\"Rassegna Stampa Cattolica\",\"description\":\"Per una cultura che nasce dalla Rivelazione cristiana in conformit\u00e0 alla tradizione e al Magistero della Chiesa in opposizione ad ogni relativismo e totalitarismo\",\"publisher\":{\"@id\":\"https:\\\/\\\/www.rassegnastampa-totustuus.it\\\/cattolica\\\/#organization\"},\"alternateName\":\"Rass. Cattolica\",\"potentialAction\":[{\"@type\":\"SearchAction\",\"target\":{\"@type\":\"EntryPoint\",\"urlTemplate\":\"https:\\\/\\\/www.rassegnastampa-totustuus.it\\\/cattolica\\\/?s={search_term_string}\"},\"query-input\":{\"@type\":\"PropertyValueSpecification\",\"valueRequired\":true,\"valueName\":\"search_term_string\"}}],\"inLanguage\":\"it-IT\"},{\"@type\":\"Organization\",\"@id\":\"https:\\\/\\\/www.rassegnastampa-totustuus.it\\\/cattolica\\\/#organization\",\"name\":\"Rassegna Stampa Cattolica\",\"url\":\"https:\\\/\\\/www.rassegnastampa-totustuus.it\\\/cattolica\\\/\",\"logo\":{\"@type\":\"ImageObject\",\"inLanguage\":\"it-IT\",\"@id\":\"https:\\\/\\\/www.rassegnastampa-totustuus.it\\\/cattolica\\\/#\\\/schema\\\/logo\\\/image\\\/\",\"url\":\"https:\\\/\\\/www.rassegnastampa-totustuus.it\\\/cattolica\\\/wp-content\\\/uploads\\\/2014\\\/04\\\/logo-rassegna1.gif\",\"contentUrl\":\"https:\\\/\\\/www.rassegnastampa-totustuus.it\\\/cattolica\\\/wp-content\\\/uploads\\\/2014\\\/04\\\/logo-rassegna1.gif\",\"width\":600,\"height\":163,\"caption\":\"Rassegna Stampa Cattolica\"},\"image\":{\"@id\":\"https:\\\/\\\/www.rassegnastampa-totustuus.it\\\/cattolica\\\/#\\\/schema\\\/logo\\\/image\\\/\"},\"sameAs\":[\"https:\\\/\\\/www.facebook.com\\\/rassegnastampacattolica\",\"https:\\\/\\\/x.com\\\/rassegnastampa9\"]},{\"@type\":\"Person\",\"@id\":\"https:\\\/\\\/www.rassegnastampa-totustuus.it\\\/cattolica\\\/#\\\/schema\\\/person\\\/08f319d2bd1a0904ad9e2bfb7b15e5c3\",\"name\":\"Redazione\",\"image\":{\"@type\":\"ImageObject\",\"inLanguage\":\"it-IT\",\"@id\":\"https:\\\/\\\/secure.gravatar.com\\\/avatar\\\/2fcdf27c78ea025fbdb44e914cc63c72249ffec9dc8aafd5c82b26240ef3f346?s=96&d=mm&r=g\",\"url\":\"https:\\\/\\\/secure.gravatar.com\\\/avatar\\\/2fcdf27c78ea025fbdb44e914cc63c72249ffec9dc8aafd5c82b26240ef3f346?s=96&d=mm&r=g\",\"contentUrl\":\"https:\\\/\\\/secure.gravatar.com\\\/avatar\\\/2fcdf27c78ea025fbdb44e914cc63c72249ffec9dc8aafd5c82b26240ef3f346?s=96&d=mm&r=g\",\"caption\":\"Redazione\"},\"url\":\"https:\\\/\\\/www.rassegnastampa-totustuus.it\\\/cattolica\\\/author\\\/pietroelle\\\/\"}]}<\/script>\n<!-- \/ Yoast SEO plugin. -->","yoast_head_json":{"title":"I grandi della cultura moderna - Rassegna Stampa Cattolica","description":"Rassegna Stampa Cattolica - Per una cultura che nasce dalla Rivelazione cristiana in conformit\u00e0 alla tradizione e al Magistero della Chiesa in opposizione ad ogni relativismo e totalitarismo","robots":{"index":"index","follow":"follow","max-snippet":"max-snippet:-1","max-image-preview":"max-image-preview:large","max-video-preview":"max-video-preview:-1"},"canonical":"https:\/\/www.rassegnastampa-totustuus.it\/cattolica\/i-grandi-della-cultura-moderna\/","og_locale":"it_IT","og_type":"article","og_title":"I grandi della cultura moderna - Rassegna Stampa Cattolica","og_description":"Rassegna Stampa Cattolica - Per una cultura che nasce dalla Rivelazione cristiana in conformit\u00e0 alla tradizione e al Magistero della Chiesa in opposizione ad ogni relativismo e totalitarismo","og_url":"https:\/\/www.rassegnastampa-totustuus.it\/cattolica\/i-grandi-della-cultura-moderna\/","og_site_name":"Rassegna Stampa Cattolica","article_publisher":"https:\/\/www.facebook.com\/rassegnastampacattolica","article_published_time":"2011-08-23T10:11:37+00:00","article_modified_time":"2016-06-22T14:34:30+00:00","og_image":[{"width":193,"height":261,"url":"https:\/\/www.rassegnastampa-totustuus.it\/cattolica\/wp-content\/uploads\/2011\/08\/litterae_cover.jpg","type":"image\/jpeg"}],"author":"Redazione","twitter_card":"summary_large_image","twitter_creator":"@rassegnastampa9","twitter_site":"@rassegnastampa9","twitter_misc":{"Scritto da":"Redazione","Tempo di lettura stimato":"2 minuti"},"schema":{"@context":"https:\/\/schema.org","@graph":[{"@type":"Article","@id":"https:\/\/www.rassegnastampa-totustuus.it\/cattolica\/i-grandi-della-cultura-moderna\/#article","isPartOf":{"@id":"https:\/\/www.rassegnastampa-totustuus.it\/cattolica\/i-grandi-della-cultura-moderna\/"},"author":{"name":"Redazione","@id":"https:\/\/www.rassegnastampa-totustuus.it\/cattolica\/#\/schema\/person\/08f319d2bd1a0904ad9e2bfb7b15e5c3"},"headline":"I grandi della cultura moderna","datePublished":"2011-08-23T10:11:37+00:00","dateModified":"2016-06-22T14:34:30+00:00","mainEntityOfPage":{"@id":"https:\/\/www.rassegnastampa-totustuus.it\/cattolica\/i-grandi-della-cultura-moderna\/"},"wordCount":352,"publisher":{"@id":"https:\/\/www.rassegnastampa-totustuus.it\/cattolica\/#organization"},"image":{"@id":"https:\/\/www.rassegnastampa-totustuus.it\/cattolica\/i-grandi-della-cultura-moderna\/#primaryimage"},"thumbnailUrl":"https:\/\/www.rassegnastampa-totustuus.it\/cattolica\/wp-content\/uploads\/2011\/08\/litterae_cover.jpg","keywords":["letteratura","musica","pittura","scienza"],"articleSection":["Personaggi"],"inLanguage":"it-IT"},{"@type":"WebPage","@id":"https:\/\/www.rassegnastampa-totustuus.it\/cattolica\/i-grandi-della-cultura-moderna\/","url":"https:\/\/www.rassegnastampa-totustuus.it\/cattolica\/i-grandi-della-cultura-moderna\/","name":"I grandi della cultura moderna - Rassegna Stampa Cattolica","isPartOf":{"@id":"https:\/\/www.rassegnastampa-totustuus.it\/cattolica\/#website"},"primaryImageOfPage":{"@id":"https:\/\/www.rassegnastampa-totustuus.it\/cattolica\/i-grandi-della-cultura-moderna\/#primaryimage"},"image":{"@id":"https:\/\/www.rassegnastampa-totustuus.it\/cattolica\/i-grandi-della-cultura-moderna\/#primaryimage"},"thumbnailUrl":"https:\/\/www.rassegnastampa-totustuus.it\/cattolica\/wp-content\/uploads\/2011\/08\/litterae_cover.jpg","datePublished":"2011-08-23T10:11:37+00:00","dateModified":"2016-06-22T14:34:30+00:00","description":"Rassegna Stampa Cattolica - Per una cultura che nasce dalla Rivelazione cristiana in conformit\u00e0 alla tradizione e al Magistero della Chiesa in opposizione ad ogni relativismo e totalitarismo","breadcrumb":{"@id":"https:\/\/www.rassegnastampa-totustuus.it\/cattolica\/i-grandi-della-cultura-moderna\/#breadcrumb"},"inLanguage":"it-IT","potentialAction":[{"@type":"ReadAction","target":["https:\/\/www.rassegnastampa-totustuus.it\/cattolica\/i-grandi-della-cultura-moderna\/"]}]},{"@type":"ImageObject","inLanguage":"it-IT","@id":"https:\/\/www.rassegnastampa-totustuus.it\/cattolica\/i-grandi-della-cultura-moderna\/#primaryimage","url":"https:\/\/www.rassegnastampa-totustuus.it\/cattolica\/wp-content\/uploads\/2011\/08\/litterae_cover.jpg","contentUrl":"https:\/\/www.rassegnastampa-totustuus.it\/cattolica\/wp-content\/uploads\/2011\/08\/litterae_cover.jpg","width":193,"height":261},{"@type":"BreadcrumbList","@id":"https:\/\/www.rassegnastampa-totustuus.it\/cattolica\/i-grandi-della-cultura-moderna\/#breadcrumb","itemListElement":[{"@type":"ListItem","position":1,"name":"Home","item":"https:\/\/www.rassegnastampa-totustuus.it\/cattolica\/"},{"@type":"ListItem","position":2,"name":"I grandi della cultura moderna"}]},{"@type":"WebSite","@id":"https:\/\/www.rassegnastampa-totustuus.it\/cattolica\/#website","url":"https:\/\/www.rassegnastampa-totustuus.it\/cattolica\/","name":"Rassegna Stampa Cattolica","description":"Per una cultura che nasce dalla Rivelazione cristiana in conformit\u00e0 alla tradizione e al Magistero della Chiesa in opposizione ad ogni relativismo e totalitarismo","publisher":{"@id":"https:\/\/www.rassegnastampa-totustuus.it\/cattolica\/#organization"},"alternateName":"Rass. Cattolica","potentialAction":[{"@type":"SearchAction","target":{"@type":"EntryPoint","urlTemplate":"https:\/\/www.rassegnastampa-totustuus.it\/cattolica\/?s={search_term_string}"},"query-input":{"@type":"PropertyValueSpecification","valueRequired":true,"valueName":"search_term_string"}}],"inLanguage":"it-IT"},{"@type":"Organization","@id":"https:\/\/www.rassegnastampa-totustuus.it\/cattolica\/#organization","name":"Rassegna Stampa Cattolica","url":"https:\/\/www.rassegnastampa-totustuus.it\/cattolica\/","logo":{"@type":"ImageObject","inLanguage":"it-IT","@id":"https:\/\/www.rassegnastampa-totustuus.it\/cattolica\/#\/schema\/logo\/image\/","url":"https:\/\/www.rassegnastampa-totustuus.it\/cattolica\/wp-content\/uploads\/2014\/04\/logo-rassegna1.gif","contentUrl":"https:\/\/www.rassegnastampa-totustuus.it\/cattolica\/wp-content\/uploads\/2014\/04\/logo-rassegna1.gif","width":600,"height":163,"caption":"Rassegna Stampa Cattolica"},"image":{"@id":"https:\/\/www.rassegnastampa-totustuus.it\/cattolica\/#\/schema\/logo\/image\/"},"sameAs":["https:\/\/www.facebook.com\/rassegnastampacattolica","https:\/\/x.com\/rassegnastampa9"]},{"@type":"Person","@id":"https:\/\/www.rassegnastampa-totustuus.it\/cattolica\/#\/schema\/person\/08f319d2bd1a0904ad9e2bfb7b15e5c3","name":"Redazione","image":{"@type":"ImageObject","inLanguage":"it-IT","@id":"https:\/\/secure.gravatar.com\/avatar\/2fcdf27c78ea025fbdb44e914cc63c72249ffec9dc8aafd5c82b26240ef3f346?s=96&d=mm&r=g","url":"https:\/\/secure.gravatar.com\/avatar\/2fcdf27c78ea025fbdb44e914cc63c72249ffec9dc8aafd5c82b26240ef3f346?s=96&d=mm&r=g","contentUrl":"https:\/\/secure.gravatar.com\/avatar\/2fcdf27c78ea025fbdb44e914cc63c72249ffec9dc8aafd5c82b26240ef3f346?s=96&d=mm&r=g","caption":"Redazione"},"url":"https:\/\/www.rassegnastampa-totustuus.it\/cattolica\/author\/pietroelle\/"}]}},"_links":{"self":[{"href":"https:\/\/www.rassegnastampa-totustuus.it\/cattolica\/wp-json\/wp\/v2\/posts\/4665","targetHints":{"allow":["GET"]}}],"collection":[{"href":"https:\/\/www.rassegnastampa-totustuus.it\/cattolica\/wp-json\/wp\/v2\/posts"}],"about":[{"href":"https:\/\/www.rassegnastampa-totustuus.it\/cattolica\/wp-json\/wp\/v2\/types\/post"}],"author":[{"embeddable":true,"href":"https:\/\/www.rassegnastampa-totustuus.it\/cattolica\/wp-json\/wp\/v2\/users\/6"}],"replies":[{"embeddable":true,"href":"https:\/\/www.rassegnastampa-totustuus.it\/cattolica\/wp-json\/wp\/v2\/comments?post=4665"}],"version-history":[{"count":23,"href":"https:\/\/www.rassegnastampa-totustuus.it\/cattolica\/wp-json\/wp\/v2\/posts\/4665\/revisions"}],"predecessor-version":[{"id":35277,"href":"https:\/\/www.rassegnastampa-totustuus.it\/cattolica\/wp-json\/wp\/v2\/posts\/4665\/revisions\/35277"}],"wp:featuredmedia":[{"embeddable":true,"href":"https:\/\/www.rassegnastampa-totustuus.it\/cattolica\/wp-json\/wp\/v2\/media\/22875"}],"wp:attachment":[{"href":"https:\/\/www.rassegnastampa-totustuus.it\/cattolica\/wp-json\/wp\/v2\/media?parent=4665"}],"wp:term":[{"taxonomy":"category","embeddable":true,"href":"https:\/\/www.rassegnastampa-totustuus.it\/cattolica\/wp-json\/wp\/v2\/categories?post=4665"},{"taxonomy":"post_tag","embeddable":true,"href":"https:\/\/www.rassegnastampa-totustuus.it\/cattolica\/wp-json\/wp\/v2\/tags?post=4665"}],"curies":[{"name":"wp","href":"https:\/\/api.w.org\/{rel}","templated":true}]}}