{"id":4652,"date":"2011-08-16T10:34:40","date_gmt":"2011-08-16T08:34:40","guid":{"rendered":""},"modified":"2015-04-09T16:41:38","modified_gmt":"2015-04-09T14:41:38","slug":"leuropa-fatta-dagli-economisti-ha-schiacciato-i-popoli","status":"publish","type":"post","link":"https:\/\/www.rassegnastampa-totustuus.it\/cattolica\/leuropa-fatta-dagli-economisti-ha-schiacciato-i-popoli\/","title":{"rendered":"L&#8217;Europa fatta dagli economisti ha schiacciato i popoli"},"content":{"rendered":"<div style=\"text-align: center;\"><strong><a href=\"https:\/\/www.rassegnastampa-totustuus.it\/cattolica\/wp-content\/uploads\/2011\/08\/euro.jpg\"><img loading=\"lazy\" decoding=\"async\" class=\"alignleft wp-image-22844\" src=\"https:\/\/www.rassegnastampa-totustuus.it\/cattolica\/wp-content\/uploads\/2011\/08\/euro.jpg\" alt=\"euro\" width=\"250\" height=\"156\" \/><\/a>Italia Oggi<\/strong> 12 agosto 2011<\/div>\n<p style=\"text-align: center;\"><em>L&#8217;antropologa Ida Magli aveva previsto tutto, 14 anni fa<\/em><\/p>\n<p style=\"text-align: center;\">di <strong>Ida Magli<\/strong><\/p>\n<p style=\"text-align: justify;\">Ida Magli, nel suo libro \u00abContro l&#8217;Europa &#8211; Tutto quello che non vi hanno detto di Maastricht\u00bb (Bompiani) pubblicato nel 1991 ma che aggiornava, solo nei dettagli, un libro del 1997, aveva previsto la deriva dell&#8217;Europa. Rivediamo, 14 anni dopo, brani della sua diagnosi di allora: non possiamo pi\u00f9 dire che non ce lo avevano detto.<\/p>\n<p style=\"text-align: justify;\"><!--more--><\/p>\n<p style=\"text-align: justify;\">Gli indirizzi comuni del Trattato di Maastricht sono una derivazione, con linguaggio diverso, delle teorie di Marx. In Europa infatti \u00e8 stata silenziosamente assorbita la sua lezione: \u00e8 solo l&#8217;economia che dirige il mondo.Gli economisti si sono accorti che questa era un&#8217;arma che li poneva a capo di qualsiasi sistema , sociale, mettendo nelle loro mani tutto il potere.<\/p>\n<p style=\"text-align: justify;\">Cos\u00ec oggi sono gli economisti a guidare le organizzazioni mondiali pi\u00f9 importanti. In base al solito meccanismo dell&#8217;assoluzione che spinge gli uomini a compiere sempre lo stesso errore, quello di affidarsi a un unico principio, rappresentato dalle leggi dell&#8217;economia, malgrado nessuno possa dimostrarne l&#8217;obiettivit\u00e0 scientifica, esse sono assunte al rango di verit\u00e0 indiscutibile, di vera e propria religione.<\/p>\n<p style=\"text-align: justify;\">Gli italiani poi, votati perdutamente, come sempre nella loro storia, alle religioni ed alle dittature, sono stati i primi ad unificare la figura dell&#8217;economista con quella del capo del governo (Ciampi, Dini, Prodi) cosa di per s\u00e8 esiziale perch\u00e8 \u00e8 come nominare in tempo di guerra un generale, capo del governo. Il governo Prodi \u00e8 formato in maggioranza da economisti anche laddove appare grottesco come per il ministero della difesa, in quanto,come capita normalmente per le investiture sacrali, basta essere economista per garantire la propria capacit\u00e0 in qualsiasi cosa.<\/p>\n<p style=\"text-align: justify;\">Il problema, come sempre nella storia dell&#8217;umanit\u00e0, \u00e8 il raggiungimento del massimo del potere; cambiano soltanto le \u00abreligioni\u00bb in base alle quali conquistarlo, imporlo ed accrescerlo.. Una volta giunto a possederlo, chi detiene il potere non resiste alla tentazione di ingrandirlo. Ingrandirlo in tutti i sensi, ma soprattutto in quello visibile, concreto: l&#8217;estensione del territorio. L&#8217;Unione europea nasce cos\u00ec.<\/p>\n<p style=\"text-align: justify;\">Per estendere potere e territorio gli economisti partono dalla moneta, con l&#8217;assoluta certezza che il resto (il dominio sui popoli) seguir\u00e0. Come sappiamo per\u00f2 (e la storia dell&#8217;impero sovietico l&#8217;ha dimostrato) il principio di Marx sul primato dell&#8217;economia era sbagliato. Non in s\u00e8, in quanto \u00e8 vero che le strutture economiche sono determinanti, ma perch\u00e9, se non sono espressione della forza dei popoli, portano alla rovina.<\/p>\n<p style=\"text-align: justify;\">Lo stesso tragico errore \u00e8 alla base di Maastricht. Prima di tutti i \u00abparametri\u00bb. La moneta, i bilanci, i mercati. Ma di chi? Degli europei, si dice. Soltanto che \u00abgli europei\u00bb, come popolo non esistono, e non sar\u00e0 la moneta unica a farli esistere. o si pensa che sia il dollaro ad aver fatto gli americani?<\/p>\n<p style=\"text-align: justify;\">Perci\u00f2 anche se i paramentri di Maastricht fossero stati tanto certi come le leggi di gravit\u00e0 (e il fatto che siano presentati come tali \u00e8 la prova che si tratta di un&#8217;operazione totalitaria) quello che fa fallire qualsiasi sistema politico fondato sulle leggi economiche \u00e8 una ineliminabile realt\u00e0: i bisogni degli uomini vanno sempre al di l\u00e0. E&#8217; proprio questo l&#8217;errore di Marx che era un uomo privo di una sia pur minima sensibilit\u00e0 psicologica e antropologica e la catastrofiche conseguenze provocate dalle sue teorie, ovunque sono state messe in atto, ne sono la pi\u00f9 evidente dimostrazione.<\/p>\n<p style=\"text-align: justify;\">E&#8217; mancata in Marx l&#8217;intelligenza di un grande antropologo come Franz Boas, il quale, osservando con quanta fatica meticolosa alcune trib\u00f9 di amerindi tessevano degli elaborati disegni sull&#8217;orlo delle coperte, non riuscendo a vederne lo scopo, ne ha tratto la pi\u00f9 umana delle conclusioni: \u00abAnche i disegni fanno caldo\u00bb.<\/p>\n<p style=\"text-align: justify;\">Tutto il Trattato di Maastricht trasuda la convinzione (o meglio la volont\u00e0 di convincere i sudditi) che il Bene ormai ha vinto. Caduto il muro di Berlino, l&#8217;Uomo finalmente \u00e8 Buono. Con L&#8217;Unione inizia il regno del Bene; e gli Stati, come gli individui, inaugurata l&#8217;Era della Pace, vissero per sempre felici e contenti. Naturalmente anche questa \u00e8 una concezione marxiana. Con l&#8217;eliminazioni della classi ci sar\u00e0 il regno della felicit\u00e0 sulla Terra.<\/p>\n","protected":false},"excerpt":{"rendered":"<p>Italia Oggi 12 agosto 2011 L&#8217;antropologa Ida Magli aveva previsto tutto, 14 anni fa di Ida Magli Ida Magli, nel suo libro \u00abContro l&#8217;Europa &#8211; Tutto quello che non vi hanno detto di Maastricht\u00bb (Bompiani) pubblicato nel 1991 ma che aggiornava, solo nei dettagli, un libro del 1997, aveva previsto la deriva dell&#8217;Europa. Rivediamo, 14 &hellip; <\/p>\n<p><a class=\"more-link btn\" href=\"https:\/\/www.rassegnastampa-totustuus.it\/cattolica\/leuropa-fatta-dagli-economisti-ha-schiacciato-i-popoli\/\">Continua a leggere<\/a><\/p>\n","protected":false},"author":6,"featured_media":22844,"comment_status":"closed","ping_status":"open","sticky":false,"template":"","format":"standard","meta":{"footnotes":""},"categories":[13,14],"tags":[285,1972],"class_list":["post-4652","post","type-post","status-publish","format-standard","has-post-thumbnail","hentry","category-economia","category-europa-e-ue","tag-euro","tag-moneta-unica","item-wrap"],"yoast_head":"<!-- This site is optimized with the Yoast SEO plugin v27.5 - https:\/\/yoast.com\/product\/yoast-seo-wordpress\/ -->\n<title>L&#039;Europa fatta dagli economisti ha schiacciato i popoli - Rassegna Stampa Cattolica<\/title>\n<meta name=\"description\" content=\"Rassegna Stampa Cattolica - Per una cultura che nasce dalla Rivelazione cristiana in conformit\u00e0 alla tradizione e al Magistero della Chiesa in opposizione ad ogni relativismo e totalitarismo\" \/>\n<meta name=\"robots\" content=\"index, follow, max-snippet:-1, max-image-preview:large, max-video-preview:-1\" \/>\n<link rel=\"canonical\" href=\"https:\/\/www.rassegnastampa-totustuus.it\/cattolica\/leuropa-fatta-dagli-economisti-ha-schiacciato-i-popoli\/\" \/>\n<meta property=\"og:locale\" content=\"it_IT\" \/>\n<meta property=\"og:type\" content=\"article\" \/>\n<meta property=\"og:title\" content=\"L&#039;Europa fatta dagli economisti ha schiacciato i popoli - Rassegna Stampa Cattolica\" \/>\n<meta property=\"og:description\" content=\"Rassegna Stampa Cattolica - Per una cultura che nasce dalla Rivelazione cristiana in conformit\u00e0 alla tradizione e al Magistero della Chiesa in opposizione ad ogni relativismo e totalitarismo\" \/>\n<meta property=\"og:url\" content=\"https:\/\/www.rassegnastampa-totustuus.it\/cattolica\/leuropa-fatta-dagli-economisti-ha-schiacciato-i-popoli\/\" \/>\n<meta property=\"og:site_name\" content=\"Rassegna Stampa Cattolica\" \/>\n<meta property=\"article:publisher\" content=\"https:\/\/www.facebook.com\/rassegnastampacattolica\" \/>\n<meta property=\"article:published_time\" content=\"2011-08-16T08:34:40+00:00\" \/>\n<meta property=\"article:modified_time\" content=\"2015-04-09T14:41:38+00:00\" \/>\n<meta property=\"og:image\" content=\"https:\/\/www.rassegnastampa-totustuus.it\/cattolica\/wp-content\/uploads\/2011\/08\/euro.jpg\" \/>\n\t<meta property=\"og:image:width\" content=\"284\" \/>\n\t<meta property=\"og:image:height\" content=\"177\" \/>\n\t<meta property=\"og:image:type\" content=\"image\/jpeg\" \/>\n<meta name=\"author\" content=\"Redazione\" \/>\n<meta name=\"twitter:card\" content=\"summary_large_image\" \/>\n<meta name=\"twitter:creator\" content=\"@rassegnastampa9\" \/>\n<meta name=\"twitter:site\" content=\"@rassegnastampa9\" \/>\n<meta name=\"twitter:label1\" content=\"Scritto da\" \/>\n\t<meta name=\"twitter:data1\" content=\"Redazione\" \/>\n\t<meta name=\"twitter:label2\" content=\"Tempo di lettura stimato\" \/>\n\t<meta name=\"twitter:data2\" content=\"3 minuti\" \/>\n<script type=\"application\/ld+json\" class=\"yoast-schema-graph\">{\"@context\":\"https:\\\/\\\/schema.org\",\"@graph\":[{\"@type\":\"Article\",\"@id\":\"https:\\\/\\\/www.rassegnastampa-totustuus.it\\\/cattolica\\\/leuropa-fatta-dagli-economisti-ha-schiacciato-i-popoli\\\/#article\",\"isPartOf\":{\"@id\":\"https:\\\/\\\/www.rassegnastampa-totustuus.it\\\/cattolica\\\/leuropa-fatta-dagli-economisti-ha-schiacciato-i-popoli\\\/\"},\"author\":{\"name\":\"Redazione\",\"@id\":\"https:\\\/\\\/www.rassegnastampa-totustuus.it\\\/cattolica\\\/#\\\/schema\\\/person\\\/08f319d2bd1a0904ad9e2bfb7b15e5c3\"},\"headline\":\"L&#8217;Europa fatta dagli economisti ha schiacciato i popoli\",\"datePublished\":\"2011-08-16T08:34:40+00:00\",\"dateModified\":\"2015-04-09T14:41:38+00:00\",\"mainEntityOfPage\":{\"@id\":\"https:\\\/\\\/www.rassegnastampa-totustuus.it\\\/cattolica\\\/leuropa-fatta-dagli-economisti-ha-schiacciato-i-popoli\\\/\"},\"wordCount\":696,\"publisher\":{\"@id\":\"https:\\\/\\\/www.rassegnastampa-totustuus.it\\\/cattolica\\\/#organization\"},\"image\":{\"@id\":\"https:\\\/\\\/www.rassegnastampa-totustuus.it\\\/cattolica\\\/leuropa-fatta-dagli-economisti-ha-schiacciato-i-popoli\\\/#primaryimage\"},\"thumbnailUrl\":\"https:\\\/\\\/www.rassegnastampa-totustuus.it\\\/cattolica\\\/wp-content\\\/uploads\\\/2011\\\/08\\\/euro.jpg\",\"keywords\":[\"euro\",\"moneta unica\"],\"articleSection\":[\"Economia\",\"Europa e UE\"],\"inLanguage\":\"it-IT\"},{\"@type\":\"WebPage\",\"@id\":\"https:\\\/\\\/www.rassegnastampa-totustuus.it\\\/cattolica\\\/leuropa-fatta-dagli-economisti-ha-schiacciato-i-popoli\\\/\",\"url\":\"https:\\\/\\\/www.rassegnastampa-totustuus.it\\\/cattolica\\\/leuropa-fatta-dagli-economisti-ha-schiacciato-i-popoli\\\/\",\"name\":\"L'Europa fatta dagli economisti ha schiacciato i popoli - Rassegna Stampa Cattolica\",\"isPartOf\":{\"@id\":\"https:\\\/\\\/www.rassegnastampa-totustuus.it\\\/cattolica\\\/#website\"},\"primaryImageOfPage\":{\"@id\":\"https:\\\/\\\/www.rassegnastampa-totustuus.it\\\/cattolica\\\/leuropa-fatta-dagli-economisti-ha-schiacciato-i-popoli\\\/#primaryimage\"},\"image\":{\"@id\":\"https:\\\/\\\/www.rassegnastampa-totustuus.it\\\/cattolica\\\/leuropa-fatta-dagli-economisti-ha-schiacciato-i-popoli\\\/#primaryimage\"},\"thumbnailUrl\":\"https:\\\/\\\/www.rassegnastampa-totustuus.it\\\/cattolica\\\/wp-content\\\/uploads\\\/2011\\\/08\\\/euro.jpg\",\"datePublished\":\"2011-08-16T08:34:40+00:00\",\"dateModified\":\"2015-04-09T14:41:38+00:00\",\"description\":\"Rassegna Stampa Cattolica - Per una cultura che nasce dalla Rivelazione cristiana in conformit\u00e0 alla tradizione e al Magistero della Chiesa in opposizione ad ogni relativismo e totalitarismo\",\"breadcrumb\":{\"@id\":\"https:\\\/\\\/www.rassegnastampa-totustuus.it\\\/cattolica\\\/leuropa-fatta-dagli-economisti-ha-schiacciato-i-popoli\\\/#breadcrumb\"},\"inLanguage\":\"it-IT\",\"potentialAction\":[{\"@type\":\"ReadAction\",\"target\":[\"https:\\\/\\\/www.rassegnastampa-totustuus.it\\\/cattolica\\\/leuropa-fatta-dagli-economisti-ha-schiacciato-i-popoli\\\/\"]}]},{\"@type\":\"ImageObject\",\"inLanguage\":\"it-IT\",\"@id\":\"https:\\\/\\\/www.rassegnastampa-totustuus.it\\\/cattolica\\\/leuropa-fatta-dagli-economisti-ha-schiacciato-i-popoli\\\/#primaryimage\",\"url\":\"https:\\\/\\\/www.rassegnastampa-totustuus.it\\\/cattolica\\\/wp-content\\\/uploads\\\/2011\\\/08\\\/euro.jpg\",\"contentUrl\":\"https:\\\/\\\/www.rassegnastampa-totustuus.it\\\/cattolica\\\/wp-content\\\/uploads\\\/2011\\\/08\\\/euro.jpg\",\"width\":284,\"height\":177,\"caption\":\"Euro, unno sbaglio per l'Europa e l'Italia\"},{\"@type\":\"BreadcrumbList\",\"@id\":\"https:\\\/\\\/www.rassegnastampa-totustuus.it\\\/cattolica\\\/leuropa-fatta-dagli-economisti-ha-schiacciato-i-popoli\\\/#breadcrumb\",\"itemListElement\":[{\"@type\":\"ListItem\",\"position\":1,\"name\":\"Home\",\"item\":\"https:\\\/\\\/www.rassegnastampa-totustuus.it\\\/cattolica\\\/\"},{\"@type\":\"ListItem\",\"position\":2,\"name\":\"L&#8217;Europa fatta dagli economisti ha schiacciato i popoli\"}]},{\"@type\":\"WebSite\",\"@id\":\"https:\\\/\\\/www.rassegnastampa-totustuus.it\\\/cattolica\\\/#website\",\"url\":\"https:\\\/\\\/www.rassegnastampa-totustuus.it\\\/cattolica\\\/\",\"name\":\"Rassegna Stampa Cattolica\",\"description\":\"Per una cultura che nasce dalla Rivelazione cristiana in conformit\u00e0 alla tradizione e al Magistero della Chiesa in opposizione ad ogni relativismo e totalitarismo\",\"publisher\":{\"@id\":\"https:\\\/\\\/www.rassegnastampa-totustuus.it\\\/cattolica\\\/#organization\"},\"alternateName\":\"Rass. Cattolica\",\"potentialAction\":[{\"@type\":\"SearchAction\",\"target\":{\"@type\":\"EntryPoint\",\"urlTemplate\":\"https:\\\/\\\/www.rassegnastampa-totustuus.it\\\/cattolica\\\/?s={search_term_string}\"},\"query-input\":{\"@type\":\"PropertyValueSpecification\",\"valueRequired\":true,\"valueName\":\"search_term_string\"}}],\"inLanguage\":\"it-IT\"},{\"@type\":\"Organization\",\"@id\":\"https:\\\/\\\/www.rassegnastampa-totustuus.it\\\/cattolica\\\/#organization\",\"name\":\"Rassegna Stampa Cattolica\",\"url\":\"https:\\\/\\\/www.rassegnastampa-totustuus.it\\\/cattolica\\\/\",\"logo\":{\"@type\":\"ImageObject\",\"inLanguage\":\"it-IT\",\"@id\":\"https:\\\/\\\/www.rassegnastampa-totustuus.it\\\/cattolica\\\/#\\\/schema\\\/logo\\\/image\\\/\",\"url\":\"https:\\\/\\\/www.rassegnastampa-totustuus.it\\\/cattolica\\\/wp-content\\\/uploads\\\/2014\\\/04\\\/logo-rassegna1.gif\",\"contentUrl\":\"https:\\\/\\\/www.rassegnastampa-totustuus.it\\\/cattolica\\\/wp-content\\\/uploads\\\/2014\\\/04\\\/logo-rassegna1.gif\",\"width\":600,\"height\":163,\"caption\":\"Rassegna Stampa Cattolica\"},\"image\":{\"@id\":\"https:\\\/\\\/www.rassegnastampa-totustuus.it\\\/cattolica\\\/#\\\/schema\\\/logo\\\/image\\\/\"},\"sameAs\":[\"https:\\\/\\\/www.facebook.com\\\/rassegnastampacattolica\",\"https:\\\/\\\/x.com\\\/rassegnastampa9\"]},{\"@type\":\"Person\",\"@id\":\"https:\\\/\\\/www.rassegnastampa-totustuus.it\\\/cattolica\\\/#\\\/schema\\\/person\\\/08f319d2bd1a0904ad9e2bfb7b15e5c3\",\"name\":\"Redazione\",\"image\":{\"@type\":\"ImageObject\",\"inLanguage\":\"it-IT\",\"@id\":\"https:\\\/\\\/secure.gravatar.com\\\/avatar\\\/2fcdf27c78ea025fbdb44e914cc63c72249ffec9dc8aafd5c82b26240ef3f346?s=96&d=mm&r=g\",\"url\":\"https:\\\/\\\/secure.gravatar.com\\\/avatar\\\/2fcdf27c78ea025fbdb44e914cc63c72249ffec9dc8aafd5c82b26240ef3f346?s=96&d=mm&r=g\",\"contentUrl\":\"https:\\\/\\\/secure.gravatar.com\\\/avatar\\\/2fcdf27c78ea025fbdb44e914cc63c72249ffec9dc8aafd5c82b26240ef3f346?s=96&d=mm&r=g\",\"caption\":\"Redazione\"},\"url\":\"https:\\\/\\\/www.rassegnastampa-totustuus.it\\\/cattolica\\\/author\\\/pietroelle\\\/\"}]}<\/script>\n<!-- \/ Yoast SEO plugin. -->","yoast_head_json":{"title":"L'Europa fatta dagli economisti ha schiacciato i popoli - Rassegna Stampa Cattolica","description":"Rassegna Stampa Cattolica - Per una cultura che nasce dalla Rivelazione cristiana in conformit\u00e0 alla tradizione e al Magistero della Chiesa in opposizione ad ogni relativismo e totalitarismo","robots":{"index":"index","follow":"follow","max-snippet":"max-snippet:-1","max-image-preview":"max-image-preview:large","max-video-preview":"max-video-preview:-1"},"canonical":"https:\/\/www.rassegnastampa-totustuus.it\/cattolica\/leuropa-fatta-dagli-economisti-ha-schiacciato-i-popoli\/","og_locale":"it_IT","og_type":"article","og_title":"L'Europa fatta dagli economisti ha schiacciato i popoli - Rassegna Stampa Cattolica","og_description":"Rassegna Stampa Cattolica - Per una cultura che nasce dalla Rivelazione cristiana in conformit\u00e0 alla tradizione e al Magistero della Chiesa in opposizione ad ogni relativismo e totalitarismo","og_url":"https:\/\/www.rassegnastampa-totustuus.it\/cattolica\/leuropa-fatta-dagli-economisti-ha-schiacciato-i-popoli\/","og_site_name":"Rassegna Stampa Cattolica","article_publisher":"https:\/\/www.facebook.com\/rassegnastampacattolica","article_published_time":"2011-08-16T08:34:40+00:00","article_modified_time":"2015-04-09T14:41:38+00:00","og_image":[{"width":284,"height":177,"url":"https:\/\/www.rassegnastampa-totustuus.it\/cattolica\/wp-content\/uploads\/2011\/08\/euro.jpg","type":"image\/jpeg"}],"author":"Redazione","twitter_card":"summary_large_image","twitter_creator":"@rassegnastampa9","twitter_site":"@rassegnastampa9","twitter_misc":{"Scritto da":"Redazione","Tempo di lettura stimato":"3 minuti"},"schema":{"@context":"https:\/\/schema.org","@graph":[{"@type":"Article","@id":"https:\/\/www.rassegnastampa-totustuus.it\/cattolica\/leuropa-fatta-dagli-economisti-ha-schiacciato-i-popoli\/#article","isPartOf":{"@id":"https:\/\/www.rassegnastampa-totustuus.it\/cattolica\/leuropa-fatta-dagli-economisti-ha-schiacciato-i-popoli\/"},"author":{"name":"Redazione","@id":"https:\/\/www.rassegnastampa-totustuus.it\/cattolica\/#\/schema\/person\/08f319d2bd1a0904ad9e2bfb7b15e5c3"},"headline":"L&#8217;Europa fatta dagli economisti ha schiacciato i popoli","datePublished":"2011-08-16T08:34:40+00:00","dateModified":"2015-04-09T14:41:38+00:00","mainEntityOfPage":{"@id":"https:\/\/www.rassegnastampa-totustuus.it\/cattolica\/leuropa-fatta-dagli-economisti-ha-schiacciato-i-popoli\/"},"wordCount":696,"publisher":{"@id":"https:\/\/www.rassegnastampa-totustuus.it\/cattolica\/#organization"},"image":{"@id":"https:\/\/www.rassegnastampa-totustuus.it\/cattolica\/leuropa-fatta-dagli-economisti-ha-schiacciato-i-popoli\/#primaryimage"},"thumbnailUrl":"https:\/\/www.rassegnastampa-totustuus.it\/cattolica\/wp-content\/uploads\/2011\/08\/euro.jpg","keywords":["euro","moneta unica"],"articleSection":["Economia","Europa e UE"],"inLanguage":"it-IT"},{"@type":"WebPage","@id":"https:\/\/www.rassegnastampa-totustuus.it\/cattolica\/leuropa-fatta-dagli-economisti-ha-schiacciato-i-popoli\/","url":"https:\/\/www.rassegnastampa-totustuus.it\/cattolica\/leuropa-fatta-dagli-economisti-ha-schiacciato-i-popoli\/","name":"L'Europa fatta dagli economisti ha schiacciato i popoli - Rassegna Stampa Cattolica","isPartOf":{"@id":"https:\/\/www.rassegnastampa-totustuus.it\/cattolica\/#website"},"primaryImageOfPage":{"@id":"https:\/\/www.rassegnastampa-totustuus.it\/cattolica\/leuropa-fatta-dagli-economisti-ha-schiacciato-i-popoli\/#primaryimage"},"image":{"@id":"https:\/\/www.rassegnastampa-totustuus.it\/cattolica\/leuropa-fatta-dagli-economisti-ha-schiacciato-i-popoli\/#primaryimage"},"thumbnailUrl":"https:\/\/www.rassegnastampa-totustuus.it\/cattolica\/wp-content\/uploads\/2011\/08\/euro.jpg","datePublished":"2011-08-16T08:34:40+00:00","dateModified":"2015-04-09T14:41:38+00:00","description":"Rassegna Stampa Cattolica - Per una cultura che nasce dalla Rivelazione cristiana in conformit\u00e0 alla tradizione e al Magistero della Chiesa in opposizione ad ogni relativismo e totalitarismo","breadcrumb":{"@id":"https:\/\/www.rassegnastampa-totustuus.it\/cattolica\/leuropa-fatta-dagli-economisti-ha-schiacciato-i-popoli\/#breadcrumb"},"inLanguage":"it-IT","potentialAction":[{"@type":"ReadAction","target":["https:\/\/www.rassegnastampa-totustuus.it\/cattolica\/leuropa-fatta-dagli-economisti-ha-schiacciato-i-popoli\/"]}]},{"@type":"ImageObject","inLanguage":"it-IT","@id":"https:\/\/www.rassegnastampa-totustuus.it\/cattolica\/leuropa-fatta-dagli-economisti-ha-schiacciato-i-popoli\/#primaryimage","url":"https:\/\/www.rassegnastampa-totustuus.it\/cattolica\/wp-content\/uploads\/2011\/08\/euro.jpg","contentUrl":"https:\/\/www.rassegnastampa-totustuus.it\/cattolica\/wp-content\/uploads\/2011\/08\/euro.jpg","width":284,"height":177,"caption":"Euro, unno sbaglio per l'Europa e l'Italia"},{"@type":"BreadcrumbList","@id":"https:\/\/www.rassegnastampa-totustuus.it\/cattolica\/leuropa-fatta-dagli-economisti-ha-schiacciato-i-popoli\/#breadcrumb","itemListElement":[{"@type":"ListItem","position":1,"name":"Home","item":"https:\/\/www.rassegnastampa-totustuus.it\/cattolica\/"},{"@type":"ListItem","position":2,"name":"L&#8217;Europa fatta dagli economisti ha schiacciato i popoli"}]},{"@type":"WebSite","@id":"https:\/\/www.rassegnastampa-totustuus.it\/cattolica\/#website","url":"https:\/\/www.rassegnastampa-totustuus.it\/cattolica\/","name":"Rassegna Stampa Cattolica","description":"Per una cultura che nasce dalla Rivelazione cristiana in conformit\u00e0 alla tradizione e al Magistero della Chiesa in opposizione ad ogni relativismo e totalitarismo","publisher":{"@id":"https:\/\/www.rassegnastampa-totustuus.it\/cattolica\/#organization"},"alternateName":"Rass. Cattolica","potentialAction":[{"@type":"SearchAction","target":{"@type":"EntryPoint","urlTemplate":"https:\/\/www.rassegnastampa-totustuus.it\/cattolica\/?s={search_term_string}"},"query-input":{"@type":"PropertyValueSpecification","valueRequired":true,"valueName":"search_term_string"}}],"inLanguage":"it-IT"},{"@type":"Organization","@id":"https:\/\/www.rassegnastampa-totustuus.it\/cattolica\/#organization","name":"Rassegna Stampa Cattolica","url":"https:\/\/www.rassegnastampa-totustuus.it\/cattolica\/","logo":{"@type":"ImageObject","inLanguage":"it-IT","@id":"https:\/\/www.rassegnastampa-totustuus.it\/cattolica\/#\/schema\/logo\/image\/","url":"https:\/\/www.rassegnastampa-totustuus.it\/cattolica\/wp-content\/uploads\/2014\/04\/logo-rassegna1.gif","contentUrl":"https:\/\/www.rassegnastampa-totustuus.it\/cattolica\/wp-content\/uploads\/2014\/04\/logo-rassegna1.gif","width":600,"height":163,"caption":"Rassegna Stampa Cattolica"},"image":{"@id":"https:\/\/www.rassegnastampa-totustuus.it\/cattolica\/#\/schema\/logo\/image\/"},"sameAs":["https:\/\/www.facebook.com\/rassegnastampacattolica","https:\/\/x.com\/rassegnastampa9"]},{"@type":"Person","@id":"https:\/\/www.rassegnastampa-totustuus.it\/cattolica\/#\/schema\/person\/08f319d2bd1a0904ad9e2bfb7b15e5c3","name":"Redazione","image":{"@type":"ImageObject","inLanguage":"it-IT","@id":"https:\/\/secure.gravatar.com\/avatar\/2fcdf27c78ea025fbdb44e914cc63c72249ffec9dc8aafd5c82b26240ef3f346?s=96&d=mm&r=g","url":"https:\/\/secure.gravatar.com\/avatar\/2fcdf27c78ea025fbdb44e914cc63c72249ffec9dc8aafd5c82b26240ef3f346?s=96&d=mm&r=g","contentUrl":"https:\/\/secure.gravatar.com\/avatar\/2fcdf27c78ea025fbdb44e914cc63c72249ffec9dc8aafd5c82b26240ef3f346?s=96&d=mm&r=g","caption":"Redazione"},"url":"https:\/\/www.rassegnastampa-totustuus.it\/cattolica\/author\/pietroelle\/"}]}},"_links":{"self":[{"href":"https:\/\/www.rassegnastampa-totustuus.it\/cattolica\/wp-json\/wp\/v2\/posts\/4652","targetHints":{"allow":["GET"]}}],"collection":[{"href":"https:\/\/www.rassegnastampa-totustuus.it\/cattolica\/wp-json\/wp\/v2\/posts"}],"about":[{"href":"https:\/\/www.rassegnastampa-totustuus.it\/cattolica\/wp-json\/wp\/v2\/types\/post"}],"author":[{"embeddable":true,"href":"https:\/\/www.rassegnastampa-totustuus.it\/cattolica\/wp-json\/wp\/v2\/users\/6"}],"replies":[{"embeddable":true,"href":"https:\/\/www.rassegnastampa-totustuus.it\/cattolica\/wp-json\/wp\/v2\/comments?post=4652"}],"version-history":[{"count":3,"href":"https:\/\/www.rassegnastampa-totustuus.it\/cattolica\/wp-json\/wp\/v2\/posts\/4652\/revisions"}],"predecessor-version":[{"id":22845,"href":"https:\/\/www.rassegnastampa-totustuus.it\/cattolica\/wp-json\/wp\/v2\/posts\/4652\/revisions\/22845"}],"wp:featuredmedia":[{"embeddable":true,"href":"https:\/\/www.rassegnastampa-totustuus.it\/cattolica\/wp-json\/wp\/v2\/media\/22844"}],"wp:attachment":[{"href":"https:\/\/www.rassegnastampa-totustuus.it\/cattolica\/wp-json\/wp\/v2\/media?parent=4652"}],"wp:term":[{"taxonomy":"category","embeddable":true,"href":"https:\/\/www.rassegnastampa-totustuus.it\/cattolica\/wp-json\/wp\/v2\/categories?post=4652"},{"taxonomy":"post_tag","embeddable":true,"href":"https:\/\/www.rassegnastampa-totustuus.it\/cattolica\/wp-json\/wp\/v2\/tags?post=4652"}],"curies":[{"name":"wp","href":"https:\/\/api.w.org\/{rel}","templated":true}]}}