{"id":4651,"date":"2011-08-05T09:35:57","date_gmt":"2011-08-05T07:35:57","guid":{"rendered":""},"modified":"2016-02-04T15:28:21","modified_gmt":"2016-02-04T14:28:21","slug":"libia-lincredibile-suicidio-dei-ribelli","status":"publish","type":"post","link":"https:\/\/www.rassegnastampa-totustuus.it\/cattolica\/libia-lincredibile-suicidio-dei-ribelli\/","title":{"rendered":"Libia, l&#8217;incredibile suicidio dei ribelli"},"content":{"rendered":"<div style=\"text-align: center;\"><strong><a href=\"https:\/\/www.rassegnastampa-totustuus.it\/cattolica\/wp-content\/uploads\/2011\/08\/Bengasi_war.jpg\"><img loading=\"lazy\" decoding=\"async\" class=\"alignright wp-image-30295\" src=\"https:\/\/www.rassegnastampa-totustuus.it\/cattolica\/wp-content\/uploads\/2011\/08\/Bengasi_war.jpg\" alt=\"Bengasi_war\" width=\"250\" height=\"189\" \/><\/a>La Bussola quotidiana<\/strong> 2 agosto 2011<\/div>\n<p style=\"text-align: center;\">di <strong>Gianandrea Gaiani<\/strong><\/p>\n<p style=\"text-align: justify;\">Avevano garantito di poter prendere Tripoli in poche settimane invece le truppe lealiste hanno dimostrato di poter colpire il cuore di Bengasi, la capitale dei ribelli. Questi ultimi, insieme alla Nato che ha lanciato raids aerei mirati, avrebbero dovuto uccidere Muammar Gheddafi, invece hanno cominciato a uccidersi tra loro con l&#8217;esecuzione di Abdel Fattah Younes, ex Ministro degli interni del regime schieratosi con i ribelli, dei quali era diventato il capo militare.<\/p>\n<p><!--more--><\/p>\n<div style=\"text-align: justify;\"><strong>La coalizione<\/strong> che ha riunito trib\u00f9 diverse e gruppi politici variegati (inclusi gli estremisti islamici) sembra andare in pezzi. La crisi tra le diverse anime del Consiglio nazionale di transizione (Cnt) era gi\u00e0 tangibile da tempo ma \u00e8 esplosa con l&#8217;uccisone di Younes, tutta ancora da chiarire. Richiamato a Bengasi dal fronte di Brega, dove guidava l&#8217;assalto alla roccaforte lealista, per rispondere a una fantomatica commissione che gli contestava rapporti con il regime e traffici di armi, Younes \u00e8 stato ucciso dagli stessi ribelli che lo avevano prelevato.<\/div>\n<p style=\"text-align: justify;\"><strong>Secondo<\/strong> un comandante insurrezionale, che ha preteso di restare anonimo, sarebbero stati alcuni fondamentalisti islamici unitisi alla rivolta ad averlo assassinato per vendicare le feroci rappresaglie ordinate dal generale quando era il numero due del regime contro i miliziani del GMIL (Gruppo Militante Islamico Libico). &#8220;Alcuni di quegli estremisti adesso stanno lottando al fianco di noi insorti, e si sono sempre rifiutati di combattere agli ordini di Younes, vedendolo anzi con sospetto&#8221;, ha spiegato.<\/p>\n<p style=\"text-align: justify;\"><strong>L&#8217;ufficiale ha aggiunto<\/strong> che lo stesso Mustafa Abdul Jalil, il presidente del Consiglio Nazionale Transitorio di Bengasi che due sere fa annunci\u00f2 la morte del capo di stato maggiore anti-regime, &#8220;non ha potuto accusare direttamente gli integralisti perch\u00e9 ne ha paura&#8221;.<\/p>\n<p style=\"text-align: justify;\">Secondo fonti del Cnt il leader del commando omicida sarebbe stato arrestato mentre gli esecutori materiali restano latitanti. Si tratterrebbe di miliziani della Brigata Obaida ibn Jarrah, una milizia che affianca i rivoltosi e che prende nome da uno dei compagni del profeta Maometto. Da Tripoli, il regime di Gheddafi ha accusato al-Qaeda dell&#8217;uccisione di Younes ma la pista islamista potrebbe costituire un comodo capro espiatorio per giustificare l&#8217;eliminazione di un uomo in realt\u00e0 scomodo per molti leader ribelli.<\/p>\n<p style=\"text-align: justify;\"><strong>Il bengasino Jallil<\/strong>, anche lui ex ministro di Gheddafi,\u00a0 ha sempre considerato Younes un pericoloso rivale anche perch\u00e9 era un esponente di spicco della potente trib\u00f9 degli Abdyat, di Tobruk, le cui milizie erano giunte in armi a Bengasi per chiedere la liberazione del generale e poi spiegazioni sulla sua morte.<\/p>\n<p style=\"text-align: justify;\"><strong>Secondo<\/strong> Abdullah Baio una delle sue guardie del corpo, Younes sarebbe stato portato in auto a Bengasi da uomini della Brigata 17 Febbraio, guidata dall&#8217;ex ingegnere petrolchimico Fawzi Bu Katef, uno dei comandanti che non aveva mai digerito l&#8217;incarico di Younis ai vertici militari dell&#8217;insurrezione.<\/p>\n<p style=\"text-align: justify;\">Un altro rivale di Younes \u00e8 il colonnello Khalifa Hifter, eroe della guerra in Ciad degli anni &#8217;80 e in seguito passato alla dissidenza fuggendo negli Stati Uniti dove ha vissuto per 20 anni sotto la protezione della Cia prima di tornare a Bengasi nel marzo scorso. L&#8217;uccisione di Younes e le sue conseguenze rendono e ancora pi\u00f9 evidenti l&#8217;incapacit\u00e0 militare dei ribelli libici e la loro instabilit\u00e0 politica.<\/p>\n<p style=\"text-align: justify;\"><strong>Nel tentativo<\/strong> di mostrare una forza politica inesistente Jallil ha decretato lo scioglimento delle diverse milizie che compongono l&#8217;esercito ribelle: per lo pi\u00f9 formazioni tribali ma anche politiche come quelle che si richiamano al GMIL o ai jihadisti di Derna. &#8221;E&#8217; ora di sciogliere queste milizie. Chiunque si rifiuter\u00e0 di porre in atto questo decreto verr\u00e0 processato&#8221;, ha detto il presidente del Cnt aggiungendo che le brigate della citt\u00e0 di Bengasi saranno assorbite dal ministero dell&#8217;Interno.<\/p>\n<p style=\"text-align: justify;\"><strong>Ventiquattrore ore dopo<\/strong> i funerali di Younes a Bengasi si \u00e8 per\u00f2 scatenata una battaglia che il Cnt attribuisce a un&#8217;incursione di uomini di Gheddafi che avrebbero liberato 300 prigionieri di guerra. Nello scontro sarebbero morti sei insorti e 31 lealisti sarebbero stati catturati ma molti sospettano che si sia trattato dell&#8217;inizio della guerra tra le diverse milizie degli insorti. Gli alleati della Nato, coloro per i quali italiani ed europei combattono da cinque mesi, sembrano quindi allo sbando e fa sorridere ricordare con quanta facilit\u00e0 \u00e8 stata attribuita loro da Washington, Londra, Parigi e Roma la patente di sinceri democratici e combattenti per la libert\u00e0.<\/p>\n<p style=\"text-align: justify;\"><strong>Solo pochi giorni<\/strong> or sono il Cnt \u00e8 stato invitato ad aprire sedi diplomatiche in Europa quale legittimo rappresentante del popolo libico. A quanto pare \u00e8 invece solo il rappresentante non molto legittimo di diverse milizie, incluse quelle jihadiste, pronte a sbranarsi tra loro (impiegando anche le armi fornite da Parigi e Roma) prima ancora di aver fatto cadere il regime di Gheddafi.<\/p>\n<p style=\"text-align: justify;\"><strong>Di fronte all&#8217;ottusa incapacit\u00e0<\/strong> di Unione Europea e Nato spicca per acutezza e lungimiranza il monito pi\u00f9 volte formulato dall&#8217;Unione Africana che ha pi\u00f9 volte messo in guardia la comunit\u00e0 internazionale contro il rischio di &#8220;feudalizzazione&#8221; di una Libia fuori controllo in mano a signori della guerra e milizie. Un&#8217;altra Somalia nel cuore del Mediterraneo a pochi chilometri dalle coste italiane.<\/p>\n","protected":false},"excerpt":{"rendered":"<p>La Bussola quotidiana 2 agosto 2011 di Gianandrea Gaiani Avevano garantito di poter prendere Tripoli in poche settimane invece le truppe lealiste hanno dimostrato di poter colpire il cuore di Bengasi, la capitale dei ribelli. Questi ultimi, insieme alla Nato che ha lanciato raids aerei mirati, avrebbero dovuto uccidere Muammar Gheddafi, invece hanno cominciato a &hellip; <\/p>\n<p><a class=\"more-link btn\" href=\"https:\/\/www.rassegnastampa-totustuus.it\/cattolica\/libia-lincredibile-suicidio-dei-ribelli\/\">Continua a leggere<\/a><\/p>\n","protected":false},"author":6,"featured_media":30295,"comment_status":"closed","ping_status":"open","sticky":false,"template":"","format":"standard","meta":{"footnotes":""},"categories":[39,108],"tags":[1915,1919],"class_list":["post-4651","post","type-post","status-publish","format-standard","has-post-thumbnail","hentry","category-africa","category-paesi-e-continenti","tag-libia","tag-primavere-arabe","item-wrap"],"yoast_head":"<!-- This site is optimized with the Yoast SEO plugin v27.5 - https:\/\/yoast.com\/product\/yoast-seo-wordpress\/ -->\n<title>Libia, l&#039;incredibile suicidio dei ribelli - Rassegna Stampa Cattolica<\/title>\n<meta name=\"description\" content=\"Rassegna Stampa Cattolica - Per una cultura che nasce dalla Rivelazione cristiana in conformit\u00e0 alla tradizione e al Magistero della Chiesa in opposizione ad ogni relativismo e totalitarismo\" \/>\n<meta name=\"robots\" content=\"index, follow, max-snippet:-1, max-image-preview:large, max-video-preview:-1\" \/>\n<link rel=\"canonical\" href=\"https:\/\/www.rassegnastampa-totustuus.it\/cattolica\/libia-lincredibile-suicidio-dei-ribelli\/\" \/>\n<meta property=\"og:locale\" content=\"it_IT\" \/>\n<meta property=\"og:type\" content=\"article\" \/>\n<meta property=\"og:title\" content=\"Libia, l&#039;incredibile suicidio dei ribelli - Rassegna Stampa Cattolica\" \/>\n<meta property=\"og:description\" content=\"Rassegna Stampa Cattolica - Per una cultura che nasce dalla Rivelazione cristiana in conformit\u00e0 alla tradizione e al Magistero della Chiesa in opposizione ad ogni relativismo e totalitarismo\" \/>\n<meta property=\"og:url\" content=\"https:\/\/www.rassegnastampa-totustuus.it\/cattolica\/libia-lincredibile-suicidio-dei-ribelli\/\" \/>\n<meta property=\"og:site_name\" content=\"Rassegna Stampa Cattolica\" \/>\n<meta property=\"article:publisher\" content=\"https:\/\/www.facebook.com\/rassegnastampacattolica\" \/>\n<meta property=\"article:published_time\" content=\"2011-08-05T07:35:57+00:00\" \/>\n<meta property=\"article:modified_time\" content=\"2016-02-04T14:28:21+00:00\" \/>\n<meta property=\"og:image\" content=\"https:\/\/www.rassegnastampa-totustuus.it\/cattolica\/wp-content\/uploads\/2011\/08\/Bengasi_war.jpg\" \/>\n\t<meta property=\"og:image:width\" content=\"258\" \/>\n\t<meta property=\"og:image:height\" content=\"195\" \/>\n\t<meta property=\"og:image:type\" content=\"image\/jpeg\" \/>\n<meta name=\"author\" content=\"Redazione\" \/>\n<meta name=\"twitter:card\" content=\"summary_large_image\" \/>\n<meta name=\"twitter:creator\" content=\"@rassegnastampa9\" \/>\n<meta name=\"twitter:site\" content=\"@rassegnastampa9\" \/>\n<meta name=\"twitter:label1\" content=\"Scritto da\" \/>\n\t<meta name=\"twitter:data1\" content=\"Redazione\" \/>\n\t<meta name=\"twitter:label2\" content=\"Tempo di lettura stimato\" \/>\n\t<meta name=\"twitter:data2\" content=\"4 minuti\" \/>\n<script type=\"application\/ld+json\" class=\"yoast-schema-graph\">{\"@context\":\"https:\\\/\\\/schema.org\",\"@graph\":[{\"@type\":\"Article\",\"@id\":\"https:\\\/\\\/www.rassegnastampa-totustuus.it\\\/cattolica\\\/libia-lincredibile-suicidio-dei-ribelli\\\/#article\",\"isPartOf\":{\"@id\":\"https:\\\/\\\/www.rassegnastampa-totustuus.it\\\/cattolica\\\/libia-lincredibile-suicidio-dei-ribelli\\\/\"},\"author\":{\"name\":\"Redazione\",\"@id\":\"https:\\\/\\\/www.rassegnastampa-totustuus.it\\\/cattolica\\\/#\\\/schema\\\/person\\\/08f319d2bd1a0904ad9e2bfb7b15e5c3\"},\"headline\":\"Libia, l&#8217;incredibile suicidio dei ribelli\",\"datePublished\":\"2011-08-05T07:35:57+00:00\",\"dateModified\":\"2016-02-04T14:28:21+00:00\",\"mainEntityOfPage\":{\"@id\":\"https:\\\/\\\/www.rassegnastampa-totustuus.it\\\/cattolica\\\/libia-lincredibile-suicidio-dei-ribelli\\\/\"},\"wordCount\":844,\"publisher\":{\"@id\":\"https:\\\/\\\/www.rassegnastampa-totustuus.it\\\/cattolica\\\/#organization\"},\"image\":{\"@id\":\"https:\\\/\\\/www.rassegnastampa-totustuus.it\\\/cattolica\\\/libia-lincredibile-suicidio-dei-ribelli\\\/#primaryimage\"},\"thumbnailUrl\":\"https:\\\/\\\/www.rassegnastampa-totustuus.it\\\/cattolica\\\/wp-content\\\/uploads\\\/2011\\\/08\\\/Bengasi_war.jpg\",\"keywords\":[\"Libia\",\"primavere arabe\"],\"articleSection\":[\"Africa\",\"Paesi e continenti\"],\"inLanguage\":\"it-IT\"},{\"@type\":\"WebPage\",\"@id\":\"https:\\\/\\\/www.rassegnastampa-totustuus.it\\\/cattolica\\\/libia-lincredibile-suicidio-dei-ribelli\\\/\",\"url\":\"https:\\\/\\\/www.rassegnastampa-totustuus.it\\\/cattolica\\\/libia-lincredibile-suicidio-dei-ribelli\\\/\",\"name\":\"Libia, l'incredibile suicidio dei ribelli - Rassegna Stampa Cattolica\",\"isPartOf\":{\"@id\":\"https:\\\/\\\/www.rassegnastampa-totustuus.it\\\/cattolica\\\/#website\"},\"primaryImageOfPage\":{\"@id\":\"https:\\\/\\\/www.rassegnastampa-totustuus.it\\\/cattolica\\\/libia-lincredibile-suicidio-dei-ribelli\\\/#primaryimage\"},\"image\":{\"@id\":\"https:\\\/\\\/www.rassegnastampa-totustuus.it\\\/cattolica\\\/libia-lincredibile-suicidio-dei-ribelli\\\/#primaryimage\"},\"thumbnailUrl\":\"https:\\\/\\\/www.rassegnastampa-totustuus.it\\\/cattolica\\\/wp-content\\\/uploads\\\/2011\\\/08\\\/Bengasi_war.jpg\",\"datePublished\":\"2011-08-05T07:35:57+00:00\",\"dateModified\":\"2016-02-04T14:28:21+00:00\",\"description\":\"Rassegna Stampa Cattolica - Per una cultura che nasce dalla Rivelazione cristiana in conformit\u00e0 alla tradizione e al Magistero della Chiesa in opposizione ad ogni relativismo e totalitarismo\",\"breadcrumb\":{\"@id\":\"https:\\\/\\\/www.rassegnastampa-totustuus.it\\\/cattolica\\\/libia-lincredibile-suicidio-dei-ribelli\\\/#breadcrumb\"},\"inLanguage\":\"it-IT\",\"potentialAction\":[{\"@type\":\"ReadAction\",\"target\":[\"https:\\\/\\\/www.rassegnastampa-totustuus.it\\\/cattolica\\\/libia-lincredibile-suicidio-dei-ribelli\\\/\"]}]},{\"@type\":\"ImageObject\",\"inLanguage\":\"it-IT\",\"@id\":\"https:\\\/\\\/www.rassegnastampa-totustuus.it\\\/cattolica\\\/libia-lincredibile-suicidio-dei-ribelli\\\/#primaryimage\",\"url\":\"https:\\\/\\\/www.rassegnastampa-totustuus.it\\\/cattolica\\\/wp-content\\\/uploads\\\/2011\\\/08\\\/Bengasi_war.jpg\",\"contentUrl\":\"https:\\\/\\\/www.rassegnastampa-totustuus.it\\\/cattolica\\\/wp-content\\\/uploads\\\/2011\\\/08\\\/Bengasi_war.jpg\",\"width\":258,\"height\":195},{\"@type\":\"BreadcrumbList\",\"@id\":\"https:\\\/\\\/www.rassegnastampa-totustuus.it\\\/cattolica\\\/libia-lincredibile-suicidio-dei-ribelli\\\/#breadcrumb\",\"itemListElement\":[{\"@type\":\"ListItem\",\"position\":1,\"name\":\"Home\",\"item\":\"https:\\\/\\\/www.rassegnastampa-totustuus.it\\\/cattolica\\\/\"},{\"@type\":\"ListItem\",\"position\":2,\"name\":\"Libia, l&#8217;incredibile suicidio dei ribelli\"}]},{\"@type\":\"WebSite\",\"@id\":\"https:\\\/\\\/www.rassegnastampa-totustuus.it\\\/cattolica\\\/#website\",\"url\":\"https:\\\/\\\/www.rassegnastampa-totustuus.it\\\/cattolica\\\/\",\"name\":\"Rassegna Stampa Cattolica\",\"description\":\"Per una cultura che nasce dalla Rivelazione cristiana in conformit\u00e0 alla tradizione e al Magistero della Chiesa in opposizione ad ogni relativismo e totalitarismo\",\"publisher\":{\"@id\":\"https:\\\/\\\/www.rassegnastampa-totustuus.it\\\/cattolica\\\/#organization\"},\"alternateName\":\"Rass. Cattolica\",\"potentialAction\":[{\"@type\":\"SearchAction\",\"target\":{\"@type\":\"EntryPoint\",\"urlTemplate\":\"https:\\\/\\\/www.rassegnastampa-totustuus.it\\\/cattolica\\\/?s={search_term_string}\"},\"query-input\":{\"@type\":\"PropertyValueSpecification\",\"valueRequired\":true,\"valueName\":\"search_term_string\"}}],\"inLanguage\":\"it-IT\"},{\"@type\":\"Organization\",\"@id\":\"https:\\\/\\\/www.rassegnastampa-totustuus.it\\\/cattolica\\\/#organization\",\"name\":\"Rassegna Stampa Cattolica\",\"url\":\"https:\\\/\\\/www.rassegnastampa-totustuus.it\\\/cattolica\\\/\",\"logo\":{\"@type\":\"ImageObject\",\"inLanguage\":\"it-IT\",\"@id\":\"https:\\\/\\\/www.rassegnastampa-totustuus.it\\\/cattolica\\\/#\\\/schema\\\/logo\\\/image\\\/\",\"url\":\"https:\\\/\\\/www.rassegnastampa-totustuus.it\\\/cattolica\\\/wp-content\\\/uploads\\\/2014\\\/04\\\/logo-rassegna1.gif\",\"contentUrl\":\"https:\\\/\\\/www.rassegnastampa-totustuus.it\\\/cattolica\\\/wp-content\\\/uploads\\\/2014\\\/04\\\/logo-rassegna1.gif\",\"width\":600,\"height\":163,\"caption\":\"Rassegna Stampa Cattolica\"},\"image\":{\"@id\":\"https:\\\/\\\/www.rassegnastampa-totustuus.it\\\/cattolica\\\/#\\\/schema\\\/logo\\\/image\\\/\"},\"sameAs\":[\"https:\\\/\\\/www.facebook.com\\\/rassegnastampacattolica\",\"https:\\\/\\\/x.com\\\/rassegnastampa9\"]},{\"@type\":\"Person\",\"@id\":\"https:\\\/\\\/www.rassegnastampa-totustuus.it\\\/cattolica\\\/#\\\/schema\\\/person\\\/08f319d2bd1a0904ad9e2bfb7b15e5c3\",\"name\":\"Redazione\",\"image\":{\"@type\":\"ImageObject\",\"inLanguage\":\"it-IT\",\"@id\":\"https:\\\/\\\/secure.gravatar.com\\\/avatar\\\/2fcdf27c78ea025fbdb44e914cc63c72249ffec9dc8aafd5c82b26240ef3f346?s=96&d=mm&r=g\",\"url\":\"https:\\\/\\\/secure.gravatar.com\\\/avatar\\\/2fcdf27c78ea025fbdb44e914cc63c72249ffec9dc8aafd5c82b26240ef3f346?s=96&d=mm&r=g\",\"contentUrl\":\"https:\\\/\\\/secure.gravatar.com\\\/avatar\\\/2fcdf27c78ea025fbdb44e914cc63c72249ffec9dc8aafd5c82b26240ef3f346?s=96&d=mm&r=g\",\"caption\":\"Redazione\"},\"url\":\"https:\\\/\\\/www.rassegnastampa-totustuus.it\\\/cattolica\\\/author\\\/pietroelle\\\/\"}]}<\/script>\n<!-- \/ Yoast SEO plugin. -->","yoast_head_json":{"title":"Libia, l'incredibile suicidio dei ribelli - Rassegna Stampa Cattolica","description":"Rassegna Stampa Cattolica - Per una cultura che nasce dalla Rivelazione cristiana in conformit\u00e0 alla tradizione e al Magistero della Chiesa in opposizione ad ogni relativismo e totalitarismo","robots":{"index":"index","follow":"follow","max-snippet":"max-snippet:-1","max-image-preview":"max-image-preview:large","max-video-preview":"max-video-preview:-1"},"canonical":"https:\/\/www.rassegnastampa-totustuus.it\/cattolica\/libia-lincredibile-suicidio-dei-ribelli\/","og_locale":"it_IT","og_type":"article","og_title":"Libia, l'incredibile suicidio dei ribelli - Rassegna Stampa Cattolica","og_description":"Rassegna Stampa Cattolica - Per una cultura che nasce dalla Rivelazione cristiana in conformit\u00e0 alla tradizione e al Magistero della Chiesa in opposizione ad ogni relativismo e totalitarismo","og_url":"https:\/\/www.rassegnastampa-totustuus.it\/cattolica\/libia-lincredibile-suicidio-dei-ribelli\/","og_site_name":"Rassegna Stampa Cattolica","article_publisher":"https:\/\/www.facebook.com\/rassegnastampacattolica","article_published_time":"2011-08-05T07:35:57+00:00","article_modified_time":"2016-02-04T14:28:21+00:00","og_image":[{"width":258,"height":195,"url":"https:\/\/www.rassegnastampa-totustuus.it\/cattolica\/wp-content\/uploads\/2011\/08\/Bengasi_war.jpg","type":"image\/jpeg"}],"author":"Redazione","twitter_card":"summary_large_image","twitter_creator":"@rassegnastampa9","twitter_site":"@rassegnastampa9","twitter_misc":{"Scritto da":"Redazione","Tempo di lettura stimato":"4 minuti"},"schema":{"@context":"https:\/\/schema.org","@graph":[{"@type":"Article","@id":"https:\/\/www.rassegnastampa-totustuus.it\/cattolica\/libia-lincredibile-suicidio-dei-ribelli\/#article","isPartOf":{"@id":"https:\/\/www.rassegnastampa-totustuus.it\/cattolica\/libia-lincredibile-suicidio-dei-ribelli\/"},"author":{"name":"Redazione","@id":"https:\/\/www.rassegnastampa-totustuus.it\/cattolica\/#\/schema\/person\/08f319d2bd1a0904ad9e2bfb7b15e5c3"},"headline":"Libia, l&#8217;incredibile suicidio dei ribelli","datePublished":"2011-08-05T07:35:57+00:00","dateModified":"2016-02-04T14:28:21+00:00","mainEntityOfPage":{"@id":"https:\/\/www.rassegnastampa-totustuus.it\/cattolica\/libia-lincredibile-suicidio-dei-ribelli\/"},"wordCount":844,"publisher":{"@id":"https:\/\/www.rassegnastampa-totustuus.it\/cattolica\/#organization"},"image":{"@id":"https:\/\/www.rassegnastampa-totustuus.it\/cattolica\/libia-lincredibile-suicidio-dei-ribelli\/#primaryimage"},"thumbnailUrl":"https:\/\/www.rassegnastampa-totustuus.it\/cattolica\/wp-content\/uploads\/2011\/08\/Bengasi_war.jpg","keywords":["Libia","primavere arabe"],"articleSection":["Africa","Paesi e continenti"],"inLanguage":"it-IT"},{"@type":"WebPage","@id":"https:\/\/www.rassegnastampa-totustuus.it\/cattolica\/libia-lincredibile-suicidio-dei-ribelli\/","url":"https:\/\/www.rassegnastampa-totustuus.it\/cattolica\/libia-lincredibile-suicidio-dei-ribelli\/","name":"Libia, l'incredibile suicidio dei ribelli - Rassegna Stampa Cattolica","isPartOf":{"@id":"https:\/\/www.rassegnastampa-totustuus.it\/cattolica\/#website"},"primaryImageOfPage":{"@id":"https:\/\/www.rassegnastampa-totustuus.it\/cattolica\/libia-lincredibile-suicidio-dei-ribelli\/#primaryimage"},"image":{"@id":"https:\/\/www.rassegnastampa-totustuus.it\/cattolica\/libia-lincredibile-suicidio-dei-ribelli\/#primaryimage"},"thumbnailUrl":"https:\/\/www.rassegnastampa-totustuus.it\/cattolica\/wp-content\/uploads\/2011\/08\/Bengasi_war.jpg","datePublished":"2011-08-05T07:35:57+00:00","dateModified":"2016-02-04T14:28:21+00:00","description":"Rassegna Stampa Cattolica - Per una cultura che nasce dalla Rivelazione cristiana in conformit\u00e0 alla tradizione e al Magistero della Chiesa in opposizione ad ogni relativismo e totalitarismo","breadcrumb":{"@id":"https:\/\/www.rassegnastampa-totustuus.it\/cattolica\/libia-lincredibile-suicidio-dei-ribelli\/#breadcrumb"},"inLanguage":"it-IT","potentialAction":[{"@type":"ReadAction","target":["https:\/\/www.rassegnastampa-totustuus.it\/cattolica\/libia-lincredibile-suicidio-dei-ribelli\/"]}]},{"@type":"ImageObject","inLanguage":"it-IT","@id":"https:\/\/www.rassegnastampa-totustuus.it\/cattolica\/libia-lincredibile-suicidio-dei-ribelli\/#primaryimage","url":"https:\/\/www.rassegnastampa-totustuus.it\/cattolica\/wp-content\/uploads\/2011\/08\/Bengasi_war.jpg","contentUrl":"https:\/\/www.rassegnastampa-totustuus.it\/cattolica\/wp-content\/uploads\/2011\/08\/Bengasi_war.jpg","width":258,"height":195},{"@type":"BreadcrumbList","@id":"https:\/\/www.rassegnastampa-totustuus.it\/cattolica\/libia-lincredibile-suicidio-dei-ribelli\/#breadcrumb","itemListElement":[{"@type":"ListItem","position":1,"name":"Home","item":"https:\/\/www.rassegnastampa-totustuus.it\/cattolica\/"},{"@type":"ListItem","position":2,"name":"Libia, l&#8217;incredibile suicidio dei ribelli"}]},{"@type":"WebSite","@id":"https:\/\/www.rassegnastampa-totustuus.it\/cattolica\/#website","url":"https:\/\/www.rassegnastampa-totustuus.it\/cattolica\/","name":"Rassegna Stampa Cattolica","description":"Per una cultura che nasce dalla Rivelazione cristiana in conformit\u00e0 alla tradizione e al Magistero della Chiesa in opposizione ad ogni relativismo e totalitarismo","publisher":{"@id":"https:\/\/www.rassegnastampa-totustuus.it\/cattolica\/#organization"},"alternateName":"Rass. Cattolica","potentialAction":[{"@type":"SearchAction","target":{"@type":"EntryPoint","urlTemplate":"https:\/\/www.rassegnastampa-totustuus.it\/cattolica\/?s={search_term_string}"},"query-input":{"@type":"PropertyValueSpecification","valueRequired":true,"valueName":"search_term_string"}}],"inLanguage":"it-IT"},{"@type":"Organization","@id":"https:\/\/www.rassegnastampa-totustuus.it\/cattolica\/#organization","name":"Rassegna Stampa Cattolica","url":"https:\/\/www.rassegnastampa-totustuus.it\/cattolica\/","logo":{"@type":"ImageObject","inLanguage":"it-IT","@id":"https:\/\/www.rassegnastampa-totustuus.it\/cattolica\/#\/schema\/logo\/image\/","url":"https:\/\/www.rassegnastampa-totustuus.it\/cattolica\/wp-content\/uploads\/2014\/04\/logo-rassegna1.gif","contentUrl":"https:\/\/www.rassegnastampa-totustuus.it\/cattolica\/wp-content\/uploads\/2014\/04\/logo-rassegna1.gif","width":600,"height":163,"caption":"Rassegna Stampa Cattolica"},"image":{"@id":"https:\/\/www.rassegnastampa-totustuus.it\/cattolica\/#\/schema\/logo\/image\/"},"sameAs":["https:\/\/www.facebook.com\/rassegnastampacattolica","https:\/\/x.com\/rassegnastampa9"]},{"@type":"Person","@id":"https:\/\/www.rassegnastampa-totustuus.it\/cattolica\/#\/schema\/person\/08f319d2bd1a0904ad9e2bfb7b15e5c3","name":"Redazione","image":{"@type":"ImageObject","inLanguage":"it-IT","@id":"https:\/\/secure.gravatar.com\/avatar\/2fcdf27c78ea025fbdb44e914cc63c72249ffec9dc8aafd5c82b26240ef3f346?s=96&d=mm&r=g","url":"https:\/\/secure.gravatar.com\/avatar\/2fcdf27c78ea025fbdb44e914cc63c72249ffec9dc8aafd5c82b26240ef3f346?s=96&d=mm&r=g","contentUrl":"https:\/\/secure.gravatar.com\/avatar\/2fcdf27c78ea025fbdb44e914cc63c72249ffec9dc8aafd5c82b26240ef3f346?s=96&d=mm&r=g","caption":"Redazione"},"url":"https:\/\/www.rassegnastampa-totustuus.it\/cattolica\/author\/pietroelle\/"}]}},"_links":{"self":[{"href":"https:\/\/www.rassegnastampa-totustuus.it\/cattolica\/wp-json\/wp\/v2\/posts\/4651","targetHints":{"allow":["GET"]}}],"collection":[{"href":"https:\/\/www.rassegnastampa-totustuus.it\/cattolica\/wp-json\/wp\/v2\/posts"}],"about":[{"href":"https:\/\/www.rassegnastampa-totustuus.it\/cattolica\/wp-json\/wp\/v2\/types\/post"}],"author":[{"embeddable":true,"href":"https:\/\/www.rassegnastampa-totustuus.it\/cattolica\/wp-json\/wp\/v2\/users\/6"}],"replies":[{"embeddable":true,"href":"https:\/\/www.rassegnastampa-totustuus.it\/cattolica\/wp-json\/wp\/v2\/comments?post=4651"}],"version-history":[{"count":4,"href":"https:\/\/www.rassegnastampa-totustuus.it\/cattolica\/wp-json\/wp\/v2\/posts\/4651\/revisions"}],"predecessor-version":[{"id":30296,"href":"https:\/\/www.rassegnastampa-totustuus.it\/cattolica\/wp-json\/wp\/v2\/posts\/4651\/revisions\/30296"}],"wp:featuredmedia":[{"embeddable":true,"href":"https:\/\/www.rassegnastampa-totustuus.it\/cattolica\/wp-json\/wp\/v2\/media\/30295"}],"wp:attachment":[{"href":"https:\/\/www.rassegnastampa-totustuus.it\/cattolica\/wp-json\/wp\/v2\/media?parent=4651"}],"wp:term":[{"taxonomy":"category","embeddable":true,"href":"https:\/\/www.rassegnastampa-totustuus.it\/cattolica\/wp-json\/wp\/v2\/categories?post=4651"},{"taxonomy":"post_tag","embeddable":true,"href":"https:\/\/www.rassegnastampa-totustuus.it\/cattolica\/wp-json\/wp\/v2\/tags?post=4651"}],"curies":[{"name":"wp","href":"https:\/\/api.w.org\/{rel}","templated":true}]}}