{"id":46471,"date":"2020-02-27T00:00:10","date_gmt":"2020-02-26T23:00:10","guid":{"rendered":"http:\/\/www.rassegnastampa-totustuus.it\/cattolica\/?p=46471"},"modified":"2020-02-18T11:59:46","modified_gmt":"2020-02-18T10:59:46","slug":"dallauto-elettrica-alleolico-tutte-le-fisse-ambientaliste-che-non-sono-poi-cosi-eco-friendly-ma-costosissime","status":"publish","type":"post","link":"https:\/\/www.rassegnastampa-totustuus.it\/cattolica\/dallauto-elettrica-alleolico-tutte-le-fisse-ambientaliste-che-non-sono-poi-cosi-eco-friendly-ma-costosissime\/","title":{"rendered":"Dall\u2019auto elettrica all\u2019eolico, tutte le fisse ambientaliste che non sono poi cos\u00ec eco-friendly ma costosissime"},"content":{"rendered":"<p style=\"text-align: center;\"><strong><a href=\"https:\/\/www.rassegnastampa-totustuus.it\/cattolica\/wp-content\/uploads\/2019\/08\/eolico_ambientalismo.jpg\"><img loading=\"lazy\" decoding=\"async\" class=\" wp-image-44077 alignright\" src=\"https:\/\/www.rassegnastampa-totustuus.it\/cattolica\/wp-content\/uploads\/2019\/08\/eolico_ambientalismo-300x200.jpg\" alt=\"\" width=\"236\" height=\"157\" srcset=\"https:\/\/www.rassegnastampa-totustuus.it\/cattolica\/wp-content\/uploads\/2019\/08\/eolico_ambientalismo-300x200.jpg 300w, https:\/\/www.rassegnastampa-totustuus.it\/cattolica\/wp-content\/uploads\/2019\/08\/eolico_ambientalismo-768x512.jpg 768w, https:\/\/www.rassegnastampa-totustuus.it\/cattolica\/wp-content\/uploads\/2019\/08\/eolico_ambientalismo-1024x683.jpg 1024w, https:\/\/www.rassegnastampa-totustuus.it\/cattolica\/wp-content\/uploads\/2019\/08\/eolico_ambientalismo.jpg 1600w\" sizes=\"auto, (max-width: 236px) 100vw, 236px\" \/><\/a>Atlantico<\/strong><\/p>\n<p style=\"text-align: center;\">17 Febbraio 2020<strong> &nbsp;<\/strong><\/p>\n<p style=\"text-align: center;\">di <strong>Anna Bono<\/strong><\/p>\n<p style=\"text-align: justify;\">Nell\u2019ultimo libro di Nicola Porro, <em>\u201cLe tasse invisibili\u201d<\/em>, c\u2019\u00e8 un capitolo intitolato <em>\u201cL\u2019ipocrisia delle tasse sull\u2019ambiente\u201d<\/em>. Spiega come si \u00e8 arrivati a imporre, facendole persino approvare come buone e lodevoli, le \u201ctasse ambientali\u201d, quelle introdotte per ridurre le emissioni di gas serra, CO2 e CH4.<\/p>\n<p><!--more--><\/p>\n<p style=\"text-align: justify;\">Con i suoi dissennati comportamenti, l\u2019uomo sta trasformando la Terra in un pianeta rovente, dicono i movimenti ambientalisti. \u00c8 tempo che rimedi anche a costo di sacrifici e rinunce, avviando una transizione ecologica, verso fonti di energia <em>\u201cgreen\u201d<\/em>.<\/p>\n<p style=\"text-align: justify;\"><a href=\"https:\/\/www.rassegnastampa-totustuus.it\/cattolica\/wp-content\/uploads\/2019\/06\/green-new-deal.jpg\"><img loading=\"lazy\" decoding=\"async\" class=\"size-full wp-image-43263 alignleft\" src=\"https:\/\/www.rassegnastampa-totustuus.it\/cattolica\/wp-content\/uploads\/2019\/06\/green-new-deal.jpg\" alt=\"\" width=\"262\" height=\"192\"><\/a>L\u2019Europa ha un piano di investimenti da adesso al 2030 per circa mille miliardi di euro, un <em>Green New Deal<\/em> a scapito di altri progetti che graver\u00e0 sulle tasche dei contribuenti. La riduzione del CO2, spiega Nicola Porro, coster\u00e0 agli italiani non meno di 240 miliardi.<\/p>\n<p style=\"text-align: justify;\">Invano migliaia di scienziati avvertono che il <em>global warming<\/em> di origine antropica \u00e8 una congettura, non ha fondamento scientifico, e quindi \u00e8 da irresponsabili impostare su di essa le politiche economiche e sociali nazionali ed europee.<\/p>\n<p style=\"text-align: justify;\">Tutto deve diventare <em>\u201cgreen\u201d<\/em>, ecosostenibile, rinnovabile e su che cosa lo \u00e8 o non lo \u00e8 non si ammettono dubbi. Ad esempio, la <em>Tesla Model 3<\/em>, del tutto elettrica, \u00e8 universalmente ritenuta un\u2019auto davvero <em>\u201cgreen\u201d<\/em>, amica dell\u2019ambiente perch\u00e9 produce poco CO2.<\/p>\n<p style=\"text-align: justify;\"><a href=\"https:\/\/www.rassegnastampa-totustuus.it\/cattolica\/wp-content\/uploads\/2018\/03\/auto_elettrica.jpg\"><img loading=\"lazy\" decoding=\"async\" class=\"size-full wp-image-39917 alignright\" src=\"https:\/\/www.rassegnastampa-totustuus.it\/cattolica\/wp-content\/uploads\/2018\/03\/auto_elettrica.jpg\" alt=\"\" width=\"269\" height=\"187\"><\/a>Invece il suo impatto ambientale, della sua batteria e della ricarica, soprattutto dove questa viene fatta usando lignite come in Germania, forse non \u00e8 poi cos\u00ec \u201camichevole\u201d. Leggendo il libro di Nicola Porro si scopre che nel 2019 il centro studi tedesco <em>CEsifo <\/em>ha messo a confronto le sue emissioni con quelle di un <em>Mercedes<\/em> diesel di ultima generazione arrivando alla conclusione che, mentre la <em>Tesla <\/em>immette nell\u2019ambiente tra 155 e 180 grammi di CO2 per chilometro, il <em>Mercedes <\/em>ne immette solo 141.<\/p>\n<p style=\"text-align: justify;\"><a href=\"https:\/\/www.rassegnastampa-totustuus.it\/cattolica\/wp-content\/uploads\/2019\/11\/auto_traffico_citt\u00e0.jpg\"><img loading=\"lazy\" decoding=\"async\" class=\" wp-image-45023 alignleft\" src=\"https:\/\/www.rassegnastampa-totustuus.it\/cattolica\/wp-content\/uploads\/2019\/11\/auto_traffico_citt\u00e0-300x169.jpg\" alt=\"\" width=\"257\" height=\"145\" srcset=\"https:\/\/www.rassegnastampa-totustuus.it\/cattolica\/wp-content\/uploads\/2019\/11\/auto_traffico_citt\u00e0-300x169.jpg 300w, https:\/\/www.rassegnastampa-totustuus.it\/cattolica\/wp-content\/uploads\/2019\/11\/auto_traffico_citt\u00e0-768x432.jpg 768w, https:\/\/www.rassegnastampa-totustuus.it\/cattolica\/wp-content\/uploads\/2019\/11\/auto_traffico_citt\u00e0-1024x576.jpg 1024w, https:\/\/www.rassegnastampa-totustuus.it\/cattolica\/wp-content\/uploads\/2019\/11\/auto_traffico_citt\u00e0.jpg 1920w\" sizes=\"auto, (max-width: 257px) 100vw, 257px\" \/><\/a>Tuttavia, il diesel ormai \u00e8 condannato, chi ancora usa macchine diesel \u00e8 bollato come una specie di \u201cmonatto\u201d che attenta alla salute del pianeta. Quanto alle energie rinnovabili, guai a mettere in discussione che siano il futuro e la salvezza del pianeta: sostenibili, inesauribili, pulite.<\/p>\n<p style=\"text-align: justify;\">\u00c8 dovere di ogni cittadino contribuire a realizzare la transizione abbandonando le altre: individualmente, ciascuno a casa propria, e premendo sui rispettivi governi affinch\u00e9 le adottino. Molti Paesi si sono impegnati a usare solo energia pulita entro il 2050. L\u2019Ipcc (<em>Intergovermental Panel on Climate Change<\/em>) ha classificato le fonti di energia in base alla loro emissione di CO2.<\/p>\n<p style=\"text-align: justify;\"><a href=\"https:\/\/www.rassegnastampa-totustuus.it\/cattolica\/wp-content\/uploads\/2012\/12\/fotovoltaico_energia.jpg\"><img loading=\"lazy\" decoding=\"async\" class=\"size-full wp-image-45049 alignright\" src=\"https:\/\/www.rassegnastampa-totustuus.it\/cattolica\/wp-content\/uploads\/2012\/12\/fotovoltaico_energia.jpg\" alt=\"\" width=\"275\" height=\"184\"><\/a>Risulta che le peggiori sono il carbone e il gas. L\u2019energia migliore \u00e8 quella prodotta dalle turbine eoliche, con zero emissioni dirette e 11 grammi per quelle a terra e 12 per quelle in mare per quel che riguarda le emissioni nel ciclo di vita. Il suo utilizzo sembrerebbe quindi presentare solo indiscutibili vantaggi. Ma non \u00e8 cos\u00ec.<\/p>\n<p style=\"text-align: justify;\">Ovviamente per funzionare le turbine eoliche hanno bisogno del vento, che non sempre spira, ed \u00e8 stato criticato da tempo il loro elevato impatto paesaggistico, ad esempio, e il danno che rappresentano per l\u2019avifauna. Adesso emerge anche il problema di come smaltirle al termine del loro ciclo di vita che al massimo \u00e8 di 20-25 anni.<\/p>\n<p style=\"text-align: justify;\">Gli Stati Uniti prevedono di doverne rinnovare circa 8.000 all\u2019anno nei prossimi quattro anni, l\u2019Europa circa 3.800 all\u2019anno e, dopo il 2022, molte di pi\u00f9. In tutto il mondo si tratta di smaltirne decine di migliaia e il problema non pu\u00f2 che aumentare.<\/p>\n<p style=\"text-align: justify;\"><a href=\"https:\/\/www.rassegnastampa-totustuus.it\/cattolica\/wp-content\/uploads\/2020\/02\/ambiente_energia_eolico.jpg\"><img loading=\"lazy\" decoding=\"async\" class=\"size-full wp-image-46472 alignleft\" src=\"https:\/\/www.rassegnastampa-totustuus.it\/cattolica\/wp-content\/uploads\/2020\/02\/ambiente_energia_eolico.jpg\" alt=\"\" width=\"283\" height=\"178\"><\/a>Le pale delle turbine eoliche di media taglia sono lunghe da 20 a 50 metri e superano i 50 metri nel caso di quelle pi\u00f9 grandi. La turbina <em>MHI Vestas V164<\/em> ha tre pale lunghe 80 metri, ciascuna del peso di 33 tonnellate, \u00e8 alta 220 metri (oltre due terzi della Torre Eiffel) e pesa 5.900 tonnellate (pi\u00f9 di 10 <em>Airbus 380<\/em> a pieno carico). La <em>off shore Adwen AD-180<\/em> pesa 86 tonnellate e le sue pale sono lunghe 88,4 metri.<\/p>\n<p style=\"text-align: justify;\">Il primo problema, per smaltirle, \u00e8 portarle via. Vanno tagliate almeno in tre pezzi e non \u00e8 semplice perch\u00e9 sono fatte di materiali che devono resistere al continuo impatto delle particelle trasportate dal vento a velocit\u00e0 elevate, a temperature molto alte o molto basse, a grandi quantit\u00e0 di polvere, all\u2019intensa esposizione ai raggi ultravioletti e a fenomeni meteorologici estremi come gli uragani.<\/p>\n<p style=\"text-align: justify;\"><a href=\"https:\/\/www.rassegnastampa-totustuus.it\/cattolica\/wp-content\/uploads\/2020\/02\/ambiente_energia_eolico-1.jpg\"><img loading=\"lazy\" decoding=\"async\" class=\"size-medium wp-image-46473 alignright\" src=\"https:\/\/www.rassegnastampa-totustuus.it\/cattolica\/wp-content\/uploads\/2020\/02\/ambiente_energia_eolico-1-300x168.jpg\" alt=\"\" width=\"300\" height=\"168\"><\/a>Il non facile lavoro di segarle va fatto all\u2019aperto usando speciali seghe diamantate e libera una quantit\u00e0 di microfibre di vetro, resine epossidiche derivate dal petrolio e altri materiali inquinanti. Non \u00e8 facile farle a pezzi, ma neanche riciclarle e riutilizzarle.<\/p>\n<p style=\"text-align: justify;\">Per il momento vengono quasi sempre portate in discariche create apposta dove sono interrate per evitare che inquinino l\u2019ambiente. Ma vuol dire accumulare quantit\u00e0 enormi di rifiuti non biodegradabili. Alcune pale in Europa vengono bruciate nelle fornaci che producono cemento o nelle centrali elettrice, ma l\u2019energia che se ne ricava \u00e8 poca e irregolare e bruciare fibre di vetro inquina.<\/p>\n<p style=\"text-align: justify;\"><a href=\"https:\/\/www.rassegnastampa-totustuus.it\/cattolica\/wp-content\/uploads\/2019\/09\/ambiente_Greta.jpg\"><img loading=\"lazy\" decoding=\"async\" class=\" wp-image-44422 alignleft\" src=\"https:\/\/www.rassegnastampa-totustuus.it\/cattolica\/wp-content\/uploads\/2019\/09\/ambiente_Greta-300x168.jpg\" alt=\"\" width=\"270\" height=\"151\" srcset=\"https:\/\/www.rassegnastampa-totustuus.it\/cattolica\/wp-content\/uploads\/2019\/09\/ambiente_Greta-300x168.jpg 300w, https:\/\/www.rassegnastampa-totustuus.it\/cattolica\/wp-content\/uploads\/2019\/09\/ambiente_Greta-768x430.jpg 768w, https:\/\/www.rassegnastampa-totustuus.it\/cattolica\/wp-content\/uploads\/2019\/09\/ambiente_Greta-1024x574.jpg 1024w, https:\/\/www.rassegnastampa-totustuus.it\/cattolica\/wp-content\/uploads\/2019\/09\/ambiente_Greta.jpg 1124w\" sizes=\"auto, (max-width: 270px) 100vw, 270px\" \/><\/a>Il gruppo <em>Veolia <\/em>ha avviato un progetto pilota per frantumarle riducendole in polvere e cercando di estrarne delle sostanze chimiche. La <em>Global Fiberglass Solutions<\/em> ha sviluppato un metodo per ridurle in granuli e trucioli che possono essere impiegati nella costruzione di pavimenti e muri. \u201cL\u2019ultima cosa che vogliamo \u00e8 creare problemi ambientali ancora pi\u00f9 seri\u201d spiegano i dirigenti di <em>Veolia <\/em>illustrando i loro progetti.<\/p>\n<p style=\"text-align: justify;\">Tutti vogliono evitare di creare problemi ambientali. Ma la volont\u00e0 non basta se la scienza si inchina alla ideologia ambientalista, se si decide di dare credito e ragione a una adolescente che marina la scuola, se seri e competenti scienziati \u201cdissidenti\u201d vengono tacitati e screditati chiamandoli \u201cnegazionisti\u201d.<\/p>\n","protected":false},"excerpt":{"rendered":"<p>Atlantico 17 Febbraio 2020 &nbsp; di Anna Bono Nell\u2019ultimo libro di Nicola Porro, \u201cLe tasse invisibili\u201d, c\u2019\u00e8 un capitolo intitolato \u201cL\u2019ipocrisia delle tasse sull\u2019ambiente\u201d. Spiega come si \u00e8 arrivati a imporre, facendole persino approvare come buone e lodevoli, le \u201ctasse ambientali\u201d, quelle introdotte per ridurre le emissioni di gas serra, CO2 e CH4.<\/p><p><a class=\"more-link btn\" href=\"https:\/\/www.rassegnastampa-totustuus.it\/cattolica\/dallauto-elettrica-alleolico-tutte-le-fisse-ambientaliste-che-non-sono-poi-cosi-eco-friendly-ma-costosissime\/\">Continua a leggere<\/a><\/p>\n","protected":false},"author":6,"featured_media":46478,"comment_status":"closed","ping_status":"closed","sticky":false,"template":"","format":"standard","meta":{"footnotes":""},"categories":[3],"tags":[2387,384,2745],"class_list":["post-46471","post","type-post","status-publish","format-standard","has-post-thumbnail","hentry","category-ambientalismo","tag-ambientalismo","tag-bufale-ambientaliste","tag-energia-eolica","item-wrap"],"yoast_head":"<!-- This site is optimized with the Yoast SEO plugin v27.5 - https:\/\/yoast.com\/product\/yoast-seo-wordpress\/ -->\n<title>Dall\u2019auto elettrica all\u2019eolico, tutte le fisse ambientaliste che non sono poi cos\u00ec eco-friendly ma costosissime - Rassegna Stampa Cattolica<\/title>\n<meta name=\"description\" content=\"Rassegna Stampa Cattolica - Per una cultura che nasce dalla Rivelazione cristiana in conformit\u00e0 alla tradizione e al Magistero della Chiesa in opposizione ad ogni relativismo e totalitarismo\" \/>\n<meta name=\"robots\" content=\"index, follow, max-snippet:-1, max-image-preview:large, max-video-preview:-1\" \/>\n<link rel=\"canonical\" href=\"https:\/\/www.rassegnastampa-totustuus.it\/cattolica\/dallauto-elettrica-alleolico-tutte-le-fisse-ambientaliste-che-non-sono-poi-cosi-eco-friendly-ma-costosissime\/\" \/>\n<meta property=\"og:locale\" content=\"it_IT\" \/>\n<meta property=\"og:type\" content=\"article\" \/>\n<meta property=\"og:title\" content=\"Dall\u2019auto elettrica all\u2019eolico, tutte le fisse ambientaliste che non sono poi cos\u00ec eco-friendly ma costosissime - Rassegna Stampa Cattolica\" \/>\n<meta property=\"og:description\" content=\"Rassegna Stampa Cattolica - Per una cultura che nasce dalla Rivelazione cristiana in conformit\u00e0 alla tradizione e al Magistero della Chiesa in opposizione ad ogni relativismo e totalitarismo\" \/>\n<meta property=\"og:url\" content=\"https:\/\/www.rassegnastampa-totustuus.it\/cattolica\/dallauto-elettrica-alleolico-tutte-le-fisse-ambientaliste-che-non-sono-poi-cosi-eco-friendly-ma-costosissime\/\" \/>\n<meta property=\"og:site_name\" content=\"Rassegna Stampa Cattolica\" \/>\n<meta property=\"article:publisher\" content=\"https:\/\/www.facebook.com\/rassegnastampacattolica\" \/>\n<meta property=\"article:published_time\" content=\"2020-02-26T23:00:10+00:00\" \/>\n<meta property=\"og:image\" content=\"https:\/\/www.rassegnastampa-totustuus.it\/cattolica\/wp-content\/uploads\/2020\/02\/ambiente_energia_eolico-2.jpg\" \/>\n\t<meta property=\"og:image:width\" content=\"4752\" \/>\n\t<meta property=\"og:image:height\" content=\"2138\" \/>\n\t<meta property=\"og:image:type\" content=\"image\/jpeg\" \/>\n<meta name=\"author\" content=\"Redazione\" \/>\n<meta name=\"twitter:card\" content=\"summary_large_image\" \/>\n<meta name=\"twitter:creator\" content=\"@rassegnastampa9\" \/>\n<meta name=\"twitter:site\" content=\"@rassegnastampa9\" \/>\n<meta name=\"twitter:label1\" content=\"Scritto da\" \/>\n\t<meta name=\"twitter:data1\" content=\"Redazione\" \/>\n\t<meta name=\"twitter:label2\" content=\"Tempo di lettura stimato\" \/>\n\t<meta name=\"twitter:data2\" content=\"4 minuti\" \/>\n<script type=\"application\/ld+json\" class=\"yoast-schema-graph\">{\"@context\":\"https:\\\/\\\/schema.org\",\"@graph\":[{\"@type\":\"Article\",\"@id\":\"https:\\\/\\\/www.rassegnastampa-totustuus.it\\\/cattolica\\\/dallauto-elettrica-alleolico-tutte-le-fisse-ambientaliste-che-non-sono-poi-cosi-eco-friendly-ma-costosissime\\\/#article\",\"isPartOf\":{\"@id\":\"https:\\\/\\\/www.rassegnastampa-totustuus.it\\\/cattolica\\\/dallauto-elettrica-alleolico-tutte-le-fisse-ambientaliste-che-non-sono-poi-cosi-eco-friendly-ma-costosissime\\\/\"},\"author\":{\"name\":\"Redazione\",\"@id\":\"https:\\\/\\\/www.rassegnastampa-totustuus.it\\\/cattolica\\\/#\\\/schema\\\/person\\\/08f319d2bd1a0904ad9e2bfb7b15e5c3\"},\"headline\":\"Dall\u2019auto elettrica all\u2019eolico, tutte le fisse ambientaliste che non sono poi cos\u00ec eco-friendly ma costosissime\",\"datePublished\":\"2020-02-26T23:00:10+00:00\",\"mainEntityOfPage\":{\"@id\":\"https:\\\/\\\/www.rassegnastampa-totustuus.it\\\/cattolica\\\/dallauto-elettrica-alleolico-tutte-le-fisse-ambientaliste-che-non-sono-poi-cosi-eco-friendly-ma-costosissime\\\/\"},\"wordCount\":901,\"publisher\":{\"@id\":\"https:\\\/\\\/www.rassegnastampa-totustuus.it\\\/cattolica\\\/#organization\"},\"image\":{\"@id\":\"https:\\\/\\\/www.rassegnastampa-totustuus.it\\\/cattolica\\\/dallauto-elettrica-alleolico-tutte-le-fisse-ambientaliste-che-non-sono-poi-cosi-eco-friendly-ma-costosissime\\\/#primaryimage\"},\"thumbnailUrl\":\"https:\\\/\\\/www.rassegnastampa-totustuus.it\\\/cattolica\\\/wp-content\\\/uploads\\\/2020\\\/02\\\/ambiente_energia_eolico-2.jpg\",\"keywords\":[\"Ambientalismo\",\"bufale ambientaliste\",\"energia eolica\"],\"articleSection\":[\"Ambientalismo\"],\"inLanguage\":\"it-IT\"},{\"@type\":\"WebPage\",\"@id\":\"https:\\\/\\\/www.rassegnastampa-totustuus.it\\\/cattolica\\\/dallauto-elettrica-alleolico-tutte-le-fisse-ambientaliste-che-non-sono-poi-cosi-eco-friendly-ma-costosissime\\\/\",\"url\":\"https:\\\/\\\/www.rassegnastampa-totustuus.it\\\/cattolica\\\/dallauto-elettrica-alleolico-tutte-le-fisse-ambientaliste-che-non-sono-poi-cosi-eco-friendly-ma-costosissime\\\/\",\"name\":\"Dall\u2019auto elettrica all\u2019eolico, tutte le fisse ambientaliste che non sono poi cos\u00ec eco-friendly ma costosissime - Rassegna Stampa Cattolica\",\"isPartOf\":{\"@id\":\"https:\\\/\\\/www.rassegnastampa-totustuus.it\\\/cattolica\\\/#website\"},\"primaryImageOfPage\":{\"@id\":\"https:\\\/\\\/www.rassegnastampa-totustuus.it\\\/cattolica\\\/dallauto-elettrica-alleolico-tutte-le-fisse-ambientaliste-che-non-sono-poi-cosi-eco-friendly-ma-costosissime\\\/#primaryimage\"},\"image\":{\"@id\":\"https:\\\/\\\/www.rassegnastampa-totustuus.it\\\/cattolica\\\/dallauto-elettrica-alleolico-tutte-le-fisse-ambientaliste-che-non-sono-poi-cosi-eco-friendly-ma-costosissime\\\/#primaryimage\"},\"thumbnailUrl\":\"https:\\\/\\\/www.rassegnastampa-totustuus.it\\\/cattolica\\\/wp-content\\\/uploads\\\/2020\\\/02\\\/ambiente_energia_eolico-2.jpg\",\"datePublished\":\"2020-02-26T23:00:10+00:00\",\"description\":\"Rassegna Stampa Cattolica - Per una cultura che nasce dalla Rivelazione cristiana in conformit\u00e0 alla tradizione e al Magistero della Chiesa in opposizione ad ogni relativismo e totalitarismo\",\"breadcrumb\":{\"@id\":\"https:\\\/\\\/www.rassegnastampa-totustuus.it\\\/cattolica\\\/dallauto-elettrica-alleolico-tutte-le-fisse-ambientaliste-che-non-sono-poi-cosi-eco-friendly-ma-costosissime\\\/#breadcrumb\"},\"inLanguage\":\"it-IT\",\"potentialAction\":[{\"@type\":\"ReadAction\",\"target\":[\"https:\\\/\\\/www.rassegnastampa-totustuus.it\\\/cattolica\\\/dallauto-elettrica-alleolico-tutte-le-fisse-ambientaliste-che-non-sono-poi-cosi-eco-friendly-ma-costosissime\\\/\"]}]},{\"@type\":\"ImageObject\",\"inLanguage\":\"it-IT\",\"@id\":\"https:\\\/\\\/www.rassegnastampa-totustuus.it\\\/cattolica\\\/dallauto-elettrica-alleolico-tutte-le-fisse-ambientaliste-che-non-sono-poi-cosi-eco-friendly-ma-costosissime\\\/#primaryimage\",\"url\":\"https:\\\/\\\/www.rassegnastampa-totustuus.it\\\/cattolica\\\/wp-content\\\/uploads\\\/2020\\\/02\\\/ambiente_energia_eolico-2.jpg\",\"contentUrl\":\"https:\\\/\\\/www.rassegnastampa-totustuus.it\\\/cattolica\\\/wp-content\\\/uploads\\\/2020\\\/02\\\/ambiente_energia_eolico-2.jpg\",\"width\":4752,\"height\":2138},{\"@type\":\"BreadcrumbList\",\"@id\":\"https:\\\/\\\/www.rassegnastampa-totustuus.it\\\/cattolica\\\/dallauto-elettrica-alleolico-tutte-le-fisse-ambientaliste-che-non-sono-poi-cosi-eco-friendly-ma-costosissime\\\/#breadcrumb\",\"itemListElement\":[{\"@type\":\"ListItem\",\"position\":1,\"name\":\"Home\",\"item\":\"https:\\\/\\\/www.rassegnastampa-totustuus.it\\\/cattolica\\\/\"},{\"@type\":\"ListItem\",\"position\":2,\"name\":\"Dall\u2019auto elettrica all\u2019eolico, tutte le fisse ambientaliste che non sono poi cos\u00ec eco-friendly ma costosissime\"}]},{\"@type\":\"WebSite\",\"@id\":\"https:\\\/\\\/www.rassegnastampa-totustuus.it\\\/cattolica\\\/#website\",\"url\":\"https:\\\/\\\/www.rassegnastampa-totustuus.it\\\/cattolica\\\/\",\"name\":\"Rassegna Stampa Cattolica\",\"description\":\"Per una cultura che nasce dalla Rivelazione cristiana in conformit\u00e0 alla tradizione e al Magistero della Chiesa in opposizione ad ogni relativismo e totalitarismo\",\"publisher\":{\"@id\":\"https:\\\/\\\/www.rassegnastampa-totustuus.it\\\/cattolica\\\/#organization\"},\"alternateName\":\"Rass. Cattolica\",\"potentialAction\":[{\"@type\":\"SearchAction\",\"target\":{\"@type\":\"EntryPoint\",\"urlTemplate\":\"https:\\\/\\\/www.rassegnastampa-totustuus.it\\\/cattolica\\\/?s={search_term_string}\"},\"query-input\":{\"@type\":\"PropertyValueSpecification\",\"valueRequired\":true,\"valueName\":\"search_term_string\"}}],\"inLanguage\":\"it-IT\"},{\"@type\":\"Organization\",\"@id\":\"https:\\\/\\\/www.rassegnastampa-totustuus.it\\\/cattolica\\\/#organization\",\"name\":\"Rassegna Stampa Cattolica\",\"url\":\"https:\\\/\\\/www.rassegnastampa-totustuus.it\\\/cattolica\\\/\",\"logo\":{\"@type\":\"ImageObject\",\"inLanguage\":\"it-IT\",\"@id\":\"https:\\\/\\\/www.rassegnastampa-totustuus.it\\\/cattolica\\\/#\\\/schema\\\/logo\\\/image\\\/\",\"url\":\"https:\\\/\\\/www.rassegnastampa-totustuus.it\\\/cattolica\\\/wp-content\\\/uploads\\\/2014\\\/04\\\/logo-rassegna1.gif\",\"contentUrl\":\"https:\\\/\\\/www.rassegnastampa-totustuus.it\\\/cattolica\\\/wp-content\\\/uploads\\\/2014\\\/04\\\/logo-rassegna1.gif\",\"width\":600,\"height\":163,\"caption\":\"Rassegna Stampa Cattolica\"},\"image\":{\"@id\":\"https:\\\/\\\/www.rassegnastampa-totustuus.it\\\/cattolica\\\/#\\\/schema\\\/logo\\\/image\\\/\"},\"sameAs\":[\"https:\\\/\\\/www.facebook.com\\\/rassegnastampacattolica\",\"https:\\\/\\\/x.com\\\/rassegnastampa9\"]},{\"@type\":\"Person\",\"@id\":\"https:\\\/\\\/www.rassegnastampa-totustuus.it\\\/cattolica\\\/#\\\/schema\\\/person\\\/08f319d2bd1a0904ad9e2bfb7b15e5c3\",\"name\":\"Redazione\",\"image\":{\"@type\":\"ImageObject\",\"inLanguage\":\"it-IT\",\"@id\":\"https:\\\/\\\/secure.gravatar.com\\\/avatar\\\/2fcdf27c78ea025fbdb44e914cc63c72249ffec9dc8aafd5c82b26240ef3f346?s=96&d=mm&r=g\",\"url\":\"https:\\\/\\\/secure.gravatar.com\\\/avatar\\\/2fcdf27c78ea025fbdb44e914cc63c72249ffec9dc8aafd5c82b26240ef3f346?s=96&d=mm&r=g\",\"contentUrl\":\"https:\\\/\\\/secure.gravatar.com\\\/avatar\\\/2fcdf27c78ea025fbdb44e914cc63c72249ffec9dc8aafd5c82b26240ef3f346?s=96&d=mm&r=g\",\"caption\":\"Redazione\"},\"url\":\"https:\\\/\\\/www.rassegnastampa-totustuus.it\\\/cattolica\\\/author\\\/pietroelle\\\/\"}]}<\/script>\n<!-- \/ Yoast SEO plugin. -->","yoast_head_json":{"title":"Dall\u2019auto elettrica all\u2019eolico, tutte le fisse ambientaliste che non sono poi cos\u00ec eco-friendly ma costosissime - Rassegna Stampa Cattolica","description":"Rassegna Stampa Cattolica - Per una cultura che nasce dalla Rivelazione cristiana in conformit\u00e0 alla tradizione e al Magistero della Chiesa in opposizione ad ogni relativismo e totalitarismo","robots":{"index":"index","follow":"follow","max-snippet":"max-snippet:-1","max-image-preview":"max-image-preview:large","max-video-preview":"max-video-preview:-1"},"canonical":"https:\/\/www.rassegnastampa-totustuus.it\/cattolica\/dallauto-elettrica-alleolico-tutte-le-fisse-ambientaliste-che-non-sono-poi-cosi-eco-friendly-ma-costosissime\/","og_locale":"it_IT","og_type":"article","og_title":"Dall\u2019auto elettrica all\u2019eolico, tutte le fisse ambientaliste che non sono poi cos\u00ec eco-friendly ma costosissime - Rassegna Stampa Cattolica","og_description":"Rassegna Stampa Cattolica - Per una cultura che nasce dalla Rivelazione cristiana in conformit\u00e0 alla tradizione e al Magistero della Chiesa in opposizione ad ogni relativismo e totalitarismo","og_url":"https:\/\/www.rassegnastampa-totustuus.it\/cattolica\/dallauto-elettrica-alleolico-tutte-le-fisse-ambientaliste-che-non-sono-poi-cosi-eco-friendly-ma-costosissime\/","og_site_name":"Rassegna Stampa Cattolica","article_publisher":"https:\/\/www.facebook.com\/rassegnastampacattolica","article_published_time":"2020-02-26T23:00:10+00:00","og_image":[{"width":4752,"height":2138,"url":"https:\/\/www.rassegnastampa-totustuus.it\/cattolica\/wp-content\/uploads\/2020\/02\/ambiente_energia_eolico-2.jpg","type":"image\/jpeg"}],"author":"Redazione","twitter_card":"summary_large_image","twitter_creator":"@rassegnastampa9","twitter_site":"@rassegnastampa9","twitter_misc":{"Scritto da":"Redazione","Tempo di lettura stimato":"4 minuti"},"schema":{"@context":"https:\/\/schema.org","@graph":[{"@type":"Article","@id":"https:\/\/www.rassegnastampa-totustuus.it\/cattolica\/dallauto-elettrica-alleolico-tutte-le-fisse-ambientaliste-che-non-sono-poi-cosi-eco-friendly-ma-costosissime\/#article","isPartOf":{"@id":"https:\/\/www.rassegnastampa-totustuus.it\/cattolica\/dallauto-elettrica-alleolico-tutte-le-fisse-ambientaliste-che-non-sono-poi-cosi-eco-friendly-ma-costosissime\/"},"author":{"name":"Redazione","@id":"https:\/\/www.rassegnastampa-totustuus.it\/cattolica\/#\/schema\/person\/08f319d2bd1a0904ad9e2bfb7b15e5c3"},"headline":"Dall\u2019auto elettrica all\u2019eolico, tutte le fisse ambientaliste che non sono poi cos\u00ec eco-friendly ma costosissime","datePublished":"2020-02-26T23:00:10+00:00","mainEntityOfPage":{"@id":"https:\/\/www.rassegnastampa-totustuus.it\/cattolica\/dallauto-elettrica-alleolico-tutte-le-fisse-ambientaliste-che-non-sono-poi-cosi-eco-friendly-ma-costosissime\/"},"wordCount":901,"publisher":{"@id":"https:\/\/www.rassegnastampa-totustuus.it\/cattolica\/#organization"},"image":{"@id":"https:\/\/www.rassegnastampa-totustuus.it\/cattolica\/dallauto-elettrica-alleolico-tutte-le-fisse-ambientaliste-che-non-sono-poi-cosi-eco-friendly-ma-costosissime\/#primaryimage"},"thumbnailUrl":"https:\/\/www.rassegnastampa-totustuus.it\/cattolica\/wp-content\/uploads\/2020\/02\/ambiente_energia_eolico-2.jpg","keywords":["Ambientalismo","bufale ambientaliste","energia eolica"],"articleSection":["Ambientalismo"],"inLanguage":"it-IT"},{"@type":"WebPage","@id":"https:\/\/www.rassegnastampa-totustuus.it\/cattolica\/dallauto-elettrica-alleolico-tutte-le-fisse-ambientaliste-che-non-sono-poi-cosi-eco-friendly-ma-costosissime\/","url":"https:\/\/www.rassegnastampa-totustuus.it\/cattolica\/dallauto-elettrica-alleolico-tutte-le-fisse-ambientaliste-che-non-sono-poi-cosi-eco-friendly-ma-costosissime\/","name":"Dall\u2019auto elettrica all\u2019eolico, tutte le fisse ambientaliste che non sono poi cos\u00ec eco-friendly ma costosissime - Rassegna Stampa Cattolica","isPartOf":{"@id":"https:\/\/www.rassegnastampa-totustuus.it\/cattolica\/#website"},"primaryImageOfPage":{"@id":"https:\/\/www.rassegnastampa-totustuus.it\/cattolica\/dallauto-elettrica-alleolico-tutte-le-fisse-ambientaliste-che-non-sono-poi-cosi-eco-friendly-ma-costosissime\/#primaryimage"},"image":{"@id":"https:\/\/www.rassegnastampa-totustuus.it\/cattolica\/dallauto-elettrica-alleolico-tutte-le-fisse-ambientaliste-che-non-sono-poi-cosi-eco-friendly-ma-costosissime\/#primaryimage"},"thumbnailUrl":"https:\/\/www.rassegnastampa-totustuus.it\/cattolica\/wp-content\/uploads\/2020\/02\/ambiente_energia_eolico-2.jpg","datePublished":"2020-02-26T23:00:10+00:00","description":"Rassegna Stampa Cattolica - Per una cultura che nasce dalla Rivelazione cristiana in conformit\u00e0 alla tradizione e al Magistero della Chiesa in opposizione ad ogni relativismo e totalitarismo","breadcrumb":{"@id":"https:\/\/www.rassegnastampa-totustuus.it\/cattolica\/dallauto-elettrica-alleolico-tutte-le-fisse-ambientaliste-che-non-sono-poi-cosi-eco-friendly-ma-costosissime\/#breadcrumb"},"inLanguage":"it-IT","potentialAction":[{"@type":"ReadAction","target":["https:\/\/www.rassegnastampa-totustuus.it\/cattolica\/dallauto-elettrica-alleolico-tutte-le-fisse-ambientaliste-che-non-sono-poi-cosi-eco-friendly-ma-costosissime\/"]}]},{"@type":"ImageObject","inLanguage":"it-IT","@id":"https:\/\/www.rassegnastampa-totustuus.it\/cattolica\/dallauto-elettrica-alleolico-tutte-le-fisse-ambientaliste-che-non-sono-poi-cosi-eco-friendly-ma-costosissime\/#primaryimage","url":"https:\/\/www.rassegnastampa-totustuus.it\/cattolica\/wp-content\/uploads\/2020\/02\/ambiente_energia_eolico-2.jpg","contentUrl":"https:\/\/www.rassegnastampa-totustuus.it\/cattolica\/wp-content\/uploads\/2020\/02\/ambiente_energia_eolico-2.jpg","width":4752,"height":2138},{"@type":"BreadcrumbList","@id":"https:\/\/www.rassegnastampa-totustuus.it\/cattolica\/dallauto-elettrica-alleolico-tutte-le-fisse-ambientaliste-che-non-sono-poi-cosi-eco-friendly-ma-costosissime\/#breadcrumb","itemListElement":[{"@type":"ListItem","position":1,"name":"Home","item":"https:\/\/www.rassegnastampa-totustuus.it\/cattolica\/"},{"@type":"ListItem","position":2,"name":"Dall\u2019auto elettrica all\u2019eolico, tutte le fisse ambientaliste che non sono poi cos\u00ec eco-friendly ma costosissime"}]},{"@type":"WebSite","@id":"https:\/\/www.rassegnastampa-totustuus.it\/cattolica\/#website","url":"https:\/\/www.rassegnastampa-totustuus.it\/cattolica\/","name":"Rassegna Stampa Cattolica","description":"Per una cultura che nasce dalla Rivelazione cristiana in conformit\u00e0 alla tradizione e al Magistero della Chiesa in opposizione ad ogni relativismo e totalitarismo","publisher":{"@id":"https:\/\/www.rassegnastampa-totustuus.it\/cattolica\/#organization"},"alternateName":"Rass. Cattolica","potentialAction":[{"@type":"SearchAction","target":{"@type":"EntryPoint","urlTemplate":"https:\/\/www.rassegnastampa-totustuus.it\/cattolica\/?s={search_term_string}"},"query-input":{"@type":"PropertyValueSpecification","valueRequired":true,"valueName":"search_term_string"}}],"inLanguage":"it-IT"},{"@type":"Organization","@id":"https:\/\/www.rassegnastampa-totustuus.it\/cattolica\/#organization","name":"Rassegna Stampa Cattolica","url":"https:\/\/www.rassegnastampa-totustuus.it\/cattolica\/","logo":{"@type":"ImageObject","inLanguage":"it-IT","@id":"https:\/\/www.rassegnastampa-totustuus.it\/cattolica\/#\/schema\/logo\/image\/","url":"https:\/\/www.rassegnastampa-totustuus.it\/cattolica\/wp-content\/uploads\/2014\/04\/logo-rassegna1.gif","contentUrl":"https:\/\/www.rassegnastampa-totustuus.it\/cattolica\/wp-content\/uploads\/2014\/04\/logo-rassegna1.gif","width":600,"height":163,"caption":"Rassegna Stampa Cattolica"},"image":{"@id":"https:\/\/www.rassegnastampa-totustuus.it\/cattolica\/#\/schema\/logo\/image\/"},"sameAs":["https:\/\/www.facebook.com\/rassegnastampacattolica","https:\/\/x.com\/rassegnastampa9"]},{"@type":"Person","@id":"https:\/\/www.rassegnastampa-totustuus.it\/cattolica\/#\/schema\/person\/08f319d2bd1a0904ad9e2bfb7b15e5c3","name":"Redazione","image":{"@type":"ImageObject","inLanguage":"it-IT","@id":"https:\/\/secure.gravatar.com\/avatar\/2fcdf27c78ea025fbdb44e914cc63c72249ffec9dc8aafd5c82b26240ef3f346?s=96&d=mm&r=g","url":"https:\/\/secure.gravatar.com\/avatar\/2fcdf27c78ea025fbdb44e914cc63c72249ffec9dc8aafd5c82b26240ef3f346?s=96&d=mm&r=g","contentUrl":"https:\/\/secure.gravatar.com\/avatar\/2fcdf27c78ea025fbdb44e914cc63c72249ffec9dc8aafd5c82b26240ef3f346?s=96&d=mm&r=g","caption":"Redazione"},"url":"https:\/\/www.rassegnastampa-totustuus.it\/cattolica\/author\/pietroelle\/"}]}},"_links":{"self":[{"href":"https:\/\/www.rassegnastampa-totustuus.it\/cattolica\/wp-json\/wp\/v2\/posts\/46471","targetHints":{"allow":["GET"]}}],"collection":[{"href":"https:\/\/www.rassegnastampa-totustuus.it\/cattolica\/wp-json\/wp\/v2\/posts"}],"about":[{"href":"https:\/\/www.rassegnastampa-totustuus.it\/cattolica\/wp-json\/wp\/v2\/types\/post"}],"author":[{"embeddable":true,"href":"https:\/\/www.rassegnastampa-totustuus.it\/cattolica\/wp-json\/wp\/v2\/users\/6"}],"replies":[{"embeddable":true,"href":"https:\/\/www.rassegnastampa-totustuus.it\/cattolica\/wp-json\/wp\/v2\/comments?post=46471"}],"version-history":[{"count":2,"href":"https:\/\/www.rassegnastampa-totustuus.it\/cattolica\/wp-json\/wp\/v2\/posts\/46471\/revisions"}],"predecessor-version":[{"id":46476,"href":"https:\/\/www.rassegnastampa-totustuus.it\/cattolica\/wp-json\/wp\/v2\/posts\/46471\/revisions\/46476"}],"wp:featuredmedia":[{"embeddable":true,"href":"https:\/\/www.rassegnastampa-totustuus.it\/cattolica\/wp-json\/wp\/v2\/media\/46478"}],"wp:attachment":[{"href":"https:\/\/www.rassegnastampa-totustuus.it\/cattolica\/wp-json\/wp\/v2\/media?parent=46471"}],"wp:term":[{"taxonomy":"category","embeddable":true,"href":"https:\/\/www.rassegnastampa-totustuus.it\/cattolica\/wp-json\/wp\/v2\/categories?post=46471"},{"taxonomy":"post_tag","embeddable":true,"href":"https:\/\/www.rassegnastampa-totustuus.it\/cattolica\/wp-json\/wp\/v2\/tags?post=46471"}],"curies":[{"name":"wp","href":"https:\/\/api.w.org\/{rel}","templated":true}]}}