{"id":46438,"date":"2020-02-20T00:00:16","date_gmt":"2020-02-19T23:00:16","guid":{"rendered":"http:\/\/www.rassegnastampa-totustuus.it\/cattolica\/?p=46438"},"modified":"2020-02-24T12:17:36","modified_gmt":"2020-02-24T11:17:36","slug":"corso-intensivo-sul-politicamente-corretto","status":"publish","type":"post","link":"https:\/\/www.rassegnastampa-totustuus.it\/cattolica\/corso-intensivo-sul-politicamente-corretto\/","title":{"rendered":"Corso intensivo sul politicamente corretto"},"content":{"rendered":"<p style=\"text-align: center;\"><strong><a href=\"https:\/\/www.rassegnastampa-totustuus.it\/cattolica\/wp-content\/uploads\/2019\/04\/politicamente-corretto.jpg\"><img loading=\"lazy\" decoding=\"async\" class=\" wp-image-42816 alignleft\" src=\"https:\/\/www.rassegnastampa-totustuus.it\/cattolica\/wp-content\/uploads\/2019\/04\/politicamente-corretto-300x200.jpg\" alt=\"\" width=\"246\" height=\"164\" srcset=\"https:\/\/www.rassegnastampa-totustuus.it\/cattolica\/wp-content\/uploads\/2019\/04\/politicamente-corretto-300x200.jpg 300w, https:\/\/www.rassegnastampa-totustuus.it\/cattolica\/wp-content\/uploads\/2019\/04\/politicamente-corretto-768x512.jpg 768w, https:\/\/www.rassegnastampa-totustuus.it\/cattolica\/wp-content\/uploads\/2019\/04\/politicamente-corretto-1024x682.jpg 1024w, https:\/\/www.rassegnastampa-totustuus.it\/cattolica\/wp-content\/uploads\/2019\/04\/politicamente-corretto-595x400.jpg 595w, https:\/\/www.rassegnastampa-totustuus.it\/cattolica\/wp-content\/uploads\/2019\/04\/politicamente-corretto.jpg 1600w\" sizes=\"auto, (max-width: 246px) 100vw, 246px\" \/><\/a>La Verit\u00e0<\/strong><\/p>\n<p style=\"text-align: center;\">16 febbraio 2020<\/p>\n<p style=\"text-align: center;\">di<strong> Marcello Veneziani<\/strong><\/p>\n<p style=\"text-align: justify;\">Ma cos\u2019\u00e8 esattamente il<strong> politically correct<\/strong>? Lo citiamo ogni giorno senza magari coglierne tutto il significato. Provo a offrire una breve guida, un sunto critico e un succo concentrato.<\/p>\n<p><!--more--><\/p>\n<p style=\"text-align: justify;\">Per cominciare, il politicamente corretto \u00e8 un canone ideologico e un codice etico che monopolizza la memoria storica, il racconto globale del presente e prescrive come comportarsi. Nasce dalle ceneri del \u201968, cresce negli Usa e nel nord Europa, si sviluppa sostituendo il comunismo con lo spirito radical (o radical chic secondo Tom Wolfe) e sostituendo l\u2019egemonia marxista e gramsciana col \u201cbigottismo progressista\u201d (come lo definisce Robert Hughes).<\/p>\n<p style=\"text-align: justify;\"><a href=\"https:\/\/www.rassegnastampa-totustuus.it\/cattolica\/wp-content\/uploads\/2020\/02\/politicamente_corretto.jpg\"><img loading=\"lazy\" decoding=\"async\" class=\"size-medium wp-image-46439 alignright\" src=\"https:\/\/www.rassegnastampa-totustuus.it\/cattolica\/wp-content\/uploads\/2020\/02\/politicamente_corretto-300x169.jpg\" alt=\"\" width=\"300\" height=\"169\" srcset=\"https:\/\/www.rassegnastampa-totustuus.it\/cattolica\/wp-content\/uploads\/2020\/02\/politicamente_corretto-300x169.jpg 300w, https:\/\/www.rassegnastampa-totustuus.it\/cattolica\/wp-content\/uploads\/2020\/02\/politicamente_corretto-768x432.jpg 768w, https:\/\/www.rassegnastampa-totustuus.it\/cattolica\/wp-content\/uploads\/2020\/02\/politicamente_corretto-1024x576.jpg 1024w, https:\/\/www.rassegnastampa-totustuus.it\/cattolica\/wp-content\/uploads\/2020\/02\/politicamente_corretto.jpg 1280w\" sizes=\"auto, (max-width: 300px) 100vw, 300px\" \/><\/a>Rompe i ponti col sentire popolare, non rappresenta pi\u00f9 il proletariato, almeno quello delle nostre societ\u00e0; separa i diritti dai doveri e li lega ai desideri, rigetta i limiti e i confini personali, sociali, sessuali e territoriali, nel nome di una libert\u00e0 sconfinata, sostituisce la natura col volere dei soggetti. E sostituisce l\u2019anticapitalismo con l\u2019antifascismo, aderendo all\u2019establishment tecno-finanziario di cui intende accreditarsi come il precettore.<\/p>\n<p style=\"text-align: justify;\">Il politically correct \u00e8 una forma di riduzionismo ideologico che produce le seguenti fratture: <strong>a)<\/strong> riduce la storia, l\u2019arte, il pensiero e la letteratura al presente, nel senso che tutto quel che \u00e8 avvenuto va letto, riscritto e giudicato alla luce del presente, in base ai canoni corretti e ai generi; <strong>b)<\/strong> riduce la realt\u00e0 al moralismo, nel senso che rifiuta le cose come sono e <a href=\"https:\/\/www.rassegnastampa-totustuus.it\/cattolica\/wp-content\/uploads\/2019\/01\/politicamente_corretto.jpg\"><img loading=\"lazy\" decoding=\"async\" class=\"size-full wp-image-41907 alignleft\" src=\"https:\/\/www.rassegnastampa-totustuus.it\/cattolica\/wp-content\/uploads\/2019\/01\/politicamente_corretto.jpg\" alt=\"\" width=\"229\" height=\"220\" \/><\/a>le riscrive come dovrebbero essere in base al suo codice etico e gender; <strong>c)<\/strong> riduce la rivoluzione vanamente sognata nel Novecento e nel \u201968 alla mutazione lessicale, nel senso che non potendo cambiare la realt\u00e0 delle cose e l\u2019imperfezione del mondo si cambiano le parole per indicarle, adottando un linguaggio ipocrita e rococ\u00f2; <strong>d)<\/strong> riduce le differenze ideologiche a una superideologia globale o pensiero unico, che se si nega come tale.<\/p>\n<p style=\"text-align: justify;\">Alle quattro riduzioni di cui sopra, il politically correct aggiunge una serie di sostituzioni: <strong>1)<\/strong> sostituisce il sentire comune, l\u2019interesse popolare, il legame famigliare e comunitario con la priorit\u00e0 assegnata ad alcune diversit\u00e0 e minoranze, ritenute discriminate o emarginate. E adotta uno schema vittimistico: non sono i grandi, gli eroi, i geni a meritare onori, strade, elogi unanimi ma le vittime (retaggio cristiano, notava Ren\u00e9 Girard).<\/p>\n<p style=\"text-align: justify;\"><strong><a href=\"https:\/\/www.rassegnastampa-totustuus.it\/cattolica\/wp-content\/uploads\/2016\/01\/politicamente_corretto.jpg\"><img loading=\"lazy\" decoding=\"async\" class=\"size-full wp-image-29483 alignright\" src=\"https:\/\/www.rassegnastampa-totustuus.it\/cattolica\/wp-content\/uploads\/2016\/01\/politicamente_corretto.jpg\" alt=\"\" width=\"169\" height=\"240\" \/><\/a>2)<\/strong> sostituisce la preferenza per ci\u00f2 che \u00e8 nostrano \u2013 la nostra identit\u00e0, le nostre tradizioni, il nostro modo di vedere, la nostra civilt\u00e0 e religione, i nostri legami e le nostre appartenenze \u2013 con la preferenza per tutto ci\u00f2 che \u00e8 remoto \u2013 le culture e i costumi altrui, i migranti, i mondi lontani, le ragioni di chi viene da fuori (quella che Roger Scruton chiamava oicofobia); <strong>3)<\/strong> sostituisce l\u2019antica dicotomia tra il compatriota e lo straniero, o quella politico-militare tra l\u2019amico e il nemico con la dicotomia tra il Bene e il Male, per cui chi non \u00e8 allineato al canone non \u00e8 uno che la pensa differentemente n\u00e9 un avversario da combattere ma \u00e8 il male assoluto da sradicare e annientare. Col nemico si pu\u00f2 arrivare a patti, lo puoi sconfiggere e sottomettere; il Male no, va cancellato e dannato nella memoria.<\/p>\n<p style=\"text-align: justify;\"><strong>4)<\/strong> sostituisce l\u2019oppositore, il dissidente, l\u2019antagonista col razzista, nemico dell\u2019umanit\u00e0, del progresso e della ragione. E gli riserva un trattamento a met\u00e0 strada fra la patologia e la criminologia, accusandolo di fobie: \u00e8 omofobo, sessuofobo, islamofobo, xenofobo, e via dicendo. Di conseguenza non c\u2019\u00e8 contesa con lui, ma lo si isola tramite cordone sanitario, lo si affida alla profilassi medica e prevenzione nelle scuole, universit\u00e0, media; o quando il caso \u00e8 conclamato, lo si affida ai tribunali e alla condanna.<\/p>\n<p style=\"text-align: justify;\"><a href=\"https:\/\/www.rassegnastampa-totustuus.it\/cattolica\/wp-content\/uploads\/2013\/09\/legge_omofobia.jpg\"><img loading=\"lazy\" decoding=\"async\" class=\"size-full wp-image-34974 alignleft\" src=\"https:\/\/www.rassegnastampa-totustuus.it\/cattolica\/wp-content\/uploads\/2013\/09\/legge_omofobia.jpg\" alt=\"\" width=\"262\" height=\"193\" \/><\/a>Il pregiudizio ideologico riduce i dissidenti al rango di pregiudicati, ovvero di condannati dalla storia, dal progresso, dalla ragione. Non conflitti ma bombe umanitarie, operazioni di polizia culturale o internazionale. Per il politically correct la realt\u00e0, la natura, la famiglia, la civilt\u00e0 finora conosciute, vissute e denominate, sono sbagliate. Il politicamente corretto \u00e8 il moralismo in assenza di morale, il razzismo etico in assenza di etica, il bigottismo in assenza di religione. Ecco, in breve il politically correct.<\/p>\n<p style=\"text-align: justify;\"><strong>Postilla finale dedicata a come si reagisce<\/strong>.<\/p>\n<p style=\"text-align: justify;\">Chi rifiuta l\u2019imposizione del politicamente corretto e reagisce con l\u2019insulto contro i suoi totem e i tab\u00f9, entra a pieno titolo nel suo gioco e ne conferma l\u2019assunto e l\u2019assetto: visto che avevamo ragione a dire che il razzismo, l\u2019odio, l\u2019intolleranza albergano nei nostri nemici?<\/p>\n<p style=\"text-align: justify;\"><a href=\"https:\/\/www.rassegnastampa-totustuus.it\/cattolica\/wp-content\/uploads\/2020\/02\/gaystapo.jpg\"><img loading=\"lazy\" decoding=\"async\" class=\"size-full wp-image-46442 alignright\" src=\"https:\/\/www.rassegnastampa-totustuus.it\/cattolica\/wp-content\/uploads\/2020\/02\/gaystapo.jpg\" alt=\"\" width=\"282\" height=\"179\" \/><\/a>\u00c8 una forma stupida e istintiva di risposta che rafforza il politically correct. Non migliore sul piano dell\u2019efficacia \u00e8 la risposta opposta, mimetica, di chi sta al gioco, asseconda, tace o compiace, rispondendo con ipocrisia all\u2019ipocrisia parruccona del politicamente corretto. Anche in questo caso si resta sul suo terreno, si fa il suo gioco, si mira a una sopravvivenza immediata e individuale pregiudicando in prospettiva una visione alternativa pi\u00f9 ampia.<\/p>\n<p style=\"text-align: justify;\">Spesso ci si limita a opporre all\u2019ideologia la realt\u00e0, alla sua narrazione la vita pratica. Invece, partendo da quella, si dovrebbe tentare lo sforzo opposto: smontare i loro tic, totem e tab\u00f9, usando l\u2019arma dell\u2019intelligenza, del paragone culturale, del senso critico e ironico. E indicando percorsi alternativi, letture diverse, altre priorit\u00e0.<\/p>\n<p style=\"text-align: justify;\">Qui, purtroppo, l\u2019intolleranza degli uni s\u2019imbatte nell\u2019insipienza degli altri, frutto di ignoranza, ignavia e indifferenza. Se il politically correct domina, \u00e8 anche perch\u00e9 non trova adeguate risposte. Solo imprecazioni e silenzi. La citt\u00e0 \u00e8 nelle mani degli stolti, dissero al sovrano i messi di una citt\u00e0 in rivolta; ma i \u201csavi\u201d nel frangente che facevano, chiese loro il Re Carlo d\u2019Angi\u00f2? Domandiamocelo pure noi.<\/p>\n<p>____________________<\/p>\n<p style=\"text-align: justify;\"><strong>Leggi anche:<\/strong><\/p>\n<p style=\"text-align: justify;\"><a href=\"https:\/\/www.rassegnastampa-totustuus.it\/cattolica\/?p=41767\" target=\"_blank\" rel=\"noopener noreferrer\">L\u2019ideologia del politicamente corretto e i dogmi del neoprogressismo: intervista a Eugenio Capozzi<\/a><\/p>\n<p style=\"text-align: justify;\"><a href=\"https:\/\/www.rassegnastampa-totustuus.it\/cattolica\/?p=42815\" target=\"_blank\" rel=\"noopener noreferrer\">\u00abPoliticamente corretto, religione che vieta la dialettica e il dissenso\u00bb<\/a><\/p>\n<p style=\"text-align: justify;\"><a href=\"https:\/\/www.rassegnastampa-totustuus.it\/cattolica\/?p=41954\" target=\"_blank\" rel=\"noopener noreferrer\">Politicamente corretto. L\u2019effetto farfalla<\/a><\/p>\n<p><a href=\"https:\/\/www.rassegnastampa-totustuus.it\/cattolica\/?p=44209\" target=\"_blank\" rel=\"noopener noreferrer\">Dietro le distorsioni del politicamente corretto l\u2019attacco alla civilt\u00e0 occidentale<\/a><\/p>\n<p><a href=\"https:\/\/www.rassegnastampa-totustuus.it\/cattolica\/?p=36897\" target=\"_blank\" rel=\"noopener noreferrer\">Il politicamente corretto ha corrotto l\u2019Europa<\/a><\/p>\n<p><a href=\"https:\/\/www.rassegnastampa-totustuus.it\/cattolica\/?p=29393\" target=\"_blank\" rel=\"noopener noreferrer\">Politicamente corretto, la nuova religione della \u201csottomissione\u201d al \u201cnon pensiero\u201d del potere<\/a><\/p>\n","protected":false},"excerpt":{"rendered":"<p>La Verit\u00e0 16 febbraio 2020 di Marcello Veneziani Ma cos\u2019\u00e8 esattamente il politically correct? Lo citiamo ogni giorno senza magari coglierne tutto il significato. Provo a offrire una breve guida, un sunto critico e un succo concentrato.<\/p><p><a class=\"more-link btn\" href=\"https:\/\/www.rassegnastampa-totustuus.it\/cattolica\/corso-intensivo-sul-politicamente-corretto\/\">Continua a leggere<\/a><\/p>\n","protected":false},"author":6,"featured_media":46439,"comment_status":"closed","ping_status":"closed","sticky":false,"template":"","format":"standard","meta":{"footnotes":""},"categories":[25],"tags":[572,558],"class_list":["post-46438","post","type-post","status-publish","format-standard","has-post-thumbnail","hentry","category-sguardo-sul-nostro-tempo","tag-politically-correct","tag-sguardo-sul-nostro-tempo-2","item-wrap"],"yoast_head":"<!-- This site is optimized with the Yoast SEO plugin v27.5 - https:\/\/yoast.com\/product\/yoast-seo-wordpress\/ -->\n<title>Corso intensivo sul politicamente corretto - Rassegna Stampa Cattolica<\/title>\n<meta name=\"description\" content=\"Rassegna Stampa Cattolica - Per una cultura che nasce dalla Rivelazione cristiana in conformit\u00e0 alla tradizione e al Magistero della Chiesa in opposizione ad ogni relativismo e totalitarismo\" \/>\n<meta name=\"robots\" content=\"index, follow, max-snippet:-1, max-image-preview:large, max-video-preview:-1\" \/>\n<link rel=\"canonical\" href=\"https:\/\/www.rassegnastampa-totustuus.it\/cattolica\/corso-intensivo-sul-politicamente-corretto\/\" \/>\n<meta property=\"og:locale\" content=\"it_IT\" \/>\n<meta property=\"og:type\" content=\"article\" \/>\n<meta property=\"og:title\" content=\"Corso intensivo sul politicamente corretto - Rassegna Stampa Cattolica\" \/>\n<meta property=\"og:description\" content=\"Rassegna Stampa Cattolica - Per una cultura che nasce dalla Rivelazione cristiana in conformit\u00e0 alla tradizione e al Magistero della Chiesa in opposizione ad ogni relativismo e totalitarismo\" \/>\n<meta property=\"og:url\" content=\"https:\/\/www.rassegnastampa-totustuus.it\/cattolica\/corso-intensivo-sul-politicamente-corretto\/\" \/>\n<meta property=\"og:site_name\" content=\"Rassegna Stampa Cattolica\" \/>\n<meta property=\"article:publisher\" content=\"https:\/\/www.facebook.com\/rassegnastampacattolica\" \/>\n<meta property=\"article:published_time\" content=\"2020-02-19T23:00:16+00:00\" \/>\n<meta property=\"article:modified_time\" content=\"2020-02-24T11:17:36+00:00\" \/>\n<meta property=\"og:image\" content=\"https:\/\/www.rassegnastampa-totustuus.it\/cattolica\/wp-content\/uploads\/2020\/02\/politicamente_corretto.jpg\" \/>\n\t<meta property=\"og:image:width\" content=\"1280\" \/>\n\t<meta property=\"og:image:height\" content=\"720\" \/>\n\t<meta property=\"og:image:type\" content=\"image\/jpeg\" \/>\n<meta name=\"author\" content=\"Redazione\" \/>\n<meta name=\"twitter:card\" content=\"summary_large_image\" \/>\n<meta name=\"twitter:creator\" content=\"@rassegnastampa9\" \/>\n<meta name=\"twitter:site\" content=\"@rassegnastampa9\" \/>\n<meta name=\"twitter:label1\" content=\"Scritto da\" \/>\n\t<meta name=\"twitter:data1\" content=\"Redazione\" \/>\n\t<meta name=\"twitter:label2\" content=\"Tempo di lettura stimato\" \/>\n\t<meta name=\"twitter:data2\" content=\"5 minuti\" \/>\n<script type=\"application\/ld+json\" class=\"yoast-schema-graph\">{\"@context\":\"https:\\\/\\\/schema.org\",\"@graph\":[{\"@type\":\"Article\",\"@id\":\"https:\\\/\\\/www.rassegnastampa-totustuus.it\\\/cattolica\\\/corso-intensivo-sul-politicamente-corretto\\\/#article\",\"isPartOf\":{\"@id\":\"https:\\\/\\\/www.rassegnastampa-totustuus.it\\\/cattolica\\\/corso-intensivo-sul-politicamente-corretto\\\/\"},\"author\":{\"name\":\"Redazione\",\"@id\":\"https:\\\/\\\/www.rassegnastampa-totustuus.it\\\/cattolica\\\/#\\\/schema\\\/person\\\/08f319d2bd1a0904ad9e2bfb7b15e5c3\"},\"headline\":\"Corso intensivo sul politicamente corretto\",\"datePublished\":\"2020-02-19T23:00:16+00:00\",\"dateModified\":\"2020-02-24T11:17:36+00:00\",\"mainEntityOfPage\":{\"@id\":\"https:\\\/\\\/www.rassegnastampa-totustuus.it\\\/cattolica\\\/corso-intensivo-sul-politicamente-corretto\\\/\"},\"wordCount\":980,\"publisher\":{\"@id\":\"https:\\\/\\\/www.rassegnastampa-totustuus.it\\\/cattolica\\\/#organization\"},\"image\":{\"@id\":\"https:\\\/\\\/www.rassegnastampa-totustuus.it\\\/cattolica\\\/corso-intensivo-sul-politicamente-corretto\\\/#primaryimage\"},\"thumbnailUrl\":\"https:\\\/\\\/www.rassegnastampa-totustuus.it\\\/cattolica\\\/wp-content\\\/uploads\\\/2020\\\/02\\\/politicamente_corretto.jpg\",\"keywords\":[\"politically correct\",\"sguardo sul nostro tempo\"],\"articleSection\":[\"Sguardo sul nostro tempo\"],\"inLanguage\":\"it-IT\"},{\"@type\":\"WebPage\",\"@id\":\"https:\\\/\\\/www.rassegnastampa-totustuus.it\\\/cattolica\\\/corso-intensivo-sul-politicamente-corretto\\\/\",\"url\":\"https:\\\/\\\/www.rassegnastampa-totustuus.it\\\/cattolica\\\/corso-intensivo-sul-politicamente-corretto\\\/\",\"name\":\"Corso intensivo sul politicamente corretto - Rassegna Stampa Cattolica\",\"isPartOf\":{\"@id\":\"https:\\\/\\\/www.rassegnastampa-totustuus.it\\\/cattolica\\\/#website\"},\"primaryImageOfPage\":{\"@id\":\"https:\\\/\\\/www.rassegnastampa-totustuus.it\\\/cattolica\\\/corso-intensivo-sul-politicamente-corretto\\\/#primaryimage\"},\"image\":{\"@id\":\"https:\\\/\\\/www.rassegnastampa-totustuus.it\\\/cattolica\\\/corso-intensivo-sul-politicamente-corretto\\\/#primaryimage\"},\"thumbnailUrl\":\"https:\\\/\\\/www.rassegnastampa-totustuus.it\\\/cattolica\\\/wp-content\\\/uploads\\\/2020\\\/02\\\/politicamente_corretto.jpg\",\"datePublished\":\"2020-02-19T23:00:16+00:00\",\"dateModified\":\"2020-02-24T11:17:36+00:00\",\"description\":\"Rassegna Stampa Cattolica - Per una cultura che nasce dalla Rivelazione cristiana in conformit\u00e0 alla tradizione e al Magistero della Chiesa in opposizione ad ogni relativismo e totalitarismo\",\"breadcrumb\":{\"@id\":\"https:\\\/\\\/www.rassegnastampa-totustuus.it\\\/cattolica\\\/corso-intensivo-sul-politicamente-corretto\\\/#breadcrumb\"},\"inLanguage\":\"it-IT\",\"potentialAction\":[{\"@type\":\"ReadAction\",\"target\":[\"https:\\\/\\\/www.rassegnastampa-totustuus.it\\\/cattolica\\\/corso-intensivo-sul-politicamente-corretto\\\/\"]}]},{\"@type\":\"ImageObject\",\"inLanguage\":\"it-IT\",\"@id\":\"https:\\\/\\\/www.rassegnastampa-totustuus.it\\\/cattolica\\\/corso-intensivo-sul-politicamente-corretto\\\/#primaryimage\",\"url\":\"https:\\\/\\\/www.rassegnastampa-totustuus.it\\\/cattolica\\\/wp-content\\\/uploads\\\/2020\\\/02\\\/politicamente_corretto.jpg\",\"contentUrl\":\"https:\\\/\\\/www.rassegnastampa-totustuus.it\\\/cattolica\\\/wp-content\\\/uploads\\\/2020\\\/02\\\/politicamente_corretto.jpg\",\"width\":1280,\"height\":720},{\"@type\":\"BreadcrumbList\",\"@id\":\"https:\\\/\\\/www.rassegnastampa-totustuus.it\\\/cattolica\\\/corso-intensivo-sul-politicamente-corretto\\\/#breadcrumb\",\"itemListElement\":[{\"@type\":\"ListItem\",\"position\":1,\"name\":\"Home\",\"item\":\"https:\\\/\\\/www.rassegnastampa-totustuus.it\\\/cattolica\\\/\"},{\"@type\":\"ListItem\",\"position\":2,\"name\":\"Corso intensivo sul politicamente corretto\"}]},{\"@type\":\"WebSite\",\"@id\":\"https:\\\/\\\/www.rassegnastampa-totustuus.it\\\/cattolica\\\/#website\",\"url\":\"https:\\\/\\\/www.rassegnastampa-totustuus.it\\\/cattolica\\\/\",\"name\":\"Rassegna Stampa Cattolica\",\"description\":\"Per una cultura che nasce dalla Rivelazione cristiana in conformit\u00e0 alla tradizione e al Magistero della Chiesa in opposizione ad ogni relativismo e totalitarismo\",\"publisher\":{\"@id\":\"https:\\\/\\\/www.rassegnastampa-totustuus.it\\\/cattolica\\\/#organization\"},\"alternateName\":\"Rass. Cattolica\",\"potentialAction\":[{\"@type\":\"SearchAction\",\"target\":{\"@type\":\"EntryPoint\",\"urlTemplate\":\"https:\\\/\\\/www.rassegnastampa-totustuus.it\\\/cattolica\\\/?s={search_term_string}\"},\"query-input\":{\"@type\":\"PropertyValueSpecification\",\"valueRequired\":true,\"valueName\":\"search_term_string\"}}],\"inLanguage\":\"it-IT\"},{\"@type\":\"Organization\",\"@id\":\"https:\\\/\\\/www.rassegnastampa-totustuus.it\\\/cattolica\\\/#organization\",\"name\":\"Rassegna Stampa Cattolica\",\"url\":\"https:\\\/\\\/www.rassegnastampa-totustuus.it\\\/cattolica\\\/\",\"logo\":{\"@type\":\"ImageObject\",\"inLanguage\":\"it-IT\",\"@id\":\"https:\\\/\\\/www.rassegnastampa-totustuus.it\\\/cattolica\\\/#\\\/schema\\\/logo\\\/image\\\/\",\"url\":\"https:\\\/\\\/www.rassegnastampa-totustuus.it\\\/cattolica\\\/wp-content\\\/uploads\\\/2014\\\/04\\\/logo-rassegna1.gif\",\"contentUrl\":\"https:\\\/\\\/www.rassegnastampa-totustuus.it\\\/cattolica\\\/wp-content\\\/uploads\\\/2014\\\/04\\\/logo-rassegna1.gif\",\"width\":600,\"height\":163,\"caption\":\"Rassegna Stampa Cattolica\"},\"image\":{\"@id\":\"https:\\\/\\\/www.rassegnastampa-totustuus.it\\\/cattolica\\\/#\\\/schema\\\/logo\\\/image\\\/\"},\"sameAs\":[\"https:\\\/\\\/www.facebook.com\\\/rassegnastampacattolica\",\"https:\\\/\\\/x.com\\\/rassegnastampa9\"]},{\"@type\":\"Person\",\"@id\":\"https:\\\/\\\/www.rassegnastampa-totustuus.it\\\/cattolica\\\/#\\\/schema\\\/person\\\/08f319d2bd1a0904ad9e2bfb7b15e5c3\",\"name\":\"Redazione\",\"image\":{\"@type\":\"ImageObject\",\"inLanguage\":\"it-IT\",\"@id\":\"https:\\\/\\\/secure.gravatar.com\\\/avatar\\\/2fcdf27c78ea025fbdb44e914cc63c72249ffec9dc8aafd5c82b26240ef3f346?s=96&d=mm&r=g\",\"url\":\"https:\\\/\\\/secure.gravatar.com\\\/avatar\\\/2fcdf27c78ea025fbdb44e914cc63c72249ffec9dc8aafd5c82b26240ef3f346?s=96&d=mm&r=g\",\"contentUrl\":\"https:\\\/\\\/secure.gravatar.com\\\/avatar\\\/2fcdf27c78ea025fbdb44e914cc63c72249ffec9dc8aafd5c82b26240ef3f346?s=96&d=mm&r=g\",\"caption\":\"Redazione\"},\"url\":\"https:\\\/\\\/www.rassegnastampa-totustuus.it\\\/cattolica\\\/author\\\/pietroelle\\\/\"}]}<\/script>\n<!-- \/ Yoast SEO plugin. -->","yoast_head_json":{"title":"Corso intensivo sul politicamente corretto - Rassegna Stampa Cattolica","description":"Rassegna Stampa Cattolica - Per una cultura che nasce dalla Rivelazione cristiana in conformit\u00e0 alla tradizione e al Magistero della Chiesa in opposizione ad ogni relativismo e totalitarismo","robots":{"index":"index","follow":"follow","max-snippet":"max-snippet:-1","max-image-preview":"max-image-preview:large","max-video-preview":"max-video-preview:-1"},"canonical":"https:\/\/www.rassegnastampa-totustuus.it\/cattolica\/corso-intensivo-sul-politicamente-corretto\/","og_locale":"it_IT","og_type":"article","og_title":"Corso intensivo sul politicamente corretto - Rassegna Stampa Cattolica","og_description":"Rassegna Stampa Cattolica - Per una cultura che nasce dalla Rivelazione cristiana in conformit\u00e0 alla tradizione e al Magistero della Chiesa in opposizione ad ogni relativismo e totalitarismo","og_url":"https:\/\/www.rassegnastampa-totustuus.it\/cattolica\/corso-intensivo-sul-politicamente-corretto\/","og_site_name":"Rassegna Stampa Cattolica","article_publisher":"https:\/\/www.facebook.com\/rassegnastampacattolica","article_published_time":"2020-02-19T23:00:16+00:00","article_modified_time":"2020-02-24T11:17:36+00:00","og_image":[{"width":1280,"height":720,"url":"https:\/\/www.rassegnastampa-totustuus.it\/cattolica\/wp-content\/uploads\/2020\/02\/politicamente_corretto.jpg","type":"image\/jpeg"}],"author":"Redazione","twitter_card":"summary_large_image","twitter_creator":"@rassegnastampa9","twitter_site":"@rassegnastampa9","twitter_misc":{"Scritto da":"Redazione","Tempo di lettura stimato":"5 minuti"},"schema":{"@context":"https:\/\/schema.org","@graph":[{"@type":"Article","@id":"https:\/\/www.rassegnastampa-totustuus.it\/cattolica\/corso-intensivo-sul-politicamente-corretto\/#article","isPartOf":{"@id":"https:\/\/www.rassegnastampa-totustuus.it\/cattolica\/corso-intensivo-sul-politicamente-corretto\/"},"author":{"name":"Redazione","@id":"https:\/\/www.rassegnastampa-totustuus.it\/cattolica\/#\/schema\/person\/08f319d2bd1a0904ad9e2bfb7b15e5c3"},"headline":"Corso intensivo sul politicamente corretto","datePublished":"2020-02-19T23:00:16+00:00","dateModified":"2020-02-24T11:17:36+00:00","mainEntityOfPage":{"@id":"https:\/\/www.rassegnastampa-totustuus.it\/cattolica\/corso-intensivo-sul-politicamente-corretto\/"},"wordCount":980,"publisher":{"@id":"https:\/\/www.rassegnastampa-totustuus.it\/cattolica\/#organization"},"image":{"@id":"https:\/\/www.rassegnastampa-totustuus.it\/cattolica\/corso-intensivo-sul-politicamente-corretto\/#primaryimage"},"thumbnailUrl":"https:\/\/www.rassegnastampa-totustuus.it\/cattolica\/wp-content\/uploads\/2020\/02\/politicamente_corretto.jpg","keywords":["politically correct","sguardo sul nostro tempo"],"articleSection":["Sguardo sul nostro tempo"],"inLanguage":"it-IT"},{"@type":"WebPage","@id":"https:\/\/www.rassegnastampa-totustuus.it\/cattolica\/corso-intensivo-sul-politicamente-corretto\/","url":"https:\/\/www.rassegnastampa-totustuus.it\/cattolica\/corso-intensivo-sul-politicamente-corretto\/","name":"Corso intensivo sul politicamente corretto - Rassegna Stampa Cattolica","isPartOf":{"@id":"https:\/\/www.rassegnastampa-totustuus.it\/cattolica\/#website"},"primaryImageOfPage":{"@id":"https:\/\/www.rassegnastampa-totustuus.it\/cattolica\/corso-intensivo-sul-politicamente-corretto\/#primaryimage"},"image":{"@id":"https:\/\/www.rassegnastampa-totustuus.it\/cattolica\/corso-intensivo-sul-politicamente-corretto\/#primaryimage"},"thumbnailUrl":"https:\/\/www.rassegnastampa-totustuus.it\/cattolica\/wp-content\/uploads\/2020\/02\/politicamente_corretto.jpg","datePublished":"2020-02-19T23:00:16+00:00","dateModified":"2020-02-24T11:17:36+00:00","description":"Rassegna Stampa Cattolica - Per una cultura che nasce dalla Rivelazione cristiana in conformit\u00e0 alla tradizione e al Magistero della Chiesa in opposizione ad ogni relativismo e totalitarismo","breadcrumb":{"@id":"https:\/\/www.rassegnastampa-totustuus.it\/cattolica\/corso-intensivo-sul-politicamente-corretto\/#breadcrumb"},"inLanguage":"it-IT","potentialAction":[{"@type":"ReadAction","target":["https:\/\/www.rassegnastampa-totustuus.it\/cattolica\/corso-intensivo-sul-politicamente-corretto\/"]}]},{"@type":"ImageObject","inLanguage":"it-IT","@id":"https:\/\/www.rassegnastampa-totustuus.it\/cattolica\/corso-intensivo-sul-politicamente-corretto\/#primaryimage","url":"https:\/\/www.rassegnastampa-totustuus.it\/cattolica\/wp-content\/uploads\/2020\/02\/politicamente_corretto.jpg","contentUrl":"https:\/\/www.rassegnastampa-totustuus.it\/cattolica\/wp-content\/uploads\/2020\/02\/politicamente_corretto.jpg","width":1280,"height":720},{"@type":"BreadcrumbList","@id":"https:\/\/www.rassegnastampa-totustuus.it\/cattolica\/corso-intensivo-sul-politicamente-corretto\/#breadcrumb","itemListElement":[{"@type":"ListItem","position":1,"name":"Home","item":"https:\/\/www.rassegnastampa-totustuus.it\/cattolica\/"},{"@type":"ListItem","position":2,"name":"Corso intensivo sul politicamente corretto"}]},{"@type":"WebSite","@id":"https:\/\/www.rassegnastampa-totustuus.it\/cattolica\/#website","url":"https:\/\/www.rassegnastampa-totustuus.it\/cattolica\/","name":"Rassegna Stampa Cattolica","description":"Per una cultura che nasce dalla Rivelazione cristiana in conformit\u00e0 alla tradizione e al Magistero della Chiesa in opposizione ad ogni relativismo e totalitarismo","publisher":{"@id":"https:\/\/www.rassegnastampa-totustuus.it\/cattolica\/#organization"},"alternateName":"Rass. Cattolica","potentialAction":[{"@type":"SearchAction","target":{"@type":"EntryPoint","urlTemplate":"https:\/\/www.rassegnastampa-totustuus.it\/cattolica\/?s={search_term_string}"},"query-input":{"@type":"PropertyValueSpecification","valueRequired":true,"valueName":"search_term_string"}}],"inLanguage":"it-IT"},{"@type":"Organization","@id":"https:\/\/www.rassegnastampa-totustuus.it\/cattolica\/#organization","name":"Rassegna Stampa Cattolica","url":"https:\/\/www.rassegnastampa-totustuus.it\/cattolica\/","logo":{"@type":"ImageObject","inLanguage":"it-IT","@id":"https:\/\/www.rassegnastampa-totustuus.it\/cattolica\/#\/schema\/logo\/image\/","url":"https:\/\/www.rassegnastampa-totustuus.it\/cattolica\/wp-content\/uploads\/2014\/04\/logo-rassegna1.gif","contentUrl":"https:\/\/www.rassegnastampa-totustuus.it\/cattolica\/wp-content\/uploads\/2014\/04\/logo-rassegna1.gif","width":600,"height":163,"caption":"Rassegna Stampa Cattolica"},"image":{"@id":"https:\/\/www.rassegnastampa-totustuus.it\/cattolica\/#\/schema\/logo\/image\/"},"sameAs":["https:\/\/www.facebook.com\/rassegnastampacattolica","https:\/\/x.com\/rassegnastampa9"]},{"@type":"Person","@id":"https:\/\/www.rassegnastampa-totustuus.it\/cattolica\/#\/schema\/person\/08f319d2bd1a0904ad9e2bfb7b15e5c3","name":"Redazione","image":{"@type":"ImageObject","inLanguage":"it-IT","@id":"https:\/\/secure.gravatar.com\/avatar\/2fcdf27c78ea025fbdb44e914cc63c72249ffec9dc8aafd5c82b26240ef3f346?s=96&d=mm&r=g","url":"https:\/\/secure.gravatar.com\/avatar\/2fcdf27c78ea025fbdb44e914cc63c72249ffec9dc8aafd5c82b26240ef3f346?s=96&d=mm&r=g","contentUrl":"https:\/\/secure.gravatar.com\/avatar\/2fcdf27c78ea025fbdb44e914cc63c72249ffec9dc8aafd5c82b26240ef3f346?s=96&d=mm&r=g","caption":"Redazione"},"url":"https:\/\/www.rassegnastampa-totustuus.it\/cattolica\/author\/pietroelle\/"}]}},"_links":{"self":[{"href":"https:\/\/www.rassegnastampa-totustuus.it\/cattolica\/wp-json\/wp\/v2\/posts\/46438","targetHints":{"allow":["GET"]}}],"collection":[{"href":"https:\/\/www.rassegnastampa-totustuus.it\/cattolica\/wp-json\/wp\/v2\/posts"}],"about":[{"href":"https:\/\/www.rassegnastampa-totustuus.it\/cattolica\/wp-json\/wp\/v2\/types\/post"}],"author":[{"embeddable":true,"href":"https:\/\/www.rassegnastampa-totustuus.it\/cattolica\/wp-json\/wp\/v2\/users\/6"}],"replies":[{"embeddable":true,"href":"https:\/\/www.rassegnastampa-totustuus.it\/cattolica\/wp-json\/wp\/v2\/comments?post=46438"}],"version-history":[{"count":3,"href":"https:\/\/www.rassegnastampa-totustuus.it\/cattolica\/wp-json\/wp\/v2\/posts\/46438\/revisions"}],"predecessor-version":[{"id":46482,"href":"https:\/\/www.rassegnastampa-totustuus.it\/cattolica\/wp-json\/wp\/v2\/posts\/46438\/revisions\/46482"}],"wp:featuredmedia":[{"embeddable":true,"href":"https:\/\/www.rassegnastampa-totustuus.it\/cattolica\/wp-json\/wp\/v2\/media\/46439"}],"wp:attachment":[{"href":"https:\/\/www.rassegnastampa-totustuus.it\/cattolica\/wp-json\/wp\/v2\/media?parent=46438"}],"wp:term":[{"taxonomy":"category","embeddable":true,"href":"https:\/\/www.rassegnastampa-totustuus.it\/cattolica\/wp-json\/wp\/v2\/categories?post=46438"},{"taxonomy":"post_tag","embeddable":true,"href":"https:\/\/www.rassegnastampa-totustuus.it\/cattolica\/wp-json\/wp\/v2\/tags?post=46438"}],"curies":[{"name":"wp","href":"https:\/\/api.w.org\/{rel}","templated":true}]}}