{"id":4641,"date":"2011-07-21T00:00:00","date_gmt":"2011-07-20T22:00:00","guid":{"rendered":""},"modified":"2015-04-08T12:25:54","modified_gmt":"2015-04-08T10:25:54","slug":"sudan-gloria-di-una-chiesa-crocifissa-e-miserie-dellideologia","status":"publish","type":"post","link":"https:\/\/www.rassegnastampa-totustuus.it\/cattolica\/sudan-gloria-di-una-chiesa-crocifissa-e-miserie-dellideologia\/","title":{"rendered":"Sudan, gloria di una chiesa crocifissa e miserie dell\u2019ideologia"},"content":{"rendered":"<div style=\"text-align: center;\"><strong><a href=\"https:\/\/www.rassegnastampa-totustuus.it\/cattolica\/wp-content\/uploads\/2011\/07\/pacifisti.jpg\"><img loading=\"lazy\" decoding=\"async\" class=\"alignleft wp-image-22664 size-full\" src=\"https:\/\/www.rassegnastampa-totustuus.it\/cattolica\/wp-content\/uploads\/2011\/07\/pacifisti.jpg\" alt=\"pacifisti\" width=\"240\" height=\"159\" \/><\/a>Libero<\/strong> 10 luglio 2011<\/div>\n<p style=\"text-align: justify;\"><em>La Chiesa martire del Sudan e i silenzi, le amnesie e coscienze sporche del pacifismo rosso e conformista<\/em><\/p>\n<p style=\"text-align: center;\">di <strong>Antonio Socci<\/strong><\/p>\n<p style=\"text-align: justify;\">Da oggi il sud del Sudan \u00e8 finalmente uno stato libero e indipendente (se non verr\u00e0 strozzato nella culla). L\u00ec \u00e8 stato perpetrato l\u2019ultimo genocidio del Novecento, ma un genocidio ignorato dai media e dal \u201cpartito umanitario\u201d nostrano. Forse perch\u00e9 le vittime non erano \u201cpolitically correct\u201d, trattandosi di neri cristiani e animisti.<\/p>\n<p style=\"text-align: justify;\"><!--more--><\/p>\n<p style=\"text-align: justify;\">Autore di quell\u2019orrore \u00e8 stato il regime arabo- musulmano del nord che ospit\u00f2 negli anni novanta anche Osama bin Laden e che, da qualche anno, \u00e8 in combutta con la Cina comunista interessata al petrolio sudanese. I media si sono occupati del Sudan solo di recente, quando \u00e8 scoppiata l\u2019emergenza Darfur, che derivava da un conflitto non religioso (erano tutti musulmani).Invece per la Jihad \u2013 la guerra santa islamica \u2013 che per decenni ha sterminato il Sud cristiano e animista non hanno avuto tempo.<\/p>\n<p style=\"text-align: justify;\">Eppure le cifre sono terrificanti: due milioni di vittime, tre milioni di profughi, migliaia di donne e bambini catturati e venduti come schiavi nel Nord islamico del Paese. Il regime di Karthoum ha fatto del Sudan \u2013 che sarebbe ricchissimo di petrolio e altre risorse \u2013 uno dei paesi pi\u00f9 poveri della terra (\u00e8 al 150 posto su 182), un paese dove si vive ancora in capanne di fango, seminudi e si muore come mosche per fame e malaria. Per questo molti fuggono, cercando di arrivare all\u2019Italia e in Europa.<\/p>\n<p style=\"text-align: justify;\">Siccome scrivo e parlo del genocidio sudanese da quindici anni, su giornali e in tv (prendendomi anche qualche insulto), permettetemi di togliermi un po\u2019 di sassolini dalle scarpe. Perch\u00e9 il \u201ccaso Sudan\u201d \u00e8 un\u2019occasione preziosa per riflettere sulla famosa coscienza \u201cumanitaria\u201d a intermittenza che caratterizza questa sinistra che ci \u00e8 toccata in sorte e i nostri media che in gran parte vengono culturalmente da l\u00ec.<\/p>\n<p style=\"text-align: justify;\"><strong>Piazze urlanti<\/strong><\/p>\n<p style=\"text-align: justify;\">C\u2019era una volta il Vietnam. Ricordate? E\u2019 stato il mito fondativo della sinistra sessantottina la quale poi ha riempito giornali e tv continuando l\u2019intossicazione ideologica con altre armi.<\/p>\n<p style=\"text-align: justify;\">Quella del Vietnam \u00e8 stata la madre di tutte le cause umanitarie della sinistra e conteneva tutte le sue contraddizioni e le sue ipocrisie. Per anni manifestazioni, cortei, assemblee, articolesse, indignazione a senso unico.<\/p>\n<p style=\"text-align: justify;\">Uno dei famosi inviati, Giorgio Bocca, anni dopo, confess\u00f2: \u201cfeci dei servizi che piacquero alla sinistra italiana: in parte perch\u00e9 raccontavo la verit\u00e0 sulla formidabile guerriglia vietnamita, in parte perch\u00e9 mi autocensuravo\u201d. Poi spiega: \u201cla mitizzazione della rivolta vietnamita e la demonizzazione degli americani erano giunte a un tale livello che non era possibile raccontare una verit\u00e0 che avesse per\u00f2 il marchio di informazione Usa\u201d.<\/p>\n<p style=\"text-align: justify;\">Non c\u2019era posto per la verit\u00e0. E questa era la stampa libera e indipendente.<\/p>\n<p style=\"text-align: justify;\">Finalmente i comunisti del Nord conquistarono il Sud Vietnam e iniziarono dittatura e massacri: di colpo nessuno degli indignati pi\u00f9 si cur\u00f2 del Vietnam e di quello che stava capitando ai vietnamiti \u201cliberati\u201d dai comunisti di Ho Chi Min. Migliaia di quei poveri vietnamiti \u2013 a cui avevamo imposto di subire la conquista comunista \u2013 fuggirono dal \u201cparadiso marxista\u201d su barche di fortuna. Molti annegarono, altri furono divorati dagli squali. Alcuni furono soccorsi. E cosa dicevano i compagni italiani di quei \u201cboat people\u201d?<\/p>\n<p style=\"text-align: justify;\"><strong>Rossi di vergogna<\/strong><\/p>\n<p style=\"text-align: justify;\">Posso testimoniarlo in prima persona. A quel tempo frequentavo il liceo a Siena. Collaboravo con la Caritas per organizzare l\u2019ospitalit\u00e0 in Italia per quei profughi che riuscirono ad arrivare vivi e ricordo bene che distribuendo i volantini in piazza a Siena ci prendevamo gli insulti dei compagni che chiamavano quei profughi \u201cfascisti e reazionari\u201d. Essendo in fuga dal comunismo, agli occhi loro quei profughi non erano da considerare come oggi consideriamo quelli che arrivano con i barconi a Lampedusa.<\/p>\n<p style=\"text-align: justify;\">Questa era la coscienza umanitaria della sinistra. Che in questi mesi, peraltro, vede i profughi e ne reclama l\u2019accoglienza, ma non vede le cause della loro fuga: per esempio quell\u2019orrida guerra contro la Libia tanto voluta dal compagno-presidente Napolitano. Anche in questo caso la coscienza umanitaria e pacifista dei compagni \u00e8 andata in vacanza (bombardiamo pure Tripoli, il pacifismo pensa all\u2019abbronzatura).<\/p>\n<p style=\"text-align: justify;\"><strong>Errori e orrori<\/strong><\/p>\n<p style=\"text-align: justify;\">Torno al Vietnam. L\u2019altro mito gemello del \u201868 fu la Cambogia. Anche quella doveva essere \u201cliberata\u201d dall\u2019okkupazione americana. \u201cI Khmer rossi ci sembravano l\u2019unica via d\u2019uscita dall\u2019incubo della guerra\u201d, scriver\u00e0 anni dopo Tiziano Terzani in un famoso articolo su \u201cRepubblica\u201d intitolato \u201cPol Pot, tu non mi piaci pi\u00f9\u201d. Questo articolo di revisione usc\u00ec nel 1985 e ormai gi\u00e0 si sapeva tutto del genocidio di due milioni di cambogiani innocenti perpetrato dai Khmer rossi.<\/p>\n<p style=\"text-align: justify;\">Quello che il \u201cgrande inviato\u201d avrebbe dovuto fare e non fece era raccontare prima, quando era sul posto, mentre accadevano i fatti, la mostruosit\u00e0 sanguinaria dei guerriglieri comunisti. Ma sebbene abbia visto, non credette a quei \u201cmassacri comunisti\u201d. Sospett\u00f2 che fossero manipolazioni della Cia. E oggi viene celebrato dal pensiero conformista come un grande giornalista testimone delle atrocit\u00e0 del Novecento.<\/p>\n<p style=\"text-align: justify;\">Chi invece, come il missionario padre Gheddo, denunci\u00f2 le stragi comuniste in Indocina mentre accadevano, negli anni Settanta, si prese del \u201creazionario\u201d e \u201cfinanziato dalla Cia\u201d. \u201cNessuno mi credette\u201d, ricorda. E nessuno poi gli ha riconosciuto il coraggio della verit\u00e0, n\u00e9 ha chiesto scusa.<\/p>\n<p style=\"text-align: justify;\">Nei decenni successivi la \u201csinistra umanitaria\u201d ha continuato ad alimentare le sue mitologie, sebbene pi\u00f9 in sordina. Ma sempre con un\u2019accurata selezione ideologica.<\/p>\n<p style=\"text-align: justify;\">Contro l\u2019invasione sovietica dell\u2019Afghanistan dei primi anni Ottanta \u2013 per esempio \u2013 non fiatarono (a quel tempo scendevano in piazza per protestare contro gli euromissili americani, risposta a quelli sovietici). Ma contro la guerra di Bush all\u2019Afghanistan dei talebani e di Bin Laden hanno scatenato il finimondo (ovviamente senza mai chiedere il parere delle donne afghane).<\/p>\n<p style=\"text-align: justify;\">Contro la Cina che massacrava gli studenti\u00a0 in piazza Tien an men nessuna manifestazione, n\u00e9 indignazione di massa. Cos\u00ec pure sull\u2019oppressione del Tibet. Silenzio anche sui lager cinesi tuttora funzionanti. Invece \u00e8 divampata la polemica su Guantanamo e, da anni, la protesta contro Israele che sarebbe reo di opprimere i palestinesi. Gli \u201cumanitari\u201d indignati infine hanno protestato per anni contro gli Stati Uniti rei di aver posto l\u2019embargo a Cuba (ovviamente senza denunciare la schifosa dittatura comunista di Fidel Castro).<\/p>\n<p style=\"text-align: justify;\">Perci\u00f2, con tutte queste \u201ccause umanitarie\u201d che permettevano loro di sentirsi buoni e puri, denunciando come oppressori Stati Uniti e Israele, gli umanitari progressisti di casa nostra non ebbero tempo di accorgersi del genocidio sudanese, cio\u00e8 della \u201cpi\u00f9 lunga guerra del \u2018900\u201d (dal 1956 al 2005) nel paese pi\u00f9 grande dell\u2019Africa. Erano tutti distratti e cos\u00ec in Italia nessuno sa qualcosa di quel genocidio che \u00e8 stato definito dall\u2019africanista Giampaolo Calchi Novati \u201cla pi\u00f9 dura operazione di islamizzazione forzata del \u2018900\u201d.<\/p>\n<p style=\"text-align: justify;\"><strong>Solo la voce della Chiesa<\/strong><\/p>\n<p style=\"text-align: justify;\">L\u2019unica voce, inerme e martire, come al solito, \u00e8 stata quella della Chiesa, una \u201cChiesa crocifissa\u201d, come l\u2019ha definita Giovanni Paolo II. Una Chiesa che ha il volto del grande vescovo missionario monsignor Mazzolari, che \u201ccomprende in s\u00e9 una capacit\u00e0 di denuncia del male unita a un\u2019indomita fantasia di bene che ha costruito scuole, ospedali, missioni, chiese, dispensari, vite future di ragazzi un tempo schiavi e poi laureatisi a Oxford\u201d, come scrive Lorenzo Fazzini nel bel libro \u201cUn Vangelo per l\u2019Africa\u201d, dedicato a Mazzolari e al Sudan.<\/p>\n<p style=\"text-align: justify;\">Il cristianesimo \u00e8 arrivato nei regni nubiani addirittura nel VI secolo. Poi ha portato libert\u00e0 e dignit\u00e0 umana in Sudan, nell\u2019Ottocento, con un grande santo, padre Comboni. Oggi la Chiesa accompagna questo popolo alla libert\u00e0 e all\u2019indipendenza. Il cristianesimo si conferma come culla di umanit\u00e0 e come l\u2019unica vera forza liberazione dei popoli. Mentre i nostri intellettuali gli riservano (oggi come ieri) parole sprezzanti\u2026<\/p>\n","protected":false},"excerpt":{"rendered":"<p>Libero 10 luglio 2011 La Chiesa martire del Sudan e i silenzi, le amnesie e coscienze sporche del pacifismo rosso e conformista di Antonio Socci Da oggi il sud del Sudan \u00e8 finalmente uno stato libero e indipendente (se non verr\u00e0 strozzato nella culla). L\u00ec \u00e8 stato perpetrato l\u2019ultimo genocidio del Novecento, ma un genocidio &hellip; <\/p>\n<p><a class=\"more-link btn\" href=\"https:\/\/www.rassegnastampa-totustuus.it\/cattolica\/sudan-gloria-di-una-chiesa-crocifissa-e-miserie-dellideologia\/\">Continua a leggere<\/a><\/p>\n","protected":false},"author":6,"featured_media":22664,"comment_status":"closed","ping_status":"open","sticky":false,"template":"","format":"standard","meta":{"footnotes":""},"categories":[5,33,16,49],"tags":[380,470,378],"class_list":["post-4641","post","type-post","status-publish","format-standard","has-post-thumbnail","hentry","category-chiesa","category-cristiani-nell-islam","category-islam","category-pacifismo","tag-cristiani-nellislam","tag-cristiani-perseguitati-2","tag-sudan","item-wrap"],"yoast_head":"<!-- This site is optimized with the Yoast SEO plugin v27.5 - https:\/\/yoast.com\/product\/yoast-seo-wordpress\/ -->\n<title>Sudan, gloria di una chiesa crocifissa e miserie dell\u2019ideologia - Rassegna Stampa Cattolica<\/title>\n<meta name=\"description\" content=\"Rassegna Stampa Cattolica - Per una cultura che nasce dalla Rivelazione cristiana in conformit\u00e0 alla tradizione e al Magistero della Chiesa in opposizione ad ogni relativismo e totalitarismo\" \/>\n<meta name=\"robots\" content=\"index, follow, max-snippet:-1, max-image-preview:large, max-video-preview:-1\" \/>\n<link rel=\"canonical\" href=\"https:\/\/www.rassegnastampa-totustuus.it\/cattolica\/sudan-gloria-di-una-chiesa-crocifissa-e-miserie-dellideologia\/\" \/>\n<meta property=\"og:locale\" content=\"it_IT\" \/>\n<meta property=\"og:type\" content=\"article\" \/>\n<meta property=\"og:title\" content=\"Sudan, gloria di una chiesa crocifissa e miserie dell\u2019ideologia - Rassegna Stampa Cattolica\" \/>\n<meta property=\"og:description\" content=\"Rassegna Stampa Cattolica - Per una cultura che nasce dalla Rivelazione cristiana in conformit\u00e0 alla tradizione e al Magistero della Chiesa in opposizione ad ogni relativismo e totalitarismo\" \/>\n<meta property=\"og:url\" content=\"https:\/\/www.rassegnastampa-totustuus.it\/cattolica\/sudan-gloria-di-una-chiesa-crocifissa-e-miserie-dellideologia\/\" \/>\n<meta property=\"og:site_name\" content=\"Rassegna Stampa Cattolica\" \/>\n<meta property=\"article:publisher\" content=\"https:\/\/www.facebook.com\/rassegnastampacattolica\" \/>\n<meta property=\"article:published_time\" content=\"2011-07-20T22:00:00+00:00\" \/>\n<meta property=\"article:modified_time\" content=\"2015-04-08T10:25:54+00:00\" \/>\n<meta property=\"og:image\" content=\"https:\/\/www.rassegnastampa-totustuus.it\/cattolica\/wp-content\/uploads\/2011\/07\/pacifisti.jpg\" \/>\n\t<meta property=\"og:image:width\" content=\"240\" \/>\n\t<meta property=\"og:image:height\" content=\"159\" \/>\n\t<meta property=\"og:image:type\" content=\"image\/jpeg\" \/>\n<meta name=\"author\" content=\"Redazione\" \/>\n<meta name=\"twitter:card\" content=\"summary_large_image\" \/>\n<meta name=\"twitter:creator\" content=\"@rassegnastampa9\" \/>\n<meta name=\"twitter:site\" content=\"@rassegnastampa9\" \/>\n<meta name=\"twitter:label1\" content=\"Scritto da\" \/>\n\t<meta name=\"twitter:data1\" content=\"Redazione\" \/>\n\t<meta name=\"twitter:label2\" content=\"Tempo di lettura stimato\" \/>\n\t<meta name=\"twitter:data2\" content=\"6 minuti\" \/>\n<script type=\"application\/ld+json\" class=\"yoast-schema-graph\">{\"@context\":\"https:\\\/\\\/schema.org\",\"@graph\":[{\"@type\":\"Article\",\"@id\":\"https:\\\/\\\/www.rassegnastampa-totustuus.it\\\/cattolica\\\/sudan-gloria-di-una-chiesa-crocifissa-e-miserie-dellideologia\\\/#article\",\"isPartOf\":{\"@id\":\"https:\\\/\\\/www.rassegnastampa-totustuus.it\\\/cattolica\\\/sudan-gloria-di-una-chiesa-crocifissa-e-miserie-dellideologia\\\/\"},\"author\":{\"name\":\"Redazione\",\"@id\":\"https:\\\/\\\/www.rassegnastampa-totustuus.it\\\/cattolica\\\/#\\\/schema\\\/person\\\/08f319d2bd1a0904ad9e2bfb7b15e5c3\"},\"headline\":\"Sudan, gloria di una chiesa crocifissa e miserie dell\u2019ideologia\",\"datePublished\":\"2011-07-20T22:00:00+00:00\",\"dateModified\":\"2015-04-08T10:25:54+00:00\",\"mainEntityOfPage\":{\"@id\":\"https:\\\/\\\/www.rassegnastampa-totustuus.it\\\/cattolica\\\/sudan-gloria-di-una-chiesa-crocifissa-e-miserie-dellideologia\\\/\"},\"wordCount\":1272,\"publisher\":{\"@id\":\"https:\\\/\\\/www.rassegnastampa-totustuus.it\\\/cattolica\\\/#organization\"},\"image\":{\"@id\":\"https:\\\/\\\/www.rassegnastampa-totustuus.it\\\/cattolica\\\/sudan-gloria-di-una-chiesa-crocifissa-e-miserie-dellideologia\\\/#primaryimage\"},\"thumbnailUrl\":\"https:\\\/\\\/www.rassegnastampa-totustuus.it\\\/cattolica\\\/wp-content\\\/uploads\\\/2011\\\/07\\\/pacifisti.jpg\",\"keywords\":[\"cristiani nell'Islam\",\"cristiani perseguitati\",\"Sudan\"],\"articleSection\":[\"Chiesa\",\"Cristiani nell'islam\",\"Islam\",\"Pacifismo\"],\"inLanguage\":\"it-IT\"},{\"@type\":\"WebPage\",\"@id\":\"https:\\\/\\\/www.rassegnastampa-totustuus.it\\\/cattolica\\\/sudan-gloria-di-una-chiesa-crocifissa-e-miserie-dellideologia\\\/\",\"url\":\"https:\\\/\\\/www.rassegnastampa-totustuus.it\\\/cattolica\\\/sudan-gloria-di-una-chiesa-crocifissa-e-miserie-dellideologia\\\/\",\"name\":\"Sudan, gloria di una chiesa crocifissa e miserie dell\u2019ideologia - Rassegna Stampa Cattolica\",\"isPartOf\":{\"@id\":\"https:\\\/\\\/www.rassegnastampa-totustuus.it\\\/cattolica\\\/#website\"},\"primaryImageOfPage\":{\"@id\":\"https:\\\/\\\/www.rassegnastampa-totustuus.it\\\/cattolica\\\/sudan-gloria-di-una-chiesa-crocifissa-e-miserie-dellideologia\\\/#primaryimage\"},\"image\":{\"@id\":\"https:\\\/\\\/www.rassegnastampa-totustuus.it\\\/cattolica\\\/sudan-gloria-di-una-chiesa-crocifissa-e-miserie-dellideologia\\\/#primaryimage\"},\"thumbnailUrl\":\"https:\\\/\\\/www.rassegnastampa-totustuus.it\\\/cattolica\\\/wp-content\\\/uploads\\\/2011\\\/07\\\/pacifisti.jpg\",\"datePublished\":\"2011-07-20T22:00:00+00:00\",\"dateModified\":\"2015-04-08T10:25:54+00:00\",\"description\":\"Rassegna Stampa Cattolica - Per una cultura che nasce dalla Rivelazione cristiana in conformit\u00e0 alla tradizione e al Magistero della Chiesa in opposizione ad ogni relativismo e totalitarismo\",\"breadcrumb\":{\"@id\":\"https:\\\/\\\/www.rassegnastampa-totustuus.it\\\/cattolica\\\/sudan-gloria-di-una-chiesa-crocifissa-e-miserie-dellideologia\\\/#breadcrumb\"},\"inLanguage\":\"it-IT\",\"potentialAction\":[{\"@type\":\"ReadAction\",\"target\":[\"https:\\\/\\\/www.rassegnastampa-totustuus.it\\\/cattolica\\\/sudan-gloria-di-una-chiesa-crocifissa-e-miserie-dellideologia\\\/\"]}]},{\"@type\":\"ImageObject\",\"inLanguage\":\"it-IT\",\"@id\":\"https:\\\/\\\/www.rassegnastampa-totustuus.it\\\/cattolica\\\/sudan-gloria-di-una-chiesa-crocifissa-e-miserie-dellideologia\\\/#primaryimage\",\"url\":\"https:\\\/\\\/www.rassegnastampa-totustuus.it\\\/cattolica\\\/wp-content\\\/uploads\\\/2011\\\/07\\\/pacifisti.jpg\",\"contentUrl\":\"https:\\\/\\\/www.rassegnastampa-totustuus.it\\\/cattolica\\\/wp-content\\\/uploads\\\/2011\\\/07\\\/pacifisti.jpg\",\"width\":240,\"height\":159},{\"@type\":\"BreadcrumbList\",\"@id\":\"https:\\\/\\\/www.rassegnastampa-totustuus.it\\\/cattolica\\\/sudan-gloria-di-una-chiesa-crocifissa-e-miserie-dellideologia\\\/#breadcrumb\",\"itemListElement\":[{\"@type\":\"ListItem\",\"position\":1,\"name\":\"Home\",\"item\":\"https:\\\/\\\/www.rassegnastampa-totustuus.it\\\/cattolica\\\/\"},{\"@type\":\"ListItem\",\"position\":2,\"name\":\"Sudan, gloria di una chiesa crocifissa e miserie dell\u2019ideologia\"}]},{\"@type\":\"WebSite\",\"@id\":\"https:\\\/\\\/www.rassegnastampa-totustuus.it\\\/cattolica\\\/#website\",\"url\":\"https:\\\/\\\/www.rassegnastampa-totustuus.it\\\/cattolica\\\/\",\"name\":\"Rassegna Stampa Cattolica\",\"description\":\"Per una cultura che nasce dalla Rivelazione cristiana in conformit\u00e0 alla tradizione e al Magistero della Chiesa in opposizione ad ogni relativismo e totalitarismo\",\"publisher\":{\"@id\":\"https:\\\/\\\/www.rassegnastampa-totustuus.it\\\/cattolica\\\/#organization\"},\"alternateName\":\"Rass. Cattolica\",\"potentialAction\":[{\"@type\":\"SearchAction\",\"target\":{\"@type\":\"EntryPoint\",\"urlTemplate\":\"https:\\\/\\\/www.rassegnastampa-totustuus.it\\\/cattolica\\\/?s={search_term_string}\"},\"query-input\":{\"@type\":\"PropertyValueSpecification\",\"valueRequired\":true,\"valueName\":\"search_term_string\"}}],\"inLanguage\":\"it-IT\"},{\"@type\":\"Organization\",\"@id\":\"https:\\\/\\\/www.rassegnastampa-totustuus.it\\\/cattolica\\\/#organization\",\"name\":\"Rassegna Stampa Cattolica\",\"url\":\"https:\\\/\\\/www.rassegnastampa-totustuus.it\\\/cattolica\\\/\",\"logo\":{\"@type\":\"ImageObject\",\"inLanguage\":\"it-IT\",\"@id\":\"https:\\\/\\\/www.rassegnastampa-totustuus.it\\\/cattolica\\\/#\\\/schema\\\/logo\\\/image\\\/\",\"url\":\"https:\\\/\\\/www.rassegnastampa-totustuus.it\\\/cattolica\\\/wp-content\\\/uploads\\\/2014\\\/04\\\/logo-rassegna1.gif\",\"contentUrl\":\"https:\\\/\\\/www.rassegnastampa-totustuus.it\\\/cattolica\\\/wp-content\\\/uploads\\\/2014\\\/04\\\/logo-rassegna1.gif\",\"width\":600,\"height\":163,\"caption\":\"Rassegna Stampa Cattolica\"},\"image\":{\"@id\":\"https:\\\/\\\/www.rassegnastampa-totustuus.it\\\/cattolica\\\/#\\\/schema\\\/logo\\\/image\\\/\"},\"sameAs\":[\"https:\\\/\\\/www.facebook.com\\\/rassegnastampacattolica\",\"https:\\\/\\\/x.com\\\/rassegnastampa9\"]},{\"@type\":\"Person\",\"@id\":\"https:\\\/\\\/www.rassegnastampa-totustuus.it\\\/cattolica\\\/#\\\/schema\\\/person\\\/08f319d2bd1a0904ad9e2bfb7b15e5c3\",\"name\":\"Redazione\",\"image\":{\"@type\":\"ImageObject\",\"inLanguage\":\"it-IT\",\"@id\":\"https:\\\/\\\/secure.gravatar.com\\\/avatar\\\/2fcdf27c78ea025fbdb44e914cc63c72249ffec9dc8aafd5c82b26240ef3f346?s=96&d=mm&r=g\",\"url\":\"https:\\\/\\\/secure.gravatar.com\\\/avatar\\\/2fcdf27c78ea025fbdb44e914cc63c72249ffec9dc8aafd5c82b26240ef3f346?s=96&d=mm&r=g\",\"contentUrl\":\"https:\\\/\\\/secure.gravatar.com\\\/avatar\\\/2fcdf27c78ea025fbdb44e914cc63c72249ffec9dc8aafd5c82b26240ef3f346?s=96&d=mm&r=g\",\"caption\":\"Redazione\"},\"url\":\"https:\\\/\\\/www.rassegnastampa-totustuus.it\\\/cattolica\\\/author\\\/pietroelle\\\/\"}]}<\/script>\n<!-- \/ Yoast SEO plugin. -->","yoast_head_json":{"title":"Sudan, gloria di una chiesa crocifissa e miserie dell\u2019ideologia - Rassegna Stampa Cattolica","description":"Rassegna Stampa Cattolica - Per una cultura che nasce dalla Rivelazione cristiana in conformit\u00e0 alla tradizione e al Magistero della Chiesa in opposizione ad ogni relativismo e totalitarismo","robots":{"index":"index","follow":"follow","max-snippet":"max-snippet:-1","max-image-preview":"max-image-preview:large","max-video-preview":"max-video-preview:-1"},"canonical":"https:\/\/www.rassegnastampa-totustuus.it\/cattolica\/sudan-gloria-di-una-chiesa-crocifissa-e-miserie-dellideologia\/","og_locale":"it_IT","og_type":"article","og_title":"Sudan, gloria di una chiesa crocifissa e miserie dell\u2019ideologia - Rassegna Stampa Cattolica","og_description":"Rassegna Stampa Cattolica - Per una cultura che nasce dalla Rivelazione cristiana in conformit\u00e0 alla tradizione e al Magistero della Chiesa in opposizione ad ogni relativismo e totalitarismo","og_url":"https:\/\/www.rassegnastampa-totustuus.it\/cattolica\/sudan-gloria-di-una-chiesa-crocifissa-e-miserie-dellideologia\/","og_site_name":"Rassegna Stampa Cattolica","article_publisher":"https:\/\/www.facebook.com\/rassegnastampacattolica","article_published_time":"2011-07-20T22:00:00+00:00","article_modified_time":"2015-04-08T10:25:54+00:00","og_image":[{"width":240,"height":159,"url":"https:\/\/www.rassegnastampa-totustuus.it\/cattolica\/wp-content\/uploads\/2011\/07\/pacifisti.jpg","type":"image\/jpeg"}],"author":"Redazione","twitter_card":"summary_large_image","twitter_creator":"@rassegnastampa9","twitter_site":"@rassegnastampa9","twitter_misc":{"Scritto da":"Redazione","Tempo di lettura stimato":"6 minuti"},"schema":{"@context":"https:\/\/schema.org","@graph":[{"@type":"Article","@id":"https:\/\/www.rassegnastampa-totustuus.it\/cattolica\/sudan-gloria-di-una-chiesa-crocifissa-e-miserie-dellideologia\/#article","isPartOf":{"@id":"https:\/\/www.rassegnastampa-totustuus.it\/cattolica\/sudan-gloria-di-una-chiesa-crocifissa-e-miserie-dellideologia\/"},"author":{"name":"Redazione","@id":"https:\/\/www.rassegnastampa-totustuus.it\/cattolica\/#\/schema\/person\/08f319d2bd1a0904ad9e2bfb7b15e5c3"},"headline":"Sudan, gloria di una chiesa crocifissa e miserie dell\u2019ideologia","datePublished":"2011-07-20T22:00:00+00:00","dateModified":"2015-04-08T10:25:54+00:00","mainEntityOfPage":{"@id":"https:\/\/www.rassegnastampa-totustuus.it\/cattolica\/sudan-gloria-di-una-chiesa-crocifissa-e-miserie-dellideologia\/"},"wordCount":1272,"publisher":{"@id":"https:\/\/www.rassegnastampa-totustuus.it\/cattolica\/#organization"},"image":{"@id":"https:\/\/www.rassegnastampa-totustuus.it\/cattolica\/sudan-gloria-di-una-chiesa-crocifissa-e-miserie-dellideologia\/#primaryimage"},"thumbnailUrl":"https:\/\/www.rassegnastampa-totustuus.it\/cattolica\/wp-content\/uploads\/2011\/07\/pacifisti.jpg","keywords":["cristiani nell'Islam","cristiani perseguitati","Sudan"],"articleSection":["Chiesa","Cristiani nell'islam","Islam","Pacifismo"],"inLanguage":"it-IT"},{"@type":"WebPage","@id":"https:\/\/www.rassegnastampa-totustuus.it\/cattolica\/sudan-gloria-di-una-chiesa-crocifissa-e-miserie-dellideologia\/","url":"https:\/\/www.rassegnastampa-totustuus.it\/cattolica\/sudan-gloria-di-una-chiesa-crocifissa-e-miserie-dellideologia\/","name":"Sudan, gloria di una chiesa crocifissa e miserie dell\u2019ideologia - Rassegna Stampa Cattolica","isPartOf":{"@id":"https:\/\/www.rassegnastampa-totustuus.it\/cattolica\/#website"},"primaryImageOfPage":{"@id":"https:\/\/www.rassegnastampa-totustuus.it\/cattolica\/sudan-gloria-di-una-chiesa-crocifissa-e-miserie-dellideologia\/#primaryimage"},"image":{"@id":"https:\/\/www.rassegnastampa-totustuus.it\/cattolica\/sudan-gloria-di-una-chiesa-crocifissa-e-miserie-dellideologia\/#primaryimage"},"thumbnailUrl":"https:\/\/www.rassegnastampa-totustuus.it\/cattolica\/wp-content\/uploads\/2011\/07\/pacifisti.jpg","datePublished":"2011-07-20T22:00:00+00:00","dateModified":"2015-04-08T10:25:54+00:00","description":"Rassegna Stampa Cattolica - Per una cultura che nasce dalla Rivelazione cristiana in conformit\u00e0 alla tradizione e al Magistero della Chiesa in opposizione ad ogni relativismo e totalitarismo","breadcrumb":{"@id":"https:\/\/www.rassegnastampa-totustuus.it\/cattolica\/sudan-gloria-di-una-chiesa-crocifissa-e-miserie-dellideologia\/#breadcrumb"},"inLanguage":"it-IT","potentialAction":[{"@type":"ReadAction","target":["https:\/\/www.rassegnastampa-totustuus.it\/cattolica\/sudan-gloria-di-una-chiesa-crocifissa-e-miserie-dellideologia\/"]}]},{"@type":"ImageObject","inLanguage":"it-IT","@id":"https:\/\/www.rassegnastampa-totustuus.it\/cattolica\/sudan-gloria-di-una-chiesa-crocifissa-e-miserie-dellideologia\/#primaryimage","url":"https:\/\/www.rassegnastampa-totustuus.it\/cattolica\/wp-content\/uploads\/2011\/07\/pacifisti.jpg","contentUrl":"https:\/\/www.rassegnastampa-totustuus.it\/cattolica\/wp-content\/uploads\/2011\/07\/pacifisti.jpg","width":240,"height":159},{"@type":"BreadcrumbList","@id":"https:\/\/www.rassegnastampa-totustuus.it\/cattolica\/sudan-gloria-di-una-chiesa-crocifissa-e-miserie-dellideologia\/#breadcrumb","itemListElement":[{"@type":"ListItem","position":1,"name":"Home","item":"https:\/\/www.rassegnastampa-totustuus.it\/cattolica\/"},{"@type":"ListItem","position":2,"name":"Sudan, gloria di una chiesa crocifissa e miserie dell\u2019ideologia"}]},{"@type":"WebSite","@id":"https:\/\/www.rassegnastampa-totustuus.it\/cattolica\/#website","url":"https:\/\/www.rassegnastampa-totustuus.it\/cattolica\/","name":"Rassegna Stampa Cattolica","description":"Per una cultura che nasce dalla Rivelazione cristiana in conformit\u00e0 alla tradizione e al Magistero della Chiesa in opposizione ad ogni relativismo e totalitarismo","publisher":{"@id":"https:\/\/www.rassegnastampa-totustuus.it\/cattolica\/#organization"},"alternateName":"Rass. Cattolica","potentialAction":[{"@type":"SearchAction","target":{"@type":"EntryPoint","urlTemplate":"https:\/\/www.rassegnastampa-totustuus.it\/cattolica\/?s={search_term_string}"},"query-input":{"@type":"PropertyValueSpecification","valueRequired":true,"valueName":"search_term_string"}}],"inLanguage":"it-IT"},{"@type":"Organization","@id":"https:\/\/www.rassegnastampa-totustuus.it\/cattolica\/#organization","name":"Rassegna Stampa Cattolica","url":"https:\/\/www.rassegnastampa-totustuus.it\/cattolica\/","logo":{"@type":"ImageObject","inLanguage":"it-IT","@id":"https:\/\/www.rassegnastampa-totustuus.it\/cattolica\/#\/schema\/logo\/image\/","url":"https:\/\/www.rassegnastampa-totustuus.it\/cattolica\/wp-content\/uploads\/2014\/04\/logo-rassegna1.gif","contentUrl":"https:\/\/www.rassegnastampa-totustuus.it\/cattolica\/wp-content\/uploads\/2014\/04\/logo-rassegna1.gif","width":600,"height":163,"caption":"Rassegna Stampa Cattolica"},"image":{"@id":"https:\/\/www.rassegnastampa-totustuus.it\/cattolica\/#\/schema\/logo\/image\/"},"sameAs":["https:\/\/www.facebook.com\/rassegnastampacattolica","https:\/\/x.com\/rassegnastampa9"]},{"@type":"Person","@id":"https:\/\/www.rassegnastampa-totustuus.it\/cattolica\/#\/schema\/person\/08f319d2bd1a0904ad9e2bfb7b15e5c3","name":"Redazione","image":{"@type":"ImageObject","inLanguage":"it-IT","@id":"https:\/\/secure.gravatar.com\/avatar\/2fcdf27c78ea025fbdb44e914cc63c72249ffec9dc8aafd5c82b26240ef3f346?s=96&d=mm&r=g","url":"https:\/\/secure.gravatar.com\/avatar\/2fcdf27c78ea025fbdb44e914cc63c72249ffec9dc8aafd5c82b26240ef3f346?s=96&d=mm&r=g","contentUrl":"https:\/\/secure.gravatar.com\/avatar\/2fcdf27c78ea025fbdb44e914cc63c72249ffec9dc8aafd5c82b26240ef3f346?s=96&d=mm&r=g","caption":"Redazione"},"url":"https:\/\/www.rassegnastampa-totustuus.it\/cattolica\/author\/pietroelle\/"}]}},"_links":{"self":[{"href":"https:\/\/www.rassegnastampa-totustuus.it\/cattolica\/wp-json\/wp\/v2\/posts\/4641","targetHints":{"allow":["GET"]}}],"collection":[{"href":"https:\/\/www.rassegnastampa-totustuus.it\/cattolica\/wp-json\/wp\/v2\/posts"}],"about":[{"href":"https:\/\/www.rassegnastampa-totustuus.it\/cattolica\/wp-json\/wp\/v2\/types\/post"}],"author":[{"embeddable":true,"href":"https:\/\/www.rassegnastampa-totustuus.it\/cattolica\/wp-json\/wp\/v2\/users\/6"}],"replies":[{"embeddable":true,"href":"https:\/\/www.rassegnastampa-totustuus.it\/cattolica\/wp-json\/wp\/v2\/comments?post=4641"}],"version-history":[{"count":3,"href":"https:\/\/www.rassegnastampa-totustuus.it\/cattolica\/wp-json\/wp\/v2\/posts\/4641\/revisions"}],"predecessor-version":[{"id":22665,"href":"https:\/\/www.rassegnastampa-totustuus.it\/cattolica\/wp-json\/wp\/v2\/posts\/4641\/revisions\/22665"}],"wp:featuredmedia":[{"embeddable":true,"href":"https:\/\/www.rassegnastampa-totustuus.it\/cattolica\/wp-json\/wp\/v2\/media\/22664"}],"wp:attachment":[{"href":"https:\/\/www.rassegnastampa-totustuus.it\/cattolica\/wp-json\/wp\/v2\/media?parent=4641"}],"wp:term":[{"taxonomy":"category","embeddable":true,"href":"https:\/\/www.rassegnastampa-totustuus.it\/cattolica\/wp-json\/wp\/v2\/categories?post=4641"},{"taxonomy":"post_tag","embeddable":true,"href":"https:\/\/www.rassegnastampa-totustuus.it\/cattolica\/wp-json\/wp\/v2\/tags?post=4641"}],"curies":[{"name":"wp","href":"https:\/\/api.w.org\/{rel}","templated":true}]}}