{"id":46408,"date":"2017-02-15T00:00:07","date_gmt":"2017-02-14T23:00:07","guid":{"rendered":"http:\/\/www.rassegnastampa-totustuus.it\/cattolica\/?p=46408"},"modified":"2020-02-13T15:41:58","modified_gmt":"2020-02-13T14:41:58","slug":"un-papa-nero-che-abbaglia","status":"publish","type":"post","link":"https:\/\/www.rassegnastampa-totustuus.it\/cattolica\/un-papa-nero-che-abbaglia\/","title":{"rendered":"Un papa nero che abbaglia"},"content":{"rendered":"<p style=\"text-align: center;\"><strong><a href=\"https:\/\/www.rassegnastampa-totustuus.it\/cattolica\/wp-content\/uploads\/2019\/02\/padre_Arturo_Sosa.jpg\"><img loading=\"lazy\" decoding=\"async\" class=\" wp-image-42018 alignleft\" src=\"https:\/\/www.rassegnastampa-totustuus.it\/cattolica\/wp-content\/uploads\/2019\/02\/padre_Arturo_Sosa.jpg\" alt=\"\" width=\"182\" height=\"243\" \/><\/a>Il Timone<\/strong> n. 189 Novembre 2019<\/p>\n<p style=\"text-align: justify;\"><em>Politologo vicino alla teologia della liberazione, oggi padre Sosa Abascal \u00e8 il nuovo Generale dei gesuiti. Per lui il demonio \u00e8 assimilabile a un simbolo e le parole di Ges\u00f9 vanno contestualizzate perch\u00e9 all&#8217;epoca non c&#8217;era il registratore <\/em><\/p>\n<p style=\"text-align: center;\"><strong>di Ermes Dovico<\/strong><\/p>\n<p><!--more--><\/p>\n<p style=\"text-align: justify;\">Fino a tre anni fa, nel mondo cattolico del Vecchio Continente, il venezuelano padre Arturo Sosa Abascal, classe 1948, era sconosciuto ai pi\u00f9. Poi, il 14 ottobre 2016, divenne il 31\u00b0 prep\u00f3sito generale &#8211; il primo non europeo &#8211; nella storia della Compagnia di Ges\u00f9, fondata nella prima met\u00e0 del XVI secolo da sant&#8217;Ignazio di Loyola e compagni.<\/p>\n<p style=\"text-align: justify;\"><a href=\"https:\/\/www.rassegnastampa-totustuus.it\/cattolica\/wp-content\/uploads\/2013\/03\/card_Bergoglio.png\"><img loading=\"lazy\" decoding=\"async\" class=\" wp-image-24983 alignright\" src=\"https:\/\/www.rassegnastampa-totustuus.it\/cattolica\/wp-content\/uploads\/2013\/03\/card_Bergoglio.png\" alt=\"\" width=\"182\" height=\"273\" \/><\/a>Unicit\u00e0 del momento storico: dopo l&#8217;argentino Jorge Mario Bergoglio, primo Papa a provenire dal Nuovo Continente, ecco dall&#8217;America, in particolare l&#8217;America Latina, anche il &#8220;Papa nero&#8221;, come viene comunemente chiamato il generale dei gesuiti sia per il colore tradizionale dell&#8217;abito, sia perch\u00e9 la sua elezione \u00e8 a vita, sia per l&#8217;influenza nella Chiesa.<\/p>\n<p style=\"text-align: justify;\">Infatti, malgrado le vocazioni pi\u00f9 che dimezzate nell&#8217;ultimo mezzo secolo, parliamo dell&#8217;ordine oggi pi\u00f9 numeroso, con oltre 16.000 membri secondo l&#8217;Annuario Pontificio del 2018 (erano pi\u00f9 di 36.000 al momento della massima espansione, nel 1965).<\/p>\n<p style=\"text-align: justify;\">Tre anni sono gi\u00e0 passati, dunque, dall&#8217;elezione di padre Sosa, che nel frattempo \u00e8 divenuto ben noto anche nel mondo cattolico europeo per alcune sue frasi famose, da quella sul registratore che mancava ai tempi della vita pubblica di Ges\u00f9 all&#8217;esplicita eresia del diavolo come figura simbolica.<\/p>\n<p style=\"text-align: justify;\"><a href=\"https:\/\/www.rassegnastampa-totustuus.it\/cattolica\/wp-content\/uploads\/2005\/02\/Gesuiti.jpg\"><img loading=\"lazy\" decoding=\"async\" class=\"size-full wp-image-35429 alignleft\" src=\"https:\/\/www.rassegnastampa-totustuus.it\/cattolica\/wp-content\/uploads\/2005\/02\/Gesuiti.jpg\" alt=\"\" width=\"203\" height=\"248\" \/><\/a>Ma vediamo qual \u00e8 il retroterra di questo gesuita sudamericano, poliglotta, piuttosto conosciuto e dibattuto oltreoceano, specie per i suoi scritti sul pensiero politico, che hanno portato il politologo Guillermo Aveledo Coli a definirlo \u00abuno degli accademici pi\u00f9 importanti della storia intellettuale del Venezuela\u00bb, mentre altri commentatori ne hanno deprecato il modernismo teologico e le spinte rivoluzionarie in senso marxista.<\/p>\n<p style=\"text-align: justify;\">Figlio di un economista e avvocato due volte ministro delle Finanze venezuelano, Arturo Sosa Abascal \u00e8 entrato nella Compagnia di Ges\u00f9 nel 1966, un anno dopo la fine del Vaticano II (a cui guarda secondo le lenti del cosiddetto &#8220;spirito del Concilio&#8221;), laureandosi in filosofia e conseguendo poi un dottorato in scienze politiche.<\/p>\n<p style=\"text-align: justify;\"><strong>Che passione per <\/strong><strong>F<\/strong><strong>idel<\/strong><strong>! <\/strong><\/p>\n<p style=\"text-align: justify;\"><a href=\"https:\/\/www.rassegnastampa-totustuus.it\/cattolica\/wp-content\/uploads\/2012\/09\/teologia_liberaz.jpg\"><img loading=\"lazy\" decoding=\"async\" class=\"size-full wp-image-29599 alignright\" src=\"https:\/\/www.rassegnastampa-totustuus.it\/cattolica\/wp-content\/uploads\/2012\/09\/teologia_liberaz.jpg\" alt=\"\" width=\"249\" height=\"202\" \/><\/a>Le idee politiche di padre Sosa, convinto della necessit\u00e0 di diffondere il socialismo in tutta l&#8217;America Latina, lo hanno portato a sostenere apertamente il regime di Fidel Castro, come quando, nel 1989, il sacerdote nativo di Caracas fu tra gli oltre 900 artisti e intellettuali firmatari di un manifesto a sostegno della visita del dittatore cubano in Venezuela.<\/p>\n<p style=\"text-align: justify;\">Manifesto in cui i sottoscrittori esprimevano il loro \u00abrispetto\u00bb per Castro, \u00abcome principale leader della Rivoluzione cubana\u00bb, aggiungendo che \u00absolo la cecit\u00e0 ideologica pu\u00f2 negare il posto che occupa il processo che lei rappresenta nella storia della liberazione dei nostri popoli\u00bb e adulando il l\u00edder m\u00e1ximo come riferimento \u00abnel profondo della nostra speranza\u00bb per un&#8217;America Latina \u00abgiusta, indipendente e solidale\u00bb. Eppure, si trattava dello stesso regime che aveva oppresso la Chiesa cattolica. E non solo.<\/p>\n<p style=\"text-align: justify;\"><strong>Il marxismo al posto della fede <\/strong><\/p>\n<p style=\"text-align: justify;\"><a href=\"https:\/\/www.rassegnastampa-totustuus.it\/cattolica\/wp-content\/uploads\/2009\/12\/teologia_liberazione.jpg\"><img loading=\"lazy\" decoding=\"async\" class=\"size-full wp-image-33738 alignleft\" src=\"https:\/\/www.rassegnastampa-totustuus.it\/cattolica\/wp-content\/uploads\/2009\/12\/teologia_liberazione.jpg\" alt=\"\" width=\"225\" height=\"225\" srcset=\"https:\/\/www.rassegnastampa-totustuus.it\/cattolica\/wp-content\/uploads\/2009\/12\/teologia_liberazione.jpg 225w, https:\/\/www.rassegnastampa-totustuus.it\/cattolica\/wp-content\/uploads\/2009\/12\/teologia_liberazione-150x150.jpg 150w\" sizes=\"auto, (max-width: 225px) 100vw, 225px\" \/><\/a>Del resto, il pensiero di padre Sosa affonda le sue radici in quella Teologia della Liberazione (combattuta da san Giovanni Paolo II con Joseph Ratzinger al suo fianco) tanto di moda in Sudamerica negli anni in cui si form\u00f2.<\/p>\n<p style=\"text-align: justify;\">Cos\u00ec, in un vecchio articolo intitolato \u00abLa mediaci\u00f3n marxista de la fe cristiana\u00bb, pubblicato nel 1978, l&#8217;allora giovane prete assume che la fede cristiana debba essere una fede \u00abmediata\u00bb, poich\u00e9 essa non sarebbe in grado da sola di leggere i segni dei tempi, ma avrebbe bisogno di una \u00abscienza umana\u00bb per capire la realt\u00e0, che va conosciuta &#8211; con \u00abdiscernimento\u00bb &#8211; a partire \u00abdal povero\u00bb.<\/p>\n<p style=\"text-align: justify;\">Nell&#8217;ottica di Sosa, il cristiano deve perci\u00f2 scegliere, e mettere in pratica, l&#8217;analisi che in un dato momento storico meglio riflette la lotta dei poveri per una societ\u00e0 pi\u00f9 giusta e umana: e l&#8217;analisi migliore dei nostri tempi \u00e8, secondo lui, il marxismo. Carica rivoluzionaria inclusa.<\/p>\n<p style=\"text-align: justify;\"><a href=\"https:\/\/www.rassegnastampa-totustuus.it\/cattolica\/wp-content\/uploads\/2019\/08\/modernismo.jpg\"><img loading=\"lazy\" decoding=\"async\" class=\" wp-image-44189 alignright\" src=\"https:\/\/www.rassegnastampa-totustuus.it\/cattolica\/wp-content\/uploads\/2019\/08\/modernismo-277x300.jpg\" alt=\"\" width=\"222\" height=\"240\" srcset=\"https:\/\/www.rassegnastampa-totustuus.it\/cattolica\/wp-content\/uploads\/2019\/08\/modernismo-277x300.jpg 277w, https:\/\/www.rassegnastampa-totustuus.it\/cattolica\/wp-content\/uploads\/2019\/08\/modernismo-768x832.jpg 768w, https:\/\/www.rassegnastampa-totustuus.it\/cattolica\/wp-content\/uploads\/2019\/08\/modernismo-945x1024.jpg 945w, https:\/\/www.rassegnastampa-totustuus.it\/cattolica\/wp-content\/uploads\/2019\/08\/modernismo.jpg 1200w\" sizes=\"auto, (max-width: 222px) 100vw, 222px\" \/><\/a>Dal suo storicismo discende la giustificazione delle ideologie intese come \u00abun sistema di mezzi e fini per affrontare una determinata epoca storica e condurla verso una meta\u00bb (che evidentemente non \u00e8 quella eterna) e perfino dell&#8217;ateismo, come reazione alla societ\u00e0 capitalista che usa Dio.<\/p>\n<p style=\"text-align: justify;\">Padre Sosa rigetta \u00abqualunque &#8220;ortodossia&#8221; o &#8220;dottrina&#8221; stabilita una volta per sempre\u00bb, rischiando cos\u00ec di mettere in subordine il messaggio di salvezza del Vangelo al pensiero del mondo e riducendolo a un complesso di rivendicazioni sociali, dove la ricerca del Regno di Dio non solo pu\u00f2 perdere il primo posto, ma addirittura scomparire dall&#8217;orizzonte. Oltre che di Castro, \u00e8 stato sostenitore della &#8220;Rivoluzione bolivariana&#8221; di Chavez, di cui fu tra l&#8217;altro docente, prendendone le distanze solo dopo che il chavismo aveva gi\u00e0 prodotto enormi danni.<\/p>\n<p style=\"text-align: justify;\"><strong>Le interviste che hanno fatto scandalo <\/strong><\/p>\n<p style=\"text-align: justify;\"><a href=\"https:\/\/www.rassegnastampa-totustuus.it\/cattolica\/wp-content\/uploads\/2017\/02\/Gesuiti_Sosa_Abrascal.jpg\"><img loading=\"lazy\" decoding=\"async\" class=\" wp-image-46412 alignleft\" src=\"https:\/\/www.rassegnastampa-totustuus.it\/cattolica\/wp-content\/uploads\/2017\/02\/Gesuiti_Sosa_Abrascal-300x168.jpg\" alt=\"\" width=\"252\" height=\"141\" \/><\/a>Questo, in sintesi, il suo retroterra culturale. Che permette di inquadrare meglio il personaggio assurto agli onori delle cronache cattoliche europee dopo la lunga intervista concessa al giornalista Giuseppe Rusconi, per il blog <em>Rossoporpora<\/em>, nel febbraio 2017, quando, dopo aver parlato addirittura di \u00abfondamentalismo\u00bb cristiano, dest\u00f2 scandalo per la frase sul registratore.<\/p>\n<p style=\"text-align: justify;\">Fu infatti allora che padre Sosa &#8211; nel rispondere a una domanda che prendeva spunto da un&#8217;intervista concessa da Gerhard M\u00fcller al <em>Timone,<\/em> in cui il cardinale tedesco citava Ges\u00f9 per ribadire l&#8217;indissolubilit\u00e0 del matrimonio &#8211; pronunci\u00f2 queste parole: \u00abIntanto bisognerebbe incominciare una bella riflessione su che cosa ha detto veramente Ges\u00f9&#8230; a quel tempo nessuno aveva un registratore per inciderne le parole. Quello che si sa \u00e8 che le parole di Ges\u00f9 vanno contestualizzate\u00bb.<\/p>\n<p style=\"text-align: justify;\"><a href=\"https:\/\/www.rassegnastampa-totustuus.it\/cattolica\/wp-content\/uploads\/2005\/05\/evangelizzare.jpg\"><img loading=\"lazy\" decoding=\"async\" class=\"size-full wp-image-35207 alignright\" src=\"https:\/\/www.rassegnastampa-totustuus.it\/cattolica\/wp-content\/uploads\/2005\/05\/evangelizzare.jpg\" alt=\"\" width=\"192\" height=\"228\" \/><\/a>E via a sminuire e relativizzare la Parola di Dio scritta \u00abda esseri umani\u00bb: pazienza se lo stesso Vaticano II, altrove esaltato da padre Sosa, ribadisce solennemente, nella <em>Dei Verbum<\/em>, che tutti i libri dell&#8217;Antico e Nuovo Testamento \u00abhanno Dio per autore\u00bb primario e gli uomini come autori secondari, ispirati dallo Spirito Santo.<\/p>\n<p style=\"text-align: justify;\">Nella stessa intervista, il gesuita venezuelano affermava di nutrire \u00abuna grande devozione personale per padre Arrupe\u00bb, anche lui simpatizzante della Teologia della Liberazione e suo predecessore alla guida dei gesuiti (+ 1991). Tempo tre mesi ed ecco una nuova dichiarazione clamorosa, messa nero su bianco su un supplemento del <em>Mundo<\/em>: padre Sosa arriva a dire che il diavolo fa parte delle \u00abfigure simboliche\u00bb per esprimere il male.<\/p>\n<p style=\"text-align: justify;\">E ancora, ottobre 2018, parla a <em>EWTN<\/em> e afferma che \u00abil papa non \u00e8 il capo della Chiesa, \u00e8 il vescovo di Roma\u00bb, assimilandolo, nel prosieguo dell&#8217;intervista, a una specie di primo tra pari, senza autorit\u00e0 gerarchica sugli altri vescovi.<\/p>\n<p style=\"text-align: justify;\"><a href=\"https:\/\/www.rassegnastampa-totustuus.it\/cattolica\/wp-content\/uploads\/2009\/02\/inferno-1.jpg\"><img loading=\"lazy\" decoding=\"async\" class=\"size-full wp-image-31612 alignleft\" src=\"https:\/\/www.rassegnastampa-totustuus.it\/cattolica\/wp-content\/uploads\/2009\/02\/inferno-1.jpg\" alt=\"\" width=\"256\" height=\"197\" \/><\/a>A conclusione di questa panoramica, ricordiamo un&#8217;altra intervista, nell&#8217;agosto 2019, stavolta al mensile <em>Tempi,<\/em> in cui padre Sosa torna a parlare del diavolo come \u00abrealt\u00e0 simbolica\u00bb, sorvolando sulle Sacre Scritture, il Magistero della Chiesa, l&#8217;esperienza quotidiana e l&#8217;insegnamento dei santi.<\/p>\n<p style=\"text-align: justify;\">A proposito, chiss\u00e0 cosa gli direbbe sant&#8217;Ignazio. Il quale, nella meditazione detta dei Due Stendardi, spiegava che l&#8217;uomo \u00e8 chiamato a scegliere il campo di battaglia: se combattere per lo stendardo di Ges\u00f9 Cristo, \u00absommo Capitano e Signore Nostro\u00bb, o per lo stendardo di Satana, \u00abmortale nemico della natura umana\u00bb. Altro che simbolo.<\/p>\n","protected":false},"excerpt":{"rendered":"<p>Il Timone n. 189 Novembre 2019 Politologo vicino alla teologia della liberazione, oggi padre Sosa Abascal \u00e8 il nuovo Generale dei gesuiti. Per lui il demonio \u00e8 assimilabile a un simbolo e le parole di Ges\u00f9 vanno contestualizzate perch\u00e9 all&#8217;epoca non c&#8217;era il registratore di Ermes Dovico<\/p><p><a class=\"more-link btn\" href=\"https:\/\/www.rassegnastampa-totustuus.it\/cattolica\/un-papa-nero-che-abbaglia\/\">Continua a leggere<\/a><\/p>\n","protected":false},"author":6,"featured_media":46409,"comment_status":"closed","ping_status":"closed","sticky":false,"template":"","format":"standard","meta":{"footnotes":""},"categories":[5,18],"tags":[157,555,283,2791],"class_list":["post-46408","post","type-post","status-publish","format-standard","has-post-thumbnail","hentry","category-chiesa","category-personaggi","tag-chiesa-2","tag-gesuiti","tag-personaggi-2","tag-sosa-abascal","item-wrap"],"yoast_head":"<!-- This site is optimized with the Yoast SEO plugin v27.5 - https:\/\/yoast.com\/product\/yoast-seo-wordpress\/ -->\n<title>Un papa nero che abbaglia - Rassegna Stampa Cattolica<\/title>\n<meta name=\"description\" content=\"Rassegna Stampa Cattolica - Per una cultura che nasce dalla Rivelazione cristiana in conformit\u00e0 alla tradizione e al Magistero della Chiesa in opposizione ad ogni relativismo e totalitarismo\" \/>\n<meta name=\"robots\" content=\"index, follow, max-snippet:-1, max-image-preview:large, max-video-preview:-1\" \/>\n<link rel=\"canonical\" href=\"https:\/\/www.rassegnastampa-totustuus.it\/cattolica\/un-papa-nero-che-abbaglia\/\" \/>\n<meta property=\"og:locale\" content=\"it_IT\" \/>\n<meta property=\"og:type\" content=\"article\" \/>\n<meta property=\"og:title\" content=\"Un papa nero che abbaglia - Rassegna Stampa Cattolica\" \/>\n<meta property=\"og:description\" content=\"Rassegna Stampa Cattolica - Per una cultura che nasce dalla Rivelazione cristiana in conformit\u00e0 alla tradizione e al Magistero della Chiesa in opposizione ad ogni relativismo e totalitarismo\" \/>\n<meta property=\"og:url\" content=\"https:\/\/www.rassegnastampa-totustuus.it\/cattolica\/un-papa-nero-che-abbaglia\/\" \/>\n<meta property=\"og:site_name\" content=\"Rassegna Stampa Cattolica\" \/>\n<meta property=\"article:publisher\" content=\"https:\/\/www.facebook.com\/rassegnastampacattolica\" \/>\n<meta property=\"article:published_time\" content=\"2017-02-14T23:00:07+00:00\" \/>\n<meta property=\"article:modified_time\" content=\"2020-02-13T14:41:58+00:00\" \/>\n<meta property=\"og:image\" content=\"https:\/\/www.rassegnastampa-totustuus.it\/cattolica\/wp-content\/uploads\/2020\/02\/Gesuiti.png\" \/>\n\t<meta property=\"og:image:width\" content=\"2425\" \/>\n\t<meta property=\"og:image:height\" content=\"823\" \/>\n\t<meta property=\"og:image:type\" content=\"image\/png\" \/>\n<meta name=\"author\" content=\"Redazione\" \/>\n<meta name=\"twitter:card\" content=\"summary_large_image\" \/>\n<meta name=\"twitter:creator\" content=\"@rassegnastampa9\" \/>\n<meta name=\"twitter:site\" content=\"@rassegnastampa9\" \/>\n<meta name=\"twitter:label1\" content=\"Scritto da\" \/>\n\t<meta name=\"twitter:data1\" content=\"Redazione\" \/>\n\t<meta name=\"twitter:label2\" content=\"Tempo di lettura stimato\" \/>\n\t<meta name=\"twitter:data2\" content=\"6 minuti\" \/>\n<script type=\"application\/ld+json\" class=\"yoast-schema-graph\">{\"@context\":\"https:\\\/\\\/schema.org\",\"@graph\":[{\"@type\":\"Article\",\"@id\":\"https:\\\/\\\/www.rassegnastampa-totustuus.it\\\/cattolica\\\/un-papa-nero-che-abbaglia\\\/#article\",\"isPartOf\":{\"@id\":\"https:\\\/\\\/www.rassegnastampa-totustuus.it\\\/cattolica\\\/un-papa-nero-che-abbaglia\\\/\"},\"author\":{\"name\":\"Redazione\",\"@id\":\"https:\\\/\\\/www.rassegnastampa-totustuus.it\\\/cattolica\\\/#\\\/schema\\\/person\\\/08f319d2bd1a0904ad9e2bfb7b15e5c3\"},\"headline\":\"Un papa nero che abbaglia\",\"datePublished\":\"2017-02-14T23:00:07+00:00\",\"dateModified\":\"2020-02-13T14:41:58+00:00\",\"mainEntityOfPage\":{\"@id\":\"https:\\\/\\\/www.rassegnastampa-totustuus.it\\\/cattolica\\\/un-papa-nero-che-abbaglia\\\/\"},\"wordCount\":1172,\"publisher\":{\"@id\":\"https:\\\/\\\/www.rassegnastampa-totustuus.it\\\/cattolica\\\/#organization\"},\"image\":{\"@id\":\"https:\\\/\\\/www.rassegnastampa-totustuus.it\\\/cattolica\\\/un-papa-nero-che-abbaglia\\\/#primaryimage\"},\"thumbnailUrl\":\"https:\\\/\\\/www.rassegnastampa-totustuus.it\\\/cattolica\\\/wp-content\\\/uploads\\\/2020\\\/02\\\/Gesuiti.png\",\"keywords\":[\"chiesa\",\"gesuiti\",\"personaggi\",\"Sosa Abascal\"],\"articleSection\":[\"Chiesa\",\"Personaggi\"],\"inLanguage\":\"it-IT\"},{\"@type\":\"WebPage\",\"@id\":\"https:\\\/\\\/www.rassegnastampa-totustuus.it\\\/cattolica\\\/un-papa-nero-che-abbaglia\\\/\",\"url\":\"https:\\\/\\\/www.rassegnastampa-totustuus.it\\\/cattolica\\\/un-papa-nero-che-abbaglia\\\/\",\"name\":\"Un papa nero che abbaglia - Rassegna Stampa Cattolica\",\"isPartOf\":{\"@id\":\"https:\\\/\\\/www.rassegnastampa-totustuus.it\\\/cattolica\\\/#website\"},\"primaryImageOfPage\":{\"@id\":\"https:\\\/\\\/www.rassegnastampa-totustuus.it\\\/cattolica\\\/un-papa-nero-che-abbaglia\\\/#primaryimage\"},\"image\":{\"@id\":\"https:\\\/\\\/www.rassegnastampa-totustuus.it\\\/cattolica\\\/un-papa-nero-che-abbaglia\\\/#primaryimage\"},\"thumbnailUrl\":\"https:\\\/\\\/www.rassegnastampa-totustuus.it\\\/cattolica\\\/wp-content\\\/uploads\\\/2020\\\/02\\\/Gesuiti.png\",\"datePublished\":\"2017-02-14T23:00:07+00:00\",\"dateModified\":\"2020-02-13T14:41:58+00:00\",\"description\":\"Rassegna Stampa Cattolica - Per una cultura che nasce dalla Rivelazione cristiana in conformit\u00e0 alla tradizione e al Magistero della Chiesa in opposizione ad ogni relativismo e totalitarismo\",\"breadcrumb\":{\"@id\":\"https:\\\/\\\/www.rassegnastampa-totustuus.it\\\/cattolica\\\/un-papa-nero-che-abbaglia\\\/#breadcrumb\"},\"inLanguage\":\"it-IT\",\"potentialAction\":[{\"@type\":\"ReadAction\",\"target\":[\"https:\\\/\\\/www.rassegnastampa-totustuus.it\\\/cattolica\\\/un-papa-nero-che-abbaglia\\\/\"]}]},{\"@type\":\"ImageObject\",\"inLanguage\":\"it-IT\",\"@id\":\"https:\\\/\\\/www.rassegnastampa-totustuus.it\\\/cattolica\\\/un-papa-nero-che-abbaglia\\\/#primaryimage\",\"url\":\"https:\\\/\\\/www.rassegnastampa-totustuus.it\\\/cattolica\\\/wp-content\\\/uploads\\\/2020\\\/02\\\/Gesuiti.png\",\"contentUrl\":\"https:\\\/\\\/www.rassegnastampa-totustuus.it\\\/cattolica\\\/wp-content\\\/uploads\\\/2020\\\/02\\\/Gesuiti.png\",\"width\":2425,\"height\":823},{\"@type\":\"BreadcrumbList\",\"@id\":\"https:\\\/\\\/www.rassegnastampa-totustuus.it\\\/cattolica\\\/un-papa-nero-che-abbaglia\\\/#breadcrumb\",\"itemListElement\":[{\"@type\":\"ListItem\",\"position\":1,\"name\":\"Home\",\"item\":\"https:\\\/\\\/www.rassegnastampa-totustuus.it\\\/cattolica\\\/\"},{\"@type\":\"ListItem\",\"position\":2,\"name\":\"Un papa nero che abbaglia\"}]},{\"@type\":\"WebSite\",\"@id\":\"https:\\\/\\\/www.rassegnastampa-totustuus.it\\\/cattolica\\\/#website\",\"url\":\"https:\\\/\\\/www.rassegnastampa-totustuus.it\\\/cattolica\\\/\",\"name\":\"Rassegna Stampa Cattolica\",\"description\":\"Per una cultura che nasce dalla Rivelazione cristiana in conformit\u00e0 alla tradizione e al Magistero della Chiesa in opposizione ad ogni relativismo e totalitarismo\",\"publisher\":{\"@id\":\"https:\\\/\\\/www.rassegnastampa-totustuus.it\\\/cattolica\\\/#organization\"},\"alternateName\":\"Rass. Cattolica\",\"potentialAction\":[{\"@type\":\"SearchAction\",\"target\":{\"@type\":\"EntryPoint\",\"urlTemplate\":\"https:\\\/\\\/www.rassegnastampa-totustuus.it\\\/cattolica\\\/?s={search_term_string}\"},\"query-input\":{\"@type\":\"PropertyValueSpecification\",\"valueRequired\":true,\"valueName\":\"search_term_string\"}}],\"inLanguage\":\"it-IT\"},{\"@type\":\"Organization\",\"@id\":\"https:\\\/\\\/www.rassegnastampa-totustuus.it\\\/cattolica\\\/#organization\",\"name\":\"Rassegna Stampa Cattolica\",\"url\":\"https:\\\/\\\/www.rassegnastampa-totustuus.it\\\/cattolica\\\/\",\"logo\":{\"@type\":\"ImageObject\",\"inLanguage\":\"it-IT\",\"@id\":\"https:\\\/\\\/www.rassegnastampa-totustuus.it\\\/cattolica\\\/#\\\/schema\\\/logo\\\/image\\\/\",\"url\":\"https:\\\/\\\/www.rassegnastampa-totustuus.it\\\/cattolica\\\/wp-content\\\/uploads\\\/2014\\\/04\\\/logo-rassegna1.gif\",\"contentUrl\":\"https:\\\/\\\/www.rassegnastampa-totustuus.it\\\/cattolica\\\/wp-content\\\/uploads\\\/2014\\\/04\\\/logo-rassegna1.gif\",\"width\":600,\"height\":163,\"caption\":\"Rassegna Stampa Cattolica\"},\"image\":{\"@id\":\"https:\\\/\\\/www.rassegnastampa-totustuus.it\\\/cattolica\\\/#\\\/schema\\\/logo\\\/image\\\/\"},\"sameAs\":[\"https:\\\/\\\/www.facebook.com\\\/rassegnastampacattolica\",\"https:\\\/\\\/x.com\\\/rassegnastampa9\"]},{\"@type\":\"Person\",\"@id\":\"https:\\\/\\\/www.rassegnastampa-totustuus.it\\\/cattolica\\\/#\\\/schema\\\/person\\\/08f319d2bd1a0904ad9e2bfb7b15e5c3\",\"name\":\"Redazione\",\"image\":{\"@type\":\"ImageObject\",\"inLanguage\":\"it-IT\",\"@id\":\"https:\\\/\\\/secure.gravatar.com\\\/avatar\\\/2fcdf27c78ea025fbdb44e914cc63c72249ffec9dc8aafd5c82b26240ef3f346?s=96&d=mm&r=g\",\"url\":\"https:\\\/\\\/secure.gravatar.com\\\/avatar\\\/2fcdf27c78ea025fbdb44e914cc63c72249ffec9dc8aafd5c82b26240ef3f346?s=96&d=mm&r=g\",\"contentUrl\":\"https:\\\/\\\/secure.gravatar.com\\\/avatar\\\/2fcdf27c78ea025fbdb44e914cc63c72249ffec9dc8aafd5c82b26240ef3f346?s=96&d=mm&r=g\",\"caption\":\"Redazione\"},\"url\":\"https:\\\/\\\/www.rassegnastampa-totustuus.it\\\/cattolica\\\/author\\\/pietroelle\\\/\"}]}<\/script>\n<!-- \/ Yoast SEO plugin. -->","yoast_head_json":{"title":"Un papa nero che abbaglia - Rassegna Stampa Cattolica","description":"Rassegna Stampa Cattolica - Per una cultura che nasce dalla Rivelazione cristiana in conformit\u00e0 alla tradizione e al Magistero della Chiesa in opposizione ad ogni relativismo e totalitarismo","robots":{"index":"index","follow":"follow","max-snippet":"max-snippet:-1","max-image-preview":"max-image-preview:large","max-video-preview":"max-video-preview:-1"},"canonical":"https:\/\/www.rassegnastampa-totustuus.it\/cattolica\/un-papa-nero-che-abbaglia\/","og_locale":"it_IT","og_type":"article","og_title":"Un papa nero che abbaglia - Rassegna Stampa Cattolica","og_description":"Rassegna Stampa Cattolica - Per una cultura che nasce dalla Rivelazione cristiana in conformit\u00e0 alla tradizione e al Magistero della Chiesa in opposizione ad ogni relativismo e totalitarismo","og_url":"https:\/\/www.rassegnastampa-totustuus.it\/cattolica\/un-papa-nero-che-abbaglia\/","og_site_name":"Rassegna Stampa Cattolica","article_publisher":"https:\/\/www.facebook.com\/rassegnastampacattolica","article_published_time":"2017-02-14T23:00:07+00:00","article_modified_time":"2020-02-13T14:41:58+00:00","og_image":[{"width":2425,"height":823,"url":"https:\/\/www.rassegnastampa-totustuus.it\/cattolica\/wp-content\/uploads\/2020\/02\/Gesuiti.png","type":"image\/png"}],"author":"Redazione","twitter_card":"summary_large_image","twitter_creator":"@rassegnastampa9","twitter_site":"@rassegnastampa9","twitter_misc":{"Scritto da":"Redazione","Tempo di lettura stimato":"6 minuti"},"schema":{"@context":"https:\/\/schema.org","@graph":[{"@type":"Article","@id":"https:\/\/www.rassegnastampa-totustuus.it\/cattolica\/un-papa-nero-che-abbaglia\/#article","isPartOf":{"@id":"https:\/\/www.rassegnastampa-totustuus.it\/cattolica\/un-papa-nero-che-abbaglia\/"},"author":{"name":"Redazione","@id":"https:\/\/www.rassegnastampa-totustuus.it\/cattolica\/#\/schema\/person\/08f319d2bd1a0904ad9e2bfb7b15e5c3"},"headline":"Un papa nero che abbaglia","datePublished":"2017-02-14T23:00:07+00:00","dateModified":"2020-02-13T14:41:58+00:00","mainEntityOfPage":{"@id":"https:\/\/www.rassegnastampa-totustuus.it\/cattolica\/un-papa-nero-che-abbaglia\/"},"wordCount":1172,"publisher":{"@id":"https:\/\/www.rassegnastampa-totustuus.it\/cattolica\/#organization"},"image":{"@id":"https:\/\/www.rassegnastampa-totustuus.it\/cattolica\/un-papa-nero-che-abbaglia\/#primaryimage"},"thumbnailUrl":"https:\/\/www.rassegnastampa-totustuus.it\/cattolica\/wp-content\/uploads\/2020\/02\/Gesuiti.png","keywords":["chiesa","gesuiti","personaggi","Sosa Abascal"],"articleSection":["Chiesa","Personaggi"],"inLanguage":"it-IT"},{"@type":"WebPage","@id":"https:\/\/www.rassegnastampa-totustuus.it\/cattolica\/un-papa-nero-che-abbaglia\/","url":"https:\/\/www.rassegnastampa-totustuus.it\/cattolica\/un-papa-nero-che-abbaglia\/","name":"Un papa nero che abbaglia - Rassegna Stampa Cattolica","isPartOf":{"@id":"https:\/\/www.rassegnastampa-totustuus.it\/cattolica\/#website"},"primaryImageOfPage":{"@id":"https:\/\/www.rassegnastampa-totustuus.it\/cattolica\/un-papa-nero-che-abbaglia\/#primaryimage"},"image":{"@id":"https:\/\/www.rassegnastampa-totustuus.it\/cattolica\/un-papa-nero-che-abbaglia\/#primaryimage"},"thumbnailUrl":"https:\/\/www.rassegnastampa-totustuus.it\/cattolica\/wp-content\/uploads\/2020\/02\/Gesuiti.png","datePublished":"2017-02-14T23:00:07+00:00","dateModified":"2020-02-13T14:41:58+00:00","description":"Rassegna Stampa Cattolica - Per una cultura che nasce dalla Rivelazione cristiana in conformit\u00e0 alla tradizione e al Magistero della Chiesa in opposizione ad ogni relativismo e totalitarismo","breadcrumb":{"@id":"https:\/\/www.rassegnastampa-totustuus.it\/cattolica\/un-papa-nero-che-abbaglia\/#breadcrumb"},"inLanguage":"it-IT","potentialAction":[{"@type":"ReadAction","target":["https:\/\/www.rassegnastampa-totustuus.it\/cattolica\/un-papa-nero-che-abbaglia\/"]}]},{"@type":"ImageObject","inLanguage":"it-IT","@id":"https:\/\/www.rassegnastampa-totustuus.it\/cattolica\/un-papa-nero-che-abbaglia\/#primaryimage","url":"https:\/\/www.rassegnastampa-totustuus.it\/cattolica\/wp-content\/uploads\/2020\/02\/Gesuiti.png","contentUrl":"https:\/\/www.rassegnastampa-totustuus.it\/cattolica\/wp-content\/uploads\/2020\/02\/Gesuiti.png","width":2425,"height":823},{"@type":"BreadcrumbList","@id":"https:\/\/www.rassegnastampa-totustuus.it\/cattolica\/un-papa-nero-che-abbaglia\/#breadcrumb","itemListElement":[{"@type":"ListItem","position":1,"name":"Home","item":"https:\/\/www.rassegnastampa-totustuus.it\/cattolica\/"},{"@type":"ListItem","position":2,"name":"Un papa nero che abbaglia"}]},{"@type":"WebSite","@id":"https:\/\/www.rassegnastampa-totustuus.it\/cattolica\/#website","url":"https:\/\/www.rassegnastampa-totustuus.it\/cattolica\/","name":"Rassegna Stampa Cattolica","description":"Per una cultura che nasce dalla Rivelazione cristiana in conformit\u00e0 alla tradizione e al Magistero della Chiesa in opposizione ad ogni relativismo e totalitarismo","publisher":{"@id":"https:\/\/www.rassegnastampa-totustuus.it\/cattolica\/#organization"},"alternateName":"Rass. Cattolica","potentialAction":[{"@type":"SearchAction","target":{"@type":"EntryPoint","urlTemplate":"https:\/\/www.rassegnastampa-totustuus.it\/cattolica\/?s={search_term_string}"},"query-input":{"@type":"PropertyValueSpecification","valueRequired":true,"valueName":"search_term_string"}}],"inLanguage":"it-IT"},{"@type":"Organization","@id":"https:\/\/www.rassegnastampa-totustuus.it\/cattolica\/#organization","name":"Rassegna Stampa Cattolica","url":"https:\/\/www.rassegnastampa-totustuus.it\/cattolica\/","logo":{"@type":"ImageObject","inLanguage":"it-IT","@id":"https:\/\/www.rassegnastampa-totustuus.it\/cattolica\/#\/schema\/logo\/image\/","url":"https:\/\/www.rassegnastampa-totustuus.it\/cattolica\/wp-content\/uploads\/2014\/04\/logo-rassegna1.gif","contentUrl":"https:\/\/www.rassegnastampa-totustuus.it\/cattolica\/wp-content\/uploads\/2014\/04\/logo-rassegna1.gif","width":600,"height":163,"caption":"Rassegna Stampa Cattolica"},"image":{"@id":"https:\/\/www.rassegnastampa-totustuus.it\/cattolica\/#\/schema\/logo\/image\/"},"sameAs":["https:\/\/www.facebook.com\/rassegnastampacattolica","https:\/\/x.com\/rassegnastampa9"]},{"@type":"Person","@id":"https:\/\/www.rassegnastampa-totustuus.it\/cattolica\/#\/schema\/person\/08f319d2bd1a0904ad9e2bfb7b15e5c3","name":"Redazione","image":{"@type":"ImageObject","inLanguage":"it-IT","@id":"https:\/\/secure.gravatar.com\/avatar\/2fcdf27c78ea025fbdb44e914cc63c72249ffec9dc8aafd5c82b26240ef3f346?s=96&d=mm&r=g","url":"https:\/\/secure.gravatar.com\/avatar\/2fcdf27c78ea025fbdb44e914cc63c72249ffec9dc8aafd5c82b26240ef3f346?s=96&d=mm&r=g","contentUrl":"https:\/\/secure.gravatar.com\/avatar\/2fcdf27c78ea025fbdb44e914cc63c72249ffec9dc8aafd5c82b26240ef3f346?s=96&d=mm&r=g","caption":"Redazione"},"url":"https:\/\/www.rassegnastampa-totustuus.it\/cattolica\/author\/pietroelle\/"}]}},"_links":{"self":[{"href":"https:\/\/www.rassegnastampa-totustuus.it\/cattolica\/wp-json\/wp\/v2\/posts\/46408","targetHints":{"allow":["GET"]}}],"collection":[{"href":"https:\/\/www.rassegnastampa-totustuus.it\/cattolica\/wp-json\/wp\/v2\/posts"}],"about":[{"href":"https:\/\/www.rassegnastampa-totustuus.it\/cattolica\/wp-json\/wp\/v2\/types\/post"}],"author":[{"embeddable":true,"href":"https:\/\/www.rassegnastampa-totustuus.it\/cattolica\/wp-json\/wp\/v2\/users\/6"}],"replies":[{"embeddable":true,"href":"https:\/\/www.rassegnastampa-totustuus.it\/cattolica\/wp-json\/wp\/v2\/comments?post=46408"}],"version-history":[{"count":2,"href":"https:\/\/www.rassegnastampa-totustuus.it\/cattolica\/wp-json\/wp\/v2\/posts\/46408\/revisions"}],"predecessor-version":[{"id":46413,"href":"https:\/\/www.rassegnastampa-totustuus.it\/cattolica\/wp-json\/wp\/v2\/posts\/46408\/revisions\/46413"}],"wp:featuredmedia":[{"embeddable":true,"href":"https:\/\/www.rassegnastampa-totustuus.it\/cattolica\/wp-json\/wp\/v2\/media\/46409"}],"wp:attachment":[{"href":"https:\/\/www.rassegnastampa-totustuus.it\/cattolica\/wp-json\/wp\/v2\/media?parent=46408"}],"wp:term":[{"taxonomy":"category","embeddable":true,"href":"https:\/\/www.rassegnastampa-totustuus.it\/cattolica\/wp-json\/wp\/v2\/categories?post=46408"},{"taxonomy":"post_tag","embeddable":true,"href":"https:\/\/www.rassegnastampa-totustuus.it\/cattolica\/wp-json\/wp\/v2\/tags?post=46408"}],"curies":[{"name":"wp","href":"https:\/\/api.w.org\/{rel}","templated":true}]}}