{"id":4640,"date":"2011-07-21T00:00:00","date_gmt":"2011-07-20T22:00:00","guid":{"rendered":""},"modified":"2018-09-26T08:48:25","modified_gmt":"2018-09-26T06:48:25","slug":"schiavit","status":"publish","type":"post","link":"https:\/\/www.rassegnastampa-totustuus.it\/cattolica\/schiavit\/","title":{"rendered":"Schiavit&ugrave;"},"content":{"rendered":"<div style=\"text-align: center;\"><strong><a href=\"https:\/\/www.rassegnastampa-totustuus.it\/cattolica\/wp-content\/uploads\/2011\/07\/schiavi.jpg\"><img loading=\"lazy\" decoding=\"async\" class=\"alignright wp-image-22660\" src=\"https:\/\/www.rassegnastampa-totustuus.it\/cattolica\/wp-content\/uploads\/2011\/07\/schiavi.jpg\" alt=\"schiavi\" width=\"250\" height=\"187\" \/><\/a>Il Timone<\/strong> n.105 luglio-agosto 2011<\/div>\n<p style=\"text-align: center;\">di <strong>Rino Cammilleri<\/strong><\/p>\n<p style=\"text-align: justify;\">Come mai, all&#8217;epoca della schiavit\u00f9, nella Louisiana vi erano dei neri liberi che possedevano schiavi? E, questo, mentre negli altri <em>States <\/em>ai neri liberi (pochissimi) erano negati i diritti civili, compreso quello di testimoniare nei tribunali. Si rammenti, tra l&#8217;altro, che la Louisiana era uno stato del Sud. Per\u00f2 era uno stato cattolico.<\/p>\n<p><!--more--><\/p>\n<div>Colonizzato dai francesi, era passato alla Spagna nel 1796, riconquistato dalla Francia nel 1802 e venduto agli Usa l&#8217;anno seguente. Ma la legislazione cattolica sugli schiavi era cos\u00ec radicata che non parve opportuno mutarla. Quanto l&#8217;idea della <em>normalit\u00e0 <\/em>della schiavit\u00f9 fosse diffusa lo si vede dal fatto che gli stessi neri che riuscivano ad affrancarsi, o erano figli di affrancati, appena avevano un po&#8217; di soldi si procuravano degli schiavi. Certo, il pensiero di cattolici schiavisti oggi lascia perplessi, ma la cosa ha una sua spiegazione.<\/div>\n<p style=\"text-align: justify;\"><a href=\"https:\/\/www.rassegnastampa-totustuus.it\/cattolica\/wp-content\/uploads\/2005\/08\/schiavi.jpg\"><img loading=\"lazy\" decoding=\"async\" class=\"alignleft wp-image-30088\" src=\"https:\/\/www.rassegnastampa-totustuus.it\/cattolica\/wp-content\/uploads\/2005\/08\/schiavi.jpg\" alt=\"\" width=\"248\" height=\"194\" \/><\/a>La schiavit\u00f9 antica fu superata quando il cristianesimo riusc\u00ec ad affermarsi nell&#8217;Impero romano. Ma solo nell&#8217;area cristiana. Nel resto del mondo la schiavit\u00f9 continu\u00f2. Soprattutto quella islamica. Rodney Stark, uno dei massimi sociologi delle religioni, nel suo libro <em>A gloria di Dio. Come il cristianesimo ha prodotto le eresie, la scienza, la caccia alle streghe e la fine della schiavit\u00f9 <\/em>(Lindau), fa notare che la schiavit\u00f9 \u00e8 stata abolita in Arabia Saudita solo nel 1962 e in Mauritania nel 1981. E solo per la pressione occidentale.<\/p>\n<p style=\"text-align: justify;\">Per quanto riguarda la tratta degli africani, quella islamica fu pari se non superiore a quella occidentale. Con una differenza: nelle Americhe, l&#8217;etnia afro \u00e8 ancora largamente presente; non cos\u00ec nei Paesi islamici. \u00abLa fertilit\u00e0 degli schiavi nel mondo islamico era estremamente bassa non solo a causa della frequente castrazione degli uomini, ma anche perch\u00e9 l&#8217;infanticidio era pratica comune nel caso di neonati che mostrassero una discendenza africana\u00bb.<\/p>\n<p style=\"text-align: justify;\">Ma torniamo al Nuovo Mondo. I primi a importare schiavi neri nel Nordamerica (dove gi\u00e0 i pellerossa praticavano tranquillamente la schiavit\u00f9) furono gli olandesi agli inizi del Seicento. Ma gli olandesi erano protestanti, dunque refrattari ai divieti papali. Ma Spagna, Portogallo e Francia erano cattolici. Allora? Dobbiamo prenderla un po&#8217; alla lontana.<\/p>\n<p style=\"text-align: justify;\">Il primo a portare schiavi indios fu Colombo. E la regina Isabella li rimand\u00f2 liberi indietro. In effetti, la scoperta di una razza sconosciuta aveva in qualche modo autorizzato l&#8217;atteggiamento gnorri. Ma subito i teologi cattolici chiarirono che gli indios erano uomini. I tentativi di imporre il lavoro coatto agli indios negli imperi coloniali spagnolo e portoghese venne vanificato da due fattori: uno, i pronunciamenti pontifici e le conseguenti legislazioni reali; due, la spaventosa mor\u00eca indotta dalle malattie importate dagli europei, soprattutto morbillo e vaiolo, contro cui gli indios non avevano sviluppato difese.<\/p>\n<p style=\"text-align: justify;\">Si prov\u00f2 a importare bianchi (galeotti, delinquenti etc.) ma questi soccombevano alle malattie tropicali. Fu allora che cominci\u00f2 la tratta africana, in quanto i neri alle malattie tropicali erano immuni.<\/p>\n<p style=\"text-align: justify;\"><a href=\"https:\/\/www.rassegnastampa-totustuus.it\/cattolica\/wp-content\/uploads\/2009\/11\/schiavi_Africa.jpg\"><img loading=\"lazy\" decoding=\"async\" class=\"alignright wp-image-20319\" src=\"https:\/\/www.rassegnastampa-totustuus.it\/cattolica\/wp-content\/uploads\/2009\/11\/schiavi_Africa.jpg\" alt=\"\" width=\"250\" height=\"197\" \/><\/a>La riduzione in schiavit\u00f9 era la principale attivit\u00e0 delle trib\u00f9 africane. Gli schiavi venivano portati da schiavisti musulmani a Est, nei loro Paesi, e sulla costa Ovest, dove venivano imbarcati per le Americhe. La Chiesa si oppose in tutti i modi, ma la politica internazionale aveva le sue ragioni. Che erano queste: gli imperi protestanti avrebbero facilmente messo fuori gioco quelli cattolici se questi ultimi avessero rinunciato al lavoro degli schiavi.<\/p>\n<p style=\"text-align: justify;\">E l&#8217;intera storia umana avrebbe preso un&#8217;altra direzione. Cos\u00ec la Chiesa, pur continuando a fulminare la tratta (si legga il corposo capitolo che Stark dedica all&#8217;argomento), si adoper\u00f2 per cercare di alleviare il pi\u00f9 possibile la condizione degli schiavi. A questo provvidero i suoi missionari (diversi dei quali canonizzati) e la pressione costante sui governi che in qualche modo ancora le obbedivano.<\/p>\n<p style=\"text-align: justify;\">Cos\u00ec, nelle colonie francesi fu promulgato il cosiddetto Code <em>Noir, <\/em>ideato dal famoso Jean-Baptiste Colbert, ministro delle finanze di Luigi XIV. In esso lo schiavo era definito \u00abcreatura di Dio\u00bb e il padrone aveva il dovere di battezzarlo, fornirgli un&#8217;istruzione religiosa e consentirgli di sposarsi. Gli schiavi che avevano formato una famiglia non potevano essere venduti separatamente, la domenica e le feste religiose erano liberi dal lavoro (una novantina di giorni all&#8217;anno). Il Codice fissava la quantit\u00e0 minima di cibo e vestiario, nonch\u00e9 le norme per curare i malati, i disabili e gli anziani. Vietati i maltrattamenti.<\/p>\n<p style=\"text-align: justify;\"><a href=\"https:\/\/www.rassegnastampa-totustuus.it\/cattolica\/wp-content\/uploads\/2013\/03\/schiavi.jpg\"><img loading=\"lazy\" decoding=\"async\" class=\"alignleft wp-image-25185 size-full\" src=\"https:\/\/www.rassegnastampa-totustuus.it\/cattolica\/wp-content\/uploads\/2013\/03\/schiavi.jpg\" alt=\"\" width=\"240\" height=\"180\" \/><\/a>Nelle colonie spagnole entr\u00f2 in vigore il <em>C\u00f3digo Negro, <\/em>basato su un codice castigliano del XIII secolo (quest&#8217;ultimo riguardava i mori ridotti in schiavit\u00f9 dai cristiani, che li scambiavano con i cristiani fatti schiavi dai mori). Questo Codice era ancora pi\u00f9 favorevole agli schiavi. Esso garantiva loro il diritto di propriet\u00e0 e di poter lavorare autonomamente nei giorni di riposo per accumulare la somma con cui affrancarsi (loro diritto).<\/p>\n<p style=\"text-align: justify;\">L&#8217;affrancamento era solennizzato con un cerimonia in chiesa. Stark fa presente che nel 1817 nella Cuba spagnola c&#8217;erano 114.058 neri liberi, \u00abmolti di pi\u00f9 che in <em>tutte <\/em>le Indie Occidenta-britanniche\u00bb.<\/p>\n<p style=\"text-align: justify;\">Ora, l&#8217;importanza di questi codici risalta maggiormente se si fa il paragone con quanto avveniva nelle colonie protestanti. Qui gli schiavi erano semplicemente \u00abbeni mobili\u00bb, propriet\u00e0 privata del padrone. Il battesimo era praticamente vietato, giacch\u00e9 lo schiavo avrebbe potuto farsi venire in testa strane idee. I quaccheri, che ci provarono, passarono dei guai. Il cosiddetto Codice delle Barbados non era altro che una tardiva diffusione di un <em>Act far the Setter Ordering<\/em> <em>of Slaves<\/em> ideato dai proprietari di piantagioni nel 1661. In esso si prevedeva la perquisizione bimestrale delle capanne degli schiavi, cui era vietato sposarsi. Anche l&#8217;affrancamento era vietato.<\/p>\n<p style=\"text-align: justify;\">\u00abSi tenga presente che il <em>Code of Barbado<\/em>s fu adottato in parte per <em>moderare <\/em>il trattamento degli schiavi nelle colonie britanniche\u00bb. E Stark racconta qualche esempio di quel che succedeva prima, quando capitava che gli schiavi venissero uccisi \u00abin modo frivolo\u00bb. O disumano, come l&#8217;impalamento seguito dal rogo a fuoco lento. \u00abGli olandesi ebbero un ruolo di primo piano, secondo solo a quello britannico, nella tratta atlantica degli schiavi\u00bb.<\/p>\n<p style=\"text-align: justify;\">Nel 1808 gli Usa vietarono la tratta (non la schiavit\u00f9 di quelli che gi\u00e0 c&#8217;erano). Dall&#8217;arrivo dei primi schiavi neri (1626) si calcola che nel Nordamerica siano entrati 400.000 africani. \u00abPer fare un confronto, si stima che 340.000 schiavi furono importati da piantatori inglesi a Barbados, una piccola isola con una superficie di soli 430 chilometri quadrati, appena un quarto delle dimensioni di una contea media americana\u00bb. Ci\u00f2 era dovuto allo spaventoso tasso di mortalit\u00e0, che costringeva a sempre nuove importazioni. A Giamaica, altra colonia inglese, in due secoli gli schiavi importati furono sui 750.000.<\/p>\n<p style=\"text-align: justify;\"><a href=\"https:\/\/www.rassegnastampa-totustuus.it\/cattolica\/wp-content\/uploads\/2017\/11\/schiavi.jpg\"><img loading=\"lazy\" decoding=\"async\" class=\"wp-image-38889 alignright\" src=\"https:\/\/www.rassegnastampa-totustuus.it\/cattolica\/wp-content\/uploads\/2017\/11\/schiavi-300x166.jpg\" alt=\"\" width=\"250\" height=\"139\" srcset=\"https:\/\/www.rassegnastampa-totustuus.it\/cattolica\/wp-content\/uploads\/2017\/11\/schiavi-300x166.jpg 300w, https:\/\/www.rassegnastampa-totustuus.it\/cattolica\/wp-content\/uploads\/2017\/11\/schiavi.jpg 301w\" sizes=\"auto, (max-width: 250px) 100vw, 250px\" \/><\/a>La Chiesa condann\u00f2 la schiavit\u00f9 in maniera chiara ed esplicita (con tanto di minaccia di scomunica) fin da subito, cio\u00e8 fin da Eugenio IV, che nel XV secolo diede quindici giorni di tempo per liberare i nativi fatti schiavi nelle Canarie. Continu\u00f2 a farlo nei secoli seguenti. Perfino il Sant&#8217;Uffizio si pronunci\u00f2 nettamente, con un questionario a domande e risposte che non permetteva alcuna scappatoia. \u00abIl problema non era che la Chiesa non condannava la schiavit\u00f9, quanto piuttosto che erano in pochi ad ascoltarla\u00bb.<\/p>\n<p style=\"text-align: justify;\">Naturalmente, \u00abnessun importante esponente religioso o politico protestante\u00bb spese mai una parola contro la schiavit\u00f9 in quegli stessi secoli. In campo cattolico, erano i re a nominare i vescovi e le bolle papali potevano essere pubblicate nelle colonie solo col permesso reale. Quando i gesuiti di Rio dei Janeiro lesser\u00f2 in pubblico la bolla di Urbano VIII vennero assaliti e feriti. A San Paolo furono addirittura espulsi. Poi, con l&#8217;assolutismo e i ministri &#8220;illuminati&#8221; fu anche peggio, come si vede nel film <em>Mission. <\/em>Ma, almeno, l&#8217;influenza della Chiesa produsse i due Codici che abbiamo visto, e la condizione degli schiavi nelle colonie cattoliche fu senza paragone con quella degli infelici nelle altre.<\/p>\n<p style=\"text-align: justify;\">Val solo la pena di accennare, giusto per ricordarlo, alle <em><a href=\"modules.php?name=News&amp;file=article&amp;sid=1226\" target=\"_self\">reducciones del Paraguay<\/a><\/em>, create da un pugno di gesuiti: uno stato grande due volte la Francia, con autogoverno rappresentativo, strade pavimentate, orchestre sinfoniche e stampa. Ne ho parlato ampiamente a suo tempo sul &#8220;Timone&#8221; e non \u00e8 il caso di ritornarci sopra. Non potendo negare questo fatto, i denigratori professionali del cattolicesimo parlano, tra i denti, di \u00abpaternalismo\u00bb. Poverini: quando saremo tutti in fila, nudi, nella Valle di Giosafat, con cosa si nasconderanno le pudenda, con le loro qualifiche accademiche e i premi Pulitzer?<\/p>\n<p>_________________<\/p>\n<p><strong>Leggi anche:<\/strong><\/p>\n<p><a href=\"https:\/\/www.rassegnastampa-totustuus.it\/cattolica\/?p=5516\" target=\"_blank\" rel=\"noopener\">Chiesa contro schiavit\u00f9<\/a><\/p>\n<p><a href=\"https:\/\/www.rassegnastampa-totustuus.it\/cattolica\/?p=3547\" target=\"_blank\" rel=\"noopener\">Tratta degli schiavi: mea culpa africano<\/a><\/p>\n<p><a href=\"https:\/\/www.rassegnastampa-totustuus.it\/cattolica\/?p=2834\" target=\"_blank\" rel=\"noopener\">La tratta degli schiavi. Saggio di storia globale\u00bb<\/a><\/p>\n","protected":false},"excerpt":{"rendered":"<p>Il Timone n.105 luglio-agosto 2011 di Rino Cammilleri Come mai, all&#8217;epoca della schiavit\u00f9, nella Louisiana vi erano dei neri liberi che possedevano schiavi? E, questo, mentre negli altri States ai neri liberi (pochissimi) erano negati i diritti civili, compreso quello di testimoniare nei tribunali. Si rammenti, tra l&#8217;altro, che la Louisiana era uno stato del &hellip; <\/p>\n<p><a class=\"more-link btn\" href=\"https:\/\/www.rassegnastampa-totustuus.it\/cattolica\/schiavit\/\">Continua a leggere<\/a><\/p>\n","protected":false},"author":6,"featured_media":22660,"comment_status":"closed","ping_status":"open","sticky":false,"template":"","format":"standard","meta":{"footnotes":""},"categories":[39,16,24],"tags":[944,1403],"class_list":["post-4640","post","type-post","status-publish","format-standard","has-post-thumbnail","hentry","category-africa","category-islam","category-storia","tag-schiavismo","tag-schiavitu","item-wrap"],"yoast_head":"<!-- This site is optimized with the Yoast SEO plugin v27.5 - https:\/\/yoast.com\/product\/yoast-seo-wordpress\/ -->\n<title>Schiavit&ugrave; - Rassegna Stampa Cattolica<\/title>\n<meta name=\"description\" content=\"Rassegna Stampa Cattolica - Per una cultura che nasce dalla Rivelazione cristiana in conformit\u00e0 alla tradizione e al Magistero della Chiesa in opposizione ad ogni relativismo e totalitarismo\" \/>\n<meta name=\"robots\" content=\"index, follow, max-snippet:-1, max-image-preview:large, max-video-preview:-1\" \/>\n<link rel=\"canonical\" href=\"https:\/\/www.rassegnastampa-totustuus.it\/cattolica\/schiavit\/\" \/>\n<meta property=\"og:locale\" content=\"it_IT\" \/>\n<meta property=\"og:type\" content=\"article\" \/>\n<meta property=\"og:title\" content=\"Schiavit&ugrave; - Rassegna Stampa Cattolica\" \/>\n<meta property=\"og:description\" content=\"Rassegna Stampa Cattolica - Per una cultura che nasce dalla Rivelazione cristiana in conformit\u00e0 alla tradizione e al Magistero della Chiesa in opposizione ad ogni relativismo e totalitarismo\" \/>\n<meta property=\"og:url\" content=\"https:\/\/www.rassegnastampa-totustuus.it\/cattolica\/schiavit\/\" \/>\n<meta property=\"og:site_name\" content=\"Rassegna Stampa Cattolica\" \/>\n<meta property=\"article:publisher\" content=\"https:\/\/www.facebook.com\/rassegnastampacattolica\" \/>\n<meta property=\"article:published_time\" content=\"2011-07-20T22:00:00+00:00\" \/>\n<meta property=\"article:modified_time\" content=\"2018-09-26T06:48:25+00:00\" \/>\n<meta property=\"og:image\" content=\"https:\/\/www.rassegnastampa-totustuus.it\/cattolica\/wp-content\/uploads\/2011\/07\/schiavi.jpg\" \/>\n\t<meta property=\"og:image:width\" content=\"259\" \/>\n\t<meta property=\"og:image:height\" content=\"194\" \/>\n\t<meta property=\"og:image:type\" content=\"image\/jpeg\" \/>\n<meta name=\"author\" content=\"Redazione\" \/>\n<meta name=\"twitter:card\" content=\"summary_large_image\" \/>\n<meta name=\"twitter:creator\" content=\"@rassegnastampa9\" \/>\n<meta name=\"twitter:site\" content=\"@rassegnastampa9\" \/>\n<meta name=\"twitter:label1\" content=\"Scritto da\" \/>\n\t<meta name=\"twitter:data1\" content=\"Redazione\" \/>\n\t<meta name=\"twitter:label2\" content=\"Tempo di lettura stimato\" \/>\n\t<meta name=\"twitter:data2\" content=\"7 minuti\" \/>\n<script type=\"application\/ld+json\" class=\"yoast-schema-graph\">{\"@context\":\"https:\\\/\\\/schema.org\",\"@graph\":[{\"@type\":\"Article\",\"@id\":\"https:\\\/\\\/www.rassegnastampa-totustuus.it\\\/cattolica\\\/schiavit\\\/#article\",\"isPartOf\":{\"@id\":\"https:\\\/\\\/www.rassegnastampa-totustuus.it\\\/cattolica\\\/schiavit\\\/\"},\"author\":{\"name\":\"Redazione\",\"@id\":\"https:\\\/\\\/www.rassegnastampa-totustuus.it\\\/cattolica\\\/#\\\/schema\\\/person\\\/08f319d2bd1a0904ad9e2bfb7b15e5c3\"},\"headline\":\"Schiavit&ugrave;\",\"datePublished\":\"2011-07-20T22:00:00+00:00\",\"dateModified\":\"2018-09-26T06:48:25+00:00\",\"mainEntityOfPage\":{\"@id\":\"https:\\\/\\\/www.rassegnastampa-totustuus.it\\\/cattolica\\\/schiavit\\\/\"},\"wordCount\":1390,\"publisher\":{\"@id\":\"https:\\\/\\\/www.rassegnastampa-totustuus.it\\\/cattolica\\\/#organization\"},\"image\":{\"@id\":\"https:\\\/\\\/www.rassegnastampa-totustuus.it\\\/cattolica\\\/schiavit\\\/#primaryimage\"},\"thumbnailUrl\":\"https:\\\/\\\/www.rassegnastampa-totustuus.it\\\/cattolica\\\/wp-content\\\/uploads\\\/2011\\\/07\\\/schiavi.jpg\",\"keywords\":[\"schiavismo\",\"schiavit\u00f9\"],\"articleSection\":[\"Africa\",\"Islam\",\"Storia\"],\"inLanguage\":\"it-IT\"},{\"@type\":\"WebPage\",\"@id\":\"https:\\\/\\\/www.rassegnastampa-totustuus.it\\\/cattolica\\\/schiavit\\\/\",\"url\":\"https:\\\/\\\/www.rassegnastampa-totustuus.it\\\/cattolica\\\/schiavit\\\/\",\"name\":\"Schiavit&ugrave; - Rassegna Stampa Cattolica\",\"isPartOf\":{\"@id\":\"https:\\\/\\\/www.rassegnastampa-totustuus.it\\\/cattolica\\\/#website\"},\"primaryImageOfPage\":{\"@id\":\"https:\\\/\\\/www.rassegnastampa-totustuus.it\\\/cattolica\\\/schiavit\\\/#primaryimage\"},\"image\":{\"@id\":\"https:\\\/\\\/www.rassegnastampa-totustuus.it\\\/cattolica\\\/schiavit\\\/#primaryimage\"},\"thumbnailUrl\":\"https:\\\/\\\/www.rassegnastampa-totustuus.it\\\/cattolica\\\/wp-content\\\/uploads\\\/2011\\\/07\\\/schiavi.jpg\",\"datePublished\":\"2011-07-20T22:00:00+00:00\",\"dateModified\":\"2018-09-26T06:48:25+00:00\",\"description\":\"Rassegna Stampa Cattolica - Per una cultura che nasce dalla Rivelazione cristiana in conformit\u00e0 alla tradizione e al Magistero della Chiesa in opposizione ad ogni relativismo e totalitarismo\",\"breadcrumb\":{\"@id\":\"https:\\\/\\\/www.rassegnastampa-totustuus.it\\\/cattolica\\\/schiavit\\\/#breadcrumb\"},\"inLanguage\":\"it-IT\",\"potentialAction\":[{\"@type\":\"ReadAction\",\"target\":[\"https:\\\/\\\/www.rassegnastampa-totustuus.it\\\/cattolica\\\/schiavit\\\/\"]}]},{\"@type\":\"ImageObject\",\"inLanguage\":\"it-IT\",\"@id\":\"https:\\\/\\\/www.rassegnastampa-totustuus.it\\\/cattolica\\\/schiavit\\\/#primaryimage\",\"url\":\"https:\\\/\\\/www.rassegnastampa-totustuus.it\\\/cattolica\\\/wp-content\\\/uploads\\\/2011\\\/07\\\/schiavi.jpg\",\"contentUrl\":\"https:\\\/\\\/www.rassegnastampa-totustuus.it\\\/cattolica\\\/wp-content\\\/uploads\\\/2011\\\/07\\\/schiavi.jpg\",\"width\":259,\"height\":194},{\"@type\":\"BreadcrumbList\",\"@id\":\"https:\\\/\\\/www.rassegnastampa-totustuus.it\\\/cattolica\\\/schiavit\\\/#breadcrumb\",\"itemListElement\":[{\"@type\":\"ListItem\",\"position\":1,\"name\":\"Home\",\"item\":\"https:\\\/\\\/www.rassegnastampa-totustuus.it\\\/cattolica\\\/\"},{\"@type\":\"ListItem\",\"position\":2,\"name\":\"Schiavit&ugrave;\"}]},{\"@type\":\"WebSite\",\"@id\":\"https:\\\/\\\/www.rassegnastampa-totustuus.it\\\/cattolica\\\/#website\",\"url\":\"https:\\\/\\\/www.rassegnastampa-totustuus.it\\\/cattolica\\\/\",\"name\":\"Rassegna Stampa Cattolica\",\"description\":\"Per una cultura che nasce dalla Rivelazione cristiana in conformit\u00e0 alla tradizione e al Magistero della Chiesa in opposizione ad ogni relativismo e totalitarismo\",\"publisher\":{\"@id\":\"https:\\\/\\\/www.rassegnastampa-totustuus.it\\\/cattolica\\\/#organization\"},\"alternateName\":\"Rass. Cattolica\",\"potentialAction\":[{\"@type\":\"SearchAction\",\"target\":{\"@type\":\"EntryPoint\",\"urlTemplate\":\"https:\\\/\\\/www.rassegnastampa-totustuus.it\\\/cattolica\\\/?s={search_term_string}\"},\"query-input\":{\"@type\":\"PropertyValueSpecification\",\"valueRequired\":true,\"valueName\":\"search_term_string\"}}],\"inLanguage\":\"it-IT\"},{\"@type\":\"Organization\",\"@id\":\"https:\\\/\\\/www.rassegnastampa-totustuus.it\\\/cattolica\\\/#organization\",\"name\":\"Rassegna Stampa Cattolica\",\"url\":\"https:\\\/\\\/www.rassegnastampa-totustuus.it\\\/cattolica\\\/\",\"logo\":{\"@type\":\"ImageObject\",\"inLanguage\":\"it-IT\",\"@id\":\"https:\\\/\\\/www.rassegnastampa-totustuus.it\\\/cattolica\\\/#\\\/schema\\\/logo\\\/image\\\/\",\"url\":\"https:\\\/\\\/www.rassegnastampa-totustuus.it\\\/cattolica\\\/wp-content\\\/uploads\\\/2014\\\/04\\\/logo-rassegna1.gif\",\"contentUrl\":\"https:\\\/\\\/www.rassegnastampa-totustuus.it\\\/cattolica\\\/wp-content\\\/uploads\\\/2014\\\/04\\\/logo-rassegna1.gif\",\"width\":600,\"height\":163,\"caption\":\"Rassegna Stampa Cattolica\"},\"image\":{\"@id\":\"https:\\\/\\\/www.rassegnastampa-totustuus.it\\\/cattolica\\\/#\\\/schema\\\/logo\\\/image\\\/\"},\"sameAs\":[\"https:\\\/\\\/www.facebook.com\\\/rassegnastampacattolica\",\"https:\\\/\\\/x.com\\\/rassegnastampa9\"]},{\"@type\":\"Person\",\"@id\":\"https:\\\/\\\/www.rassegnastampa-totustuus.it\\\/cattolica\\\/#\\\/schema\\\/person\\\/08f319d2bd1a0904ad9e2bfb7b15e5c3\",\"name\":\"Redazione\",\"image\":{\"@type\":\"ImageObject\",\"inLanguage\":\"it-IT\",\"@id\":\"https:\\\/\\\/secure.gravatar.com\\\/avatar\\\/2fcdf27c78ea025fbdb44e914cc63c72249ffec9dc8aafd5c82b26240ef3f346?s=96&d=mm&r=g\",\"url\":\"https:\\\/\\\/secure.gravatar.com\\\/avatar\\\/2fcdf27c78ea025fbdb44e914cc63c72249ffec9dc8aafd5c82b26240ef3f346?s=96&d=mm&r=g\",\"contentUrl\":\"https:\\\/\\\/secure.gravatar.com\\\/avatar\\\/2fcdf27c78ea025fbdb44e914cc63c72249ffec9dc8aafd5c82b26240ef3f346?s=96&d=mm&r=g\",\"caption\":\"Redazione\"},\"url\":\"https:\\\/\\\/www.rassegnastampa-totustuus.it\\\/cattolica\\\/author\\\/pietroelle\\\/\"}]}<\/script>\n<!-- \/ Yoast SEO plugin. -->","yoast_head_json":{"title":"Schiavit&ugrave; - Rassegna Stampa Cattolica","description":"Rassegna Stampa Cattolica - Per una cultura che nasce dalla Rivelazione cristiana in conformit\u00e0 alla tradizione e al Magistero della Chiesa in opposizione ad ogni relativismo e totalitarismo","robots":{"index":"index","follow":"follow","max-snippet":"max-snippet:-1","max-image-preview":"max-image-preview:large","max-video-preview":"max-video-preview:-1"},"canonical":"https:\/\/www.rassegnastampa-totustuus.it\/cattolica\/schiavit\/","og_locale":"it_IT","og_type":"article","og_title":"Schiavit&ugrave; - Rassegna Stampa Cattolica","og_description":"Rassegna Stampa Cattolica - Per una cultura che nasce dalla Rivelazione cristiana in conformit\u00e0 alla tradizione e al Magistero della Chiesa in opposizione ad ogni relativismo e totalitarismo","og_url":"https:\/\/www.rassegnastampa-totustuus.it\/cattolica\/schiavit\/","og_site_name":"Rassegna Stampa Cattolica","article_publisher":"https:\/\/www.facebook.com\/rassegnastampacattolica","article_published_time":"2011-07-20T22:00:00+00:00","article_modified_time":"2018-09-26T06:48:25+00:00","og_image":[{"width":259,"height":194,"url":"https:\/\/www.rassegnastampa-totustuus.it\/cattolica\/wp-content\/uploads\/2011\/07\/schiavi.jpg","type":"image\/jpeg"}],"author":"Redazione","twitter_card":"summary_large_image","twitter_creator":"@rassegnastampa9","twitter_site":"@rassegnastampa9","twitter_misc":{"Scritto da":"Redazione","Tempo di lettura stimato":"7 minuti"},"schema":{"@context":"https:\/\/schema.org","@graph":[{"@type":"Article","@id":"https:\/\/www.rassegnastampa-totustuus.it\/cattolica\/schiavit\/#article","isPartOf":{"@id":"https:\/\/www.rassegnastampa-totustuus.it\/cattolica\/schiavit\/"},"author":{"name":"Redazione","@id":"https:\/\/www.rassegnastampa-totustuus.it\/cattolica\/#\/schema\/person\/08f319d2bd1a0904ad9e2bfb7b15e5c3"},"headline":"Schiavit&ugrave;","datePublished":"2011-07-20T22:00:00+00:00","dateModified":"2018-09-26T06:48:25+00:00","mainEntityOfPage":{"@id":"https:\/\/www.rassegnastampa-totustuus.it\/cattolica\/schiavit\/"},"wordCount":1390,"publisher":{"@id":"https:\/\/www.rassegnastampa-totustuus.it\/cattolica\/#organization"},"image":{"@id":"https:\/\/www.rassegnastampa-totustuus.it\/cattolica\/schiavit\/#primaryimage"},"thumbnailUrl":"https:\/\/www.rassegnastampa-totustuus.it\/cattolica\/wp-content\/uploads\/2011\/07\/schiavi.jpg","keywords":["schiavismo","schiavit\u00f9"],"articleSection":["Africa","Islam","Storia"],"inLanguage":"it-IT"},{"@type":"WebPage","@id":"https:\/\/www.rassegnastampa-totustuus.it\/cattolica\/schiavit\/","url":"https:\/\/www.rassegnastampa-totustuus.it\/cattolica\/schiavit\/","name":"Schiavit&ugrave; - Rassegna Stampa Cattolica","isPartOf":{"@id":"https:\/\/www.rassegnastampa-totustuus.it\/cattolica\/#website"},"primaryImageOfPage":{"@id":"https:\/\/www.rassegnastampa-totustuus.it\/cattolica\/schiavit\/#primaryimage"},"image":{"@id":"https:\/\/www.rassegnastampa-totustuus.it\/cattolica\/schiavit\/#primaryimage"},"thumbnailUrl":"https:\/\/www.rassegnastampa-totustuus.it\/cattolica\/wp-content\/uploads\/2011\/07\/schiavi.jpg","datePublished":"2011-07-20T22:00:00+00:00","dateModified":"2018-09-26T06:48:25+00:00","description":"Rassegna Stampa Cattolica - Per una cultura che nasce dalla Rivelazione cristiana in conformit\u00e0 alla tradizione e al Magistero della Chiesa in opposizione ad ogni relativismo e totalitarismo","breadcrumb":{"@id":"https:\/\/www.rassegnastampa-totustuus.it\/cattolica\/schiavit\/#breadcrumb"},"inLanguage":"it-IT","potentialAction":[{"@type":"ReadAction","target":["https:\/\/www.rassegnastampa-totustuus.it\/cattolica\/schiavit\/"]}]},{"@type":"ImageObject","inLanguage":"it-IT","@id":"https:\/\/www.rassegnastampa-totustuus.it\/cattolica\/schiavit\/#primaryimage","url":"https:\/\/www.rassegnastampa-totustuus.it\/cattolica\/wp-content\/uploads\/2011\/07\/schiavi.jpg","contentUrl":"https:\/\/www.rassegnastampa-totustuus.it\/cattolica\/wp-content\/uploads\/2011\/07\/schiavi.jpg","width":259,"height":194},{"@type":"BreadcrumbList","@id":"https:\/\/www.rassegnastampa-totustuus.it\/cattolica\/schiavit\/#breadcrumb","itemListElement":[{"@type":"ListItem","position":1,"name":"Home","item":"https:\/\/www.rassegnastampa-totustuus.it\/cattolica\/"},{"@type":"ListItem","position":2,"name":"Schiavit&ugrave;"}]},{"@type":"WebSite","@id":"https:\/\/www.rassegnastampa-totustuus.it\/cattolica\/#website","url":"https:\/\/www.rassegnastampa-totustuus.it\/cattolica\/","name":"Rassegna Stampa Cattolica","description":"Per una cultura che nasce dalla Rivelazione cristiana in conformit\u00e0 alla tradizione e al Magistero della Chiesa in opposizione ad ogni relativismo e totalitarismo","publisher":{"@id":"https:\/\/www.rassegnastampa-totustuus.it\/cattolica\/#organization"},"alternateName":"Rass. Cattolica","potentialAction":[{"@type":"SearchAction","target":{"@type":"EntryPoint","urlTemplate":"https:\/\/www.rassegnastampa-totustuus.it\/cattolica\/?s={search_term_string}"},"query-input":{"@type":"PropertyValueSpecification","valueRequired":true,"valueName":"search_term_string"}}],"inLanguage":"it-IT"},{"@type":"Organization","@id":"https:\/\/www.rassegnastampa-totustuus.it\/cattolica\/#organization","name":"Rassegna Stampa Cattolica","url":"https:\/\/www.rassegnastampa-totustuus.it\/cattolica\/","logo":{"@type":"ImageObject","inLanguage":"it-IT","@id":"https:\/\/www.rassegnastampa-totustuus.it\/cattolica\/#\/schema\/logo\/image\/","url":"https:\/\/www.rassegnastampa-totustuus.it\/cattolica\/wp-content\/uploads\/2014\/04\/logo-rassegna1.gif","contentUrl":"https:\/\/www.rassegnastampa-totustuus.it\/cattolica\/wp-content\/uploads\/2014\/04\/logo-rassegna1.gif","width":600,"height":163,"caption":"Rassegna Stampa Cattolica"},"image":{"@id":"https:\/\/www.rassegnastampa-totustuus.it\/cattolica\/#\/schema\/logo\/image\/"},"sameAs":["https:\/\/www.facebook.com\/rassegnastampacattolica","https:\/\/x.com\/rassegnastampa9"]},{"@type":"Person","@id":"https:\/\/www.rassegnastampa-totustuus.it\/cattolica\/#\/schema\/person\/08f319d2bd1a0904ad9e2bfb7b15e5c3","name":"Redazione","image":{"@type":"ImageObject","inLanguage":"it-IT","@id":"https:\/\/secure.gravatar.com\/avatar\/2fcdf27c78ea025fbdb44e914cc63c72249ffec9dc8aafd5c82b26240ef3f346?s=96&d=mm&r=g","url":"https:\/\/secure.gravatar.com\/avatar\/2fcdf27c78ea025fbdb44e914cc63c72249ffec9dc8aafd5c82b26240ef3f346?s=96&d=mm&r=g","contentUrl":"https:\/\/secure.gravatar.com\/avatar\/2fcdf27c78ea025fbdb44e914cc63c72249ffec9dc8aafd5c82b26240ef3f346?s=96&d=mm&r=g","caption":"Redazione"},"url":"https:\/\/www.rassegnastampa-totustuus.it\/cattolica\/author\/pietroelle\/"}]}},"_links":{"self":[{"href":"https:\/\/www.rassegnastampa-totustuus.it\/cattolica\/wp-json\/wp\/v2\/posts\/4640","targetHints":{"allow":["GET"]}}],"collection":[{"href":"https:\/\/www.rassegnastampa-totustuus.it\/cattolica\/wp-json\/wp\/v2\/posts"}],"about":[{"href":"https:\/\/www.rassegnastampa-totustuus.it\/cattolica\/wp-json\/wp\/v2\/types\/post"}],"author":[{"embeddable":true,"href":"https:\/\/www.rassegnastampa-totustuus.it\/cattolica\/wp-json\/wp\/v2\/users\/6"}],"replies":[{"embeddable":true,"href":"https:\/\/www.rassegnastampa-totustuus.it\/cattolica\/wp-json\/wp\/v2\/comments?post=4640"}],"version-history":[{"count":5,"href":"https:\/\/www.rassegnastampa-totustuus.it\/cattolica\/wp-json\/wp\/v2\/posts\/4640\/revisions"}],"predecessor-version":[{"id":41174,"href":"https:\/\/www.rassegnastampa-totustuus.it\/cattolica\/wp-json\/wp\/v2\/posts\/4640\/revisions\/41174"}],"wp:featuredmedia":[{"embeddable":true,"href":"https:\/\/www.rassegnastampa-totustuus.it\/cattolica\/wp-json\/wp\/v2\/media\/22660"}],"wp:attachment":[{"href":"https:\/\/www.rassegnastampa-totustuus.it\/cattolica\/wp-json\/wp\/v2\/media?parent=4640"}],"wp:term":[{"taxonomy":"category","embeddable":true,"href":"https:\/\/www.rassegnastampa-totustuus.it\/cattolica\/wp-json\/wp\/v2\/categories?post=4640"},{"taxonomy":"post_tag","embeddable":true,"href":"https:\/\/www.rassegnastampa-totustuus.it\/cattolica\/wp-json\/wp\/v2\/tags?post=4640"}],"curies":[{"name":"wp","href":"https:\/\/api.w.org\/{rel}","templated":true}]}}