{"id":4625,"date":"2011-07-07T14:47:15","date_gmt":"2011-07-07T12:47:15","guid":{"rendered":""},"modified":"2015-04-07T12:53:07","modified_gmt":"2015-04-07T10:53:07","slug":"selezione-innaturale","status":"publish","type":"post","link":"https:\/\/www.rassegnastampa-totustuus.it\/cattolica\/selezione-innaturale\/","title":{"rendered":"Selezione innaturale"},"content":{"rendered":"<div style=\"text-align: center;\"><strong><a href=\"https:\/\/www.rassegnastampa-totustuus.it\/cattolica\/wp-content\/uploads\/2011\/07\/aborto-selettivo.jpg\"><img loading=\"lazy\" decoding=\"async\" class=\"alignleft wp-image-22575\" src=\"https:\/\/www.rassegnastampa-totustuus.it\/cattolica\/wp-content\/uploads\/2011\/07\/aborto-selettivo.jpg\" alt=\"aborto selettivo\" width=\"250\" height=\"172\" \/><\/a>Il Foglio<\/strong> 29 giugno 2011<\/div>\n<p style=\"text-align: justify;\"><em>Un libro che fa discutere racconta le colpe nella sparizione delle femmine in Asia. La giornalista americana Mara Hvistendahl accusa le politiche malthusiane che hanno promosso l&#8217;aborto selettivo delle bambine. &#8220;Un grande giallo storico, scritto con il senso di urgenza morale che accompagna la rivelatone di un crimine enorme&#8221;<\/em><\/p>\n<p style=\"text-align: center;\">di <strong>Nicoletta Tiliacos<\/strong><\/p>\n<p><!--more--><\/p>\n<div style=\"text-align: justify;\">L\u2019 occidente che si interroga sulle &#8220;donne mancanti&#8221; in Asia (centosessantatr\u00e9 milioni negli ultimi trent&#8217;anni: bambine abortite prima di nascere, uccise subito dopo il parto, lasciate morire senza cure in tenera et\u00e0, ma altre stime parlano di pi\u00f9 di quattrocento milioni) \u00e8 stato ed \u00e8 complice di quella sparizione.<\/div>\n<p style=\"text-align: justify;\">Non solo con le omissioni e l&#8217;ostinata volont\u00e0 di distogliere lo sguardo, ma attraverso politiche malthusiane messe in atto da autorevoli istituzioni internazionali, organizzazioni &#8220;filantropiche&#8221; per il controllo delle nascite, governi: tutti hanno fatto la loro parte, nella promozione degli aborti selettivi delle bambine, diventati la causa pi\u00f9 imponente della loro sparizione dalle statistiche demografiche.E&#8217; la tesi centrale di un libro che sta facendo molto parlare di s\u00e9.<\/p>\n<p style=\"text-align: justify;\">Lo ha scritto la giornalista americana Mara Hvistendahl, corrispondente da Pechino della rivista <em>Science,<\/em> oltre che firma del <em>Financial Times<\/em> e di <em>Foreign Policy.<\/em> In &#8220;Unnatural selection. Choosing Boys Over Girls, and the Consequences of a World Full of Men&#8221; (PublicAffairs, 336 pagine, 26,99 dollari), la Hvistendahl racconta come gli aborti selettivi sulla base del sesso, diffusi in tutta l&#8217;Asia dall&#8217;inizio degli anni Ottanta, abbiano creato squilibri demografici oggi riconosciuti come devastanti, e come l&#8217;Onu, attraverso la propria agenzia per la popolazione (l\u2019Unfpa, United Nations for Population Fund), vi abbia contribuito.<\/p>\n<p style=\"text-align: justify;\">E appare tardiva e insufficiente, oltre che in sospetta coincidenza con l&#8217;uscita del libro della Hvistendahl, la diffusione a met\u00e0 giugno di un rapporto congiunto di Unfpa, Alto commissario Onu per i diritti umani, Unicef e Organizzazione mondiale della sanit\u00e0, nel quale, per la prima volta, si parla in modo esplicito della tragedia degli aborti selettivi delle femmine.<\/p>\n<p style=\"text-align: justify;\">Il rapporto tra i sessi alla nascita (definito come il numero di maschi nati ogni cento femmine) \u00e8 normalmente di 104-106 a 100. In condizioni normali rimane stabile nel tempo, a prescindere dalle zone geografiche, dalle condizioni economiche e dalle etnie. Questo significa che nelle situazioni in cui ci si discosta da quel rapporto \u00e8 certamente intervenuta una causa artificiale.<\/p>\n<p style=\"text-align: justify;\">Negli ultimi decenni \u00e8 accaduto in India, dove la media \u00e8 di 112 nati maschi contro 100 femmine (in alcuni distretti, per esempio nel Punjab, \u00e8 di 132 contro 100); \u00e8 accaduto in Vietnam, dove il rapporto tra i sessi alla nascita nel 2006 era di 110 maschi ogni 100 femmine, e sta raggiungendo la proporzione di 115 a 100. E&#8217; soprattutto accaduto in Cina, dove ormai la media nazionale \u00e8 di 121 maschi ogni 100 femmine (ma in alcune zone del paese, come nella citt\u00e0 di Lianyungang, nella provincia del Jiangsu, ci sono 163 nati maschi ogni 100 femmine, secondo dati del 2007).<\/p>\n<p style=\"text-align: justify;\">Fa parzialmente eccezione la Corea del Sud, che nel 1994 registr\u00f2 quello che allora era il pi\u00f9 squilibrato tasso tra i sessi alla nascita al mondo, con 115 maschi ogni 100 femmine. Furono adottate varie leggi che limitavano l&#8217;aborto e proibivano ai medici di rivelare il sesso dei nascituri, pena l&#8217;interdizione dalla professione. La situazione da allora \u00e8 parzialmente riequilibrata, anche se rimane alta la cifra degli aborti clandestini, ai quali si usa ricorrere quando il primogenito \u00e8 femmina (il divieto di comunicare il sesso del nascituro riesce a essere eluso).<\/p>\n<p style=\"text-align: justify;\">La permanente carenza di donne in Corea del Sud ha comportato, tra l&#8217;altro, l&#8217;avvio di un fiorente mercato &#8220;importazione&#8221; di donne povere vietnamite, con aspetti da vera e propria tratta, messi in luce da Mara Hvistendahl come una delle ricadute fatali delle societ\u00e0 a forte e innaturale prevalenza maschile. Il suo libro mostra inoltre come gli aborti selettivi abbiano raggiunto anche l&#8217;Azerbaigian, con un rapporto alla nascita tra maschi e femmine di 115 a 100; la Ge\u00f2rgia, con 118 a 100; l&#8217;Armenia, con 120 a 100. E&#8217; arrivata fino alle nostre porte, con 115 maschi contro 100 femmine in Albania, e soprattutto si riproduce nelle comunit\u00e0 cinesi, indiane e coreane in occidente, in generale, e in America, in particolare.<\/p>\n<p style=\"text-align: justify;\">Quello che nel 2010 l&#8217;Economist ha definito &#8220;gendercide&#8221; sta producendo in ampie zone del mondo l&#8217;emergere di una &#8220;generazione XY&#8221; (la coppia di cromosomi del sesso maschile). Non c&#8217;\u00e8 molto da stare allegri: &#8220;Storicamente, le societ\u00e0 in cui gli uomini superano in modo sostanziale le donne non sono bei posti per vivere&#8221;, scrive la Hvistendahl, perch\u00e9 si dimostrano pi\u00f9 instabili e inclini alla criminalit\u00e0 di quelle dove i sessi sono in equilibrio.<\/p>\n<p style=\"text-align: justify;\">Il caso della Cina \u00e8 esemplare. Dal 1979, a sommarsi alla tradizionale e ancestrale preferenza per i maschi nelle societ\u00e0 asiatiche, \u00e8 intervenuta la politica del figlio unico obbligatorio, praticata con metodi coercitivi e ricattatori. Se a una coppia \u00e8 permesso un solo figlio, mettere al mondo una bambina significa sprecare l&#8217;unica occasione per avere un maschio, depositario del nome familiare e della speranza di aiuto per i genitori nella vecchiaia. Dunque assai pi\u00f9 prezioso di una femmina, alla quale bisogner\u00e0 dare una dote a vuoto, perch\u00e9 entrer\u00e0 a far parte della famiglia del marito.<\/p>\n<p style=\"text-align: justify;\">L&#8217;arretratezza e i pregiudizi patriarcali, anche l\u00e0 dove sono aggravati dall&#8217;obbligo del figlio unico, non riescono da soli, tuttavia, a dar ragione dell&#8217;attuale squilibrio tra i sessi in Cina e in tutta l&#8217;Asia, scrive la Hvistendahl. E&#8217; stata l&#8217;introduzione di tecniche come l&#8217;amniocentesi e l&#8217;ecografia, promosse con ogni possibile incentivo nei paesi in via di sviluppo dai governi occidentali, dalle imprese interessate a vendere i loro macchinar! e soprattutto dalle organizzazioni internazionali per la pianificazione familiare, a rendere possibili gli aborti selettivi e quindi l&#8217;eliminazione di massa delle femmine: &#8220;Ci sono voluti milioni di dollari di finanziamenti da parte di organizzazioni statunitensi perch\u00e9 l&#8217;aborto sulla base del sesso prendesse piede nei paesi in via di sviluppo&#8221;, si legge in &#8220;Unnatural\u201d.<\/p>\n<p style=\"text-align: justify;\">Se l\u2019alleanza fra repubblicani combattenti nella guerra fredda, preoccupati che la crescita della popolazione avrebbe alimentato la diffusione del comunismo, e scienziati di sinistra e attivisti, convinti che l&#8217;aborto fosse necessario sia per \u201ci bisogni delle donne\u201d sia per \u201dil futuro e la prosperit\u00e0 &#8211; forse per la stessa sopravvivenza &#8211; del genere umano\u201d, come ebbe a dichiarare il responsabile medico della Planned Parcnthood Federation nel 1976, Malcolm Potts.<\/p>\n<p style=\"text-align: justify;\">Lo stesso signore, nella stessa occasione, scrisse che nei paesi in via di sviluppo l&#8217;aborto \u00e8 senza dubbio il miglior sistema di controllo delle nascite: &#8220;L&#8217;aborto precoce \u00e8 sicuro, efficace, economico e potenzialmente il metodo pi\u00f9 facile da amministrare&#8221;.<\/p>\n<p style=\"text-align: justify;\">A questo proposito, sempre Douthat osserva che, sebbene il libro di Mara Hvistendahl sia pieno di scene impressionanti &#8211; dall&#8217;abbandono di bambine negli ospedali indiani alla propaganda che nei villaggi cinesi invitava all&#8217;aborto, nelle fasi culminanti della politica del figlio unico &#8211; nulla \u00e8 inquietante come quei &#8220;passaggi che illustrano come occidentali progressisti si siano consapevolmente convinti che un minor numero di femmine pu\u00f2 essere proprio ci\u00f2 di cui le societ\u00e0 del terzo mondo hanno bisogno&#8221;.<\/p>\n<p style=\"text-align: justify;\">Il riferimento \u00e8 al colloquio, riportato nel libro, tra l&#8217;autrice e il biologo Paul Ehrlich, uno dei maggiori artefici dell&#8217;ossessione antinatalista ed eugenetica occidentale, l&#8217;autore del famigerato &#8220;The Population Bomb&#8221; (1968). Tuttora convinto che sbarazzarsi delle femmine nei paesi in via di sviluppo con l&#8217;aborto sia un&#8217;idea lodevole, soprattutto perch\u00e9 evita che si facciano molte femmine nel tentativo di avere un maschio.<\/p>\n<p style=\"text-align: justify;\">Torniamo un attimo all&#8217;esemplare caso della Cina, super laboratorio del fenomeno raccontato in &#8220;Unnatural Selection&#8221;. Nel 1978, un anno prima della promulgazione della legge sull&#8217;obbligo del figlio unico, Pechino aveva firmato un&#8217;intesa con l&#8217;agenzia per la popolazione delle Nazioni Unite. La quale, in cambio di finanziamenti cospicui &#8211; il pi\u00f9 importante pacchetto di aiuti esteri accettato dal paese in vent&#8217;anni, ricorda la Hvistendahl &#8211; lo impegnava a politiche rigorose di contenimento demografico, sotto la supervisione dell&#8217;Unfpa. Che, da allora, ha sempre finanziato la politica antinatalista cinese.<\/p>\n<p style=\"text-align: justify;\">Nel 1998, quando gi\u00e0 erano stati denunciati da pi\u00f9 fonti i sistemi autoritari di con-trollo demografico in Cina, l&#8217;Unfpa don\u00f2 al governo della Repubblica popolare venti milioni di dollari. Soprattutto, l&#8217;agenzia dell&#8217;Orni ha coperto agli occhi del mondo, classificandole sotto la rassicurante definizione di &#8220;pianificazione familiare&#8221;, crimini come le sterilizzazioni e gli aborti forzati.<\/p>\n<p style=\"text-align: justify;\">Silenzio assoluto anche sulle violenze contro i disobbedienti, che potevano andare dall&#8217;isolamento sociale e dalle pene pecuniarie fino alla distruzione della casa, alla confisca dei beni, alla prigione. Silenzio anche sulle visite ginecologico-poliziesche imposte ogni sei mesi a tutte le donne in et\u00e0 feconda, per controllare eventuali gravidanze &#8220;illegali&#8221;. E se una donna \u00e8 &#8220;illegalmente&#8221; incinta in Cina non ha scelta: a qualsiasi stadio sia la gravidanza, dovr\u00e0 abortire.<\/p>\n<p style=\"text-align: justify;\">Tutto questo accade ancora, come ha raccontato sul <em>Foglio<\/em> del 9 maggio scorso l&#8217;americana Reggie Littlejohn, fondatrice di Women&#8217;s Rights Without Frontiere, impegnata da anni a spiegare in ogni sede possibile che gli orrori della politica del figlio unico in Cina non sono mai finiti, a dispetto delle dichiarazioni tranquillizzanti delle autorit\u00e0 di Pechino, alle quali si finge di credere per convenienza.<\/p>\n<p style=\"text-align: justify;\">Sopravvive anche, soprattutto nelle campagne della Cina occidentale, l&#8217;usanza della soppressione delle neonate alla nascita. Annegate in un secchio di acqua bollente che, se si fosse trattato di un maschietto, sarebbe stata solo calda e sarebbe servita a lavarlo, o lasciate morire all&#8217;addiaccio (lo chiamano &#8220;sistemare una bambina&#8221;, come racconta la giornalista e scrittrice anglocinese Xinran, firma del <em>Guardian,<\/em> che ha appena pubblicato in Italia, con Longanesi, &#8220;Le figlie perdute della Cina&#8221;).<\/p>\n<p style=\"text-align: justify;\">Fino a che punto si sia spinto l&#8217;appoggio dell&#8217;Unpfa alla politica cinese del figlio unico, nonostante sia impossibile immaginare che i suoi funzionari fossero all&#8217;oscuro di che cosa comportasse, lo testimonia la dichiarazione resa nel 1986 dall&#8217;allora direttore esecutivo dell&#8217;agenzia Gnu, Rafael Salas. Il quale, di fronte all&#8217;emergere di sgradevoli particolari, afferm\u00f2 che certi sistemi, &#8220;forse non del tutto accettabili per alcuni standard occidentali&#8221;, erano comunque rispettosi delle &#8220;norme culturali&#8221; locali (lo ricorda Eugenia Roccella in &#8220;Contro il cristianesimo&#8221;, edito da Piemme nel 2005 e scritto con Lucetta Scaraffia).<\/p>\n<p style=\"text-align: justify;\">Tre anni prima, nel 1983, il ministro cinese per la pianificazione familiare, Qian Xinzhong, aveva solennemente ricevuto dalle mani del segretario generale dell&#8217;Onu, Javier P\u00e9rez de Cu\u00e9llar, il premio per la popolazione.<\/p>\n<p style=\"text-align: justify;\">&#8220;Selezione innaturale&#8221;, scrive ancora Ross Douthat sul Nyt, si legge &#8220;come un grande giallo storico, ed \u00e8 scritto con il senso di urgenza morale che di solito accompagna la rivelazione di un crimine enorme&#8221;. Quale sia il tipo di crimine &#8220;\u00e8 la domanda che assilla il libro della Hvistendahl cos\u00ec come il pi\u00f9 ampio dibattito sui 160 milioni di femmine scomparse&#8221;. Quel numero gigantesco evoca infatti &#8220;gli orrori dei genocidi del Ventesimo secolo.<\/p>\n<p style=\"text-align: justify;\">Eppure, nonostante i saccheggi del Politburo cinese, la maggior parte degli aborti sono stati (e continuano a essere) non forzati&#8221;. L&#8217;establishment americano ha &#8220;contribuito a creare il problema, ma ora \u00e8 in metastasi da solo: il movimento per il controllo demografico \u00e8 l&#8217;ombra di se stesso, ma la selezione del sesso si \u00e8 inesorabilmente diffusa con l&#8217;accesso all&#8217;aborto, e il rapporto tra i sessi si \u00e8 squilibrato dall&#8217;Asia centrale ai Balcani, passando per le comunit\u00e0 asiatiche degli Stati Uniti&#8221;.<\/p>\n<p style=\"text-align: justify;\">Tutto questo, aggiunge Douthat, &#8220;mette molti liberali occidentali, inclusa la Hvistendahl, in una posizione piuttosto scomoda&#8221;. L&#8217;autrice di &#8220;Unnatural Selection&#8221;, sente in continuazione il bisogno di giustificare lo spirito del proprio lavoro e non vuole assolutamente passare per una pro life: non mette in discussione il diritto pressoch\u00e9 illimitato all&#8217;aborto, si dichiara agnostica sul tema dell&#8217;inizio della vita, distingue tra un uso legittimo delle tecniche predittive nell&#8217;occidente evoluto, per conoscere eventuali anomalie fetali, e un uso cattivo che nei paesi in via di sviluppo ha portato allo squilibrio tra i sessi.<\/p>\n<p style=\"text-align: justify;\">Ma cos\u00ec,. nota Douthat, l&#8217;autrice lascia insoluto il problema di definire, proprio a partire dalla sua &#8220;rivelazione di un crimine enorme&#8221;, quale sia la vittima. E non gli basta la risposta di Mara Hvistendahl, che parla della violenza delle societ\u00e0 a forte prevalenza maschile, e della crescita della prostituzione e della tratta delle donne: &#8220;La tragedia dei 160 milioni di bambine mancanti non \u00e8 che sono &#8216;mancanti&#8217;. La tragedia \u00e8 che sono morte&#8221;, conclude Douthat.<\/p>\n<p style=\"text-align: justify;\">Sulla stessa lunghezza d&#8217;onda \u00e8 il commento di Jonathan V. Last sul neoconservatore <em>Weekly Standard.<\/em> Il quale elogia l&#8217;ottimo lavoro condensato in &#8220;Unnatural Selection&#8221;, ma ne critica le conclusioni, soprattutto quando la Hvistendahl passa ai suggerimenti su come l&#8217;abuso &#8220;potrebbe essere frenato senza violare il diritto delle donne ad abortire&#8221;.<\/p>\n<p style=\"text-align: justify;\">E&#8217; inutile, scrive Last, vietare di rivelare il sesso di un bambino ai genitori durante le ecografie o pretendere che i medici investighino con pi\u00f9 accuratezza sulle motivazioni all&#8217;aborto di donne incinte di femmine, &#8220;perch\u00e9 l&#8217;aborto selettivo \u00e8 ufficialmente contro la legge in India e in Cina, senza alcun risultato&#8221;. Il nodo \u00e8 altrove, &#8220;perch\u00e9 se \u00e8 la &#8216;scelta&#8217; l&#8217;imperativo morale guida dell&#8217;aborto, allora non c&#8217;\u00e8 alcun modo di prendere posizione contro la discriminazione sessuale&#8221;<\/p>\n","protected":false},"excerpt":{"rendered":"<p>Il Foglio 29 giugno 2011 Un libro che fa discutere racconta le colpe nella sparizione delle femmine in Asia. La giornalista americana Mara Hvistendahl accusa le politiche malthusiane che hanno promosso l&#8217;aborto selettivo delle bambine. &#8220;Un grande giallo storico, scritto con il senso di urgenza morale che accompagna la rivelatone di un crimine enorme&#8221; di &hellip; <\/p>\n<p><a class=\"more-link btn\" href=\"https:\/\/www.rassegnastampa-totustuus.it\/cattolica\/selezione-innaturale\/\">Continua a leggere<\/a><\/p>\n","protected":false},"author":6,"featured_media":22575,"comment_status":"closed","ping_status":"open","sticky":false,"template":"","format":"standard","meta":{"footnotes":""},"categories":[2,9],"tags":[1952],"class_list":["post-4625","post","type-post","status-publish","format-standard","has-post-thumbnail","hentry","category-aborto","category-demografia","tag-aborto-selettivo","item-wrap"],"yoast_head":"<!-- This site is optimized with the Yoast SEO plugin v27.5 - https:\/\/yoast.com\/product\/yoast-seo-wordpress\/ -->\n<title>Selezione innaturale - Rassegna Stampa Cattolica<\/title>\n<meta name=\"description\" content=\"Rassegna Stampa Cattolica - Per una cultura che nasce dalla Rivelazione cristiana in conformit\u00e0 alla tradizione e al Magistero della Chiesa in opposizione ad ogni relativismo e totalitarismo\" \/>\n<meta name=\"robots\" content=\"index, follow, max-snippet:-1, max-image-preview:large, max-video-preview:-1\" \/>\n<link rel=\"canonical\" href=\"https:\/\/www.rassegnastampa-totustuus.it\/cattolica\/selezione-innaturale\/\" \/>\n<meta property=\"og:locale\" content=\"it_IT\" \/>\n<meta property=\"og:type\" content=\"article\" \/>\n<meta property=\"og:title\" content=\"Selezione innaturale - Rassegna Stampa Cattolica\" \/>\n<meta property=\"og:description\" content=\"Rassegna Stampa Cattolica - Per una cultura che nasce dalla Rivelazione cristiana in conformit\u00e0 alla tradizione e al Magistero della Chiesa in opposizione ad ogni relativismo e totalitarismo\" \/>\n<meta property=\"og:url\" content=\"https:\/\/www.rassegnastampa-totustuus.it\/cattolica\/selezione-innaturale\/\" \/>\n<meta property=\"og:site_name\" content=\"Rassegna Stampa Cattolica\" \/>\n<meta property=\"article:publisher\" content=\"https:\/\/www.facebook.com\/rassegnastampacattolica\" \/>\n<meta property=\"article:published_time\" content=\"2011-07-07T12:47:15+00:00\" \/>\n<meta property=\"article:modified_time\" content=\"2015-04-07T10:53:07+00:00\" \/>\n<meta property=\"og:image\" content=\"https:\/\/www.rassegnastampa-totustuus.it\/cattolica\/wp-content\/uploads\/2011\/07\/aborto-selettivo.jpg\" \/>\n\t<meta property=\"og:image:width\" content=\"270\" \/>\n\t<meta property=\"og:image:height\" content=\"186\" \/>\n\t<meta property=\"og:image:type\" content=\"image\/jpeg\" \/>\n<meta name=\"author\" content=\"Redazione\" \/>\n<meta name=\"twitter:card\" content=\"summary_large_image\" \/>\n<meta name=\"twitter:creator\" content=\"@rassegnastampa9\" \/>\n<meta name=\"twitter:site\" content=\"@rassegnastampa9\" \/>\n<meta name=\"twitter:label1\" content=\"Scritto da\" \/>\n\t<meta name=\"twitter:data1\" content=\"Redazione\" \/>\n\t<meta name=\"twitter:label2\" content=\"Tempo di lettura stimato\" \/>\n\t<meta name=\"twitter:data2\" content=\"10 minuti\" \/>\n<script type=\"application\/ld+json\" class=\"yoast-schema-graph\">{\"@context\":\"https:\\\/\\\/schema.org\",\"@graph\":[{\"@type\":\"Article\",\"@id\":\"https:\\\/\\\/www.rassegnastampa-totustuus.it\\\/cattolica\\\/selezione-innaturale\\\/#article\",\"isPartOf\":{\"@id\":\"https:\\\/\\\/www.rassegnastampa-totustuus.it\\\/cattolica\\\/selezione-innaturale\\\/\"},\"author\":{\"name\":\"Redazione\",\"@id\":\"https:\\\/\\\/www.rassegnastampa-totustuus.it\\\/cattolica\\\/#\\\/schema\\\/person\\\/08f319d2bd1a0904ad9e2bfb7b15e5c3\"},\"headline\":\"Selezione innaturale\",\"datePublished\":\"2011-07-07T12:47:15+00:00\",\"dateModified\":\"2015-04-07T10:53:07+00:00\",\"mainEntityOfPage\":{\"@id\":\"https:\\\/\\\/www.rassegnastampa-totustuus.it\\\/cattolica\\\/selezione-innaturale\\\/\"},\"wordCount\":2145,\"publisher\":{\"@id\":\"https:\\\/\\\/www.rassegnastampa-totustuus.it\\\/cattolica\\\/#organization\"},\"image\":{\"@id\":\"https:\\\/\\\/www.rassegnastampa-totustuus.it\\\/cattolica\\\/selezione-innaturale\\\/#primaryimage\"},\"thumbnailUrl\":\"https:\\\/\\\/www.rassegnastampa-totustuus.it\\\/cattolica\\\/wp-content\\\/uploads\\\/2011\\\/07\\\/aborto-selettivo.jpg\",\"keywords\":[\"aborto selettivo\"],\"articleSection\":[\"Aborto\",\"Demografia\"],\"inLanguage\":\"it-IT\"},{\"@type\":\"WebPage\",\"@id\":\"https:\\\/\\\/www.rassegnastampa-totustuus.it\\\/cattolica\\\/selezione-innaturale\\\/\",\"url\":\"https:\\\/\\\/www.rassegnastampa-totustuus.it\\\/cattolica\\\/selezione-innaturale\\\/\",\"name\":\"Selezione innaturale - Rassegna Stampa Cattolica\",\"isPartOf\":{\"@id\":\"https:\\\/\\\/www.rassegnastampa-totustuus.it\\\/cattolica\\\/#website\"},\"primaryImageOfPage\":{\"@id\":\"https:\\\/\\\/www.rassegnastampa-totustuus.it\\\/cattolica\\\/selezione-innaturale\\\/#primaryimage\"},\"image\":{\"@id\":\"https:\\\/\\\/www.rassegnastampa-totustuus.it\\\/cattolica\\\/selezione-innaturale\\\/#primaryimage\"},\"thumbnailUrl\":\"https:\\\/\\\/www.rassegnastampa-totustuus.it\\\/cattolica\\\/wp-content\\\/uploads\\\/2011\\\/07\\\/aborto-selettivo.jpg\",\"datePublished\":\"2011-07-07T12:47:15+00:00\",\"dateModified\":\"2015-04-07T10:53:07+00:00\",\"description\":\"Rassegna Stampa Cattolica - Per una cultura che nasce dalla Rivelazione cristiana in conformit\u00e0 alla tradizione e al Magistero della Chiesa in opposizione ad ogni relativismo e totalitarismo\",\"breadcrumb\":{\"@id\":\"https:\\\/\\\/www.rassegnastampa-totustuus.it\\\/cattolica\\\/selezione-innaturale\\\/#breadcrumb\"},\"inLanguage\":\"it-IT\",\"potentialAction\":[{\"@type\":\"ReadAction\",\"target\":[\"https:\\\/\\\/www.rassegnastampa-totustuus.it\\\/cattolica\\\/selezione-innaturale\\\/\"]}]},{\"@type\":\"ImageObject\",\"inLanguage\":\"it-IT\",\"@id\":\"https:\\\/\\\/www.rassegnastampa-totustuus.it\\\/cattolica\\\/selezione-innaturale\\\/#primaryimage\",\"url\":\"https:\\\/\\\/www.rassegnastampa-totustuus.it\\\/cattolica\\\/wp-content\\\/uploads\\\/2011\\\/07\\\/aborto-selettivo.jpg\",\"contentUrl\":\"https:\\\/\\\/www.rassegnastampa-totustuus.it\\\/cattolica\\\/wp-content\\\/uploads\\\/2011\\\/07\\\/aborto-selettivo.jpg\",\"width\":270,\"height\":186},{\"@type\":\"BreadcrumbList\",\"@id\":\"https:\\\/\\\/www.rassegnastampa-totustuus.it\\\/cattolica\\\/selezione-innaturale\\\/#breadcrumb\",\"itemListElement\":[{\"@type\":\"ListItem\",\"position\":1,\"name\":\"Home\",\"item\":\"https:\\\/\\\/www.rassegnastampa-totustuus.it\\\/cattolica\\\/\"},{\"@type\":\"ListItem\",\"position\":2,\"name\":\"Selezione innaturale\"}]},{\"@type\":\"WebSite\",\"@id\":\"https:\\\/\\\/www.rassegnastampa-totustuus.it\\\/cattolica\\\/#website\",\"url\":\"https:\\\/\\\/www.rassegnastampa-totustuus.it\\\/cattolica\\\/\",\"name\":\"Rassegna Stampa Cattolica\",\"description\":\"Per una cultura che nasce dalla Rivelazione cristiana in conformit\u00e0 alla tradizione e al Magistero della Chiesa in opposizione ad ogni relativismo e totalitarismo\",\"publisher\":{\"@id\":\"https:\\\/\\\/www.rassegnastampa-totustuus.it\\\/cattolica\\\/#organization\"},\"alternateName\":\"Rass. Cattolica\",\"potentialAction\":[{\"@type\":\"SearchAction\",\"target\":{\"@type\":\"EntryPoint\",\"urlTemplate\":\"https:\\\/\\\/www.rassegnastampa-totustuus.it\\\/cattolica\\\/?s={search_term_string}\"},\"query-input\":{\"@type\":\"PropertyValueSpecification\",\"valueRequired\":true,\"valueName\":\"search_term_string\"}}],\"inLanguage\":\"it-IT\"},{\"@type\":\"Organization\",\"@id\":\"https:\\\/\\\/www.rassegnastampa-totustuus.it\\\/cattolica\\\/#organization\",\"name\":\"Rassegna Stampa Cattolica\",\"url\":\"https:\\\/\\\/www.rassegnastampa-totustuus.it\\\/cattolica\\\/\",\"logo\":{\"@type\":\"ImageObject\",\"inLanguage\":\"it-IT\",\"@id\":\"https:\\\/\\\/www.rassegnastampa-totustuus.it\\\/cattolica\\\/#\\\/schema\\\/logo\\\/image\\\/\",\"url\":\"https:\\\/\\\/www.rassegnastampa-totustuus.it\\\/cattolica\\\/wp-content\\\/uploads\\\/2014\\\/04\\\/logo-rassegna1.gif\",\"contentUrl\":\"https:\\\/\\\/www.rassegnastampa-totustuus.it\\\/cattolica\\\/wp-content\\\/uploads\\\/2014\\\/04\\\/logo-rassegna1.gif\",\"width\":600,\"height\":163,\"caption\":\"Rassegna Stampa Cattolica\"},\"image\":{\"@id\":\"https:\\\/\\\/www.rassegnastampa-totustuus.it\\\/cattolica\\\/#\\\/schema\\\/logo\\\/image\\\/\"},\"sameAs\":[\"https:\\\/\\\/www.facebook.com\\\/rassegnastampacattolica\",\"https:\\\/\\\/x.com\\\/rassegnastampa9\"]},{\"@type\":\"Person\",\"@id\":\"https:\\\/\\\/www.rassegnastampa-totustuus.it\\\/cattolica\\\/#\\\/schema\\\/person\\\/08f319d2bd1a0904ad9e2bfb7b15e5c3\",\"name\":\"Redazione\",\"image\":{\"@type\":\"ImageObject\",\"inLanguage\":\"it-IT\",\"@id\":\"https:\\\/\\\/secure.gravatar.com\\\/avatar\\\/2fcdf27c78ea025fbdb44e914cc63c72249ffec9dc8aafd5c82b26240ef3f346?s=96&d=mm&r=g\",\"url\":\"https:\\\/\\\/secure.gravatar.com\\\/avatar\\\/2fcdf27c78ea025fbdb44e914cc63c72249ffec9dc8aafd5c82b26240ef3f346?s=96&d=mm&r=g\",\"contentUrl\":\"https:\\\/\\\/secure.gravatar.com\\\/avatar\\\/2fcdf27c78ea025fbdb44e914cc63c72249ffec9dc8aafd5c82b26240ef3f346?s=96&d=mm&r=g\",\"caption\":\"Redazione\"},\"url\":\"https:\\\/\\\/www.rassegnastampa-totustuus.it\\\/cattolica\\\/author\\\/pietroelle\\\/\"}]}<\/script>\n<!-- \/ Yoast SEO plugin. -->","yoast_head_json":{"title":"Selezione innaturale - Rassegna Stampa Cattolica","description":"Rassegna Stampa Cattolica - Per una cultura che nasce dalla Rivelazione cristiana in conformit\u00e0 alla tradizione e al Magistero della Chiesa in opposizione ad ogni relativismo e totalitarismo","robots":{"index":"index","follow":"follow","max-snippet":"max-snippet:-1","max-image-preview":"max-image-preview:large","max-video-preview":"max-video-preview:-1"},"canonical":"https:\/\/www.rassegnastampa-totustuus.it\/cattolica\/selezione-innaturale\/","og_locale":"it_IT","og_type":"article","og_title":"Selezione innaturale - Rassegna Stampa Cattolica","og_description":"Rassegna Stampa Cattolica - Per una cultura che nasce dalla Rivelazione cristiana in conformit\u00e0 alla tradizione e al Magistero della Chiesa in opposizione ad ogni relativismo e totalitarismo","og_url":"https:\/\/www.rassegnastampa-totustuus.it\/cattolica\/selezione-innaturale\/","og_site_name":"Rassegna Stampa Cattolica","article_publisher":"https:\/\/www.facebook.com\/rassegnastampacattolica","article_published_time":"2011-07-07T12:47:15+00:00","article_modified_time":"2015-04-07T10:53:07+00:00","og_image":[{"width":270,"height":186,"url":"https:\/\/www.rassegnastampa-totustuus.it\/cattolica\/wp-content\/uploads\/2011\/07\/aborto-selettivo.jpg","type":"image\/jpeg"}],"author":"Redazione","twitter_card":"summary_large_image","twitter_creator":"@rassegnastampa9","twitter_site":"@rassegnastampa9","twitter_misc":{"Scritto da":"Redazione","Tempo di lettura stimato":"10 minuti"},"schema":{"@context":"https:\/\/schema.org","@graph":[{"@type":"Article","@id":"https:\/\/www.rassegnastampa-totustuus.it\/cattolica\/selezione-innaturale\/#article","isPartOf":{"@id":"https:\/\/www.rassegnastampa-totustuus.it\/cattolica\/selezione-innaturale\/"},"author":{"name":"Redazione","@id":"https:\/\/www.rassegnastampa-totustuus.it\/cattolica\/#\/schema\/person\/08f319d2bd1a0904ad9e2bfb7b15e5c3"},"headline":"Selezione innaturale","datePublished":"2011-07-07T12:47:15+00:00","dateModified":"2015-04-07T10:53:07+00:00","mainEntityOfPage":{"@id":"https:\/\/www.rassegnastampa-totustuus.it\/cattolica\/selezione-innaturale\/"},"wordCount":2145,"publisher":{"@id":"https:\/\/www.rassegnastampa-totustuus.it\/cattolica\/#organization"},"image":{"@id":"https:\/\/www.rassegnastampa-totustuus.it\/cattolica\/selezione-innaturale\/#primaryimage"},"thumbnailUrl":"https:\/\/www.rassegnastampa-totustuus.it\/cattolica\/wp-content\/uploads\/2011\/07\/aborto-selettivo.jpg","keywords":["aborto selettivo"],"articleSection":["Aborto","Demografia"],"inLanguage":"it-IT"},{"@type":"WebPage","@id":"https:\/\/www.rassegnastampa-totustuus.it\/cattolica\/selezione-innaturale\/","url":"https:\/\/www.rassegnastampa-totustuus.it\/cattolica\/selezione-innaturale\/","name":"Selezione innaturale - Rassegna Stampa Cattolica","isPartOf":{"@id":"https:\/\/www.rassegnastampa-totustuus.it\/cattolica\/#website"},"primaryImageOfPage":{"@id":"https:\/\/www.rassegnastampa-totustuus.it\/cattolica\/selezione-innaturale\/#primaryimage"},"image":{"@id":"https:\/\/www.rassegnastampa-totustuus.it\/cattolica\/selezione-innaturale\/#primaryimage"},"thumbnailUrl":"https:\/\/www.rassegnastampa-totustuus.it\/cattolica\/wp-content\/uploads\/2011\/07\/aborto-selettivo.jpg","datePublished":"2011-07-07T12:47:15+00:00","dateModified":"2015-04-07T10:53:07+00:00","description":"Rassegna Stampa Cattolica - Per una cultura che nasce dalla Rivelazione cristiana in conformit\u00e0 alla tradizione e al Magistero della Chiesa in opposizione ad ogni relativismo e totalitarismo","breadcrumb":{"@id":"https:\/\/www.rassegnastampa-totustuus.it\/cattolica\/selezione-innaturale\/#breadcrumb"},"inLanguage":"it-IT","potentialAction":[{"@type":"ReadAction","target":["https:\/\/www.rassegnastampa-totustuus.it\/cattolica\/selezione-innaturale\/"]}]},{"@type":"ImageObject","inLanguage":"it-IT","@id":"https:\/\/www.rassegnastampa-totustuus.it\/cattolica\/selezione-innaturale\/#primaryimage","url":"https:\/\/www.rassegnastampa-totustuus.it\/cattolica\/wp-content\/uploads\/2011\/07\/aborto-selettivo.jpg","contentUrl":"https:\/\/www.rassegnastampa-totustuus.it\/cattolica\/wp-content\/uploads\/2011\/07\/aborto-selettivo.jpg","width":270,"height":186},{"@type":"BreadcrumbList","@id":"https:\/\/www.rassegnastampa-totustuus.it\/cattolica\/selezione-innaturale\/#breadcrumb","itemListElement":[{"@type":"ListItem","position":1,"name":"Home","item":"https:\/\/www.rassegnastampa-totustuus.it\/cattolica\/"},{"@type":"ListItem","position":2,"name":"Selezione innaturale"}]},{"@type":"WebSite","@id":"https:\/\/www.rassegnastampa-totustuus.it\/cattolica\/#website","url":"https:\/\/www.rassegnastampa-totustuus.it\/cattolica\/","name":"Rassegna Stampa Cattolica","description":"Per una cultura che nasce dalla Rivelazione cristiana in conformit\u00e0 alla tradizione e al Magistero della Chiesa in opposizione ad ogni relativismo e totalitarismo","publisher":{"@id":"https:\/\/www.rassegnastampa-totustuus.it\/cattolica\/#organization"},"alternateName":"Rass. Cattolica","potentialAction":[{"@type":"SearchAction","target":{"@type":"EntryPoint","urlTemplate":"https:\/\/www.rassegnastampa-totustuus.it\/cattolica\/?s={search_term_string}"},"query-input":{"@type":"PropertyValueSpecification","valueRequired":true,"valueName":"search_term_string"}}],"inLanguage":"it-IT"},{"@type":"Organization","@id":"https:\/\/www.rassegnastampa-totustuus.it\/cattolica\/#organization","name":"Rassegna Stampa Cattolica","url":"https:\/\/www.rassegnastampa-totustuus.it\/cattolica\/","logo":{"@type":"ImageObject","inLanguage":"it-IT","@id":"https:\/\/www.rassegnastampa-totustuus.it\/cattolica\/#\/schema\/logo\/image\/","url":"https:\/\/www.rassegnastampa-totustuus.it\/cattolica\/wp-content\/uploads\/2014\/04\/logo-rassegna1.gif","contentUrl":"https:\/\/www.rassegnastampa-totustuus.it\/cattolica\/wp-content\/uploads\/2014\/04\/logo-rassegna1.gif","width":600,"height":163,"caption":"Rassegna Stampa Cattolica"},"image":{"@id":"https:\/\/www.rassegnastampa-totustuus.it\/cattolica\/#\/schema\/logo\/image\/"},"sameAs":["https:\/\/www.facebook.com\/rassegnastampacattolica","https:\/\/x.com\/rassegnastampa9"]},{"@type":"Person","@id":"https:\/\/www.rassegnastampa-totustuus.it\/cattolica\/#\/schema\/person\/08f319d2bd1a0904ad9e2bfb7b15e5c3","name":"Redazione","image":{"@type":"ImageObject","inLanguage":"it-IT","@id":"https:\/\/secure.gravatar.com\/avatar\/2fcdf27c78ea025fbdb44e914cc63c72249ffec9dc8aafd5c82b26240ef3f346?s=96&d=mm&r=g","url":"https:\/\/secure.gravatar.com\/avatar\/2fcdf27c78ea025fbdb44e914cc63c72249ffec9dc8aafd5c82b26240ef3f346?s=96&d=mm&r=g","contentUrl":"https:\/\/secure.gravatar.com\/avatar\/2fcdf27c78ea025fbdb44e914cc63c72249ffec9dc8aafd5c82b26240ef3f346?s=96&d=mm&r=g","caption":"Redazione"},"url":"https:\/\/www.rassegnastampa-totustuus.it\/cattolica\/author\/pietroelle\/"}]}},"_links":{"self":[{"href":"https:\/\/www.rassegnastampa-totustuus.it\/cattolica\/wp-json\/wp\/v2\/posts\/4625","targetHints":{"allow":["GET"]}}],"collection":[{"href":"https:\/\/www.rassegnastampa-totustuus.it\/cattolica\/wp-json\/wp\/v2\/posts"}],"about":[{"href":"https:\/\/www.rassegnastampa-totustuus.it\/cattolica\/wp-json\/wp\/v2\/types\/post"}],"author":[{"embeddable":true,"href":"https:\/\/www.rassegnastampa-totustuus.it\/cattolica\/wp-json\/wp\/v2\/users\/6"}],"replies":[{"embeddable":true,"href":"https:\/\/www.rassegnastampa-totustuus.it\/cattolica\/wp-json\/wp\/v2\/comments?post=4625"}],"version-history":[{"count":3,"href":"https:\/\/www.rassegnastampa-totustuus.it\/cattolica\/wp-json\/wp\/v2\/posts\/4625\/revisions"}],"predecessor-version":[{"id":22576,"href":"https:\/\/www.rassegnastampa-totustuus.it\/cattolica\/wp-json\/wp\/v2\/posts\/4625\/revisions\/22576"}],"wp:featuredmedia":[{"embeddable":true,"href":"https:\/\/www.rassegnastampa-totustuus.it\/cattolica\/wp-json\/wp\/v2\/media\/22575"}],"wp:attachment":[{"href":"https:\/\/www.rassegnastampa-totustuus.it\/cattolica\/wp-json\/wp\/v2\/media?parent=4625"}],"wp:term":[{"taxonomy":"category","embeddable":true,"href":"https:\/\/www.rassegnastampa-totustuus.it\/cattolica\/wp-json\/wp\/v2\/categories?post=4625"},{"taxonomy":"post_tag","embeddable":true,"href":"https:\/\/www.rassegnastampa-totustuus.it\/cattolica\/wp-json\/wp\/v2\/tags?post=4625"}],"curies":[{"name":"wp","href":"https:\/\/api.w.org\/{rel}","templated":true}]}}