{"id":46131,"date":"2020-02-06T00:00:02","date_gmt":"2020-02-05T23:00:02","guid":{"rendered":"http:\/\/www.rassegnastampa-totustuus.it\/cattolica\/?p=46131"},"modified":"2020-02-06T08:33:24","modified_gmt":"2020-02-06T07:33:24","slug":"benvenuti-in-occidente-il-regno-dei-tafazzi","status":"publish","type":"post","link":"https:\/\/www.rassegnastampa-totustuus.it\/cattolica\/benvenuti-in-occidente-il-regno-dei-tafazzi\/","title":{"rendered":"Benvenuti in Occidente, il regno dei Tafazzi"},"content":{"rendered":"<p style=\"text-align: center;\"><strong><a href=\"https:\/\/www.rassegnastampa-totustuus.it\/cattolica\/wp-content\/uploads\/2020\/01\/Tafazzi.jpg\"><img loading=\"lazy\" decoding=\"async\" class=\" wp-image-46132 alignleft\" src=\"https:\/\/www.rassegnastampa-totustuus.it\/cattolica\/wp-content\/uploads\/2020\/01\/Tafazzi.jpg\" alt=\"\" width=\"192\" height=\"192\" srcset=\"https:\/\/www.rassegnastampa-totustuus.it\/cattolica\/wp-content\/uploads\/2020\/01\/Tafazzi.jpg 225w, https:\/\/www.rassegnastampa-totustuus.it\/cattolica\/wp-content\/uploads\/2020\/01\/Tafazzi-150x150.jpg 150w\" sizes=\"auto, (max-width: 192px) 100vw, 192px\" \/><\/a><a href=\"https:\/\/www.ricognizioni.it\/\" target=\"_blank\" rel=\"noopener noreferrer\">Ricognizioni<\/a> <\/strong>14 gennaio 2020<strong> &nbsp;<\/strong><\/p>\n<p style=\"text-align: center;\">di<strong> Antonio de Felip <\/strong><\/p>\n<p style=\"text-align: justify;\">Uno degli argomenti che gli immigrazionisti portano a sostegno dell\u2019invasione e dell\u2019innocenza, se non santit\u00e0, dei cosiddetti \u201cmigranti\u201d, \u00e8 la narrazione di \u201ccolpe\u201d dell\u2019Occidente, anzi di pi\u00f9: di \u201ccolpe\u201d dell\u2019uomo bianco, intrinsecamente malvagio perch\u00e9 colonialista e neo-colonialista, schiavista, massacratore, imperialista, distruttore dell\u2019ambiente.<\/p>\n<p><!--more--><\/p>\n<p style=\"text-align: justify;\">Questa immigrazione distruttiva di popoli, civilt\u00e0 e culture sarebbe quindi una conseguenza delle \u201ccolpe dell\u2019Europa\u201d e l\u2019accoglienza incondizionata e sottomessa un \u201cnostro dovere\u201d come risarcimento per lo \u201csfruttamento\u201d e la \u201cdepredazione\u201d compiuta dall\u2019uomo bianco nei confronti degli africani, degli asiatici, dei nativi americani.<\/p>\n<p style=\"text-align: justify;\"><a href=\"https:\/\/www.rassegnastampa-totustuus.it\/cattolica\/wp-content\/uploads\/2018\/06\/immigrazionismo.jpg\"><img loading=\"lazy\" decoding=\"async\" class=\" wp-image-40565 alignright\" src=\"https:\/\/www.rassegnastampa-totustuus.it\/cattolica\/wp-content\/uploads\/2018\/06\/immigrazionismo.jpg\" alt=\"\" width=\"263\" height=\"163\"><\/a>\u00c8 una falsificazione che si affianca alle altre che ci vengono sistematicamente imposte dai propagatori della dissoluzione immigrazionista, come quella del \u201c<em>ci pagheranno le pensioni<\/em>\u201d, o del \u201c<em>fanno i lavori che non vogliamo pi\u00f9 fare<\/em>\u201d.<\/p>\n<p style=\"text-align: justify;\">Questo veleno instillato lentamente \u00e8 un subdolo senso di colpa, di vergogna di noi stessi, della nostra storia, della nostra civilizzazione che si alimenta attraverso meccanismi di auto-colpevolizzazione obbligatori e orwelliani imposti dalle agenzie educative, dai media e dalla pressione della <em>politically correctness.&nbsp;<\/em><\/p>\n<p style=\"text-align: justify;\">\u00c8 un veleno che rappresenta uno dei pericoli maggiori per la nostra societ\u00e0, perch\u00e9 non solo riduce le nostre difese intellettuali contro l\u2019invasione e impedisce una doverosa, efficace reazione, ma soprattutto distrugge la nostra autostima come etnia e come popoli e instilla disprezzo e vergogna nei confronti della nostra storia.<\/p>\n<p style=\"text-align: justify;\"><a href=\"https:\/\/www.rassegnastampa-totustuus.it\/cattolica\/wp-content\/uploads\/2009\/04\/colonialismo.jpg\"><img loading=\"lazy\" decoding=\"async\" class=\"size-full wp-image-30317 alignleft\" src=\"https:\/\/www.rassegnastampa-totustuus.it\/cattolica\/wp-content\/uploads\/2009\/04\/colonialismo.jpg\" alt=\"\" width=\"279\" height=\"169\"><\/a>Questo processo di autodemolizione, di colpevolizzazione e di demonizzazione della civilt\u00e0 europea non nasce di recente: senza citare gli anticipatori deliri rousseauiani sul \u201cbuon selvaggio\u201d e gli innamoramenti senili e&nbsp;<em>na\u00eff<\/em>&nbsp;di alcuni europei ottocenteschi per le \u201cculture\u201d tribali, lo troviamo gi\u00e0 potente e formato nell\u2019antropologia di L\u00e9vi-Strauss, apologeta di un assoluto relativismo culturale e nemico del cosiddetto \u201cetno-centrismo\u201d.<\/p>\n<p style=\"text-align: justify;\">L\u2019antropologo strutturalista cos\u00ec si esprimeva: \u201c<em>Quel mostruoso e incomprensibile cataclisma che fu, per una tanto larga e innocente frazione dell\u2019umanit\u00e0, lo sviluppo della civilt\u00e0 occidentale<\/em>\u201d.<\/p>\n<p style=\"text-align: justify;\"><a href=\"https:\/\/www.rassegnastampa-totustuus.it\/cattolica\/wp-content\/uploads\/2020\/02\/colonialismo_Africa.png\"><img loading=\"lazy\" decoding=\"async\" class=\"size-full wp-image-46136 alignright\" src=\"https:\/\/www.rassegnastampa-totustuus.it\/cattolica\/wp-content\/uploads\/2020\/02\/colonialismo_Africa.png\" alt=\"\" width=\"222\" height=\"227\"><\/a>Una sintesi di questo pensiero e di queste pratiche auto-flagellatorie che affliggono, mortificano e paralizzano l\u2019intellettualit\u00e0 europea, ce la offre Raffaele Simone che, stigmatizzandola, definisce nel suo recente testo <em>L\u2019Ospite e il Nemico<\/em>&nbsp;questa posizione ideologica \u201c<em>opzione dell\u2019Europa Colpevole<\/em>\u201d che, in sintesi, pu\u00f2 cos\u00ec essere espressa: <em>\u201cla Grande Migrazione \u00e8 la risposta, tardiva ma inevitabile, ai secoli di sfruttamento, angherie, prepotenze e crudelt\u00e0 che l\u2019Occidente ha inflitto a tutto il pianeta [\u2026] sotto forma di colonialismo predatorio, schiavismo e sfruttamento di risorse naturali<\/em>\u201d.<\/p>\n<p style=\"text-align: justify;\">Questa tesi, entrata purtroppo nel sentire comune di molti semi-colti anche in Italia (affermazione udita da una conduttrice di una emittente sedicente cattolica, TV2000: \u201c<em>Se fuggono \u00e8 perch\u00e9 noi occidentali abbiamo desertificato i loro paesi<\/em>\u201d), \u00e8 stata denunciata come \u201c<em>etno-masochismo<\/em>\u201d da un intellettuale francese, tra l\u2019altro non certo di destra, Pascal Bruckner (suoi testi sull\u2019argomento tradotti in italiano: <em>La tirannia della penitenza<\/em> e <em>Il singhiozzo dell\u2019uomo bianco<\/em>).<\/p>\n<p style=\"text-align: justify;\"><a href=\"https:\/\/www.rassegnastampa-totustuus.it\/cattolica\/wp-content\/uploads\/2020\/02\/colonialismo_fascismo_Italia.jpg\"><img loading=\"lazy\" decoding=\"async\" class=\" wp-image-46137 alignleft\" src=\"https:\/\/www.rassegnastampa-totustuus.it\/cattolica\/wp-content\/uploads\/2020\/02\/colonialismo_fascismo_Italia.jpg\" alt=\"\" width=\"250\" height=\"177\"><\/a>Qualche frase esemplificativa del suo pensiero: \u201c<em>Su tutto l\u2019Occidente grava una presunzione di colpa. Noialtri europei siamo stati cresciuti nell\u2019odio nei confronti di noi stessi<\/em>\u201d; \u201c<em>Il mondo intero accusa l\u2019Occidente e molti occidentali partecipano a questa campagna: la nostra responsabilit\u00e0 viene affermata con indignazione, con disprezzo. Nessun discorso sul Terzo Mondo pu\u00f2 concludersi o cominciare senza che riecheggi questo <\/em>Leitmotiv<em>: l\u2019uomo bianco \u00e8 malvagio. Che cosa ci rimane, a noi figli e nipoti dei barbari che hanno depredato terra e mare?<\/em>\u201d; \u201c<em>Conclusione: la nostra esistenza \u00e8 un affronto alla creazione, e abbiamo un solo dovere: scomparire, cancellarci dalla faccia della Terra. L\u2019avvenire dell\u2019emisfero Nord \u00e8 il suicidio<\/em>\u201d.<\/p>\n<p style=\"text-align: justify;\">\u00c8 ancora un altro intellettuale francese, Jean-Louis Harouel, a denunciare in un testo titolato <em>I diritti dell\u2019uomo contro il popolo<\/em>&nbsp;le accuse dei <em>liberal<\/em> antirazzisti secondo cui \u201c<em>le colpe dell\u2019uomo bianco<\/em>\u201d sono cos\u00ec gravi da imporci come unica via per la remissione dei nostri peccati il suicidio etnico.<\/p>\n<p style=\"text-align: justify;\"><a href=\"https:\/\/www.rassegnastampa-totustuus.it\/cattolica\/wp-content\/uploads\/2009\/04\/islam_Europa.jpg\"><img loading=\"lazy\" decoding=\"async\" class=\"size-full wp-image-29473 alignright\" src=\"https:\/\/www.rassegnastampa-totustuus.it\/cattolica\/wp-content\/uploads\/2009\/04\/islam_Europa.jpg\" alt=\"\" width=\"267\" height=\"189\"><\/a>Scrive Harouel: \u201c<em>La virtuosissima religione secolare dei diritti dell\u2019uomo indica agli europei il dovere di scomparire sorridendo per far posto ad altri popoli e ad altre civilt\u00e0<\/em>\u201d. Molti sono, di conseguenza, gli obiettivi dell\u2019odio anti-bianco di quelli che compongono il \u201c<em>Club Radicale<\/em>\u201d, per usare la definizione del gi\u00e0 citato Raffaele Simone, ma tra questi primeggia, come simbolo rappresentativo della malvagit\u00e0 europea, dello schiavismo, del colonialismo, Cristoforo Colombo.<\/p>\n<p style=\"text-align: justify;\">Mai nessun personaggio storico ha suscitato tanto disprezzo come il navigatore genovese nelle frange, minoritarie ma dominatrici attraverso le Universit\u00e0 e i media, dei fanatici intolleranti della correttezza politica. E questo non solo negli Stati Uniti.<\/p>\n<p style=\"text-align: justify;\"><a href=\"https:\/\/www.rassegnastampa-totustuus.it\/cattolica\/wp-content\/uploads\/2005\/09\/Cristoforo-Colombo.jpg\"><img loading=\"lazy\" decoding=\"async\" class=\" wp-image-13716 alignleft\" src=\"https:\/\/www.rassegnastampa-totustuus.it\/cattolica\/wp-content\/uploads\/2005\/09\/Cristoforo-Colombo.jpg\" alt=\"\" width=\"163\" height=\"240\"><\/a>Che il grande e geniale navigatore avesse un cattivo carattere, come tutte le persone di carattere, \u00e8 cosa ben nota. Ma sentite gli epiteti con cui lo apostrofa elegantemente Jacopo Fo, \u201cintellettuale\u201d per diritto di nascita e di discendenza: \u201c<em>cane rognoso<\/em>\u201d, \u201c<em>spregevole incursore<\/em>\u201d, \u201c<em>assassino, torturatore, schiavista<\/em>\u201d, \u201c<em>c\u2019\u00e8 da vergognarsi che fosse italiano, tale quale a Tot\u00f2 Riina<\/em>\u201d.<\/p>\n<p style=\"text-align: justify;\">In quanto a feroce odio storico, un livello ineguagliabile. Lo riporta Massimo Arcangeli in un bel libretto titolato&nbsp;<em>Una pernacchia vi seppellir\u00e0. Contro il politicamente corretto<\/em>. \u00c8 certamente negli Stati Uniti ove si manifesta l\u2019odio pi\u00f9 viscerale, profondo e violento degli antirazzisti contro il grande genovese.<\/p>\n<p style=\"text-align: justify;\">Sono innumerevoli i libri scritti contro Colombo, considerato genocida e padre storico di genocidi. La feroce America precolombiana, incaica, maya, azteca, quella delle continue e crudelissime guerre tribali, dei milioni di immolati sugli altari di divinit\u00e0 sanguinarie, degli infanticidi, della schiavit\u00f9 di intere popolazioni, tutte pratiche fatte cessare dai <em>Conquistadores<\/em> cattolici incoraggiati dai reali spagnoli, viene invece descritta come un giardino dell\u2019Eden, in cui uomo e natura convivevano in perfetta armonia.<\/p>\n<p style=\"text-align: justify;\"><a href=\"https:\/\/www.rassegnastampa-totustuus.it\/cattolica\/wp-content\/uploads\/2019\/11\/pachamama_idoli_ecumenismo.jpg\"><img loading=\"lazy\" decoding=\"async\" class=\" wp-image-45066 alignright\" src=\"https:\/\/www.rassegnastampa-totustuus.it\/cattolica\/wp-content\/uploads\/2019\/11\/pachamama_idoli_ecumenismo-300x168.jpg\" alt=\"\" width=\"282\" height=\"158\"><\/a>Menzogna a cui non si \u00e8 sottratta, purtroppo, la Chiesa con la sanguinosa dea incaica Pachamama che \u00e8 stata posta sugli altari di alcune chiese romane e, con decisione al contempo tragica e ridicola, ma certamente blasfema, indicata ai fedeli quale degna di idolatria. In decine di Stati e di citt\u00e0 USA, tra le quali Los Angeles, Seattle e Minneapolis la festa del <em>Columbus Day<\/em> \u00e8 stata abolita e sostituita con una<em> \u201cIndigenous People Day\u201d<\/em> tra le deboli reazioni delle comunit\u00e0 italo-americane, intimorite della violenza ideologica (e talvolta non solo) dei <em>liberal<\/em> fanatizzati dalla <em>politically<\/em> <em>correctness<\/em>.<\/p>\n<p style=\"text-align: justify;\">Si moltiplicano gli atti vandalici contro le statue del navigatore genovese, come a Baltimora, dove il pi\u00f9 antico monumento dedicato a Colombo negli USA, un obelisco del 1782, \u00e8 stato gravemente danneggiato da attivisti<em> antifa. <\/em><\/p>\n<p style=\"text-align: justify;\"><a href=\"https:\/\/www.rassegnastampa-totustuus.it\/cattolica\/wp-content\/uploads\/2005\/08\/Colombo_America.jpg\"><img loading=\"lazy\" decoding=\"async\" class=\"size-full wp-image-28078 alignleft\" src=\"https:\/\/www.rassegnastampa-totustuus.it\/cattolica\/wp-content\/uploads\/2005\/08\/Colombo_America.jpg\" alt=\"\" width=\"275\" height=\"183\"><\/a>A New York il sindaco di sinistra Bill De Blasio ha istituito una commissione per decidere la rimozione delle opere che possono \u201c<em>incitare all\u2019odio<\/em>\u201d, tra cui il monumento a Cristoforo Colombo. Nell\u2019Universit\u00e0 (cattolica!) di Notre Dame dell\u2019Indiana la figura di Colombo \u00e8 stata cancellata dagli affreschi che ornano i muri dell\u2019Ateneo.<\/p>\n<p style=\"text-align: justify;\">Questa violenza \u00e8 pari solo a quella rivolta contro i monumenti dei Confederati. Per quanto incredibile, questa \u201cColombofobia\u201d si \u00e8 persino manifestata in Spagna, dove i governi socialisti, che stanno imponendo una gigantesca negazione e falsificazione della memoria (la profanazione della tomba del Generalissimo Franco ne \u00e8 un esempio) \u00e8 stata imposta un\u2019assurda censura di Stato verso Colombo e la regina Isabella di Castiglia.<\/p>\n<p style=\"text-align: justify;\"><a href=\"https:\/\/www.rassegnastampa-totustuus.it\/cattolica\/wp-content\/uploads\/2005\/09\/Isabella_di_Castiglia.jpg\"><img loading=\"lazy\" decoding=\"async\" class=\" wp-image-29931 alignright\" src=\"https:\/\/www.rassegnastampa-totustuus.it\/cattolica\/wp-content\/uploads\/2005\/09\/Isabella_di_Castiglia.jpg\" alt=\"\" width=\"167\" height=\"204\"><\/a>D\u2019altronde non fu l\u2019anticattolicissimo Zapatero a presentare le scuse della Spagna per gli arabi espulsi da Isabella? La \u201ctirannia della penitenza\u201d, la patologica, insana pulsione all\u2019auto-flagellazione di alcuni bianchi ha raggiunto punte grottesche e da patologie psichiatriche.<\/p>\n<p style=\"text-align: justify;\">Testimonia Douglas Murray, nel suo \u201c<em>La strana morte dell\u2019Europa<\/em>\u201d, di tale Hawkins, regista teatrale che, scoperto di discendere da un mercante di schiavi, partecip\u00f2 a un \u201cviaggio del pentimento\u201d in Gambia nella cui capitale sfil\u00f2, assieme ad altri 26 discendenti di schiavisti, con catene ai polsi, giogo al collo e una maglietta con la scritta <em>So sorry<\/em>.<\/p>\n<p style=\"text-align: justify;\">Arrivati allo stadio riempito di spettatori, i \u201cpentiti\u201d si inginocchiarono e tutti insieme, piangendo, si scusarono in inglese, francese e tedesco davanti ai presenti. Meno tragico, ma altrettanto ridicolo \u00e8 il racconto di uno sghignazzante Arafat che narrava di una delegazione americana che si era recata da lui per \u201c<em>chiedere scusa delle Crociate<\/em>\u201d.<\/p>\n<p style=\"text-align: justify;\"><a href=\"https:\/\/www.rassegnastampa-totustuus.it\/cattolica\/wp-content\/uploads\/2012\/09\/crociate.jpg\"><img loading=\"lazy\" decoding=\"async\" class=\" wp-image-27311 alignleft\" src=\"https:\/\/www.rassegnastampa-totustuus.it\/cattolica\/wp-content\/uploads\/2012\/09\/crociate.jpg\" alt=\"\" width=\"169\" height=\"231\"><\/a>In Australia, dove il primo ministro ha chiesto perdono agli indigeni, come il suo collega canadese, per le \u201ccolpe\u201d dei bianchi, nelle scuole si insegna che la nazione fu fondata sul genocidio e sull\u2019appropriazione e ogni anno si organizza una \u201cgiornata del pentimento\u201d: il <em>National Sorry Day<\/em>.<\/p>\n<p style=\"text-align: justify;\">D\u2019altronde questo auto-disprezzo, questa negazione del valore della propria etnia e della propria cultura, cio\u00e8 della propria casa, che il filosofo britannico Scruton, morto nei giorni scorsi, definisce \u201c<em>oicofobia<\/em>\u201d, \u00e8 ormai dilagante. In molte universit\u00e0 di lingua inglese si allunga di giorno in giorno la lista degli autori definiti spregiativamente DWEM (<em>Dead White European Males<\/em>, Uomini bianchi europei morti) e per questo messi al bando dagli antirazzisti e antifascisti.<\/p>\n<p style=\"text-align: justify;\"><a href=\"https:\/\/www.rassegnastampa-totustuus.it\/cattolica\/wp-content\/uploads\/2006\/03\/Dante.jpg\"><img loading=\"lazy\" decoding=\"async\" class=\"size-full wp-image-35402 alignright\" src=\"https:\/\/www.rassegnastampa-totustuus.it\/cattolica\/wp-content\/uploads\/2006\/03\/Dante.jpg\" alt=\"\" width=\"217\" height=\"232\"><\/a>Massimo Arcangeli, ne suo libro sopra citato, ce ne propone una lista: Euripide per misoginia, Ovidio per affermazioni che ledono la dignit\u00e0 femminile, Dante per aver sprofondato Maometto all\u2019Inferno, Shakespeare per sessismo e antigiudaismo, Ariosto egualmente per antigiudaismo, e poi Edgar Allan Poe per razzismo, Oscar Wilde perch\u00e9 misogino, Pirandello e Ungaretti perch\u00e9 fascisti e via ostracizzando. D\u2019altronde, la duchessa Meghan Markle, attrice e moglie del principe Henry, si \u00e8 lamentata: \u201c<em>Ci sono troppi uomini bianchi nelle universit\u00e0<\/em>\u201d.<\/p>\n<p style=\"text-align: justify;\">Anche nelle Universit\u00e0 francesi le cose non vanno meglio: sono innumerevoli gli episodi di conferenze, rappresentazioni teatrali, lezioni annullate, talvolta anche con la violenza, perch\u00e9 sgradite alla&nbsp;<em>gauche<\/em>&nbsp;antirazzista.<\/p>\n<p style=\"text-align: justify;\">Recentemente, tale Maboula Suomahoro, di origine ivoriana, docente all\u2019Universit\u00e0 di Tours, che si dichiara \u201cafro-femminista\u201d, ha apoditticamente affermato: \u201c<em>L\u2019uomo bianco non pu\u00f2 aver ragione contro un nero o un arabo. Bisogna davvero che la Francia se ne renda conto<\/em>\u201d.<\/p>\n<p style=\"text-align: justify;\"><a href=\"https:\/\/www.rassegnastampa-totustuus.it\/cattolica\/wp-content\/uploads\/2018\/04\/Figar\u00f2_islam.jpg\"><img loading=\"lazy\" decoding=\"async\" class=\"size-full wp-image-40064 alignleft\" src=\"https:\/\/www.rassegnastampa-totustuus.it\/cattolica\/wp-content\/uploads\/2018\/04\/Figar\u00f2_islam.jpg\" alt=\"\" width=\"259\" height=\"195\"><\/a>Ci racconta Adriano Scianca su <em>LaVerit\u00e0 <\/em>che l\u2019atmosfera negli Atenei d\u2019oltralpe si \u00e8 fatta talmente pesante che un centinaio di docenti e intellettuali ha trovato il coraggio, sfidando l\u2019intolleranza e le intimidazioni di \u201c<em>antifascisti, antirazzisti, \u201cdecoloniali\u201d, comunisti, femministi<\/em>\u201d, di firmare, su <em>Le Figaro<\/em>, un manifesto per il ripristino della libert\u00e0 d\u2019espressione.<\/p>\n<p style=\"text-align: justify;\">Paradigmatico per auto-disprezzo \u00e8 il caso della Svezia, dove gli autoctoni saranno minoranza in una generazione: Frederik Reinfeldt, primo ministro appartenente a un partito \u201cmoderato\u201d, aveva dichiarato nel 2006: \u201c<em>Solo la barbarie \u00e8 autenticamente svedese. Tutto il resto \u00e8 stato importato da fuori<\/em>\u201d.<\/p>\n<p style=\"text-align: justify;\"><a href=\"https:\/\/www.rassegnastampa-totustuus.it\/cattolica\/wp-content\/uploads\/2018\/07\/Svezia_islam.jpg\"><img loading=\"lazy\" decoding=\"async\" class=\" wp-image-40752 alignright\" src=\"https:\/\/www.rassegnastampa-totustuus.it\/cattolica\/wp-content\/uploads\/2018\/07\/Svezia_islam.jpg\" alt=\"\" width=\"237\" height=\"158\"><\/a>Nel 2014 rincar\u00f2 la dose dicendo che gli svedesi \u201c<em>non erano interessanti<\/em>\u201d. Tale Ingrid Lomfors, capo di un\u2019istituzione svedese per \u201cl\u2019educazione all\u2019Olocausto\u201d ha candidamente affermato che \u201c<em>non esiste nulla che si possa chiamare<\/em> cultura svedese\u201d. E Mona Sahlin, Ministro all\u2019integrazione, ha confessato la sua ammirazione per la ricchezza della cultura dei curdi, mentre gli svedesi \u201c<em>non hanno che qualche festa come la Notte di Mezza Estate<\/em>\u201d.<\/p>\n<div id=\"attachment_46138\" style=\"width: 168px\" class=\"wp-caption alignleft\"><a href=\"https:\/\/www.rassegnastampa-totustuus.it\/cattolica\/wp-content\/uploads\/2020\/02\/Rudyard_Kipling.jpg\"><img loading=\"lazy\" decoding=\"async\" aria-describedby=\"caption-attachment-46138\" class=\"wp-image-46138\" src=\"https:\/\/www.rassegnastampa-totustuus.it\/cattolica\/wp-content\/uploads\/2020\/02\/Rudyard_Kipling.jpg\" alt=\"\" width=\"168\" height=\"195\"><\/a><p id=\"caption-attachment-46138\" class=\"wp-caption-text\">Rudyard Kipling<\/p><\/div>\n<p style=\"text-align: justify;\">Nel 1899 Rudyard Kipling (la cui celebre poesia <em>If<\/em> \u00e8 stata cancellata da un muro dell\u2019Universit\u00e0 di Manchester e sostituita con quella di una sconosciutissima \u201cpoetessa\u201d militante africana) scriveva un famoso poema <em>Take up the White Man\u2019s burden<\/em>,&nbsp;<em>Raccogli il fardello dell\u2019Uomo Bianco<\/em>.<\/p>\n<p style=\"text-align: justify;\">Quel fardello di civilizzazione \u00e8 oggi stato trasformato in un fardello di colpe e di peccati e noi, pentiti e penitenti, c\u2019inchiniamo sotto il suo peso davanti a coloro che, inevitabilmente, se non reagiamo, sostituiranno noi, la nostra cultura e la nostra civilt\u00e0 tra non molti decenni.<\/p>\n","protected":false},"excerpt":{"rendered":"<p>Ricognizioni 14 gennaio 2020 &nbsp; di Antonio de Felip Uno degli argomenti che gli immigrazionisti portano a sostegno dell\u2019invasione e dell\u2019innocenza, se non santit\u00e0, dei cosiddetti \u201cmigranti\u201d, \u00e8 la narrazione di \u201ccolpe\u201d dell\u2019Occidente, anzi di pi\u00f9: di \u201ccolpe\u201d dell\u2019uomo bianco, intrinsecamente malvagio perch\u00e9 colonialista e neo-colonialista, schiavista, massacratore, imperialista, distruttore dell\u2019ambiente.<\/p><p><a class=\"more-link btn\" href=\"https:\/\/www.rassegnastampa-totustuus.it\/cattolica\/benvenuti-in-occidente-il-regno-dei-tafazzi\/\">Continua a leggere<\/a><\/p>\n","protected":false},"author":6,"featured_media":46133,"comment_status":"closed","ping_status":"closed","sticky":false,"template":"","format":"standard","meta":{"footnotes":""},"categories":[39,112],"tags":[721,1347,546],"class_list":["post-46131","post","type-post","status-publish","format-standard","has-post-thumbnail","hentry","category-africa","category-terzomondialismo","tag-antioccidentalismo","tag-crisi-morale","tag-terzomondialismo-2","item-wrap"],"yoast_head":"<!-- This site is optimized with the Yoast SEO plugin v27.4 - https:\/\/yoast.com\/product\/yoast-seo-wordpress\/ -->\n<title>Benvenuti in Occidente, il regno dei Tafazzi - Rassegna Stampa Cattolica<\/title>\n<meta name=\"description\" content=\"Rassegna Stampa Cattolica - Per una cultura che nasce dalla Rivelazione cristiana in conformit\u00e0 alla tradizione e al Magistero della Chiesa in opposizione ad ogni relativismo e totalitarismo\" \/>\n<meta name=\"robots\" content=\"index, follow, max-snippet:-1, max-image-preview:large, max-video-preview:-1\" \/>\n<link rel=\"canonical\" href=\"https:\/\/www.rassegnastampa-totustuus.it\/cattolica\/benvenuti-in-occidente-il-regno-dei-tafazzi\/\" \/>\n<meta property=\"og:locale\" content=\"it_IT\" \/>\n<meta property=\"og:type\" content=\"article\" \/>\n<meta property=\"og:title\" content=\"Benvenuti in Occidente, il regno dei Tafazzi - Rassegna Stampa Cattolica\" \/>\n<meta property=\"og:description\" content=\"Rassegna Stampa Cattolica - Per una cultura che nasce dalla Rivelazione cristiana in conformit\u00e0 alla tradizione e al Magistero della Chiesa in opposizione ad ogni relativismo e totalitarismo\" \/>\n<meta property=\"og:url\" content=\"https:\/\/www.rassegnastampa-totustuus.it\/cattolica\/benvenuti-in-occidente-il-regno-dei-tafazzi\/\" \/>\n<meta property=\"og:site_name\" content=\"Rassegna Stampa Cattolica\" \/>\n<meta property=\"article:publisher\" content=\"https:\/\/www.facebook.com\/rassegnastampacattolica\" \/>\n<meta property=\"article:published_time\" content=\"2020-02-05T23:00:02+00:00\" \/>\n<meta property=\"article:modified_time\" content=\"2020-02-06T07:33:24+00:00\" \/>\n<meta property=\"og:image\" content=\"https:\/\/www.rassegnastampa-totustuus.it\/cattolica\/wp-content\/uploads\/2020\/01\/soldi_mondo_colonialismo.jpg\" \/>\n\t<meta property=\"og:image:width\" content=\"1920\" \/>\n\t<meta property=\"og:image:height\" content=\"1355\" \/>\n\t<meta property=\"og:image:type\" content=\"image\/jpeg\" \/>\n<meta name=\"author\" content=\"Redazione\" \/>\n<meta name=\"twitter:card\" content=\"summary_large_image\" \/>\n<meta name=\"twitter:creator\" content=\"@rassegnastampa9\" \/>\n<meta name=\"twitter:site\" content=\"@rassegnastampa9\" \/>\n<meta name=\"twitter:label1\" content=\"Scritto da\" \/>\n\t<meta name=\"twitter:data1\" content=\"Redazione\" \/>\n\t<meta name=\"twitter:label2\" content=\"Tempo di lettura stimato\" \/>\n\t<meta name=\"twitter:data2\" content=\"9 minuti\" \/>\n<script type=\"application\/ld+json\" class=\"yoast-schema-graph\">{\"@context\":\"https:\\\/\\\/schema.org\",\"@graph\":[{\"@type\":\"Article\",\"@id\":\"https:\\\/\\\/www.rassegnastampa-totustuus.it\\\/cattolica\\\/benvenuti-in-occidente-il-regno-dei-tafazzi\\\/#article\",\"isPartOf\":{\"@id\":\"https:\\\/\\\/www.rassegnastampa-totustuus.it\\\/cattolica\\\/benvenuti-in-occidente-il-regno-dei-tafazzi\\\/\"},\"author\":{\"name\":\"Redazione\",\"@id\":\"https:\\\/\\\/www.rassegnastampa-totustuus.it\\\/cattolica\\\/#\\\/schema\\\/person\\\/08f319d2bd1a0904ad9e2bfb7b15e5c3\"},\"headline\":\"Benvenuti in Occidente, il regno dei Tafazzi\",\"datePublished\":\"2020-02-05T23:00:02+00:00\",\"dateModified\":\"2020-02-06T07:33:24+00:00\",\"mainEntityOfPage\":{\"@id\":\"https:\\\/\\\/www.rassegnastampa-totustuus.it\\\/cattolica\\\/benvenuti-in-occidente-il-regno-dei-tafazzi\\\/\"},\"wordCount\":1839,\"publisher\":{\"@id\":\"https:\\\/\\\/www.rassegnastampa-totustuus.it\\\/cattolica\\\/#organization\"},\"image\":{\"@id\":\"https:\\\/\\\/www.rassegnastampa-totustuus.it\\\/cattolica\\\/benvenuti-in-occidente-il-regno-dei-tafazzi\\\/#primaryimage\"},\"thumbnailUrl\":\"https:\\\/\\\/www.rassegnastampa-totustuus.it\\\/cattolica\\\/wp-content\\\/uploads\\\/2020\\\/01\\\/soldi_mondo_colonialismo.jpg\",\"keywords\":[\"antioccidentalismo\",\"crisi morale\",\"terzomondialismo\"],\"articleSection\":[\"Africa\",\"Terzomondialismo\"],\"inLanguage\":\"it-IT\"},{\"@type\":\"WebPage\",\"@id\":\"https:\\\/\\\/www.rassegnastampa-totustuus.it\\\/cattolica\\\/benvenuti-in-occidente-il-regno-dei-tafazzi\\\/\",\"url\":\"https:\\\/\\\/www.rassegnastampa-totustuus.it\\\/cattolica\\\/benvenuti-in-occidente-il-regno-dei-tafazzi\\\/\",\"name\":\"Benvenuti in Occidente, il regno dei Tafazzi - Rassegna Stampa Cattolica\",\"isPartOf\":{\"@id\":\"https:\\\/\\\/www.rassegnastampa-totustuus.it\\\/cattolica\\\/#website\"},\"primaryImageOfPage\":{\"@id\":\"https:\\\/\\\/www.rassegnastampa-totustuus.it\\\/cattolica\\\/benvenuti-in-occidente-il-regno-dei-tafazzi\\\/#primaryimage\"},\"image\":{\"@id\":\"https:\\\/\\\/www.rassegnastampa-totustuus.it\\\/cattolica\\\/benvenuti-in-occidente-il-regno-dei-tafazzi\\\/#primaryimage\"},\"thumbnailUrl\":\"https:\\\/\\\/www.rassegnastampa-totustuus.it\\\/cattolica\\\/wp-content\\\/uploads\\\/2020\\\/01\\\/soldi_mondo_colonialismo.jpg\",\"datePublished\":\"2020-02-05T23:00:02+00:00\",\"dateModified\":\"2020-02-06T07:33:24+00:00\",\"description\":\"Rassegna Stampa Cattolica - Per una cultura che nasce dalla Rivelazione cristiana in conformit\u00e0 alla tradizione e al Magistero della Chiesa in opposizione ad ogni relativismo e totalitarismo\",\"breadcrumb\":{\"@id\":\"https:\\\/\\\/www.rassegnastampa-totustuus.it\\\/cattolica\\\/benvenuti-in-occidente-il-regno-dei-tafazzi\\\/#breadcrumb\"},\"inLanguage\":\"it-IT\",\"potentialAction\":[{\"@type\":\"ReadAction\",\"target\":[\"https:\\\/\\\/www.rassegnastampa-totustuus.it\\\/cattolica\\\/benvenuti-in-occidente-il-regno-dei-tafazzi\\\/\"]}]},{\"@type\":\"ImageObject\",\"inLanguage\":\"it-IT\",\"@id\":\"https:\\\/\\\/www.rassegnastampa-totustuus.it\\\/cattolica\\\/benvenuti-in-occidente-il-regno-dei-tafazzi\\\/#primaryimage\",\"url\":\"https:\\\/\\\/www.rassegnastampa-totustuus.it\\\/cattolica\\\/wp-content\\\/uploads\\\/2020\\\/01\\\/soldi_mondo_colonialismo.jpg\",\"contentUrl\":\"https:\\\/\\\/www.rassegnastampa-totustuus.it\\\/cattolica\\\/wp-content\\\/uploads\\\/2020\\\/01\\\/soldi_mondo_colonialismo.jpg\",\"width\":1920,\"height\":1355,\"caption\":\"World standing on money. Earth image provided by Nasa..blue,isolated,model,design,project,concept,plan,draft,currency,stock exchange,stock-exchange,emporium,center of trade,market,cost,golden,rich,wealthy,well off,coins,wealth,business dealings,deal,business transaction,business,bussiness,work,job,labor,profession,occupation,financial,finance,stack,account,tax,globalization,globe,planet,earth,world,worldwide,global,savings,invest,commerce,international,exchange,saving,debt,investment,metaphor,income,loan,geography,banking,sphere,conceptual,cash,cold cash,money in cash,money,economy,trade,profit,gain,yield,stock,value,monetary,currencies,stacks,piled\"},{\"@type\":\"BreadcrumbList\",\"@id\":\"https:\\\/\\\/www.rassegnastampa-totustuus.it\\\/cattolica\\\/benvenuti-in-occidente-il-regno-dei-tafazzi\\\/#breadcrumb\",\"itemListElement\":[{\"@type\":\"ListItem\",\"position\":1,\"name\":\"Home\",\"item\":\"https:\\\/\\\/www.rassegnastampa-totustuus.it\\\/cattolica\\\/\"},{\"@type\":\"ListItem\",\"position\":2,\"name\":\"Benvenuti in Occidente, il regno dei Tafazzi\"}]},{\"@type\":\"WebSite\",\"@id\":\"https:\\\/\\\/www.rassegnastampa-totustuus.it\\\/cattolica\\\/#website\",\"url\":\"https:\\\/\\\/www.rassegnastampa-totustuus.it\\\/cattolica\\\/\",\"name\":\"Rassegna Stampa Cattolica\",\"description\":\"Per una cultura che nasce dalla Rivelazione cristiana in conformit\u00e0 alla tradizione e al Magistero della Chiesa in opposizione ad ogni relativismo e totalitarismo\",\"publisher\":{\"@id\":\"https:\\\/\\\/www.rassegnastampa-totustuus.it\\\/cattolica\\\/#organization\"},\"alternateName\":\"Rass. Cattolica\",\"potentialAction\":[{\"@type\":\"SearchAction\",\"target\":{\"@type\":\"EntryPoint\",\"urlTemplate\":\"https:\\\/\\\/www.rassegnastampa-totustuus.it\\\/cattolica\\\/?s={search_term_string}\"},\"query-input\":{\"@type\":\"PropertyValueSpecification\",\"valueRequired\":true,\"valueName\":\"search_term_string\"}}],\"inLanguage\":\"it-IT\"},{\"@type\":\"Organization\",\"@id\":\"https:\\\/\\\/www.rassegnastampa-totustuus.it\\\/cattolica\\\/#organization\",\"name\":\"Rassegna Stampa Cattolica\",\"url\":\"https:\\\/\\\/www.rassegnastampa-totustuus.it\\\/cattolica\\\/\",\"logo\":{\"@type\":\"ImageObject\",\"inLanguage\":\"it-IT\",\"@id\":\"https:\\\/\\\/www.rassegnastampa-totustuus.it\\\/cattolica\\\/#\\\/schema\\\/logo\\\/image\\\/\",\"url\":\"https:\\\/\\\/www.rassegnastampa-totustuus.it\\\/cattolica\\\/wp-content\\\/uploads\\\/2014\\\/04\\\/logo-rassegna1.gif\",\"contentUrl\":\"https:\\\/\\\/www.rassegnastampa-totustuus.it\\\/cattolica\\\/wp-content\\\/uploads\\\/2014\\\/04\\\/logo-rassegna1.gif\",\"width\":600,\"height\":163,\"caption\":\"Rassegna Stampa Cattolica\"},\"image\":{\"@id\":\"https:\\\/\\\/www.rassegnastampa-totustuus.it\\\/cattolica\\\/#\\\/schema\\\/logo\\\/image\\\/\"},\"sameAs\":[\"https:\\\/\\\/www.facebook.com\\\/rassegnastampacattolica\",\"https:\\\/\\\/x.com\\\/rassegnastampa9\"]},{\"@type\":\"Person\",\"@id\":\"https:\\\/\\\/www.rassegnastampa-totustuus.it\\\/cattolica\\\/#\\\/schema\\\/person\\\/08f319d2bd1a0904ad9e2bfb7b15e5c3\",\"name\":\"Redazione\",\"image\":{\"@type\":\"ImageObject\",\"inLanguage\":\"it-IT\",\"@id\":\"https:\\\/\\\/secure.gravatar.com\\\/avatar\\\/2fcdf27c78ea025fbdb44e914cc63c72249ffec9dc8aafd5c82b26240ef3f346?s=96&d=mm&r=g\",\"url\":\"https:\\\/\\\/secure.gravatar.com\\\/avatar\\\/2fcdf27c78ea025fbdb44e914cc63c72249ffec9dc8aafd5c82b26240ef3f346?s=96&d=mm&r=g\",\"contentUrl\":\"https:\\\/\\\/secure.gravatar.com\\\/avatar\\\/2fcdf27c78ea025fbdb44e914cc63c72249ffec9dc8aafd5c82b26240ef3f346?s=96&d=mm&r=g\",\"caption\":\"Redazione\"},\"url\":\"https:\\\/\\\/www.rassegnastampa-totustuus.it\\\/cattolica\\\/author\\\/pietroelle\\\/\"}]}<\/script>\n<!-- \/ Yoast SEO plugin. -->","yoast_head_json":{"title":"Benvenuti in Occidente, il regno dei Tafazzi - Rassegna Stampa Cattolica","description":"Rassegna Stampa Cattolica - Per una cultura che nasce dalla Rivelazione cristiana in conformit\u00e0 alla tradizione e al Magistero della Chiesa in opposizione ad ogni relativismo e totalitarismo","robots":{"index":"index","follow":"follow","max-snippet":"max-snippet:-1","max-image-preview":"max-image-preview:large","max-video-preview":"max-video-preview:-1"},"canonical":"https:\/\/www.rassegnastampa-totustuus.it\/cattolica\/benvenuti-in-occidente-il-regno-dei-tafazzi\/","og_locale":"it_IT","og_type":"article","og_title":"Benvenuti in Occidente, il regno dei Tafazzi - Rassegna Stampa Cattolica","og_description":"Rassegna Stampa Cattolica - Per una cultura che nasce dalla Rivelazione cristiana in conformit\u00e0 alla tradizione e al Magistero della Chiesa in opposizione ad ogni relativismo e totalitarismo","og_url":"https:\/\/www.rassegnastampa-totustuus.it\/cattolica\/benvenuti-in-occidente-il-regno-dei-tafazzi\/","og_site_name":"Rassegna Stampa Cattolica","article_publisher":"https:\/\/www.facebook.com\/rassegnastampacattolica","article_published_time":"2020-02-05T23:00:02+00:00","article_modified_time":"2020-02-06T07:33:24+00:00","og_image":[{"width":1920,"height":1355,"url":"https:\/\/www.rassegnastampa-totustuus.it\/cattolica\/wp-content\/uploads\/2020\/01\/soldi_mondo_colonialismo.jpg","type":"image\/jpeg"}],"author":"Redazione","twitter_card":"summary_large_image","twitter_creator":"@rassegnastampa9","twitter_site":"@rassegnastampa9","twitter_misc":{"Scritto da":"Redazione","Tempo di lettura stimato":"9 minuti"},"schema":{"@context":"https:\/\/schema.org","@graph":[{"@type":"Article","@id":"https:\/\/www.rassegnastampa-totustuus.it\/cattolica\/benvenuti-in-occidente-il-regno-dei-tafazzi\/#article","isPartOf":{"@id":"https:\/\/www.rassegnastampa-totustuus.it\/cattolica\/benvenuti-in-occidente-il-regno-dei-tafazzi\/"},"author":{"name":"Redazione","@id":"https:\/\/www.rassegnastampa-totustuus.it\/cattolica\/#\/schema\/person\/08f319d2bd1a0904ad9e2bfb7b15e5c3"},"headline":"Benvenuti in Occidente, il regno dei Tafazzi","datePublished":"2020-02-05T23:00:02+00:00","dateModified":"2020-02-06T07:33:24+00:00","mainEntityOfPage":{"@id":"https:\/\/www.rassegnastampa-totustuus.it\/cattolica\/benvenuti-in-occidente-il-regno-dei-tafazzi\/"},"wordCount":1839,"publisher":{"@id":"https:\/\/www.rassegnastampa-totustuus.it\/cattolica\/#organization"},"image":{"@id":"https:\/\/www.rassegnastampa-totustuus.it\/cattolica\/benvenuti-in-occidente-il-regno-dei-tafazzi\/#primaryimage"},"thumbnailUrl":"https:\/\/www.rassegnastampa-totustuus.it\/cattolica\/wp-content\/uploads\/2020\/01\/soldi_mondo_colonialismo.jpg","keywords":["antioccidentalismo","crisi morale","terzomondialismo"],"articleSection":["Africa","Terzomondialismo"],"inLanguage":"it-IT"},{"@type":"WebPage","@id":"https:\/\/www.rassegnastampa-totustuus.it\/cattolica\/benvenuti-in-occidente-il-regno-dei-tafazzi\/","url":"https:\/\/www.rassegnastampa-totustuus.it\/cattolica\/benvenuti-in-occidente-il-regno-dei-tafazzi\/","name":"Benvenuti in Occidente, il regno dei Tafazzi - Rassegna Stampa Cattolica","isPartOf":{"@id":"https:\/\/www.rassegnastampa-totustuus.it\/cattolica\/#website"},"primaryImageOfPage":{"@id":"https:\/\/www.rassegnastampa-totustuus.it\/cattolica\/benvenuti-in-occidente-il-regno-dei-tafazzi\/#primaryimage"},"image":{"@id":"https:\/\/www.rassegnastampa-totustuus.it\/cattolica\/benvenuti-in-occidente-il-regno-dei-tafazzi\/#primaryimage"},"thumbnailUrl":"https:\/\/www.rassegnastampa-totustuus.it\/cattolica\/wp-content\/uploads\/2020\/01\/soldi_mondo_colonialismo.jpg","datePublished":"2020-02-05T23:00:02+00:00","dateModified":"2020-02-06T07:33:24+00:00","description":"Rassegna Stampa Cattolica - Per una cultura che nasce dalla Rivelazione cristiana in conformit\u00e0 alla tradizione e al Magistero della Chiesa in opposizione ad ogni relativismo e totalitarismo","breadcrumb":{"@id":"https:\/\/www.rassegnastampa-totustuus.it\/cattolica\/benvenuti-in-occidente-il-regno-dei-tafazzi\/#breadcrumb"},"inLanguage":"it-IT","potentialAction":[{"@type":"ReadAction","target":["https:\/\/www.rassegnastampa-totustuus.it\/cattolica\/benvenuti-in-occidente-il-regno-dei-tafazzi\/"]}]},{"@type":"ImageObject","inLanguage":"it-IT","@id":"https:\/\/www.rassegnastampa-totustuus.it\/cattolica\/benvenuti-in-occidente-il-regno-dei-tafazzi\/#primaryimage","url":"https:\/\/www.rassegnastampa-totustuus.it\/cattolica\/wp-content\/uploads\/2020\/01\/soldi_mondo_colonialismo.jpg","contentUrl":"https:\/\/www.rassegnastampa-totustuus.it\/cattolica\/wp-content\/uploads\/2020\/01\/soldi_mondo_colonialismo.jpg","width":1920,"height":1355,"caption":"World standing on money. Earth image provided by Nasa..blue,isolated,model,design,project,concept,plan,draft,currency,stock exchange,stock-exchange,emporium,center of trade,market,cost,golden,rich,wealthy,well off,coins,wealth,business dealings,deal,business transaction,business,bussiness,work,job,labor,profession,occupation,financial,finance,stack,account,tax,globalization,globe,planet,earth,world,worldwide,global,savings,invest,commerce,international,exchange,saving,debt,investment,metaphor,income,loan,geography,banking,sphere,conceptual,cash,cold cash,money in cash,money,economy,trade,profit,gain,yield,stock,value,monetary,currencies,stacks,piled"},{"@type":"BreadcrumbList","@id":"https:\/\/www.rassegnastampa-totustuus.it\/cattolica\/benvenuti-in-occidente-il-regno-dei-tafazzi\/#breadcrumb","itemListElement":[{"@type":"ListItem","position":1,"name":"Home","item":"https:\/\/www.rassegnastampa-totustuus.it\/cattolica\/"},{"@type":"ListItem","position":2,"name":"Benvenuti in Occidente, il regno dei Tafazzi"}]},{"@type":"WebSite","@id":"https:\/\/www.rassegnastampa-totustuus.it\/cattolica\/#website","url":"https:\/\/www.rassegnastampa-totustuus.it\/cattolica\/","name":"Rassegna Stampa Cattolica","description":"Per una cultura che nasce dalla Rivelazione cristiana in conformit\u00e0 alla tradizione e al Magistero della Chiesa in opposizione ad ogni relativismo e totalitarismo","publisher":{"@id":"https:\/\/www.rassegnastampa-totustuus.it\/cattolica\/#organization"},"alternateName":"Rass. Cattolica","potentialAction":[{"@type":"SearchAction","target":{"@type":"EntryPoint","urlTemplate":"https:\/\/www.rassegnastampa-totustuus.it\/cattolica\/?s={search_term_string}"},"query-input":{"@type":"PropertyValueSpecification","valueRequired":true,"valueName":"search_term_string"}}],"inLanguage":"it-IT"},{"@type":"Organization","@id":"https:\/\/www.rassegnastampa-totustuus.it\/cattolica\/#organization","name":"Rassegna Stampa Cattolica","url":"https:\/\/www.rassegnastampa-totustuus.it\/cattolica\/","logo":{"@type":"ImageObject","inLanguage":"it-IT","@id":"https:\/\/www.rassegnastampa-totustuus.it\/cattolica\/#\/schema\/logo\/image\/","url":"https:\/\/www.rassegnastampa-totustuus.it\/cattolica\/wp-content\/uploads\/2014\/04\/logo-rassegna1.gif","contentUrl":"https:\/\/www.rassegnastampa-totustuus.it\/cattolica\/wp-content\/uploads\/2014\/04\/logo-rassegna1.gif","width":600,"height":163,"caption":"Rassegna Stampa Cattolica"},"image":{"@id":"https:\/\/www.rassegnastampa-totustuus.it\/cattolica\/#\/schema\/logo\/image\/"},"sameAs":["https:\/\/www.facebook.com\/rassegnastampacattolica","https:\/\/x.com\/rassegnastampa9"]},{"@type":"Person","@id":"https:\/\/www.rassegnastampa-totustuus.it\/cattolica\/#\/schema\/person\/08f319d2bd1a0904ad9e2bfb7b15e5c3","name":"Redazione","image":{"@type":"ImageObject","inLanguage":"it-IT","@id":"https:\/\/secure.gravatar.com\/avatar\/2fcdf27c78ea025fbdb44e914cc63c72249ffec9dc8aafd5c82b26240ef3f346?s=96&d=mm&r=g","url":"https:\/\/secure.gravatar.com\/avatar\/2fcdf27c78ea025fbdb44e914cc63c72249ffec9dc8aafd5c82b26240ef3f346?s=96&d=mm&r=g","contentUrl":"https:\/\/secure.gravatar.com\/avatar\/2fcdf27c78ea025fbdb44e914cc63c72249ffec9dc8aafd5c82b26240ef3f346?s=96&d=mm&r=g","caption":"Redazione"},"url":"https:\/\/www.rassegnastampa-totustuus.it\/cattolica\/author\/pietroelle\/"}]}},"_links":{"self":[{"href":"https:\/\/www.rassegnastampa-totustuus.it\/cattolica\/wp-json\/wp\/v2\/posts\/46131","targetHints":{"allow":["GET"]}}],"collection":[{"href":"https:\/\/www.rassegnastampa-totustuus.it\/cattolica\/wp-json\/wp\/v2\/posts"}],"about":[{"href":"https:\/\/www.rassegnastampa-totustuus.it\/cattolica\/wp-json\/wp\/v2\/types\/post"}],"author":[{"embeddable":true,"href":"https:\/\/www.rassegnastampa-totustuus.it\/cattolica\/wp-json\/wp\/v2\/users\/6"}],"replies":[{"embeddable":true,"href":"https:\/\/www.rassegnastampa-totustuus.it\/cattolica\/wp-json\/wp\/v2\/comments?post=46131"}],"version-history":[{"count":3,"href":"https:\/\/www.rassegnastampa-totustuus.it\/cattolica\/wp-json\/wp\/v2\/posts\/46131\/revisions"}],"predecessor-version":[{"id":46282,"href":"https:\/\/www.rassegnastampa-totustuus.it\/cattolica\/wp-json\/wp\/v2\/posts\/46131\/revisions\/46282"}],"wp:featuredmedia":[{"embeddable":true,"href":"https:\/\/www.rassegnastampa-totustuus.it\/cattolica\/wp-json\/wp\/v2\/media\/46133"}],"wp:attachment":[{"href":"https:\/\/www.rassegnastampa-totustuus.it\/cattolica\/wp-json\/wp\/v2\/media?parent=46131"}],"wp:term":[{"taxonomy":"category","embeddable":true,"href":"https:\/\/www.rassegnastampa-totustuus.it\/cattolica\/wp-json\/wp\/v2\/categories?post=46131"},{"taxonomy":"post_tag","embeddable":true,"href":"https:\/\/www.rassegnastampa-totustuus.it\/cattolica\/wp-json\/wp\/v2\/tags?post=46131"}],"curies":[{"name":"wp","href":"https:\/\/api.w.org\/{rel}","templated":true}]}}