{"id":4607,"date":"2011-06-29T17:52:36","date_gmt":"2011-06-29T15:52:36","guid":{"rendered":""},"modified":"2016-02-04T12:55:02","modified_gmt":"2016-02-04T11:55:02","slug":"lunicef-sponsorizza-il-boia-dei-neonati","status":"publish","type":"post","link":"https:\/\/www.rassegnastampa-totustuus.it\/cattolica\/lunicef-sponsorizza-il-boia-dei-neonati\/","title":{"rendered":"L&#8217;UNICEF sponsorizza il &laquo;boia dei neonati&raquo;"},"content":{"rendered":"<div style=\"text-align: center;\">\n<div id=\"attachment_30273\" style=\"width: 200px\" class=\"wp-caption alignright\"><a href=\"https:\/\/www.rassegnastampa-totustuus.it\/cattolica\/wp-content\/uploads\/2011\/06\/Peter-Singer.jpg\"><img loading=\"lazy\" decoding=\"async\" aria-describedby=\"caption-attachment-30273\" class=\"wp-image-30273\" src=\"https:\/\/www.rassegnastampa-totustuus.it\/cattolica\/wp-content\/uploads\/2011\/06\/Peter-Singer.jpg\" alt=\"Peter Singer\" width=\"200\" height=\"133\" \/><\/a><p id=\"caption-attachment-30273\" class=\"wp-caption-text\">Peter Singer<\/p><\/div>\n<p><strong>La Bussola quotidiana<\/strong> 24 giugno 2011<\/div>\n<p style=\"text-align: center;\">di <strong>Riccardo Cascioli<\/strong><\/p>\n<p style=\"text-align: justify;\">UNICEF e Peter Singer : nulla di pi\u00f9 incompatibile, si direbbe a prima vista. L\u2019UNICEF \u00e8 infatti l\u2019agenzia dell\u2019Onu che si occupa (o perlomeno dovrebbe occuparsi) della tutela dei bambini, Peter Singer \u00e8 invece il filosofo animalista che teorizza l\u2019infanticidio. Cosa possono avere in comune?<\/p>\n<p><!--more--><\/p>\n<div style=\"text-align: justify;\">Eppure la realt\u00e0 ci dice che UNICEF e Peter Singer vanno d\u2019amor e d\u2019accordo al punto che UNICEF Italia ha sponsorizzato lo scorso 20 giugno una conferenza di Singer alla LUISS, libera universit\u00e0 romana, con il patrocinio anche di Unindustria, l\u2019unione degli industriali del Lazio. L\u2019intervento di Singer, addirittura, inaugurava un ciclo di conferenze dell\u2019UNICEF dedicato alla filantropia. Dunque non si \u00e8 trattato di un incontro casuale.<\/div>\n<p style=\"text-align: justify;\"><strong>Per apprezzare meglio la scelta dell\u2019UNICEF, \u00e8 bene spiegare chi sia l\u2019ospite d\u2019onore.<\/strong> Australiano, professore di filosofia, Peter Singer \u00e8 autore di diversi volumi su temi di bioetica e diritti degli animali, anche se, e ci tiene a precisarlo, \u00abnon ama gli animali\u00bb e non ha mai tenuto in casa cani o gatti. Eppure Singer \u00e8 il principale teorico dell&#8217;animalismo. Il suo libro \u201cLiberazione animale\u201d (1975, mentre del 1991 \u00e8 la sua traduzione italiana) \u00e8 stato tradotto in sei lingue e viene considerato il manifesto del movimento animalista mondiale.<\/p>\n<p style=\"text-align: justify;\"><strong>Partendo dal presupposto che ci sono esseri umani che ancora non soffrono,<\/strong> non possono soffrire o non sono pi\u00f9 in grado di soffrire, il filosofo animalista ha preso chiaramente posizione a favore dell&#8217;utilizzo di embrioni umani come cavie al posto di animali per l&#8217;eventuale verifica della tossicit\u00e0 dei farmaci. Per giustificarsi Singer ha sostenuto che l&#8217;embrione nelle prime settimane di vita non prova dolore. Il filosofo australiano non si limita soltanto a sostenere la sperimentazione sugli embrioni o sui comatosi (per il fatto che essi comunque non soffrono), ma giustifica moralmente la soppressione di quei neonati con malformazioni tanto gravi da far ritenere che la loro vita sia priva di ogni valore.<\/p>\n<p style=\"text-align: justify;\">Ha scritto il filosofo australiano: \u00abQuando la vita di un bambino sar\u00e0 cos\u00ec penosa da non valere la pena di essere vissuta [&#8230;] se non ci sono ragioni &#8220;estrinseche&#8221; per tenere il bambino in vita &#8211; come i sentimenti dei genitori &#8211; \u00e8 meglio ucciderlo\u00bb. E ancora: \u00abQuando la morte di un neonato malformato conduce alla nascita di un altro bambino con migliori prospettive di una vita felice, la quantit\u00e0 totale di felicit\u00e0 sar\u00e0 maggiore se il bambino malformato viene ucciso.<\/p>\n<p style=\"text-align: justify;\">La perdita di vita felice per il primo bambino \u00e8 superata dal guadagno di una vita felice per il secondo, pertanto se uccidere un bambino emofiliaco non ha effetti spiacevoli su terzi, sarebbe giusto ucciderlo secondo il punto di vista dell&#8217;utilitarismo totale. Uccidere un neonato con malformazioni non \u00e8 equivalente a uccidere una persona. E molto spesso non \u00e8 per niente sbagliato\u00bb.<\/p>\n<p style=\"text-align: justify;\"><strong>In <\/strong><em><strong>Etica pratica<\/strong><\/em><strong> Singer scrive: \u00abIl fatto che un essere sia un essere umano&#8230;<\/strong> non \u00e8 rilevante all&#8217;immoralit\u00e0 dell&#8217;ucciderlo; sono piuttosto caratteristiche quali la razionalit\u00e0, l&#8217;autonomia e l&#8217;autocoscienza che fanno la differenza. Neonati con malformazioni mancano di tali caratteristiche. Pertanto ucciderli non pu\u00f2 essere posto sullo stesso piano dell&#8217;uccidere esseri umani normali, o qualsiasi altro essere autocosciente\u00bb.<\/p>\n<p style=\"text-align: justify;\"><strong>Possiamo citare anche qualche altra perla da un&#8217;intervista allo stesso Singer<\/strong> pubblicata da Il Foglio (11 marzo 2008): \u201cAnche se il bambino potr\u00e0 avere una vita senza eccessiva sofferenza, come nel caso della sindrome di Down, ma i genitori pensano che sia un peso eccessivo per loro e vogliono averne un altro, questa pu\u00f2 essere una ragione per ucciderlo\u201d. \u201cE\u2019 un diritto ragionevole lasciar morire i malati neurovegetativi perch\u00e9 essi sono simili agli infanti disabili, non sono esseri coscienti, razionali, autonomi, la loro vita non ha valore intrinseco, il loro viaggio \u00e8 arrivato alla fine\u201d. \u201cI feti, i bambini appena nati e i disabili sono non-persone, meno coscienti e razionali di certi animali non umani. E\u2019 legittimo ucciderli\u201d.<\/p>\n<p style=\"text-align: justify;\"><strong>E al <\/strong><em><strong>New York Times<\/strong><\/em><strong> dichiarava tra l\u2019altro:<\/strong> \u201cL\u2019idea di attribuire a tutti un uguale diritto alla vita, \u00e8 un\u2019arma a doppio taglio. Se la vita con quadriplegia (paralisi) \u00e8 buona come la vita senza paralisi, non c\u2019\u00e8 alcun beneficio di salute a curarla\u201d.<\/p>\n<p style=\"text-align: justify;\"><strong>Alla base di questo pensiero \u201cilluminato\u201d c\u2019\u00e8 la distinzione tra essere umano e persona<\/strong> che Singer sviluppa. Secondo il filosofo animalista, infatti, la nostra civilt\u00e0 usa erroneamente i due termini in modo analogo. Per Singer invece essere umano \u00e8 un concetto che si riferisce alla specie, mentre persona \u00e8 un concetto che si riferisce all\u2019essere umano con certe qualit\u00e0 caratteristiche. Caratteristiche che peraltro non sarebbero specifiche del solo essere umano, Singer parla infatti anche di \u201canimali personali\u201d. Tali caratteristiche si riassumono in: razionalit\u00e0, autocoscienza e anche \u2013 ma in misura minore \u2013 capacit\u00e0 di provare piacere e dolore e di interagire con l\u2019ambiente.<\/p>\n<p style=\"text-align: justify;\"><strong>A questo punto viene da domandarsi: come mai l\u2019UNICEF se la fa con un personaggio<\/strong> che potrebbe tranquillamente essere nominato \u201cil boia dei neonati\u201d, un soggetto che sembra un sopravvissuto del nazismo?<\/p>\n<p style=\"text-align: justify;\"><strong>Semplicemente perch\u00e9 l\u2019UNICEF ormai da un ventennio non \u00e8 pi\u00f9 quella meritoria organizzazione<\/strong> che ha contribuito a salvare molti bambini da fame e malattie. Non che tutto ci\u00f2 che fa l\u2019UNICEF sia cattivo, intendiamoci: tuttora, in diversi paesi sponsorizza programmi meritevoli di sostegno, ma ad essere messa in discussione \u00e8 la direzione generale dell\u2019organizzazione e la partecipazione a diversi progetti che hanno come obiettivo il controllo delle nascite, nella logica eugenetica che ispira Singer. Tanto \u00e8 vero che la Santa Sede, dopo anni di avvertimenti, dal 1996 non versa pi\u00f9 il suo contributo all\u2019UNICEF per il sostegno alla diffusione di contraccezione e aborto nei paesi poveri. Uno dei motivi \u00e8 il rifiuto dell\u2019organizzazione di dichiarare in modo trasparente la precisa destinazione dei fondi ricevuti.<\/p>\n<p style=\"text-align: justify;\"><strong>Non \u00e8 soltanto un problema \u201cmorale\u201d sollevato dalla Chiesa cattolica<\/strong>, tanto \u00e8 vero che nel 2004 fu la rivista scientifica britannica<em> Lancet<\/em> ad affermare \u2013 dati alla mano \u2013 che l\u2019UNICEF \u00e8 diventata uno dei maggiori ostacoli per la sopravvivenza dei bambini nei paesi in via di sviluppo. Per <em>Lancet<\/em> la svolta negativa dell\u2019UNICEF si \u00e8 avuta nel 1995 con la nomina (volta dall\u2019amministrazione Clinton) alla direzione dell\u2019agenzia di Carol Bellamy che ha provveduto a dirottare su progetti per i \u201cdiritti delle donne\u201d i fondi che sarebbero serviti per la sopravvivenza dei bambini. I dati riportati da <em>Lancet<\/em> dimostravano che 600mila bambini morivano ogni anno per cause assolutamente prevedibili malgrado la disponibilit\u00e0 di interventi efficaci a basso costo. Addirittura la mortalit\u00e0 in alcuni paesi poveri \u00e8 aumentata, mentre l\u2019UNICEF si preoccupa di promuovere la salute riproduttiva.<\/p>\n<p style=\"text-align: justify;\"><strong>E non \u00e8 che il cambio alla direzione dell\u2019UNICEF, avvenuto sei anni fa, abbia cambiato<\/strong> un granch\u00e9 la situazione. La direzione \u00e8 sempre quella eugenetica, e quanto avvenuto questa settimana a Roma lo dimostra: la vita dei bambini non vale in s\u00e9, ma a certe condizioni. E ormai non ci si preoccupa neanche pi\u00f9 di nasconderlo, la cultura \u00e8 cos\u00ec cambiata che un\u2019agenzia internazionale nata per tutelare l\u2019infanzia non si vergogna neanche di presentare in pompa magna il \u201cnuovo Mengele\u201d.<\/p>\n<p style=\"text-align: justify;\"><strong>E il bello \u00e8 che a fare pubblicit\u00e0 a questo incontro \u00e8 stata anche \u201cFamiglia Cristiana\u201d,<\/strong> che con l&#8217;UNICEF ha un rapporto &#8220;commerciale&#8221; e secondo cui Peter Singer \u00e8 un filantropo. Complimenti al settimanale cattolico.<\/p>\n","protected":false},"excerpt":{"rendered":"<p>La Bussola quotidiana 24 giugno 2011 di Riccardo Cascioli UNICEF e Peter Singer : nulla di pi\u00f9 incompatibile, si direbbe a prima vista. L\u2019UNICEF \u00e8 infatti l\u2019agenzia dell\u2019Onu che si occupa (o perlomeno dovrebbe occuparsi) della tutela dei bambini, Peter Singer \u00e8 invece il filosofo animalista che teorizza l\u2019infanticidio. Cosa possono avere in comune?<\/p><p><a class=\"more-link btn\" href=\"https:\/\/www.rassegnastampa-totustuus.it\/cattolica\/lunicef-sponsorizza-il-boia-dei-neonati\/\">Continua a leggere<\/a><\/p>\n","protected":false},"author":6,"featured_media":30273,"comment_status":"closed","ping_status":"open","sticky":false,"template":"","format":"standard","meta":{"footnotes":""},"categories":[2,104],"tags":[537],"class_list":["post-4607","post","type-post","status-publish","format-standard","has-post-thumbnail","hentry","category-aborto","category-lonu","tag-unicef","item-wrap"],"yoast_head":"<!-- This site is optimized with the Yoast SEO plugin v27.5 - https:\/\/yoast.com\/product\/yoast-seo-wordpress\/ -->\n<title>L&#039;UNICEF sponsorizza il &laquo;boia dei neonati&raquo; - Rassegna Stampa Cattolica<\/title>\n<meta name=\"description\" content=\"Rassegna Stampa Cattolica - Per una cultura che nasce dalla Rivelazione cristiana in conformit\u00e0 alla tradizione e al Magistero della Chiesa in opposizione ad ogni relativismo e totalitarismo\" \/>\n<meta name=\"robots\" content=\"index, follow, max-snippet:-1, max-image-preview:large, max-video-preview:-1\" \/>\n<link rel=\"canonical\" href=\"https:\/\/www.rassegnastampa-totustuus.it\/cattolica\/lunicef-sponsorizza-il-boia-dei-neonati\/\" \/>\n<meta property=\"og:locale\" content=\"it_IT\" \/>\n<meta property=\"og:type\" content=\"article\" \/>\n<meta property=\"og:title\" content=\"L&#039;UNICEF sponsorizza il &laquo;boia dei neonati&raquo; - Rassegna Stampa Cattolica\" \/>\n<meta property=\"og:description\" content=\"Rassegna Stampa Cattolica - Per una cultura che nasce dalla Rivelazione cristiana in conformit\u00e0 alla tradizione e al Magistero della Chiesa in opposizione ad ogni relativismo e totalitarismo\" \/>\n<meta property=\"og:url\" content=\"https:\/\/www.rassegnastampa-totustuus.it\/cattolica\/lunicef-sponsorizza-il-boia-dei-neonati\/\" \/>\n<meta property=\"og:site_name\" content=\"Rassegna Stampa Cattolica\" \/>\n<meta property=\"article:publisher\" content=\"https:\/\/www.facebook.com\/rassegnastampacattolica\" \/>\n<meta property=\"article:published_time\" content=\"2011-06-29T15:52:36+00:00\" \/>\n<meta property=\"article:modified_time\" content=\"2016-02-04T11:55:02+00:00\" \/>\n<meta property=\"og:image\" content=\"https:\/\/www.rassegnastampa-totustuus.it\/cattolica\/wp-content\/uploads\/2011\/06\/Peter-Singer.jpg\" \/>\n\t<meta property=\"og:image:width\" content=\"275\" \/>\n\t<meta property=\"og:image:height\" content=\"183\" \/>\n\t<meta property=\"og:image:type\" content=\"image\/jpeg\" \/>\n<meta name=\"author\" content=\"Redazione\" \/>\n<meta name=\"twitter:card\" content=\"summary_large_image\" \/>\n<meta name=\"twitter:creator\" content=\"@rassegnastampa9\" \/>\n<meta name=\"twitter:site\" content=\"@rassegnastampa9\" \/>\n<meta name=\"twitter:label1\" content=\"Scritto da\" \/>\n\t<meta name=\"twitter:data1\" content=\"Redazione\" \/>\n\t<meta name=\"twitter:label2\" content=\"Tempo di lettura stimato\" \/>\n\t<meta name=\"twitter:data2\" content=\"6 minuti\" \/>\n<script type=\"application\/ld+json\" class=\"yoast-schema-graph\">{\"@context\":\"https:\\\/\\\/schema.org\",\"@graph\":[{\"@type\":\"Article\",\"@id\":\"https:\\\/\\\/www.rassegnastampa-totustuus.it\\\/cattolica\\\/lunicef-sponsorizza-il-boia-dei-neonati\\\/#article\",\"isPartOf\":{\"@id\":\"https:\\\/\\\/www.rassegnastampa-totustuus.it\\\/cattolica\\\/lunicef-sponsorizza-il-boia-dei-neonati\\\/\"},\"author\":{\"name\":\"Redazione\",\"@id\":\"https:\\\/\\\/www.rassegnastampa-totustuus.it\\\/cattolica\\\/#\\\/schema\\\/person\\\/08f319d2bd1a0904ad9e2bfb7b15e5c3\"},\"headline\":\"L&#8217;UNICEF sponsorizza il &laquo;boia dei neonati&raquo;\",\"datePublished\":\"2011-06-29T15:52:36+00:00\",\"dateModified\":\"2016-02-04T11:55:02+00:00\",\"mainEntityOfPage\":{\"@id\":\"https:\\\/\\\/www.rassegnastampa-totustuus.it\\\/cattolica\\\/lunicef-sponsorizza-il-boia-dei-neonati\\\/\"},\"wordCount\":1206,\"publisher\":{\"@id\":\"https:\\\/\\\/www.rassegnastampa-totustuus.it\\\/cattolica\\\/#organization\"},\"image\":{\"@id\":\"https:\\\/\\\/www.rassegnastampa-totustuus.it\\\/cattolica\\\/lunicef-sponsorizza-il-boia-dei-neonati\\\/#primaryimage\"},\"thumbnailUrl\":\"https:\\\/\\\/www.rassegnastampa-totustuus.it\\\/cattolica\\\/wp-content\\\/uploads\\\/2011\\\/06\\\/Peter-Singer.jpg\",\"keywords\":[\"Unicef\"],\"articleSection\":[\"Aborto\",\"L&#39;ONU\"],\"inLanguage\":\"it-IT\"},{\"@type\":\"WebPage\",\"@id\":\"https:\\\/\\\/www.rassegnastampa-totustuus.it\\\/cattolica\\\/lunicef-sponsorizza-il-boia-dei-neonati\\\/\",\"url\":\"https:\\\/\\\/www.rassegnastampa-totustuus.it\\\/cattolica\\\/lunicef-sponsorizza-il-boia-dei-neonati\\\/\",\"name\":\"L'UNICEF sponsorizza il &laquo;boia dei neonati&raquo; - Rassegna Stampa Cattolica\",\"isPartOf\":{\"@id\":\"https:\\\/\\\/www.rassegnastampa-totustuus.it\\\/cattolica\\\/#website\"},\"primaryImageOfPage\":{\"@id\":\"https:\\\/\\\/www.rassegnastampa-totustuus.it\\\/cattolica\\\/lunicef-sponsorizza-il-boia-dei-neonati\\\/#primaryimage\"},\"image\":{\"@id\":\"https:\\\/\\\/www.rassegnastampa-totustuus.it\\\/cattolica\\\/lunicef-sponsorizza-il-boia-dei-neonati\\\/#primaryimage\"},\"thumbnailUrl\":\"https:\\\/\\\/www.rassegnastampa-totustuus.it\\\/cattolica\\\/wp-content\\\/uploads\\\/2011\\\/06\\\/Peter-Singer.jpg\",\"datePublished\":\"2011-06-29T15:52:36+00:00\",\"dateModified\":\"2016-02-04T11:55:02+00:00\",\"description\":\"Rassegna Stampa Cattolica - Per una cultura che nasce dalla Rivelazione cristiana in conformit\u00e0 alla tradizione e al Magistero della Chiesa in opposizione ad ogni relativismo e totalitarismo\",\"breadcrumb\":{\"@id\":\"https:\\\/\\\/www.rassegnastampa-totustuus.it\\\/cattolica\\\/lunicef-sponsorizza-il-boia-dei-neonati\\\/#breadcrumb\"},\"inLanguage\":\"it-IT\",\"potentialAction\":[{\"@type\":\"ReadAction\",\"target\":[\"https:\\\/\\\/www.rassegnastampa-totustuus.it\\\/cattolica\\\/lunicef-sponsorizza-il-boia-dei-neonati\\\/\"]}]},{\"@type\":\"ImageObject\",\"inLanguage\":\"it-IT\",\"@id\":\"https:\\\/\\\/www.rassegnastampa-totustuus.it\\\/cattolica\\\/lunicef-sponsorizza-il-boia-dei-neonati\\\/#primaryimage\",\"url\":\"https:\\\/\\\/www.rassegnastampa-totustuus.it\\\/cattolica\\\/wp-content\\\/uploads\\\/2011\\\/06\\\/Peter-Singer.jpg\",\"contentUrl\":\"https:\\\/\\\/www.rassegnastampa-totustuus.it\\\/cattolica\\\/wp-content\\\/uploads\\\/2011\\\/06\\\/Peter-Singer.jpg\",\"width\":275,\"height\":183},{\"@type\":\"BreadcrumbList\",\"@id\":\"https:\\\/\\\/www.rassegnastampa-totustuus.it\\\/cattolica\\\/lunicef-sponsorizza-il-boia-dei-neonati\\\/#breadcrumb\",\"itemListElement\":[{\"@type\":\"ListItem\",\"position\":1,\"name\":\"Home\",\"item\":\"https:\\\/\\\/www.rassegnastampa-totustuus.it\\\/cattolica\\\/\"},{\"@type\":\"ListItem\",\"position\":2,\"name\":\"L&#8217;UNICEF sponsorizza il &laquo;boia dei neonati&raquo;\"}]},{\"@type\":\"WebSite\",\"@id\":\"https:\\\/\\\/www.rassegnastampa-totustuus.it\\\/cattolica\\\/#website\",\"url\":\"https:\\\/\\\/www.rassegnastampa-totustuus.it\\\/cattolica\\\/\",\"name\":\"Rassegna Stampa Cattolica\",\"description\":\"Per una cultura che nasce dalla Rivelazione cristiana in conformit\u00e0 alla tradizione e al Magistero della Chiesa in opposizione ad ogni relativismo e totalitarismo\",\"publisher\":{\"@id\":\"https:\\\/\\\/www.rassegnastampa-totustuus.it\\\/cattolica\\\/#organization\"},\"alternateName\":\"Rass. Cattolica\",\"potentialAction\":[{\"@type\":\"SearchAction\",\"target\":{\"@type\":\"EntryPoint\",\"urlTemplate\":\"https:\\\/\\\/www.rassegnastampa-totustuus.it\\\/cattolica\\\/?s={search_term_string}\"},\"query-input\":{\"@type\":\"PropertyValueSpecification\",\"valueRequired\":true,\"valueName\":\"search_term_string\"}}],\"inLanguage\":\"it-IT\"},{\"@type\":\"Organization\",\"@id\":\"https:\\\/\\\/www.rassegnastampa-totustuus.it\\\/cattolica\\\/#organization\",\"name\":\"Rassegna Stampa Cattolica\",\"url\":\"https:\\\/\\\/www.rassegnastampa-totustuus.it\\\/cattolica\\\/\",\"logo\":{\"@type\":\"ImageObject\",\"inLanguage\":\"it-IT\",\"@id\":\"https:\\\/\\\/www.rassegnastampa-totustuus.it\\\/cattolica\\\/#\\\/schema\\\/logo\\\/image\\\/\",\"url\":\"https:\\\/\\\/www.rassegnastampa-totustuus.it\\\/cattolica\\\/wp-content\\\/uploads\\\/2014\\\/04\\\/logo-rassegna1.gif\",\"contentUrl\":\"https:\\\/\\\/www.rassegnastampa-totustuus.it\\\/cattolica\\\/wp-content\\\/uploads\\\/2014\\\/04\\\/logo-rassegna1.gif\",\"width\":600,\"height\":163,\"caption\":\"Rassegna Stampa Cattolica\"},\"image\":{\"@id\":\"https:\\\/\\\/www.rassegnastampa-totustuus.it\\\/cattolica\\\/#\\\/schema\\\/logo\\\/image\\\/\"},\"sameAs\":[\"https:\\\/\\\/www.facebook.com\\\/rassegnastampacattolica\",\"https:\\\/\\\/x.com\\\/rassegnastampa9\"]},{\"@type\":\"Person\",\"@id\":\"https:\\\/\\\/www.rassegnastampa-totustuus.it\\\/cattolica\\\/#\\\/schema\\\/person\\\/08f319d2bd1a0904ad9e2bfb7b15e5c3\",\"name\":\"Redazione\",\"image\":{\"@type\":\"ImageObject\",\"inLanguage\":\"it-IT\",\"@id\":\"https:\\\/\\\/secure.gravatar.com\\\/avatar\\\/2fcdf27c78ea025fbdb44e914cc63c72249ffec9dc8aafd5c82b26240ef3f346?s=96&d=mm&r=g\",\"url\":\"https:\\\/\\\/secure.gravatar.com\\\/avatar\\\/2fcdf27c78ea025fbdb44e914cc63c72249ffec9dc8aafd5c82b26240ef3f346?s=96&d=mm&r=g\",\"contentUrl\":\"https:\\\/\\\/secure.gravatar.com\\\/avatar\\\/2fcdf27c78ea025fbdb44e914cc63c72249ffec9dc8aafd5c82b26240ef3f346?s=96&d=mm&r=g\",\"caption\":\"Redazione\"},\"url\":\"https:\\\/\\\/www.rassegnastampa-totustuus.it\\\/cattolica\\\/author\\\/pietroelle\\\/\"}]}<\/script>\n<!-- \/ Yoast SEO plugin. -->","yoast_head_json":{"title":"L'UNICEF sponsorizza il &laquo;boia dei neonati&raquo; - Rassegna Stampa Cattolica","description":"Rassegna Stampa Cattolica - Per una cultura che nasce dalla Rivelazione cristiana in conformit\u00e0 alla tradizione e al Magistero della Chiesa in opposizione ad ogni relativismo e totalitarismo","robots":{"index":"index","follow":"follow","max-snippet":"max-snippet:-1","max-image-preview":"max-image-preview:large","max-video-preview":"max-video-preview:-1"},"canonical":"https:\/\/www.rassegnastampa-totustuus.it\/cattolica\/lunicef-sponsorizza-il-boia-dei-neonati\/","og_locale":"it_IT","og_type":"article","og_title":"L'UNICEF sponsorizza il &laquo;boia dei neonati&raquo; - Rassegna Stampa Cattolica","og_description":"Rassegna Stampa Cattolica - Per una cultura che nasce dalla Rivelazione cristiana in conformit\u00e0 alla tradizione e al Magistero della Chiesa in opposizione ad ogni relativismo e totalitarismo","og_url":"https:\/\/www.rassegnastampa-totustuus.it\/cattolica\/lunicef-sponsorizza-il-boia-dei-neonati\/","og_site_name":"Rassegna Stampa Cattolica","article_publisher":"https:\/\/www.facebook.com\/rassegnastampacattolica","article_published_time":"2011-06-29T15:52:36+00:00","article_modified_time":"2016-02-04T11:55:02+00:00","og_image":[{"width":275,"height":183,"url":"https:\/\/www.rassegnastampa-totustuus.it\/cattolica\/wp-content\/uploads\/2011\/06\/Peter-Singer.jpg","type":"image\/jpeg"}],"author":"Redazione","twitter_card":"summary_large_image","twitter_creator":"@rassegnastampa9","twitter_site":"@rassegnastampa9","twitter_misc":{"Scritto da":"Redazione","Tempo di lettura stimato":"6 minuti"},"schema":{"@context":"https:\/\/schema.org","@graph":[{"@type":"Article","@id":"https:\/\/www.rassegnastampa-totustuus.it\/cattolica\/lunicef-sponsorizza-il-boia-dei-neonati\/#article","isPartOf":{"@id":"https:\/\/www.rassegnastampa-totustuus.it\/cattolica\/lunicef-sponsorizza-il-boia-dei-neonati\/"},"author":{"name":"Redazione","@id":"https:\/\/www.rassegnastampa-totustuus.it\/cattolica\/#\/schema\/person\/08f319d2bd1a0904ad9e2bfb7b15e5c3"},"headline":"L&#8217;UNICEF sponsorizza il &laquo;boia dei neonati&raquo;","datePublished":"2011-06-29T15:52:36+00:00","dateModified":"2016-02-04T11:55:02+00:00","mainEntityOfPage":{"@id":"https:\/\/www.rassegnastampa-totustuus.it\/cattolica\/lunicef-sponsorizza-il-boia-dei-neonati\/"},"wordCount":1206,"publisher":{"@id":"https:\/\/www.rassegnastampa-totustuus.it\/cattolica\/#organization"},"image":{"@id":"https:\/\/www.rassegnastampa-totustuus.it\/cattolica\/lunicef-sponsorizza-il-boia-dei-neonati\/#primaryimage"},"thumbnailUrl":"https:\/\/www.rassegnastampa-totustuus.it\/cattolica\/wp-content\/uploads\/2011\/06\/Peter-Singer.jpg","keywords":["Unicef"],"articleSection":["Aborto","L&#39;ONU"],"inLanguage":"it-IT"},{"@type":"WebPage","@id":"https:\/\/www.rassegnastampa-totustuus.it\/cattolica\/lunicef-sponsorizza-il-boia-dei-neonati\/","url":"https:\/\/www.rassegnastampa-totustuus.it\/cattolica\/lunicef-sponsorizza-il-boia-dei-neonati\/","name":"L'UNICEF sponsorizza il &laquo;boia dei neonati&raquo; - Rassegna Stampa Cattolica","isPartOf":{"@id":"https:\/\/www.rassegnastampa-totustuus.it\/cattolica\/#website"},"primaryImageOfPage":{"@id":"https:\/\/www.rassegnastampa-totustuus.it\/cattolica\/lunicef-sponsorizza-il-boia-dei-neonati\/#primaryimage"},"image":{"@id":"https:\/\/www.rassegnastampa-totustuus.it\/cattolica\/lunicef-sponsorizza-il-boia-dei-neonati\/#primaryimage"},"thumbnailUrl":"https:\/\/www.rassegnastampa-totustuus.it\/cattolica\/wp-content\/uploads\/2011\/06\/Peter-Singer.jpg","datePublished":"2011-06-29T15:52:36+00:00","dateModified":"2016-02-04T11:55:02+00:00","description":"Rassegna Stampa Cattolica - Per una cultura che nasce dalla Rivelazione cristiana in conformit\u00e0 alla tradizione e al Magistero della Chiesa in opposizione ad ogni relativismo e totalitarismo","breadcrumb":{"@id":"https:\/\/www.rassegnastampa-totustuus.it\/cattolica\/lunicef-sponsorizza-il-boia-dei-neonati\/#breadcrumb"},"inLanguage":"it-IT","potentialAction":[{"@type":"ReadAction","target":["https:\/\/www.rassegnastampa-totustuus.it\/cattolica\/lunicef-sponsorizza-il-boia-dei-neonati\/"]}]},{"@type":"ImageObject","inLanguage":"it-IT","@id":"https:\/\/www.rassegnastampa-totustuus.it\/cattolica\/lunicef-sponsorizza-il-boia-dei-neonati\/#primaryimage","url":"https:\/\/www.rassegnastampa-totustuus.it\/cattolica\/wp-content\/uploads\/2011\/06\/Peter-Singer.jpg","contentUrl":"https:\/\/www.rassegnastampa-totustuus.it\/cattolica\/wp-content\/uploads\/2011\/06\/Peter-Singer.jpg","width":275,"height":183},{"@type":"BreadcrumbList","@id":"https:\/\/www.rassegnastampa-totustuus.it\/cattolica\/lunicef-sponsorizza-il-boia-dei-neonati\/#breadcrumb","itemListElement":[{"@type":"ListItem","position":1,"name":"Home","item":"https:\/\/www.rassegnastampa-totustuus.it\/cattolica\/"},{"@type":"ListItem","position":2,"name":"L&#8217;UNICEF sponsorizza il &laquo;boia dei neonati&raquo;"}]},{"@type":"WebSite","@id":"https:\/\/www.rassegnastampa-totustuus.it\/cattolica\/#website","url":"https:\/\/www.rassegnastampa-totustuus.it\/cattolica\/","name":"Rassegna Stampa Cattolica","description":"Per una cultura che nasce dalla Rivelazione cristiana in conformit\u00e0 alla tradizione e al Magistero della Chiesa in opposizione ad ogni relativismo e totalitarismo","publisher":{"@id":"https:\/\/www.rassegnastampa-totustuus.it\/cattolica\/#organization"},"alternateName":"Rass. Cattolica","potentialAction":[{"@type":"SearchAction","target":{"@type":"EntryPoint","urlTemplate":"https:\/\/www.rassegnastampa-totustuus.it\/cattolica\/?s={search_term_string}"},"query-input":{"@type":"PropertyValueSpecification","valueRequired":true,"valueName":"search_term_string"}}],"inLanguage":"it-IT"},{"@type":"Organization","@id":"https:\/\/www.rassegnastampa-totustuus.it\/cattolica\/#organization","name":"Rassegna Stampa Cattolica","url":"https:\/\/www.rassegnastampa-totustuus.it\/cattolica\/","logo":{"@type":"ImageObject","inLanguage":"it-IT","@id":"https:\/\/www.rassegnastampa-totustuus.it\/cattolica\/#\/schema\/logo\/image\/","url":"https:\/\/www.rassegnastampa-totustuus.it\/cattolica\/wp-content\/uploads\/2014\/04\/logo-rassegna1.gif","contentUrl":"https:\/\/www.rassegnastampa-totustuus.it\/cattolica\/wp-content\/uploads\/2014\/04\/logo-rassegna1.gif","width":600,"height":163,"caption":"Rassegna Stampa Cattolica"},"image":{"@id":"https:\/\/www.rassegnastampa-totustuus.it\/cattolica\/#\/schema\/logo\/image\/"},"sameAs":["https:\/\/www.facebook.com\/rassegnastampacattolica","https:\/\/x.com\/rassegnastampa9"]},{"@type":"Person","@id":"https:\/\/www.rassegnastampa-totustuus.it\/cattolica\/#\/schema\/person\/08f319d2bd1a0904ad9e2bfb7b15e5c3","name":"Redazione","image":{"@type":"ImageObject","inLanguage":"it-IT","@id":"https:\/\/secure.gravatar.com\/avatar\/2fcdf27c78ea025fbdb44e914cc63c72249ffec9dc8aafd5c82b26240ef3f346?s=96&d=mm&r=g","url":"https:\/\/secure.gravatar.com\/avatar\/2fcdf27c78ea025fbdb44e914cc63c72249ffec9dc8aafd5c82b26240ef3f346?s=96&d=mm&r=g","contentUrl":"https:\/\/secure.gravatar.com\/avatar\/2fcdf27c78ea025fbdb44e914cc63c72249ffec9dc8aafd5c82b26240ef3f346?s=96&d=mm&r=g","caption":"Redazione"},"url":"https:\/\/www.rassegnastampa-totustuus.it\/cattolica\/author\/pietroelle\/"}]}},"_links":{"self":[{"href":"https:\/\/www.rassegnastampa-totustuus.it\/cattolica\/wp-json\/wp\/v2\/posts\/4607","targetHints":{"allow":["GET"]}}],"collection":[{"href":"https:\/\/www.rassegnastampa-totustuus.it\/cattolica\/wp-json\/wp\/v2\/posts"}],"about":[{"href":"https:\/\/www.rassegnastampa-totustuus.it\/cattolica\/wp-json\/wp\/v2\/types\/post"}],"author":[{"embeddable":true,"href":"https:\/\/www.rassegnastampa-totustuus.it\/cattolica\/wp-json\/wp\/v2\/users\/6"}],"replies":[{"embeddable":true,"href":"https:\/\/www.rassegnastampa-totustuus.it\/cattolica\/wp-json\/wp\/v2\/comments?post=4607"}],"version-history":[{"count":4,"href":"https:\/\/www.rassegnastampa-totustuus.it\/cattolica\/wp-json\/wp\/v2\/posts\/4607\/revisions"}],"predecessor-version":[{"id":30274,"href":"https:\/\/www.rassegnastampa-totustuus.it\/cattolica\/wp-json\/wp\/v2\/posts\/4607\/revisions\/30274"}],"wp:featuredmedia":[{"embeddable":true,"href":"https:\/\/www.rassegnastampa-totustuus.it\/cattolica\/wp-json\/wp\/v2\/media\/30273"}],"wp:attachment":[{"href":"https:\/\/www.rassegnastampa-totustuus.it\/cattolica\/wp-json\/wp\/v2\/media?parent=4607"}],"wp:term":[{"taxonomy":"category","embeddable":true,"href":"https:\/\/www.rassegnastampa-totustuus.it\/cattolica\/wp-json\/wp\/v2\/categories?post=4607"},{"taxonomy":"post_tag","embeddable":true,"href":"https:\/\/www.rassegnastampa-totustuus.it\/cattolica\/wp-json\/wp\/v2\/tags?post=4607"}],"curies":[{"name":"wp","href":"https:\/\/api.w.org\/{rel}","templated":true}]}}