{"id":4606,"date":"2011-06-23T17:30:08","date_gmt":"2011-06-23T15:30:08","guid":{"rendered":""},"modified":"2015-11-13T13:30:42","modified_gmt":"2015-11-13T12:30:42","slug":"rifondare-la-destra-1-ripartiamo-dai-doveri","status":"publish","type":"post","link":"https:\/\/www.rassegnastampa-totustuus.it\/cattolica\/rifondare-la-destra-1-ripartiamo-dai-doveri\/","title":{"rendered":"Rifondare la destra \/1 Ripartiamo dai doveri"},"content":{"rendered":"<div style=\"text-align: center;\"><strong><a href=\"https:\/\/www.rassegnastampa-totustuus.it\/cattolica\/wp-content\/uploads\/2011\/06\/centrodestra.jpg\"><img loading=\"lazy\" decoding=\"async\" class=\"alignright wp-image-27742\" src=\"https:\/\/www.rassegnastampa-totustuus.it\/cattolica\/wp-content\/uploads\/2011\/06\/centrodestra.jpg\" alt=\"centrodestra\" width=\"200\" height=\"149\" \/><\/a>Libero<\/strong> 17 giugno 2011<\/div>\n<p style=\"text-align: justify;\"><em>Il dibattito di Libero: Langone: \u201cdifendere, conservare, pregare. Su questi tre pilastri, e non sui diritti, si rifonda la rinascita. Noi ci siamo, anche senza partiti<\/em><\/p>\n<p style=\"text-align: center;\"><strong>Camillo Langone<\/strong><\/p>\n<p><!--more--><\/p>\n<div style=\"text-align: justify;\">La destra ha un futuro, in questo crepuscolo del berlusconismo? Alessandro Campi, studioso di politica e consigliere di Gianfranco Fini al momento della fondazione di Futuro e Libert\u00e0 (alla storia il compito di dirci se la colpa (\u00e8 stata pi\u00f9 del consigliere o del consigliato), afferma che non ce l\u2019ha. Sarebbe facile rispondere che l\u2019avvenire pi\u00f9 in bilico \u00e8 proprio quello del Fli (perfino Campi se n\u2019\u00e8 accorto, dissociandosi recentemente), ma vorrei prenderla un po\u2019 pi\u00f9 alta.<\/div>\n<p style=\"text-align: justify;\">Anche perch\u00e9 la domanda sulle sorti della destra non \u00e8, una domanda da poco, non preoccupa solo finiani ed ex-finiani, ma angoscia tanti amici, tanti lettori avviliti dalle ripetute batoste subite dal governo. Io per\u00f2 non sono preoccupato pi\u00f9 di tanto e provo a spiegare i motivi. Innanzitutto perch\u00e9 nel Berlusconi IV tutta questa destra non ce la vedo. Non bisogna fermarsi alle apparenze, alle dichiarazioni.<\/p>\n<p style=\"text-align: justify;\">Mi piace quello che dice Daniela Santanch\u00e9, donna di destra dura e pura, per\u00f2 non mi sembra che il suo tardivo ingresso come sottosegretaria a-non-ho-capito-bene-che-cosa abbia spostato di un millimetro l\u2019azione (o l\u2019inazione) del governo. Mi sono quasi commosso quando Tremonti evoc\u00f2 con riverenza la triade Dio-Patria-Famiglia, ma, a parte che sono passati tre anni (non \u00e8 che nel frattempo ha cambiato idea?), il sistema fiscale continua a punire i genitori con prole e a far pagare due volte (con le tasse e con le rette) chi manda i figli nelle scuole cattoliche, le uniche capaci di insegnare ai pargoli non dico a vivere ma almeno a farsi il segno della croce.<\/p>\n<p style=\"text-align: justify;\">Ignazio La Russa ha indubbiamente la faccia feroce e in questo mondo di ladri \u00e8 uno dei pochi sinceri amici delle guardie, e in generale degli uomini in divisa, purtroppo il suo entusiasmo per l\u2019insensata guerra di Libia ci ha regalato sbarchi che contribuiscono alla islamizzazione d\u2019Italia. Potrei continuare a lungo questo elenco di parole senza fatti, o con fatti di segno contrario. Potrei anche completarlo citando alcuni personaggi (soprattutto personagge, e passatemi la licenza poetica) che nel governo di centro-destra fin dall\u2019inizio si sono comportate da quinte colonne, da infiltrate.<\/p>\n<p style=\"text-align: justify;\">Penso a Mara Carfagna che propugna una legge contro l\u2019omofobia, ovvero contro la libert\u00e0 di espressione e di giudizio, una legge che mette una spada di Damocle sopra l\u2019intero cristianesimo dalle prediche domenicali alla Bibbia, libro che i sodomiti li seppellisce sotto una pioggia di fuoco. Penso a Stefania Prestigiacomo che alle Pari Opportunit\u00e0 ha dato il suo zelante contributo alla distruzione della figura paterna e da quando governa l\u2019Ambiente non ha fatto nulla per smontare i miti sinistri del surriscaldamento globale, dell\u2019effetto serra, delle energie rinnovabili, anzi li ha fatti propri.<\/p>\n<p style=\"text-align: justify;\">Penso alla ministra Brambilla e alla sottosegretaria Martini, instancabili combattenti del pi\u00f9 fanatico animalismo, incrocio fra paganesimo e buddismo che mira a distruggere tradizioni antichissime e meravigliose come la caccia, il Palio di Siena, la pastissada de caval. Ecco perch\u00e9 non sono preoccupato oltremisura: di destra ne perdiamo davvero poca con la caduta prossima o lontana del governo Berlusconi.<\/p>\n<p style=\"text-align: justify;\">E che dire del centro-destra non governativo bens\u00ec amministrativo? Me la sa spiegare Campi la differenza tra una Polverini ansiosa di applaudire Lady Gaga e un Pisapia che appena insediatosi a Palazzo Marino ha pensato che per risolvere i problemi di Milano la cosa pi\u00f9 essenziale fosse patrocinare l\u2019Europride?<\/p>\n<p style=\"text-align: justify;\">Per non parlare di Alemanno, ambiguo come si pensava potessero essere solo certi democristiani, che forse non l\u2019ha capito nemmeno lui se voleva sostenere il sabba omosessualista oppure no. Sono d\u2019accordo, una destra simile non ha alcun futuro, se non altro perch\u00e9 nemmeno l\u2019elettore meglio disposto riesce ormai a identificarla, a distinguerla dalla sinistra.<\/p>\n<p style=\"text-align: justify;\">Ripeto per\u00f2 che su questa faccenda non ci sto perdendo il sonno perch\u00e9 l\u2019habitat naturale della destra \u00e8 sempre stato prepolitico, extrapolitico, metapolitico, incrociando solo occasionalmente i riti superstiziosi della democrazia (compresa la superstizione pi\u00f9 primitiva di tutte rappresentata dai referendum, istituto reso ostaggio delle plebi dalla sua natura brutalmente meccanica e numerica).<\/p>\n<p style=\"text-align: justify;\">La destra, la vera destra, \u00e8 divina, come scrisse Pasolini nella poesia in cui pochi giorni prima di morire si dimetteva da cattocomunista. Racchiuse un grande programma in un solo verso: \u00abDifendere, conservare, pregare\u00bb. Secondo me oggi la destra ha un futuro se ricorda di avere una funzione, e una funzione ce l\u2019ha eccome: in questo momento soltanto lei pu\u00f2 difendere l\u2019idea antinichilista che una societ\u00e0 sussiste solo basandosi sui doveri (verso i propri figli, i propri padri, la propria terra&#8230;), non sui diritti.<\/p>\n<p style=\"text-align: justify;\">Profetizzo quindi una stagione di battaglie ideali, durissime e bellissime. Di minoranza o di maggioranza? Non conta, perch\u00e9 \u00abla maggioranza non pu\u00f2 essere il principio ultimo, ci sono valori che nessuna maggioranza ha il diritto di abrogare\u00bb. (Joseph Ratzinger, Europa. I suoi fondamenti oggi e domani, 2004).<\/p>\n","protected":false},"excerpt":{"rendered":"<p>Libero 17 giugno 2011 Il dibattito di Libero: Langone: \u201cdifendere, conservare, pregare. Su questi tre pilastri, e non sui diritti, si rifonda la rinascita. Noi ci siamo, anche senza partiti Camillo Langone<\/p><p><a class=\"more-link btn\" href=\"https:\/\/www.rassegnastampa-totustuus.it\/cattolica\/rifondare-la-destra-1-ripartiamo-dai-doveri\/\">Continua a leggere<\/a><\/p>\n","protected":false},"author":6,"featured_media":27742,"comment_status":"closed","ping_status":"open","sticky":false,"template":"","format":"standard","meta":{"footnotes":""},"categories":[20],"tags":[750],"class_list":["post-4606","post","type-post","status-publish","format-standard","has-post-thumbnail","hentry","category-politica-nazionale","tag-destra","item-wrap"],"yoast_head":"<!-- This site is optimized with the Yoast SEO plugin v27.5 - https:\/\/yoast.com\/product\/yoast-seo-wordpress\/ -->\n<title>Rifondare la destra \/1 Ripartiamo dai doveri - Rassegna Stampa Cattolica<\/title>\n<meta name=\"description\" content=\"Rassegna Stampa Cattolica - Per una cultura che nasce dalla Rivelazione cristiana in conformit\u00e0 alla tradizione e al Magistero della Chiesa in opposizione ad ogni relativismo e totalitarismo\" \/>\n<meta name=\"robots\" content=\"index, follow, max-snippet:-1, max-image-preview:large, max-video-preview:-1\" \/>\n<link rel=\"canonical\" href=\"https:\/\/www.rassegnastampa-totustuus.it\/cattolica\/rifondare-la-destra-1-ripartiamo-dai-doveri\/\" \/>\n<meta property=\"og:locale\" content=\"it_IT\" \/>\n<meta property=\"og:type\" content=\"article\" \/>\n<meta property=\"og:title\" content=\"Rifondare la destra \/1 Ripartiamo dai doveri - Rassegna Stampa Cattolica\" \/>\n<meta property=\"og:description\" content=\"Rassegna Stampa Cattolica - Per una cultura che nasce dalla Rivelazione cristiana in conformit\u00e0 alla tradizione e al Magistero della Chiesa in opposizione ad ogni relativismo e totalitarismo\" \/>\n<meta property=\"og:url\" content=\"https:\/\/www.rassegnastampa-totustuus.it\/cattolica\/rifondare-la-destra-1-ripartiamo-dai-doveri\/\" \/>\n<meta property=\"og:site_name\" content=\"Rassegna Stampa Cattolica\" \/>\n<meta property=\"article:publisher\" content=\"https:\/\/www.facebook.com\/rassegnastampacattolica\" \/>\n<meta property=\"article:published_time\" content=\"2011-06-23T15:30:08+00:00\" \/>\n<meta property=\"article:modified_time\" content=\"2015-11-13T12:30:42+00:00\" \/>\n<meta property=\"og:image\" content=\"https:\/\/www.rassegnastampa-totustuus.it\/cattolica\/wp-content\/uploads\/2011\/06\/centrodestra.jpg\" \/>\n\t<meta property=\"og:image:width\" content=\"260\" \/>\n\t<meta property=\"og:image:height\" content=\"194\" \/>\n\t<meta property=\"og:image:type\" content=\"image\/jpeg\" \/>\n<meta name=\"author\" content=\"Redazione\" \/>\n<meta name=\"twitter:card\" content=\"summary_large_image\" \/>\n<meta name=\"twitter:creator\" content=\"@rassegnastampa9\" \/>\n<meta name=\"twitter:site\" content=\"@rassegnastampa9\" \/>\n<meta name=\"twitter:label1\" content=\"Scritto da\" \/>\n\t<meta name=\"twitter:data1\" content=\"Redazione\" \/>\n\t<meta name=\"twitter:label2\" content=\"Tempo di lettura stimato\" \/>\n\t<meta name=\"twitter:data2\" content=\"4 minuti\" \/>\n<script type=\"application\/ld+json\" class=\"yoast-schema-graph\">{\"@context\":\"https:\\\/\\\/schema.org\",\"@graph\":[{\"@type\":\"Article\",\"@id\":\"https:\\\/\\\/www.rassegnastampa-totustuus.it\\\/cattolica\\\/rifondare-la-destra-1-ripartiamo-dai-doveri\\\/#article\",\"isPartOf\":{\"@id\":\"https:\\\/\\\/www.rassegnastampa-totustuus.it\\\/cattolica\\\/rifondare-la-destra-1-ripartiamo-dai-doveri\\\/\"},\"author\":{\"name\":\"Redazione\",\"@id\":\"https:\\\/\\\/www.rassegnastampa-totustuus.it\\\/cattolica\\\/#\\\/schema\\\/person\\\/08f319d2bd1a0904ad9e2bfb7b15e5c3\"},\"headline\":\"Rifondare la destra \\\/1 Ripartiamo dai doveri\",\"datePublished\":\"2011-06-23T15:30:08+00:00\",\"dateModified\":\"2015-11-13T12:30:42+00:00\",\"mainEntityOfPage\":{\"@id\":\"https:\\\/\\\/www.rassegnastampa-totustuus.it\\\/cattolica\\\/rifondare-la-destra-1-ripartiamo-dai-doveri\\\/\"},\"wordCount\":830,\"publisher\":{\"@id\":\"https:\\\/\\\/www.rassegnastampa-totustuus.it\\\/cattolica\\\/#organization\"},\"image\":{\"@id\":\"https:\\\/\\\/www.rassegnastampa-totustuus.it\\\/cattolica\\\/rifondare-la-destra-1-ripartiamo-dai-doveri\\\/#primaryimage\"},\"thumbnailUrl\":\"https:\\\/\\\/www.rassegnastampa-totustuus.it\\\/cattolica\\\/wp-content\\\/uploads\\\/2011\\\/06\\\/centrodestra.jpg\",\"keywords\":[\"destra\"],\"articleSection\":[\"Politica nazionale\"],\"inLanguage\":\"it-IT\"},{\"@type\":\"WebPage\",\"@id\":\"https:\\\/\\\/www.rassegnastampa-totustuus.it\\\/cattolica\\\/rifondare-la-destra-1-ripartiamo-dai-doveri\\\/\",\"url\":\"https:\\\/\\\/www.rassegnastampa-totustuus.it\\\/cattolica\\\/rifondare-la-destra-1-ripartiamo-dai-doveri\\\/\",\"name\":\"Rifondare la destra \\\/1 Ripartiamo dai doveri - Rassegna Stampa Cattolica\",\"isPartOf\":{\"@id\":\"https:\\\/\\\/www.rassegnastampa-totustuus.it\\\/cattolica\\\/#website\"},\"primaryImageOfPage\":{\"@id\":\"https:\\\/\\\/www.rassegnastampa-totustuus.it\\\/cattolica\\\/rifondare-la-destra-1-ripartiamo-dai-doveri\\\/#primaryimage\"},\"image\":{\"@id\":\"https:\\\/\\\/www.rassegnastampa-totustuus.it\\\/cattolica\\\/rifondare-la-destra-1-ripartiamo-dai-doveri\\\/#primaryimage\"},\"thumbnailUrl\":\"https:\\\/\\\/www.rassegnastampa-totustuus.it\\\/cattolica\\\/wp-content\\\/uploads\\\/2011\\\/06\\\/centrodestra.jpg\",\"datePublished\":\"2011-06-23T15:30:08+00:00\",\"dateModified\":\"2015-11-13T12:30:42+00:00\",\"description\":\"Rassegna Stampa Cattolica - Per una cultura che nasce dalla Rivelazione cristiana in conformit\u00e0 alla tradizione e al Magistero della Chiesa in opposizione ad ogni relativismo e totalitarismo\",\"breadcrumb\":{\"@id\":\"https:\\\/\\\/www.rassegnastampa-totustuus.it\\\/cattolica\\\/rifondare-la-destra-1-ripartiamo-dai-doveri\\\/#breadcrumb\"},\"inLanguage\":\"it-IT\",\"potentialAction\":[{\"@type\":\"ReadAction\",\"target\":[\"https:\\\/\\\/www.rassegnastampa-totustuus.it\\\/cattolica\\\/rifondare-la-destra-1-ripartiamo-dai-doveri\\\/\"]}]},{\"@type\":\"ImageObject\",\"inLanguage\":\"it-IT\",\"@id\":\"https:\\\/\\\/www.rassegnastampa-totustuus.it\\\/cattolica\\\/rifondare-la-destra-1-ripartiamo-dai-doveri\\\/#primaryimage\",\"url\":\"https:\\\/\\\/www.rassegnastampa-totustuus.it\\\/cattolica\\\/wp-content\\\/uploads\\\/2011\\\/06\\\/centrodestra.jpg\",\"contentUrl\":\"https:\\\/\\\/www.rassegnastampa-totustuus.it\\\/cattolica\\\/wp-content\\\/uploads\\\/2011\\\/06\\\/centrodestra.jpg\",\"width\":260,\"height\":194},{\"@type\":\"BreadcrumbList\",\"@id\":\"https:\\\/\\\/www.rassegnastampa-totustuus.it\\\/cattolica\\\/rifondare-la-destra-1-ripartiamo-dai-doveri\\\/#breadcrumb\",\"itemListElement\":[{\"@type\":\"ListItem\",\"position\":1,\"name\":\"Home\",\"item\":\"https:\\\/\\\/www.rassegnastampa-totustuus.it\\\/cattolica\\\/\"},{\"@type\":\"ListItem\",\"position\":2,\"name\":\"Rifondare la destra \\\/1 Ripartiamo dai doveri\"}]},{\"@type\":\"WebSite\",\"@id\":\"https:\\\/\\\/www.rassegnastampa-totustuus.it\\\/cattolica\\\/#website\",\"url\":\"https:\\\/\\\/www.rassegnastampa-totustuus.it\\\/cattolica\\\/\",\"name\":\"Rassegna Stampa Cattolica\",\"description\":\"Per una cultura che nasce dalla Rivelazione cristiana in conformit\u00e0 alla tradizione e al Magistero della Chiesa in opposizione ad ogni relativismo e totalitarismo\",\"publisher\":{\"@id\":\"https:\\\/\\\/www.rassegnastampa-totustuus.it\\\/cattolica\\\/#organization\"},\"alternateName\":\"Rass. Cattolica\",\"potentialAction\":[{\"@type\":\"SearchAction\",\"target\":{\"@type\":\"EntryPoint\",\"urlTemplate\":\"https:\\\/\\\/www.rassegnastampa-totustuus.it\\\/cattolica\\\/?s={search_term_string}\"},\"query-input\":{\"@type\":\"PropertyValueSpecification\",\"valueRequired\":true,\"valueName\":\"search_term_string\"}}],\"inLanguage\":\"it-IT\"},{\"@type\":\"Organization\",\"@id\":\"https:\\\/\\\/www.rassegnastampa-totustuus.it\\\/cattolica\\\/#organization\",\"name\":\"Rassegna Stampa Cattolica\",\"url\":\"https:\\\/\\\/www.rassegnastampa-totustuus.it\\\/cattolica\\\/\",\"logo\":{\"@type\":\"ImageObject\",\"inLanguage\":\"it-IT\",\"@id\":\"https:\\\/\\\/www.rassegnastampa-totustuus.it\\\/cattolica\\\/#\\\/schema\\\/logo\\\/image\\\/\",\"url\":\"https:\\\/\\\/www.rassegnastampa-totustuus.it\\\/cattolica\\\/wp-content\\\/uploads\\\/2014\\\/04\\\/logo-rassegna1.gif\",\"contentUrl\":\"https:\\\/\\\/www.rassegnastampa-totustuus.it\\\/cattolica\\\/wp-content\\\/uploads\\\/2014\\\/04\\\/logo-rassegna1.gif\",\"width\":600,\"height\":163,\"caption\":\"Rassegna Stampa Cattolica\"},\"image\":{\"@id\":\"https:\\\/\\\/www.rassegnastampa-totustuus.it\\\/cattolica\\\/#\\\/schema\\\/logo\\\/image\\\/\"},\"sameAs\":[\"https:\\\/\\\/www.facebook.com\\\/rassegnastampacattolica\",\"https:\\\/\\\/x.com\\\/rassegnastampa9\"]},{\"@type\":\"Person\",\"@id\":\"https:\\\/\\\/www.rassegnastampa-totustuus.it\\\/cattolica\\\/#\\\/schema\\\/person\\\/08f319d2bd1a0904ad9e2bfb7b15e5c3\",\"name\":\"Redazione\",\"image\":{\"@type\":\"ImageObject\",\"inLanguage\":\"it-IT\",\"@id\":\"https:\\\/\\\/secure.gravatar.com\\\/avatar\\\/2fcdf27c78ea025fbdb44e914cc63c72249ffec9dc8aafd5c82b26240ef3f346?s=96&d=mm&r=g\",\"url\":\"https:\\\/\\\/secure.gravatar.com\\\/avatar\\\/2fcdf27c78ea025fbdb44e914cc63c72249ffec9dc8aafd5c82b26240ef3f346?s=96&d=mm&r=g\",\"contentUrl\":\"https:\\\/\\\/secure.gravatar.com\\\/avatar\\\/2fcdf27c78ea025fbdb44e914cc63c72249ffec9dc8aafd5c82b26240ef3f346?s=96&d=mm&r=g\",\"caption\":\"Redazione\"},\"url\":\"https:\\\/\\\/www.rassegnastampa-totustuus.it\\\/cattolica\\\/author\\\/pietroelle\\\/\"}]}<\/script>\n<!-- \/ Yoast SEO plugin. -->","yoast_head_json":{"title":"Rifondare la destra \/1 Ripartiamo dai doveri - Rassegna Stampa Cattolica","description":"Rassegna Stampa Cattolica - Per una cultura che nasce dalla Rivelazione cristiana in conformit\u00e0 alla tradizione e al Magistero della Chiesa in opposizione ad ogni relativismo e totalitarismo","robots":{"index":"index","follow":"follow","max-snippet":"max-snippet:-1","max-image-preview":"max-image-preview:large","max-video-preview":"max-video-preview:-1"},"canonical":"https:\/\/www.rassegnastampa-totustuus.it\/cattolica\/rifondare-la-destra-1-ripartiamo-dai-doveri\/","og_locale":"it_IT","og_type":"article","og_title":"Rifondare la destra \/1 Ripartiamo dai doveri - Rassegna Stampa Cattolica","og_description":"Rassegna Stampa Cattolica - Per una cultura che nasce dalla Rivelazione cristiana in conformit\u00e0 alla tradizione e al Magistero della Chiesa in opposizione ad ogni relativismo e totalitarismo","og_url":"https:\/\/www.rassegnastampa-totustuus.it\/cattolica\/rifondare-la-destra-1-ripartiamo-dai-doveri\/","og_site_name":"Rassegna Stampa Cattolica","article_publisher":"https:\/\/www.facebook.com\/rassegnastampacattolica","article_published_time":"2011-06-23T15:30:08+00:00","article_modified_time":"2015-11-13T12:30:42+00:00","og_image":[{"width":260,"height":194,"url":"https:\/\/www.rassegnastampa-totustuus.it\/cattolica\/wp-content\/uploads\/2011\/06\/centrodestra.jpg","type":"image\/jpeg"}],"author":"Redazione","twitter_card":"summary_large_image","twitter_creator":"@rassegnastampa9","twitter_site":"@rassegnastampa9","twitter_misc":{"Scritto da":"Redazione","Tempo di lettura stimato":"4 minuti"},"schema":{"@context":"https:\/\/schema.org","@graph":[{"@type":"Article","@id":"https:\/\/www.rassegnastampa-totustuus.it\/cattolica\/rifondare-la-destra-1-ripartiamo-dai-doveri\/#article","isPartOf":{"@id":"https:\/\/www.rassegnastampa-totustuus.it\/cattolica\/rifondare-la-destra-1-ripartiamo-dai-doveri\/"},"author":{"name":"Redazione","@id":"https:\/\/www.rassegnastampa-totustuus.it\/cattolica\/#\/schema\/person\/08f319d2bd1a0904ad9e2bfb7b15e5c3"},"headline":"Rifondare la destra \/1 Ripartiamo dai doveri","datePublished":"2011-06-23T15:30:08+00:00","dateModified":"2015-11-13T12:30:42+00:00","mainEntityOfPage":{"@id":"https:\/\/www.rassegnastampa-totustuus.it\/cattolica\/rifondare-la-destra-1-ripartiamo-dai-doveri\/"},"wordCount":830,"publisher":{"@id":"https:\/\/www.rassegnastampa-totustuus.it\/cattolica\/#organization"},"image":{"@id":"https:\/\/www.rassegnastampa-totustuus.it\/cattolica\/rifondare-la-destra-1-ripartiamo-dai-doveri\/#primaryimage"},"thumbnailUrl":"https:\/\/www.rassegnastampa-totustuus.it\/cattolica\/wp-content\/uploads\/2011\/06\/centrodestra.jpg","keywords":["destra"],"articleSection":["Politica nazionale"],"inLanguage":"it-IT"},{"@type":"WebPage","@id":"https:\/\/www.rassegnastampa-totustuus.it\/cattolica\/rifondare-la-destra-1-ripartiamo-dai-doveri\/","url":"https:\/\/www.rassegnastampa-totustuus.it\/cattolica\/rifondare-la-destra-1-ripartiamo-dai-doveri\/","name":"Rifondare la destra \/1 Ripartiamo dai doveri - Rassegna Stampa Cattolica","isPartOf":{"@id":"https:\/\/www.rassegnastampa-totustuus.it\/cattolica\/#website"},"primaryImageOfPage":{"@id":"https:\/\/www.rassegnastampa-totustuus.it\/cattolica\/rifondare-la-destra-1-ripartiamo-dai-doveri\/#primaryimage"},"image":{"@id":"https:\/\/www.rassegnastampa-totustuus.it\/cattolica\/rifondare-la-destra-1-ripartiamo-dai-doveri\/#primaryimage"},"thumbnailUrl":"https:\/\/www.rassegnastampa-totustuus.it\/cattolica\/wp-content\/uploads\/2011\/06\/centrodestra.jpg","datePublished":"2011-06-23T15:30:08+00:00","dateModified":"2015-11-13T12:30:42+00:00","description":"Rassegna Stampa Cattolica - Per una cultura che nasce dalla Rivelazione cristiana in conformit\u00e0 alla tradizione e al Magistero della Chiesa in opposizione ad ogni relativismo e totalitarismo","breadcrumb":{"@id":"https:\/\/www.rassegnastampa-totustuus.it\/cattolica\/rifondare-la-destra-1-ripartiamo-dai-doveri\/#breadcrumb"},"inLanguage":"it-IT","potentialAction":[{"@type":"ReadAction","target":["https:\/\/www.rassegnastampa-totustuus.it\/cattolica\/rifondare-la-destra-1-ripartiamo-dai-doveri\/"]}]},{"@type":"ImageObject","inLanguage":"it-IT","@id":"https:\/\/www.rassegnastampa-totustuus.it\/cattolica\/rifondare-la-destra-1-ripartiamo-dai-doveri\/#primaryimage","url":"https:\/\/www.rassegnastampa-totustuus.it\/cattolica\/wp-content\/uploads\/2011\/06\/centrodestra.jpg","contentUrl":"https:\/\/www.rassegnastampa-totustuus.it\/cattolica\/wp-content\/uploads\/2011\/06\/centrodestra.jpg","width":260,"height":194},{"@type":"BreadcrumbList","@id":"https:\/\/www.rassegnastampa-totustuus.it\/cattolica\/rifondare-la-destra-1-ripartiamo-dai-doveri\/#breadcrumb","itemListElement":[{"@type":"ListItem","position":1,"name":"Home","item":"https:\/\/www.rassegnastampa-totustuus.it\/cattolica\/"},{"@type":"ListItem","position":2,"name":"Rifondare la destra \/1 Ripartiamo dai doveri"}]},{"@type":"WebSite","@id":"https:\/\/www.rassegnastampa-totustuus.it\/cattolica\/#website","url":"https:\/\/www.rassegnastampa-totustuus.it\/cattolica\/","name":"Rassegna Stampa Cattolica","description":"Per una cultura che nasce dalla Rivelazione cristiana in conformit\u00e0 alla tradizione e al Magistero della Chiesa in opposizione ad ogni relativismo e totalitarismo","publisher":{"@id":"https:\/\/www.rassegnastampa-totustuus.it\/cattolica\/#organization"},"alternateName":"Rass. Cattolica","potentialAction":[{"@type":"SearchAction","target":{"@type":"EntryPoint","urlTemplate":"https:\/\/www.rassegnastampa-totustuus.it\/cattolica\/?s={search_term_string}"},"query-input":{"@type":"PropertyValueSpecification","valueRequired":true,"valueName":"search_term_string"}}],"inLanguage":"it-IT"},{"@type":"Organization","@id":"https:\/\/www.rassegnastampa-totustuus.it\/cattolica\/#organization","name":"Rassegna Stampa Cattolica","url":"https:\/\/www.rassegnastampa-totustuus.it\/cattolica\/","logo":{"@type":"ImageObject","inLanguage":"it-IT","@id":"https:\/\/www.rassegnastampa-totustuus.it\/cattolica\/#\/schema\/logo\/image\/","url":"https:\/\/www.rassegnastampa-totustuus.it\/cattolica\/wp-content\/uploads\/2014\/04\/logo-rassegna1.gif","contentUrl":"https:\/\/www.rassegnastampa-totustuus.it\/cattolica\/wp-content\/uploads\/2014\/04\/logo-rassegna1.gif","width":600,"height":163,"caption":"Rassegna Stampa Cattolica"},"image":{"@id":"https:\/\/www.rassegnastampa-totustuus.it\/cattolica\/#\/schema\/logo\/image\/"},"sameAs":["https:\/\/www.facebook.com\/rassegnastampacattolica","https:\/\/x.com\/rassegnastampa9"]},{"@type":"Person","@id":"https:\/\/www.rassegnastampa-totustuus.it\/cattolica\/#\/schema\/person\/08f319d2bd1a0904ad9e2bfb7b15e5c3","name":"Redazione","image":{"@type":"ImageObject","inLanguage":"it-IT","@id":"https:\/\/secure.gravatar.com\/avatar\/2fcdf27c78ea025fbdb44e914cc63c72249ffec9dc8aafd5c82b26240ef3f346?s=96&d=mm&r=g","url":"https:\/\/secure.gravatar.com\/avatar\/2fcdf27c78ea025fbdb44e914cc63c72249ffec9dc8aafd5c82b26240ef3f346?s=96&d=mm&r=g","contentUrl":"https:\/\/secure.gravatar.com\/avatar\/2fcdf27c78ea025fbdb44e914cc63c72249ffec9dc8aafd5c82b26240ef3f346?s=96&d=mm&r=g","caption":"Redazione"},"url":"https:\/\/www.rassegnastampa-totustuus.it\/cattolica\/author\/pietroelle\/"}]}},"_links":{"self":[{"href":"https:\/\/www.rassegnastampa-totustuus.it\/cattolica\/wp-json\/wp\/v2\/posts\/4606","targetHints":{"allow":["GET"]}}],"collection":[{"href":"https:\/\/www.rassegnastampa-totustuus.it\/cattolica\/wp-json\/wp\/v2\/posts"}],"about":[{"href":"https:\/\/www.rassegnastampa-totustuus.it\/cattolica\/wp-json\/wp\/v2\/types\/post"}],"author":[{"embeddable":true,"href":"https:\/\/www.rassegnastampa-totustuus.it\/cattolica\/wp-json\/wp\/v2\/users\/6"}],"replies":[{"embeddable":true,"href":"https:\/\/www.rassegnastampa-totustuus.it\/cattolica\/wp-json\/wp\/v2\/comments?post=4606"}],"version-history":[{"count":4,"href":"https:\/\/www.rassegnastampa-totustuus.it\/cattolica\/wp-json\/wp\/v2\/posts\/4606\/revisions"}],"predecessor-version":[{"id":27743,"href":"https:\/\/www.rassegnastampa-totustuus.it\/cattolica\/wp-json\/wp\/v2\/posts\/4606\/revisions\/27743"}],"wp:featuredmedia":[{"embeddable":true,"href":"https:\/\/www.rassegnastampa-totustuus.it\/cattolica\/wp-json\/wp\/v2\/media\/27742"}],"wp:attachment":[{"href":"https:\/\/www.rassegnastampa-totustuus.it\/cattolica\/wp-json\/wp\/v2\/media?parent=4606"}],"wp:term":[{"taxonomy":"category","embeddable":true,"href":"https:\/\/www.rassegnastampa-totustuus.it\/cattolica\/wp-json\/wp\/v2\/categories?post=4606"},{"taxonomy":"post_tag","embeddable":true,"href":"https:\/\/www.rassegnastampa-totustuus.it\/cattolica\/wp-json\/wp\/v2\/tags?post=4606"}],"curies":[{"name":"wp","href":"https:\/\/api.w.org\/{rel}","templated":true}]}}