{"id":45979,"date":"2020-01-16T00:00:36","date_gmt":"2020-01-15T23:00:36","guid":{"rendered":"http:\/\/www.rassegnastampa-totustuus.it\/cattolica\/?p=45979"},"modified":"2020-01-16T08:14:13","modified_gmt":"2020-01-16T07:14:13","slug":"sir-roger-scruton-buslingthorpe-1944-2020","status":"publish","type":"post","link":"https:\/\/www.rassegnastampa-totustuus.it\/cattolica\/sir-roger-scruton-buslingthorpe-1944-2020\/","title":{"rendered":"Sir Roger Scruton &#8211; Buslingthorpe, 1944 \u2013 2020"},"content":{"rendered":"<p style=\"text-align: center;\"><strong><a href=\"https:\/\/www.rassegnastampa-totustuus.it\/cattolica\/wp-content\/uploads\/2010\/03\/Roger_Scruton.jpg\"><img loading=\"lazy\" decoding=\"async\" class=\"size-full wp-image-29619 alignleft\" src=\"https:\/\/www.rassegnastampa-totustuus.it\/cattolica\/wp-content\/uploads\/2010\/03\/Roger_Scruton.jpg\" alt=\"\" width=\"231\" height=\"219\" \/><\/a>Alleanza Cattolica<\/strong><\/p>\n<p style=\"text-align: center;\">14 Gennaio 2020 <strong>\u00a0<\/strong><\/p>\n<p style=\"text-align: center;\">di <strong>Oscar Sanguinetti<\/strong><\/p>\n<p style=\"text-align: justify;\">Il 12 gennaio scorso ha concluso la sua ultima battaglia contro il male\u00a0<em>sir<\/em>\u00a0Roger Scruton.<\/p>\n<p><!--more--><\/p>\n<p style=\"text-align: justify;\">Nella sua non breve vita ne aveva combattute tantissime: battaglie contro le cattive idee che minacciavano le \u201ccose buone\u201d che ogni conservatore riceve dal passato e si sente in dovere di trasmettere alle generazioni future; battaglie contro il comunismo nell\u2019Europa orientale; battaglie contro l\u2019ostracismo\u00a0della cultura liberal-socialista dominante nel suo Paese e nel mondo; battaglie contro la sbagliata acquiescenza verso l\u2019islamismo imperialistico; battaglie per una vita meno brutta, in cui tornassero i buoni sapori, il giusto spazio per gli animali, per i vini e per la musica classica.<\/p>\n<p style=\"text-align: justify;\"><a href=\"https:\/\/www.rassegnastampa-totustuus.it\/cattolica\/wp-content\/uploads\/2019\/04\/politicamente-corretto.jpg\"><img loading=\"lazy\" decoding=\"async\" class=\" wp-image-42816 alignright\" src=\"https:\/\/www.rassegnastampa-totustuus.it\/cattolica\/wp-content\/uploads\/2019\/04\/politicamente-corretto-300x200.jpg\" alt=\"\" width=\"251\" height=\"167\" srcset=\"https:\/\/www.rassegnastampa-totustuus.it\/cattolica\/wp-content\/uploads\/2019\/04\/politicamente-corretto-300x200.jpg 300w, https:\/\/www.rassegnastampa-totustuus.it\/cattolica\/wp-content\/uploads\/2019\/04\/politicamente-corretto-768x512.jpg 768w, https:\/\/www.rassegnastampa-totustuus.it\/cattolica\/wp-content\/uploads\/2019\/04\/politicamente-corretto-1024x682.jpg 1024w, https:\/\/www.rassegnastampa-totustuus.it\/cattolica\/wp-content\/uploads\/2019\/04\/politicamente-corretto.jpg 1600w\" sizes=\"auto, (max-width: 251px) 100vw, 251px\" \/><\/a>Non sempre aveva vinto: anzi pi\u00f9 spesso aveva perso: ma sempre confondendo l\u2019avversario con la franca esposizione delle sue tesi controcorrente. Questa sua militanza nella \u201cbattaglia delle idee\u201d e il fatto di aver combattuto con una strumentazione culturale originale e altamente raffinata, che si era forgiato in una vita intrisa di studio e di riflessione, avevano fatto di lui un campione, un vessillo per tutti coloro che condividevano un <em>idem sentire<\/em> con lui.<\/p>\n<p style=\"text-align: justify;\">Non era un deduttivo, n\u00e9 un confessionale: figlio legittimo dell\u2019empirismo inglese aveva tratto la giustificazione delle sue posizioni filosofiche e politiche conservatrici soprattutto dall\u2019osservazione della realt\u00e0 e da una riflessione profonda e spregiudicata, alimentata alla pi\u00f9 genuina tradizione del pensiero conservatore anglosassone, su di essa.<\/p>\n<p style=\"text-align: justify;\"><a href=\"https:\/\/www.rassegnastampa-totustuus.it\/cattolica\/wp-content\/uploads\/2018\/11\/Brexit_Inghilterra.jpg\"><img loading=\"lazy\" decoding=\"async\" class=\" wp-image-41481 alignleft\" src=\"https:\/\/www.rassegnastampa-totustuus.it\/cattolica\/wp-content\/uploads\/2018\/11\/Brexit_Inghilterra-300x168.jpg\" alt=\"\" width=\"248\" height=\"139\" \/><\/a>Sia questa tradizione, sia la sopravvivenza di corposi brandelli del mondo \u201cdi antico regime\u201d nel suo Paese a dispetto delle ripetute ondate di socialismo, gli hanno senza dubbio facilitato il compito. Scruton non era un conservatore \u201cideologico\u201d, n\u00e9 un neo-conservatore, ossia un progressista convertito, come molti nell\u2019anglosfera: era conservatore fin dagli anni dell\u2019universit\u00e0, vissuti nella temperie del Sessantotto.<\/p>\n<p style=\"text-align: justify;\">Dall\u2019osservazione del reale Scruton ricavava la netta impressione che l\u2019Inghilterra, l\u2019Europa, il mondo occidentale stessero dissipando un capitale plurisecolare di buoni principi, di tradizioni, di realt\u00e0 anche materiali che li stava impoverendo e che fossero immersi in una crisi dalla quale non si sarebbe mai risollevati senza lasciarsi \u201caggredire dalla realt\u00e0\u201d.<\/p>\n<p style=\"text-align: justify;\"><a href=\"https:\/\/www.rassegnastampa-totustuus.it\/cattolica\/wp-content\/uploads\/2019\/03\/Islam_Europa.jpg\"><img loading=\"lazy\" decoding=\"async\" class=\" wp-image-42581 alignright\" src=\"https:\/\/www.rassegnastampa-totustuus.it\/cattolica\/wp-content\/uploads\/2019\/03\/Islam_Europa-300x196.jpg\" alt=\"\" width=\"269\" height=\"176\" srcset=\"https:\/\/www.rassegnastampa-totustuus.it\/cattolica\/wp-content\/uploads\/2019\/03\/Islam_Europa-300x196.jpg 300w, https:\/\/www.rassegnastampa-totustuus.it\/cattolica\/wp-content\/uploads\/2019\/03\/Islam_Europa-768x501.jpg 768w, https:\/\/www.rassegnastampa-totustuus.it\/cattolica\/wp-content\/uploads\/2019\/03\/Islam_Europa-1024x668.jpg 1024w, https:\/\/www.rassegnastampa-totustuus.it\/cattolica\/wp-content\/uploads\/2019\/03\/Islam_Europa.jpg 2000w\" sizes=\"auto, (max-width: 269px) 100vw, 269px\" \/><\/a>Senza riscoprire cio\u00e8 il senso dei legami collettivi e della\u00a0<em>privacy<\/em>\u00a0\u2014 cos\u00ec vivo ancora nella tradizione anglosassone meno \u201clavorata\u201d dallo statalismo hegeliano e marxista rispetto ad altri Paesi \u2014; senza una gelosa difesa della propriet\u00e0 privata; senza ricostruire il senso di responsabilit\u00e0 verso le generazioni passate e quelle a venire, nonch\u00e9 verso i propri contemporanei; senza attuare la regolamentazione e la selettivit\u00e0 dell\u2019accoglienza agl\u2019immigrati; senza tornare a un corretto, ossia finalizzato, uso dell\u2019<em>eros<\/em>\u00a0e del sesso; senza dare spazio pubblico al dato religioso e una giusta disciplina ai culti dei sopravvenienti; senza rafforzare l\u2019importanza del bello in ogni forma espressiva, dall\u2019architettura al vestire; senza ricreare un corretto rapporto con gli animali domestici \u2014 il cane, il gatto, il cavallo \u2014 e con la natura e il paesaggio, la riconquista dell\u2019identit\u00e0 nazionale in senso culturale, il destino dell\u2019Occidente gli sembrava segnato.<\/p>\n<p style=\"text-align: justify;\"><a href=\"https:\/\/www.rassegnastampa-totustuus.it\/cattolica\/wp-content\/uploads\/2005\/07\/Edmund-Burke.jpg\"><img loading=\"lazy\" decoding=\"async\" class=\"size-full wp-image-28103 alignleft\" src=\"https:\/\/www.rassegnastampa-totustuus.it\/cattolica\/wp-content\/uploads\/2005\/07\/Edmund-Burke.jpg\" alt=\"\" width=\"225\" height=\"225\" srcset=\"https:\/\/www.rassegnastampa-totustuus.it\/cattolica\/wp-content\/uploads\/2005\/07\/Edmund-Burke.jpg 225w, https:\/\/www.rassegnastampa-totustuus.it\/cattolica\/wp-content\/uploads\/2005\/07\/Edmund-Burke-150x150.jpg 150w\" sizes=\"auto, (max-width: 225px) 100vw, 225px\" \/><\/a>I <em>Leitmotiv<\/em> del suo pensiero di discepolo tardo-novecentesco di Edmund Burke (1729-1797) si possono ridurre a tre. Il primo, la credenza che vi siano nella tradizione \u201ccose buone\u201d, che vale la pena di conservare \u2014 o, almeno, di valutare criticamente prima di disfarsene \u2014; quindi, la societ\u00e0 \u00e8 un organismo, in cui sono presenti i viventi, le spesso corpose vestigia di coloro che sono vissuti prima e i diritti virtuali di chi ancora deve nascere; infine, la comunit\u00e0 politica per essere tale deve prima essere comunit\u00e0: il potere politico viene dopo la societ\u00e0 , essendone una emanazione, e non pu\u00f2 imporre a una realt\u00e0 creatasi spontaneamente nella storia nulla che non sia in perfetta linea con le tradizioni e i <em>desiderata<\/em> di questa. Ispirato da questo <em>background<\/em> culturale, <a href=\"https:\/\/www.rassegnastampa-totustuus.it\/cattolica\/wp-content\/uploads\/2019\/11\/gender_gay_arcobaleno.jpg\"><img loading=\"lazy\" decoding=\"async\" class=\" wp-image-45018 alignright\" src=\"https:\/\/www.rassegnastampa-totustuus.it\/cattolica\/wp-content\/uploads\/2019\/11\/gender_gay_arcobaleno-300x169.jpg\" alt=\"\" width=\"264\" height=\"149\" srcset=\"https:\/\/www.rassegnastampa-totustuus.it\/cattolica\/wp-content\/uploads\/2019\/11\/gender_gay_arcobaleno-300x169.jpg 300w, https:\/\/www.rassegnastampa-totustuus.it\/cattolica\/wp-content\/uploads\/2019\/11\/gender_gay_arcobaleno-768x432.jpg 768w, https:\/\/www.rassegnastampa-totustuus.it\/cattolica\/wp-content\/uploads\/2019\/11\/gender_gay_arcobaleno-1024x576.jpg 1024w, https:\/\/www.rassegnastampa-totustuus.it\/cattolica\/wp-content\/uploads\/2019\/11\/gender_gay_arcobaleno.jpg 1280w\" sizes=\"auto, (max-width: 264px) 100vw, 264px\" \/><\/a>Scruton ha contrattaccato per tutta la vita, con la penna, con la parola, con l\u2019immagine, contro il <em>politically correct<\/em>: contro l\u2019ugualitarismo, contro il femminismo, contro il pacifismo, contro lo strapotere dell\u2019alta finanza apatride; contro il terzomondismo; contro il multiculturalismo, contro l\u2019omosessualismo, contro l\u2019animalismo, contro <a href=\"https:\/\/www.rassegnastampa-totustuus.it\/cattolica\/wp-content\/uploads\/2011\/07\/animalismo.jpg\"><img loading=\"lazy\" decoding=\"async\" class=\"wp-image-22668 alignleft\" src=\"https:\/\/www.rassegnastampa-totustuus.it\/cattolica\/wp-content\/uploads\/2011\/07\/animalismo.jpg\" alt=\"\" width=\"199\" height=\"160\" \/><\/a>l\u2019immigrazionismo, contro la cattiva globalizzazione \u2014 in uno dei suoi ultimi\u00a0<em>tweet<\/em>\u00a0aveva scritto: <em>\u00abSe si domanda perch\u00e9 concetti quali comunit\u00e0, luogo e appartenenza all\u2019improvviso sono giunti a occupare un posto centrale nella politica <\/em>[\u00e8 perch\u00e9] <em>questi aspetti della condizione umana sono tutti minacciati. E la minaccia ha una sola origine: la globalizzazione\u00bb<\/em> (18-11-2019) \u2014 e contro il <em>gender<\/em>.<\/p>\n<p style=\"text-align: justify;\">Certo, non tutte le sue fonti d\u2019ispirazione intellettuale o le sue scelte di autori sono condivisibili per un conservatore italiano, per esempio, l\u2019apologia del ruolo \u201cdefilato\u201d e consolatorio della Chiesa di Stato inglese o la predilezione per l\u2019estetica dei filosofi idealisti tedeschi del primo Ottocento lasciano alquanto perplessi.<\/p>\n<p style=\"text-align: justify;\"><a href=\"https:\/\/www.rassegnastampa-totustuus.it\/cattolica\/wp-content\/uploads\/2005\/06\/No_global.jpg\"><img loading=\"lazy\" decoding=\"async\" class=\"size-full wp-image-33052 alignright\" src=\"https:\/\/www.rassegnastampa-totustuus.it\/cattolica\/wp-content\/uploads\/2005\/06\/No_global.jpg\" alt=\"\" width=\"184\" height=\"180\" \/><\/a>Cos\u00ec pure la sua recente giustificazione \u2014 anche se fra le righe \u2014 del suicidio come ultimo\u00a0<em>beau geste<\/em>\u00a0dell\u2019uomo libero non pu\u00f2 essere accettata. E questo \u00e8 dovuto anche al fatto che, specialmente in campo politico, si avverte in lui l\u2019assenza dell\u2019impronta che tutta la pi\u00f9 salda tradizione aristotelico-tomistica, della filosofia dell\u2019essere e del senso comune, ha lasciato sul conservatorismo continentale.<\/p>\n<p style=\"text-align: justify;\">Nell\u2019introdurre l\u2019edizione italiana di un suo volume scrivevo:\u00a0<em>\u00abPare quasi che l\u2019essenza del conservatorismo per Scruton si esplichi nel fungere da<\/em>\u00a0kat\u00e9chon<em>, da fattore inibitore, di rallentamento e di rettificazione, dello sviluppo ineluttabile e tendenzialmente deviante verso il male e il caos \u2014 \u00e8 altres\u00ec fattore di incremento di quella entropia sociale che egli denuncia \u2014 della modernit\u00e0 politica e sociale post-illuministica. Ma un\u2019accezione cos\u00ec \u201cridotta\u201d rischia di far perdere di vista o di far sottovalutare l\u2019aspetto costruttivo o ricostruttivo \u2014 che non \u00e8 mai da eliminare dagli obiettivi dei conservatori, che ne diagnosticano necessariamente e amaramente il costante allontanamento nel tempo \u2014 di un sano conservatorismo\u00bb<\/em>.<\/p>\n<p style=\"text-align: justify;\"><a href=\"https:\/\/www.rassegnastampa-totustuus.it\/cattolica\/wp-content\/uploads\/2016\/03\/conservatori.jpg\"><img loading=\"lazy\" decoding=\"async\" class=\"size-full wp-image-31986 alignleft\" src=\"https:\/\/www.rassegnastampa-totustuus.it\/cattolica\/wp-content\/uploads\/2016\/03\/conservatori.jpg\" alt=\"\" width=\"259\" height=\"194\" \/><\/a>Ma il \u201cgrosso\u201d del suo armamentario teorico trova ampia consonanza con quello conservatore di estrazione latina. Di questo poliedrico ed eclettico filosofo, giornalista, romanziere, docente, politico, melologo, inglese sono rimasti celebri \u2014 perch\u00e9 in pi\u00f9 violento contrasto con i dogmi del moderno contemporaneo \u2014 l\u2019apologia della caccia e della caccia alla volpe, in particolare; l\u2019apologia del buon bere; la difesa del diritto di fumare.<\/p>\n<p style=\"text-align: justify;\"><em>Sir<\/em> Roger Vernon Scruton era nato a Buslingthorpe, nel Lincolnshire, nel 1944, e cresciuto a Marlow e a High Wycombe, nel Buckingamshire, una graziosa contea a una cinquantina di chilometri da Londra, lungo il Tamigi. Il padre John, di Manchester, e la madre Cheryl, cristiani non praticanti, avevano allevato Roger e le sue due sorelle Elizabeth e Andrea in un clima di valori umani e di buon senso, anche se poco religioso. Il padre, di umili origini, era socialista.<\/p>\n<p style=\"text-align: justify;\"><a href=\"https:\/\/www.rassegnastampa-totustuus.it\/cattolica\/wp-content\/uploads\/2009\/01\/Londra.jpg\"><img loading=\"lazy\" decoding=\"async\" class=\"size-full wp-image-31889 alignright\" src=\"https:\/\/www.rassegnastampa-totustuus.it\/cattolica\/wp-content\/uploads\/2009\/01\/Londra.jpg\" alt=\"\" width=\"259\" height=\"194\" \/><\/a>Laureatosi a Cambridge, abilitato all\u2019avvocatura, Scruton si era sposato una prima volta con l\u2019insegnante francese Danielle Laffitte nel 1973, ma aveva divorziato nel 1979. Aveva vissuto fra Londra, la Francia, Praga e gli Stati Uniti. Nel 1993, tornato in patria, aveva acquistato una fattoria a Brinkworth nel Wiltshire nel sud dell\u2019Inghilterra, dove allevava cavalli.<\/p>\n<p style=\"text-align: justify;\">Nel 1996 si era risposato \u2014 con Sophie Jeffreys, storica dell\u2019architettura, da cui aveva avuto due figli, Samuel (1998) e Lucy (2000) \u2014 e con lei aveva continuato a vivere in campagna; frequentava la locale parrocchia anglicana, dove era anche organista; tre anni fa era stato insignito del titolo di baronetto.<\/p>\n<p style=\"text-align: justify;\"><a href=\"https:\/\/www.rassegnastampa-totustuus.it\/cattolica\/wp-content\/uploads\/2020\/01\/Scruton_cover.jpg\"><img loading=\"lazy\" decoding=\"async\" class=\" wp-image-45983 alignleft\" src=\"https:\/\/www.rassegnastampa-totustuus.it\/cattolica\/wp-content\/uploads\/2020\/01\/Scruton_cover.jpg\" alt=\"\" width=\"148\" height=\"216\" \/><\/a>Scruton lascia dietro di s\u00e9 decine di saggi e di centinaia di articoli usciti sulle principali testate di lingua anglosassone. Molti dei suoi saggi sono stati tradotti in diverse lingue fra cui l\u2019italiano.<\/p>\n<p style=\"text-align: justify;\">Da sei mesi era stato colpito dal male che una volta si diceva \u201cnon perdona\u201d e aveva dovuto sottostare a immediate terapie non poco invasive e debilitanti. Nelle ultime settimane sembrava per\u00f2 aver superato la crisi. Pochi giorni fa era infatti riapparso alla luce dei riflettori, ancorch\u00e9 senza capelli e in sedia a rotelle, per ritirare un premio, l\u2019Ordine al Merito della Repubblica di Polonia per l\u2019impegno profuso negli anni 1980 a supporto della resistenza anti-comunista nell\u2019allora Cecoslovacchia e in Polonia.<\/p>\n<p style=\"text-align: justify;\"><a href=\"https:\/\/www.rassegnastampa-totustuus.it\/cattolica\/wp-content\/uploads\/2012\/04\/morte.jpg\"><img loading=\"lazy\" decoding=\"async\" class=\"size-full wp-image-23716 alignright\" src=\"https:\/\/www.rassegnastampa-totustuus.it\/cattolica\/wp-content\/uploads\/2012\/04\/morte.jpg\" alt=\"\" width=\"248\" height=\"203\" \/><\/a>Poi, per\u00f2, alla lunga la malattia \u00e8 prevalsa e il tempo terreno di <em>sir<\/em> Roger \u00e8 finito. Grati al Signore per averlo donato alla causa della restaurazione di una Europa a misura di Dio e di <em>common sense<\/em>, affidiamo la sua anima alla misericordia infinita di Cristo e le sue spoglie mortali all\u2019amata terra dei suoi avi e di chi lo ha preceduto nella salvaguardia dell\u2019\u201canima\u201d della civilt\u00e0 britannica e occidentale.<\/p>\n<p style=\"text-align: justify;\">Poco prima di morire, lo scorso dicembre, aveva scritto: <em>\u00abQuando uno si approssima alla morte, allora inizia a capire qual \u00e8 il senso del vivere e questo senso \u00e8: gratitudine\u00bb<\/em>.<\/p>\n","protected":false},"excerpt":{"rendered":"<p>Alleanza Cattolica 14 Gennaio 2020 \u00a0 di Oscar Sanguinetti Il 12 gennaio scorso ha concluso la sua ultima battaglia contro il male\u00a0sir\u00a0Roger Scruton.<\/p><p><a class=\"more-link btn\" href=\"https:\/\/www.rassegnastampa-totustuus.it\/cattolica\/sir-roger-scruton-buslingthorpe-1944-2020\/\">Continua a leggere<\/a><\/p>\n","protected":false},"author":6,"featured_media":45980,"comment_status":"closed","ping_status":"closed","sticky":false,"template":"","format":"standard","meta":{"footnotes":""},"categories":[18,54],"tags":[798,460,283,2785],"class_list":["post-45979","post","type-post","status-publish","format-standard","has-post-thumbnail","hentry","category-personaggi","category-rivoluzione-e-controrivoluzione","tag-conservatori","tag-cotrorivoluzione","tag-personaggi-2","tag-roger-scruton","item-wrap"],"yoast_head":"<!-- This site is optimized with the Yoast SEO plugin v27.5 - https:\/\/yoast.com\/product\/yoast-seo-wordpress\/ -->\n<title>Sir Roger Scruton - Buslingthorpe, 1944 \u2013 2020 - Rassegna Stampa Cattolica<\/title>\n<meta name=\"description\" content=\"Rassegna Stampa Cattolica - Per una cultura che nasce dalla Rivelazione cristiana in conformit\u00e0 alla tradizione e al Magistero della Chiesa in opposizione ad ogni relativismo e totalitarismo\" \/>\n<meta name=\"robots\" content=\"index, follow, max-snippet:-1, max-image-preview:large, max-video-preview:-1\" \/>\n<link rel=\"canonical\" href=\"https:\/\/www.rassegnastampa-totustuus.it\/cattolica\/sir-roger-scruton-buslingthorpe-1944-2020\/\" \/>\n<meta property=\"og:locale\" content=\"it_IT\" \/>\n<meta property=\"og:type\" content=\"article\" \/>\n<meta property=\"og:title\" content=\"Sir Roger Scruton - Buslingthorpe, 1944 \u2013 2020 - Rassegna Stampa Cattolica\" \/>\n<meta property=\"og:description\" content=\"Rassegna Stampa Cattolica - Per una cultura che nasce dalla Rivelazione cristiana in conformit\u00e0 alla tradizione e al Magistero della Chiesa in opposizione ad ogni relativismo e totalitarismo\" \/>\n<meta property=\"og:url\" content=\"https:\/\/www.rassegnastampa-totustuus.it\/cattolica\/sir-roger-scruton-buslingthorpe-1944-2020\/\" \/>\n<meta property=\"og:site_name\" content=\"Rassegna Stampa Cattolica\" \/>\n<meta property=\"article:publisher\" content=\"https:\/\/www.facebook.com\/rassegnastampacattolica\" \/>\n<meta property=\"article:published_time\" content=\"2020-01-15T23:00:36+00:00\" \/>\n<meta property=\"article:modified_time\" content=\"2020-01-16T07:14:13+00:00\" \/>\n<meta property=\"og:image\" content=\"https:\/\/www.rassegnastampa-totustuus.it\/cattolica\/wp-content\/uploads\/2020\/01\/Inghilterra_bandiera.jpg\" \/>\n\t<meta property=\"og:image:width\" content=\"1920\" \/>\n\t<meta property=\"og:image:height\" content=\"1080\" \/>\n\t<meta property=\"og:image:type\" content=\"image\/jpeg\" \/>\n<meta name=\"author\" content=\"Redazione\" \/>\n<meta name=\"twitter:card\" content=\"summary_large_image\" \/>\n<meta name=\"twitter:creator\" content=\"@rassegnastampa9\" \/>\n<meta name=\"twitter:site\" content=\"@rassegnastampa9\" \/>\n<meta name=\"twitter:label1\" content=\"Scritto da\" \/>\n\t<meta name=\"twitter:data1\" content=\"Redazione\" \/>\n\t<meta name=\"twitter:label2\" content=\"Tempo di lettura stimato\" \/>\n\t<meta name=\"twitter:data2\" content=\"7 minuti\" \/>\n<script type=\"application\/ld+json\" class=\"yoast-schema-graph\">{\"@context\":\"https:\\\/\\\/schema.org\",\"@graph\":[{\"@type\":\"Article\",\"@id\":\"https:\\\/\\\/www.rassegnastampa-totustuus.it\\\/cattolica\\\/sir-roger-scruton-buslingthorpe-1944-2020\\\/#article\",\"isPartOf\":{\"@id\":\"https:\\\/\\\/www.rassegnastampa-totustuus.it\\\/cattolica\\\/sir-roger-scruton-buslingthorpe-1944-2020\\\/\"},\"author\":{\"name\":\"Redazione\",\"@id\":\"https:\\\/\\\/www.rassegnastampa-totustuus.it\\\/cattolica\\\/#\\\/schema\\\/person\\\/08f319d2bd1a0904ad9e2bfb7b15e5c3\"},\"headline\":\"Sir Roger Scruton &#8211; Buslingthorpe, 1944 \u2013 2020\",\"datePublished\":\"2020-01-15T23:00:36+00:00\",\"dateModified\":\"2020-01-16T07:14:13+00:00\",\"mainEntityOfPage\":{\"@id\":\"https:\\\/\\\/www.rassegnastampa-totustuus.it\\\/cattolica\\\/sir-roger-scruton-buslingthorpe-1944-2020\\\/\"},\"wordCount\":1408,\"publisher\":{\"@id\":\"https:\\\/\\\/www.rassegnastampa-totustuus.it\\\/cattolica\\\/#organization\"},\"image\":{\"@id\":\"https:\\\/\\\/www.rassegnastampa-totustuus.it\\\/cattolica\\\/sir-roger-scruton-buslingthorpe-1944-2020\\\/#primaryimage\"},\"thumbnailUrl\":\"https:\\\/\\\/www.rassegnastampa-totustuus.it\\\/cattolica\\\/wp-content\\\/uploads\\\/2020\\\/01\\\/Inghilterra_bandiera.jpg\",\"keywords\":[\"conservatori\",\"cotrorivoluzione\",\"personaggi\",\"Roger Scruton\"],\"articleSection\":[\"Personaggi\",\"Rivoluzione e controrivoluzione\"],\"inLanguage\":\"it-IT\"},{\"@type\":\"WebPage\",\"@id\":\"https:\\\/\\\/www.rassegnastampa-totustuus.it\\\/cattolica\\\/sir-roger-scruton-buslingthorpe-1944-2020\\\/\",\"url\":\"https:\\\/\\\/www.rassegnastampa-totustuus.it\\\/cattolica\\\/sir-roger-scruton-buslingthorpe-1944-2020\\\/\",\"name\":\"Sir Roger Scruton - Buslingthorpe, 1944 \u2013 2020 - Rassegna Stampa Cattolica\",\"isPartOf\":{\"@id\":\"https:\\\/\\\/www.rassegnastampa-totustuus.it\\\/cattolica\\\/#website\"},\"primaryImageOfPage\":{\"@id\":\"https:\\\/\\\/www.rassegnastampa-totustuus.it\\\/cattolica\\\/sir-roger-scruton-buslingthorpe-1944-2020\\\/#primaryimage\"},\"image\":{\"@id\":\"https:\\\/\\\/www.rassegnastampa-totustuus.it\\\/cattolica\\\/sir-roger-scruton-buslingthorpe-1944-2020\\\/#primaryimage\"},\"thumbnailUrl\":\"https:\\\/\\\/www.rassegnastampa-totustuus.it\\\/cattolica\\\/wp-content\\\/uploads\\\/2020\\\/01\\\/Inghilterra_bandiera.jpg\",\"datePublished\":\"2020-01-15T23:00:36+00:00\",\"dateModified\":\"2020-01-16T07:14:13+00:00\",\"description\":\"Rassegna Stampa Cattolica - Per una cultura che nasce dalla Rivelazione cristiana in conformit\u00e0 alla tradizione e al Magistero della Chiesa in opposizione ad ogni relativismo e totalitarismo\",\"breadcrumb\":{\"@id\":\"https:\\\/\\\/www.rassegnastampa-totustuus.it\\\/cattolica\\\/sir-roger-scruton-buslingthorpe-1944-2020\\\/#breadcrumb\"},\"inLanguage\":\"it-IT\",\"potentialAction\":[{\"@type\":\"ReadAction\",\"target\":[\"https:\\\/\\\/www.rassegnastampa-totustuus.it\\\/cattolica\\\/sir-roger-scruton-buslingthorpe-1944-2020\\\/\"]}]},{\"@type\":\"ImageObject\",\"inLanguage\":\"it-IT\",\"@id\":\"https:\\\/\\\/www.rassegnastampa-totustuus.it\\\/cattolica\\\/sir-roger-scruton-buslingthorpe-1944-2020\\\/#primaryimage\",\"url\":\"https:\\\/\\\/www.rassegnastampa-totustuus.it\\\/cattolica\\\/wp-content\\\/uploads\\\/2020\\\/01\\\/Inghilterra_bandiera.jpg\",\"contentUrl\":\"https:\\\/\\\/www.rassegnastampa-totustuus.it\\\/cattolica\\\/wp-content\\\/uploads\\\/2020\\\/01\\\/Inghilterra_bandiera.jpg\",\"width\":1920,\"height\":1080},{\"@type\":\"BreadcrumbList\",\"@id\":\"https:\\\/\\\/www.rassegnastampa-totustuus.it\\\/cattolica\\\/sir-roger-scruton-buslingthorpe-1944-2020\\\/#breadcrumb\",\"itemListElement\":[{\"@type\":\"ListItem\",\"position\":1,\"name\":\"Home\",\"item\":\"https:\\\/\\\/www.rassegnastampa-totustuus.it\\\/cattolica\\\/\"},{\"@type\":\"ListItem\",\"position\":2,\"name\":\"Sir Roger Scruton &#8211; Buslingthorpe, 1944 \u2013 2020\"}]},{\"@type\":\"WebSite\",\"@id\":\"https:\\\/\\\/www.rassegnastampa-totustuus.it\\\/cattolica\\\/#website\",\"url\":\"https:\\\/\\\/www.rassegnastampa-totustuus.it\\\/cattolica\\\/\",\"name\":\"Rassegna Stampa Cattolica\",\"description\":\"Per una cultura che nasce dalla Rivelazione cristiana in conformit\u00e0 alla tradizione e al Magistero della Chiesa in opposizione ad ogni relativismo e totalitarismo\",\"publisher\":{\"@id\":\"https:\\\/\\\/www.rassegnastampa-totustuus.it\\\/cattolica\\\/#organization\"},\"alternateName\":\"Rass. Cattolica\",\"potentialAction\":[{\"@type\":\"SearchAction\",\"target\":{\"@type\":\"EntryPoint\",\"urlTemplate\":\"https:\\\/\\\/www.rassegnastampa-totustuus.it\\\/cattolica\\\/?s={search_term_string}\"},\"query-input\":{\"@type\":\"PropertyValueSpecification\",\"valueRequired\":true,\"valueName\":\"search_term_string\"}}],\"inLanguage\":\"it-IT\"},{\"@type\":\"Organization\",\"@id\":\"https:\\\/\\\/www.rassegnastampa-totustuus.it\\\/cattolica\\\/#organization\",\"name\":\"Rassegna Stampa Cattolica\",\"url\":\"https:\\\/\\\/www.rassegnastampa-totustuus.it\\\/cattolica\\\/\",\"logo\":{\"@type\":\"ImageObject\",\"inLanguage\":\"it-IT\",\"@id\":\"https:\\\/\\\/www.rassegnastampa-totustuus.it\\\/cattolica\\\/#\\\/schema\\\/logo\\\/image\\\/\",\"url\":\"https:\\\/\\\/www.rassegnastampa-totustuus.it\\\/cattolica\\\/wp-content\\\/uploads\\\/2014\\\/04\\\/logo-rassegna1.gif\",\"contentUrl\":\"https:\\\/\\\/www.rassegnastampa-totustuus.it\\\/cattolica\\\/wp-content\\\/uploads\\\/2014\\\/04\\\/logo-rassegna1.gif\",\"width\":600,\"height\":163,\"caption\":\"Rassegna Stampa Cattolica\"},\"image\":{\"@id\":\"https:\\\/\\\/www.rassegnastampa-totustuus.it\\\/cattolica\\\/#\\\/schema\\\/logo\\\/image\\\/\"},\"sameAs\":[\"https:\\\/\\\/www.facebook.com\\\/rassegnastampacattolica\",\"https:\\\/\\\/x.com\\\/rassegnastampa9\"]},{\"@type\":\"Person\",\"@id\":\"https:\\\/\\\/www.rassegnastampa-totustuus.it\\\/cattolica\\\/#\\\/schema\\\/person\\\/08f319d2bd1a0904ad9e2bfb7b15e5c3\",\"name\":\"Redazione\",\"image\":{\"@type\":\"ImageObject\",\"inLanguage\":\"it-IT\",\"@id\":\"https:\\\/\\\/secure.gravatar.com\\\/avatar\\\/2fcdf27c78ea025fbdb44e914cc63c72249ffec9dc8aafd5c82b26240ef3f346?s=96&d=mm&r=g\",\"url\":\"https:\\\/\\\/secure.gravatar.com\\\/avatar\\\/2fcdf27c78ea025fbdb44e914cc63c72249ffec9dc8aafd5c82b26240ef3f346?s=96&d=mm&r=g\",\"contentUrl\":\"https:\\\/\\\/secure.gravatar.com\\\/avatar\\\/2fcdf27c78ea025fbdb44e914cc63c72249ffec9dc8aafd5c82b26240ef3f346?s=96&d=mm&r=g\",\"caption\":\"Redazione\"},\"url\":\"https:\\\/\\\/www.rassegnastampa-totustuus.it\\\/cattolica\\\/author\\\/pietroelle\\\/\"}]}<\/script>\n<!-- \/ Yoast SEO plugin. -->","yoast_head_json":{"title":"Sir Roger Scruton - Buslingthorpe, 1944 \u2013 2020 - Rassegna Stampa Cattolica","description":"Rassegna Stampa Cattolica - Per una cultura che nasce dalla Rivelazione cristiana in conformit\u00e0 alla tradizione e al Magistero della Chiesa in opposizione ad ogni relativismo e totalitarismo","robots":{"index":"index","follow":"follow","max-snippet":"max-snippet:-1","max-image-preview":"max-image-preview:large","max-video-preview":"max-video-preview:-1"},"canonical":"https:\/\/www.rassegnastampa-totustuus.it\/cattolica\/sir-roger-scruton-buslingthorpe-1944-2020\/","og_locale":"it_IT","og_type":"article","og_title":"Sir Roger Scruton - Buslingthorpe, 1944 \u2013 2020 - Rassegna Stampa Cattolica","og_description":"Rassegna Stampa Cattolica - Per una cultura che nasce dalla Rivelazione cristiana in conformit\u00e0 alla tradizione e al Magistero della Chiesa in opposizione ad ogni relativismo e totalitarismo","og_url":"https:\/\/www.rassegnastampa-totustuus.it\/cattolica\/sir-roger-scruton-buslingthorpe-1944-2020\/","og_site_name":"Rassegna Stampa Cattolica","article_publisher":"https:\/\/www.facebook.com\/rassegnastampacattolica","article_published_time":"2020-01-15T23:00:36+00:00","article_modified_time":"2020-01-16T07:14:13+00:00","og_image":[{"width":1920,"height":1080,"url":"https:\/\/www.rassegnastampa-totustuus.it\/cattolica\/wp-content\/uploads\/2020\/01\/Inghilterra_bandiera.jpg","type":"image\/jpeg"}],"author":"Redazione","twitter_card":"summary_large_image","twitter_creator":"@rassegnastampa9","twitter_site":"@rassegnastampa9","twitter_misc":{"Scritto da":"Redazione","Tempo di lettura stimato":"7 minuti"},"schema":{"@context":"https:\/\/schema.org","@graph":[{"@type":"Article","@id":"https:\/\/www.rassegnastampa-totustuus.it\/cattolica\/sir-roger-scruton-buslingthorpe-1944-2020\/#article","isPartOf":{"@id":"https:\/\/www.rassegnastampa-totustuus.it\/cattolica\/sir-roger-scruton-buslingthorpe-1944-2020\/"},"author":{"name":"Redazione","@id":"https:\/\/www.rassegnastampa-totustuus.it\/cattolica\/#\/schema\/person\/08f319d2bd1a0904ad9e2bfb7b15e5c3"},"headline":"Sir Roger Scruton &#8211; Buslingthorpe, 1944 \u2013 2020","datePublished":"2020-01-15T23:00:36+00:00","dateModified":"2020-01-16T07:14:13+00:00","mainEntityOfPage":{"@id":"https:\/\/www.rassegnastampa-totustuus.it\/cattolica\/sir-roger-scruton-buslingthorpe-1944-2020\/"},"wordCount":1408,"publisher":{"@id":"https:\/\/www.rassegnastampa-totustuus.it\/cattolica\/#organization"},"image":{"@id":"https:\/\/www.rassegnastampa-totustuus.it\/cattolica\/sir-roger-scruton-buslingthorpe-1944-2020\/#primaryimage"},"thumbnailUrl":"https:\/\/www.rassegnastampa-totustuus.it\/cattolica\/wp-content\/uploads\/2020\/01\/Inghilterra_bandiera.jpg","keywords":["conservatori","cotrorivoluzione","personaggi","Roger Scruton"],"articleSection":["Personaggi","Rivoluzione e controrivoluzione"],"inLanguage":"it-IT"},{"@type":"WebPage","@id":"https:\/\/www.rassegnastampa-totustuus.it\/cattolica\/sir-roger-scruton-buslingthorpe-1944-2020\/","url":"https:\/\/www.rassegnastampa-totustuus.it\/cattolica\/sir-roger-scruton-buslingthorpe-1944-2020\/","name":"Sir Roger Scruton - Buslingthorpe, 1944 \u2013 2020 - Rassegna Stampa Cattolica","isPartOf":{"@id":"https:\/\/www.rassegnastampa-totustuus.it\/cattolica\/#website"},"primaryImageOfPage":{"@id":"https:\/\/www.rassegnastampa-totustuus.it\/cattolica\/sir-roger-scruton-buslingthorpe-1944-2020\/#primaryimage"},"image":{"@id":"https:\/\/www.rassegnastampa-totustuus.it\/cattolica\/sir-roger-scruton-buslingthorpe-1944-2020\/#primaryimage"},"thumbnailUrl":"https:\/\/www.rassegnastampa-totustuus.it\/cattolica\/wp-content\/uploads\/2020\/01\/Inghilterra_bandiera.jpg","datePublished":"2020-01-15T23:00:36+00:00","dateModified":"2020-01-16T07:14:13+00:00","description":"Rassegna Stampa Cattolica - Per una cultura che nasce dalla Rivelazione cristiana in conformit\u00e0 alla tradizione e al Magistero della Chiesa in opposizione ad ogni relativismo e totalitarismo","breadcrumb":{"@id":"https:\/\/www.rassegnastampa-totustuus.it\/cattolica\/sir-roger-scruton-buslingthorpe-1944-2020\/#breadcrumb"},"inLanguage":"it-IT","potentialAction":[{"@type":"ReadAction","target":["https:\/\/www.rassegnastampa-totustuus.it\/cattolica\/sir-roger-scruton-buslingthorpe-1944-2020\/"]}]},{"@type":"ImageObject","inLanguage":"it-IT","@id":"https:\/\/www.rassegnastampa-totustuus.it\/cattolica\/sir-roger-scruton-buslingthorpe-1944-2020\/#primaryimage","url":"https:\/\/www.rassegnastampa-totustuus.it\/cattolica\/wp-content\/uploads\/2020\/01\/Inghilterra_bandiera.jpg","contentUrl":"https:\/\/www.rassegnastampa-totustuus.it\/cattolica\/wp-content\/uploads\/2020\/01\/Inghilterra_bandiera.jpg","width":1920,"height":1080},{"@type":"BreadcrumbList","@id":"https:\/\/www.rassegnastampa-totustuus.it\/cattolica\/sir-roger-scruton-buslingthorpe-1944-2020\/#breadcrumb","itemListElement":[{"@type":"ListItem","position":1,"name":"Home","item":"https:\/\/www.rassegnastampa-totustuus.it\/cattolica\/"},{"@type":"ListItem","position":2,"name":"Sir Roger Scruton &#8211; Buslingthorpe, 1944 \u2013 2020"}]},{"@type":"WebSite","@id":"https:\/\/www.rassegnastampa-totustuus.it\/cattolica\/#website","url":"https:\/\/www.rassegnastampa-totustuus.it\/cattolica\/","name":"Rassegna Stampa Cattolica","description":"Per una cultura che nasce dalla Rivelazione cristiana in conformit\u00e0 alla tradizione e al Magistero della Chiesa in opposizione ad ogni relativismo e totalitarismo","publisher":{"@id":"https:\/\/www.rassegnastampa-totustuus.it\/cattolica\/#organization"},"alternateName":"Rass. Cattolica","potentialAction":[{"@type":"SearchAction","target":{"@type":"EntryPoint","urlTemplate":"https:\/\/www.rassegnastampa-totustuus.it\/cattolica\/?s={search_term_string}"},"query-input":{"@type":"PropertyValueSpecification","valueRequired":true,"valueName":"search_term_string"}}],"inLanguage":"it-IT"},{"@type":"Organization","@id":"https:\/\/www.rassegnastampa-totustuus.it\/cattolica\/#organization","name":"Rassegna Stampa Cattolica","url":"https:\/\/www.rassegnastampa-totustuus.it\/cattolica\/","logo":{"@type":"ImageObject","inLanguage":"it-IT","@id":"https:\/\/www.rassegnastampa-totustuus.it\/cattolica\/#\/schema\/logo\/image\/","url":"https:\/\/www.rassegnastampa-totustuus.it\/cattolica\/wp-content\/uploads\/2014\/04\/logo-rassegna1.gif","contentUrl":"https:\/\/www.rassegnastampa-totustuus.it\/cattolica\/wp-content\/uploads\/2014\/04\/logo-rassegna1.gif","width":600,"height":163,"caption":"Rassegna Stampa Cattolica"},"image":{"@id":"https:\/\/www.rassegnastampa-totustuus.it\/cattolica\/#\/schema\/logo\/image\/"},"sameAs":["https:\/\/www.facebook.com\/rassegnastampacattolica","https:\/\/x.com\/rassegnastampa9"]},{"@type":"Person","@id":"https:\/\/www.rassegnastampa-totustuus.it\/cattolica\/#\/schema\/person\/08f319d2bd1a0904ad9e2bfb7b15e5c3","name":"Redazione","image":{"@type":"ImageObject","inLanguage":"it-IT","@id":"https:\/\/secure.gravatar.com\/avatar\/2fcdf27c78ea025fbdb44e914cc63c72249ffec9dc8aafd5c82b26240ef3f346?s=96&d=mm&r=g","url":"https:\/\/secure.gravatar.com\/avatar\/2fcdf27c78ea025fbdb44e914cc63c72249ffec9dc8aafd5c82b26240ef3f346?s=96&d=mm&r=g","contentUrl":"https:\/\/secure.gravatar.com\/avatar\/2fcdf27c78ea025fbdb44e914cc63c72249ffec9dc8aafd5c82b26240ef3f346?s=96&d=mm&r=g","caption":"Redazione"},"url":"https:\/\/www.rassegnastampa-totustuus.it\/cattolica\/author\/pietroelle\/"}]}},"_links":{"self":[{"href":"https:\/\/www.rassegnastampa-totustuus.it\/cattolica\/wp-json\/wp\/v2\/posts\/45979","targetHints":{"allow":["GET"]}}],"collection":[{"href":"https:\/\/www.rassegnastampa-totustuus.it\/cattolica\/wp-json\/wp\/v2\/posts"}],"about":[{"href":"https:\/\/www.rassegnastampa-totustuus.it\/cattolica\/wp-json\/wp\/v2\/types\/post"}],"author":[{"embeddable":true,"href":"https:\/\/www.rassegnastampa-totustuus.it\/cattolica\/wp-json\/wp\/v2\/users\/6"}],"replies":[{"embeddable":true,"href":"https:\/\/www.rassegnastampa-totustuus.it\/cattolica\/wp-json\/wp\/v2\/comments?post=45979"}],"version-history":[{"count":3,"href":"https:\/\/www.rassegnastampa-totustuus.it\/cattolica\/wp-json\/wp\/v2\/posts\/45979\/revisions"}],"predecessor-version":[{"id":45987,"href":"https:\/\/www.rassegnastampa-totustuus.it\/cattolica\/wp-json\/wp\/v2\/posts\/45979\/revisions\/45987"}],"wp:featuredmedia":[{"embeddable":true,"href":"https:\/\/www.rassegnastampa-totustuus.it\/cattolica\/wp-json\/wp\/v2\/media\/45980"}],"wp:attachment":[{"href":"https:\/\/www.rassegnastampa-totustuus.it\/cattolica\/wp-json\/wp\/v2\/media?parent=45979"}],"wp:term":[{"taxonomy":"category","embeddable":true,"href":"https:\/\/www.rassegnastampa-totustuus.it\/cattolica\/wp-json\/wp\/v2\/categories?post=45979"},{"taxonomy":"post_tag","embeddable":true,"href":"https:\/\/www.rassegnastampa-totustuus.it\/cattolica\/wp-json\/wp\/v2\/tags?post=45979"}],"curies":[{"name":"wp","href":"https:\/\/api.w.org\/{rel}","templated":true}]}}