{"id":45831,"date":"2020-01-23T00:00:38","date_gmt":"2020-01-22T23:00:38","guid":{"rendered":"http:\/\/www.rassegnastampa-totustuus.it\/cattolica\/?p=45831"},"modified":"2020-01-09T10:57:53","modified_gmt":"2020-01-09T09:57:53","slug":"il-modernismo-non-e-mai-esistito-o-forse-si","status":"publish","type":"post","link":"https:\/\/www.rassegnastampa-totustuus.it\/cattolica\/il-modernismo-non-e-mai-esistito-o-forse-si\/","title":{"rendered":"\u00abIl modernismo non \u00e8 mai esistito\u00bb, o forse s\u00ec"},"content":{"rendered":"<p style=\"text-align: center;\"><strong><a href=\"https:\/\/www.rassegnastampa-totustuus.it\/cattolica\/wp-content\/uploads\/2020\/01\/Alberto_Melloni_modernismo.jpg\"><img loading=\"lazy\" decoding=\"async\" class=\" wp-image-45835 alignleft\" src=\"https:\/\/www.rassegnastampa-totustuus.it\/cattolica\/wp-content\/uploads\/2020\/01\/Alberto_Melloni_modernismo-300x168.jpg\" alt=\"\" width=\"225\" height=\"126\" \/><\/a>Il Timone<\/strong> n. 190<\/p>\n<p style=\"text-align: center;\">Dicembre 2019<\/p>\n<p style=\"text-align: justify;\"><em>Per storici come Alberto Melloni il multiforme movimento eretica censurato da san Pio X fu un&#8217;invenzione di qualche ossessionato. Un po&#8217; come coloro che sostengono oggi che la teoria del gender non esiste&#8230; <\/em><\/p>\n<p style=\"text-align: center;\">di <strong>Mario A. lannaccone<\/strong><\/p>\n<p><!--more--><\/p>\n<p style=\"text-align: justify;\">Quante volte abbiamo sentito sostenere da giornalisti e ideologi che la teoria del gender non esiste? Che \u00e8 un&#8217;invenzione? Spesso. Eppure, abbiamo prove abbondanti che esista e sia sostenuta da un apparato teorico, medi\u00e1tico, scientifico e persino legislativo.<\/p>\n<p style=\"text-align: justify;\">Ebbene la stessa tattica, vale a dire sostenere che non esista qualcosa che esiste, viene applicata da tempo riguardo alla vicenda secolare del Modernismo, che fu definito da san Pio X la \u00absintesi di tutte le eresie\u00bb, in quanto movimento ereticale multiforme che mirava al cuore del cattolicesimo.<\/p>\n<p style=\"text-align: justify;\"><a href=\"https:\/\/www.rassegnastampa-totustuus.it\/cattolica\/wp-content\/uploads\/2015\/10\/Pio-X.jpg\"><img loading=\"lazy\" decoding=\"async\" class=\"size-full wp-image-27076 alignright\" src=\"https:\/\/www.rassegnastampa-totustuus.it\/cattolica\/wp-content\/uploads\/2015\/10\/Pio-X.jpg\" alt=\"\" width=\"200\" height=\"200\" srcset=\"https:\/\/www.rassegnastampa-totustuus.it\/cattolica\/wp-content\/uploads\/2015\/10\/Pio-X.jpg 200w, https:\/\/www.rassegnastampa-totustuus.it\/cattolica\/wp-content\/uploads\/2015\/10\/Pio-X-150x150.jpg 150w\" sizes=\"auto, (max-width: 200px) 100vw, 200px\" \/><\/a>Recentemente lo storico Alberto Melloni durante il convegno <em>L&#8217;ostinazione della carit\u00e0<\/em> (Bologna, 23 ottobre 2019) dedicato alla figura di don Olinto Marella (1882-1969) ha affermato che una generazione di sacerdoti fu perseguitata dalla Chiesa per un abbaglio.<\/p>\n<p style=\"text-align: justify;\">L&#8217;antimodernismo \u00e8 \u00abuna vicenda molto singolare\u00bb, ha detto, \u00abperch\u00e9 \u00e8 la persecuzione di una cosa che non esiste\u00bb. Non basta: \u00abIl modernismo \u00e8 un&#8217;invenzione di chi lo perseguita, che vede in una serie di fermenti un grande nemico\u00bb.<\/p>\n<p style=\"text-align: justify;\">Fu insomma un&#8217;isterica teoria del complotto, sostiene Melloni, creata dai persecutori i quali avrebbero visto nei novatori pi\u00f9 disparati un unico movimento, colpendo per errore &#8211; tra i pi\u00f9 noti -Alfred Loisy, George Tyrrell, Romolo Murri, Antonio Fogazzaro o Ernesto Buonaiuti, figure che si proponevano semplicemente di svecchiare la Chiesa.<\/p>\n<p style=\"text-align: justify;\"><a href=\"https:\/\/www.rassegnastampa-totustuus.it\/cattolica\/wp-content\/uploads\/2009\/04\/Pascendi-dominaci-gregis.jpg\"><img loading=\"lazy\" decoding=\"async\" class=\"alignleft wp-image-34216\" src=\"https:\/\/www.rassegnastampa-totustuus.it\/cattolica\/wp-content\/uploads\/2009\/04\/Pascendi-dominaci-gregis.jpg\" alt=\"\" width=\"163\" height=\"255\" \/><\/a>Eppure per ciascuno di questi personaggi citati da Melloni come vittime innocenti del sospetto antimodernista, si possono elencare esempi lampanti della critica radicale a cui sottoposero la fede cattolica, proponendo cambiamenti dottrinali e tesi palesemente eretiche.<\/p>\n<p style=\"text-align: justify;\">Il Modernismo fu censurato come un&#8217;eresia unica nell&#8217;enciclica <em>Pascendi Dominici Gregis<\/em> (1907) promulgata da san Pio X, enciclica opportuna perch\u00e9 i modernisti, che avevano posizioni pi\u00f9 o meno radicali, mostravano un atteggiamento bellicoso nella prassi, agendo anche all&#8217;interno dei seminari.<\/p>\n<p style=\"text-align: justify;\">Molti di loro erano professori in contatto con giovani in formazione e giovani preti; scrivevano, dirigevano riviste e associazioni. Alcuni erano collegati al mondo teosofico, massonico, socialista o agnostico del tempo.<\/p>\n<p style=\"text-align: justify;\">Fu perci\u00f2 opportuno e giusto introdurre i nel 1910 anche\u00a0 il <em>Giuramento antimodernista<\/em>, necessario per insegnare religione e teologia. Fu un errore eliminarlo nel 1966? Probabilmente.<\/p>\n<p style=\"text-align: justify;\"><strong>Le vicende di Alfred Loisy e Romolo Murri <\/strong><\/p>\n<div id=\"attachment_45836\" style=\"width: 198px\" class=\"wp-caption alignright\"><a href=\"https:\/\/www.rassegnastampa-totustuus.it\/cattolica\/wp-content\/uploads\/2020\/01\/Alfred_Loisy_modernismo.jpg\"><img loading=\"lazy\" decoding=\"async\" aria-describedby=\"caption-attachment-45836\" class=\"wp-image-45836 size-full\" src=\"https:\/\/www.rassegnastampa-totustuus.it\/cattolica\/wp-content\/uploads\/2020\/01\/Alfred_Loisy_modernismo.jpg\" alt=\"\" width=\"198\" height=\"254\" \/><\/a><p id=\"caption-attachment-45836\" class=\"wp-caption-text\">Alfred Loisy<\/p><\/div>\n<p style=\"text-align: justify;\">Prendiamo Alfred Loisy (1857-1940), citato da Melloni come un innocuo prete francese. Sin dal seminario fu critico su quasi ogni aspetto della dottrina cattolica; nel momento in cui venne ordinato diacono con obbligo del celibato scrisse che con quell&#8217;ordinazione si era \u00abconsumato il grande errore della mia vita\u00bb.<\/p>\n<p style=\"text-align: justify;\">E allora la domanda \u00e8: perch\u00e9 non divenne pastore protestante? Perch\u00e9 si fece prete, lui ammiratore di Ernest Renan? Perch\u00e9 il suo desiderio, come quello di molti modernisti, non era di migliorare se stesso in funzione della dottrina ma di cambiare la dottrina in funzione di s\u00e9.<\/p>\n<p style=\"text-align: justify;\">Il resto della vita di Loisy fu un tentativo di conciliare scienza, scienza storica e dogmatica nella logica dell&#8217;aggiornamento e dell&#8217;evoluzione, anche dell&#8217;evoluzione dei dogmi. E di operare non dall&#8217;esterno, ma in incognito dentro la Chiesa. Dunque, la sua condanna fu davvero un abbaglio?<\/p>\n<p style=\"text-align: justify;\"><a href=\"https:\/\/www.rassegnastampa-totustuus.it\/cattolica\/wp-content\/uploads\/2015\/10\/Romolo-Murri.jpg\"><img loading=\"lazy\" decoding=\"async\" class=\" wp-image-27077 alignleft\" src=\"https:\/\/www.rassegnastampa-totustuus.it\/cattolica\/wp-content\/uploads\/2015\/10\/Romolo-Murri.jpg\" alt=\"\" width=\"163\" height=\"218\" \/><\/a>Ancora pi\u00f9 evidente \u00e8 la vicenda di don Romolo Murri (1870-1944), sospeso a divinis nel 1907 e poi scomunicato per essere stato eletto nel partito della Lega democratica, poi vicino al fascismo, collaboratore di un ministero fascista dal 1941 al 1944 su interessamento del gerarca Dino Grandi.<\/p>\n<p style=\"text-align: justify;\">Le sue critiche al celibato sacerdotale lo portarono a sposare la danese Ragnhild Lund, dalla quale ebbe un figlio. Anche Murri si fece prete maturando presto l&#8217;intenzione di cambiare la missione del sacerdozio, della Chiesa, di cambiare i dogmi.<\/p>\n<p style=\"text-align: justify;\">Molti dei modernisti negavano la divinit\u00e0 e la resurrezione di Cristo, i dogmi riguardanti la Madonna, oltre a rigettare il celibato sacerdotale e molto altro.<\/p>\n<p style=\"text-align: justify;\"><strong>Pi\u00f9 che un abbaglio allora, una mistificazione oggi.<\/strong><\/p>\n<p style=\"text-align: justify;\">\u00c8 falso che questa \u00abgrande eresia della modernit\u00e0\u00bb fosse \u00abun abbaglio\u00bb, come sostiene Melloni. Chi si oppose al Modernismo tent\u00f2 di arginare un potente fenomeno di gnosticismo e di protestantizzazione (non del tutto slegato dalla Massoneria) che colp\u00ec la Chiesa a fine &#8216;800.<\/p>\n<div id=\"attachment_45837\" style=\"width: 169px\" class=\"wp-caption alignright\"><a href=\"https:\/\/www.rassegnastampa-totustuus.it\/cattolica\/wp-content\/uploads\/2020\/01\/Ernesto_Bonaiuti_modernismo.jpg\"><img loading=\"lazy\" decoding=\"async\" aria-describedby=\"caption-attachment-45837\" class=\"wp-image-45837\" src=\"https:\/\/www.rassegnastampa-totustuus.it\/cattolica\/wp-content\/uploads\/2020\/01\/Ernesto_Bonaiuti_modernismo.jpg\" alt=\"\" width=\"169\" height=\"226\" \/><\/a><p id=\"caption-attachment-45837\" class=\"wp-caption-text\">Ernesto Bonaiuti<\/p><\/div>\n<p style=\"text-align: justify;\">Lo fece, anche, attraverso una \u00abcommissione antimodernista\u00bb che chiedeva informazioni sui simpatizzanti modernisti che insegnavano nei seminari, nelle universit\u00e0 cattoliche, nelle scuole dei religiosi, pot\u00e8 fare errori e li fece &#8211; talvolta furono sospettate persone innocenti &#8211; ma, nella sua essenza, era giusta e opportuna.<\/p>\n<p style=\"text-align: justify;\">Melloni, deridendolo, \u00a0definisce l&#8217;antimodernista come colui che si sentiva minacciato dal \u00abgrande mostro che andava all&#8217;assalto della Chiesa\u00bb. Eppure basterebbe rileggere il <em>Programma dei modernisti<\/em>, documento che usc\u00ec in risposta alla <em>Pascendi Dominici Gregis<\/em>, tra i cui estensori figurava probabilmente un modernista di punta come il sacerdote scomunicato Ernesto Buonaiuti (1881-1946), per constatare come il Modernismo scardinasse l&#8217;ecclesiologia, la dogmatica, arrivando a introdurre forme di sincretismo religioso.<\/p>\n<p style=\"text-align: justify;\">Esisteva anche un fenomeno di modernismo cosiddetto sociale, forse il meno pericoloso: l&#8217;attenzione ai problemi sociali, nella Chiesa, non arriv\u00f2 infatti dai modernisti ma dalla Rerum Nouarum di Leone XIII.<\/p>\n<p style=\"text-align: justify;\"><strong>Chi vinse la partita? <\/strong><\/p>\n<p style=\"text-align: justify;\"><a href=\"https:\/\/www.rassegnastampa-totustuus.it\/cattolica\/wp-content\/uploads\/2019\/08\/modernismo.jpg\"><img loading=\"lazy\" decoding=\"async\" class=\" wp-image-44189 alignleft\" src=\"https:\/\/www.rassegnastampa-totustuus.it\/cattolica\/wp-content\/uploads\/2019\/08\/modernismo-277x300.jpg\" alt=\"\" width=\"206\" height=\"223\" srcset=\"https:\/\/www.rassegnastampa-totustuus.it\/cattolica\/wp-content\/uploads\/2019\/08\/modernismo-277x300.jpg 277w, https:\/\/www.rassegnastampa-totustuus.it\/cattolica\/wp-content\/uploads\/2019\/08\/modernismo-768x832.jpg 768w, https:\/\/www.rassegnastampa-totustuus.it\/cattolica\/wp-content\/uploads\/2019\/08\/modernismo-945x1024.jpg 945w, https:\/\/www.rassegnastampa-totustuus.it\/cattolica\/wp-content\/uploads\/2019\/08\/modernismo.jpg 1200w\" sizes=\"auto, (max-width: 206px) 100vw, 206px\" \/><\/a>In definitiva, chi vinse? La sicurezza di Melloni ci mostra che i modernisti a loro modo vinsero e che molte delle 65 tesi (incluse nel decreto <em>Lamentabili<\/em>, vedi box in pagina) giudicate caratteristiche di questa \u00absintesi delle eresie\u00bb, non sono morte.<\/p>\n<p style=\"text-align: justify;\">Molti personaggi vicini al modernismo soffrirono, ma i pi\u00f9, nel tempo, fecero carriera e s&#8217;infiltrarono, letteralmente, nelle strutture direttive della Chiesa, nei seminari, nelle universit\u00e0. Ci\u00f2 accadde dopo l&#8217;eliminazione del giuramento antimodernista e lo smantellamento dell&#8217;apparato che intendeva reprimere l&#8217;eresia.<\/p>\n<p style=\"text-align: justify;\">\u00abCome si pu\u00f2 credere che <em>Piccolo mondo antico<\/em> andasse a detrimento della Chiesa?\u00bb, chiede a un certo punto Melloni nel corso della conferenza di Bologna, citando lo scrittore modernista Antonio Fogazzaro (1842-1911). Se si sono letti i suoi romanzi, da <em>Malombra<\/em> a <em>II Santo,<\/em> lo si pu\u00f2 pensare, eccome.<\/p>\n<div id=\"attachment_45840\" style=\"width: 178px\" class=\"wp-caption alignright\"><a href=\"https:\/\/www.rassegnastampa-totustuus.it\/cattolica\/wp-content\/uploads\/2020\/01\/Antonio_Fogazzaro.jpg\"><img loading=\"lazy\" decoding=\"async\" aria-describedby=\"caption-attachment-45840\" class=\"wp-image-45840\" src=\"https:\/\/www.rassegnastampa-totustuus.it\/cattolica\/wp-content\/uploads\/2020\/01\/Antonio_Fogazzaro.jpg\" alt=\"\" width=\"178\" height=\"248\" \/><\/a><p id=\"caption-attachment-45840\" class=\"wp-caption-text\">Antonio Fogazzaro<\/p><\/div>\n<p style=\"text-align: justify;\">Egli credeva alla reincarnazione e in una Chiesa apocalittica, senza struttura e dogmi. Per Melloni, Fogazzaro fin\u00ec nella lista dei modernisti per errore: non costituiva un pericolo. Impossibile, per\u00f2, credere che non influenzasse il pubblico visto che i suoi libri intrisi di modernismo, spiritualismo, spirito filo massonico incontrarono un enorme successo.<\/p>\n<p style=\"text-align: justify;\">Messo all&#8217;Indice Fogazzaro si sottomise alla Chiesa ma solo formalmente, non nel cuore, arrivando ad affermare che per cambiare la Chiesa non bisognava combatterla apertamente, era necessario farlo segretamente, infiltrando appunto seminari, scuole, riviste e gerarchie. In fondo, \u00e8 quello che da allora continua ad essere fatto&#8230;<\/p>\n<p style=\"text-align: center;\">_________________________<\/p>\n<p style=\"text-align: center;\"><strong>Tra la Pascendi e la \u00abteologia progressista\u00bb<\/strong><\/p>\n<p><a href=\"https:\/\/www.rassegnastampa-totustuus.it\/cattolica\/wp-content\/uploads\/2020\/01\/nodernismo_eresie_chiesa.jpg\"><img loading=\"lazy\" decoding=\"async\" class=\" wp-image-45832 aligncenter\" src=\"https:\/\/www.rassegnastampa-totustuus.it\/cattolica\/wp-content\/uploads\/2020\/01\/nodernismo_eresie_chiesa-300x194.jpg\" alt=\"\" width=\"227\" height=\"147\" srcset=\"https:\/\/www.rassegnastampa-totustuus.it\/cattolica\/wp-content\/uploads\/2020\/01\/nodernismo_eresie_chiesa-300x194.jpg 300w, https:\/\/www.rassegnastampa-totustuus.it\/cattolica\/wp-content\/uploads\/2020\/01\/nodernismo_eresie_chiesa-768x496.jpg 768w, https:\/\/www.rassegnastampa-totustuus.it\/cattolica\/wp-content\/uploads\/2020\/01\/nodernismo_eresie_chiesa-1024x661.jpg 1024w, https:\/\/www.rassegnastampa-totustuus.it\/cattolica\/wp-content\/uploads\/2020\/01\/nodernismo_eresie_chiesa.jpg 1720w\" sizes=\"auto, (max-width: 227px) 100vw, 227px\" \/><\/a><\/p>\n<p style=\"text-align: justify;\">Il Modernismo \u00e8 un complesso fenomeno di critica alla Chiesa nato nel seno della Chiesa stessa. Fu sintetizzato in 65 tesi giudicate eretiche e comprese nel decreto del Sant\u2019Uffizio <em>Lamentabili Sane Exitu<\/em> (1907) e nell\u2019enciclica <em>Pascendi Dominici Gregis<\/em> (1910) di papa san Pio X. Per combatterlo fu istituito il giuramento antimodernista (motu proprio <em>Sacrorum Antistitum,<\/em> 1910) richiesto a preti e insegnanti di scuole e seminari. Nonostante decenni di lotta, i modernisti rimasero in gran parte ai loro posti e influenzarono tutta la cosiddetta teologia progressista &#8211; e non solo \u2013 nell\u2019accezione che diede al termine padre Cornelio Fabro nel suo studio <em>L\u2019avventura della teologia progressista<\/em> (1974)<\/p>\n","protected":false},"excerpt":{"rendered":"<p>Il Timone n. 190 Dicembre 2019 Per storici come Alberto Melloni il multiforme movimento eretica censurato da san Pio X fu un&#8217;invenzione di qualche ossessionato. Un po&#8217; come coloro che sostengono oggi che la teoria del gender non esiste&#8230; di Mario A. lannaccone<\/p><p><a class=\"more-link btn\" href=\"https:\/\/www.rassegnastampa-totustuus.it\/cattolica\/il-modernismo-non-e-mai-esistito-o-forse-si\/\">Continua a leggere<\/a><\/p>\n","protected":false},"author":6,"featured_media":45832,"comment_status":"closed","ping_status":"closed","sticky":false,"template":"","format":"standard","meta":{"footnotes":""},"categories":[5,29],"tags":[157,2390,427],"class_list":["post-45831","post","type-post","status-publish","format-standard","has-post-thumbnail","hentry","category-chiesa","category-eresie-cristiane","tag-chiesa-2","tag-eresie-cristiane","tag-modernismo","item-wrap"],"yoast_head":"<!-- This site is optimized with the Yoast SEO plugin v27.4 - https:\/\/yoast.com\/product\/yoast-seo-wordpress\/ -->\n<title>\u00abIl modernismo non \u00e8 mai esistito\u00bb, o forse s\u00ec - Rassegna Stampa Cattolica<\/title>\n<meta name=\"description\" content=\"Rassegna Stampa Cattolica - Per una cultura che nasce dalla Rivelazione cristiana in conformit\u00e0 alla tradizione e al Magistero della Chiesa in opposizione ad ogni relativismo e totalitarismo\" \/>\n<meta name=\"robots\" content=\"index, follow, max-snippet:-1, max-image-preview:large, max-video-preview:-1\" \/>\n<link rel=\"canonical\" href=\"https:\/\/www.rassegnastampa-totustuus.it\/cattolica\/il-modernismo-non-e-mai-esistito-o-forse-si\/\" \/>\n<meta property=\"og:locale\" content=\"it_IT\" \/>\n<meta property=\"og:type\" content=\"article\" \/>\n<meta property=\"og:title\" content=\"\u00abIl modernismo non \u00e8 mai esistito\u00bb, o forse s\u00ec - Rassegna Stampa Cattolica\" \/>\n<meta property=\"og:description\" content=\"Rassegna Stampa Cattolica - Per una cultura che nasce dalla Rivelazione cristiana in conformit\u00e0 alla tradizione e al Magistero della Chiesa in opposizione ad ogni relativismo e totalitarismo\" \/>\n<meta property=\"og:url\" content=\"https:\/\/www.rassegnastampa-totustuus.it\/cattolica\/il-modernismo-non-e-mai-esistito-o-forse-si\/\" \/>\n<meta property=\"og:site_name\" content=\"Rassegna Stampa Cattolica\" \/>\n<meta property=\"article:publisher\" content=\"https:\/\/www.facebook.com\/rassegnastampacattolica\" \/>\n<meta property=\"article:published_time\" content=\"2020-01-22T23:00:38+00:00\" \/>\n<meta property=\"og:image\" content=\"https:\/\/www.rassegnastampa-totustuus.it\/cattolica\/wp-content\/uploads\/2020\/01\/nodernismo_eresie_chiesa.jpg\" \/>\n\t<meta property=\"og:image:width\" content=\"1720\" \/>\n\t<meta property=\"og:image:height\" content=\"1111\" \/>\n\t<meta property=\"og:image:type\" content=\"image\/jpeg\" \/>\n<meta name=\"author\" content=\"Redazione\" \/>\n<meta name=\"twitter:card\" content=\"summary_large_image\" \/>\n<meta name=\"twitter:creator\" content=\"@rassegnastampa9\" \/>\n<meta name=\"twitter:site\" content=\"@rassegnastampa9\" \/>\n<meta name=\"twitter:label1\" content=\"Scritto da\" \/>\n\t<meta name=\"twitter:data1\" content=\"Redazione\" \/>\n\t<meta name=\"twitter:label2\" content=\"Tempo di lettura stimato\" \/>\n\t<meta name=\"twitter:data2\" content=\"6 minuti\" \/>\n<script type=\"application\/ld+json\" class=\"yoast-schema-graph\">{\"@context\":\"https:\\\/\\\/schema.org\",\"@graph\":[{\"@type\":\"Article\",\"@id\":\"https:\\\/\\\/www.rassegnastampa-totustuus.it\\\/cattolica\\\/il-modernismo-non-e-mai-esistito-o-forse-si\\\/#article\",\"isPartOf\":{\"@id\":\"https:\\\/\\\/www.rassegnastampa-totustuus.it\\\/cattolica\\\/il-modernismo-non-e-mai-esistito-o-forse-si\\\/\"},\"author\":{\"name\":\"Redazione\",\"@id\":\"https:\\\/\\\/www.rassegnastampa-totustuus.it\\\/cattolica\\\/#\\\/schema\\\/person\\\/08f319d2bd1a0904ad9e2bfb7b15e5c3\"},\"headline\":\"\u00abIl modernismo non \u00e8 mai esistito\u00bb, o forse s\u00ec\",\"datePublished\":\"2020-01-22T23:00:38+00:00\",\"mainEntityOfPage\":{\"@id\":\"https:\\\/\\\/www.rassegnastampa-totustuus.it\\\/cattolica\\\/il-modernismo-non-e-mai-esistito-o-forse-si\\\/\"},\"wordCount\":1220,\"publisher\":{\"@id\":\"https:\\\/\\\/www.rassegnastampa-totustuus.it\\\/cattolica\\\/#organization\"},\"image\":{\"@id\":\"https:\\\/\\\/www.rassegnastampa-totustuus.it\\\/cattolica\\\/il-modernismo-non-e-mai-esistito-o-forse-si\\\/#primaryimage\"},\"thumbnailUrl\":\"https:\\\/\\\/www.rassegnastampa-totustuus.it\\\/cattolica\\\/wp-content\\\/uploads\\\/2020\\\/01\\\/nodernismo_eresie_chiesa.jpg\",\"keywords\":[\"chiesa\",\"Eresie cristiane\",\"modernismo\"],\"articleSection\":[\"Chiesa\",\"Eresie cristiane\"],\"inLanguage\":\"it-IT\"},{\"@type\":\"WebPage\",\"@id\":\"https:\\\/\\\/www.rassegnastampa-totustuus.it\\\/cattolica\\\/il-modernismo-non-e-mai-esistito-o-forse-si\\\/\",\"url\":\"https:\\\/\\\/www.rassegnastampa-totustuus.it\\\/cattolica\\\/il-modernismo-non-e-mai-esistito-o-forse-si\\\/\",\"name\":\"\u00abIl modernismo non \u00e8 mai esistito\u00bb, o forse s\u00ec - Rassegna Stampa Cattolica\",\"isPartOf\":{\"@id\":\"https:\\\/\\\/www.rassegnastampa-totustuus.it\\\/cattolica\\\/#website\"},\"primaryImageOfPage\":{\"@id\":\"https:\\\/\\\/www.rassegnastampa-totustuus.it\\\/cattolica\\\/il-modernismo-non-e-mai-esistito-o-forse-si\\\/#primaryimage\"},\"image\":{\"@id\":\"https:\\\/\\\/www.rassegnastampa-totustuus.it\\\/cattolica\\\/il-modernismo-non-e-mai-esistito-o-forse-si\\\/#primaryimage\"},\"thumbnailUrl\":\"https:\\\/\\\/www.rassegnastampa-totustuus.it\\\/cattolica\\\/wp-content\\\/uploads\\\/2020\\\/01\\\/nodernismo_eresie_chiesa.jpg\",\"datePublished\":\"2020-01-22T23:00:38+00:00\",\"description\":\"Rassegna Stampa Cattolica - Per una cultura che nasce dalla Rivelazione cristiana in conformit\u00e0 alla tradizione e al Magistero della Chiesa in opposizione ad ogni relativismo e totalitarismo\",\"breadcrumb\":{\"@id\":\"https:\\\/\\\/www.rassegnastampa-totustuus.it\\\/cattolica\\\/il-modernismo-non-e-mai-esistito-o-forse-si\\\/#breadcrumb\"},\"inLanguage\":\"it-IT\",\"potentialAction\":[{\"@type\":\"ReadAction\",\"target\":[\"https:\\\/\\\/www.rassegnastampa-totustuus.it\\\/cattolica\\\/il-modernismo-non-e-mai-esistito-o-forse-si\\\/\"]}]},{\"@type\":\"ImageObject\",\"inLanguage\":\"it-IT\",\"@id\":\"https:\\\/\\\/www.rassegnastampa-totustuus.it\\\/cattolica\\\/il-modernismo-non-e-mai-esistito-o-forse-si\\\/#primaryimage\",\"url\":\"https:\\\/\\\/www.rassegnastampa-totustuus.it\\\/cattolica\\\/wp-content\\\/uploads\\\/2020\\\/01\\\/nodernismo_eresie_chiesa.jpg\",\"contentUrl\":\"https:\\\/\\\/www.rassegnastampa-totustuus.it\\\/cattolica\\\/wp-content\\\/uploads\\\/2020\\\/01\\\/nodernismo_eresie_chiesa.jpg\",\"width\":1720,\"height\":1111},{\"@type\":\"BreadcrumbList\",\"@id\":\"https:\\\/\\\/www.rassegnastampa-totustuus.it\\\/cattolica\\\/il-modernismo-non-e-mai-esistito-o-forse-si\\\/#breadcrumb\",\"itemListElement\":[{\"@type\":\"ListItem\",\"position\":1,\"name\":\"Home\",\"item\":\"https:\\\/\\\/www.rassegnastampa-totustuus.it\\\/cattolica\\\/\"},{\"@type\":\"ListItem\",\"position\":2,\"name\":\"\u00abIl modernismo non \u00e8 mai esistito\u00bb, o forse s\u00ec\"}]},{\"@type\":\"WebSite\",\"@id\":\"https:\\\/\\\/www.rassegnastampa-totustuus.it\\\/cattolica\\\/#website\",\"url\":\"https:\\\/\\\/www.rassegnastampa-totustuus.it\\\/cattolica\\\/\",\"name\":\"Rassegna Stampa Cattolica\",\"description\":\"Per una cultura che nasce dalla Rivelazione cristiana in conformit\u00e0 alla tradizione e al Magistero della Chiesa in opposizione ad ogni relativismo e totalitarismo\",\"publisher\":{\"@id\":\"https:\\\/\\\/www.rassegnastampa-totustuus.it\\\/cattolica\\\/#organization\"},\"alternateName\":\"Rass. Cattolica\",\"potentialAction\":[{\"@type\":\"SearchAction\",\"target\":{\"@type\":\"EntryPoint\",\"urlTemplate\":\"https:\\\/\\\/www.rassegnastampa-totustuus.it\\\/cattolica\\\/?s={search_term_string}\"},\"query-input\":{\"@type\":\"PropertyValueSpecification\",\"valueRequired\":true,\"valueName\":\"search_term_string\"}}],\"inLanguage\":\"it-IT\"},{\"@type\":\"Organization\",\"@id\":\"https:\\\/\\\/www.rassegnastampa-totustuus.it\\\/cattolica\\\/#organization\",\"name\":\"Rassegna Stampa Cattolica\",\"url\":\"https:\\\/\\\/www.rassegnastampa-totustuus.it\\\/cattolica\\\/\",\"logo\":{\"@type\":\"ImageObject\",\"inLanguage\":\"it-IT\",\"@id\":\"https:\\\/\\\/www.rassegnastampa-totustuus.it\\\/cattolica\\\/#\\\/schema\\\/logo\\\/image\\\/\",\"url\":\"https:\\\/\\\/www.rassegnastampa-totustuus.it\\\/cattolica\\\/wp-content\\\/uploads\\\/2014\\\/04\\\/logo-rassegna1.gif\",\"contentUrl\":\"https:\\\/\\\/www.rassegnastampa-totustuus.it\\\/cattolica\\\/wp-content\\\/uploads\\\/2014\\\/04\\\/logo-rassegna1.gif\",\"width\":600,\"height\":163,\"caption\":\"Rassegna Stampa Cattolica\"},\"image\":{\"@id\":\"https:\\\/\\\/www.rassegnastampa-totustuus.it\\\/cattolica\\\/#\\\/schema\\\/logo\\\/image\\\/\"},\"sameAs\":[\"https:\\\/\\\/www.facebook.com\\\/rassegnastampacattolica\",\"https:\\\/\\\/x.com\\\/rassegnastampa9\"]},{\"@type\":\"Person\",\"@id\":\"https:\\\/\\\/www.rassegnastampa-totustuus.it\\\/cattolica\\\/#\\\/schema\\\/person\\\/08f319d2bd1a0904ad9e2bfb7b15e5c3\",\"name\":\"Redazione\",\"image\":{\"@type\":\"ImageObject\",\"inLanguage\":\"it-IT\",\"@id\":\"https:\\\/\\\/secure.gravatar.com\\\/avatar\\\/2fcdf27c78ea025fbdb44e914cc63c72249ffec9dc8aafd5c82b26240ef3f346?s=96&d=mm&r=g\",\"url\":\"https:\\\/\\\/secure.gravatar.com\\\/avatar\\\/2fcdf27c78ea025fbdb44e914cc63c72249ffec9dc8aafd5c82b26240ef3f346?s=96&d=mm&r=g\",\"contentUrl\":\"https:\\\/\\\/secure.gravatar.com\\\/avatar\\\/2fcdf27c78ea025fbdb44e914cc63c72249ffec9dc8aafd5c82b26240ef3f346?s=96&d=mm&r=g\",\"caption\":\"Redazione\"},\"url\":\"https:\\\/\\\/www.rassegnastampa-totustuus.it\\\/cattolica\\\/author\\\/pietroelle\\\/\"}]}<\/script>\n<!-- \/ Yoast SEO plugin. -->","yoast_head_json":{"title":"\u00abIl modernismo non \u00e8 mai esistito\u00bb, o forse s\u00ec - Rassegna Stampa Cattolica","description":"Rassegna Stampa Cattolica - Per una cultura che nasce dalla Rivelazione cristiana in conformit\u00e0 alla tradizione e al Magistero della Chiesa in opposizione ad ogni relativismo e totalitarismo","robots":{"index":"index","follow":"follow","max-snippet":"max-snippet:-1","max-image-preview":"max-image-preview:large","max-video-preview":"max-video-preview:-1"},"canonical":"https:\/\/www.rassegnastampa-totustuus.it\/cattolica\/il-modernismo-non-e-mai-esistito-o-forse-si\/","og_locale":"it_IT","og_type":"article","og_title":"\u00abIl modernismo non \u00e8 mai esistito\u00bb, o forse s\u00ec - Rassegna Stampa Cattolica","og_description":"Rassegna Stampa Cattolica - Per una cultura che nasce dalla Rivelazione cristiana in conformit\u00e0 alla tradizione e al Magistero della Chiesa in opposizione ad ogni relativismo e totalitarismo","og_url":"https:\/\/www.rassegnastampa-totustuus.it\/cattolica\/il-modernismo-non-e-mai-esistito-o-forse-si\/","og_site_name":"Rassegna Stampa Cattolica","article_publisher":"https:\/\/www.facebook.com\/rassegnastampacattolica","article_published_time":"2020-01-22T23:00:38+00:00","og_image":[{"width":1720,"height":1111,"url":"https:\/\/www.rassegnastampa-totustuus.it\/cattolica\/wp-content\/uploads\/2020\/01\/nodernismo_eresie_chiesa.jpg","type":"image\/jpeg"}],"author":"Redazione","twitter_card":"summary_large_image","twitter_creator":"@rassegnastampa9","twitter_site":"@rassegnastampa9","twitter_misc":{"Scritto da":"Redazione","Tempo di lettura stimato":"6 minuti"},"schema":{"@context":"https:\/\/schema.org","@graph":[{"@type":"Article","@id":"https:\/\/www.rassegnastampa-totustuus.it\/cattolica\/il-modernismo-non-e-mai-esistito-o-forse-si\/#article","isPartOf":{"@id":"https:\/\/www.rassegnastampa-totustuus.it\/cattolica\/il-modernismo-non-e-mai-esistito-o-forse-si\/"},"author":{"name":"Redazione","@id":"https:\/\/www.rassegnastampa-totustuus.it\/cattolica\/#\/schema\/person\/08f319d2bd1a0904ad9e2bfb7b15e5c3"},"headline":"\u00abIl modernismo non \u00e8 mai esistito\u00bb, o forse s\u00ec","datePublished":"2020-01-22T23:00:38+00:00","mainEntityOfPage":{"@id":"https:\/\/www.rassegnastampa-totustuus.it\/cattolica\/il-modernismo-non-e-mai-esistito-o-forse-si\/"},"wordCount":1220,"publisher":{"@id":"https:\/\/www.rassegnastampa-totustuus.it\/cattolica\/#organization"},"image":{"@id":"https:\/\/www.rassegnastampa-totustuus.it\/cattolica\/il-modernismo-non-e-mai-esistito-o-forse-si\/#primaryimage"},"thumbnailUrl":"https:\/\/www.rassegnastampa-totustuus.it\/cattolica\/wp-content\/uploads\/2020\/01\/nodernismo_eresie_chiesa.jpg","keywords":["chiesa","Eresie cristiane","modernismo"],"articleSection":["Chiesa","Eresie cristiane"],"inLanguage":"it-IT"},{"@type":"WebPage","@id":"https:\/\/www.rassegnastampa-totustuus.it\/cattolica\/il-modernismo-non-e-mai-esistito-o-forse-si\/","url":"https:\/\/www.rassegnastampa-totustuus.it\/cattolica\/il-modernismo-non-e-mai-esistito-o-forse-si\/","name":"\u00abIl modernismo non \u00e8 mai esistito\u00bb, o forse s\u00ec - Rassegna Stampa Cattolica","isPartOf":{"@id":"https:\/\/www.rassegnastampa-totustuus.it\/cattolica\/#website"},"primaryImageOfPage":{"@id":"https:\/\/www.rassegnastampa-totustuus.it\/cattolica\/il-modernismo-non-e-mai-esistito-o-forse-si\/#primaryimage"},"image":{"@id":"https:\/\/www.rassegnastampa-totustuus.it\/cattolica\/il-modernismo-non-e-mai-esistito-o-forse-si\/#primaryimage"},"thumbnailUrl":"https:\/\/www.rassegnastampa-totustuus.it\/cattolica\/wp-content\/uploads\/2020\/01\/nodernismo_eresie_chiesa.jpg","datePublished":"2020-01-22T23:00:38+00:00","description":"Rassegna Stampa Cattolica - Per una cultura che nasce dalla Rivelazione cristiana in conformit\u00e0 alla tradizione e al Magistero della Chiesa in opposizione ad ogni relativismo e totalitarismo","breadcrumb":{"@id":"https:\/\/www.rassegnastampa-totustuus.it\/cattolica\/il-modernismo-non-e-mai-esistito-o-forse-si\/#breadcrumb"},"inLanguage":"it-IT","potentialAction":[{"@type":"ReadAction","target":["https:\/\/www.rassegnastampa-totustuus.it\/cattolica\/il-modernismo-non-e-mai-esistito-o-forse-si\/"]}]},{"@type":"ImageObject","inLanguage":"it-IT","@id":"https:\/\/www.rassegnastampa-totustuus.it\/cattolica\/il-modernismo-non-e-mai-esistito-o-forse-si\/#primaryimage","url":"https:\/\/www.rassegnastampa-totustuus.it\/cattolica\/wp-content\/uploads\/2020\/01\/nodernismo_eresie_chiesa.jpg","contentUrl":"https:\/\/www.rassegnastampa-totustuus.it\/cattolica\/wp-content\/uploads\/2020\/01\/nodernismo_eresie_chiesa.jpg","width":1720,"height":1111},{"@type":"BreadcrumbList","@id":"https:\/\/www.rassegnastampa-totustuus.it\/cattolica\/il-modernismo-non-e-mai-esistito-o-forse-si\/#breadcrumb","itemListElement":[{"@type":"ListItem","position":1,"name":"Home","item":"https:\/\/www.rassegnastampa-totustuus.it\/cattolica\/"},{"@type":"ListItem","position":2,"name":"\u00abIl modernismo non \u00e8 mai esistito\u00bb, o forse s\u00ec"}]},{"@type":"WebSite","@id":"https:\/\/www.rassegnastampa-totustuus.it\/cattolica\/#website","url":"https:\/\/www.rassegnastampa-totustuus.it\/cattolica\/","name":"Rassegna Stampa Cattolica","description":"Per una cultura che nasce dalla Rivelazione cristiana in conformit\u00e0 alla tradizione e al Magistero della Chiesa in opposizione ad ogni relativismo e totalitarismo","publisher":{"@id":"https:\/\/www.rassegnastampa-totustuus.it\/cattolica\/#organization"},"alternateName":"Rass. Cattolica","potentialAction":[{"@type":"SearchAction","target":{"@type":"EntryPoint","urlTemplate":"https:\/\/www.rassegnastampa-totustuus.it\/cattolica\/?s={search_term_string}"},"query-input":{"@type":"PropertyValueSpecification","valueRequired":true,"valueName":"search_term_string"}}],"inLanguage":"it-IT"},{"@type":"Organization","@id":"https:\/\/www.rassegnastampa-totustuus.it\/cattolica\/#organization","name":"Rassegna Stampa Cattolica","url":"https:\/\/www.rassegnastampa-totustuus.it\/cattolica\/","logo":{"@type":"ImageObject","inLanguage":"it-IT","@id":"https:\/\/www.rassegnastampa-totustuus.it\/cattolica\/#\/schema\/logo\/image\/","url":"https:\/\/www.rassegnastampa-totustuus.it\/cattolica\/wp-content\/uploads\/2014\/04\/logo-rassegna1.gif","contentUrl":"https:\/\/www.rassegnastampa-totustuus.it\/cattolica\/wp-content\/uploads\/2014\/04\/logo-rassegna1.gif","width":600,"height":163,"caption":"Rassegna Stampa Cattolica"},"image":{"@id":"https:\/\/www.rassegnastampa-totustuus.it\/cattolica\/#\/schema\/logo\/image\/"},"sameAs":["https:\/\/www.facebook.com\/rassegnastampacattolica","https:\/\/x.com\/rassegnastampa9"]},{"@type":"Person","@id":"https:\/\/www.rassegnastampa-totustuus.it\/cattolica\/#\/schema\/person\/08f319d2bd1a0904ad9e2bfb7b15e5c3","name":"Redazione","image":{"@type":"ImageObject","inLanguage":"it-IT","@id":"https:\/\/secure.gravatar.com\/avatar\/2fcdf27c78ea025fbdb44e914cc63c72249ffec9dc8aafd5c82b26240ef3f346?s=96&d=mm&r=g","url":"https:\/\/secure.gravatar.com\/avatar\/2fcdf27c78ea025fbdb44e914cc63c72249ffec9dc8aafd5c82b26240ef3f346?s=96&d=mm&r=g","contentUrl":"https:\/\/secure.gravatar.com\/avatar\/2fcdf27c78ea025fbdb44e914cc63c72249ffec9dc8aafd5c82b26240ef3f346?s=96&d=mm&r=g","caption":"Redazione"},"url":"https:\/\/www.rassegnastampa-totustuus.it\/cattolica\/author\/pietroelle\/"}]}},"_links":{"self":[{"href":"https:\/\/www.rassegnastampa-totustuus.it\/cattolica\/wp-json\/wp\/v2\/posts\/45831","targetHints":{"allow":["GET"]}}],"collection":[{"href":"https:\/\/www.rassegnastampa-totustuus.it\/cattolica\/wp-json\/wp\/v2\/posts"}],"about":[{"href":"https:\/\/www.rassegnastampa-totustuus.it\/cattolica\/wp-json\/wp\/v2\/types\/post"}],"author":[{"embeddable":true,"href":"https:\/\/www.rassegnastampa-totustuus.it\/cattolica\/wp-json\/wp\/v2\/users\/6"}],"replies":[{"embeddable":true,"href":"https:\/\/www.rassegnastampa-totustuus.it\/cattolica\/wp-json\/wp\/v2\/comments?post=45831"}],"version-history":[{"count":5,"href":"https:\/\/www.rassegnastampa-totustuus.it\/cattolica\/wp-json\/wp\/v2\/posts\/45831\/revisions"}],"predecessor-version":[{"id":45844,"href":"https:\/\/www.rassegnastampa-totustuus.it\/cattolica\/wp-json\/wp\/v2\/posts\/45831\/revisions\/45844"}],"wp:featuredmedia":[{"embeddable":true,"href":"https:\/\/www.rassegnastampa-totustuus.it\/cattolica\/wp-json\/wp\/v2\/media\/45832"}],"wp:attachment":[{"href":"https:\/\/www.rassegnastampa-totustuus.it\/cattolica\/wp-json\/wp\/v2\/media?parent=45831"}],"wp:term":[{"taxonomy":"category","embeddable":true,"href":"https:\/\/www.rassegnastampa-totustuus.it\/cattolica\/wp-json\/wp\/v2\/categories?post=45831"},{"taxonomy":"post_tag","embeddable":true,"href":"https:\/\/www.rassegnastampa-totustuus.it\/cattolica\/wp-json\/wp\/v2\/tags?post=45831"}],"curies":[{"name":"wp","href":"https:\/\/api.w.org\/{rel}","templated":true}]}}