{"id":45800,"date":"2020-01-23T00:00:45","date_gmt":"2020-01-22T23:00:45","guid":{"rendered":"http:\/\/www.rassegnastampa-totustuus.it\/cattolica\/?p=45800"},"modified":"2020-01-08T16:38:36","modified_gmt":"2020-01-08T15:38:36","slug":"ti-raccontiamo-un-episodio-che-manda-in-frantumi-la-bugia-dei-protestanti-sulla-madonna","status":"publish","type":"post","link":"https:\/\/www.rassegnastampa-totustuus.it\/cattolica\/ti-raccontiamo-un-episodio-che-manda-in-frantumi-la-bugia-dei-protestanti-sulla-madonna\/","title":{"rendered":"Ti raccontiamo un episodio che manda in frantumi \u00a0la bugia dei Protestanti sulla Madonna."},"content":{"rendered":"<p style=\"text-align: center;\"><strong><a href=\"http:\/\/itresentieri.it\/\" target=\"_blank\" rel=\"noopener noreferrer\">Il Cammino dei Tre Sentieri<\/a> <\/strong>14 Dicembre 2019<\/p>\n<p><a href=\"https:\/\/www.rassegnastampa-totustuus.it\/cattolica\/wp-content\/uploads\/2017\/11\/Maria.jpg\"><img loading=\"lazy\" decoding=\"async\" class=\"size-full wp-image-39051 aligncenter\" src=\"https:\/\/www.rassegnastampa-totustuus.it\/cattolica\/wp-content\/uploads\/2017\/11\/Maria.jpg\" alt=\"\" width=\"201\" height=\"251\" \/><\/a><\/p>\n<p style=\"text-align: justify;\">Si sa che i protestanti rifiutano la devozione alla Madonna. D\u2019altronde (non ci va di tacerlo) dietro ogni eresia vi \u00e8 il diavolo ed \u00e8 fin troppo logico che il diavolo voglia far fuori la sua Grande Nemica, che \u00e8 appunto la Vergine Maria.<\/p>\n<p><!--more--><\/p>\n<p style=\"text-align: justify;\">Non a caso tra i tanti appellativi del\u2019Immacolata vi \u00e8 quello di <em>Debellatrice di tutte le eresie<\/em>.<\/p>\n<p style=\"text-align: justify;\">Eppure \u00e8 strano: Martin Lutero e i suoi seguaci hanno sempre sostenuto che la Bibbia sia l\u2019unica fonte della Rivelazione (\u00e8 il famoso <em>Sola Scriptura<\/em>), ma, riguardo alla Vergine Maria, negano proprio la chiarezza e l\u2019autorit\u00e0 della Bibbia.<\/p>\n<p style=\"text-align: justify;\">Nel Vangelo di Luca, l\u2019Angelo chiama la Madonna <em>\u201cpiena di grazia\u201d<\/em> ed Ella, poi, dinanzi ad Elisabetta canta di se stessa: <em>\u201ctutte le generazioni mi chiameranno beata\u201d.<\/em><\/p>\n<p><a href=\"https:\/\/www.rassegnastampa-totustuus.it\/cattolica\/wp-content\/uploads\/2020\/01\/Maria_annunciazione.jpg\"><img loading=\"lazy\" decoding=\"async\" class=\"size-full wp-image-45804 aligncenter\" src=\"https:\/\/www.rassegnastampa-totustuus.it\/cattolica\/wp-content\/uploads\/2020\/01\/Maria_annunciazione.jpg\" alt=\"\" width=\"270\" height=\"187\" \/><\/a><\/p>\n<p style=\"text-align: justify;\">Ebbene, basterebbero gi\u00e0 queste due espressioni per capire la grandezza della Madonna e l\u2019enorme errore dei protestanti. Un vecchio libro, <em>La Madonna nella storia delle conversioni<\/em> di Vittorino Cap\u00e0naga, racconta un fatto realmente accaduto.<\/p>\n<p style=\"text-align: center;\"><strong>______________<\/strong><\/p>\n<p style=\"text-align: justify;\">In un congresso cattolico svoltosi nella citt\u00e0 di Lille, un sacerdote inglese narr\u00f2 questa storia:<\/p>\n<p style=\"text-align: justify;\">Lontano da questa citt\u00e0 viveva una famiglia protestante composta da molti figli, uno dei quali (aveva sei anni) sent\u00ec un giorno recitare da alcuni cattolici la bellissima preghiera dell\u2019<em>Ave Maria<\/em>, che risuon\u00f2 alle sue orecchie come una dolce melodia.<\/p>\n<p style=\"text-align: justify;\">Tornato a casa, il fanciullo, con il candore e la semplicit\u00e0 propria della sua et\u00e0, recit\u00f2 ad alta voce, perch\u00e9 la madre la sentisse, la bellissima preghiera dei cattolici.<\/p>\n<p><a href=\"https:\/\/www.rassegnastampa-totustuus.it\/cattolica\/wp-content\/uploads\/2012\/10\/Maria-Vergine.jpg\"><img loading=\"lazy\" decoding=\"async\" class=\"size-full wp-image-34459 aligncenter\" src=\"https:\/\/www.rassegnastampa-totustuus.it\/cattolica\/wp-content\/uploads\/2012\/10\/Maria-Vergine.jpg\" alt=\"\" width=\"268\" height=\"188\" \/><\/a><\/p>\n<p style=\"text-align: justify;\">Ma la madre lo sgrid\u00f2:\u00a0<em>\u201cNon ripetere mai pi\u00f9 in vita tua queste parole! Sono parole superstiziose dei cattolici, che fanno di Maria una divinit\u00e0. Maria \u00e8 una semplice creatura, una donna come un\u2019altra qualsiasi, e niente di pi\u00f9!\u201d.<\/em><\/p>\n<p style=\"text-align: justify;\">Il fanciullo tacque. Ma gli restava il piacere di avere sentito per la prima volta l\u2019<em>Ave Maria<\/em>. Al solo ricordo di questa preghiera, sentiva la sua anima inondata di gioia.<\/p>\n<p style=\"text-align: justify;\">Cresciuto negli anni, leggendo da s\u00e9 i Vangeli, lo colp\u00ec il passo di San Luca: <em>\u201cE l\u2019Angelo disse a Maria: Ave, piena di grazia, il Signore \u00e8 con te.\u201d\u00a0<\/em><\/p>\n<p style=\"text-align: justify;\">Saltando di gioia il ragazzo corse dalla mamma col Vangelo aperto tra le mani, e le disse:\u00a0<em>\u201cMamma, leggi qui quello che \u00e8 scritto nella Bibbia: \u2018Ave, piena di grazia.\u2019 Perci\u00f2, perch\u00e9 dici che \u00e8 superstizione pronunziare queste parole?\u201d<\/em><\/p>\n<p><a href=\"https:\/\/www.rassegnastampa-totustuus.it\/cattolica\/wp-content\/uploads\/2014\/12\/Immacolata.jpg\"><img loading=\"lazy\" decoding=\"async\" class=\"aligncenter wp-image-15064\" src=\"https:\/\/www.rassegnastampa-totustuus.it\/cattolica\/wp-content\/uploads\/2014\/12\/Immacolata.jpg\" alt=\"\" width=\"153\" height=\"250\" \/><\/a><\/p>\n<p style=\"text-align: justify;\">La madre, arrabbiandosi, gli strapp\u00f2 il libro tra le mani e gli proib\u00ec severamente di tornare a ripetere la frase. Il ragazzo per\u00f2 rimase assai contento di aver recitato un\u2019altra volta l\u2019<em>Ave Maria<\/em>.<\/p>\n<p style=\"text-align: justify;\">Obbed\u00ec all\u2019ordine severo della madre, ma non dimentic\u00f2 mai pi\u00f9 la bella preghiera. La recitava da solo con immensa gioia.<\/p>\n<p style=\"text-align: justify;\">Il fanciullo crebbe ancora negli anni e nell\u2019intelligenza. A tredici anni pot\u00e9 capire da solo il passo evangelico e proporsi questo argomento convincente: <strong><em>\u201cO \u00e8 falso il Vangelo o lo \u00e8 il protestantesimo. I protestanti lo tengono come una regola di fede. E allora come possono negare che la Vergine \u00e8 la pi\u00f9 eccellente delle creature e qualcosa di pi\u00f9 di una semplice donna, quando lo Vangelo lo attesta tanto chiaramente?\u201d<\/em><\/strong><em>.<\/em><\/p>\n<p style=\"text-align: justify;\">Aiutato dalla Grazia, si sentiva irresistibilmente portato a credere quello che insegnava il Vangelo. Continuando a leggere il testo sacro, trov\u00f2 le altre non meno sublimi parole del\u00a0<em>Magnificat<\/em>: <em>\u201cTutte le generazioni mi chiameranno beata!\u201d.\u00a0<\/em><\/p>\n<p style=\"text-align: justify;\">Questo passo fece brillare nella sua anima la luce definitiva. La grazia e la fede lo guidarono fin d\u2019allora, persuadendolo fermamente della dignit\u00e0 di Maria.<\/p>\n<p><a href=\"https:\/\/www.rassegnastampa-totustuus.it\/cattolica\/wp-content\/uploads\/2019\/07\/Maria.jpg\"><img loading=\"lazy\" decoding=\"async\" class=\"aligncenter wp-image-43463\" src=\"https:\/\/www.rassegnastampa-totustuus.it\/cattolica\/wp-content\/uploads\/2019\/07\/Maria.jpg\" alt=\"\" width=\"163\" height=\"250\" \/><\/a><\/p>\n<p style=\"text-align: justify;\">Un giorno, in casa, la conversazione ricadde sul tema protestante che Maria sarebbe una donna come le altre.<\/p>\n<p style=\"text-align: justify;\">Allora il figlio, non potendo contenere pi\u00f9 la sua indignazione nel sentire simili espressioni, si alz\u00f2 in piedi e con voce e accento vibranti, protest\u00f2 cos\u00ec: <em>\u201cNo, non \u00e8 vero! La Santissima Vergine \u00e8 pi\u00f9 che una semplice creatura. L\u2019Angelo, mandato da Dio, La saluta \u2018piena di grazia\u2019. E\u2019 la Madre di Ges\u00f9, \u00e8 Madre di Dio. Ma notate la vostra contraddizione. Dite che la Bibbia \u00e8 l\u2019unico fondamento della fede: se \u00e8 cos\u00ec perch\u00e9 non le date credito quando dice che tutte le generazioni La chiameranno beata?\u201d.<\/em><\/p>\n<p style=\"text-align: justify;\"><em>\u201cChe vedo, che sento! \u2013<\/em>Grid\u00f2 inferocita la madre &#8211; <em>mio figlio finir\u00e0 per farsi cattolico!\u201d.<\/em> E lo era gi\u00e0 senza dubbio, in cuor suo, ma dovette lottare strenuamente contro tutti i suoi familiari.<\/p>\n<p style=\"text-align: justify;\">Studiava e si confermava sempre pi\u00f9 nella fede, e in ultimo, quando raggiunse la maggiore et\u00e0, ricevette il Battesimo. Il ragazzo, ormai in possesso della verit\u00e0 cattolica, sostenne le pi\u00f9 dure prove da parte di coloro che, dopo Dio, egli amava con maggiore affetto. Intanto un fratello cadde gravemente ammalato. In breve si ridusse in fin di vita.<\/p>\n<p style=\"text-align: justify;\">Tutti i rimedi della scienza e le premure di coloro che l\u2019amavano parevano insufficienti a scongiurare la morte. Ma Dio ispir\u00f2 al nostro bravo giovane una felice idea.<\/p>\n<p><a href=\"https:\/\/www.rassegnastampa-totustuus.it\/cattolica\/wp-content\/uploads\/2020\/01\/Maria.jpg\"><img loading=\"lazy\" decoding=\"async\" class=\"aligncenter wp-image-45805 size-full\" src=\"https:\/\/www.rassegnastampa-totustuus.it\/cattolica\/wp-content\/uploads\/2020\/01\/Maria.jpg\" alt=\"\" width=\"225\" height=\"225\" srcset=\"https:\/\/www.rassegnastampa-totustuus.it\/cattolica\/wp-content\/uploads\/2020\/01\/Maria.jpg 225w, https:\/\/www.rassegnastampa-totustuus.it\/cattolica\/wp-content\/uploads\/2020\/01\/Maria-150x150.jpg 150w\" sizes=\"auto, (max-width: 225px) 100vw, 225px\" \/><\/a><\/p>\n<p style=\"text-align: justify;\"><em>\u201cMamma\u201d \u2013 <\/em>le disse &#8211; <em>\u201cDio \u00e8 onnipotente, e pu\u00f2, se vuole, ridarci il caro malato, che noi stiamo per perdere. Recitate assieme a me l\u2019Ave Maria, e promettetemi, se il malato riacquister\u00e0 la salute, di studiare attentamente la religione cattolica e, se la troverete l\u2019unica vera, giuratemi d\u2019abbracciarla\u201d.<\/em><\/p>\n<p style=\"text-align: justify;\">Si pu\u00f2 immaginare come fosse accolta tale proposta! La mamma rugg\u00ec e fremette come una belva. In preda alla disperazione urlava come una fiera ferita.<\/p>\n<p style=\"text-align: justify;\">Intanto il moribondo stava per esalare l\u2019ultimo respiro.<\/p>\n<p style=\"text-align: justify;\">Poco dopo la donna si calm\u00f2 alquanto e cominci\u00f2 a pensare tra s\u00e9:\u00a0<em>\u201cPu\u00f2 darsi che si salvi!\u201d.<\/em> Vinta dall\u2019amore materno, pieg\u00f2 il capo dinanzi alla necessit\u00e0 del momento e, inginocchiatasi, recit\u00f2, assieme al figlio, l\u2019<em>Ave Maria<\/em>.<\/p>\n<p><a href=\"https:\/\/www.rassegnastampa-totustuus.it\/cattolica\/wp-content\/uploads\/2020\/01\/Ave_Maria.jpg\"><img loading=\"lazy\" decoding=\"async\" class=\"size-medium wp-image-45806 aligncenter\" src=\"https:\/\/www.rassegnastampa-totustuus.it\/cattolica\/wp-content\/uploads\/2020\/01\/Ave_Maria-300x168.jpg\" alt=\"\" width=\"300\" height=\"168\" \/><\/a><\/p>\n<p style=\"text-align: justify;\">Il giorno dopo il malato entrava in convalescenza. L\u2019intercessione di Maria l\u2019aveva salvato!<\/p>\n<p style=\"text-align: justify;\">Colei che prima bestemmiava dovette riconoscere la potente intercessione della Vergine Santissima e, come aveva promesso, dopo uno studio serio, abbracci\u00f2 con tutti i figli la Religione cattolica.<\/p>\n<p style=\"text-align: justify;\">Questo ragazzo \u2013 concluse il conferenziere, che era stato ascoltato da tutti con commossa attenzione &#8211; questo ragazzo devoto di Maria, \u00e8 oggi sacerdote, e questo sacerdote, o signori, \u00e8 colui che ha l\u2019onore di rivolgervi la parola.<\/p>\n","protected":false},"excerpt":{"rendered":"<p>Il Cammino dei Tre Sentieri 14 Dicembre 2019 Si sa che i protestanti rifiutano la devozione alla Madonna. D\u2019altronde (non ci va di tacerlo) dietro ogni eresia vi \u00e8 il diavolo ed \u00e8 fin troppo logico che il diavolo voglia far fuori la sua Grande Nemica, che \u00e8 appunto la Vergine Maria.<\/p><p><a class=\"more-link btn\" href=\"https:\/\/www.rassegnastampa-totustuus.it\/cattolica\/ti-raccontiamo-un-episodio-che-manda-in-frantumi-la-bugia-dei-protestanti-sulla-madonna\/\">Continua a leggere<\/a><\/p>\n","protected":false},"author":6,"featured_media":45801,"comment_status":"closed","ping_status":"closed","sticky":false,"template":"","format":"standard","meta":{"footnotes":""},"categories":[5,42],"tags":[157,458,343],"class_list":["post-45800","post","type-post","status-publish","format-standard","has-post-thumbnail","hentry","category-chiesa","category-dottrina-e-morale","tag-chiesa-2","tag-dottrina-e-morale-2","tag-maria-ss","item-wrap"],"yoast_head":"<!-- This site is optimized with the Yoast SEO plugin v27.4 - https:\/\/yoast.com\/product\/yoast-seo-wordpress\/ -->\n<title>Ti raccontiamo un episodio che manda in frantumi \u00a0la bugia dei Protestanti sulla Madonna. - Rassegna Stampa Cattolica<\/title>\n<meta name=\"description\" content=\"Rassegna Stampa Cattolica - Per una cultura che nasce dalla Rivelazione cristiana in conformit\u00e0 alla tradizione e al Magistero della Chiesa in opposizione ad ogni relativismo e totalitarismo\" \/>\n<meta name=\"robots\" content=\"index, follow, max-snippet:-1, max-image-preview:large, max-video-preview:-1\" \/>\n<link rel=\"canonical\" href=\"https:\/\/www.rassegnastampa-totustuus.it\/cattolica\/ti-raccontiamo-un-episodio-che-manda-in-frantumi-la-bugia-dei-protestanti-sulla-madonna\/\" \/>\n<meta property=\"og:locale\" content=\"it_IT\" \/>\n<meta property=\"og:type\" content=\"article\" \/>\n<meta property=\"og:title\" content=\"Ti raccontiamo un episodio che manda in frantumi \u00a0la bugia dei Protestanti sulla Madonna. - Rassegna Stampa Cattolica\" \/>\n<meta property=\"og:description\" content=\"Rassegna Stampa Cattolica - Per una cultura che nasce dalla Rivelazione cristiana in conformit\u00e0 alla tradizione e al Magistero della Chiesa in opposizione ad ogni relativismo e totalitarismo\" \/>\n<meta property=\"og:url\" content=\"https:\/\/www.rassegnastampa-totustuus.it\/cattolica\/ti-raccontiamo-un-episodio-che-manda-in-frantumi-la-bugia-dei-protestanti-sulla-madonna\/\" \/>\n<meta property=\"og:site_name\" content=\"Rassegna Stampa Cattolica\" \/>\n<meta property=\"article:publisher\" content=\"https:\/\/www.facebook.com\/rassegnastampacattolica\" \/>\n<meta property=\"article:published_time\" content=\"2020-01-22T23:00:45+00:00\" \/>\n<meta property=\"og:image\" content=\"https:\/\/www.rassegnastampa-totustuus.it\/cattolica\/wp-content\/uploads\/2020\/01\/maria_madre_Dio.jpg\" \/>\n\t<meta property=\"og:image:width\" content=\"1600\" \/>\n\t<meta property=\"og:image:height\" content=\"1141\" \/>\n\t<meta property=\"og:image:type\" content=\"image\/jpeg\" \/>\n<meta name=\"author\" content=\"Redazione\" \/>\n<meta name=\"twitter:card\" content=\"summary_large_image\" \/>\n<meta name=\"twitter:creator\" content=\"@rassegnastampa9\" \/>\n<meta name=\"twitter:site\" content=\"@rassegnastampa9\" \/>\n<meta name=\"twitter:label1\" content=\"Scritto da\" \/>\n\t<meta name=\"twitter:data1\" content=\"Redazione\" \/>\n\t<meta name=\"twitter:label2\" content=\"Tempo di lettura stimato\" \/>\n\t<meta name=\"twitter:data2\" content=\"5 minuti\" \/>\n<script type=\"application\/ld+json\" class=\"yoast-schema-graph\">{\"@context\":\"https:\\\/\\\/schema.org\",\"@graph\":[{\"@type\":\"Article\",\"@id\":\"https:\\\/\\\/www.rassegnastampa-totustuus.it\\\/cattolica\\\/ti-raccontiamo-un-episodio-che-manda-in-frantumi-la-bugia-dei-protestanti-sulla-madonna\\\/#article\",\"isPartOf\":{\"@id\":\"https:\\\/\\\/www.rassegnastampa-totustuus.it\\\/cattolica\\\/ti-raccontiamo-un-episodio-che-manda-in-frantumi-la-bugia-dei-protestanti-sulla-madonna\\\/\"},\"author\":{\"name\":\"Redazione\",\"@id\":\"https:\\\/\\\/www.rassegnastampa-totustuus.it\\\/cattolica\\\/#\\\/schema\\\/person\\\/08f319d2bd1a0904ad9e2bfb7b15e5c3\"},\"headline\":\"Ti raccontiamo un episodio che manda in frantumi \u00a0la bugia dei Protestanti sulla Madonna.\",\"datePublished\":\"2020-01-22T23:00:45+00:00\",\"mainEntityOfPage\":{\"@id\":\"https:\\\/\\\/www.rassegnastampa-totustuus.it\\\/cattolica\\\/ti-raccontiamo-un-episodio-che-manda-in-frantumi-la-bugia-dei-protestanti-sulla-madonna\\\/\"},\"wordCount\":1012,\"publisher\":{\"@id\":\"https:\\\/\\\/www.rassegnastampa-totustuus.it\\\/cattolica\\\/#organization\"},\"image\":{\"@id\":\"https:\\\/\\\/www.rassegnastampa-totustuus.it\\\/cattolica\\\/ti-raccontiamo-un-episodio-che-manda-in-frantumi-la-bugia-dei-protestanti-sulla-madonna\\\/#primaryimage\"},\"thumbnailUrl\":\"https:\\\/\\\/www.rassegnastampa-totustuus.it\\\/cattolica\\\/wp-content\\\/uploads\\\/2020\\\/01\\\/maria_madre_Dio.jpg\",\"keywords\":[\"chiesa\",\"dottrina e morale\",\"Maria SS.\"],\"articleSection\":[\"Chiesa\",\"Dottrina e morale\"],\"inLanguage\":\"it-IT\"},{\"@type\":\"WebPage\",\"@id\":\"https:\\\/\\\/www.rassegnastampa-totustuus.it\\\/cattolica\\\/ti-raccontiamo-un-episodio-che-manda-in-frantumi-la-bugia-dei-protestanti-sulla-madonna\\\/\",\"url\":\"https:\\\/\\\/www.rassegnastampa-totustuus.it\\\/cattolica\\\/ti-raccontiamo-un-episodio-che-manda-in-frantumi-la-bugia-dei-protestanti-sulla-madonna\\\/\",\"name\":\"Ti raccontiamo un episodio che manda in frantumi \u00a0la bugia dei Protestanti sulla Madonna. - Rassegna Stampa Cattolica\",\"isPartOf\":{\"@id\":\"https:\\\/\\\/www.rassegnastampa-totustuus.it\\\/cattolica\\\/#website\"},\"primaryImageOfPage\":{\"@id\":\"https:\\\/\\\/www.rassegnastampa-totustuus.it\\\/cattolica\\\/ti-raccontiamo-un-episodio-che-manda-in-frantumi-la-bugia-dei-protestanti-sulla-madonna\\\/#primaryimage\"},\"image\":{\"@id\":\"https:\\\/\\\/www.rassegnastampa-totustuus.it\\\/cattolica\\\/ti-raccontiamo-un-episodio-che-manda-in-frantumi-la-bugia-dei-protestanti-sulla-madonna\\\/#primaryimage\"},\"thumbnailUrl\":\"https:\\\/\\\/www.rassegnastampa-totustuus.it\\\/cattolica\\\/wp-content\\\/uploads\\\/2020\\\/01\\\/maria_madre_Dio.jpg\",\"datePublished\":\"2020-01-22T23:00:45+00:00\",\"description\":\"Rassegna Stampa Cattolica - Per una cultura che nasce dalla Rivelazione cristiana in conformit\u00e0 alla tradizione e al Magistero della Chiesa in opposizione ad ogni relativismo e totalitarismo\",\"breadcrumb\":{\"@id\":\"https:\\\/\\\/www.rassegnastampa-totustuus.it\\\/cattolica\\\/ti-raccontiamo-un-episodio-che-manda-in-frantumi-la-bugia-dei-protestanti-sulla-madonna\\\/#breadcrumb\"},\"inLanguage\":\"it-IT\",\"potentialAction\":[{\"@type\":\"ReadAction\",\"target\":[\"https:\\\/\\\/www.rassegnastampa-totustuus.it\\\/cattolica\\\/ti-raccontiamo-un-episodio-che-manda-in-frantumi-la-bugia-dei-protestanti-sulla-madonna\\\/\"]}]},{\"@type\":\"ImageObject\",\"inLanguage\":\"it-IT\",\"@id\":\"https:\\\/\\\/www.rassegnastampa-totustuus.it\\\/cattolica\\\/ti-raccontiamo-un-episodio-che-manda-in-frantumi-la-bugia-dei-protestanti-sulla-madonna\\\/#primaryimage\",\"url\":\"https:\\\/\\\/www.rassegnastampa-totustuus.it\\\/cattolica\\\/wp-content\\\/uploads\\\/2020\\\/01\\\/maria_madre_Dio.jpg\",\"contentUrl\":\"https:\\\/\\\/www.rassegnastampa-totustuus.it\\\/cattolica\\\/wp-content\\\/uploads\\\/2020\\\/01\\\/maria_madre_Dio.jpg\",\"width\":1600,\"height\":1141},{\"@type\":\"BreadcrumbList\",\"@id\":\"https:\\\/\\\/www.rassegnastampa-totustuus.it\\\/cattolica\\\/ti-raccontiamo-un-episodio-che-manda-in-frantumi-la-bugia-dei-protestanti-sulla-madonna\\\/#breadcrumb\",\"itemListElement\":[{\"@type\":\"ListItem\",\"position\":1,\"name\":\"Home\",\"item\":\"https:\\\/\\\/www.rassegnastampa-totustuus.it\\\/cattolica\\\/\"},{\"@type\":\"ListItem\",\"position\":2,\"name\":\"Ti raccontiamo un episodio che manda in frantumi \u00a0la bugia dei Protestanti sulla Madonna.\"}]},{\"@type\":\"WebSite\",\"@id\":\"https:\\\/\\\/www.rassegnastampa-totustuus.it\\\/cattolica\\\/#website\",\"url\":\"https:\\\/\\\/www.rassegnastampa-totustuus.it\\\/cattolica\\\/\",\"name\":\"Rassegna Stampa Cattolica\",\"description\":\"Per una cultura che nasce dalla Rivelazione cristiana in conformit\u00e0 alla tradizione e al Magistero della Chiesa in opposizione ad ogni relativismo e totalitarismo\",\"publisher\":{\"@id\":\"https:\\\/\\\/www.rassegnastampa-totustuus.it\\\/cattolica\\\/#organization\"},\"alternateName\":\"Rass. Cattolica\",\"potentialAction\":[{\"@type\":\"SearchAction\",\"target\":{\"@type\":\"EntryPoint\",\"urlTemplate\":\"https:\\\/\\\/www.rassegnastampa-totustuus.it\\\/cattolica\\\/?s={search_term_string}\"},\"query-input\":{\"@type\":\"PropertyValueSpecification\",\"valueRequired\":true,\"valueName\":\"search_term_string\"}}],\"inLanguage\":\"it-IT\"},{\"@type\":\"Organization\",\"@id\":\"https:\\\/\\\/www.rassegnastampa-totustuus.it\\\/cattolica\\\/#organization\",\"name\":\"Rassegna Stampa Cattolica\",\"url\":\"https:\\\/\\\/www.rassegnastampa-totustuus.it\\\/cattolica\\\/\",\"logo\":{\"@type\":\"ImageObject\",\"inLanguage\":\"it-IT\",\"@id\":\"https:\\\/\\\/www.rassegnastampa-totustuus.it\\\/cattolica\\\/#\\\/schema\\\/logo\\\/image\\\/\",\"url\":\"https:\\\/\\\/www.rassegnastampa-totustuus.it\\\/cattolica\\\/wp-content\\\/uploads\\\/2014\\\/04\\\/logo-rassegna1.gif\",\"contentUrl\":\"https:\\\/\\\/www.rassegnastampa-totustuus.it\\\/cattolica\\\/wp-content\\\/uploads\\\/2014\\\/04\\\/logo-rassegna1.gif\",\"width\":600,\"height\":163,\"caption\":\"Rassegna Stampa Cattolica\"},\"image\":{\"@id\":\"https:\\\/\\\/www.rassegnastampa-totustuus.it\\\/cattolica\\\/#\\\/schema\\\/logo\\\/image\\\/\"},\"sameAs\":[\"https:\\\/\\\/www.facebook.com\\\/rassegnastampacattolica\",\"https:\\\/\\\/x.com\\\/rassegnastampa9\"]},{\"@type\":\"Person\",\"@id\":\"https:\\\/\\\/www.rassegnastampa-totustuus.it\\\/cattolica\\\/#\\\/schema\\\/person\\\/08f319d2bd1a0904ad9e2bfb7b15e5c3\",\"name\":\"Redazione\",\"image\":{\"@type\":\"ImageObject\",\"inLanguage\":\"it-IT\",\"@id\":\"https:\\\/\\\/secure.gravatar.com\\\/avatar\\\/2fcdf27c78ea025fbdb44e914cc63c72249ffec9dc8aafd5c82b26240ef3f346?s=96&d=mm&r=g\",\"url\":\"https:\\\/\\\/secure.gravatar.com\\\/avatar\\\/2fcdf27c78ea025fbdb44e914cc63c72249ffec9dc8aafd5c82b26240ef3f346?s=96&d=mm&r=g\",\"contentUrl\":\"https:\\\/\\\/secure.gravatar.com\\\/avatar\\\/2fcdf27c78ea025fbdb44e914cc63c72249ffec9dc8aafd5c82b26240ef3f346?s=96&d=mm&r=g\",\"caption\":\"Redazione\"},\"url\":\"https:\\\/\\\/www.rassegnastampa-totustuus.it\\\/cattolica\\\/author\\\/pietroelle\\\/\"}]}<\/script>\n<!-- \/ Yoast SEO plugin. -->","yoast_head_json":{"title":"Ti raccontiamo un episodio che manda in frantumi \u00a0la bugia dei Protestanti sulla Madonna. - Rassegna Stampa Cattolica","description":"Rassegna Stampa Cattolica - Per una cultura che nasce dalla Rivelazione cristiana in conformit\u00e0 alla tradizione e al Magistero della Chiesa in opposizione ad ogni relativismo e totalitarismo","robots":{"index":"index","follow":"follow","max-snippet":"max-snippet:-1","max-image-preview":"max-image-preview:large","max-video-preview":"max-video-preview:-1"},"canonical":"https:\/\/www.rassegnastampa-totustuus.it\/cattolica\/ti-raccontiamo-un-episodio-che-manda-in-frantumi-la-bugia-dei-protestanti-sulla-madonna\/","og_locale":"it_IT","og_type":"article","og_title":"Ti raccontiamo un episodio che manda in frantumi \u00a0la bugia dei Protestanti sulla Madonna. - Rassegna Stampa Cattolica","og_description":"Rassegna Stampa Cattolica - Per una cultura che nasce dalla Rivelazione cristiana in conformit\u00e0 alla tradizione e al Magistero della Chiesa in opposizione ad ogni relativismo e totalitarismo","og_url":"https:\/\/www.rassegnastampa-totustuus.it\/cattolica\/ti-raccontiamo-un-episodio-che-manda-in-frantumi-la-bugia-dei-protestanti-sulla-madonna\/","og_site_name":"Rassegna Stampa Cattolica","article_publisher":"https:\/\/www.facebook.com\/rassegnastampacattolica","article_published_time":"2020-01-22T23:00:45+00:00","og_image":[{"width":1600,"height":1141,"url":"https:\/\/www.rassegnastampa-totustuus.it\/cattolica\/wp-content\/uploads\/2020\/01\/maria_madre_Dio.jpg","type":"image\/jpeg"}],"author":"Redazione","twitter_card":"summary_large_image","twitter_creator":"@rassegnastampa9","twitter_site":"@rassegnastampa9","twitter_misc":{"Scritto da":"Redazione","Tempo di lettura stimato":"5 minuti"},"schema":{"@context":"https:\/\/schema.org","@graph":[{"@type":"Article","@id":"https:\/\/www.rassegnastampa-totustuus.it\/cattolica\/ti-raccontiamo-un-episodio-che-manda-in-frantumi-la-bugia-dei-protestanti-sulla-madonna\/#article","isPartOf":{"@id":"https:\/\/www.rassegnastampa-totustuus.it\/cattolica\/ti-raccontiamo-un-episodio-che-manda-in-frantumi-la-bugia-dei-protestanti-sulla-madonna\/"},"author":{"name":"Redazione","@id":"https:\/\/www.rassegnastampa-totustuus.it\/cattolica\/#\/schema\/person\/08f319d2bd1a0904ad9e2bfb7b15e5c3"},"headline":"Ti raccontiamo un episodio che manda in frantumi \u00a0la bugia dei Protestanti sulla Madonna.","datePublished":"2020-01-22T23:00:45+00:00","mainEntityOfPage":{"@id":"https:\/\/www.rassegnastampa-totustuus.it\/cattolica\/ti-raccontiamo-un-episodio-che-manda-in-frantumi-la-bugia-dei-protestanti-sulla-madonna\/"},"wordCount":1012,"publisher":{"@id":"https:\/\/www.rassegnastampa-totustuus.it\/cattolica\/#organization"},"image":{"@id":"https:\/\/www.rassegnastampa-totustuus.it\/cattolica\/ti-raccontiamo-un-episodio-che-manda-in-frantumi-la-bugia-dei-protestanti-sulla-madonna\/#primaryimage"},"thumbnailUrl":"https:\/\/www.rassegnastampa-totustuus.it\/cattolica\/wp-content\/uploads\/2020\/01\/maria_madre_Dio.jpg","keywords":["chiesa","dottrina e morale","Maria SS."],"articleSection":["Chiesa","Dottrina e morale"],"inLanguage":"it-IT"},{"@type":"WebPage","@id":"https:\/\/www.rassegnastampa-totustuus.it\/cattolica\/ti-raccontiamo-un-episodio-che-manda-in-frantumi-la-bugia-dei-protestanti-sulla-madonna\/","url":"https:\/\/www.rassegnastampa-totustuus.it\/cattolica\/ti-raccontiamo-un-episodio-che-manda-in-frantumi-la-bugia-dei-protestanti-sulla-madonna\/","name":"Ti raccontiamo un episodio che manda in frantumi \u00a0la bugia dei Protestanti sulla Madonna. - Rassegna Stampa Cattolica","isPartOf":{"@id":"https:\/\/www.rassegnastampa-totustuus.it\/cattolica\/#website"},"primaryImageOfPage":{"@id":"https:\/\/www.rassegnastampa-totustuus.it\/cattolica\/ti-raccontiamo-un-episodio-che-manda-in-frantumi-la-bugia-dei-protestanti-sulla-madonna\/#primaryimage"},"image":{"@id":"https:\/\/www.rassegnastampa-totustuus.it\/cattolica\/ti-raccontiamo-un-episodio-che-manda-in-frantumi-la-bugia-dei-protestanti-sulla-madonna\/#primaryimage"},"thumbnailUrl":"https:\/\/www.rassegnastampa-totustuus.it\/cattolica\/wp-content\/uploads\/2020\/01\/maria_madre_Dio.jpg","datePublished":"2020-01-22T23:00:45+00:00","description":"Rassegna Stampa Cattolica - Per una cultura che nasce dalla Rivelazione cristiana in conformit\u00e0 alla tradizione e al Magistero della Chiesa in opposizione ad ogni relativismo e totalitarismo","breadcrumb":{"@id":"https:\/\/www.rassegnastampa-totustuus.it\/cattolica\/ti-raccontiamo-un-episodio-che-manda-in-frantumi-la-bugia-dei-protestanti-sulla-madonna\/#breadcrumb"},"inLanguage":"it-IT","potentialAction":[{"@type":"ReadAction","target":["https:\/\/www.rassegnastampa-totustuus.it\/cattolica\/ti-raccontiamo-un-episodio-che-manda-in-frantumi-la-bugia-dei-protestanti-sulla-madonna\/"]}]},{"@type":"ImageObject","inLanguage":"it-IT","@id":"https:\/\/www.rassegnastampa-totustuus.it\/cattolica\/ti-raccontiamo-un-episodio-che-manda-in-frantumi-la-bugia-dei-protestanti-sulla-madonna\/#primaryimage","url":"https:\/\/www.rassegnastampa-totustuus.it\/cattolica\/wp-content\/uploads\/2020\/01\/maria_madre_Dio.jpg","contentUrl":"https:\/\/www.rassegnastampa-totustuus.it\/cattolica\/wp-content\/uploads\/2020\/01\/maria_madre_Dio.jpg","width":1600,"height":1141},{"@type":"BreadcrumbList","@id":"https:\/\/www.rassegnastampa-totustuus.it\/cattolica\/ti-raccontiamo-un-episodio-che-manda-in-frantumi-la-bugia-dei-protestanti-sulla-madonna\/#breadcrumb","itemListElement":[{"@type":"ListItem","position":1,"name":"Home","item":"https:\/\/www.rassegnastampa-totustuus.it\/cattolica\/"},{"@type":"ListItem","position":2,"name":"Ti raccontiamo un episodio che manda in frantumi \u00a0la bugia dei Protestanti sulla Madonna."}]},{"@type":"WebSite","@id":"https:\/\/www.rassegnastampa-totustuus.it\/cattolica\/#website","url":"https:\/\/www.rassegnastampa-totustuus.it\/cattolica\/","name":"Rassegna Stampa Cattolica","description":"Per una cultura che nasce dalla Rivelazione cristiana in conformit\u00e0 alla tradizione e al Magistero della Chiesa in opposizione ad ogni relativismo e totalitarismo","publisher":{"@id":"https:\/\/www.rassegnastampa-totustuus.it\/cattolica\/#organization"},"alternateName":"Rass. Cattolica","potentialAction":[{"@type":"SearchAction","target":{"@type":"EntryPoint","urlTemplate":"https:\/\/www.rassegnastampa-totustuus.it\/cattolica\/?s={search_term_string}"},"query-input":{"@type":"PropertyValueSpecification","valueRequired":true,"valueName":"search_term_string"}}],"inLanguage":"it-IT"},{"@type":"Organization","@id":"https:\/\/www.rassegnastampa-totustuus.it\/cattolica\/#organization","name":"Rassegna Stampa Cattolica","url":"https:\/\/www.rassegnastampa-totustuus.it\/cattolica\/","logo":{"@type":"ImageObject","inLanguage":"it-IT","@id":"https:\/\/www.rassegnastampa-totustuus.it\/cattolica\/#\/schema\/logo\/image\/","url":"https:\/\/www.rassegnastampa-totustuus.it\/cattolica\/wp-content\/uploads\/2014\/04\/logo-rassegna1.gif","contentUrl":"https:\/\/www.rassegnastampa-totustuus.it\/cattolica\/wp-content\/uploads\/2014\/04\/logo-rassegna1.gif","width":600,"height":163,"caption":"Rassegna Stampa Cattolica"},"image":{"@id":"https:\/\/www.rassegnastampa-totustuus.it\/cattolica\/#\/schema\/logo\/image\/"},"sameAs":["https:\/\/www.facebook.com\/rassegnastampacattolica","https:\/\/x.com\/rassegnastampa9"]},{"@type":"Person","@id":"https:\/\/www.rassegnastampa-totustuus.it\/cattolica\/#\/schema\/person\/08f319d2bd1a0904ad9e2bfb7b15e5c3","name":"Redazione","image":{"@type":"ImageObject","inLanguage":"it-IT","@id":"https:\/\/secure.gravatar.com\/avatar\/2fcdf27c78ea025fbdb44e914cc63c72249ffec9dc8aafd5c82b26240ef3f346?s=96&d=mm&r=g","url":"https:\/\/secure.gravatar.com\/avatar\/2fcdf27c78ea025fbdb44e914cc63c72249ffec9dc8aafd5c82b26240ef3f346?s=96&d=mm&r=g","contentUrl":"https:\/\/secure.gravatar.com\/avatar\/2fcdf27c78ea025fbdb44e914cc63c72249ffec9dc8aafd5c82b26240ef3f346?s=96&d=mm&r=g","caption":"Redazione"},"url":"https:\/\/www.rassegnastampa-totustuus.it\/cattolica\/author\/pietroelle\/"}]}},"_links":{"self":[{"href":"https:\/\/www.rassegnastampa-totustuus.it\/cattolica\/wp-json\/wp\/v2\/posts\/45800","targetHints":{"allow":["GET"]}}],"collection":[{"href":"https:\/\/www.rassegnastampa-totustuus.it\/cattolica\/wp-json\/wp\/v2\/posts"}],"about":[{"href":"https:\/\/www.rassegnastampa-totustuus.it\/cattolica\/wp-json\/wp\/v2\/types\/post"}],"author":[{"embeddable":true,"href":"https:\/\/www.rassegnastampa-totustuus.it\/cattolica\/wp-json\/wp\/v2\/users\/6"}],"replies":[{"embeddable":true,"href":"https:\/\/www.rassegnastampa-totustuus.it\/cattolica\/wp-json\/wp\/v2\/comments?post=45800"}],"version-history":[{"count":2,"href":"https:\/\/www.rassegnastampa-totustuus.it\/cattolica\/wp-json\/wp\/v2\/posts\/45800\/revisions"}],"predecessor-version":[{"id":45807,"href":"https:\/\/www.rassegnastampa-totustuus.it\/cattolica\/wp-json\/wp\/v2\/posts\/45800\/revisions\/45807"}],"wp:featuredmedia":[{"embeddable":true,"href":"https:\/\/www.rassegnastampa-totustuus.it\/cattolica\/wp-json\/wp\/v2\/media\/45801"}],"wp:attachment":[{"href":"https:\/\/www.rassegnastampa-totustuus.it\/cattolica\/wp-json\/wp\/v2\/media?parent=45800"}],"wp:term":[{"taxonomy":"category","embeddable":true,"href":"https:\/\/www.rassegnastampa-totustuus.it\/cattolica\/wp-json\/wp\/v2\/categories?post=45800"},{"taxonomy":"post_tag","embeddable":true,"href":"https:\/\/www.rassegnastampa-totustuus.it\/cattolica\/wp-json\/wp\/v2\/tags?post=45800"}],"curies":[{"name":"wp","href":"https:\/\/api.w.org\/{rel}","templated":true}]}}