{"id":4577,"date":"2011-06-01T00:00:00","date_gmt":"2011-05-31T22:00:00","guid":{"rendered":""},"modified":"2016-04-28T16:21:34","modified_gmt":"2016-04-28T14:21:34","slug":"la-sofferenza-dei-figli-dei-divorziati","status":"publish","type":"post","link":"https:\/\/www.rassegnastampa-totustuus.it\/cattolica\/la-sofferenza-dei-figli-dei-divorziati\/","title":{"rendered":"La sofferenza dei figli dei divorziati nell\u2019esperienza di chi insegna e del Telefono Azzurro"},"content":{"rendered":"<div style=\"text-align: center;\"><strong><img loading=\"lazy\" decoding=\"async\" class=\"alignright wp-image-33731\" src=\"https:\/\/www.rassegnastampa-totustuus.it\/cattolica\/wp-content\/uploads\/2011\/06\/divorzio_bambini.jpg\" alt=\"divorzio_bambini\" width=\"250\" height=\"187\" \/>Il Foglio<\/strong> del 19 maggio 2011<\/div>\n<p style=\"text-align: center;\">di <strong>Francesco Agnoli<\/strong><\/p>\n<p style=\"text-align: justify;\">Una recente ricerca dell\u2019Universit\u00e0 di Toronto afferma che i figli del divorzio sono pi\u00f9 facilmente propensi al suicidio rispetto ai figli che hanno avuto una famiglia stabile. La ricerca \u00e8 stata pubblicata anche su \u201cPsychiatry Research\u201d e su altri giornali stranieri, ma non ha avuto nessuna eco nel nostro paese. Eppure quella ricerca non fa che confermare quello che il buon senso insegna.<\/p>\n<p><!--more--><\/p>\n<div style=\"text-align: justify;\">Ognuno di noi ha bisogno di riferimenti stabili, di una roccia su cui costruire la sua vita futura. Quella roccia \u00e8 senza dubbio la famiglia. L\u00ec si impara tutto quello che \u00e8 necessario, perch\u00e9 la famiglia contiene in s\u00e9 la variet\u00e0 generazionale (bambini e adulti), la massima variet\u00e0 sessuale e psicologica (padre-maschio e madre-femmina) e la variet\u00e0 dei ruoli e delle funzioni.<\/div>\n<p style=\"text-align: justify;\">La famiglia \u00e8 dunque il microcosmo in cui si forma la nostra personalit\u00e0, e in cui ci prepariamo ad affrontare la futura vita in societ\u00e0. Se la famiglia \u00e8 forte, equilibrata, capace di trasmettere serenit\u00e0 e sicurezza al bambino, egli potr\u00e0 sviluppare appieno gli aspetti positivi della sua personalit\u00e0.<\/p>\n<p style=\"text-align: justify;\">Altrimenti egli si trova, come tanti miei alunni che hanno patito il divorzio dei genitori, a vivere una condizione di precariet\u00e0 e di fragilit\u00e0 fortissime. Il figlio del divorzio, per stare alla mia esperienza, difficilmente sapr\u00e0 concentrarsi nello studio, perch\u00e9 ben altri sono i suoi problemi. Difficilmente si appassioner\u00e0 a questa o quella materia, perch\u00e9 la sua vita \u00e8 dilaniata, in casa, dall\u2019incertezza e dalla conflittualit\u00e0, che dopo il divorzio non scompare affatto, ma si trasferisce sul figlio stesso, che diventa il campo di battaglia dei due genitori. Quante volte mi sono sentito dire da uno dei miei ragazzi \/ e: \u201cCosa vuole che mi interessi la scuola, ne ho gi\u00e0 abbastanza di problemi a casa, io!\u201d.<\/p>\n<p style=\"text-align: justify;\">Tanti giovani pigri, svogliati, disinteressati alla vita, sono oggi figli certamente del vuoto di valori, della societ\u00e0 tecnologica che sostituisce le relazioni umane con quelle mediatiche, ma spesso sono i figli di una relazione essenziale, quella familiare, naufragata.<\/p>\n<p style=\"text-align: justify;\">Trovo conferma a queste banalissime osservazioni, che la mentalit\u00e0 ideologica rifiuta categoricamente, in un libretto pubblicato recentemente dal Telefono Azzurro (Azzurro press), intitolato \u201cLa separazione e il divorzio\u201d. Questo libretto \u00e8 nato dalla esperienza diretta dei collaboratori del Telefono che da venti anni raccolgono le richieste di aiuto dei bambini.<\/p>\n<p style=\"text-align: justify;\">Separazione e divorzio, esordiscono gli autori, sono ormai un \u201cfenomeno di massa\u201d anche in Italia, cio\u00e8 in un paese in cui, grazie alla tradizione cattolica, la famiglia ha retto pi\u00f9 a lungo che altrove. Un fenomeno che travolge gli adulti \u2013 sempre pi\u00f9 soli di fronte alle loro, umane, difficolt\u00e0, dal momento che manca una cultura che aiuti a tenere duro e nello stesso tempo cala sempre pi\u00f9 il ricorso a una figura mediatrice come quella del sacerdote, che un tempo univa saggezza e autorevolezza \u2013 e i figli.<\/p>\n<p style=\"text-align: justify;\">Cosa dicono, a riguardo di quest\u2019ultimi, gli esperti del Telefono Azzurro? Affermano che \u201cla separazione dei genitori \u00e8 uno degli eventi pi\u00f9 stressanti che un bambino possa vivere\u2026 I figli di una coppia che ha fallito il proprio progetto matrimoniale tendono spesso a vivere la rottura del nucleo familiare come un\u2019ingiustizia\u2026 il primo pensiero che attraversa la mente di un bimbo quando apprende che mamma e pap\u00e0 non vivranno pi\u00f9 insieme \u00e8 inevitabilmente di abbandono\u2026\u201d.<\/p>\n<p style=\"text-align: justify;\">Ne nasce una \u201cpaura che pu\u00f2 essere dirompente, che precipita nell\u2019angoscia\u2026 durante e dopo la separazione pu\u00f2 succedere che i figli diventino ansiosi, irritabili, depressi; possono piangere senza motivo, avere dolori allo stomaco, soffrire di insonnia, andare male a scuola, comportarsi in modo aggressivo\u201d: si tratta di un \u201cdolore fortissimo, pi\u00f9 o meno come un lutto\u201d.<\/p>\n<p style=\"text-align: justify;\">I figli del divorzio, che sono ogni anni di pi\u00f9, oltre ad attacchi di panico, tristezza, depressione, provano talora un profondo \u201csenso di colpa\u201d, unito ad un \u201csenso di frustrazione legato all\u2019inutilit\u00e0 dei propri sforzi\u201d. Che aumenta con \u201cl\u2019arrivo di un nuovo compagno\u201d, ovviamente incapace di sostituire il vero genitore.<\/p>\n<p style=\"text-align: justify;\"><strong>La condizione di \u201cquasi normalit\u00e0<\/strong><\/p>\n<p style=\"text-align: justify;\">Con l\u2019aumentare dei divorzi nella nostra societ\u00e0, cambia qualcosa? Assolutamente no. Per il milione abbondante di \u201cminorenni che vivono la condizione di \u2018figli di genitori separati\u2019\u2026la condizione di \u2018quasi normalit\u00e0\u2019 a livello sociale non serve certo a ridurre il peso di quello strappo, delle lontananze tra padre e madre, spesso in situazioni di aperta conflittualit\u00e0, nelle quali i figli diventano terreno di scontro principale tra i due ex coniugi.<\/p>\n<p style=\"text-align: justify;\">Di questo disagio, di questa sofferenza, di questa frequente incapacit\u00e0 dei bambini di adattarsi alla nuova condizione sono testimoni gli operatori di Telefono Azzurro che sempre pi\u00f9 di frequente devono far fronte alle domande e alle richieste di figli di separati in difficolt\u00e0.<\/p>\n<p style=\"text-align: justify;\">Sentimenti di tristezza, rabbia, abbandono e confusione si manifestano nei pi\u00f9 piccoli, mentre tali emozioni si riducono con la crescita, lasciando piuttosto spazio a manifestazioni di problematicit\u00e0 caratteriale nell\u2019adolescenza\u201d. Cos\u00ec tanti fiori di giovinezza, di entusiasmo, di vita, rischiano di non sbocciare.<\/p>\n","protected":false},"excerpt":{"rendered":"<p>Il Foglio del 19 maggio 2011 di Francesco Agnoli Una recente ricerca dell\u2019Universit\u00e0 di Toronto afferma che i figli del divorzio sono pi\u00f9 facilmente propensi al suicidio rispetto ai figli che hanno avuto una famiglia stabile. La ricerca \u00e8 stata pubblicata anche su \u201cPsychiatry Research\u201d e su altri giornali stranieri, ma non ha avuto nessuna &hellip; <\/p>\n<p><a class=\"more-link btn\" href=\"https:\/\/www.rassegnastampa-totustuus.it\/cattolica\/la-sofferenza-dei-figli-dei-divorziati\/\">Continua a leggere<\/a><\/p>\n","protected":false},"author":6,"featured_media":33731,"comment_status":"closed","ping_status":"open","sticky":false,"template":"","format":"standard","meta":{"footnotes":""},"categories":[15],"tags":[315,1075],"class_list":["post-4577","post","type-post","status-publish","format-standard","has-post-thumbnail","hentry","category-famiglia","tag-divorzio","tag-figli","item-wrap"],"yoast_head":"<!-- This site is optimized with the Yoast SEO plugin v27.5 - https:\/\/yoast.com\/product\/yoast-seo-wordpress\/ -->\n<title>La sofferenza dei figli dei divorziati nell\u2019esperienza di chi insegna e del Telefono Azzurro - Rassegna Stampa Cattolica<\/title>\n<meta name=\"description\" content=\"Rassegna Stampa Cattolica - Per una cultura che nasce dalla Rivelazione cristiana in conformit\u00e0 alla tradizione e al Magistero della Chiesa in opposizione ad ogni relativismo e totalitarismo\" \/>\n<meta name=\"robots\" content=\"index, follow, max-snippet:-1, max-image-preview:large, max-video-preview:-1\" \/>\n<link rel=\"canonical\" href=\"https:\/\/www.rassegnastampa-totustuus.it\/cattolica\/la-sofferenza-dei-figli-dei-divorziati\/\" \/>\n<meta property=\"og:locale\" content=\"it_IT\" \/>\n<meta property=\"og:type\" content=\"article\" \/>\n<meta property=\"og:title\" content=\"La sofferenza dei figli dei divorziati nell\u2019esperienza di chi insegna e del Telefono Azzurro - Rassegna Stampa Cattolica\" \/>\n<meta property=\"og:description\" content=\"Rassegna Stampa Cattolica - Per una cultura che nasce dalla Rivelazione cristiana in conformit\u00e0 alla tradizione e al Magistero della Chiesa in opposizione ad ogni relativismo e totalitarismo\" \/>\n<meta property=\"og:url\" content=\"https:\/\/www.rassegnastampa-totustuus.it\/cattolica\/la-sofferenza-dei-figli-dei-divorziati\/\" \/>\n<meta property=\"og:site_name\" content=\"Rassegna Stampa Cattolica\" \/>\n<meta property=\"article:publisher\" content=\"https:\/\/www.facebook.com\/rassegnastampacattolica\" \/>\n<meta property=\"article:published_time\" content=\"2011-05-31T22:00:00+00:00\" \/>\n<meta property=\"article:modified_time\" content=\"2016-04-28T14:21:34+00:00\" \/>\n<meta property=\"og:image\" content=\"https:\/\/www.rassegnastampa-totustuus.it\/cattolica\/wp-content\/uploads\/2011\/06\/divorzio_bambini.jpg\" \/>\n\t<meta property=\"og:image:width\" content=\"259\" \/>\n\t<meta property=\"og:image:height\" content=\"194\" \/>\n\t<meta property=\"og:image:type\" content=\"image\/jpeg\" \/>\n<meta name=\"author\" content=\"Redazione\" \/>\n<meta name=\"twitter:card\" content=\"summary_large_image\" \/>\n<meta name=\"twitter:creator\" content=\"@rassegnastampa9\" \/>\n<meta name=\"twitter:site\" content=\"@rassegnastampa9\" \/>\n<meta name=\"twitter:label1\" content=\"Scritto da\" \/>\n\t<meta name=\"twitter:data1\" content=\"Redazione\" \/>\n\t<meta name=\"twitter:label2\" content=\"Tempo di lettura stimato\" \/>\n\t<meta name=\"twitter:data2\" content=\"4 minuti\" \/>\n<script type=\"application\/ld+json\" class=\"yoast-schema-graph\">{\"@context\":\"https:\\\/\\\/schema.org\",\"@graph\":[{\"@type\":\"Article\",\"@id\":\"https:\\\/\\\/www.rassegnastampa-totustuus.it\\\/cattolica\\\/la-sofferenza-dei-figli-dei-divorziati\\\/#article\",\"isPartOf\":{\"@id\":\"https:\\\/\\\/www.rassegnastampa-totustuus.it\\\/cattolica\\\/la-sofferenza-dei-figli-dei-divorziati\\\/\"},\"author\":{\"name\":\"Redazione\",\"@id\":\"https:\\\/\\\/www.rassegnastampa-totustuus.it\\\/cattolica\\\/#\\\/schema\\\/person\\\/08f319d2bd1a0904ad9e2bfb7b15e5c3\"},\"headline\":\"La sofferenza dei figli dei divorziati nell\u2019esperienza di chi insegna e del Telefono Azzurro\",\"datePublished\":\"2011-05-31T22:00:00+00:00\",\"dateModified\":\"2016-04-28T14:21:34+00:00\",\"mainEntityOfPage\":{\"@id\":\"https:\\\/\\\/www.rassegnastampa-totustuus.it\\\/cattolica\\\/la-sofferenza-dei-figli-dei-divorziati\\\/\"},\"wordCount\":828,\"publisher\":{\"@id\":\"https:\\\/\\\/www.rassegnastampa-totustuus.it\\\/cattolica\\\/#organization\"},\"image\":{\"@id\":\"https:\\\/\\\/www.rassegnastampa-totustuus.it\\\/cattolica\\\/la-sofferenza-dei-figli-dei-divorziati\\\/#primaryimage\"},\"thumbnailUrl\":\"https:\\\/\\\/www.rassegnastampa-totustuus.it\\\/cattolica\\\/wp-content\\\/uploads\\\/2011\\\/06\\\/divorzio_bambini.jpg\",\"keywords\":[\"divorzio\",\"figli\"],\"articleSection\":[\"Famiglia\"],\"inLanguage\":\"it-IT\"},{\"@type\":\"WebPage\",\"@id\":\"https:\\\/\\\/www.rassegnastampa-totustuus.it\\\/cattolica\\\/la-sofferenza-dei-figli-dei-divorziati\\\/\",\"url\":\"https:\\\/\\\/www.rassegnastampa-totustuus.it\\\/cattolica\\\/la-sofferenza-dei-figli-dei-divorziati\\\/\",\"name\":\"La sofferenza dei figli dei divorziati nell\u2019esperienza di chi insegna e del Telefono Azzurro - Rassegna Stampa Cattolica\",\"isPartOf\":{\"@id\":\"https:\\\/\\\/www.rassegnastampa-totustuus.it\\\/cattolica\\\/#website\"},\"primaryImageOfPage\":{\"@id\":\"https:\\\/\\\/www.rassegnastampa-totustuus.it\\\/cattolica\\\/la-sofferenza-dei-figli-dei-divorziati\\\/#primaryimage\"},\"image\":{\"@id\":\"https:\\\/\\\/www.rassegnastampa-totustuus.it\\\/cattolica\\\/la-sofferenza-dei-figli-dei-divorziati\\\/#primaryimage\"},\"thumbnailUrl\":\"https:\\\/\\\/www.rassegnastampa-totustuus.it\\\/cattolica\\\/wp-content\\\/uploads\\\/2011\\\/06\\\/divorzio_bambini.jpg\",\"datePublished\":\"2011-05-31T22:00:00+00:00\",\"dateModified\":\"2016-04-28T14:21:34+00:00\",\"description\":\"Rassegna Stampa Cattolica - Per una cultura che nasce dalla Rivelazione cristiana in conformit\u00e0 alla tradizione e al Magistero della Chiesa in opposizione ad ogni relativismo e totalitarismo\",\"breadcrumb\":{\"@id\":\"https:\\\/\\\/www.rassegnastampa-totustuus.it\\\/cattolica\\\/la-sofferenza-dei-figli-dei-divorziati\\\/#breadcrumb\"},\"inLanguage\":\"it-IT\",\"potentialAction\":[{\"@type\":\"ReadAction\",\"target\":[\"https:\\\/\\\/www.rassegnastampa-totustuus.it\\\/cattolica\\\/la-sofferenza-dei-figli-dei-divorziati\\\/\"]}]},{\"@type\":\"ImageObject\",\"inLanguage\":\"it-IT\",\"@id\":\"https:\\\/\\\/www.rassegnastampa-totustuus.it\\\/cattolica\\\/la-sofferenza-dei-figli-dei-divorziati\\\/#primaryimage\",\"url\":\"https:\\\/\\\/www.rassegnastampa-totustuus.it\\\/cattolica\\\/wp-content\\\/uploads\\\/2011\\\/06\\\/divorzio_bambini.jpg\",\"contentUrl\":\"https:\\\/\\\/www.rassegnastampa-totustuus.it\\\/cattolica\\\/wp-content\\\/uploads\\\/2011\\\/06\\\/divorzio_bambini.jpg\",\"width\":259,\"height\":194},{\"@type\":\"BreadcrumbList\",\"@id\":\"https:\\\/\\\/www.rassegnastampa-totustuus.it\\\/cattolica\\\/la-sofferenza-dei-figli-dei-divorziati\\\/#breadcrumb\",\"itemListElement\":[{\"@type\":\"ListItem\",\"position\":1,\"name\":\"Home\",\"item\":\"https:\\\/\\\/www.rassegnastampa-totustuus.it\\\/cattolica\\\/\"},{\"@type\":\"ListItem\",\"position\":2,\"name\":\"La sofferenza dei figli dei divorziati nell\u2019esperienza di chi insegna e del Telefono Azzurro\"}]},{\"@type\":\"WebSite\",\"@id\":\"https:\\\/\\\/www.rassegnastampa-totustuus.it\\\/cattolica\\\/#website\",\"url\":\"https:\\\/\\\/www.rassegnastampa-totustuus.it\\\/cattolica\\\/\",\"name\":\"Rassegna Stampa Cattolica\",\"description\":\"Per una cultura che nasce dalla Rivelazione cristiana in conformit\u00e0 alla tradizione e al Magistero della Chiesa in opposizione ad ogni relativismo e totalitarismo\",\"publisher\":{\"@id\":\"https:\\\/\\\/www.rassegnastampa-totustuus.it\\\/cattolica\\\/#organization\"},\"alternateName\":\"Rass. Cattolica\",\"potentialAction\":[{\"@type\":\"SearchAction\",\"target\":{\"@type\":\"EntryPoint\",\"urlTemplate\":\"https:\\\/\\\/www.rassegnastampa-totustuus.it\\\/cattolica\\\/?s={search_term_string}\"},\"query-input\":{\"@type\":\"PropertyValueSpecification\",\"valueRequired\":true,\"valueName\":\"search_term_string\"}}],\"inLanguage\":\"it-IT\"},{\"@type\":\"Organization\",\"@id\":\"https:\\\/\\\/www.rassegnastampa-totustuus.it\\\/cattolica\\\/#organization\",\"name\":\"Rassegna Stampa Cattolica\",\"url\":\"https:\\\/\\\/www.rassegnastampa-totustuus.it\\\/cattolica\\\/\",\"logo\":{\"@type\":\"ImageObject\",\"inLanguage\":\"it-IT\",\"@id\":\"https:\\\/\\\/www.rassegnastampa-totustuus.it\\\/cattolica\\\/#\\\/schema\\\/logo\\\/image\\\/\",\"url\":\"https:\\\/\\\/www.rassegnastampa-totustuus.it\\\/cattolica\\\/wp-content\\\/uploads\\\/2014\\\/04\\\/logo-rassegna1.gif\",\"contentUrl\":\"https:\\\/\\\/www.rassegnastampa-totustuus.it\\\/cattolica\\\/wp-content\\\/uploads\\\/2014\\\/04\\\/logo-rassegna1.gif\",\"width\":600,\"height\":163,\"caption\":\"Rassegna Stampa Cattolica\"},\"image\":{\"@id\":\"https:\\\/\\\/www.rassegnastampa-totustuus.it\\\/cattolica\\\/#\\\/schema\\\/logo\\\/image\\\/\"},\"sameAs\":[\"https:\\\/\\\/www.facebook.com\\\/rassegnastampacattolica\",\"https:\\\/\\\/x.com\\\/rassegnastampa9\"]},{\"@type\":\"Person\",\"@id\":\"https:\\\/\\\/www.rassegnastampa-totustuus.it\\\/cattolica\\\/#\\\/schema\\\/person\\\/08f319d2bd1a0904ad9e2bfb7b15e5c3\",\"name\":\"Redazione\",\"image\":{\"@type\":\"ImageObject\",\"inLanguage\":\"it-IT\",\"@id\":\"https:\\\/\\\/secure.gravatar.com\\\/avatar\\\/2fcdf27c78ea025fbdb44e914cc63c72249ffec9dc8aafd5c82b26240ef3f346?s=96&d=mm&r=g\",\"url\":\"https:\\\/\\\/secure.gravatar.com\\\/avatar\\\/2fcdf27c78ea025fbdb44e914cc63c72249ffec9dc8aafd5c82b26240ef3f346?s=96&d=mm&r=g\",\"contentUrl\":\"https:\\\/\\\/secure.gravatar.com\\\/avatar\\\/2fcdf27c78ea025fbdb44e914cc63c72249ffec9dc8aafd5c82b26240ef3f346?s=96&d=mm&r=g\",\"caption\":\"Redazione\"},\"url\":\"https:\\\/\\\/www.rassegnastampa-totustuus.it\\\/cattolica\\\/author\\\/pietroelle\\\/\"}]}<\/script>\n<!-- \/ Yoast SEO plugin. -->","yoast_head_json":{"title":"La sofferenza dei figli dei divorziati nell\u2019esperienza di chi insegna e del Telefono Azzurro - Rassegna Stampa Cattolica","description":"Rassegna Stampa Cattolica - Per una cultura che nasce dalla Rivelazione cristiana in conformit\u00e0 alla tradizione e al Magistero della Chiesa in opposizione ad ogni relativismo e totalitarismo","robots":{"index":"index","follow":"follow","max-snippet":"max-snippet:-1","max-image-preview":"max-image-preview:large","max-video-preview":"max-video-preview:-1"},"canonical":"https:\/\/www.rassegnastampa-totustuus.it\/cattolica\/la-sofferenza-dei-figli-dei-divorziati\/","og_locale":"it_IT","og_type":"article","og_title":"La sofferenza dei figli dei divorziati nell\u2019esperienza di chi insegna e del Telefono Azzurro - Rassegna Stampa Cattolica","og_description":"Rassegna Stampa Cattolica - Per una cultura che nasce dalla Rivelazione cristiana in conformit\u00e0 alla tradizione e al Magistero della Chiesa in opposizione ad ogni relativismo e totalitarismo","og_url":"https:\/\/www.rassegnastampa-totustuus.it\/cattolica\/la-sofferenza-dei-figli-dei-divorziati\/","og_site_name":"Rassegna Stampa Cattolica","article_publisher":"https:\/\/www.facebook.com\/rassegnastampacattolica","article_published_time":"2011-05-31T22:00:00+00:00","article_modified_time":"2016-04-28T14:21:34+00:00","og_image":[{"width":259,"height":194,"url":"https:\/\/www.rassegnastampa-totustuus.it\/cattolica\/wp-content\/uploads\/2011\/06\/divorzio_bambini.jpg","type":"image\/jpeg"}],"author":"Redazione","twitter_card":"summary_large_image","twitter_creator":"@rassegnastampa9","twitter_site":"@rassegnastampa9","twitter_misc":{"Scritto da":"Redazione","Tempo di lettura stimato":"4 minuti"},"schema":{"@context":"https:\/\/schema.org","@graph":[{"@type":"Article","@id":"https:\/\/www.rassegnastampa-totustuus.it\/cattolica\/la-sofferenza-dei-figli-dei-divorziati\/#article","isPartOf":{"@id":"https:\/\/www.rassegnastampa-totustuus.it\/cattolica\/la-sofferenza-dei-figli-dei-divorziati\/"},"author":{"name":"Redazione","@id":"https:\/\/www.rassegnastampa-totustuus.it\/cattolica\/#\/schema\/person\/08f319d2bd1a0904ad9e2bfb7b15e5c3"},"headline":"La sofferenza dei figli dei divorziati nell\u2019esperienza di chi insegna e del Telefono Azzurro","datePublished":"2011-05-31T22:00:00+00:00","dateModified":"2016-04-28T14:21:34+00:00","mainEntityOfPage":{"@id":"https:\/\/www.rassegnastampa-totustuus.it\/cattolica\/la-sofferenza-dei-figli-dei-divorziati\/"},"wordCount":828,"publisher":{"@id":"https:\/\/www.rassegnastampa-totustuus.it\/cattolica\/#organization"},"image":{"@id":"https:\/\/www.rassegnastampa-totustuus.it\/cattolica\/la-sofferenza-dei-figli-dei-divorziati\/#primaryimage"},"thumbnailUrl":"https:\/\/www.rassegnastampa-totustuus.it\/cattolica\/wp-content\/uploads\/2011\/06\/divorzio_bambini.jpg","keywords":["divorzio","figli"],"articleSection":["Famiglia"],"inLanguage":"it-IT"},{"@type":"WebPage","@id":"https:\/\/www.rassegnastampa-totustuus.it\/cattolica\/la-sofferenza-dei-figli-dei-divorziati\/","url":"https:\/\/www.rassegnastampa-totustuus.it\/cattolica\/la-sofferenza-dei-figli-dei-divorziati\/","name":"La sofferenza dei figli dei divorziati nell\u2019esperienza di chi insegna e del Telefono Azzurro - Rassegna Stampa Cattolica","isPartOf":{"@id":"https:\/\/www.rassegnastampa-totustuus.it\/cattolica\/#website"},"primaryImageOfPage":{"@id":"https:\/\/www.rassegnastampa-totustuus.it\/cattolica\/la-sofferenza-dei-figli-dei-divorziati\/#primaryimage"},"image":{"@id":"https:\/\/www.rassegnastampa-totustuus.it\/cattolica\/la-sofferenza-dei-figli-dei-divorziati\/#primaryimage"},"thumbnailUrl":"https:\/\/www.rassegnastampa-totustuus.it\/cattolica\/wp-content\/uploads\/2011\/06\/divorzio_bambini.jpg","datePublished":"2011-05-31T22:00:00+00:00","dateModified":"2016-04-28T14:21:34+00:00","description":"Rassegna Stampa Cattolica - Per una cultura che nasce dalla Rivelazione cristiana in conformit\u00e0 alla tradizione e al Magistero della Chiesa in opposizione ad ogni relativismo e totalitarismo","breadcrumb":{"@id":"https:\/\/www.rassegnastampa-totustuus.it\/cattolica\/la-sofferenza-dei-figli-dei-divorziati\/#breadcrumb"},"inLanguage":"it-IT","potentialAction":[{"@type":"ReadAction","target":["https:\/\/www.rassegnastampa-totustuus.it\/cattolica\/la-sofferenza-dei-figli-dei-divorziati\/"]}]},{"@type":"ImageObject","inLanguage":"it-IT","@id":"https:\/\/www.rassegnastampa-totustuus.it\/cattolica\/la-sofferenza-dei-figli-dei-divorziati\/#primaryimage","url":"https:\/\/www.rassegnastampa-totustuus.it\/cattolica\/wp-content\/uploads\/2011\/06\/divorzio_bambini.jpg","contentUrl":"https:\/\/www.rassegnastampa-totustuus.it\/cattolica\/wp-content\/uploads\/2011\/06\/divorzio_bambini.jpg","width":259,"height":194},{"@type":"BreadcrumbList","@id":"https:\/\/www.rassegnastampa-totustuus.it\/cattolica\/la-sofferenza-dei-figli-dei-divorziati\/#breadcrumb","itemListElement":[{"@type":"ListItem","position":1,"name":"Home","item":"https:\/\/www.rassegnastampa-totustuus.it\/cattolica\/"},{"@type":"ListItem","position":2,"name":"La sofferenza dei figli dei divorziati nell\u2019esperienza di chi insegna e del Telefono Azzurro"}]},{"@type":"WebSite","@id":"https:\/\/www.rassegnastampa-totustuus.it\/cattolica\/#website","url":"https:\/\/www.rassegnastampa-totustuus.it\/cattolica\/","name":"Rassegna Stampa Cattolica","description":"Per una cultura che nasce dalla Rivelazione cristiana in conformit\u00e0 alla tradizione e al Magistero della Chiesa in opposizione ad ogni relativismo e totalitarismo","publisher":{"@id":"https:\/\/www.rassegnastampa-totustuus.it\/cattolica\/#organization"},"alternateName":"Rass. Cattolica","potentialAction":[{"@type":"SearchAction","target":{"@type":"EntryPoint","urlTemplate":"https:\/\/www.rassegnastampa-totustuus.it\/cattolica\/?s={search_term_string}"},"query-input":{"@type":"PropertyValueSpecification","valueRequired":true,"valueName":"search_term_string"}}],"inLanguage":"it-IT"},{"@type":"Organization","@id":"https:\/\/www.rassegnastampa-totustuus.it\/cattolica\/#organization","name":"Rassegna Stampa Cattolica","url":"https:\/\/www.rassegnastampa-totustuus.it\/cattolica\/","logo":{"@type":"ImageObject","inLanguage":"it-IT","@id":"https:\/\/www.rassegnastampa-totustuus.it\/cattolica\/#\/schema\/logo\/image\/","url":"https:\/\/www.rassegnastampa-totustuus.it\/cattolica\/wp-content\/uploads\/2014\/04\/logo-rassegna1.gif","contentUrl":"https:\/\/www.rassegnastampa-totustuus.it\/cattolica\/wp-content\/uploads\/2014\/04\/logo-rassegna1.gif","width":600,"height":163,"caption":"Rassegna Stampa Cattolica"},"image":{"@id":"https:\/\/www.rassegnastampa-totustuus.it\/cattolica\/#\/schema\/logo\/image\/"},"sameAs":["https:\/\/www.facebook.com\/rassegnastampacattolica","https:\/\/x.com\/rassegnastampa9"]},{"@type":"Person","@id":"https:\/\/www.rassegnastampa-totustuus.it\/cattolica\/#\/schema\/person\/08f319d2bd1a0904ad9e2bfb7b15e5c3","name":"Redazione","image":{"@type":"ImageObject","inLanguage":"it-IT","@id":"https:\/\/secure.gravatar.com\/avatar\/2fcdf27c78ea025fbdb44e914cc63c72249ffec9dc8aafd5c82b26240ef3f346?s=96&d=mm&r=g","url":"https:\/\/secure.gravatar.com\/avatar\/2fcdf27c78ea025fbdb44e914cc63c72249ffec9dc8aafd5c82b26240ef3f346?s=96&d=mm&r=g","contentUrl":"https:\/\/secure.gravatar.com\/avatar\/2fcdf27c78ea025fbdb44e914cc63c72249ffec9dc8aafd5c82b26240ef3f346?s=96&d=mm&r=g","caption":"Redazione"},"url":"https:\/\/www.rassegnastampa-totustuus.it\/cattolica\/author\/pietroelle\/"}]}},"_links":{"self":[{"href":"https:\/\/www.rassegnastampa-totustuus.it\/cattolica\/wp-json\/wp\/v2\/posts\/4577","targetHints":{"allow":["GET"]}}],"collection":[{"href":"https:\/\/www.rassegnastampa-totustuus.it\/cattolica\/wp-json\/wp\/v2\/posts"}],"about":[{"href":"https:\/\/www.rassegnastampa-totustuus.it\/cattolica\/wp-json\/wp\/v2\/types\/post"}],"author":[{"embeddable":true,"href":"https:\/\/www.rassegnastampa-totustuus.it\/cattolica\/wp-json\/wp\/v2\/users\/6"}],"replies":[{"embeddable":true,"href":"https:\/\/www.rassegnastampa-totustuus.it\/cattolica\/wp-json\/wp\/v2\/comments?post=4577"}],"version-history":[{"count":4,"href":"https:\/\/www.rassegnastampa-totustuus.it\/cattolica\/wp-json\/wp\/v2\/posts\/4577\/revisions"}],"predecessor-version":[{"id":33732,"href":"https:\/\/www.rassegnastampa-totustuus.it\/cattolica\/wp-json\/wp\/v2\/posts\/4577\/revisions\/33732"}],"wp:featuredmedia":[{"embeddable":true,"href":"https:\/\/www.rassegnastampa-totustuus.it\/cattolica\/wp-json\/wp\/v2\/media\/33731"}],"wp:attachment":[{"href":"https:\/\/www.rassegnastampa-totustuus.it\/cattolica\/wp-json\/wp\/v2\/media?parent=4577"}],"wp:term":[{"taxonomy":"category","embeddable":true,"href":"https:\/\/www.rassegnastampa-totustuus.it\/cattolica\/wp-json\/wp\/v2\/categories?post=4577"},{"taxonomy":"post_tag","embeddable":true,"href":"https:\/\/www.rassegnastampa-totustuus.it\/cattolica\/wp-json\/wp\/v2\/tags?post=4577"}],"curies":[{"name":"wp","href":"https:\/\/api.w.org\/{rel}","templated":true}]}}