{"id":456,"date":"2005-05-11T15:57:38","date_gmt":"2005-05-11T13:57:38","guid":{"rendered":""},"modified":"2022-08-07T11:22:13","modified_gmt":"2022-08-07T09:22:13","slug":"la-pena-di-morte","status":"publish","type":"post","link":"https:\/\/www.rassegnastampa-totustuus.it\/cattolica\/la-pena-di-morte\/","title":{"rendered":"La pena di morte"},"content":{"rendered":"<div style=\"text-align: center;\"><a href=\"https:\/\/www.rassegnastampa-totustuus.it\/cattolica\/wp-content\/uploads\/2005\/05\/pena_morte.jpg\"><img loading=\"lazy\" decoding=\"async\" class=\"alignleft wp-image-29814\" src=\"https:\/\/www.rassegnastampa-totustuus.it\/cattolica\/wp-content\/uploads\/2005\/05\/pena_morte.jpg\" alt=\"pena_morte\" width=\"250\" height=\"191\" \/><\/a>Rubrica<strong> Vivaio <\/strong>(271) su Avvenire<\/div>\n<div style=\"text-align: center;\">del 7 novembre 1989<\/div>\n<p style=\"text-align: center;\">Rubrica<strong> Vivaio <\/strong>(272) su Avvenire<\/p>\n<p style=\"text-align: center;\">del 9 novembre 1989<\/p>\n<p style=\"text-align: center;\">di <strong>Vittorio Messori<\/strong><\/p>\n<p><!--more--><\/p>\n<p style=\"text-align: justify;\">Sar\u00e0 bene precisare subito, a scanso di equivoci, quanto chiariremo meglio in seguito: quel che tentiamo con il discorso iniziato domenica non \u00e8 di certo una sorta di &#8220;elogio del boia&#8221; alla de Maistre, con magari uno schierarsi a favore della reintroduzione della pena di morte nei 99 Paesi del mondo che l\u2019hanno cancellata. ne siamo ben lontani.<\/p>\n<p style=\"text-align: justify;\"><img loading=\"lazy\" decoding=\"async\" class=\"size-full wp-image-40837 alignright\" src=\"https:\/\/www.rassegnastampa-totustuus.it\/cattolica\/wp-content\/uploads\/2018\/08\/pena_morte-1.jpg\" alt=\"\" width=\"275\" height=\"183\" \/>Quel che ci interessa \u00e8 mostrare che anche qui, come in moltissimi altri campi, abbiamo dimenticato quel saper distinguere (<em>distinguer frequenter!<\/em>) che, cos\u00ec giustamente, preoccupava i pre moderni. nel caso in questione, molto spesso non si sa pi\u00f9 distinguere tra <em>legittimit\u00e0<\/em> del patibolo e sua <em>opportunit\u00e0<\/em>; tra un <em>diritto<\/em> della societ\u00e0 di mandare a morte un suo membro ed <em>esercizio<\/em> di quel diritto.<\/p>\n<p style=\"text-align: justify;\">Ma soprattutto &#8211; lo dicevamo domenica &#8211; ci\u00f2 che deve preoccupare un credente \u00e8 l\u2019atteggiamento della Chiesa: la quale sempre, nel suo Magistero pi\u00f9 alto, ha affermato la legittimit\u00e0 della pena di morte decretata dalle autorit\u00e0 riconosciute e ne ha concesso alla societ\u00e0 il diritto.<\/p>\n<p style=\"text-align: justify;\"><img loading=\"lazy\" decoding=\"async\" class=\"size-full wp-image-40835 alignleft\" src=\"https:\/\/www.rassegnastampa-totustuus.it\/cattolica\/wp-content\/uploads\/2018\/08\/pena_morte.jpg\" alt=\"\" width=\"295\" height=\"171\" \/>Dopo il concilio, questo \u00e8 contestato a diversi livelli. Prendiamo (un esempio tra i moltissimi possibili), il <em>Dizionario di Antropologia pastorale<\/em>, frutto del lavoro dell\u2019associazione dei moralisti cattolici di lingua tedesca, uscito in Germania e in Austria nel 1975 con non solo tutti gli imprimatur ma anche grazie a un finanziamento dell\u2019episcopato. E\u2019 stato edito da noi, nel 1980, dalle Devoniane. In quest\u2019opera che non esprime la voce di un privato teologo ma una posizione &#8220;cattolica&#8221; comune, si legge: \u00abIl cristiano non ha il minimo motivo di invocare la pena di morte o di dichiararsi favorevole ad essa\u00bb.<\/p>\n<p style=\"text-align: justify;\">Il documento di una commissione teologica dell\u2019episcopato francese dichiarava nel 1979 ogni esecuzione capitale come \u00abincompatibile con il Vangelo\u00bb. In modo altrettanto sicuro si esprimevano, negli Stati Uniti e nel Canada, quei <em>Church-intellectuals<\/em>, quegli &#8220;intellettuali clericali&#8221; che &#8211; nell\u2019anonimato &#8211; elaborano i documenti che poi gli episcopati approveranno (naturalmente secondo quelle implacabili &#8220;leggi dei gruppi&#8221; che rendono cos\u00ec perplessi sulla reale portata di quelle approvazioni vescovili).<\/p>\n<p style=\"text-align: justify;\"><img loading=\"lazy\" decoding=\"async\" class=\"size-full wp-image-29798 alignright\" src=\"https:\/\/www.rassegnastampa-totustuus.it\/cattolica\/wp-content\/uploads\/2006\/11\/pena_morte.jpg\" alt=\"\" width=\"187\" height=\"240\" \/>Nel 1973, Leandro Rossi, direttore del <em>Dizionario di Teologia Morale<\/em> edito dalle Edizioni Paoline (anche, qui, con ogni approvazione ecclesiastica) inizia cos\u00ec la voce &#8220;Pena di morte&#8221;: \u00abE\u2019, questo, uno dei classici temi ove le posizioni si sono capovolte nell\u2019era contemporanea, anche se non universalmente e definitivamente.<\/p>\n<p style=\"text-align: justify;\">Il processo di umanizzazione ebbe origine, purtroppo, non nell\u2019ambiente del cristianesimo ma laico e vide i cattolici rimorchiati a fatica da quanti si mostravano pi\u00f9 coerenti con l\u2019indirizzo umanizzante del Vangelo. Siamo in uno di quei casi, insomma, nei quali non \u00e8 la Chiesa che ha donato al mondo, bens\u00ec quella che ha ricevuto da questi\u00bb.<\/p>\n<p style=\"text-align: justify;\"><strong>Queste<\/strong> posizioni sono appaganti per chi le esprime, ma sembrano per\u00f2 non vedere tutte le devastanti conseguenze: non in un periodo solo, ma per tutta la sua intera storia dagli inizi sino ad oggi, la Chiesa &#8211; nel suo Magistero solenne dei Papi e dei Concili, ma anche nei Padri, nei grandi teologi che erano anche santi come Tommaso d\u2019Aquino, nei suoi uomini pi\u00f9 prestigiosi e autorevoli, senza eccezione &#8211; la Chiesa, dunque ha dichiarato legittima quell\u2019esecuzione capitale che sarebbe invece, per le posizioni di oggi, un delitto, un crimine, un tradimento del Vangelo<\/p>\n<p style=\"text-align: justify;\"><img loading=\"lazy\" decoding=\"async\" class=\"size-medium wp-image-51306 alignleft\" src=\"https:\/\/www.rassegnastampa-totustuus.it\/cattolica\/wp-content\/uploads\/2021\/06\/giustizia_diritto-300x146.jpg\" alt=\"\" width=\"300\" height=\"146\" srcset=\"https:\/\/www.rassegnastampa-totustuus.it\/cattolica\/wp-content\/uploads\/2021\/06\/giustizia_diritto-300x146.jpg 300w, https:\/\/www.rassegnastampa-totustuus.it\/cattolica\/wp-content\/uploads\/2021\/06\/giustizia_diritto-768x375.jpg 768w, https:\/\/www.rassegnastampa-totustuus.it\/cattolica\/wp-content\/uploads\/2021\/06\/giustizia_diritto-1024x500.jpg 1024w, https:\/\/www.rassegnastampa-totustuus.it\/cattolica\/wp-content\/uploads\/2021\/06\/giustizia_diritto.jpg 1920w\" sizes=\"auto, (max-width: 300px) 100vw, 300px\" \/>Come \u00e8 stato osservato: \u00abSe davvero \u00e8 cos\u00ec, come difendere la Chiesa dalla colpa di complicit\u00e0 con i capi di governo, responsabili di innumerevoli assassin\u00ee quanti appunto sarebbero state le esecuzioni capitali di tutti gli individui uccisi in nome di una falsa &#8220;giustizia&#8221;?\u00bb.<\/p>\n<p style=\"text-align: justify;\">Al di l\u00e0, del piano dottrinale, per scendere alla prassi: \u00abCome attenuare (sempre nell\u2019ipotesi che ogni pena di morte sia assolutamente ingiusta, criminosa) le responsabilit\u00e0 dei Papi che per oltre un millennio, nei loro Stati, non hanno agito diversamente da tutti i magistrati civili delle altre nazioni?\u00bb. Insomma, un\u2019ombra oscura si proietta su tutto quanto l\u2019insegnamento cattolico: \u00abCome prendere pi\u00f9 sul serio una morale che oggi biasima come gravemente illecito, come un tradimento della missione stessa del cristo, quanto fino a ieri aveva ritenuto non solo legittimo ma in qualche caso doveroso?\u00bb.<\/p>\n<p style=\"text-align: justify;\"><img loading=\"lazy\" decoding=\"async\" class=\" wp-image-27182 alignright\" src=\"https:\/\/www.rassegnastampa-totustuus.it\/cattolica\/wp-content\/uploads\/2005\/08\/inquisizione.jpg\" alt=\"\" width=\"293\" height=\"204\" \/>Sembra che anche su questo tema certa teologia &#8211; o anche certi episcopati, ammesso che il loro pensiero sia davvero espresso dai documenti che gli &#8220;esperti&#8221; preparano per loro &#8211; sembra che non vedano, o peggio, non si curino delle conseguenze che, sulla fede della gente, hanno le loro variazioni dottrinali.<\/p>\n<p style=\"text-align: justify;\">Ma sembra anche che qui si verifichi quel fenomeno paradossale e contraddittorio che contrassegna certa teologia odierna: la quale protesta di volere basarsi solo sulla Scrittura ma al contempo l\u2019aggira, la rimuove, l\u2019ignora (o la tratta un po\u2019 infastidita) quando non risponde al suo &#8220;spirito&#8221; che dice essere lo &#8220;spirito dei tempi&#8221; se non quello di Cristo stesso.<\/p>\n<p style=\"text-align: justify;\"><strong><img loading=\"lazy\" decoding=\"async\" class=\"size-full wp-image-54572 alignleft\" src=\"https:\/\/www.rassegnastampa-totustuus.it\/cattolica\/wp-content\/uploads\/2005\/05\/Ges\u00f9_adultera_lapidazione.jpg\" alt=\"\" width=\"259\" height=\"194\" \/>In effetti<\/strong>, non vale la pena spendere troppe parole per dimostrare come, nell\u2019Antico testamento, la pena di morte sia non solo permessa da Dio ma da Lui comandata. tanto che la legislazione elaborata dai maestri d\u2019Israele in base alla Legge prescriveva l\u2019esecuzione capitale per ben 35 reati: dall\u2019adulterio alla profanazione del sabato, dalla bestemmia all\u2019idolatria sino alla ribellione (anche solo a parole) contro i genitori. Basti ricordare, tra i molti brani possibili, il versetto del Genesi (9,6) in cui Jahv\u00e9 dice a No\u00e8: \u00abChi sparge il sangue dell\u2019uomo, dall\u2019uomo il suo sangue sar\u00e0 sparso, perch\u00e9 ad immagine di Dio Egli ha fatto l\u2019uomo\u00bb.<\/p>\n<p style=\"text-align: justify;\">Si veda poi il capitolo 35 di Numeri dove \u00e8 ribadito, per i casi specificati, non il diritto ma il dovere della pena di morte, precisando: \u00abqueste vi servano come norme di diritto, di generazione in generazione, in tutti i luoghi dove abiterete\u00bb (Num 35,29). Per la Legge d\u2019Israele, l\u2019uccisione di certi colpevoli non appare solo come un adeguamento alla mentalit\u00e0 del tempo, ma \u00e8 motivata da Dio stesso in base a principi religiosi prima ancora che di opportunit\u00e0 sociale. Ed \u00e8 chiaro che il &#8220;Non uccidere!&#8221; del decalogo vuol dire: &#8220;Non assassinare, non uccidere ingiustamente&#8221; e non riguarda la pena legale di morte.<\/p>\n<p style=\"text-align: justify;\"><img loading=\"lazy\" decoding=\"async\" class=\" wp-image-54573 alignright\" src=\"https:\/\/www.rassegnastampa-totustuus.it\/cattolica\/wp-content\/uploads\/2005\/05\/ebrei_.jpg\" alt=\"\" width=\"288\" height=\"241\" \/>Tutto questo (che \u00e8 forse duro: ma \u00e8 pur sempre, per il credente, parola di Dio, quella Parola alla quale si dice di volere essere fedeli) \u00e8 messo sbrigativamente da parte dalle nuove posizioni che dicevamo. Oppure si cerca di risolvere il problema dicendo che il Nuovo testamento supera l\u2019Antico, che lo spirito evangelico abroga la legislazione di sangue mosaica. Ma, anche in questo modo, non si prende sul serio la parola, in questo caso quella di Ges\u00f9 che dichiara di \u00abnon essere venuto per abrogare la legge ma per completarla\u00bb, che \u00abnon passer\u00e0 neppure uno jota della Legge\u00bb.<\/p>\n<p style=\"text-align: justify;\">In effetti, egli non contraddice Pilato, ricordandogli solo da dove gli viene questa autorit\u00e0 (che dunque gli riconosce) quando il Governatore dice: \u00abNon sai che io ho il potere di metterti in libert\u00e0 o di metterti in croce?\u00bb (Gv 19, 10). N\u00e9 contraddice, secondo Luca, il &#8220;buon ladrone&#8221;, facendogli anzi la promessa pi\u00f9 grande quando questi dice che \u00abgiustamente\u00bb egli e il suo compare \u00absono stati condannati a quella pena\u00bb. \u00abNoi riceviamo il giusto per le nostre azioni\u00bb.<\/p>\n<p style=\"text-align: justify;\"><img loading=\"lazy\" decoding=\"async\" class=\"size-full wp-image-54574 alignleft\" src=\"https:\/\/www.rassegnastampa-totustuus.it\/cattolica\/wp-content\/uploads\/2005\/05\/chiesa_tribunale.jpg\" alt=\"\" width=\"199\" height=\"254\" \/>Come \u00e8 stato notato : \u00abin Atti, 5, 1-11, appare che dalla pena di morte non aborr\u00ec la comunit\u00e0 cristiana primitiva, poich\u00e9 i coniugi Anania e Saffira, rei di frode e di menzogna ai danni dei fratelli nella fede, comparsi davanti a San Pietro ne furono colpiti\u00bb.<\/p>\n<p style=\"text-align: justify;\"><strong>Ma \u00e8 <\/strong>soprattutto Paolo che d\u00e0 lo <em>Jus gladii<\/em> ai principi e li chiama ministri di Dio per castigare i malvagi, se necessario mandandoli a morte. E quel 13\u00b0 capitolo della lettera ai Romani &#8211; un tempo famoso, ora spesso taciuto con qualche imbarazzo &#8211; soprattutto dove si dice \u00abVuoi non avere da temere l\u2019autorit\u00e0? fa il bene e ne avrai lode, poich\u00e9 essa \u00e8 al servizio di Dio per il tuo bene. Ma, se fai il male, allora temi, perch\u00e9 non invano essa porta la spada; \u00e8 infatti al servizio di Dio per la giusta condanna di chi opera il male\u00bb (Rom. 13, 3 s.).<\/p>\n<p style=\"text-align: justify;\">Di queste chiare parole paoline, non sembra lecito liberarsi con argomenti sconcertanti &#8211; e dettati chiaramente dal desiderio di liberarsi di una parola <em>scritturale<\/em> contraria alla propria tesi &#8211; come quelli usati dal gi\u00e0 citato <em>Dizionario di Antropologia Pastorale<\/em>: \u00abPaolo, in Rom. 13, ha sicuramente pensato alla prassi della decapitazione dei grandi criminali in uso nell\u2019impero romano.<\/p>\n<p style=\"text-align: justify;\"><img loading=\"lazy\" decoding=\"async\" class=\"size-full wp-image-27148 alignright\" src=\"https:\/\/www.rassegnastampa-totustuus.it\/cattolica\/wp-content\/uploads\/2013\/04\/tribunale_rivoluz.jpg\" alt=\"\" width=\"300\" height=\"225\" \/>Tuttavia, ci\u00f2 che gli premeva raccomandare &#8211; facendo tale allusione &#8211; era solo l\u2019obbedienza verso la legittima autorit\u00e0 statale\u2026\u00bb. <em>Escamotage<\/em> sorprendente, forse un po\u2019 penoso: in effetti, non venne in mente, per duemila anni, a nessuno dei grandi teologi e a nessuno dei pastori e dei Concili che, anche basandosi su Rom. 13, non negarono legittimit\u00e0 alla pena di morte inflitta dalle autorit\u00e0 costituite con regolare processo.<\/p>\n<p style=\"text-align: justify;\">Non dimenticando che questo riconoscimento ecclesiale non era di certo fatto a cuor leggero, tanto che il diritto canonico colpiva di <em>irregolarit\u00e0 <\/em>(di divieto, cio\u00e8 di accedere agli Ordini Sacri) il carnefice, i suoi aiutanti e persino il giudice che, pur rispettando la legge, avesse pronunciato una sentenza di morte. ma questo orrore del sangue non poteva far dimenticare non soltanto le prescrizioni bibliche ma anche altre considerazioni oggi dimenticate e che vorremmo esporre la prossima volta, gioved\u00ec.<\/p>\n<p style=\"text-align: center;\"><strong>* * *<\/strong><\/p>\n<p style=\"text-align: justify;\"><img loading=\"lazy\" decoding=\"async\" class=\"size-full wp-image-51142 alignleft\" src=\"https:\/\/www.rassegnastampa-totustuus.it\/cattolica\/wp-content\/uploads\/2014\/07\/catechismo_pio_X_cover.jpg\" alt=\"\" width=\"181\" height=\"278\" \/>Come ci pare di avere dimostrato marted\u00ec (e non ci voleva molto sforzo, i testi essendo chiarissimi e notissimi) la pratica della pena di morte da parte della societ\u00e0 \u00e8 imposta da Dio stesso nella Legge dell\u2019Antico testamento ed \u00e8 ammessa da Ges\u00f9 e dagli apostoli nel Nuovo Testamento. Come scrive lo stesso <em>Catechismo Olandese<\/em>, \u00abnon si pu\u00f2 sostenere che il Cristo abbia abolito esplicitamente la guerra o la pena di morte\u00bb. Anche se lo stesso <em>Catechismo<\/em> cade nel solito equivoco di dimenticare che la morale evangelica \u00e8 rivolta innanzitutto al singolo. Io ho il dovere di porgere l\u2019altra guancia. Noi, in quanto societ\u00e0, solo a certe condizioni.<\/p>\n<p style=\"text-align: justify;\">Non si riesce comunque a capire su cosa si basino quei &#8220;teologi&#8221; e quei &#8220;biblisti&#8221; che giudicano qui la Chiesa \u00abinfedele alla Scrittura\u00bb. Quale Scrittura? Forse, <em>the Wish-Bible<\/em>, la &#8220;Bibbia del desiderio&#8221;, la Bibbia cos\u00ec come l\u2019avrebbero scritta loro oggi. C\u2019\u00e8, piuttosto, da registrare una differenza importante : per la legge data a No\u00e8 e a Mos\u00e9, la condanna a morte dei rei di certi delitti era un obbligo, una necessaria obbedienza alla volont\u00e0 di Dio.<\/p>\n<p style=\"text-align: justify;\"><img loading=\"lazy\" decoding=\"async\" class=\"wp-image-32023 alignright\" src=\"https:\/\/www.rassegnastampa-totustuus.it\/cattolica\/wp-content\/uploads\/2005\/10\/Vangelo.jpg\" alt=\"\" width=\"268\" height=\"224\" \/>Invece per il Nuovo Testamento (cos\u00ec come l\u2019ha inteso la grande Tradizione, sin dai Padri della Chiesa) l\u2019esecuzione capitale \u00e8 fuori discussione <em>legittima<\/em>, ma non \u00e8 detto che essa sia sempre <em>opportuna<\/em>. L\u2019opportunit\u00e0 dipende da un giudizio variabile a seconda dei tempi. Una cosa \u00e8 il <em>diritto<\/em> riconosciuto all\u2019autorit\u00e0 che, per dirla con Paolo, &#8220;non invano porta la spada&#8221;; altra cosa \u00e8 l\u2019esercizio di <em>quel diritto<\/em>.<\/p>\n<p style=\"text-align: justify;\">Per quel che vale il mio giudizio, nella societ\u00e0 e nella cultura dell\u2019Occidente secolarizzato, reintrodurre il patibolo l\u00e0 dove \u00e8 stato abolito non sarebbe opportuno; meglio \u00e8 non esercitare quello che pure resta un diritto della societ\u00e0. E vedremo perch\u00e9.<\/p>\n<p style=\"text-align: justify;\">Non sto qui, comunque, ad attardarmi sulle statistiche che secondo alcuni confermerebbero e secondo altri negherebbero l\u2019efficacia della minaccia di morte nel prevenire il crimine.\u00a0In fondo, si tratta di un problema secondario rispetto a quello che &#8211; soprattutto per un cristiano &#8211; quello primario: \u00abSe Dio solo d\u00e0 la vita, \u00e8 lecito all\u2019uomo toglierla ad altri uomini? esiste un diritto alla vita di tutti, anche dell\u2019assassino, diritto che mai possa essere violato?\u00bb.<\/p>\n<p style=\"text-align: justify;\"><strong><img loading=\"lazy\" decoding=\"async\" class=\"size-full wp-image-53427 alignleft\" src=\"https:\/\/www.rassegnastampa-totustuus.it\/cattolica\/wp-content\/uploads\/2022\/01\/carcere.jpg\" alt=\"\" width=\"299\" height=\"168\" \/>In verit\u00e0,<\/strong> coloro che danno a queste domande delle risposte nel senso sfavorevole alla pena di morte, ammettono per\u00f2 il diritto della societ\u00e0 di rinchiudere in prigione i colpevoli dei reati. Ora: Dio ha creato l\u2019uomo libero, come possono gli uomini togliere questa libert\u00e0 ad altri uomini? Esiste un diritto alla libert\u00e0 (&#8220;innato, inviolabile, imprescrittibile&#8221;, dicono i giuristi) che qualunque giudice infrange nel momento in cui condanna un suo simile anche soltanto a un\u2019ora di reclusione coatta.<\/p>\n<p style=\"text-align: justify;\">Ma la vita, si dice, \u00e8 valore superiore alla libert\u00e0. Se ne \u00e8 cos\u00ec sicuri? Gli spiriti pi\u00f9 nobili e pi\u00f9 sensibili lo negano. Come Dante. Non dice nulla il verso famoso: \u00abLibert\u00e0 vo cercando, come \u00e8 s\u00ec cara \/ come sa chi per lei vita rifiuta\u00bb? Ma non si esce dalle contraddizioni (e non si riesce a capire perch\u00e9 tutte le culture tradizionali &#8211; e, dunque religiose &#8211; non abbiano sentito come innaturale e quindi impraticabile la condanna capitale) se non in una prospettiva che vada al di l\u00e0 di quella orizzontale. Una prospettiva, cio\u00e8, religiosa. E cristiana in particolare.<\/p>\n<div id=\"attachment_27807\" style=\"width: 176px\" class=\"wp-caption alignright\"><img loading=\"lazy\" decoding=\"async\" aria-describedby=\"caption-attachment-27807\" class=\"wp-image-27807 size-full\" src=\"https:\/\/www.rassegnastampa-totustuus.it\/cattolica\/wp-content\/uploads\/2009\/03\/Romano-Amerio.jpg\" alt=\"\" width=\"176\" height=\"232\" \/><p id=\"caption-attachment-27807\" class=\"wp-caption-text\">Romano Amerio<\/p><\/div>\n<p style=\"text-align: justify;\">Quella prospettiva cio\u00e8, che distingue tra vita biologica, terrena e vita eterna. Che \u00e8 convinto che solo il diritto inalienabile dell\u2019uomo sia salvare non il corpo, ma l\u2019anima. Che distingue tra vita come <em>fine<\/em> e come <em>mezzo<\/em>.<\/p>\n<p style=\"text-align: justify;\">Pur rifuggendo dalle lunghe citazioni, questa volta \u00e8 il caso di riprodurne una, visto che ogni parola \u00e8 qui meditata alla luce di una visione cattolica che sembra oggi persa totalmente di vista. la citazione \u00e8 di quel singolare, solitario laico cattolico che \u00e8 lo svizzero Romano Amerio. Leggiamo, dunque:<\/p>\n<p style=\"text-align: justify;\">\u00abL\u2019opposizione alla pena capitale deriva oggi spesso dal concetto dell\u2019inviolabilit\u00e0 della persona in quanto soggetto protagonista della vita mondana, prendendosi l\u2019esistenza mortale come un fine in s\u00e9 che non pu\u00f2 essere tolto senza violare il destino dell\u2019uomo. Ma questo modo di rigettare la pena di morte, bench\u00e9 si guardi da molti come <em>religioso<\/em>, \u00e8 in realt\u00e0 <em>irreligioso<\/em>. Dimentica, infatti, che per la religione la vita non ha ragione di <em>fine<\/em> ma di mezzo al fine morale della vita che trapassa tutto l\u2019ordine dei subordinati valori mondani\u00bb.<\/p>\n<p style=\"text-align: justify;\"><img loading=\"lazy\" decoding=\"async\" class=\"size-full wp-image-29816 alignleft\" src=\"https:\/\/www.rassegnastampa-totustuus.it\/cattolica\/wp-content\/uploads\/2005\/05\/pena_morte1.jpg\" alt=\"\" width=\"240\" height=\"180\" \/>\u00abPerci\u00f2\u00bb continua lo studioso di Lugano \u00abtogliere la vita non equivale punto togliere all\u2019uomo il fine trascendente per cui \u00e8 nato e che ne costituisce la dignit\u00e0. in quel rifiuto della pena di morte vi \u00e8 un sofisma implicito: che cio\u00e8 l\u2019uomo , e in concreto lo Stato, abbia il potere, uccidendo il delinquente, di troncargli il destino, di sottrargli il fine ultimo, di togliergli la possibilit\u00e0 di adempiere al suo officio d\u2019uomo. Il contrario \u00e8 vero\u00bb.<\/p>\n<p style=\"text-align: justify;\">\u00abIn effetti\u00bb, prosegue Amerio \u00abal condannato a morte si pu\u00f2 troncare l\u2019esistenza terrena, non per\u00f2 togliergli il suo fine. Sono le societ\u00e0 che negano la vita futura a pongono come massima il diritto alla felicit\u00e0 nel mondo di qua che devono rifuggire dalla pena di morte come da un\u2019ingiustizia che spegne nell\u2019uomo la facolt\u00e0 di felicitarsi. ed \u00e8 un paradosso vero che , verissimo, che gli impugnatori della pena di morte stanno in realt\u00e0 per lo stato totalitario , giacch\u00e9 gli attribuiscono un potere molto maggiore che non abbia, anzi un potere supremo. quello di troncare il destino di un uomo. mentre, nella prospettiva religiosa, la morte irrogata da uomini a uomini non pu\u00f2 pregiudicare n\u00e9 al destino morale n\u00e9 alla dignit\u00e0 umana\u00bb.<\/p>\n<p style=\"text-align: justify;\"><strong><img loading=\"lazy\" decoding=\"async\" class=\"size-full wp-image-54575 alignright\" src=\"https:\/\/www.rassegnastampa-totustuus.it\/cattolica\/wp-content\/uploads\/2005\/05\/chiesa_osservatore_giornali.jpg\" alt=\"\" width=\"184\" height=\"274\" \/>Lo stesso <\/strong>autore, tra molte altre testimonianze sconcertanti della perdita della consapevolezza di che sia davvero il &#8220;sistema cattolico&#8221;, cita l\u2019<em>Osservatore romano <\/em>che il 22.1.1977, scriveva, tra l\u2019altro, a firma di un autorevole collaboratore: \u00abLa comunit\u00e0 deve concedere la possibilit\u00e0 di purificarsi, di espiare la colpa, di riscattarsi dal male, mentre l\u2019estremo supplizio non la concede\u00bb.<\/p>\n<p style=\"text-align: justify;\">C\u2019\u00e8 da capire Amerio che commenta: \u00abCos\u00ec dicendo, proprio il giornale vaticano nega a gran verit\u00e0 che la pena capitale medesima \u00e8 una espiazione. nega il valore espiatorio della morte che nella natura mortale \u00e8 sommo, come sommo (nella relativit\u00e0 dei beni di sotto) \u00e8 il bene della vita al cui sacrificio consente chi espia. D\u2019altronde, l\u2019espiazione del cristo innocente per i peccati dell\u2019uomo non \u00e8 connessa con una condanna a morte?\u00bb<\/p>\n<p style=\"text-align: justify;\">E, dunque, \u00abl\u2019aspetto pi\u00f9 <em>irreligioso<\/em> della dottrina che respinge la pena capitale risulta nel rifiuto del suo valore espiatorio, il quale nella veduta religiosa \u00e8 invece massimo\u00bb. In effetti, la Tradizione ha sempre visto un candidato sicuro al paradiso nel delinquente che, riconciliato con Dio, liberamente accettava il supplizio come espiazione della sua colpa. Tommaso d\u2019Aquino insegna che: \u00abLa morte inflitta per i delitti leva tutta la pena dovuta per i delitti nell\u2019altra vita. La morte naturale, invece, non la leva\u00bb. Molti, reclamavano l\u2019esecuzione capitale come loro diritto. Dunque il suppliziato pentito, morto munito dei sacramenti, \u00e8 un &#8220;santo&#8221;: in effetti, il popolo si disputava le sue reliquie.<\/p>\n<p style=\"text-align: justify;\"><img loading=\"lazy\" decoding=\"async\" class=\"size-medium wp-image-52953 alignleft\" src=\"https:\/\/www.rassegnastampa-totustuus.it\/cattolica\/wp-content\/uploads\/2021\/11\/polizia_crimini-300x158.jpg\" alt=\"\" width=\"300\" height=\"158\" srcset=\"https:\/\/www.rassegnastampa-totustuus.it\/cattolica\/wp-content\/uploads\/2021\/11\/polizia_crimini-300x158.jpg 300w, https:\/\/www.rassegnastampa-totustuus.it\/cattolica\/wp-content\/uploads\/2021\/11\/polizia_crimini.jpg 310w\" sizes=\"auto, (max-width: 300px) 100vw, 300px\" \/>Non sono, questi, che colpi di sonda &#8220;religiosi&#8221; in una materia che, oggi, anche credenti sembrano affrontare con la tipica superficialit\u00e0 illuministica. Altre cose si potrebbero e si dovrebbero aggiungere, a completamento delle ragioni della Chiesa. l\u2019idea (che \u00e8 biblica, paolina anch\u2019essa) della societ\u00e0 non come aggregato di individui ma come corpo, come organismo vivente che ha dunque il diritto-dovere di troncare da s\u00e9 membra che giudica infette, il concetto della legittima difesa che non riguarda solo l\u2019individuo, come per noi individualisti, ma anche il corpo sociale; concetto della riparazione dell\u2019ordine della giustizia e della morale infranto.<\/p>\n<p style=\"text-align: justify;\">Legittima, dunque, la pena capitale, per la Chiesa, nella prospettiva di fede che \u00e8 sua. ma per giustificare il nostro rifiuto della opportunit\u00e0, oggi, del patibolo, la sintesi migliore \u00e8 ancora quella di Amerio: \u00abE\u2019 che la pena di morte diventa barbara in una societ\u00e0 irreligiosa che, chiusa nell\u2019orizzonte terrestre, non ha diritto di privare l\u2019uomo di un bene che per lui \u00e8 tutto il bene\u00bb. Un &#8220;no&#8221; al patibolo, dunque, motivato per\u00f2 non dalla religione ma dalla irreligione contemporanea.<\/p>\n","protected":false},"excerpt":{"rendered":"<p>Rubrica Vivaio (271) su Avvenire del 7 novembre 1989 Rubrica Vivaio (272) su Avvenire del 9 novembre 1989 di Vittorio Messori<\/p><p><a class=\"more-link btn\" href=\"https:\/\/www.rassegnastampa-totustuus.it\/cattolica\/la-pena-di-morte\/\">Continua a leggere<\/a><\/p>\n","protected":false},"author":6,"featured_media":29814,"comment_status":"closed","ping_status":"open","sticky":false,"template":"","format":"standard","meta":{"footnotes":""},"categories":[10],"tags":[180],"class_list":["post-456","post","type-post","status-publish","format-standard","has-post-thumbnail","hentry","category-diritto","tag-diritto-2","item-wrap"],"yoast_head":"<!-- This site is optimized with the Yoast SEO plugin v27.5 - https:\/\/yoast.com\/product\/yoast-seo-wordpress\/ -->\n<title>La pena di morte - Rassegna Stampa Cattolica<\/title>\n<meta name=\"description\" content=\"Rassegna Stampa Cattolica - Per una cultura che nasce dalla Rivelazione cristiana in conformit\u00e0 alla tradizione e al Magistero della Chiesa in opposizione ad ogni relativismo e totalitarismo\" \/>\n<meta name=\"robots\" content=\"index, follow, max-snippet:-1, max-image-preview:large, max-video-preview:-1\" \/>\n<link rel=\"canonical\" href=\"https:\/\/www.rassegnastampa-totustuus.it\/cattolica\/la-pena-di-morte\/\" \/>\n<meta property=\"og:locale\" content=\"it_IT\" \/>\n<meta property=\"og:type\" content=\"article\" \/>\n<meta property=\"og:title\" content=\"La pena di morte - Rassegna Stampa Cattolica\" \/>\n<meta property=\"og:description\" content=\"Rassegna Stampa Cattolica - Per una cultura che nasce dalla Rivelazione cristiana in conformit\u00e0 alla tradizione e al Magistero della Chiesa in opposizione ad ogni relativismo e totalitarismo\" \/>\n<meta property=\"og:url\" content=\"https:\/\/www.rassegnastampa-totustuus.it\/cattolica\/la-pena-di-morte\/\" \/>\n<meta property=\"og:site_name\" content=\"Rassegna Stampa Cattolica\" \/>\n<meta property=\"article:publisher\" content=\"https:\/\/www.facebook.com\/rassegnastampacattolica\" \/>\n<meta property=\"article:published_time\" content=\"2005-05-11T13:57:38+00:00\" \/>\n<meta property=\"article:modified_time\" content=\"2022-08-07T09:22:13+00:00\" \/>\n<meta property=\"og:image\" content=\"https:\/\/www.rassegnastampa-totustuus.it\/cattolica\/wp-content\/uploads\/2005\/05\/pena_morte.jpg\" \/>\n\t<meta property=\"og:image:width\" content=\"257\" \/>\n\t<meta property=\"og:image:height\" content=\"196\" \/>\n\t<meta property=\"og:image:type\" content=\"image\/jpeg\" \/>\n<meta name=\"author\" content=\"Redazione\" \/>\n<meta name=\"twitter:card\" content=\"summary_large_image\" \/>\n<meta name=\"twitter:creator\" content=\"@rassegnastampa9\" \/>\n<meta name=\"twitter:site\" content=\"@rassegnastampa9\" \/>\n<meta name=\"twitter:label1\" content=\"Scritto da\" \/>\n\t<meta name=\"twitter:data1\" content=\"Redazione\" \/>\n\t<meta name=\"twitter:label2\" content=\"Tempo di lettura stimato\" \/>\n\t<meta name=\"twitter:data2\" content=\"14 minuti\" \/>\n<script type=\"application\/ld+json\" class=\"yoast-schema-graph\">{\"@context\":\"https:\\\/\\\/schema.org\",\"@graph\":[{\"@type\":\"Article\",\"@id\":\"https:\\\/\\\/www.rassegnastampa-totustuus.it\\\/cattolica\\\/la-pena-di-morte\\\/#article\",\"isPartOf\":{\"@id\":\"https:\\\/\\\/www.rassegnastampa-totustuus.it\\\/cattolica\\\/la-pena-di-morte\\\/\"},\"author\":{\"name\":\"Redazione\",\"@id\":\"https:\\\/\\\/www.rassegnastampa-totustuus.it\\\/cattolica\\\/#\\\/schema\\\/person\\\/08f319d2bd1a0904ad9e2bfb7b15e5c3\"},\"headline\":\"La pena di morte\",\"datePublished\":\"2005-05-11T13:57:38+00:00\",\"dateModified\":\"2022-08-07T09:22:13+00:00\",\"mainEntityOfPage\":{\"@id\":\"https:\\\/\\\/www.rassegnastampa-totustuus.it\\\/cattolica\\\/la-pena-di-morte\\\/\"},\"wordCount\":2865,\"publisher\":{\"@id\":\"https:\\\/\\\/www.rassegnastampa-totustuus.it\\\/cattolica\\\/#organization\"},\"image\":{\"@id\":\"https:\\\/\\\/www.rassegnastampa-totustuus.it\\\/cattolica\\\/la-pena-di-morte\\\/#primaryimage\"},\"thumbnailUrl\":\"https:\\\/\\\/www.rassegnastampa-totustuus.it\\\/cattolica\\\/wp-content\\\/uploads\\\/2005\\\/05\\\/pena_morte.jpg\",\"keywords\":[\"diritto\"],\"articleSection\":[\"Diritto\"],\"inLanguage\":\"it-IT\"},{\"@type\":\"WebPage\",\"@id\":\"https:\\\/\\\/www.rassegnastampa-totustuus.it\\\/cattolica\\\/la-pena-di-morte\\\/\",\"url\":\"https:\\\/\\\/www.rassegnastampa-totustuus.it\\\/cattolica\\\/la-pena-di-morte\\\/\",\"name\":\"La pena di morte - Rassegna Stampa Cattolica\",\"isPartOf\":{\"@id\":\"https:\\\/\\\/www.rassegnastampa-totustuus.it\\\/cattolica\\\/#website\"},\"primaryImageOfPage\":{\"@id\":\"https:\\\/\\\/www.rassegnastampa-totustuus.it\\\/cattolica\\\/la-pena-di-morte\\\/#primaryimage\"},\"image\":{\"@id\":\"https:\\\/\\\/www.rassegnastampa-totustuus.it\\\/cattolica\\\/la-pena-di-morte\\\/#primaryimage\"},\"thumbnailUrl\":\"https:\\\/\\\/www.rassegnastampa-totustuus.it\\\/cattolica\\\/wp-content\\\/uploads\\\/2005\\\/05\\\/pena_morte.jpg\",\"datePublished\":\"2005-05-11T13:57:38+00:00\",\"dateModified\":\"2022-08-07T09:22:13+00:00\",\"description\":\"Rassegna Stampa Cattolica - Per una cultura che nasce dalla Rivelazione cristiana in conformit\u00e0 alla tradizione e al Magistero della Chiesa in opposizione ad ogni relativismo e totalitarismo\",\"breadcrumb\":{\"@id\":\"https:\\\/\\\/www.rassegnastampa-totustuus.it\\\/cattolica\\\/la-pena-di-morte\\\/#breadcrumb\"},\"inLanguage\":\"it-IT\",\"potentialAction\":[{\"@type\":\"ReadAction\",\"target\":[\"https:\\\/\\\/www.rassegnastampa-totustuus.it\\\/cattolica\\\/la-pena-di-morte\\\/\"]}]},{\"@type\":\"ImageObject\",\"inLanguage\":\"it-IT\",\"@id\":\"https:\\\/\\\/www.rassegnastampa-totustuus.it\\\/cattolica\\\/la-pena-di-morte\\\/#primaryimage\",\"url\":\"https:\\\/\\\/www.rassegnastampa-totustuus.it\\\/cattolica\\\/wp-content\\\/uploads\\\/2005\\\/05\\\/pena_morte.jpg\",\"contentUrl\":\"https:\\\/\\\/www.rassegnastampa-totustuus.it\\\/cattolica\\\/wp-content\\\/uploads\\\/2005\\\/05\\\/pena_morte.jpg\",\"width\":257,\"height\":196},{\"@type\":\"BreadcrumbList\",\"@id\":\"https:\\\/\\\/www.rassegnastampa-totustuus.it\\\/cattolica\\\/la-pena-di-morte\\\/#breadcrumb\",\"itemListElement\":[{\"@type\":\"ListItem\",\"position\":1,\"name\":\"Home\",\"item\":\"https:\\\/\\\/www.rassegnastampa-totustuus.it\\\/cattolica\\\/\"},{\"@type\":\"ListItem\",\"position\":2,\"name\":\"La pena di morte\"}]},{\"@type\":\"WebSite\",\"@id\":\"https:\\\/\\\/www.rassegnastampa-totustuus.it\\\/cattolica\\\/#website\",\"url\":\"https:\\\/\\\/www.rassegnastampa-totustuus.it\\\/cattolica\\\/\",\"name\":\"Rassegna Stampa Cattolica\",\"description\":\"Per una cultura che nasce dalla Rivelazione cristiana in conformit\u00e0 alla tradizione e al Magistero della Chiesa in opposizione ad ogni relativismo e totalitarismo\",\"publisher\":{\"@id\":\"https:\\\/\\\/www.rassegnastampa-totustuus.it\\\/cattolica\\\/#organization\"},\"alternateName\":\"Rass. Cattolica\",\"potentialAction\":[{\"@type\":\"SearchAction\",\"target\":{\"@type\":\"EntryPoint\",\"urlTemplate\":\"https:\\\/\\\/www.rassegnastampa-totustuus.it\\\/cattolica\\\/?s={search_term_string}\"},\"query-input\":{\"@type\":\"PropertyValueSpecification\",\"valueRequired\":true,\"valueName\":\"search_term_string\"}}],\"inLanguage\":\"it-IT\"},{\"@type\":\"Organization\",\"@id\":\"https:\\\/\\\/www.rassegnastampa-totustuus.it\\\/cattolica\\\/#organization\",\"name\":\"Rassegna Stampa Cattolica\",\"url\":\"https:\\\/\\\/www.rassegnastampa-totustuus.it\\\/cattolica\\\/\",\"logo\":{\"@type\":\"ImageObject\",\"inLanguage\":\"it-IT\",\"@id\":\"https:\\\/\\\/www.rassegnastampa-totustuus.it\\\/cattolica\\\/#\\\/schema\\\/logo\\\/image\\\/\",\"url\":\"https:\\\/\\\/www.rassegnastampa-totustuus.it\\\/cattolica\\\/wp-content\\\/uploads\\\/2014\\\/04\\\/logo-rassegna1.gif\",\"contentUrl\":\"https:\\\/\\\/www.rassegnastampa-totustuus.it\\\/cattolica\\\/wp-content\\\/uploads\\\/2014\\\/04\\\/logo-rassegna1.gif\",\"width\":600,\"height\":163,\"caption\":\"Rassegna Stampa Cattolica\"},\"image\":{\"@id\":\"https:\\\/\\\/www.rassegnastampa-totustuus.it\\\/cattolica\\\/#\\\/schema\\\/logo\\\/image\\\/\"},\"sameAs\":[\"https:\\\/\\\/www.facebook.com\\\/rassegnastampacattolica\",\"https:\\\/\\\/x.com\\\/rassegnastampa9\"]},{\"@type\":\"Person\",\"@id\":\"https:\\\/\\\/www.rassegnastampa-totustuus.it\\\/cattolica\\\/#\\\/schema\\\/person\\\/08f319d2bd1a0904ad9e2bfb7b15e5c3\",\"name\":\"Redazione\",\"image\":{\"@type\":\"ImageObject\",\"inLanguage\":\"it-IT\",\"@id\":\"https:\\\/\\\/secure.gravatar.com\\\/avatar\\\/2fcdf27c78ea025fbdb44e914cc63c72249ffec9dc8aafd5c82b26240ef3f346?s=96&d=mm&r=g\",\"url\":\"https:\\\/\\\/secure.gravatar.com\\\/avatar\\\/2fcdf27c78ea025fbdb44e914cc63c72249ffec9dc8aafd5c82b26240ef3f346?s=96&d=mm&r=g\",\"contentUrl\":\"https:\\\/\\\/secure.gravatar.com\\\/avatar\\\/2fcdf27c78ea025fbdb44e914cc63c72249ffec9dc8aafd5c82b26240ef3f346?s=96&d=mm&r=g\",\"caption\":\"Redazione\"},\"url\":\"https:\\\/\\\/www.rassegnastampa-totustuus.it\\\/cattolica\\\/author\\\/pietroelle\\\/\"}]}<\/script>\n<!-- \/ Yoast SEO plugin. -->","yoast_head_json":{"title":"La pena di morte - Rassegna Stampa Cattolica","description":"Rassegna Stampa Cattolica - Per una cultura che nasce dalla Rivelazione cristiana in conformit\u00e0 alla tradizione e al Magistero della Chiesa in opposizione ad ogni relativismo e totalitarismo","robots":{"index":"index","follow":"follow","max-snippet":"max-snippet:-1","max-image-preview":"max-image-preview:large","max-video-preview":"max-video-preview:-1"},"canonical":"https:\/\/www.rassegnastampa-totustuus.it\/cattolica\/la-pena-di-morte\/","og_locale":"it_IT","og_type":"article","og_title":"La pena di morte - Rassegna Stampa Cattolica","og_description":"Rassegna Stampa Cattolica - Per una cultura che nasce dalla Rivelazione cristiana in conformit\u00e0 alla tradizione e al Magistero della Chiesa in opposizione ad ogni relativismo e totalitarismo","og_url":"https:\/\/www.rassegnastampa-totustuus.it\/cattolica\/la-pena-di-morte\/","og_site_name":"Rassegna Stampa Cattolica","article_publisher":"https:\/\/www.facebook.com\/rassegnastampacattolica","article_published_time":"2005-05-11T13:57:38+00:00","article_modified_time":"2022-08-07T09:22:13+00:00","og_image":[{"width":257,"height":196,"url":"https:\/\/www.rassegnastampa-totustuus.it\/cattolica\/wp-content\/uploads\/2005\/05\/pena_morte.jpg","type":"image\/jpeg"}],"author":"Redazione","twitter_card":"summary_large_image","twitter_creator":"@rassegnastampa9","twitter_site":"@rassegnastampa9","twitter_misc":{"Scritto da":"Redazione","Tempo di lettura stimato":"14 minuti"},"schema":{"@context":"https:\/\/schema.org","@graph":[{"@type":"Article","@id":"https:\/\/www.rassegnastampa-totustuus.it\/cattolica\/la-pena-di-morte\/#article","isPartOf":{"@id":"https:\/\/www.rassegnastampa-totustuus.it\/cattolica\/la-pena-di-morte\/"},"author":{"name":"Redazione","@id":"https:\/\/www.rassegnastampa-totustuus.it\/cattolica\/#\/schema\/person\/08f319d2bd1a0904ad9e2bfb7b15e5c3"},"headline":"La pena di morte","datePublished":"2005-05-11T13:57:38+00:00","dateModified":"2022-08-07T09:22:13+00:00","mainEntityOfPage":{"@id":"https:\/\/www.rassegnastampa-totustuus.it\/cattolica\/la-pena-di-morte\/"},"wordCount":2865,"publisher":{"@id":"https:\/\/www.rassegnastampa-totustuus.it\/cattolica\/#organization"},"image":{"@id":"https:\/\/www.rassegnastampa-totustuus.it\/cattolica\/la-pena-di-morte\/#primaryimage"},"thumbnailUrl":"https:\/\/www.rassegnastampa-totustuus.it\/cattolica\/wp-content\/uploads\/2005\/05\/pena_morte.jpg","keywords":["diritto"],"articleSection":["Diritto"],"inLanguage":"it-IT"},{"@type":"WebPage","@id":"https:\/\/www.rassegnastampa-totustuus.it\/cattolica\/la-pena-di-morte\/","url":"https:\/\/www.rassegnastampa-totustuus.it\/cattolica\/la-pena-di-morte\/","name":"La pena di morte - Rassegna Stampa Cattolica","isPartOf":{"@id":"https:\/\/www.rassegnastampa-totustuus.it\/cattolica\/#website"},"primaryImageOfPage":{"@id":"https:\/\/www.rassegnastampa-totustuus.it\/cattolica\/la-pena-di-morte\/#primaryimage"},"image":{"@id":"https:\/\/www.rassegnastampa-totustuus.it\/cattolica\/la-pena-di-morte\/#primaryimage"},"thumbnailUrl":"https:\/\/www.rassegnastampa-totustuus.it\/cattolica\/wp-content\/uploads\/2005\/05\/pena_morte.jpg","datePublished":"2005-05-11T13:57:38+00:00","dateModified":"2022-08-07T09:22:13+00:00","description":"Rassegna Stampa Cattolica - Per una cultura che nasce dalla Rivelazione cristiana in conformit\u00e0 alla tradizione e al Magistero della Chiesa in opposizione ad ogni relativismo e totalitarismo","breadcrumb":{"@id":"https:\/\/www.rassegnastampa-totustuus.it\/cattolica\/la-pena-di-morte\/#breadcrumb"},"inLanguage":"it-IT","potentialAction":[{"@type":"ReadAction","target":["https:\/\/www.rassegnastampa-totustuus.it\/cattolica\/la-pena-di-morte\/"]}]},{"@type":"ImageObject","inLanguage":"it-IT","@id":"https:\/\/www.rassegnastampa-totustuus.it\/cattolica\/la-pena-di-morte\/#primaryimage","url":"https:\/\/www.rassegnastampa-totustuus.it\/cattolica\/wp-content\/uploads\/2005\/05\/pena_morte.jpg","contentUrl":"https:\/\/www.rassegnastampa-totustuus.it\/cattolica\/wp-content\/uploads\/2005\/05\/pena_morte.jpg","width":257,"height":196},{"@type":"BreadcrumbList","@id":"https:\/\/www.rassegnastampa-totustuus.it\/cattolica\/la-pena-di-morte\/#breadcrumb","itemListElement":[{"@type":"ListItem","position":1,"name":"Home","item":"https:\/\/www.rassegnastampa-totustuus.it\/cattolica\/"},{"@type":"ListItem","position":2,"name":"La pena di morte"}]},{"@type":"WebSite","@id":"https:\/\/www.rassegnastampa-totustuus.it\/cattolica\/#website","url":"https:\/\/www.rassegnastampa-totustuus.it\/cattolica\/","name":"Rassegna Stampa Cattolica","description":"Per una cultura che nasce dalla Rivelazione cristiana in conformit\u00e0 alla tradizione e al Magistero della Chiesa in opposizione ad ogni relativismo e totalitarismo","publisher":{"@id":"https:\/\/www.rassegnastampa-totustuus.it\/cattolica\/#organization"},"alternateName":"Rass. Cattolica","potentialAction":[{"@type":"SearchAction","target":{"@type":"EntryPoint","urlTemplate":"https:\/\/www.rassegnastampa-totustuus.it\/cattolica\/?s={search_term_string}"},"query-input":{"@type":"PropertyValueSpecification","valueRequired":true,"valueName":"search_term_string"}}],"inLanguage":"it-IT"},{"@type":"Organization","@id":"https:\/\/www.rassegnastampa-totustuus.it\/cattolica\/#organization","name":"Rassegna Stampa Cattolica","url":"https:\/\/www.rassegnastampa-totustuus.it\/cattolica\/","logo":{"@type":"ImageObject","inLanguage":"it-IT","@id":"https:\/\/www.rassegnastampa-totustuus.it\/cattolica\/#\/schema\/logo\/image\/","url":"https:\/\/www.rassegnastampa-totustuus.it\/cattolica\/wp-content\/uploads\/2014\/04\/logo-rassegna1.gif","contentUrl":"https:\/\/www.rassegnastampa-totustuus.it\/cattolica\/wp-content\/uploads\/2014\/04\/logo-rassegna1.gif","width":600,"height":163,"caption":"Rassegna Stampa Cattolica"},"image":{"@id":"https:\/\/www.rassegnastampa-totustuus.it\/cattolica\/#\/schema\/logo\/image\/"},"sameAs":["https:\/\/www.facebook.com\/rassegnastampacattolica","https:\/\/x.com\/rassegnastampa9"]},{"@type":"Person","@id":"https:\/\/www.rassegnastampa-totustuus.it\/cattolica\/#\/schema\/person\/08f319d2bd1a0904ad9e2bfb7b15e5c3","name":"Redazione","image":{"@type":"ImageObject","inLanguage":"it-IT","@id":"https:\/\/secure.gravatar.com\/avatar\/2fcdf27c78ea025fbdb44e914cc63c72249ffec9dc8aafd5c82b26240ef3f346?s=96&d=mm&r=g","url":"https:\/\/secure.gravatar.com\/avatar\/2fcdf27c78ea025fbdb44e914cc63c72249ffec9dc8aafd5c82b26240ef3f346?s=96&d=mm&r=g","contentUrl":"https:\/\/secure.gravatar.com\/avatar\/2fcdf27c78ea025fbdb44e914cc63c72249ffec9dc8aafd5c82b26240ef3f346?s=96&d=mm&r=g","caption":"Redazione"},"url":"https:\/\/www.rassegnastampa-totustuus.it\/cattolica\/author\/pietroelle\/"}]}},"_links":{"self":[{"href":"https:\/\/www.rassegnastampa-totustuus.it\/cattolica\/wp-json\/wp\/v2\/posts\/456","targetHints":{"allow":["GET"]}}],"collection":[{"href":"https:\/\/www.rassegnastampa-totustuus.it\/cattolica\/wp-json\/wp\/v2\/posts"}],"about":[{"href":"https:\/\/www.rassegnastampa-totustuus.it\/cattolica\/wp-json\/wp\/v2\/types\/post"}],"author":[{"embeddable":true,"href":"https:\/\/www.rassegnastampa-totustuus.it\/cattolica\/wp-json\/wp\/v2\/users\/6"}],"replies":[{"embeddable":true,"href":"https:\/\/www.rassegnastampa-totustuus.it\/cattolica\/wp-json\/wp\/v2\/comments?post=456"}],"version-history":[{"count":4,"href":"https:\/\/www.rassegnastampa-totustuus.it\/cattolica\/wp-json\/wp\/v2\/posts\/456\/revisions"}],"predecessor-version":[{"id":54576,"href":"https:\/\/www.rassegnastampa-totustuus.it\/cattolica\/wp-json\/wp\/v2\/posts\/456\/revisions\/54576"}],"wp:featuredmedia":[{"embeddable":true,"href":"https:\/\/www.rassegnastampa-totustuus.it\/cattolica\/wp-json\/wp\/v2\/media\/29814"}],"wp:attachment":[{"href":"https:\/\/www.rassegnastampa-totustuus.it\/cattolica\/wp-json\/wp\/v2\/media?parent=456"}],"wp:term":[{"taxonomy":"category","embeddable":true,"href":"https:\/\/www.rassegnastampa-totustuus.it\/cattolica\/wp-json\/wp\/v2\/categories?post=456"},{"taxonomy":"post_tag","embeddable":true,"href":"https:\/\/www.rassegnastampa-totustuus.it\/cattolica\/wp-json\/wp\/v2\/tags?post=456"}],"curies":[{"name":"wp","href":"https:\/\/api.w.org\/{rel}","templated":true}]}}