{"id":45597,"date":"2020-01-23T00:00:58","date_gmt":"2020-01-22T23:00:58","guid":{"rendered":"http:\/\/www.rassegnastampa-totustuus.it\/cattolica\/?p=45597"},"modified":"2025-02-26T18:51:57","modified_gmt":"2025-02-26T17:51:57","slug":"don-gianni-baget-bozzo-di-fronte-allislam","status":"publish","type":"post","link":"https:\/\/www.rassegnastampa-totustuus.it\/cattolica\/don-gianni-baget-bozzo-di-fronte-allislam\/","title":{"rendered":"Don Gianni Baget Bozzo di fronte all\u2019islam"},"content":{"rendered":"<p style=\"text-align: center;\"><strong><a href=\"https:\/\/www.rassegnastampa-totustuus.it\/cattolica\/wp-content\/uploads\/2020\/01\/Gianni_Baget_Bozzojpg.jpg\"><img loading=\"lazy\" decoding=\"async\" class=\"size-full wp-image-45601 alignleft\" src=\"https:\/\/www.rassegnastampa-totustuus.it\/cattolica\/wp-content\/uploads\/2020\/01\/Gianni_Baget_Bozzojpg.jpg\" alt=\"\" width=\"212\" height=\"158\"><\/a>Corriere del Sud<\/strong> &nbsp;n. 6 anno XXVIII 30 luglio 2019<\/p>\n<p style=\"text-align: justify;\"><em>La denuncia della cristianofobia che ha impedito e impedisce l\u2019autodifesa dell\u2019Occidente<\/em><\/p>\n<p style=\"text-align: center;\">di <strong>Giuseppe Brienz<\/strong><strong>a<\/strong><\/p>\n<p><!--more--><\/p>\n<p style=\"text-align: justify;\">Don Gianni Baget Bozzo, teologo, scrittore, politologo, scrittore ed opinionista, \u00e8 morto l\u20198 maggio del 2009, a Genova, all\u2019et\u00e0 di 84 anni. Nella biografia di questo originale sacerdote (originario di Savona) troviamo diversi passaggi che possono apparire contraddittori: a 19 anni si iscrive alla Dc genovese, partecipa alla liberazione di <em>Radio Genova<\/em>, diventa il leader dei giovani democristiani e il responsabile del centro per la formazione dei quadri, alla fine degli anni quaranta con l\u2019allora vicesegretario Giuseppe Dossetti e, dal 1950 al \u201953 con la segreteria di Guido Gonella.<\/p>\n<p style=\"text-align: justify;\">Ma dopo appoggia la destra cattolica anti-Dc (fonda e dirige i <em>Centri per l\u2019Ordine civile<\/em> e nel 1974 scrive una famosa e molto critica &#8220;<em>Storia della Dc<\/em>&#8220;), quindi negli anni ottanta approda ai socialisti di Bettino Craxi e, infine, dal 1994 sostiene Silvio Berlusconi e la sfida di <em>Forza Italia<\/em>.<\/p>\n<p style=\"text-align: justify;\"><a href=\"https:\/\/www.rassegnastampa-totustuus.it\/cattolica\/wp-content\/uploads\/2006\/08\/card_Siri.jpg\"><img loading=\"lazy\" decoding=\"async\" class=\"size-full wp-image-32948 alignright\" src=\"https:\/\/www.rassegnastampa-totustuus.it\/cattolica\/wp-content\/uploads\/2006\/08\/card_Siri.jpg\" alt=\"\" width=\"160\" height=\"204\"><\/a>Il suo approccio dal punto di vista dottrinale del tutto tradizionale, e lo dobbiamo alla vicinanza spirituale e alla formazione che, fin da ragazzo, riceve dal cardinale Giuseppe Siri, arcivescovo di Genova, che lo ebbe come allievo al liceo ginnasio Andrea Doria, \u201cstorico\u201d di questa citt\u00e0.<\/p>\n<p style=\"text-align: justify;\">A sessant\u2019anni, per\u00f2, Siri si ritrova per\u00f2 di fronte a quel \u201cprete disobbediente\u201d (sospeso &#8220;a divinis&#8221; e con proibizione di indossare l&#8217;abito ecclesiastico) che si candida senza permesso (ed \u00e8 eletto ad eurodeputato) del PSI (maggio 1984).<\/p>\n<p style=\"text-align: justify;\">Dal tribunale diocesano Don Gianni \u00e8 quindi riconosciuto colpevole dei reati di \u00ab<em>disobbedienza all&#8217;ordinario, di comportamento sconveniente o comunque alieno allo stato clericale e di parte attiva avuta in partiti politici<\/em>\u00bb.<\/p>\n<p style=\"text-align: justify;\"><a href=\"https:\/\/www.rassegnastampa-totustuus.it\/cattolica\/wp-content\/uploads\/2004\/11\/democrazia_cristiana.jpg\"><img loading=\"lazy\" decoding=\"async\" class=\"size-medium wp-image-43302 alignleft\" src=\"https:\/\/www.rassegnastampa-totustuus.it\/cattolica\/wp-content\/uploads\/2004\/11\/democrazia_cristiana-300x168.jpg\" alt=\"\" width=\"300\" height=\"168\"><\/a>Ma Baget Bozzo replica alle accuse colpo su colpo: \u00ab<em>io continuo a far politica, a scrivere non per abbandonare il mio stato di cristiano e di prete, ma per accrescerlo&#8230; Il cardinale Siri che \u00e8 un uomo di fede, ha pi\u00f9 volte capito ed accettato queste cose che non sono certo per lui una mia recente improvvisazione. Ma una cosa ha sempre temuto, da vescovo: lo scandalo dei fedeli. Forse \u00e8 una risposta impropria dire che se i fedeli non sono scandalizzati dalla Dc non lo possono essere nemmeno dai socialisti o dai radicali&#8230; N\u00e9 il cardinale n\u00e9 io siamo capaci di fare compromessi sui principi: ed \u00e8 forse questo ci\u00f2 che rende i nostri rapporti tanto spontanei quanto difficili<\/em>\u00bb.<\/p>\n<p style=\"text-align: justify;\">Siccome un collega, noto vaticanista, ha recentemente rievocato, a mio avviso in maniera discutibile ed improvvida, come principale \u201clascito\u201d di don Gianni quello della \u00ab<em>difesa degli omosessuali<\/em>\u00bb (Luigi Accattoli, <em>Baget che anticipa Francesco. Un lascito a dieci anni dalla morte<\/em>, <em>Il Regno online<\/em>, 22 luglio 2019), credo sia qui utile riprenderne, sia pure brevemente, il \u201cprofetico\u201d insegnamento sull\u2019attuale scontro fra islam e Cristianesimo.<\/p>\n<p style=\"text-align: justify;\"><a href=\"https:\/\/www.rassegnastampa-totustuus.it\/cattolica\/wp-content\/uploads\/2015\/07\/Islam_Lammens.jpg\"><img loading=\"lazy\" decoding=\"async\" class=\"size-full wp-image-26489 alignright\" src=\"https:\/\/www.rassegnastampa-totustuus.it\/cattolica\/wp-content\/uploads\/2015\/07\/Islam_Lammens.jpg\" alt=\"\" width=\"192\" height=\"300\"><\/a>Uno dei libri che rimangono infatti di grande attualit\u00e0 di Baget Bozzo \u00e8 <em>Di fronte all\u2019Islam. Il grande conflitto<\/em>, comparso originariamente dall\u2019editore <em>Marietti<\/em> nel 2001 e di recente ripubblicato dalla casa editrice <em>De Ferrari <\/em>di Genova. La tesi di fondo \u00e8 quella dell\u2019inconciliabilit\u00e0 tra Cristianesimo e Islam, che Baget Bozzo fonda su ragioni teologiche e che, quindi, rimangono valide sempre.<\/p>\n<p style=\"text-align: justify;\">Non a caso i fatti della cronaca, gli attentati, il fondamentalismo, il martirio dei cristiani nei paesi islamici sono purtroppo la conferma giornaliera della veridicit\u00e0 della sua tesi. Dedicato \u00ab<em>ai martiri cristiani dell\u2019Islam<\/em>\u00bb, questo libro si rivela fin dalle prime pagine tanto esplosivo per una ricostruzione disincantata sull&#8217;universo teologico islamico quanto \u201cistruttivo\u201d perch\u00e9 uscito praticamente in concomitanza con gli attentati di New York dell&#8217;11 settembre 2001.<\/p>\n<p style=\"text-align: justify;\">Solo in parte in linea con le analisi sullo <em>Scontro di civilt\u00e0 <\/em>(<em>Clash of Civilisations<\/em>) dello scienziato politico statunitense Samuel Huntington (libro uscito nel 1996), <em>Di fronte all\u2019Islam<\/em> si presenta piuttosto pi\u00f9 in sintonia con le diagnosi che un personaggio molto diverso da Baget Bozzo come Oriana Fallaci (1929-2006) andava facendo in quegli ultimi.<\/p>\n<p style=\"text-align: justify;\">Il libro vede fin dall\u2019<em>Introduzione<\/em> chiaramente esposto il suo punto di partenza, ovvero \u00ab<em>il riconoscimento della differenza <\/em>[come] <em>sola via che garantisce ad un tempo verit\u00e0 e libert\u00e0<\/em>\u00bb.<\/p>\n<p style=\"text-align: justify;\"><a href=\"https:\/\/www.rassegnastampa-totustuus.it\/cattolica\/wp-content\/uploads\/2018\/11\/cristianesimo_islam.jpg\"><img loading=\"lazy\" decoding=\"async\" class=\" wp-image-41594 alignleft\" src=\"https:\/\/www.rassegnastampa-totustuus.it\/cattolica\/wp-content\/uploads\/2018\/11\/cristianesimo_islam.jpg\" alt=\"\" width=\"293\" height=\"195\"><\/a>Il rapporto tra islam e <em>Cristianit\u00e0<\/em>, scrive Baget Bozzo,\u00ab<em>ha forgiato la storia europea. L\u2019Europa si \u00e8 disegnata per quello che \u00e8 innanzi all\u2019Islam\u2026 Senza l\u2019Islam l\u2019Oriente sarebbe stato cristiano come l\u2019Occidente<\/em>\u00bb (p. 11). Infatti l\u2019islam, aggiunge il sacerdote, \u00ab<em>ha fatto la guerra santa al Cristianesimo. Le terre che erano le protagoniste del Cristianesimo nei primi secoli (l\u2019Asia minore, l\u2019Africa) sono divenute terre islamiche\u2026 E per secoli vi fu la possibilit\u00e0 che all\u2019Europa occidentale accadesse lo stesso<\/em>\u00bb (p. 17).<\/p>\n<p style=\"text-align: justify;\">Nelle ultime pagine di un altro libro esplicitamente \u201cprofetico\u201d sul tema, dal significativo titolo <em>Profezia <\/em>(2002), leggiamo inoltre: \u00ab<em>l\u2019escatologia dell\u2019islam, il paradiso islamico \u00e8 questo mondo, senza i non musulmani<\/em>\u00bb.<\/p>\n<p style=\"text-align: justify;\">Ma Baget Bozzo ha sempre creduto e \u201cpredicato\u201d la vittoria dell\u2019Occidente, perch\u00e9 l\u2019islam secondo lui ha ormai abbassato la sua \u00ab<em>qualit\u00e0 civile, umana, culturale, segnando un Dio di pura sottomissione, da cui l\u2019Islam non pu\u00f2 avere un progresso moderno<\/em>\u00bb.<\/p>\n<p style=\"text-align: justify;\"><a href=\"https:\/\/www.rassegnastampa-totustuus.it\/cattolica\/wp-content\/uploads\/2005\/09\/Turchi_pirati_islam.jpg\"><img loading=\"lazy\" decoding=\"async\" class=\"size-full wp-image-44604 alignright\" src=\"https:\/\/www.rassegnastampa-totustuus.it\/cattolica\/wp-content\/uploads\/2005\/09\/Turchi_pirati_islam.jpg\" alt=\"\" width=\"274\" height=\"184\"><\/a>Come si fa a dimenticare, si chiede provocatoriamente Don Gianni, che la storia dell\u2019islam \u00ab<em>\u00e8 la storia di una guerra contro il cristianesimo da quando \u00e8 nato fino ad oggi?<\/em>\u00bb. Quello islamico, in definitiva, non pu\u00f2 essere il <em>Dio della croce e delle Resurrezione<\/em> perch\u00e9 \u00e8 sempre stato il <em>Dio della guerra<\/em>. Ecco perch\u00e9 Baget ha sempre invitato a valutare oggi l\u2019islam, allo stesso tempo e sullo stesso piano, \u00ab<em>sia per quanto riguarda il versante, diciamo cos\u00ec, del terrorismo, sia per quello della migrazione musulmana<\/em>\u00bb.<\/p>\n<p style=\"text-align: justify;\">Secondo lui occorreva a tal fine riscoprire pienamente quella \u201cconnessione\u201d tra Cristianesimo e libert\u00e0 civile che \u00e8 un frutto indelebile del Vangelo, dal quale discende il \u00ab<em>compito nostro di cristiani di difendere per tutti la libert\u00e0\u2026 e la libert\u00e0 di tutti. Quindi anche la libert\u00e0 di non essere cristiani<\/em>\u00bb.<\/p>\n<p style=\"text-align: justify;\">Un prete ribelle alle regole e alle gerarchie Don Gianni &#8211; famosa fu anche quella sua intervista a <em>Penthouse<\/em>\u2026 -, ma indubbiamente un cristiano rigoroso e <em>\u201cconsacrato\u201d alla politica<\/em>, come l\u2019ha efficacemente definito Giuliano Ferrara<em>.<\/em><\/p>\n<p style=\"text-align: center;\">___________________<\/p>\n<p style=\"text-align: center;\">Gianni Baget Bozzo<\/p>\n<p style=\"text-align: center;\"><strong><em>Due testi \u201cprofetici\u201d sul jihad<\/em><\/strong><strong> del XXI secolo<\/strong><\/p>\n<p style=\"text-align: justify;\"><a href=\"https:\/\/www.rassegnastampa-totustuus.it\/cattolica\/wp-content\/uploads\/2019\/04\/Chiesa_sri_Lanka_persecuzioni.jpg\"><img loading=\"lazy\" decoding=\"async\" class=\"alignleft wp-image-42885 size-full\" src=\"https:\/\/www.rassegnastampa-totustuus.it\/cattolica\/wp-content\/uploads\/2019\/04\/Chiesa_sri_Lanka_persecuzioni.jpg\" alt=\"\" width=\"275\" height=\"183\"><\/a>\u00ab<em>\u201cLa Stampa\u201d non dice che sono i musulmani <\/em>[nei vari teatri di guerra del <em>jihad<\/em>] <em>a uccidere perch\u00e9 \u00e8 un giornale politicamente corretto. Ma insomma il fatto \u00e8 uno: dalla Nigeria alla Costa d\u2019Avorio, dal Sudan al Pakistan, dall\u2019Afghanistan alle Molucche, da Timor alla Malesia, dall\u2019Egitto alla Somalia, il \u201ctiro al piccione\u201d \u00e8 il \u201ctiro al cristiano\u201d. <\/em>[\u2026] <em>Dagli al cristiano\u2026 la cosa non fa notizia\u2026 Sparare sul cristiano \u00e8 divenuto un fatto politicamente corretto. Al massimo, in cronaca nera<\/em>\u00bb (<em>Guerra santa contro i cristiani<\/em>, in<em>Tempi<\/em>, n. 12 &#8211; 28 marzo 2001).<\/p>\n<p style=\"text-align: center;\">________________________<\/p>\n<p style=\"text-align: justify;\"><a href=\"https:\/\/www.rassegnastampa-totustuus.it\/cattolica\/wp-content\/uploads\/2011\/09\/11-settembre.jpg\"><img loading=\"lazy\" decoding=\"async\" class=\"size-full wp-image-22712 alignleft\" src=\"https:\/\/www.rassegnastampa-totustuus.it\/cattolica\/wp-content\/uploads\/2011\/09\/11-settembre.jpg\" alt=\"\" width=\"254\" height=\"199\" data-wp-editing=\"1\"><\/a>\u00ab<em>L\u2019islam<\/em> [con gli attentati dell\u201911 settembre 2001]<em> ha rivelato il suo vero volto e la sua dimensione anticristiana colpendo con un attentato suicida New York e Washington, prendendo di sorpresa l\u2019America che non aveva ancora compreso l\u2019essenza anticristiana della religione musulmana.<\/em>[\u2026]<em>Ora la guerra dell\u2019Occidente contro l\u2019islam politico sostituir\u00e0 la guerra contro il comunismo e rimpiangeremo i comunisti come avversari, erano molto pi\u00f9 umani e leali. Non ci vergogneremo pi\u00f9 dei Crociati perch\u00e9 capiremo che la Cristianit\u00e0 dovette sostenere l\u2019invasione islamica per dieci secoli, non ci vergogneremo dei solfati cristiani perch\u00e9 Ges\u00f9 non si \u00e8 vergognato dei centurioni romani<\/em>\u00bb(<em>Ma io vi dico che l\u2019islam politico \u00e8 il nemico dell\u2019Occidente<\/em>, in <em>Tempi<\/em>, n. 37 &#8211; 13 settembre 2001).<\/p>\n","protected":false},"excerpt":{"rendered":"<p>Corriere del Sud &nbsp;n. 6 anno XXVIII 30 luglio 2019 La denuncia della cristianofobia che ha impedito e impedisce l\u2019autodifesa dell\u2019Occidente di Giuseppe Brienza<\/p><p><a class=\"more-link btn\" href=\"https:\/\/www.rassegnastampa-totustuus.it\/cattolica\/don-gianni-baget-bozzo-di-fronte-allislam\/\">Continua a leggere<\/a><\/p>\n","protected":false},"author":6,"featured_media":45598,"comment_status":"closed","ping_status":"closed","sticky":false,"template":"","format":"standard","meta":{"footnotes":""},"categories":[16,111,18],"tags":[2780,161,2408,264],"class_list":["post-45597","post","type-post","status-publish","format-standard","has-post-thumbnail","hentry","category-islam","category-islam-in-europa","category-personaggi","tag-gianni-baget-bozzo","tag-islam-2","tag-islam-in-europa","tag-persecuzioni","item-wrap"],"yoast_head":"<!-- This site is optimized with the Yoast SEO plugin v27.5 - https:\/\/yoast.com\/product\/yoast-seo-wordpress\/ -->\n<title>Don Gianni Baget Bozzo di fronte all\u2019islam - Rassegna Stampa Cattolica<\/title>\n<meta name=\"description\" content=\"Rassegna Stampa Cattolica - Per una cultura che nasce dalla Rivelazione cristiana in conformit\u00e0 alla tradizione e al Magistero della Chiesa in opposizione ad ogni relativismo e totalitarismo\" \/>\n<meta name=\"robots\" content=\"index, follow, max-snippet:-1, max-image-preview:large, max-video-preview:-1\" \/>\n<link rel=\"canonical\" href=\"https:\/\/www.rassegnastampa-totustuus.it\/cattolica\/don-gianni-baget-bozzo-di-fronte-allislam\/\" \/>\n<meta property=\"og:locale\" content=\"it_IT\" \/>\n<meta property=\"og:type\" content=\"article\" \/>\n<meta property=\"og:title\" content=\"Don Gianni Baget Bozzo di fronte all\u2019islam - Rassegna Stampa Cattolica\" \/>\n<meta property=\"og:description\" content=\"Rassegna Stampa Cattolica - Per una cultura che nasce dalla Rivelazione cristiana in conformit\u00e0 alla tradizione e al Magistero della Chiesa in opposizione ad ogni relativismo e totalitarismo\" \/>\n<meta property=\"og:url\" content=\"https:\/\/www.rassegnastampa-totustuus.it\/cattolica\/don-gianni-baget-bozzo-di-fronte-allislam\/\" \/>\n<meta property=\"og:site_name\" content=\"Rassegna Stampa Cattolica\" \/>\n<meta property=\"article:publisher\" content=\"https:\/\/www.facebook.com\/rassegnastampacattolica\" \/>\n<meta property=\"article:published_time\" content=\"2020-01-22T23:00:58+00:00\" \/>\n<meta property=\"article:modified_time\" content=\"2025-02-26T17:51:57+00:00\" \/>\n<meta property=\"og:image\" content=\"https:\/\/www.rassegnastampa-totustuus.it\/cattolica\/wp-content\/uploads\/2019\/12\/persecuzioni.jpg\" \/>\n\t<meta property=\"og:image:width\" content=\"1600\" \/>\n\t<meta property=\"og:image:height\" content=\"1205\" \/>\n\t<meta property=\"og:image:type\" content=\"image\/jpeg\" \/>\n<meta name=\"author\" content=\"Redazione\" \/>\n<meta name=\"twitter:card\" content=\"summary_large_image\" \/>\n<meta name=\"twitter:creator\" content=\"@rassegnastampa9\" \/>\n<meta name=\"twitter:site\" content=\"@rassegnastampa9\" \/>\n<meta name=\"twitter:label1\" content=\"Scritto da\" \/>\n\t<meta name=\"twitter:data1\" content=\"Redazione\" \/>\n\t<meta name=\"twitter:label2\" content=\"Tempo di lettura stimato\" \/>\n\t<meta name=\"twitter:data2\" content=\"9 minuti\" \/>\n<script type=\"application\/ld+json\" class=\"yoast-schema-graph\">{\"@context\":\"https:\\\/\\\/schema.org\",\"@graph\":[{\"@type\":\"Article\",\"@id\":\"https:\\\/\\\/www.rassegnastampa-totustuus.it\\\/cattolica\\\/don-gianni-baget-bozzo-di-fronte-allislam\\\/#article\",\"isPartOf\":{\"@id\":\"https:\\\/\\\/www.rassegnastampa-totustuus.it\\\/cattolica\\\/don-gianni-baget-bozzo-di-fronte-allislam\\\/\"},\"author\":{\"name\":\"Redazione\",\"@id\":\"https:\\\/\\\/www.rassegnastampa-totustuus.it\\\/cattolica\\\/#\\\/schema\\\/person\\\/08f319d2bd1a0904ad9e2bfb7b15e5c3\"},\"headline\":\"Don Gianni Baget Bozzo di fronte all\u2019islam\",\"datePublished\":\"2020-01-22T23:00:58+00:00\",\"dateModified\":\"2025-02-26T17:51:57+00:00\",\"mainEntityOfPage\":{\"@id\":\"https:\\\/\\\/www.rassegnastampa-totustuus.it\\\/cattolica\\\/don-gianni-baget-bozzo-di-fronte-allislam\\\/\"},\"wordCount\":1212,\"publisher\":{\"@id\":\"https:\\\/\\\/www.rassegnastampa-totustuus.it\\\/cattolica\\\/#organization\"},\"image\":{\"@id\":\"https:\\\/\\\/www.rassegnastampa-totustuus.it\\\/cattolica\\\/don-gianni-baget-bozzo-di-fronte-allislam\\\/#primaryimage\"},\"thumbnailUrl\":\"https:\\\/\\\/www.rassegnastampa-totustuus.it\\\/cattolica\\\/wp-content\\\/uploads\\\/2019\\\/12\\\/persecuzioni.jpg\",\"keywords\":[\"Gianni Baget Bozzo\",\"islam\",\"Islam in Europa\",\"persecuzioni\"],\"articleSection\":[\"Islam\",\"Islam in Europa\",\"Personaggi\"],\"inLanguage\":\"it-IT\"},{\"@type\":\"WebPage\",\"@id\":\"https:\\\/\\\/www.rassegnastampa-totustuus.it\\\/cattolica\\\/don-gianni-baget-bozzo-di-fronte-allislam\\\/\",\"url\":\"https:\\\/\\\/www.rassegnastampa-totustuus.it\\\/cattolica\\\/don-gianni-baget-bozzo-di-fronte-allislam\\\/\",\"name\":\"Don Gianni Baget Bozzo di fronte all\u2019islam - Rassegna Stampa Cattolica\",\"isPartOf\":{\"@id\":\"https:\\\/\\\/www.rassegnastampa-totustuus.it\\\/cattolica\\\/#website\"},\"primaryImageOfPage\":{\"@id\":\"https:\\\/\\\/www.rassegnastampa-totustuus.it\\\/cattolica\\\/don-gianni-baget-bozzo-di-fronte-allislam\\\/#primaryimage\"},\"image\":{\"@id\":\"https:\\\/\\\/www.rassegnastampa-totustuus.it\\\/cattolica\\\/don-gianni-baget-bozzo-di-fronte-allislam\\\/#primaryimage\"},\"thumbnailUrl\":\"https:\\\/\\\/www.rassegnastampa-totustuus.it\\\/cattolica\\\/wp-content\\\/uploads\\\/2019\\\/12\\\/persecuzioni.jpg\",\"datePublished\":\"2020-01-22T23:00:58+00:00\",\"dateModified\":\"2025-02-26T17:51:57+00:00\",\"description\":\"Rassegna Stampa Cattolica - Per una cultura che nasce dalla Rivelazione cristiana in conformit\u00e0 alla tradizione e al Magistero della Chiesa in opposizione ad ogni relativismo e totalitarismo\",\"breadcrumb\":{\"@id\":\"https:\\\/\\\/www.rassegnastampa-totustuus.it\\\/cattolica\\\/don-gianni-baget-bozzo-di-fronte-allislam\\\/#breadcrumb\"},\"inLanguage\":\"it-IT\",\"potentialAction\":[{\"@type\":\"ReadAction\",\"target\":[\"https:\\\/\\\/www.rassegnastampa-totustuus.it\\\/cattolica\\\/don-gianni-baget-bozzo-di-fronte-allislam\\\/\"]}]},{\"@type\":\"ImageObject\",\"inLanguage\":\"it-IT\",\"@id\":\"https:\\\/\\\/www.rassegnastampa-totustuus.it\\\/cattolica\\\/don-gianni-baget-bozzo-di-fronte-allislam\\\/#primaryimage\",\"url\":\"https:\\\/\\\/www.rassegnastampa-totustuus.it\\\/cattolica\\\/wp-content\\\/uploads\\\/2019\\\/12\\\/persecuzioni.jpg\",\"contentUrl\":\"https:\\\/\\\/www.rassegnastampa-totustuus.it\\\/cattolica\\\/wp-content\\\/uploads\\\/2019\\\/12\\\/persecuzioni.jpg\",\"width\":1600,\"height\":1205},{\"@type\":\"BreadcrumbList\",\"@id\":\"https:\\\/\\\/www.rassegnastampa-totustuus.it\\\/cattolica\\\/don-gianni-baget-bozzo-di-fronte-allislam\\\/#breadcrumb\",\"itemListElement\":[{\"@type\":\"ListItem\",\"position\":1,\"name\":\"Home\",\"item\":\"https:\\\/\\\/www.rassegnastampa-totustuus.it\\\/cattolica\\\/\"},{\"@type\":\"ListItem\",\"position\":2,\"name\":\"Don Gianni Baget Bozzo di fronte all\u2019islam\"}]},{\"@type\":\"WebSite\",\"@id\":\"https:\\\/\\\/www.rassegnastampa-totustuus.it\\\/cattolica\\\/#website\",\"url\":\"https:\\\/\\\/www.rassegnastampa-totustuus.it\\\/cattolica\\\/\",\"name\":\"Rassegna Stampa Cattolica\",\"description\":\"Per una cultura che nasce dalla Rivelazione cristiana in conformit\u00e0 alla tradizione e al Magistero della Chiesa in opposizione ad ogni relativismo e totalitarismo\",\"publisher\":{\"@id\":\"https:\\\/\\\/www.rassegnastampa-totustuus.it\\\/cattolica\\\/#organization\"},\"alternateName\":\"Rass. Cattolica\",\"potentialAction\":[{\"@type\":\"SearchAction\",\"target\":{\"@type\":\"EntryPoint\",\"urlTemplate\":\"https:\\\/\\\/www.rassegnastampa-totustuus.it\\\/cattolica\\\/?s={search_term_string}\"},\"query-input\":{\"@type\":\"PropertyValueSpecification\",\"valueRequired\":true,\"valueName\":\"search_term_string\"}}],\"inLanguage\":\"it-IT\"},{\"@type\":\"Organization\",\"@id\":\"https:\\\/\\\/www.rassegnastampa-totustuus.it\\\/cattolica\\\/#organization\",\"name\":\"Rassegna Stampa Cattolica\",\"url\":\"https:\\\/\\\/www.rassegnastampa-totustuus.it\\\/cattolica\\\/\",\"logo\":{\"@type\":\"ImageObject\",\"inLanguage\":\"it-IT\",\"@id\":\"https:\\\/\\\/www.rassegnastampa-totustuus.it\\\/cattolica\\\/#\\\/schema\\\/logo\\\/image\\\/\",\"url\":\"https:\\\/\\\/www.rassegnastampa-totustuus.it\\\/cattolica\\\/wp-content\\\/uploads\\\/2014\\\/04\\\/logo-rassegna1.gif\",\"contentUrl\":\"https:\\\/\\\/www.rassegnastampa-totustuus.it\\\/cattolica\\\/wp-content\\\/uploads\\\/2014\\\/04\\\/logo-rassegna1.gif\",\"width\":600,\"height\":163,\"caption\":\"Rassegna Stampa Cattolica\"},\"image\":{\"@id\":\"https:\\\/\\\/www.rassegnastampa-totustuus.it\\\/cattolica\\\/#\\\/schema\\\/logo\\\/image\\\/\"},\"sameAs\":[\"https:\\\/\\\/www.facebook.com\\\/rassegnastampacattolica\",\"https:\\\/\\\/x.com\\\/rassegnastampa9\"]},{\"@type\":\"Person\",\"@id\":\"https:\\\/\\\/www.rassegnastampa-totustuus.it\\\/cattolica\\\/#\\\/schema\\\/person\\\/08f319d2bd1a0904ad9e2bfb7b15e5c3\",\"name\":\"Redazione\",\"image\":{\"@type\":\"ImageObject\",\"inLanguage\":\"it-IT\",\"@id\":\"https:\\\/\\\/secure.gravatar.com\\\/avatar\\\/2fcdf27c78ea025fbdb44e914cc63c72249ffec9dc8aafd5c82b26240ef3f346?s=96&d=mm&r=g\",\"url\":\"https:\\\/\\\/secure.gravatar.com\\\/avatar\\\/2fcdf27c78ea025fbdb44e914cc63c72249ffec9dc8aafd5c82b26240ef3f346?s=96&d=mm&r=g\",\"contentUrl\":\"https:\\\/\\\/secure.gravatar.com\\\/avatar\\\/2fcdf27c78ea025fbdb44e914cc63c72249ffec9dc8aafd5c82b26240ef3f346?s=96&d=mm&r=g\",\"caption\":\"Redazione\"},\"url\":\"https:\\\/\\\/www.rassegnastampa-totustuus.it\\\/cattolica\\\/author\\\/pietroelle\\\/\"}]}<\/script>\n<!-- \/ Yoast SEO plugin. -->","yoast_head_json":{"title":"Don Gianni Baget Bozzo di fronte all\u2019islam - Rassegna Stampa Cattolica","description":"Rassegna Stampa Cattolica - Per una cultura che nasce dalla Rivelazione cristiana in conformit\u00e0 alla tradizione e al Magistero della Chiesa in opposizione ad ogni relativismo e totalitarismo","robots":{"index":"index","follow":"follow","max-snippet":"max-snippet:-1","max-image-preview":"max-image-preview:large","max-video-preview":"max-video-preview:-1"},"canonical":"https:\/\/www.rassegnastampa-totustuus.it\/cattolica\/don-gianni-baget-bozzo-di-fronte-allislam\/","og_locale":"it_IT","og_type":"article","og_title":"Don Gianni Baget Bozzo di fronte all\u2019islam - Rassegna Stampa Cattolica","og_description":"Rassegna Stampa Cattolica - Per una cultura che nasce dalla Rivelazione cristiana in conformit\u00e0 alla tradizione e al Magistero della Chiesa in opposizione ad ogni relativismo e totalitarismo","og_url":"https:\/\/www.rassegnastampa-totustuus.it\/cattolica\/don-gianni-baget-bozzo-di-fronte-allislam\/","og_site_name":"Rassegna Stampa Cattolica","article_publisher":"https:\/\/www.facebook.com\/rassegnastampacattolica","article_published_time":"2020-01-22T23:00:58+00:00","article_modified_time":"2025-02-26T17:51:57+00:00","og_image":[{"width":1600,"height":1205,"url":"https:\/\/www.rassegnastampa-totustuus.it\/cattolica\/wp-content\/uploads\/2019\/12\/persecuzioni.jpg","type":"image\/jpeg"}],"author":"Redazione","twitter_card":"summary_large_image","twitter_creator":"@rassegnastampa9","twitter_site":"@rassegnastampa9","twitter_misc":{"Scritto da":"Redazione","Tempo di lettura stimato":"9 minuti"},"schema":{"@context":"https:\/\/schema.org","@graph":[{"@type":"Article","@id":"https:\/\/www.rassegnastampa-totustuus.it\/cattolica\/don-gianni-baget-bozzo-di-fronte-allislam\/#article","isPartOf":{"@id":"https:\/\/www.rassegnastampa-totustuus.it\/cattolica\/don-gianni-baget-bozzo-di-fronte-allislam\/"},"author":{"name":"Redazione","@id":"https:\/\/www.rassegnastampa-totustuus.it\/cattolica\/#\/schema\/person\/08f319d2bd1a0904ad9e2bfb7b15e5c3"},"headline":"Don Gianni Baget Bozzo di fronte all\u2019islam","datePublished":"2020-01-22T23:00:58+00:00","dateModified":"2025-02-26T17:51:57+00:00","mainEntityOfPage":{"@id":"https:\/\/www.rassegnastampa-totustuus.it\/cattolica\/don-gianni-baget-bozzo-di-fronte-allislam\/"},"wordCount":1212,"publisher":{"@id":"https:\/\/www.rassegnastampa-totustuus.it\/cattolica\/#organization"},"image":{"@id":"https:\/\/www.rassegnastampa-totustuus.it\/cattolica\/don-gianni-baget-bozzo-di-fronte-allislam\/#primaryimage"},"thumbnailUrl":"https:\/\/www.rassegnastampa-totustuus.it\/cattolica\/wp-content\/uploads\/2019\/12\/persecuzioni.jpg","keywords":["Gianni Baget Bozzo","islam","Islam in Europa","persecuzioni"],"articleSection":["Islam","Islam in Europa","Personaggi"],"inLanguage":"it-IT"},{"@type":"WebPage","@id":"https:\/\/www.rassegnastampa-totustuus.it\/cattolica\/don-gianni-baget-bozzo-di-fronte-allislam\/","url":"https:\/\/www.rassegnastampa-totustuus.it\/cattolica\/don-gianni-baget-bozzo-di-fronte-allislam\/","name":"Don Gianni Baget Bozzo di fronte all\u2019islam - Rassegna Stampa Cattolica","isPartOf":{"@id":"https:\/\/www.rassegnastampa-totustuus.it\/cattolica\/#website"},"primaryImageOfPage":{"@id":"https:\/\/www.rassegnastampa-totustuus.it\/cattolica\/don-gianni-baget-bozzo-di-fronte-allislam\/#primaryimage"},"image":{"@id":"https:\/\/www.rassegnastampa-totustuus.it\/cattolica\/don-gianni-baget-bozzo-di-fronte-allislam\/#primaryimage"},"thumbnailUrl":"https:\/\/www.rassegnastampa-totustuus.it\/cattolica\/wp-content\/uploads\/2019\/12\/persecuzioni.jpg","datePublished":"2020-01-22T23:00:58+00:00","dateModified":"2025-02-26T17:51:57+00:00","description":"Rassegna Stampa Cattolica - Per una cultura che nasce dalla Rivelazione cristiana in conformit\u00e0 alla tradizione e al Magistero della Chiesa in opposizione ad ogni relativismo e totalitarismo","breadcrumb":{"@id":"https:\/\/www.rassegnastampa-totustuus.it\/cattolica\/don-gianni-baget-bozzo-di-fronte-allislam\/#breadcrumb"},"inLanguage":"it-IT","potentialAction":[{"@type":"ReadAction","target":["https:\/\/www.rassegnastampa-totustuus.it\/cattolica\/don-gianni-baget-bozzo-di-fronte-allislam\/"]}]},{"@type":"ImageObject","inLanguage":"it-IT","@id":"https:\/\/www.rassegnastampa-totustuus.it\/cattolica\/don-gianni-baget-bozzo-di-fronte-allislam\/#primaryimage","url":"https:\/\/www.rassegnastampa-totustuus.it\/cattolica\/wp-content\/uploads\/2019\/12\/persecuzioni.jpg","contentUrl":"https:\/\/www.rassegnastampa-totustuus.it\/cattolica\/wp-content\/uploads\/2019\/12\/persecuzioni.jpg","width":1600,"height":1205},{"@type":"BreadcrumbList","@id":"https:\/\/www.rassegnastampa-totustuus.it\/cattolica\/don-gianni-baget-bozzo-di-fronte-allislam\/#breadcrumb","itemListElement":[{"@type":"ListItem","position":1,"name":"Home","item":"https:\/\/www.rassegnastampa-totustuus.it\/cattolica\/"},{"@type":"ListItem","position":2,"name":"Don Gianni Baget Bozzo di fronte all\u2019islam"}]},{"@type":"WebSite","@id":"https:\/\/www.rassegnastampa-totustuus.it\/cattolica\/#website","url":"https:\/\/www.rassegnastampa-totustuus.it\/cattolica\/","name":"Rassegna Stampa Cattolica","description":"Per una cultura che nasce dalla Rivelazione cristiana in conformit\u00e0 alla tradizione e al Magistero della Chiesa in opposizione ad ogni relativismo e totalitarismo","publisher":{"@id":"https:\/\/www.rassegnastampa-totustuus.it\/cattolica\/#organization"},"alternateName":"Rass. Cattolica","potentialAction":[{"@type":"SearchAction","target":{"@type":"EntryPoint","urlTemplate":"https:\/\/www.rassegnastampa-totustuus.it\/cattolica\/?s={search_term_string}"},"query-input":{"@type":"PropertyValueSpecification","valueRequired":true,"valueName":"search_term_string"}}],"inLanguage":"it-IT"},{"@type":"Organization","@id":"https:\/\/www.rassegnastampa-totustuus.it\/cattolica\/#organization","name":"Rassegna Stampa Cattolica","url":"https:\/\/www.rassegnastampa-totustuus.it\/cattolica\/","logo":{"@type":"ImageObject","inLanguage":"it-IT","@id":"https:\/\/www.rassegnastampa-totustuus.it\/cattolica\/#\/schema\/logo\/image\/","url":"https:\/\/www.rassegnastampa-totustuus.it\/cattolica\/wp-content\/uploads\/2014\/04\/logo-rassegna1.gif","contentUrl":"https:\/\/www.rassegnastampa-totustuus.it\/cattolica\/wp-content\/uploads\/2014\/04\/logo-rassegna1.gif","width":600,"height":163,"caption":"Rassegna Stampa Cattolica"},"image":{"@id":"https:\/\/www.rassegnastampa-totustuus.it\/cattolica\/#\/schema\/logo\/image\/"},"sameAs":["https:\/\/www.facebook.com\/rassegnastampacattolica","https:\/\/x.com\/rassegnastampa9"]},{"@type":"Person","@id":"https:\/\/www.rassegnastampa-totustuus.it\/cattolica\/#\/schema\/person\/08f319d2bd1a0904ad9e2bfb7b15e5c3","name":"Redazione","image":{"@type":"ImageObject","inLanguage":"it-IT","@id":"https:\/\/secure.gravatar.com\/avatar\/2fcdf27c78ea025fbdb44e914cc63c72249ffec9dc8aafd5c82b26240ef3f346?s=96&d=mm&r=g","url":"https:\/\/secure.gravatar.com\/avatar\/2fcdf27c78ea025fbdb44e914cc63c72249ffec9dc8aafd5c82b26240ef3f346?s=96&d=mm&r=g","contentUrl":"https:\/\/secure.gravatar.com\/avatar\/2fcdf27c78ea025fbdb44e914cc63c72249ffec9dc8aafd5c82b26240ef3f346?s=96&d=mm&r=g","caption":"Redazione"},"url":"https:\/\/www.rassegnastampa-totustuus.it\/cattolica\/author\/pietroelle\/"}]}},"_links":{"self":[{"href":"https:\/\/www.rassegnastampa-totustuus.it\/cattolica\/wp-json\/wp\/v2\/posts\/45597","targetHints":{"allow":["GET"]}}],"collection":[{"href":"https:\/\/www.rassegnastampa-totustuus.it\/cattolica\/wp-json\/wp\/v2\/posts"}],"about":[{"href":"https:\/\/www.rassegnastampa-totustuus.it\/cattolica\/wp-json\/wp\/v2\/types\/post"}],"author":[{"embeddable":true,"href":"https:\/\/www.rassegnastampa-totustuus.it\/cattolica\/wp-json\/wp\/v2\/users\/6"}],"replies":[{"embeddable":true,"href":"https:\/\/www.rassegnastampa-totustuus.it\/cattolica\/wp-json\/wp\/v2\/comments?post=45597"}],"version-history":[{"count":3,"href":"https:\/\/www.rassegnastampa-totustuus.it\/cattolica\/wp-json\/wp\/v2\/posts\/45597\/revisions"}],"predecessor-version":[{"id":45715,"href":"https:\/\/www.rassegnastampa-totustuus.it\/cattolica\/wp-json\/wp\/v2\/posts\/45597\/revisions\/45715"}],"wp:featuredmedia":[{"embeddable":true,"href":"https:\/\/www.rassegnastampa-totustuus.it\/cattolica\/wp-json\/wp\/v2\/media\/45598"}],"wp:attachment":[{"href":"https:\/\/www.rassegnastampa-totustuus.it\/cattolica\/wp-json\/wp\/v2\/media?parent=45597"}],"wp:term":[{"taxonomy":"category","embeddable":true,"href":"https:\/\/www.rassegnastampa-totustuus.it\/cattolica\/wp-json\/wp\/v2\/categories?post=45597"},{"taxonomy":"post_tag","embeddable":true,"href":"https:\/\/www.rassegnastampa-totustuus.it\/cattolica\/wp-json\/wp\/v2\/tags?post=45597"}],"curies":[{"name":"wp","href":"https:\/\/api.w.org\/{rel}","templated":true}]}}