{"id":45570,"date":"2018-12-19T00:00:36","date_gmt":"2018-12-18T23:00:36","guid":{"rendered":"http:\/\/www.rassegnastampa-totustuus.it\/cattolica\/?p=45570"},"modified":"2020-01-07T11:23:47","modified_gmt":"2020-01-07T10:23:47","slug":"massoneria-rivoluzione-francese-la-guerra-a-cristo-4","status":"publish","type":"post","link":"https:\/\/www.rassegnastampa-totustuus.it\/cattolica\/massoneria-rivoluzione-francese-la-guerra-a-cristo-4\/","title":{"rendered":"Massoneria &#038; Rivoluzione francese. La guerra a Cristo (4)"},"content":{"rendered":"<p style=\"text-align: center;\"><strong><a href=\"https:\/\/www.rassegnastampa-totustuus.it\/cattolica\/wp-content\/uploads\/2019\/12\/Rivoluzione_francese.jpg\"><img loading=\"lazy\" decoding=\"async\" class=\"alignleft wp-image-45571\" src=\"https:\/\/www.rassegnastampa-totustuus.it\/cattolica\/wp-content\/uploads\/2019\/12\/Rivoluzione_francese-300x243.jpg\" alt=\"\" width=\"250\" height=\"202\" srcset=\"https:\/\/www.rassegnastampa-totustuus.it\/cattolica\/wp-content\/uploads\/2019\/12\/Rivoluzione_francese-300x243.jpg 300w, https:\/\/www.rassegnastampa-totustuus.it\/cattolica\/wp-content\/uploads\/2019\/12\/Rivoluzione_francese-768x622.jpg 768w, https:\/\/www.rassegnastampa-totustuus.it\/cattolica\/wp-content\/uploads\/2019\/12\/Rivoluzione_francese-1024x829.jpg 1024w\" sizes=\"auto, (max-width: 250px) 100vw, 250px\" \/><\/a><a href=\"https:\/\/www.ricognizioni.it\/\" target=\"_blank\" rel=\"noopener noreferrer\">Ricognizioni<\/a><\/strong><\/p>\n<p style=\"text-align: center;\">13 Dicembre 2019<\/p>\n<p style=\"text-align: center;\"><strong>Mario Di Giovanni <\/strong><\/p>\n<p style=\"text-align: justify;\">Voltaire si era recato in Inghilterra nel 1726 per restarvi due anni. Nel corso del suo soggiorno londinese scrisse <em>Storia dell\u2019affermazione del cristianesimo, <\/em>pubblicata postuma nel 1785 e ristampata nel 1796. Da quella data l\u2019opera non fu pi\u00f9 stampata singolarmente e compare solo in tre edizioni delle <em>Opere complete<\/em>, l\u2019ultima delle quali risale alla prima met\u00e0 del 1800.<\/p>\n<p><!--more--><\/p>\n<p style=\"text-align: justify;\">Da allora se ne persero le tracce, fino a che, trent\u2019anni fa, l\u2019editrice ufficiale del Grande Oriente d\u2019Italia ha ristampato la \u201c<em>Storia<\/em>\u201d con una prefazione osannante (32). Un\u2019annotazione del traduttore (pagina 47, nota 1) precisa che Voltaire compose l\u2019opera durante il periodo inglese.<\/p>\n<p style=\"text-align: justify;\"><a href=\"https:\/\/www.rassegnastampa-totustuus.it\/cattolica\/wp-content\/uploads\/2018\/05\/Voltaire.jpg\"><img loading=\"lazy\" decoding=\"async\" class=\"size-full wp-image-40372 alignright\" src=\"https:\/\/www.rassegnastampa-totustuus.it\/cattolica\/wp-content\/uploads\/2018\/05\/Voltaire.jpg\" alt=\"\" width=\"222\" height=\"227\" \/><\/a>Non sfuggono i motivi che consigliarono ai contemporanei di Voltaire una pubblicazione postuma del libro, sette anni dopo la morte dell\u2019autore: per questa collezione di bestemmie, Voltaire non sarebbe finito alla Bastiglia ma sulla forca, e la democrazia avrebbe perso uno dei suoi padri fondatori.<\/p>\n<p style=\"text-align: justify;\">Si legge nel libro (33): \u201c<em>Se \u00e8 vero che <\/em>(Ges\u00f9)<em> ha sempre chiamato i sacerdoti del suo tempo e i farisei \u2018sepolcri imbiancati, razza di vipere\u2019 e che ha predicato pubblicamente contro di loro al popolo, pot\u00e9 molto legittimamente esser considerato come un perturbatore della quiete pubblica<\/em>\u201d; \u201c<em>Ges\u00f9 <\/em>\u2026<em>scelse dodici idioti per essere ascoltato\u201d; <\/em>\u201c<em>Il Vangelo<\/em> (\u2026) s<em>uperstizione oscura e fatale\u2026<\/em> <em>Scienza degna di un pagliaccio\u2026Orrendo caos di sciocchezze e abominazioni..<\/em> <em>Il cristianesimo ha principi esecrabili\u201d; \u201cLa culla della chiesa nascente \u00e8 circondata da imposture. E\u2019 una sequela ininterrotta di libri assurdi<\/em>\u201d.<\/p>\n<p style=\"text-align: justify;\">Queste sono citazioni riferibili, ma nel testo vi sono passaggi che, per la loro trivialit\u00e0 blasfema, non \u00e8 dato riportare. Infine, cos\u00ec Voltaire termina l\u2019opera<em>: <\/em>\u201c<em>Aver scavato nelle antiche cloache di un piccolo popolo che inquinava, un tempo, un angolo della Siria, ed averne esposto le immondizie alla luce del giorno<\/em>\u201d (34).<\/p>\n<p style=\"text-align: justify;\"><a href=\"https:\/\/www.rassegnastampa-totustuus.it\/cattolica\/wp-content\/uploads\/2018\/12\/massoneria_Francia.png\"><img loading=\"lazy\" decoding=\"async\" class=\" wp-image-45560 alignleft\" src=\"https:\/\/www.rassegnastampa-totustuus.it\/cattolica\/wp-content\/uploads\/2018\/12\/massoneria_Francia.png\" alt=\"\" width=\"192\" height=\"195\" \/><\/a>Voltaire fu influenzato da qualcuno, per arrivare a tanto? Di maestri di anticristianesimo non aveva bisogno, ma di Gran Maestri s\u00ec. Va notato che la <em>Storia<\/em> mostra una conoscenza delle Scritture che non rientrava nel suo bagaglio culturale.<\/p>\n<p style=\"text-align: justify;\">Questo rimanda a coadiutori, come il suo ospite inglese per esempio, Lord Bolingbroke, che Voltaire aveva conosciuto in Francia quattro anni prima, noto per essere uomo coltissimo e noto altres\u00ec, nell\u2019Inghilterra del tempo, per essere un nemico giurato della Chiesa cattolica e del Cristianesimo stesso.<\/p>\n<p style=\"text-align: justify;\">Nella <em>Storia dell\u2019affermazione del cristianesimo<\/em> Voltaire lo definisce suo \u201cprotettore\u201d, dichiara di condividerne il pensiero e riporta una sua dichiarazione: \u201c<em>L\u2019albero della croce non ha potuto portare che frutti di morte\u201d<\/em> (35).<\/p>\n<p style=\"text-align: justify;\">Verosimilmente fu Bolingbroke che introdusse Voltaire nella Gran Loggia di Londra. La modernit\u00e0 \u00e8 nata in pozzanghere come queste, nelle quali gli odierni massoni continuano a sguazzare.<\/p>\n<p style=\"text-align: justify;\"><a href=\"https:\/\/www.rassegnastampa-totustuus.it\/cattolica\/wp-content\/uploads\/2005\/10\/Massoneria.jpg\"><img loading=\"lazy\" decoding=\"async\" class=\"size-full wp-image-30069 alignright\" src=\"https:\/\/www.rassegnastampa-totustuus.it\/cattolica\/wp-content\/uploads\/2005\/10\/Massoneria.jpg\" alt=\"\" width=\"230\" height=\"219\" \/><\/a>Nell\u2019introduzione alla recente edizione massonica della <em>Storia <\/em>si legge che quest\u2019opera \u00e8 \u201c<em>la pi\u00f9 criticamente illuministica<\/em>\u201d, nella quale \u201c<em>Voltaire ha smascherato l\u2019infame\u201d. <\/em>Una lettura retrospettiva mostra che il soggiorno inglese non frutt\u00f2 a Voltaire soltanto i buoni consigli di Lord Bolingbroke.<\/p>\n<p style=\"text-align: justify;\">Gi\u00e0 proprietario di una casa a Losanna e di una villa a Ginevra, nel 1758 il nostro acquista un castello a Tournay, in Francia, e l\u2019anno successivo un altro castello a Ferney. I due edifici erano in territorio francese, ma vicini a Ginevra, a ridosso del confine (parte delle terre annesse a Fernay sconfinavano in territorio elvetico). Il motivo di questa scelta geografica \u00e8 noto: la sicurezza.<\/p>\n<p style=\"text-align: justify;\">Voltaire volle predisporre una via di fuga (dalle biografie emerge che il nostro non era un leone) in caso di contrasti sia con le autorit\u00e0 svizzere sia con quelle francesi. Risiedendo in territorio francese, da un lato Voltaire non avrebbe dovuto rispondere alla giurisdizione del clero ginevrino calvinista, dall\u2019altro, in caso di conflitti con il clero cattolico francese, avrebbe avuto modo di espatriare immediatamente in Svizzera.<\/p>\n<p style=\"text-align: justify;\"><a href=\"https:\/\/www.rassegnastampa-totustuus.it\/cattolica\/wp-content\/uploads\/2018\/12\/caricatura.jpg\"><img loading=\"lazy\" decoding=\"async\" class=\"size-full wp-image-45575 alignleft\" src=\"https:\/\/www.rassegnastampa-totustuus.it\/cattolica\/wp-content\/uploads\/2018\/12\/caricatura.jpg\" alt=\"\" width=\"214\" height=\"236\" \/><\/a>Voltaire risiede brevemente a Tournay e nel 1759 si stabilisce poi, definitivamente, a Ferney, dove ritiene di essere abbastanza sicuro per aprire le valvole della sua blasfemia letteraria. Dal 1760 che sigilla i suoi scritti con quell\u2019<em>Ecr.inf.<\/em>, lanciando questo messaggio all\u2019intera classe colta del tempo: Voltaire era unanimemente considerato il pi\u00f9 autorevole intellettuale di Francia e tra i primi in Europa.<\/p>\n<p style=\"text-align: justify;\">Da Ferney la sua produzione anticlericale si fa frenetica, ma egli va anche oltre lo scritto. In due occasioni, nel 1768 e l\u2019anno seguente, riceve la Santa Comunione (nel complesso di Fernay era compresa anche una chiesetta). La prima volta con un intento dissacratorio soltanto sottinteso, la seconda volta con un aperto spirito di farsa sacrilega che mand\u00f2 in visibilio i <em>Philosophes<\/em> di Parigi (36).<\/p>\n<p style=\"text-align: justify;\">Il suo castello diventa meta di pellegrinaggi da parte di intellettuali, gentiluomini e semplici curiosi provenienti da tutta Europa, Russia compresa, e dall\u2019America. Ai suoi ospiti Voltaire offriva caff\u00e8, cene di gruppo e bestemmie.<\/p>\n<p style=\"text-align: justify;\"><a href=\"https:\/\/www.rassegnastampa-totustuus.it\/cattolica\/wp-content\/uploads\/2018\/12\/Rivoluzione_francese.jpg\"><img loading=\"lazy\" decoding=\"async\" class=\" wp-image-45576 alignright\" src=\"https:\/\/www.rassegnastampa-totustuus.it\/cattolica\/wp-content\/uploads\/2018\/12\/Rivoluzione_francese.jpg\" alt=\"\" width=\"267\" height=\"216\" \/><\/a>Il suo maggior biografo moderno riferisce dei suoi comportamenti con i visitatori di Ferney: <em>\u201cGeneralmente la conversazione verteva su argomenti blasfemi soprattutto se erano presenti ministri del clero. Preti, santi, tutto fu oggetto di insulti davanti ad alcuni ospiti inglesi. (\u2026) I visitatori generalmente si mantenevano sulla difensiva quando li scandalizzava con le sue parole blasfeme. Sir James MacDonald confess\u00f2 di aver avuto la tentazione di tapparsi le orecchie col cotone per non udire quelle cose orripilanti\u201d<\/em> (37).<\/p>\n<p style=\"text-align: justify;\">Voltaire torn\u00f2 a Parigi per l\u2019ultima volta nel febbraio 1778. A causa dei suoi scritti, Luigi XVI si rifiut\u00f2 di riceverlo, ma il mondo delle lettere lo accolse come la meraviglia del genere umano. Il 30 marzo presenzi\u00f2 alla rappresentazione della sua ultima tragedia: <em>Ir\u00e8ne<\/em>. Alla fine dello spettacolo, il suo busto, al centro del palcoscenico, fu incoronato di alloro di fronte a una platea osannante.<\/p>\n<p style=\"text-align: justify;\"><a href=\"https:\/\/www.rassegnastampa-totustuus.it\/cattolica\/wp-content\/uploads\/2010\/12\/Voltaire.jpg\"><img loading=\"lazy\" decoding=\"async\" class=\"wp-image-21854 alignleft\" src=\"https:\/\/www.rassegnastampa-totustuus.it\/cattolica\/wp-content\/uploads\/2010\/12\/Voltaire.jpg\" alt=\"\" width=\"166\" height=\"205\" \/><\/a>Per capire in quali condizioni fosse ridotta la Francia dopo mezzo secolo di propaganda illuminista valga un\u2019osservazione dello stesso Voltaire che, raccontando la serata, scrive in una lettera che il pubblico aveva applaudito, a scena aperta, alcuni versi della tragedia in cui era detto che Costantino e Teodosio erano \u201c<em>tiranni superstiziosi<\/em>\u201d (38).<\/p>\n<p style=\"text-align: justify;\">Voltaire si compiaceva del fatto che trent\u2019anni prima essi sarebbero stati considerati santi, e governanti ideali. Ricordiamo che l\u2019imperatore Costantino dette inizio alla storia cristiana con la concessione della libert\u00e0 di culto (editto di Milano del 313), dopo tre secoli di persecuzioni. L\u2019imperatore Teodosio con l\u2019editto di Tessalonica del 380 proclam\u00f2 il cristianesimo, religione ufficiale dell\u2019impero romano. Per il nostro massone stipendiato dagli Inglesi, essi furono <em>\u201ctiranni superstiziosi\u201d<\/em>.<\/p>\n<p style=\"text-align: justify;\"><a href=\"https:\/\/www.rassegnastampa-totustuus.it\/cattolica\/wp-content\/uploads\/2018\/12\/massoneria_iniziazione.jpg\"><img loading=\"lazy\" decoding=\"async\" class=\"size-full wp-image-45581 alignright\" src=\"https:\/\/www.rassegnastampa-totustuus.it\/cattolica\/wp-content\/uploads\/2018\/12\/massoneria_iniziazione.jpg\" alt=\"\" width=\"297\" height=\"170\" \/><\/a>Voltaire non volle lasciare questo mondo senza aver reso pubblico onore al sodalizio che aveva servito per tutta la vita, e ricevette ufficialmente l\u2019iniziazione massonica durante il soggiorno parigino, un mese dopo la rappresentazione di <em>Ir\u00e8ne<\/em>. Il rito ebbe luogo il 7 aprile 1778 presso la prestigiosa loggia parigina \u201cLe nove sorelle\u201d.<\/p>\n<p style=\"text-align: justify;\">Si tratt\u00f2 di una semplice formalit\u00e0: in realt\u00e0 egli era massone da cinquant\u2019anni. Gli stessi autori massonici ammettono che si tratt\u00f2 di una operazione di facciata. Ernesto Nys scrive: <em>\u201cSi \u00e8 fatto rilevare che, all\u2019epoca della sua accettazione nella loggia \u2018Le nove sorelle\u2019, egli fu trattato come uno che avesse gi\u00e0 ricevuto l\u2019iniziazione\u201d<\/em> (39).<\/p>\n<p style=\"text-align: justify;\">L\u2019affiliazione \u201cpost-datata\u201d di Voltaire non \u00e8 una curiosit\u00e0 storica, ma una chiave di lettura dell\u2019azione massonica nella societ\u00e0. La massoneria non volle compromettere Voltaire, uomo-chiave dell\u2019Illuminismo in Francia, con la notizia ufficiale della sua affiliazione, e prefer\u00ec renderla manifesta a missione ormai conclusa: Voltaire mor\u00ec il 30 maggio 1778, due mesi dopo.<\/p>\n<p style=\"text-align: center;\"><strong>LA REGIA MASSONICA DELLA RIVOLUZIONE FRANCESE<\/strong><\/p>\n<p style=\"text-align: justify;\"><a href=\"https:\/\/www.rassegnastampa-totustuus.it\/cattolica\/wp-content\/uploads\/2019\/11\/massoneria.jpg\"><img loading=\"lazy\" decoding=\"async\" class=\"size-medium wp-image-45255 alignleft\" src=\"https:\/\/www.rassegnastampa-totustuus.it\/cattolica\/wp-content\/uploads\/2019\/11\/massoneria-300x217.jpg\" alt=\"\" width=\"300\" height=\"217\" srcset=\"https:\/\/www.rassegnastampa-totustuus.it\/cattolica\/wp-content\/uploads\/2019\/11\/massoneria-300x217.jpg 300w, https:\/\/www.rassegnastampa-totustuus.it\/cattolica\/wp-content\/uploads\/2019\/11\/massoneria-768x554.jpg 768w, https:\/\/www.rassegnastampa-totustuus.it\/cattolica\/wp-content\/uploads\/2019\/11\/massoneria-1024x739.jpg 1024w, https:\/\/www.rassegnastampa-totustuus.it\/cattolica\/wp-content\/uploads\/2019\/11\/massoneria.jpg 1527w\" sizes=\"auto, (max-width: 300px) 100vw, 300px\" \/><\/a>In quegli anni qualcuno stabil\u00ec fosse maturo il tempo per trarre le conclusioni delle premesse gettate dall\u2019Illuminismo e gli ambienti massonici francesi ricevettero un nuovo impulso. L\u2019attivit\u00e0 era stata fino allora diretta dalla Gran Loggia di Francia, fondata nel 1736, che mostrava per\u00f2 d\u2019essere inadeguata in vista degli eventi che stavano maturando.<\/p>\n<p style=\"text-align: justify;\">Per non esporsi a censure ufficiali, la Gran Loggia in materia religiosa aveva mantenuto una certa moderazione e una parvenza esterna di cattolicesimo. Questo favor\u00ec l\u2019afflusso dell\u2019aristocrazia nelle logge, ma ne depotenzi\u00f2 la carica eversiva.<\/p>\n<p style=\"text-align: justify;\">In vista degli eventi che stavano maturando, la massoneria volt\u00f2 quindi pagina con la creazione del Grande Oriente il 24 maggio 1773, massonicamente pi\u00f9 \u201ccoerente\u201d, che avrebbe poi chiuso i battenti nel luglio 1791 a missione compiuta, cio\u00e8 a Rivoluzione compiuta. In questo nuovo scenario nasce a Parigi la gi\u00e0 citata loggia \u201cDelle nove sorelle\u201d (le nove Muse), atea e razionalista, apertamente ostile al Cristianesimo.<\/p>\n<p style=\"text-align: justify;\"><a href=\"https:\/\/www.rassegnastampa-totustuus.it\/cattolica\/wp-content\/uploads\/2006\/04\/illuministi.jpg\"><img loading=\"lazy\" decoding=\"async\" class=\"size-full wp-image-30831 alignright\" src=\"https:\/\/www.rassegnastampa-totustuus.it\/cattolica\/wp-content\/uploads\/2006\/04\/illuministi.jpg\" alt=\"\" width=\"200\" height=\"249\" \/><\/a>Dice Sergio Moravia: <em>\u201cMolti affiliati, soprattutto molti philosophes, sentivano che occorreva modificare profondamente la situazione (\u2026). In primo luogo un\u2019eccessiva acquiescenza all\u2019ordine costituito, e un troppo limitato impegno intellettuale e culturale. La celebre \u201cLoge des IX soeurs\u201d nacque in quel clima inquieto\u201d<\/em> (40). <em>\u201cL\u2019iniziativa sembra risalire ad Helvetius il quale, di ritorno dal viaggio in Inghilterra del 1764, volle fondare insieme all\u2019astronomo Lalande una nuova loggia capace di riunire una \u00e9lite qualificata\u201d<\/em> (41).<\/p>\n<p style=\"text-align: justify;\">Helvetius fond\u00f2 allora la loggia \u201cLes Sciences\u201d che nelle sue intenzioni (e dei massoni inglesi) avrebbe dovuto essere cosmopolita, radunando membri da tutto il mondo: come gi\u00e0 osservato, la vocazione mondialista della massoneria non \u00e8 un fatto recente. Helvetius mor\u00ec nel 1771.<\/p>\n<p style=\"text-align: justify;\"><a href=\"https:\/\/www.rassegnastampa-totustuus.it\/cattolica\/wp-content\/uploads\/2018\/12\/massoneria_Francia.jpg\"><img loading=\"lazy\" decoding=\"async\" class=\" wp-image-45583 alignleft\" src=\"https:\/\/www.rassegnastampa-totustuus.it\/cattolica\/wp-content\/uploads\/2018\/12\/massoneria_Francia.jpg\" alt=\"\" width=\"158\" height=\"254\" \/><\/a>Quando, nel 1776, fu fondata la loggia \u201cDelle nove sorelle\u201d, la vedova offr\u00ec la sua villa vicino Parigi per le riunioni. La loggia saldava il vecchio ambiente filosofico con il nuovo ambiente politico, che si preparava all\u2019azione. L\u2019elenco degli affiliati \u00e8 impressionante: un governo-ombra. Tra aristocratici, intellettuali e politici, la loggia riuniva la classe dirigente francese.<\/p>\n<p style=\"text-align: justify;\">Dalle \u201cNove sorelle\u201d sorsero i quadri della Rivoluzione: Sieyes, Danton, Demoulins, Bailly, Brissot, Romme, Lepellettier, Petion. (42). Ernesto Nys: <em>\u201cLa maggior parte dei rivoluzionari erano affiliata alle societ\u00e0 segrete della Massoneria\u201d <\/em>(43). Andr\u00e9 Combes: <em>\u201cA partire dal 1785 (\u2026) la borghesia, che nella massoneria aveva appreso la tecnica della discussione, vi cerc\u00f2 nuovi mezzi di comunicazione, pi\u00f9 adatti ai bisogni della propaganda\u201d<\/em> (44).<\/p>\n<p style=\"text-align: justify;\"><a href=\"https:\/\/www.rassegnastampa-totustuus.it\/cattolica\/wp-content\/uploads\/2018\/12\/Rivoluzione_francese-1.jpg\"><img loading=\"lazy\" decoding=\"async\" class=\"size-medium wp-image-45584 alignright\" src=\"https:\/\/www.rassegnastampa-totustuus.it\/cattolica\/wp-content\/uploads\/2018\/12\/Rivoluzione_francese-1-300x150.jpg\" alt=\"\" width=\"300\" height=\"150\" srcset=\"https:\/\/www.rassegnastampa-totustuus.it\/cattolica\/wp-content\/uploads\/2018\/12\/Rivoluzione_francese-1-300x150.jpg 300w, https:\/\/www.rassegnastampa-totustuus.it\/cattolica\/wp-content\/uploads\/2018\/12\/Rivoluzione_francese-1.jpg 318w\" sizes=\"auto, (max-width: 300px) 100vw, 300px\" \/><\/a>Ernesto Nys: <em>\u201cSi deve proclamare che, senza la massoneria, la Rivoluzione Francese non avrebbe potuto compiersi. Bisognava in effetti che l\u2019opinione pubblica fosse acquisita alle idee nuove e che il programma riformatore incontrasse adesione e appoggio. Questo lento lavoro preliminare fu condotto a buon fine dalle logge: grazie a loro, su tutti i punti del territorio le teorie progressive <\/em>(sta per \u201cprogressiste\u201d <em>n.d.A<\/em>.) <em>erano esposte ed acclamate e dove, punto pi\u00f9 importante di quel che si pensi. si formavano uomini atti a discutere e a votare\u201d<\/em> (45).<\/p>\n<p style=\"text-align: justify;\"><strong>NOTE<\/strong><\/p>\n<p style=\"text-align: justify;\"><strong>32)<\/strong> Cfr.Voltaire <em>Storia dell\u2019affermazione del Cristianesimo<\/em>, Bastogi 1987. Titolo originale: <em>Histoire de l\u2019\u00e9tablissement du christianisme.<\/em><\/p>\n<p style=\"text-align: justify;\"><strong>33)<\/strong> Ibid. Le citazioni, in successione: p.43, p.117, p.105, p.103, p.113, idem, p.64<\/p>\n<p style=\"text-align: justify;\"><strong>34)<\/strong> Ibid., p.10<\/p>\n<p style=\"text-align: justify;\"><strong>35)<\/strong> Ibid., p.99<\/p>\n<p style=\"text-align: justify;\"><strong>36)<\/strong> Cfr.Haydin Mason, <em>op.cit<\/em>., pp.150-151.<\/p>\n<p style=\"text-align: justify;\"><strong>37)<\/strong> Ibid., p.172 <strong>38)<\/strong> Ibid., p.186<\/p>\n<p style=\"text-align: justify;\"><strong>39)<\/strong> Ernesto Nys, <em>op.cit.<\/em>, pp.82-83<\/p>\n<p style=\"text-align: justify;\"><strong>40)<\/strong> Cfr. Sergio Moravia, op,cit., p.56<\/p>\n<p style=\"text-align: justify;\"><strong>41)<\/strong><em> Id.<\/em><\/p>\n<p style=\"text-align: justify;\"><strong>42)<\/strong> Ibid, p.58.<\/p>\n<p style=\"text-align: justify;\"><strong>43)<\/strong> Cfr. Ernesto Nys, <em>op.cit<\/em>., p.107<\/p>\n<p style=\"text-align: justify;\"><strong>44)<\/strong> Cfr. Andr\u00e9 Combes,<em> La Massoneria in Francia \u2013 dalle origini ad oggi\u201d,<\/em> Edizioni Bastogi, Foggia 1986, p.45<\/p>\n<p style=\"text-align: justify;\"><strong>45)<\/strong> Cfr. Ernesto Nys, <em>op.cit<\/em>., p.105<\/p>\n<p style=\"text-align: center;\">(<strong><a href=\"https:\/\/www.rassegnastampa-totustuus.it\/cattolica\/?p=45752\" data-wplink-edit=\"true\">continua<\/a><\/strong>)<\/p>\n<p>___________________<\/p>\n<p><a href=\"https:\/\/www.rassegnastampa-totustuus.it\/cattolica\/?p=45254\">(1) Libert\u00e9, Egalit\u00e9\u2026 Modernit\u00e9<\/a><\/p>\n<p><a href=\"https:\/\/www.rassegnastampa-totustuus.it\/cattolica\/?p=45259\">(2)<\/a> <a href=\"https:\/\/www.rassegnastampa-totustuus.it\/cattolica\/?p=45259\">Dagli illuminati all\u2019illuminismo<\/a><\/p>\n<p><a href=\"https:\/\/www.rassegnastampa-totustuus.it\/cattolica\/?p=45556\">(3) L\u2019intolleranza del \u201ctollerante\u201d Voltaire<\/a><\/p>\n<p><a href=\"https:\/\/www.rassegnastampa-totustuus.it\/cattolica\/?p=45752\">(5) la trappola degli Stati Generali<\/a><\/p>\n","protected":false},"excerpt":{"rendered":"<p>Ricognizioni 13 Dicembre 2019 Mario Di Giovanni Voltaire si era recato in Inghilterra nel 1726 per restarvi due anni. Nel corso del suo soggiorno londinese scrisse Storia dell\u2019affermazione del cristianesimo, pubblicata postuma nel 1785 e ristampata nel 1796. Da quella data l\u2019opera non fu pi\u00f9 stampata singolarmente e compare solo in tre edizioni delle Opere &hellip; <\/p>\n<p><a class=\"more-link btn\" href=\"https:\/\/www.rassegnastampa-totustuus.it\/cattolica\/massoneria-rivoluzione-francese-la-guerra-a-cristo-4\/\">Continua a leggere<\/a><\/p>\n","protected":false},"author":6,"featured_media":45571,"comment_status":"closed","ping_status":"closed","sticky":false,"template":"","format":"standard","meta":{"footnotes":""},"categories":[69,37,24],"tags":[157,2704,2396,457,162],"class_list":["post-45570","post","type-post","status-publish","format-standard","has-post-thumbnail","hentry","category-massoneria","category-rivoluzione-francese","category-storia","tag-chiesa-2","tag-chiesa-e-massoneria","tag-massoneria","tag-rivoluzione-francese-2","tag-storia-2","item-wrap"],"yoast_head":"<!-- This site is optimized with the Yoast SEO plugin v27.5 - https:\/\/yoast.com\/product\/yoast-seo-wordpress\/ -->\n<title>Massoneria &amp; Rivoluzione francese. La guerra a Cristo (4) - Rassegna Stampa Cattolica<\/title>\n<meta name=\"description\" content=\"Rassegna Stampa Cattolica - Per una cultura che nasce dalla Rivelazione cristiana in conformit\u00e0 alla tradizione e al Magistero della Chiesa in opposizione ad ogni relativismo e totalitarismo\" \/>\n<meta name=\"robots\" content=\"index, follow, max-snippet:-1, max-image-preview:large, max-video-preview:-1\" \/>\n<link rel=\"canonical\" href=\"https:\/\/www.rassegnastampa-totustuus.it\/cattolica\/massoneria-rivoluzione-francese-la-guerra-a-cristo-4\/\" \/>\n<meta property=\"og:locale\" content=\"it_IT\" \/>\n<meta property=\"og:type\" content=\"article\" \/>\n<meta property=\"og:title\" content=\"Massoneria &amp; Rivoluzione francese. La guerra a Cristo (4) - Rassegna Stampa Cattolica\" \/>\n<meta property=\"og:description\" content=\"Rassegna Stampa Cattolica - Per una cultura che nasce dalla Rivelazione cristiana in conformit\u00e0 alla tradizione e al Magistero della Chiesa in opposizione ad ogni relativismo e totalitarismo\" \/>\n<meta property=\"og:url\" content=\"https:\/\/www.rassegnastampa-totustuus.it\/cattolica\/massoneria-rivoluzione-francese-la-guerra-a-cristo-4\/\" \/>\n<meta property=\"og:site_name\" content=\"Rassegna Stampa Cattolica\" \/>\n<meta property=\"article:publisher\" content=\"https:\/\/www.facebook.com\/rassegnastampacattolica\" \/>\n<meta property=\"article:published_time\" content=\"2018-12-18T23:00:36+00:00\" \/>\n<meta property=\"article:modified_time\" content=\"2020-01-07T10:23:47+00:00\" \/>\n<meta property=\"og:image\" content=\"https:\/\/www.rassegnastampa-totustuus.it\/cattolica\/wp-content\/uploads\/2019\/12\/Rivoluzione_francese-1024x829.jpg\" \/>\n\t<meta property=\"og:image:width\" content=\"1024\" \/>\n\t<meta property=\"og:image:height\" content=\"829\" \/>\n\t<meta property=\"og:image:type\" content=\"image\/jpeg\" \/>\n<meta name=\"author\" content=\"Redazione\" \/>\n<meta name=\"twitter:card\" content=\"summary_large_image\" \/>\n<meta name=\"twitter:creator\" content=\"@rassegnastampa9\" \/>\n<meta name=\"twitter:site\" content=\"@rassegnastampa9\" \/>\n<meta name=\"twitter:label1\" content=\"Scritto da\" \/>\n\t<meta name=\"twitter:data1\" content=\"Redazione\" \/>\n\t<meta name=\"twitter:label2\" content=\"Tempo di lettura stimato\" \/>\n\t<meta name=\"twitter:data2\" content=\"9 minuti\" \/>\n<script type=\"application\/ld+json\" class=\"yoast-schema-graph\">{\"@context\":\"https:\\\/\\\/schema.org\",\"@graph\":[{\"@type\":\"Article\",\"@id\":\"https:\\\/\\\/www.rassegnastampa-totustuus.it\\\/cattolica\\\/massoneria-rivoluzione-francese-la-guerra-a-cristo-4\\\/#article\",\"isPartOf\":{\"@id\":\"https:\\\/\\\/www.rassegnastampa-totustuus.it\\\/cattolica\\\/massoneria-rivoluzione-francese-la-guerra-a-cristo-4\\\/\"},\"author\":{\"name\":\"Redazione\",\"@id\":\"https:\\\/\\\/www.rassegnastampa-totustuus.it\\\/cattolica\\\/#\\\/schema\\\/person\\\/08f319d2bd1a0904ad9e2bfb7b15e5c3\"},\"headline\":\"Massoneria &#038; Rivoluzione francese. La guerra a Cristo (4)\",\"datePublished\":\"2018-12-18T23:00:36+00:00\",\"dateModified\":\"2020-01-07T10:23:47+00:00\",\"mainEntityOfPage\":{\"@id\":\"https:\\\/\\\/www.rassegnastampa-totustuus.it\\\/cattolica\\\/massoneria-rivoluzione-francese-la-guerra-a-cristo-4\\\/\"},\"wordCount\":1783,\"publisher\":{\"@id\":\"https:\\\/\\\/www.rassegnastampa-totustuus.it\\\/cattolica\\\/#organization\"},\"image\":{\"@id\":\"https:\\\/\\\/www.rassegnastampa-totustuus.it\\\/cattolica\\\/massoneria-rivoluzione-francese-la-guerra-a-cristo-4\\\/#primaryimage\"},\"thumbnailUrl\":\"https:\\\/\\\/www.rassegnastampa-totustuus.it\\\/cattolica\\\/wp-content\\\/uploads\\\/2019\\\/12\\\/Rivoluzione_francese.jpg\",\"keywords\":[\"chiesa\",\"chiesa e massoneria\",\"Massoneria\",\"Rivoluzione Francese\",\"storia\"],\"articleSection\":[\"Massoneria\",\"Rivoluzione francese\",\"Storia\"],\"inLanguage\":\"it-IT\"},{\"@type\":\"WebPage\",\"@id\":\"https:\\\/\\\/www.rassegnastampa-totustuus.it\\\/cattolica\\\/massoneria-rivoluzione-francese-la-guerra-a-cristo-4\\\/\",\"url\":\"https:\\\/\\\/www.rassegnastampa-totustuus.it\\\/cattolica\\\/massoneria-rivoluzione-francese-la-guerra-a-cristo-4\\\/\",\"name\":\"Massoneria & Rivoluzione francese. La guerra a Cristo (4) - Rassegna Stampa Cattolica\",\"isPartOf\":{\"@id\":\"https:\\\/\\\/www.rassegnastampa-totustuus.it\\\/cattolica\\\/#website\"},\"primaryImageOfPage\":{\"@id\":\"https:\\\/\\\/www.rassegnastampa-totustuus.it\\\/cattolica\\\/massoneria-rivoluzione-francese-la-guerra-a-cristo-4\\\/#primaryimage\"},\"image\":{\"@id\":\"https:\\\/\\\/www.rassegnastampa-totustuus.it\\\/cattolica\\\/massoneria-rivoluzione-francese-la-guerra-a-cristo-4\\\/#primaryimage\"},\"thumbnailUrl\":\"https:\\\/\\\/www.rassegnastampa-totustuus.it\\\/cattolica\\\/wp-content\\\/uploads\\\/2019\\\/12\\\/Rivoluzione_francese.jpg\",\"datePublished\":\"2018-12-18T23:00:36+00:00\",\"dateModified\":\"2020-01-07T10:23:47+00:00\",\"description\":\"Rassegna Stampa Cattolica - Per una cultura che nasce dalla Rivelazione cristiana in conformit\u00e0 alla tradizione e al Magistero della Chiesa in opposizione ad ogni relativismo e totalitarismo\",\"breadcrumb\":{\"@id\":\"https:\\\/\\\/www.rassegnastampa-totustuus.it\\\/cattolica\\\/massoneria-rivoluzione-francese-la-guerra-a-cristo-4\\\/#breadcrumb\"},\"inLanguage\":\"it-IT\",\"potentialAction\":[{\"@type\":\"ReadAction\",\"target\":[\"https:\\\/\\\/www.rassegnastampa-totustuus.it\\\/cattolica\\\/massoneria-rivoluzione-francese-la-guerra-a-cristo-4\\\/\"]}]},{\"@type\":\"ImageObject\",\"inLanguage\":\"it-IT\",\"@id\":\"https:\\\/\\\/www.rassegnastampa-totustuus.it\\\/cattolica\\\/massoneria-rivoluzione-francese-la-guerra-a-cristo-4\\\/#primaryimage\",\"url\":\"https:\\\/\\\/www.rassegnastampa-totustuus.it\\\/cattolica\\\/wp-content\\\/uploads\\\/2019\\\/12\\\/Rivoluzione_francese.jpg\",\"contentUrl\":\"https:\\\/\\\/www.rassegnastampa-totustuus.it\\\/cattolica\\\/wp-content\\\/uploads\\\/2019\\\/12\\\/Rivoluzione_francese.jpg\",\"width\":2336,\"height\":1892},{\"@type\":\"BreadcrumbList\",\"@id\":\"https:\\\/\\\/www.rassegnastampa-totustuus.it\\\/cattolica\\\/massoneria-rivoluzione-francese-la-guerra-a-cristo-4\\\/#breadcrumb\",\"itemListElement\":[{\"@type\":\"ListItem\",\"position\":1,\"name\":\"Home\",\"item\":\"https:\\\/\\\/www.rassegnastampa-totustuus.it\\\/cattolica\\\/\"},{\"@type\":\"ListItem\",\"position\":2,\"name\":\"Massoneria &#038; Rivoluzione francese. La guerra a Cristo (4)\"}]},{\"@type\":\"WebSite\",\"@id\":\"https:\\\/\\\/www.rassegnastampa-totustuus.it\\\/cattolica\\\/#website\",\"url\":\"https:\\\/\\\/www.rassegnastampa-totustuus.it\\\/cattolica\\\/\",\"name\":\"Rassegna Stampa Cattolica\",\"description\":\"Per una cultura che nasce dalla Rivelazione cristiana in conformit\u00e0 alla tradizione e al Magistero della Chiesa in opposizione ad ogni relativismo e totalitarismo\",\"publisher\":{\"@id\":\"https:\\\/\\\/www.rassegnastampa-totustuus.it\\\/cattolica\\\/#organization\"},\"alternateName\":\"Rass. Cattolica\",\"potentialAction\":[{\"@type\":\"SearchAction\",\"target\":{\"@type\":\"EntryPoint\",\"urlTemplate\":\"https:\\\/\\\/www.rassegnastampa-totustuus.it\\\/cattolica\\\/?s={search_term_string}\"},\"query-input\":{\"@type\":\"PropertyValueSpecification\",\"valueRequired\":true,\"valueName\":\"search_term_string\"}}],\"inLanguage\":\"it-IT\"},{\"@type\":\"Organization\",\"@id\":\"https:\\\/\\\/www.rassegnastampa-totustuus.it\\\/cattolica\\\/#organization\",\"name\":\"Rassegna Stampa Cattolica\",\"url\":\"https:\\\/\\\/www.rassegnastampa-totustuus.it\\\/cattolica\\\/\",\"logo\":{\"@type\":\"ImageObject\",\"inLanguage\":\"it-IT\",\"@id\":\"https:\\\/\\\/www.rassegnastampa-totustuus.it\\\/cattolica\\\/#\\\/schema\\\/logo\\\/image\\\/\",\"url\":\"https:\\\/\\\/www.rassegnastampa-totustuus.it\\\/cattolica\\\/wp-content\\\/uploads\\\/2014\\\/04\\\/logo-rassegna1.gif\",\"contentUrl\":\"https:\\\/\\\/www.rassegnastampa-totustuus.it\\\/cattolica\\\/wp-content\\\/uploads\\\/2014\\\/04\\\/logo-rassegna1.gif\",\"width\":600,\"height\":163,\"caption\":\"Rassegna Stampa Cattolica\"},\"image\":{\"@id\":\"https:\\\/\\\/www.rassegnastampa-totustuus.it\\\/cattolica\\\/#\\\/schema\\\/logo\\\/image\\\/\"},\"sameAs\":[\"https:\\\/\\\/www.facebook.com\\\/rassegnastampacattolica\",\"https:\\\/\\\/x.com\\\/rassegnastampa9\"]},{\"@type\":\"Person\",\"@id\":\"https:\\\/\\\/www.rassegnastampa-totustuus.it\\\/cattolica\\\/#\\\/schema\\\/person\\\/08f319d2bd1a0904ad9e2bfb7b15e5c3\",\"name\":\"Redazione\",\"image\":{\"@type\":\"ImageObject\",\"inLanguage\":\"it-IT\",\"@id\":\"https:\\\/\\\/secure.gravatar.com\\\/avatar\\\/2fcdf27c78ea025fbdb44e914cc63c72249ffec9dc8aafd5c82b26240ef3f346?s=96&d=mm&r=g\",\"url\":\"https:\\\/\\\/secure.gravatar.com\\\/avatar\\\/2fcdf27c78ea025fbdb44e914cc63c72249ffec9dc8aafd5c82b26240ef3f346?s=96&d=mm&r=g\",\"contentUrl\":\"https:\\\/\\\/secure.gravatar.com\\\/avatar\\\/2fcdf27c78ea025fbdb44e914cc63c72249ffec9dc8aafd5c82b26240ef3f346?s=96&d=mm&r=g\",\"caption\":\"Redazione\"},\"url\":\"https:\\\/\\\/www.rassegnastampa-totustuus.it\\\/cattolica\\\/author\\\/pietroelle\\\/\"}]}<\/script>\n<!-- \/ Yoast SEO plugin. -->","yoast_head_json":{"title":"Massoneria & Rivoluzione francese. La guerra a Cristo (4) - Rassegna Stampa Cattolica","description":"Rassegna Stampa Cattolica - Per una cultura che nasce dalla Rivelazione cristiana in conformit\u00e0 alla tradizione e al Magistero della Chiesa in opposizione ad ogni relativismo e totalitarismo","robots":{"index":"index","follow":"follow","max-snippet":"max-snippet:-1","max-image-preview":"max-image-preview:large","max-video-preview":"max-video-preview:-1"},"canonical":"https:\/\/www.rassegnastampa-totustuus.it\/cattolica\/massoneria-rivoluzione-francese-la-guerra-a-cristo-4\/","og_locale":"it_IT","og_type":"article","og_title":"Massoneria & Rivoluzione francese. La guerra a Cristo (4) - Rassegna Stampa Cattolica","og_description":"Rassegna Stampa Cattolica - Per una cultura che nasce dalla Rivelazione cristiana in conformit\u00e0 alla tradizione e al Magistero della Chiesa in opposizione ad ogni relativismo e totalitarismo","og_url":"https:\/\/www.rassegnastampa-totustuus.it\/cattolica\/massoneria-rivoluzione-francese-la-guerra-a-cristo-4\/","og_site_name":"Rassegna Stampa Cattolica","article_publisher":"https:\/\/www.facebook.com\/rassegnastampacattolica","article_published_time":"2018-12-18T23:00:36+00:00","article_modified_time":"2020-01-07T10:23:47+00:00","og_image":[{"width":1024,"height":829,"url":"https:\/\/www.rassegnastampa-totustuus.it\/cattolica\/wp-content\/uploads\/2019\/12\/Rivoluzione_francese-1024x829.jpg","type":"image\/jpeg"}],"author":"Redazione","twitter_card":"summary_large_image","twitter_creator":"@rassegnastampa9","twitter_site":"@rassegnastampa9","twitter_misc":{"Scritto da":"Redazione","Tempo di lettura stimato":"9 minuti"},"schema":{"@context":"https:\/\/schema.org","@graph":[{"@type":"Article","@id":"https:\/\/www.rassegnastampa-totustuus.it\/cattolica\/massoneria-rivoluzione-francese-la-guerra-a-cristo-4\/#article","isPartOf":{"@id":"https:\/\/www.rassegnastampa-totustuus.it\/cattolica\/massoneria-rivoluzione-francese-la-guerra-a-cristo-4\/"},"author":{"name":"Redazione","@id":"https:\/\/www.rassegnastampa-totustuus.it\/cattolica\/#\/schema\/person\/08f319d2bd1a0904ad9e2bfb7b15e5c3"},"headline":"Massoneria &#038; Rivoluzione francese. La guerra a Cristo (4)","datePublished":"2018-12-18T23:00:36+00:00","dateModified":"2020-01-07T10:23:47+00:00","mainEntityOfPage":{"@id":"https:\/\/www.rassegnastampa-totustuus.it\/cattolica\/massoneria-rivoluzione-francese-la-guerra-a-cristo-4\/"},"wordCount":1783,"publisher":{"@id":"https:\/\/www.rassegnastampa-totustuus.it\/cattolica\/#organization"},"image":{"@id":"https:\/\/www.rassegnastampa-totustuus.it\/cattolica\/massoneria-rivoluzione-francese-la-guerra-a-cristo-4\/#primaryimage"},"thumbnailUrl":"https:\/\/www.rassegnastampa-totustuus.it\/cattolica\/wp-content\/uploads\/2019\/12\/Rivoluzione_francese.jpg","keywords":["chiesa","chiesa e massoneria","Massoneria","Rivoluzione Francese","storia"],"articleSection":["Massoneria","Rivoluzione francese","Storia"],"inLanguage":"it-IT"},{"@type":"WebPage","@id":"https:\/\/www.rassegnastampa-totustuus.it\/cattolica\/massoneria-rivoluzione-francese-la-guerra-a-cristo-4\/","url":"https:\/\/www.rassegnastampa-totustuus.it\/cattolica\/massoneria-rivoluzione-francese-la-guerra-a-cristo-4\/","name":"Massoneria & Rivoluzione francese. La guerra a Cristo (4) - Rassegna Stampa Cattolica","isPartOf":{"@id":"https:\/\/www.rassegnastampa-totustuus.it\/cattolica\/#website"},"primaryImageOfPage":{"@id":"https:\/\/www.rassegnastampa-totustuus.it\/cattolica\/massoneria-rivoluzione-francese-la-guerra-a-cristo-4\/#primaryimage"},"image":{"@id":"https:\/\/www.rassegnastampa-totustuus.it\/cattolica\/massoneria-rivoluzione-francese-la-guerra-a-cristo-4\/#primaryimage"},"thumbnailUrl":"https:\/\/www.rassegnastampa-totustuus.it\/cattolica\/wp-content\/uploads\/2019\/12\/Rivoluzione_francese.jpg","datePublished":"2018-12-18T23:00:36+00:00","dateModified":"2020-01-07T10:23:47+00:00","description":"Rassegna Stampa Cattolica - Per una cultura che nasce dalla Rivelazione cristiana in conformit\u00e0 alla tradizione e al Magistero della Chiesa in opposizione ad ogni relativismo e totalitarismo","breadcrumb":{"@id":"https:\/\/www.rassegnastampa-totustuus.it\/cattolica\/massoneria-rivoluzione-francese-la-guerra-a-cristo-4\/#breadcrumb"},"inLanguage":"it-IT","potentialAction":[{"@type":"ReadAction","target":["https:\/\/www.rassegnastampa-totustuus.it\/cattolica\/massoneria-rivoluzione-francese-la-guerra-a-cristo-4\/"]}]},{"@type":"ImageObject","inLanguage":"it-IT","@id":"https:\/\/www.rassegnastampa-totustuus.it\/cattolica\/massoneria-rivoluzione-francese-la-guerra-a-cristo-4\/#primaryimage","url":"https:\/\/www.rassegnastampa-totustuus.it\/cattolica\/wp-content\/uploads\/2019\/12\/Rivoluzione_francese.jpg","contentUrl":"https:\/\/www.rassegnastampa-totustuus.it\/cattolica\/wp-content\/uploads\/2019\/12\/Rivoluzione_francese.jpg","width":2336,"height":1892},{"@type":"BreadcrumbList","@id":"https:\/\/www.rassegnastampa-totustuus.it\/cattolica\/massoneria-rivoluzione-francese-la-guerra-a-cristo-4\/#breadcrumb","itemListElement":[{"@type":"ListItem","position":1,"name":"Home","item":"https:\/\/www.rassegnastampa-totustuus.it\/cattolica\/"},{"@type":"ListItem","position":2,"name":"Massoneria &#038; Rivoluzione francese. La guerra a Cristo (4)"}]},{"@type":"WebSite","@id":"https:\/\/www.rassegnastampa-totustuus.it\/cattolica\/#website","url":"https:\/\/www.rassegnastampa-totustuus.it\/cattolica\/","name":"Rassegna Stampa Cattolica","description":"Per una cultura che nasce dalla Rivelazione cristiana in conformit\u00e0 alla tradizione e al Magistero della Chiesa in opposizione ad ogni relativismo e totalitarismo","publisher":{"@id":"https:\/\/www.rassegnastampa-totustuus.it\/cattolica\/#organization"},"alternateName":"Rass. Cattolica","potentialAction":[{"@type":"SearchAction","target":{"@type":"EntryPoint","urlTemplate":"https:\/\/www.rassegnastampa-totustuus.it\/cattolica\/?s={search_term_string}"},"query-input":{"@type":"PropertyValueSpecification","valueRequired":true,"valueName":"search_term_string"}}],"inLanguage":"it-IT"},{"@type":"Organization","@id":"https:\/\/www.rassegnastampa-totustuus.it\/cattolica\/#organization","name":"Rassegna Stampa Cattolica","url":"https:\/\/www.rassegnastampa-totustuus.it\/cattolica\/","logo":{"@type":"ImageObject","inLanguage":"it-IT","@id":"https:\/\/www.rassegnastampa-totustuus.it\/cattolica\/#\/schema\/logo\/image\/","url":"https:\/\/www.rassegnastampa-totustuus.it\/cattolica\/wp-content\/uploads\/2014\/04\/logo-rassegna1.gif","contentUrl":"https:\/\/www.rassegnastampa-totustuus.it\/cattolica\/wp-content\/uploads\/2014\/04\/logo-rassegna1.gif","width":600,"height":163,"caption":"Rassegna Stampa Cattolica"},"image":{"@id":"https:\/\/www.rassegnastampa-totustuus.it\/cattolica\/#\/schema\/logo\/image\/"},"sameAs":["https:\/\/www.facebook.com\/rassegnastampacattolica","https:\/\/x.com\/rassegnastampa9"]},{"@type":"Person","@id":"https:\/\/www.rassegnastampa-totustuus.it\/cattolica\/#\/schema\/person\/08f319d2bd1a0904ad9e2bfb7b15e5c3","name":"Redazione","image":{"@type":"ImageObject","inLanguage":"it-IT","@id":"https:\/\/secure.gravatar.com\/avatar\/2fcdf27c78ea025fbdb44e914cc63c72249ffec9dc8aafd5c82b26240ef3f346?s=96&d=mm&r=g","url":"https:\/\/secure.gravatar.com\/avatar\/2fcdf27c78ea025fbdb44e914cc63c72249ffec9dc8aafd5c82b26240ef3f346?s=96&d=mm&r=g","contentUrl":"https:\/\/secure.gravatar.com\/avatar\/2fcdf27c78ea025fbdb44e914cc63c72249ffec9dc8aafd5c82b26240ef3f346?s=96&d=mm&r=g","caption":"Redazione"},"url":"https:\/\/www.rassegnastampa-totustuus.it\/cattolica\/author\/pietroelle\/"}]}},"_links":{"self":[{"href":"https:\/\/www.rassegnastampa-totustuus.it\/cattolica\/wp-json\/wp\/v2\/posts\/45570","targetHints":{"allow":["GET"]}}],"collection":[{"href":"https:\/\/www.rassegnastampa-totustuus.it\/cattolica\/wp-json\/wp\/v2\/posts"}],"about":[{"href":"https:\/\/www.rassegnastampa-totustuus.it\/cattolica\/wp-json\/wp\/v2\/types\/post"}],"author":[{"embeddable":true,"href":"https:\/\/www.rassegnastampa-totustuus.it\/cattolica\/wp-json\/wp\/v2\/users\/6"}],"replies":[{"embeddable":true,"href":"https:\/\/www.rassegnastampa-totustuus.it\/cattolica\/wp-json\/wp\/v2\/comments?post=45570"}],"version-history":[{"count":6,"href":"https:\/\/www.rassegnastampa-totustuus.it\/cattolica\/wp-json\/wp\/v2\/posts\/45570\/revisions"}],"predecessor-version":[{"id":45759,"href":"https:\/\/www.rassegnastampa-totustuus.it\/cattolica\/wp-json\/wp\/v2\/posts\/45570\/revisions\/45759"}],"wp:featuredmedia":[{"embeddable":true,"href":"https:\/\/www.rassegnastampa-totustuus.it\/cattolica\/wp-json\/wp\/v2\/media\/45571"}],"wp:attachment":[{"href":"https:\/\/www.rassegnastampa-totustuus.it\/cattolica\/wp-json\/wp\/v2\/media?parent=45570"}],"wp:term":[{"taxonomy":"category","embeddable":true,"href":"https:\/\/www.rassegnastampa-totustuus.it\/cattolica\/wp-json\/wp\/v2\/categories?post=45570"},{"taxonomy":"post_tag","embeddable":true,"href":"https:\/\/www.rassegnastampa-totustuus.it\/cattolica\/wp-json\/wp\/v2\/tags?post=45570"}],"curies":[{"name":"wp","href":"https:\/\/api.w.org\/{rel}","templated":true}]}}