{"id":45508,"date":"2020-01-09T00:00:52","date_gmt":"2020-01-08T23:00:52","guid":{"rendered":"http:\/\/www.rassegnastampa-totustuus.it\/cattolica\/?p=45508"},"modified":"2020-01-07T09:36:54","modified_gmt":"2020-01-07T08:36:54","slug":"quei-cristiani-che-reagirono-allassalto-comunista","status":"publish","type":"post","link":"https:\/\/www.rassegnastampa-totustuus.it\/cattolica\/quei-cristiani-che-reagirono-allassalto-comunista\/","title":{"rendered":"Quei cristiani che reagirono all&#8217;assalto comunista"},"content":{"rendered":"<p style=\"text-align: center;\"><strong><a href=\"https:\/\/www.rassegnastampa-totustuus.it\/cattolica\/wp-content\/uploads\/2020\/01\/Formicola_cover.jpg\"><img loading=\"lazy\" decoding=\"async\" class=\"size-full wp-image-45518 alignright\" src=\"https:\/\/www.rassegnastampa-totustuus.it\/cattolica\/wp-content\/uploads\/2020\/01\/Formicola_cover.jpg\" alt=\"\" width=\"164\" height=\"230\" \/><\/a>La Nuova Bussola quotidiana <\/strong><\/p>\n<p style=\"text-align: center;\">15 Dicembre 2019<strong> \u00a0<\/strong><\/p>\n<p style=\"text-align: justify;\"><em>Il libro di Giovanni Formicola sui cristiani che si opposero alle atrocit\u00e0 comuniste in Spagna e Messico negli anni &#8217;20 e &#8217;30. Con la Cruzada e la Cristiada la societ\u00e0 fu in grado di reagire, anche militarmente e di sconfiggere l\u2019avversario. Oggi, i cristiani sono in grado di reagire a \u201cl\u2019assalto al Cielo\u201d considerando anche lo sbandamento pastorale che si manifesta nella Chiesa? <\/em><\/p>\n<p style=\"text-align: center;\">di <strong>Silvana de Mari<\/strong><\/p>\n<p><!--more--><\/p>\n<p style=\"text-align: justify;\">In un momento in cui, in Europa e nel mondo, il sangue dei Cristiani scorre a fiumi e le chiese vengono bruciate nella quasi totale indifferenza generale, il saggio di Giovanni Formicola (\u201c<em>Difesero la fede, fermarono il Comunismo<\/em>\u201d, Edizioni Cantagalli, 2019) \u00e8 quanto mai attuale nel raccontare in maniera precisa e puntuale due avvenimenti paradigmatici dello scontro tra cattolicesimo e politica intesa come un susseguirsi di avvenimenti che, dalla Riforma Protestante, passando per l&#8217;illuminismo settecentesco porta al socialismo e al comunismo.<\/p>\n<p style=\"text-align: justify;\"><a href=\"https:\/\/www.rassegnastampa-totustuus.it\/cattolica\/wp-content\/uploads\/2020\/01\/Spagna_guerra_cristiani_perseguitati.jpg\"><img loading=\"lazy\" decoding=\"async\" class=\"size-full wp-image-45517 alignleft\" src=\"https:\/\/www.rassegnastampa-totustuus.it\/cattolica\/wp-content\/uploads\/2020\/01\/Spagna_guerra_cristiani_perseguitati.jpg\" alt=\"\" width=\"275\" height=\"183\" \/><\/a>Nella\u00a0fattispecie la <em>Cristiada<\/em> in Messico (1926 \u2013 1929) in cui i cattolici messicani si opposero al laicismo massonico e la <em>Cruzada<\/em> in Spagna (1936 \u2013 1939) con la cruenta persecuzione dei cattolici spagnoli ad opera del Fronte popolare.<\/p>\n<p style=\"text-align: justify;\"><strong>Non \u00e8 un caso che il primo capitolo <\/strong>si apra con la frase di Aleksandr Sozenicyn \u201cIl comunismo non pu\u00f2 esistere ideologicamente senza terrore e quindi non \u00e8 possibile la coesistenza con esso sullo stesso pianeta: o invade l\u2019umanit\u00e0 intera, come il cancro e l\u2019uccide, o l\u2019umanit\u00e0 se ne deve liberare e poi curarsi ancora a lungo per eliminare tutte le metastasi\u201d.<\/p>\n<p style=\"text-align: justify;\"><a href=\"https:\/\/www.rassegnastampa-totustuus.it\/cattolica\/wp-content\/uploads\/2014\/10\/cristiada.jpg\"><img loading=\"lazy\" decoding=\"async\" class=\"wp-image-11511 alignright\" src=\"https:\/\/www.rassegnastampa-totustuus.it\/cattolica\/wp-content\/uploads\/2014\/10\/cristiada.jpg\" alt=\"\" width=\"184\" height=\"184\" \/><\/a>Infatti l\u2019utopia del socialcomunismo, \u00e8 l\u2019idea che si possa sconfiggere il male ed instaurare il mondo perfetto; il male da sconfiggere \u00e8 quello che tradizionalmente l\u2019umanit\u00e0, non solo quella cristiana, considera bene: la religione, la famiglia, la propriet\u00e0, la morale, soprattutto quella sessuale. Lo scopo \u00e8 quello di creare l\u2019\u201cuomo nuovo\u201d felice e padrone di s\u00e9 stesso in un mondo senza disuguaglianze. Le vie da seguire e i mezzi da adoperare vengono valutati solo in funzione dell\u2019efficacia. Alla base del sistema \u00e8 il rifiuto di Dio.<\/p>\n<p style=\"text-align: justify;\"><strong>In Messico e in Spagna negli anni 1920 e 1930 <\/strong>l\u2019odio comunista nei confronti di Dio si \u00e8 fin dal\u00a0principio manifestato come odio implacabile nei confronti della Chiesa e dei cristiani. Gli episodi del Messico e della Spagna furono caratterizzati da una forte resistenza e reazione da parte del popolo cristiano. Quei popoli, contribuirono a dare un diverso corso alla storia, anche a quella universale: difesero la fede e fermarono l\u2019avanzata comunista nel XX secolo.<\/p>\n<p style=\"text-align: justify;\"><a href=\"https:\/\/www.rassegnastampa-totustuus.it\/cattolica\/wp-content\/uploads\/2005\/08\/Carlisti_Spagna.jpg\"><img loading=\"lazy\" decoding=\"async\" class=\"size-full wp-image-28094 alignleft\" src=\"https:\/\/www.rassegnastampa-totustuus.it\/cattolica\/wp-content\/uploads\/2005\/08\/Carlisti_Spagna.jpg\" alt=\"\" width=\"188\" height=\"268\" \/><\/a>L\u2019autore ci fa riflettere sulle conseguenze che avrebbe avuto per l\u2019Europa dopo la seconda guerra mondiale essere stretta fra due cortine di ferro con l\u2019Armata Rossa anche in Spagna: la Francia, l\u2019Italia e la Germania Occidentale avrebbero avuto un destino simile alla Cecoslovacchia con\u00a0l\u2019ascesa al potere dei comunisti nelle rispettive nazioni e la pressione dei carri armati sovietici alle porte.<\/p>\n<p style=\"text-align: justify;\"><strong>Giovanni Formicola con questo saggio rende omaggio <\/strong>ai protagonisti degli episodi messicano e spagnolo di resistenza alla Rivoluzione anti-cristiana per difendere la fede, la possibilit\u00e0 di viverla nella libert\u00e0 per restituire onore e verit\u00e0 alla loro storia spesso sconosciuta o dimenticata. L\u2019autore ci ricorda che ci\u00f2 che rende martiri non \u00e8 la pena, ma la causa. Martiri sono per la Chiesa, coloro i quali vengono uccisi <em>in odium fidei<\/em> o <em>in<\/em> <em>odium Christi<\/em> o <em>in odium Ecclesiae<\/em> e accettano la morte volontariamente perdonando i loro carnefici per amore di Dio.<\/p>\n<p style=\"text-align: justify;\"><strong><a href=\"https:\/\/www.rassegnastampa-totustuus.it\/cattolica\/wp-content\/uploads\/2006\/07\/cristeros2.png\"><img loading=\"lazy\" decoding=\"async\" class=\"size-full wp-image-16182 alignright\" src=\"https:\/\/www.rassegnastampa-totustuus.it\/cattolica\/wp-content\/uploads\/2006\/07\/cristeros2.png\" alt=\"\" width=\"272\" height=\"185\" \/><\/a>Nella Madrid del 1936 le donne del Fronte Popolare<\/strong> sfilavano in corteo gridando \u201cFigli si, mariti no\u201d. Uno degli slogan pi\u00f9 diffusi, insegnato anche ai bambini, era \u201cN\u00e9 Dio, n\u00e9 Patria, n\u00e9 padri\u201d.<\/p>\n<p style=\"text-align: justify;\"><strong>In quell\u2019occasione la societ\u00e0 fu in grado di reagire<\/strong>, anche militarmente e di sconfiggere l\u2019avversario, col senno di poi, possiamo affermare che la vittoria fu solo apparente. In <a href=\"https:\/\/www.rassegnastampa-totustuus.it\/cattolica\/wp-content\/uploads\/2013\/10\/abusi-liturgici.jpg\"><img loading=\"lazy\" decoding=\"async\" class=\"size-full wp-image-26026 alignleft\" src=\"https:\/\/www.rassegnastampa-totustuus.it\/cattolica\/wp-content\/uploads\/2013\/10\/abusi-liturgici.jpg\" alt=\"\" width=\"240\" height=\"179\" \/><\/a>Spagna, dal governo Zapatero in poi, continua la guerra contro la Chiesa, la religione, la famiglia, l\u2019ordine morale. Figli senza marito e la cancellazione della parola \u201cpadre\u201d sono un dato di fatto: l\u2019autore si domanda e domanda a noi tutti se, oggi, i cristiani sono in grado di reagire a \u201cl\u2019assalto al Cielo\u201d considerando anche lo sbandamento pastorale che si manifesta nella Chiesa.<\/p>\n","protected":false},"excerpt":{"rendered":"<p>La Nuova Bussola quotidiana 15 Dicembre 2019 \u00a0 Il libro di Giovanni Formicola sui cristiani che si opposero alle atrocit\u00e0 comuniste in Spagna e Messico negli anni &#8217;20 e &#8217;30. Con la Cruzada e la Cristiada la societ\u00e0 fu in grado di reagire, anche militarmente e di sconfiggere l\u2019avversario. Oggi, i cristiani sono in grado &hellip; <\/p>\n<p><a class=\"more-link btn\" href=\"https:\/\/www.rassegnastampa-totustuus.it\/cattolica\/quei-cristiani-che-reagirono-allassalto-comunista\/\">Continua a leggere<\/a><\/p>\n","protected":false},"author":6,"featured_media":45515,"comment_status":"closed","ping_status":"closed","sticky":false,"template":"","format":"standard","meta":{"footnotes":""},"categories":[5,44,17],"tags":[157,469,470,2404],"class_list":["post-45508","post","type-post","status-publish","format-standard","has-post-thumbnail","hentry","category-chiesa","category-cristiani-perseguitati","category-libri","tag-chiesa-2","tag-cristeros","tag-cristiani-perseguitati-2","tag-guerra-di-spagna","item-wrap"],"yoast_head":"<!-- This site is optimized with the Yoast SEO plugin v27.5 - https:\/\/yoast.com\/product\/yoast-seo-wordpress\/ -->\n<title>Quei cristiani che reagirono all&#039;assalto comunista - Rassegna Stampa Cattolica<\/title>\n<meta name=\"description\" content=\"Rassegna Stampa Cattolica - Per una cultura che nasce dalla Rivelazione cristiana in conformit\u00e0 alla tradizione e al Magistero della Chiesa in opposizione ad ogni relativismo e totalitarismo\" \/>\n<meta name=\"robots\" content=\"index, follow, max-snippet:-1, max-image-preview:large, max-video-preview:-1\" \/>\n<link rel=\"canonical\" href=\"https:\/\/www.rassegnastampa-totustuus.it\/cattolica\/quei-cristiani-che-reagirono-allassalto-comunista\/\" \/>\n<meta property=\"og:locale\" content=\"it_IT\" \/>\n<meta property=\"og:type\" content=\"article\" \/>\n<meta property=\"og:title\" content=\"Quei cristiani che reagirono all&#039;assalto comunista - Rassegna Stampa Cattolica\" \/>\n<meta property=\"og:description\" content=\"Rassegna Stampa Cattolica - Per una cultura che nasce dalla Rivelazione cristiana in conformit\u00e0 alla tradizione e al Magistero della Chiesa in opposizione ad ogni relativismo e totalitarismo\" \/>\n<meta property=\"og:url\" content=\"https:\/\/www.rassegnastampa-totustuus.it\/cattolica\/quei-cristiani-che-reagirono-allassalto-comunista\/\" \/>\n<meta property=\"og:site_name\" content=\"Rassegna Stampa Cattolica\" \/>\n<meta property=\"article:publisher\" content=\"https:\/\/www.facebook.com\/rassegnastampacattolica\" \/>\n<meta property=\"article:published_time\" content=\"2020-01-08T23:00:52+00:00\" \/>\n<meta property=\"og:image\" content=\"https:\/\/www.rassegnastampa-totustuus.it\/cattolica\/wp-content\/uploads\/2020\/01\/Spagna_persecuzioni_guerra.jpg\" \/>\n\t<meta property=\"og:image:width\" content=\"1920\" \/>\n\t<meta property=\"og:image:height\" content=\"1080\" \/>\n\t<meta property=\"og:image:type\" content=\"image\/jpeg\" \/>\n<meta name=\"author\" content=\"Redazione\" \/>\n<meta name=\"twitter:card\" content=\"summary_large_image\" \/>\n<meta name=\"twitter:creator\" content=\"@rassegnastampa9\" \/>\n<meta name=\"twitter:site\" content=\"@rassegnastampa9\" \/>\n<meta name=\"twitter:label1\" content=\"Scritto da\" \/>\n\t<meta name=\"twitter:data1\" content=\"Redazione\" \/>\n\t<meta name=\"twitter:label2\" content=\"Tempo di lettura stimato\" \/>\n\t<meta name=\"twitter:data2\" content=\"3 minuti\" \/>\n<script type=\"application\/ld+json\" class=\"yoast-schema-graph\">{\"@context\":\"https:\\\/\\\/schema.org\",\"@graph\":[{\"@type\":\"Article\",\"@id\":\"https:\\\/\\\/www.rassegnastampa-totustuus.it\\\/cattolica\\\/quei-cristiani-che-reagirono-allassalto-comunista\\\/#article\",\"isPartOf\":{\"@id\":\"https:\\\/\\\/www.rassegnastampa-totustuus.it\\\/cattolica\\\/quei-cristiani-che-reagirono-allassalto-comunista\\\/\"},\"author\":{\"name\":\"Redazione\",\"@id\":\"https:\\\/\\\/www.rassegnastampa-totustuus.it\\\/cattolica\\\/#\\\/schema\\\/person\\\/08f319d2bd1a0904ad9e2bfb7b15e5c3\"},\"headline\":\"Quei cristiani che reagirono all&#8217;assalto comunista\",\"datePublished\":\"2020-01-08T23:00:52+00:00\",\"mainEntityOfPage\":{\"@id\":\"https:\\\/\\\/www.rassegnastampa-totustuus.it\\\/cattolica\\\/quei-cristiani-che-reagirono-allassalto-comunista\\\/\"},\"wordCount\":701,\"publisher\":{\"@id\":\"https:\\\/\\\/www.rassegnastampa-totustuus.it\\\/cattolica\\\/#organization\"},\"image\":{\"@id\":\"https:\\\/\\\/www.rassegnastampa-totustuus.it\\\/cattolica\\\/quei-cristiani-che-reagirono-allassalto-comunista\\\/#primaryimage\"},\"thumbnailUrl\":\"https:\\\/\\\/www.rassegnastampa-totustuus.it\\\/cattolica\\\/wp-content\\\/uploads\\\/2020\\\/01\\\/Spagna_persecuzioni_guerra.jpg\",\"keywords\":[\"chiesa\",\"Cristeros\",\"cristiani perseguitati\",\"Guerra di Spagna\"],\"articleSection\":[\"Chiesa\",\"Cristiani perseguitati\",\"Libri\"],\"inLanguage\":\"it-IT\"},{\"@type\":\"WebPage\",\"@id\":\"https:\\\/\\\/www.rassegnastampa-totustuus.it\\\/cattolica\\\/quei-cristiani-che-reagirono-allassalto-comunista\\\/\",\"url\":\"https:\\\/\\\/www.rassegnastampa-totustuus.it\\\/cattolica\\\/quei-cristiani-che-reagirono-allassalto-comunista\\\/\",\"name\":\"Quei cristiani che reagirono all'assalto comunista - Rassegna Stampa Cattolica\",\"isPartOf\":{\"@id\":\"https:\\\/\\\/www.rassegnastampa-totustuus.it\\\/cattolica\\\/#website\"},\"primaryImageOfPage\":{\"@id\":\"https:\\\/\\\/www.rassegnastampa-totustuus.it\\\/cattolica\\\/quei-cristiani-che-reagirono-allassalto-comunista\\\/#primaryimage\"},\"image\":{\"@id\":\"https:\\\/\\\/www.rassegnastampa-totustuus.it\\\/cattolica\\\/quei-cristiani-che-reagirono-allassalto-comunista\\\/#primaryimage\"},\"thumbnailUrl\":\"https:\\\/\\\/www.rassegnastampa-totustuus.it\\\/cattolica\\\/wp-content\\\/uploads\\\/2020\\\/01\\\/Spagna_persecuzioni_guerra.jpg\",\"datePublished\":\"2020-01-08T23:00:52+00:00\",\"description\":\"Rassegna Stampa Cattolica - Per una cultura che nasce dalla Rivelazione cristiana in conformit\u00e0 alla tradizione e al Magistero della Chiesa in opposizione ad ogni relativismo e totalitarismo\",\"breadcrumb\":{\"@id\":\"https:\\\/\\\/www.rassegnastampa-totustuus.it\\\/cattolica\\\/quei-cristiani-che-reagirono-allassalto-comunista\\\/#breadcrumb\"},\"inLanguage\":\"it-IT\",\"potentialAction\":[{\"@type\":\"ReadAction\",\"target\":[\"https:\\\/\\\/www.rassegnastampa-totustuus.it\\\/cattolica\\\/quei-cristiani-che-reagirono-allassalto-comunista\\\/\"]}]},{\"@type\":\"ImageObject\",\"inLanguage\":\"it-IT\",\"@id\":\"https:\\\/\\\/www.rassegnastampa-totustuus.it\\\/cattolica\\\/quei-cristiani-che-reagirono-allassalto-comunista\\\/#primaryimage\",\"url\":\"https:\\\/\\\/www.rassegnastampa-totustuus.it\\\/cattolica\\\/wp-content\\\/uploads\\\/2020\\\/01\\\/Spagna_persecuzioni_guerra.jpg\",\"contentUrl\":\"https:\\\/\\\/www.rassegnastampa-totustuus.it\\\/cattolica\\\/wp-content\\\/uploads\\\/2020\\\/01\\\/Spagna_persecuzioni_guerra.jpg\",\"width\":1920,\"height\":1080,\"caption\":\"L'eroismo di crociati perseguitati e martiri\"},{\"@type\":\"BreadcrumbList\",\"@id\":\"https:\\\/\\\/www.rassegnastampa-totustuus.it\\\/cattolica\\\/quei-cristiani-che-reagirono-allassalto-comunista\\\/#breadcrumb\",\"itemListElement\":[{\"@type\":\"ListItem\",\"position\":1,\"name\":\"Home\",\"item\":\"https:\\\/\\\/www.rassegnastampa-totustuus.it\\\/cattolica\\\/\"},{\"@type\":\"ListItem\",\"position\":2,\"name\":\"Quei cristiani che reagirono all&#8217;assalto comunista\"}]},{\"@type\":\"WebSite\",\"@id\":\"https:\\\/\\\/www.rassegnastampa-totustuus.it\\\/cattolica\\\/#website\",\"url\":\"https:\\\/\\\/www.rassegnastampa-totustuus.it\\\/cattolica\\\/\",\"name\":\"Rassegna Stampa Cattolica\",\"description\":\"Per una cultura che nasce dalla Rivelazione cristiana in conformit\u00e0 alla tradizione e al Magistero della Chiesa in opposizione ad ogni relativismo e totalitarismo\",\"publisher\":{\"@id\":\"https:\\\/\\\/www.rassegnastampa-totustuus.it\\\/cattolica\\\/#organization\"},\"alternateName\":\"Rass. Cattolica\",\"potentialAction\":[{\"@type\":\"SearchAction\",\"target\":{\"@type\":\"EntryPoint\",\"urlTemplate\":\"https:\\\/\\\/www.rassegnastampa-totustuus.it\\\/cattolica\\\/?s={search_term_string}\"},\"query-input\":{\"@type\":\"PropertyValueSpecification\",\"valueRequired\":true,\"valueName\":\"search_term_string\"}}],\"inLanguage\":\"it-IT\"},{\"@type\":\"Organization\",\"@id\":\"https:\\\/\\\/www.rassegnastampa-totustuus.it\\\/cattolica\\\/#organization\",\"name\":\"Rassegna Stampa Cattolica\",\"url\":\"https:\\\/\\\/www.rassegnastampa-totustuus.it\\\/cattolica\\\/\",\"logo\":{\"@type\":\"ImageObject\",\"inLanguage\":\"it-IT\",\"@id\":\"https:\\\/\\\/www.rassegnastampa-totustuus.it\\\/cattolica\\\/#\\\/schema\\\/logo\\\/image\\\/\",\"url\":\"https:\\\/\\\/www.rassegnastampa-totustuus.it\\\/cattolica\\\/wp-content\\\/uploads\\\/2014\\\/04\\\/logo-rassegna1.gif\",\"contentUrl\":\"https:\\\/\\\/www.rassegnastampa-totustuus.it\\\/cattolica\\\/wp-content\\\/uploads\\\/2014\\\/04\\\/logo-rassegna1.gif\",\"width\":600,\"height\":163,\"caption\":\"Rassegna Stampa Cattolica\"},\"image\":{\"@id\":\"https:\\\/\\\/www.rassegnastampa-totustuus.it\\\/cattolica\\\/#\\\/schema\\\/logo\\\/image\\\/\"},\"sameAs\":[\"https:\\\/\\\/www.facebook.com\\\/rassegnastampacattolica\",\"https:\\\/\\\/x.com\\\/rassegnastampa9\"]},{\"@type\":\"Person\",\"@id\":\"https:\\\/\\\/www.rassegnastampa-totustuus.it\\\/cattolica\\\/#\\\/schema\\\/person\\\/08f319d2bd1a0904ad9e2bfb7b15e5c3\",\"name\":\"Redazione\",\"image\":{\"@type\":\"ImageObject\",\"inLanguage\":\"it-IT\",\"@id\":\"https:\\\/\\\/secure.gravatar.com\\\/avatar\\\/2fcdf27c78ea025fbdb44e914cc63c72249ffec9dc8aafd5c82b26240ef3f346?s=96&d=mm&r=g\",\"url\":\"https:\\\/\\\/secure.gravatar.com\\\/avatar\\\/2fcdf27c78ea025fbdb44e914cc63c72249ffec9dc8aafd5c82b26240ef3f346?s=96&d=mm&r=g\",\"contentUrl\":\"https:\\\/\\\/secure.gravatar.com\\\/avatar\\\/2fcdf27c78ea025fbdb44e914cc63c72249ffec9dc8aafd5c82b26240ef3f346?s=96&d=mm&r=g\",\"caption\":\"Redazione\"},\"url\":\"https:\\\/\\\/www.rassegnastampa-totustuus.it\\\/cattolica\\\/author\\\/pietroelle\\\/\"}]}<\/script>\n<!-- \/ Yoast SEO plugin. -->","yoast_head_json":{"title":"Quei cristiani che reagirono all'assalto comunista - Rassegna Stampa Cattolica","description":"Rassegna Stampa Cattolica - Per una cultura che nasce dalla Rivelazione cristiana in conformit\u00e0 alla tradizione e al Magistero della Chiesa in opposizione ad ogni relativismo e totalitarismo","robots":{"index":"index","follow":"follow","max-snippet":"max-snippet:-1","max-image-preview":"max-image-preview:large","max-video-preview":"max-video-preview:-1"},"canonical":"https:\/\/www.rassegnastampa-totustuus.it\/cattolica\/quei-cristiani-che-reagirono-allassalto-comunista\/","og_locale":"it_IT","og_type":"article","og_title":"Quei cristiani che reagirono all'assalto comunista - Rassegna Stampa Cattolica","og_description":"Rassegna Stampa Cattolica - Per una cultura che nasce dalla Rivelazione cristiana in conformit\u00e0 alla tradizione e al Magistero della Chiesa in opposizione ad ogni relativismo e totalitarismo","og_url":"https:\/\/www.rassegnastampa-totustuus.it\/cattolica\/quei-cristiani-che-reagirono-allassalto-comunista\/","og_site_name":"Rassegna Stampa Cattolica","article_publisher":"https:\/\/www.facebook.com\/rassegnastampacattolica","article_published_time":"2020-01-08T23:00:52+00:00","og_image":[{"width":1920,"height":1080,"url":"https:\/\/www.rassegnastampa-totustuus.it\/cattolica\/wp-content\/uploads\/2020\/01\/Spagna_persecuzioni_guerra.jpg","type":"image\/jpeg"}],"author":"Redazione","twitter_card":"summary_large_image","twitter_creator":"@rassegnastampa9","twitter_site":"@rassegnastampa9","twitter_misc":{"Scritto da":"Redazione","Tempo di lettura stimato":"3 minuti"},"schema":{"@context":"https:\/\/schema.org","@graph":[{"@type":"Article","@id":"https:\/\/www.rassegnastampa-totustuus.it\/cattolica\/quei-cristiani-che-reagirono-allassalto-comunista\/#article","isPartOf":{"@id":"https:\/\/www.rassegnastampa-totustuus.it\/cattolica\/quei-cristiani-che-reagirono-allassalto-comunista\/"},"author":{"name":"Redazione","@id":"https:\/\/www.rassegnastampa-totustuus.it\/cattolica\/#\/schema\/person\/08f319d2bd1a0904ad9e2bfb7b15e5c3"},"headline":"Quei cristiani che reagirono all&#8217;assalto comunista","datePublished":"2020-01-08T23:00:52+00:00","mainEntityOfPage":{"@id":"https:\/\/www.rassegnastampa-totustuus.it\/cattolica\/quei-cristiani-che-reagirono-allassalto-comunista\/"},"wordCount":701,"publisher":{"@id":"https:\/\/www.rassegnastampa-totustuus.it\/cattolica\/#organization"},"image":{"@id":"https:\/\/www.rassegnastampa-totustuus.it\/cattolica\/quei-cristiani-che-reagirono-allassalto-comunista\/#primaryimage"},"thumbnailUrl":"https:\/\/www.rassegnastampa-totustuus.it\/cattolica\/wp-content\/uploads\/2020\/01\/Spagna_persecuzioni_guerra.jpg","keywords":["chiesa","Cristeros","cristiani perseguitati","Guerra di Spagna"],"articleSection":["Chiesa","Cristiani perseguitati","Libri"],"inLanguage":"it-IT"},{"@type":"WebPage","@id":"https:\/\/www.rassegnastampa-totustuus.it\/cattolica\/quei-cristiani-che-reagirono-allassalto-comunista\/","url":"https:\/\/www.rassegnastampa-totustuus.it\/cattolica\/quei-cristiani-che-reagirono-allassalto-comunista\/","name":"Quei cristiani che reagirono all'assalto comunista - Rassegna Stampa Cattolica","isPartOf":{"@id":"https:\/\/www.rassegnastampa-totustuus.it\/cattolica\/#website"},"primaryImageOfPage":{"@id":"https:\/\/www.rassegnastampa-totustuus.it\/cattolica\/quei-cristiani-che-reagirono-allassalto-comunista\/#primaryimage"},"image":{"@id":"https:\/\/www.rassegnastampa-totustuus.it\/cattolica\/quei-cristiani-che-reagirono-allassalto-comunista\/#primaryimage"},"thumbnailUrl":"https:\/\/www.rassegnastampa-totustuus.it\/cattolica\/wp-content\/uploads\/2020\/01\/Spagna_persecuzioni_guerra.jpg","datePublished":"2020-01-08T23:00:52+00:00","description":"Rassegna Stampa Cattolica - Per una cultura che nasce dalla Rivelazione cristiana in conformit\u00e0 alla tradizione e al Magistero della Chiesa in opposizione ad ogni relativismo e totalitarismo","breadcrumb":{"@id":"https:\/\/www.rassegnastampa-totustuus.it\/cattolica\/quei-cristiani-che-reagirono-allassalto-comunista\/#breadcrumb"},"inLanguage":"it-IT","potentialAction":[{"@type":"ReadAction","target":["https:\/\/www.rassegnastampa-totustuus.it\/cattolica\/quei-cristiani-che-reagirono-allassalto-comunista\/"]}]},{"@type":"ImageObject","inLanguage":"it-IT","@id":"https:\/\/www.rassegnastampa-totustuus.it\/cattolica\/quei-cristiani-che-reagirono-allassalto-comunista\/#primaryimage","url":"https:\/\/www.rassegnastampa-totustuus.it\/cattolica\/wp-content\/uploads\/2020\/01\/Spagna_persecuzioni_guerra.jpg","contentUrl":"https:\/\/www.rassegnastampa-totustuus.it\/cattolica\/wp-content\/uploads\/2020\/01\/Spagna_persecuzioni_guerra.jpg","width":1920,"height":1080,"caption":"L'eroismo di crociati perseguitati e martiri"},{"@type":"BreadcrumbList","@id":"https:\/\/www.rassegnastampa-totustuus.it\/cattolica\/quei-cristiani-che-reagirono-allassalto-comunista\/#breadcrumb","itemListElement":[{"@type":"ListItem","position":1,"name":"Home","item":"https:\/\/www.rassegnastampa-totustuus.it\/cattolica\/"},{"@type":"ListItem","position":2,"name":"Quei cristiani che reagirono all&#8217;assalto comunista"}]},{"@type":"WebSite","@id":"https:\/\/www.rassegnastampa-totustuus.it\/cattolica\/#website","url":"https:\/\/www.rassegnastampa-totustuus.it\/cattolica\/","name":"Rassegna Stampa Cattolica","description":"Per una cultura che nasce dalla Rivelazione cristiana in conformit\u00e0 alla tradizione e al Magistero della Chiesa in opposizione ad ogni relativismo e totalitarismo","publisher":{"@id":"https:\/\/www.rassegnastampa-totustuus.it\/cattolica\/#organization"},"alternateName":"Rass. Cattolica","potentialAction":[{"@type":"SearchAction","target":{"@type":"EntryPoint","urlTemplate":"https:\/\/www.rassegnastampa-totustuus.it\/cattolica\/?s={search_term_string}"},"query-input":{"@type":"PropertyValueSpecification","valueRequired":true,"valueName":"search_term_string"}}],"inLanguage":"it-IT"},{"@type":"Organization","@id":"https:\/\/www.rassegnastampa-totustuus.it\/cattolica\/#organization","name":"Rassegna Stampa Cattolica","url":"https:\/\/www.rassegnastampa-totustuus.it\/cattolica\/","logo":{"@type":"ImageObject","inLanguage":"it-IT","@id":"https:\/\/www.rassegnastampa-totustuus.it\/cattolica\/#\/schema\/logo\/image\/","url":"https:\/\/www.rassegnastampa-totustuus.it\/cattolica\/wp-content\/uploads\/2014\/04\/logo-rassegna1.gif","contentUrl":"https:\/\/www.rassegnastampa-totustuus.it\/cattolica\/wp-content\/uploads\/2014\/04\/logo-rassegna1.gif","width":600,"height":163,"caption":"Rassegna Stampa Cattolica"},"image":{"@id":"https:\/\/www.rassegnastampa-totustuus.it\/cattolica\/#\/schema\/logo\/image\/"},"sameAs":["https:\/\/www.facebook.com\/rassegnastampacattolica","https:\/\/x.com\/rassegnastampa9"]},{"@type":"Person","@id":"https:\/\/www.rassegnastampa-totustuus.it\/cattolica\/#\/schema\/person\/08f319d2bd1a0904ad9e2bfb7b15e5c3","name":"Redazione","image":{"@type":"ImageObject","inLanguage":"it-IT","@id":"https:\/\/secure.gravatar.com\/avatar\/2fcdf27c78ea025fbdb44e914cc63c72249ffec9dc8aafd5c82b26240ef3f346?s=96&d=mm&r=g","url":"https:\/\/secure.gravatar.com\/avatar\/2fcdf27c78ea025fbdb44e914cc63c72249ffec9dc8aafd5c82b26240ef3f346?s=96&d=mm&r=g","contentUrl":"https:\/\/secure.gravatar.com\/avatar\/2fcdf27c78ea025fbdb44e914cc63c72249ffec9dc8aafd5c82b26240ef3f346?s=96&d=mm&r=g","caption":"Redazione"},"url":"https:\/\/www.rassegnastampa-totustuus.it\/cattolica\/author\/pietroelle\/"}]}},"_links":{"self":[{"href":"https:\/\/www.rassegnastampa-totustuus.it\/cattolica\/wp-json\/wp\/v2\/posts\/45508","targetHints":{"allow":["GET"]}}],"collection":[{"href":"https:\/\/www.rassegnastampa-totustuus.it\/cattolica\/wp-json\/wp\/v2\/posts"}],"about":[{"href":"https:\/\/www.rassegnastampa-totustuus.it\/cattolica\/wp-json\/wp\/v2\/types\/post"}],"author":[{"embeddable":true,"href":"https:\/\/www.rassegnastampa-totustuus.it\/cattolica\/wp-json\/wp\/v2\/users\/6"}],"replies":[{"embeddable":true,"href":"https:\/\/www.rassegnastampa-totustuus.it\/cattolica\/wp-json\/wp\/v2\/comments?post=45508"}],"version-history":[{"count":3,"href":"https:\/\/www.rassegnastampa-totustuus.it\/cattolica\/wp-json\/wp\/v2\/posts\/45508\/revisions"}],"predecessor-version":[{"id":45519,"href":"https:\/\/www.rassegnastampa-totustuus.it\/cattolica\/wp-json\/wp\/v2\/posts\/45508\/revisions\/45519"}],"wp:featuredmedia":[{"embeddable":true,"href":"https:\/\/www.rassegnastampa-totustuus.it\/cattolica\/wp-json\/wp\/v2\/media\/45515"}],"wp:attachment":[{"href":"https:\/\/www.rassegnastampa-totustuus.it\/cattolica\/wp-json\/wp\/v2\/media?parent=45508"}],"wp:term":[{"taxonomy":"category","embeddable":true,"href":"https:\/\/www.rassegnastampa-totustuus.it\/cattolica\/wp-json\/wp\/v2\/categories?post=45508"},{"taxonomy":"post_tag","embeddable":true,"href":"https:\/\/www.rassegnastampa-totustuus.it\/cattolica\/wp-json\/wp\/v2\/tags?post=45508"}],"curies":[{"name":"wp","href":"https:\/\/api.w.org\/{rel}","templated":true}]}}