{"id":45477,"date":"2019-12-19T00:00:40","date_gmt":"2019-12-18T23:00:40","guid":{"rendered":"http:\/\/www.rassegnastampa-totustuus.it\/cattolica\/?p=45477"},"modified":"2019-12-19T09:07:52","modified_gmt":"2019-12-19T08:07:52","slug":"mori-ce-unarte-che-non-si-ribella-al-logos-ed-e-giovane","status":"publish","type":"post","link":"https:\/\/www.rassegnastampa-totustuus.it\/cattolica\/mori-ce-unarte-che-non-si-ribella-al-logos-ed-e-giovane\/","title":{"rendered":"Mori, c&#8217;\u00e8 un&#8217;arte che non si ribella al logos. Ed \u00e8 giovane"},"content":{"rendered":"<p style=\"text-align: center;\"><strong><a href=\"https:\/\/www.rassegnastampa-totustuus.it\/cattolica\/wp-content\/uploads\/2019\/12\/Francesco_Mori.jpg\"><img loading=\"lazy\" decoding=\"async\" class=\"wp-image-45480 alignright\" src=\"https:\/\/www.rassegnastampa-totustuus.it\/cattolica\/wp-content\/uploads\/2019\/12\/Francesco_Mori-300x168.jpg\" alt=\"\" width=\"254\" height=\"142\" \/><\/a>La Nuova Bussola quotidiana <\/strong><\/p>\n<p style=\"text-align: center;\">11 Dicembre 2019<\/p>\n<p style=\"text-align: justify;\"><em>L&#8217;arte moderna e contemporanea sono arti nelle quali si rende sensibile la ribellione contro il Logos. Fortunatamente si sta facendo strada una nuova generazione di artisti che si sono posti l&#8217;obiettivo di riportare l&#8217;arte al suo significato originario. La Nuova BQ ha intervistato il giovane Francesco Mori.<\/em><\/p>\n<p style=\"text-align: center;\">di <strong>Roberto Marchesini <\/strong><\/p>\n<p><!--more--><\/p>\n<p style=\"text-align: justify;\">La parola arte (<em>ars<\/em>, in latino; <em>t\u00e8chne<\/em> in greco) nasce con un significato preciso: indicare il modo \u00abgiusto\u00bb di fare le cose. Ancora adesso, nell&#8217;italiano corrente, ci sono alcune locuzioni che rimandano a questo significato: \u00abFare le cose a regola d&#8217;arte\u00bb, cio\u00e8 fare le cose come Dio comanda; \u00abNon avere n\u00e9 arte n\u00e9 parte\u00bb, cio\u00e8 non saper fare nulla; \u00abImpara l&#8217;arte e mettila da parte\u00bb&#8230;<\/p>\n<p style=\"text-align: justify;\"><a href=\"https:\/\/www.rassegnastampa-totustuus.it\/cattolica\/wp-content\/uploads\/2019\/12\/Arte_sacra_Mori.jpg\"><img loading=\"lazy\" decoding=\"async\" class=\"size-medium wp-image-45478 alignleft\" src=\"https:\/\/www.rassegnastampa-totustuus.it\/cattolica\/wp-content\/uploads\/2019\/12\/Arte_sacra_Mori-300x200.jpg\" alt=\"\" width=\"300\" height=\"200\" srcset=\"https:\/\/www.rassegnastampa-totustuus.it\/cattolica\/wp-content\/uploads\/2019\/12\/Arte_sacra_Mori-300x200.jpg 300w, https:\/\/www.rassegnastampa-totustuus.it\/cattolica\/wp-content\/uploads\/2019\/12\/Arte_sacra_Mori-768x512.jpg 768w, https:\/\/www.rassegnastampa-totustuus.it\/cattolica\/wp-content\/uploads\/2019\/12\/Arte_sacra_Mori-1024x683.jpg 1024w\" sizes=\"auto, (max-width: 300px) 100vw, 300px\" \/><\/a>Il sottinteso \u00e8 che ci sia un modo come si deve per fare le cose, un modo che rispetti l&#8217;armonia e l&#8217;ordine del mondo; il <em>Logos<\/em>. L&#8217;arte greca e romana erano, infatti, arti metafisiche: il loro obiettivo era infatti quello di rappresentare le cose non come sono, ma come dovrebbero essere; come sarebbero se fossero pienamente compiute.<\/p>\n<p style=\"text-align: justify;\"><strong>L&#8217;arte moderna e contemporanea<\/strong>, invece, sono arti (se cos\u00ec si possono ancora definire) nelle quali si rende sensibile la ribellione contro il <em>Logos<\/em>. Fortunatamente si sta facendo strada una nuova generazione di artisti che si sono posti l&#8217;obiettivo di riportare l&#8217;arte al suo significato originario. Tra questi ricordiamo <a href=\"http:\/\/www.giovannigasparro.com\/\" target=\"_blank\" rel=\"noopener noreferrer\">Giovanni Gasparro<\/a> e <a href=\"http:\/\/www.francescomoriarte.it\/\" target=\"_blank\" rel=\"noopener noreferrer\">Francesco Mori<\/a>.<\/p>\n<p style=\"text-align: justify;\"><strong>Francesco Mori<\/strong>, classe 1975, grossetano, \u00e8 pittore, incisore, calligrafo e miniatore; il suo riferimento \u00e8 il celebre (meno di quanto meriti) Pietro Annigoni (1910-1988). Nel 2017 Francesco Mori ha vinto un concorso per la realizzazione di quattro vetrate per il battistero di Pisa; una di queste rappresenta Giovanni Paolo II colpito durante l&#8217;attentato del 13 maggio 1981. Il papa, ferito, si aggrappa alla croce, sorretto e protetto dalla Madonna; ai suoi piedi le bandiere nazista e comunista. La <em>Nuova BQ<\/em> l&#8217;ha intervistato<\/p>\n<p style=\"text-align: justify;\"><strong>Come \u00e8 nata l\u2019idea di questa vetrata?<\/strong><\/p>\n<p style=\"text-align: justify;\"><a href=\"https:\/\/www.rassegnastampa-totustuus.it\/cattolica\/wp-content\/uploads\/2009\/04\/chiesa_Fuksas.jpg\"><img loading=\"lazy\" decoding=\"async\" class=\"size-medium wp-image-30545 alignright\" src=\"https:\/\/www.rassegnastampa-totustuus.it\/cattolica\/wp-content\/uploads\/2009\/04\/chiesa_Fuksas-300x162.jpg\" alt=\"\" width=\"300\" height=\"162\" srcset=\"https:\/\/www.rassegnastampa-totustuus.it\/cattolica\/wp-content\/uploads\/2009\/04\/chiesa_Fuksas-300x162.jpg 300w, https:\/\/www.rassegnastampa-totustuus.it\/cattolica\/wp-content\/uploads\/2009\/04\/chiesa_Fuksas.jpg 305w\" sizes=\"auto, (max-width: 300px) 100vw, 300px\" \/><\/a>Credo che quest\u2019opera sia davvero ispirata e io ne sia stato il tramite. Ho cercato di non fare cronaca ma teologia della storia, facendo apparire la vicenda sub specie aeternitatis. Quello del 1981 non era solo un attentato: era un episodio che ha rivelato un intervento sovrannaturale, secondo la lettura data dallo stesso Giovanni Paolo II. Inoltre la forza omicida non proveniva da una sola persona, ma da un intero mondo di male che nel &#8216;900 si era espresso con le sue due principali ideologie, il comunismo e il nazionalsocialismo.<\/p>\n<p style=\"text-align: justify;\"><strong>Come le \u00e8 stato affidato questo incarico?<\/strong><\/p>\n<p style=\"text-align: justify;\">Sono risultato vincitore di un concorso internazionale bandito dall&#8217;Opera Primaziale Pisana per la realizzazione di 4 nuove vetrate per il Battistero del Duomo. I concorrenti provenivano da tutto il mondo. In una prima fase sono stati individuati sette finalisti, tra i quali io sono risultato vincitore. Nella commissione giudicante era presente il vescovo di Pisa, il presidente della Primaziale dottor Pacini, il sovrintendente di Firenze e la direttrice dell&#8217;Istituto superiore di restauro di Roma.<\/p>\n<p style=\"text-align: justify;\"><strong>La Chiesa svolge quindi ancora il ruolo di committente d&#8217;arte?<\/strong><\/p>\n<p style=\"text-align: justify;\"><a href=\"https:\/\/www.rassegnastampa-totustuus.it\/cattolica\/wp-content\/uploads\/2019\/12\/arte_Pisa_Mori.jpg\"><img loading=\"lazy\" decoding=\"async\" class=\"size-full wp-image-45482 alignleft\" src=\"https:\/\/www.rassegnastampa-totustuus.it\/cattolica\/wp-content\/uploads\/2019\/12\/arte_Pisa_Mori.jpg\" alt=\"\" width=\"181\" height=\"279\" \/><\/a>Si certo. A me pare che la committenza ecclesiastica dovrebbe essere tutt&#8217;oggi quella che sponsorizza quanto di pi\u00f9 bello e poetico ci offre la produzione artistica a noi contemporanea. Cos\u00ec \u00e8 stato per secoli e cos\u00ec \u00e8 naturale che sia. Nelle chiese l&#8217;immagine \u00e8 pubblica, gratuita, fruibile in uno spazio di contemplazione e devozione che ne esaltano la capacit\u00e0 di mediare il sacro, di dare carne al mistero. Purtroppo in molte chiese costruite a partire dagli anni settanta la \u00abvia della bellezza\u00bb ha lasciato lo spazio ad immagini incapaci di dialogare con l&#8217;osservatore e di condurlo alla contemplazione.<\/p>\n<p style=\"text-align: justify;\"><strong>Cosa ne pensa dell&#8217;attuale mondo delle arti figurative?<\/strong><\/p>\n<p style=\"text-align: justify;\">Quando si dice: \u00abVado a vedere una mostra di arte contemporanea\u00bb difficilmente si immaginer\u00e0 di trovarsi davanti alle opere di grandi figurativo quali Ottavio Mazzonis, Pietro Annigoni o Riccardo Tommasi Ferroni (artisti che hanno frequentato i territori legati ai temi del sacro con risultati originalissimo e poetici). La nostra mente correr\u00e0 quasi per condizionamento a opere astratte o informali, alla videoarte o alla performance; difficilmente penser\u00e0 a temi sacri. Semmai a opere dissacratorie e, talvolta, blasfeme.<\/p>\n<p style=\"text-align: justify;\"><a href=\"https:\/\/www.rassegnastampa-totustuus.it\/cattolica\/wp-content\/uploads\/2016\/06\/arte_moderna.jpg\"><img loading=\"lazy\" decoding=\"async\" class=\"size-full wp-image-34501 alignright\" src=\"https:\/\/www.rassegnastampa-totustuus.it\/cattolica\/wp-content\/uploads\/2016\/06\/arte_moderna.jpg\" alt=\"\" width=\"193\" height=\"260\" \/><\/a>La perdita del riferimento alla natura, intesa sia come apparenza del reale sia come compiuta realizzazione di come le cose dovrebbero essere nell&#8217;ordine metafisico, e l&#8217;abbandono del divino e soprattutto del cristianesimo, hanno generato mostri che prosperano grazie a lauti finanziamenti e abili critici capaci di sopperire con l&#8217;eleganza delle parole alla povert\u00e0 della forma delle opere. Viviamo una nuova iconoclasta a cui l&#8217;arte sacra potrebbe fornire note fuori dal coro.<\/p>\n","protected":false},"excerpt":{"rendered":"<p>La Nuova Bussola quotidiana 11 Dicembre 2019 L&#8217;arte moderna e contemporanea sono arti nelle quali si rende sensibile la ribellione contro il Logos. Fortunatamente si sta facendo strada una nuova generazione di artisti che si sono posti l&#8217;obiettivo di riportare l&#8217;arte al suo significato originario. La Nuova BQ ha intervistato il giovane Francesco Mori. di &hellip; <\/p>\n<p><a class=\"more-link btn\" href=\"https:\/\/www.rassegnastampa-totustuus.it\/cattolica\/mori-ce-unarte-che-non-si-ribella-al-logos-ed-e-giovane\/\">Continua a leggere<\/a><\/p>\n","protected":false},"author":6,"featured_media":45478,"comment_status":"closed","ping_status":"closed","sticky":false,"template":"","format":"standard","meta":{"footnotes":""},"categories":[119],"tags":[365,538],"class_list":["post-45477","post","type-post","status-publish","format-standard","has-post-thumbnail","hentry","category-arte-sacra","tag-arte","tag-arte-sacra-2","item-wrap"],"yoast_head":"<!-- This site is optimized with the Yoast SEO plugin v27.5 - https:\/\/yoast.com\/product\/yoast-seo-wordpress\/ -->\n<title>Mori, c&#039;\u00e8 un&#039;arte che non si ribella al logos. Ed \u00e8 giovane - Rassegna Stampa Cattolica<\/title>\n<meta name=\"description\" content=\"Rassegna Stampa Cattolica - Per una cultura che nasce dalla Rivelazione cristiana in conformit\u00e0 alla tradizione e al Magistero della Chiesa in opposizione ad ogni relativismo e totalitarismo\" \/>\n<meta name=\"robots\" content=\"index, follow, max-snippet:-1, max-image-preview:large, max-video-preview:-1\" \/>\n<link rel=\"canonical\" href=\"https:\/\/www.rassegnastampa-totustuus.it\/cattolica\/mori-ce-unarte-che-non-si-ribella-al-logos-ed-e-giovane\/\" \/>\n<meta property=\"og:locale\" content=\"it_IT\" \/>\n<meta property=\"og:type\" content=\"article\" \/>\n<meta property=\"og:title\" content=\"Mori, c&#039;\u00e8 un&#039;arte che non si ribella al logos. Ed \u00e8 giovane - Rassegna Stampa Cattolica\" \/>\n<meta property=\"og:description\" content=\"Rassegna Stampa Cattolica - Per una cultura che nasce dalla Rivelazione cristiana in conformit\u00e0 alla tradizione e al Magistero della Chiesa in opposizione ad ogni relativismo e totalitarismo\" \/>\n<meta property=\"og:url\" content=\"https:\/\/www.rassegnastampa-totustuus.it\/cattolica\/mori-ce-unarte-che-non-si-ribella-al-logos-ed-e-giovane\/\" \/>\n<meta property=\"og:site_name\" content=\"Rassegna Stampa Cattolica\" \/>\n<meta property=\"article:publisher\" content=\"https:\/\/www.facebook.com\/rassegnastampacattolica\" \/>\n<meta property=\"article:published_time\" content=\"2019-12-18T23:00:40+00:00\" \/>\n<meta property=\"article:modified_time\" content=\"2019-12-19T08:07:52+00:00\" \/>\n<meta property=\"og:image\" content=\"https:\/\/www.rassegnastampa-totustuus.it\/cattolica\/wp-content\/uploads\/2019\/12\/Arte_sacra_Mori-1024x683.jpg\" \/>\n\t<meta property=\"og:image:width\" content=\"1024\" \/>\n\t<meta property=\"og:image:height\" content=\"683\" \/>\n\t<meta property=\"og:image:type\" content=\"image\/jpeg\" \/>\n<meta name=\"author\" content=\"Redazione\" \/>\n<meta name=\"twitter:card\" content=\"summary_large_image\" \/>\n<meta name=\"twitter:creator\" content=\"@rassegnastampa9\" \/>\n<meta name=\"twitter:site\" content=\"@rassegnastampa9\" \/>\n<meta name=\"twitter:label1\" content=\"Scritto da\" \/>\n\t<meta name=\"twitter:data1\" content=\"Redazione\" \/>\n\t<meta name=\"twitter:label2\" content=\"Tempo di lettura stimato\" \/>\n\t<meta name=\"twitter:data2\" content=\"4 minuti\" \/>\n<script type=\"application\/ld+json\" class=\"yoast-schema-graph\">{\"@context\":\"https:\\\/\\\/schema.org\",\"@graph\":[{\"@type\":\"Article\",\"@id\":\"https:\\\/\\\/www.rassegnastampa-totustuus.it\\\/cattolica\\\/mori-ce-unarte-che-non-si-ribella-al-logos-ed-e-giovane\\\/#article\",\"isPartOf\":{\"@id\":\"https:\\\/\\\/www.rassegnastampa-totustuus.it\\\/cattolica\\\/mori-ce-unarte-che-non-si-ribella-al-logos-ed-e-giovane\\\/\"},\"author\":{\"name\":\"Redazione\",\"@id\":\"https:\\\/\\\/www.rassegnastampa-totustuus.it\\\/cattolica\\\/#\\\/schema\\\/person\\\/08f319d2bd1a0904ad9e2bfb7b15e5c3\"},\"headline\":\"Mori, c&#8217;\u00e8 un&#8217;arte che non si ribella al logos. Ed \u00e8 giovane\",\"datePublished\":\"2019-12-18T23:00:40+00:00\",\"dateModified\":\"2019-12-19T08:07:52+00:00\",\"mainEntityOfPage\":{\"@id\":\"https:\\\/\\\/www.rassegnastampa-totustuus.it\\\/cattolica\\\/mori-ce-unarte-che-non-si-ribella-al-logos-ed-e-giovane\\\/\"},\"wordCount\":778,\"publisher\":{\"@id\":\"https:\\\/\\\/www.rassegnastampa-totustuus.it\\\/cattolica\\\/#organization\"},\"image\":{\"@id\":\"https:\\\/\\\/www.rassegnastampa-totustuus.it\\\/cattolica\\\/mori-ce-unarte-che-non-si-ribella-al-logos-ed-e-giovane\\\/#primaryimage\"},\"thumbnailUrl\":\"https:\\\/\\\/www.rassegnastampa-totustuus.it\\\/cattolica\\\/wp-content\\\/uploads\\\/2019\\\/12\\\/Arte_sacra_Mori.jpg\",\"keywords\":[\"arte\",\"arte sacra\"],\"articleSection\":[\"Arte sacra\"],\"inLanguage\":\"it-IT\"},{\"@type\":\"WebPage\",\"@id\":\"https:\\\/\\\/www.rassegnastampa-totustuus.it\\\/cattolica\\\/mori-ce-unarte-che-non-si-ribella-al-logos-ed-e-giovane\\\/\",\"url\":\"https:\\\/\\\/www.rassegnastampa-totustuus.it\\\/cattolica\\\/mori-ce-unarte-che-non-si-ribella-al-logos-ed-e-giovane\\\/\",\"name\":\"Mori, c'\u00e8 un'arte che non si ribella al logos. Ed \u00e8 giovane - Rassegna Stampa Cattolica\",\"isPartOf\":{\"@id\":\"https:\\\/\\\/www.rassegnastampa-totustuus.it\\\/cattolica\\\/#website\"},\"primaryImageOfPage\":{\"@id\":\"https:\\\/\\\/www.rassegnastampa-totustuus.it\\\/cattolica\\\/mori-ce-unarte-che-non-si-ribella-al-logos-ed-e-giovane\\\/#primaryimage\"},\"image\":{\"@id\":\"https:\\\/\\\/www.rassegnastampa-totustuus.it\\\/cattolica\\\/mori-ce-unarte-che-non-si-ribella-al-logos-ed-e-giovane\\\/#primaryimage\"},\"thumbnailUrl\":\"https:\\\/\\\/www.rassegnastampa-totustuus.it\\\/cattolica\\\/wp-content\\\/uploads\\\/2019\\\/12\\\/Arte_sacra_Mori.jpg\",\"datePublished\":\"2019-12-18T23:00:40+00:00\",\"dateModified\":\"2019-12-19T08:07:52+00:00\",\"description\":\"Rassegna Stampa Cattolica - Per una cultura che nasce dalla Rivelazione cristiana in conformit\u00e0 alla tradizione e al Magistero della Chiesa in opposizione ad ogni relativismo e totalitarismo\",\"breadcrumb\":{\"@id\":\"https:\\\/\\\/www.rassegnastampa-totustuus.it\\\/cattolica\\\/mori-ce-unarte-che-non-si-ribella-al-logos-ed-e-giovane\\\/#breadcrumb\"},\"inLanguage\":\"it-IT\",\"potentialAction\":[{\"@type\":\"ReadAction\",\"target\":[\"https:\\\/\\\/www.rassegnastampa-totustuus.it\\\/cattolica\\\/mori-ce-unarte-che-non-si-ribella-al-logos-ed-e-giovane\\\/\"]}]},{\"@type\":\"ImageObject\",\"inLanguage\":\"it-IT\",\"@id\":\"https:\\\/\\\/www.rassegnastampa-totustuus.it\\\/cattolica\\\/mori-ce-unarte-che-non-si-ribella-al-logos-ed-e-giovane\\\/#primaryimage\",\"url\":\"https:\\\/\\\/www.rassegnastampa-totustuus.it\\\/cattolica\\\/wp-content\\\/uploads\\\/2019\\\/12\\\/Arte_sacra_Mori.jpg\",\"contentUrl\":\"https:\\\/\\\/www.rassegnastampa-totustuus.it\\\/cattolica\\\/wp-content\\\/uploads\\\/2019\\\/12\\\/Arte_sacra_Mori.jpg\",\"width\":3504,\"height\":2336},{\"@type\":\"BreadcrumbList\",\"@id\":\"https:\\\/\\\/www.rassegnastampa-totustuus.it\\\/cattolica\\\/mori-ce-unarte-che-non-si-ribella-al-logos-ed-e-giovane\\\/#breadcrumb\",\"itemListElement\":[{\"@type\":\"ListItem\",\"position\":1,\"name\":\"Home\",\"item\":\"https:\\\/\\\/www.rassegnastampa-totustuus.it\\\/cattolica\\\/\"},{\"@type\":\"ListItem\",\"position\":2,\"name\":\"Mori, c&#8217;\u00e8 un&#8217;arte che non si ribella al logos. Ed \u00e8 giovane\"}]},{\"@type\":\"WebSite\",\"@id\":\"https:\\\/\\\/www.rassegnastampa-totustuus.it\\\/cattolica\\\/#website\",\"url\":\"https:\\\/\\\/www.rassegnastampa-totustuus.it\\\/cattolica\\\/\",\"name\":\"Rassegna Stampa Cattolica\",\"description\":\"Per una cultura che nasce dalla Rivelazione cristiana in conformit\u00e0 alla tradizione e al Magistero della Chiesa in opposizione ad ogni relativismo e totalitarismo\",\"publisher\":{\"@id\":\"https:\\\/\\\/www.rassegnastampa-totustuus.it\\\/cattolica\\\/#organization\"},\"alternateName\":\"Rass. Cattolica\",\"potentialAction\":[{\"@type\":\"SearchAction\",\"target\":{\"@type\":\"EntryPoint\",\"urlTemplate\":\"https:\\\/\\\/www.rassegnastampa-totustuus.it\\\/cattolica\\\/?s={search_term_string}\"},\"query-input\":{\"@type\":\"PropertyValueSpecification\",\"valueRequired\":true,\"valueName\":\"search_term_string\"}}],\"inLanguage\":\"it-IT\"},{\"@type\":\"Organization\",\"@id\":\"https:\\\/\\\/www.rassegnastampa-totustuus.it\\\/cattolica\\\/#organization\",\"name\":\"Rassegna Stampa Cattolica\",\"url\":\"https:\\\/\\\/www.rassegnastampa-totustuus.it\\\/cattolica\\\/\",\"logo\":{\"@type\":\"ImageObject\",\"inLanguage\":\"it-IT\",\"@id\":\"https:\\\/\\\/www.rassegnastampa-totustuus.it\\\/cattolica\\\/#\\\/schema\\\/logo\\\/image\\\/\",\"url\":\"https:\\\/\\\/www.rassegnastampa-totustuus.it\\\/cattolica\\\/wp-content\\\/uploads\\\/2014\\\/04\\\/logo-rassegna1.gif\",\"contentUrl\":\"https:\\\/\\\/www.rassegnastampa-totustuus.it\\\/cattolica\\\/wp-content\\\/uploads\\\/2014\\\/04\\\/logo-rassegna1.gif\",\"width\":600,\"height\":163,\"caption\":\"Rassegna Stampa Cattolica\"},\"image\":{\"@id\":\"https:\\\/\\\/www.rassegnastampa-totustuus.it\\\/cattolica\\\/#\\\/schema\\\/logo\\\/image\\\/\"},\"sameAs\":[\"https:\\\/\\\/www.facebook.com\\\/rassegnastampacattolica\",\"https:\\\/\\\/x.com\\\/rassegnastampa9\"]},{\"@type\":\"Person\",\"@id\":\"https:\\\/\\\/www.rassegnastampa-totustuus.it\\\/cattolica\\\/#\\\/schema\\\/person\\\/08f319d2bd1a0904ad9e2bfb7b15e5c3\",\"name\":\"Redazione\",\"image\":{\"@type\":\"ImageObject\",\"inLanguage\":\"it-IT\",\"@id\":\"https:\\\/\\\/secure.gravatar.com\\\/avatar\\\/2fcdf27c78ea025fbdb44e914cc63c72249ffec9dc8aafd5c82b26240ef3f346?s=96&d=mm&r=g\",\"url\":\"https:\\\/\\\/secure.gravatar.com\\\/avatar\\\/2fcdf27c78ea025fbdb44e914cc63c72249ffec9dc8aafd5c82b26240ef3f346?s=96&d=mm&r=g\",\"contentUrl\":\"https:\\\/\\\/secure.gravatar.com\\\/avatar\\\/2fcdf27c78ea025fbdb44e914cc63c72249ffec9dc8aafd5c82b26240ef3f346?s=96&d=mm&r=g\",\"caption\":\"Redazione\"},\"url\":\"https:\\\/\\\/www.rassegnastampa-totustuus.it\\\/cattolica\\\/author\\\/pietroelle\\\/\"}]}<\/script>\n<!-- \/ Yoast SEO plugin. -->","yoast_head_json":{"title":"Mori, c'\u00e8 un'arte che non si ribella al logos. Ed \u00e8 giovane - Rassegna Stampa Cattolica","description":"Rassegna Stampa Cattolica - Per una cultura che nasce dalla Rivelazione cristiana in conformit\u00e0 alla tradizione e al Magistero della Chiesa in opposizione ad ogni relativismo e totalitarismo","robots":{"index":"index","follow":"follow","max-snippet":"max-snippet:-1","max-image-preview":"max-image-preview:large","max-video-preview":"max-video-preview:-1"},"canonical":"https:\/\/www.rassegnastampa-totustuus.it\/cattolica\/mori-ce-unarte-che-non-si-ribella-al-logos-ed-e-giovane\/","og_locale":"it_IT","og_type":"article","og_title":"Mori, c'\u00e8 un'arte che non si ribella al logos. Ed \u00e8 giovane - Rassegna Stampa Cattolica","og_description":"Rassegna Stampa Cattolica - Per una cultura che nasce dalla Rivelazione cristiana in conformit\u00e0 alla tradizione e al Magistero della Chiesa in opposizione ad ogni relativismo e totalitarismo","og_url":"https:\/\/www.rassegnastampa-totustuus.it\/cattolica\/mori-ce-unarte-che-non-si-ribella-al-logos-ed-e-giovane\/","og_site_name":"Rassegna Stampa Cattolica","article_publisher":"https:\/\/www.facebook.com\/rassegnastampacattolica","article_published_time":"2019-12-18T23:00:40+00:00","article_modified_time":"2019-12-19T08:07:52+00:00","og_image":[{"width":1024,"height":683,"url":"https:\/\/www.rassegnastampa-totustuus.it\/cattolica\/wp-content\/uploads\/2019\/12\/Arte_sacra_Mori-1024x683.jpg","type":"image\/jpeg"}],"author":"Redazione","twitter_card":"summary_large_image","twitter_creator":"@rassegnastampa9","twitter_site":"@rassegnastampa9","twitter_misc":{"Scritto da":"Redazione","Tempo di lettura stimato":"4 minuti"},"schema":{"@context":"https:\/\/schema.org","@graph":[{"@type":"Article","@id":"https:\/\/www.rassegnastampa-totustuus.it\/cattolica\/mori-ce-unarte-che-non-si-ribella-al-logos-ed-e-giovane\/#article","isPartOf":{"@id":"https:\/\/www.rassegnastampa-totustuus.it\/cattolica\/mori-ce-unarte-che-non-si-ribella-al-logos-ed-e-giovane\/"},"author":{"name":"Redazione","@id":"https:\/\/www.rassegnastampa-totustuus.it\/cattolica\/#\/schema\/person\/08f319d2bd1a0904ad9e2bfb7b15e5c3"},"headline":"Mori, c&#8217;\u00e8 un&#8217;arte che non si ribella al logos. Ed \u00e8 giovane","datePublished":"2019-12-18T23:00:40+00:00","dateModified":"2019-12-19T08:07:52+00:00","mainEntityOfPage":{"@id":"https:\/\/www.rassegnastampa-totustuus.it\/cattolica\/mori-ce-unarte-che-non-si-ribella-al-logos-ed-e-giovane\/"},"wordCount":778,"publisher":{"@id":"https:\/\/www.rassegnastampa-totustuus.it\/cattolica\/#organization"},"image":{"@id":"https:\/\/www.rassegnastampa-totustuus.it\/cattolica\/mori-ce-unarte-che-non-si-ribella-al-logos-ed-e-giovane\/#primaryimage"},"thumbnailUrl":"https:\/\/www.rassegnastampa-totustuus.it\/cattolica\/wp-content\/uploads\/2019\/12\/Arte_sacra_Mori.jpg","keywords":["arte","arte sacra"],"articleSection":["Arte sacra"],"inLanguage":"it-IT"},{"@type":"WebPage","@id":"https:\/\/www.rassegnastampa-totustuus.it\/cattolica\/mori-ce-unarte-che-non-si-ribella-al-logos-ed-e-giovane\/","url":"https:\/\/www.rassegnastampa-totustuus.it\/cattolica\/mori-ce-unarte-che-non-si-ribella-al-logos-ed-e-giovane\/","name":"Mori, c'\u00e8 un'arte che non si ribella al logos. Ed \u00e8 giovane - Rassegna Stampa Cattolica","isPartOf":{"@id":"https:\/\/www.rassegnastampa-totustuus.it\/cattolica\/#website"},"primaryImageOfPage":{"@id":"https:\/\/www.rassegnastampa-totustuus.it\/cattolica\/mori-ce-unarte-che-non-si-ribella-al-logos-ed-e-giovane\/#primaryimage"},"image":{"@id":"https:\/\/www.rassegnastampa-totustuus.it\/cattolica\/mori-ce-unarte-che-non-si-ribella-al-logos-ed-e-giovane\/#primaryimage"},"thumbnailUrl":"https:\/\/www.rassegnastampa-totustuus.it\/cattolica\/wp-content\/uploads\/2019\/12\/Arte_sacra_Mori.jpg","datePublished":"2019-12-18T23:00:40+00:00","dateModified":"2019-12-19T08:07:52+00:00","description":"Rassegna Stampa Cattolica - Per una cultura che nasce dalla Rivelazione cristiana in conformit\u00e0 alla tradizione e al Magistero della Chiesa in opposizione ad ogni relativismo e totalitarismo","breadcrumb":{"@id":"https:\/\/www.rassegnastampa-totustuus.it\/cattolica\/mori-ce-unarte-che-non-si-ribella-al-logos-ed-e-giovane\/#breadcrumb"},"inLanguage":"it-IT","potentialAction":[{"@type":"ReadAction","target":["https:\/\/www.rassegnastampa-totustuus.it\/cattolica\/mori-ce-unarte-che-non-si-ribella-al-logos-ed-e-giovane\/"]}]},{"@type":"ImageObject","inLanguage":"it-IT","@id":"https:\/\/www.rassegnastampa-totustuus.it\/cattolica\/mori-ce-unarte-che-non-si-ribella-al-logos-ed-e-giovane\/#primaryimage","url":"https:\/\/www.rassegnastampa-totustuus.it\/cattolica\/wp-content\/uploads\/2019\/12\/Arte_sacra_Mori.jpg","contentUrl":"https:\/\/www.rassegnastampa-totustuus.it\/cattolica\/wp-content\/uploads\/2019\/12\/Arte_sacra_Mori.jpg","width":3504,"height":2336},{"@type":"BreadcrumbList","@id":"https:\/\/www.rassegnastampa-totustuus.it\/cattolica\/mori-ce-unarte-che-non-si-ribella-al-logos-ed-e-giovane\/#breadcrumb","itemListElement":[{"@type":"ListItem","position":1,"name":"Home","item":"https:\/\/www.rassegnastampa-totustuus.it\/cattolica\/"},{"@type":"ListItem","position":2,"name":"Mori, c&#8217;\u00e8 un&#8217;arte che non si ribella al logos. Ed \u00e8 giovane"}]},{"@type":"WebSite","@id":"https:\/\/www.rassegnastampa-totustuus.it\/cattolica\/#website","url":"https:\/\/www.rassegnastampa-totustuus.it\/cattolica\/","name":"Rassegna Stampa Cattolica","description":"Per una cultura che nasce dalla Rivelazione cristiana in conformit\u00e0 alla tradizione e al Magistero della Chiesa in opposizione ad ogni relativismo e totalitarismo","publisher":{"@id":"https:\/\/www.rassegnastampa-totustuus.it\/cattolica\/#organization"},"alternateName":"Rass. Cattolica","potentialAction":[{"@type":"SearchAction","target":{"@type":"EntryPoint","urlTemplate":"https:\/\/www.rassegnastampa-totustuus.it\/cattolica\/?s={search_term_string}"},"query-input":{"@type":"PropertyValueSpecification","valueRequired":true,"valueName":"search_term_string"}}],"inLanguage":"it-IT"},{"@type":"Organization","@id":"https:\/\/www.rassegnastampa-totustuus.it\/cattolica\/#organization","name":"Rassegna Stampa Cattolica","url":"https:\/\/www.rassegnastampa-totustuus.it\/cattolica\/","logo":{"@type":"ImageObject","inLanguage":"it-IT","@id":"https:\/\/www.rassegnastampa-totustuus.it\/cattolica\/#\/schema\/logo\/image\/","url":"https:\/\/www.rassegnastampa-totustuus.it\/cattolica\/wp-content\/uploads\/2014\/04\/logo-rassegna1.gif","contentUrl":"https:\/\/www.rassegnastampa-totustuus.it\/cattolica\/wp-content\/uploads\/2014\/04\/logo-rassegna1.gif","width":600,"height":163,"caption":"Rassegna Stampa Cattolica"},"image":{"@id":"https:\/\/www.rassegnastampa-totustuus.it\/cattolica\/#\/schema\/logo\/image\/"},"sameAs":["https:\/\/www.facebook.com\/rassegnastampacattolica","https:\/\/x.com\/rassegnastampa9"]},{"@type":"Person","@id":"https:\/\/www.rassegnastampa-totustuus.it\/cattolica\/#\/schema\/person\/08f319d2bd1a0904ad9e2bfb7b15e5c3","name":"Redazione","image":{"@type":"ImageObject","inLanguage":"it-IT","@id":"https:\/\/secure.gravatar.com\/avatar\/2fcdf27c78ea025fbdb44e914cc63c72249ffec9dc8aafd5c82b26240ef3f346?s=96&d=mm&r=g","url":"https:\/\/secure.gravatar.com\/avatar\/2fcdf27c78ea025fbdb44e914cc63c72249ffec9dc8aafd5c82b26240ef3f346?s=96&d=mm&r=g","contentUrl":"https:\/\/secure.gravatar.com\/avatar\/2fcdf27c78ea025fbdb44e914cc63c72249ffec9dc8aafd5c82b26240ef3f346?s=96&d=mm&r=g","caption":"Redazione"},"url":"https:\/\/www.rassegnastampa-totustuus.it\/cattolica\/author\/pietroelle\/"}]}},"_links":{"self":[{"href":"https:\/\/www.rassegnastampa-totustuus.it\/cattolica\/wp-json\/wp\/v2\/posts\/45477","targetHints":{"allow":["GET"]}}],"collection":[{"href":"https:\/\/www.rassegnastampa-totustuus.it\/cattolica\/wp-json\/wp\/v2\/posts"}],"about":[{"href":"https:\/\/www.rassegnastampa-totustuus.it\/cattolica\/wp-json\/wp\/v2\/types\/post"}],"author":[{"embeddable":true,"href":"https:\/\/www.rassegnastampa-totustuus.it\/cattolica\/wp-json\/wp\/v2\/users\/6"}],"replies":[{"embeddable":true,"href":"https:\/\/www.rassegnastampa-totustuus.it\/cattolica\/wp-json\/wp\/v2\/comments?post=45477"}],"version-history":[{"count":3,"href":"https:\/\/www.rassegnastampa-totustuus.it\/cattolica\/wp-json\/wp\/v2\/posts\/45477\/revisions"}],"predecessor-version":[{"id":45548,"href":"https:\/\/www.rassegnastampa-totustuus.it\/cattolica\/wp-json\/wp\/v2\/posts\/45477\/revisions\/45548"}],"wp:featuredmedia":[{"embeddable":true,"href":"https:\/\/www.rassegnastampa-totustuus.it\/cattolica\/wp-json\/wp\/v2\/media\/45478"}],"wp:attachment":[{"href":"https:\/\/www.rassegnastampa-totustuus.it\/cattolica\/wp-json\/wp\/v2\/media?parent=45477"}],"wp:term":[{"taxonomy":"category","embeddable":true,"href":"https:\/\/www.rassegnastampa-totustuus.it\/cattolica\/wp-json\/wp\/v2\/categories?post=45477"},{"taxonomy":"post_tag","embeddable":true,"href":"https:\/\/www.rassegnastampa-totustuus.it\/cattolica\/wp-json\/wp\/v2\/tags?post=45477"}],"curies":[{"name":"wp","href":"https:\/\/api.w.org\/{rel}","templated":true}]}}