{"id":45431,"date":"2019-12-12T00:00:08","date_gmt":"2019-12-11T23:00:08","guid":{"rendered":"http:\/\/www.rassegnastampa-totustuus.it\/cattolica\/?p=45431"},"modified":"2019-12-04T17:04:23","modified_gmt":"2019-12-04T16:04:23","slug":"terra-santa-senza-cristiani","status":"publish","type":"post","link":"https:\/\/www.rassegnastampa-totustuus.it\/cattolica\/terra-santa-senza-cristiani\/","title":{"rendered":"Terra Santa Senza cristiani"},"content":{"rendered":"<p style=\"text-align: center;\"><strong><a href=\"https:\/\/www.rassegnastampa-totustuus.it\/cattolica\/wp-content\/uploads\/2005\/07\/Gerusalemme.jpg\"><img loading=\"lazy\" decoding=\"async\" class=\" wp-image-31909 alignright\" src=\"https:\/\/www.rassegnastampa-totustuus.it\/cattolica\/wp-content\/uploads\/2005\/07\/Gerusalemme-300x168.jpg\" alt=\"\" width=\"254\" height=\"142\" \/><\/a>Il Borghese<\/strong> n. 12 dicembre 2019<\/p>\n<p style=\"text-align: center;\">di<strong> Giuseppe Brienza <\/strong><\/p>\n<p style=\"text-align: justify;\">Se Gerusalemme era in origine una citt\u00e0 pagana (fino all\u2019anno 1000 a.C., si chiamava <em>Gebus<\/em>), c\u2019\u00e8 il rischio che lo ritorni a essere se continuer\u00e0 nei prossimi anni l\u2019esodo graduale indotto di tanti cristiani.<\/p>\n<p><!--more--><\/p>\n<p style=\"text-align: justify;\">Oggi la <em>Citt\u00e0 Santa<\/em> conta infatti quasi 900mila abitanti, il 60% ebrei e il 38% arabi circa, con soli 15mila i cristiani rimasti. I fedeli di Ges\u00f9 sono oggi 170mila in tutto Israele, pari al 2%. Numeri incredibili se pensiamo che soli settant\u2019anni fa i cristiani erano uno ogni 10 abitanti in <em>Terra Santa<\/em>.<\/p>\n<p style=\"text-align: justify;\"><a href=\"https:\/\/www.rassegnastampa-totustuus.it\/cattolica\/wp-content\/uploads\/2015\/09\/vescovi-EU-a-Gerusalemme.jpg\"><img loading=\"lazy\" decoding=\"async\" class=\"size-full wp-image-26944 alignleft\" src=\"https:\/\/www.rassegnastampa-totustuus.it\/cattolica\/wp-content\/uploads\/2015\/09\/vescovi-EU-a-Gerusalemme.jpg\" alt=\"\" width=\"259\" height=\"194\" \/><\/a>Le cause? Oltre all\u2019esodo graduale indotto (p. Giovanni Battistelli, Custode francescano di Terra Santa nel 2000, ha parlato di \u00ab<em>piccole e grandi difficolt\u00e0 che vengono continuamente create per noi Cristiani<\/em>\u00bb dagli israeliani) anche la ridotta entit\u00e0 degli indici di natalit\u00e0 dei cristiani, che \u00e8 molto inferiore a quella della popolazione locale musulmane e naturalmente degli ebrei.<\/p>\n<p style=\"text-align: justify;\">Perch\u00e9 la <em>Citt\u00e0 Santa<\/em> \u00e8 cos\u00ec importante per i cristiani ancora oggi? Esclusivamente per motivi religiosi e culturali, non si tratta di rispolverare rivendicazioni politiche. Vale la pena ricordare che, secondo i vangeli sinottici, Ges\u00f9 sale a Gerusalemme per celebrarvi l\u2019<em>Ultima Cena<\/em>, mentre per il Vangelo di San Giovanni il Salvatore ci va pi\u00f9 volte, seguendo le feste di pellegrinaggio, perch\u00e9 questa \u00e8 la sua patria terrena.<\/p>\n<p style=\"text-align: justify;\"><a href=\"https:\/\/www.rassegnastampa-totustuus.it\/cattolica\/wp-content\/uploads\/2019\/07\/Ges\u00f9-2.jpg\"><img loading=\"lazy\" decoding=\"async\" class=\"size-full wp-image-43809 alignright\" src=\"https:\/\/www.rassegnastampa-totustuus.it\/cattolica\/wp-content\/uploads\/2019\/07\/Ges\u00f9-2.jpg\" alt=\"\" width=\"259\" height=\"194\" \/><\/a>Dopo la resurrezione, gli apostoli attendono il Suo ritorno a Gerusalemme (<em>At<\/em> 1,4-8), ed Egli gli annuncia l\u00ec la venuta dello Spirito Santo, che si manifesta a <em>Pentecoste<\/em>. D\u2019allora la salvezza parte dalla <em>Citt\u00e0 Santa<\/em> per raggiungere gradualmente tutte le nazioni.<\/p>\n<p style=\"text-align: justify;\">La \u201c<em>nuova Gerusalemme<\/em>\u201d, patria dei battezzati, \u00e8 quindi chiamata a superare quella della terra ma, questo, non pu\u00f2 voler dire che possa vivere senza pi\u00f9 cristiani, uomini e donne cio\u00e8 che la abitino consapevoli del suo valore sacro e che siano un \u201cpresidio\u201d al pieno rispetto, alla sicurezza e al libero accesso e pellegrinaggio in tutti i <em>Luoghi Santi<\/em>.<\/p>\n<p style=\"text-align: justify;\">Non \u00e8 un caso del resto che un Papa previdente come Pio IX (1846-1878) volle costituire fin dal 1847 il \u201cPatriarcato Latino di Gerusalemme\u201d, ordinando di finanziarne una sede episcopale residenziale.<\/p>\n<p style=\"text-align: justify;\"><a href=\"https:\/\/www.rassegnastampa-totustuus.it\/cattolica\/wp-content\/uploads\/2016\/01\/cristiani_islam.jpg\"><img loading=\"lazy\" decoding=\"async\" class=\" wp-image-29860 alignleft\" src=\"https:\/\/www.rassegnastampa-totustuus.it\/cattolica\/wp-content\/uploads\/2016\/01\/cristiani_islam.jpg\" alt=\"\" width=\"267\" height=\"157\" \/><\/a>L\u2019attuale amministratore apostolico di Gerusalemme (nominato da Papa Francesco nel 2016) \u00e8 mons. Pierbattista Pizzaballa, un biblista appartenente all\u2019Ordine dei Frati minori francescani, promotore di molte opere di carit\u00e0 materiale e spirituale per i cristiani che vivono nella terra di Ges\u00f9.<\/p>\n<p style=\"text-align: justify;\">Ma non solo, basti pensare che nelle aule scolastiche gestite dalla Chiesa cattolica siedono negli stessi banchi ebrei e palestinesi e sono ammessi anche musulmani. La storia della Chiesa testimonia e documenta come quasi ogni Successore di Pietro ha avuto a cuore la Terra Santa, i suoi popoli, le sue reliquie e le notevoli difficolt\u00e0 che, lungo duemila anni di storia, i cristiani l\u00ec hanno dovuto affrontare.<\/p>\n<p style=\"text-align: justify;\"><a href=\"https:\/\/www.rassegnastampa-totustuus.it\/cattolica\/wp-content\/uploads\/2019\/10\/israele_gerusalemme.jpg\"><img loading=\"lazy\" decoding=\"async\" class=\"size-medium wp-image-44846 alignright\" src=\"https:\/\/www.rassegnastampa-totustuus.it\/cattolica\/wp-content\/uploads\/2019\/10\/israele_gerusalemme-300x168.jpg\" alt=\"\" width=\"300\" height=\"168\" \/><\/a>I Pontefici che per\u00f2 si sono potuti recare in pellegrinaggio in Terra Santa sono stati solo 4 e Papa Francesco \u00e8 stato l\u2019ultimo (la Santa Sede ha allacciato relazioni diplomatiche con Israele solo nel 1993 e, a tutt\u2019oggi, non \u00e8 stato firmato un Concordato fra le due parti).<\/p>\n<p style=\"text-align: justify;\">Ci sono stati naturalmente molti Papi che hanno espresso il desiderio di toccare la Terra Santa ma che non ci sono riusciti per vari motivi. Tra questi due grandi del Medioevo come Gregorio VII (1073-1085) e Urbano II (1088-1099). Quest&#8217;ultimo fu il Pontefice che, nel 1095, lanci\u00f2 il famoso \u201cappello di Clermont\u201d che chiam\u00f2 alla prima Crociata (1096-1099) per tentare di conquistare la <em>Terra Santa<\/em>.<\/p>\n<p style=\"text-align: justify;\"><a href=\"https:\/\/www.rassegnastampa-totustuus.it\/cattolica\/wp-content\/uploads\/2018\/07\/stato_crociato.jpg\"><img loading=\"lazy\" decoding=\"async\" class=\"size-full wp-image-40670 alignleft\" src=\"https:\/\/www.rassegnastampa-totustuus.it\/cattolica\/wp-content\/uploads\/2018\/07\/stato_crociato.jpg\" alt=\"\" width=\"192\" height=\"262\" \/><\/a>\u00c8 interessante osservare a questo proposito che l\u2019attuale Stato di Israele si trova esattamente nella stessa posizione degli Stati crociati dei secoli XII-XIII, vale a dire una punta avanzata dell\u2019Occidente in uno spazio geografico completamente islamizzato.<\/p>\n<p style=\"text-align: justify;\">In definitiva \u00e8 un fatto, e direi significativo, che i pellegrinaggi dei Papi in oltre duemila anni di storia del cristianesimo si sono realizzati di fatto solo nell\u2019ultimo mezzo secolo, per la precisione tra il 1964 e il 2014.<\/p>\n<p style=\"text-align: justify;\">Alcuni esempi contemporanei di mancato rispetto dei <em>Luoghi Santi<\/em>? In primo luogo il Santuario di Nazareth che, fino alla costruzione nel 1969 della <em>Basilica dell\u2019Annunciazione<\/em> da parte della <em>Custodia di<\/em> <em>Terra Santa<\/em> sulla base di un progetto preparato dell\u2019architetto milanese Giovanni Muzio (1893-1982), versava in una triste e umiliante condizione, deprecata persino da Giovanni XXIII quando vi si rec\u00f2 in pellegrinaggio diversi anni prima di divenire Pontefice.<\/p>\n<p style=\"text-align: justify;\"><a href=\"https:\/\/www.rassegnastampa-totustuus.it\/cattolica\/wp-content\/uploads\/2005\/07\/israele_palestina.jpg\"><img loading=\"lazy\" decoding=\"async\" class=\"size-full wp-image-32846 alignright\" src=\"https:\/\/www.rassegnastampa-totustuus.it\/cattolica\/wp-content\/uploads\/2005\/07\/israele_palestina.jpg\" alt=\"\" width=\"277\" height=\"182\" \/><\/a>Ma che il problema della sicurezza e del rispetto dei <em>Luoghi santi<\/em> esista l\u2019ha confermato l\u2019episodio drammatico dei 39 giorni di assedio della <em>Basilica della Nativit\u00e0<\/em>, edificata da Costantino Imperatore nel 330 d.C., dove nacque Ges\u00f9, dal 2 aprile al 10 maggio del 2002.<\/p>\n<p style=\"text-align: justify;\">Durante la \u201cseconda Intifada\u201d, infatti, in questo triste frangente si sono visti carri armati israeliani schierati vicino a piazza della Mangiatoia e granate fatte esplodere nei paraggi della Basilica, il tutto per \u201cstanare\u201d 200 miliziani palestinesi armati rifugiatisi nel <em>Luogo Santo<\/em>.<\/p>\n<p style=\"text-align: justify;\">Secondo l\u2019allora sindaco di Betlemme, al termine del conflitto si sono registrati ben 15 morti. Poich\u00e9 lo Stato di Palestina non rinuncia a considerare la citt\u00e0 come sua capitale, la questione di Gerusalemme non pu\u00f2 non continuare a costituire un tema destabilizzante e fonte d\u2019insormontabili difficolt\u00e0 nel processo di pace.<\/p>\n<p style=\"text-align: justify;\"><a href=\"https:\/\/www.rassegnastampa-totustuus.it\/cattolica\/wp-content\/uploads\/2006\/04\/inglesi-in-palestina.jpg\"><img loading=\"lazy\" decoding=\"async\" class=\"size-full wp-image-28520 alignleft\" src=\"https:\/\/www.rassegnastampa-totustuus.it\/cattolica\/wp-content\/uploads\/2006\/04\/inglesi-in-palestina.jpg\" alt=\"\" width=\"282\" height=\"179\" \/><\/a>Ricordiamo che Gerusalemme \u00e8 oggi tutta sotto il controllo israeliano e, fin dal 1950, lo Stato d\u2019Israele l\u2019ha proclamata sua unica e indivisibile capitale contro la volont\u00e0, espressa fin dal 1947, delle Nazioni Unite (lo Stato d\u2019Israele \u00e8 stato proclamato il 14 maggio 1948 allo scadere del protettorato britannico &#8211; a sua volta subentrato al dominio ottomano nel 1917, con l\u2019occupazione in quell\u2019anno della Palestina da parte del Regno Unito, cfr. Jill Hamilton, <em>Il Dio in armi. La Gran Bretagna e la nascita dello Stato di Israele<\/em>, <em>Corbaccio<\/em>, Firenze 2009 -).<\/p>\n<p style=\"text-align: justify;\">Dal 1994 esiste l&#8217;<em>Autorit\u00e0 nazionale palestinese<\/em> ma, d\u2019allora, ci sembra di poter dire che la condizione degli arabo-palestinesi \u00e8 peggiorata progressivamente (il 90% dei cristiani in Terra Santa \u00e8 di nazionalit\u00e0 araba). Fino al recente scacco del riconoscimento unilaterale (dicembre 2017), del presidente degli Stati Uniti Donald Trump di Gerusalemme come capitale e sede del Governo di Israele (l\u2019ambasciata USA \u00e8 stata trasferita da Tel Aviv nel maggio 2018).<\/p>\n<p style=\"text-align: justify;\"><a href=\"https:\/\/www.rassegnastampa-totustuus.it\/cattolica\/wp-content\/uploads\/2019\/10\/Giovanni_Paolo_II-_Israele.jpg\"><img loading=\"lazy\" decoding=\"async\" class=\"wp-image-44849 alignright\" src=\"https:\/\/www.rassegnastampa-totustuus.it\/cattolica\/wp-content\/uploads\/2019\/10\/Giovanni_Paolo_II-_Israele.jpg\" alt=\"\" width=\"244\" height=\"175\" \/><\/a>Per non penalizzare i diritti dei cristiani e degli arabi, Giovanni Paolo II ebbe a ribadire pi\u00f9 volte fin dall\u2019inizio del suo Pontificato la necessit\u00e0 di \u00ab<em>uno statuto speciale che, sotto garanzie internazionali assicuri il rispetto della particolare natura di Gerusalemme, patrimonio sacro alla venerazione di milioni di credenti delle tre grandi Religioni monoteistiche, l\u2019Ebraismo, il Cristianesimo e l\u2019Islam<\/em>\u00bb (<em>Discorso all\u2019Assemblea Generale delle Nazioni Unite<\/em>, New York, 2 ottobre 1979).<\/p>\n<p style=\"text-align: justify;\">La necessit\u00e0 di una presenza cristiana \u201cstabile\u201d e garantita a Gerusalemme \u00e8 stata incoraggiata da Papa Francesco che, alla fine del suo pellegrinaggio in <em>Terra Santa<\/em>, rivolgendosi ai cristiani che ancora eroicamente vivono l\u00ec ha affermato: \u00ab<em>La vostra presenza qui \u00e8 molto importante; tutta la Chiesa vi \u00e8 <a href=\"https:\/\/www.rassegnastampa-totustuus.it\/cattolica\/wp-content\/uploads\/2014\/03\/Francesco.jpg\"><img loading=\"lazy\" decoding=\"async\" class=\"size-full wp-image-6885 alignleft\" src=\"https:\/\/www.rassegnastampa-totustuus.it\/cattolica\/wp-content\/uploads\/2014\/03\/Francesco.jpg\" alt=\"\" width=\"160\" height=\"160\" \/><\/a>grata e vi sostiene con la preghiera. Da questo luogo santo, desidero rivolgere un affettuoso saluto a tutti i cristiani di Gerusalemme: vorrei assicurare che li ricordo con affetto e che prego per loro, ben conoscendo la difficolt\u00e0 della loro vita nella citt\u00e0<\/em>\u00bb (Meditazione nella Chiesa del Getsemani, Gerusalemme 26 maggio 2014).<\/p>\n<p style=\"text-align: justify;\">Il fatto \u00e8 che mentre due delle \u201cparti in causa\u201d godono di un sostegno internazionale (Israele da parte degli Stati Uniti, i palestinesi dalla <em>Lega Araba<\/em>), ai cristiani di <em>Terra Santa <\/em>manca quasi del tutto un interessamento da parte dell\u2019Unione europea. Forse troppo impegnata nella <em>contabilit\u00e0\u2026<\/em><\/p>\n","protected":false},"excerpt":{"rendered":"<p>Il Borghese n. 12 dicembre 2019 di Giuseppe Brienza Se Gerusalemme era in origine una citt\u00e0 pagana (fino all\u2019anno 1000 a.C., si chiamava Gebus), c\u2019\u00e8 il rischio che lo ritorni a essere se continuer\u00e0 nei prossimi anni l\u2019esodo graduale indotto di tanti cristiani.<\/p><p><a class=\"more-link btn\" href=\"https:\/\/www.rassegnastampa-totustuus.it\/cattolica\/terra-santa-senza-cristiani\/\">Continua a leggere<\/a><\/p>\n","protected":false},"author":6,"featured_media":45432,"comment_status":"closed","ping_status":"closed","sticky":false,"template":"","format":"standard","meta":{"footnotes":""},"categories":[5,28,108],"tags":[300,532,2400,545,2763],"class_list":["post-45431","post","type-post","status-publish","format-standard","has-post-thumbnail","hentry","category-chiesa","category-chiesa-ed-ebrei","category-paesi-e-continenti","tag-chiesa-copta","tag-chiesa-ed-ebrei-2","tag-israele","tag-paesi-e-continenti-2","tag-terra-santa","item-wrap"],"yoast_head":"<!-- This site is optimized with the Yoast SEO plugin v27.4 - https:\/\/yoast.com\/product\/yoast-seo-wordpress\/ -->\n<title>Terra Santa Senza cristiani - Rassegna Stampa Cattolica<\/title>\n<meta name=\"description\" content=\"Rassegna Stampa Cattolica - Per una cultura che nasce dalla Rivelazione cristiana in conformit\u00e0 alla tradizione e al Magistero della Chiesa in opposizione ad ogni relativismo e totalitarismo\" \/>\n<meta name=\"robots\" content=\"index, follow, max-snippet:-1, max-image-preview:large, max-video-preview:-1\" \/>\n<link rel=\"canonical\" href=\"https:\/\/www.rassegnastampa-totustuus.it\/cattolica\/terra-santa-senza-cristiani\/\" \/>\n<meta property=\"og:locale\" content=\"it_IT\" \/>\n<meta property=\"og:type\" content=\"article\" \/>\n<meta property=\"og:title\" content=\"Terra Santa Senza cristiani - Rassegna Stampa Cattolica\" \/>\n<meta property=\"og:description\" content=\"Rassegna Stampa Cattolica - Per una cultura che nasce dalla Rivelazione cristiana in conformit\u00e0 alla tradizione e al Magistero della Chiesa in opposizione ad ogni relativismo e totalitarismo\" \/>\n<meta property=\"og:url\" content=\"https:\/\/www.rassegnastampa-totustuus.it\/cattolica\/terra-santa-senza-cristiani\/\" \/>\n<meta property=\"og:site_name\" content=\"Rassegna Stampa Cattolica\" \/>\n<meta property=\"article:publisher\" content=\"https:\/\/www.facebook.com\/rassegnastampacattolica\" \/>\n<meta property=\"article:published_time\" content=\"2019-12-11T23:00:08+00:00\" \/>\n<meta property=\"og:image\" content=\"https:\/\/www.rassegnastampa-totustuus.it\/cattolica\/wp-content\/uploads\/2019\/12\/gerusalemme_israele.jpg\" \/>\n\t<meta property=\"og:image:width\" content=\"1920\" \/>\n\t<meta property=\"og:image:height\" content=\"1200\" \/>\n\t<meta property=\"og:image:type\" content=\"image\/jpeg\" \/>\n<meta name=\"author\" content=\"Redazione\" \/>\n<meta name=\"twitter:card\" content=\"summary_large_image\" \/>\n<meta name=\"twitter:creator\" content=\"@rassegnastampa9\" \/>\n<meta name=\"twitter:site\" content=\"@rassegnastampa9\" \/>\n<meta name=\"twitter:label1\" content=\"Scritto da\" \/>\n\t<meta name=\"twitter:data1\" content=\"Redazione\" \/>\n\t<meta name=\"twitter:label2\" content=\"Tempo di lettura stimato\" \/>\n\t<meta name=\"twitter:data2\" content=\"6 minuti\" \/>\n<script type=\"application\/ld+json\" class=\"yoast-schema-graph\">{\"@context\":\"https:\\\/\\\/schema.org\",\"@graph\":[{\"@type\":\"Article\",\"@id\":\"https:\\\/\\\/www.rassegnastampa-totustuus.it\\\/cattolica\\\/terra-santa-senza-cristiani\\\/#article\",\"isPartOf\":{\"@id\":\"https:\\\/\\\/www.rassegnastampa-totustuus.it\\\/cattolica\\\/terra-santa-senza-cristiani\\\/\"},\"author\":{\"name\":\"Redazione\",\"@id\":\"https:\\\/\\\/www.rassegnastampa-totustuus.it\\\/cattolica\\\/#\\\/schema\\\/person\\\/08f319d2bd1a0904ad9e2bfb7b15e5c3\"},\"headline\":\"Terra Santa Senza cristiani\",\"datePublished\":\"2019-12-11T23:00:08+00:00\",\"mainEntityOfPage\":{\"@id\":\"https:\\\/\\\/www.rassegnastampa-totustuus.it\\\/cattolica\\\/terra-santa-senza-cristiani\\\/\"},\"wordCount\":1208,\"publisher\":{\"@id\":\"https:\\\/\\\/www.rassegnastampa-totustuus.it\\\/cattolica\\\/#organization\"},\"image\":{\"@id\":\"https:\\\/\\\/www.rassegnastampa-totustuus.it\\\/cattolica\\\/terra-santa-senza-cristiani\\\/#primaryimage\"},\"thumbnailUrl\":\"https:\\\/\\\/www.rassegnastampa-totustuus.it\\\/cattolica\\\/wp-content\\\/uploads\\\/2019\\\/12\\\/gerusalemme_israele.jpg\",\"keywords\":[\"Chiesa copta\",\"chiesa ed ebrei\",\"Israele\",\"paesi e continenti\",\"Terra Santa\"],\"articleSection\":[\"Chiesa\",\"Chiesa ed ebrei\",\"Paesi e continenti\"],\"inLanguage\":\"it-IT\"},{\"@type\":\"WebPage\",\"@id\":\"https:\\\/\\\/www.rassegnastampa-totustuus.it\\\/cattolica\\\/terra-santa-senza-cristiani\\\/\",\"url\":\"https:\\\/\\\/www.rassegnastampa-totustuus.it\\\/cattolica\\\/terra-santa-senza-cristiani\\\/\",\"name\":\"Terra Santa Senza cristiani - Rassegna Stampa Cattolica\",\"isPartOf\":{\"@id\":\"https:\\\/\\\/www.rassegnastampa-totustuus.it\\\/cattolica\\\/#website\"},\"primaryImageOfPage\":{\"@id\":\"https:\\\/\\\/www.rassegnastampa-totustuus.it\\\/cattolica\\\/terra-santa-senza-cristiani\\\/#primaryimage\"},\"image\":{\"@id\":\"https:\\\/\\\/www.rassegnastampa-totustuus.it\\\/cattolica\\\/terra-santa-senza-cristiani\\\/#primaryimage\"},\"thumbnailUrl\":\"https:\\\/\\\/www.rassegnastampa-totustuus.it\\\/cattolica\\\/wp-content\\\/uploads\\\/2019\\\/12\\\/gerusalemme_israele.jpg\",\"datePublished\":\"2019-12-11T23:00:08+00:00\",\"description\":\"Rassegna Stampa Cattolica - Per una cultura che nasce dalla Rivelazione cristiana in conformit\u00e0 alla tradizione e al Magistero della Chiesa in opposizione ad ogni relativismo e totalitarismo\",\"breadcrumb\":{\"@id\":\"https:\\\/\\\/www.rassegnastampa-totustuus.it\\\/cattolica\\\/terra-santa-senza-cristiani\\\/#breadcrumb\"},\"inLanguage\":\"it-IT\",\"potentialAction\":[{\"@type\":\"ReadAction\",\"target\":[\"https:\\\/\\\/www.rassegnastampa-totustuus.it\\\/cattolica\\\/terra-santa-senza-cristiani\\\/\"]}]},{\"@type\":\"ImageObject\",\"inLanguage\":\"it-IT\",\"@id\":\"https:\\\/\\\/www.rassegnastampa-totustuus.it\\\/cattolica\\\/terra-santa-senza-cristiani\\\/#primaryimage\",\"url\":\"https:\\\/\\\/www.rassegnastampa-totustuus.it\\\/cattolica\\\/wp-content\\\/uploads\\\/2019\\\/12\\\/gerusalemme_israele.jpg\",\"contentUrl\":\"https:\\\/\\\/www.rassegnastampa-totustuus.it\\\/cattolica\\\/wp-content\\\/uploads\\\/2019\\\/12\\\/gerusalemme_israele.jpg\",\"width\":1920,\"height\":1200},{\"@type\":\"BreadcrumbList\",\"@id\":\"https:\\\/\\\/www.rassegnastampa-totustuus.it\\\/cattolica\\\/terra-santa-senza-cristiani\\\/#breadcrumb\",\"itemListElement\":[{\"@type\":\"ListItem\",\"position\":1,\"name\":\"Home\",\"item\":\"https:\\\/\\\/www.rassegnastampa-totustuus.it\\\/cattolica\\\/\"},{\"@type\":\"ListItem\",\"position\":2,\"name\":\"Terra Santa Senza cristiani\"}]},{\"@type\":\"WebSite\",\"@id\":\"https:\\\/\\\/www.rassegnastampa-totustuus.it\\\/cattolica\\\/#website\",\"url\":\"https:\\\/\\\/www.rassegnastampa-totustuus.it\\\/cattolica\\\/\",\"name\":\"Rassegna Stampa Cattolica\",\"description\":\"Per una cultura che nasce dalla Rivelazione cristiana in conformit\u00e0 alla tradizione e al Magistero della Chiesa in opposizione ad ogni relativismo e totalitarismo\",\"publisher\":{\"@id\":\"https:\\\/\\\/www.rassegnastampa-totustuus.it\\\/cattolica\\\/#organization\"},\"alternateName\":\"Rass. Cattolica\",\"potentialAction\":[{\"@type\":\"SearchAction\",\"target\":{\"@type\":\"EntryPoint\",\"urlTemplate\":\"https:\\\/\\\/www.rassegnastampa-totustuus.it\\\/cattolica\\\/?s={search_term_string}\"},\"query-input\":{\"@type\":\"PropertyValueSpecification\",\"valueRequired\":true,\"valueName\":\"search_term_string\"}}],\"inLanguage\":\"it-IT\"},{\"@type\":\"Organization\",\"@id\":\"https:\\\/\\\/www.rassegnastampa-totustuus.it\\\/cattolica\\\/#organization\",\"name\":\"Rassegna Stampa Cattolica\",\"url\":\"https:\\\/\\\/www.rassegnastampa-totustuus.it\\\/cattolica\\\/\",\"logo\":{\"@type\":\"ImageObject\",\"inLanguage\":\"it-IT\",\"@id\":\"https:\\\/\\\/www.rassegnastampa-totustuus.it\\\/cattolica\\\/#\\\/schema\\\/logo\\\/image\\\/\",\"url\":\"https:\\\/\\\/www.rassegnastampa-totustuus.it\\\/cattolica\\\/wp-content\\\/uploads\\\/2014\\\/04\\\/logo-rassegna1.gif\",\"contentUrl\":\"https:\\\/\\\/www.rassegnastampa-totustuus.it\\\/cattolica\\\/wp-content\\\/uploads\\\/2014\\\/04\\\/logo-rassegna1.gif\",\"width\":600,\"height\":163,\"caption\":\"Rassegna Stampa Cattolica\"},\"image\":{\"@id\":\"https:\\\/\\\/www.rassegnastampa-totustuus.it\\\/cattolica\\\/#\\\/schema\\\/logo\\\/image\\\/\"},\"sameAs\":[\"https:\\\/\\\/www.facebook.com\\\/rassegnastampacattolica\",\"https:\\\/\\\/x.com\\\/rassegnastampa9\"]},{\"@type\":\"Person\",\"@id\":\"https:\\\/\\\/www.rassegnastampa-totustuus.it\\\/cattolica\\\/#\\\/schema\\\/person\\\/08f319d2bd1a0904ad9e2bfb7b15e5c3\",\"name\":\"Redazione\",\"image\":{\"@type\":\"ImageObject\",\"inLanguage\":\"it-IT\",\"@id\":\"https:\\\/\\\/secure.gravatar.com\\\/avatar\\\/2fcdf27c78ea025fbdb44e914cc63c72249ffec9dc8aafd5c82b26240ef3f346?s=96&d=mm&r=g\",\"url\":\"https:\\\/\\\/secure.gravatar.com\\\/avatar\\\/2fcdf27c78ea025fbdb44e914cc63c72249ffec9dc8aafd5c82b26240ef3f346?s=96&d=mm&r=g\",\"contentUrl\":\"https:\\\/\\\/secure.gravatar.com\\\/avatar\\\/2fcdf27c78ea025fbdb44e914cc63c72249ffec9dc8aafd5c82b26240ef3f346?s=96&d=mm&r=g\",\"caption\":\"Redazione\"},\"url\":\"https:\\\/\\\/www.rassegnastampa-totustuus.it\\\/cattolica\\\/author\\\/pietroelle\\\/\"}]}<\/script>\n<!-- \/ Yoast SEO plugin. -->","yoast_head_json":{"title":"Terra Santa Senza cristiani - Rassegna Stampa Cattolica","description":"Rassegna Stampa Cattolica - Per una cultura che nasce dalla Rivelazione cristiana in conformit\u00e0 alla tradizione e al Magistero della Chiesa in opposizione ad ogni relativismo e totalitarismo","robots":{"index":"index","follow":"follow","max-snippet":"max-snippet:-1","max-image-preview":"max-image-preview:large","max-video-preview":"max-video-preview:-1"},"canonical":"https:\/\/www.rassegnastampa-totustuus.it\/cattolica\/terra-santa-senza-cristiani\/","og_locale":"it_IT","og_type":"article","og_title":"Terra Santa Senza cristiani - Rassegna Stampa Cattolica","og_description":"Rassegna Stampa Cattolica - Per una cultura che nasce dalla Rivelazione cristiana in conformit\u00e0 alla tradizione e al Magistero della Chiesa in opposizione ad ogni relativismo e totalitarismo","og_url":"https:\/\/www.rassegnastampa-totustuus.it\/cattolica\/terra-santa-senza-cristiani\/","og_site_name":"Rassegna Stampa Cattolica","article_publisher":"https:\/\/www.facebook.com\/rassegnastampacattolica","article_published_time":"2019-12-11T23:00:08+00:00","og_image":[{"width":1920,"height":1200,"url":"https:\/\/www.rassegnastampa-totustuus.it\/cattolica\/wp-content\/uploads\/2019\/12\/gerusalemme_israele.jpg","type":"image\/jpeg"}],"author":"Redazione","twitter_card":"summary_large_image","twitter_creator":"@rassegnastampa9","twitter_site":"@rassegnastampa9","twitter_misc":{"Scritto da":"Redazione","Tempo di lettura stimato":"6 minuti"},"schema":{"@context":"https:\/\/schema.org","@graph":[{"@type":"Article","@id":"https:\/\/www.rassegnastampa-totustuus.it\/cattolica\/terra-santa-senza-cristiani\/#article","isPartOf":{"@id":"https:\/\/www.rassegnastampa-totustuus.it\/cattolica\/terra-santa-senza-cristiani\/"},"author":{"name":"Redazione","@id":"https:\/\/www.rassegnastampa-totustuus.it\/cattolica\/#\/schema\/person\/08f319d2bd1a0904ad9e2bfb7b15e5c3"},"headline":"Terra Santa Senza cristiani","datePublished":"2019-12-11T23:00:08+00:00","mainEntityOfPage":{"@id":"https:\/\/www.rassegnastampa-totustuus.it\/cattolica\/terra-santa-senza-cristiani\/"},"wordCount":1208,"publisher":{"@id":"https:\/\/www.rassegnastampa-totustuus.it\/cattolica\/#organization"},"image":{"@id":"https:\/\/www.rassegnastampa-totustuus.it\/cattolica\/terra-santa-senza-cristiani\/#primaryimage"},"thumbnailUrl":"https:\/\/www.rassegnastampa-totustuus.it\/cattolica\/wp-content\/uploads\/2019\/12\/gerusalemme_israele.jpg","keywords":["Chiesa copta","chiesa ed ebrei","Israele","paesi e continenti","Terra Santa"],"articleSection":["Chiesa","Chiesa ed ebrei","Paesi e continenti"],"inLanguage":"it-IT"},{"@type":"WebPage","@id":"https:\/\/www.rassegnastampa-totustuus.it\/cattolica\/terra-santa-senza-cristiani\/","url":"https:\/\/www.rassegnastampa-totustuus.it\/cattolica\/terra-santa-senza-cristiani\/","name":"Terra Santa Senza cristiani - Rassegna Stampa Cattolica","isPartOf":{"@id":"https:\/\/www.rassegnastampa-totustuus.it\/cattolica\/#website"},"primaryImageOfPage":{"@id":"https:\/\/www.rassegnastampa-totustuus.it\/cattolica\/terra-santa-senza-cristiani\/#primaryimage"},"image":{"@id":"https:\/\/www.rassegnastampa-totustuus.it\/cattolica\/terra-santa-senza-cristiani\/#primaryimage"},"thumbnailUrl":"https:\/\/www.rassegnastampa-totustuus.it\/cattolica\/wp-content\/uploads\/2019\/12\/gerusalemme_israele.jpg","datePublished":"2019-12-11T23:00:08+00:00","description":"Rassegna Stampa Cattolica - Per una cultura che nasce dalla Rivelazione cristiana in conformit\u00e0 alla tradizione e al Magistero della Chiesa in opposizione ad ogni relativismo e totalitarismo","breadcrumb":{"@id":"https:\/\/www.rassegnastampa-totustuus.it\/cattolica\/terra-santa-senza-cristiani\/#breadcrumb"},"inLanguage":"it-IT","potentialAction":[{"@type":"ReadAction","target":["https:\/\/www.rassegnastampa-totustuus.it\/cattolica\/terra-santa-senza-cristiani\/"]}]},{"@type":"ImageObject","inLanguage":"it-IT","@id":"https:\/\/www.rassegnastampa-totustuus.it\/cattolica\/terra-santa-senza-cristiani\/#primaryimage","url":"https:\/\/www.rassegnastampa-totustuus.it\/cattolica\/wp-content\/uploads\/2019\/12\/gerusalemme_israele.jpg","contentUrl":"https:\/\/www.rassegnastampa-totustuus.it\/cattolica\/wp-content\/uploads\/2019\/12\/gerusalemme_israele.jpg","width":1920,"height":1200},{"@type":"BreadcrumbList","@id":"https:\/\/www.rassegnastampa-totustuus.it\/cattolica\/terra-santa-senza-cristiani\/#breadcrumb","itemListElement":[{"@type":"ListItem","position":1,"name":"Home","item":"https:\/\/www.rassegnastampa-totustuus.it\/cattolica\/"},{"@type":"ListItem","position":2,"name":"Terra Santa Senza cristiani"}]},{"@type":"WebSite","@id":"https:\/\/www.rassegnastampa-totustuus.it\/cattolica\/#website","url":"https:\/\/www.rassegnastampa-totustuus.it\/cattolica\/","name":"Rassegna Stampa Cattolica","description":"Per una cultura che nasce dalla Rivelazione cristiana in conformit\u00e0 alla tradizione e al Magistero della Chiesa in opposizione ad ogni relativismo e totalitarismo","publisher":{"@id":"https:\/\/www.rassegnastampa-totustuus.it\/cattolica\/#organization"},"alternateName":"Rass. Cattolica","potentialAction":[{"@type":"SearchAction","target":{"@type":"EntryPoint","urlTemplate":"https:\/\/www.rassegnastampa-totustuus.it\/cattolica\/?s={search_term_string}"},"query-input":{"@type":"PropertyValueSpecification","valueRequired":true,"valueName":"search_term_string"}}],"inLanguage":"it-IT"},{"@type":"Organization","@id":"https:\/\/www.rassegnastampa-totustuus.it\/cattolica\/#organization","name":"Rassegna Stampa Cattolica","url":"https:\/\/www.rassegnastampa-totustuus.it\/cattolica\/","logo":{"@type":"ImageObject","inLanguage":"it-IT","@id":"https:\/\/www.rassegnastampa-totustuus.it\/cattolica\/#\/schema\/logo\/image\/","url":"https:\/\/www.rassegnastampa-totustuus.it\/cattolica\/wp-content\/uploads\/2014\/04\/logo-rassegna1.gif","contentUrl":"https:\/\/www.rassegnastampa-totustuus.it\/cattolica\/wp-content\/uploads\/2014\/04\/logo-rassegna1.gif","width":600,"height":163,"caption":"Rassegna Stampa Cattolica"},"image":{"@id":"https:\/\/www.rassegnastampa-totustuus.it\/cattolica\/#\/schema\/logo\/image\/"},"sameAs":["https:\/\/www.facebook.com\/rassegnastampacattolica","https:\/\/x.com\/rassegnastampa9"]},{"@type":"Person","@id":"https:\/\/www.rassegnastampa-totustuus.it\/cattolica\/#\/schema\/person\/08f319d2bd1a0904ad9e2bfb7b15e5c3","name":"Redazione","image":{"@type":"ImageObject","inLanguage":"it-IT","@id":"https:\/\/secure.gravatar.com\/avatar\/2fcdf27c78ea025fbdb44e914cc63c72249ffec9dc8aafd5c82b26240ef3f346?s=96&d=mm&r=g","url":"https:\/\/secure.gravatar.com\/avatar\/2fcdf27c78ea025fbdb44e914cc63c72249ffec9dc8aafd5c82b26240ef3f346?s=96&d=mm&r=g","contentUrl":"https:\/\/secure.gravatar.com\/avatar\/2fcdf27c78ea025fbdb44e914cc63c72249ffec9dc8aafd5c82b26240ef3f346?s=96&d=mm&r=g","caption":"Redazione"},"url":"https:\/\/www.rassegnastampa-totustuus.it\/cattolica\/author\/pietroelle\/"}]}},"_links":{"self":[{"href":"https:\/\/www.rassegnastampa-totustuus.it\/cattolica\/wp-json\/wp\/v2\/posts\/45431","targetHints":{"allow":["GET"]}}],"collection":[{"href":"https:\/\/www.rassegnastampa-totustuus.it\/cattolica\/wp-json\/wp\/v2\/posts"}],"about":[{"href":"https:\/\/www.rassegnastampa-totustuus.it\/cattolica\/wp-json\/wp\/v2\/types\/post"}],"author":[{"embeddable":true,"href":"https:\/\/www.rassegnastampa-totustuus.it\/cattolica\/wp-json\/wp\/v2\/users\/6"}],"replies":[{"embeddable":true,"href":"https:\/\/www.rassegnastampa-totustuus.it\/cattolica\/wp-json\/wp\/v2\/comments?post=45431"}],"version-history":[{"count":2,"href":"https:\/\/www.rassegnastampa-totustuus.it\/cattolica\/wp-json\/wp\/v2\/posts\/45431\/revisions"}],"predecessor-version":[{"id":45435,"href":"https:\/\/www.rassegnastampa-totustuus.it\/cattolica\/wp-json\/wp\/v2\/posts\/45431\/revisions\/45435"}],"wp:featuredmedia":[{"embeddable":true,"href":"https:\/\/www.rassegnastampa-totustuus.it\/cattolica\/wp-json\/wp\/v2\/media\/45432"}],"wp:attachment":[{"href":"https:\/\/www.rassegnastampa-totustuus.it\/cattolica\/wp-json\/wp\/v2\/media?parent=45431"}],"wp:term":[{"taxonomy":"category","embeddable":true,"href":"https:\/\/www.rassegnastampa-totustuus.it\/cattolica\/wp-json\/wp\/v2\/categories?post=45431"},{"taxonomy":"post_tag","embeddable":true,"href":"https:\/\/www.rassegnastampa-totustuus.it\/cattolica\/wp-json\/wp\/v2\/tags?post=45431"}],"curies":[{"name":"wp","href":"https:\/\/api.w.org\/{rel}","templated":true}]}}