{"id":4529,"date":"2011-04-15T09:00:19","date_gmt":"2011-04-15T07:00:19","guid":{"rendered":""},"modified":"2016-02-09T12:11:17","modified_gmt":"2016-02-09T11:11:17","slug":"bahrain-la-rivoluzione-interrotta","status":"publish","type":"post","link":"https:\/\/www.rassegnastampa-totustuus.it\/cattolica\/bahrain-la-rivoluzione-interrotta\/","title":{"rendered":"Bahrain, la rivoluzione interrotta"},"content":{"rendered":"<div style=\"text-align: center;\">\n<div id=\"attachment_30601\" style=\"width: 250px\" class=\"wp-caption alignleft\"><a href=\"https:\/\/www.rassegnastampa-totustuus.it\/cattolica\/wp-content\/uploads\/2011\/04\/Bahrain_manif.jpg\"><img loading=\"lazy\" decoding=\"async\" aria-describedby=\"caption-attachment-30601\" class=\"wp-image-30601\" src=\"https:\/\/www.rassegnastampa-totustuus.it\/cattolica\/wp-content\/uploads\/2011\/04\/Bahrain_manif.jpg\" alt=\"Bahrain_manif\" width=\"250\" height=\"150\" \/><\/a><p id=\"caption-attachment-30601\" class=\"wp-caption-text\">Bahrain, manifestazione<\/p><\/div>\n<p><strong>La Bussola quotidiana<\/strong> 15 aprile 2011<\/div>\n<p style=\"text-align: center;\">di <strong>Massimo Introvigne<\/strong><\/p>\n<p style=\"text-align: justify;\">A chi importa del Bahrain, l\u2019isola del Golfo Persico dov\u2019\u00e8 in corso una dura repressione dell\u2019ennesima rivolta araba? Dev\u2019esserselo chiesto anche Barack Obama, che su quanto avviene nel piccolo regno ha emesso dichiarazioni contraddittorie, considerando alternativamente i rivoltosi dei combattenti per la libert\u00e0 o dei pericolosi agenti iraniani.<\/p>\n<p><!--more--><\/p>\n<div style=\"text-align: justify;\"><strong>Alla fine, qualcuno gli avr\u00e0 spiegato che il Bahrain<\/strong> in effetti \u00e8 molto importante. \u00c8 il luogo dove &#8211; tra l\u2019Arabia Saudita, l\u2019Iraq e l\u2019Iran &#8211; ha la sua base la Quinta Flotta americana. Il suo ruolo geopolitico \u00e8 uno dei pi\u00f9 cruciali del Medioriente. \u00c8 anche, di questi tempi, la prova dell\u2019ipocrisia delle monarchie del Golfo e dell\u2019Occidente. La repressione della rivolta iniziata il 14 febbraio non \u00e8 meno violenta di quella di Muhammar Gheddafi in Libia.<\/div>\n<p style=\"text-align: justify;\">Il Qatar, il grande alleato della Francia nel Golfo, \u00e8 intervenuto in Libia contro Gheddafi. \u00c8 intervenuto anche in Bahrain: semplicemente, schierandosi dalla parte opposta. Le sue truppe hanno dato man forte a quelle del governo per reprimere i rivoltosi. L\u2019Occidente si \u00e8 limitato a qualche blanda censura. Quello che succede in Bahrain \u00e8 la dimostrazione finale delle bugie sugli interventi umanitari che sarebbero inevitabili quando i governi sparano sui loro popoli.<\/p>\n<p style=\"text-align: justify;\">E tuttavia anche in questo Paese dire che i rivoltosi sono i buoni e i sostenitori del governo i cattivi sarebbe semplicistico. Come spesso accade, la crisi economica fa venire a scadenza cambiali secolari. Come in <a href=\"http:\/\/www.labussolaquotidiana.it\/ita\/articoli-il-codice-massignonper-capire-la-siria-oggi-1398.htm\" target=\"_blank\">Siria<\/a> e nello <a href=\"http:\/\/www.labussolaquotidiana.it\/ita\/articoli-la-rivoluzione-avanzaprossima-fermata-yemen-1486.htm\" target=\"_blank\">Yemen<\/a>, Paesi di cui abbiamo gi\u00e0 parlato su <em>La Bussola Quotidiana<\/em>, anche in Bahrain \u00e8 al potere una minoranza religiosa.<\/p>\n<p style=\"text-align: justify;\">La popolazione dell\u2019isola &#8211; e delle altre minori dell\u2019arcipelago, che insieme costituiscono il Regno del Bahrain &#8211; \u00e8 in maggioranza sciita da molti secoli. Ma nel 1783 Ahmed bin Muhammad al Khalifa (?-1796), il capo di una trib\u00f9 sunnita della penisola arabica che controllava all\u2019epoca anche il Qatar, invade il Bahrain e se ne proclama hakim (governatore).<\/p>\n<p style=\"text-align: justify;\"><strong>Da allora, la dinastia al Khalifa <\/strong>controlla il Paese, grazie a una lunga alleanza strategica con la Gran Bretagna &#8211; ancor pi\u00f9 stretta dopo la scoperta del petrolio nel 1932 &#8211; che ha permesso ai suoi esponenti, sia pure sotto protettorato inglese, di rimanere emiri del Bahrain e di resistere alle rivendicazioni dell\u2019Iran, che considera l\u2019arcipelago una sua provincia sulla base di argomenti storici e geografici.<\/p>\n<p style=\"text-align: justify;\"><strong>Contrariamente a quanto spesso si legge<\/strong>, non \u00e8 stato l\u2019attuale governo a dare il via a una politica di naturalizzazione di lavoratori sunniti immigrati per bilanciare l\u2019egemonia sciita. Lo hanno fatto in funzione anti-iraniana i britannici fin dagli anni 1950. Dopo la fine del protettorato inglese le naturalizzazioni sono continuate, provocando le proteste degli sciiti, che costituiscono tuttora il 70% dei cittadini del Regno.<\/p>\n<p style=\"text-align: justify;\">Nel 1973 l\u2019emiro Isa (1933-1999) concede una Costituzione che ammette un limitato pluralismo politico, ma ne sospende gli effetti nel 1975. Ne seguono tentativi di colpo di Stato e una lunga agitazione da parte di sciiti, marxisti e fondamentalisti sunniti, strani alleati che tuttavia danno vita insieme dal 1994 al 1998 a un movimento semi-insurrezionale detto Intifada del Bahrain. La situazione si calma con la morte dell\u2019emiro e l\u2019ascesa al potere del figlio Hamad, che promette riforme e nel 2002 prende il titolo di re.<\/p>\n<p style=\"text-align: justify;\"><strong>Il malessere degli anni 2000 deriva<\/strong>, sostanzialmente, dal fatto che le promesse riformatrici del re non si sono realizzate. Gli sciiti lamentano la concentrazione del potere nelle mani della minoranza sunnita e la continuazione della vecchia politica di cittadinanze facili concesse agli immigrati sunniti. I fondamentalisti sunniti denunciano la corruzione politica e morale e chiedono misure contro la prostituzione e la vendita di alcolici. I marxisti e altre forze di sinistra criticano l\u2019assenza di riforme economiche a vantaggio dei pi\u00f9 poveri.<\/p>\n<p style=\"text-align: justify;\">La crisi economica e il successo delle rivolte in Tunisia e in Egitto fanno cos\u00ec da detonatore alla \u00abrivoluzione del 14 febbraio\u00bb, quando dimostranti di diversa provenienza prendono il controllo della centrale Piazza della Perla nella capitale Manama. La polizia reagisce facendo sette morti, ma non riesce a riprendersi la piazza, mentre all\u2019interno della famiglia reale si manifesta una dialettica &#8211; forse non fittizia &#8211; fra la linea dura del primo ministro Khalifa &#8211; cugino del re e in carica dal lontano 1971 &#8211; e quella dialogante dell\u2019erede al trono Salman.<\/p>\n<p style=\"text-align: justify;\"><strong>La prima linea sembra prevalere <\/strong>quando &#8211; senza consultare l\u2019amministrazione statunitense &#8211; truppe dell\u2019Arabia Saudita, degli Emirati Arabi Uniti e del Qatar sbarcano sull\u2019isola il 14 marzo per stroncare la rivolta. Il 15 marzo il re impone lo stato d\u2019emergenza, ma ogni settimana ci sono tentativi di dimostrazioni illegali a Manama, e scaramucce nei villaggi lontani dalla capitale e dai giornalisti.<\/p>\n<p style=\"text-align: justify;\"><strong>Chi sono i rivoltosi?<\/strong> Il re Hamad ha concesso una limitata democrazia, e in Bahrain si vota per il Consiglio dei Rappresentanti, una camera che ha in realt\u00e0 ben pochi poteri. \u00c8 cos\u00ec possibile tracciare una mappa delle forze politiche sulla base delle elezioni del 2010. L\u2019elettorato sunnita vota un partito fondamentalista espressione dei Fratelli Musulmani, al-Minbar (due seggi), uno tradizionalista che propugna il modello saudita, affine ma non identico al progetto dei Fratelli Musulmani, al-Asala (tre seggi), e soprattutto candidati indipendenti vicini alla famiglia reale (diciassette seggi), nei cui confronti le accuse non sono tanto di brogli ma di un disegno dei distretti elettorali che assicura la maggioranza parlamentare ai sunniti, che pure sono minoranza fra gli elettori.<\/p>\n<p style=\"text-align: justify;\"><strong>Gli sciiti votano un blocco di forze <\/strong>molto diverse fra loro, unite dalla rivendicazione di maggiori diritti per la maggioranza sciita, al-Wifaq (diciotto seggi). Ma un gruppo sciita, i seguaci del Grande Ayatollah iracheno Mohammad Hussaini Shirazi (1928-2001) e dei suoi discendenti, ha deciso di boicottare le elezioni del 2010 e preferisce per il Bahrain un futuro repubblicano. Lo stesso chiedono i partiti laici \u2013 i nazionalisti di Azione Nazionale Democratica, i marxisti del Forum Progressista e il Gruppo Nazionale Democratico, ispirato alla figura dell\u2019ex-dittatore iracheno Saddam Hussein (1937-2006) \u2013 i quali, coinvolti nel generale discredito dei regimi laico-nazionalisti, non sono riusciti nel 2010 a conquistare alcun seggio.<\/p>\n<p style=\"text-align: justify;\"><strong>\u00c8 interessante notare che in Piazza della Perla <\/strong>si sono visti esponenti di tutti i partiti politici, compresi i sunniti legati all\u2019islam politico di al-Minbar e al-Asala, i quali si sono per\u00f2 ritirati quando la guida della rivolta \u00e8 apparsa saldamente in mani sciite e hanno approvato la proclamazione dello stato d\u2019emergenza. Per quanto molto minoritari nel Paese, laici e comunisti hanno mostrato di poter mobilitare diversi attivisti. E molti giovani convocati via Facebook non facevano riferimento ad alcun partito.<\/p>\n<p style=\"text-align: justify;\"><strong>Il re &#8211; ma soprattutto il primo ministro &#8211;<\/strong> agitano lo spauracchio dell\u2019Iran sciita per convincere i vicini arabi sunniti a intervenire, e gli Stati Uniti e l\u2019Europa a non condannare la repressione della rivolta. \u00c8 vero che, subito dopo la rivoluzione iraniana del 1979, l\u2019Iran cerc\u00f2 di organizzare nel 1981 un colpo di Stato sciita in Bahrain, e che mantiene contatti con diverse componenti del partito di maggioranza relativa al-Wifaq.<\/p>\n<p style=\"text-align: justify;\">Ma \u00e8 anche vero che nessun partito sciita vuole la riunificazione del Bahrain con l\u2019Iran, e che tutti accettano &#8211; in teoria, anche l\u2019Iran &#8211; i risultati di un referendum del 1970 condotto sotto l\u2019egida delle Nazioni Unite, in cui la maggioranza degli abitanti dell\u2019arcipelago scelse di rimanere indipendente anzich\u00e9 diventare una provincia iraniana. L\u2019Iran ha celebrato i \u00abmartiri\u00bb della repressione, ma nello stesso tempo i suoi media non hanno troppo divulgato le richieste di effettiva democrazia dei manifestanti di Piazza della Perla, che potrebbero evidentemente contagiare anche gli iraniani.<\/p>\n<p style=\"text-align: justify;\"><strong>Gli Stati Uniti, che come accennato mantengono<\/strong> una presenza navale nel Bahrain, avrebbero potuto influenzare la famiglia reale e favorire un dialogo istituzionale inteso a disinnescare la rivolta concedendo maggiori diritti agli sciiti. Anche nella vicenda del Bahrain \u00e8 emersa per\u00f2 l\u2019impreparazione dell\u2019amministrazione Obama ad affrontare complicate questioni di politica medio-orientale. Cos\u00ec, l\u2019Arabia Saudita, gli Emirati e il Qatar &#8211; quest\u2019ultimo forte del legame a filo doppio con la Francia &#8211; hanno preso l\u2019iniziativa di mandare le loro truppe sull\u2019isola.<\/p>\n<p style=\"text-align: justify;\">Per la prima volta un\u2019operazione militare nel Golfo \u00e8 avvenuta senza che gli Stati Uniti l\u2019approvassero preventivamente. Questa mossa ha restaurato l\u2019ordine pubblico nel Bahrain, ma ha creato un pericolo di dimensioni regionali. Il primo ministro iracheno Nouri al-Maliki, teoricamente filo-americano ma sciita, si \u00e8 unito all\u2019Iran nel denunciare la gravissima provocazione sunnita nei confronti di tutto il mondo sciita, e in un discorso si \u00e8 spinto fino a prevedere che la prossima guerra medio-orientale non sar\u00e0 fra filo-occidentali e anti-occidentali ma fra sciiti e sunniti.<\/p>\n<p style=\"text-align: justify;\"><strong>Quella del Bahrain \u00e8 una rivoluzione interrotta <\/strong>che &#8211; finch\u00e9 gli Stati vicini appoggiano militarmente il governo &#8211; non pu\u00f2 vincere. Ma nello stesso tempo la repressione dei correligionari nel Bahrain rischia di riavvicinare gli sciiti dell\u2019Iraq a quelli dell\u2019Iran, e di giocare a favore del regime di Teheran, frustrando decenni di sforzi dell\u2019Occidente per impedire agli ayatollah iraniani di prendere la guida di un blocco della Shi\u2019a che potrebbe andare da Beirut alle zone sciite del Pakistan.<\/p>\n","protected":false},"excerpt":{"rendered":"<p>La Bussola quotidiana 15 aprile 2011 di Massimo Introvigne A chi importa del Bahrain, l\u2019isola del Golfo Persico dov\u2019\u00e8 in corso una dura repressione dell\u2019ennesima rivolta araba? Dev\u2019esserselo chiesto anche Barack Obama, che su quanto avviene nel piccolo regno ha emesso dichiarazioni contraddittorie, considerando alternativamente i rivoltosi dei combattenti per la libert\u00e0 o dei pericolosi &hellip; <\/p>\n<p><a class=\"more-link btn\" href=\"https:\/\/www.rassegnastampa-totustuus.it\/cattolica\/bahrain-la-rivoluzione-interrotta\/\">Continua a leggere<\/a><\/p>\n","protected":false},"author":6,"featured_media":30601,"comment_status":"open","ping_status":"open","sticky":false,"template":"","format":"standard","meta":{"footnotes":""},"categories":[16,108],"tags":[1938,1919],"class_list":["post-4529","post","type-post","status-publish","format-standard","has-post-thumbnail","hentry","category-islam","category-paesi-e-continenti","tag-bahrain","tag-primavere-arabe","item-wrap"],"yoast_head":"<!-- This site is optimized with the Yoast SEO plugin v27.5 - https:\/\/yoast.com\/product\/yoast-seo-wordpress\/ -->\n<title>Bahrain, la rivoluzione interrotta - Rassegna Stampa Cattolica<\/title>\n<meta name=\"description\" content=\"Rassegna Stampa Cattolica - Per una cultura che nasce dalla Rivelazione cristiana in conformit\u00e0 alla tradizione e al Magistero della Chiesa in opposizione ad ogni relativismo e totalitarismo\" \/>\n<meta name=\"robots\" content=\"index, follow, max-snippet:-1, max-image-preview:large, max-video-preview:-1\" \/>\n<link rel=\"canonical\" href=\"https:\/\/www.rassegnastampa-totustuus.it\/cattolica\/bahrain-la-rivoluzione-interrotta\/\" \/>\n<meta property=\"og:locale\" content=\"it_IT\" \/>\n<meta property=\"og:type\" content=\"article\" \/>\n<meta property=\"og:title\" content=\"Bahrain, la rivoluzione interrotta - Rassegna Stampa Cattolica\" \/>\n<meta property=\"og:description\" content=\"Rassegna Stampa Cattolica - Per una cultura che nasce dalla Rivelazione cristiana in conformit\u00e0 alla tradizione e al Magistero della Chiesa in opposizione ad ogni relativismo e totalitarismo\" \/>\n<meta property=\"og:url\" content=\"https:\/\/www.rassegnastampa-totustuus.it\/cattolica\/bahrain-la-rivoluzione-interrotta\/\" \/>\n<meta property=\"og:site_name\" content=\"Rassegna Stampa Cattolica\" \/>\n<meta property=\"article:publisher\" content=\"https:\/\/www.facebook.com\/rassegnastampacattolica\" \/>\n<meta property=\"article:published_time\" content=\"2011-04-15T07:00:19+00:00\" \/>\n<meta property=\"article:modified_time\" content=\"2016-02-09T11:11:17+00:00\" \/>\n<meta property=\"og:image\" content=\"https:\/\/www.rassegnastampa-totustuus.it\/cattolica\/wp-content\/uploads\/2011\/04\/Bahrain_manif.jpg\" \/>\n\t<meta property=\"og:image:width\" content=\"290\" \/>\n\t<meta property=\"og:image:height\" content=\"174\" \/>\n\t<meta property=\"og:image:type\" content=\"image\/jpeg\" \/>\n<meta name=\"author\" content=\"Redazione\" \/>\n<meta name=\"twitter:card\" content=\"summary_large_image\" \/>\n<meta name=\"twitter:creator\" content=\"@rassegnastampa9\" \/>\n<meta name=\"twitter:site\" content=\"@rassegnastampa9\" \/>\n<meta name=\"twitter:label1\" content=\"Scritto da\" \/>\n\t<meta name=\"twitter:data1\" content=\"Redazione\" \/>\n\t<meta name=\"twitter:label2\" content=\"Tempo di lettura stimato\" \/>\n\t<meta name=\"twitter:data2\" content=\"7 minuti\" \/>\n<script type=\"application\/ld+json\" class=\"yoast-schema-graph\">{\"@context\":\"https:\\\/\\\/schema.org\",\"@graph\":[{\"@type\":\"Article\",\"@id\":\"https:\\\/\\\/www.rassegnastampa-totustuus.it\\\/cattolica\\\/bahrain-la-rivoluzione-interrotta\\\/#article\",\"isPartOf\":{\"@id\":\"https:\\\/\\\/www.rassegnastampa-totustuus.it\\\/cattolica\\\/bahrain-la-rivoluzione-interrotta\\\/\"},\"author\":{\"name\":\"Redazione\",\"@id\":\"https:\\\/\\\/www.rassegnastampa-totustuus.it\\\/cattolica\\\/#\\\/schema\\\/person\\\/08f319d2bd1a0904ad9e2bfb7b15e5c3\"},\"headline\":\"Bahrain, la rivoluzione interrotta\",\"datePublished\":\"2011-04-15T07:00:19+00:00\",\"dateModified\":\"2016-02-09T11:11:17+00:00\",\"mainEntityOfPage\":{\"@id\":\"https:\\\/\\\/www.rassegnastampa-totustuus.it\\\/cattolica\\\/bahrain-la-rivoluzione-interrotta\\\/\"},\"wordCount\":1501,\"commentCount\":0,\"publisher\":{\"@id\":\"https:\\\/\\\/www.rassegnastampa-totustuus.it\\\/cattolica\\\/#organization\"},\"image\":{\"@id\":\"https:\\\/\\\/www.rassegnastampa-totustuus.it\\\/cattolica\\\/bahrain-la-rivoluzione-interrotta\\\/#primaryimage\"},\"thumbnailUrl\":\"https:\\\/\\\/www.rassegnastampa-totustuus.it\\\/cattolica\\\/wp-content\\\/uploads\\\/2011\\\/04\\\/Bahrain_manif.jpg\",\"keywords\":[\"Bahrain\",\"primavere arabe\"],\"articleSection\":[\"Islam\",\"Paesi e continenti\"],\"inLanguage\":\"it-IT\",\"potentialAction\":[{\"@type\":\"CommentAction\",\"name\":\"Comment\",\"target\":[\"https:\\\/\\\/www.rassegnastampa-totustuus.it\\\/cattolica\\\/bahrain-la-rivoluzione-interrotta\\\/#respond\"]}]},{\"@type\":\"WebPage\",\"@id\":\"https:\\\/\\\/www.rassegnastampa-totustuus.it\\\/cattolica\\\/bahrain-la-rivoluzione-interrotta\\\/\",\"url\":\"https:\\\/\\\/www.rassegnastampa-totustuus.it\\\/cattolica\\\/bahrain-la-rivoluzione-interrotta\\\/\",\"name\":\"Bahrain, la rivoluzione interrotta - Rassegna Stampa Cattolica\",\"isPartOf\":{\"@id\":\"https:\\\/\\\/www.rassegnastampa-totustuus.it\\\/cattolica\\\/#website\"},\"primaryImageOfPage\":{\"@id\":\"https:\\\/\\\/www.rassegnastampa-totustuus.it\\\/cattolica\\\/bahrain-la-rivoluzione-interrotta\\\/#primaryimage\"},\"image\":{\"@id\":\"https:\\\/\\\/www.rassegnastampa-totustuus.it\\\/cattolica\\\/bahrain-la-rivoluzione-interrotta\\\/#primaryimage\"},\"thumbnailUrl\":\"https:\\\/\\\/www.rassegnastampa-totustuus.it\\\/cattolica\\\/wp-content\\\/uploads\\\/2011\\\/04\\\/Bahrain_manif.jpg\",\"datePublished\":\"2011-04-15T07:00:19+00:00\",\"dateModified\":\"2016-02-09T11:11:17+00:00\",\"description\":\"Rassegna Stampa Cattolica - Per una cultura che nasce dalla Rivelazione cristiana in conformit\u00e0 alla tradizione e al Magistero della Chiesa in opposizione ad ogni relativismo e totalitarismo\",\"breadcrumb\":{\"@id\":\"https:\\\/\\\/www.rassegnastampa-totustuus.it\\\/cattolica\\\/bahrain-la-rivoluzione-interrotta\\\/#breadcrumb\"},\"inLanguage\":\"it-IT\",\"potentialAction\":[{\"@type\":\"ReadAction\",\"target\":[\"https:\\\/\\\/www.rassegnastampa-totustuus.it\\\/cattolica\\\/bahrain-la-rivoluzione-interrotta\\\/\"]}]},{\"@type\":\"ImageObject\",\"inLanguage\":\"it-IT\",\"@id\":\"https:\\\/\\\/www.rassegnastampa-totustuus.it\\\/cattolica\\\/bahrain-la-rivoluzione-interrotta\\\/#primaryimage\",\"url\":\"https:\\\/\\\/www.rassegnastampa-totustuus.it\\\/cattolica\\\/wp-content\\\/uploads\\\/2011\\\/04\\\/Bahrain_manif.jpg\",\"contentUrl\":\"https:\\\/\\\/www.rassegnastampa-totustuus.it\\\/cattolica\\\/wp-content\\\/uploads\\\/2011\\\/04\\\/Bahrain_manif.jpg\",\"width\":290,\"height\":174},{\"@type\":\"BreadcrumbList\",\"@id\":\"https:\\\/\\\/www.rassegnastampa-totustuus.it\\\/cattolica\\\/bahrain-la-rivoluzione-interrotta\\\/#breadcrumb\",\"itemListElement\":[{\"@type\":\"ListItem\",\"position\":1,\"name\":\"Home\",\"item\":\"https:\\\/\\\/www.rassegnastampa-totustuus.it\\\/cattolica\\\/\"},{\"@type\":\"ListItem\",\"position\":2,\"name\":\"Bahrain, la rivoluzione interrotta\"}]},{\"@type\":\"WebSite\",\"@id\":\"https:\\\/\\\/www.rassegnastampa-totustuus.it\\\/cattolica\\\/#website\",\"url\":\"https:\\\/\\\/www.rassegnastampa-totustuus.it\\\/cattolica\\\/\",\"name\":\"Rassegna Stampa Cattolica\",\"description\":\"Per una cultura che nasce dalla Rivelazione cristiana in conformit\u00e0 alla tradizione e al Magistero della Chiesa in opposizione ad ogni relativismo e totalitarismo\",\"publisher\":{\"@id\":\"https:\\\/\\\/www.rassegnastampa-totustuus.it\\\/cattolica\\\/#organization\"},\"alternateName\":\"Rass. Cattolica\",\"potentialAction\":[{\"@type\":\"SearchAction\",\"target\":{\"@type\":\"EntryPoint\",\"urlTemplate\":\"https:\\\/\\\/www.rassegnastampa-totustuus.it\\\/cattolica\\\/?s={search_term_string}\"},\"query-input\":{\"@type\":\"PropertyValueSpecification\",\"valueRequired\":true,\"valueName\":\"search_term_string\"}}],\"inLanguage\":\"it-IT\"},{\"@type\":\"Organization\",\"@id\":\"https:\\\/\\\/www.rassegnastampa-totustuus.it\\\/cattolica\\\/#organization\",\"name\":\"Rassegna Stampa Cattolica\",\"url\":\"https:\\\/\\\/www.rassegnastampa-totustuus.it\\\/cattolica\\\/\",\"logo\":{\"@type\":\"ImageObject\",\"inLanguage\":\"it-IT\",\"@id\":\"https:\\\/\\\/www.rassegnastampa-totustuus.it\\\/cattolica\\\/#\\\/schema\\\/logo\\\/image\\\/\",\"url\":\"https:\\\/\\\/www.rassegnastampa-totustuus.it\\\/cattolica\\\/wp-content\\\/uploads\\\/2014\\\/04\\\/logo-rassegna1.gif\",\"contentUrl\":\"https:\\\/\\\/www.rassegnastampa-totustuus.it\\\/cattolica\\\/wp-content\\\/uploads\\\/2014\\\/04\\\/logo-rassegna1.gif\",\"width\":600,\"height\":163,\"caption\":\"Rassegna Stampa Cattolica\"},\"image\":{\"@id\":\"https:\\\/\\\/www.rassegnastampa-totustuus.it\\\/cattolica\\\/#\\\/schema\\\/logo\\\/image\\\/\"},\"sameAs\":[\"https:\\\/\\\/www.facebook.com\\\/rassegnastampacattolica\",\"https:\\\/\\\/x.com\\\/rassegnastampa9\"]},{\"@type\":\"Person\",\"@id\":\"https:\\\/\\\/www.rassegnastampa-totustuus.it\\\/cattolica\\\/#\\\/schema\\\/person\\\/08f319d2bd1a0904ad9e2bfb7b15e5c3\",\"name\":\"Redazione\",\"image\":{\"@type\":\"ImageObject\",\"inLanguage\":\"it-IT\",\"@id\":\"https:\\\/\\\/secure.gravatar.com\\\/avatar\\\/2fcdf27c78ea025fbdb44e914cc63c72249ffec9dc8aafd5c82b26240ef3f346?s=96&d=mm&r=g\",\"url\":\"https:\\\/\\\/secure.gravatar.com\\\/avatar\\\/2fcdf27c78ea025fbdb44e914cc63c72249ffec9dc8aafd5c82b26240ef3f346?s=96&d=mm&r=g\",\"contentUrl\":\"https:\\\/\\\/secure.gravatar.com\\\/avatar\\\/2fcdf27c78ea025fbdb44e914cc63c72249ffec9dc8aafd5c82b26240ef3f346?s=96&d=mm&r=g\",\"caption\":\"Redazione\"},\"url\":\"https:\\\/\\\/www.rassegnastampa-totustuus.it\\\/cattolica\\\/author\\\/pietroelle\\\/\"}]}<\/script>\n<!-- \/ Yoast SEO plugin. -->","yoast_head_json":{"title":"Bahrain, la rivoluzione interrotta - Rassegna Stampa Cattolica","description":"Rassegna Stampa Cattolica - Per una cultura che nasce dalla Rivelazione cristiana in conformit\u00e0 alla tradizione e al Magistero della Chiesa in opposizione ad ogni relativismo e totalitarismo","robots":{"index":"index","follow":"follow","max-snippet":"max-snippet:-1","max-image-preview":"max-image-preview:large","max-video-preview":"max-video-preview:-1"},"canonical":"https:\/\/www.rassegnastampa-totustuus.it\/cattolica\/bahrain-la-rivoluzione-interrotta\/","og_locale":"it_IT","og_type":"article","og_title":"Bahrain, la rivoluzione interrotta - Rassegna Stampa Cattolica","og_description":"Rassegna Stampa Cattolica - Per una cultura che nasce dalla Rivelazione cristiana in conformit\u00e0 alla tradizione e al Magistero della Chiesa in opposizione ad ogni relativismo e totalitarismo","og_url":"https:\/\/www.rassegnastampa-totustuus.it\/cattolica\/bahrain-la-rivoluzione-interrotta\/","og_site_name":"Rassegna Stampa Cattolica","article_publisher":"https:\/\/www.facebook.com\/rassegnastampacattolica","article_published_time":"2011-04-15T07:00:19+00:00","article_modified_time":"2016-02-09T11:11:17+00:00","og_image":[{"width":290,"height":174,"url":"https:\/\/www.rassegnastampa-totustuus.it\/cattolica\/wp-content\/uploads\/2011\/04\/Bahrain_manif.jpg","type":"image\/jpeg"}],"author":"Redazione","twitter_card":"summary_large_image","twitter_creator":"@rassegnastampa9","twitter_site":"@rassegnastampa9","twitter_misc":{"Scritto da":"Redazione","Tempo di lettura stimato":"7 minuti"},"schema":{"@context":"https:\/\/schema.org","@graph":[{"@type":"Article","@id":"https:\/\/www.rassegnastampa-totustuus.it\/cattolica\/bahrain-la-rivoluzione-interrotta\/#article","isPartOf":{"@id":"https:\/\/www.rassegnastampa-totustuus.it\/cattolica\/bahrain-la-rivoluzione-interrotta\/"},"author":{"name":"Redazione","@id":"https:\/\/www.rassegnastampa-totustuus.it\/cattolica\/#\/schema\/person\/08f319d2bd1a0904ad9e2bfb7b15e5c3"},"headline":"Bahrain, la rivoluzione interrotta","datePublished":"2011-04-15T07:00:19+00:00","dateModified":"2016-02-09T11:11:17+00:00","mainEntityOfPage":{"@id":"https:\/\/www.rassegnastampa-totustuus.it\/cattolica\/bahrain-la-rivoluzione-interrotta\/"},"wordCount":1501,"commentCount":0,"publisher":{"@id":"https:\/\/www.rassegnastampa-totustuus.it\/cattolica\/#organization"},"image":{"@id":"https:\/\/www.rassegnastampa-totustuus.it\/cattolica\/bahrain-la-rivoluzione-interrotta\/#primaryimage"},"thumbnailUrl":"https:\/\/www.rassegnastampa-totustuus.it\/cattolica\/wp-content\/uploads\/2011\/04\/Bahrain_manif.jpg","keywords":["Bahrain","primavere arabe"],"articleSection":["Islam","Paesi e continenti"],"inLanguage":"it-IT","potentialAction":[{"@type":"CommentAction","name":"Comment","target":["https:\/\/www.rassegnastampa-totustuus.it\/cattolica\/bahrain-la-rivoluzione-interrotta\/#respond"]}]},{"@type":"WebPage","@id":"https:\/\/www.rassegnastampa-totustuus.it\/cattolica\/bahrain-la-rivoluzione-interrotta\/","url":"https:\/\/www.rassegnastampa-totustuus.it\/cattolica\/bahrain-la-rivoluzione-interrotta\/","name":"Bahrain, la rivoluzione interrotta - Rassegna Stampa Cattolica","isPartOf":{"@id":"https:\/\/www.rassegnastampa-totustuus.it\/cattolica\/#website"},"primaryImageOfPage":{"@id":"https:\/\/www.rassegnastampa-totustuus.it\/cattolica\/bahrain-la-rivoluzione-interrotta\/#primaryimage"},"image":{"@id":"https:\/\/www.rassegnastampa-totustuus.it\/cattolica\/bahrain-la-rivoluzione-interrotta\/#primaryimage"},"thumbnailUrl":"https:\/\/www.rassegnastampa-totustuus.it\/cattolica\/wp-content\/uploads\/2011\/04\/Bahrain_manif.jpg","datePublished":"2011-04-15T07:00:19+00:00","dateModified":"2016-02-09T11:11:17+00:00","description":"Rassegna Stampa Cattolica - Per una cultura che nasce dalla Rivelazione cristiana in conformit\u00e0 alla tradizione e al Magistero della Chiesa in opposizione ad ogni relativismo e totalitarismo","breadcrumb":{"@id":"https:\/\/www.rassegnastampa-totustuus.it\/cattolica\/bahrain-la-rivoluzione-interrotta\/#breadcrumb"},"inLanguage":"it-IT","potentialAction":[{"@type":"ReadAction","target":["https:\/\/www.rassegnastampa-totustuus.it\/cattolica\/bahrain-la-rivoluzione-interrotta\/"]}]},{"@type":"ImageObject","inLanguage":"it-IT","@id":"https:\/\/www.rassegnastampa-totustuus.it\/cattolica\/bahrain-la-rivoluzione-interrotta\/#primaryimage","url":"https:\/\/www.rassegnastampa-totustuus.it\/cattolica\/wp-content\/uploads\/2011\/04\/Bahrain_manif.jpg","contentUrl":"https:\/\/www.rassegnastampa-totustuus.it\/cattolica\/wp-content\/uploads\/2011\/04\/Bahrain_manif.jpg","width":290,"height":174},{"@type":"BreadcrumbList","@id":"https:\/\/www.rassegnastampa-totustuus.it\/cattolica\/bahrain-la-rivoluzione-interrotta\/#breadcrumb","itemListElement":[{"@type":"ListItem","position":1,"name":"Home","item":"https:\/\/www.rassegnastampa-totustuus.it\/cattolica\/"},{"@type":"ListItem","position":2,"name":"Bahrain, la rivoluzione interrotta"}]},{"@type":"WebSite","@id":"https:\/\/www.rassegnastampa-totustuus.it\/cattolica\/#website","url":"https:\/\/www.rassegnastampa-totustuus.it\/cattolica\/","name":"Rassegna Stampa Cattolica","description":"Per una cultura che nasce dalla Rivelazione cristiana in conformit\u00e0 alla tradizione e al Magistero della Chiesa in opposizione ad ogni relativismo e totalitarismo","publisher":{"@id":"https:\/\/www.rassegnastampa-totustuus.it\/cattolica\/#organization"},"alternateName":"Rass. Cattolica","potentialAction":[{"@type":"SearchAction","target":{"@type":"EntryPoint","urlTemplate":"https:\/\/www.rassegnastampa-totustuus.it\/cattolica\/?s={search_term_string}"},"query-input":{"@type":"PropertyValueSpecification","valueRequired":true,"valueName":"search_term_string"}}],"inLanguage":"it-IT"},{"@type":"Organization","@id":"https:\/\/www.rassegnastampa-totustuus.it\/cattolica\/#organization","name":"Rassegna Stampa Cattolica","url":"https:\/\/www.rassegnastampa-totustuus.it\/cattolica\/","logo":{"@type":"ImageObject","inLanguage":"it-IT","@id":"https:\/\/www.rassegnastampa-totustuus.it\/cattolica\/#\/schema\/logo\/image\/","url":"https:\/\/www.rassegnastampa-totustuus.it\/cattolica\/wp-content\/uploads\/2014\/04\/logo-rassegna1.gif","contentUrl":"https:\/\/www.rassegnastampa-totustuus.it\/cattolica\/wp-content\/uploads\/2014\/04\/logo-rassegna1.gif","width":600,"height":163,"caption":"Rassegna Stampa Cattolica"},"image":{"@id":"https:\/\/www.rassegnastampa-totustuus.it\/cattolica\/#\/schema\/logo\/image\/"},"sameAs":["https:\/\/www.facebook.com\/rassegnastampacattolica","https:\/\/x.com\/rassegnastampa9"]},{"@type":"Person","@id":"https:\/\/www.rassegnastampa-totustuus.it\/cattolica\/#\/schema\/person\/08f319d2bd1a0904ad9e2bfb7b15e5c3","name":"Redazione","image":{"@type":"ImageObject","inLanguage":"it-IT","@id":"https:\/\/secure.gravatar.com\/avatar\/2fcdf27c78ea025fbdb44e914cc63c72249ffec9dc8aafd5c82b26240ef3f346?s=96&d=mm&r=g","url":"https:\/\/secure.gravatar.com\/avatar\/2fcdf27c78ea025fbdb44e914cc63c72249ffec9dc8aafd5c82b26240ef3f346?s=96&d=mm&r=g","contentUrl":"https:\/\/secure.gravatar.com\/avatar\/2fcdf27c78ea025fbdb44e914cc63c72249ffec9dc8aafd5c82b26240ef3f346?s=96&d=mm&r=g","caption":"Redazione"},"url":"https:\/\/www.rassegnastampa-totustuus.it\/cattolica\/author\/pietroelle\/"}]}},"_links":{"self":[{"href":"https:\/\/www.rassegnastampa-totustuus.it\/cattolica\/wp-json\/wp\/v2\/posts\/4529","targetHints":{"allow":["GET"]}}],"collection":[{"href":"https:\/\/www.rassegnastampa-totustuus.it\/cattolica\/wp-json\/wp\/v2\/posts"}],"about":[{"href":"https:\/\/www.rassegnastampa-totustuus.it\/cattolica\/wp-json\/wp\/v2\/types\/post"}],"author":[{"embeddable":true,"href":"https:\/\/www.rassegnastampa-totustuus.it\/cattolica\/wp-json\/wp\/v2\/users\/6"}],"replies":[{"embeddable":true,"href":"https:\/\/www.rassegnastampa-totustuus.it\/cattolica\/wp-json\/wp\/v2\/comments?post=4529"}],"version-history":[{"count":3,"href":"https:\/\/www.rassegnastampa-totustuus.it\/cattolica\/wp-json\/wp\/v2\/posts\/4529\/revisions"}],"predecessor-version":[{"id":30602,"href":"https:\/\/www.rassegnastampa-totustuus.it\/cattolica\/wp-json\/wp\/v2\/posts\/4529\/revisions\/30602"}],"wp:featuredmedia":[{"embeddable":true,"href":"https:\/\/www.rassegnastampa-totustuus.it\/cattolica\/wp-json\/wp\/v2\/media\/30601"}],"wp:attachment":[{"href":"https:\/\/www.rassegnastampa-totustuus.it\/cattolica\/wp-json\/wp\/v2\/media?parent=4529"}],"wp:term":[{"taxonomy":"category","embeddable":true,"href":"https:\/\/www.rassegnastampa-totustuus.it\/cattolica\/wp-json\/wp\/v2\/categories?post=4529"},{"taxonomy":"post_tag","embeddable":true,"href":"https:\/\/www.rassegnastampa-totustuus.it\/cattolica\/wp-json\/wp\/v2\/tags?post=4529"}],"curies":[{"name":"wp","href":"https:\/\/api.w.org\/{rel}","templated":true}]}}