{"id":45279,"date":"2019-11-28T00:00:22","date_gmt":"2019-11-27T23:00:22","guid":{"rendered":"http:\/\/www.rassegnastampa-totustuus.it\/cattolica\/?p=45279"},"modified":"2019-11-28T08:31:27","modified_gmt":"2019-11-28T07:31:27","slug":"nureyev-via-dallinferno-comunista","status":"publish","type":"post","link":"https:\/\/www.rassegnastampa-totustuus.it\/cattolica\/nureyev-via-dallinferno-comunista\/","title":{"rendered":"Nureyev: via dall\u2019inferno comunista"},"content":{"rendered":"<p style=\"text-align: center;\"><strong><a href=\"https:\/\/www.rassegnastampa-totustuus.it\/cattolica\/wp-content\/uploads\/2019\/11\/Rudolf_Nureyev.jpg\"><img loading=\"lazy\" decoding=\"async\" class=\"wp-image-45280 alignright\" src=\"https:\/\/www.rassegnastampa-totustuus.it\/cattolica\/wp-content\/uploads\/2019\/11\/Rudolf_Nureyev.jpg\" alt=\"\" width=\"231\" height=\"176\" \/><\/a><a href=\"http:\/\/www.corrieredelsud.it\/nsite\/\" target=\"_blank\" rel=\"noopener noreferrer\">Il Corriere del Sud<\/a><\/strong><\/p>\n<p style=\"text-align: center;\">n. 5 anno XXVIII<\/p>\n<p style=\"text-align: center;\">30 giugno 2019<\/p>\n<p style=\"text-align: justify;\"><em>La storia della fuga dall\u2019URSS del grande ballerino russo finalmente sul grande schermo <\/em><\/p>\n<p style=\"text-align: center;\">di <strong>Giuseppe Brienza<\/strong><\/p>\n<p><!--more--><\/p>\n<p style=\"text-align: justify;\">Nel 2019 \u00e8 uscito in Italia, per <strong>la regia di Ralph Fiennes,<\/strong> il film <em>Nureyev \u2013 The White Crow<\/em>, scritto da David Hare, che \u00e8 la prima biografia sul grande schermo del <strong>ballerino russo Rudolf Nureyev (1938-1993)<\/strong>, scappato <strong>a 23 anni dal \u201cparadiso sovietico\u201d &#8211; in realt\u00e0 inferno comunista &#8211; per vivere nella libert\u00e0 ed esprimere la sua arte in Occidente.<\/strong><\/p>\n<p style=\"text-align: justify;\">Il grande ballerino era nato a Ufa, su un treno, mentre la madre raggiungeva il marito militare a Vladivostock. Di famiglia poverissima, Rudolf aveva cominciato a studiare danza a Leningrado. Nureyev \u00e8 interpretato magistralmente dall\u2019attore ucraino Oleg Ivenko, che <strong>rievoca nel modo pi\u00f9 significativo come il giovane Nureyev entri in contatto con la cultura, il modo di vivere e il balletto occidentale durante la sua prima tourn\u00e9e a Parigi nel 1961, decidendo cos\u00ec di chiedere asilo politico alla Francia<\/strong>.<\/p>\n<p style=\"text-align: justify;\"><a href=\"https:\/\/www.rassegnastampa-totustuus.it\/cattolica\/wp-content\/uploads\/2019\/11\/Nureyev_film.jpg\"><img loading=\"lazy\" decoding=\"async\" class=\" wp-image-45283 alignleft\" src=\"https:\/\/www.rassegnastampa-totustuus.it\/cattolica\/wp-content\/uploads\/2019\/11\/Nureyev_film-300x225.jpg\" alt=\"\" width=\"244\" height=\"183\" srcset=\"https:\/\/www.rassegnastampa-totustuus.it\/cattolica\/wp-content\/uploads\/2019\/11\/Nureyev_film-300x225.jpg 300w, https:\/\/www.rassegnastampa-totustuus.it\/cattolica\/wp-content\/uploads\/2019\/11\/Nureyev_film-768x576.jpg 768w, https:\/\/www.rassegnastampa-totustuus.it\/cattolica\/wp-content\/uploads\/2019\/11\/Nureyev_film-1024x768.jpg 1024w, https:\/\/www.rassegnastampa-totustuus.it\/cattolica\/wp-content\/uploads\/2019\/11\/Nureyev_film.jpg 1333w\" sizes=\"auto, (max-width: 244px) 100vw, 244px\" \/><\/a> La sua sfida all\u2019URSS gli attirer\u00e0 naturalmente le \u201cattenzioni\u201d del KGB che, d\u2019allora in poi, <strong>prover\u00e0 in tutti i modi &#8211; senza riuscirci &#8211; di screditarlo e di stroncargli la carriera<\/strong><strong>.<\/strong> Insieme a Ni\u017einskij e Bary\u0161nikov, Rudolf Nureyev \u00e8 stato uno dei pi\u00f9 grandi danzatori del XX secolo. Soprannominato \u201cil tartaro volante\u201d, per la sua agilit\u00e0 e velocit\u00e0 nel danzare, fu uno dei precursori del balletto moderno ma, sicuramente, a mala pena avremmo potuto conoscerlo se fosse rimasto in <em>Unione Sovietica<\/em>.<\/p>\n<p style=\"text-align: justify;\">Alcuni mesi dopo la sua defezione le gerarchie comuniste elaborarono un preciso piano &#8211; siamo nel novembre 1962 \u2013 contro di lui, prevedendo anche un\u2019\u201cazione speciale\u201d.<\/p>\n<p style=\"text-align: justify;\">\u00ab<em>Il KGB<\/em> &#8211; ha scritto lo storico britannico Christopher Andrew basandosi sulla documentazione portata in Occidente dall\u2019ex archivista sovietico Vasilij Mitrokhin &#8211; <em>aveva avviato una campagna intimidatoria subito dopo la defezione di Nureyev<\/em>\u00bb.<\/p>\n<p style=\"text-align: justify;\"><a href=\"https:\/\/www.rassegnastampa-totustuus.it\/cattolica\/wp-content\/uploads\/2019\/11\/balletto_Nureyev.jpg\"><img loading=\"lazy\" decoding=\"async\" class=\"size-medium wp-image-45286 alignright\" src=\"https:\/\/www.rassegnastampa-totustuus.it\/cattolica\/wp-content\/uploads\/2019\/11\/balletto_Nureyev-300x156.jpg\" alt=\"\" width=\"300\" height=\"156\" srcset=\"https:\/\/www.rassegnastampa-totustuus.it\/cattolica\/wp-content\/uploads\/2019\/11\/balletto_Nureyev-300x156.jpg 300w, https:\/\/www.rassegnastampa-totustuus.it\/cattolica\/wp-content\/uploads\/2019\/11\/balletto_Nureyev.jpg 311w\" sizes=\"auto, (max-width: 300px) 100vw, 300px\" \/><\/a>\u00ab<em>La sera del suo primo grande spettacolo con una compagna occidentale, in cui avrebbe dovuto sostenere la parte dell\u2019Uccello azzurro in una produzione parigina della Bella addormentata, il ballerino ricevette lettere commoventi in cui i genitori e il suo ex maestro di danza lo supplicavano di non tradire la madrepatria<\/em>\u00bb<em>. <\/em><\/p>\n<p style=\"text-align: justify;\">\u00ab<em>Dopo aver trovato la forza di andare avanti, Nureyev vide interrompere la sua esibizione: \u201cAvevo appena messo piede sul palco<\/em> [\u2026] <em>quando si udirono urla e fischi che quasi soffocavano la musica di Ciaikovskij. Continuai a sostenere la parte dell\u2019Uccello azzurro, ma al di l\u00e0 della nebbia prodotta dalle luci <\/em>[\u2026] <em>sapevo bene che alcuni comunisti stavano cercando di sabotare lo spettacolo. Sentivo a malapena la musica e fui colpito da pezzi di qualcosa che assomigliava a vetro, ma non smisi di danzare\u201d<\/em>\u00bb (Christopher Andrew-Vasilij Mitrokhin, <em>L\u2019archivio Mitrokhin. <\/em><em>Le attivit\u00e0 segrete del KGB in Occidente<\/em>, <em>Rizzoli<\/em>, Milano 2007, p. 455).<\/p>\n<p style=\"text-align: justify;\"><a href=\"https:\/\/www.rassegnastampa-totustuus.it\/cattolica\/wp-content\/uploads\/2019\/11\/Nureyev.jpg\"><img loading=\"lazy\" decoding=\"async\" class=\"wp-image-45288 alignleft\" src=\"https:\/\/www.rassegnastampa-totustuus.it\/cattolica\/wp-content\/uploads\/2019\/11\/Nureyev.jpg\" alt=\"\" width=\"146\" height=\"215\" \/><\/a>Sebbene il progetto del novembre 1962 per la campagna contro i principali disertori non specificasse la natura dell\u2019\u201cazione speciale\u201d contro Nureyev, dal contesto \u00ab<em>emergeva con chiarezza che da quel momento in poi si sarebbe trattato di qualcosa di ben pi\u00f9 grave dei frammenti di vetro lanciati sul palco<\/em>\u00bb (Ibidem, p. 456).<\/p>\n<p style=\"text-align: justify;\">Ma il \u201ctartaro volante\u201d riusc\u00ec a cavarsela e, anzi, il suo coraggioso esempio influenz\u00f2 anche altri artisti russi. Nell\u2019estate del 1970, ad esempio, Natal&#8217;ja Makarova, una delle coetanee pi\u00f9 famose di Nureyev, abbandon\u00f2 il Balletto di Kirov durante una stagione londinese presso la <em>Royal Festival Hall<\/em>.<\/p>\n<p style=\"text-align: justify;\">Anche contro di lei operarono i servizi segreti dell\u2019URSS, una delle cui priorit\u00e0, fino agli ultimissimi anni della <em>Guerra Fredda<\/em>, fu anche quella di \u00ab<em>evitare che tutti i dissidenti e tutti coloro che lasciavano il Paese non ricevessero riconoscimenti in Occidente. Il Centro impieg\u00f2 un\u2019enorme quantit\u00e0 di tempo e di sforzi nel tentativo di escogitare metodi per danneggiare la carriera di Rudolf Nureyev, Natal&#8217;ja Makarova e altre stelle della scuola di ballo sovietica<\/em>\u00bb (op. cit., p. 650).<\/p>\n<p style=\"text-align: justify;\"><a href=\"https:\/\/www.rassegnastampa-totustuus.it\/cattolica\/wp-content\/uploads\/2005\/07\/kgb.jpg\"><img loading=\"lazy\" decoding=\"async\" class=\"wp-image-29637 alignright\" src=\"https:\/\/www.rassegnastampa-totustuus.it\/cattolica\/wp-content\/uploads\/2005\/07\/kgb.jpg\" alt=\"\" width=\"179\" height=\"178\" srcset=\"https:\/\/www.rassegnastampa-totustuus.it\/cattolica\/wp-content\/uploads\/2005\/07\/kgb.jpg 225w, https:\/\/www.rassegnastampa-totustuus.it\/cattolica\/wp-content\/uploads\/2005\/07\/kgb-150x150.jpg 150w\" sizes=\"auto, (max-width: 179px) 100vw, 179px\" \/><\/a>Il principale aspetto culturalmente meritorio del film <em>Nureyev \u2013 The White Crow<\/em> \u00e8 quindi il giusto risalto, sulla base del libro biografico cui si ispira (<em>Nureyev: The Life<\/em> di Julie Kavanagh, tradotto in Italia dalla casa editrice <em>La nave di Teseo<\/em>), <strong>alla scelta per la libert\u00e0 e per l\u2019Occidente deliberata con notevole dose di coraggio da parte del grande artista russo<\/strong>.<\/p>\n<p style=\"text-align: justify;\">Quando nel 1961 arriv\u00f2 a Parigi assieme alla sua compagnia, il <em>Kirov Ballet Company<\/em>, pot\u00e9 chiedere asilo politico alla Francia grazie dell&#8217;aiuto di due sue &#8220;colleghi&#8221;, i danzatori francesi Claire Motte e Pierre Lacotte ma, soprattutto, della giovane cilena (ma parigina d\u2019adozione) Claire Saint, che era stata fino a poco prima la fidanzata di uno dei figli di <strong>Andr\u00e9 Malraux (1901-1976)<\/strong>, il noto romanziere e allora ministro della cultura francese.<\/p>\n<div id=\"attachment_45289\" style=\"width: 237px\" class=\"wp-caption alignleft\"><a href=\"https:\/\/www.rassegnastampa-totustuus.it\/cattolica\/wp-content\/uploads\/2019\/11\/Andr\u00e9_Malraux.jpg\"><img loading=\"lazy\" decoding=\"async\" aria-describedby=\"caption-attachment-45289\" class=\"wp-image-45289\" src=\"https:\/\/www.rassegnastampa-totustuus.it\/cattolica\/wp-content\/uploads\/2019\/11\/Andr\u00e9_Malraux.jpg\" alt=\"\" width=\"237\" height=\"168\" \/><\/a><p id=\"caption-attachment-45289\" class=\"wp-caption-text\">Andr\u00e9 Malraux<\/p><\/div>\n<p style=\"text-align: justify;\">La Saint rimane colpita vedendo Nureyev ballare, si perde nella sua esibizione e la nebbia del suo dolore temporaneamente si dissolve. \u00c8 lei a organizzare la fuga spettacolare di Nureyev che, \u201cpiantonato\u201d all&#8217;aeroporto di Le Bourget (Parigi) dal KGB che voleva costringerlo ad un immediato rimpatrio in terra di Russia forse presagendo le sue decisioni, con uno dei suoi salti prodigiosi si sottrae all\u2019occhiuta sorveglianza gettandosi tra le braccia degli agenti di polizia francesi.<\/p>\n<p style=\"text-align: justify;\">Dopo quella \u201cfuga per la libert\u00e0\u201d, in piena <em>Guerra Fredda<\/em>, la danza in Occidente non sar\u00e0 pi\u00f9 la stessa. E per fortuna! \u00a0Il regista Fiennes fa riportare da Claire Sant, durante uno dei tanti colloqui intessuti in questo periodo parigino con Nureyev, una circostanza difficilmente rinvenibile nelle biografie e nei libri di storia dedicati al grande scrittore e uomo di cultura che, d\u2019estrazione sinistra, fu nondimeno uno dei protagonisti della <em>V Repubblica di Charles de Gaulle<\/em>: \u00ab<em>Malraux, da ateo conclamato, ha deciso per i suoi due figli i funerali cattolici perch\u00e9 non avrebbe mai permesso che fossero seppelliti come sacchi di patate<\/em>\u00bb.<\/p>\n<div id=\"attachment_45291\" style=\"width: 259px\" class=\"wp-caption alignright\"><a href=\"https:\/\/www.rassegnastampa-totustuus.it\/cattolica\/wp-content\/uploads\/2019\/11\/Charonne_cimitero_Parigi.jpg\"><img loading=\"lazy\" decoding=\"async\" aria-describedby=\"caption-attachment-45291\" class=\"wp-image-45291 size-full\" src=\"https:\/\/www.rassegnastampa-totustuus.it\/cattolica\/wp-content\/uploads\/2019\/11\/Charonne_cimitero_Parigi.jpg\" alt=\"\" width=\"259\" height=\"194\" \/><\/a><p id=\"caption-attachment-45291\" class=\"wp-caption-text\">cimitero di Charonne<\/p><\/div>\n<p style=\"text-align: justify;\">Malraux in effetti, nel corso della sua vita, fu segnato da pesanti lutti. Dalla morte in circostanze drammatiche nel 1944 della sua compagna dopo la separazione dalla moglie Clara Josette Clotis, alla morte contemporanea dei suoi due giovanissimi figli in un incidente automobilistico il 23 maggio del 1961.<\/p>\n<p style=\"text-align: justify;\">Oltre che i funerali religiosi (la Messa funebre fu celebrata dall\u2019abb\u00e9 Pierre Bockel), il padre riserver\u00e0 a Gauthier (1940-1961) e al figlio ancora pi\u00f9 giovane Vincent Malraux (1943-1961), la sepoltura nel cimitero cattolico di Charonne, situato nel 20\u00b0 arrondissement di Parigi che, assieme a quello del Calvaire, \u00e8 ancora uno degli ultimi cimiteri parrocchiali adiacenti alla rispettiva chiesa.<\/p>\n<p style=\"text-align: justify;\"><a href=\"https:\/\/www.rassegnastampa-totustuus.it\/cattolica\/wp-content\/uploads\/2019\/11\/nureyev_film.jpg\"><img loading=\"lazy\" decoding=\"async\" class=\"size-full wp-image-45294 alignleft\" src=\"https:\/\/www.rassegnastampa-totustuus.it\/cattolica\/wp-content\/uploads\/2019\/11\/nureyev_film.jpg\" alt=\"\" width=\"299\" height=\"168\" \/><\/a>Fiennes, che \u00e8 un grande appassionato di danza, ritaglia per s\u00e9 nel film il ruolo emblematico dell\u2019insegnante Alexander Ivanovich Pushkin (1907-1970), che fu maestro anche di Baryshnikov. Del giovane Nureyev Pushkin \u00e8 il solo che ha la capacit\u00e0 di vedere quello che gli altri non vedono. E lo difende fino a che gli \u00e8 possibile.<\/p>\n<p style=\"text-align: justify;\">Nel film ammiriamo anche altri attori di grande qualit\u00e0 come ad esempio Ad\u00e8le Exarchopoulos, Raphael Personnaz, Chulpan Khamatova, Sergei Polunin e Calypso Valois. \u00a0Oltre a documentarsi attraverso filmati d\u2019archivio, Fiennes \u00e8 andato a Ufa, ha visitato la scuola Vaganova di San Pietroburgo dove ha studiato Nureyev, l&#8217;Op\u00e9ra di Parigi.<\/p>\n<p style=\"text-align: justify;\"><a href=\"https:\/\/www.rassegnastampa-totustuus.it\/cattolica\/wp-content\/uploads\/2019\/11\/Nureyev-1.jpg\"><img loading=\"lazy\" decoding=\"async\" class=\"size-full wp-image-45295 alignright\" src=\"https:\/\/www.rassegnastampa-totustuus.it\/cattolica\/wp-content\/uploads\/2019\/11\/Nureyev-1.jpg\" alt=\"\" width=\"291\" height=\"173\" \/><\/a>L\u2019infanzia del ballerino \u00e8 stata realizzata in bianco e nero, mentre per il resto del film \u00e8 stato usato il colore. Fiennes ha voluto come protagonista un autentico ballerino russo della <em>Tatar State Opera &amp; Ballet<\/em>, il gi\u00e0 citato Oleg Ivenko. Noto omosessuale, Rudolf Nureyev muore di AIDS a soli 54 anni, il 6 gennaio 1993.<\/p>\n<p style=\"text-align: justify;\">Nei teatri sovietici pretendeva di uscire sul palcoscenico in calzamaglia quando nella censoria URSS questo atteggiamento era vietatissimo. Gli era anche impedito di cambiare il ruolo dei ballerini maschi nelle coreografie, oltrepassando cos\u00ec i confini tra danza moderna e balletto classico.<\/p>\n<p style=\"text-align: justify;\">Solo cos\u00ec, per\u00f2, il \u201ctartaro volante\u201d \u00e8 riuscito a innovare lasciando una traccia indelebile nel balletto classico contemporaneo.<\/p>\n\n\n<p><\/p>\n","protected":false},"excerpt":{"rendered":"<p>Il Corriere del Sud n. 5 anno XXVIII 30 giugno 2019 La storia della fuga dall\u2019URSS del grande ballerino russo finalmente sul grande schermo di Giuseppe Brienza<\/p><p><a class=\"more-link btn\" href=\"https:\/\/www.rassegnastampa-totustuus.it\/cattolica\/nureyev-via-dallinferno-comunista\/\">Continua a leggere<\/a><\/p>\n","protected":false},"author":6,"featured_media":45283,"comment_status":"closed","ping_status":"closed","sticky":false,"template":"","format":"standard","meta":{"footnotes":""},"categories":[122,18],"tags":[1934,283,2774],"class_list":["post-45279","post","type-post","status-publish","format-standard","has-post-thumbnail","hentry","category-al-cinema","category-personaggi","tag-al-cinema-2","tag-personaggi-2","tag-rudolf-nureyev","item-wrap"],"yoast_head":"<!-- This site is optimized with the Yoast SEO plugin v27.5 - https:\/\/yoast.com\/product\/yoast-seo-wordpress\/ -->\n<title>Nureyev: via dall\u2019inferno comunista - Rassegna Stampa Cattolica<\/title>\n<meta name=\"description\" content=\"Rassegna Stampa Cattolica - Per una cultura che nasce dalla Rivelazione cristiana in conformit\u00e0 alla tradizione e al Magistero della Chiesa in opposizione ad ogni relativismo e totalitarismo\" \/>\n<meta name=\"robots\" content=\"index, follow, max-snippet:-1, max-image-preview:large, max-video-preview:-1\" \/>\n<link rel=\"canonical\" href=\"https:\/\/www.rassegnastampa-totustuus.it\/cattolica\/nureyev-via-dallinferno-comunista\/\" \/>\n<meta property=\"og:locale\" content=\"it_IT\" \/>\n<meta property=\"og:type\" content=\"article\" \/>\n<meta property=\"og:title\" content=\"Nureyev: via dall\u2019inferno comunista - Rassegna Stampa Cattolica\" \/>\n<meta property=\"og:description\" content=\"Rassegna Stampa Cattolica - Per una cultura che nasce dalla Rivelazione cristiana in conformit\u00e0 alla tradizione e al Magistero della Chiesa in opposizione ad ogni relativismo e totalitarismo\" \/>\n<meta property=\"og:url\" content=\"https:\/\/www.rassegnastampa-totustuus.it\/cattolica\/nureyev-via-dallinferno-comunista\/\" \/>\n<meta property=\"og:site_name\" content=\"Rassegna Stampa Cattolica\" \/>\n<meta property=\"article:publisher\" content=\"https:\/\/www.facebook.com\/rassegnastampacattolica\" \/>\n<meta property=\"article:published_time\" content=\"2019-11-27T23:00:22+00:00\" \/>\n<meta property=\"article:modified_time\" content=\"2019-11-28T07:31:27+00:00\" \/>\n<meta property=\"og:image\" content=\"https:\/\/www.rassegnastampa-totustuus.it\/cattolica\/wp-content\/uploads\/2019\/11\/Nureyev_film.jpg\" \/>\n\t<meta property=\"og:image:width\" content=\"1333\" \/>\n\t<meta property=\"og:image:height\" content=\"1000\" \/>\n\t<meta property=\"og:image:type\" content=\"image\/jpeg\" \/>\n<meta name=\"author\" content=\"Redazione\" \/>\n<meta name=\"twitter:card\" content=\"summary_large_image\" \/>\n<meta name=\"twitter:creator\" content=\"@rassegnastampa9\" \/>\n<meta name=\"twitter:site\" content=\"@rassegnastampa9\" \/>\n<meta name=\"twitter:label1\" content=\"Scritto da\" \/>\n\t<meta name=\"twitter:data1\" content=\"Redazione\" \/>\n\t<meta name=\"twitter:label2\" content=\"Tempo di lettura stimato\" \/>\n\t<meta name=\"twitter:data2\" content=\"6 minuti\" \/>\n<script type=\"application\/ld+json\" class=\"yoast-schema-graph\">{\"@context\":\"https:\\\/\\\/schema.org\",\"@graph\":[{\"@type\":\"Article\",\"@id\":\"https:\\\/\\\/www.rassegnastampa-totustuus.it\\\/cattolica\\\/nureyev-via-dallinferno-comunista\\\/#article\",\"isPartOf\":{\"@id\":\"https:\\\/\\\/www.rassegnastampa-totustuus.it\\\/cattolica\\\/nureyev-via-dallinferno-comunista\\\/\"},\"author\":{\"name\":\"Redazione\",\"@id\":\"https:\\\/\\\/www.rassegnastampa-totustuus.it\\\/cattolica\\\/#\\\/schema\\\/person\\\/08f319d2bd1a0904ad9e2bfb7b15e5c3\"},\"headline\":\"Nureyev: via dall\u2019inferno comunista\",\"datePublished\":\"2019-11-27T23:00:22+00:00\",\"dateModified\":\"2019-11-28T07:31:27+00:00\",\"mainEntityOfPage\":{\"@id\":\"https:\\\/\\\/www.rassegnastampa-totustuus.it\\\/cattolica\\\/nureyev-via-dallinferno-comunista\\\/\"},\"wordCount\":1278,\"publisher\":{\"@id\":\"https:\\\/\\\/www.rassegnastampa-totustuus.it\\\/cattolica\\\/#organization\"},\"image\":{\"@id\":\"https:\\\/\\\/www.rassegnastampa-totustuus.it\\\/cattolica\\\/nureyev-via-dallinferno-comunista\\\/#primaryimage\"},\"thumbnailUrl\":\"https:\\\/\\\/www.rassegnastampa-totustuus.it\\\/cattolica\\\/wp-content\\\/uploads\\\/2019\\\/11\\\/Nureyev_film.jpg\",\"keywords\":[\"al cinema\",\"personaggi\",\"Rudolf Nureyev\"],\"articleSection\":[\"Al cinema\",\"Personaggi\"],\"inLanguage\":\"it-IT\"},{\"@type\":\"WebPage\",\"@id\":\"https:\\\/\\\/www.rassegnastampa-totustuus.it\\\/cattolica\\\/nureyev-via-dallinferno-comunista\\\/\",\"url\":\"https:\\\/\\\/www.rassegnastampa-totustuus.it\\\/cattolica\\\/nureyev-via-dallinferno-comunista\\\/\",\"name\":\"Nureyev: via dall\u2019inferno comunista - Rassegna Stampa Cattolica\",\"isPartOf\":{\"@id\":\"https:\\\/\\\/www.rassegnastampa-totustuus.it\\\/cattolica\\\/#website\"},\"primaryImageOfPage\":{\"@id\":\"https:\\\/\\\/www.rassegnastampa-totustuus.it\\\/cattolica\\\/nureyev-via-dallinferno-comunista\\\/#primaryimage\"},\"image\":{\"@id\":\"https:\\\/\\\/www.rassegnastampa-totustuus.it\\\/cattolica\\\/nureyev-via-dallinferno-comunista\\\/#primaryimage\"},\"thumbnailUrl\":\"https:\\\/\\\/www.rassegnastampa-totustuus.it\\\/cattolica\\\/wp-content\\\/uploads\\\/2019\\\/11\\\/Nureyev_film.jpg\",\"datePublished\":\"2019-11-27T23:00:22+00:00\",\"dateModified\":\"2019-11-28T07:31:27+00:00\",\"description\":\"Rassegna Stampa Cattolica - Per una cultura che nasce dalla Rivelazione cristiana in conformit\u00e0 alla tradizione e al Magistero della Chiesa in opposizione ad ogni relativismo e totalitarismo\",\"breadcrumb\":{\"@id\":\"https:\\\/\\\/www.rassegnastampa-totustuus.it\\\/cattolica\\\/nureyev-via-dallinferno-comunista\\\/#breadcrumb\"},\"inLanguage\":\"it-IT\",\"potentialAction\":[{\"@type\":\"ReadAction\",\"target\":[\"https:\\\/\\\/www.rassegnastampa-totustuus.it\\\/cattolica\\\/nureyev-via-dallinferno-comunista\\\/\"]}]},{\"@type\":\"ImageObject\",\"inLanguage\":\"it-IT\",\"@id\":\"https:\\\/\\\/www.rassegnastampa-totustuus.it\\\/cattolica\\\/nureyev-via-dallinferno-comunista\\\/#primaryimage\",\"url\":\"https:\\\/\\\/www.rassegnastampa-totustuus.it\\\/cattolica\\\/wp-content\\\/uploads\\\/2019\\\/11\\\/Nureyev_film.jpg\",\"contentUrl\":\"https:\\\/\\\/www.rassegnastampa-totustuus.it\\\/cattolica\\\/wp-content\\\/uploads\\\/2019\\\/11\\\/Nureyev_film.jpg\",\"width\":1333,\"height\":1000},{\"@type\":\"BreadcrumbList\",\"@id\":\"https:\\\/\\\/www.rassegnastampa-totustuus.it\\\/cattolica\\\/nureyev-via-dallinferno-comunista\\\/#breadcrumb\",\"itemListElement\":[{\"@type\":\"ListItem\",\"position\":1,\"name\":\"Home\",\"item\":\"https:\\\/\\\/www.rassegnastampa-totustuus.it\\\/cattolica\\\/\"},{\"@type\":\"ListItem\",\"position\":2,\"name\":\"Nureyev: via dall\u2019inferno comunista\"}]},{\"@type\":\"WebSite\",\"@id\":\"https:\\\/\\\/www.rassegnastampa-totustuus.it\\\/cattolica\\\/#website\",\"url\":\"https:\\\/\\\/www.rassegnastampa-totustuus.it\\\/cattolica\\\/\",\"name\":\"Rassegna Stampa Cattolica\",\"description\":\"Per una cultura che nasce dalla Rivelazione cristiana in conformit\u00e0 alla tradizione e al Magistero della Chiesa in opposizione ad ogni relativismo e totalitarismo\",\"publisher\":{\"@id\":\"https:\\\/\\\/www.rassegnastampa-totustuus.it\\\/cattolica\\\/#organization\"},\"alternateName\":\"Rass. Cattolica\",\"potentialAction\":[{\"@type\":\"SearchAction\",\"target\":{\"@type\":\"EntryPoint\",\"urlTemplate\":\"https:\\\/\\\/www.rassegnastampa-totustuus.it\\\/cattolica\\\/?s={search_term_string}\"},\"query-input\":{\"@type\":\"PropertyValueSpecification\",\"valueRequired\":true,\"valueName\":\"search_term_string\"}}],\"inLanguage\":\"it-IT\"},{\"@type\":\"Organization\",\"@id\":\"https:\\\/\\\/www.rassegnastampa-totustuus.it\\\/cattolica\\\/#organization\",\"name\":\"Rassegna Stampa Cattolica\",\"url\":\"https:\\\/\\\/www.rassegnastampa-totustuus.it\\\/cattolica\\\/\",\"logo\":{\"@type\":\"ImageObject\",\"inLanguage\":\"it-IT\",\"@id\":\"https:\\\/\\\/www.rassegnastampa-totustuus.it\\\/cattolica\\\/#\\\/schema\\\/logo\\\/image\\\/\",\"url\":\"https:\\\/\\\/www.rassegnastampa-totustuus.it\\\/cattolica\\\/wp-content\\\/uploads\\\/2014\\\/04\\\/logo-rassegna1.gif\",\"contentUrl\":\"https:\\\/\\\/www.rassegnastampa-totustuus.it\\\/cattolica\\\/wp-content\\\/uploads\\\/2014\\\/04\\\/logo-rassegna1.gif\",\"width\":600,\"height\":163,\"caption\":\"Rassegna Stampa Cattolica\"},\"image\":{\"@id\":\"https:\\\/\\\/www.rassegnastampa-totustuus.it\\\/cattolica\\\/#\\\/schema\\\/logo\\\/image\\\/\"},\"sameAs\":[\"https:\\\/\\\/www.facebook.com\\\/rassegnastampacattolica\",\"https:\\\/\\\/x.com\\\/rassegnastampa9\"]},{\"@type\":\"Person\",\"@id\":\"https:\\\/\\\/www.rassegnastampa-totustuus.it\\\/cattolica\\\/#\\\/schema\\\/person\\\/08f319d2bd1a0904ad9e2bfb7b15e5c3\",\"name\":\"Redazione\",\"image\":{\"@type\":\"ImageObject\",\"inLanguage\":\"it-IT\",\"@id\":\"https:\\\/\\\/secure.gravatar.com\\\/avatar\\\/2fcdf27c78ea025fbdb44e914cc63c72249ffec9dc8aafd5c82b26240ef3f346?s=96&d=mm&r=g\",\"url\":\"https:\\\/\\\/secure.gravatar.com\\\/avatar\\\/2fcdf27c78ea025fbdb44e914cc63c72249ffec9dc8aafd5c82b26240ef3f346?s=96&d=mm&r=g\",\"contentUrl\":\"https:\\\/\\\/secure.gravatar.com\\\/avatar\\\/2fcdf27c78ea025fbdb44e914cc63c72249ffec9dc8aafd5c82b26240ef3f346?s=96&d=mm&r=g\",\"caption\":\"Redazione\"},\"url\":\"https:\\\/\\\/www.rassegnastampa-totustuus.it\\\/cattolica\\\/author\\\/pietroelle\\\/\"}]}<\/script>\n<!-- \/ Yoast SEO plugin. -->","yoast_head_json":{"title":"Nureyev: via dall\u2019inferno comunista - Rassegna Stampa Cattolica","description":"Rassegna Stampa Cattolica - Per una cultura che nasce dalla Rivelazione cristiana in conformit\u00e0 alla tradizione e al Magistero della Chiesa in opposizione ad ogni relativismo e totalitarismo","robots":{"index":"index","follow":"follow","max-snippet":"max-snippet:-1","max-image-preview":"max-image-preview:large","max-video-preview":"max-video-preview:-1"},"canonical":"https:\/\/www.rassegnastampa-totustuus.it\/cattolica\/nureyev-via-dallinferno-comunista\/","og_locale":"it_IT","og_type":"article","og_title":"Nureyev: via dall\u2019inferno comunista - Rassegna Stampa Cattolica","og_description":"Rassegna Stampa Cattolica - Per una cultura che nasce dalla Rivelazione cristiana in conformit\u00e0 alla tradizione e al Magistero della Chiesa in opposizione ad ogni relativismo e totalitarismo","og_url":"https:\/\/www.rassegnastampa-totustuus.it\/cattolica\/nureyev-via-dallinferno-comunista\/","og_site_name":"Rassegna Stampa Cattolica","article_publisher":"https:\/\/www.facebook.com\/rassegnastampacattolica","article_published_time":"2019-11-27T23:00:22+00:00","article_modified_time":"2019-11-28T07:31:27+00:00","og_image":[{"width":1333,"height":1000,"url":"https:\/\/www.rassegnastampa-totustuus.it\/cattolica\/wp-content\/uploads\/2019\/11\/Nureyev_film.jpg","type":"image\/jpeg"}],"author":"Redazione","twitter_card":"summary_large_image","twitter_creator":"@rassegnastampa9","twitter_site":"@rassegnastampa9","twitter_misc":{"Scritto da":"Redazione","Tempo di lettura stimato":"6 minuti"},"schema":{"@context":"https:\/\/schema.org","@graph":[{"@type":"Article","@id":"https:\/\/www.rassegnastampa-totustuus.it\/cattolica\/nureyev-via-dallinferno-comunista\/#article","isPartOf":{"@id":"https:\/\/www.rassegnastampa-totustuus.it\/cattolica\/nureyev-via-dallinferno-comunista\/"},"author":{"name":"Redazione","@id":"https:\/\/www.rassegnastampa-totustuus.it\/cattolica\/#\/schema\/person\/08f319d2bd1a0904ad9e2bfb7b15e5c3"},"headline":"Nureyev: via dall\u2019inferno comunista","datePublished":"2019-11-27T23:00:22+00:00","dateModified":"2019-11-28T07:31:27+00:00","mainEntityOfPage":{"@id":"https:\/\/www.rassegnastampa-totustuus.it\/cattolica\/nureyev-via-dallinferno-comunista\/"},"wordCount":1278,"publisher":{"@id":"https:\/\/www.rassegnastampa-totustuus.it\/cattolica\/#organization"},"image":{"@id":"https:\/\/www.rassegnastampa-totustuus.it\/cattolica\/nureyev-via-dallinferno-comunista\/#primaryimage"},"thumbnailUrl":"https:\/\/www.rassegnastampa-totustuus.it\/cattolica\/wp-content\/uploads\/2019\/11\/Nureyev_film.jpg","keywords":["al cinema","personaggi","Rudolf Nureyev"],"articleSection":["Al cinema","Personaggi"],"inLanguage":"it-IT"},{"@type":"WebPage","@id":"https:\/\/www.rassegnastampa-totustuus.it\/cattolica\/nureyev-via-dallinferno-comunista\/","url":"https:\/\/www.rassegnastampa-totustuus.it\/cattolica\/nureyev-via-dallinferno-comunista\/","name":"Nureyev: via dall\u2019inferno comunista - Rassegna Stampa Cattolica","isPartOf":{"@id":"https:\/\/www.rassegnastampa-totustuus.it\/cattolica\/#website"},"primaryImageOfPage":{"@id":"https:\/\/www.rassegnastampa-totustuus.it\/cattolica\/nureyev-via-dallinferno-comunista\/#primaryimage"},"image":{"@id":"https:\/\/www.rassegnastampa-totustuus.it\/cattolica\/nureyev-via-dallinferno-comunista\/#primaryimage"},"thumbnailUrl":"https:\/\/www.rassegnastampa-totustuus.it\/cattolica\/wp-content\/uploads\/2019\/11\/Nureyev_film.jpg","datePublished":"2019-11-27T23:00:22+00:00","dateModified":"2019-11-28T07:31:27+00:00","description":"Rassegna Stampa Cattolica - Per una cultura che nasce dalla Rivelazione cristiana in conformit\u00e0 alla tradizione e al Magistero della Chiesa in opposizione ad ogni relativismo e totalitarismo","breadcrumb":{"@id":"https:\/\/www.rassegnastampa-totustuus.it\/cattolica\/nureyev-via-dallinferno-comunista\/#breadcrumb"},"inLanguage":"it-IT","potentialAction":[{"@type":"ReadAction","target":["https:\/\/www.rassegnastampa-totustuus.it\/cattolica\/nureyev-via-dallinferno-comunista\/"]}]},{"@type":"ImageObject","inLanguage":"it-IT","@id":"https:\/\/www.rassegnastampa-totustuus.it\/cattolica\/nureyev-via-dallinferno-comunista\/#primaryimage","url":"https:\/\/www.rassegnastampa-totustuus.it\/cattolica\/wp-content\/uploads\/2019\/11\/Nureyev_film.jpg","contentUrl":"https:\/\/www.rassegnastampa-totustuus.it\/cattolica\/wp-content\/uploads\/2019\/11\/Nureyev_film.jpg","width":1333,"height":1000},{"@type":"BreadcrumbList","@id":"https:\/\/www.rassegnastampa-totustuus.it\/cattolica\/nureyev-via-dallinferno-comunista\/#breadcrumb","itemListElement":[{"@type":"ListItem","position":1,"name":"Home","item":"https:\/\/www.rassegnastampa-totustuus.it\/cattolica\/"},{"@type":"ListItem","position":2,"name":"Nureyev: via dall\u2019inferno comunista"}]},{"@type":"WebSite","@id":"https:\/\/www.rassegnastampa-totustuus.it\/cattolica\/#website","url":"https:\/\/www.rassegnastampa-totustuus.it\/cattolica\/","name":"Rassegna Stampa Cattolica","description":"Per una cultura che nasce dalla Rivelazione cristiana in conformit\u00e0 alla tradizione e al Magistero della Chiesa in opposizione ad ogni relativismo e totalitarismo","publisher":{"@id":"https:\/\/www.rassegnastampa-totustuus.it\/cattolica\/#organization"},"alternateName":"Rass. Cattolica","potentialAction":[{"@type":"SearchAction","target":{"@type":"EntryPoint","urlTemplate":"https:\/\/www.rassegnastampa-totustuus.it\/cattolica\/?s={search_term_string}"},"query-input":{"@type":"PropertyValueSpecification","valueRequired":true,"valueName":"search_term_string"}}],"inLanguage":"it-IT"},{"@type":"Organization","@id":"https:\/\/www.rassegnastampa-totustuus.it\/cattolica\/#organization","name":"Rassegna Stampa Cattolica","url":"https:\/\/www.rassegnastampa-totustuus.it\/cattolica\/","logo":{"@type":"ImageObject","inLanguage":"it-IT","@id":"https:\/\/www.rassegnastampa-totustuus.it\/cattolica\/#\/schema\/logo\/image\/","url":"https:\/\/www.rassegnastampa-totustuus.it\/cattolica\/wp-content\/uploads\/2014\/04\/logo-rassegna1.gif","contentUrl":"https:\/\/www.rassegnastampa-totustuus.it\/cattolica\/wp-content\/uploads\/2014\/04\/logo-rassegna1.gif","width":600,"height":163,"caption":"Rassegna Stampa Cattolica"},"image":{"@id":"https:\/\/www.rassegnastampa-totustuus.it\/cattolica\/#\/schema\/logo\/image\/"},"sameAs":["https:\/\/www.facebook.com\/rassegnastampacattolica","https:\/\/x.com\/rassegnastampa9"]},{"@type":"Person","@id":"https:\/\/www.rassegnastampa-totustuus.it\/cattolica\/#\/schema\/person\/08f319d2bd1a0904ad9e2bfb7b15e5c3","name":"Redazione","image":{"@type":"ImageObject","inLanguage":"it-IT","@id":"https:\/\/secure.gravatar.com\/avatar\/2fcdf27c78ea025fbdb44e914cc63c72249ffec9dc8aafd5c82b26240ef3f346?s=96&d=mm&r=g","url":"https:\/\/secure.gravatar.com\/avatar\/2fcdf27c78ea025fbdb44e914cc63c72249ffec9dc8aafd5c82b26240ef3f346?s=96&d=mm&r=g","contentUrl":"https:\/\/secure.gravatar.com\/avatar\/2fcdf27c78ea025fbdb44e914cc63c72249ffec9dc8aafd5c82b26240ef3f346?s=96&d=mm&r=g","caption":"Redazione"},"url":"https:\/\/www.rassegnastampa-totustuus.it\/cattolica\/author\/pietroelle\/"}]}},"_links":{"self":[{"href":"https:\/\/www.rassegnastampa-totustuus.it\/cattolica\/wp-json\/wp\/v2\/posts\/45279","targetHints":{"allow":["GET"]}}],"collection":[{"href":"https:\/\/www.rassegnastampa-totustuus.it\/cattolica\/wp-json\/wp\/v2\/posts"}],"about":[{"href":"https:\/\/www.rassegnastampa-totustuus.it\/cattolica\/wp-json\/wp\/v2\/types\/post"}],"author":[{"embeddable":true,"href":"https:\/\/www.rassegnastampa-totustuus.it\/cattolica\/wp-json\/wp\/v2\/users\/6"}],"replies":[{"embeddable":true,"href":"https:\/\/www.rassegnastampa-totustuus.it\/cattolica\/wp-json\/wp\/v2\/comments?post=45279"}],"version-history":[{"count":5,"href":"https:\/\/www.rassegnastampa-totustuus.it\/cattolica\/wp-json\/wp\/v2\/posts\/45279\/revisions"}],"predecessor-version":[{"id":45298,"href":"https:\/\/www.rassegnastampa-totustuus.it\/cattolica\/wp-json\/wp\/v2\/posts\/45279\/revisions\/45298"}],"wp:featuredmedia":[{"embeddable":true,"href":"https:\/\/www.rassegnastampa-totustuus.it\/cattolica\/wp-json\/wp\/v2\/media\/45283"}],"wp:attachment":[{"href":"https:\/\/www.rassegnastampa-totustuus.it\/cattolica\/wp-json\/wp\/v2\/media?parent=45279"}],"wp:term":[{"taxonomy":"category","embeddable":true,"href":"https:\/\/www.rassegnastampa-totustuus.it\/cattolica\/wp-json\/wp\/v2\/categories?post=45279"},{"taxonomy":"post_tag","embeddable":true,"href":"https:\/\/www.rassegnastampa-totustuus.it\/cattolica\/wp-json\/wp\/v2\/tags?post=45279"}],"curies":[{"name":"wp","href":"https:\/\/api.w.org\/{rel}","templated":true}]}}