{"id":45254,"date":"2019-11-28T00:00:14","date_gmt":"2019-11-27T23:00:14","guid":{"rendered":"http:\/\/www.rassegnastampa-totustuus.it\/cattolica\/?p=45254"},"modified":"2020-01-15T16:21:56","modified_gmt":"2020-01-15T15:21:56","slug":"massoneria-rivoluzione-francese-liberte-egalite-modernite-1","status":"publish","type":"post","link":"https:\/\/www.rassegnastampa-totustuus.it\/cattolica\/massoneria-rivoluzione-francese-liberte-egalite-modernite-1\/","title":{"rendered":"Massoneria &#038; Rivoluzione francese. Libert\u00e9, Egalit\u00e9\u2026 Modernit\u00e9 (1)"},"content":{"rendered":"<p style=\"text-align: center;\"><strong><a href=\"https:\/\/www.rassegnastampa-totustuus.it\/cattolica\/wp-content\/uploads\/2019\/07\/rivoluzione_francese.jpg\"><img loading=\"lazy\" decoding=\"async\" class=\"size-full wp-image-43727 alignleft\" src=\"https:\/\/www.rassegnastampa-totustuus.it\/cattolica\/wp-content\/uploads\/2019\/07\/rivoluzione_francese.jpg\" alt=\"\" width=\"184\" height=\"274\" \/><\/a><a href=\"https:\/\/www.ricognizioni.it\/\" target=\"_blank\" rel=\"noopener noreferrer\">Ricognizioni<\/a><\/strong> 19 Novembre 2019<\/p>\n<p style=\"text-align: center;\"><strong>Mario Di Giovanni \u00a0<\/strong><\/p>\n<p style=\"text-align: justify;\">Da tempo, nel calendario delle democrazie, gli anniversari della Rivoluzione francese (quest\u2019anno cade il 230\u00b0) non sono pi\u00f9 segnati come festa grande. Anzi, le ultime generazioni di studiosi, compresi gli storici di sinistra, oggi non risparmiano critiche all\u2019operato di Robespierre e affini.<\/p>\n<p><!--more--><\/p>\n<p style=\"text-align: justify;\">La cultura ufficiale e l\u2019insegnamento di Stato, tuttavia, persistono nel celebrare l\u2019evento con l\u2019usuale corredo di narrazioni trionfalistiche e di una retorica asfissiante, come se, par di capire, vi fosse la sottintesa consegna di mascherare la Storia con la propaganda ideologica.<\/p>\n<p style=\"text-align: justify;\">D\u2019altro canto la Rivoluzione del 1789 \u00e8 la radice della modernit\u00e0, dunque ci\u00f2 che vale per la prima vale, in fondo, anche per la seconda, cio\u00e8 per il sistema nel quale oggi viviamo: non sorprende che il pensiero ufficiale perpetui la glorificazione dell\u2019evento.<\/p>\n<p style=\"text-align: justify;\"><a href=\"https:\/\/www.rassegnastampa-totustuus.it\/cattolica\/wp-content\/uploads\/2019\/07\/rivoluzione-francese.jpg\"><img loading=\"lazy\" decoding=\"async\" class=\"size-full wp-image-43399 alignright\" src=\"https:\/\/www.rassegnastampa-totustuus.it\/cattolica\/wp-content\/uploads\/2019\/07\/rivoluzione-francese.jpg\" alt=\"\" width=\"263\" height=\"191\" \/><\/a>Va notato che sono sparsi profumi non tanto per coprire il fetore di morte che si leva dai massacri della Rivoluzione francese, \u201cdanni collaterali\u201d dei quali la democrazia non si \u00e8 mai vergognata, quanto il fetore della menzogna, perch\u00e9 la Rivoluzione ha sempre mentito. La cultura ufficiale teme che si comprenda questo, e per questo obbliga ad un culto estatico dell\u201989.<\/p>\n<p style=\"text-align: justify;\">La Rivoluzione ha mentito sin dall\u2019inizio, quando proclamava la sua causa presunta: la reazione di un popolo che gemeva sotto l\u2019assolutismo. In realt\u00e0, per poco che ci si allontani dalla storia ufficiale, la storia reale mostra che il regno di Luigi XVI fu la negazione della tirannia, a cominciare dalla benevolenza che caratterizzava il Re come uomo.<\/p>\n<p style=\"text-align: justify;\">Luigi Capeto riform\u00f2 il sistema penale mettendo al bando la tortura, e si apprestava a riformare lo stesso sistema dei privilegi feudali. Gli storici sono concordi nell\u2019affermare che, quando Luigi XVI and\u00f2 alla ghigliottina, non aveva colpa alcuna, se non quella di essere simbolo vivente di un mondo che la Rivoluzione voleva distruggere: la sua morte doveva essere, e fu, un rito di passaggio.<\/p>\n<p style=\"text-align: justify;\"><a href=\"https:\/\/www.rassegnastampa-totustuus.it\/cattolica\/wp-content\/uploads\/2018\/07\/Luigi-XVI.jpg\"><img loading=\"lazy\" decoding=\"async\" class=\" wp-image-40737 alignleft\" src=\"https:\/\/www.rassegnastampa-totustuus.it\/cattolica\/wp-content\/uploads\/2018\/07\/Luigi-XVI.jpg\" alt=\"\" width=\"177\" height=\"225\" \/><\/a>La seconda menzogna istituzionale, dopo quella della \u201ctirannia\u201d, \u00e8 corollario della prima: il carattere spontaneo e popolare della Rivoluzione. In realt\u00e0 il popolo francese fu strumento di un progetto ideologico elaborato nella teoria e pianificato nella pratica, da \u201caltri\u201d.<\/p>\n<p style=\"text-align: justify;\">Beninteso: \u00e8 un fatto che parte del popolo francese si ribell\u00f2 alla monarchia. Ma \u00e8 ugualmente un fatto che la Francia pre-rivoluzionaria fu investita per mezzo secolo dall\u2019ininterrotta propaganda, antimonarchica e anticristiana, degli Illuministi, gli \u201caltri\u201d.<\/p>\n<p style=\"text-align: center;\"><strong>IL MONTAGGIO DELLA RIVOLUZIONE<\/strong><\/p>\n<p style=\"text-align: justify;\">I cittadini delle moderne democrazie conoscono bene l\u2019efficacia di una comunicazione mediatica martellante, conoscono il suo potere di confezionare \u201cpensieri unici\u201d nella coscienza collettiva: si immagini quanto questo potesse valere presso l\u2019opinione pubblica del XVIII secolo.<\/p>\n<p style=\"text-align: justify;\">Annotava Pio XII nel radiomessaggio del Natale 1944: <em>\u201cPopolo e moltitudine amorfa o, come suol dirsi, \u00abmassa\u00bb sono due concetti diversi. Il popolo vive e si muove per vita propria; la massa \u00e8 per s\u00e9 inerte, e non pu\u00f2 essere mossa che dal di fuori (\u2026) facile trastullo nelle mani di chiunque ne sfrutti gl\u2019istinti o le impressioni, pronta a seguire, a volta a volta, oggi questa, domani quell\u2019altra bandiera\u201d<\/em>.<\/p>\n<p style=\"text-align: justify;\"><a href=\"https:\/\/www.rassegnastampa-totustuus.it\/cattolica\/wp-content\/uploads\/2018\/08\/uomo-massa.jpg\"><img loading=\"lazy\" decoding=\"async\" class=\"size-medium wp-image-40846 alignright\" src=\"https:\/\/www.rassegnastampa-totustuus.it\/cattolica\/wp-content\/uploads\/2018\/08\/uomo-massa-300x136.jpg\" alt=\"\" width=\"300\" height=\"136\" srcset=\"https:\/\/www.rassegnastampa-totustuus.it\/cattolica\/wp-content\/uploads\/2018\/08\/uomo-massa-300x136.jpg 300w, https:\/\/www.rassegnastampa-totustuus.it\/cattolica\/wp-content\/uploads\/2018\/08\/uomo-massa.jpg 334w\" sizes=\"auto, (max-width: 300px) 100vw, 300px\" \/><\/a>Il popolo ha un\u2019identit\u00e0 radicata nella propria storia e nelle proprie tradizioni, intorno alle quali prende forma la sua identit\u00e0. Se un popolo \u00e8 forzato a rinnegare la sua anima, allora diventa massa priva di cultura e quindi di idee, che saranno, da quel momento in poi, sempre fornite da \u201caltri\u201d.<\/p>\n<p style=\"text-align: justify;\">Nel caso di specie, gli Illuministi, i <em>Philosophes<\/em>, come erano chiamati nella Francia pre-rivoluzionaria, le cui idee corrosero come un acido l\u2019identit\u00e0 cattolica del popolo francese. \u00a0Dopo un viaggio a Parigi nel 1765 \u2013 i <em>Philosophes<\/em> spargevano le loro idee da pi\u00f9 di trent\u2019anni \u2013 scriveva l\u2019ambasciatore inglese Orazio Walpole, cancelliere dello Scacchiere (1): <em>\u201cIl buon umore \u00e8 gi\u00f9 di moda come il gioco dei burattini o quello dell\u2019ometto sempre ritto. Queste brave persone non trovano pi\u00f9 il tempo di stare liete, hanno troppo da fare: devono detronizzare Dio e il Re. Singolarmente e collettivamente, uomini e donne si son messi d\u2019impegno a quest\u2019opera di demolizione\u201d<\/em><\/p>\n<p style=\"text-align: center;\"><strong>LO SCENARIO<\/strong><\/p>\n<p style=\"text-align: justify;\"><a href=\"https:\/\/www.rassegnastampa-totustuus.it\/cattolica\/wp-content\/uploads\/2006\/04\/illuministi.jpg\"><img loading=\"lazy\" decoding=\"async\" class=\" wp-image-30831 alignleft\" src=\"https:\/\/www.rassegnastampa-totustuus.it\/cattolica\/wp-content\/uploads\/2006\/04\/illuministi.jpg\" alt=\"\" width=\"186\" height=\"232\" \/><\/a>Non erano figli del popolo ed erano tutt\u2019altro che \u201coppressi\u201d i <em>Philosophes<\/em> Voltaire, Montesquieu, Diderot, Condorcet, d\u2019Alambert, d\u2019Holbach, Helvetius e altri al seguito. Questi <em>Filosofi<\/em> dalla vita agiata, aristocratici e ricchi borghesi, rimodularono la coscienza collettiva attraverso libri, opuscoli, riviste, associazioni, sale di lettura, circoli e salotti, seminando ininterrottamente idee eversive che educarono l\u2019opinione pubblica francese al disprezzo delle istituzioni nazionali e all\u2019adorazione di quelle inglesi.<\/p>\n<p style=\"text-align: justify;\">Con zelo ancora maggiore divulgarono un pensiero ateo e materialista, che spingeva all\u2019odio verso il Cattolicesimo. Di un pensiero \u201cpopolare\u201d non vi era per\u00f2 traccia: gli Illuministi neppure sfiorarono il concetto di democrazia, autocertificandosi \u00e9lite e guida del paese.<\/p>\n<p style=\"text-align: justify;\">Un ordine di idee che il caposcuola dell\u2019Illuminismo, Voltaire, esplicit\u00f2 nel famoso aforisma:\u00a0<em>\u201cQuand la populace se m\u00eale de raisonner, tout est perdu\u201d<\/em> \u201cQuando la plebaglia si mette a ragionare, tutto \u00e8 perduto\u201d. (Corrispondenza, 1 aprile 1776) Nulla che non sia gi\u00e0 noto: la storia ufficiale non nasconde tutto questo.<\/p>\n<p style=\"text-align: justify;\"><a href=\"https:\/\/www.rassegnastampa-totustuus.it\/cattolica\/wp-content\/uploads\/2019\/03\/Maximilien_Robespierre.png\"><img loading=\"lazy\" decoding=\"async\" class=\" wp-image-42248 alignright\" src=\"https:\/\/www.rassegnastampa-totustuus.it\/cattolica\/wp-content\/uploads\/2019\/03\/Maximilien_Robespierre.png\" alt=\"\" width=\"181\" height=\"225\" \/><\/a>Ci\u00f2 che invece essa nasconde \u00e8 la doppia vita sia degli Illuministi della prima ora sia dei rivoluzionari loro discepoli: Sieyes, Mirabeau, Demoulins, Danton, Marat, Robespierre, Saint Just e altri al seguito. Tutti costoro, gli Illuministi prima, i rivoluzionari poi, erano affiliati alla massoneria. Tutti senza eccezioni.<\/p>\n<p style=\"text-align: justify;\">Invano cerchereste, nelle opere di divulgazione storica, una sola riga sull\u2019argomento, che \u00e8 trattato assai di rado e solo in testi specialistici, inavvicinabili dall\u2019uomo comune e sconosciuti anche ai pi\u00f9 colti. Come \u201c<em>Il tramonto dell\u2019Illuminismo\u201d<\/em> <em>(<\/em><em>2<\/em><em>)<\/em> di Sergio Moravia, antropologo e docente ordinario di Storia della Filosofia presso l\u2019Universit\u00e0 di Firenze, conferenziere di fama internazionale, che certifica l\u2019appartenenza alla massoneria sia degli Illuministi sia dei rivoluzionari dell\u201989.<\/p>\n<p style=\"text-align: justify;\">Moravia \u00e8 ebreo e, plausibilmente, anche massone, a giudicare dalla sviscerata ammirazione che mostra verso i nostri eroi, dunque persona poco incline a favorire il \u201ccomplottismo\u201d e, per cos\u00ec dire, informata sui fatti. Il cosiddetto \u201clibero pensiero\u201d del XVIII secolo appare quindi tutt\u2019altro che libero, vincolato com\u2019era ai progetti di una societ\u00e0 segreta maestra di manipolazione delle coscienze, individuali e collettive, e maestra di rivoluzioni.<\/p>\n<p style=\"text-align: justify;\"><a href=\"https:\/\/www.rassegnastampa-totustuus.it\/cattolica\/wp-content\/uploads\/2005\/07\/Bastiglia.jpg\"><img loading=\"lazy\" decoding=\"async\" class=\" wp-image-36074 alignleft\" src=\"https:\/\/www.rassegnastampa-totustuus.it\/cattolica\/wp-content\/uploads\/2005\/07\/Bastiglia.jpg\" alt=\"\" width=\"276\" height=\"178\" \/><\/a>Un secolo dopo la presa della Bastiglia, sulla pi\u00f9 autorevole rivista massonica di Francia un maestro di loggia scriveva: \u201c<em>S\u00ec, noi siamo rivoluzionari, perch\u00e9 non soltanto camminiamo con la rivoluzione, ma vi spingiamo i popoli\u201d<\/em> (3). Le rivoluzioni massoniche non mantengono mai, per\u00f2, ci\u00f2 che promettono.<\/p>\n<p style=\"text-align: justify;\">Nel caso di specie, il trinomio rivoluzionario \u201clibert\u00e0, uguaglianza, fraternit\u00e0\u201d si rivel\u00f2 infine un\u2019ariosa teoria utile soltanto a infiammare gli animi, mentre i fatti andavano in tutt\u2019altra direzione. Una lettura retrospettiva degli eventi mostra che la posta in gioco della Rivoluzione, nelle attese dei suoi organizzatori, non era la cancellazione dei privilegi feudali, ma la cancellazione della civilt\u00e0 cristiana.<\/p>\n<p style=\"text-align: justify;\"><a href=\"https:\/\/www.rassegnastampa-totustuus.it\/cattolica\/wp-content\/uploads\/2019\/05\/ghigliottina_rivoluzione_francese-3.jpg\"><img loading=\"lazy\" decoding=\"async\" class=\"size-full wp-image-43058 alignright\" src=\"https:\/\/www.rassegnastampa-totustuus.it\/cattolica\/wp-content\/uploads\/2019\/05\/ghigliottina_rivoluzione_francese-3.jpg\" alt=\"\" width=\"179\" height=\"282\" \/><\/a>A pochi anni dalla Bastiglia i francesi, ancora sporchi del sangue di Luigi XVI, acclamarono Napoleone imperatore, il nuovo monarca, e la sua corte, la nuova aristocrazia. I rivoluzionari, dopo aver distrutto, tra il resto, le corporazioni e le associazioni di mestiere dell\u2019<em>ancien regime<\/em> <em>(<\/em>Legge Le Chapelier emanata dalla Convenzione il 14 giugno 1791) che fino allora avevano garantito tutela alle classi lavoratrici, consegnarono gli operai al nascente capitalismo industriale, il nuovo regime, che ne fece carne da macello.<\/p>\n<p style=\"text-align: justify;\">La Francia, che al seguito della Rivoluzione e a prezzo di stragi, aveva cessato d\u2019essere monarchica per diventare repubblicana, al seguito di Napoleone si risvegli\u00f2 nientemeno che imperiale, felicemente sottomessa a un individuo che si reputava un semi-dio, detentore di un potere senza limiti e senza freni. Tutto questo, con il plauso e la collaborazione della stessa massoneria che aveva pianificato la Rivoluzione in nome della lotta contro i \u201cprivilegi\u201d.<\/p>\n<p style=\"text-align: justify;\">Lo storico massone Ernesto Nys (4): <em>\u201cL\u2019Impero fu per la Massoneria un periodo di vera prosperit\u00e0. Il Grande Oriente fin\u00ec per avere alla sua obbedienza 826 logge e 337 capitoli, e i nomi delle persone che li componevano mostrano chiaramente l\u2019importanza che l\u2019istituzione aveva acquistata. <a href=\"https:\/\/www.rassegnastampa-totustuus.it\/cattolica\/wp-content\/uploads\/2005\/06\/somboli_massoneria.jpg\"><img loading=\"lazy\" decoding=\"async\" class=\"size-full wp-image-32992 alignleft\" src=\"https:\/\/www.rassegnastampa-totustuus.it\/cattolica\/wp-content\/uploads\/2005\/06\/somboli_massoneria.jpg\" alt=\"\" width=\"254\" height=\"190\" \/><\/a>Nel 1807, per non citare che quell\u2019anno, Giuseppe re di Napoli e di Sicilia, grand\u2019elettore dell\u2019Impero,era gran maestro; il principe Cambareces e il principe Murat erano gran maestri aggiunti. Tra i grandi dignitari figuravano i marescialli Kellerman, Massena, Lannes, Angereau\u201d.<\/em><\/p>\n<p style=\"text-align: justify;\">La struttura del potere non era quindi cambiata, in Francia, dopo la Rivoluzione, ma era cambiata la sua natura: l\u2019ordine costituito non era pi\u00f9 cristiano. Questo era ci\u00f2 che importava alla massoneria. Lo storico Jean Dumont (5): <em>\u201cL\u2019anticristianesimo totalitario \u00e8 la sola vera essenza della Rivoluzione francese e il suo vero unico progetto, iniziale e finale\u201d.<\/em><\/p>\n<p style=\"text-align: center;\"><strong>NOTE SULLA MASSONERIA<\/strong><\/p>\n<p style=\"text-align: justify;\">La massoneria moderna o Libera Muratoria, \u00e8 stata fondata il 24 giugno del 1717 con la costituzione della Gran Loggia di Londra. Il termine \u2013 dal francese\u00a0<em>ma\u00e7on<\/em>\u00a0e dall\u2019inglese <em>mason<\/em>: muratore \u2013 per secoli aveva designato le corporazioni dei costruttori (tagliapietre, scalpellini e muratori sotto la guida di un maestro architetto), che, a partire dal secolo XIII, legarono la loro fama allo sviluppo dello stile gotico internazionale che costell\u00f2 l\u2019Europa di cattedrali dalla Scandinavia alla Spagna.<\/p>\n<p style=\"text-align: justify;\"><a href=\"https:\/\/www.rassegnastampa-totustuus.it\/cattolica\/wp-content\/uploads\/2005\/10\/Massoneria.jpg\"><img loading=\"lazy\" decoding=\"async\" class=\"size-full wp-image-30069 alignright\" src=\"https:\/\/www.rassegnastampa-totustuus.it\/cattolica\/wp-content\/uploads\/2005\/10\/Massoneria.jpg\" alt=\"\" width=\"230\" height=\"219\" \/><\/a>Le corporazioni muratorie furono custodi delle pi\u00f9 alte manifestazioni dell\u2019arte e della cultura cattoliche. I massoni moderni si appropriarono della terminologia e dell\u2019iconografia dell\u2019antica Libera Muratoria (detta \u201clibera\u201d, nel medioevo, perch\u00e8 in virt\u00f9 del loro ruolo sociale le corporazioni muratorie erano esenti da imposte), applicandole concettualmente alla costruzione di un uomo nuovo e di un nuovo ordine del mondo.<\/p>\n<p style=\"text-align: justify;\">La massoneria del 1717, per distinguersi dalla massoneria operativa, defin\u00ec quindi se stessa (e a tutt\u2019oggi si definisce) \u201csimbolica\u201d. I segreti del mestiere dei costruttori si trasformarono cos\u00ec nel proverbiale segreto massonico, insieme dottrinale e politico: i massoni hanno sempre interdetto ai profani, cio\u00e8 ai non massoni, la conoscenza sia di ci\u00f2 che veramente pensano, sia di ci\u00f2 che veramente fanno.<\/p>\n<p style=\"text-align: justify;\"><a href=\"https:\/\/www.rassegnastampa-totustuus.it\/cattolica\/wp-content\/uploads\/2019\/07\/massoneria-1.jpg\"><img loading=\"lazy\" decoding=\"async\" class=\"size-full wp-image-43517 alignleft\" src=\"https:\/\/www.rassegnastampa-totustuus.it\/cattolica\/wp-content\/uploads\/2019\/07\/massoneria-1.jpg\" alt=\"\" width=\"237\" height=\"212\" \/><\/a>L\u2019inglese James Anderson e il franco-inglese Teofilo Desaguliers, i pastori protestanti (presbiteriano il primo, ugonotto il secondo) fondatori della Gran Loggia di Londra, erano emissari visibili di uomini che amavano l\u2019invisibilit\u00e0. Uomini che avevano agito dietro le quinte dei conflitti religiosi che opposero gli Asburgo cattolici ai principi protestanti (Guerra dei trent\u2019anni, 1618-1648) puntando, in odio al Cattolicesimo, su luterani e calvinisti.<\/p>\n<p style=\"text-align: justify;\">Uomini che propagarono nel fronte protestante un pensiero non solo anticattolico ma anticristiano.<\/p>\n<p style=\"text-align: justify;\"><strong>Note<\/strong><\/p>\n<p style=\"text-align: justify;\"><strong>1)<\/strong> Cfr. Pierre Gaxotte,\u201c <em>La Rivoluzione Francese<\/em>\u201d, 5\u00aa Ediz., Rizzoli Editore, Milano 1949,<em>op.cit<\/em>., pp.72-73<\/p>\n<p style=\"text-align: justify;\"><strong>2)<\/strong> Cfr. Sergio Moravia \u201c<em>Il tramonto dell\u2019Illuminismo\u201d,\u00a0<\/em>Biblioteca Universale Laterza, Roma-Bari 1986.<\/p>\n<p style=\"text-align: justify;\"><strong>3)<\/strong> Cfr. \u201c<em>Massoneria Socialismo Ebraismo-Note storiche contemporanee d\u2019un italiano\u201c,<\/em> Arnaldo Forni Editore, Sala Bolognese 1979, p.21 Ristampa anastatica del testo originale pubblicato a Chiasso nel 1888. La citazione riprende il passaggio di un discorso del Maestro Venerabile della loggia <em>Le Globe<\/em> di Vincennes nel giugno 1879 e pubblicato dalla rivista <em>Monde Ma\u00e7onnique<\/em> nell\u2019agosto.<\/p>\n<p style=\"text-align: justify;\"><strong>4)<\/strong> Cfr. Cfr. Ernesto Nys, \u201c<em>Massoneria e societ\u00e0 moderna\u201d,<\/em> Bastogi, Foggia 1988, p.110. <strong>5)<\/strong> Cfr, Jean Dumont \u201c<em>I falsi miti della Rivoluzione francese<\/em>\u201d, effedieffe, Milano 1989, p.32.<\/p>\n<p style=\"text-align: center;\">(<strong><a href=\"https:\/\/www.rassegnastampa-totustuus.it\/cattolica\/?p=45259\" data-wplink-edit=\"true\">continua<\/a><\/strong>)<\/p>\n<p>___________________<\/p>\n<p><a href=\"https:\/\/www.rassegnastampa-totustuus.it\/cattolica\/?p=45259\">(2)<\/a> <a href=\"https:\/\/www.rassegnastampa-totustuus.it\/cattolica\/?p=45259\">Dagli illuminati all\u2019illuminismo<\/a><\/p>\n<p><a href=\"https:\/\/www.rassegnastampa-totustuus.it\/cattolica\/?p=45556\">(3) L\u2019intolleranza del \u201ctollerante\u201d Voltaire<\/a><\/p>\n<p><a href=\"https:\/\/www.rassegnastampa-totustuus.it\/cattolica\/?p=45570\">(4) La guerra a Cristo<\/a><\/p>\n<p><a href=\"https:\/\/www.rassegnastampa-totustuus.it\/cattolica\/?p=45752\">(5) la trappola degli Stati Generali<\/a><\/p>\n\n\n<p><\/p>\n","protected":false},"excerpt":{"rendered":"<p>Ricognizioni 19 Novembre 2019 Mario Di Giovanni \u00a0 Da tempo, nel calendario delle democrazie, gli anniversari della Rivoluzione francese (quest\u2019anno cade il 230\u00b0) non sono pi\u00f9 segnati come festa grande. Anzi, le ultime generazioni di studiosi, compresi gli storici di sinistra, oggi non risparmiano critiche all\u2019operato di Robespierre e affini.<\/p><p><a class=\"more-link btn\" href=\"https:\/\/www.rassegnastampa-totustuus.it\/cattolica\/massoneria-rivoluzione-francese-liberte-egalite-modernite-1\/\">Continua a leggere<\/a><\/p>\n","protected":false},"author":6,"featured_media":45255,"comment_status":"closed","ping_status":"closed","sticky":false,"template":"","format":"standard","meta":{"footnotes":""},"categories":[69,37,24],"tags":[2396,457,162],"class_list":["post-45254","post","type-post","status-publish","format-standard","has-post-thumbnail","hentry","category-massoneria","category-rivoluzione-francese","category-storia","tag-massoneria","tag-rivoluzione-francese-2","tag-storia-2","item-wrap"],"yoast_head":"<!-- This site is optimized with the Yoast SEO plugin v27.5 - https:\/\/yoast.com\/product\/yoast-seo-wordpress\/ -->\n<title>Massoneria &amp; Rivoluzione francese. Libert\u00e9, Egalit\u00e9\u2026 Modernit\u00e9 (1) - Rassegna Stampa Cattolica<\/title>\n<meta name=\"description\" content=\"Rassegna Stampa Cattolica - Per una cultura che nasce dalla Rivelazione cristiana in conformit\u00e0 alla tradizione e al Magistero della Chiesa in opposizione ad ogni relativismo e totalitarismo\" \/>\n<meta name=\"robots\" content=\"index, follow, max-snippet:-1, max-image-preview:large, max-video-preview:-1\" \/>\n<link rel=\"canonical\" href=\"https:\/\/www.rassegnastampa-totustuus.it\/cattolica\/massoneria-rivoluzione-francese-liberte-egalite-modernite-1\/\" \/>\n<meta property=\"og:locale\" content=\"it_IT\" \/>\n<meta property=\"og:type\" content=\"article\" \/>\n<meta property=\"og:title\" content=\"Massoneria &amp; Rivoluzione francese. Libert\u00e9, Egalit\u00e9\u2026 Modernit\u00e9 (1) - Rassegna Stampa Cattolica\" \/>\n<meta property=\"og:description\" content=\"Rassegna Stampa Cattolica - Per una cultura che nasce dalla Rivelazione cristiana in conformit\u00e0 alla tradizione e al Magistero della Chiesa in opposizione ad ogni relativismo e totalitarismo\" \/>\n<meta property=\"og:url\" content=\"https:\/\/www.rassegnastampa-totustuus.it\/cattolica\/massoneria-rivoluzione-francese-liberte-egalite-modernite-1\/\" \/>\n<meta property=\"og:site_name\" content=\"Rassegna Stampa Cattolica\" \/>\n<meta property=\"article:publisher\" content=\"https:\/\/www.facebook.com\/rassegnastampacattolica\" \/>\n<meta property=\"article:published_time\" content=\"2019-11-27T23:00:14+00:00\" \/>\n<meta property=\"article:modified_time\" content=\"2020-01-15T15:21:56+00:00\" \/>\n<meta property=\"og:image\" content=\"https:\/\/www.rassegnastampa-totustuus.it\/cattolica\/wp-content\/uploads\/2019\/11\/massoneria.jpg\" \/>\n\t<meta property=\"og:image:width\" content=\"1527\" \/>\n\t<meta property=\"og:image:height\" content=\"1102\" \/>\n\t<meta property=\"og:image:type\" content=\"image\/jpeg\" \/>\n<meta name=\"author\" content=\"Redazione\" \/>\n<meta name=\"twitter:card\" content=\"summary_large_image\" \/>\n<meta name=\"twitter:creator\" content=\"@rassegnastampa9\" \/>\n<meta name=\"twitter:site\" content=\"@rassegnastampa9\" \/>\n<meta name=\"twitter:label1\" content=\"Scritto da\" \/>\n\t<meta name=\"twitter:data1\" content=\"Redazione\" \/>\n\t<meta name=\"twitter:label2\" content=\"Tempo di lettura stimato\" \/>\n\t<meta name=\"twitter:data2\" content=\"9 minuti\" \/>\n<script type=\"application\/ld+json\" class=\"yoast-schema-graph\">{\"@context\":\"https:\\\/\\\/schema.org\",\"@graph\":[{\"@type\":\"Article\",\"@id\":\"https:\\\/\\\/www.rassegnastampa-totustuus.it\\\/cattolica\\\/massoneria-rivoluzione-francese-liberte-egalite-modernite-1\\\/#article\",\"isPartOf\":{\"@id\":\"https:\\\/\\\/www.rassegnastampa-totustuus.it\\\/cattolica\\\/massoneria-rivoluzione-francese-liberte-egalite-modernite-1\\\/\"},\"author\":{\"name\":\"Redazione\",\"@id\":\"https:\\\/\\\/www.rassegnastampa-totustuus.it\\\/cattolica\\\/#\\\/schema\\\/person\\\/08f319d2bd1a0904ad9e2bfb7b15e5c3\"},\"headline\":\"Massoneria &#038; Rivoluzione francese. Libert\u00e9, Egalit\u00e9\u2026 Modernit\u00e9 (1)\",\"datePublished\":\"2019-11-27T23:00:14+00:00\",\"dateModified\":\"2020-01-15T15:21:56+00:00\",\"mainEntityOfPage\":{\"@id\":\"https:\\\/\\\/www.rassegnastampa-totustuus.it\\\/cattolica\\\/massoneria-rivoluzione-francese-liberte-egalite-modernite-1\\\/\"},\"wordCount\":1809,\"publisher\":{\"@id\":\"https:\\\/\\\/www.rassegnastampa-totustuus.it\\\/cattolica\\\/#organization\"},\"image\":{\"@id\":\"https:\\\/\\\/www.rassegnastampa-totustuus.it\\\/cattolica\\\/massoneria-rivoluzione-francese-liberte-egalite-modernite-1\\\/#primaryimage\"},\"thumbnailUrl\":\"https:\\\/\\\/www.rassegnastampa-totustuus.it\\\/cattolica\\\/wp-content\\\/uploads\\\/2019\\\/11\\\/massoneria.jpg\",\"keywords\":[\"Massoneria\",\"Rivoluzione Francese\",\"storia\"],\"articleSection\":[\"Massoneria\",\"Rivoluzione francese\",\"Storia\"],\"inLanguage\":\"it-IT\"},{\"@type\":\"WebPage\",\"@id\":\"https:\\\/\\\/www.rassegnastampa-totustuus.it\\\/cattolica\\\/massoneria-rivoluzione-francese-liberte-egalite-modernite-1\\\/\",\"url\":\"https:\\\/\\\/www.rassegnastampa-totustuus.it\\\/cattolica\\\/massoneria-rivoluzione-francese-liberte-egalite-modernite-1\\\/\",\"name\":\"Massoneria & Rivoluzione francese. Libert\u00e9, Egalit\u00e9\u2026 Modernit\u00e9 (1) - Rassegna Stampa Cattolica\",\"isPartOf\":{\"@id\":\"https:\\\/\\\/www.rassegnastampa-totustuus.it\\\/cattolica\\\/#website\"},\"primaryImageOfPage\":{\"@id\":\"https:\\\/\\\/www.rassegnastampa-totustuus.it\\\/cattolica\\\/massoneria-rivoluzione-francese-liberte-egalite-modernite-1\\\/#primaryimage\"},\"image\":{\"@id\":\"https:\\\/\\\/www.rassegnastampa-totustuus.it\\\/cattolica\\\/massoneria-rivoluzione-francese-liberte-egalite-modernite-1\\\/#primaryimage\"},\"thumbnailUrl\":\"https:\\\/\\\/www.rassegnastampa-totustuus.it\\\/cattolica\\\/wp-content\\\/uploads\\\/2019\\\/11\\\/massoneria.jpg\",\"datePublished\":\"2019-11-27T23:00:14+00:00\",\"dateModified\":\"2020-01-15T15:21:56+00:00\",\"description\":\"Rassegna Stampa Cattolica - Per una cultura che nasce dalla Rivelazione cristiana in conformit\u00e0 alla tradizione e al Magistero della Chiesa in opposizione ad ogni relativismo e totalitarismo\",\"breadcrumb\":{\"@id\":\"https:\\\/\\\/www.rassegnastampa-totustuus.it\\\/cattolica\\\/massoneria-rivoluzione-francese-liberte-egalite-modernite-1\\\/#breadcrumb\"},\"inLanguage\":\"it-IT\",\"potentialAction\":[{\"@type\":\"ReadAction\",\"target\":[\"https:\\\/\\\/www.rassegnastampa-totustuus.it\\\/cattolica\\\/massoneria-rivoluzione-francese-liberte-egalite-modernite-1\\\/\"]}]},{\"@type\":\"ImageObject\",\"inLanguage\":\"it-IT\",\"@id\":\"https:\\\/\\\/www.rassegnastampa-totustuus.it\\\/cattolica\\\/massoneria-rivoluzione-francese-liberte-egalite-modernite-1\\\/#primaryimage\",\"url\":\"https:\\\/\\\/www.rassegnastampa-totustuus.it\\\/cattolica\\\/wp-content\\\/uploads\\\/2019\\\/11\\\/massoneria.jpg\",\"contentUrl\":\"https:\\\/\\\/www.rassegnastampa-totustuus.it\\\/cattolica\\\/wp-content\\\/uploads\\\/2019\\\/11\\\/massoneria.jpg\",\"width\":1527,\"height\":1102},{\"@type\":\"BreadcrumbList\",\"@id\":\"https:\\\/\\\/www.rassegnastampa-totustuus.it\\\/cattolica\\\/massoneria-rivoluzione-francese-liberte-egalite-modernite-1\\\/#breadcrumb\",\"itemListElement\":[{\"@type\":\"ListItem\",\"position\":1,\"name\":\"Home\",\"item\":\"https:\\\/\\\/www.rassegnastampa-totustuus.it\\\/cattolica\\\/\"},{\"@type\":\"ListItem\",\"position\":2,\"name\":\"Massoneria &#038; Rivoluzione francese. Libert\u00e9, Egalit\u00e9\u2026 Modernit\u00e9 (1)\"}]},{\"@type\":\"WebSite\",\"@id\":\"https:\\\/\\\/www.rassegnastampa-totustuus.it\\\/cattolica\\\/#website\",\"url\":\"https:\\\/\\\/www.rassegnastampa-totustuus.it\\\/cattolica\\\/\",\"name\":\"Rassegna Stampa Cattolica\",\"description\":\"Per una cultura che nasce dalla Rivelazione cristiana in conformit\u00e0 alla tradizione e al Magistero della Chiesa in opposizione ad ogni relativismo e totalitarismo\",\"publisher\":{\"@id\":\"https:\\\/\\\/www.rassegnastampa-totustuus.it\\\/cattolica\\\/#organization\"},\"alternateName\":\"Rass. Cattolica\",\"potentialAction\":[{\"@type\":\"SearchAction\",\"target\":{\"@type\":\"EntryPoint\",\"urlTemplate\":\"https:\\\/\\\/www.rassegnastampa-totustuus.it\\\/cattolica\\\/?s={search_term_string}\"},\"query-input\":{\"@type\":\"PropertyValueSpecification\",\"valueRequired\":true,\"valueName\":\"search_term_string\"}}],\"inLanguage\":\"it-IT\"},{\"@type\":\"Organization\",\"@id\":\"https:\\\/\\\/www.rassegnastampa-totustuus.it\\\/cattolica\\\/#organization\",\"name\":\"Rassegna Stampa Cattolica\",\"url\":\"https:\\\/\\\/www.rassegnastampa-totustuus.it\\\/cattolica\\\/\",\"logo\":{\"@type\":\"ImageObject\",\"inLanguage\":\"it-IT\",\"@id\":\"https:\\\/\\\/www.rassegnastampa-totustuus.it\\\/cattolica\\\/#\\\/schema\\\/logo\\\/image\\\/\",\"url\":\"https:\\\/\\\/www.rassegnastampa-totustuus.it\\\/cattolica\\\/wp-content\\\/uploads\\\/2014\\\/04\\\/logo-rassegna1.gif\",\"contentUrl\":\"https:\\\/\\\/www.rassegnastampa-totustuus.it\\\/cattolica\\\/wp-content\\\/uploads\\\/2014\\\/04\\\/logo-rassegna1.gif\",\"width\":600,\"height\":163,\"caption\":\"Rassegna Stampa Cattolica\"},\"image\":{\"@id\":\"https:\\\/\\\/www.rassegnastampa-totustuus.it\\\/cattolica\\\/#\\\/schema\\\/logo\\\/image\\\/\"},\"sameAs\":[\"https:\\\/\\\/www.facebook.com\\\/rassegnastampacattolica\",\"https:\\\/\\\/x.com\\\/rassegnastampa9\"]},{\"@type\":\"Person\",\"@id\":\"https:\\\/\\\/www.rassegnastampa-totustuus.it\\\/cattolica\\\/#\\\/schema\\\/person\\\/08f319d2bd1a0904ad9e2bfb7b15e5c3\",\"name\":\"Redazione\",\"image\":{\"@type\":\"ImageObject\",\"inLanguage\":\"it-IT\",\"@id\":\"https:\\\/\\\/secure.gravatar.com\\\/avatar\\\/2fcdf27c78ea025fbdb44e914cc63c72249ffec9dc8aafd5c82b26240ef3f346?s=96&d=mm&r=g\",\"url\":\"https:\\\/\\\/secure.gravatar.com\\\/avatar\\\/2fcdf27c78ea025fbdb44e914cc63c72249ffec9dc8aafd5c82b26240ef3f346?s=96&d=mm&r=g\",\"contentUrl\":\"https:\\\/\\\/secure.gravatar.com\\\/avatar\\\/2fcdf27c78ea025fbdb44e914cc63c72249ffec9dc8aafd5c82b26240ef3f346?s=96&d=mm&r=g\",\"caption\":\"Redazione\"},\"url\":\"https:\\\/\\\/www.rassegnastampa-totustuus.it\\\/cattolica\\\/author\\\/pietroelle\\\/\"}]}<\/script>\n<!-- \/ Yoast SEO plugin. -->","yoast_head_json":{"title":"Massoneria & Rivoluzione francese. Libert\u00e9, Egalit\u00e9\u2026 Modernit\u00e9 (1) - Rassegna Stampa Cattolica","description":"Rassegna Stampa Cattolica - Per una cultura che nasce dalla Rivelazione cristiana in conformit\u00e0 alla tradizione e al Magistero della Chiesa in opposizione ad ogni relativismo e totalitarismo","robots":{"index":"index","follow":"follow","max-snippet":"max-snippet:-1","max-image-preview":"max-image-preview:large","max-video-preview":"max-video-preview:-1"},"canonical":"https:\/\/www.rassegnastampa-totustuus.it\/cattolica\/massoneria-rivoluzione-francese-liberte-egalite-modernite-1\/","og_locale":"it_IT","og_type":"article","og_title":"Massoneria & Rivoluzione francese. Libert\u00e9, Egalit\u00e9\u2026 Modernit\u00e9 (1) - Rassegna Stampa Cattolica","og_description":"Rassegna Stampa Cattolica - Per una cultura che nasce dalla Rivelazione cristiana in conformit\u00e0 alla tradizione e al Magistero della Chiesa in opposizione ad ogni relativismo e totalitarismo","og_url":"https:\/\/www.rassegnastampa-totustuus.it\/cattolica\/massoneria-rivoluzione-francese-liberte-egalite-modernite-1\/","og_site_name":"Rassegna Stampa Cattolica","article_publisher":"https:\/\/www.facebook.com\/rassegnastampacattolica","article_published_time":"2019-11-27T23:00:14+00:00","article_modified_time":"2020-01-15T15:21:56+00:00","og_image":[{"width":1527,"height":1102,"url":"https:\/\/www.rassegnastampa-totustuus.it\/cattolica\/wp-content\/uploads\/2019\/11\/massoneria.jpg","type":"image\/jpeg"}],"author":"Redazione","twitter_card":"summary_large_image","twitter_creator":"@rassegnastampa9","twitter_site":"@rassegnastampa9","twitter_misc":{"Scritto da":"Redazione","Tempo di lettura stimato":"9 minuti"},"schema":{"@context":"https:\/\/schema.org","@graph":[{"@type":"Article","@id":"https:\/\/www.rassegnastampa-totustuus.it\/cattolica\/massoneria-rivoluzione-francese-liberte-egalite-modernite-1\/#article","isPartOf":{"@id":"https:\/\/www.rassegnastampa-totustuus.it\/cattolica\/massoneria-rivoluzione-francese-liberte-egalite-modernite-1\/"},"author":{"name":"Redazione","@id":"https:\/\/www.rassegnastampa-totustuus.it\/cattolica\/#\/schema\/person\/08f319d2bd1a0904ad9e2bfb7b15e5c3"},"headline":"Massoneria &#038; Rivoluzione francese. Libert\u00e9, Egalit\u00e9\u2026 Modernit\u00e9 (1)","datePublished":"2019-11-27T23:00:14+00:00","dateModified":"2020-01-15T15:21:56+00:00","mainEntityOfPage":{"@id":"https:\/\/www.rassegnastampa-totustuus.it\/cattolica\/massoneria-rivoluzione-francese-liberte-egalite-modernite-1\/"},"wordCount":1809,"publisher":{"@id":"https:\/\/www.rassegnastampa-totustuus.it\/cattolica\/#organization"},"image":{"@id":"https:\/\/www.rassegnastampa-totustuus.it\/cattolica\/massoneria-rivoluzione-francese-liberte-egalite-modernite-1\/#primaryimage"},"thumbnailUrl":"https:\/\/www.rassegnastampa-totustuus.it\/cattolica\/wp-content\/uploads\/2019\/11\/massoneria.jpg","keywords":["Massoneria","Rivoluzione Francese","storia"],"articleSection":["Massoneria","Rivoluzione francese","Storia"],"inLanguage":"it-IT"},{"@type":"WebPage","@id":"https:\/\/www.rassegnastampa-totustuus.it\/cattolica\/massoneria-rivoluzione-francese-liberte-egalite-modernite-1\/","url":"https:\/\/www.rassegnastampa-totustuus.it\/cattolica\/massoneria-rivoluzione-francese-liberte-egalite-modernite-1\/","name":"Massoneria & Rivoluzione francese. Libert\u00e9, Egalit\u00e9\u2026 Modernit\u00e9 (1) - Rassegna Stampa Cattolica","isPartOf":{"@id":"https:\/\/www.rassegnastampa-totustuus.it\/cattolica\/#website"},"primaryImageOfPage":{"@id":"https:\/\/www.rassegnastampa-totustuus.it\/cattolica\/massoneria-rivoluzione-francese-liberte-egalite-modernite-1\/#primaryimage"},"image":{"@id":"https:\/\/www.rassegnastampa-totustuus.it\/cattolica\/massoneria-rivoluzione-francese-liberte-egalite-modernite-1\/#primaryimage"},"thumbnailUrl":"https:\/\/www.rassegnastampa-totustuus.it\/cattolica\/wp-content\/uploads\/2019\/11\/massoneria.jpg","datePublished":"2019-11-27T23:00:14+00:00","dateModified":"2020-01-15T15:21:56+00:00","description":"Rassegna Stampa Cattolica - Per una cultura che nasce dalla Rivelazione cristiana in conformit\u00e0 alla tradizione e al Magistero della Chiesa in opposizione ad ogni relativismo e totalitarismo","breadcrumb":{"@id":"https:\/\/www.rassegnastampa-totustuus.it\/cattolica\/massoneria-rivoluzione-francese-liberte-egalite-modernite-1\/#breadcrumb"},"inLanguage":"it-IT","potentialAction":[{"@type":"ReadAction","target":["https:\/\/www.rassegnastampa-totustuus.it\/cattolica\/massoneria-rivoluzione-francese-liberte-egalite-modernite-1\/"]}]},{"@type":"ImageObject","inLanguage":"it-IT","@id":"https:\/\/www.rassegnastampa-totustuus.it\/cattolica\/massoneria-rivoluzione-francese-liberte-egalite-modernite-1\/#primaryimage","url":"https:\/\/www.rassegnastampa-totustuus.it\/cattolica\/wp-content\/uploads\/2019\/11\/massoneria.jpg","contentUrl":"https:\/\/www.rassegnastampa-totustuus.it\/cattolica\/wp-content\/uploads\/2019\/11\/massoneria.jpg","width":1527,"height":1102},{"@type":"BreadcrumbList","@id":"https:\/\/www.rassegnastampa-totustuus.it\/cattolica\/massoneria-rivoluzione-francese-liberte-egalite-modernite-1\/#breadcrumb","itemListElement":[{"@type":"ListItem","position":1,"name":"Home","item":"https:\/\/www.rassegnastampa-totustuus.it\/cattolica\/"},{"@type":"ListItem","position":2,"name":"Massoneria &#038; Rivoluzione francese. Libert\u00e9, Egalit\u00e9\u2026 Modernit\u00e9 (1)"}]},{"@type":"WebSite","@id":"https:\/\/www.rassegnastampa-totustuus.it\/cattolica\/#website","url":"https:\/\/www.rassegnastampa-totustuus.it\/cattolica\/","name":"Rassegna Stampa Cattolica","description":"Per una cultura che nasce dalla Rivelazione cristiana in conformit\u00e0 alla tradizione e al Magistero della Chiesa in opposizione ad ogni relativismo e totalitarismo","publisher":{"@id":"https:\/\/www.rassegnastampa-totustuus.it\/cattolica\/#organization"},"alternateName":"Rass. Cattolica","potentialAction":[{"@type":"SearchAction","target":{"@type":"EntryPoint","urlTemplate":"https:\/\/www.rassegnastampa-totustuus.it\/cattolica\/?s={search_term_string}"},"query-input":{"@type":"PropertyValueSpecification","valueRequired":true,"valueName":"search_term_string"}}],"inLanguage":"it-IT"},{"@type":"Organization","@id":"https:\/\/www.rassegnastampa-totustuus.it\/cattolica\/#organization","name":"Rassegna Stampa Cattolica","url":"https:\/\/www.rassegnastampa-totustuus.it\/cattolica\/","logo":{"@type":"ImageObject","inLanguage":"it-IT","@id":"https:\/\/www.rassegnastampa-totustuus.it\/cattolica\/#\/schema\/logo\/image\/","url":"https:\/\/www.rassegnastampa-totustuus.it\/cattolica\/wp-content\/uploads\/2014\/04\/logo-rassegna1.gif","contentUrl":"https:\/\/www.rassegnastampa-totustuus.it\/cattolica\/wp-content\/uploads\/2014\/04\/logo-rassegna1.gif","width":600,"height":163,"caption":"Rassegna Stampa Cattolica"},"image":{"@id":"https:\/\/www.rassegnastampa-totustuus.it\/cattolica\/#\/schema\/logo\/image\/"},"sameAs":["https:\/\/www.facebook.com\/rassegnastampacattolica","https:\/\/x.com\/rassegnastampa9"]},{"@type":"Person","@id":"https:\/\/www.rassegnastampa-totustuus.it\/cattolica\/#\/schema\/person\/08f319d2bd1a0904ad9e2bfb7b15e5c3","name":"Redazione","image":{"@type":"ImageObject","inLanguage":"it-IT","@id":"https:\/\/secure.gravatar.com\/avatar\/2fcdf27c78ea025fbdb44e914cc63c72249ffec9dc8aafd5c82b26240ef3f346?s=96&d=mm&r=g","url":"https:\/\/secure.gravatar.com\/avatar\/2fcdf27c78ea025fbdb44e914cc63c72249ffec9dc8aafd5c82b26240ef3f346?s=96&d=mm&r=g","contentUrl":"https:\/\/secure.gravatar.com\/avatar\/2fcdf27c78ea025fbdb44e914cc63c72249ffec9dc8aafd5c82b26240ef3f346?s=96&d=mm&r=g","caption":"Redazione"},"url":"https:\/\/www.rassegnastampa-totustuus.it\/cattolica\/author\/pietroelle\/"}]}},"_links":{"self":[{"href":"https:\/\/www.rassegnastampa-totustuus.it\/cattolica\/wp-json\/wp\/v2\/posts\/45254","targetHints":{"allow":["GET"]}}],"collection":[{"href":"https:\/\/www.rassegnastampa-totustuus.it\/cattolica\/wp-json\/wp\/v2\/posts"}],"about":[{"href":"https:\/\/www.rassegnastampa-totustuus.it\/cattolica\/wp-json\/wp\/v2\/types\/post"}],"author":[{"embeddable":true,"href":"https:\/\/www.rassegnastampa-totustuus.it\/cattolica\/wp-json\/wp\/v2\/users\/6"}],"replies":[{"embeddable":true,"href":"https:\/\/www.rassegnastampa-totustuus.it\/cattolica\/wp-json\/wp\/v2\/comments?post=45254"}],"version-history":[{"count":10,"href":"https:\/\/www.rassegnastampa-totustuus.it\/cattolica\/wp-json\/wp\/v2\/posts\/45254\/revisions"}],"predecessor-version":[{"id":45760,"href":"https:\/\/www.rassegnastampa-totustuus.it\/cattolica\/wp-json\/wp\/v2\/posts\/45254\/revisions\/45760"}],"wp:featuredmedia":[{"embeddable":true,"href":"https:\/\/www.rassegnastampa-totustuus.it\/cattolica\/wp-json\/wp\/v2\/media\/45255"}],"wp:attachment":[{"href":"https:\/\/www.rassegnastampa-totustuus.it\/cattolica\/wp-json\/wp\/v2\/media?parent=45254"}],"wp:term":[{"taxonomy":"category","embeddable":true,"href":"https:\/\/www.rassegnastampa-totustuus.it\/cattolica\/wp-json\/wp\/v2\/categories?post=45254"},{"taxonomy":"post_tag","embeddable":true,"href":"https:\/\/www.rassegnastampa-totustuus.it\/cattolica\/wp-json\/wp\/v2\/tags?post=45254"}],"curies":[{"name":"wp","href":"https:\/\/api.w.org\/{rel}","templated":true}]}}