{"id":45246,"date":"2019-11-28T00:00:06","date_gmt":"2019-11-27T23:00:06","guid":{"rendered":"http:\/\/www.rassegnastampa-totustuus.it\/cattolica\/?p=45246"},"modified":"2019-11-27T09:14:14","modified_gmt":"2019-11-27T08:14:14","slug":"proposta-zan-un-nuovo-ddl-scalfarotto-liberticida","status":"publish","type":"post","link":"https:\/\/www.rassegnastampa-totustuus.it\/cattolica\/proposta-zan-un-nuovo-ddl-scalfarotto-liberticida\/","title":{"rendered":"Proposta Zan, un nuovo ddl Scalfarotto. Liberticida"},"content":{"rendered":"<p style=\"text-align: center;\"><strong><a href=\"https:\/\/www.rassegnastampa-totustuus.it\/cattolica\/wp-content\/uploads\/2019\/11\/censura.jpg\"><img loading=\"lazy\" decoding=\"async\" class=\"alignleft wp-image-45249\" src=\"https:\/\/www.rassegnastampa-totustuus.it\/cattolica\/wp-content\/uploads\/2019\/11\/censura-300x168.jpg\" alt=\"\" width=\"250\" height=\"140\" \/><\/a>La Nuova Bussola quotidiana \u00a0<\/strong><\/p>\n<p style=\"text-align: center;\">10 Novembre 2019<strong> \u00a0<\/strong><\/p>\n<p style=\"text-align: justify;\"><em>Iniziato in commissione alla Camera l\u2019esame del disegno di legge di Alessandro Zan (PD) sul contrasto all\u2019\u00abomotransfobia\u00bb. Il testo intende modificare due articoli del Codice Penale, prevedendo fino a 6 anni di carcere o multe per i trasgressori. Anche una critica all\u2019omosessualit\u00e0 potr\u00e0 essere soggetta a sanzione. E, con questo governo, il ddl \u00e8 pressoch\u00e9 certo che passi.<\/em><\/p>\n<p style=\"text-align: center;\">di <strong>Tommaso Scandroglio<\/strong><!--more--><\/p>\n<p style=\"text-align: justify;\">La Commissione Giustizia della Camera si \u00e8 riunita lo scorso 24 ottobre per esaminare il testo della proposta di legge dell\u2019onorevole Alessandro Zan (PD), voluta per contrastare l\u2019\u00abomotransfobia\u00bb, come si pu\u00f2 leggere nell\u2019introduzione della proposta medesima.<\/p>\n<p style=\"text-align: justify;\"><strong><a href=\"https:\/\/www.rassegnastampa-totustuus.it\/cattolica\/wp-content\/uploads\/2011\/05\/carcere.jpg\"><img loading=\"lazy\" decoding=\"async\" class=\"size-full wp-image-22512 alignright\" src=\"https:\/\/www.rassegnastampa-totustuus.it\/cattolica\/wp-content\/uploads\/2011\/05\/carcere.jpg\" alt=\"\" width=\"253\" height=\"199\" \/><\/a>Il provvedimento intende modificare in senso estensivo due articoli del Codice Penale<\/strong>: il primo, l\u2019art. 604 bis cp, sanziona, tra le altre, quelle condotte volte a discriminare o a commettere atti di violenza per motivi razziali, etnici, nazionali o religiosi; il secondo, l\u2019art. 604 ter cp, prevede delle aggravanti per alcuni reati se commessi per finalit\u00e0 di discriminazione o di odio etnico, nazionale, razziale o religioso. La proposta Zan vuole aggiungere come motivazioni degne di una risposta sanzionatoria dello Stato anche quelle legate all\u2019orientamento sessuale, leggasi omosessualit\u00e0, e all\u2019\u00abidentit\u00e0 di genere\u00bb, leggasi transessualit\u00e0.<\/p>\n<p style=\"text-align: justify;\"><strong>Vediamo quali condotte, se passasse questa legge, potrebbero essere sanzionate<\/strong>\u00a0e le relative pene. Un anno e 6 mesi o 6.000 euro per chi commette o incita a commettere atti di discriminazione per motivi \u201comofobici\u201d e \u201ctransfobici\u201d. Ad esempio affermare anche in una chiacchierata tra amici: \u201cL\u2019omosessualit\u00e0 \u00e8 contro natura\u201d potr\u00e0 essere considerato atto discriminatorio verso la categoria delle persone omosessuali. Parimenti se si cita la Bibbia dicendo che l\u2019omosessualit\u00e0 rappresenta una \u00abgrave depravazione\u00bb, (Gn 19,1-29; Rm 1,24-27; 1 Cor 6,9-10; 1 Tm 1,10), o che gli atti compiuti dagli omosessuali sono \u00abintrinsecamente disordinati\u00bb, \u00abcontrari alla legge naturale\u00bb (Catechismo della Chiesa Cattolica, 2357).<\/p>\n<p style=\"text-align: justify;\"><strong><a href=\"https:\/\/www.rassegnastampa-totustuus.it\/cattolica\/wp-content\/uploads\/2019\/09\/gay_pride.jpg\"><img loading=\"lazy\" decoding=\"async\" class=\"size-full wp-image-44267 alignleft\" src=\"https:\/\/www.rassegnastampa-totustuus.it\/cattolica\/wp-content\/uploads\/2019\/09\/gay_pride.jpg\" alt=\"\" width=\"275\" height=\"183\" \/><\/a>Da sei mesi a 4 anni<\/strong>\u00a0per chi commette o incita a commettere atti di violenza per motivi \u201comofobici\u201d e \u201ctransfobici\u201d. Ad esempio, Tizio ferisce una persona perch\u00e9 \u00e8 omosessuale: il reato di lesioni viene assorbito da questo reato specifico. Stesse pene per chi fa parte di associazioni che promuovono atti di discriminazione e\/o violenza per motivi omofobici e transfobici (fino a sei anni per chi le dirige). Se passasse la legge, un direttore di un giornale, come la\u00a0<em>Bussola<\/em>, che critica l\u2019omosessualit\u00e0, ma non critica le persone omosessuali, potrebbe essere arrestato. Va da s\u00e9 che il direttore e i giornalisti che collaborano con lui avranno di fronte a s\u00e9 solo due strade: il martirio o il silenzio.<\/p>\n<p style=\"text-align: justify;\"><strong>Infine \u00e8 prevista un\u2019aggravante omofobica per i reati gi\u00e0 esistenti<\/strong>: aumento di met\u00e0 della pena prevista per il reato di base (sono esclusi i reati che prevedono l\u2019ergastolo). Ad esempio se offendo la reputazione di una persona omosessuale davanti a tutti perch\u00e9 dico \u201cNon mi piace, non condivido la tua omosessualit\u00e0\u201d \u00e8 diffamazione con aggravante omofoba: un anno e mezzo di carcere o 1.500 euro. Se invece dico \u201cNon mi piace, non condivido la tua eterosessualit\u00e0\u201d non \u00e8 reato, \u00e8 anzi un diritto: il diritto di parola. Si tratterebbe di libert\u00e0 di espressione.<\/p>\n<p style=\"text-align: justify;\"><strong><a href=\"https:\/\/www.rassegnastampa-totustuus.it\/cattolica\/wp-content\/uploads\/2013\/07\/arcigay.jpg\"><img loading=\"lazy\" decoding=\"async\" class=\"size-full wp-image-35077 alignright\" src=\"https:\/\/www.rassegnastampa-totustuus.it\/cattolica\/wp-content\/uploads\/2013\/07\/arcigay.jpg\" alt=\"\" width=\"259\" height=\"194\" \/><\/a>Appuntiamo un distinguo rilevante<\/strong>. Gli articoli del Codice Penale prima citati non solo sanzionano condotte direttamente lesive contro specifici e singoli soggetti, ma anche indirettamente lesive. Ossia il Codice vieta giudizi critici qualora siano discriminatori. Quindi non solo potranno scattare le manette se Tizio aggredir\u00e0 una persona omosessuale, ma anche nel caso in cui Tizio si esprimer\u00e0 in modo critico sull\u2019omosessualit\u00e0 senza far nomi e cognomi. In questo secondo caso nessuna persona specifica sarebbe oggetto di discriminazione, ma tutto un gruppo sociale.<\/p>\n<p style=\"text-align: justify;\"><strong>Veniamo ai rilievi critici<\/strong>\u00a0e lo facciamo ricalcando in parte il giudizio della Commissione Affari Costituzionali che censur\u00f2 in pi\u00f9 parti il famigerato disegno di legge Scalfarotto sull\u2019omofobia che riusc\u00ec ad essere approvato nel 2013 solo dalla Camera. Le censure si possono applicare anche a questa proposta perch\u00e9 assai simile al Ddl Scalfarotto.<\/p>\n<p style=\"text-align: justify;\"><strong><a href=\"https:\/\/www.rassegnastampa-totustuus.it\/cattolica\/wp-content\/uploads\/2015\/12\/Gay-Aids.jpg\"><img loading=\"lazy\" decoding=\"async\" class=\"size-full wp-image-28551 alignleft\" src=\"https:\/\/www.rassegnastampa-totustuus.it\/cattolica\/wp-content\/uploads\/2015\/12\/Gay-Aids.jpg\" alt=\"\" width=\"275\" height=\"183\" \/><\/a>Primo rilievo: le condotte criminose a danno di persone omosessuali sono gi\u00e0 punite <\/strong>dal nostro ordinamento giuridico. In tal senso non c\u2019\u00e8 nessuna lacuna da colmare. Non c\u2019\u00e8 nemmeno una situazione di emergenza che potrebbe giustificare una particolare tutela verso le persone omosessuali e transessuali. Infatti, i cosiddetti crimini e discorsi d\u2019odio a danno di queste due particolari categorie di persone sono numericamente irrilevanti (anche un solo atto di violenza \u00e8 da condannare, ma \u00e8 altrettanto da condannare chi mente sui numeri).<\/p>\n<p style=\"text-align: justify;\"><strong>Infatti, l\u2019Osservatorio per la sicurezza contro gli atti discriminatori (Oscad, Ministero dell\u2019Interno)<\/strong>, <a href=\"https:\/\/www.interno.gov.it\/sites\/default\/files\/segnalazioni_oscad_dal_10.9.2010_al_31.12.2018_mi-123-u-d-1-oscad-2019-206_1.pdf\" target=\"_blank\" rel=\"noreferrer noopener\">nell\u2019ultimo report<\/a>, ci comunica che in otto anni, dal 10 settembre 2010 al 31 dicembre 2018, il numero di segnalazioni per atti discriminatori a danno di persone omosessuali ammonta a 197 (il 13% del totale) e quello riferito a persone transessuali a 15 (1%). Ossia 26,5 all\u2019anno. Due al mese. Eppure il percepito collettivo crede che siano decine alla settimana. Le principali segnalazioni riguardano la razza e l\u2019etnia (quasi il 60%) e il credo religioso (quasi il 19%). Inoltre c\u2019\u00e8 da osservare che stiamo parlando di segnalazioni: quindi non tutte le segnalazioni corrispondono a veri reati.<\/p>\n<p style=\"text-align: justify;\"><strong>Secondo rilievo: l\u2019indeterminatezza della fattispecie che comporta l\u2019illecito<\/strong>. L\u2019indeterminatezza discende dal fatto che <a href=\"https:\/\/www.rassegnastampa-totustuus.it\/cattolica\/wp-content\/uploads\/2019\/11\/Urss_nkvd.jpg\"><img loading=\"lazy\" decoding=\"async\" class=\"size-full wp-image-45251 alignright\" src=\"https:\/\/www.rassegnastampa-totustuus.it\/cattolica\/wp-content\/uploads\/2019\/11\/Urss_nkvd.jpg\" alt=\"\" width=\"256\" height=\"197\" \/><\/a>manca la descrizione della condotta che mi pu\u00f2 aprire le porte del carcere e questo in contrasto con il principio della tipicit\u00e0 del reato. In altri termini, il cittadino deve sapere prima di adottare una certa condotta se la stessa \u00e8 considerata dalla legge un reato oppure no. Tale difetto \u00e8 proprio degli articoli 604 bis e ter e della legge Mancino: \u00e8 l\u00ec il peccato originale da cui difendersi.<\/p>\n<p style=\"text-align: justify;\">L\u2019impossibilit\u00e0 di prevedere se una tale frase o gesto sia reato o no consegna la nostra libert\u00e0 nelle mani dell\u2019arbitrio del giudice. Ad esempio: vedo due gay che si baciano in pubblico e manifesto il mio fastidio sussurrando: \u00abMa dove stiamo finendo?!\u00bb. Le mie parole vengono da loro o da terzi ascoltate e finisco davanti al giudice: \u00e8 reato oppure no? In sintesi: il confine tra condotte legittime e illegittime non \u00e8 fissato con rigore e cos\u00ec risulta troppo discrezionale, potendo cambiare da giudice a giudice.<\/p>\n<p style=\"text-align: justify;\"><strong>La questione diventa ancor pi\u00f9 aleatoria<\/strong>\u00a0se ci riferiamo alle <a href=\"https:\/\/www.rassegnastampa-totustuus.it\/cattolica\/wp-content\/uploads\/2019\/11\/gender_gay_arcobaleno.jpg\"><img loading=\"lazy\" decoding=\"async\" class=\"wp-image-45018 alignleft\" src=\"https:\/\/www.rassegnastampa-totustuus.it\/cattolica\/wp-content\/uploads\/2019\/11\/gender_gay_arcobaleno-300x169.jpg\" alt=\"\" width=\"259\" height=\"146\" srcset=\"https:\/\/www.rassegnastampa-totustuus.it\/cattolica\/wp-content\/uploads\/2019\/11\/gender_gay_arcobaleno-300x169.jpg 300w, https:\/\/www.rassegnastampa-totustuus.it\/cattolica\/wp-content\/uploads\/2019\/11\/gender_gay_arcobaleno-768x432.jpg 768w, https:\/\/www.rassegnastampa-totustuus.it\/cattolica\/wp-content\/uploads\/2019\/11\/gender_gay_arcobaleno-1024x576.jpg 1024w, https:\/\/www.rassegnastampa-totustuus.it\/cattolica\/wp-content\/uploads\/2019\/11\/gender_gay_arcobaleno.jpg 1280w\" sizes=\"auto, (max-width: 259px) 100vw, 259px\" \/><\/a>aggravanti previste dall\u2019art. 604 ter. Un motivo per rendere la pena ancor pi\u00f9 pesante \u00e8 l\u2019odio per motivi legati all\u2019orientamento sessuale o all\u2019\u00abidentit\u00e0 di genere\u00bb. Il problema sta negli elementi probatori: se Tizio dice a Caio che non condivide la sua scelta di unirsi civilmente con il compagno, come si fa a sapere se Tizio ha espresso questo giudizio mosso dall\u2019odio per Caio o per amore nei suoi confronti?<\/p>\n<p style=\"text-align: justify;\"><strong>Riportiamo poi una vicenda che accadde qualche anno fa<\/strong>: Tizio ferisce un extracomunitario. I giudici nella sentenza di condanna applicarono le aggravanti previste dalla legge Mancino &#8211; le stesse che troviamo nell\u2019art. 604 ter &#8211; motivando esplicitamente che non serviva andare a provare l\u2019intenzione xenofoba dell\u2019aggressore, perch\u00e9 il semplice fatto di aggredire un extracomunitario comportava odio verso di lui. Insomma lo si dava per presupposto, per implicito.<\/p>\n<p style=\"text-align: justify;\"><a href=\"https:\/\/www.rassegnastampa-totustuus.it\/cattolica\/wp-content\/uploads\/2019\/04\/spacciatori_immigrazione_droga.jpg\"><img loading=\"lazy\" decoding=\"async\" class=\"size-full wp-image-42836 alignright\" src=\"https:\/\/www.rassegnastampa-totustuus.it\/cattolica\/wp-content\/uploads\/2019\/04\/spacciatori_immigrazione_droga.jpg\" alt=\"\" width=\"194\" height=\"259\" \/><\/a>Ma forse Tizio lo aveva aggredito perch\u00e9 rivale in amore, per tentare di rubargli il portafoglio, perch\u00e9 membro di una tifoseria avversaria. Questo potrebbe accadere anche con la proposta Zan: parli male di Tizio, Tizio \u00e8 omosessuale, ergo sei omofobo. Insomma, si corre il rischio di mettere sul banco degli imputati le intenzioni e non i fatti.<\/p>\n<p style=\"text-align: justify;\"><strong>Terzo rilievo: si privilegia la condizione degli omosessuali ingiustificatamente<\/strong>. Questa proposta di legge finisce per essere discriminatoria verso altre categorie di soggetti socialmente deboli non ugualmente tutelate: gli anziani, gli handicappati, i disoccupati, le persone in sovrappeso, etc. Tutte potenziali vittime di atti discriminatori.<\/p>\n<p style=\"text-align: justify;\"><strong>La quarta censura \u00e8 forse quella pi\u00f9 gettonata, ma in realt\u00e0 ha i piedi di argilla<\/strong>\u00a0e suona pi\u00f9 o meno cos\u00ec: questa proposta di legge mina la libert\u00e0 di espressione tutelata dall\u2019art. 21 della Costituzione. Perch\u00e9 \u00e8 un\u2019obiezione che convince poco? Perch\u00e9 giustamente il nostro ordinamento giuridico limita, in alcuni casi, la libert\u00e0 di parola. E infatti, ad esempio, l\u2019art. 414 del Codice Penale sanziona chi istiga a commettere un reato \u2013 e questo pu\u00f2 avvenire anche a mezzo stampa \u2013 oppure chi fa l\u2019apologia di uno o pi\u00f9 delitti, ossia chi parla a favore di una condotta ritenuta illecita dal nostro ordinamento giuridico. Inoltre ricordiamo il reato di diffamazione ex art. 595 c.p. che si pu\u00f2 concretare anche nel caso in cui si dicono cose vere del diffamato, purch\u00e9 oggettivamente si leda l\u2019altrui reputazione. Dunque appellarsi alla libert\u00e0 di parola non \u00e8 molto efficace.<\/p>\n<p style=\"text-align: justify;\"><strong>E infatti il problem<\/strong>a non sta tanto nella libert\u00e0 di parola che <a href=\"https:\/\/www.rassegnastampa-totustuus.it\/cattolica\/wp-content\/uploads\/2015\/05\/gender.png\"><img loading=\"lazy\" decoding=\"async\" class=\"wp-image-24195 alignleft\" src=\"https:\/\/www.rassegnastampa-totustuus.it\/cattolica\/wp-content\/uploads\/2015\/05\/gender.png\" alt=\"\" width=\"251\" height=\"146\" \/><\/a>questa proposta lederebbe &#8211; pericolo reale, si badi bene &#8211; bens\u00ec nel contenuto di ci\u00f2 che si dice. In breve, il problema \u00e8 a monte: se l\u2019omosessualit\u00e0, la transessualit\u00e0 e le condotte omosessuali sono rispettivamente condizioni e atti moralmente buoni che concorrono al bene comune allora ha senso tutelarli anche nei confronti di chi vuole parlarne male e dunque \u00e8 giusto porre dei vincoli alla libert\u00e0 di espressione. Se non lo sono, le critiche su tali condizioni e condotte, ma non sulla persona in quanto tale, non meritano di essere sanzionate e la libert\u00e0 di parola non merita di essere compressa.<\/p>\n<p style=\"text-align: justify;\"><strong>La legge sulle unioni civili<\/strong> aveva consacrato l\u2019omosessualit\u00e0 come bene giuridico, come se fosse la salute, il lavoro, l\u2019istruzione, eccetera. La proposta Zan fa lo stesso, ponendo l\u2019omosessualit\u00e0 e la transessualit\u00e0 allo stesso livello di razza, etnia, appartenenza a una nazione e orientamento religioso. Dunque, una condizione che non \u00e8 naturale, in senso metafisico, diventa giuridicamente un connotato naturale della persona da tutelare.<\/p>\n<p style=\"text-align: justify;\"><strong>Infine una domanda<\/strong>: questa proposta diventer\u00e0 legge? Con questo governo \u00e8 quasi certo.<\/p>\n","protected":false},"excerpt":{"rendered":"<p>La Nuova Bussola quotidiana \u00a0 10 Novembre 2019 \u00a0 Iniziato in commissione alla Camera l\u2019esame del disegno di legge di Alessandro Zan (PD) sul contrasto all\u2019\u00abomotransfobia\u00bb. Il testo intende modificare due articoli del Codice Penale, prevedendo fino a 6 anni di carcere o multe per i trasgressori. Anche una critica all\u2019omosessualit\u00e0 potr\u00e0 essere soggetta a &hellip; <\/p>\n<p><a class=\"more-link btn\" href=\"https:\/\/www.rassegnastampa-totustuus.it\/cattolica\/proposta-zan-un-nuovo-ddl-scalfarotto-liberticida\/\">Continua a leggere<\/a><\/p>\n","protected":false},"author":6,"featured_media":45247,"comment_status":"closed","ping_status":"closed","sticky":false,"template":"","format":"standard","meta":{"footnotes":""},"categories":[20,25],"tags":[1677,297,558],"class_list":["post-45246","post","type-post","status-publish","format-standard","has-post-thumbnail","hentry","category-politica-nazionale","category-sguardo-sul-nostro-tempo","tag-legge-omofobia","tag-politica-nazionale-2","tag-sguardo-sul-nostro-tempo-2","item-wrap"],"yoast_head":"<!-- This site is optimized with the Yoast SEO plugin v27.5 - https:\/\/yoast.com\/product\/yoast-seo-wordpress\/ -->\n<title>Proposta Zan, un nuovo ddl Scalfarotto. Liberticida - Rassegna Stampa Cattolica<\/title>\n<meta name=\"description\" content=\"Rassegna Stampa Cattolica - Per una cultura che nasce dalla Rivelazione cristiana in conformit\u00e0 alla tradizione e al Magistero della Chiesa in opposizione ad ogni relativismo e totalitarismo\" \/>\n<meta name=\"robots\" content=\"index, follow, max-snippet:-1, max-image-preview:large, max-video-preview:-1\" \/>\n<link rel=\"canonical\" href=\"https:\/\/www.rassegnastampa-totustuus.it\/cattolica\/proposta-zan-un-nuovo-ddl-scalfarotto-liberticida\/\" \/>\n<meta property=\"og:locale\" content=\"it_IT\" \/>\n<meta property=\"og:type\" content=\"article\" \/>\n<meta property=\"og:title\" content=\"Proposta Zan, un nuovo ddl Scalfarotto. Liberticida - Rassegna Stampa Cattolica\" \/>\n<meta property=\"og:description\" content=\"Rassegna Stampa Cattolica - Per una cultura che nasce dalla Rivelazione cristiana in conformit\u00e0 alla tradizione e al Magistero della Chiesa in opposizione ad ogni relativismo e totalitarismo\" \/>\n<meta property=\"og:url\" content=\"https:\/\/www.rassegnastampa-totustuus.it\/cattolica\/proposta-zan-un-nuovo-ddl-scalfarotto-liberticida\/\" \/>\n<meta property=\"og:site_name\" content=\"Rassegna Stampa Cattolica\" \/>\n<meta property=\"article:publisher\" content=\"https:\/\/www.facebook.com\/rassegnastampacattolica\" \/>\n<meta property=\"article:published_time\" content=\"2019-11-27T23:00:06+00:00\" \/>\n<meta property=\"og:image\" content=\"https:\/\/www.rassegnastampa-totustuus.it\/cattolica\/wp-content\/uploads\/2019\/11\/nazismo_guerra.png\" \/>\n\t<meta property=\"og:image:width\" content=\"2832\" \/>\n\t<meta property=\"og:image:height\" content=\"1076\" \/>\n\t<meta property=\"og:image:type\" content=\"image\/png\" \/>\n<meta name=\"author\" content=\"Redazione\" \/>\n<meta name=\"twitter:card\" content=\"summary_large_image\" \/>\n<meta name=\"twitter:creator\" content=\"@rassegnastampa9\" \/>\n<meta name=\"twitter:site\" content=\"@rassegnastampa9\" \/>\n<meta name=\"twitter:label1\" content=\"Scritto da\" \/>\n\t<meta name=\"twitter:data1\" content=\"Redazione\" \/>\n\t<meta name=\"twitter:label2\" content=\"Tempo di lettura stimato\" \/>\n\t<meta name=\"twitter:data2\" content=\"8 minuti\" \/>\n<script type=\"application\/ld+json\" class=\"yoast-schema-graph\">{\"@context\":\"https:\\\/\\\/schema.org\",\"@graph\":[{\"@type\":\"Article\",\"@id\":\"https:\\\/\\\/www.rassegnastampa-totustuus.it\\\/cattolica\\\/proposta-zan-un-nuovo-ddl-scalfarotto-liberticida\\\/#article\",\"isPartOf\":{\"@id\":\"https:\\\/\\\/www.rassegnastampa-totustuus.it\\\/cattolica\\\/proposta-zan-un-nuovo-ddl-scalfarotto-liberticida\\\/\"},\"author\":{\"name\":\"Redazione\",\"@id\":\"https:\\\/\\\/www.rassegnastampa-totustuus.it\\\/cattolica\\\/#\\\/schema\\\/person\\\/08f319d2bd1a0904ad9e2bfb7b15e5c3\"},\"headline\":\"Proposta Zan, un nuovo ddl Scalfarotto. Liberticida\",\"datePublished\":\"2019-11-27T23:00:06+00:00\",\"mainEntityOfPage\":{\"@id\":\"https:\\\/\\\/www.rassegnastampa-totustuus.it\\\/cattolica\\\/proposta-zan-un-nuovo-ddl-scalfarotto-liberticida\\\/\"},\"wordCount\":1583,\"publisher\":{\"@id\":\"https:\\\/\\\/www.rassegnastampa-totustuus.it\\\/cattolica\\\/#organization\"},\"image\":{\"@id\":\"https:\\\/\\\/www.rassegnastampa-totustuus.it\\\/cattolica\\\/proposta-zan-un-nuovo-ddl-scalfarotto-liberticida\\\/#primaryimage\"},\"thumbnailUrl\":\"https:\\\/\\\/www.rassegnastampa-totustuus.it\\\/cattolica\\\/wp-content\\\/uploads\\\/2019\\\/11\\\/nazismo_guerra.png\",\"keywords\":[\"legge omofobia\",\"politica nazionale\",\"sguardo sul nostro tempo\"],\"articleSection\":[\"Politica nazionale\",\"Sguardo sul nostro tempo\"],\"inLanguage\":\"it-IT\"},{\"@type\":\"WebPage\",\"@id\":\"https:\\\/\\\/www.rassegnastampa-totustuus.it\\\/cattolica\\\/proposta-zan-un-nuovo-ddl-scalfarotto-liberticida\\\/\",\"url\":\"https:\\\/\\\/www.rassegnastampa-totustuus.it\\\/cattolica\\\/proposta-zan-un-nuovo-ddl-scalfarotto-liberticida\\\/\",\"name\":\"Proposta Zan, un nuovo ddl Scalfarotto. Liberticida - Rassegna Stampa Cattolica\",\"isPartOf\":{\"@id\":\"https:\\\/\\\/www.rassegnastampa-totustuus.it\\\/cattolica\\\/#website\"},\"primaryImageOfPage\":{\"@id\":\"https:\\\/\\\/www.rassegnastampa-totustuus.it\\\/cattolica\\\/proposta-zan-un-nuovo-ddl-scalfarotto-liberticida\\\/#primaryimage\"},\"image\":{\"@id\":\"https:\\\/\\\/www.rassegnastampa-totustuus.it\\\/cattolica\\\/proposta-zan-un-nuovo-ddl-scalfarotto-liberticida\\\/#primaryimage\"},\"thumbnailUrl\":\"https:\\\/\\\/www.rassegnastampa-totustuus.it\\\/cattolica\\\/wp-content\\\/uploads\\\/2019\\\/11\\\/nazismo_guerra.png\",\"datePublished\":\"2019-11-27T23:00:06+00:00\",\"description\":\"Rassegna Stampa Cattolica - Per una cultura che nasce dalla Rivelazione cristiana in conformit\u00e0 alla tradizione e al Magistero della Chiesa in opposizione ad ogni relativismo e totalitarismo\",\"breadcrumb\":{\"@id\":\"https:\\\/\\\/www.rassegnastampa-totustuus.it\\\/cattolica\\\/proposta-zan-un-nuovo-ddl-scalfarotto-liberticida\\\/#breadcrumb\"},\"inLanguage\":\"it-IT\",\"potentialAction\":[{\"@type\":\"ReadAction\",\"target\":[\"https:\\\/\\\/www.rassegnastampa-totustuus.it\\\/cattolica\\\/proposta-zan-un-nuovo-ddl-scalfarotto-liberticida\\\/\"]}]},{\"@type\":\"ImageObject\",\"inLanguage\":\"it-IT\",\"@id\":\"https:\\\/\\\/www.rassegnastampa-totustuus.it\\\/cattolica\\\/proposta-zan-un-nuovo-ddl-scalfarotto-liberticida\\\/#primaryimage\",\"url\":\"https:\\\/\\\/www.rassegnastampa-totustuus.it\\\/cattolica\\\/wp-content\\\/uploads\\\/2019\\\/11\\\/nazismo_guerra.png\",\"contentUrl\":\"https:\\\/\\\/www.rassegnastampa-totustuus.it\\\/cattolica\\\/wp-content\\\/uploads\\\/2019\\\/11\\\/nazismo_guerra.png\",\"width\":2832,\"height\":1076},{\"@type\":\"BreadcrumbList\",\"@id\":\"https:\\\/\\\/www.rassegnastampa-totustuus.it\\\/cattolica\\\/proposta-zan-un-nuovo-ddl-scalfarotto-liberticida\\\/#breadcrumb\",\"itemListElement\":[{\"@type\":\"ListItem\",\"position\":1,\"name\":\"Home\",\"item\":\"https:\\\/\\\/www.rassegnastampa-totustuus.it\\\/cattolica\\\/\"},{\"@type\":\"ListItem\",\"position\":2,\"name\":\"Proposta Zan, un nuovo ddl Scalfarotto. Liberticida\"}]},{\"@type\":\"WebSite\",\"@id\":\"https:\\\/\\\/www.rassegnastampa-totustuus.it\\\/cattolica\\\/#website\",\"url\":\"https:\\\/\\\/www.rassegnastampa-totustuus.it\\\/cattolica\\\/\",\"name\":\"Rassegna Stampa Cattolica\",\"description\":\"Per una cultura che nasce dalla Rivelazione cristiana in conformit\u00e0 alla tradizione e al Magistero della Chiesa in opposizione ad ogni relativismo e totalitarismo\",\"publisher\":{\"@id\":\"https:\\\/\\\/www.rassegnastampa-totustuus.it\\\/cattolica\\\/#organization\"},\"alternateName\":\"Rass. Cattolica\",\"potentialAction\":[{\"@type\":\"SearchAction\",\"target\":{\"@type\":\"EntryPoint\",\"urlTemplate\":\"https:\\\/\\\/www.rassegnastampa-totustuus.it\\\/cattolica\\\/?s={search_term_string}\"},\"query-input\":{\"@type\":\"PropertyValueSpecification\",\"valueRequired\":true,\"valueName\":\"search_term_string\"}}],\"inLanguage\":\"it-IT\"},{\"@type\":\"Organization\",\"@id\":\"https:\\\/\\\/www.rassegnastampa-totustuus.it\\\/cattolica\\\/#organization\",\"name\":\"Rassegna Stampa Cattolica\",\"url\":\"https:\\\/\\\/www.rassegnastampa-totustuus.it\\\/cattolica\\\/\",\"logo\":{\"@type\":\"ImageObject\",\"inLanguage\":\"it-IT\",\"@id\":\"https:\\\/\\\/www.rassegnastampa-totustuus.it\\\/cattolica\\\/#\\\/schema\\\/logo\\\/image\\\/\",\"url\":\"https:\\\/\\\/www.rassegnastampa-totustuus.it\\\/cattolica\\\/wp-content\\\/uploads\\\/2014\\\/04\\\/logo-rassegna1.gif\",\"contentUrl\":\"https:\\\/\\\/www.rassegnastampa-totustuus.it\\\/cattolica\\\/wp-content\\\/uploads\\\/2014\\\/04\\\/logo-rassegna1.gif\",\"width\":600,\"height\":163,\"caption\":\"Rassegna Stampa Cattolica\"},\"image\":{\"@id\":\"https:\\\/\\\/www.rassegnastampa-totustuus.it\\\/cattolica\\\/#\\\/schema\\\/logo\\\/image\\\/\"},\"sameAs\":[\"https:\\\/\\\/www.facebook.com\\\/rassegnastampacattolica\",\"https:\\\/\\\/x.com\\\/rassegnastampa9\"]},{\"@type\":\"Person\",\"@id\":\"https:\\\/\\\/www.rassegnastampa-totustuus.it\\\/cattolica\\\/#\\\/schema\\\/person\\\/08f319d2bd1a0904ad9e2bfb7b15e5c3\",\"name\":\"Redazione\",\"image\":{\"@type\":\"ImageObject\",\"inLanguage\":\"it-IT\",\"@id\":\"https:\\\/\\\/secure.gravatar.com\\\/avatar\\\/2fcdf27c78ea025fbdb44e914cc63c72249ffec9dc8aafd5c82b26240ef3f346?s=96&d=mm&r=g\",\"url\":\"https:\\\/\\\/secure.gravatar.com\\\/avatar\\\/2fcdf27c78ea025fbdb44e914cc63c72249ffec9dc8aafd5c82b26240ef3f346?s=96&d=mm&r=g\",\"contentUrl\":\"https:\\\/\\\/secure.gravatar.com\\\/avatar\\\/2fcdf27c78ea025fbdb44e914cc63c72249ffec9dc8aafd5c82b26240ef3f346?s=96&d=mm&r=g\",\"caption\":\"Redazione\"},\"url\":\"https:\\\/\\\/www.rassegnastampa-totustuus.it\\\/cattolica\\\/author\\\/pietroelle\\\/\"}]}<\/script>\n<!-- \/ Yoast SEO plugin. -->","yoast_head_json":{"title":"Proposta Zan, un nuovo ddl Scalfarotto. Liberticida - Rassegna Stampa Cattolica","description":"Rassegna Stampa Cattolica - Per una cultura che nasce dalla Rivelazione cristiana in conformit\u00e0 alla tradizione e al Magistero della Chiesa in opposizione ad ogni relativismo e totalitarismo","robots":{"index":"index","follow":"follow","max-snippet":"max-snippet:-1","max-image-preview":"max-image-preview:large","max-video-preview":"max-video-preview:-1"},"canonical":"https:\/\/www.rassegnastampa-totustuus.it\/cattolica\/proposta-zan-un-nuovo-ddl-scalfarotto-liberticida\/","og_locale":"it_IT","og_type":"article","og_title":"Proposta Zan, un nuovo ddl Scalfarotto. Liberticida - Rassegna Stampa Cattolica","og_description":"Rassegna Stampa Cattolica - Per una cultura che nasce dalla Rivelazione cristiana in conformit\u00e0 alla tradizione e al Magistero della Chiesa in opposizione ad ogni relativismo e totalitarismo","og_url":"https:\/\/www.rassegnastampa-totustuus.it\/cattolica\/proposta-zan-un-nuovo-ddl-scalfarotto-liberticida\/","og_site_name":"Rassegna Stampa Cattolica","article_publisher":"https:\/\/www.facebook.com\/rassegnastampacattolica","article_published_time":"2019-11-27T23:00:06+00:00","og_image":[{"width":2832,"height":1076,"url":"https:\/\/www.rassegnastampa-totustuus.it\/cattolica\/wp-content\/uploads\/2019\/11\/nazismo_guerra.png","type":"image\/png"}],"author":"Redazione","twitter_card":"summary_large_image","twitter_creator":"@rassegnastampa9","twitter_site":"@rassegnastampa9","twitter_misc":{"Scritto da":"Redazione","Tempo di lettura stimato":"8 minuti"},"schema":{"@context":"https:\/\/schema.org","@graph":[{"@type":"Article","@id":"https:\/\/www.rassegnastampa-totustuus.it\/cattolica\/proposta-zan-un-nuovo-ddl-scalfarotto-liberticida\/#article","isPartOf":{"@id":"https:\/\/www.rassegnastampa-totustuus.it\/cattolica\/proposta-zan-un-nuovo-ddl-scalfarotto-liberticida\/"},"author":{"name":"Redazione","@id":"https:\/\/www.rassegnastampa-totustuus.it\/cattolica\/#\/schema\/person\/08f319d2bd1a0904ad9e2bfb7b15e5c3"},"headline":"Proposta Zan, un nuovo ddl Scalfarotto. Liberticida","datePublished":"2019-11-27T23:00:06+00:00","mainEntityOfPage":{"@id":"https:\/\/www.rassegnastampa-totustuus.it\/cattolica\/proposta-zan-un-nuovo-ddl-scalfarotto-liberticida\/"},"wordCount":1583,"publisher":{"@id":"https:\/\/www.rassegnastampa-totustuus.it\/cattolica\/#organization"},"image":{"@id":"https:\/\/www.rassegnastampa-totustuus.it\/cattolica\/proposta-zan-un-nuovo-ddl-scalfarotto-liberticida\/#primaryimage"},"thumbnailUrl":"https:\/\/www.rassegnastampa-totustuus.it\/cattolica\/wp-content\/uploads\/2019\/11\/nazismo_guerra.png","keywords":["legge omofobia","politica nazionale","sguardo sul nostro tempo"],"articleSection":["Politica nazionale","Sguardo sul nostro tempo"],"inLanguage":"it-IT"},{"@type":"WebPage","@id":"https:\/\/www.rassegnastampa-totustuus.it\/cattolica\/proposta-zan-un-nuovo-ddl-scalfarotto-liberticida\/","url":"https:\/\/www.rassegnastampa-totustuus.it\/cattolica\/proposta-zan-un-nuovo-ddl-scalfarotto-liberticida\/","name":"Proposta Zan, un nuovo ddl Scalfarotto. Liberticida - Rassegna Stampa Cattolica","isPartOf":{"@id":"https:\/\/www.rassegnastampa-totustuus.it\/cattolica\/#website"},"primaryImageOfPage":{"@id":"https:\/\/www.rassegnastampa-totustuus.it\/cattolica\/proposta-zan-un-nuovo-ddl-scalfarotto-liberticida\/#primaryimage"},"image":{"@id":"https:\/\/www.rassegnastampa-totustuus.it\/cattolica\/proposta-zan-un-nuovo-ddl-scalfarotto-liberticida\/#primaryimage"},"thumbnailUrl":"https:\/\/www.rassegnastampa-totustuus.it\/cattolica\/wp-content\/uploads\/2019\/11\/nazismo_guerra.png","datePublished":"2019-11-27T23:00:06+00:00","description":"Rassegna Stampa Cattolica - Per una cultura che nasce dalla Rivelazione cristiana in conformit\u00e0 alla tradizione e al Magistero della Chiesa in opposizione ad ogni relativismo e totalitarismo","breadcrumb":{"@id":"https:\/\/www.rassegnastampa-totustuus.it\/cattolica\/proposta-zan-un-nuovo-ddl-scalfarotto-liberticida\/#breadcrumb"},"inLanguage":"it-IT","potentialAction":[{"@type":"ReadAction","target":["https:\/\/www.rassegnastampa-totustuus.it\/cattolica\/proposta-zan-un-nuovo-ddl-scalfarotto-liberticida\/"]}]},{"@type":"ImageObject","inLanguage":"it-IT","@id":"https:\/\/www.rassegnastampa-totustuus.it\/cattolica\/proposta-zan-un-nuovo-ddl-scalfarotto-liberticida\/#primaryimage","url":"https:\/\/www.rassegnastampa-totustuus.it\/cattolica\/wp-content\/uploads\/2019\/11\/nazismo_guerra.png","contentUrl":"https:\/\/www.rassegnastampa-totustuus.it\/cattolica\/wp-content\/uploads\/2019\/11\/nazismo_guerra.png","width":2832,"height":1076},{"@type":"BreadcrumbList","@id":"https:\/\/www.rassegnastampa-totustuus.it\/cattolica\/proposta-zan-un-nuovo-ddl-scalfarotto-liberticida\/#breadcrumb","itemListElement":[{"@type":"ListItem","position":1,"name":"Home","item":"https:\/\/www.rassegnastampa-totustuus.it\/cattolica\/"},{"@type":"ListItem","position":2,"name":"Proposta Zan, un nuovo ddl Scalfarotto. Liberticida"}]},{"@type":"WebSite","@id":"https:\/\/www.rassegnastampa-totustuus.it\/cattolica\/#website","url":"https:\/\/www.rassegnastampa-totustuus.it\/cattolica\/","name":"Rassegna Stampa Cattolica","description":"Per una cultura che nasce dalla Rivelazione cristiana in conformit\u00e0 alla tradizione e al Magistero della Chiesa in opposizione ad ogni relativismo e totalitarismo","publisher":{"@id":"https:\/\/www.rassegnastampa-totustuus.it\/cattolica\/#organization"},"alternateName":"Rass. Cattolica","potentialAction":[{"@type":"SearchAction","target":{"@type":"EntryPoint","urlTemplate":"https:\/\/www.rassegnastampa-totustuus.it\/cattolica\/?s={search_term_string}"},"query-input":{"@type":"PropertyValueSpecification","valueRequired":true,"valueName":"search_term_string"}}],"inLanguage":"it-IT"},{"@type":"Organization","@id":"https:\/\/www.rassegnastampa-totustuus.it\/cattolica\/#organization","name":"Rassegna Stampa Cattolica","url":"https:\/\/www.rassegnastampa-totustuus.it\/cattolica\/","logo":{"@type":"ImageObject","inLanguage":"it-IT","@id":"https:\/\/www.rassegnastampa-totustuus.it\/cattolica\/#\/schema\/logo\/image\/","url":"https:\/\/www.rassegnastampa-totustuus.it\/cattolica\/wp-content\/uploads\/2014\/04\/logo-rassegna1.gif","contentUrl":"https:\/\/www.rassegnastampa-totustuus.it\/cattolica\/wp-content\/uploads\/2014\/04\/logo-rassegna1.gif","width":600,"height":163,"caption":"Rassegna Stampa Cattolica"},"image":{"@id":"https:\/\/www.rassegnastampa-totustuus.it\/cattolica\/#\/schema\/logo\/image\/"},"sameAs":["https:\/\/www.facebook.com\/rassegnastampacattolica","https:\/\/x.com\/rassegnastampa9"]},{"@type":"Person","@id":"https:\/\/www.rassegnastampa-totustuus.it\/cattolica\/#\/schema\/person\/08f319d2bd1a0904ad9e2bfb7b15e5c3","name":"Redazione","image":{"@type":"ImageObject","inLanguage":"it-IT","@id":"https:\/\/secure.gravatar.com\/avatar\/2fcdf27c78ea025fbdb44e914cc63c72249ffec9dc8aafd5c82b26240ef3f346?s=96&d=mm&r=g","url":"https:\/\/secure.gravatar.com\/avatar\/2fcdf27c78ea025fbdb44e914cc63c72249ffec9dc8aafd5c82b26240ef3f346?s=96&d=mm&r=g","contentUrl":"https:\/\/secure.gravatar.com\/avatar\/2fcdf27c78ea025fbdb44e914cc63c72249ffec9dc8aafd5c82b26240ef3f346?s=96&d=mm&r=g","caption":"Redazione"},"url":"https:\/\/www.rassegnastampa-totustuus.it\/cattolica\/author\/pietroelle\/"}]}},"_links":{"self":[{"href":"https:\/\/www.rassegnastampa-totustuus.it\/cattolica\/wp-json\/wp\/v2\/posts\/45246","targetHints":{"allow":["GET"]}}],"collection":[{"href":"https:\/\/www.rassegnastampa-totustuus.it\/cattolica\/wp-json\/wp\/v2\/posts"}],"about":[{"href":"https:\/\/www.rassegnastampa-totustuus.it\/cattolica\/wp-json\/wp\/v2\/types\/post"}],"author":[{"embeddable":true,"href":"https:\/\/www.rassegnastampa-totustuus.it\/cattolica\/wp-json\/wp\/v2\/users\/6"}],"replies":[{"embeddable":true,"href":"https:\/\/www.rassegnastampa-totustuus.it\/cattolica\/wp-json\/wp\/v2\/comments?post=45246"}],"version-history":[{"count":2,"href":"https:\/\/www.rassegnastampa-totustuus.it\/cattolica\/wp-json\/wp\/v2\/posts\/45246\/revisions"}],"predecessor-version":[{"id":45252,"href":"https:\/\/www.rassegnastampa-totustuus.it\/cattolica\/wp-json\/wp\/v2\/posts\/45246\/revisions\/45252"}],"wp:featuredmedia":[{"embeddable":true,"href":"https:\/\/www.rassegnastampa-totustuus.it\/cattolica\/wp-json\/wp\/v2\/media\/45247"}],"wp:attachment":[{"href":"https:\/\/www.rassegnastampa-totustuus.it\/cattolica\/wp-json\/wp\/v2\/media?parent=45246"}],"wp:term":[{"taxonomy":"category","embeddable":true,"href":"https:\/\/www.rassegnastampa-totustuus.it\/cattolica\/wp-json\/wp\/v2\/categories?post=45246"},{"taxonomy":"post_tag","embeddable":true,"href":"https:\/\/www.rassegnastampa-totustuus.it\/cattolica\/wp-json\/wp\/v2\/tags?post=45246"}],"curies":[{"name":"wp","href":"https:\/\/api.w.org\/{rel}","templated":true}]}}