{"id":45237,"date":"2019-11-28T00:00:04","date_gmt":"2019-11-27T23:00:04","guid":{"rendered":"http:\/\/www.rassegnastampa-totustuus.it\/cattolica\/?p=45237"},"modified":"2019-11-26T09:17:23","modified_gmt":"2019-11-26T08:17:23","slug":"lue-e-le-troppe-analogie-con-lunione-sovietica","status":"publish","type":"post","link":"https:\/\/www.rassegnastampa-totustuus.it\/cattolica\/lue-e-le-troppe-analogie-con-lunione-sovietica\/","title":{"rendered":"L&#8217;Ue e le troppe analogie con l&#8217;Unione Sovietica"},"content":{"rendered":"<p style=\"text-align: center;\"><strong><a href=\"https:\/\/www.rassegnastampa-totustuus.it\/cattolica\/wp-content\/uploads\/2012\/12\/eurss.jpg\"><img loading=\"lazy\" decoding=\"async\" class=\"size-full wp-image-24674 alignright\" src=\"https:\/\/www.rassegnastampa-totustuus.it\/cattolica\/wp-content\/uploads\/2012\/12\/eurss.jpg\" alt=\"\" width=\"234\" height=\"215\" \/><\/a>Affari Italiani<\/strong><\/p>\n<p style=\"text-align: center;\">Marted\u00ec, 10 novembre<\/p>\n<p style=\"text-align: center;\">di <strong>Paolo Sensini<\/strong><\/p>\n<p style=\"text-align: justify;\"><strong>Siamo abituati a pensare che le guerre si facciano solo con armi ed eserciti che si fronteggiano, e che ad esse conseguano sempre macerie e distruzioni materiali<\/strong>. \u00c8 un sillogismo corretto, come la storia passata e recente ci conferma con abbondanti prove.<\/p>\n<p><!--more--><\/p>\n<p style=\"text-align: justify;\">Noi stessi, o meglio le generazioni venute prima della nostra, siamo confortati in tale ragionamento dalle devastazioni che sono seguite alla Prima e soprattutto alla Seconda guerra mondiale, quando le citt\u00e0 italiane e tedesche sono state in buona parte ridotte a cumuli di macerie dalle bombe lanciate dagli aerei anglo-americani.<\/p>\n<p style=\"text-align: justify;\"><a href=\"https:\/\/www.rassegnastampa-totustuus.it\/cattolica\/wp-content\/uploads\/2019\/06\/guerra_Italia-1.jpg\"><img loading=\"lazy\" decoding=\"async\" class=\"size-full wp-image-43386 alignleft\" src=\"https:\/\/www.rassegnastampa-totustuus.it\/cattolica\/wp-content\/uploads\/2019\/06\/guerra_Italia-1.jpg\" alt=\"\" width=\"269\" height=\"187\" \/><\/a>Bombe a dire il vero non molto intelligenti, visti gli enormi danni alle infrastrutture e i morti civili che nulla avevano a che fare direttamente con le parti in causa, ma che hanno svolto pienamente il loro infame lavoro. Non vi \u00e8 dunque nulla di sbagliato a ritenere che la guerra sia l&#8217;elemento di devastazione per eccellenza. Ma non \u00e8 tuttavia l&#8217;unica.<\/p>\n<p style=\"text-align: justify;\">Se guardiamo per esempio ci\u00f2 che \u00e8 successo in Italia da oltre un decennio, ma possiamo estendere il nostro sguardo anche a diversi altri Paesi europei, non \u00e8 difficile rendersi conto di quello che ha significato l&#8217;istituzione della UE. \u00a0Innanzitutto \u00e8 stata imposta una moneta comune, l&#8217;euro, calata completamente dall&#8217;alto su oltre trecentocinquanta milioni di abitanti dell&#8217;Unione. Nessun cittadino \u00e8 stato interpellato su una scelta cos\u00ec gravida di conseguenze e, dalla sera alla mattina, ci si \u00e8 trovati obbligati a maneggiare questa nuova valuta di scambio.<\/p>\n<p style=\"text-align: justify;\"><strong><a href=\"https:\/\/www.rassegnastampa-totustuus.it\/cattolica\/wp-content\/uploads\/2014\/05\/europarlamento.jpg\"><img loading=\"lazy\" decoding=\"async\" class=\"size-full wp-image-7461 alignright\" src=\"https:\/\/www.rassegnastampa-totustuus.it\/cattolica\/wp-content\/uploads\/2014\/05\/europarlamento.jpg\" alt=\"\" width=\"259\" height=\"194\" \/><\/a>Una cosa mai successa nella Storia<\/strong>. Ma ancora prima di questo passo, le massime autorit\u00e0 politiche, economiche e finanziarie italiane hanno deciso di aderire al nuovo consesso dell&#8217;Unione Europea senza alcun referendum o consultazione popolare. In altre parole \u00e8 avvenuto quello che, con espressione non troppo felice ma che rende bene l&#8217;idea, potremmo definire una &#8220;fusione a freddo&#8221;.<\/p>\n<p style=\"text-align: justify;\">I problemi per\u00f2 hanno incominciato a venire al pettine piuttosto alla svelta: disoccupazione di massa, impoverimento generale della societ\u00e0, tassazione del lavoro e della propriet\u00e0 sempre pi\u00f9 alta, perdita delle &#8220;sicurezze&#8221; degli individui. \u00a0Un&#8217;ecatombe che ha messo in ginocchio diversi Paesi, Spagna, Grecia e Italia in primis, ossia quelli amministrati nella maniera peggiore.<\/p>\n<p style=\"text-align: justify;\"><a href=\"https:\/\/www.rassegnastampa-totustuus.it\/cattolica\/wp-content\/uploads\/2017\/08\/morte_europa.jpg\"><img loading=\"lazy\" decoding=\"async\" class=\"size-full wp-image-38320 alignleft\" src=\"https:\/\/www.rassegnastampa-totustuus.it\/cattolica\/wp-content\/uploads\/2017\/08\/morte_europa.jpg\" alt=\"\" width=\"225\" height=\"224\" srcset=\"https:\/\/www.rassegnastampa-totustuus.it\/cattolica\/wp-content\/uploads\/2017\/08\/morte_europa.jpg 225w, https:\/\/www.rassegnastampa-totustuus.it\/cattolica\/wp-content\/uploads\/2017\/08\/morte_europa-150x150.jpg 150w\" sizes=\"auto, (max-width: 225px) 100vw, 225px\" \/><\/a>Inoltre non c&#8217;\u00e8 voluto molto a rendersi conto che il nuovo organismo chiamato UE \u00e8 piuttosto carente dal punto di vista della legittimit\u00e0 democratica e che ai suoi vertici sono cooptati individui privi di ogni pur minima investitura pubblica. In questo senso mostra profonde similitudini con la defunta Unione Sovietica.<\/p>\n<p style=\"text-align: justify;\">Quest&#8217;ultima era infatti governata da quindici persone non elette (Politbjuro) che si attribuivano incarichi l&#8217;un l&#8217;altro e che non erano tenuti a rispondere a nessuno. L&#8217;Unione Europea \u00e8 governata da due dozzine di persone non elette (Commissione Europea) che si attribuiscono anch&#8217;essi incarichi l&#8217;un l&#8217;altro, si incontrano in segreto, non devono rispondere a nessuno e che non possiamo rimuovere.<\/p>\n<p style=\"text-align: justify;\">A questo si pu\u00f2 obiettare che l&#8217;Unione Europea ha un Parlamento eletto, ma anche l&#8217;Unione Sovietica aveva una specie di Parlamento, il Soviet Supremo, che si limitava a timbrare le decisioni del Politbjuro pi\u00f9 o meno come fa oggi il Parlamento dell&#8217;Unione Europea, dove i tempi di parola nella plenaria sono limitati all&#8217;interno di ciascun gruppo e spesso ammontano a un solo minuto per oratore.<\/p>\n<p style=\"text-align: justify;\"><a href=\"https:\/\/www.rassegnastampa-totustuus.it\/cattolica\/wp-content\/uploads\/2010\/12\/europa.jpg\"><img loading=\"lazy\" decoding=\"async\" class=\"size-full wp-image-31861 alignright\" src=\"https:\/\/www.rassegnastampa-totustuus.it\/cattolica\/wp-content\/uploads\/2010\/12\/europa.jpg\" alt=\"\" width=\"255\" height=\"198\" \/><\/a>Nell&#8217;Unione Europea ci sono centinaia di migliaia di euroburocrati con altissimi stipendi, con i loro staff, i loro servitori, i loro bonus, i loro privilegi, la loro immunit\u00e0 a vita dai procedimenti penali, che semplicemente ruotano da una posizione all&#8217;altra, non importa quali siano i loro risultati o i loro insuccessi. Il Gosplan, la commissione per la pianificazione economica dell&#8217;URSS, era l&#8217;organo che decretava i piani quinquennali fin nei minimi dettagli, anche la forma di dadi e bulloni.<\/p>\n<p style=\"text-align: justify;\"><strong>L&#8217;UE ha gi\u00e0 prodotto circa 100mila pagine di regolamentazioni che prescrivono ogni cosa, dal calibro delle mele alle caratteristiche delle toilettes<\/strong> per signora. E di mese in mese lo spettro del suo intervento normativo e regolatore si estende a sempre nuovi campi. Con i risultati che abbiamo tutti sotto gli occhi.<\/p>\n<p style=\"text-align: justify;\">L&#8217;Unione Sovietica \u00e8 stata creata attraverso quello che la stampa ufficiale sovietica dell&#8217;epoca chiamava col nome &#8220;Oktjabr&#8217;skij perevorot&#8221; (&#8220;il colpo di Stato d&#8217;ottobre&#8221;) e non &#8220;Revoljucija&#8221;. \u00a0L&#8217;Unione Europea \u00e8 stata fondata, a dire il vero, senza l&#8217;uso della forza militare ma grazie a una massiccia propaganda e alla coercizione economica.<\/p>\n<p style=\"text-align: justify;\"><a href=\"https:\/\/www.rassegnastampa-totustuus.it\/cattolica\/wp-content\/uploads\/2019\/04\/armata_rossa_Urss-1.jpg\"><img loading=\"lazy\" decoding=\"async\" class=\"size-full wp-image-42905 alignleft\" src=\"https:\/\/www.rassegnastampa-totustuus.it\/cattolica\/wp-content\/uploads\/2019\/04\/armata_rossa_Urss-1.jpg\" alt=\"\" width=\"284\" height=\"177\" \/><\/a>Per continuare a esistere, l&#8217;Unione Sovietica ha dovuto espandersi sempre di pi\u00f9: quando smise di allargarsi inizi\u00f2 a collassare e vi \u00e8 il ragionevole sospetto che la stessa parabola sia possibile anche per l&#8217;Unione Europea. \u00a0Dopo il colpo di Stato d&#8217;ottobre venne detto che l&#8217;obiettivo dell&#8217;Unione Sovietica era quello di creare una nuova entit\u00e0 storica, il popolo sovietico, e che i suoi abitanti dovevano dimenticare le rispettive nazionalit\u00e0, tradizioni etniche, usi e costumi.<\/p>\n<p style=\"text-align: justify;\">La stessa cosa sembra accadere con l&#8217;Unione Europea, dal momento che non vogliono pi\u00f9 che si continui a essere inglesi, francesi, tedeschi, spagnoli: esigono che tutti si appartenga a una nuova fattispecie storica, gli europei, per sopprimere ci\u00f2 che rappresenta il patrimonio storico di ogni popolo e vivere come una &#8220;comunit\u00e0 multinazionale&#8221;.<\/p>\n<p style=\"text-align: justify;\"><a href=\"https:\/\/www.rassegnastampa-totustuus.it\/cattolica\/wp-content\/uploads\/2010\/06\/immigraz_Francia.jpg\"><img loading=\"lazy\" decoding=\"async\" class=\"size-full wp-image-27384 alignright\" src=\"https:\/\/www.rassegnastampa-totustuus.it\/cattolica\/wp-content\/uploads\/2010\/06\/immigraz_Francia.jpg\" alt=\"\" width=\"299\" height=\"168\" \/><\/a>Dopo 73 anni di esistenza coatta, questo sistema ha condotto a pi\u00f9 conflitti etnici che in qualunque altra parte del mondo. Nell&#8217;Unione Sovietica uno dei grandi obiettivi era la distruzione dello Stato-Nazione e questo pare esattamente ci\u00f2 che si osserva anche in Europa oggi. Bruxelles vuole infatti assorbire gli Stati preesistenti in modo che cessino di esistere.<\/p>\n<p style=\"text-align: justify;\">La corruzione endemica che si \u00e8 vista nella vecchia Unione Sovietica sta prosperando oggi anche nell&#8217;Unione Europea, ma coloro che vi si oppongono o che lo evidenziano vengono messi a tacere o allontanati quasi fosse un delitto di lesa maest\u00e0.<\/p>\n<p style=\"text-align: justify;\"><strong>L&#8217;obiezione principale, tuttavia, per chi rifiuta con sdegno una simile equiparazione tra queste due entit\u00e0 burocratiche, \u00e8 che in URSS <\/strong>vi era l'&#8221;Arcipelago Gulag&#8221; mentre in Europa non esiste nulla di simile. &#8220;Io penso &#8211; sostiene l&#8217;ex dissidente russo Vladimir Bukovskij &#8211; che abbiamo un Gulag anche nell&#8217;Unione Europea: un Gulag intellettuale chiamato &#8216;politically correct&#8217;.<\/p>\n<p style=\"text-align: justify;\"><a href=\"https:\/\/www.rassegnastampa-totustuus.it\/cattolica\/wp-content\/uploads\/2018\/09\/Vladimir_Bukovsky.jpg\"><img loading=\"lazy\" decoding=\"async\" class=\"size-full wp-image-41133 alignleft\" src=\"https:\/\/www.rassegnastampa-totustuus.it\/cattolica\/wp-content\/uploads\/2018\/09\/Vladimir_Bukovsky.jpg\" alt=\"\" width=\"271\" height=\"186\" \/><\/a>Quando chiunque cerca di esprimersi su questioni relative alla razza o alla differenziazione di genere, o se le sue opinioni differiscono da quelle approvate, viene ostracizzato. Questo \u00e8 l&#8217;inizio del Gulag, l&#8217;inizio della perdita della libert\u00e0&#8221;. \u00a0E in effetti il &#8220;politicamente corretto&#8221; viene gi\u00e0 applicato sempre pi\u00f9 in modo coercitivo attraverso tribunali, pene e gogne mediatiche.<\/p>\n<p style=\"text-align: justify;\">Con la scusa del terrorismo, si varano leggi speciali che consentono di sospendere le libert\u00e0 civili e la libert\u00e0 di parola; e i governi tendono ad assumere sempre pi\u00f9 poteri speciali di emergenza da cui sar\u00e0 quasi impossibile tornare indietro. Perch\u00e9 proprio ora? Cosa giustificano misure d&#8217;eccezione che non sono state introdotte nemmeno durante le due guerre mondiali?<\/p>\n<p style=\"text-align: justify;\"><a href=\"https:\/\/www.rassegnastampa-totustuus.it\/cattolica\/wp-content\/uploads\/2019\/01\/politicamente_corretto.jpg\"><img loading=\"lazy\" decoding=\"async\" class=\"size-full wp-image-41907 alignright\" src=\"https:\/\/www.rassegnastampa-totustuus.it\/cattolica\/wp-content\/uploads\/2019\/01\/politicamente_corretto.jpg\" alt=\"\" width=\"229\" height=\"220\" \/><\/a>Vi \u00e8 poi l&#8217;Europol e la paventata Eurogendfor, la polizia eurocratica, che saranno provviste addirittura di pi\u00f9 poteri del vecchio KGB perch\u00e9 godono di immunit\u00e0 diplomatica e potranno perseguire i &#8220;reati di opinione&#8221;, quelli che George Orwell chiamava &#8220;psicoreati&#8221;. Diversi governi hanno gi\u00e0 detto apertamente che coloro che si oppongono all&#8217;immigrazione incontrollata dal terzo mondo saranno considerati razzisti e dunque perseguiti in quanto tali.<\/p>\n<p style=\"text-align: justify;\">Allo stesso modo, coloro che si dichiarano contrari all&#8217;ampliamento dell&#8217;Europa ad altri Paesi saranno considerati xenofobi. Una cosa che, prima d&#8217;ora, mai in nessuna legislazione era stata considerata alla stregua di reati da perseguire. &#8220;In Unione Sovietica ci hanno detto &#8211; continua Bukovskij &#8211; che avevamo bisogno di uno stato federale per evitare le guerre.<\/p>\n<p style=\"text-align: justify;\">Nell&#8217;Unione Europea vi stanno dicendo esattamente la stessa cosa. In breve, la medesima ideologia sorregge entrambi i sistemi&#8221;. \u00a0L&#8217;Unione Europea pare dunque essere nella sua essenza nient&#8217;altro che il vecchio modello sovietico presentato in salsa occidentale. Pi\u00f9 &#8220;moderna&#8221; e con un&#8217;economia maggiormente sviluppata, ma afflitta ab origine dalle stesse tare.<\/p>\n<p style=\"text-align: justify;\"><strong><a href=\"https:\/\/www.rassegnastampa-totustuus.it\/cattolica\/wp-content\/uploads\/2009\/12\/disunione-europea.jpg\"><img loading=\"lazy\" decoding=\"async\" class=\"size-full wp-image-27679 alignleft\" src=\"https:\/\/www.rassegnastampa-totustuus.it\/cattolica\/wp-content\/uploads\/2009\/12\/disunione-europea.jpg\" alt=\"\" width=\"262\" height=\"192\" \/><\/a>E come la vecchia URSS ha dentro di s\u00e9 i germi della sua fine, perch\u00e9 \u00e8 incapace di riformarsi. Sfortunatamente, quando collasser\u00e0<\/strong> &#8211; e il momento si avvicina sempre di pi\u00f9 &#8211; lascer\u00e0 dietro di s\u00e9 una distruzione di massa e ci troveremo con enormi problemi economici ed etnici. Ma c&#8217;\u00e8 un&#8217;alternativa all&#8217;essere governati da quelle due dozzine di auto-incaricati funzionari di Bruxelles: si chiama &#8220;indipendenza&#8221;, anche perch\u00e9 a nessun cittadino europeo \u00e8 stato chiesto se voleva farne parte.<\/p>\n<p style=\"text-align: justify;\">Indipendenza anche da forme statali e sovranazionali che non hanno alcuna legittimit\u00e0 sul piano storico e che sono il semplice frutto di opere di colonizzazione o combine geopolitiche da parte di potenze straniere. La cosa diviene ancora pi\u00f9 urgente in un momento come questo, dove i risultati economici generali mostrano andamenti a dir poco disastrosi.<\/p>\n<p style=\"text-align: justify;\"><a href=\"https:\/\/www.rassegnastampa-totustuus.it\/cattolica\/wp-content\/uploads\/2011\/03\/Italia-crisi.jpg\"><img loading=\"lazy\" decoding=\"async\" class=\"size-full wp-image-28567 alignright\" src=\"https:\/\/www.rassegnastampa-totustuus.it\/cattolica\/wp-content\/uploads\/2011\/03\/Italia-crisi.jpg\" alt=\"\" width=\"235\" height=\"215\" \/><\/a>Prendiamo per esempio il caso italiano, perch\u00e9 \u00e8 paradigmatico dello sfacelo generale. L&#8217;Italia \u00e8 un Stato nato male e cresciuto ancora peggio, il quale dopo oltre 150 anni dalla sua fondazione versa in condizioni disastrose. Nessuno dei problemi che si sono presentati fin dal suo tragico inizio \u00e8 stato risolto e in pi\u00f9, nel frattempo, se ne sono aggiunti diversi altri.<\/p>\n<p style=\"text-align: justify;\">Sul piano economico la situazione rimane ancora totalmente sbilanciata, con un Nord che funge da locomotiva economica agganciata ai centri pi\u00f9 floridi dell&#8217;economia mondiale e un meridione piagato dalla malavita politica e criminale che ne occupa tutti gli spazi possibili. Basti solo dire che il residuo fiscale di tre sole regioni, Lombardia, Emilia-Romagna e Veneto ammonta a 95 miliardi di euro annuali che non ritornano sui territori in cui questa ricchezza viene sottratta.<\/p>\n<p style=\"text-align: justify;\">Chi pu\u00f2 pensare ragionevolmente di risanare i bilanci di uno Stato che, a livello centrale e in tutti i suoi gangli periferici, brucia risorse in questo modo e non si \u00e8 mai neppure posto il problema di modificarne anche solo lievemente la rotta? \u00a0\u00c8 ovvio che ai molti parassiti che vivono di questo andazzo le cose vanno bene cos\u00ec e guai a chi si azzarda anche solo a pensare di porre fine allo sfacelo economico, giudiziario e dell&#8217;ordine pubblico che ci sta trascinando nel baratro.<\/p>\n<p style=\"text-align: justify;\"><a href=\"https:\/\/www.rassegnastampa-totustuus.it\/cattolica\/wp-content\/uploads\/2006\/04\/Italia_frantumi.jpg\"><img loading=\"lazy\" decoding=\"async\" class=\"size-medium wp-image-31368 alignleft\" src=\"https:\/\/www.rassegnastampa-totustuus.it\/cattolica\/wp-content\/uploads\/2006\/04\/Italia_frantumi-300x150.jpg\" alt=\"\" width=\"300\" height=\"150\" srcset=\"https:\/\/www.rassegnastampa-totustuus.it\/cattolica\/wp-content\/uploads\/2006\/04\/Italia_frantumi-300x150.jpg 300w, https:\/\/www.rassegnastampa-totustuus.it\/cattolica\/wp-content\/uploads\/2006\/04\/Italia_frantumi.jpg 318w\" sizes=\"auto, (max-width: 300px) 100vw, 300px\" \/><\/a>Quindi diciamolo chiaramente: queste responsabilit\u00e0 di malgoverno non possono essere ascritte a quell&#8217;entit\u00e0 chiamata Unione Europa, che esiste da poco pi\u00f9 di un decennio, ma essa ha aggiunto altre &#8220;rigidit\u00e0&#8221; che vanno ad aggravare ulteriormente la situazione dell&#8217;Italia. La pi\u00f9 importante delle quali, forse quella decisiva, \u00e8 stata d&#8217;introdurre da parte della Banca Centrale Europea dei vincoli di spesa pubblica che hanno chiuso i rubinetti a un governo italiano abituato da sempre a stampare nuova moneta creando inflazione e quindi ulteriore debito.<\/p>\n<p style=\"text-align: justify;\">Una volta entrate a regime le nuove istituzione di governance monetarie europee era fatale che ci\u00f2 accadesse. E ora, come prevedibile, tutti i nodi arrivano dolorosamente al pettine. Ma questa situazione non \u00e8 un&#8217;esclusiva della sola Italia, come si pu\u00f2 osservare in diversi altri Paesi. Cos\u00ec, per far fronte all&#8217;emergenza, tutti i governi occidentali spalleggiati dal sistema bancario a riserva frazionaria si stanno muovendo inesorabilmente verso un&#8217;economia completamente senza contanti.<\/p>\n<p style=\"text-align: justify;\"><a href=\"https:\/\/www.rassegnastampa-totustuus.it\/cattolica\/wp-content\/uploads\/2019\/10\/soldi_denaro_evasione_fisco.jpg\"><img loading=\"lazy\" decoding=\"async\" class=\"size-medium wp-image-44835 alignright\" src=\"https:\/\/www.rassegnastampa-totustuus.it\/cattolica\/wp-content\/uploads\/2019\/10\/soldi_denaro_evasione_fisco-300x168.jpg\" alt=\"\" width=\"300\" height=\"168\" \/><\/a>Le Banche svedesi, per fare un esempio, hanno iniziato a chiudere gli sportelli automatici anche nelle zone rurali pi\u00f9 remote e, secondo il resoconto di alcuni giornali, la regola generale in Scandinavia \u00e8: &#8220;Se devi pagare in contanti, c&#8217;\u00e8 qualcosa che non va&#8221;. Dal 2009 il valore medio annuo di banconote e monete circolanti in Svezia \u00e8 infatti sceso del 20%, da oltre 100 a 80 miliardi di corone.<\/p>\n<p style=\"text-align: justify;\"><strong>Quello che spinge questo movimento a distruggere i contanti \u00e8 il desiderio di spingere le banche centrali a portare il tasso di interessi sempre pi\u00f9 in negativo<\/strong>. A settembre 2015, per esempio, sono stati collocati \u20ac1.750 miliardi di Btp a due anni con un rendimento negativo dello 0,23% segnando l&#8217;entrata dell&#8217;Italia nel club dei governi debitori che riscuotono interessi dai risparmiatori invece di pagarli. Insomma, l&#8217;ennesimo chiodo piantato sulla bara del risparmio.<\/p>\n<p style=\"text-align: justify;\">L&#8217;Italia \u00e8 uno dei massimi debitori in Europa e i risparmiatori acquistando titoli di Stato devono prestare ai governi per farsi sottrarre il risparmio. In poche parole sono diventati certificati di confisca. Le banche tuttavia non hanno ancora trasferito questo tasso ai loro depositanti, perch\u00e9 essi avrebbero semplicemente ritirato il loro denaro piuttosto che lasciarlo negli istituti bancari e vederlo ridursi inesorabilmente.<\/p>\n<p style=\"text-align: justify;\"><a href=\"https:\/\/www.rassegnastampa-totustuus.it\/cattolica\/wp-content\/uploads\/2017\/10\/denaro_contante-3.jpg\"><img loading=\"lazy\" decoding=\"async\" class=\"size-full wp-image-38574 alignleft\" src=\"https:\/\/www.rassegnastampa-totustuus.it\/cattolica\/wp-content\/uploads\/2017\/10\/denaro_contante-3.jpg\" alt=\"\" width=\"289\" height=\"174\" \/><\/a>Ma se il denaro contante fosse abolito e i depositi bancari diventassero l&#8217;unica forma di denaro, allora non ci sarebbe nessun limite per una politica di tassi con interessi negativi e le banche sarebbero in grado di superare l&#8217;ostacolo senza conseguenze dirette ma riversando, semplicemente, le perdite sui loro depositanti e correntisti. \u00a0La ragione di ci\u00f2 che sta accadendo \u00e8 piuttosto chiara.<\/p>\n<p style=\"text-align: justify;\">La maggior parte delle istituzioni finanziare europee \u00e8 insolvente e al primo campanello d&#8217;allarme ci potrebbe essere una corsa agli sportelli per trasformare i depositi in contante fisico prosciugando la liquidit\u00e0 delle banche. Ma non solo, potrebbe venire prosciugata la liquidit\u00e0 del mercato monetario dove si negoziano gli strumenti finanziaria con durata inferiore ai 12 mesi potenzialmente convertibili in cash.<\/p>\n<p style=\"text-align: justify;\"><a href=\"https:\/\/www.rassegnastampa-totustuus.it\/cattolica\/wp-content\/uploads\/2018\/03\/banca_Italia.jpg\"><img loading=\"lazy\" decoding=\"async\" class=\"size-full wp-image-39849 alignright\" src=\"https:\/\/www.rassegnastampa-totustuus.it\/cattolica\/wp-content\/uploads\/2018\/03\/banca_Italia.jpg\" alt=\"\" width=\"275\" height=\"183\" \/><\/a>L&#8217;incubo delle banche centrali, osserva l&#8217;analista Gerardo Coco, \u00e8 proprio questo: &#8220;che diventi realt\u00e0 la conversione del risparmio in contante fisico e l&#8217;unico mezzo per scongiurare un possibile drenaggio di liquidit\u00e0 \u00e8 metterlo fuori legge consentendo solo transizioni digitali. La misura \u00e8 funzionale a quella degli interessi negativi, una vera e propria tassa che potr\u00e0 essere applicata ai depositi non pi\u00f9 convertibili in contanti&#8221;.<\/p>\n<p style=\"text-align: justify;\">I governi sono in bancarotta e la prospettiva \u00e8 dunque la seguente: tutte le risorse dell&#8217;economia devono essere impegnate per pagare i loro debiti e ne resteranno sempre meno per i consumi, investimenti, pensioni. \u00a0Tutto ci\u00f2 che \u00e8 guadagnato oltre la soglia di sussistenza sar\u00e0 quindi potenzialmente espropriabile per pagare i debiti.<\/p>\n<p style=\"text-align: justify;\"><a href=\"https:\/\/www.rassegnastampa-totustuus.it\/cattolica\/wp-content\/uploads\/2019\/11\/bancomat_denaro_banca.jpg\"><img loading=\"lazy\" decoding=\"async\" class=\"size-full wp-image-45243 alignleft\" src=\"https:\/\/www.rassegnastampa-totustuus.it\/cattolica\/wp-content\/uploads\/2019\/11\/bancomat_denaro_banca.jpg\" alt=\"\" width=\"269\" height=\"187\" \/><\/a>Perci\u00f2 con gli stipendi, dividendi, retribuzioni ecc. che vengono versati tutti con un deposito diretto sul conto in banca, l&#8217;unico modo per sfuggire a tassi di interesse negativi sarebbe quello di spendere, spendere, spendere\u2026 quello che ancora rimane. Ma fino a quando potr\u00e0 durare?<\/p>\n<p style=\"text-align: justify;\">Questo, naturalmente, \u00e8 proprio ci\u00f2 che vorrebbero i consulenti governativi, gli economisti keynesiani e le banche centrali. Se non usi il contante significa che tutta la tua attivit\u00e0 economica passa per le banche dove pu\u00f2 essere controllata, tracciata, monitorata e regolata. E chiunque provasse a chiamarsene fuori verr\u00e0 bollato ipso facto come un potenziale criminale.<\/p>\n<p style=\"text-align: justify;\">Quindi la morale di ci\u00f2 che sta avvenendo \u00e8 fin troppo prevedibile: la UE presto o tardi collasser\u00e0 come \u00e8 crollata a suo tempo l&#8217;Unione Sovietica. Ma quando avvengono i crolli di questi mostri burocratici lasciano tali devastazioni che intere generazioni non bastano a curare. \u00c8 questo il futuro che vogliamo lasciare ai nostri figli?<\/p>\n","protected":false},"excerpt":{"rendered":"<p>Affari Italiani Marted\u00ec, 10 novembre di Paolo Sensini Siamo abituati a pensare che le guerre si facciano solo con armi ed eserciti che si fronteggiano, e che ad esse conseguano sempre macerie e distruzioni materiali. \u00c8 un sillogismo corretto, come la storia passata e recente ci conferma con abbondanti prove.<\/p><p><a class=\"more-link btn\" href=\"https:\/\/www.rassegnastampa-totustuus.it\/cattolica\/lue-e-le-troppe-analogie-con-lunione-sovietica\/\">Continua a leggere<\/a><\/p>\n","protected":false},"author":6,"featured_media":45240,"comment_status":"closed","ping_status":"closed","sticky":false,"template":"","format":"standard","meta":{"footnotes":""},"categories":[14],"tags":[439,2130],"class_list":["post-45237","post","type-post","status-publish","format-standard","has-post-thumbnail","hentry","category-europa-e-ue","tag-europa-ue","tag-eurss","item-wrap"],"yoast_head":"<!-- This site is optimized with the Yoast SEO plugin v27.5 - https:\/\/yoast.com\/product\/yoast-seo-wordpress\/ -->\n<title>L&#039;Ue e le troppe analogie con l&#039;Unione Sovietica - Rassegna Stampa Cattolica<\/title>\n<meta name=\"description\" content=\"Rassegna Stampa Cattolica - Per una cultura che nasce dalla Rivelazione cristiana in conformit\u00e0 alla tradizione e al Magistero della Chiesa in opposizione ad ogni relativismo e totalitarismo\" \/>\n<meta name=\"robots\" content=\"index, follow, max-snippet:-1, max-image-preview:large, max-video-preview:-1\" \/>\n<link rel=\"canonical\" href=\"https:\/\/www.rassegnastampa-totustuus.it\/cattolica\/lue-e-le-troppe-analogie-con-lunione-sovietica\/\" \/>\n<meta property=\"og:locale\" content=\"it_IT\" \/>\n<meta property=\"og:type\" content=\"article\" \/>\n<meta property=\"og:title\" content=\"L&#039;Ue e le troppe analogie con l&#039;Unione Sovietica - Rassegna Stampa Cattolica\" \/>\n<meta property=\"og:description\" content=\"Rassegna Stampa Cattolica - Per una cultura che nasce dalla Rivelazione cristiana in conformit\u00e0 alla tradizione e al Magistero della Chiesa in opposizione ad ogni relativismo e totalitarismo\" \/>\n<meta property=\"og:url\" content=\"https:\/\/www.rassegnastampa-totustuus.it\/cattolica\/lue-e-le-troppe-analogie-con-lunione-sovietica\/\" \/>\n<meta property=\"og:site_name\" content=\"Rassegna Stampa Cattolica\" \/>\n<meta property=\"article:publisher\" content=\"https:\/\/www.facebook.com\/rassegnastampacattolica\" \/>\n<meta property=\"article:published_time\" content=\"2019-11-27T23:00:04+00:00\" \/>\n<meta property=\"og:image\" content=\"https:\/\/www.rassegnastampa-totustuus.it\/cattolica\/wp-content\/uploads\/2019\/11\/Europa.jpg\" \/>\n\t<meta property=\"og:image:width\" content=\"2800\" \/>\n\t<meta property=\"og:image:height\" content=\"1200\" \/>\n\t<meta property=\"og:image:type\" content=\"image\/jpeg\" \/>\n<meta name=\"author\" content=\"Redazione\" \/>\n<meta name=\"twitter:card\" content=\"summary_large_image\" \/>\n<meta name=\"twitter:creator\" content=\"@rassegnastampa9\" \/>\n<meta name=\"twitter:site\" content=\"@rassegnastampa9\" \/>\n<meta name=\"twitter:label1\" content=\"Scritto da\" \/>\n\t<meta name=\"twitter:data1\" content=\"Redazione\" \/>\n\t<meta name=\"twitter:label2\" content=\"Tempo di lettura stimato\" \/>\n\t<meta name=\"twitter:data2\" content=\"12 minuti\" \/>\n<script type=\"application\/ld+json\" class=\"yoast-schema-graph\">{\"@context\":\"https:\\\/\\\/schema.org\",\"@graph\":[{\"@type\":\"Article\",\"@id\":\"https:\\\/\\\/www.rassegnastampa-totustuus.it\\\/cattolica\\\/lue-e-le-troppe-analogie-con-lunione-sovietica\\\/#article\",\"isPartOf\":{\"@id\":\"https:\\\/\\\/www.rassegnastampa-totustuus.it\\\/cattolica\\\/lue-e-le-troppe-analogie-con-lunione-sovietica\\\/\"},\"author\":{\"name\":\"Redazione\",\"@id\":\"https:\\\/\\\/www.rassegnastampa-totustuus.it\\\/cattolica\\\/#\\\/schema\\\/person\\\/08f319d2bd1a0904ad9e2bfb7b15e5c3\"},\"headline\":\"L&#8217;Ue e le troppe analogie con l&#8217;Unione Sovietica\",\"datePublished\":\"2019-11-27T23:00:04+00:00\",\"mainEntityOfPage\":{\"@id\":\"https:\\\/\\\/www.rassegnastampa-totustuus.it\\\/cattolica\\\/lue-e-le-troppe-analogie-con-lunione-sovietica\\\/\"},\"wordCount\":2407,\"publisher\":{\"@id\":\"https:\\\/\\\/www.rassegnastampa-totustuus.it\\\/cattolica\\\/#organization\"},\"image\":{\"@id\":\"https:\\\/\\\/www.rassegnastampa-totustuus.it\\\/cattolica\\\/lue-e-le-troppe-analogie-con-lunione-sovietica\\\/#primaryimage\"},\"thumbnailUrl\":\"https:\\\/\\\/www.rassegnastampa-totustuus.it\\\/cattolica\\\/wp-content\\\/uploads\\\/2019\\\/11\\\/Europa.jpg\",\"keywords\":[\"Europa UE\",\"eurss\"],\"articleSection\":[\"Europa e UE\"],\"inLanguage\":\"it-IT\"},{\"@type\":\"WebPage\",\"@id\":\"https:\\\/\\\/www.rassegnastampa-totustuus.it\\\/cattolica\\\/lue-e-le-troppe-analogie-con-lunione-sovietica\\\/\",\"url\":\"https:\\\/\\\/www.rassegnastampa-totustuus.it\\\/cattolica\\\/lue-e-le-troppe-analogie-con-lunione-sovietica\\\/\",\"name\":\"L'Ue e le troppe analogie con l'Unione Sovietica - Rassegna Stampa Cattolica\",\"isPartOf\":{\"@id\":\"https:\\\/\\\/www.rassegnastampa-totustuus.it\\\/cattolica\\\/#website\"},\"primaryImageOfPage\":{\"@id\":\"https:\\\/\\\/www.rassegnastampa-totustuus.it\\\/cattolica\\\/lue-e-le-troppe-analogie-con-lunione-sovietica\\\/#primaryimage\"},\"image\":{\"@id\":\"https:\\\/\\\/www.rassegnastampa-totustuus.it\\\/cattolica\\\/lue-e-le-troppe-analogie-con-lunione-sovietica\\\/#primaryimage\"},\"thumbnailUrl\":\"https:\\\/\\\/www.rassegnastampa-totustuus.it\\\/cattolica\\\/wp-content\\\/uploads\\\/2019\\\/11\\\/Europa.jpg\",\"datePublished\":\"2019-11-27T23:00:04+00:00\",\"description\":\"Rassegna Stampa Cattolica - Per una cultura che nasce dalla Rivelazione cristiana in conformit\u00e0 alla tradizione e al Magistero della Chiesa in opposizione ad ogni relativismo e totalitarismo\",\"breadcrumb\":{\"@id\":\"https:\\\/\\\/www.rassegnastampa-totustuus.it\\\/cattolica\\\/lue-e-le-troppe-analogie-con-lunione-sovietica\\\/#breadcrumb\"},\"inLanguage\":\"it-IT\",\"potentialAction\":[{\"@type\":\"ReadAction\",\"target\":[\"https:\\\/\\\/www.rassegnastampa-totustuus.it\\\/cattolica\\\/lue-e-le-troppe-analogie-con-lunione-sovietica\\\/\"]}]},{\"@type\":\"ImageObject\",\"inLanguage\":\"it-IT\",\"@id\":\"https:\\\/\\\/www.rassegnastampa-totustuus.it\\\/cattolica\\\/lue-e-le-troppe-analogie-con-lunione-sovietica\\\/#primaryimage\",\"url\":\"https:\\\/\\\/www.rassegnastampa-totustuus.it\\\/cattolica\\\/wp-content\\\/uploads\\\/2019\\\/11\\\/Europa.jpg\",\"contentUrl\":\"https:\\\/\\\/www.rassegnastampa-totustuus.it\\\/cattolica\\\/wp-content\\\/uploads\\\/2019\\\/11\\\/Europa.jpg\",\"width\":2800,\"height\":1200},{\"@type\":\"BreadcrumbList\",\"@id\":\"https:\\\/\\\/www.rassegnastampa-totustuus.it\\\/cattolica\\\/lue-e-le-troppe-analogie-con-lunione-sovietica\\\/#breadcrumb\",\"itemListElement\":[{\"@type\":\"ListItem\",\"position\":1,\"name\":\"Home\",\"item\":\"https:\\\/\\\/www.rassegnastampa-totustuus.it\\\/cattolica\\\/\"},{\"@type\":\"ListItem\",\"position\":2,\"name\":\"L&#8217;Ue e le troppe analogie con l&#8217;Unione Sovietica\"}]},{\"@type\":\"WebSite\",\"@id\":\"https:\\\/\\\/www.rassegnastampa-totustuus.it\\\/cattolica\\\/#website\",\"url\":\"https:\\\/\\\/www.rassegnastampa-totustuus.it\\\/cattolica\\\/\",\"name\":\"Rassegna Stampa Cattolica\",\"description\":\"Per una cultura che nasce dalla Rivelazione cristiana in conformit\u00e0 alla tradizione e al Magistero della Chiesa in opposizione ad ogni relativismo e totalitarismo\",\"publisher\":{\"@id\":\"https:\\\/\\\/www.rassegnastampa-totustuus.it\\\/cattolica\\\/#organization\"},\"alternateName\":\"Rass. Cattolica\",\"potentialAction\":[{\"@type\":\"SearchAction\",\"target\":{\"@type\":\"EntryPoint\",\"urlTemplate\":\"https:\\\/\\\/www.rassegnastampa-totustuus.it\\\/cattolica\\\/?s={search_term_string}\"},\"query-input\":{\"@type\":\"PropertyValueSpecification\",\"valueRequired\":true,\"valueName\":\"search_term_string\"}}],\"inLanguage\":\"it-IT\"},{\"@type\":\"Organization\",\"@id\":\"https:\\\/\\\/www.rassegnastampa-totustuus.it\\\/cattolica\\\/#organization\",\"name\":\"Rassegna Stampa Cattolica\",\"url\":\"https:\\\/\\\/www.rassegnastampa-totustuus.it\\\/cattolica\\\/\",\"logo\":{\"@type\":\"ImageObject\",\"inLanguage\":\"it-IT\",\"@id\":\"https:\\\/\\\/www.rassegnastampa-totustuus.it\\\/cattolica\\\/#\\\/schema\\\/logo\\\/image\\\/\",\"url\":\"https:\\\/\\\/www.rassegnastampa-totustuus.it\\\/cattolica\\\/wp-content\\\/uploads\\\/2014\\\/04\\\/logo-rassegna1.gif\",\"contentUrl\":\"https:\\\/\\\/www.rassegnastampa-totustuus.it\\\/cattolica\\\/wp-content\\\/uploads\\\/2014\\\/04\\\/logo-rassegna1.gif\",\"width\":600,\"height\":163,\"caption\":\"Rassegna Stampa Cattolica\"},\"image\":{\"@id\":\"https:\\\/\\\/www.rassegnastampa-totustuus.it\\\/cattolica\\\/#\\\/schema\\\/logo\\\/image\\\/\"},\"sameAs\":[\"https:\\\/\\\/www.facebook.com\\\/rassegnastampacattolica\",\"https:\\\/\\\/x.com\\\/rassegnastampa9\"]},{\"@type\":\"Person\",\"@id\":\"https:\\\/\\\/www.rassegnastampa-totustuus.it\\\/cattolica\\\/#\\\/schema\\\/person\\\/08f319d2bd1a0904ad9e2bfb7b15e5c3\",\"name\":\"Redazione\",\"image\":{\"@type\":\"ImageObject\",\"inLanguage\":\"it-IT\",\"@id\":\"https:\\\/\\\/secure.gravatar.com\\\/avatar\\\/2fcdf27c78ea025fbdb44e914cc63c72249ffec9dc8aafd5c82b26240ef3f346?s=96&d=mm&r=g\",\"url\":\"https:\\\/\\\/secure.gravatar.com\\\/avatar\\\/2fcdf27c78ea025fbdb44e914cc63c72249ffec9dc8aafd5c82b26240ef3f346?s=96&d=mm&r=g\",\"contentUrl\":\"https:\\\/\\\/secure.gravatar.com\\\/avatar\\\/2fcdf27c78ea025fbdb44e914cc63c72249ffec9dc8aafd5c82b26240ef3f346?s=96&d=mm&r=g\",\"caption\":\"Redazione\"},\"url\":\"https:\\\/\\\/www.rassegnastampa-totustuus.it\\\/cattolica\\\/author\\\/pietroelle\\\/\"}]}<\/script>\n<!-- \/ Yoast SEO plugin. -->","yoast_head_json":{"title":"L'Ue e le troppe analogie con l'Unione Sovietica - Rassegna Stampa Cattolica","description":"Rassegna Stampa Cattolica - Per una cultura che nasce dalla Rivelazione cristiana in conformit\u00e0 alla tradizione e al Magistero della Chiesa in opposizione ad ogni relativismo e totalitarismo","robots":{"index":"index","follow":"follow","max-snippet":"max-snippet:-1","max-image-preview":"max-image-preview:large","max-video-preview":"max-video-preview:-1"},"canonical":"https:\/\/www.rassegnastampa-totustuus.it\/cattolica\/lue-e-le-troppe-analogie-con-lunione-sovietica\/","og_locale":"it_IT","og_type":"article","og_title":"L'Ue e le troppe analogie con l'Unione Sovietica - Rassegna Stampa Cattolica","og_description":"Rassegna Stampa Cattolica - Per una cultura che nasce dalla Rivelazione cristiana in conformit\u00e0 alla tradizione e al Magistero della Chiesa in opposizione ad ogni relativismo e totalitarismo","og_url":"https:\/\/www.rassegnastampa-totustuus.it\/cattolica\/lue-e-le-troppe-analogie-con-lunione-sovietica\/","og_site_name":"Rassegna Stampa Cattolica","article_publisher":"https:\/\/www.facebook.com\/rassegnastampacattolica","article_published_time":"2019-11-27T23:00:04+00:00","og_image":[{"width":2800,"height":1200,"url":"https:\/\/www.rassegnastampa-totustuus.it\/cattolica\/wp-content\/uploads\/2019\/11\/Europa.jpg","type":"image\/jpeg"}],"author":"Redazione","twitter_card":"summary_large_image","twitter_creator":"@rassegnastampa9","twitter_site":"@rassegnastampa9","twitter_misc":{"Scritto da":"Redazione","Tempo di lettura stimato":"12 minuti"},"schema":{"@context":"https:\/\/schema.org","@graph":[{"@type":"Article","@id":"https:\/\/www.rassegnastampa-totustuus.it\/cattolica\/lue-e-le-troppe-analogie-con-lunione-sovietica\/#article","isPartOf":{"@id":"https:\/\/www.rassegnastampa-totustuus.it\/cattolica\/lue-e-le-troppe-analogie-con-lunione-sovietica\/"},"author":{"name":"Redazione","@id":"https:\/\/www.rassegnastampa-totustuus.it\/cattolica\/#\/schema\/person\/08f319d2bd1a0904ad9e2bfb7b15e5c3"},"headline":"L&#8217;Ue e le troppe analogie con l&#8217;Unione Sovietica","datePublished":"2019-11-27T23:00:04+00:00","mainEntityOfPage":{"@id":"https:\/\/www.rassegnastampa-totustuus.it\/cattolica\/lue-e-le-troppe-analogie-con-lunione-sovietica\/"},"wordCount":2407,"publisher":{"@id":"https:\/\/www.rassegnastampa-totustuus.it\/cattolica\/#organization"},"image":{"@id":"https:\/\/www.rassegnastampa-totustuus.it\/cattolica\/lue-e-le-troppe-analogie-con-lunione-sovietica\/#primaryimage"},"thumbnailUrl":"https:\/\/www.rassegnastampa-totustuus.it\/cattolica\/wp-content\/uploads\/2019\/11\/Europa.jpg","keywords":["Europa UE","eurss"],"articleSection":["Europa e UE"],"inLanguage":"it-IT"},{"@type":"WebPage","@id":"https:\/\/www.rassegnastampa-totustuus.it\/cattolica\/lue-e-le-troppe-analogie-con-lunione-sovietica\/","url":"https:\/\/www.rassegnastampa-totustuus.it\/cattolica\/lue-e-le-troppe-analogie-con-lunione-sovietica\/","name":"L'Ue e le troppe analogie con l'Unione Sovietica - Rassegna Stampa Cattolica","isPartOf":{"@id":"https:\/\/www.rassegnastampa-totustuus.it\/cattolica\/#website"},"primaryImageOfPage":{"@id":"https:\/\/www.rassegnastampa-totustuus.it\/cattolica\/lue-e-le-troppe-analogie-con-lunione-sovietica\/#primaryimage"},"image":{"@id":"https:\/\/www.rassegnastampa-totustuus.it\/cattolica\/lue-e-le-troppe-analogie-con-lunione-sovietica\/#primaryimage"},"thumbnailUrl":"https:\/\/www.rassegnastampa-totustuus.it\/cattolica\/wp-content\/uploads\/2019\/11\/Europa.jpg","datePublished":"2019-11-27T23:00:04+00:00","description":"Rassegna Stampa Cattolica - Per una cultura che nasce dalla Rivelazione cristiana in conformit\u00e0 alla tradizione e al Magistero della Chiesa in opposizione ad ogni relativismo e totalitarismo","breadcrumb":{"@id":"https:\/\/www.rassegnastampa-totustuus.it\/cattolica\/lue-e-le-troppe-analogie-con-lunione-sovietica\/#breadcrumb"},"inLanguage":"it-IT","potentialAction":[{"@type":"ReadAction","target":["https:\/\/www.rassegnastampa-totustuus.it\/cattolica\/lue-e-le-troppe-analogie-con-lunione-sovietica\/"]}]},{"@type":"ImageObject","inLanguage":"it-IT","@id":"https:\/\/www.rassegnastampa-totustuus.it\/cattolica\/lue-e-le-troppe-analogie-con-lunione-sovietica\/#primaryimage","url":"https:\/\/www.rassegnastampa-totustuus.it\/cattolica\/wp-content\/uploads\/2019\/11\/Europa.jpg","contentUrl":"https:\/\/www.rassegnastampa-totustuus.it\/cattolica\/wp-content\/uploads\/2019\/11\/Europa.jpg","width":2800,"height":1200},{"@type":"BreadcrumbList","@id":"https:\/\/www.rassegnastampa-totustuus.it\/cattolica\/lue-e-le-troppe-analogie-con-lunione-sovietica\/#breadcrumb","itemListElement":[{"@type":"ListItem","position":1,"name":"Home","item":"https:\/\/www.rassegnastampa-totustuus.it\/cattolica\/"},{"@type":"ListItem","position":2,"name":"L&#8217;Ue e le troppe analogie con l&#8217;Unione Sovietica"}]},{"@type":"WebSite","@id":"https:\/\/www.rassegnastampa-totustuus.it\/cattolica\/#website","url":"https:\/\/www.rassegnastampa-totustuus.it\/cattolica\/","name":"Rassegna Stampa Cattolica","description":"Per una cultura che nasce dalla Rivelazione cristiana in conformit\u00e0 alla tradizione e al Magistero della Chiesa in opposizione ad ogni relativismo e totalitarismo","publisher":{"@id":"https:\/\/www.rassegnastampa-totustuus.it\/cattolica\/#organization"},"alternateName":"Rass. Cattolica","potentialAction":[{"@type":"SearchAction","target":{"@type":"EntryPoint","urlTemplate":"https:\/\/www.rassegnastampa-totustuus.it\/cattolica\/?s={search_term_string}"},"query-input":{"@type":"PropertyValueSpecification","valueRequired":true,"valueName":"search_term_string"}}],"inLanguage":"it-IT"},{"@type":"Organization","@id":"https:\/\/www.rassegnastampa-totustuus.it\/cattolica\/#organization","name":"Rassegna Stampa Cattolica","url":"https:\/\/www.rassegnastampa-totustuus.it\/cattolica\/","logo":{"@type":"ImageObject","inLanguage":"it-IT","@id":"https:\/\/www.rassegnastampa-totustuus.it\/cattolica\/#\/schema\/logo\/image\/","url":"https:\/\/www.rassegnastampa-totustuus.it\/cattolica\/wp-content\/uploads\/2014\/04\/logo-rassegna1.gif","contentUrl":"https:\/\/www.rassegnastampa-totustuus.it\/cattolica\/wp-content\/uploads\/2014\/04\/logo-rassegna1.gif","width":600,"height":163,"caption":"Rassegna Stampa Cattolica"},"image":{"@id":"https:\/\/www.rassegnastampa-totustuus.it\/cattolica\/#\/schema\/logo\/image\/"},"sameAs":["https:\/\/www.facebook.com\/rassegnastampacattolica","https:\/\/x.com\/rassegnastampa9"]},{"@type":"Person","@id":"https:\/\/www.rassegnastampa-totustuus.it\/cattolica\/#\/schema\/person\/08f319d2bd1a0904ad9e2bfb7b15e5c3","name":"Redazione","image":{"@type":"ImageObject","inLanguage":"it-IT","@id":"https:\/\/secure.gravatar.com\/avatar\/2fcdf27c78ea025fbdb44e914cc63c72249ffec9dc8aafd5c82b26240ef3f346?s=96&d=mm&r=g","url":"https:\/\/secure.gravatar.com\/avatar\/2fcdf27c78ea025fbdb44e914cc63c72249ffec9dc8aafd5c82b26240ef3f346?s=96&d=mm&r=g","contentUrl":"https:\/\/secure.gravatar.com\/avatar\/2fcdf27c78ea025fbdb44e914cc63c72249ffec9dc8aafd5c82b26240ef3f346?s=96&d=mm&r=g","caption":"Redazione"},"url":"https:\/\/www.rassegnastampa-totustuus.it\/cattolica\/author\/pietroelle\/"}]}},"_links":{"self":[{"href":"https:\/\/www.rassegnastampa-totustuus.it\/cattolica\/wp-json\/wp\/v2\/posts\/45237","targetHints":{"allow":["GET"]}}],"collection":[{"href":"https:\/\/www.rassegnastampa-totustuus.it\/cattolica\/wp-json\/wp\/v2\/posts"}],"about":[{"href":"https:\/\/www.rassegnastampa-totustuus.it\/cattolica\/wp-json\/wp\/v2\/types\/post"}],"author":[{"embeddable":true,"href":"https:\/\/www.rassegnastampa-totustuus.it\/cattolica\/wp-json\/wp\/v2\/users\/6"}],"replies":[{"embeddable":true,"href":"https:\/\/www.rassegnastampa-totustuus.it\/cattolica\/wp-json\/wp\/v2\/comments?post=45237"}],"version-history":[{"count":3,"href":"https:\/\/www.rassegnastampa-totustuus.it\/cattolica\/wp-json\/wp\/v2\/posts\/45237\/revisions"}],"predecessor-version":[{"id":45244,"href":"https:\/\/www.rassegnastampa-totustuus.it\/cattolica\/wp-json\/wp\/v2\/posts\/45237\/revisions\/45244"}],"wp:featuredmedia":[{"embeddable":true,"href":"https:\/\/www.rassegnastampa-totustuus.it\/cattolica\/wp-json\/wp\/v2\/media\/45240"}],"wp:attachment":[{"href":"https:\/\/www.rassegnastampa-totustuus.it\/cattolica\/wp-json\/wp\/v2\/media?parent=45237"}],"wp:term":[{"taxonomy":"category","embeddable":true,"href":"https:\/\/www.rassegnastampa-totustuus.it\/cattolica\/wp-json\/wp\/v2\/categories?post=45237"},{"taxonomy":"post_tag","embeddable":true,"href":"https:\/\/www.rassegnastampa-totustuus.it\/cattolica\/wp-json\/wp\/v2\/tags?post=45237"}],"curies":[{"name":"wp","href":"https:\/\/api.w.org\/{rel}","templated":true}]}}