{"id":45229,"date":"2019-11-21T00:00:28","date_gmt":"2019-11-20T23:00:28","guid":{"rendered":"http:\/\/www.rassegnastampa-totustuus.it\/cattolica\/?p=45229"},"modified":"2019-11-21T08:35:43","modified_gmt":"2019-11-21T07:35:43","slug":"odio-e-fake-news-pretesti-per-controllare-il-web","status":"publish","type":"post","link":"https:\/\/www.rassegnastampa-totustuus.it\/cattolica\/odio-e-fake-news-pretesti-per-controllare-il-web\/","title":{"rendered":"Odio e fake news: pretesti per controllare il Web"},"content":{"rendered":"<p style=\"text-align: center;\"><strong><a href=\"https:\/\/www.rassegnastampa-totustuus.it\/cattolica\/wp-content\/uploads\/2019\/11\/computer.jpg\"><img loading=\"lazy\" decoding=\"async\" class=\" wp-image-45232 alignright\" src=\"https:\/\/www.rassegnastampa-totustuus.it\/cattolica\/wp-content\/uploads\/2019\/11\/computer-300x168.jpg\" alt=\"\" width=\"271\" height=\"152\" \/><\/a>La Nuova Bussola quotidiana<\/strong><\/p>\n<p style=\"text-align: center;\">14 Novembre 2019<\/p>\n<p style=\"text-align: justify;\"><em>Casi Segre e Mattarella: \u00e8 caccia aperta agli odiatori in rete (haters) e a chi diffonde notizie false (fake news). Questa \u00e8 la tendenza della nuova politica sull\u2019informazione. Ma non \u00e8 tanto l&#8217;amore per la quiete sociale che la motiva, quanto la vecchia battaglia della sinistra per la conquista delle cittadelle della cultura <\/em><\/p>\n<p style=\"text-align: center;\">di <strong>Stefano Magni<\/strong><\/p>\n<p><!--more--><\/p>\n<p style=\"text-align: justify;\">Caccia aperta agli odiatori in rete (haters) e a chi diffonde notizie false (fake news). Questa \u00e8 la tendenza della nuova politica sull\u2019informazione. Non si tratta solo di riprovazione morale, ma di nuove leggi, che dovrebbero combattere e anche prevenire l\u2019odio.<\/p>\n<p style=\"text-align: justify;\"><strong>I circa 200 insulti antisemiti<\/strong> che verrebbero rivolti online ogni <a href=\"https:\/\/www.rassegnastampa-totustuus.it\/cattolica\/wp-content\/uploads\/2013\/10\/Repubblica_papa.jpg\"><img loading=\"lazy\" decoding=\"async\" class=\"size-full wp-image-33552 alignright\" src=\"https:\/\/www.rassegnastampa-totustuus.it\/cattolica\/wp-content\/uploads\/2013\/10\/Repubblica_papa.jpg\" alt=\"\" width=\"226\" height=\"223\" \/><\/a>giorno alla senatrice a vita Liliana Segre, secondo il quotidiano <em>La Repubblica<\/em> (una statistica prima messa in dubbio dal quotidiano <em><a href=\"https:\/\/www.termometropolitico.it\/1465466_liliana-segre-non-riceveva-200-insulti-al-giorno-prima.html\" target=\"_blank\" rel=\"noopener noreferrer\">Termometro Politico<\/a><\/em>, poi <a href=\"https:\/\/www.repubblica.it\/cronaca\/2019\/11\/12\/news\/insulti_segre_risposta_colaprico-240924438\/\" target=\"_blank\" rel=\"noopener noreferrer\">confermata nuovamente<\/a> dal quotidiano fondato da Scalfari e poi ancora rimessa in dubbio da <a href=\"https:\/\/www.dagospia.com\/rubrica-3\/politica\/caso-segre-dagospia-sull-39-imbarazzante-chiarimento-218847.htm\" target=\"_blank\" rel=\"noopener noreferrer\"><em>Dagospia<\/em><\/a>), sono stati la motivazione principale dell\u2019istituzione dell\u2019apposita Commissione per la lotta ai discorsi dell\u2019odio (hate speech).<\/p>\n<p style=\"text-align: justify;\">Liliana Segre oggigiorno gira con una scorta al seguito. La Commissione, <a href=\"https:\/\/lanuovabq.it\/it\/una-commissione-liberticida-lantisemitismo-non-centra\">come abbiamo visto su queste colonne<\/a>, sar\u00e0 tuttavia uno strumento potenzialmente liberticida che non si limiter\u00e0 a monitorare l\u2019antisemitismo in rete, ma indagher\u00e0 su tutte le forme di odio, comprese l\u2019omofobia, l\u2019islamofobia, i pregiudizi sui migranti e sui rom e anche quelli sui difetti fisici.<\/p>\n<p style=\"text-align: justify;\">Casualmente non figura la cristianofobia e neppure l\u2019odio di classe, che pure sono le due forme di odio che hanno motivato rispettivamente jihadisti e terroristi rossi, quelli pi\u00f9 letali in Occidente. Potrebbe dunque diventare uno strumento di censura, contro tutte le forme di espressioni \u201cnon conformi\u201d al pensiero progressista.<\/p>\n<p style=\"text-align: justify;\"><strong>Parallelamente, si sta svolgendo a Bologna il processo<\/strong> ad <a href=\"https:\/\/www.rassegnastampa-totustuus.it\/cattolica\/wp-content\/uploads\/2015\/12\/Islam.jpg\"><img loading=\"lazy\" decoding=\"async\" class=\"size-full wp-image-28555 alignleft\" src=\"https:\/\/www.rassegnastampa-totustuus.it\/cattolica\/wp-content\/uploads\/2015\/12\/Islam.jpg\" alt=\"\" width=\"256\" height=\"188\" \/><\/a>Eleonora Elvira Zanrosso, accusata di aver minacciato online il Presidente della Repubblica. La Zanrosso, nel pieno del conflitto politico sulla nomina dei ministri del primo tentativo di governo giallo-verde, quando i Cinque Stelle invitavano i loro sostenitori a scendere in piazza, si era lanciata a scrivere sul suo profilo social: \u201cTi hanno ammazzato il fratello, c**&#8230; non ti basta?\u201d (asterischi nostri, <em>ndr<\/em>).<\/p>\n<p style=\"text-align: justify;\">Si tratta comunque di una signora di 68 anni, con figli e nipoti. Una nonna, senza precedenti penali, non un mafioso come chi uccise realmente il fratello del Presidente, Piersanti Mattarella, nel 1980. L\u2019accusa le pu\u00f2 costare fino a 15 anni di carcere fra istigazione a delinquere, attentato alla libert\u00e0 e \u201coffesa al prestigio e all\u2019onore del Presidente della Repubblica\u201d.<\/p>\n<p style=\"text-align: justify;\">In lacrime, in tribunale, ha dichiarato al Pm, \u201cLa supplico deve aiutarmi a chiedere scusa al presidente Mattarella. Ditemi come devo fare, mi butto in ginocchio\u201d. Nella sua autocritica si \u00e8 spinta anche oltre, si \u00e8 auto-denigrata, dicendo di appartenere a \u201cquella generazione che non \u00e8 certo composta da geni della tastiera. Ho la terza media, sono istintiva\u201d.<\/p>\n<p style=\"text-align: justify;\"><a href=\"https:\/\/www.rassegnastampa-totustuus.it\/cattolica\/wp-content\/uploads\/2016\/10\/Mattarella.jpg\"><img loading=\"lazy\" decoding=\"async\" class=\"alignright wp-image-36479\" src=\"https:\/\/www.rassegnastampa-totustuus.it\/cattolica\/wp-content\/uploads\/2016\/10\/Mattarella.jpg\" alt=\"\" width=\"145\" height=\"200\" \/><\/a>Cosa \u00e8 peggio: una nonna che insulta pesantemente il presidente, o la sua pubblica umiliazione, riportata da tutta la stampa nazionale?<\/p>\n<p style=\"text-align: justify;\"><strong>Si attende l&#8217;esito del processo anche di altri 9 accusati <\/strong>degli stessi reati, fra cui dei 70enni. E in tutto sono 30 quelli che si sarebbero macchiati del reato di lesa maest\u00e0 presidenziale. \u00c8 questo il futuro a cui andiamo incontro? Esistono metodi molto meno invasivi, che non scomodano giudici e tribunali.<\/p>\n<p style=\"text-align: justify;\">I commenti offensivi possono essere segnalati e rimossi dagli amministratori in tutti i siti Web, compresi i social network. Si pu\u00f2 essere banditi anche in modo permanente dagli amministratori. Quando la minaccia non \u00e8 concreta, come in questo caso, \u00e8 normale che un insulto costi 15 anni di carcere? E che un magistrato non archivi subito il caso?<\/p>\n<p style=\"text-align: justify;\"><strong>Non si ricorda nulla di simile<\/strong>, se non nel periodo delle leggi speciali contro il terrorismo, all\u2019epoca degli anni di piombo. Ma quelli erano anni di attentati e guerriglia urbana, i morti c\u2019erano veramente, ogni settimana. Non si trattava solo di parole. Toni che richiamano quelli dei terroristi di allora sono impiegati oggi in due particolari contesti: nelle moschee in cui si predica l\u2019odio e nei cortei di estrema sinistra dove si invoca in modo molto esplicito (sui cartelli o nelle scritte sui muri) la morte di un ministro (ora ex): Matteo Salvini.<\/p>\n<p style=\"text-align: justify;\"><a href=\"https:\/\/www.rassegnastampa-totustuus.it\/cattolica\/wp-content\/uploads\/2005\/11\/Terrorismo_rosso.jpg\"><img loading=\"lazy\" decoding=\"async\" class=\"size-full wp-image-32069 alignleft\" src=\"https:\/\/www.rassegnastampa-totustuus.it\/cattolica\/wp-content\/uploads\/2005\/11\/Terrorismo_rosso.jpg\" alt=\"\" width=\"296\" height=\"170\" \/><\/a>Eppure non sembra proprio che l\u2019attivit\u00e0 parlamentare contro i discorsi di odio si rivolga contro queste due categorie di odiatori. Si tratta dunque di un\u2019attenzione vistosamente unilaterale, come se la violenza verbale politica fosse appannaggio dei nemici della sinistra.<\/p>\n<p style=\"text-align: justify;\"><strong>Questo strabismo rivela<\/strong>, prima di tutto, che l\u2019Italia non \u00e8 mai realmente uscita dalla guerra civile. Le nostre istituzioni sono state modellate per prevenire un ritorno al potere del fascismo. E anche a 74 anni dalla fucilazione di Mussolini, l\u2019allarme di \u201critorno del fascismo\u201d viene periodicamente riattivato, come se questo rito potesse consolidare la democrazia.<\/p>\n<p style=\"text-align: justify;\">L\u2019effetto collaterale, che non si vuol prendere in considerazione, \u00e8 che l\u2019allarme antifascista, in s\u00e9, finisce per <a href=\"https:\/\/lanuovabq.it\/it\/boldrini-e-lossessione-dellantifascismo-1\" target=\"_blank\" rel=\"noopener noreferrer\">giustificare la violenza<\/a> contro i presunti fascisti.<\/p>\n<p style=\"text-align: justify;\"><strong>In questo caso, si mira a combattere il \u201cfascismo\u201d online<\/strong>, <a href=\"https:\/\/www.rassegnastampa-totustuus.it\/cattolica\/wp-content\/uploads\/2016\/01\/disinformazione.jpg\"><img loading=\"lazy\" decoding=\"async\" class=\" wp-image-29281 alignright\" src=\"https:\/\/www.rassegnastampa-totustuus.it\/cattolica\/wp-content\/uploads\/2016\/01\/disinformazione-241x300.jpg\" alt=\"\" width=\"207\" height=\"257\" srcset=\"https:\/\/www.rassegnastampa-totustuus.it\/cattolica\/wp-content\/uploads\/2016\/01\/disinformazione-241x300.jpg 241w, https:\/\/www.rassegnastampa-totustuus.it\/cattolica\/wp-content\/uploads\/2016\/01\/disinformazione.jpg 350w\" sizes=\"auto, (max-width: 207px) 100vw, 207px\" \/><\/a>creando strutture per controllare e limitare la libert\u00e0 di esprimersi sul Web. I toni, sia per la lotta agli haters che per quella alle fake news, sono tipici della mobilitazione antifascista, dove si accusa di fiancheggiamento anche chi non collabora alla lotta, o chi ne sminuisce l\u2019importanza.<\/p>\n<p style=\"text-align: justify;\">Le fake news sono descritte come armi in grado di distorcere il processo democratico, si cita il caso Cambridge Analytica, agenzia che ha contribuito notevolmente alla campagna di Trump con l\u2019uso di pubblicit\u00e0 mirata. Il problema \u00e8 che Obama fu pioniere <a href=\"https:\/\/www.technologyreview.com\/s\/509026\/how-obamas-team-used-big-data-to-rally-voters\/\" target=\"_blank\" rel=\"noopener noreferrer\">degli stessi metodi di propaganda<\/a>, ma nessuno ha mai messo in dubbio la validit\u00e0 della sua elezione.<\/p>\n<p style=\"text-align: justify;\"><strong>E questo pu\u00f2 portare ad una sola conclusione<\/strong>: la sinistra, da quando ha incominciato a perdere, ha ricominciato a voler censurare l\u2019avversario. Forte degli insegnamenti di Antonio Gramsci, ha conquistato le cittadelle della cultura, di cui i media fanno parte.<\/p>\n<p style=\"text-align: justify;\"><a href=\"https:\/\/www.rassegnastampa-totustuus.it\/cattolica\/wp-content\/uploads\/2015\/06\/Gramsci_Togliattijpg.jpg\"><img loading=\"lazy\" decoding=\"async\" class=\"size-full wp-image-26257 alignleft\" src=\"https:\/\/www.rassegnastampa-totustuus.it\/cattolica\/wp-content\/uploads\/2015\/06\/Gramsci_Togliattijpg.jpg\" alt=\"\" width=\"252\" height=\"200\" \/><\/a>Dopo aver occupato la stampa e presa la sua fetta di Rai, la sinistra ha condotto per vent\u2019anni una campagna spietata contro la televisione privata di Berlusconi, \u201csfuggita\u201d alla sua egemonia.<\/p>\n<p style=\"text-align: justify;\">Adesso ha neutralizzato Berlusconi, ma si \u00e8 accorta che l\u2019informazione si \u00e8 trasferita nelle piazze virtuali (i social network), che sfuggono ad ogni controllo politico. Quindi sta puntando a conquistare anche quella cittadella, a colpi di emergenze contro haters e fake news.<\/p>\n","protected":false},"excerpt":{"rendered":"<p>La Nuova Bussola quotidiana 14 Novembre 2019 Casi Segre e Mattarella: \u00e8 caccia aperta agli odiatori in rete (haters) e a chi diffonde notizie false (fake news). Questa \u00e8 la tendenza della nuova politica sull\u2019informazione. Ma non \u00e8 tanto l&#8217;amore per la quiete sociale che la motiva, quanto la vecchia battaglia della sinistra per la &hellip; <\/p>\n<p><a class=\"more-link btn\" href=\"https:\/\/www.rassegnastampa-totustuus.it\/cattolica\/odio-e-fake-news-pretesti-per-controllare-il-web\/\">Continua a leggere<\/a><\/p>\n","protected":false},"author":6,"featured_media":45230,"comment_status":"closed","ping_status":"closed","sticky":false,"template":"","format":"standard","meta":{"footnotes":""},"categories":[20,27],"tags":[297,525,2773,533],"class_list":["post-45229","post","type-post","status-publish","format-standard","has-post-thumbnail","hentry","category-politica-nazionale","category-socialismo-e-comunismo","tag-politica-nazionale-2","tag-post-comunismo-3","tag-social-network","tag-socialcomunismo","item-wrap"],"yoast_head":"<!-- This site is optimized with the Yoast SEO plugin v27.5 - https:\/\/yoast.com\/product\/yoast-seo-wordpress\/ -->\n<title>Odio e fake news: pretesti per controllare il Web - Rassegna Stampa Cattolica<\/title>\n<meta name=\"description\" content=\"Rassegna Stampa Cattolica - Per una cultura che nasce dalla Rivelazione cristiana in conformit\u00e0 alla tradizione e al Magistero della Chiesa in opposizione ad ogni relativismo e totalitarismo\" \/>\n<meta name=\"robots\" content=\"index, follow, max-snippet:-1, max-image-preview:large, max-video-preview:-1\" \/>\n<link rel=\"canonical\" href=\"https:\/\/www.rassegnastampa-totustuus.it\/cattolica\/odio-e-fake-news-pretesti-per-controllare-il-web\/\" \/>\n<meta property=\"og:locale\" content=\"it_IT\" \/>\n<meta property=\"og:type\" content=\"article\" \/>\n<meta property=\"og:title\" content=\"Odio e fake news: pretesti per controllare il Web - Rassegna Stampa Cattolica\" \/>\n<meta property=\"og:description\" content=\"Rassegna Stampa Cattolica - Per una cultura che nasce dalla Rivelazione cristiana in conformit\u00e0 alla tradizione e al Magistero della Chiesa in opposizione ad ogni relativismo e totalitarismo\" \/>\n<meta property=\"og:url\" content=\"https:\/\/www.rassegnastampa-totustuus.it\/cattolica\/odio-e-fake-news-pretesti-per-controllare-il-web\/\" \/>\n<meta property=\"og:site_name\" content=\"Rassegna Stampa Cattolica\" \/>\n<meta property=\"article:publisher\" content=\"https:\/\/www.facebook.com\/rassegnastampacattolica\" \/>\n<meta property=\"article:published_time\" content=\"2019-11-20T23:00:28+00:00\" \/>\n<meta property=\"article:modified_time\" content=\"2019-11-21T07:35:43+00:00\" \/>\n<meta property=\"og:image\" content=\"https:\/\/www.rassegnastampa-totustuus.it\/cattolica\/wp-content\/uploads\/2019\/11\/fakenews.jpg\" \/>\n\t<meta property=\"og:image:width\" content=\"1920\" \/>\n\t<meta property=\"og:image:height\" content=\"1080\" \/>\n\t<meta property=\"og:image:type\" content=\"image\/jpeg\" \/>\n<meta name=\"author\" content=\"Redazione\" \/>\n<meta name=\"twitter:card\" content=\"summary_large_image\" \/>\n<meta name=\"twitter:creator\" content=\"@rassegnastampa9\" \/>\n<meta name=\"twitter:site\" content=\"@rassegnastampa9\" \/>\n<meta name=\"twitter:label1\" content=\"Scritto da\" \/>\n\t<meta name=\"twitter:data1\" content=\"Redazione\" \/>\n\t<meta name=\"twitter:label2\" content=\"Tempo di lettura stimato\" \/>\n\t<meta name=\"twitter:data2\" content=\"5 minuti\" \/>\n<script type=\"application\/ld+json\" class=\"yoast-schema-graph\">{\"@context\":\"https:\\\/\\\/schema.org\",\"@graph\":[{\"@type\":\"Article\",\"@id\":\"https:\\\/\\\/www.rassegnastampa-totustuus.it\\\/cattolica\\\/odio-e-fake-news-pretesti-per-controllare-il-web\\\/#article\",\"isPartOf\":{\"@id\":\"https:\\\/\\\/www.rassegnastampa-totustuus.it\\\/cattolica\\\/odio-e-fake-news-pretesti-per-controllare-il-web\\\/\"},\"author\":{\"name\":\"Redazione\",\"@id\":\"https:\\\/\\\/www.rassegnastampa-totustuus.it\\\/cattolica\\\/#\\\/schema\\\/person\\\/08f319d2bd1a0904ad9e2bfb7b15e5c3\"},\"headline\":\"Odio e fake news: pretesti per controllare il Web\",\"datePublished\":\"2019-11-20T23:00:28+00:00\",\"dateModified\":\"2019-11-21T07:35:43+00:00\",\"mainEntityOfPage\":{\"@id\":\"https:\\\/\\\/www.rassegnastampa-totustuus.it\\\/cattolica\\\/odio-e-fake-news-pretesti-per-controllare-il-web\\\/\"},\"wordCount\":1043,\"publisher\":{\"@id\":\"https:\\\/\\\/www.rassegnastampa-totustuus.it\\\/cattolica\\\/#organization\"},\"image\":{\"@id\":\"https:\\\/\\\/www.rassegnastampa-totustuus.it\\\/cattolica\\\/odio-e-fake-news-pretesti-per-controllare-il-web\\\/#primaryimage\"},\"thumbnailUrl\":\"https:\\\/\\\/www.rassegnastampa-totustuus.it\\\/cattolica\\\/wp-content\\\/uploads\\\/2019\\\/11\\\/fakenews.jpg\",\"keywords\":[\"politica nazionale\",\"post-comunismo\",\"social network\",\"socialcomunismo\"],\"articleSection\":[\"Politica nazionale\",\"Socialcomunismo\"],\"inLanguage\":\"it-IT\"},{\"@type\":\"WebPage\",\"@id\":\"https:\\\/\\\/www.rassegnastampa-totustuus.it\\\/cattolica\\\/odio-e-fake-news-pretesti-per-controllare-il-web\\\/\",\"url\":\"https:\\\/\\\/www.rassegnastampa-totustuus.it\\\/cattolica\\\/odio-e-fake-news-pretesti-per-controllare-il-web\\\/\",\"name\":\"Odio e fake news: pretesti per controllare il Web - Rassegna Stampa Cattolica\",\"isPartOf\":{\"@id\":\"https:\\\/\\\/www.rassegnastampa-totustuus.it\\\/cattolica\\\/#website\"},\"primaryImageOfPage\":{\"@id\":\"https:\\\/\\\/www.rassegnastampa-totustuus.it\\\/cattolica\\\/odio-e-fake-news-pretesti-per-controllare-il-web\\\/#primaryimage\"},\"image\":{\"@id\":\"https:\\\/\\\/www.rassegnastampa-totustuus.it\\\/cattolica\\\/odio-e-fake-news-pretesti-per-controllare-il-web\\\/#primaryimage\"},\"thumbnailUrl\":\"https:\\\/\\\/www.rassegnastampa-totustuus.it\\\/cattolica\\\/wp-content\\\/uploads\\\/2019\\\/11\\\/fakenews.jpg\",\"datePublished\":\"2019-11-20T23:00:28+00:00\",\"dateModified\":\"2019-11-21T07:35:43+00:00\",\"description\":\"Rassegna Stampa Cattolica - Per una cultura che nasce dalla Rivelazione cristiana in conformit\u00e0 alla tradizione e al Magistero della Chiesa in opposizione ad ogni relativismo e totalitarismo\",\"breadcrumb\":{\"@id\":\"https:\\\/\\\/www.rassegnastampa-totustuus.it\\\/cattolica\\\/odio-e-fake-news-pretesti-per-controllare-il-web\\\/#breadcrumb\"},\"inLanguage\":\"it-IT\",\"potentialAction\":[{\"@type\":\"ReadAction\",\"target\":[\"https:\\\/\\\/www.rassegnastampa-totustuus.it\\\/cattolica\\\/odio-e-fake-news-pretesti-per-controllare-il-web\\\/\"]}]},{\"@type\":\"ImageObject\",\"inLanguage\":\"it-IT\",\"@id\":\"https:\\\/\\\/www.rassegnastampa-totustuus.it\\\/cattolica\\\/odio-e-fake-news-pretesti-per-controllare-il-web\\\/#primaryimage\",\"url\":\"https:\\\/\\\/www.rassegnastampa-totustuus.it\\\/cattolica\\\/wp-content\\\/uploads\\\/2019\\\/11\\\/fakenews.jpg\",\"contentUrl\":\"https:\\\/\\\/www.rassegnastampa-totustuus.it\\\/cattolica\\\/wp-content\\\/uploads\\\/2019\\\/11\\\/fakenews.jpg\",\"width\":1920,\"height\":1080},{\"@type\":\"BreadcrumbList\",\"@id\":\"https:\\\/\\\/www.rassegnastampa-totustuus.it\\\/cattolica\\\/odio-e-fake-news-pretesti-per-controllare-il-web\\\/#breadcrumb\",\"itemListElement\":[{\"@type\":\"ListItem\",\"position\":1,\"name\":\"Home\",\"item\":\"https:\\\/\\\/www.rassegnastampa-totustuus.it\\\/cattolica\\\/\"},{\"@type\":\"ListItem\",\"position\":2,\"name\":\"Odio e fake news: pretesti per controllare il Web\"}]},{\"@type\":\"WebSite\",\"@id\":\"https:\\\/\\\/www.rassegnastampa-totustuus.it\\\/cattolica\\\/#website\",\"url\":\"https:\\\/\\\/www.rassegnastampa-totustuus.it\\\/cattolica\\\/\",\"name\":\"Rassegna Stampa Cattolica\",\"description\":\"Per una cultura che nasce dalla Rivelazione cristiana in conformit\u00e0 alla tradizione e al Magistero della Chiesa in opposizione ad ogni relativismo e totalitarismo\",\"publisher\":{\"@id\":\"https:\\\/\\\/www.rassegnastampa-totustuus.it\\\/cattolica\\\/#organization\"},\"alternateName\":\"Rass. Cattolica\",\"potentialAction\":[{\"@type\":\"SearchAction\",\"target\":{\"@type\":\"EntryPoint\",\"urlTemplate\":\"https:\\\/\\\/www.rassegnastampa-totustuus.it\\\/cattolica\\\/?s={search_term_string}\"},\"query-input\":{\"@type\":\"PropertyValueSpecification\",\"valueRequired\":true,\"valueName\":\"search_term_string\"}}],\"inLanguage\":\"it-IT\"},{\"@type\":\"Organization\",\"@id\":\"https:\\\/\\\/www.rassegnastampa-totustuus.it\\\/cattolica\\\/#organization\",\"name\":\"Rassegna Stampa Cattolica\",\"url\":\"https:\\\/\\\/www.rassegnastampa-totustuus.it\\\/cattolica\\\/\",\"logo\":{\"@type\":\"ImageObject\",\"inLanguage\":\"it-IT\",\"@id\":\"https:\\\/\\\/www.rassegnastampa-totustuus.it\\\/cattolica\\\/#\\\/schema\\\/logo\\\/image\\\/\",\"url\":\"https:\\\/\\\/www.rassegnastampa-totustuus.it\\\/cattolica\\\/wp-content\\\/uploads\\\/2014\\\/04\\\/logo-rassegna1.gif\",\"contentUrl\":\"https:\\\/\\\/www.rassegnastampa-totustuus.it\\\/cattolica\\\/wp-content\\\/uploads\\\/2014\\\/04\\\/logo-rassegna1.gif\",\"width\":600,\"height\":163,\"caption\":\"Rassegna Stampa Cattolica\"},\"image\":{\"@id\":\"https:\\\/\\\/www.rassegnastampa-totustuus.it\\\/cattolica\\\/#\\\/schema\\\/logo\\\/image\\\/\"},\"sameAs\":[\"https:\\\/\\\/www.facebook.com\\\/rassegnastampacattolica\",\"https:\\\/\\\/x.com\\\/rassegnastampa9\"]},{\"@type\":\"Person\",\"@id\":\"https:\\\/\\\/www.rassegnastampa-totustuus.it\\\/cattolica\\\/#\\\/schema\\\/person\\\/08f319d2bd1a0904ad9e2bfb7b15e5c3\",\"name\":\"Redazione\",\"image\":{\"@type\":\"ImageObject\",\"inLanguage\":\"it-IT\",\"@id\":\"https:\\\/\\\/secure.gravatar.com\\\/avatar\\\/2fcdf27c78ea025fbdb44e914cc63c72249ffec9dc8aafd5c82b26240ef3f346?s=96&d=mm&r=g\",\"url\":\"https:\\\/\\\/secure.gravatar.com\\\/avatar\\\/2fcdf27c78ea025fbdb44e914cc63c72249ffec9dc8aafd5c82b26240ef3f346?s=96&d=mm&r=g\",\"contentUrl\":\"https:\\\/\\\/secure.gravatar.com\\\/avatar\\\/2fcdf27c78ea025fbdb44e914cc63c72249ffec9dc8aafd5c82b26240ef3f346?s=96&d=mm&r=g\",\"caption\":\"Redazione\"},\"url\":\"https:\\\/\\\/www.rassegnastampa-totustuus.it\\\/cattolica\\\/author\\\/pietroelle\\\/\"}]}<\/script>\n<!-- \/ Yoast SEO plugin. -->","yoast_head_json":{"title":"Odio e fake news: pretesti per controllare il Web - Rassegna Stampa Cattolica","description":"Rassegna Stampa Cattolica - Per una cultura che nasce dalla Rivelazione cristiana in conformit\u00e0 alla tradizione e al Magistero della Chiesa in opposizione ad ogni relativismo e totalitarismo","robots":{"index":"index","follow":"follow","max-snippet":"max-snippet:-1","max-image-preview":"max-image-preview:large","max-video-preview":"max-video-preview:-1"},"canonical":"https:\/\/www.rassegnastampa-totustuus.it\/cattolica\/odio-e-fake-news-pretesti-per-controllare-il-web\/","og_locale":"it_IT","og_type":"article","og_title":"Odio e fake news: pretesti per controllare il Web - Rassegna Stampa Cattolica","og_description":"Rassegna Stampa Cattolica - Per una cultura che nasce dalla Rivelazione cristiana in conformit\u00e0 alla tradizione e al Magistero della Chiesa in opposizione ad ogni relativismo e totalitarismo","og_url":"https:\/\/www.rassegnastampa-totustuus.it\/cattolica\/odio-e-fake-news-pretesti-per-controllare-il-web\/","og_site_name":"Rassegna Stampa Cattolica","article_publisher":"https:\/\/www.facebook.com\/rassegnastampacattolica","article_published_time":"2019-11-20T23:00:28+00:00","article_modified_time":"2019-11-21T07:35:43+00:00","og_image":[{"width":1920,"height":1080,"url":"https:\/\/www.rassegnastampa-totustuus.it\/cattolica\/wp-content\/uploads\/2019\/11\/fakenews.jpg","type":"image\/jpeg"}],"author":"Redazione","twitter_card":"summary_large_image","twitter_creator":"@rassegnastampa9","twitter_site":"@rassegnastampa9","twitter_misc":{"Scritto da":"Redazione","Tempo di lettura stimato":"5 minuti"},"schema":{"@context":"https:\/\/schema.org","@graph":[{"@type":"Article","@id":"https:\/\/www.rassegnastampa-totustuus.it\/cattolica\/odio-e-fake-news-pretesti-per-controllare-il-web\/#article","isPartOf":{"@id":"https:\/\/www.rassegnastampa-totustuus.it\/cattolica\/odio-e-fake-news-pretesti-per-controllare-il-web\/"},"author":{"name":"Redazione","@id":"https:\/\/www.rassegnastampa-totustuus.it\/cattolica\/#\/schema\/person\/08f319d2bd1a0904ad9e2bfb7b15e5c3"},"headline":"Odio e fake news: pretesti per controllare il Web","datePublished":"2019-11-20T23:00:28+00:00","dateModified":"2019-11-21T07:35:43+00:00","mainEntityOfPage":{"@id":"https:\/\/www.rassegnastampa-totustuus.it\/cattolica\/odio-e-fake-news-pretesti-per-controllare-il-web\/"},"wordCount":1043,"publisher":{"@id":"https:\/\/www.rassegnastampa-totustuus.it\/cattolica\/#organization"},"image":{"@id":"https:\/\/www.rassegnastampa-totustuus.it\/cattolica\/odio-e-fake-news-pretesti-per-controllare-il-web\/#primaryimage"},"thumbnailUrl":"https:\/\/www.rassegnastampa-totustuus.it\/cattolica\/wp-content\/uploads\/2019\/11\/fakenews.jpg","keywords":["politica nazionale","post-comunismo","social network","socialcomunismo"],"articleSection":["Politica nazionale","Socialcomunismo"],"inLanguage":"it-IT"},{"@type":"WebPage","@id":"https:\/\/www.rassegnastampa-totustuus.it\/cattolica\/odio-e-fake-news-pretesti-per-controllare-il-web\/","url":"https:\/\/www.rassegnastampa-totustuus.it\/cattolica\/odio-e-fake-news-pretesti-per-controllare-il-web\/","name":"Odio e fake news: pretesti per controllare il Web - Rassegna Stampa Cattolica","isPartOf":{"@id":"https:\/\/www.rassegnastampa-totustuus.it\/cattolica\/#website"},"primaryImageOfPage":{"@id":"https:\/\/www.rassegnastampa-totustuus.it\/cattolica\/odio-e-fake-news-pretesti-per-controllare-il-web\/#primaryimage"},"image":{"@id":"https:\/\/www.rassegnastampa-totustuus.it\/cattolica\/odio-e-fake-news-pretesti-per-controllare-il-web\/#primaryimage"},"thumbnailUrl":"https:\/\/www.rassegnastampa-totustuus.it\/cattolica\/wp-content\/uploads\/2019\/11\/fakenews.jpg","datePublished":"2019-11-20T23:00:28+00:00","dateModified":"2019-11-21T07:35:43+00:00","description":"Rassegna Stampa Cattolica - Per una cultura che nasce dalla Rivelazione cristiana in conformit\u00e0 alla tradizione e al Magistero della Chiesa in opposizione ad ogni relativismo e totalitarismo","breadcrumb":{"@id":"https:\/\/www.rassegnastampa-totustuus.it\/cattolica\/odio-e-fake-news-pretesti-per-controllare-il-web\/#breadcrumb"},"inLanguage":"it-IT","potentialAction":[{"@type":"ReadAction","target":["https:\/\/www.rassegnastampa-totustuus.it\/cattolica\/odio-e-fake-news-pretesti-per-controllare-il-web\/"]}]},{"@type":"ImageObject","inLanguage":"it-IT","@id":"https:\/\/www.rassegnastampa-totustuus.it\/cattolica\/odio-e-fake-news-pretesti-per-controllare-il-web\/#primaryimage","url":"https:\/\/www.rassegnastampa-totustuus.it\/cattolica\/wp-content\/uploads\/2019\/11\/fakenews.jpg","contentUrl":"https:\/\/www.rassegnastampa-totustuus.it\/cattolica\/wp-content\/uploads\/2019\/11\/fakenews.jpg","width":1920,"height":1080},{"@type":"BreadcrumbList","@id":"https:\/\/www.rassegnastampa-totustuus.it\/cattolica\/odio-e-fake-news-pretesti-per-controllare-il-web\/#breadcrumb","itemListElement":[{"@type":"ListItem","position":1,"name":"Home","item":"https:\/\/www.rassegnastampa-totustuus.it\/cattolica\/"},{"@type":"ListItem","position":2,"name":"Odio e fake news: pretesti per controllare il Web"}]},{"@type":"WebSite","@id":"https:\/\/www.rassegnastampa-totustuus.it\/cattolica\/#website","url":"https:\/\/www.rassegnastampa-totustuus.it\/cattolica\/","name":"Rassegna Stampa Cattolica","description":"Per una cultura che nasce dalla Rivelazione cristiana in conformit\u00e0 alla tradizione e al Magistero della Chiesa in opposizione ad ogni relativismo e totalitarismo","publisher":{"@id":"https:\/\/www.rassegnastampa-totustuus.it\/cattolica\/#organization"},"alternateName":"Rass. Cattolica","potentialAction":[{"@type":"SearchAction","target":{"@type":"EntryPoint","urlTemplate":"https:\/\/www.rassegnastampa-totustuus.it\/cattolica\/?s={search_term_string}"},"query-input":{"@type":"PropertyValueSpecification","valueRequired":true,"valueName":"search_term_string"}}],"inLanguage":"it-IT"},{"@type":"Organization","@id":"https:\/\/www.rassegnastampa-totustuus.it\/cattolica\/#organization","name":"Rassegna Stampa Cattolica","url":"https:\/\/www.rassegnastampa-totustuus.it\/cattolica\/","logo":{"@type":"ImageObject","inLanguage":"it-IT","@id":"https:\/\/www.rassegnastampa-totustuus.it\/cattolica\/#\/schema\/logo\/image\/","url":"https:\/\/www.rassegnastampa-totustuus.it\/cattolica\/wp-content\/uploads\/2014\/04\/logo-rassegna1.gif","contentUrl":"https:\/\/www.rassegnastampa-totustuus.it\/cattolica\/wp-content\/uploads\/2014\/04\/logo-rassegna1.gif","width":600,"height":163,"caption":"Rassegna Stampa Cattolica"},"image":{"@id":"https:\/\/www.rassegnastampa-totustuus.it\/cattolica\/#\/schema\/logo\/image\/"},"sameAs":["https:\/\/www.facebook.com\/rassegnastampacattolica","https:\/\/x.com\/rassegnastampa9"]},{"@type":"Person","@id":"https:\/\/www.rassegnastampa-totustuus.it\/cattolica\/#\/schema\/person\/08f319d2bd1a0904ad9e2bfb7b15e5c3","name":"Redazione","image":{"@type":"ImageObject","inLanguage":"it-IT","@id":"https:\/\/secure.gravatar.com\/avatar\/2fcdf27c78ea025fbdb44e914cc63c72249ffec9dc8aafd5c82b26240ef3f346?s=96&d=mm&r=g","url":"https:\/\/secure.gravatar.com\/avatar\/2fcdf27c78ea025fbdb44e914cc63c72249ffec9dc8aafd5c82b26240ef3f346?s=96&d=mm&r=g","contentUrl":"https:\/\/secure.gravatar.com\/avatar\/2fcdf27c78ea025fbdb44e914cc63c72249ffec9dc8aafd5c82b26240ef3f346?s=96&d=mm&r=g","caption":"Redazione"},"url":"https:\/\/www.rassegnastampa-totustuus.it\/cattolica\/author\/pietroelle\/"}]}},"_links":{"self":[{"href":"https:\/\/www.rassegnastampa-totustuus.it\/cattolica\/wp-json\/wp\/v2\/posts\/45229","targetHints":{"allow":["GET"]}}],"collection":[{"href":"https:\/\/www.rassegnastampa-totustuus.it\/cattolica\/wp-json\/wp\/v2\/posts"}],"about":[{"href":"https:\/\/www.rassegnastampa-totustuus.it\/cattolica\/wp-json\/wp\/v2\/types\/post"}],"author":[{"embeddable":true,"href":"https:\/\/www.rassegnastampa-totustuus.it\/cattolica\/wp-json\/wp\/v2\/users\/6"}],"replies":[{"embeddable":true,"href":"https:\/\/www.rassegnastampa-totustuus.it\/cattolica\/wp-json\/wp\/v2\/comments?post=45229"}],"version-history":[{"count":2,"href":"https:\/\/www.rassegnastampa-totustuus.it\/cattolica\/wp-json\/wp\/v2\/posts\/45229\/revisions"}],"predecessor-version":[{"id":45233,"href":"https:\/\/www.rassegnastampa-totustuus.it\/cattolica\/wp-json\/wp\/v2\/posts\/45229\/revisions\/45233"}],"wp:featuredmedia":[{"embeddable":true,"href":"https:\/\/www.rassegnastampa-totustuus.it\/cattolica\/wp-json\/wp\/v2\/media\/45230"}],"wp:attachment":[{"href":"https:\/\/www.rassegnastampa-totustuus.it\/cattolica\/wp-json\/wp\/v2\/media?parent=45229"}],"wp:term":[{"taxonomy":"category","embeddable":true,"href":"https:\/\/www.rassegnastampa-totustuus.it\/cattolica\/wp-json\/wp\/v2\/categories?post=45229"},{"taxonomy":"post_tag","embeddable":true,"href":"https:\/\/www.rassegnastampa-totustuus.it\/cattolica\/wp-json\/wp\/v2\/tags?post=45229"}],"curies":[{"name":"wp","href":"https:\/\/api.w.org\/{rel}","templated":true}]}}