{"id":45208,"date":"2019-11-21T00:00:31","date_gmt":"2019-11-20T23:00:31","guid":{"rendered":"http:\/\/www.rassegnastampa-totustuus.it\/cattolica\/?p=45208"},"modified":"2019-11-20T12:05:02","modified_gmt":"2019-11-20T11:05:02","slug":"dal-pci-alla-casa-dintolleranza","status":"publish","type":"post","link":"https:\/\/www.rassegnastampa-totustuus.it\/cattolica\/dal-pci-alla-casa-dintolleranza\/","title":{"rendered":"Dal Pci alla Casa d\u2019Intolleranza"},"content":{"rendered":"<p style=\"text-align: center;\"><strong data-rich-text-format-boundary=\"true\"><a href=\"https:\/\/www.rassegnastampa-totustuus.it\/cattolica\/wp-content\/uploads\/2009\/04\/Pd_Pci.jpg\"><img loading=\"lazy\" decoding=\"async\" class=\"alignleft wp-image-29735\" src=\"https:\/\/www.rassegnastampa-totustuus.it\/cattolica\/wp-content\/uploads\/2009\/04\/Pd_Pci.jpg\" alt=\"\" width=\"250\" height=\"142\" \/><\/a>La Verit\u00e0 <\/strong><\/p>\n<p style=\"text-align: center;\">14 Ottobre 2019<\/p>\n<p style=\"text-align: center;\">di <strong>Marcello Veneziani <\/strong><\/p>\n<p style=\"text-align: justify;\">Trent\u2019anni fa di questi giorni il partito comunista italiano decideva la sua eutanasia. Da quando era morto Enrico Berlinguer serpeggiava la voglia di una Bad Godesberg italiana, cio\u00e8 di una svolta socialdemocratica. Ma fu solo dopo la caduta del Muro, alla Bolognina, che il segretario dell\u2019epoca, Achille Occhetto, s\u2019azzard\u00f2 a ventilare la possibilit\u00e0 di liquidare il mammut del Pci.<\/p>\n<p><!--more--><\/p>\n<p style=\"text-align: justify;\">La vecchia guardia capitanata da Alessandro Natta, Pietro Ingrao e dal filosovietico Armando Cossutta, insorse; il 20 novembre dell\u201989, i militanti assediarono le Botteghe Oscure dove il Comitato Centrale avviava il tormentato processo che si concluse nel \u201991, mentre cadeva l\u2019Unione sovietica.<\/p>\n<p style=\"text-align: justify;\"><a href=\"https:\/\/www.rassegnastampa-totustuus.it\/cattolica\/wp-content\/uploads\/2005\/07\/Achille-Occhetto.jpg\"><img loading=\"lazy\" decoding=\"async\" class=\"size-full wp-image-34564 alignright\" src=\"https:\/\/www.rassegnastampa-totustuus.it\/cattolica\/wp-content\/uploads\/2005\/07\/Achille-Occhetto.jpg\" alt=\"\" width=\"291\" height=\"173\" \/><\/a>Il Pci si andava trasformando da tempo, come osserv\u00f2 Augusto del Noce, in partito radicale di massa. Era l\u2019onda lunga del Sessantotto, il tramonto delle ideologie, il trionfo dell\u2019individualismo neoborghese, la crescita del socialismo craxiano, l\u2019influenza dei radical laicisti de l\u2019Espresso-La Repubblica con tutto il suo episcopato intellettuale.<\/p>\n<p style=\"text-align: justify;\">Il filo conduttore col passato fu l\u2019antifascismo elevato a religione civile, il mito della Resistenza e la scomunica di fascista verso chiunque fosse anticomunista o non di sinistra. Lo stesso Occhetto, in quel tempo, collegava Gramsci a Gobetti, il socialismo al liberalismo.<\/p>\n<p style=\"text-align: justify;\"><a href=\"https:\/\/www.rassegnastampa-totustuus.it\/cattolica\/wp-content\/uploads\/2019\/10\/libert\u00e8_egalit\u00e8_fraternit\u00e8.jpg\"><img loading=\"lazy\" decoding=\"async\" class=\" wp-image-44766 alignleft\" src=\"https:\/\/www.rassegnastampa-totustuus.it\/cattolica\/wp-content\/uploads\/2019\/10\/libert\u00e8_egalit\u00e8_fraternit\u00e8.jpg\" alt=\"\" width=\"204\" height=\"191\" \/><\/a>E pass\u00f2 dalla rivoluzione russa all\u2019elogio del rivoluzione francese, di cui nel 1989 si celebrava il bicentenario. A molti parve un progresso, perch\u00e9 si riannodavano i fili con la sinistra europea e i diritti umani, la libert\u00e0 correlata all\u2019uguaglianza.<\/p>\n<p style=\"text-align: justify;\">Ma la Rivoluzione francese era sfociata nel Terrore giacobino, il genocidio in Vandea, l\u2019eliminazione del dissenso, dal poeta Andrea Chenier al chimico Antoine-Laurent Lavoisier, ghigliottinati come molti altri, oltre la famiglia reale; l\u2019odio verso la religione, la famiglia, la tradizione, il mondo contadino.<\/p>\n<p style=\"text-align: justify;\">Da allora il comunismo fu sostituito da una sinistra radical e giacobina, che abbandonava gradualmente la classe operaia, il proletariato, per farsi neoborghese e snob, interessata a tutelare i diritti delle minoranze \u201ccorrette\u201d piuttosto che le masse di poveri.<\/p>\n<p style=\"text-align: justify;\"><a href=\"https:\/\/www.rassegnastampa-totustuus.it\/cattolica\/wp-content\/uploads\/2017\/12\/immigrati_sinistre.jpg\"><img loading=\"lazy\" decoding=\"async\" class=\"size-full wp-image-39095 alignright\" src=\"https:\/\/www.rassegnastampa-totustuus.it\/cattolica\/wp-content\/uploads\/2017\/12\/immigrati_sinistre.jpg\" alt=\"\" width=\"299\" height=\"168\" \/><\/a>Salvo poi l\u2019adozione a distanza di un proletariato nero fino alla gestione dei flussi migratori. Ma come sostituire la definizione di comunista, che lo stesso Occhetto poco prima aveva difeso? Bocciata l\u2019ipotesi di andare sul laburismo, il Partito del Lavoro che suggeriva Giorgio Napolitano, si punt\u00f2 sulla Sinistra tout court e soprattutto su Democratici. Pds, Ds, Pd.<\/p>\n<p style=\"text-align: justify;\">In realt\u00e0 l\u2019uso della parola democratico in area comunista o di sinistra radicale ha una connotazione inquietante. Era fresca la memoria di regimi comunisti che si chiamavano Repubblica Democratica, come la Germania Est. Ed era recente pure l\u2019abuso dell\u2019aggettivo democratici come pseudonimo di collettivo di compagni: i collettivi studenteschi democratici, i genitori democratici, le donne democratiche, psichiatria democratica, magistratura democratica, ecc.<\/p>\n<p style=\"text-align: justify;\"><a href=\"https:\/\/www.rassegnastampa-totustuus.it\/cattolica\/wp-content\/uploads\/2009\/03\/68.jpg\"><img loading=\"lazy\" decoding=\"async\" class=\"size-full wp-image-18002 alignleft\" src=\"https:\/\/www.rassegnastampa-totustuus.it\/cattolica\/wp-content\/uploads\/2009\/03\/68.jpg\" alt=\"\" width=\"259\" height=\"194\" \/><\/a>Dem era il prefisso mimetico per indicare sotto altro nome le ramificazioni del Partito o la confluenza tra estrema sinistra, radicali e comunisti. Quando leggevi il riferimento \u201cDemocratici\u201d sapevi che si trattava di collettivi antidemocratici e illiberali, che toglievano il diritto di parola a chi non la pensava come loro, bollando ogni avversario come fascista, reazionario o corrotto.<\/p>\n<p style=\"text-align: justify;\">E infatti rest\u00f2 in eredit\u00e0 ai dem la mentalit\u00e0 comunista, la pretesa di essere diversi e migliori, di rappresentare il Progresso, di decretare i confini tra il bene e il male, il lecito e l\u2019illecito; la superiorit\u00e0 etica e in definitiva etnica, l\u2019ufficio rilascio e revoca patenti di legittimazione democratica.<\/p>\n<p style=\"text-align: justify;\"><a href=\"https:\/\/www.rassegnastampa-totustuus.it\/cattolica\/wp-content\/uploads\/2006\/05\/PCI.jpg\"><img loading=\"lazy\" decoding=\"async\" class=\"size-full wp-image-15836 alignright\" src=\"https:\/\/www.rassegnastampa-totustuus.it\/cattolica\/wp-content\/uploads\/2006\/05\/PCI.jpg\" alt=\"\" width=\"162\" height=\"160\" \/><\/a>Il vecchio Pci aveva un truce integralismo centralista, un piglio partigiano e militante, i suoi servizi d\u2019ordine e le sue ferree gerarchie, perseguiva la dittatura del proletariato, ma aveva la dignit\u00e0 di un partito di massa, con una sua solida moralit\u00e0 popolare, una forte tensione ideale, una carica antagonista e anticapitalista.<\/p>\n<p style=\"text-align: justify;\">La sinistra dem, perdeva s\u00ec, finalmente, il duro e anacronistico comunismo di lotta e d\u2019obbedienza; ma perdeva anche l\u2019anelito alla giustizia sociale, la rappresentanza genuina dei poveri e degli oppressi. Da allora nessuno a sinistra ha pi\u00f9 il coraggio di dire che il vero antagonista da battere \u00e8 lo strapotere finanziario che inchioda i popoli agli assetti contabili.<\/p>\n<p style=\"text-align: justify;\"><a href=\"https:\/\/www.rassegnastampa-totustuus.it\/cattolica\/wp-content\/uploads\/2009\/11\/omofobia.jpg\"><img loading=\"lazy\" decoding=\"async\" class=\"size-full wp-image-34696 alignleft\" src=\"https:\/\/www.rassegnastampa-totustuus.it\/cattolica\/wp-content\/uploads\/2009\/11\/omofobia.jpg\" alt=\"\" width=\"275\" height=\"183\" \/><\/a>Ha prevalso il fighettismo, la sinistra transgenica, allineata all\u2019establishment, lo stucchevole rococ\u00f2 del conformismo radical, dove i temi sono le fobie \u2013 omo, sessiste, razziste \u2013 il rancido antifascismo, il bigottismo progressista e il suo lessico ipocrita.<\/p>\n<p style=\"text-align: justify;\">L\u2019Intellettuale Collettivo ha assunto un nome greco, Paraculis. Non \u00e8 una persona ma \u00e8 un tipo umano. Mai una critica ai tecnocrati e agli eurocrati, mai una rivolta contro i poteri mondiali che mortificano i popoli, le democrazie, gli interessi generali.<\/p>\n<p style=\"text-align: justify;\">Poi si chiedono perch\u00e9 crescono i populismi, i sovranismi e le fughe nel privato. La sinistra campa e crepa di antipatie, di mafie ideologiche e di gestione del rancore. Cos\u00ec dal vecchio Pci sorse una Casa d\u2019Intolleranza.<\/p>\n<p style=\"text-align: justify;\"><a href=\"https:\/\/www.rassegnastampa-totustuus.it\/cattolica\/wp-content\/uploads\/2013\/09\/magistratura_democratica.png\"><img loading=\"lazy\" decoding=\"async\" class=\"size-full wp-image-25887 alignright\" src=\"https:\/\/www.rassegnastampa-totustuus.it\/cattolica\/wp-content\/uploads\/2013\/09\/magistratura_democratica.png\" alt=\"\" width=\"252\" height=\"200\" \/><\/a>Bench\u00e9 sconfitta nelle urne e minoritaria nel Paese, esercita la sua intolleranza sui vivi e sui morti, sugli eletti e sui non allineati al politically correct, usa il passato come un\u2019arma per colpire il presente, pone veti e divieti, presenta come reati le opinioni difformi, grazie a leggi ad hoc dei suoi governi.<\/p>\n<p style=\"text-align: justify;\">Si serve delle truppe d\u2019assalto dei media e delle forze corazzate dei magistrati, per mettere sotto scacco e fuori legge i suoi nemici.<\/p>\n<p style=\"text-align: justify;\">La Casa d\u2019intolleranza funziona a pieno regime.<\/p>\n","protected":false},"excerpt":{"rendered":"<p>La Verit\u00e0 14 Ottobre 2019 di Marcello Veneziani Trent\u2019anni fa di questi giorni il partito comunista italiano decideva la sua eutanasia. Da quando era morto Enrico Berlinguer serpeggiava la voglia di una Bad Godesberg italiana, cio\u00e8 di una svolta socialdemocratica. Ma fu solo dopo la caduta del Muro, alla Bolognina, che il segretario dell\u2019epoca, Achille &hellip; <\/p>\n<p><a class=\"more-link btn\" href=\"https:\/\/www.rassegnastampa-totustuus.it\/cattolica\/dal-pci-alla-casa-dintolleranza\/\">Continua a leggere<\/a><\/p>\n","protected":false},"author":6,"featured_media":45209,"comment_status":"closed","ping_status":"closed","sticky":false,"template":"","format":"standard","meta":{"footnotes":""},"categories":[82,96],"tags":[424,853,404],"class_list":["post-45208","post","type-post","status-publish","format-standard","has-post-thumbnail","hentry","category-comunismo-in-italia","category-storia-italiana","tag-comunismo-in-italia-2","tag-pci","tag-storia-italiana-2","item-wrap"],"yoast_head":"<!-- This site is optimized with the Yoast SEO plugin v27.5 - https:\/\/yoast.com\/product\/yoast-seo-wordpress\/ -->\n<title>Dal Pci alla Casa d\u2019Intolleranza - Rassegna Stampa Cattolica<\/title>\n<meta name=\"description\" content=\"Rassegna Stampa Cattolica - Per una cultura che nasce dalla Rivelazione cristiana in conformit\u00e0 alla tradizione e al Magistero della Chiesa in opposizione ad ogni relativismo e totalitarismo\" \/>\n<meta name=\"robots\" content=\"index, follow, max-snippet:-1, max-image-preview:large, max-video-preview:-1\" \/>\n<link rel=\"canonical\" href=\"https:\/\/www.rassegnastampa-totustuus.it\/cattolica\/dal-pci-alla-casa-dintolleranza\/\" \/>\n<meta property=\"og:locale\" content=\"it_IT\" \/>\n<meta property=\"og:type\" content=\"article\" \/>\n<meta property=\"og:title\" content=\"Dal Pci alla Casa d\u2019Intolleranza - Rassegna Stampa Cattolica\" \/>\n<meta property=\"og:description\" content=\"Rassegna Stampa Cattolica - Per una cultura che nasce dalla Rivelazione cristiana in conformit\u00e0 alla tradizione e al Magistero della Chiesa in opposizione ad ogni relativismo e totalitarismo\" \/>\n<meta property=\"og:url\" content=\"https:\/\/www.rassegnastampa-totustuus.it\/cattolica\/dal-pci-alla-casa-dintolleranza\/\" \/>\n<meta property=\"og:site_name\" content=\"Rassegna Stampa Cattolica\" \/>\n<meta property=\"article:publisher\" content=\"https:\/\/www.facebook.com\/rassegnastampacattolica\" \/>\n<meta property=\"article:published_time\" content=\"2019-11-20T23:00:31+00:00\" \/>\n<meta property=\"og:image\" content=\"https:\/\/www.rassegnastampa-totustuus.it\/cattolica\/wp-content\/uploads\/2019\/11\/comunismo_Italia_pci.jpg\" \/>\n\t<meta property=\"og:image:width\" content=\"1920\" \/>\n\t<meta property=\"og:image:height\" content=\"1080\" \/>\n\t<meta property=\"og:image:type\" content=\"image\/jpeg\" \/>\n<meta name=\"author\" content=\"Redazione\" \/>\n<meta name=\"twitter:card\" content=\"summary_large_image\" \/>\n<meta name=\"twitter:creator\" content=\"@rassegnastampa9\" \/>\n<meta name=\"twitter:site\" content=\"@rassegnastampa9\" \/>\n<meta name=\"twitter:label1\" content=\"Scritto da\" \/>\n\t<meta name=\"twitter:data1\" content=\"Redazione\" \/>\n\t<meta name=\"twitter:label2\" content=\"Tempo di lettura stimato\" \/>\n\t<meta name=\"twitter:data2\" content=\"4 minuti\" \/>\n<script type=\"application\/ld+json\" class=\"yoast-schema-graph\">{\"@context\":\"https:\\\/\\\/schema.org\",\"@graph\":[{\"@type\":\"Article\",\"@id\":\"https:\\\/\\\/www.rassegnastampa-totustuus.it\\\/cattolica\\\/dal-pci-alla-casa-dintolleranza\\\/#article\",\"isPartOf\":{\"@id\":\"https:\\\/\\\/www.rassegnastampa-totustuus.it\\\/cattolica\\\/dal-pci-alla-casa-dintolleranza\\\/\"},\"author\":{\"name\":\"Redazione\",\"@id\":\"https:\\\/\\\/www.rassegnastampa-totustuus.it\\\/cattolica\\\/#\\\/schema\\\/person\\\/08f319d2bd1a0904ad9e2bfb7b15e5c3\"},\"headline\":\"Dal Pci alla Casa d\u2019Intolleranza\",\"datePublished\":\"2019-11-20T23:00:31+00:00\",\"mainEntityOfPage\":{\"@id\":\"https:\\\/\\\/www.rassegnastampa-totustuus.it\\\/cattolica\\\/dal-pci-alla-casa-dintolleranza\\\/\"},\"wordCount\":878,\"publisher\":{\"@id\":\"https:\\\/\\\/www.rassegnastampa-totustuus.it\\\/cattolica\\\/#organization\"},\"image\":{\"@id\":\"https:\\\/\\\/www.rassegnastampa-totustuus.it\\\/cattolica\\\/dal-pci-alla-casa-dintolleranza\\\/#primaryimage\"},\"thumbnailUrl\":\"https:\\\/\\\/www.rassegnastampa-totustuus.it\\\/cattolica\\\/wp-content\\\/uploads\\\/2019\\\/11\\\/comunismo_Italia_pci.jpg\",\"keywords\":[\"comunismo in Italia\",\"Pci\",\"storia italiana\"],\"articleSection\":[\"Comunismo in Italia\",\"Storia italiana\"],\"inLanguage\":\"it-IT\"},{\"@type\":\"WebPage\",\"@id\":\"https:\\\/\\\/www.rassegnastampa-totustuus.it\\\/cattolica\\\/dal-pci-alla-casa-dintolleranza\\\/\",\"url\":\"https:\\\/\\\/www.rassegnastampa-totustuus.it\\\/cattolica\\\/dal-pci-alla-casa-dintolleranza\\\/\",\"name\":\"Dal Pci alla Casa d\u2019Intolleranza - Rassegna Stampa Cattolica\",\"isPartOf\":{\"@id\":\"https:\\\/\\\/www.rassegnastampa-totustuus.it\\\/cattolica\\\/#website\"},\"primaryImageOfPage\":{\"@id\":\"https:\\\/\\\/www.rassegnastampa-totustuus.it\\\/cattolica\\\/dal-pci-alla-casa-dintolleranza\\\/#primaryimage\"},\"image\":{\"@id\":\"https:\\\/\\\/www.rassegnastampa-totustuus.it\\\/cattolica\\\/dal-pci-alla-casa-dintolleranza\\\/#primaryimage\"},\"thumbnailUrl\":\"https:\\\/\\\/www.rassegnastampa-totustuus.it\\\/cattolica\\\/wp-content\\\/uploads\\\/2019\\\/11\\\/comunismo_Italia_pci.jpg\",\"datePublished\":\"2019-11-20T23:00:31+00:00\",\"description\":\"Rassegna Stampa Cattolica - Per una cultura che nasce dalla Rivelazione cristiana in conformit\u00e0 alla tradizione e al Magistero della Chiesa in opposizione ad ogni relativismo e totalitarismo\",\"breadcrumb\":{\"@id\":\"https:\\\/\\\/www.rassegnastampa-totustuus.it\\\/cattolica\\\/dal-pci-alla-casa-dintolleranza\\\/#breadcrumb\"},\"inLanguage\":\"it-IT\",\"potentialAction\":[{\"@type\":\"ReadAction\",\"target\":[\"https:\\\/\\\/www.rassegnastampa-totustuus.it\\\/cattolica\\\/dal-pci-alla-casa-dintolleranza\\\/\"]}]},{\"@type\":\"ImageObject\",\"inLanguage\":\"it-IT\",\"@id\":\"https:\\\/\\\/www.rassegnastampa-totustuus.it\\\/cattolica\\\/dal-pci-alla-casa-dintolleranza\\\/#primaryimage\",\"url\":\"https:\\\/\\\/www.rassegnastampa-totustuus.it\\\/cattolica\\\/wp-content\\\/uploads\\\/2019\\\/11\\\/comunismo_Italia_pci.jpg\",\"contentUrl\":\"https:\\\/\\\/www.rassegnastampa-totustuus.it\\\/cattolica\\\/wp-content\\\/uploads\\\/2019\\\/11\\\/comunismo_Italia_pci.jpg\",\"width\":1920,\"height\":1080},{\"@type\":\"BreadcrumbList\",\"@id\":\"https:\\\/\\\/www.rassegnastampa-totustuus.it\\\/cattolica\\\/dal-pci-alla-casa-dintolleranza\\\/#breadcrumb\",\"itemListElement\":[{\"@type\":\"ListItem\",\"position\":1,\"name\":\"Home\",\"item\":\"https:\\\/\\\/www.rassegnastampa-totustuus.it\\\/cattolica\\\/\"},{\"@type\":\"ListItem\",\"position\":2,\"name\":\"Dal Pci alla Casa d\u2019Intolleranza\"}]},{\"@type\":\"WebSite\",\"@id\":\"https:\\\/\\\/www.rassegnastampa-totustuus.it\\\/cattolica\\\/#website\",\"url\":\"https:\\\/\\\/www.rassegnastampa-totustuus.it\\\/cattolica\\\/\",\"name\":\"Rassegna Stampa Cattolica\",\"description\":\"Per una cultura che nasce dalla Rivelazione cristiana in conformit\u00e0 alla tradizione e al Magistero della Chiesa in opposizione ad ogni relativismo e totalitarismo\",\"publisher\":{\"@id\":\"https:\\\/\\\/www.rassegnastampa-totustuus.it\\\/cattolica\\\/#organization\"},\"alternateName\":\"Rass. Cattolica\",\"potentialAction\":[{\"@type\":\"SearchAction\",\"target\":{\"@type\":\"EntryPoint\",\"urlTemplate\":\"https:\\\/\\\/www.rassegnastampa-totustuus.it\\\/cattolica\\\/?s={search_term_string}\"},\"query-input\":{\"@type\":\"PropertyValueSpecification\",\"valueRequired\":true,\"valueName\":\"search_term_string\"}}],\"inLanguage\":\"it-IT\"},{\"@type\":\"Organization\",\"@id\":\"https:\\\/\\\/www.rassegnastampa-totustuus.it\\\/cattolica\\\/#organization\",\"name\":\"Rassegna Stampa Cattolica\",\"url\":\"https:\\\/\\\/www.rassegnastampa-totustuus.it\\\/cattolica\\\/\",\"logo\":{\"@type\":\"ImageObject\",\"inLanguage\":\"it-IT\",\"@id\":\"https:\\\/\\\/www.rassegnastampa-totustuus.it\\\/cattolica\\\/#\\\/schema\\\/logo\\\/image\\\/\",\"url\":\"https:\\\/\\\/www.rassegnastampa-totustuus.it\\\/cattolica\\\/wp-content\\\/uploads\\\/2014\\\/04\\\/logo-rassegna1.gif\",\"contentUrl\":\"https:\\\/\\\/www.rassegnastampa-totustuus.it\\\/cattolica\\\/wp-content\\\/uploads\\\/2014\\\/04\\\/logo-rassegna1.gif\",\"width\":600,\"height\":163,\"caption\":\"Rassegna Stampa Cattolica\"},\"image\":{\"@id\":\"https:\\\/\\\/www.rassegnastampa-totustuus.it\\\/cattolica\\\/#\\\/schema\\\/logo\\\/image\\\/\"},\"sameAs\":[\"https:\\\/\\\/www.facebook.com\\\/rassegnastampacattolica\",\"https:\\\/\\\/x.com\\\/rassegnastampa9\"]},{\"@type\":\"Person\",\"@id\":\"https:\\\/\\\/www.rassegnastampa-totustuus.it\\\/cattolica\\\/#\\\/schema\\\/person\\\/08f319d2bd1a0904ad9e2bfb7b15e5c3\",\"name\":\"Redazione\",\"image\":{\"@type\":\"ImageObject\",\"inLanguage\":\"it-IT\",\"@id\":\"https:\\\/\\\/secure.gravatar.com\\\/avatar\\\/2fcdf27c78ea025fbdb44e914cc63c72249ffec9dc8aafd5c82b26240ef3f346?s=96&d=mm&r=g\",\"url\":\"https:\\\/\\\/secure.gravatar.com\\\/avatar\\\/2fcdf27c78ea025fbdb44e914cc63c72249ffec9dc8aafd5c82b26240ef3f346?s=96&d=mm&r=g\",\"contentUrl\":\"https:\\\/\\\/secure.gravatar.com\\\/avatar\\\/2fcdf27c78ea025fbdb44e914cc63c72249ffec9dc8aafd5c82b26240ef3f346?s=96&d=mm&r=g\",\"caption\":\"Redazione\"},\"url\":\"https:\\\/\\\/www.rassegnastampa-totustuus.it\\\/cattolica\\\/author\\\/pietroelle\\\/\"}]}<\/script>\n<!-- \/ Yoast SEO plugin. -->","yoast_head_json":{"title":"Dal Pci alla Casa d\u2019Intolleranza - Rassegna Stampa Cattolica","description":"Rassegna Stampa Cattolica - Per una cultura che nasce dalla Rivelazione cristiana in conformit\u00e0 alla tradizione e al Magistero della Chiesa in opposizione ad ogni relativismo e totalitarismo","robots":{"index":"index","follow":"follow","max-snippet":"max-snippet:-1","max-image-preview":"max-image-preview:large","max-video-preview":"max-video-preview:-1"},"canonical":"https:\/\/www.rassegnastampa-totustuus.it\/cattolica\/dal-pci-alla-casa-dintolleranza\/","og_locale":"it_IT","og_type":"article","og_title":"Dal Pci alla Casa d\u2019Intolleranza - Rassegna Stampa Cattolica","og_description":"Rassegna Stampa Cattolica - Per una cultura che nasce dalla Rivelazione cristiana in conformit\u00e0 alla tradizione e al Magistero della Chiesa in opposizione ad ogni relativismo e totalitarismo","og_url":"https:\/\/www.rassegnastampa-totustuus.it\/cattolica\/dal-pci-alla-casa-dintolleranza\/","og_site_name":"Rassegna Stampa Cattolica","article_publisher":"https:\/\/www.facebook.com\/rassegnastampacattolica","article_published_time":"2019-11-20T23:00:31+00:00","og_image":[{"width":1920,"height":1080,"url":"https:\/\/www.rassegnastampa-totustuus.it\/cattolica\/wp-content\/uploads\/2019\/11\/comunismo_Italia_pci.jpg","type":"image\/jpeg"}],"author":"Redazione","twitter_card":"summary_large_image","twitter_creator":"@rassegnastampa9","twitter_site":"@rassegnastampa9","twitter_misc":{"Scritto da":"Redazione","Tempo di lettura stimato":"4 minuti"},"schema":{"@context":"https:\/\/schema.org","@graph":[{"@type":"Article","@id":"https:\/\/www.rassegnastampa-totustuus.it\/cattolica\/dal-pci-alla-casa-dintolleranza\/#article","isPartOf":{"@id":"https:\/\/www.rassegnastampa-totustuus.it\/cattolica\/dal-pci-alla-casa-dintolleranza\/"},"author":{"name":"Redazione","@id":"https:\/\/www.rassegnastampa-totustuus.it\/cattolica\/#\/schema\/person\/08f319d2bd1a0904ad9e2bfb7b15e5c3"},"headline":"Dal Pci alla Casa d\u2019Intolleranza","datePublished":"2019-11-20T23:00:31+00:00","mainEntityOfPage":{"@id":"https:\/\/www.rassegnastampa-totustuus.it\/cattolica\/dal-pci-alla-casa-dintolleranza\/"},"wordCount":878,"publisher":{"@id":"https:\/\/www.rassegnastampa-totustuus.it\/cattolica\/#organization"},"image":{"@id":"https:\/\/www.rassegnastampa-totustuus.it\/cattolica\/dal-pci-alla-casa-dintolleranza\/#primaryimage"},"thumbnailUrl":"https:\/\/www.rassegnastampa-totustuus.it\/cattolica\/wp-content\/uploads\/2019\/11\/comunismo_Italia_pci.jpg","keywords":["comunismo in Italia","Pci","storia italiana"],"articleSection":["Comunismo in Italia","Storia italiana"],"inLanguage":"it-IT"},{"@type":"WebPage","@id":"https:\/\/www.rassegnastampa-totustuus.it\/cattolica\/dal-pci-alla-casa-dintolleranza\/","url":"https:\/\/www.rassegnastampa-totustuus.it\/cattolica\/dal-pci-alla-casa-dintolleranza\/","name":"Dal Pci alla Casa d\u2019Intolleranza - Rassegna Stampa Cattolica","isPartOf":{"@id":"https:\/\/www.rassegnastampa-totustuus.it\/cattolica\/#website"},"primaryImageOfPage":{"@id":"https:\/\/www.rassegnastampa-totustuus.it\/cattolica\/dal-pci-alla-casa-dintolleranza\/#primaryimage"},"image":{"@id":"https:\/\/www.rassegnastampa-totustuus.it\/cattolica\/dal-pci-alla-casa-dintolleranza\/#primaryimage"},"thumbnailUrl":"https:\/\/www.rassegnastampa-totustuus.it\/cattolica\/wp-content\/uploads\/2019\/11\/comunismo_Italia_pci.jpg","datePublished":"2019-11-20T23:00:31+00:00","description":"Rassegna Stampa Cattolica - Per una cultura che nasce dalla Rivelazione cristiana in conformit\u00e0 alla tradizione e al Magistero della Chiesa in opposizione ad ogni relativismo e totalitarismo","breadcrumb":{"@id":"https:\/\/www.rassegnastampa-totustuus.it\/cattolica\/dal-pci-alla-casa-dintolleranza\/#breadcrumb"},"inLanguage":"it-IT","potentialAction":[{"@type":"ReadAction","target":["https:\/\/www.rassegnastampa-totustuus.it\/cattolica\/dal-pci-alla-casa-dintolleranza\/"]}]},{"@type":"ImageObject","inLanguage":"it-IT","@id":"https:\/\/www.rassegnastampa-totustuus.it\/cattolica\/dal-pci-alla-casa-dintolleranza\/#primaryimage","url":"https:\/\/www.rassegnastampa-totustuus.it\/cattolica\/wp-content\/uploads\/2019\/11\/comunismo_Italia_pci.jpg","contentUrl":"https:\/\/www.rassegnastampa-totustuus.it\/cattolica\/wp-content\/uploads\/2019\/11\/comunismo_Italia_pci.jpg","width":1920,"height":1080},{"@type":"BreadcrumbList","@id":"https:\/\/www.rassegnastampa-totustuus.it\/cattolica\/dal-pci-alla-casa-dintolleranza\/#breadcrumb","itemListElement":[{"@type":"ListItem","position":1,"name":"Home","item":"https:\/\/www.rassegnastampa-totustuus.it\/cattolica\/"},{"@type":"ListItem","position":2,"name":"Dal Pci alla Casa d\u2019Intolleranza"}]},{"@type":"WebSite","@id":"https:\/\/www.rassegnastampa-totustuus.it\/cattolica\/#website","url":"https:\/\/www.rassegnastampa-totustuus.it\/cattolica\/","name":"Rassegna Stampa Cattolica","description":"Per una cultura che nasce dalla Rivelazione cristiana in conformit\u00e0 alla tradizione e al Magistero della Chiesa in opposizione ad ogni relativismo e totalitarismo","publisher":{"@id":"https:\/\/www.rassegnastampa-totustuus.it\/cattolica\/#organization"},"alternateName":"Rass. Cattolica","potentialAction":[{"@type":"SearchAction","target":{"@type":"EntryPoint","urlTemplate":"https:\/\/www.rassegnastampa-totustuus.it\/cattolica\/?s={search_term_string}"},"query-input":{"@type":"PropertyValueSpecification","valueRequired":true,"valueName":"search_term_string"}}],"inLanguage":"it-IT"},{"@type":"Organization","@id":"https:\/\/www.rassegnastampa-totustuus.it\/cattolica\/#organization","name":"Rassegna Stampa Cattolica","url":"https:\/\/www.rassegnastampa-totustuus.it\/cattolica\/","logo":{"@type":"ImageObject","inLanguage":"it-IT","@id":"https:\/\/www.rassegnastampa-totustuus.it\/cattolica\/#\/schema\/logo\/image\/","url":"https:\/\/www.rassegnastampa-totustuus.it\/cattolica\/wp-content\/uploads\/2014\/04\/logo-rassegna1.gif","contentUrl":"https:\/\/www.rassegnastampa-totustuus.it\/cattolica\/wp-content\/uploads\/2014\/04\/logo-rassegna1.gif","width":600,"height":163,"caption":"Rassegna Stampa Cattolica"},"image":{"@id":"https:\/\/www.rassegnastampa-totustuus.it\/cattolica\/#\/schema\/logo\/image\/"},"sameAs":["https:\/\/www.facebook.com\/rassegnastampacattolica","https:\/\/x.com\/rassegnastampa9"]},{"@type":"Person","@id":"https:\/\/www.rassegnastampa-totustuus.it\/cattolica\/#\/schema\/person\/08f319d2bd1a0904ad9e2bfb7b15e5c3","name":"Redazione","image":{"@type":"ImageObject","inLanguage":"it-IT","@id":"https:\/\/secure.gravatar.com\/avatar\/2fcdf27c78ea025fbdb44e914cc63c72249ffec9dc8aafd5c82b26240ef3f346?s=96&d=mm&r=g","url":"https:\/\/secure.gravatar.com\/avatar\/2fcdf27c78ea025fbdb44e914cc63c72249ffec9dc8aafd5c82b26240ef3f346?s=96&d=mm&r=g","contentUrl":"https:\/\/secure.gravatar.com\/avatar\/2fcdf27c78ea025fbdb44e914cc63c72249ffec9dc8aafd5c82b26240ef3f346?s=96&d=mm&r=g","caption":"Redazione"},"url":"https:\/\/www.rassegnastampa-totustuus.it\/cattolica\/author\/pietroelle\/"}]}},"_links":{"self":[{"href":"https:\/\/www.rassegnastampa-totustuus.it\/cattolica\/wp-json\/wp\/v2\/posts\/45208","targetHints":{"allow":["GET"]}}],"collection":[{"href":"https:\/\/www.rassegnastampa-totustuus.it\/cattolica\/wp-json\/wp\/v2\/posts"}],"about":[{"href":"https:\/\/www.rassegnastampa-totustuus.it\/cattolica\/wp-json\/wp\/v2\/types\/post"}],"author":[{"embeddable":true,"href":"https:\/\/www.rassegnastampa-totustuus.it\/cattolica\/wp-json\/wp\/v2\/users\/6"}],"replies":[{"embeddable":true,"href":"https:\/\/www.rassegnastampa-totustuus.it\/cattolica\/wp-json\/wp\/v2\/comments?post=45208"}],"version-history":[{"count":2,"href":"https:\/\/www.rassegnastampa-totustuus.it\/cattolica\/wp-json\/wp\/v2\/posts\/45208\/revisions"}],"predecessor-version":[{"id":45212,"href":"https:\/\/www.rassegnastampa-totustuus.it\/cattolica\/wp-json\/wp\/v2\/posts\/45208\/revisions\/45212"}],"wp:featuredmedia":[{"embeddable":true,"href":"https:\/\/www.rassegnastampa-totustuus.it\/cattolica\/wp-json\/wp\/v2\/media\/45209"}],"wp:attachment":[{"href":"https:\/\/www.rassegnastampa-totustuus.it\/cattolica\/wp-json\/wp\/v2\/media?parent=45208"}],"wp:term":[{"taxonomy":"category","embeddable":true,"href":"https:\/\/www.rassegnastampa-totustuus.it\/cattolica\/wp-json\/wp\/v2\/categories?post=45208"},{"taxonomy":"post_tag","embeddable":true,"href":"https:\/\/www.rassegnastampa-totustuus.it\/cattolica\/wp-json\/wp\/v2\/tags?post=45208"}],"curies":[{"name":"wp","href":"https:\/\/api.w.org\/{rel}","templated":true}]}}